{"id":173011,"date":"2020-11-16T05:46:31","date_gmt":"2020-11-16T04:46:31","guid":{"rendered":"https:\/\/www.radiopiu.net\/wordpress\/?p=173011"},"modified":"2020-11-16T06:00:49","modified_gmt":"2020-11-16T05:00:49","slug":"bloccati-dal-ghiaccio-e-recuperati-dal-soccorso-alpino","status":"publish","type":"post","link":"https:\/\/www.radiopiu.net\/wordpress\/bloccati-dal-ghiaccio-e-recuperati-dal-soccorso-alpino\/","title":{"rendered":"BLOCCATI DAL GHIACCIO E RECUPERATI DAL SOCCORSO ALPINO"},"content":{"rendered":"<p><strong><img loading=\"lazy\" decoding=\"async\" class=\"alignleft\" src=\"https:\/\/www.radiopiu.net\/wordpress\/wp-content\/uploads\/2020\/09\/salt_20200906_203057_384_resized.jpg\" width=\"198\" height=\"148\" \/>BORCA DI CADORE\u00a0<\/strong> Attorno alle 15 il Soccorso alpino della Val Fiorentina \u00e8 stato attivato per una coppia di escursionisti in difficolt\u00e0. I due, un trentaquattrenne e una ventisettenne di Montebelluna (TV), erano partiti dal Rifugio Citt\u00e0 di Fiume, avevano percorso il sentiero Flaibani e, pur senza ramponi, seguendo le tracce lasciate nella neve da una persona che li precedeva, erano arrivati in cima alla Val d&#8217;Arcia. Al momento di rientrare, per\u00f2, erano riusciti in qualche modo ad abbassarsi di quota, finch\u00e9 non erano arrivati in un punto totalmente ghiacciato e si erano bloccati vicino a un masso. Risaliti alla loro posizione grazie alle coordinate del luogo, i soccorritori li hanno individuati e raggiunti. Hanno dotato ciascuno dei due di ramponi, li hanno imbragati e assicurati con la corda per farli scendere di una cinquantina di metri e tornare sul terreno privo di neve. La squadra \u00e8 quindi tornata con la coppia al Citt\u00e0 di Fiume.<\/p>\n","protected":false},"excerpt":{"rendered":"<p>BORCA DI CADORE\u00a0 Attorno alle 15 il Soccorso alpino della Val Fiorentina \u00e8 stato attivato per una coppia di escursionisti in difficolt\u00e0. I due, un trentaquattrenne e una ventisettenne di Montebelluna (TV), erano partiti dal Rifugio Citt\u00e0 di Fiume, avevano percorso il sentiero Flaibani e, pur senza ramponi, seguendo le tracce lasciate nella neve da&hellip;<\/p>\n","protected":false},"author":4,"featured_media":159430,"comment_status":"closed","ping_status":"closed","sticky":false,"template":"","format":"standard","meta":{"_monsterinsights_skip_tracking":false,"_monsterinsights_sitenote_active":false,"_monsterinsights_sitenote_note":"","_monsterinsights_sitenote_category":0,"footnotes":""},"categories":[51,49],"tags":[],"class_list":["post-173011","post","type-post","status-publish","format-standard","has-post-thumbnail","hentry","category-evidenza-top","category-news-18","category-51","category-49","description-off"],"img_url":"https:\/\/www.radiopiu.net\/wordpress\/wp-content\/uploads\/2020\/09\/salt_20200906_203057_384_resized.jpg","_links":{"self":[{"href":"https:\/\/www.radiopiu.net\/wordpress\/wp-json\/wp\/v2\/posts\/173011","targetHints":{"allow":["GET"]}}],"collection":[{"href":"https:\/\/www.radiopiu.net\/wordpress\/wp-json\/wp\/v2\/posts"}],"about":[{"href":"https:\/\/www.radiopiu.net\/wordpress\/wp-json\/wp\/v2\/types\/post"}],"author":[{"embeddable":true,"href":"https:\/\/www.radiopiu.net\/wordpress\/wp-json\/wp\/v2\/users\/4"}],"replies":[{"embeddable":true,"href":"https:\/\/www.radiopiu.net\/wordpress\/wp-json\/wp\/v2\/comments?post=173011"}],"version-history":[{"count":0,"href":"https:\/\/www.radiopiu.net\/wordpress\/wp-json\/wp\/v2\/posts\/173011\/revisions"}],"wp:featuredmedia":[{"embeddable":true,"href":"https:\/\/www.radiopiu.net\/wordpress\/wp-json\/wp\/v2\/media\/159430"}],"wp:attachment":[{"href":"https:\/\/www.radiopiu.net\/wordpress\/wp-json\/wp\/v2\/media?parent=173011"}],"wp:term":[{"taxonomy":"category","embeddable":true,"href":"https:\/\/www.radiopiu.net\/wordpress\/wp-json\/wp\/v2\/categories?post=173011"},{"taxonomy":"post_tag","embeddable":true,"href":"https:\/\/www.radiopiu.net\/wordpress\/wp-json\/wp\/v2\/tags?post=173011"}],"curies":[{"name":"wp","href":"https:\/\/api.w.org\/{rel}","templated":true}]}}