{"id":173198,"date":"2020-11-16T16:30:48","date_gmt":"2020-11-16T15:30:48","guid":{"rendered":"https:\/\/www.radiopiu.net\/wordpress\/?p=173198"},"modified":"2020-11-16T16:36:05","modified_gmt":"2020-11-16T15:36:05","slug":"installato-dal-radioclub-belluno-il-ponte-radio-del-gruppo-comunale-di-protezione-civile","status":"publish","type":"post","link":"https:\/\/www.radiopiu.net\/wordpress\/installato-dal-radioclub-belluno-il-ponte-radio-del-gruppo-comunale-di-protezione-civile\/","title":{"rendered":"INSTALLATO DAL RADIOCLUB BELLUNO IL PONTE RADIO DEL GRUPPO COMUNALE DI PROTEZIONE CIVILE"},"content":{"rendered":"<p><strong><a href=\"https:\/\/www.radiopiu.net\/wordpress\/installato-dal-radioclub-belluno-il-ponte-radio-del-gruppo-comunale-di-protezione-civile\/mlp_20201108_mlpj0242\/\" rel=\"attachment wp-att-173199\"><img loading=\"lazy\" decoding=\"async\" class=\"size-medium wp-image-173199 alignleft\" src=\"https:\/\/www.radiopiu.net\/wordpress\/wp-content\/uploads\/2020\/11\/MLp_20201108_MLPJ0242-300x200.jpg\" alt=\"\" width=\"300\" height=\"200\" srcset=\"https:\/\/www.radiopiu.net\/wordpress\/wp-content\/uploads\/2020\/11\/MLp_20201108_MLPJ0242-300x200.jpg 300w, https:\/\/www.radiopiu.net\/wordpress\/wp-content\/uploads\/2020\/11\/MLp_20201108_MLPJ0242-1024x682.jpg 1024w, https:\/\/www.radiopiu.net\/wordpress\/wp-content\/uploads\/2020\/11\/MLp_20201108_MLPJ0242-768x512.jpg 768w, https:\/\/www.radiopiu.net\/wordpress\/wp-content\/uploads\/2020\/11\/MLp_20201108_MLPJ0242-1536x1024.jpg 1536w, https:\/\/www.radiopiu.net\/wordpress\/wp-content\/uploads\/2020\/11\/MLp_20201108_MLPJ0242.jpg 2000w\" sizes=\"auto, (max-width: 300px) 100vw, 300px\" \/><\/a>BELLUNO<\/strong>\u00a0Il ponte radio del Gruppo Comunale di Protezione Civile di Belluno \u00e8 stato installato sul col Faverghera a 1630 metri sul livello del mare. Artefici del particolare intervento sono stati i volontari del RadioClub Belluno N.O.R.E. che, grazie alla convenzione in essere con il comune capoluogo, hanno provveduto a spostare l\u2019attrezzatura dalla sede di via Marisiga alle alte quote del Nevegal. Scopo primario dell\u2019operazione svolta domenica 8 novembre \u00e8 quella di garantire una migliore copertura radio sull\u2019articolato territorio comunale. Il sistema di trasmissione radio \u00e8 di fondamentale importanza per il gruppo comunale di Protezione Civile, perch\u00e9 permette loro di comunicare nell\u2019immediato e soprattutto nell&#8217;emergenza. \u00ab<em>Quella in Faverghera \u00e8 una postazione tra le pi\u00f9 importanti della rete\u00bb, commenta il Coordinatore Operativo del N.O.R.E. Luca Salvador, \u00abperch\u00e9 serve in modo strutturale tutta la vallata bellunese e non solo, allo stesso tempo \u00e8 strutturalmente autonoma dal punto di vista energetico, anche in caso di calamit\u00e0 naturali o esigenze particolari. Da questo possiamo dedurre che \u00e8 il punto strategico pi\u00f9 idoneo a servire una rete comunale importante, come quella del comune di Belluno. Come ben abbiamo imparato dalle recenti calamit\u00e0 naturali, fino a quando tutto va bene, non ci poniamo nessun problema comunicativo, ma quando c\u2019\u00e8 un\u2019emergenza, l\u2019attrezzatura e soprattutto la rete, come \u00e8 stata studiata, diventano di vitale importanza<\/em>\u00bb. L\u2019operazione \u00e8 stata impegnativa per la particolarit\u00e0 dell\u2019intervento che prevedeva l\u2019installazione di antenne radio a un\u2019altezza di circa 30 metri da terra. \u00ab<em>Sono situazioni di intervento particolari\u00bb, racconta il presidente del RadioClub Elvi Lucchet, \u00abma come volontari siamo formati, nello specifico, per queste operazioni. E\u2019 intervenuta una squadra composta da due persone che sono salite sul traliccio in quanto formate per lavori in quota con DPI di terza categoria. L\u2019altra squadra composta da altri tre volontari hanno operato da terra, facendo assistenza per il materiale da installare nel traliccio e soprattutto installando il ponte radio nell\u2019apposito rack all\u2019interno della postazione. Ovviamente ognuno di noi ha delle competenze specifiche per poter intervenire in impianti radio e a contatto con l\u2019elettricit\u00e0. Il nostro scopo associativo \u00e8 anche questo, ovvero aiutare gli enti in quelle operazioni di progettazione, installazione, manutenzione o \u201csmontaggio\u201d di tutto quello che riguarda il settore delle comunicazioni radio. Questo accade grazie anche alle convenzioni che vengono sottoscritte tra noi e gli stessi enti<\/em>\u00bb. Convenzioni che dopo \u201cVaia&#8221; si stanno rafforzando sempre pi\u00f9, in quanto si \u00e8 potuto scoprire l\u2019importanza delle comunicazioni radio in emergenza quando, purtroppo proprio le abitudini quotidiane di comunicare con i cellulari sono venute a mancare. \u00ab<em>Le calamit\u00e0 naturali che hanno colpito il nostro territorio hanno evidenziato carenze di comunicazione alle quali non eravamo abituati con l\u2019avvento della tecnologia\u00bb, prosegue il tecnico del RadioClub Nicola Pison, \u00abma allo stesso tempo ci hanno permesso di progettare nuove reti e ristrutturare tecnologicamente quelle esistenti<\/em>\u00bb. Il RadioClub Belluno N.O.R.E. \u00e8 un\u2019associazione di Protezione Civile con oltre quarant\u2019anni di esperienza nel campo delle telecomunicazioni. Per chi fosse interessato a conoscerla \u00e8 possibile consultare il sito internet\u00a0<a href=\"http:\/\/www.radioclubbelluno.it\/\">www.radioclubbelluno.it<\/a>\u00a0oppure la pagina\u00a0<a href=\"http:\/\/facebook.com\/RadioClubBelluno\">Facebook.com\/RadioClubBelluno<\/a>.<\/p>\n\n\t\t\t<style type='text\/css'>\n\t\t\t\t#gallery-1 {\n\t\t\t\t\tmargin: auto;\n\t\t\t\t}\n\t\t\t\t#gallery-1 .gallery-item {\n\t\t\t\t\tfloat: left;\n\t\t\t\t\tmargin-top: 10px;\n\t\t\t\t\ttext-align: center;\n\t\t\t\t\twidth: 33%;\n\t\t\t\t}\n\t\t\t\t#gallery-1 img {\n\t\t\t\t\tborder: 2px solid #cfcfcf;\n\t\t\t\t}\n\t\t\t\t#gallery-1 .gallery-caption {\n\t\t\t\t\tmargin-left: 0;\n\t\t\t\t}\n\t\t\t\t\/* see gallery_shortcode() in wp-includes\/media.php *\/\n\t\t\t<\/style>\n\t\t<div id='gallery-1' class='dt-gallery-container gallery galleryid-173198 gallery-columns-3 gallery-size-medium'><dl class='gallery-item'>\n\t\t\t\t<dt class='gallery-icon landscape'>\n\t\t\t\t\t<a class=\"rollover rollover-zoom dt-pswp-item\" title=\"MLp_20201108_MLPJ0206\" data-dt-img-description=\"\" data-large_image_width=\"2000\" data-large_image_height=\"1333\"href='https:\/\/www.radiopiu.net\/wordpress\/wp-content\/uploads\/2020\/11\/MLp_20201108_MLPJ0206.jpg'><img loading=\"lazy\" decoding=\"async\" width=\"300\" height=\"200\" src=\"https:\/\/www.radiopiu.net\/wordpress\/wp-content\/uploads\/2020\/11\/MLp_20201108_MLPJ0206-300x200.jpg\" class=\"attachment-medium size-medium\" alt=\"\" srcset=\"https:\/\/www.radiopiu.net\/wordpress\/wp-content\/uploads\/2020\/11\/MLp_20201108_MLPJ0206-300x200.jpg 300w, https:\/\/www.radiopiu.net\/wordpress\/wp-content\/uploads\/2020\/11\/MLp_20201108_MLPJ0206-1024x682.jpg 1024w, https:\/\/www.radiopiu.net\/wordpress\/wp-content\/uploads\/2020\/11\/MLp_20201108_MLPJ0206-768x512.jpg 768w, https:\/\/www.radiopiu.net\/wordpress\/wp-content\/uploads\/2020\/11\/MLp_20201108_MLPJ0206-1536x1024.jpg 1536w, https:\/\/www.radiopiu.net\/wordpress\/wp-content\/uploads\/2020\/11\/MLp_20201108_MLPJ0206.jpg 2000w\" sizes=\"auto, (max-width: 300px) 100vw, 300px\" \/><\/a>\n\t\t\t\t<\/dt><\/dl><dl class='gallery-item'>\n\t\t\t\t<dt class='gallery-icon landscape'>\n\t\t\t\t\t<a class=\"rollover rollover-zoom dt-pswp-item\" title=\"MLp_20201108_MLPJ0197\" data-dt-img-description=\"\" data-large_image_width=\"2000\" data-large_image_height=\"1333\"href='https:\/\/www.radiopiu.net\/wordpress\/wp-content\/uploads\/2020\/11\/MLp_20201108_MLPJ0197.jpg'><img loading=\"lazy\" decoding=\"async\" width=\"300\" height=\"200\" src=\"https:\/\/www.radiopiu.net\/wordpress\/wp-content\/uploads\/2020\/11\/MLp_20201108_MLPJ0197-300x200.jpg\" class=\"attachment-medium size-medium\" alt=\"\" srcset=\"https:\/\/www.radiopiu.net\/wordpress\/wp-content\/uploads\/2020\/11\/MLp_20201108_MLPJ0197-300x200.jpg 300w, https:\/\/www.radiopiu.net\/wordpress\/wp-content\/uploads\/2020\/11\/MLp_20201108_MLPJ0197-1024x682.jpg 1024w, https:\/\/www.radiopiu.net\/wordpress\/wp-content\/uploads\/2020\/11\/MLp_20201108_MLPJ0197-768x512.jpg 768w, https:\/\/www.radiopiu.net\/wordpress\/wp-content\/uploads\/2020\/11\/MLp_20201108_MLPJ0197-1536x1024.jpg 1536w, https:\/\/www.radiopiu.net\/wordpress\/wp-content\/uploads\/2020\/11\/MLp_20201108_MLPJ0197.jpg 2000w\" sizes=\"auto, (max-width: 300px) 100vw, 300px\" \/><\/a>\n\t\t\t\t<\/dt><\/dl><dl class='gallery-item'>\n\t\t\t\t<dt class='gallery-icon landscape'>\n\t\t\t\t\t<a class=\"rollover rollover-zoom dt-pswp-item\" title=\"MLp_20201108_DJI_0940\" data-dt-img-description=\"\" data-large_image_width=\"2000\" data-large_image_height=\"1124\"href='https:\/\/www.radiopiu.net\/wordpress\/wp-content\/uploads\/2020\/11\/MLp_20201108_DJI_0940.jpg'><img loading=\"lazy\" decoding=\"async\" width=\"300\" height=\"169\" src=\"https:\/\/www.radiopiu.net\/wordpress\/wp-content\/uploads\/2020\/11\/MLp_20201108_DJI_0940-300x169.jpg\" class=\"attachment-medium size-medium\" alt=\"\" srcset=\"https:\/\/www.radiopiu.net\/wordpress\/wp-content\/uploads\/2020\/11\/MLp_20201108_DJI_0940-300x169.jpg 300w, https:\/\/www.radiopiu.net\/wordpress\/wp-content\/uploads\/2020\/11\/MLp_20201108_DJI_0940-1024x575.jpg 1024w, https:\/\/www.radiopiu.net\/wordpress\/wp-content\/uploads\/2020\/11\/MLp_20201108_DJI_0940-768x432.jpg 768w, https:\/\/www.radiopiu.net\/wordpress\/wp-content\/uploads\/2020\/11\/MLp_20201108_DJI_0940-1536x863.jpg 1536w, https:\/\/www.radiopiu.net\/wordpress\/wp-content\/uploads\/2020\/11\/MLp_20201108_DJI_0940.jpg 2000w\" sizes=\"auto, (max-width: 300px) 100vw, 300px\" \/><\/a>\n\t\t\t\t<\/dt><\/dl><br style=\"clear: both\" \/>\n\t\t\t<\/div>\n\n<p>&nbsp;<\/p>\n","protected":false},"excerpt":{"rendered":"<p>BELLUNO\u00a0Il ponte radio del Gruppo Comunale di Protezione Civile di Belluno \u00e8 stato installato sul col Faverghera a 1630 metri sul livello del mare. Artefici del particolare intervento sono stati i volontari del RadioClub Belluno N.O.R.E. che, grazie alla convenzione in essere con il comune capoluogo, hanno provveduto a spostare l\u2019attrezzatura dalla sede di via&hellip;<\/p>\n","protected":false},"author":4,"featured_media":173199,"comment_status":"closed","ping_status":"closed","sticky":false,"template":"","format":"standard","meta":{"_monsterinsights_skip_tracking":false,"_monsterinsights_sitenote_active":false,"_monsterinsights_sitenote_note":"","_monsterinsights_sitenote_category":0,"footnotes":""},"categories":[49],"tags":[],"class_list":["post-173198","post","type-post","status-publish","format-standard","has-post-thumbnail","hentry","category-news-18","category-49","description-off"],"img_url":"https:\/\/www.radiopiu.net\/wordpress\/wp-content\/uploads\/2020\/11\/MLp_20201108_MLPJ0242.jpg","_links":{"self":[{"href":"https:\/\/www.radiopiu.net\/wordpress\/wp-json\/wp\/v2\/posts\/173198","targetHints":{"allow":["GET"]}}],"collection":[{"href":"https:\/\/www.radiopiu.net\/wordpress\/wp-json\/wp\/v2\/posts"}],"about":[{"href":"https:\/\/www.radiopiu.net\/wordpress\/wp-json\/wp\/v2\/types\/post"}],"author":[{"embeddable":true,"href":"https:\/\/www.radiopiu.net\/wordpress\/wp-json\/wp\/v2\/users\/4"}],"replies":[{"embeddable":true,"href":"https:\/\/www.radiopiu.net\/wordpress\/wp-json\/wp\/v2\/comments?post=173198"}],"version-history":[{"count":0,"href":"https:\/\/www.radiopiu.net\/wordpress\/wp-json\/wp\/v2\/posts\/173198\/revisions"}],"wp:featuredmedia":[{"embeddable":true,"href":"https:\/\/www.radiopiu.net\/wordpress\/wp-json\/wp\/v2\/media\/173199"}],"wp:attachment":[{"href":"https:\/\/www.radiopiu.net\/wordpress\/wp-json\/wp\/v2\/media?parent=173198"}],"wp:term":[{"taxonomy":"category","embeddable":true,"href":"https:\/\/www.radiopiu.net\/wordpress\/wp-json\/wp\/v2\/categories?post=173198"},{"taxonomy":"post_tag","embeddable":true,"href":"https:\/\/www.radiopiu.net\/wordpress\/wp-json\/wp\/v2\/tags?post=173198"}],"curies":[{"name":"wp","href":"https:\/\/api.w.org\/{rel}","templated":true}]}}