{"id":173213,"date":"2020-11-16T17:26:13","date_gmt":"2020-11-16T16:26:13","guid":{"rendered":"https:\/\/www.radiopiu.net\/wordpress\/?p=173213"},"modified":"2020-11-16T17:26:13","modified_gmt":"2020-11-16T16:26:13","slug":"mercati-settimanali-del-martedi-e-del-venerdi-da-domani-nuove-misure-a-salvaguardia-di-operatori-e-cittadini-e-intensificazione-dei-controlli","status":"publish","type":"post","link":"https:\/\/www.radiopiu.net\/wordpress\/mercati-settimanali-del-martedi-e-del-venerdi-da-domani-nuove-misure-a-salvaguardia-di-operatori-e-cittadini-e-intensificazione-dei-controlli\/","title":{"rendered":"MERCATI SETTIMANALI DEL MARTED\u00cc E DEL VENERD\u00cc: DA DOMANI NUOVE MISURE A SALVAGUARDIA DI OPERATORI E CITTADINI E INTENSIFICAZIONE DEI CONTROLLI"},"content":{"rendered":"<div>\n<p class=\"Standard\"><strong><a href=\"https:\/\/www.radiopiu.net\/wordpress\/ritorna-il-mercato-completo-a-feltre\/mercato-frutta\/\" rel=\"attachment wp-att-138675\"><img loading=\"lazy\" decoding=\"async\" class=\"size-medium wp-image-138675 alignleft\" src=\"https:\/\/www.radiopiu.net\/wordpress\/wp-content\/uploads\/2020\/05\/MERCATO-FRUTTA-300x200.jpg\" alt=\"\" width=\"300\" height=\"200\" srcset=\"https:\/\/www.radiopiu.net\/wordpress\/wp-content\/uploads\/2020\/05\/MERCATO-FRUTTA-300x200.jpg 300w, https:\/\/www.radiopiu.net\/wordpress\/wp-content\/uploads\/2020\/05\/MERCATO-FRUTTA-1024x683.jpg 1024w, https:\/\/www.radiopiu.net\/wordpress\/wp-content\/uploads\/2020\/05\/MERCATO-FRUTTA-768x512.jpg 768w, https:\/\/www.radiopiu.net\/wordpress\/wp-content\/uploads\/2020\/05\/MERCATO-FRUTTA-1536x1024.jpg 1536w, https:\/\/www.radiopiu.net\/wordpress\/wp-content\/uploads\/2020\/05\/MERCATO-FRUTTA.jpg 1920w\" sizes=\"auto, (max-width: 300px) 100vw, 300px\" \/><\/a>FELTRE\u00a0<\/strong>Il mercato settimanale di Campo Giorgio si conferma sulla base del piano gi\u00e0 sperimentato e gi\u00e0 coerente con le ultime normative per rispondere alle pi\u00f9 stringenti esigenze di contenere la diffusione del virus. In particolare, a partire da domani: sono stati verificati gli spazi per garantire il massimo rispetto delle distanze tra i banchi; saranno apposti dei cartelli con il richiamo alle pratiche da adottare da parte degli utenti (utilizzo della mascherina, rispetto del distanziamento e igienizzazione delle mani) ai principali punti d\u2019accesso del mercato; riprender\u00e0 l\u2019attivit\u00e0 di sorveglianza, unitamente agli agenti della Polizia Locale, da parte dei volontari dell\u2019Associazione Carabinieri in congedo. \u201c<em>L\u2019Amministrazione Comunale, anche al fine di garantire un\u2019attivit\u00e0 economica tanto importante per i commercianti ambulanti, quanto apprezzata dalla cittadinanza, ha messo in atto tutte le misure idonee a garantire il pieno rispetto delle norme in essere. Chiediamo massima collaborazione e attenzione anche da parte dei commercianti per quanto attiene all\u2019applicazione delle misure che devono adottare (cartelli ben esposti, spazi adeguatamente segnalati davanti al proprio banco in maniera da garantire un corretto flusso da parte della clientela sia in salita che in discesa, utilizzo costante della mascherina, \u2026) e, naturalmente, anche da parte degli utenti\u201d commenta l\u2019assessore al commercio e alle attivit\u00e0 produttive Irma Visalli. \u201cIn questa fase pi\u00f9 che mai, conclude Visalli, \u00e8 necessario il massimo impegno e la completa collaborazione da parte di tutti, affinch\u00e9 eventuali comportamenti irresponsabili da parte di singoli non mettano a rischio la continuit\u00e0 del mercato e la sua utilit\u00e0 per tutti, operatori e cittadini<\/em>\u201d.<\/p>\n<\/div>\n","protected":false},"excerpt":{"rendered":"<p>FELTRE\u00a0Il mercato settimanale di Campo Giorgio si conferma sulla base del piano gi\u00e0 sperimentato e gi\u00e0 coerente con le ultime normative per rispondere alle pi\u00f9 stringenti esigenze di contenere la diffusione del virus. In particolare, a partire da domani: sono stati verificati gli spazi per garantire il massimo rispetto delle distanze tra i banchi; saranno&hellip;<\/p>\n","protected":false},"author":4,"featured_media":138675,"comment_status":"closed","ping_status":"closed","sticky":false,"template":"","format":"standard","meta":{"_monsterinsights_skip_tracking":false,"_monsterinsights_sitenote_active":false,"_monsterinsights_sitenote_note":"","_monsterinsights_sitenote_category":0,"footnotes":""},"categories":[49],"tags":[],"class_list":["post-173213","post","type-post","status-publish","format-standard","has-post-thumbnail","hentry","category-news-18","category-49","description-off"],"img_url":"https:\/\/www.radiopiu.net\/wordpress\/wp-content\/uploads\/2020\/05\/MERCATO-FRUTTA.jpg","_links":{"self":[{"href":"https:\/\/www.radiopiu.net\/wordpress\/wp-json\/wp\/v2\/posts\/173213","targetHints":{"allow":["GET"]}}],"collection":[{"href":"https:\/\/www.radiopiu.net\/wordpress\/wp-json\/wp\/v2\/posts"}],"about":[{"href":"https:\/\/www.radiopiu.net\/wordpress\/wp-json\/wp\/v2\/types\/post"}],"author":[{"embeddable":true,"href":"https:\/\/www.radiopiu.net\/wordpress\/wp-json\/wp\/v2\/users\/4"}],"replies":[{"embeddable":true,"href":"https:\/\/www.radiopiu.net\/wordpress\/wp-json\/wp\/v2\/comments?post=173213"}],"version-history":[{"count":0,"href":"https:\/\/www.radiopiu.net\/wordpress\/wp-json\/wp\/v2\/posts\/173213\/revisions"}],"wp:featuredmedia":[{"embeddable":true,"href":"https:\/\/www.radiopiu.net\/wordpress\/wp-json\/wp\/v2\/media\/138675"}],"wp:attachment":[{"href":"https:\/\/www.radiopiu.net\/wordpress\/wp-json\/wp\/v2\/media?parent=173213"}],"wp:term":[{"taxonomy":"category","embeddable":true,"href":"https:\/\/www.radiopiu.net\/wordpress\/wp-json\/wp\/v2\/categories?post=173213"},{"taxonomy":"post_tag","embeddable":true,"href":"https:\/\/www.radiopiu.net\/wordpress\/wp-json\/wp\/v2\/tags?post=173213"}],"curies":[{"name":"wp","href":"https:\/\/api.w.org\/{rel}","templated":true}]}}