{"id":173280,"date":"2020-11-17T08:49:43","date_gmt":"2020-11-17T07:49:43","guid":{"rendered":"https:\/\/www.radiopiu.net\/wordpress\/?p=173280"},"modified":"2020-11-17T08:49:43","modified_gmt":"2020-11-17T07:49:43","slug":"dolomiti-unesco-lo-studio-per-una-gestione-degli-accessi-nei-luoghi-piu-affollati","status":"publish","type":"post","link":"https:\/\/www.radiopiu.net\/wordpress\/dolomiti-unesco-lo-studio-per-una-gestione-degli-accessi-nei-luoghi-piu-affollati\/","title":{"rendered":"Dolomiti UNESCO: lo Studio per una gestione degli accessi nei luoghi pi\u00f9 affollati"},"content":{"rendered":"<div dir=\"auto\" aria-hidden=\"true\">\n<blockquote><p>&nbsp;<\/p>\n<p>Uno Studio della Fondazione Dolomiti UNESCO e dell\u2019Universit\u00e0 Ca\u2019 Foscari di Venezia. Negli hotspot \u201cLago di Braies\u201d e \u201cTre Cime di Lavaredo\u201d superata la capacit\u00e0 di carico. Dallo Studio i consigli per la gestione degli accessi.<\/p><\/blockquote>\n<blockquote><p><span style=\"font-family: Arial;\">Nel territorio delle Dolomiti Patrimonio Mondiale UNESCO vi sono alcuni hotspot, punti di particolare attrazione per i visitatori che portano ad un eccessivo carico su queste aree, come quelle del Lago di Braies e delle Tre Cime di Lavaredo. Sovraffollamento generalizzato, code e chiasso impattano sull&#8217;ambiente e sulla qualit\u00e0 della visita e della vita delle comunit\u00e0 locali. Il limite della capacit\u00e0 di carico su queste due zone, prese in esame quali aree pilota, \u00e8 il tema centrale su cui si impernia lo studio innovativo della Fondazione Dolomiti UNESCO e del Dipartimento di Economia dell\u2019Universit\u00e0 Ca\u2019 Foscari di Venezia, presentatodal professor Jan Van der Borg, responsabile del team di ricerca internazionale insieme al presidente della Fondazione Dolomiti UNESCO Mario Tonina e all&#8217;assessora della Provincia aut. di Bolzano &#8211; Alto Adige Maria Hochgruber Kuenzer .<\/span><\/p><\/blockquote>\n<p align=\"JUSTIFY\"><span style=\"font-family: Arial Narrow, serif;\"><span style=\"font-size: small;\">Obiettivo dello studio \u00e8 promuovere una gestione pi\u00f9 sostenibile dei flussi di visitatori nel rispetto dell\u2019ambiente, nonch\u00e9 della sostenibilit\u00e0 economica e sociale. Lo studio sar\u00e0 portato a termine entro la fine del 2020. &#8220;La Fondazione Dolomiti UNESCO ha compiuto il primo passo, ora spetta agli amministratori delle rispettive aree agire e compiere le scelte politiche&#8221;, afferma il presidente della Fondazione, <\/span><\/span><span style=\"font-family: Arial Narrow, serif;\"><span style=\"font-size: small;\"><b>Mario Tonina<\/b><\/span><\/span><span style=\"font-family: Arial Narrow, serif;\"><span style=\"font-size: small;\">, assessore e vicepresidente della Provincia aut. di Trento. &#8220;Abbiamo la responsabilit\u00e0 di mantenere l&#8217;ecosistema e anche la possibilit\u00e0 di trovarvi ristoro, ma non dobbiamo dimenticare gli abitanti che sono coloro che mantengono i paesaggi di queste aree e che in queste aree devono mantenere la propria identit\u00e0&#8221;, fa presente l&#8217;assessora allo sviluppo del territorio e paesaggio della Provincia aut. di Bolzano &#8211; Alto Adige, e membro del Consiglio d&#8217;Amministrazione della Fondazione, <\/span><\/span><span style=\"font-family: Arial Narrow, serif;\"><span style=\"font-size: small;\"><b>Maria Hochgruber Kuenzer<\/b><\/span><\/span><span style=\"font-family: Arial Narrow, serif;\"><span style=\"font-size: small;\">.<\/span><\/span><\/p>\n<\/div>\n\n\t\t\t<style type='text\/css'>\n\t\t\t\t#gallery-1 {\n\t\t\t\t\tmargin: auto;\n\t\t\t\t}\n\t\t\t\t#gallery-1 .gallery-item {\n\t\t\t\t\tfloat: left;\n\t\t\t\t\tmargin-top: 10px;\n\t\t\t\t\ttext-align: center;\n\t\t\t\t\twidth: 25%;\n\t\t\t\t}\n\t\t\t\t#gallery-1 img {\n\t\t\t\t\tborder: 2px solid #cfcfcf;\n\t\t\t\t}\n\t\t\t\t#gallery-1 .gallery-caption {\n\t\t\t\t\tmargin-left: 0;\n\t\t\t\t}\n\t\t\t\t\/* see gallery_shortcode() in wp-includes\/media.php *\/\n\t\t\t<\/style>\n\t\t<div id='gallery-1' class='dt-gallery-container gallery galleryid-173280 gallery-columns-4 gallery-size-thumbnail'><dl class='gallery-item'>\n\t\t\t\t<dt class='gallery-icon landscape'>\n\t\t\t\t\t<a class=\"rollover rollover-zoom dt-pswp-item\" title=\"Lago-di-Braies_ph.ASPParchi naturali-Josef Hackhofer\" data-dt-img-description=\"\" data-large_image_width=\"1732\" data-large_image_height=\"1154\"href='https:\/\/www.radiopiu.net\/wordpress\/wp-content\/uploads\/2020\/11\/Lago-di-Braies_ph.ASPParchi-naturali-Josef-Hackhofer.jpg'><img loading=\"lazy\" decoding=\"async\" width=\"150\" height=\"150\" src=\"https:\/\/www.radiopiu.net\/wordpress\/wp-content\/uploads\/2020\/11\/Lago-di-Braies_ph.ASPParchi-naturali-Josef-Hackhofer-150x150.jpg\" class=\"attachment-thumbnail size-thumbnail\" alt=\"\" \/><\/a>\n\t\t\t\t<\/dt><\/dl><dl class='gallery-item'>\n\t\t\t\t<dt class='gallery-icon landscape'>\n\t\t\t\t\t<a class=\"rollover rollover-zoom dt-pswp-item\" title=\"Misurina_ph.MorenoGeremetta\" data-dt-img-description=\"\" data-large_image_width=\"1440\" data-large_image_height=\"1080\"href='https:\/\/www.radiopiu.net\/wordpress\/wp-content\/uploads\/2020\/11\/Misurina_ph.MorenoGeremetta.jpg'><img loading=\"lazy\" decoding=\"async\" width=\"150\" height=\"150\" src=\"https:\/\/www.radiopiu.net\/wordpress\/wp-content\/uploads\/2020\/11\/Misurina_ph.MorenoGeremetta-150x150.jpg\" class=\"attachment-thumbnail size-thumbnail\" alt=\"\" \/><\/a>\n\t\t\t\t<\/dt><\/dl><dl class='gallery-item'>\n\t\t\t\t<dt class='gallery-icon landscape'>\n\t\t\t\t\t<a class=\"rollover rollover-zoom dt-pswp-item\" title=\"Tre-Cime-di-Lavaredo_ph.MorenoGeremetta\" data-dt-img-description=\"\" data-large_image_width=\"1885\" data-large_image_height=\"1060\"href='https:\/\/www.radiopiu.net\/wordpress\/wp-content\/uploads\/2020\/11\/Tre-Cime-di-Lavaredo_ph.MorenoGeremetta.jpg'><img loading=\"lazy\" decoding=\"async\" width=\"150\" height=\"150\" src=\"https:\/\/www.radiopiu.net\/wordpress\/wp-content\/uploads\/2020\/11\/Tre-Cime-di-Lavaredo_ph.MorenoGeremetta-150x150.jpg\" class=\"attachment-thumbnail size-thumbnail\" alt=\"\" \/><\/a>\n\t\t\t\t<\/dt><\/dl><dl class='gallery-item'>\n\t\t\t\t<dt class='gallery-icon landscape'>\n\t\t\t\t\t<a class=\"rollover rollover-zoom dt-pswp-item\" title=\"Tre-Cime-diLavaredo_Ph.ASPParchi naturaliJosef Hackhofer\" data-dt-img-description=\"\" data-large_image_width=\"1732\" data-large_image_height=\"1154\"href='https:\/\/www.radiopiu.net\/wordpress\/wp-content\/uploads\/2020\/11\/Tre-Cime-diLavaredo_Ph.ASPParchi-naturaliJosef-Hackhofer.jpg'><img loading=\"lazy\" decoding=\"async\" width=\"150\" height=\"150\" src=\"https:\/\/www.radiopiu.net\/wordpress\/wp-content\/uploads\/2020\/11\/Tre-Cime-diLavaredo_Ph.ASPParchi-naturaliJosef-Hackhofer-150x150.jpg\" class=\"attachment-thumbnail size-thumbnail\" alt=\"\" \/><\/a>\n\t\t\t\t<\/dt><\/dl><br style=\"clear: both\" \/>\n\t\t\t<\/div>\n\n<div dir=\"auto\" aria-hidden=\"true\"><\/div>\n<div dir=\"auto\" aria-hidden=\"true\"><\/div>\n<div dir=\"auto\" aria-hidden=\"true\"><\/div>\n","protected":false},"excerpt":{"rendered":"<p>&nbsp; Uno Studio della Fondazione Dolomiti UNESCO e dell\u2019Universit\u00e0 Ca\u2019 Foscari di Venezia. Negli hotspot \u201cLago di Braies\u201d e \u201cTre Cime di Lavaredo\u201d superata la capacit\u00e0 di carico. Dallo Studio i consigli per la gestione degli accessi. Nel territorio delle Dolomiti Patrimonio Mondiale UNESCO vi sono alcuni hotspot, punti di particolare attrazione per i visitatori&hellip;<\/p>\n","protected":false},"author":1,"featured_media":173258,"comment_status":"closed","ping_status":"closed","sticky":false,"template":"","format":"standard","meta":{"_monsterinsights_skip_tracking":false,"_monsterinsights_sitenote_active":false,"_monsterinsights_sitenote_note":"","_monsterinsights_sitenote_category":0,"footnotes":""},"categories":[49],"tags":[],"class_list":["post-173280","post","type-post","status-publish","format-standard","has-post-thumbnail","hentry","category-news-18","category-49","description-off"],"img_url":"https:\/\/www.radiopiu.net\/wordpress\/wp-content\/uploads\/2020\/11\/Tre-Cime-di-Lavaredo_ph.MorenoGeremetta.jpg","_links":{"self":[{"href":"https:\/\/www.radiopiu.net\/wordpress\/wp-json\/wp\/v2\/posts\/173280","targetHints":{"allow":["GET"]}}],"collection":[{"href":"https:\/\/www.radiopiu.net\/wordpress\/wp-json\/wp\/v2\/posts"}],"about":[{"href":"https:\/\/www.radiopiu.net\/wordpress\/wp-json\/wp\/v2\/types\/post"}],"author":[{"embeddable":true,"href":"https:\/\/www.radiopiu.net\/wordpress\/wp-json\/wp\/v2\/users\/1"}],"replies":[{"embeddable":true,"href":"https:\/\/www.radiopiu.net\/wordpress\/wp-json\/wp\/v2\/comments?post=173280"}],"version-history":[{"count":0,"href":"https:\/\/www.radiopiu.net\/wordpress\/wp-json\/wp\/v2\/posts\/173280\/revisions"}],"wp:featuredmedia":[{"embeddable":true,"href":"https:\/\/www.radiopiu.net\/wordpress\/wp-json\/wp\/v2\/media\/173258"}],"wp:attachment":[{"href":"https:\/\/www.radiopiu.net\/wordpress\/wp-json\/wp\/v2\/media?parent=173280"}],"wp:term":[{"taxonomy":"category","embeddable":true,"href":"https:\/\/www.radiopiu.net\/wordpress\/wp-json\/wp\/v2\/categories?post=173280"},{"taxonomy":"post_tag","embeddable":true,"href":"https:\/\/www.radiopiu.net\/wordpress\/wp-json\/wp\/v2\/tags?post=173280"}],"curies":[{"name":"wp","href":"https:\/\/api.w.org\/{rel}","templated":true}]}}