{"id":173297,"date":"2020-11-18T05:37:51","date_gmt":"2020-11-18T04:37:51","guid":{"rendered":"https:\/\/www.radiopiu.net\/wordpress\/?p=173297"},"modified":"2020-11-18T05:53:16","modified_gmt":"2020-11-18T04:53:16","slug":"12-30-parla-zaia-da-marghera-sede-della-protezione-civile","status":"publish","type":"post","link":"https:\/\/www.radiopiu.net\/wordpress\/12-30-parla-zaia-da-marghera-sede-della-protezione-civile\/","title":{"rendered":"IERI LA GIORNATA CON PIU&#8217; DECESSI: 100, SOPRA I 70 ANNI L&#8217;88% DEI MORTI. 12.30 PARLA ZAIA, DA MARGHERA SEDE DELLA PROTEZIONE CIVILE"},"content":{"rendered":"<p><strong>VENEZIA<\/strong> Conferenza stampa, aggiornamento covid 19 in diretta da Marghera<\/p>\n<p><strong>I NUMERI NELLE ULTIME 24 ORE<\/strong> TOTALE CASI 105.966 + 3124 TAMPONI 2.590.427 , ieri 48.598 tamponi molecolari e rapidi. ISOLAMENTO 28 260\u00a0 \u00a0DECESSI 2967 + 100 ATTUALMENTE POSITIVI 63071 + 373 RICOVERATI 2091 -3 (1980 covid, -5) TERAPIA INTENSIVA 280 +15 (266 covid, + 14) DIMESSI 5863 + 147 NEGATIVIZZATI 39928 + 2651<\/p>\n<p>&nbsp;<\/p>\n<blockquote>\n<h2>LEGGI LA CONFERENZA STAMPA DI LUCA ZAIA<\/h2>\n<\/blockquote>\n<p><em>Stamane si \u00e8 svolta la conferenza delle Regioni\u00a0 con la richiesta del confronto con il Governo sui parametri che stabiliscono le fasce e le modalit\u00e0, per ora nessuna novit\u00e0, venerdi altro confronto. &#8220;Chiediamo -ha detto Zaia &#8211; che si rafforzi un confronto preventivo tra Governo e Regioni con una sorta di tagliando ai parametri stabiliti, vogliamo fare un percorso insieme&#8221;. Covid hotel, la Regione prepara l&#8217;elenco anche se in Veneto i posti letto non mancano con 6mila posti di ricovero in area non critica, pi\u00f9 1500 posti delle strutture intermedie e ospedali di comunit\u00e0, o riconversione di Urp. In pi\u00f9 740 posti in cinque strutture.\u00a0<\/em><\/p>\n<p><strong>ANDAMENTO<\/strong> Ieri la giornata con pi\u00f9 decessi (100) non so se abbiamo raggiunto l&#8217;apice ma indicatori anche se timidi ci sono, anche a livello nazionale. In generale di pazienti ne abbiamo (2400 circa in totale), oggi per la prima volta un segno negativo (-3) nei ricoveri. Mortalit\u00e0 dai 70-80 il 24,8%, dagli 80 gli 85 24,8% oltre gli 85 38,3% sopra i 70 anni quasi l&#8217;88% dei decessi. Over 65 7%. Ricoveri in ospedale pesano molto sopra i 70 anni.\u00a0 <strong>DONAZIONE<\/strong> Arteven 11.416 euro per gli operatori sanitari. <strong>COVID HOTEL\u00a0<\/strong> Ci eravamo gi\u00e0 mossi nella prima onda nell&#8217;accordo con Federalberghi, stiamo identificando un sito per ogni Ulss, la funzione: ospitalit\u00e0 di pazienti che si stanno negativizzando, non pi\u00f9 critiche che hanno bisogno di un periodo di ospitalit\u00e0 nel limbo tra le fine cure ospedaliere e il ritorno a casa. Esempio anziani positivi con coniuge negativo (over 80 e 90) dove i famigliari ci dicono di non aver modo di far rincasare i negativizzandi perch\u00e9 a casa ci sono negativi. I costi non sono a carico dei privati ma del Governo. Questo permetter\u00e0 di risolvere anche i problemi dei dipendenti che preferiscono non rincasare. <strong>TEST FAI DA TE<\/strong> \u00a0il tampone non \u00e8 ancora in commercio i dispositivi devono essere autorizzati dal Ministero e validati, noi siamo gi\u00e0 partiti con la validazione, 1500 pazienti riusciremo a farli con la prova in doppio molecolare e test fai da te nel giro di due settimane per capire l&#8217;attendibilit\u00e0 del test. <strong>NUOVA NOMINA<\/strong>\u00a0<b> <\/b>Lorenzo Traina \u00e8 il\u00a0 nuovo segretario di Giunta. Esperto di diritto amministrativo raccoglie il testimone dell&#8217;avvocato Caramel in pensione dal primo dicembre. Per le altre nomine ancora nessuna novit\u00e0 &#8220;sparagnemo en saco de schei&#8221;.\u00a0 <strong>EPPURE RISULTA SIA GIA&#8217; IN COMMERCIO<\/strong> Non mi risulta, sicuramente non ha alcuna validit\u00e0 scientifica come lo shampoo anzi con quello non ci si lava nemmeno i capelli. Rigoli lo ha detto che le porte sono aperte per tutti ma non si traduce in operazioni commerciali. Io non ho mai incrociato queste aziende, non so nemmeno chi siano. Rigoli sta lavorando anche ad altri progetti, evoluzione di questo che renderemo note a breve e per questo c&#8217;\u00e8 un via vai di aziende. <strong>IL PEGGIO E&#8217; PASSATO?<\/strong> Difficile dirlo ma evitando assembramenti e usando la mascherina si potr\u00e0 iniziare una timida discesa, oggi non abbiamo dati per confermare la discesa potrebbe aspettarci un periodo di piatta o magari di risalita. E&#8217; pur vero che il comportamento dei cittadini pesa molto su questa fase. <strong>CRITERI, IL VENETO A PARTE I TAMPONI RAPIDO ALTRE RICHIESTE?<\/strong> Sono richieste generali, di fare pi\u00f9 sintesi oltre i 21 parametri, robe da tecnici. <strong>TAVOLO PER I COVID HOTEL COME CHIESTO DA FEDERALBERGHI<\/strong> Abbiamo gi\u00e0 la lista degli alberghi e abbiamo un ottimo rapporto con il Presidente Michielli di Federalberghi. Ogni Ulss ha individuato l&#8217;albergo sul proprio territorio, associati in maggioranza con Federalberghi o altre. <strong>SCUOLA<\/strong> Ricambio d&#8217;aria non significa tenere le finestre aperte, altrimenti si prendono tutti malattie da raffreddamento, sappiamo di ragazzi che vanno a scuola con la coperta, c&#8217;e&#8217; scritto ricambio d&#8217;aria non finestre aperte. U<strong>N GIORNALE HA PUBBLICATO I 21 PARAMETRI DI DIFFICILE COMPRENSIONE<\/strong> I fondamentali sono visivi al di l\u00e0 della matematica, ad esempio noi abbiamo una pressione ospedaliera ma non c&#8217;\u00e8 caos.<\/p>\n<blockquote>\n<h2>ASSESSORE LANZARIN\u00a0 covid hotel<\/h2>\n<\/blockquote>\n<p>Nella conferenza con le Regioni ci \u00e8 stato richiesto di presentare la lista dei covid hotel con obiettivo 20mila posti in tutta Italia. Due tipologie: hotel con sola funziona alberghiera (il nostro caso) strutture per persone che non hanno gli spazi idonei a casa senza assistenza sanitaria e altra fattispecie per altre Regioni, strutture con anche eventualmente veri e propri reparti con attrezzature adeguate, ma non \u00e8 il caso del Veneto. In Veneto anche con i 740 posti ricavati negli ex ospeali abbiamo un ventaglio che risponde a tutte le esigenze di assistenza sanitaria. Per le altre, per chi torna a casa abbiamo quindi individuato 1 covid hotel per Ulss (provincia) anche piu&#8217; di una. Ne abbiamo individuato una ventina. Ora stiamo vedendo la parte economica, si prevedono dei fondi, stiamo ragionando per le modalit\u00e0 di ristoro, quindi le tariffe. Non ci sono tante richieste, noi comunque ci organizziamo. <strong>ALL&#8217;INTERNO DELLE STRUTTURE CI SARA&#8217; PERSONALE SANITARIO <\/strong>Come gi\u00e0 ampiamente spiegato l&#8217;assessore risponde: no. <strong>CHE TIPOLOGIA DI ALBERGHI?<\/strong> Normali, ho visto qualche nome non conosco tutte le strutture, in qualcuno sono stati dati degli spazi anche per i medici non del territorio. Noi ci siamo organizzati con uno per Ulss mentre Arcuri chiedeva uno per Provincia. Decideranno i direttori generali quali scegliere tra i 20. Per oggi non c&#8217;\u00e8 bisogno fortunatamente di questa offerta.<\/p>\n<p>&nbsp;<\/p>\n<p>https:\/\/www.facebook.com\/zaiaufficiale\/videos\/3692496630802392<\/p>\n","protected":false},"excerpt":{"rendered":"<p>VENEZIA Conferenza stampa, aggiornamento covid 19 in diretta da Marghera I NUMERI NELLE ULTIME 24 ORE TOTALE CASI 105.966 + 3124 TAMPONI 2.590.427 , ieri 48.598 tamponi molecolari e rapidi. ISOLAMENTO 28 260\u00a0 \u00a0DECESSI 2967 + 100 ATTUALMENTE POSITIVI 63071 + 373 RICOVERATI 2091 -3 (1980 covid, -5) TERAPIA INTENSIVA 280 +15 (266 covid, +&hellip;<\/p>\n","protected":false},"author":4,"featured_media":173298,"comment_status":"closed","ping_status":"closed","sticky":false,"template":"","format":"standard","meta":{"_monsterinsights_skip_tracking":false,"_monsterinsights_sitenote_active":false,"_monsterinsights_sitenote_note":"","_monsterinsights_sitenote_category":0,"footnotes":""},"categories":[51,104,49],"tags":[],"class_list":["post-173297","post","type-post","status-publish","format-standard","has-post-thumbnail","hentry","category-evidenza-top","category-evidenza_3","category-news-18","category-51","category-104","category-49","description-off"],"img_url":"https:\/\/www.radiopiu.net\/wordpress\/wp-content\/uploads\/2020\/11\/125440985_1634255923442983_3222556619895053224_o.jpg","_links":{"self":[{"href":"https:\/\/www.radiopiu.net\/wordpress\/wp-json\/wp\/v2\/posts\/173297","targetHints":{"allow":["GET"]}}],"collection":[{"href":"https:\/\/www.radiopiu.net\/wordpress\/wp-json\/wp\/v2\/posts"}],"about":[{"href":"https:\/\/www.radiopiu.net\/wordpress\/wp-json\/wp\/v2\/types\/post"}],"author":[{"embeddable":true,"href":"https:\/\/www.radiopiu.net\/wordpress\/wp-json\/wp\/v2\/users\/4"}],"replies":[{"embeddable":true,"href":"https:\/\/www.radiopiu.net\/wordpress\/wp-json\/wp\/v2\/comments?post=173297"}],"version-history":[{"count":0,"href":"https:\/\/www.radiopiu.net\/wordpress\/wp-json\/wp\/v2\/posts\/173297\/revisions"}],"wp:featuredmedia":[{"embeddable":true,"href":"https:\/\/www.radiopiu.net\/wordpress\/wp-json\/wp\/v2\/media\/173298"}],"wp:attachment":[{"href":"https:\/\/www.radiopiu.net\/wordpress\/wp-json\/wp\/v2\/media?parent=173297"}],"wp:term":[{"taxonomy":"category","embeddable":true,"href":"https:\/\/www.radiopiu.net\/wordpress\/wp-json\/wp\/v2\/categories?post=173297"},{"taxonomy":"post_tag","embeddable":true,"href":"https:\/\/www.radiopiu.net\/wordpress\/wp-json\/wp\/v2\/tags?post=173297"}],"curies":[{"name":"wp","href":"https:\/\/api.w.org\/{rel}","templated":true}]}}