{"id":173390,"date":"2020-11-17T18:27:21","date_gmt":"2020-11-17T17:27:21","guid":{"rendered":"https:\/\/www.radiopiu.net\/wordpress\/?p=173390"},"modified":"2020-11-17T18:27:22","modified_gmt":"2020-11-17T17:27:22","slug":"la-grippe-del-terzo-millennio-di-dino-bridda","status":"publish","type":"post","link":"https:\/\/www.radiopiu.net\/wordpress\/la-grippe-del-terzo-millennio-di-dino-bridda\/","title":{"rendered":"LA &#8220;GRIPPE&#8221; DEL TERZO MILLENNIO di Dino Bridda"},"content":{"rendered":"<p align=\"CENTER\">\n<blockquote>\n<h3 align=\"CENTER\"><span style=\"font-family: Times New Roman, serif;\"><b>Qualche considerazione su \u201cspagnola\u201d, pandemia e via dicendo<\/b><\/span><\/h3>\n<\/blockquote>\n<p align=\"JUSTIFY\"><span style=\"font-family: Times New Roman, serif;\">Nel 1918 la \u201cGrippe Espagnole\u201d, com\u2019era nota in tutta Europa, fu ribattezzata \u201cspagnola\u201d in Italia non tanto perch\u00e9 provenisse dalla Spagna, quanto perch\u00e9 il Paese iberico era stato l\u2019unico a parlarne diffusamente essendo neutrale nella Grande Guerra. Negli Stati belligeranti, invece, la censura intervenne pesantemente e oggi si direbbe che, Italia compresa, il fronte dei negazionisti era ampio. Si badava soprattutto all\u2019ordine pubblico e alla quiete sociale nei confronti di popolazioni stremate da quattro anni di guerra che aveva gi\u00e0 prodotto milioni di morti. Dal par suo la \u201cspagnola\u201d registr\u00f2 40 milioni di contagiati in tutto il mondo con 40 milioni di morti tra i 15 e i 40 anni, mentre l\u2019Italia contava 275.000 morti e 500.000 per cause correlate. <\/span><span style=\"font-family: Times New Roman, serif;\">Il \u201cpicco\u201d arriv\u00f2 il 20 ottobre e il presidente del Consiglio Vittorio Emanuele Orlando invi\u00f2 una circolare\u00a0 \u201cai prefetti, alla stampa, ai comitati di mobilitazione civile, ad ogni deputato e senatore\u201d dove, su consiglio degli esperti, invitava a buttare acqua sul fuoco contestando quelle \u201cvoci arbitrarie, assurde, frutto di incompetenza e di fantastica sovraeccitazione\u201d che turbavano la popolazione. Si parlava, infatti, di peste polmonare e morbi esotici, con \u201cqualche caso eccezionale di complicanze polmonari particolarmente gravi\u201d, e anche di colera, poich\u00e9 si erano manifestate sporadiche \u201ccomplicanze intestinali, con vomito e diarrea\u201d. <\/span><span style=\"font-family: 'Times New Roman', serif;\">Orlando chiese ad ogni responsabile a qualsiasi livello di attivare \u201cun\u2019opera pratica di persuasione, di consiglio di indirizzo, di conforto\u201d al fine di zittire quelle \u201cvoci che impressionano sinistramente le popolazioni, ne scuotono la resistenza morale, ne disorientano l\u2019attitudine, rendono infine impossibili o meno efficaci i provvedimenti e i suggerimenti delle autorit\u00e0 competenti delle quali si sminuisce ingiustamente la fiducia con critiche sterili quanto infondate\u201d. E i morti aumentavano di giorno in giorno\u2026 <\/span><span style=\"font-family: Times New Roman, serif;\">Nella vicina e neutrale Svizzera, nessuna censura. Alla popolazione furono raccomandati comportamenti responsabili che assomigliano molto a quanto sta accadendo, non solo in Italia, dal marzo scorso. <\/span><span style=\"font-family: 'Times New Roman', serif;\">A tal proposito basta leggere il seguente manifesto del competente Servizio del Dipartimento Igiene e Lavoro del Canton Ticino: <\/span><span style=\"font-family: 'Times New Roman', serif;\"><i>Riducete la frequentazione delle osterie al minimo possibile!<\/i><\/span> <span style=\"font-family: 'Times New Roman', serif;\"><i>Evitate la frequentazione dei teatri, kursaal, cinematografi, ristoranti, caff\u00e8 e concerti!<\/i><\/span> <span style=\"font-family: 'Times New Roman', serif;\"><i>Recatevi al lavoro a piedi, evitate tram e ferrovie per quanto possibile!<\/i><\/span> <span style=\"font-family: 'Times New Roman', serif;\"><i>Chi ha in casa ammalati, limiti le relazioni coi suoi simili all\u2019assoluto necessario!<\/i><\/span> <span style=\"font-family: 'Times New Roman', serif;\"><i>Curate la pi\u00f9 rigorosa e minuta pulizia personale!<\/i><\/span> <span style=\"font-family: 'Times New Roman', serif;\"><i>Non sputate nelle strade!<\/i><\/span> <span style=\"font-family: 'Times New Roman', serif;\"><i>Tralasciate l\u2019abituale stretta di mano nel salutare!<\/i><\/span> <span style=\"font-family: 'Times New Roman', serif;\"><i>Cambiate frequentemente i fazzoletti!<\/i><\/span> <span style=\"font-family: 'Times New Roman', serif;\"><i>Arieggiate diligentemente le vostre abitazioni: isolate, curate e trattenete in casa nel miglior modo possibile i vostri ammalati!<\/i><\/span> <span style=\"font-family: 'Times New Roman', serif;\"><i>Rimanete in casa alla minima indisposizione per non esporre il vostro prossimo al pericolo del contagio!<\/i><\/span> <span style=\"font-family: 'Times New Roman', serif;\"><i>In caso di malattia, passate un periodo sufficientemente lungo di convalescenza!<\/i><\/span> <span style=\"font-family: 'Times New Roman', serif;\"><i>Guardatevi dagli innumerevoli sedicenti mezzi preservativi dalla grippe! <\/i><\/span><span style=\"font-family: Times New Roman, serif;\">I nostri nonni, fiaccati da bombardamenti, occupazioni, epidemie, fame e inedia, in qualche modo superarono la \u201cspagnola\u201d sulla quale in seguito cal\u00f2 il silenzio, soprattutto circa le cause, mentre la medicina era impotente. Si usava pure la mascherina, quella stessa che a tanti di noi d\u00e0 fastidio, mentre qualcuno vorrebbe derubricare il Covid-19 a semplice influenza! Oggi non la chiamiamo pi\u00f9 \u201cgrippe\u201d, bens\u00ec pandemia: il termine \u00e8 pi\u00f9 scientifico, ma le terribili conseguenze rimangono le stesse. Chiedetelo agli ammirevoli medici e infermieri, ma soprattutto a chi ne \u00e8 uscito e a chi ha perso un proprio caro. E mi fermo qui\u2026<\/span><\/p>\n<blockquote>\n<h3 style=\"text-align: center;\" align=\"JUSTIFY\"><span style=\"font-family: georgia, serif; font-size: large;\"> documento del 1918 circa<\/span><\/h3>\n<\/blockquote>\n<p align=\"JUSTIFY\"><a href=\"https:\/\/www.radiopiu.net\/wordpress\/la-grippe-del-terzo-millennio-di-dino-bridda\/la-grippe-espagnole-1918\/\" rel=\"attachment wp-att-173391\"><img loading=\"lazy\" decoding=\"async\" class=\"wp-image-173391 size-full aligncenter\" src=\"https:\/\/www.radiopiu.net\/wordpress\/wp-content\/uploads\/2020\/11\/la-grippe-espagnole-1918.jpg\" alt=\"\" width=\"690\" height=\"1024\" srcset=\"https:\/\/www.radiopiu.net\/wordpress\/wp-content\/uploads\/2020\/11\/la-grippe-espagnole-1918.jpg 690w, https:\/\/www.radiopiu.net\/wordpress\/wp-content\/uploads\/2020\/11\/la-grippe-espagnole-1918-202x300.jpg 202w\" sizes=\"auto, (max-width: 690px) 100vw, 690px\" \/><\/a><\/p>\n","protected":false},"excerpt":{"rendered":"<p>Qualche considerazione su \u201cspagnola\u201d, pandemia e via dicendo Nel 1918 la \u201cGrippe Espagnole\u201d, com\u2019era nota in tutta Europa, fu ribattezzata \u201cspagnola\u201d in Italia non tanto perch\u00e9 provenisse dalla Spagna, quanto perch\u00e9 il Paese iberico era stato l\u2019unico a parlarne diffusamente essendo neutrale nella Grande Guerra. Negli Stati belligeranti, invece, la censura intervenne pesantemente e oggi&hellip;<\/p>\n","protected":false},"author":4,"featured_media":173391,"comment_status":"closed","ping_status":"closed","sticky":false,"template":"","format":"standard","meta":{"_monsterinsights_skip_tracking":false,"_monsterinsights_sitenote_active":false,"_monsterinsights_sitenote_note":"","_monsterinsights_sitenote_category":0,"footnotes":""},"categories":[104,49],"tags":[],"class_list":["post-173390","post","type-post","status-publish","format-standard","has-post-thumbnail","hentry","category-evidenza_3","category-news-18","category-104","category-49","description-off"],"img_url":"https:\/\/www.radiopiu.net\/wordpress\/wp-content\/uploads\/2020\/11\/la-grippe-espagnole-1918.jpg","_links":{"self":[{"href":"https:\/\/www.radiopiu.net\/wordpress\/wp-json\/wp\/v2\/posts\/173390","targetHints":{"allow":["GET"]}}],"collection":[{"href":"https:\/\/www.radiopiu.net\/wordpress\/wp-json\/wp\/v2\/posts"}],"about":[{"href":"https:\/\/www.radiopiu.net\/wordpress\/wp-json\/wp\/v2\/types\/post"}],"author":[{"embeddable":true,"href":"https:\/\/www.radiopiu.net\/wordpress\/wp-json\/wp\/v2\/users\/4"}],"replies":[{"embeddable":true,"href":"https:\/\/www.radiopiu.net\/wordpress\/wp-json\/wp\/v2\/comments?post=173390"}],"version-history":[{"count":0,"href":"https:\/\/www.radiopiu.net\/wordpress\/wp-json\/wp\/v2\/posts\/173390\/revisions"}],"wp:featuredmedia":[{"embeddable":true,"href":"https:\/\/www.radiopiu.net\/wordpress\/wp-json\/wp\/v2\/media\/173391"}],"wp:attachment":[{"href":"https:\/\/www.radiopiu.net\/wordpress\/wp-json\/wp\/v2\/media?parent=173390"}],"wp:term":[{"taxonomy":"category","embeddable":true,"href":"https:\/\/www.radiopiu.net\/wordpress\/wp-json\/wp\/v2\/categories?post=173390"},{"taxonomy":"post_tag","embeddable":true,"href":"https:\/\/www.radiopiu.net\/wordpress\/wp-json\/wp\/v2\/tags?post=173390"}],"curies":[{"name":"wp","href":"https:\/\/api.w.org\/{rel}","templated":true}]}}