{"id":173438,"date":"2020-11-19T06:00:21","date_gmt":"2020-11-19T05:00:21","guid":{"rendered":"https:\/\/www.radiopiu.net\/wordpress\/?p=173438"},"modified":"2020-11-19T08:36:45","modified_gmt":"2020-11-19T07:36:45","slug":"giornale-radiopiu-19-novembre-2020-direttore-mirko-mezzacasa","status":"publish","type":"post","link":"https:\/\/www.radiopiu.net\/wordpress\/giornale-radiopiu-19-novembre-2020-direttore-mirko-mezzacasa\/","title":{"rendered":"GIORNALE RADIOPIU 19 NOVEMBRE 2020 DIRETTORE MIRKO MEZZACASA"},"content":{"rendered":"<h3>PER<strong> RICEVERE QUESTO NOTIZIARIO DIRETTAMENTE SUL TUO CELLULARE ISCRIVITI AL CANALE TELEGRAM <\/strong><strong>\u201cRADIO PIU\u00a0 INFORMAZIONE&#8221;<\/strong><\/h3>\n<p><em>ATTENZIONE: LA NUOVA APP PER IOS-IPHONE<\/em><\/p>\n<div>\n<div><a href=\"https:\/\/apps.apple.com\/it\/app\/radio-pi%C3%B9-emittente-agordina\/id1515939845\">https:\/\/apps.apple.com\/it\/app\/radio-pi%C3%B9-emittente-agordina\/id1515939845<\/a><\/div>\n<\/div>\n<div><\/div>\n<div>\n<div dir=\"auto\"><em>ATTENZIONE: LA NUOVA APP RADIO\u00a0 PER ANDROID<\/em><\/div>\n<\/div>\n<p><a href=\"https:\/\/play.google.com\/store\/apps\/details?id=net.radiopiu.iniko\" target=\"_blank\" rel=\"noopener noreferrer\">https:\/\/play.google.com\/store\/apps\/details?id=net.radiopiu.iniko\u00a0\u00a0\u00a0<\/a><\/p>\n<p>&nbsp;<\/p>\n<div class=\"osnr6wyh\">\n<div class=\"j83agx80 cbu4d94t mysgfdmx hddg9phg\">\n<div class=\"w0hvl6rk qjjbsfad\"><span class=\"d2edcug0 hpfvmrgz qv66sw1b c1et5uql rrkovp55 a8c37x1j keod5gw0 nxhoafnm aigsh9s9 ns63r2gh fe6kdd0r mau55g9w c8b282yb rwim8176 o3w64lxj b2s5l15y hnhda86s oo9gr5id hzawbc8m\" dir=\"auto\"><span class=\"a8c37x1j ni8dbmo4 stjgntxs l9j0dhe7 r8blr3vg\">OSPEDALI COVID IN VENETO: IL PIANO DI EMERGENZA PER L&#8217;AUTUNNO<\/span><\/span><\/div>\n<\/div>\n<\/div>\n<div class=\"e5nlhep0 eg9m0zos nu4hu5il\">\n<div class=\"kvgmc6g5 cxmmr5t8 oygrvhab hcukyx3x c1et5uql\">\n<div dir=\"auto\">Per aggredire il Covid19, la Regione ha\u00a0 preparato l'&#8221;artiglieria pesante&#8221;: strutture, dispositivi, personale, attivit\u00e0 e numeri in questo video.<\/div>\n<\/div>\n<\/div>\n<p>https:\/\/www.facebook.com\/zaiaufficiale\/videos\/376138520396895<\/p>\n<p>&nbsp;<\/p>\n<hr \/>\n<p>&nbsp;<\/p>\n<blockquote>\n<h3>L&#8217;AUTOCERTIFICAZIONE<\/h3>\n<\/blockquote>\n<p><a href=\"https:\/\/www.radiopiu.net\/wordpress\/wp-content\/uploads\/2020\/11\/modello_autodichiarazione_editabile_ottobre_2020.pdf\">PER SCARICARE L&#8217;AUTOCERTIFICAZIONE CLICCA QUI<\/a><\/p>\n<p>&nbsp;<\/p>\n<p>&nbsp;<\/p>\n<hr \/>\n<p>&nbsp;<\/p>\n<blockquote>\n<h3>VENETO SEMPRE IN GIALLO SICURAMENTE FINO A DOMANI, MOLTI DETENTORI DI PARTITA IVA AL VERDE E ROMA RACCONTA BUGIE, PRIMA PROMETTE E POI RITRATTA.<\/h3>\n<p><em>I territori di seconda serie: se la tinta gialla scongiura il lockdown potrebbe esimere dai ristori, il timore di una beffa aggiuntiva al danno<\/em><\/p><\/blockquote>\n<p>Domani altra giornata decisiva, il Ministro aggiorner\u00e0 le classi di rischio delle Regioni, per Zaia la sanit\u00e0 del Veneto regge e la speranza\u00a0 \u00e8 quella di rimanere in &#8220;giallo&#8221;, in Veneto non ci sono pazienti nei corridoi.\u00a0 Veneto giallo dunque ma sono al verde coloro costretti a rimanere chiusi, dalle palestre alle piscine, ma anche bar e ristoranti che abbassano le serrande nell&#8217;ora di punta e il Governo minaccia di non ristorare le zone che non siano arancioni o rosse nonostante le promesse al tempo del primo DPCM. <em>&#8220;Un rifiuto da Roma sarebbe imbarazzante&#8221;<\/em> ha detto il presidente della Regione Luca Zaia.<em> &#8220;Sui ristori &#8211; ha detto &#8211;\u00a0 ci sono notizie contraddittorie, chi ha avuto qualcosa e chi non ha ricevuto nulla, servirebbe una contabilit\u00e0 ufficiale e la pu\u00f2 assicurare soltanto Roma visto che a gestire la partita \u00e8 l&#8217;Agenzia delle entrate&#8221;.<\/em> Ieri in regione i decessi hanno superato quota 3000, contagiati anche gli assessori della Giunta De Berti, Calzavara e Caner. Ieri altre 56 vittime. In Provincia anche ieri il numero dei morti \u00e8 salito, altri 4 il pi\u00f9 giovane di 66 anni e il totale supera le 200 vittime da covid19 (113 nella prima fase), 87 da inizio ottobre. Oggi drive in ad Auronzo per alunni e insegnanti delle scuole del Comelico su richiesta del sindaco Tatiana Pasi Becher per rispondere alle esigenze della zona pi\u00f9 colpita dalla seconda ondata epidemica con 230 casi e quasi 100 isolati.<\/p>\n<blockquote>\n<h3>I SINDACI CHE INFORMANO I LORO CITTADINI<\/h3>\n<\/blockquote>\n<p>MARIANNA HOFER sindaco di Valle ogni giorno parla ai sui cittadini e comunica i dati, cos\u00ec il sindaco di Taibon SILVIA TORMEN e di cortina GIANPIETRO GHEDINA.\u00a0 A Valle 32 positivi in meno nelle ultime 24 ore, la sindaca \u00e8 in attesa del tampone, negativizzato un dipendente del Comune. A Taibon: 15 positivi, 17 isolamenti. A Cortina 46 persone in quarantena (+20), casi 124. A San Vito di Cadore 19 persone positive (-2), due ricoverate, 7 in isolamento (-1). A Lamon 30 positivi e 18 casi. A Cesiomaggiore 60 casi di positivit\u00e0 accertati 30 persone in isolamento, lo ha comunicato il sindaco CARLO ZANELLA sulla pagina facebook <em>&#8220;Preoccupa -dice &#8211; il focolaio in casa di riposo con una ventina di ospiti contagiati oltre ad alcuni dipendenti&#8221;.<\/em>\u00a0 A Pieve di Cadore alla Rsa Marmarole 22 persone negativizzate (precedentemente si erano contati 30 positivi). Da Rocca Pietore il messaggio ai cittadini del sindaco ANDREA DE BERNARDIN Situazione Covid: resta pi\u00f9 o meno invariata la situazione sul territorio del comune di Rocca Pietore (5 positivi e 5 in isolamento)\u00a0 In compenso, purtroppo, l&#8217;Italia oggi registra il triste primato\u00a0 dei morti. Noi non abbiamo armi per combattere questa &#8220;cosa&#8221; se non l&#8217;attenzione nell&#8217;usare mascherina, distanziamento e disinfezione delle mani. Facciamolo. Punto<\/p>\n<p>&nbsp;<\/p>\n<blockquote>\n<h2>BELLUNO: 4 DECESSI IN 24 ORE, 163 PERSONE IN OSPEDALE<\/h2>\n<\/blockquote>\n<blockquote>\n<h3>BELLUNO Nelle ultime 24 ore sono decedute 4 persone covid positive: un uomo di 83 anni in Rianimazione a Feltre, un uomo di 66 anni in Rianimazione a Belluno, una donna di 75 anni in Rianimazione a Belluno e un uomo di 79 anni ricoverato in Geriatria Covid a Belluno.<\/h3>\n<\/blockquote>\n<p><strong>RICOVERI:<\/strong>\u00a0 OSPEDALI DI BELLUNO E FELTRE 98 IN AREA CRITICA, 8 IN TERAPIA INTENSIVA. OSPEDALI DI COMUNITA&#8217;: AGORDO 12, ALANO 5, AURONZO 13 BELLUNO 13 FELTRE 14<\/p>\n<p>&nbsp;<\/p>\n<p>&nbsp;<\/p>\n<hr \/>\n<blockquote>\n<h3><\/h3>\n<h3>RITROVATA PRIVA DI VITA LA NONNA DI PEDAVENA USCITA MARTEDI PER UNA PASSEGGIATA NEL BOSCO<\/h3>\n<\/blockquote>\n<p><a href=\"https:\/\/www.radiopiu.net\/wordpress\/a-24-ore-dalla-scomparsa-via-al-piano-ricerca-persone\/151ee682-d098-4486-a19b-e5604fcd4b85\/\" rel=\"attachment wp-att-173554\"><img loading=\"lazy\" decoding=\"async\" class=\" wp-image-173554 alignleft\" src=\"https:\/\/www.radiopiu.net\/wordpress\/wp-content\/uploads\/2020\/11\/151ee682-d098-4486-a19b-e5604fcd4b85-135x300.jpg\" alt=\"\" width=\"75\" height=\"167\" srcset=\"https:\/\/www.radiopiu.net\/wordpress\/wp-content\/uploads\/2020\/11\/151ee682-d098-4486-a19b-e5604fcd4b85-135x300.jpg 135w, https:\/\/www.radiopiu.net\/wordpress\/wp-content\/uploads\/2020\/11\/151ee682-d098-4486-a19b-e5604fcd4b85-461x1024.jpg 461w, https:\/\/www.radiopiu.net\/wordpress\/wp-content\/uploads\/2020\/11\/151ee682-d098-4486-a19b-e5604fcd4b85-691x1536.jpg 691w, https:\/\/www.radiopiu.net\/wordpress\/wp-content\/uploads\/2020\/11\/151ee682-d098-4486-a19b-e5604fcd4b85.jpg 720w\" sizes=\"auto, (max-width: 75px) 100vw, 75px\" \/><\/a><strong>FELTRE <\/strong>Gilda Tonet, 94 anni di Feltre (Facen) \u00c8 stata ritrovata nel pomeriggio di ieri\u00a0 priva di vita. La donna \u00e8 stata ritrovata in zona fittamente boscosa in un dirupo 20 metri sotto il piano del sentiero \u201cVenezia Secca\u201d dal nucleo cinofilo dei vigili del fuoco. Dopo l\u2019accertamento della morte, la donna \u00e8 stata recuperata dalle squadre SAF Speleo (Alpino Fluviali) dei vigili del fuoco e potata sul piano del sentiero. Alle ricerche iniziate ieri hanno preso parte squadre permanenti e volontari dei pompieri e personale del soccorso alpino Sagf della Guardia di Finanza. Trentacinque soccorritori: Soccorso alpino di Feltre, Alpago, Prealpi Trevigiane, Pedemontana del Grappa e Soccorso alpino della Guardia di Finanza di Cortina, Auronzo e Rolle con le unit\u00e0 cinofile &#8211; uniti ai Vigili del fuoco con altre unit\u00e0 cinofile, concentrati attorno a Le Fiere, verso la direzione in cui le testimonianze la davano incamminata. Passate le 16 la triste scoperta, a oltre un chilometro di distanza dalla parte opposta. La novantaquattrenne, caduta non distante dal sentiero, era riversa a terra priva di vita<\/p>\n<p>&nbsp;<\/p>\n<hr \/>\n<p>&nbsp;<\/p>\n<blockquote>\n<h3>LUTTO A SAPPADA, E&#8217; MORTO ANDREA &#8220;PERA&#8221;<\/h3>\n<\/blockquote>\n<p><strong><a href=\"https:\/\/www.radiopiu.net\/wordpress\/lutto-a-sappada-e-morto-giuseppe-pera\/pera\/\" rel=\"attachment wp-att-173676\"><img loading=\"lazy\" decoding=\"async\" class=\" wp-image-173676 alignleft\" src=\"https:\/\/www.radiopiu.net\/wordpress\/wp-content\/uploads\/2020\/11\/pera-300x154.jpg\" alt=\"\" width=\"242\" height=\"124\" srcset=\"https:\/\/www.radiopiu.net\/wordpress\/wp-content\/uploads\/2020\/11\/pera-300x154.jpg 300w, https:\/\/www.radiopiu.net\/wordpress\/wp-content\/uploads\/2020\/11\/pera-768x394.jpg 768w, https:\/\/www.radiopiu.net\/wordpress\/wp-content\/uploads\/2020\/11\/pera.jpg 800w\" sizes=\"auto, (max-width: 242px) 100vw, 242px\" \/><\/a>SAPPADA<\/strong> Si svolgeranno domani i funerali di\u00a0 Andrea Puicher Soravia conosciuto come &#8220;Pera&#8221;, noto allenatore di sci alpino. Aveva solo 40 anni, consumato dalla leucemia, malattia con la quale aveva intrapreso la battaglia due anni fa. La Fisi\u00a0 lo ricorda come un tecnico serio e preparato. Lo Sci Club Sappada:<em> &#8221; Non so dove vanno le persone quando scompaiono, ma so dove restano &#8230;Sicuramente nel nostro cuore.\u00a0 <span class=\"pq6dq46d tbxw36s4 knj5qynh kvgmc6g5 ditlmg2l oygrvhab nvdbi5me sf5mxxl7 gl3lb2sf hhz5lgdu\">Pera, per tutti noi, \u00e8 lo Sciclub Sappada: da atleta, allenatore e appassionato sostenitore. Ci eravamo illusi, finalmente di nuovo con noi, fiduciosi che la tua grande forza aveva avuto la meglio, cos\u00ec non \u00e8 stato &#8230; nonostante la tua passione e voglia di vivere. <\/span>E di tutti i tuoi consigli preziosi ci lasci con quello che forse \u00e8 l\u2019insegnamento pi\u00f9 importante, il tuo grandissimo esempio. Fai buon viaggio Pera, ti ricordiamo cos\u00ec, sorridente e felice Un abbraccio a tutti quelli che ti sono vicini dalla famiglia Sciclub&#8221;<\/em>. Alla moglie Soraya, al figlio di 4 anni e a tutti i familiari vanno le pi\u00f9 sentite condoglianze del presidente della FISI FVG Maurizio Dunnhofer, del Consiglio Direttivo e di tutto l\u2019affranto mondo dello sci FVG.<\/p>\n<p>&nbsp;<\/p>\n<p>&nbsp;<\/p>\n<hr \/>\n<blockquote>\n<h3><strong>\u00a0<\/strong><\/h3>\n<h3><strong>SI ALLONTANA DA CASA E NON RIENTRA: RITROVATA<br \/>\n<span style=\"font-size: 14px;\"><img loading=\"lazy\" decoding=\"async\" class=\"alignleft\" src=\"https:\/\/www.radiopiu.net\/wordpress\/wp-content\/uploads\/2020\/11\/salt_20201118_112828_562.jpg\" width=\"163\" height=\"218\" \/><\/span><\/strong><\/h3>\n<\/blockquote>\n<p><strong>TRICHIANA<\/strong> Ieri mattina alle 6.30 il Soccorso alpino di Belluno \u00e8 stato allertato a seguito della segnalazione di un uomo, la cui moglie era uscita presto di casa, in localit\u00e0 Pranolz, e non era rientrata. Una squadra si \u00e8 portata subito sul posto, assieme ai Vigili del fuoco, mentre stava sopraggiungendo anche il Soccorso alpino della Guardia di finanza. Attorno alle 8, dei parenti che stavano aiutando nelle ricerche hanno ritrovato una scarpa sopra una scarpata verticale di 5 metri. Sotto, dolorante, ma cosciente si trovava la donna di 46 anni. I soccorritori sono scesi da lei, che lamentava dolori alla schiena. Sbarcati personale medico e tecnico di elisoccorso, all&#8217;infortunata, che si trovava sul greto di un torrente, sono state prestate le prime cure. Imbarellata, la donna \u00e8 stata issata a bordo con il verricello e trasportata all&#8217;ospedale di Belluno.<\/p>\n<p>&nbsp;<\/p>\n<hr \/>\n<p>&nbsp;<\/p>\n<blockquote>\n<h3><img loading=\"lazy\" decoding=\"async\" class=\"alignleft\" src=\"https:\/\/www.radiopiu.net\/wordpress\/wp-content\/uploads\/2018\/08\/ACQUA.jpeg\" width=\"222\" height=\"133\" \/>ACQUA INQUINATA A CENCENIGHE &#8211; PRA DI MEZZO<\/h3>\n<\/blockquote>\n<p><strong>CENCENIGHE<\/strong> Gestione Servizi Pubblici informa che a CENCENIGHE AGORDINO in LOCALITA&#8217; PRA&#8217; DI MEZZO, l&#8217;acqua erogata dall&#8217;acquedotto non \u00e8 potabile e pu\u00f2 essere usata per scopi alimentari SOLO PREVIA bollitura. GSP ha, comunque, gi\u00e0 adottato le necessarie misure per la disinfezione dell&#8217;acqua presente nei serbatoi e nella rete idrica con l&#8217;aggiunta di cloro.<\/p>\n<p>&nbsp;<\/p>\n<hr \/>\n<blockquote>\n<h3><\/h3>\n<h3>SCALE MOBILI CHIUSE A BELLUNO<\/h3>\n<\/blockquote>\n<p><strong>Da domani, le scale mobili che collegano il parcheggio di Lambioi con piazza Duomo verranno chiuse al pubblico tutte le sere alle 22.30, senza distinzioni.<\/strong><\/p>\n<p>&nbsp;<\/p>\n<hr \/>\n<p>&nbsp;<\/p>\n<blockquote>\n<h3>TAIBON Istituzione del divieto di accesso e di sosta su tutta la piazza San Cipriano oggetto di lavori di manutenzione straordinaria per il rifacimento del piano viabile danneggiato, lungo le intersezioni con via Aivata, via Paris Bordone e via\u00a0 Besarel, dal 12 novembre al 27 novembre, comunque fino al termine dei lavori.\u00a0 Resta possibile, in funzione delle varie aree di lavorazione, la temporanea istituzione di corridoi di accesso su parte della piazza da parte della ditta esecutrice dei lavori;<span style=\"color: #0000ff;\"> Le corse delle linee extraurbane della Dolomitibus ometteranno il transito alla fermata di San Cipriano transitando lungo la regionale 203 agordina. Le corse Villanova-Agordo effettueranno il percorso alternativo per Strapont omettendo la tratta per San Cipriano-Municipio. Verranno pertanto soppresse le fermate: San Cipriano, Napi, Piazza Municipio, saranno attivate quelle sul percorso per Strapont.<\/span><\/h3>\n<\/blockquote>\n<p>&nbsp;<\/p>\n<blockquote>\n<h3>CANALE D&#8217;AGORDO Divieto di transito al traffico veicolare, sul tratto di strada comunale dalla Piazza Papa Luciani all\u2019innesto di Via XX Agosto 1944 in entrambi i sensi di marcia , per lavori di allacciamento idrico e gas GPL dalle 7 alle\u00a0 17,\u00a0 da luned\u00ec 16 novembre a venerd\u00ec 20 novembre 2020, e comunque sino a termine dei lavori. Per lo stesso periodo temporale, \u00e8 istituito un senso unico alternato regolato da impianto semaforico in Via Tancon (dall\u2019altezza del civico n. 5) e Via Lotta (all\u2019altezza del civico n. 9), un senso unico in Via Lotta dal bivio di Via Roma fino al bivio di Via Mezzavilla. Inoltre nello stesso periodo temporale, \u00e8 istituito il divieto di transito ai veicoli pesanti(autobus turistici e camion) sul tratto di viabilit\u00e0 alternativa;<\/h3>\n<p>&nbsp;<\/p>\n<p>&nbsp;<\/p><\/blockquote>\n<hr \/>\n<p>&nbsp;<\/p>\n<blockquote>\n<h3>E&#8217; TORNATO IL LUPO MANGIONE<\/h3>\n<\/blockquote>\n<p><strong>\u00a0BELLUNO<\/strong> \u00a0Il lupo torna\u00a0 sul Nevegal. Durante l&#8217;attacco sbrnato l&#8217;asinello di propriet\u00e0 della famiglia Nicoletto. Probabilmente l&#8217;attacco \u00e8 stato portato avanti dal branco che ha elusole difese organizzate dai proprietari del terreno in localit\u00e0 Pian de Val d&#8217;Art, nei pressi de Le Ronce.<\/p>\n<p>&nbsp;<\/p>\n<hr \/>\n<p>&nbsp;<\/p>\n<blockquote>\n<h3>AVANZAMENTO DEI LAVORI IN ZONA POLANE, PARCHEGGI E STADIO DEL CALCIO &#8220;IVANO DORIGO&#8221;<\/h3>\n<\/blockquote>\n<p><strong>AGORDO\u00a0<\/strong><\/p>\n<p><strong>di GIANNI SANTOMASO<\/strong><\/p>\n<p><strong>FOTO<\/strong><\/p>\n<audio class=\"wp-audio-shortcode\" id=\"audio-173438-1\" preload=\"none\" style=\"width: 100%;\" controls=\"controls\"><source type=\"audio\/mpeg\" src=\"https:\/\/www.radiopiu.net\/wordpress\/wp-content\/uploads\/2020\/11\/GIANNI-POLANE.mp3?_=1\" \/><a href=\"https:\/\/www.radiopiu.net\/wordpress\/wp-content\/uploads\/2020\/11\/GIANNI-POLANE.mp3\">https:\/\/www.radiopiu.net\/wordpress\/wp-content\/uploads\/2020\/11\/GIANNI-POLANE.mp3<\/a><\/audio>\n<p>&nbsp;<\/p>\n<p><strong>L&#8217;ASSESSORE CRISTINA BIEN\u00a0 (ARCHIVIO)<\/strong><\/p>\n<audio class=\"wp-audio-shortcode\" id=\"audio-173438-2\" preload=\"none\" style=\"width: 100%;\" controls=\"controls\"><source type=\"audio\/mpeg\" src=\"https:\/\/www.radiopiu.net\/wordpress\/wp-content\/uploads\/2020\/10\/CRISTINA-BIEN-STADIO-CALCIO.mp3?_=2\" \/><a href=\"https:\/\/www.radiopiu.net\/wordpress\/wp-content\/uploads\/2020\/10\/CRISTINA-BIEN-STADIO-CALCIO.mp3\">https:\/\/www.radiopiu.net\/wordpress\/wp-content\/uploads\/2020\/10\/CRISTINA-BIEN-STADIO-CALCIO.mp3<\/a><\/audio>\n<p>&nbsp;<\/p>\n<p>&nbsp;<\/p>\n<p><iframe loading=\"lazy\" title=\"2020 10 25 08 29 18 Cache\" width=\"1200\" height=\"675\" src=\"https:\/\/www.youtube.com\/embed\/9h2_T22DjeU?feature=oembed\" frameborder=\"0\" allow=\"accelerometer; autoplay; clipboard-write; encrypted-media; gyroscope; picture-in-picture\" allowfullscreen><\/iframe><\/p>\n<p><strong>GALLERIA FOTO\u00a0<\/strong><\/p>\n\n\t\t\t<style type='text\/css'>\n\t\t\t\t#gallery-1 {\n\t\t\t\t\tmargin: auto;\n\t\t\t\t}\n\t\t\t\t#gallery-1 .gallery-item {\n\t\t\t\t\tfloat: left;\n\t\t\t\t\tmargin-top: 10px;\n\t\t\t\t\ttext-align: center;\n\t\t\t\t\twidth: 25%;\n\t\t\t\t}\n\t\t\t\t#gallery-1 img {\n\t\t\t\t\tborder: 2px solid #cfcfcf;\n\t\t\t\t}\n\t\t\t\t#gallery-1 .gallery-caption {\n\t\t\t\t\tmargin-left: 0;\n\t\t\t\t}\n\t\t\t\t\/* see gallery_shortcode() in wp-includes\/media.php *\/\n\t\t\t<\/style>\n\t\t<div id='gallery-1' class='dt-gallery-container gallery galleryid-173438 gallery-columns-4 gallery-size-thumbnail'><dl class='gallery-item'>\n\t\t\t\t<dt class='gallery-icon landscape'>\n\t\t\t\t\t<a class=\"rollover rollover-zoom dt-pswp-item\" title=\"b6f2ce17-25d0-40ba-b548-5a1832f49094\" data-dt-img-description=\"\" data-large_image_width=\"1600\" data-large_image_height=\"900\"href='https:\/\/www.radiopiu.net\/wordpress\/wp-content\/uploads\/2020\/11\/b6f2ce17-25d0-40ba-b548-5a1832f49094.jpg'><img loading=\"lazy\" decoding=\"async\" width=\"150\" height=\"150\" src=\"https:\/\/www.radiopiu.net\/wordpress\/wp-content\/uploads\/2020\/11\/b6f2ce17-25d0-40ba-b548-5a1832f49094-150x150.jpg\" class=\"attachment-thumbnail size-thumbnail\" alt=\"\" \/><\/a>\n\t\t\t\t<\/dt><\/dl><dl class='gallery-item'>\n\t\t\t\t<dt class='gallery-icon landscape'>\n\t\t\t\t\t<a class=\"rollover rollover-zoom dt-pswp-item\" title=\"92bb23c5-4502-4739-9014-c1452c9194b7\" data-dt-img-description=\"\" data-large_image_width=\"1600\" data-large_image_height=\"900\"href='https:\/\/www.radiopiu.net\/wordpress\/wp-content\/uploads\/2020\/11\/92bb23c5-4502-4739-9014-c1452c9194b7.jpg'><img loading=\"lazy\" decoding=\"async\" width=\"150\" height=\"150\" src=\"https:\/\/www.radiopiu.net\/wordpress\/wp-content\/uploads\/2020\/11\/92bb23c5-4502-4739-9014-c1452c9194b7-150x150.jpg\" class=\"attachment-thumbnail size-thumbnail\" alt=\"\" \/><\/a>\n\t\t\t\t<\/dt><\/dl><dl class='gallery-item'>\n\t\t\t\t<dt class='gallery-icon landscape'>\n\t\t\t\t\t<a class=\"rollover rollover-zoom dt-pswp-item\" title=\"11aad581-2412-4b45-add5-96c1a171023d\" data-dt-img-description=\"\" data-large_image_width=\"1600\" data-large_image_height=\"900\"href='https:\/\/www.radiopiu.net\/wordpress\/wp-content\/uploads\/2020\/11\/11aad581-2412-4b45-add5-96c1a171023d.jpg'><img loading=\"lazy\" decoding=\"async\" width=\"150\" height=\"150\" src=\"https:\/\/www.radiopiu.net\/wordpress\/wp-content\/uploads\/2020\/11\/11aad581-2412-4b45-add5-96c1a171023d-150x150.jpg\" class=\"attachment-thumbnail size-thumbnail\" alt=\"\" \/><\/a>\n\t\t\t\t<\/dt><\/dl><dl class='gallery-item'>\n\t\t\t\t<dt class='gallery-icon landscape'>\n\t\t\t\t\t<a class=\"rollover rollover-zoom dt-pswp-item\" title=\"8550b665-0385-4e9e-88f8-a88d12b5e12d\" data-dt-img-description=\"\" data-large_image_width=\"1600\" data-large_image_height=\"900\"href='https:\/\/www.radiopiu.net\/wordpress\/wp-content\/uploads\/2020\/11\/8550b665-0385-4e9e-88f8-a88d12b5e12d.jpg'><img loading=\"lazy\" decoding=\"async\" width=\"150\" height=\"150\" src=\"https:\/\/www.radiopiu.net\/wordpress\/wp-content\/uploads\/2020\/11\/8550b665-0385-4e9e-88f8-a88d12b5e12d-150x150.jpg\" class=\"attachment-thumbnail size-thumbnail\" alt=\"\" \/><\/a>\n\t\t\t\t<\/dt><\/dl><br style=\"clear: both\" \/><dl class='gallery-item'>\n\t\t\t\t<dt class='gallery-icon landscape'>\n\t\t\t\t\t<a class=\"rollover rollover-zoom dt-pswp-item\" title=\"eff3be47-dac6-4e73-9433-9286df90c838\" data-dt-img-description=\"\" data-large_image_width=\"1600\" data-large_image_height=\"900\"href='https:\/\/www.radiopiu.net\/wordpress\/wp-content\/uploads\/2020\/11\/eff3be47-dac6-4e73-9433-9286df90c838.jpg'><img loading=\"lazy\" decoding=\"async\" width=\"150\" height=\"150\" src=\"https:\/\/www.radiopiu.net\/wordpress\/wp-content\/uploads\/2020\/11\/eff3be47-dac6-4e73-9433-9286df90c838-150x150.jpg\" class=\"attachment-thumbnail size-thumbnail\" alt=\"\" \/><\/a>\n\t\t\t\t<\/dt><\/dl><dl class='gallery-item'>\n\t\t\t\t<dt class='gallery-icon landscape'>\n\t\t\t\t\t<a class=\"rollover rollover-zoom dt-pswp-item\" title=\"3a2cf95b-12a2-4c64-92a7-4bed9b0e67d3\" data-dt-img-description=\"\" data-large_image_width=\"2016\" data-large_image_height=\"1134\"href='https:\/\/www.radiopiu.net\/wordpress\/wp-content\/uploads\/2020\/11\/3a2cf95b-12a2-4c64-92a7-4bed9b0e67d3.jpg'><img loading=\"lazy\" decoding=\"async\" width=\"150\" height=\"150\" src=\"https:\/\/www.radiopiu.net\/wordpress\/wp-content\/uploads\/2020\/11\/3a2cf95b-12a2-4c64-92a7-4bed9b0e67d3-150x150.jpg\" class=\"attachment-thumbnail size-thumbnail\" alt=\"\" \/><\/a>\n\t\t\t\t<\/dt><\/dl><dl class='gallery-item'>\n\t\t\t\t<dt class='gallery-icon landscape'>\n\t\t\t\t\t<a class=\"rollover rollover-zoom dt-pswp-item\" title=\"21338af2-daef-4911-9723-3f18aebe2f26\" data-dt-img-description=\"\" data-large_image_width=\"1600\" data-large_image_height=\"900\"href='https:\/\/www.radiopiu.net\/wordpress\/wp-content\/uploads\/2020\/11\/21338af2-daef-4911-9723-3f18aebe2f26.jpg'><img loading=\"lazy\" decoding=\"async\" width=\"150\" height=\"150\" src=\"https:\/\/www.radiopiu.net\/wordpress\/wp-content\/uploads\/2020\/11\/21338af2-daef-4911-9723-3f18aebe2f26-150x150.jpg\" class=\"attachment-thumbnail size-thumbnail\" alt=\"\" \/><\/a>\n\t\t\t\t<\/dt><\/dl><dl class='gallery-item'>\n\t\t\t\t<dt class='gallery-icon portrait'>\n\t\t\t\t\t<a class=\"rollover rollover-zoom dt-pswp-item\" title=\"4b3655ee-0546-466b-af96-a453fb2869ce\" data-dt-img-description=\"\" data-large_image_width=\"900\" data-large_image_height=\"1600\"href='https:\/\/www.radiopiu.net\/wordpress\/wp-content\/uploads\/2020\/11\/4b3655ee-0546-466b-af96-a453fb2869ce.jpg'><img loading=\"lazy\" decoding=\"async\" width=\"150\" height=\"150\" src=\"https:\/\/www.radiopiu.net\/wordpress\/wp-content\/uploads\/2020\/11\/4b3655ee-0546-466b-af96-a453fb2869ce-150x150.jpg\" class=\"attachment-thumbnail size-thumbnail\" alt=\"\" \/><\/a>\n\t\t\t\t<\/dt><\/dl><br style=\"clear: both\" \/>\n\t\t\t<\/div>\n\n<p>&nbsp;<\/p>\n<p>&nbsp;<\/p>\n<p>&nbsp;<\/p>\n<hr \/>\n<blockquote>\n<h3>FACILE.IT: A BELLUNO PRESTITO MEDIO DI OLTRE 15.500 EURO<\/h3>\n<\/blockquote>\n<p><strong><a href=\"https:\/\/www.radiopiu.net\/wordpress\/facile-it-a-belluno-prestito-medio-di-oltre-15-500-euro\/674ebfd5-d550-4e7d-bdbb-6d153dee8778\/\" rel=\"attachment wp-att-173483\"><img loading=\"lazy\" decoding=\"async\" class=\"size-medium wp-image-173483 alignleft\" src=\"https:\/\/www.radiopiu.net\/wordpress\/wp-content\/uploads\/2020\/11\/674ebfd5-d550-4e7d-bdbb-6d153dee8778-300x169.jpg\" alt=\"\" width=\"300\" height=\"169\" srcset=\"https:\/\/www.radiopiu.net\/wordpress\/wp-content\/uploads\/2020\/11\/674ebfd5-d550-4e7d-bdbb-6d153dee8778-300x169.jpg 300w, https:\/\/www.radiopiu.net\/wordpress\/wp-content\/uploads\/2020\/11\/674ebfd5-d550-4e7d-bdbb-6d153dee8778-1024x576.jpg 1024w, https:\/\/www.radiopiu.net\/wordpress\/wp-content\/uploads\/2020\/11\/674ebfd5-d550-4e7d-bdbb-6d153dee8778-768x432.jpg 768w, https:\/\/www.radiopiu.net\/wordpress\/wp-content\/uploads\/2020\/11\/674ebfd5-d550-4e7d-bdbb-6d153dee8778-1536x864.jpg 1536w, https:\/\/www.radiopiu.net\/wordpress\/wp-content\/uploads\/2020\/11\/674ebfd5-d550-4e7d-bdbb-6d153dee8778.jpg 1600w\" sizes=\"auto, (max-width: 300px) 100vw, 300px\" \/><\/a>BELLUNO<\/strong> Secondo l\u2019analisi di Facile.it e Prestiti.it, nel terzo trimestre 2020 l\u2019importo medio richiesto nella provincia di <strong>Belluno <\/strong>\u00e8 stato pari a 15.508 euro, vale a dire il 18,8% in pi\u00f9 rispetto al valore regionale; il dato risulta essere il pi\u00f9 alto registrato nella regione. Pi\u00f9 in generale, allargando l\u2019analisi a tutto il Veneto, \u00e8 emerso che il Covid ha modificato le ragioni per cui i gli abitanti della regione si rivolgono ad una societ\u00e0 di credito; secondo l\u2019indagine, realizzata su un campione di oltre 8.500 domande di finanziamento raccolte nella regione, la prima motivazione per cui nel terzo trimestre 2020 si \u00e8 chiesto un prestito \u00e8 stata l\u2019acquisto di auto usate (quasi 1 richiesta su 4, pari al 24,5% del totale). In aumento anche il peso percentuale dei prestiti legati all\u2019acquisto di un immobile (+0,8 punti percentuali rispetto al 2019), mentre calano le quote di prestiti per la ristrutturazione casa, arrivate a rappresentare il 13,7% del totale. Guardando alle richieste a livello provinciale emerge che Belluno \u00e8 la provincia del Veneto dove sono stati richiesti gli importi medi pi\u00f9 alti (15.508 euro, il 18,8% in pi\u00f9 rispetto alla media regionale); seguono nella classifica le province di <strong>Rovigo <\/strong>(13.884 euro), <strong>Vicenza<\/strong> (13.608 euro) e <strong>Venezia<\/strong> (13.387 euro). Inferiori al valore medio del Veneto, invece, gli importi richiesti a <strong>Padova<\/strong> (12.887 euro) e <strong>Verona<\/strong> (12.656 euro); chiude la graduatoria la provincia di <strong>Treviso<\/strong> (12.254 euro).<\/p>\n<p>&nbsp;<\/p>\n<hr \/>\n<p>&nbsp;<\/p>\n<p>&nbsp;<\/p>\n<blockquote>\n<h2>GLI AUSTRIACI PASSANO IL CONFINE, IL SINDACO LE PORTE DELL&#8217;AVVOCATO<\/h2>\n<\/blockquote>\n<p><strong>RIVAMONTE<\/strong><\/p>\n<p><strong>DI GIANNI SANTOMASO<\/strong><\/p>\n<audio class=\"wp-audio-shortcode\" id=\"audio-173438-3\" preload=\"none\" style=\"width: 100%;\" controls=\"controls\"><source type=\"audio\/mpeg\" src=\"https:\/\/www.radiopiu.net\/wordpress\/wp-content\/uploads\/2020\/11\/GIANNI-ESBOSCO.mp3?_=3\" \/><a href=\"https:\/\/www.radiopiu.net\/wordpress\/wp-content\/uploads\/2020\/11\/GIANNI-ESBOSCO.mp3\">https:\/\/www.radiopiu.net\/wordpress\/wp-content\/uploads\/2020\/11\/GIANNI-ESBOSCO.mp3<\/a><\/audio>\n<p>&nbsp;<\/p>\n<h2><span style=\"color: #ff0000;\">IERI ALLA RADIO\u00a0<\/span><\/h2>\n<blockquote class=\"wp-embedded-content\" data-secret=\"0BAsXncyWm\"><p><a href=\"https:\/\/www.radiopiu.net\/wordpress\/rivamonte-cantiere-aperto-tanti-i-lavori-in-corso\/\">RIVAMONTE CANTIERE APERTO. TANTI I LAVORI IN CORSO<\/a><\/p><\/blockquote>\n<p><iframe loading=\"lazy\" class=\"wp-embedded-content\" sandbox=\"allow-scripts\" security=\"restricted\" style=\"position: absolute; clip: rect(1px, 1px, 1px, 1px);\" title=\"&#8220;RIVAMONTE CANTIERE APERTO. TANTI I LAVORI IN CORSO&#8221; &#8212; Radio Pi\u00f9\" src=\"https:\/\/www.radiopiu.net\/wordpress\/rivamonte-cantiere-aperto-tanti-i-lavori-in-corso\/embed\/#?secret=0BAsXncyWm\" data-secret=\"0BAsXncyWm\" width=\"600\" height=\"338\" frameborder=\"0\" marginwidth=\"0\" marginheight=\"0\" scrolling=\"no\"><\/iframe><\/p>\n<p>&nbsp;<\/p>\n<p>&nbsp;<\/p>\n<p>&nbsp;<\/p>\n<hr \/>\n<p>&nbsp;<\/p>\n<blockquote>\n<h3>OGGI SCIOPERO NAZIONALE DEI LAVORATORI ENEL E-DISTRIBUZIONE. PRESIDI DALLE 8.30 ALLE 11 DAVANTI ALLA SEDE ENEL DI BELLUNO E ODERZO<\/h3>\n<\/blockquote>\n<p><strong>BELLUNO\u00a0<\/strong> Oggi sciopero di 4 ore per i lavoratori di Enel E-Distribuzione, la societ\u00e0 del Gruppo Enel che si occupa della gestione delle reti di distribuzione. Lo stato di agitazione \u00e8 stato proclamato a livello nazionale e ha gi\u00e0 portato, a partire dallo scorso 23 ottobre, al blocco degli straordinari, dei lavori programmati e delle ore viaggio dei lavoratori. A Belluno il presidio si svolger\u00e0 davanti alla sede Enel di via Simon da Cusighe 27, mentre a Oderzo davanti alla sede aziendale in via Grazie 26. Tre i motivi dello sciopero: Enel E-Distribuzione rifiuta di assumere pi\u00f9 personale operativo e tecnico; vuole cedere all\u2019esterno le manovre sulla rete di media tensione e allargare a dismisura il territorio su cui si effettua la reperibilit\u00e0. Lo sciopero ha come obiettivo prioritario la protesta nei confronti delle scelte generali dell\u2019azienda in materia di organizzazione del servizio di distribuzione della energia elettrica dove da anni si continua a ridurre il personale dipendente con il ricorso agli appalti esterni. In Veneto, regione dove la rete distributiva porta energia dall\u2019alta montagna alla laguna di Venezia, passando per 563 Comuni, in un territorio in cui in estate la popolazione cresce del 30% e con un diffuso tessuto produttivo, si \u00e8 passati nell\u2019arco degli ultimi 13 anni da 1.500 a 1.020 lavoratori. A proposito delle ore di straordinario: nel 2018 (esclusi interventi Vaia) sono state 120.000 (pari a 75 posti di lavoro) in capo a circa 500 lavoratori con media di 200 ore pro-capite\/anno.\u00a0 Il presidio della rete in Veneto viene garantito oggi con 19 sedi operative e 5 sedi direzionali, 4 in sedi di capoluogo di provincia (Verona, Padova; Mestre Venezia, Treviso) e una (1) di riferimento principale a Mestre Venezia. Pur in regime di sciopero, il personale di E-Distribuzione continuer\u00e0 a garantire con professionalit\u00e0 e responsabilit\u00e0 l&#8217;esercizio della rete, la sicurezza degli impianti, la rialimentazione e il ripristino del servizio in caso di guasti, con particolare attenzione a tutte le criticit\u00e0 anche legate all&#8217;attuale emergenza sanitaria.<\/p>\n<p>&nbsp;<\/p>\n<p>&nbsp;<\/p>\n<hr \/>\n<blockquote>\n<h3><\/h3>\n<h2>LA PRIMA DECISIONE POLITICA DEL SINDACO DA ZANCHE<\/h2>\n<p><strong><a href=\"https:\/\/www.radiopiu.net\/wordpress\/giornale-radiopiu-19-novembre-2020-direttore-mirko-mezzacasa\/ef6a3af8-2926-4db3-9565-e41dbe337a7d\/\" rel=\"attachment wp-att-173639\"><img loading=\"lazy\" decoding=\"async\" class=\" wp-image-173639 alignleft\" src=\"https:\/\/www.radiopiu.net\/wordpress\/wp-content\/uploads\/2020\/11\/ef6a3af8-2926-4db3-9565-e41dbe337a7d-300x225.jpg\" alt=\"\" width=\"163\" height=\"122\" srcset=\"https:\/\/www.radiopiu.net\/wordpress\/wp-content\/uploads\/2020\/11\/ef6a3af8-2926-4db3-9565-e41dbe337a7d-300x225.jpg 300w, https:\/\/www.radiopiu.net\/wordpress\/wp-content\/uploads\/2020\/11\/ef6a3af8-2926-4db3-9565-e41dbe337a7d-1024x768.jpg 1024w, https:\/\/www.radiopiu.net\/wordpress\/wp-content\/uploads\/2020\/11\/ef6a3af8-2926-4db3-9565-e41dbe337a7d-768x576.jpg 768w, https:\/\/www.radiopiu.net\/wordpress\/wp-content\/uploads\/2020\/11\/ef6a3af8-2926-4db3-9565-e41dbe337a7d-1536x1152.jpg 1536w, https:\/\/www.radiopiu.net\/wordpress\/wp-content\/uploads\/2020\/11\/ef6a3af8-2926-4db3-9565-e41dbe337a7d.jpg 1600w\" sizes=\"auto, (max-width: 163px) 100vw, 163px\" \/><\/a>GOSALDO<\/strong><\/p>\n<p><strong>DI GIANNI SANTOMASO\u00a0<\/strong><\/p>\n<p>&nbsp;<\/p>\n<p>&nbsp;<\/p>\n<p>&nbsp;<\/p><\/blockquote>\n<audio class=\"wp-audio-shortcode\" id=\"audio-173438-4\" preload=\"none\" style=\"width: 100%;\" controls=\"controls\"><source type=\"audio\/mpeg\" src=\"https:\/\/www.radiopiu.net\/wordpress\/wp-content\/uploads\/2020\/11\/GIANNI-GOSALDO.mp3?_=4\" \/><a href=\"https:\/\/www.radiopiu.net\/wordpress\/wp-content\/uploads\/2020\/11\/GIANNI-GOSALDO.mp3\">https:\/\/www.radiopiu.net\/wordpress\/wp-content\/uploads\/2020\/11\/GIANNI-GOSALDO.mp3<\/a><\/audio>\n<p>&nbsp;<\/p>\n<p>&nbsp;<\/p>\n<hr \/>\n<p>&nbsp;<\/p>\n<blockquote>\n<h3><a href=\"https:\/\/www.radiopiu.net\/wordpress\/giornale-radiopiu-19-novembre-2020-direttore-mirko-mezzacasa\/cat-5154273__340\/\" rel=\"attachment wp-att-173668\"><img loading=\"lazy\" decoding=\"async\" class=\" wp-image-173668 alignleft\" src=\"https:\/\/www.radiopiu.net\/wordpress\/wp-content\/uploads\/2020\/11\/cat-5154273__340-169x300.jpg\" alt=\"\" width=\"75\" height=\"134\" srcset=\"https:\/\/www.radiopiu.net\/wordpress\/wp-content\/uploads\/2020\/11\/cat-5154273__340-169x300.jpg 169w, https:\/\/www.radiopiu.net\/wordpress\/wp-content\/uploads\/2020\/11\/cat-5154273__340.jpg 191w\" sizes=\"auto, (max-width: 75px) 100vw, 75px\" \/><\/a> IL CALENDARIO SOLIDALE DEL CANTIERE DELLA PROVVIDENZA, STORIE DI ANIMALI IN TEMPI DI COVID<\/h3>\n<p>DI DAMIANO TORMEN<\/p><\/blockquote>\n<blockquote><audio class=\"wp-audio-shortcode\" id=\"audio-173438-5\" preload=\"none\" style=\"width: 100%;\" controls=\"controls\"><source type=\"audio\/mpeg\" src=\"https:\/\/www.radiopiu.net\/wordpress\/wp-content\/uploads\/2020\/11\/DAMIANO-3.mp3?_=5\" \/><a href=\"https:\/\/www.radiopiu.net\/wordpress\/wp-content\/uploads\/2020\/11\/DAMIANO-3.mp3\">https:\/\/www.radiopiu.net\/wordpress\/wp-content\/uploads\/2020\/11\/DAMIANO-3.mp3<\/a><\/audio>\n<p>&nbsp;<\/p>\n<p>&nbsp;<\/p><\/blockquote>\n<hr \/>\n<h3><\/h3>\n<blockquote>\n<h3>UN DIFFICILE AVVIO DELLA STAGIONE INVERNALE<\/h3>\n<\/blockquote>\n<h2><span style=\"color: #ff0000;\">IERI ALLA RADIO<\/span><\/h2>\n<p><strong>OSPITE GIULIANO VANTAGGI, DIRETTORE DMO\u00a0<\/strong><\/p>\n<p><span style=\"color: #0000ff;\">di Claudio Fontanive<\/span><\/p>\n<audio class=\"wp-audio-shortcode\" id=\"audio-173438-6\" preload=\"none\" style=\"width: 100%;\" controls=\"controls\"><source type=\"audio\/mpeg\" src=\"https:\/\/www.radiopiu.net\/wordpress\/wp-content\/uploads\/2020\/11\/giuliano-vantaggi-16-novembre.mp3?_=6\" \/><a href=\"https:\/\/www.radiopiu.net\/wordpress\/wp-content\/uploads\/2020\/11\/giuliano-vantaggi-16-novembre.mp3\">https:\/\/www.radiopiu.net\/wordpress\/wp-content\/uploads\/2020\/11\/giuliano-vantaggi-16-novembre.mp3<\/a><\/audio>\n<p>&nbsp;<\/p>\n<blockquote><p><em><a href=\"https:\/\/www.radiopiu.net\/wordpress\/un-difficile-avvio-della-stagione-invernale\/snow-2932553__340\/\" rel=\"attachment wp-att-173490\"><img loading=\"lazy\" decoding=\"async\" class=\"wp-image-173490 alignleft\" src=\"https:\/\/www.radiopiu.net\/wordpress\/wp-content\/uploads\/2020\/11\/snow-2932553__340-300x200.jpg\" alt=\"\" width=\"210\" height=\"140\" srcset=\"https:\/\/www.radiopiu.net\/wordpress\/wp-content\/uploads\/2020\/11\/snow-2932553__340-300x200.jpg 300w, https:\/\/www.radiopiu.net\/wordpress\/wp-content\/uploads\/2020\/11\/snow-2932553__340.jpg 510w\" sizes=\"auto, (max-width: 210px) 100vw, 210px\" \/><\/a>Destination Management Organization \u00e8 la gestione coordinata di tutti gli elementi che compongono una destinazione (attrazioni, accesso, marketing, risorse umane, immagine e prezzi). Esso adotta un approccio strategico per collegare tra loro entit\u00e0 molto diverse per una migliore gestione della destinazione. Le DMO sono organizzazioni senza scopo di lucro responsabili del management e del marketing di una determinata destinazione. Possono essere autorit\u00e0 od organizzazioni nazionali per il turismo, oppure organizzazioni di livello regionale o provinciale. Si tratta di organismi di natura pubblica o pubblico-privata che dimostrano di promuovere, commercializzare e gestire i flussi turistici, coinvolgendo tutti gli attori operanti sul territorio. Svolgono attivit\u00e0 di marketing attraverso portali e siti web. I DMO, quindi, non solo hanno un ruolo di primo piano nella promozione e nella commercializzazione delle mete turistiche, ma risultano ancora pi\u00f9 importanti, nel guidare lo sviluppo di tali mete.<\/em><\/p><\/blockquote>\n<p>&nbsp;<\/p>\n<hr \/>\n<blockquote>\n<h3><span style=\"color: #0000ff;\">\u00a0<\/span><\/h3>\n<h1><span style=\"color: #0000ff;\">IERI AD AGORDO diretta RADIO PIU &#8220;Questo non \u00e8 amore&#8221; con Wirna, Barbara, Enrico.<\/span><\/h1>\n<\/blockquote>\n<p><strong>di Mirko Mezzacasa\u00a0<\/strong><\/p>\n<p><strong><a href=\"https:\/\/www.radiopiu.net\/wordpress\/questo-non-e-amore-la-campagna-della-polizia-di-stato-per-la-giornata-internazionale-della-violenza-sulle-donne\/camper-polizia\/\" rel=\"attachment wp-att-169296\"><img loading=\"lazy\" decoding=\"async\" class=\" wp-image-169296 alignleft\" src=\"https:\/\/www.radiopiu.net\/wordpress\/wp-content\/uploads\/2020\/10\/CAMPER-POLIZIA-300x225.jpg\" alt=\"\" width=\"227\" height=\"170\" srcset=\"https:\/\/www.radiopiu.net\/wordpress\/wp-content\/uploads\/2020\/10\/CAMPER-POLIZIA-300x225.jpg 300w, https:\/\/www.radiopiu.net\/wordpress\/wp-content\/uploads\/2020\/10\/CAMPER-POLIZIA-1024x768.jpg 1024w, https:\/\/www.radiopiu.net\/wordpress\/wp-content\/uploads\/2020\/10\/CAMPER-POLIZIA-768x576.jpg 768w, https:\/\/www.radiopiu.net\/wordpress\/wp-content\/uploads\/2020\/10\/CAMPER-POLIZIA-1536x1151.jpg 1536w, https:\/\/www.radiopiu.net\/wordpress\/wp-content\/uploads\/2020\/10\/CAMPER-POLIZIA.jpg 1593w\" sizes=\"auto, (max-width: 227px) 100vw, 227px\" \/><\/a>AGORDO<\/strong> Ieri in piazza ad Agordo in occasione del mercato settimanale, la Polizia era\u00a0 presente con il camper per la campagna di sensibilizzazione sul tema della violenza sulle donne. Non solo la presenza sul posto ma anche una videoconferenza con l&#8217;Istituto Follador De Rossi per spiegare ai giovani le finalit\u00e0 della campagna dal titolo &#8220;Questo Non \u00c8 Amore&#8221;. Un incontro a distanza per fornire ai giovani degli spunti di riflessione sull&#8217;argomento.<\/p>\n<p>https:\/\/www.facebook.com\/mirko.mezzacasa\/videos\/10224961259565558<\/p>\n<p>&nbsp;<\/p>\n<hr \/>\n<blockquote>\n<h3><\/h3>\n<h3>APPROVATO IL PROGETTO ESECUTIVO PER PALAZZO VILLABRUNA<\/h3>\n<\/blockquote>\n<p><strong><a href=\"https:\/\/www.radiopiu.net\/wordpress\/approvato-il-progetto-esecutivo-per-palazzo-villabruna\/img_20201117_113038\/\" rel=\"attachment wp-att-173500\"><img loading=\"lazy\" decoding=\"async\" class=\" wp-image-173500 alignleft\" src=\"https:\/\/www.radiopiu.net\/wordpress\/wp-content\/uploads\/2020\/11\/IMG_20201117_113038-169x300.jpg\" alt=\"museo feltre\" width=\"121\" height=\"215\" srcset=\"https:\/\/www.radiopiu.net\/wordpress\/wp-content\/uploads\/2020\/11\/IMG_20201117_113038-169x300.jpg 169w, https:\/\/www.radiopiu.net\/wordpress\/wp-content\/uploads\/2020\/11\/IMG_20201117_113038-576x1024.jpg 576w, https:\/\/www.radiopiu.net\/wordpress\/wp-content\/uploads\/2020\/11\/IMG_20201117_113038-768x1365.jpg 768w, https:\/\/www.radiopiu.net\/wordpress\/wp-content\/uploads\/2020\/11\/IMG_20201117_113038-864x1536.jpg 864w, https:\/\/www.radiopiu.net\/wordpress\/wp-content\/uploads\/2020\/11\/IMG_20201117_113038-1152x2048.jpg 1152w, https:\/\/www.radiopiu.net\/wordpress\/wp-content\/uploads\/2020\/11\/IMG_20201117_113038-scaled.jpg 1440w\" sizes=\"auto, (max-width: 121px) 100vw, 121px\" \/><\/a>FELTRE<\/strong> La Giunta ha approvato il progetto definitivo esecutivo del secondo stralcio di interventi sulla sede del Museo Civico, in via Luzzo. Questo lotto di lavori riguarder\u00e0, in particolare, la manutenzione straordinaria della copertura e degli scuri. La loro riqualificazione, unitamente agli interventi interni gi\u00e0 realizzati e quelli previsti per la casa del custode (che rappresenter\u00e0 il terzo e ultimo stralcio dei lavori), contribuiranno alla riqualificazione dell&#8217;intero immobile, nella duplice chiave culturale e turistica. Nel dettaglio, tra le opere previste dal progetto approvato rientrano il disfacimento della copertura esistente; la rimozione della lattoneria esistente e la messa in opera di nuovi canali di gronda e pluviali in lamiera di rame; la fornitura e messa in opera del manto di copertura con coppi tradizionali; lo smontaggio degli scuri esistenti, il restauro delle ante, ove possibile, e la sostituzione di quelle troppo degradate. Il quadro economico <a href=\"https:\/\/www.radiopiu.net\/wordpress\/approvato-il-progetto-esecutivo-per-palazzo-villabruna\/img_20201117_112638\/\" rel=\"attachment wp-att-173499\"><img loading=\"lazy\" decoding=\"async\" class=\"size-medium wp-image-173499 alignright\" src=\"https:\/\/www.radiopiu.net\/wordpress\/wp-content\/uploads\/2020\/11\/IMG_20201117_112638-300x169.jpg\" alt=\"\" width=\"300\" height=\"169\" srcset=\"https:\/\/www.radiopiu.net\/wordpress\/wp-content\/uploads\/2020\/11\/IMG_20201117_112638-300x169.jpg 300w, https:\/\/www.radiopiu.net\/wordpress\/wp-content\/uploads\/2020\/11\/IMG_20201117_112638-1024x576.jpg 1024w, https:\/\/www.radiopiu.net\/wordpress\/wp-content\/uploads\/2020\/11\/IMG_20201117_112638-768x432.jpg 768w, https:\/\/www.radiopiu.net\/wordpress\/wp-content\/uploads\/2020\/11\/IMG_20201117_112638-1536x864.jpg 1536w, https:\/\/www.radiopiu.net\/wordpress\/wp-content\/uploads\/2020\/11\/IMG_20201117_112638-2048x1152.jpg 2048w\" sizes=\"auto, (max-width: 300px) 100vw, 300px\" \/><\/a>complessivo del progetto, finanziato grazie alle risorse del Fondo per i Comuni di Confine, \u00e8 pari a circa 176 mila euro, dei quali 144 mila per lavori e il restante per IVA, spese tecniche e altri oneri.<\/p>\n<blockquote><p>&nbsp;<\/p><\/blockquote>\n<p><strong>AUDIO L&#8217;ASSESSORE ALESSANDRO DEL BIANCO\u00a0<\/strong><\/p>\n<audio class=\"wp-audio-shortcode\" id=\"audio-173438-7\" preload=\"none\" style=\"width: 100%;\" controls=\"controls\"><source type=\"audio\/mpeg\" src=\"https:\/\/www.radiopiu.net\/wordpress\/wp-content\/uploads\/2020\/11\/Audio-Del-Bianco-lavori-museo.mp3?_=7\" \/><a href=\"https:\/\/www.radiopiu.net\/wordpress\/wp-content\/uploads\/2020\/11\/Audio-Del-Bianco-lavori-museo.mp3\">https:\/\/www.radiopiu.net\/wordpress\/wp-content\/uploads\/2020\/11\/Audio-Del-Bianco-lavori-museo.mp3<\/a><\/audio>\n<p>&nbsp;<\/p>\n<p>&nbsp;<\/p>\n<hr \/>\n<p>&nbsp;<\/p>\n<blockquote>\n<h3>COVID HOTEL, LE PRECISAZIONI DELLA ULSS DOLOMITI<\/h3>\n<p><em> Le indicazioni inviate sono frutto di disponibilit\u00e0 formali pervenute da soggetti titolati e non sono frutto di fantasia dell\u2019Ulss.<\/em><\/p><\/blockquote>\n<p><strong><a href=\"https:\/\/www.radiopiu.net\/wordpress\/aggiornamenti-organizzativi-ulss-1-dolomiti-del-9-marzo-2020-la-situazione-dei-servizi-rimane-invariata\/ulss-1-dolomiti-logo\/\" rel=\"attachment wp-att-121256\"><img loading=\"lazy\" decoding=\"async\" class=\" wp-image-121256 alignleft\" src=\"https:\/\/www.radiopiu.net\/wordpress\/wp-content\/uploads\/2020\/03\/ULSS-1-DOLOMITI-LOGO.jpg\" alt=\"\" width=\"210\" height=\"154\" \/><\/a>BELLUNO<\/strong>\u00a0 Sabato 14 novembre, su indicazione della Regione del Veneto, l\u2019Ulss Dolomiti ha verificato con sollecitudine le potenziali disponibilit\u00e0 di strutture ricettive del territorio per accogliere persone covid positive, come richiesto a livello nazionale. E\u2019 iniziata quindi una rapida interlocuzione con\u00a0 Federalberghi Belluno che ha comunicato all\u2019Ulss i nomi di due strutture disponibili. In precedenza, in data 12 novembre 2020 \u00e8 pervenuta all\u2019Ulss Dolomiti una nota della societ\u00e0 Stayincortina Srl con la manifestazione di disponibilit\u00e0 a trasformare temporaneamente l\u2019hotel Europa Executive di Belluno in un Covid Hotel ed\u00a0 \u00e8 arrivata la conferma di disponibilit\u00e0 di\u00a0 rendere fruibile per l\u2019accoglienza temporanea di pazienti covid positivi asintomatici la residenza \u201cVigilio De Silvestro\u201d di Domegge di Cadore. L\u2019Ulss Dolomiti ha quindi trasmesso le quattro disponibilit\u00e0 alla struttura regionale competente il 16 novembre stesso. La Regione ha individuato\u00a0 solo due strutture per il territorio ed \u00e8 stato deciso di indicare l\u2019hotel Executive di Belluno e la struttura di Domegge in virt\u00f9 della maggior capienza degli alberghi e della localizzazione in due zone diverse della provincia.<\/p>\n<p>&nbsp;<\/p>\n<p>&nbsp;<\/p>\n<hr \/>\n<blockquote>\n<h3><\/h3>\n<h3>DAGLI UTENTI DEL CENTRO DIURNO LA VIA DEL QUADRO<\/h3>\n<\/blockquote>\n<p><strong>FELTRE\u00a0<\/strong> Si chiama \u201cLa Via del Quadro\u201d ed \u00e8 un&#8217;iniziativa promossa dal Centro Diurno Via Medaglie d&#8217;Oro Ulss 1 Dolomiti. Si tratta di una mostra di quadri per le vie della citt\u00e0 di Feltre che intende valorizzare le opere realizzate dai giovani che frequentano il Centro. Sono dipinti che esprimono tutta la loro \u201cemotivit\u00e0 colorata\u201d, a volte con tinte tenui e pennellate delicate, spesso con una vera e propria esplosione di colori accostati tra loro con scelte singolari e assolutamente personali. Ognuno con il proprio tratto, la propria spontaneit\u00e0 e la propria personalit\u00e0. Alcuni di questi lavori sono stati realizzati dai ragazzi anche nelle proprie case durante il lungo periodo del \u201clockdown\u201d di questa primavera per l&#8217;emergenza Covid-19, sostenuti a distanza dagli operatori che hanno procurato loro supporti e materiali. Alcuni negozi hanno gi\u00e0 aderito all\u2019iniziativa, esponendo nelle proprie vetrine i lavori dei ragazzi, contribuendo a gratificare sia i \u201cpittori\u201d che le loro famiglie, con la speranza che anche in questa occasione tali opere riscuotano lo stesso successo e gli stessi apprezzamenti, cos\u00ec come in altre mostre realizzate dal Centro Diurno nel passato.<\/p>\n\n\t\t\t<style type='text\/css'>\n\t\t\t\t#gallery-2 {\n\t\t\t\t\tmargin: auto;\n\t\t\t\t}\n\t\t\t\t#gallery-2 .gallery-item {\n\t\t\t\t\tfloat: left;\n\t\t\t\t\tmargin-top: 10px;\n\t\t\t\t\ttext-align: center;\n\t\t\t\t\twidth: 20%;\n\t\t\t\t}\n\t\t\t\t#gallery-2 img {\n\t\t\t\t\tborder: 2px solid #cfcfcf;\n\t\t\t\t}\n\t\t\t\t#gallery-2 .gallery-caption {\n\t\t\t\t\tmargin-left: 0;\n\t\t\t\t}\n\t\t\t\t\/* see gallery_shortcode() in wp-includes\/media.php *\/\n\t\t\t<\/style>\n\t\t<div id='gallery-2' class='dt-gallery-container gallery galleryid-173438 gallery-columns-5 gallery-size-thumbnail'><dl class='gallery-item'>\n\t\t\t\t<dt class='gallery-icon portrait'>\n\t\t\t\t\t<a class=\"rollover rollover-zoom dt-pswp-item\" title=\"manifesto\" data-dt-img-description=\"\" data-large_image_width=\"1406\" data-large_image_height=\"2015\"href='https:\/\/www.radiopiu.net\/wordpress\/wp-content\/uploads\/2020\/11\/manifesto.jpg'><img loading=\"lazy\" decoding=\"async\" width=\"150\" height=\"150\" src=\"https:\/\/www.radiopiu.net\/wordpress\/wp-content\/uploads\/2020\/11\/manifesto-150x150.jpg\" class=\"attachment-thumbnail size-thumbnail\" alt=\"\" \/><\/a>\n\t\t\t\t<\/dt><\/dl><dl class='gallery-item'>\n\t\t\t\t<dt class='gallery-icon landscape'>\n\t\t\t\t\t<a class=\"rollover rollover-zoom dt-pswp-item\" title=\"OLYMPUS DIGITAL CAMERA\" data-dt-img-description=\"\" data-large_image_width=\"1109\" data-large_image_height=\"571\"href='https:\/\/www.radiopiu.net\/wordpress\/wp-content\/uploads\/2020\/11\/PA272139.jpg'><img loading=\"lazy\" decoding=\"async\" width=\"150\" height=\"150\" src=\"https:\/\/www.radiopiu.net\/wordpress\/wp-content\/uploads\/2020\/11\/PA272139-150x150.jpg\" class=\"attachment-thumbnail size-thumbnail\" alt=\"\" \/><\/a>\n\t\t\t\t<\/dt><\/dl><dl class='gallery-item'>\n\t\t\t\t<dt class='gallery-icon portrait'>\n\t\t\t\t\t<a class=\"rollover rollover-zoom dt-pswp-item\" title=\"IMG20201030103239\" data-dt-img-description=\"\" data-large_image_width=\"1500\" data-large_image_height=\"2000\"href='https:\/\/www.radiopiu.net\/wordpress\/wp-content\/uploads\/2020\/11\/IMG20201030103239.jpg'><img loading=\"lazy\" decoding=\"async\" width=\"150\" height=\"150\" src=\"https:\/\/www.radiopiu.net\/wordpress\/wp-content\/uploads\/2020\/11\/IMG20201030103239-150x150.jpg\" class=\"attachment-thumbnail size-thumbnail\" alt=\"\" \/><\/a>\n\t\t\t\t<\/dt><\/dl><dl class='gallery-item'>\n\t\t\t\t<dt class='gallery-icon portrait'>\n\t\t\t\t\t<a class=\"rollover rollover-zoom dt-pswp-item\" title=\"OLYMPUS DIGITAL CAMERA\" data-dt-img-description=\"\" data-large_image_width=\"753\" data-large_image_height=\"1155\"href='https:\/\/www.radiopiu.net\/wordpress\/wp-content\/uploads\/2020\/11\/PA282095.jpg'><img loading=\"lazy\" decoding=\"async\" width=\"150\" height=\"150\" src=\"https:\/\/www.radiopiu.net\/wordpress\/wp-content\/uploads\/2020\/11\/PA282095-150x150.jpg\" class=\"attachment-thumbnail size-thumbnail\" alt=\"\" \/><\/a>\n\t\t\t\t<\/dt><\/dl><dl class='gallery-item'>\n\t\t\t\t<dt class='gallery-icon landscape'>\n\t\t\t\t\t<a class=\"rollover rollover-zoom dt-pswp-item\" title=\"IMG-20201111-WA0014\" data-dt-img-description=\"\" data-large_image_width=\"1600\" data-large_image_height=\"1200\"href='https:\/\/www.radiopiu.net\/wordpress\/wp-content\/uploads\/2020\/11\/IMG-20201111-WA0014.jpg'><img loading=\"lazy\" decoding=\"async\" width=\"150\" height=\"150\" src=\"https:\/\/www.radiopiu.net\/wordpress\/wp-content\/uploads\/2020\/11\/IMG-20201111-WA0014-150x150.jpg\" class=\"attachment-thumbnail size-thumbnail\" alt=\"\" \/><\/a>\n\t\t\t\t<\/dt><\/dl><br style=\"clear: both\" \/>\n\t\t\t<\/div>\n\n<p>Con questa iniziativa il Centro Diurno \u201cVia Medaglie d&#8217;Oro\u201d si prefigge anche di dare visibilit\u00e0 ad alcune attivit\u00e0 che vengono svolte presso il Servizio all&#8217;intera comunit\u00e0 feltrina in cui esso \u00e8 inserito.<\/p>\n<p>&nbsp;<\/p>\n<hr \/>\n<p>&nbsp;<\/p>\n<p>&nbsp;<\/p>\n<blockquote>\n<h3>COME GESTIRE L&#8217;IMPATTO EMOTIVO DEL COVID 19<\/h3>\n<\/blockquote>\n<p><strong>BELLUNO<\/strong> <span style=\"font-family: Times New Roman, serif;\"><span style=\"font-size: medium;\">. La Psicologia ospedaliera dell\u2019Ulss Dolomiti, nell\u2019ambito del \u201cProgetto sostegno psicologico\u201d attivato con il supporto dell\u2019AIL e del Fondo Welfare della Provincia di Belluno, ha organizzato 3 webinar rivolti a <\/span><\/span><span style=\"font-family: Times New Roman, serif;\"><span style=\"font-size: medium;\"><b>genitori e insegnanti<\/b><\/span><\/span><span style=\"font-family: Times New Roman, serif;\"><span style=\"font-size: medium;\"> delle scuole di ogni ordine e grado al fine di aiutare gli adulti a comprendere e gestire le reazioni dei ragazzi a questa seconda ondata di pandemia. <\/span><\/span>Dalle 18.00 alle 20.00 il: \u00a030 \/11\/2020 per nidi e scuole per l\u2019infanzia \u25cf 02\/12\/2020 per le scuole primarie e secondarie di primo grado \u25cf 03\/12\/2020 per le scuole secondarie di secondo grado \u2794 Modalit\u00e0 di partecipazione: il webinar si terr\u00e0 sulla piattaforma Google Meet. Per partecipare, basta inviare una e-mail all\u2019indirizzo covid19.bl.sospsicologico@aulss1.veneto.it indicando a quale webinar desidera partecipare. Ricever\u00e0 via mail un link per accedere al webinar \u2794 Contenuti: Strategie per riconoscere e gestire le reazioni emotive legate all\u2019emergenza sanitaria<\/p>\n<p>&nbsp;<\/p>\n<p>&nbsp;<\/p>\n<hr \/>\n<p>&nbsp;<\/p>\n<p>&nbsp;<\/p>\n<p>&nbsp;<\/p>\n<blockquote class=\"wp-embedded-content\" data-secret=\"DOujalmeTo\"><p><a href=\"https:\/\/www.radiopiu.net\/wordpress\/raccolta-record-per-aviano-operazione-di-solidarieta-agordina\/\">RACCOLTA RECORD PER AVIANO, OPERAZIONE DI SOLIDARIETA&#8217; AGORDINA<\/a><\/p><\/blockquote>\n<p><iframe loading=\"lazy\" class=\"wp-embedded-content\" sandbox=\"allow-scripts\" security=\"restricted\" style=\"position: absolute; clip: rect(1px, 1px, 1px, 1px);\" title=\"&#8220;RACCOLTA RECORD PER AVIANO, OPERAZIONE DI SOLIDARIETA&#8217; AGORDINA&#8221; &#8212; Radio Pi\u00f9\" src=\"https:\/\/www.radiopiu.net\/wordpress\/raccolta-record-per-aviano-operazione-di-solidarieta-agordina\/embed\/#?secret=DOujalmeTo\" data-secret=\"DOujalmeTo\" width=\"600\" height=\"338\" frameborder=\"0\" marginwidth=\"0\" marginheight=\"0\" scrolling=\"no\"><\/iframe><\/p>\n<p>&nbsp;<\/p>\n<p>&nbsp;<\/p>\n<hr \/>\n<p>&nbsp;<\/p>\n<p>&nbsp;<\/p>\n<blockquote class=\"wp-embedded-content\" data-secret=\"HkNqg7FBq6\"><p><a href=\"https:\/\/www.radiopiu.net\/wordpress\/agg18\/\">CORONAVIRUS: AGGIORNAMENTO NAZIONALE 18 NOVEMBRE<\/a><\/p><\/blockquote>\n<p><iframe loading=\"lazy\" class=\"wp-embedded-content\" sandbox=\"allow-scripts\" security=\"restricted\" style=\"position: absolute; clip: rect(1px, 1px, 1px, 1px);\" title=\"&#8220;CORONAVIRUS: AGGIORNAMENTO NAZIONALE 18 NOVEMBRE&#8221; &#8212; Radio Pi\u00f9\" src=\"https:\/\/www.radiopiu.net\/wordpress\/agg18\/embed\/#?secret=HkNqg7FBq6\" data-secret=\"HkNqg7FBq6\" width=\"600\" height=\"338\" frameborder=\"0\" marginwidth=\"0\" marginheight=\"0\" scrolling=\"no\"><\/iframe><\/p>\n<p>&nbsp;<\/p>\n<blockquote class=\"wp-embedded-content\" data-secret=\"hKabOU0ORc\"><p><a href=\"https:\/\/www.radiopiu.net\/wordpress\/https-wp-me-p63lo7-j6h\/\">META&#8217; DEI DECESSI RISPETTO A IERI, MA SEMPRE OLTRE 50, 1651 ATTUALMENTE POSTIVI IN PIU&#8217;. A BELLUNO VERSO I 4000 ATTUALMENTE POSITIVI<\/a><\/p><\/blockquote>\n<p><iframe loading=\"lazy\" class=\"wp-embedded-content\" sandbox=\"allow-scripts\" security=\"restricted\" style=\"position: absolute; clip: rect(1px, 1px, 1px, 1px);\" title=\"&#8220;META&#8217; DEI DECESSI RISPETTO A IERI, MA SEMPRE OLTRE 50, 1651 ATTUALMENTE POSTIVI IN PIU&#8217;. A BELLUNO VERSO I 4000 ATTUALMENTE POSITIVI&#8221; &#8212; Radio Pi\u00f9\" src=\"https:\/\/www.radiopiu.net\/wordpress\/https-wp-me-p63lo7-j6h\/embed\/#?secret=hKabOU0ORc\" data-secret=\"hKabOU0ORc\" width=\"600\" height=\"338\" frameborder=\"0\" marginwidth=\"0\" marginheight=\"0\" scrolling=\"no\"><\/iframe><\/p>\n<blockquote>\n<h2>I GRAFICI DI TIZIANO DE COL<\/h2>\n<p><a href=\"https:\/\/www.radiopiu.net\/wordpress\/https-wp-me-p63lo7-j6h\/4b63c2a9-4f73-47fb-984c-3e0c6bf7906f\/\" rel=\"attachment wp-att-173658\"><img loading=\"lazy\" decoding=\"async\" class=\"alignnone size-medium wp-image-173658\" src=\"https:\/\/www.radiopiu.net\/wordpress\/wp-content\/uploads\/2020\/11\/4b63c2a9-4f73-47fb-984c-3e0c6bf7906f-300x220.jpg\" alt=\"\" width=\"300\" height=\"220\" srcset=\"https:\/\/www.radiopiu.net\/wordpress\/wp-content\/uploads\/2020\/11\/4b63c2a9-4f73-47fb-984c-3e0c6bf7906f-300x220.jpg 300w, https:\/\/www.radiopiu.net\/wordpress\/wp-content\/uploads\/2020\/11\/4b63c2a9-4f73-47fb-984c-3e0c6bf7906f.jpg 595w\" sizes=\"auto, (max-width: 300px) 100vw, 300px\" \/><\/a><a href=\"https:\/\/www.radiopiu.net\/wordpress\/https-wp-me-p63lo7-j6h\/f9aa1d89-1e26-479e-993c-267e4c4e6871\/\" rel=\"attachment wp-att-173657\"><img loading=\"lazy\" decoding=\"async\" class=\"alignnone size-medium wp-image-173657\" src=\"https:\/\/www.radiopiu.net\/wordpress\/wp-content\/uploads\/2020\/11\/f9aa1d89-1e26-479e-993c-267e4c4e6871-300x181.jpg\" alt=\"\" width=\"300\" height=\"181\" srcset=\"https:\/\/www.radiopiu.net\/wordpress\/wp-content\/uploads\/2020\/11\/f9aa1d89-1e26-479e-993c-267e4c4e6871-300x181.jpg 300w, https:\/\/www.radiopiu.net\/wordpress\/wp-content\/uploads\/2020\/11\/f9aa1d89-1e26-479e-993c-267e4c4e6871.jpg 590w\" sizes=\"auto, (max-width: 300px) 100vw, 300px\" \/>\u00a0<\/a><\/p>\n<p>&nbsp;<\/p>\n<p>&nbsp;<\/p>\n<p>&nbsp;<\/p><\/blockquote>\n<hr \/>\n<blockquote>\n<h3><\/h3>\n<p>&nbsp;<\/p>\n<p>&nbsp;<\/p>\n<h3>UN PIANO SEGRETO PER SUPERARE LA PANDEMIA? GIA&#8217; OLTRE 3000 LE VITTIME, RISTORI E PROMESSE DA MANTENERE. DOMANI INAUGURAZIONE DELLA PEDEMONTANA SENZA FESTA E TAGLIO DEL NASTRO<\/h3>\n<p>&nbsp;<\/p><\/blockquote>\n<h2 style=\"text-align: left;\">LEGGI LA CONFERENZA STAMPA DI LUCA ZAIA<\/h2>\n<p><em>Domani apriremo un tratto strategico della Pedemontana, il primo tratto aperto il 3 giugno 2019, il secondo il 18 di giugno 2020, domani la terza apertura\u00a0 da Breganze a Bassano con dimezzamento dei tempi degli spostamenti rispetto alla viabilit\u00e0 ordinaria. 94 km e mezzo, 36 comuni attraversati e 14 caselli<\/em><\/p>\n<p>Si stanno creando nuovi posti in terapia intensiva anche se i primi entrati stanno uscendo, importante sarebbe non caricare piu&#8217; tanto. Il territorio risponde con le cure domiciliari, tra gli indicatori crediamo di essere nella parte alta della curva ma non si sa quanto durer\u00e0. Impossibili le previsioni in vista del Natale. Domani dalle 12 via alla Pedemontana, 35 chilometri aperti ma non ci sar\u00e0 nessuna festa, nessun taglio del nastro in ottica anti covid. <strong>RISTORI<\/strong>\u00a0 C&#8217;\u00e8 chi dice che ha ricevuto e chi dice che non ha avuto nulla, non siamo nelle condizioni di avere notizie ufficiali, lo sa solo il Governo che dovrebbe fare un resoconto tramite l&#8217;Agenzia delle Entrate, il Governo dovrebbe informare. La nostra ordinanza con l&#8217;intesa del Ministro della Salute \u00e8 chiara, troverei imbarazzante non ci fossero ristori per il Veneto dopo le restrizioni attuali. Inutile ci dicano di fare restrizioni regionali e poi il Governo riconosca solo quello che mette in pratica da Roma. Se di fanno misure restrittive che anticipano e non si riconosce le restrizioni come ristoro&#8230;il Governo dovr\u00e0 fare un provvedimento altrimenti pi\u00f9 nessuno far\u00e0 restrizioni, soprattutto quelle dolorose. Il Governo si era comunque impegnato ma non ci sono ancora risposte. Immagino che verr\u00e0 formalizzata con un provvedimento ma non so quale. <strong>CASI DI POSITIVITA&#8217; TRA GLI ASSESSORI (3, De Berti, Caner, Calzavara)<\/strong> L&#8217;operativit\u00e0 \u00e8 comunque garantita ho modificato il regolamento per le attivit\u00e0 da remoto che prima non si potevano fare, assolutamente l&#8217;operativit\u00e0 c&#8217;\u00e8 con i limiti della quarantena. <strong>DA MESI SIETE I PIU&#8217; ESPOSTI AVETE PRESO PRECAUZIONI?<\/strong> Tamponi ogni 5 giorni, io vivo in una bolla i miei contatti stretti siete voi, non ne ho altri. Voi il gruppo di lavoro sopra (5-6) e mia moglie a casa. Non frequento nessuno, vado a fare la spesa in orari in cui non c&#8217;\u00e8 la calca. <strong>OSPEDALE DAL QATAR HA SPICCATO IL VOLO<\/strong> Voglio essere cortese l&#8217;ospedale \u00e8 li, composto da un nucleo centrale e due piccole ali e abbiamo pensato di usarlo a fare drive in in giro per il Veneto non certo in Val d&#8217;Aosta. Non voglio pero&#8217; arrabbiarmi.<strong> ATTESA DEL VENERDI, CAMBI DI FASCIA TEMETE L&#8217;ARANCIONE O IL ROSSO?<\/strong> E&#8217; come il sabato del villaggio di Leopardi con l&#8217;aspettativa del di giorno di festa, puo&#8217; arrivare la tempesta o il brutto tempo. I nostri dati sono buoni, stiamo raccogliendo tanto plasma, letti ne abbiamo, il piano tiene (fino a 6000 e poi abbiamo un&#8217;altra cosa che non diciamo, siamo pronti al peggio) staremo a vedere. L&#8217;algoritmo \u00e8 inquietante, un frullatore che non sai mai quale poltiglia fa uscire. Per noi la situazione \u00e8 sotto controllo ma siamo appeti all&#8217; Rt. Non credo abbiamo i demeriti per passare in zona arancione e se ci fossero problemi chiediamo che vengano sentiti a confronto i nostri tecnici. Se qualcuno ha dubbi noi non ne abbiamo e le restrizioni hanno funzionato. <strong>SETTORE FITNESS NESSUN RISTORO?<\/strong> Non sarebbe giusto, il decreto era agganciato al DPCM che chiudeva alcune attivit\u00e0 palestre comprese e non si parlava di zone colorate. Non sta in piedi questo ragionamento che i ristori sono solo per le zone arancio e rosse. Il Presidente del Consiglio ha annunciato le chiusure dicendo che sarebbero arrivati i soldi in bonifico sul conto corrente. <strong>C&#8217;E&#8217; CHI PROPONE IL TEST RAPIDO A PAGAMENTO<\/strong> Non \u00e8 vendibile perch\u00e9 non \u00e8 totalmente sperimentato n\u00e9 autorizzato dal Ministero, chiunque lo proponga ai cittadini sta proponendo qualcosa di illegale.<strong> UN PIANO SEGRETO?<\/strong> Esisterebbe un piano di emergenza straordinario, del quale Zaia\u00a0 non ha voluto rivelare nulla, dovrebbe per\u00f2 fronteggiare lo scenario peggiore dell&#8217;epidemia, potrebbe trattarsi di una\u00a0 strategia della Sanit\u00e0 veneta che comprende anche l&#8217;aumento di posti disponibili in area non critica e in terapia intesniva.<\/p>\n<blockquote>\n<h3>L&#8217;INGEGNER PAOLO FATTORI \u00a0Direttore Generale dell&#8217;Area Sanit\u00e0 e Sociale<\/h3>\n<p><em>Vi spiego l&#8217;attivit\u00e0 di Azienda Zero a supporto della sanit\u00e0 e socio sanit\u00e0. Materiale distribuito ovunque case di riposo e strutture socio sanitarie comprese. Il periodo dal 26 febbraio al 14 novembre e questo il materiale consegnato e distribuito.<\/em><\/p><\/blockquote>\n<p>Consegnato ad ogni responsabile della struttura una tabella, ognuno ha indicato il proprio fabbisogno e sottoscritto la tabella. Fabbisogno giornaliero\u00a0 (parliamo di 100 mila addetti) che poi \u00e8 stato caricato sul portale tenendo conto della criticit\u00e0 del momento e il contagio delle aree. Parliamo di calzari 1 milioni 984 mila, camici 5 milioni 651 mila, cuffie 2 milioni 306 mila, guanti 25 milioni 799 mila, mascherine chirurgice 31 milioni, mascherine ffp2 quasi 10 milioni, mascherine ffp3 416 mila, occhiali 163 mila, tute 244 mila, visiere 659mila. Fabbisogno medio giornaliero nel periodo estivo il calo valore medio mascherna 120 mila al giorno, ffp3 34 mila al giorno camici 21 mila al giorno. Aree covid espansione a marzo, riduzione estiva e poi il fabbisogno si continua a raccoglierlo dopo averlo esaminato, \u00e8 un continuo progetto di magazzino e nuvoe gare. In magazzino: 3 milioni calzari cioe&#8217; 17 mesi di atuonomia ffp2 11 milioni per 22 mesi di autonomia, camici quasi 5 milioni per 18 mesi di autonomia, cuffie quasi 10 milioni per 12 mesi, mascherine chirurgice\u00a0 quasi 15 milioni per 4 mesi, mascherine ffp3 quasi 2 milioni per 26 mesi di autonomia, occhiali 640 mila per 12 mesi, tute 1 milione 200 mila per 30 mesi, visiere 1 milioni 16 mila per 14 mesi, mascherine per 6 mesi di autonomia, guanti 6 milioni per 2 mesi. Per\u00f2 azienda zero continua con la programmazione avviando gare a seconda dei consumi previsti. Sono stati inseriti anche ulteriori articoli per rispondere al meglio alle richieste delle aziende sanitarie. <strong>CHE TIPO DI GARE?<\/strong> Aperte\u00a0 ed europee DISPONIBILITA&#8217; LIMITATA DI MASCHERINE CHIRURGICHE? Abbiamo autonomia di 4 mesi ma le si trovano ovunque, abbiamo altresi 22 mesi di ffp2.<\/p>\n<a href=\"https:\/\/www.radiopiu.net\/wordpress\/wp-content\/uploads\/2020\/11\/Quantita\u0300-distribuite-.pdf\" class=\"pdfemb-viewer\" style=\"\" data-width=\"max\" data-height=\"max\" data-toolbar=\"top\" data-toolbar-fixed=\"on\">Quantita\u0300 distribuite<\/a>\n<blockquote>\n<h2>ASSESSORE MANUELA LANZARIN<\/h2>\n<\/blockquote>\n<p><strong>Vaccini anti influenza ,<\/strong> siamo in trattativa con il Governo per avere un vaccino per i minori, oltre la gara gi\u00e0 nota. Le 170 mila dosi dell&#8217;ultimo lotto di agosto dovrebbero arrivare a inizio dicembre. Faremo una ricognizione Ulss per Ulss per capire i consumi.<\/p>\n<p>https:\/\/www.facebook.com\/zaiaufficiale\/videos\/796121087632067<\/p>\n<p>&nbsp;<\/p>\n<p>&nbsp;<\/p>\n<blockquote><p>&nbsp;<\/p><\/blockquote>\n<hr \/>\n<blockquote>\n<h3><span style=\"color: #ff0000;\">L&#8217;INTERROGAZIONE<\/span><\/h3>\n<blockquote>\n<h3>RITARDI NELLA DISTRIBUZIONE DEL VACCINO ANTINFLUENZALE, LE CRITICHE DEL PD<\/h3>\n<\/blockquote>\n<\/blockquote>\n<p><strong><a href=\"https:\/\/www.radiopiu.net\/wordpress\/giornale-radiopiu-13-giugno-2020-direttore-mirko-mezzacasa\/vaccino\/\" rel=\"attachment wp-att-143923\"><img loading=\"lazy\" decoding=\"async\" class=\"wp-image-143923 alignleft\" src=\"https:\/\/www.radiopiu.net\/wordpress\/wp-content\/uploads\/2020\/06\/vaccino-300x200.jpg\" alt=\"\" width=\"203\" height=\"135\" srcset=\"https:\/\/www.radiopiu.net\/wordpress\/wp-content\/uploads\/2020\/06\/vaccino-300x200.jpg 300w, https:\/\/www.radiopiu.net\/wordpress\/wp-content\/uploads\/2020\/06\/vaccino-1024x683.jpg 1024w, https:\/\/www.radiopiu.net\/wordpress\/wp-content\/uploads\/2020\/06\/vaccino-768x512.jpg 768w, https:\/\/www.radiopiu.net\/wordpress\/wp-content\/uploads\/2020\/06\/vaccino-1536x1024.jpg 1536w, https:\/\/www.radiopiu.net\/wordpress\/wp-content\/uploads\/2020\/06\/vaccino.jpg 1920w\" sizes=\"auto, (max-width: 203px) 100vw, 203px\" \/><\/a>VENEZIA<\/strong> <em>\u201cIl boom delle richieste di vaccinazioni era ampiamente prevedibile ma, nonostante gli annunci e le promesse, i medici di famiglia lamentano gravi ritardi, con l\u2019impossibilit\u00e0 di rispettare la calendarizzazione. Lo stesso vale per le farmacie, che sapranno solo a fine mese il quantitativo che gli sar\u00e0 riservato; ma le dosi ad oggi previste sono poche rispetto al reale fabbisogno. Non \u00e8 cos\u00ec che si fa una buona programmazione; quando saranno effettivamente disponibili tutte quelle acquistate dalla Regione?\u201d.<\/em> A interrogare l\u2019assessore Manuela Lanzarin, sono le consigliere del Partito Democratico Anna Maria Bigon e Francesca Zottis, riportando le difficolt\u00e0 segnalate dalla Federazione italiana medici di medicina generale nel ricevere le forniture dalle varie Ulss.\u00a0 <em>\u201cA giugno &#8211; ricordano &#8211; era stato annunciato con grande enfasi l\u2019acquisto di 1,3 milioni di dosi, ma ancora adesso manca circa il 30% di quanto richiesto<\/em>.\u00a0<em> Qualcosa per\u00f2 non ha funzionato: sta saltando la calendarizzazione delle fasce a rischio come anziani e bambini e non si sa quando potr\u00e0 partire quella per gli adulti. Vorremmo sapere le ragioni dei ritardi, ma, soprattutto &#8211; insistono le consigliere &#8211; quando arriveranno le dosi necessarie, sia ai medici di famiglia che alle farmacie\u201d.\u00a0<\/em><\/p>\n<blockquote>\n<h3><\/h3>\n<\/blockquote>\n<hr \/>\n<blockquote>\n<h3><\/h3>\n<h3>OGGI\u00a0 APERTURA DELLA TERZA TRATTA DELLA PEDEMONTANA, 15 KM DA BREGANZE A BASSANO.<\/h3>\n\n\t\t\t<style type='text\/css'>\n\t\t\t\t#gallery-3 {\n\t\t\t\t\tmargin: auto;\n\t\t\t\t}\n\t\t\t\t#gallery-3 .gallery-item {\n\t\t\t\t\tfloat: left;\n\t\t\t\t\tmargin-top: 10px;\n\t\t\t\t\ttext-align: center;\n\t\t\t\t\twidth: 20%;\n\t\t\t\t}\n\t\t\t\t#gallery-3 img {\n\t\t\t\t\tborder: 2px solid #cfcfcf;\n\t\t\t\t}\n\t\t\t\t#gallery-3 .gallery-caption {\n\t\t\t\t\tmargin-left: 0;\n\t\t\t\t}\n\t\t\t\t\/* see gallery_shortcode() in wp-includes\/media.php *\/\n\t\t\t<\/style>\n\t\t<div id='gallery-3' class='dt-gallery-container gallery galleryid-173438 gallery-columns-5 gallery-size-thumbnail'><dl class='gallery-item'>\n\t\t\t\t<dt class='gallery-icon landscape'>\n\t\t\t\t\t<a class=\"rollover rollover-zoom dt-pswp-item\" title=\"PHOTO-2020-11-18-16-55-13 3\" data-dt-img-description=\"\" data-large_image_width=\"1048\" data-large_image_height=\"417\"href='https:\/\/www.radiopiu.net\/wordpress\/wp-content\/uploads\/2020\/11\/PHOTO-2020-11-18-16-55-13-3.jpg'><img loading=\"lazy\" decoding=\"async\" width=\"150\" height=\"150\" src=\"https:\/\/www.radiopiu.net\/wordpress\/wp-content\/uploads\/2020\/11\/PHOTO-2020-11-18-16-55-13-3-150x150.jpg\" class=\"attachment-thumbnail size-thumbnail\" alt=\"\" \/><\/a>\n\t\t\t\t<\/dt><\/dl><dl class='gallery-item'>\n\t\t\t\t<dt class='gallery-icon landscape'>\n\t\t\t\t\t<a class=\"rollover rollover-zoom dt-pswp-item\" title=\"PHOTO-2020-11-18-16-55-14 (1)\" data-dt-img-description=\"\" data-large_image_width=\"679\" data-large_image_height=\"413\"href='https:\/\/www.radiopiu.net\/wordpress\/wp-content\/uploads\/2020\/11\/PHOTO-2020-11-18-16-55-14-1.jpg'><img loading=\"lazy\" decoding=\"async\" width=\"150\" height=\"150\" src=\"https:\/\/www.radiopiu.net\/wordpress\/wp-content\/uploads\/2020\/11\/PHOTO-2020-11-18-16-55-14-1-150x150.jpg\" class=\"attachment-thumbnail size-thumbnail\" alt=\"\" \/><\/a>\n\t\t\t\t<\/dt><\/dl><dl class='gallery-item'>\n\t\t\t\t<dt class='gallery-icon landscape'>\n\t\t\t\t\t<a class=\"rollover rollover-zoom dt-pswp-item\" title=\"PHOTO-2020-11-18-16-55-14 4\" data-dt-img-description=\"\" data-large_image_width=\"874\" data-large_image_height=\"412\"href='https:\/\/www.radiopiu.net\/wordpress\/wp-content\/uploads\/2020\/11\/PHOTO-2020-11-18-16-55-14-4.jpg'><img loading=\"lazy\" decoding=\"async\" width=\"150\" height=\"150\" src=\"https:\/\/www.radiopiu.net\/wordpress\/wp-content\/uploads\/2020\/11\/PHOTO-2020-11-18-16-55-14-4-150x150.jpg\" class=\"attachment-thumbnail size-thumbnail\" alt=\"\" \/><\/a>\n\t\t\t\t<\/dt><\/dl><dl class='gallery-item'>\n\t\t\t\t<dt class='gallery-icon landscape'>\n\t\t\t\t\t<a class=\"rollover rollover-zoom dt-pswp-item\" title=\"PHOTO-2020-11-18-16-55-13 4\" data-dt-img-description=\"\" data-large_image_width=\"826\" data-large_image_height=\"441\"href='https:\/\/www.radiopiu.net\/wordpress\/wp-content\/uploads\/2020\/11\/PHOTO-2020-11-18-16-55-13-4.jpg'><img loading=\"lazy\" decoding=\"async\" width=\"150\" height=\"150\" src=\"https:\/\/www.radiopiu.net\/wordpress\/wp-content\/uploads\/2020\/11\/PHOTO-2020-11-18-16-55-13-4-150x150.jpg\" class=\"attachment-thumbnail size-thumbnail\" alt=\"\" \/><\/a>\n\t\t\t\t<\/dt><\/dl><dl class='gallery-item'>\n\t\t\t\t<dt class='gallery-icon landscape'>\n\t\t\t\t\t<a class=\"rollover rollover-zoom dt-pswp-item\" title=\"PHOTO-2020-11-18-16-55-14 3\" data-dt-img-description=\"\" data-large_image_width=\"596\" data-large_image_height=\"444\"href='https:\/\/www.radiopiu.net\/wordpress\/wp-content\/uploads\/2020\/11\/PHOTO-2020-11-18-16-55-14-3.jpg'><img loading=\"lazy\" decoding=\"async\" width=\"150\" height=\"150\" src=\"https:\/\/www.radiopiu.net\/wordpress\/wp-content\/uploads\/2020\/11\/PHOTO-2020-11-18-16-55-14-3-150x150.jpg\" class=\"attachment-thumbnail size-thumbnail\" alt=\"\" \/><\/a>\n\t\t\t\t<\/dt><\/dl><br style=\"clear: both\" \/>\n\t\t\t<\/div>\n<\/blockquote>\n<p><strong> <a href=\"https:\/\/www.radiopiu.net\/wordpress\/domani-apertura-della-terza-tratta-della-pedemontana\/249bb4f1-2225-486e-a7eb-bbcf31c6e5c0\/\" rel=\"attachment wp-att-173585\"><img loading=\"lazy\" decoding=\"async\" class=\"size-medium wp-image-173585 alignleft\" src=\"https:\/\/www.radiopiu.net\/wordpress\/wp-content\/uploads\/2020\/11\/249bb4f1-2225-486e-a7eb-bbcf31c6e5c0-300x169.jpg\" alt=\"\" width=\"300\" height=\"169\" srcset=\"https:\/\/www.radiopiu.net\/wordpress\/wp-content\/uploads\/2020\/11\/249bb4f1-2225-486e-a7eb-bbcf31c6e5c0-300x169.jpg 300w, https:\/\/www.radiopiu.net\/wordpress\/wp-content\/uploads\/2020\/11\/249bb4f1-2225-486e-a7eb-bbcf31c6e5c0-1024x576.jpg 1024w, https:\/\/www.radiopiu.net\/wordpress\/wp-content\/uploads\/2020\/11\/249bb4f1-2225-486e-a7eb-bbcf31c6e5c0-768x432.jpg 768w, https:\/\/www.radiopiu.net\/wordpress\/wp-content\/uploads\/2020\/11\/249bb4f1-2225-486e-a7eb-bbcf31c6e5c0-1536x864.jpg 1536w, https:\/\/www.radiopiu.net\/wordpress\/wp-content\/uploads\/2020\/11\/249bb4f1-2225-486e-a7eb-bbcf31c6e5c0.jpg 1600w\" sizes=\"auto, (max-width: 300px) 100vw, 300px\" \/><\/a>VENEZIA<\/strong> Oggi alle 12 sar\u00e0 aperta la terza tratta funzionale della Pedemontana Veneta, dal casello di Breganze a quello di Bassano del Grappa Ovest. Con questi ulteriori 15 chilometri si arriva a una percorribilit\u00e0 complessiva provvisoria di circa 35 chilometri della pi\u00f9 rilevante infrastruttura viaria in costruzione in Italia che si svilupper\u00e0, quando sar\u00e0 completata, su 94 chilometri, attraversando 36 Comuni, con 14 caselli, per un investimento di 2 miliardi e 258 milioni di euro <em>\u201cSi tratta di un tratto strategico \u2013 ha detto il presidente della Regione Luca Zaia, annunciandone l\u2019apertura ieri nel corso del consueto punto stampa nella sede della Protezione Civile a Marghera \u2013 che consentir\u00e0 un dimezzamento dei tempi di percorrenza tra le diverse localit\u00e0 servite dalla nuova arteria stradale, in quello che \u00e8 il cuore produttivo del Veneto. Con l\u2019apertura del primo tratto nel giugno 2019, del secondo nel giugno scorso e il terzo di oggi, stiamo gradualmente constatando i grandi vantaggi di questa infrastruttura dal punto di vista logistico e ambientale, nuova nel suo genere, anche gradevole da percorrere, con scarpate dolci, molte alberature e ampie superfici a prato\u201d.<\/em><\/p>\n<p><a href=\"https:\/\/www.radiopiu.net\/wordpress\/giornale-radiopiu-19-novembre-2020-direttore-mirko-mezzacasa\/1498-2020-slide-presentazione\/\" rel=\"attachment wp-att-173583\">1498-2020 &#8211; slide presentazione<\/a><\/p>\n<h2>VIDEO<\/h2>\n<p><iframe loading=\"lazy\" title=\"1498 2020   filmato terza tratta Pedemontana Veneta Breganze Bassano 11 2020 1\" width=\"1200\" height=\"675\" src=\"https:\/\/www.youtube.com\/embed\/7EmeWHoSYxc?feature=oembed\" frameborder=\"0\" allow=\"accelerometer; autoplay; clipboard-write; encrypted-media; gyroscope; picture-in-picture\" allowfullscreen><\/iframe><\/p>\n<blockquote><p>&nbsp;<\/p>\n<p>&nbsp;<\/p><\/blockquote>\n<hr \/>\n<blockquote>\n<h2><\/h2>\n<h2>Trasporti sanitari e COVID: l\u2019Ulss con le Associazioni<\/h2>\n<\/blockquote>\n<p><strong>BELLUNO<\/strong> Le Associazioni di volontariato sono parte fondamentale del sistema socio sanitario del nostro territorio. Con le Associazioni che si occupano di trasporti sanitari la sintonia deve essere massima: l\u2019Ulss Dolomiti conferma l\u2019impegno per potenziare la collaborazione. In merito all\u2019esposizione a rischi COVID correlati da parte di personale volontario, l\u2019Azienda ritiene di rassicurare le Associazioni:<\/p>\n<p><img loading=\"lazy\" decoding=\"async\" class=\"alignleft\" src=\"https:\/\/www.radiopiu.net\/wordpress\/wp-content\/uploads\/2020\/06\/download-36.jpg\" width=\"289\" height=\"158\" \/>Fin dalla \u201cprima ondata\u201d della pandemia la Centrale Operativa SUEM 118 ha scelto di <b>NON<\/b> impiegare, per la realizzazione di soccorsi e trasporti di pazienti positivi COVID o comunque con sintomi COVID-correlati, equipaggi appartenenti al mondo del volontariato. Considerata la percentuali di persone covid positive asintomatiche, non si pu\u00f2 tuttavia escludere, allo stato attuale, che qualche paziente soccorso per altri motivi risulti successivamente covid positivo. Al fine di garantire la maggiore tutela, con comunicazione della CO SUEM 118 del 29\/10\/2020 \u00e8 stato disposto che tutto il personale operante in autoambulanza a qualsiasi titolo, <b>indossi sempre una mascherina FFP2<\/b>, occhiali protettivi o visiera nonch\u00e9, come sempre, guanti monouso. La medesima disposizione prevede come anche il paziente debba indossare una mascherina chirurgica, e se non ne dispone, viene fornita dall&#8217;equipaggio intervenuto. Si ricordo, inoltre, come il personale volontario, per la sua stessa natura di soccorritore laico, <b>non compie sui pazienti alcun tipo di \u201cmanovra avanzata\u201d,<\/b> quale gestione delle vie aeree o aerosolterapia, che ovviamente lo esporrebbero a rischi di contaminazione da droplet. Tutto ci\u00f2 premesso, si pu\u00f2 solo confermare che eventuali pazienti COVID positivi soccorsi o trasportati da equipaggi di personale volontario che abbia applicato le semplici regole della disposizione citata, non sono da considerarsi quali \u201ccontatti ad alto rischio\u201d. Al fine di rendere ancora pi\u00f9 chiara tale disposizione, ed in sinergia con il Dipartimento di Prevenzione della AULSS1, \u00e8 stata emanata una Istruzione Operativa specifica, che oltre a ribadire quanto esposto sopra, prevede anche che una eventuale \u201cinfrazione\u201d della catena delle protezioni, e quindi un improbabile ma sempre possibile contatto ad alto rischio, venga segnalato ed in tal caso l\u2019equipaggio verr\u00e0 preso in carico dalla Direzione Medica che provveder\u00e0 ad una attenta valutazione dell\u2019evento, e lo seguir\u00e0 in tutte le procedure e gli screening che venissero eventualmente ritenuti necessari. In riferimento alle altre richieste della lettera inviata all\u2019Ulss dalle Associazioni Eva Alpago, Valbelluna emergenza, VOLA SEAS e Stella Alpina, si segnala che gi\u00e0 lo scorso settembre si era cercato di riprendere l\u2019attivit\u00e0 formativa a favore delle Associazioni ed Enti di Volontariato, e non solo per il rischio COVID ma pi\u00f9 in generale per tutti gli aspetti legati al soccorso, ma tale iniziativa si \u00e8 ben presto arenata con l\u2019arrivo della cosiddetta \u201cseconda ondata\u201d. Sar\u00e0 ripresa non appena possibile. Per quel che riguarda l\u2019eventuale sostegno psicologico, si ricorda che \u00e8 attivo un specifico servizio tramite la Psicologia Ospedaliera con al suo attivo numerosi interventi in diversi ambiti covid. Sar\u00e0 cura dell\u2019Azienda comunicare alle Associazioni i precisi contatti e i riferimenti. <em>\u00abConfermo l\u2019impegno dell\u2019Azienda per migliorare la collaborazione con le Associazioni dei volontari dei trasporti in ambulanza per continuare a garantire un servizio utile e sicuro ai nostri assistiti\u00bb,<\/em> commenta il Direttore Generale Adriano Rasi Caldogno, <em>\u00abstiamo organizzando a stretto giro un incontro con le associazioni per approfondire le tematiche sollevate, nel consueto spirito di collaborazione e attenzione e per la sicurezza dei suoi operatori e dei volontari in ogni circostanza\u00bb.<\/em><\/p>\n<h3><\/h3>\n<blockquote>\n<h3><\/h3>\n<\/blockquote>\n<hr \/>\n<h3><\/h3>\n<blockquote>\n<h3><\/h3>\n<h3>SCUOLE FORMAZIONE PROFESSIONALE RISTORAZIONE E AUTOMOTIVE<\/h3>\n<\/blockquote>\n<p><strong>LONGARONE<\/strong> Sabato al centro di formazione Enaip le famiglie e gli allievi di terza media potranno conoscere l&#8217;organizzazione e le materie dei percorsi triennali di formazione a qulifica professionale di ristorazione e riparazione veicoli a motore visitando auel e laboratori. Informazioni allo 0437 770318<\/p>\n<p>&nbsp;<\/p>\n<blockquote>\n<h3><span style=\"color: #222222;\"><span style=\"font-family: Arial, sans-serif;\">SCUOLA APERTA AI LICEI GALILEI-TIZIANO<\/span><\/span><\/h3>\n<\/blockquote>\n<p><strong>BELLUNO<\/strong>\u00a0<span style=\"color: #222222;\"><span style=\"font-family: Arial, sans-serif;\">Sabato alle 15 si terr\u00e0 il primo incontro di Scuola aperta per i Licei Galilei-Tiziano. Dato il perdurare dell&#8217;emergenza sanitaria, gli incontri si terranno on-line. <\/span><\/span><span style=\"color: #222222;\"><span style=\"font-family: Arial, sans-serif;\">Sul sito della scuola (<\/span><\/span><span style=\"color: #0000ff;\"><u><a href=\"http:\/\/www.liceibelluno.edu.it\/\" target=\"_blank\" rel=\"noopener noreferrer\"><span style=\"color: #1155cc;\"><span style=\"font-family: Arial, sans-serif;\">www.liceibelluno.edu.it<\/span><\/span><\/a><\/u><\/span><span style=\"color: #222222;\"><span style=\"font-family: Arial, sans-serif;\">)\u00a0 \u00e8 gi\u00e0 attivo il link dedicato per iscriversi al primo incontro su Zoom e presenter\u00e0 i due indirizzi scientifici dell\u2019Istituto. Al raggiungimento dei cento iscritti il link verr\u00e0 temporaneamente chiuso e riattivato dopo quella data per l\u2019iscrizione all\u2019appuntamento successivo. <\/span><\/span><span style=\"color: #222222;\"><span style=\"font-family: Arial, sans-serif;\">Cinque gli appuntamenti programmati da qui a gennaio<\/span><\/span><\/p>\n<p>&nbsp;<\/p>\n<p>&nbsp;<\/p>\n<hr \/>\n<blockquote>\n<h3><\/h3>\n<\/blockquote>\n<p>&nbsp;<\/p>\n<h3>FIBROMIALGIA: CON UN APP ACCANTO E&#8217; PIU&#8217; SEMPLICE<\/h3>\n<p><strong><a href=\"https:\/\/www.radiopiu.net\/wordpress\/fibromialgia-con-un-app-accanto-e-piu-semplice\/immagine-social\/\" rel=\"attachment wp-att-173397\"><img loading=\"lazy\" decoding=\"async\" class=\" wp-image-173397 alignleft\" src=\"https:\/\/www.radiopiu.net\/wordpress\/wp-content\/uploads\/2020\/11\/Immagine-social-300x300.jpg\" alt=\"\" width=\"115\" height=\"115\" srcset=\"https:\/\/www.radiopiu.net\/wordpress\/wp-content\/uploads\/2020\/11\/Immagine-social-300x300.jpg 300w, https:\/\/www.radiopiu.net\/wordpress\/wp-content\/uploads\/2020\/11\/Immagine-social-150x150.jpg 150w, https:\/\/www.radiopiu.net\/wordpress\/wp-content\/uploads\/2020\/11\/Immagine-social-768x768.jpg 768w, https:\/\/www.radiopiu.net\/wordpress\/wp-content\/uploads\/2020\/11\/Immagine-social.jpg 960w\" sizes=\"auto, (max-width: 115px) 100vw, 115px\" \/><\/a><br \/>\n<\/strong><\/p>\n<p><strong>\u00a0<\/strong><\/p>\n<p>&nbsp;<\/p>\n<p><strong>IL PROMO IN ONDA ALLA RADIO\u00a0<\/strong><\/p>\n<audio class=\"wp-audio-shortcode\" id=\"audio-173438-8\" preload=\"none\" style=\"width: 100%;\" controls=\"controls\"><source type=\"audio\/mpeg\" src=\"https:\/\/www.radiopiu.net\/wordpress\/wp-content\/uploads\/2020\/11\/Vocale-FibroMiaApp.mp3?_=8\" \/><a href=\"https:\/\/www.radiopiu.net\/wordpress\/wp-content\/uploads\/2020\/11\/Vocale-FibroMiaApp.mp3\">https:\/\/www.radiopiu.net\/wordpress\/wp-content\/uploads\/2020\/11\/Vocale-FibroMiaApp.mp3<\/a><\/audio>\n<p>&nbsp;<\/p>\n<p>&nbsp;<\/p>\n<blockquote>\n<hr \/>\n<h3><\/h3>\n<\/blockquote>\n<blockquote>\n<h3><b>UN NATALE SOLIDALE PER LE AZIENDE CON LE CESTE DI \u201cINSIEME SI PU<\/b><b>\u00d2<\/b><b>\u2026\u201d<\/b><\/h3>\n<\/blockquote>\n<p><a href=\"https:\/\/www.radiopiu.net\/wordpress\/giornale-radiopiu-14-novembre-2020-direttore-mirko-mezzacasa\/isp_ceste-solidali-natale\/\" rel=\"attachment wp-att-172574\"><img loading=\"lazy\" decoding=\"async\" class=\" wp-image-172574 alignleft\" src=\"https:\/\/www.radiopiu.net\/wordpress\/wp-content\/uploads\/2020\/11\/ISP_ceste-solidali-natale-300x300.jpeg\" alt=\"\" width=\"179\" height=\"179\" srcset=\"https:\/\/www.radiopiu.net\/wordpress\/wp-content\/uploads\/2020\/11\/ISP_ceste-solidali-natale-300x300.jpeg 300w, https:\/\/www.radiopiu.net\/wordpress\/wp-content\/uploads\/2020\/11\/ISP_ceste-solidali-natale-150x150.jpeg 150w, https:\/\/www.radiopiu.net\/wordpress\/wp-content\/uploads\/2020\/11\/ISP_ceste-solidali-natale.jpeg 716w\" sizes=\"auto, (max-width: 179px) 100vw, 179px\" \/><\/a><strong>BELLUNO <\/strong>\u201cInsieme si pu\u00f2\u2026\u201d non vuole fermare il proprio impegno verso i pi\u00f9 deboli, in particolare nei confronti dei bambini della Provincia di Belluno e in Uganda, le cui famiglie sono entrate in situazione di difficolt\u00e0 proprio per le conseguenze della pandemia. Per le aziende interessate a sostenere l\u2019iniziativa \u201cPerch\u00e9 nessun bambino resti escluso\u201d sono disponibili le ceste solidali di Natale, realizzate con prodotti artigianali o biologici provenienti dal\u00a0 territorio. Nella Provincia di Belluno, attraverso il progetto \u201cLa povert\u00e0 a casa nostra\u201d, l\u2019associazione nel 2020 ha sostenuto circa 200 nuclei familiari in difficolt\u00e0 socio-economica.\u00a0 Anche in Uganda la situazione \u00e8 drammatica. Il governo ugandese ha disposto la chiusura di quasi tutte le scuole nel marzo scorso, e ad oggi ha riaperto la frequenza solo per le ultime classi dei vari cicli di studi.<\/p>\n<blockquote><p>Per ricevere ulteriori informazioni o richiedere le ceste natalizie solidali di Insieme si pu\u00f2 basta contattare l\u2019associazione via mail all\u2019indirizzo info@365giorni.org oppure chiamare al numero 0437 291298 (dal luned\u00ec al venerd\u00ec ore 8-12.30 e 15-18 e il sabato mattina ore 9-12).<\/p><\/blockquote>\n<p>&nbsp;<\/p>\n<hr \/>\n<p>&nbsp;<\/p>\n<blockquote>\n<h3>10 CONSIGLI PER MIGLIORARE IL SONNO AI TEMPI DEL CORONAVIRUS<\/h3>\n<\/blockquote>\n<p align=\"JUSTIFY\"><span style=\"font-family: Calibri, serif;\"><a href=\"https:\/\/www.radiopiu.net\/wordpress\/ecco-i-test-fai-da-te-per-il-covid-parla-zaia\/giornata-del-sonno-350x260\/\" rel=\"attachment wp-att-173156\"><img loading=\"lazy\" decoding=\"async\" class=\" wp-image-173156 alignleft\" src=\"https:\/\/www.radiopiu.net\/wordpress\/wp-content\/uploads\/2020\/11\/giornata-del-sonno-350x260-1-300x223.jpg\" alt=\"\" width=\"168\" height=\"125\" srcset=\"https:\/\/www.radiopiu.net\/wordpress\/wp-content\/uploads\/2020\/11\/giornata-del-sonno-350x260-1-300x223.jpg 300w, https:\/\/www.radiopiu.net\/wordpress\/wp-content\/uploads\/2020\/11\/giornata-del-sonno-350x260-1.jpg 350w\" sizes=\"auto, (max-width: 168px) 100vw, 168px\" \/><\/a>1.\u00a0 PRENDI LE DISTANZE DA NOTIZIE CHE PARLANO DI CORONAVIRUS NELLE DUE ORE CHE PRECEDONO IL SONNO. <\/span><span style=\"font-family: Calibri, serif;\">2. ALZATI E VAI A DORMIRE ALLA STESSA ORA <\/span><span style=\"font-family: Calibri, serif;\">3. SCEGLI UN ORARIO PER ANDARE A DORMIRE IN CUI HAI EFFETTIVAMENTE SONNO <\/span><span style=\"font-family: Calibri, serif;\">4. USA LA CAMERA DA LETTO PER ATTIVITA\u2019 RILASSANTI CHE PRECEDONO L\u2019ADDORMENTAMENTO <\/span><span style=\"font-family: Calibri, serif;\">5. SCEGLI DEI RITUALI RASSERENANTI <\/span><span style=\"font-family: Calibri, serif;\">6. ELIMINA, se puoi, SONNELLINI DURANTE IL GIORNO <\/span><span style=\"font-family: Calibri, serif;\">7. EVITA LE SOSTANZE CHE ALTERANO IL SONNO: <\/span>\u25cb <span style=\"font-family: Calibri, serif;\">L\u2019USO DI ALCOLICI NELLE 2\/3 ORE CHE PRECEDONO IL SONNO <\/span>\u00a0<span style=\"font-family: Calibri, serif;\">LE SOSTANZE CONTENENTI CAFFEINA NELLE 6\/7 ORE CHE PRECEDONO IL SONNO <\/span>\u00a0<span style=\"font-family: Calibri, serif;\">IL FUMO NELLA MEZZ\u2019ORA CHE PRECEDE IL SONNO, <\/span><span style=\"font-family: Calibri, serif;\">GROSSE QUANTITA\u2019 DI ZUCCHERI <\/span><span style=\"font-family: Calibri, serif;\">8. PRATICA ATTIVITA\u2019 FISICA NEL TARDO POMERIGGIO <\/span><span style=\"font-family: Calibri, serif;\">9. RENDI PIU\u2019 CONFORTEVOLE LA TUA STANZA <\/span><span style=\"font-family: Calibri, serif;\">10. NON ALLARMARTI SE NON RIESCI A DORMIRE\u00a0 \u00a0<\/span><\/p>\n<hr \/>\n<blockquote>\n<h3 align=\"JUSTIFY\">FIFILM DI CATERINA FRANCAVILLA PREPARA IL NUOVO LAVORO<\/h3>\n<\/blockquote>\n<p align=\"JUSTIFY\"><strong>AGORDO<\/strong> Ecco alcuni frames di \u201cFra Due Battiti\u201d di Stefano Usardi. Il lavoro del montaggio sta andando avanti con grande soddisfazione, sempre pi\u00f9 vicino\u00a0 l&#8217;attimo in cui, le centinaia di riprese girate a Trento tra agosto e settembre, avranno trovato il loro ordine e faranno pulsare il cuore del film.<\/p>\n\n\t\t\t<style type='text\/css'>\n\t\t\t\t#gallery-4 {\n\t\t\t\t\tmargin: auto;\n\t\t\t\t}\n\t\t\t\t#gallery-4 .gallery-item {\n\t\t\t\t\tfloat: left;\n\t\t\t\t\tmargin-top: 10px;\n\t\t\t\t\ttext-align: center;\n\t\t\t\t\twidth: 25%;\n\t\t\t\t}\n\t\t\t\t#gallery-4 img {\n\t\t\t\t\tborder: 2px solid #cfcfcf;\n\t\t\t\t}\n\t\t\t\t#gallery-4 .gallery-caption {\n\t\t\t\t\tmargin-left: 0;\n\t\t\t\t}\n\t\t\t\t\/* see gallery_shortcode() in wp-includes\/media.php *\/\n\t\t\t<\/style>\n\t\t<div id='gallery-4' class='dt-gallery-container gallery galleryid-173438 gallery-columns-4 gallery-size-thumbnail'><dl class='gallery-item'>\n\t\t\t\t<dt class='gallery-icon landscape'>\n\t\t\t\t\t<a class=\"rollover rollover-zoom dt-pswp-item\" title=\"125876655_10222449641024270_1881717989801835288_n\" data-dt-img-description=\"\" data-large_image_width=\"600\" data-large_image_height=\"376\"href='https:\/\/www.radiopiu.net\/wordpress\/wp-content\/uploads\/2020\/11\/125876655_10222449641024270_1881717989801835288_n.jpg'><img loading=\"lazy\" decoding=\"async\" width=\"150\" height=\"150\" src=\"https:\/\/www.radiopiu.net\/wordpress\/wp-content\/uploads\/2020\/11\/125876655_10222449641024270_1881717989801835288_n-150x150.jpg\" class=\"attachment-thumbnail size-thumbnail\" alt=\"\" \/><\/a>\n\t\t\t\t<\/dt><\/dl><dl class='gallery-item'>\n\t\t\t\t<dt class='gallery-icon portrait'>\n\t\t\t\t\t<a class=\"rollover rollover-zoom dt-pswp-item\" title=\"125821074_10222449641664286_686966827561002600_n\" data-dt-img-description=\"\" data-large_image_width=\"444\" data-large_image_height=\"960\"href='https:\/\/www.radiopiu.net\/wordpress\/wp-content\/uploads\/2020\/11\/125821074_10222449641664286_686966827561002600_n.jpg'><img loading=\"lazy\" decoding=\"async\" width=\"150\" height=\"150\" src=\"https:\/\/www.radiopiu.net\/wordpress\/wp-content\/uploads\/2020\/11\/125821074_10222449641664286_686966827561002600_n-150x150.jpg\" class=\"attachment-thumbnail size-thumbnail\" alt=\"\" \/><\/a>\n\t\t\t\t<\/dt><\/dl><dl class='gallery-item'>\n\t\t\t\t<dt class='gallery-icon landscape'>\n\t\t\t\t\t<a class=\"rollover rollover-zoom dt-pswp-item\" title=\"126023107_10222449641584284_7812291014802786861_n\" data-dt-img-description=\"\" data-large_image_width=\"960\" data-large_image_height=\"750\"href='https:\/\/www.radiopiu.net\/wordpress\/wp-content\/uploads\/2020\/11\/126023107_10222449641584284_7812291014802786861_n.jpg'><img loading=\"lazy\" decoding=\"async\" width=\"150\" height=\"150\" src=\"https:\/\/www.radiopiu.net\/wordpress\/wp-content\/uploads\/2020\/11\/126023107_10222449641584284_7812291014802786861_n-150x150.jpg\" class=\"attachment-thumbnail size-thumbnail\" alt=\"\" \/><\/a>\n\t\t\t\t<\/dt><\/dl><dl class='gallery-item'>\n\t\t\t\t<dt class='gallery-icon landscape'>\n\t\t\t\t\t<a class=\"rollover rollover-zoom dt-pswp-item\" title=\"125834094_10222449641064271_34806488459101425_n\" data-dt-img-description=\"\" data-large_image_width=\"960\" data-large_image_height=\"688\"href='https:\/\/www.radiopiu.net\/wordpress\/wp-content\/uploads\/2020\/11\/125834094_10222449641064271_34806488459101425_n.jpg'><img loading=\"lazy\" decoding=\"async\" width=\"150\" height=\"150\" src=\"https:\/\/www.radiopiu.net\/wordpress\/wp-content\/uploads\/2020\/11\/125834094_10222449641064271_34806488459101425_n-150x150.jpg\" class=\"attachment-thumbnail size-thumbnail\" alt=\"\" \/><\/a>\n\t\t\t\t<\/dt><\/dl><br style=\"clear: both\" \/>\n\t\t\t<\/div>\n\n<p>&nbsp;<\/p>\n<p>&nbsp;<\/p>\n<hr \/>\n<p>&nbsp;<\/p>\n<blockquote class=\"wp-embedded-content\" data-secret=\"Yjq7r5uxrx\"><p><a href=\"https:\/\/www.radiopiu.net\/wordpress\/giornata-mondiale-delle-claustrali-di-renato-bona\/\">GIORNATA MONDIALE DELLE CLAUSTRALI di RENATO BONA<\/a><\/p><\/blockquote>\n<p><iframe loading=\"lazy\" class=\"wp-embedded-content\" sandbox=\"allow-scripts\" security=\"restricted\" style=\"position: absolute; clip: rect(1px, 1px, 1px, 1px);\" title=\"&#8220;GIORNATA MONDIALE DELLE CLAUSTRALI di RENATO BONA&#8221; &#8212; Radio Pi\u00f9\" src=\"https:\/\/www.radiopiu.net\/wordpress\/giornata-mondiale-delle-claustrali-di-renato-bona\/embed\/#?secret=Yjq7r5uxrx\" data-secret=\"Yjq7r5uxrx\" width=\"600\" height=\"338\" frameborder=\"0\" marginwidth=\"0\" marginheight=\"0\" scrolling=\"no\"><\/iframe><\/p>\n<p>&nbsp;<\/p>\n<p>&nbsp;<\/p>\n<hr \/>\n<p>&nbsp;<\/p>\n<p><a href=\"https:\/\/www.radiopiu.net\/wordpress\/dt_gallery\/voltago-campioni-dellagordino-nella-16-comuni\/appuntamenti-4\/\" rel=\"attachment wp-att-61958\"><img loading=\"lazy\" decoding=\"async\" class=\"alignnone wp-image-61958 size-full\" src=\"https:\/\/www.radiopiu.net\/wordpress\/wp-content\/uploads\/2018\/09\/appuntamenti.jpeg\" alt=\"\" width=\"800\" height=\"100\" srcset=\"https:\/\/www.radiopiu.net\/wordpress\/wp-content\/uploads\/2018\/09\/appuntamenti.jpeg 800w, https:\/\/www.radiopiu.net\/wordpress\/wp-content\/uploads\/2018\/09\/appuntamenti-300x38.jpeg 300w, https:\/\/www.radiopiu.net\/wordpress\/wp-content\/uploads\/2018\/09\/appuntamenti-768x96.jpeg 768w\" sizes=\"auto, (max-width: 800px) 100vw, 800px\" \/><\/a><\/p>\n<p>&nbsp;<\/p>\n<blockquote>\n<h3>SPETTACOLI DI MISTERO ON LINE<\/h3>\n<\/blockquote>\n<p><strong>SOSPIROLO<\/strong>\u00a0 La Pro Loco \u201cMonti del Sole\u201d si sposta online per &#8220;Veneto, spettacoli di Mistero&#8221; proponendo due appuntamenti culturali. Il primo\u00a0 \u201cAspettando le Premiazioni del Concorso letterario Sospirolo tra leggende e misteri\u201d si terr\u00e0 sabato alle 20,45 in streaming e aperto a tutti. Vi sar\u00e0 un excursus sui temi delle prime dieci edizioni del fortunato premio\u00a0 con lettura musicata di alcuni racconti finalisti delle scorse edizioni, sinora mai letti, a cura di Cristina Gianni e Davide De Bona. Alba Barattin si soffermer\u00e0 sui temi proposti agli amanti delle belle storie Si terr\u00e0 su Gotomeeting al link https:\/\/global.gotomeeting.com\/join\/386738405. Sabato 28 novembre grande attesa per il docufilm \u201cAcqua Viva. La forza del Mis, l&#8217;ingegno degli uomini\u201d alle 20.45 in streaming. Un film documentario, patrocinato dal Comune di Sospirolo, con la direzione artistica di Lorenzo Cassol, dedicato agli artigiani e alle imprese sorte sulle rive del torrente Mis e dei suoi affluenti per sfruttare la forza motrice delle sue acque; si pu\u00f2 prenotare con mail a proloco@sospirolo.net, 320 334 2082. Il link sar\u00e0 a breve disponibile su www.sospirolo.net. Evento in presenza\u00a0 \u201cLeggende a pranzo\u201d\u00a0 sabato 28 novembre alle 12.30 al Ristorante Bacchetti di Piz Camolino su prenotazione allo 0437 89159.<\/p>\n<p>&nbsp;<\/p>\n<p>&nbsp;<\/p>\n<hr \/>\n<div class=\"im_message_wrap clearfix\">\n<div class=\"im_content_message_wrap im_message_out\">\n<h2><span style=\"color: #ff0000;\">IERI ALLA RADIO\u00a0 IN VIVO VERSO 2020-21<\/span><\/h2>\n<p><strong>LA SESTA STAGIONE,\u00a0 DA UN&#8217;IDEA DI BRUNELLA MORO:\u00a0 In vivo verso ha l\u2019onore di presentare Federico Bez,Resy Bindella, Lu Paer ,Maria Villani e la voce dolce di Loredana Borghetto.<\/strong><\/p>\n<p><strong><span style=\"color: #0000ff;\">IN ONDA DAL LUNEDI AL VENERDI ALLE 7.10, 10.10, 18.50\u00a0<\/span><\/strong><\/p>\n<blockquote class=\"wp-embedded-content\" data-secret=\"W1qiIvpONc\"><p><a href=\"https:\/\/www.radiopiu.net\/wordpress\/https-wp-me-p63lo7-j8a\/\">MERLINO di LU PAER<\/a><\/p><\/blockquote>\n<p><iframe loading=\"lazy\" class=\"wp-embedded-content\" sandbox=\"allow-scripts\" security=\"restricted\" style=\"position: absolute; clip: rect(1px, 1px, 1px, 1px);\" title=\"&#8220;MERLINO di LU PAER&#8221; &#8212; Radio Pi\u00f9\" src=\"https:\/\/www.radiopiu.net\/wordpress\/https-wp-me-p63lo7-j8a\/embed\/#?secret=W1qiIvpONc\" data-secret=\"W1qiIvpONc\" width=\"600\" height=\"338\" frameborder=\"0\" marginwidth=\"0\" marginheight=\"0\" scrolling=\"no\"><\/iframe><\/p>\n<\/div>\n<\/div>\n<p><strong><span style=\"font-family: Verdana, sans-serif;\"><span style=\"font-size: medium;\">LA RACCOLTA COMPLETA, TUTTE LE COLLEZIONI<\/span><\/span><\/strong><\/p>\n<blockquote><p>&nbsp;<\/p><\/blockquote>\n<blockquote class=\"wp-embedded-content\" data-secret=\"n8Gu7x6IR7\"><p><a href=\"https:\/\/www.radiopiu.net\/wordpress\/in-vivo-verso\/\">In Vivo Verso<\/a><\/p><\/blockquote>\n<p><iframe loading=\"lazy\" class=\"wp-embedded-content\" sandbox=\"allow-scripts\" security=\"restricted\" style=\"position: absolute; clip: rect(1px, 1px, 1px, 1px);\" title=\"&#8220;In Vivo Verso&#8221; &#8212; Radio Pi\u00f9\" src=\"https:\/\/www.radiopiu.net\/wordpress\/in-vivo-verso\/embed\/#?secret=n8Gu7x6IR7\" data-secret=\"n8Gu7x6IR7\" width=\"600\" height=\"338\" frameborder=\"0\" marginwidth=\"0\" marginheight=\"0\" scrolling=\"no\"><\/iframe><\/p>\n<hr \/>\n<p>&nbsp;<\/p>\n<h2>007 IN CONDOTTA CON LA PROF. MARIA ROSA SALMAZO IL LUNEDI ALLE 10,30 E ALLE 19.00 LA DOMENICA ALLE 8 DEL MATTINO. NONA STAGIONE<\/h2>\n<h2>LA RACCOLTA COMPLETA<\/h2>\n<blockquote class=\"wp-embedded-content\" data-secret=\"R1hRcPusTI\"><p><a href=\"https:\/\/www.radiopiu.net\/wordpress\/007incondotta-9\/\">007 in condotta<\/a><\/p><\/blockquote>\n<p><iframe loading=\"lazy\" class=\"wp-embedded-content\" sandbox=\"allow-scripts\" security=\"restricted\" style=\"position: absolute; clip: rect(1px, 1px, 1px, 1px);\" title=\"&#8220;007 in condotta&#8221; &#8212; Radio Pi\u00f9\" src=\"https:\/\/www.radiopiu.net\/wordpress\/007incondotta-9\/embed\/#?secret=R1hRcPusTI\" data-secret=\"R1hRcPusTI\" width=\"600\" height=\"338\" frameborder=\"0\" marginwidth=\"0\" marginheight=\"0\" scrolling=\"no\"><\/iframe><\/p>\n<p>&nbsp;<\/p>\n<hr \/>\n<p>&nbsp;<\/p>\n<blockquote>\n<h2>SALUTE E SOCIETA&#8217; IL LUNEDI ALLE 13.10 E ALLE 20.10, LA DOMENICA ALLE 10.30 A CURA DEL DOTTOR MARCO CARACCIOLO. QUINTA STAGIONE<\/h2>\n<\/blockquote>\n<h3>LA RACCOLTA COMPLETA<\/h3>\n<blockquote class=\"wp-embedded-content\" data-secret=\"OVBZS46G4y\"><p><a href=\"https:\/\/www.radiopiu.net\/wordpress\/saluteesocieta\/\">Salute e Societ\u00e0<\/a><\/p><\/blockquote>\n<p><iframe loading=\"lazy\" class=\"wp-embedded-content\" sandbox=\"allow-scripts\" security=\"restricted\" style=\"position: absolute; clip: rect(1px, 1px, 1px, 1px);\" title=\"&#8220;Salute e Societ\u00e0&#8221; &#8212; Radio Pi\u00f9\" src=\"https:\/\/www.radiopiu.net\/wordpress\/saluteesocieta\/embed\/#?secret=OVBZS46G4y\" data-secret=\"OVBZS46G4y\" width=\"600\" height=\"338\" frameborder=\"0\" marginwidth=\"0\" marginheight=\"0\" scrolling=\"no\"><\/iframe><\/p>\n<hr \/>\n<blockquote>\n<h2><span style=\"color: #ff0000;\">OGGI ALLA RADIO&#8230;.LA NUOVA PUNTATA<\/span><\/h2>\n<h2>FANTASTICHE DOLOMITI, NUOVA STAGIONE. APPUNTAMENTO QUINDICINALE IL GIOVEDI ALLE 10.30 E 1900<\/h2>\n<\/blockquote>\n<h1>LA RACCOLTA COMPLETA<\/h1>\n<blockquote class=\"wp-embedded-content\" data-secret=\"yOFDIshJvj\"><p><a href=\"https:\/\/www.radiopiu.net\/wordpress\/fantastiche-dolomiti-la-presentazione-con-claudio-canova\/\">FANTASTICHE DOLOMITI: IL QUINDICINALE APPUNTAMENTO ALLA RADIO<\/a><\/p><\/blockquote>\n<p><iframe loading=\"lazy\" class=\"wp-embedded-content\" sandbox=\"allow-scripts\" security=\"restricted\" style=\"position: absolute; clip: rect(1px, 1px, 1px, 1px);\" title=\"&#8220;FANTASTICHE DOLOMITI: IL QUINDICINALE APPUNTAMENTO ALLA RADIO&#8221; &#8212; Radio Pi\u00f9\" src=\"https:\/\/www.radiopiu.net\/wordpress\/fantastiche-dolomiti-la-presentazione-con-claudio-canova\/embed\/#?secret=yOFDIshJvj\" data-secret=\"yOFDIshJvj\" width=\"600\" height=\"338\" frameborder=\"0\" marginwidth=\"0\" marginheight=\"0\" scrolling=\"no\"><\/iframe><\/p>\n<p>&nbsp;<\/p>\n<div class=\"mw-parser-output\">\n<p>&nbsp;<\/p>\n<\/div>\n<p>&nbsp;<\/p>\n<hr \/>\n<p>&nbsp;<\/p>\n<p>&nbsp;<\/p>\n<h2><span style=\"color: #808000;\">DUE MINUTI UN LIBRO\u00a0 TUTTI I GIORNI ALLA RADIO ALLE 9.30 E ALLE 18. QUINTA STAGIONE\u00a0<\/span><\/h2>\n<blockquote class=\"wp-embedded-content\" data-secret=\"EGWzF8jtgz\"><p><a href=\"https:\/\/www.radiopiu.net\/wordpress\/il-coraggio-e-la-paura\/\">IL CORAGGIO E LA PAURA<\/a><\/p><\/blockquote>\n<p><iframe loading=\"lazy\" class=\"wp-embedded-content\" sandbox=\"allow-scripts\" security=\"restricted\" style=\"position: absolute; clip: rect(1px, 1px, 1px, 1px);\" title=\"&#8220;IL CORAGGIO E LA PAURA&#8221; &#8212; Radio Pi\u00f9\" src=\"https:\/\/www.radiopiu.net\/wordpress\/il-coraggio-e-la-paura\/embed\/#?secret=EGWzF8jtgz\" data-secret=\"EGWzF8jtgz\" width=\"600\" height=\"338\" frameborder=\"0\" marginwidth=\"0\" marginheight=\"0\" scrolling=\"no\"><\/iframe><\/p>\n<h2>LA RACCOLTA COMPLETA<\/h2>\n<blockquote class=\"wp-embedded-content\" data-secret=\"tgyRcxc8Hk\"><p><a href=\"https:\/\/www.radiopiu.net\/wordpress\/due-minuti-un-libro\/\">Due minuti un libro<\/a><\/p><\/blockquote>\n<p><iframe loading=\"lazy\" class=\"wp-embedded-content\" sandbox=\"allow-scripts\" security=\"restricted\" style=\"position: absolute; clip: rect(1px, 1px, 1px, 1px);\" title=\"&#8220;Due minuti un libro&#8221; &#8212; Radio Pi\u00f9\" src=\"https:\/\/www.radiopiu.net\/wordpress\/due-minuti-un-libro\/embed\/#?secret=tgyRcxc8Hk\" data-secret=\"tgyRcxc8Hk\" width=\"600\" height=\"338\" frameborder=\"0\" marginwidth=\"0\" marginheight=\"0\" scrolling=\"no\"><\/iframe><\/p>\n<p>&nbsp;<\/p>\n<hr \/>\n<p>&nbsp;<\/p>\n<p>&nbsp;<\/p>\n<blockquote>\n<h2><a href=\"https:\/\/www.radiopiu.net\/wordpress\/speciale-solidarieta-veneto\/solidarieta-veneto-3\/\" rel=\"attachment wp-att-134366\"><img loading=\"lazy\" decoding=\"async\" class=\"wp-image-134366 alignleft\" src=\"https:\/\/www.radiopiu.net\/wordpress\/wp-content\/uploads\/2020\/05\/solidariet\u00e0-veneto-300x210.jpg\" alt=\"\" width=\"179\" height=\"125\" srcset=\"https:\/\/www.radiopiu.net\/wordpress\/wp-content\/uploads\/2020\/05\/solidariet\u00e0-veneto-300x210.jpg 300w, https:\/\/www.radiopiu.net\/wordpress\/wp-content\/uploads\/2020\/05\/solidariet\u00e0-veneto-1024x717.jpg 1024w, https:\/\/www.radiopiu.net\/wordpress\/wp-content\/uploads\/2020\/05\/solidariet\u00e0-veneto-768x538.jpg 768w, https:\/\/www.radiopiu.net\/wordpress\/wp-content\/uploads\/2020\/05\/solidariet\u00e0-veneto.jpg 1373w\" sizes=\"auto, (max-width: 179px) 100vw, 179px\" \/><\/a>SOLIDARIETA&#8217; VENETO FONDO PENSIONE, IN ONDA IL PRIMO VENERDI DEL MESE ALLE 10.30 E ALLE 19.00 QUINTA STAGIONE<\/h2>\n<h2>LA RACCOLTA COMPLETA<\/h2>\n<\/blockquote>\n<blockquote class=\"wp-embedded-content\" data-secret=\"LiuVpDto3U\"><p><a href=\"https:\/\/www.radiopiu.net\/wordpress\/solidarieta-veneto\/\">Solidariet\u00e0 Veneto<\/a><\/p><\/blockquote>\n<p><iframe loading=\"lazy\" class=\"wp-embedded-content\" sandbox=\"allow-scripts\" security=\"restricted\" style=\"position: absolute; clip: rect(1px, 1px, 1px, 1px);\" title=\"&#8220;Solidariet\u00e0 Veneto&#8221; &#8212; Radio Pi\u00f9\" src=\"https:\/\/www.radiopiu.net\/wordpress\/solidarieta-veneto\/embed\/#?secret=LiuVpDto3U\" data-secret=\"LiuVpDto3U\" width=\"600\" height=\"338\" frameborder=\"0\" marginwidth=\"0\" marginheight=\"0\" scrolling=\"no\"><\/iframe><\/p>\n<p>&nbsp;<\/p>\n<p>&nbsp;<\/p>\n<div>\n<p>&nbsp;<\/p>\n<hr \/>\n<p>&nbsp;<\/p>\n<div>\n<h2><span style=\"color: #33cccc;\">I RACCONTI DI PAOLO SOPPELSA il lunedi alle 9.30 e 18.30<\/span><\/h2>\n<h2><span style=\"color: #33cccc;\"><strong>LA RACCOLTA COMPLETA<\/strong><\/span><\/h2>\n<blockquote class=\"wp-embedded-content\" data-secret=\"MMvcbwImTh\"><p><a href=\"https:\/\/www.radiopiu.net\/wordpress\/i-racconti-di-paolo-soppelsa\/\">I racconti di Paolo Soppelsa<\/a><\/p><\/blockquote>\n<p><iframe loading=\"lazy\" class=\"wp-embedded-content\" sandbox=\"allow-scripts\" security=\"restricted\" style=\"position: absolute; clip: rect(1px, 1px, 1px, 1px);\" title=\"&#8220;I racconti di Paolo Soppelsa&#8221; &#8212; Radio Pi\u00f9\" src=\"https:\/\/www.radiopiu.net\/wordpress\/i-racconti-di-paolo-soppelsa\/embed\/#?secret=MMvcbwImTh\" data-secret=\"MMvcbwImTh\" width=\"600\" height=\"338\" frameborder=\"0\" marginwidth=\"0\" marginheight=\"0\" scrolling=\"no\"><\/iframe><\/p>\n<\/div>\n<p>&nbsp;<\/p>\n<hr \/>\n<p>&nbsp;<\/p>\n<h2><strong>LE\u00a0 PUNTATE di Luisa Alchini di Leggermente Bellunesi, la domenica alle 11, il martedi alle 10.30 e alle 19.00\u00a0<\/strong><\/h2>\n<h1><span style=\"color: #000000;\">LA RACCOLTA COMPLETA<\/span><\/h1>\n<blockquote class=\"wp-embedded-content\" data-secret=\"GKY9ZTrsZT\"><p><a href=\"https:\/\/www.radiopiu.net\/wordpress\/leggermente-20\/\">LEGGERmente&#8230;Bellunesi<\/a><\/p><\/blockquote>\n<p><iframe loading=\"lazy\" class=\"wp-embedded-content\" sandbox=\"allow-scripts\" security=\"restricted\" style=\"position: absolute; clip: rect(1px, 1px, 1px, 1px);\" title=\"&#8220;LEGGERmente&#8230;Bellunesi&#8221; &#8212; Radio Pi\u00f9\" src=\"https:\/\/www.radiopiu.net\/wordpress\/leggermente-20\/embed\/#?secret=GKY9ZTrsZT\" data-secret=\"GKY9ZTrsZT\" width=\"600\" height=\"338\" frameborder=\"0\" marginwidth=\"0\" marginheight=\"0\" scrolling=\"no\"><\/iframe><\/p>\n<hr \/>\n<p>&nbsp;<\/p>\n<blockquote>\n<h3>L&#8217;ALMANACCO LADINO CON L&#8217;ISTITUT CESA DE JAN QUINDICINALE APPUNTAMENTO. LA DOMENICA ALLE 9 IL LUNEDI ALE 8.35 IL MARTEDI ALLE 12.35 IL MERCOLEDI ALLE 18.35. SECONDA STAGIONE.<\/h3>\n<\/blockquote>\n<p><strong>LA RACCOLTA COMPLETA\u00a0<\/strong><\/p>\n<blockquote class=\"wp-embedded-content\" data-secret=\"ePeNjJczWD\"><p><a href=\"https:\/\/www.radiopiu.net\/wordpress\/almanacco-ladino\/\">Almanacco Ladino<\/a><\/p><\/blockquote>\n<p><iframe loading=\"lazy\" class=\"wp-embedded-content\" sandbox=\"allow-scripts\" security=\"restricted\" style=\"position: absolute; clip: rect(1px, 1px, 1px, 1px);\" title=\"&#8220;Almanacco Ladino&#8221; &#8212; Radio Pi\u00f9\" src=\"https:\/\/www.radiopiu.net\/wordpress\/almanacco-ladino\/embed\/#?secret=ePeNjJczWD\" data-secret=\"ePeNjJczWD\" width=\"600\" height=\"338\" frameborder=\"0\" marginwidth=\"0\" marginheight=\"0\" scrolling=\"no\"><\/iframe><\/p>\n<p>&nbsp;<\/p>\n<\/div>\n<hr \/>\n<div>\n<h2><span style=\"color: #000080;\"><a class=\"dt-pswp-item\" href=\"https:\/\/www.radiopiu.net\/wordpress\/wp-content\/uploads\/2020\/10\/pp.jpg\" data-dt-img-description=\"\" data-large_image_width=\"640\" data-large_image_height=\"640\"><img loading=\"lazy\" decoding=\"async\" class=\"wp-image-163678 alignleft\" src=\"https:\/\/www.radiopiu.net\/wordpress\/wp-content\/uploads\/2020\/10\/pp-300x300.jpg\" alt=\"\" width=\"106\" height=\"106\" srcset=\"https:\/\/www.radiopiu.net\/wordpress\/wp-content\/uploads\/2020\/10\/pp-300x300.jpg 300w, https:\/\/www.radiopiu.net\/wordpress\/wp-content\/uploads\/2020\/10\/pp-150x150.jpg 150w, https:\/\/www.radiopiu.net\/wordpress\/wp-content\/uploads\/2020\/10\/pp-125x125.jpg 125w, https:\/\/www.radiopiu.net\/wordpress\/wp-content\/uploads\/2020\/10\/pp-200x200.jpg 200w, https:\/\/www.radiopiu.net\/wordpress\/wp-content\/uploads\/2020\/10\/pp-80x80.jpg 80w, https:\/\/www.radiopiu.net\/wordpress\/wp-content\/uploads\/2020\/10\/pp-480x480.jpg 480w, https:\/\/www.radiopiu.net\/wordpress\/wp-content\/uploads\/2020\/10\/pp.jpg 640w\" sizes=\"auto, (max-width: 106px) 100vw, 106px\" \/><\/a> <\/span><\/h2>\n<h2><span style=\"color: #000080;\">DON CESARE, IL PENSIERO DEL GIORNO. ALLA RADIO ALLE 7 DEL MATTINO E ALLE 19.30 DELLA SERA.\u00a0\u00a0<\/span><\/h2>\n<\/div>\n<p>&nbsp;<\/p>\n<p>&nbsp;<\/p>\n<audio class=\"wp-audio-shortcode\" id=\"audio-173438-9\" preload=\"none\" style=\"width: 100%;\" controls=\"controls\"><source type=\"audio\/mpeg\" src=\"https:\/\/www.radiopiu.net\/wordpress\/wp-content\/uploads\/2020\/11\/CESARE-14.mp3?_=9\" \/><a href=\"https:\/\/www.radiopiu.net\/wordpress\/wp-content\/uploads\/2020\/11\/CESARE-14.mp3\">https:\/\/www.radiopiu.net\/wordpress\/wp-content\/uploads\/2020\/11\/CESARE-14.mp3<\/a><\/audio>\n<hr \/>\n<p>&nbsp;<\/p>\n<div>\n<p class=\"photoswipe-wrapper\"><a class=\"dt-pswp-item pspw-wrap-ready\" href=\"https:\/\/i0.wp.com\/www.radiopiu.net\/wordpress\/wp-content\/uploads\/2018\/09\/viabilita.jpeg?ssl=1\" data-dt-img-description=\"\" data-large_image_width=\"800\" data-large_image_height=\"100\"><img loading=\"lazy\" decoding=\"async\" class=\"aligncenter wp-image-61954 size-full\" src=\"https:\/\/i0.wp.com\/www.radiopiu.net\/wordpress\/wp-content\/uploads\/2018\/09\/viabilita.jpeg?resize=800%2C100&amp;ssl=1\" sizes=\"auto, (max-width: 800px) 100vw, 800px\" srcset=\"https:\/\/i0.wp.com\/www.radiopiu.net\/wordpress\/wp-content\/uploads\/2018\/09\/viabilita.jpeg?w=800&amp;ssl=1 800w, https:\/\/i0.wp.com\/www.radiopiu.net\/wordpress\/wp-content\/uploads\/2018\/09\/viabilita.jpeg?resize=300%2C38&amp;ssl=1 300w, https:\/\/i0.wp.com\/www.radiopiu.net\/wordpress\/wp-content\/uploads\/2018\/09\/viabilita.jpeg?resize=768%2C96&amp;ssl=1 768w\" alt=\"\" width=\"800\" height=\"100\" \/><\/a><\/p>\n<\/div>\n<p>&nbsp;<\/p>\n<p><strong>FELTRE PROVINCIALE 347 VILLAPAIERA:<\/strong> revoca ordinanza e ripristino viabilit\u00e0.<\/p>\n<p><strong>PRIMOLANO PROVINCIALE 50BIS:<\/strong> interdizione totale alla transitabilit\u00e0 a Primolano dalle 8 alle 12 e dalle 13 alle 17 nei giorni 23 e 24 novembre.<\/p>\n<p><strong>PONTESEI PROVINCIALE 251<\/strong>: domani senso unico alternato dalle 8 alle 17.<\/p>\n<p><strong>PROVINCIALE 49 MISURINA CONFINE PROVINCIA DI BOLZANO<\/strong>: dal 20 novembre al 22 dicembre (festivi e prefestivi compresi) senso unico alternato con movieri o semafori<\/p>\n<p><strong>STRADA PROVINCIALE 347 DEL PASSO CEREDA E DURAN<\/strong>\u00a0tra Cibiana e Vanas, dal 18 al 24 novembre, compresi sabati e domeniche, possibili brevi interruzioni della durata massima di 15 minuti dalle 8 alle 17, negli altri orari senso unico alternato regolato da semaforo per messa in sicurezza versante a monte della strada<\/p>\n<p><strong>STRADA REGIONALE 48 DELLE DOLOMITI<\/strong> fino al 01 dicembre, dalle 8 alle 18, senso unico alternato regolato da impianto semaforico in localit\u00e0 Salesei di Sopra in comune di Livinallongo per esecuzione tombinatura<\/p>\n<p><strong>PROVINCIALE 35 DI LASTE<\/strong> fino al 20 novembre in localit\u00e0 Digonera di Rocca Pietore senso unico alternato regolato a vista per esecuzione indagini geognostiche<\/p>\n<p><strong>PROVINCIALE 3 VALLE IMPERINA<\/strong>:\u00a0 fino al 12 dicembre senso unico alternato (tutti i giorni nessuno escluso) in locailt\u00e0 Gona per messa in sicurezza della strada.<\/p>\n<p><strong>PROVINCIALE 48 DELLE DOLOMITI<\/strong> fino al 30 novembre (tutti i giorni nessuno escluso) senso unico alternato in localit\u00e0 Livin\u00e8 a Livinallongo del Col di Lana<\/p>\n<p><strong>PROVINCIALE 28 DELLE COSTE D\u2019ALPAGO<\/strong> chiusura totale al transito dalle 8 alle 17 dal\u00a0 fino al 21 novembre in localit\u00e0 Roncazza di Tambre per taglio ed esbosco piante<\/p>\n<p><strong>PROVINCIALE 25 PASSO VALLES_CAVERSON<\/strong>\u00a0 INTERRUZIONI fino a 15 minuti dalle 7.30 alle 12 e dalle 13 alle 17 fino\u00a0 al 20 novembre. Inoltre senso unico alternato regolato da movieri o semaforo per manutenzione sovrapasso pista da sci<\/p>\n<p><strong>REGIONALE 203 AGORDINA COLLAZ-LIVINALLONGO<\/strong>\u00a0 fino al 4 dicembre (sabato e festivi esclusi) senso unico alternato per singoli tratti di 150 metri<\/p>\n<p><strong>SR 203 AGORDINA<\/strong> fino al 20 novembre, brevi interruzioni al traffico di massimo 15 minuti in localit\u00e0 Collaz di Livinallongo dalle 7:30 alle 17:30 per taglio ed esbosco alberi a monte della strada<\/p>\n<p><strong>SR 203 AGORDINA<\/strong>\u00a0fino al 30 novembre, compresi sabato e domenica, \u00a0senso unico alternato regolato da semaforo in localit\u00e0 Sopra Sac di Alleghe per allestimento opere di difesa valanghiva<\/p>\n<p><strong>SP\u00a0423 LAGO DI SANTA CROCE_POIATTE_ALPAGO <\/strong>Fino al 12 dicembre (esclusi festivi e prefestivi) senso unico alternato con movieri o semaforo per esecuzione paramassi a monte della strada<\/p>\n<p><strong>SR 473 DI CROCE D\u2019AUNE\u00a0 <\/strong>fino \u00a0al 20 novembre, dalle 7:30 alle 17 esclusi sabati e domeniche, senso unico alternato regolato da semaforo in localit\u00e0 Croce D\u2019Aune di Pedavena per ripristino impianto di illuminazione pubblica<\/p>\n<p><strong>SP 422 DELL\u2019ALPAGO E DEL CANSIGLIO\u00a0<\/strong>fino al 30 novembre, esclusi sabato e domenica, senso unico alternato regolato da movieri tra Puos e Cornei per posa fibre ottiche<\/p>\n<p><strong>SR 48 DELLE DOLOMITI<\/strong>\u00a0fino al 30 novembre senso unico alternato regolato da impianto semaforico tra Arabba e Cernadoi per consolidamento ciglio stradale e sostituzione barriere di sicurezza<\/p>\n<p><strong>SR 48 DELLE DOLOMITI\u00a0<\/strong>tra i comuni di Livinallongo Del Col Di Lana e Cortina, senso unico alternato regolato da movieri fino\u00a0 al 20 novembre, sabato e domenica compresi, \u00a0per collegamento elettrodotto interrato e-distribuzione<\/p>\n<p><strong>PROVINCIALE 251\u00a0<\/strong> COLLE SANTA LUCIA Fino al 28 novembre senso unico (per asfaltature) compresi sabato e domenica (stessa situazione lungo la 203 agordina in localit\u00e0 Rucav\u00e0)<\/p>\n<p><strong>SP 3 DELLA VAL IMPERINA<\/strong> fino a revoca, senso unico alternato regolato a vista in localit\u00e0 Gona di Conedera di Rivamonte per cedimento della carreggiata stradale<\/p>\n<p><strong>SP 49 DI MISURINA <\/strong>fino al\u00a020 novembre, senso unico alternato regolato da impianto semaforico tra Misurina e il confine con la provincia di Bolzano per posa elettrodotto interrato<\/p>\n<p><strong>REGIONALE 203 AGORDINA<\/strong>\u00a0 Fino\u00a0 al 18 dicembre (esclusi festivi e prefestivi) senso unico alternato tra Peron e Candaten con movieri dalle 7.30 alle 9 e dalle 16.30 alle 18. Con semaforo negli altri orari<\/p>\n<p><strong>REGIONALE 203 AGORDINA<\/strong> Fino al 30 novembre (sabato e domenica esclusi) tra Candaten e La Stanga dalle 7.30 alle 9 e dalle 16.30 alle 18 con movieri e negli altri orari con semaforo, senso unico alternato.<\/p>\n<div>\n<p>&nbsp;<\/p>\n<hr \/>\n<p>&nbsp;<\/p>\n<p class=\"photoswipe-wrapper\"><a class=\"dt-pswp-item pspw-wrap-ready\" href=\"https:\/\/i0.wp.com\/www.radiopiu.net\/wordpress\/wp-content\/uploads\/2018\/09\/WhatsApp-Image-2018-09-20-at-16.04.06.jpeg?ssl=1\" data-dt-img-description=\"\" data-large_image_width=\"800\" data-large_image_height=\"100\"><img loading=\"lazy\" decoding=\"async\" class=\"aligncenter wp-image-61378 size-full jetpack-lazy-image jetpack-lazy-image--handled\" src=\"https:\/\/i0.wp.com\/www.radiopiu.net\/wordpress\/wp-content\/uploads\/2018\/09\/WhatsApp-Image-2018-09-20-at-16.04.06.jpeg?resize=800%2C100&amp;ssl=1\" sizes=\"auto, (max-width: 800px) 100vw, 800px\" srcset=\"https:\/\/i0.wp.com\/www.radiopiu.net\/wordpress\/wp-content\/uploads\/2018\/09\/WhatsApp-Image-2018-09-20-at-16.04.06.jpeg?w=800&amp;ssl=1 800w, https:\/\/i0.wp.com\/www.radiopiu.net\/wordpress\/wp-content\/uploads\/2018\/09\/WhatsApp-Image-2018-09-20-at-16.04.06.jpeg?resize=300%2C38&amp;ssl=1 300w, https:\/\/i0.wp.com\/www.radiopiu.net\/wordpress\/wp-content\/uploads\/2018\/09\/WhatsApp-Image-2018-09-20-at-16.04.06.jpeg?resize=768%2C96&amp;ssl=1 768w\" alt=\"\" width=\"800\" height=\"100\" data-lazy-loaded=\"1\" \/><\/a><\/p>\n<\/div>\n<p>&nbsp;<\/p>\n<div><center><b>Giovedi 19<\/b><\/center><b>Tempo atteso: <\/b>Tempo ben soleggiato con cielo sereno e ottima visibilit\u00e0. Alla sera il cielo si coprir\u00e0 velocemente e vi sar\u00e0 un breve episodio perturbato sulle Dolomiti, mentre la stessa fase perturbata potrebbe essere assai pi\u00f9 marginale sulle Prealpi. Forte inversione termica nelle valli all&#8217;alba e relativa mitezza diurna nei posti pi\u00f9 assolati. In tarda serata improvvisa irruzione d&#8217;aria fredda in quota.<br \/>\n<b>Precipitazioni: <\/b>Assenti in giornata (0%); in serata probabilit\u00e0 medio-alta sulle Dolomiti (60\/80%) per deboli precipitazioni, rischio minore sulle Prealpi (20\/40%), specie su quelle pi\u00f9 occidentali (10\/20%). Il limite della neve scender\u00e0 dai 2200\/2300 m iniziali fino sui 1100\/1200 m per tracce di neve sulle Dolomiti, mentre qualche eventuale fiocco cadr\u00e0 fino sui 1400\/1500 m sulle Prealpi.<br \/>\n<b>Temperature: <\/b>In alta quota in generale calo con minime osservate alla sera per irruzione d&#8217;aria fredda; senza notevoli variazioni nelle valli dolomitiche e nei fondovalle prealpini, eccetto leggero calo delle minime in Valbelluna, dove l&#8217;inversione termica sar\u00e0 marcata (all&#8217;alba 8\/10\u00b0C in meno a Belluno e Feltre rispetto al Cesen e al Visentin). Su Prealpi a 1500 m min 1\u00b0C max 10\u00b0C, a 2000 m min -1\u00b0C max 7\u00b0C. Su Dolomiti a 2000 m min -2\u00b0C max 7\u00b0C, a 3000 m min -8\u00b0C max 2\u00b0C.<br \/>\n<b>Venti: <\/b>Nelle valli deboli per brezze, localmente e a tratti moderati; non escluse prime raffiche di Foehn alla sera; in quota deboli da ovest al mattino, in graduale rinforzo da nord-ovest al pomeriggio fino a forti in serata, a 5-30 km\/h a 2000 m e 15-60 km\/h a 3000 m.<\/div>\n<hr \/>\n<p><center><b>Venerdi 20<\/b><\/center><b>Tempo atteso: <\/b>Nottetempo residua nuvolosit\u00e0 ed esaurimento dei fenomeni. In giornata miglioramento con tempo di nuovo ben soleggiato sulle Prealpi, salvo qualche cumulo; in prevalenza soleggiato anche sulle Dolomiti, dopo diradamento degli annuvolamenti provenienti da nord al mattino. Rispetto a gioved\u00ec atmosfera molto pi\u00f9 ventosa ed anche assai pi\u00f9 fredda in quota, (calo da 2\/3\u00b0C a -10\/-11\u00b0C a 3000 m e da 7\/8\u00b0C a -3\/-4\u00b0C a 2000 m in 24\/h). Nelle valli minore differenza termica grazie agli effetti mitiganti del Foehn.<br \/>\n<b>Precipitazioni: <\/b>Residui debolissimi fenomeni notturni con tracce di neve sopra i 1100\/1200 m su Dolomiti e 1400\/1500 m su Prealpi, poi assenti (0%).<br \/>\n<b>Temperature: <\/b>In netto calo in quota, dove le minime saranno raggiunte alla sera, diminuzione minore nelle valli, addirittura in aumento le minime nei settori interessati dal Foehn. Su Prealpi a 1500 m min -3\u00b0C max 0\u00b0C, a 2000 m min -6\u00b0C max -3\u00b0C. Su Dolomiti a 2000 m min -8\u00b0C max -4\u00b0C, a 3000 m min -11\u00b0C max -9\u00b0C.<br \/>\n<b>Venti: <\/b>Nelle valli generalmente moderati con rinforzi per raffiche di Foehn, specie tra la notte ed il mattino; in quota tesi\/forti da nord; in graduale e lenta attenuazione nel pomeriggio\/sera, a 10-35 km\/h a 2000 m e 35-65 km\/h a 3000 m.<\/p>\n<hr \/>\n<p><center><b>Sabato 21<\/b><\/center>Stupende condizioni meteo con tempo ben soleggiato, cielo terso, aria limpida ed ottima visibilit\u00e0 su tutta la montagna veneta. L&#8217;insidia di effimeri banchi di nebbia mattutina sar\u00e0 pressoch\u00e9 assente. Temperature minime in generale calo con diffuse gelate notturne fino nei fondovalle prealpini; massime in calo nelle valli e in contenuta ripresa in quota. Venti a regime di brezza nelle valli, spesso deboli e solo localmente e a tratti moderati; in quota moderati da nord-est, anche tesi sulle vette pi\u00f9 alte al mattino.<\/p>\n<hr \/>\n<p><center><b>Domenica 22<\/b><\/center>Tempo ben soleggiato con cielo sereno, aria limpida ed ottima visibilit\u00e0. Eventuali sottili nubi alte verso sera. L&#8217;insidia nebbia mattutina in alcune depressioni prealpina aumenter\u00e0 leggermente, ma sar\u00e0 limitata ai settori pi\u00f9 umidi. Temperature in netto rialzo in alta quota, minore aumento nelle valli, dove le minime potrebbero essere in calo, con probabile riaffacciarsi dell&#8217;inversione termica nel contesto di generale ripresa. Venti deboli da nord in quota, a regime di brezza nelle valli. Previsore R.L.Th.<\/p>\n<hr \/>\n<p>&nbsp;<\/p>\n<div><\/div>\n<p>&nbsp;<\/p>\n<p>&nbsp;<\/p>\n<p><a href=\"https:\/\/www.radiopiu.net\/wordpress\/giornale-radiopiu-15-settembre-2018-direttore-mirko-mezzacasa\/sport-7\/\" rel=\"attachment wp-att-60761\"><img loading=\"lazy\" decoding=\"async\" class=\"aligncenter wp-image-60761 size-full\" src=\"https:\/\/www.radiopiu.net\/wordpress\/wp-content\/uploads\/2018\/09\/sport.jpg\" alt=\"\" width=\"800\" height=\"100\" srcset=\"https:\/\/www.radiopiu.net\/wordpress\/wp-content\/uploads\/2018\/09\/sport.jpg 800w, https:\/\/www.radiopiu.net\/wordpress\/wp-content\/uploads\/2018\/09\/sport-300x38.jpg 300w, https:\/\/www.radiopiu.net\/wordpress\/wp-content\/uploads\/2018\/09\/sport-768x96.jpg 768w\" sizes=\"auto, (max-width: 800px) 100vw, 800px\" \/><\/a><\/p>\n<p>&nbsp;<\/p>\n<blockquote>\n<h2>HOCKEY GHIACCIO, CANCELLATI I MONDIALI FEMMINILI E UNDER 18<\/h2>\n<\/blockquote>\n<p><a href=\"https:\/\/www.radiopiu.net\/wordpress\/giornale-radiopiu-19-novembre-2020-direttore-mirko-mezzacasa\/e8759492-3fea-43dc-a69e-d3d1045c1db8\/\" rel=\"attachment wp-att-173635\"><img loading=\"lazy\" decoding=\"async\" class=\"size-medium wp-image-173635 alignleft\" src=\"https:\/\/www.radiopiu.net\/wordpress\/wp-content\/uploads\/2020\/11\/e8759492-3fea-43dc-a69e-d3d1045c1db8-300x200.jpg\" alt=\"\" width=\"300\" height=\"200\" srcset=\"https:\/\/www.radiopiu.net\/wordpress\/wp-content\/uploads\/2020\/11\/e8759492-3fea-43dc-a69e-d3d1045c1db8-300x200.jpg 300w, https:\/\/www.radiopiu.net\/wordpress\/wp-content\/uploads\/2020\/11\/e8759492-3fea-43dc-a69e-d3d1045c1db8-1024x683.jpg 1024w, https:\/\/www.radiopiu.net\/wordpress\/wp-content\/uploads\/2020\/11\/e8759492-3fea-43dc-a69e-d3d1045c1db8-768x512.jpg 768w, https:\/\/www.radiopiu.net\/wordpress\/wp-content\/uploads\/2020\/11\/e8759492-3fea-43dc-a69e-d3d1045c1db8.jpg 1200w\" sizes=\"auto, (max-width: 300px) 100vw, 300px\" \/><\/a>L\u2019emergenza Covid-19 continua a colpire il calendario internazionale dell\u2019hockey su ghiaccio. La IIHF (International Ice Hockey Federation) ha infatti deciso\u00a0 di cancellare una serie di campionati mondiali, due dei quali riguardano anche le nazionali italiane. Si tratta del Mondiale femminile Prima divisione gruppo B, che si sarebbe dovuto disputare a Pechino dall\u20198 al 14 aprile 2021 (Italia, Cina, Corea del Sud, Polonia, Kazakhstan e Slovenia le partecipanti) e del Mondiale under 18 maschile Prima divisione gruppo B che si sarebbe dovuto disputare ad Asiago dal 18 al 24 aprile 2021 (Italia, Ucraina, Austria, Ungheria, Slovenia e Polonia le partecipanti). In totale, il Consiglio direttivo della IIHF, su proposta del gruppo di lavoro per l\u2019emergenza Covid-19, ha annunciato oggi la cancellazione di ben 18 tornei: tutti i Mondiali senior maschili ad eccezione della Top Division, tutti i Mondiali senior femminili ad eccezione della Top Division e tutti i Mondiali Under 18 maschili ad eccezione della Top Division. Gi\u00e0 nei mesi scorsi erano stati annullati i Mondiali Under 20 maschili (ad eccezione della Top Division) e Under 18 femminili. Al momento attuale, dunque, l\u2019unica nazionale azzurra che ancora non ha visto cancellato il proprio torneo di riferimento \u00e8 l\u2019Italia maschile senior. Il Blue Team, allenato da coach Greg Ireland, \u00e8 atteso dal Mondiale Top Division in programma a Riga, in Lettonia, dal 21 maggio al 6 giugno 2021. Gli azzurri sono inseriti nel girone B con Canada, Finlandia, Stati Uniti, Germania, Lettonia, Norvegia e Kazakhstan. Alla luce dell\u2019annullamento del Mondiale di Prima Divisione Gruppo A, quest\u2019anno non saranno previste retrocessioni dalla Top Division.<\/p>\n<p>&nbsp;<\/p>\n<p>&nbsp;<\/p>\n<blockquote>\n<h2>34 PAGINE DI RICORDI&#8230;.<\/h2>\n<\/blockquote>\n<blockquote class=\"wp-embedded-content\" data-secret=\"KXcgOsUZL8\"><p><a href=\"https:\/\/www.radiopiu.net\/wordpress\/agordino-ice-1995-quella-volta-che-vinse-selva-di-cadore\/\">AGORDINO ICE 1995, QUELLA VOLTA CHE VINSE SELVA DI CADORE<\/a><\/p><\/blockquote>\n<p><iframe loading=\"lazy\" class=\"wp-embedded-content\" sandbox=\"allow-scripts\" security=\"restricted\" style=\"position: absolute; clip: rect(1px, 1px, 1px, 1px);\" title=\"&#8220;AGORDINO ICE 1995, QUELLA VOLTA CHE VINSE SELVA DI CADORE&#8221; &#8212; Radio Pi\u00f9\" src=\"https:\/\/www.radiopiu.net\/wordpress\/agordino-ice-1995-quella-volta-che-vinse-selva-di-cadore\/embed\/#?secret=KXcgOsUZL8\" data-secret=\"KXcgOsUZL8\" width=\"600\" height=\"338\" frameborder=\"0\" marginwidth=\"0\" marginheight=\"0\" scrolling=\"no\"><\/iframe><\/p>\n","protected":false},"excerpt":{"rendered":"<p>PER RICEVERE QUESTO NOTIZIARIO DIRETTAMENTE SUL TUO CELLULARE ISCRIVITI AL CANALE TELEGRAM \u201cRADIO PIU\u00a0 INFORMAZIONE&#8221; ATTENZIONE: LA NUOVA APP PER IOS-IPHONE https:\/\/apps.apple.com\/it\/app\/radio-pi%C3%B9-emittente-agordina\/id1515939845 ATTENZIONE: LA NUOVA APP RADIO\u00a0 PER ANDROID https:\/\/play.google.com\/store\/apps\/details?id=net.radiopiu.iniko\u00a0\u00a0\u00a0 &nbsp; OSPEDALI COVID IN VENETO: IL PIANO DI EMERGENZA PER L&#8217;AUTUNNO Per aggredire il Covid19, la Regione ha\u00a0 preparato l&#8217;&#8221;artiglieria pesante&#8221;: strutture, dispositivi, personale, attivit\u00e0&hellip;<\/p>\n","protected":false},"author":4,"featured_media":173658,"comment_status":"closed","ping_status":"closed","sticky":false,"template":"","format":"standard","meta":{"_monsterinsights_skip_tracking":false,"_monsterinsights_sitenote_active":false,"_monsterinsights_sitenote_note":"","_monsterinsights_sitenote_category":0,"footnotes":""},"categories":[1,51,86,49],"tags":[],"class_list":["post-173438","post","type-post","status-publish","format-standard","has-post-thumbnail","hentry","category-senza-categoria","category-evidenza-top","category-gr","category-news-18","category-1","category-51","category-86","category-49","description-off"],"img_url":"https:\/\/www.radiopiu.net\/wordpress\/wp-content\/uploads\/2020\/11\/4b63c2a9-4f73-47fb-984c-3e0c6bf7906f.jpg","_links":{"self":[{"href":"https:\/\/www.radiopiu.net\/wordpress\/wp-json\/wp\/v2\/posts\/173438","targetHints":{"allow":["GET"]}}],"collection":[{"href":"https:\/\/www.radiopiu.net\/wordpress\/wp-json\/wp\/v2\/posts"}],"about":[{"href":"https:\/\/www.radiopiu.net\/wordpress\/wp-json\/wp\/v2\/types\/post"}],"author":[{"embeddable":true,"href":"https:\/\/www.radiopiu.net\/wordpress\/wp-json\/wp\/v2\/users\/4"}],"replies":[{"embeddable":true,"href":"https:\/\/www.radiopiu.net\/wordpress\/wp-json\/wp\/v2\/comments?post=173438"}],"version-history":[{"count":0,"href":"https:\/\/www.radiopiu.net\/wordpress\/wp-json\/wp\/v2\/posts\/173438\/revisions"}],"wp:featuredmedia":[{"embeddable":true,"href":"https:\/\/www.radiopiu.net\/wordpress\/wp-json\/wp\/v2\/media\/173658"}],"wp:attachment":[{"href":"https:\/\/www.radiopiu.net\/wordpress\/wp-json\/wp\/v2\/media?parent=173438"}],"wp:term":[{"taxonomy":"category","embeddable":true,"href":"https:\/\/www.radiopiu.net\/wordpress\/wp-json\/wp\/v2\/categories?post=173438"},{"taxonomy":"post_tag","embeddable":true,"href":"https:\/\/www.radiopiu.net\/wordpress\/wp-json\/wp\/v2\/tags?post=173438"}],"curies":[{"name":"wp","href":"https:\/\/api.w.org\/{rel}","templated":true}]}}