{"id":173462,"date":"2020-11-18T07:21:00","date_gmt":"2020-11-18T06:21:00","guid":{"rendered":"https:\/\/www.radiopiu.net\/wordpress\/?p=173462"},"modified":"2020-11-18T07:21:00","modified_gmt":"2020-11-18T06:21:00","slug":"la-giornata-mondiale-della-prematurita-celebrata-con-donazioni-agli-ospedali-di-belluno-e-feltre-da-parte-di-mani-di-mamma","status":"publish","type":"post","link":"https:\/\/www.radiopiu.net\/wordpress\/la-giornata-mondiale-della-prematurita-celebrata-con-donazioni-agli-ospedali-di-belluno-e-feltre-da-parte-di-mani-di-mamma\/","title":{"rendered":"LA GIORNATA MONDIALE DELLA PREMATURIT\u00c0. CELEBRATA CON DONAZIONI AGLI OSPEDALI DI BELLUNO E FELTRE DA PARTE DI \u201cMANI DI MAMMA\u201d"},"content":{"rendered":"<blockquote>\n<h3><\/h3>\n<\/blockquote>\n<p><strong>di DINO BRIDDA<\/strong><\/p>\n<p><a class=\"dt-pswp-item\" href=\"https:\/\/www.radiopiu.net\/wordpress\/wp-content\/uploads\/2020\/11\/download-4.png\" data-dt-img-description=\"\" data-large_image_width=\"224\" data-large_image_height=\"225\"><img loading=\"lazy\" decoding=\"async\" class=\"size-full wp-image-173463 alignleft\" src=\"https:\/\/www.radiopiu.net\/wordpress\/wp-content\/uploads\/2020\/11\/download-4.png\" alt=\"\" width=\"224\" height=\"225\" srcset=\"https:\/\/www.radiopiu.net\/wordpress\/wp-content\/uploads\/2020\/11\/download-4.png 224w, https:\/\/www.radiopiu.net\/wordpress\/wp-content\/uploads\/2020\/11\/download-4-150x150.png 150w\" sizes=\"auto, (max-width: 224px) 100vw, 224px\" \/><\/a><strong>BELLUNO<\/strong> \u00abNel mondo un bambino su dieci nasce prematuro\u00bb. Succede anche durante l\u2019attuale emergenza sanitaria perch\u00e9 la natura, per fortuna, non si ferma. Ecco allora che anche ieri si \u00e8 celebrata la \u201cGiornata mondiale della Prematurit\u00e0\u201d che in Italia, fra l\u2019altro, conta sulla generosit\u00e0 delle aderenti a \u201cMani di mamma ODV\u201d, sodalizio avente sede a Reggio Emilia con diramazioni su tutto il territorio italiano. In provincia di Belluno l\u2019associazione poggia sul contributo fattivo di decine di collaboratrici coordinate dall\u2019ambasciatrice Claudia Cantoni coadiuvata da Deborah Cantoni. Per la \u201cGiornata 2020\u201d le volontarie bellunesi di \u201cMani di mamma ODV\u201d hanno confezionato un significativo quantitativo di capi d\u2019abbigliamento dalle taglie fuori commercio, poich\u00e9 i bimbi prematuri purtroppo non godono dell\u2019attenzione delle industrie manifatturiere del settore. \u00abSi tratta &#8211; ricorda Claudia Cantoni \u2013 di scarpine piccolissime e cappellini buffi per scaldare i piccoli nati pretermine, nonch\u00e9 \u201csacchi nanna\u201d e corredini, tutti rigorosamente fatti a mano, con filati pregiati, lana purissima, cashmere, merinos. E ancora i \u201cdudu\u201d, morbidi pupazzetti che la mamma tiene con s\u00e9 per una notte e poi mette nella culla vicino al bimbo, perch\u00e9 senta il suo profumo e sia cos\u00ec pi\u00f9 sereno e sicuro\u00bb. Le volontarie bellunesi hanno lavorato sodo ed il risultato si \u00e8 visto ieri quando i preziosi manufatti sono stati consegnati ai responsabili dei reparti di Terapia Intensiva Neonatale degli ospedali \u201cS. Martino\u201d di Belluno, \u201cS. Maria del Prato\u201d di Feltre e \u201cConegliano\u201d dell\u2019Ulss 2 Marca Trevigiana. \u00abDa <a class=\"dt-pswp-item\" href=\"https:\/\/www.radiopiu.net\/wordpress\/wp-content\/uploads\/2020\/11\/download-13.jpg\" data-dt-img-description=\"\" data-large_image_width=\"287\" data-large_image_height=\"176\"><img loading=\"lazy\" decoding=\"async\" class=\"size-full wp-image-173464 alignright\" src=\"https:\/\/www.radiopiu.net\/wordpress\/wp-content\/uploads\/2020\/11\/download-13.jpg\" alt=\"\" width=\"287\" height=\"176\" \/><\/a>qualche anno \u2013 sottolinea Cantoni &#8211; agiamo in stretta collaborazione con medici e infermiere dei tre nosocomi che apprezzano i nostri capi utilissimi nella marsupio-terapia, nell\u2019allattamento e nel wrapping. I nostri indumenti rientrano nel protocollo Care, cio\u00e8 l\u2019insieme di azioni volte a rendere pi\u00f9 umana la permanenza in ospedale, sia del piccolino che dei genitori, che vedono cos\u00ec il loro bambino vestito, accudito e colorato, con un effetto positivo sia sul piccolo che sulla mamma\u00bb. Sull\u2019argomento l\u2019Ulss Dolomiti comunica che, nel 2019, i bambini prematuri (prima di 36 settimane gestazionali) sono stati 38 su 1.359 nati. A questi si aggiungono 8 neonati prematuri nati a Treviso o Padova ma dimessi da ospedali dell\u2019Ulss Dolomiti. I bambini nati con un peso inferiore a 2,5 kg sono stati 57. Nel 2020, ad oggi, i neonati prematuri nati in Ulss Dolomiti sono 34 su 1.011 nati. A questi si aggiungono 8 neonati prematuri nati a Treviso o Padova. I bambini con peso inferiore ai 2,5 kg alla nascita sono 52. Il lavoro delle volontarie di \u201cMani di Mamma ODV\u201d continua con riunioni periodiche in un \u201cknit caf\u00e8\u201d per lavorare a maglia insieme, condividere idee e progetti e passare del tempo in piacevole compagnia. Chi volesse donare gomitoli per le loro realizzazioni lo pu\u00f2 fare nei seguenti negozi: Il Gomitolo d\u2019oro, Galleria Maraga, Boutique del filato a Belluno; Maflis a Feltre; Fate e folletti ad Alpago; La Casa della Lana a Ponte nelle Alpi; Il Bottone e lo Scampolo a Tai di Cadore; La Merceria ad Agordo; Il mio cucito a Conegliano.<br \/>\nInfo: belluno@manimamma.it, tel 3287494177.<\/p>\n<p>&nbsp;<\/p>\n","protected":false},"excerpt":{"rendered":"<p>di DINO BRIDDA BELLUNO \u00abNel mondo un bambino su dieci nasce prematuro\u00bb. Succede anche durante l\u2019attuale emergenza sanitaria perch\u00e9 la natura, per fortuna, non si ferma. Ecco allora che anche ieri si \u00e8 celebrata la \u201cGiornata mondiale della Prematurit\u00e0\u201d che in Italia, fra l\u2019altro, conta sulla generosit\u00e0 delle aderenti a \u201cMani di mamma ODV\u201d, sodalizio&hellip;<\/p>\n","protected":false},"author":1,"featured_media":173463,"comment_status":"closed","ping_status":"closed","sticky":false,"template":"","format":"standard","meta":{"_monsterinsights_skip_tracking":false,"_monsterinsights_sitenote_active":false,"_monsterinsights_sitenote_note":"","_monsterinsights_sitenote_category":0,"footnotes":""},"categories":[49],"tags":[],"class_list":["post-173462","post","type-post","status-publish","format-standard","has-post-thumbnail","hentry","category-news-18","category-49","description-off"],"img_url":"https:\/\/www.radiopiu.net\/wordpress\/wp-content\/uploads\/2020\/11\/download-4.png","_links":{"self":[{"href":"https:\/\/www.radiopiu.net\/wordpress\/wp-json\/wp\/v2\/posts\/173462","targetHints":{"allow":["GET"]}}],"collection":[{"href":"https:\/\/www.radiopiu.net\/wordpress\/wp-json\/wp\/v2\/posts"}],"about":[{"href":"https:\/\/www.radiopiu.net\/wordpress\/wp-json\/wp\/v2\/types\/post"}],"author":[{"embeddable":true,"href":"https:\/\/www.radiopiu.net\/wordpress\/wp-json\/wp\/v2\/users\/1"}],"replies":[{"embeddable":true,"href":"https:\/\/www.radiopiu.net\/wordpress\/wp-json\/wp\/v2\/comments?post=173462"}],"version-history":[{"count":0,"href":"https:\/\/www.radiopiu.net\/wordpress\/wp-json\/wp\/v2\/posts\/173462\/revisions"}],"wp:featuredmedia":[{"embeddable":true,"href":"https:\/\/www.radiopiu.net\/wordpress\/wp-json\/wp\/v2\/media\/173463"}],"wp:attachment":[{"href":"https:\/\/www.radiopiu.net\/wordpress\/wp-json\/wp\/v2\/media?parent=173462"}],"wp:term":[{"taxonomy":"category","embeddable":true,"href":"https:\/\/www.radiopiu.net\/wordpress\/wp-json\/wp\/v2\/categories?post=173462"},{"taxonomy":"post_tag","embeddable":true,"href":"https:\/\/www.radiopiu.net\/wordpress\/wp-json\/wp\/v2\/tags?post=173462"}],"curies":[{"name":"wp","href":"https:\/\/api.w.org\/{rel}","templated":true}]}}