{"id":173504,"date":"2020-11-19T05:57:36","date_gmt":"2020-11-19T04:57:36","guid":{"rendered":"https:\/\/www.radiopiu.net\/wordpress\/?p=173504"},"modified":"2020-11-19T06:10:17","modified_gmt":"2020-11-19T05:10:17","slug":"https-wp-me-p63lo7-j8s","status":"publish","type":"post","link":"https:\/\/www.radiopiu.net\/wordpress\/https-wp-me-p63lo7-j8s\/","title":{"rendered":"RITROVATA COSCIENTE LA DONNA DI TRICHIANA"},"content":{"rendered":"<p><strong><img loading=\"lazy\" decoding=\"async\" class=\"alignleft\" src=\"https:\/\/www.radiopiu.net\/wordpress\/wp-content\/uploads\/2020\/11\/salt_20201118_112828_562.jpg\" width=\"163\" height=\"218\" \/>TRICHIANA<\/strong> Questa mattina alle 6.30 il Soccorso alpino di Belluno \u00e8 stato allertato a seguito della segnalazione di un uomo, la cui moglie era uscita presto di casa, in localit\u00e0 Pranolz, e non era rientrata. Una squadra si \u00e8 portata subito sul posto, assieme ai Vigili del fuoco, mentre stava sopraggiungendo anche il Soccorso alpino della Guardia di finanza. Attorno alle 8, dei parenti che stavano aiutando nelle ricerche hanno ritrovato una scarpa sopra una scarpata verticale di 5 metri. Sotto, dolorante, ma cosciente si trovava la donna di 46 anni. I soccorritori sono scesi da lei, che lamentava dolori alla schiena. Sbarcati personale medico e tecnico di elisoccorso, all&#8217;infortunata, che si trovava sul greto di un torrente, sono state prestate le prime cure. Imbarellata, la donna \u00e8 stata issata a bordo con il verricello e trasportata all&#8217;ospedale di Belluno.<\/p>\n<p>&nbsp;<\/p>\n<blockquote>\n<h2><\/h2>\n<\/blockquote>\n<p><a href=\"https:\/\/www.radiopiu.net\/wordpress\/a-24-ore-dalla-scomparsa-via-al-piano-ricerca-persone\/151ee682-d098-4486-a19b-e5604fcd4b85\/\" rel=\"attachment wp-att-173554\"><img loading=\"lazy\" decoding=\"async\" class=\" wp-image-173554 alignleft\" src=\"https:\/\/www.radiopiu.net\/wordpress\/wp-content\/uploads\/2020\/11\/151ee682-d098-4486-a19b-e5604fcd4b85-135x300.jpg\" alt=\"\" width=\"75\" height=\"167\" srcset=\"https:\/\/www.radiopiu.net\/wordpress\/wp-content\/uploads\/2020\/11\/151ee682-d098-4486-a19b-e5604fcd4b85-135x300.jpg 135w, https:\/\/www.radiopiu.net\/wordpress\/wp-content\/uploads\/2020\/11\/151ee682-d098-4486-a19b-e5604fcd4b85-461x1024.jpg 461w, https:\/\/www.radiopiu.net\/wordpress\/wp-content\/uploads\/2020\/11\/151ee682-d098-4486-a19b-e5604fcd4b85-691x1536.jpg 691w, https:\/\/www.radiopiu.net\/wordpress\/wp-content\/uploads\/2020\/11\/151ee682-d098-4486-a19b-e5604fcd4b85.jpg 720w\" sizes=\"auto, (max-width: 75px) 100vw, 75px\" \/><\/a><strong>FELTRE <\/strong>Gilda Tonet, 94 anni di Feltre (Facen) \u00c8 stata ritrovata nel pomeriggio di ieri\u00a0 priva di vita. La donna \u00e8 stata ritrovata in zona fittamente boscosa in un dirupo 20 metri sotto il piano del sentiero \u201cVenezia Secca\u201d dal nucleo cinofilo dei vigili del fuoco. Dopo l\u2019accertamento della morte, la donna \u00e8 stata recuperata dalle squadre SAF Speleo (Alpino Fluviali) dei vigili del fuoco e potata sul piano del sentiero. Alle ricerche iniziate ieri hanno preso parte squadre permanenti e volontari dei pompieri e personale del soccorso alpino Sagf della Guardia di Finanza..<\/p>\n","protected":false},"excerpt":{"rendered":"<p>TRICHIANA Questa mattina alle 6.30 il Soccorso alpino di Belluno \u00e8 stato allertato a seguito della segnalazione di un uomo, la cui moglie era uscita presto di casa, in localit\u00e0 Pranolz, e non era rientrata. Una squadra si \u00e8 portata subito sul posto, assieme ai Vigili del fuoco, mentre stava sopraggiungendo anche il Soccorso alpino&hellip;<\/p>\n","protected":false},"author":4,"featured_media":173505,"comment_status":"closed","ping_status":"closed","sticky":false,"template":"","format":"standard","meta":{"_monsterinsights_skip_tracking":false,"_monsterinsights_sitenote_active":false,"_monsterinsights_sitenote_note":"","_monsterinsights_sitenote_category":0,"footnotes":""},"categories":[51,49],"tags":[],"class_list":["post-173504","post","type-post","status-publish","format-standard","has-post-thumbnail","hentry","category-evidenza-top","category-news-18","category-51","category-49","description-off"],"img_url":"https:\/\/www.radiopiu.net\/wordpress\/wp-content\/uploads\/2020\/11\/salt_20201118_112828_562.jpg","_links":{"self":[{"href":"https:\/\/www.radiopiu.net\/wordpress\/wp-json\/wp\/v2\/posts\/173504","targetHints":{"allow":["GET"]}}],"collection":[{"href":"https:\/\/www.radiopiu.net\/wordpress\/wp-json\/wp\/v2\/posts"}],"about":[{"href":"https:\/\/www.radiopiu.net\/wordpress\/wp-json\/wp\/v2\/types\/post"}],"author":[{"embeddable":true,"href":"https:\/\/www.radiopiu.net\/wordpress\/wp-json\/wp\/v2\/users\/4"}],"replies":[{"embeddable":true,"href":"https:\/\/www.radiopiu.net\/wordpress\/wp-json\/wp\/v2\/comments?post=173504"}],"version-history":[{"count":0,"href":"https:\/\/www.radiopiu.net\/wordpress\/wp-json\/wp\/v2\/posts\/173504\/revisions"}],"wp:featuredmedia":[{"embeddable":true,"href":"https:\/\/www.radiopiu.net\/wordpress\/wp-json\/wp\/v2\/media\/173505"}],"wp:attachment":[{"href":"https:\/\/www.radiopiu.net\/wordpress\/wp-json\/wp\/v2\/media?parent=173504"}],"wp:term":[{"taxonomy":"category","embeddable":true,"href":"https:\/\/www.radiopiu.net\/wordpress\/wp-json\/wp\/v2\/categories?post=173504"},{"taxonomy":"post_tag","embeddable":true,"href":"https:\/\/www.radiopiu.net\/wordpress\/wp-json\/wp\/v2\/tags?post=173504"}],"curies":[{"name":"wp","href":"https:\/\/api.w.org\/{rel}","templated":true}]}}