{"id":173514,"date":"2020-11-18T12:25:26","date_gmt":"2020-11-18T11:25:26","guid":{"rendered":"https:\/\/www.radiopiu.net\/wordpress\/?p=173514"},"modified":"2020-11-18T13:37:14","modified_gmt":"2020-11-18T12:37:14","slug":"diretta-da-marghera-alle-12-30-la-conferenza-stampa-di-luca-zaia","status":"publish","type":"post","link":"https:\/\/www.radiopiu.net\/wordpress\/diretta-da-marghera-alle-12-30-la-conferenza-stampa-di-luca-zaia\/","title":{"rendered":"UN PIANO SEGRETO PER SUPERARE LA PANDEMIA? GIA&#8217; OLTRE 3000 LE VITTIME, RISTORI E PROMESSE DA MANTENERE.  DOMANI INAUGURAZIONE DELLA PEDEMONTANA SENZA FESTA E TAGLIO DEL NASTRO"},"content":{"rendered":"<p><strong>VENEZIA<\/strong> Punto stampa, aggiornamento covid 19 da Marghera, presidente Luca Zaia, assessori Gianpaolo Bottacin e Manuela Lanzarin<\/p>\n<p><strong>I NUMERI TAMPONI 2.607.348 TEST RAPIDI 658.392, nelle ultime 24 ore in totale 50.054 test, 33.133 rapidi. POSITIVI 108.938 (+2972) ISOLAMENTO 33.897 RICOVERATI 2192 (+101 quasi tutti positivi, solo 113 negativi) TERAPIE INTENSIVE 291 (+11)\u00a0 DECESSI 3019 (+52) DIMESSI 5493<\/strong><\/p>\n<blockquote>\n<h2 style=\"text-align: left;\"><\/h2>\n<h2 style=\"text-align: left;\">LEGGI LA CONFERENZA STAMPA DI LUCA ZAIA<\/h2>\n<p><em>Domani apriremo un tratto strategico della Pedemontana, il primo tratto aperto il 3 giugno 2019, il secondo il 18 di giugno 2020, domani la terza apertura\u00a0 da Breganze a Bassano con dimezzamento dei tempi degli spostamenti rispetto alla viabilit\u00e0 ordinaria. 94 km e mezzo, 36 comuni attraversati e 14 caselli<\/em><\/p><\/blockquote>\n<p>Si stanno creando nuovi posti in terapia intensiva anche se i primi entrati stanno uscendo, importante sarebbe non caricare piu&#8217; tanto. Il territorio risponde con le cure domiciliari, tra gli indicatori crediamo di essere nella parte alta della curva ma non si sa quanto durer\u00e0. Impossibili le previsioni in vista del Natale. Domani dalle 12 via alla Pedemontana, 35 chilometri aperti ma non ci sar\u00e0 nessuna festa, nessun taglio del nastro in ottica anti covid. <strong>RISTORI<\/strong>\u00a0 C&#8217;\u00e8 chi dice che ha ricevuto e chi dice che non ha avuto nulla, non siamo nelle condizioni di avere notizie ufficiali, lo sa solo il Governo che dovrebbe fare un resoconto tramite l&#8217;Agenzia delle Entrate, il Governo dovrebbe informare. La nostra ordinanza con l&#8217;intesa del Ministro della Salute \u00e8 chiara, troverei imbarazzante non ci fossero ristori per il Veneto dopo le restrizioni attuali. Inutile ci dicano di fare restrizioni regionali e poi il Governo riconosca solo quello che mette in pratica da Roma. Se di fanno misure restrittive che anticipano e non si riconosce le restrizioni come ristoro&#8230;il Governo dovr\u00e0 fare un provvedimento altrimenti pi\u00f9 nessuno far\u00e0 restrizioni, soprattutto quelle dolorose. Il Governo si era comunque impegnato ma non ci sono ancora risposte. Immagino che verr\u00e0 formalizzata con un provvedimento ma non so quale. <strong>CASI DI POSITIVITA&#8217; TRA GLI ASSESSORI (3, De Berti, Caner, Calzavara)<\/strong> L&#8217;operativit\u00e0 \u00e8 comunque garantita ho modificato il regolamento per le attivit\u00e0 da remoto che prima non si potevano fare, assolutamente l&#8217;operativit\u00e0 c&#8217;\u00e8 con i limiti della quarantena. <strong>DA MESI SIETE I PIU&#8217; ESPOSTI AVETE PRESO PRECAUZIONI?<\/strong> Tamponi ogni 5 giorni, io vivo in una bolla i miei contatti stretti siete voi, non ne ho altri. Voi il gruppo di lavoro sopra (5-6) e mia moglie a casa. Non frequento nessuno, vado a fare la spesa in orari in cui non c&#8217;\u00e8 la calca. <strong>OSPEDALE DAL QATAR HA SPICCATO IL VOLO<\/strong> Voglio essere cortese l&#8217;ospedale \u00e8 li, composto da un nucleo centrale e due piccole ali e abbiamo pensato di usarlo a fare drive in in giro per il Veneto non certo in Val d&#8217;Aosta. Non voglio pero&#8217; arrabbiarmi.<strong> ATTESA DEL VENERDI, CAMBI DI FASCIA TEMETE L&#8217;ARANCIONE O IL ROSSO?<\/strong> E&#8217; come il sabato del villaggio di Leopardi con l&#8217;aspettativa del di giorno di festa, puo&#8217; arrivare la tempesta o il brutto tempo. I nostri dati sono buoni, stiamo raccogliendo tanto plasma, letti ne abbiamo, il piano tiene (fino a 6000 e poi abbiamo un&#8217;altra cosa che non diciamo, siamo pronti al peggio) staremo a vedere. L&#8217;algoritmo \u00e8 inquietante, un frullatore che non sai mai quale poltiglia fa uscire. Per noi la situazione \u00e8 sotto controllo ma siamo appeti all&#8217; Rt. Non credo abbiamo i demeriti per passare in zona arancione e se ci fossero problemi chiediamo che vengano sentiti a confronto i nostri tecnici. Se qualcuno ha dubbi noi non ne abbiamo e le restrizioni hanno funzionato. <strong>SETTORE FITNESS NESSUN RISTORO?<\/strong> Non sarebbe giusto, il decreto era agganciato al DPCM che chiudeva alcune attivit\u00e0 palestre comprese e non si parlava di zone colorate. Non sta in piedi questo ragionamento che i ristori sono solo per le zone arancio e rosse. Il Presidente del Consiglio ha annunciato le chiusure dicendo che sarebbero arrivati i soldi in bonifico sul conto corrente. <strong>C&#8217;E&#8217; CHI PROPONE IL TEST RAPIDO A PAGAMENTO<\/strong> Non \u00e8 vendibile perch\u00e9 non \u00e8 totalmente sperimentato n\u00e9 autorizzato dal Ministero, chiunque lo proponga ai cittadini sta proponendo qualcosa di illegale.<strong> UN PIANO SEGRETO?<\/strong> Esisterebbe un piano di emergenza straordinario, del quale Zaia\u00a0 non ha voluto rivelare nulla, dovrebbe per\u00f2 fronteggiare lo scenario peggiore dell&#8217;epidemia, potrebbe trattarsi di una\u00a0 strategia della Sanit\u00e0 veneta che comprende anche l&#8217;aumento di posti disponibili in area non critica e in terapia intesniva.<\/p>\n<blockquote>\n<h3>L&#8217;INGEGNER PAOLO FATTORI \u00a0Direttore Generale dell&#8217;Area Sanit\u00e0 e Sociale<\/h3>\n<p><em>Vi spiego l&#8217;attivit\u00e0 di Azienda Zero a supporto della sanit\u00e0 e socio sanit\u00e0. Materiale distribuito ovunque case di riposo e strutture socio sanitarie comprese. Il periodo dal 26 febbraio al 14 novembre e questo il materiale consegnato e distribuito.<\/em><\/p><\/blockquote>\n<p>Consegnato ad ogni responsabile della struttura una tabella, ognuno ha indicato il proprio fabbisogno e sottoscritto la tabella. Fabbisogno giornaliero\u00a0 (parliamo di 100 mila addetti) che poi \u00e8 stato caricato sul portale tenendo conto della criticit\u00e0 del momento e il contagio delle aree. Parliamo di calzari 1 milioni 984 mila, camici 5 milioni 651 mila, cuffie 2 milioni 306 mila, guanti 25 milioni 799 mila, mascherine chirurgice 31 milioni, mascherine ffp2 quasi 10 milioni, mascherine ffp3 416 mila, occhiali 163 mila, tute 244 mila, visiere 659mila. Fabbisogno medio giornaliero nel periodo estivo il calo valore medio mascherna 120 mila al giorno, ffp3 34 mila al giorno camici 21 mila al giorno. Aree covid espansione a marzo, riduzione estiva e poi il fabbisogno si continua a raccoglierlo dopo averlo esaminato, \u00e8 un continuo progetto di magazzino e nuvoe gare. In magazzino: 3 milioni calzari cioe&#8217; 17 mesi di atuonomia ffp2 11 milioni per 22 mesi di autonomia, camici quasi 5 milioni per 18 mesi di autonomia, cuffie quasi 10 milioni per 12 mesi, mascherine chirurgice\u00a0 quasi 15 milioni per 4 mesi, mascherine ffp3 quasi 2 milioni per 26 mesi di autonomia, occhiali 640 mila per 12 mesi, tute 1 milione 200 mila per 30 mesi, visiere 1 milioni 16 mila per 14 mesi, mascherine per 6 mesi di autonomia, guanti 6 milioni per 2 mesi. Per\u00f2 azienda zero continua con la programmazione avviando gare a seconda dei consumi previsti. Sono stati inseriti anche ulteriori articoli per rispondere al meglio alle richieste delle aziende sanitarie. <strong>CHE TIPO DI GARE?<\/strong> Aperte\u00a0 ed europee DISPONIBILITA&#8217; LIMITATA DI MASCHERINE CHIRURGICHE? Abbiamo autonomia di 4 mesi ma le si trovano ovunque, abbiamo altresi 22 mesi di ffp2.<\/p>\n<blockquote>\n<h2><\/h2>\n<h2>ASSESSORE MANUELA LANZARIN<\/h2>\n<\/blockquote>\n<p><strong>Vaccini anti influenza ,<\/strong> siamo in trattativa con il Governo per avere un vaccino per i minori, oltre la gara gi\u00e0 nota. Le 170 mila dosi dell&#8217;ultimo lotto di agosto dovrebbero arrivare a inizio dicembre. Faremo una ricognizione Ulss per Ulss per capire i consumi.<\/p>\n<p>https:\/\/www.facebook.com\/zaiaufficiale\/videos\/796121087632067<\/p>\n<p>&nbsp;<\/p>\n<p>&nbsp;<\/p>\n<p>https:\/\/www.facebook.com\/zaiaufficiale\/videos\/1077997289319717<\/p>\n<blockquote class=\"wp-embedded-content\" data-secret=\"dwpX89S10j\"><p><a href=\"https:\/\/www.radiopiu.net\/wordpress\/173513-2\/\">ALTRI 1977 POSITIVI E 924 GUARITI, 36 DECESSI NELLA NOTTE, 3809 POSITIVI A BELLUNO<\/a><\/p><\/blockquote>\n<p><iframe loading=\"lazy\" class=\"wp-embedded-content\" sandbox=\"allow-scripts\" security=\"restricted\" style=\"position: absolute; clip: rect(1px, 1px, 1px, 1px);\" title=\"&#8220;ALTRI 1977 POSITIVI E 924 GUARITI, 36 DECESSI NELLA NOTTE, 3809 POSITIVI A BELLUNO&#8221; &#8212; Radio Pi\u00f9\" src=\"https:\/\/www.radiopiu.net\/wordpress\/173513-2\/embed\/#?secret=dwpX89S10j\" data-secret=\"dwpX89S10j\" width=\"600\" height=\"338\" frameborder=\"0\" marginwidth=\"0\" marginheight=\"0\" scrolling=\"no\"><\/iframe><\/p>\n<p>&nbsp;<\/p>\n","protected":false},"excerpt":{"rendered":"<p>VENEZIA Punto stampa, aggiornamento covid 19 da Marghera, presidente Luca Zaia, assessori Gianpaolo Bottacin e Manuela Lanzarin I NUMERI TAMPONI 2.607.348 TEST RAPIDI 658.392, nelle ultime 24 ore in totale 50.054 test, 33.133 rapidi. POSITIVI 108.938 (+2972) ISOLAMENTO 33.897 RICOVERATI 2192 (+101 quasi tutti positivi, solo 113 negativi) TERAPIE INTENSIVE 291 (+11)\u00a0 DECESSI 3019 (+52)&hellip;<\/p>\n","protected":false},"author":4,"featured_media":173170,"comment_status":"closed","ping_status":"closed","sticky":false,"template":"","format":"standard","meta":{"_monsterinsights_skip_tracking":false,"_monsterinsights_sitenote_active":false,"_monsterinsights_sitenote_note":"","_monsterinsights_sitenote_category":0,"footnotes":""},"categories":[51,49],"tags":[],"class_list":["post-173514","post","type-post","status-publish","format-standard","has-post-thumbnail","hentry","category-evidenza-top","category-news-18","category-51","category-49","description-off"],"img_url":"https:\/\/www.radiopiu.net\/wordpress\/wp-content\/uploads\/2020\/11\/ZAIA-TEST-2.jpg","_links":{"self":[{"href":"https:\/\/www.radiopiu.net\/wordpress\/wp-json\/wp\/v2\/posts\/173514","targetHints":{"allow":["GET"]}}],"collection":[{"href":"https:\/\/www.radiopiu.net\/wordpress\/wp-json\/wp\/v2\/posts"}],"about":[{"href":"https:\/\/www.radiopiu.net\/wordpress\/wp-json\/wp\/v2\/types\/post"}],"author":[{"embeddable":true,"href":"https:\/\/www.radiopiu.net\/wordpress\/wp-json\/wp\/v2\/users\/4"}],"replies":[{"embeddable":true,"href":"https:\/\/www.radiopiu.net\/wordpress\/wp-json\/wp\/v2\/comments?post=173514"}],"version-history":[{"count":0,"href":"https:\/\/www.radiopiu.net\/wordpress\/wp-json\/wp\/v2\/posts\/173514\/revisions"}],"wp:featuredmedia":[{"embeddable":true,"href":"https:\/\/www.radiopiu.net\/wordpress\/wp-json\/wp\/v2\/media\/173170"}],"wp:attachment":[{"href":"https:\/\/www.radiopiu.net\/wordpress\/wp-json\/wp\/v2\/media?parent=173514"}],"wp:term":[{"taxonomy":"category","embeddable":true,"href":"https:\/\/www.radiopiu.net\/wordpress\/wp-json\/wp\/v2\/categories?post=173514"},{"taxonomy":"post_tag","embeddable":true,"href":"https:\/\/www.radiopiu.net\/wordpress\/wp-json\/wp\/v2\/tags?post=173514"}],"curies":[{"name":"wp","href":"https:\/\/api.w.org\/{rel}","templated":true}]}}