{"id":173516,"date":"2020-11-19T05:55:51","date_gmt":"2020-11-19T04:55:51","guid":{"rendered":"https:\/\/www.radiopiu.net\/wordpress\/?p=173516"},"modified":"2020-11-19T06:05:36","modified_gmt":"2020-11-19T05:05:36","slug":"domani-sciopero-nazionale-dei-lavoratori-enel-e-distribuzione","status":"publish","type":"post","link":"https:\/\/www.radiopiu.net\/wordpress\/domani-sciopero-nazionale-dei-lavoratori-enel-e-distribuzione\/","title":{"rendered":"OGGI SCIOPERO NAZIONALE DEI LAVORATORI ENEL E-DISTRIBUZIONE."},"content":{"rendered":"<blockquote>\n<h3><em>PRESIDI DALLE 8.30 ALLE 11 DAVANTI ALLA SEDE ENEL DI BELLUNO E ODERZO<\/em><\/h3>\n<\/blockquote>\n<p><strong><img loading=\"lazy\" decoding=\"async\" class=\"alignleft\" src=\"https:\/\/www.radiopiu.net\/wordpress\/wp-content\/uploads\/2015\/08\/enel-150505131004.jpg\" width=\"201\" height=\"134\" \/>BELLUNO\u00a0<\/strong> Oggi sciopero di 4 ore per i lavoratori di Enel E-Distribuzione, la societ\u00e0 del Gruppo Enel che si occupa della gestione delle reti di distribuzione. Lo stato di agitazione \u00e8 stato proclamato a livello nazionale e ha gi\u00e0 portato, a partire dallo scorso 23 ottobre, al blocco degli straordinari, dei lavori programmati e delle ore viaggio dei lavoratori. A Belluno il presidio si svolger\u00e0 davanti alla sede Enel di via Simon da Cusighe 27, mentre a Oderzo davanti alla sede aziendale in via Grazie 26. Tre i motivi dello sciopero: Enel E-Distribuzione rifiuta di assumere pi\u00f9 personale operativo e tecnico; vuole cedere all\u2019esterno le manovre sulla rete di media tensione e allargare a dismisura il territorio su cui si effettua la reperibilit\u00e0.<br \/>\nLo scioper ha come obiettivo prioritario la protesta nei confronti delle scelte generali dell\u2019azienda in materia di organizzazione del servizio di distribuzione della energia elettrica dove da anni si continua a ridurre il personale dipendente con il ricorso agli appalti esterni.<br \/>\nIn Veneto, regione dove la rete distributiva porta energia dall\u2019alta montagna alla laguna di Venezia, passando per 563 Comuni, in un territorio in cui in estate la popolazione cresce del 30% e con un diffuso tessuto produttivo, si \u00e8 passati nell\u2019arco degli ultimi 13 anni da 1.500 a 1.020 lavoratori. A proposito delle ore di straordinario: nel 2018 (esclusi interventi Vaia) sono state 120.000 (pari a 75 posti di lavoro) in capo a circa 500 lavoratori con media di 200 ore pro-capite\/anno.\u00a0 Il presidio della rete in Veneto viene garantito oggi con 19 sedi operative e 5 sedi direzionali, 4 in sedi di capoluogo di provincia (Verona, Padova; Mestre Venezia, Treviso) e una (1) di riferimento principale a Mestre Venezia. Pur in regime di sciopero, il personale di E-Distribuzione continuer\u00e0 a garantire con professionalit\u00e0 e responsabilit\u00e0 l&#8217;esercizio della rete, la sicurezza degli impianti, la rialimentazione e il ripristino del servizio in caso di guasti, con particolare attenzione a tutte le criticit\u00e0 anche legate all&#8217;attuale emergenza sanitaria.<\/p>\n<p>&nbsp;<\/p>\n","protected":false},"excerpt":{"rendered":"<p>PRESIDI DALLE 8.30 ALLE 11 DAVANTI ALLA SEDE ENEL DI BELLUNO E ODERZO BELLUNO\u00a0 Oggi sciopero di 4 ore per i lavoratori di Enel E-Distribuzione, la societ\u00e0 del Gruppo Enel che si occupa della gestione delle reti di distribuzione. Lo stato di agitazione \u00e8 stato proclamato a livello nazionale e ha gi\u00e0 portato, a partire&hellip;<\/p>\n","protected":false},"author":4,"featured_media":0,"comment_status":"closed","ping_status":"closed","sticky":false,"template":"","format":"standard","meta":{"_monsterinsights_skip_tracking":false,"_monsterinsights_sitenote_active":false,"_monsterinsights_sitenote_note":"","_monsterinsights_sitenote_category":0,"footnotes":""},"categories":[104,49],"tags":[],"class_list":["post-173516","post","type-post","status-publish","format-standard","hentry","category-evidenza_3","category-news-18","category-104","category-49","description-off"],"img_url":false,"_links":{"self":[{"href":"https:\/\/www.radiopiu.net\/wordpress\/wp-json\/wp\/v2\/posts\/173516","targetHints":{"allow":["GET"]}}],"collection":[{"href":"https:\/\/www.radiopiu.net\/wordpress\/wp-json\/wp\/v2\/posts"}],"about":[{"href":"https:\/\/www.radiopiu.net\/wordpress\/wp-json\/wp\/v2\/types\/post"}],"author":[{"embeddable":true,"href":"https:\/\/www.radiopiu.net\/wordpress\/wp-json\/wp\/v2\/users\/4"}],"replies":[{"embeddable":true,"href":"https:\/\/www.radiopiu.net\/wordpress\/wp-json\/wp\/v2\/comments?post=173516"}],"version-history":[{"count":0,"href":"https:\/\/www.radiopiu.net\/wordpress\/wp-json\/wp\/v2\/posts\/173516\/revisions"}],"wp:attachment":[{"href":"https:\/\/www.radiopiu.net\/wordpress\/wp-json\/wp\/v2\/media?parent=173516"}],"wp:term":[{"taxonomy":"category","embeddable":true,"href":"https:\/\/www.radiopiu.net\/wordpress\/wp-json\/wp\/v2\/categories?post=173516"},{"taxonomy":"post_tag","embeddable":true,"href":"https:\/\/www.radiopiu.net\/wordpress\/wp-json\/wp\/v2\/tags?post=173516"}],"curies":[{"name":"wp","href":"https:\/\/api.w.org\/{rel}","templated":true}]}}