{"id":173557,"date":"2020-11-18T14:48:27","date_gmt":"2020-11-18T13:48:27","guid":{"rendered":"https:\/\/www.radiopiu.net\/wordpress\/?p=173557"},"modified":"2020-11-18T14:50:35","modified_gmt":"2020-11-18T13:50:35","slug":"dagli-utenti-del-centro-diurno-la-via-del-quadro","status":"publish","type":"post","link":"https:\/\/www.radiopiu.net\/wordpress\/dagli-utenti-del-centro-diurno-la-via-del-quadro\/","title":{"rendered":"DAGLI UTENTI DEL CENTRO DIURNO LA VIA DEL QUADRO"},"content":{"rendered":"<p><strong>FELTRE\u00a0<\/strong> Si chiama \u201cLa Via del Quadro\u201d ed \u00e8 un&#8217;iniziativa promossa dal Centro Diurno Via Medaglie d&#8217;Oro Ulss 1 Dolomiti. Si tratta di una mostra di quadri per le vie della citt\u00e0 di Feltre che intende valorizzare le opere realizzate dai giovani che frequentano il Centro. Sono dipinti che esprimono tutta la loro \u201cemotivit\u00e0 colorata\u201d, a volte con tinte tenui e pennellate delicate, spesso con una vera e propria esplosione di colori accostati tra loro con scelte singolari e assolutamente personali. Ognuno con il proprio tratto, la propria spontaneit\u00e0 e la propria personalit\u00e0. Alcuni di questi lavori sono stati realizzati dai ragazzi anche nelle proprie case durante il lungo periodo del \u201clockdown\u201d di questa primavera per l&#8217;emergenza Covid-19, sostenuti a distanza dagli operatori che hanno procurato loro supporti e materiali. Alcuni negozi hanno gi\u00e0 aderito all\u2019iniziativa, esponendo nelle proprie vetrine i lavori dei ragazzi, contribuendo a gratificare sia i \u201cpittori\u201d che le loro famiglie, con la speranza che anche in questa occasione tali opere riscuotano lo stesso successo e gli stessi apprezzamenti, cos\u00ec come in altre mostre realizzate dal Centro Diurno nel passato.<\/p>\n\n\t\t\t<style type='text\/css'>\n\t\t\t\t#gallery-1 {\n\t\t\t\t\tmargin: auto;\n\t\t\t\t}\n\t\t\t\t#gallery-1 .gallery-item {\n\t\t\t\t\tfloat: left;\n\t\t\t\t\tmargin-top: 10px;\n\t\t\t\t\ttext-align: center;\n\t\t\t\t\twidth: 20%;\n\t\t\t\t}\n\t\t\t\t#gallery-1 img {\n\t\t\t\t\tborder: 2px solid #cfcfcf;\n\t\t\t\t}\n\t\t\t\t#gallery-1 .gallery-caption {\n\t\t\t\t\tmargin-left: 0;\n\t\t\t\t}\n\t\t\t\t\/* see gallery_shortcode() in wp-includes\/media.php *\/\n\t\t\t<\/style>\n\t\t<div id='gallery-1' class='dt-gallery-container gallery galleryid-173557 gallery-columns-5 gallery-size-thumbnail'><dl class='gallery-item'>\n\t\t\t\t<dt class='gallery-icon portrait'>\n\t\t\t\t\t<a class=\"rollover rollover-zoom dt-pswp-item\" title=\"manifesto\" data-dt-img-description=\"\" data-large_image_width=\"1406\" data-large_image_height=\"2015\"href='https:\/\/www.radiopiu.net\/wordpress\/wp-content\/uploads\/2020\/11\/manifesto.jpg'><img loading=\"lazy\" decoding=\"async\" width=\"150\" height=\"150\" src=\"https:\/\/www.radiopiu.net\/wordpress\/wp-content\/uploads\/2020\/11\/manifesto-150x150.jpg\" class=\"attachment-thumbnail size-thumbnail\" alt=\"\" \/><\/a>\n\t\t\t\t<\/dt><\/dl><dl class='gallery-item'>\n\t\t\t\t<dt class='gallery-icon landscape'>\n\t\t\t\t\t<a class=\"rollover rollover-zoom dt-pswp-item\" title=\"OLYMPUS DIGITAL CAMERA\" data-dt-img-description=\"\" data-large_image_width=\"1109\" data-large_image_height=\"571\"href='https:\/\/www.radiopiu.net\/wordpress\/wp-content\/uploads\/2020\/11\/PA272139.jpg'><img loading=\"lazy\" decoding=\"async\" width=\"150\" height=\"150\" src=\"https:\/\/www.radiopiu.net\/wordpress\/wp-content\/uploads\/2020\/11\/PA272139-150x150.jpg\" class=\"attachment-thumbnail size-thumbnail\" alt=\"\" \/><\/a>\n\t\t\t\t<\/dt><\/dl><dl class='gallery-item'>\n\t\t\t\t<dt class='gallery-icon portrait'>\n\t\t\t\t\t<a class=\"rollover rollover-zoom dt-pswp-item\" title=\"IMG20201030103239\" data-dt-img-description=\"\" data-large_image_width=\"1500\" data-large_image_height=\"2000\"href='https:\/\/www.radiopiu.net\/wordpress\/wp-content\/uploads\/2020\/11\/IMG20201030103239.jpg'><img loading=\"lazy\" decoding=\"async\" width=\"150\" height=\"150\" src=\"https:\/\/www.radiopiu.net\/wordpress\/wp-content\/uploads\/2020\/11\/IMG20201030103239-150x150.jpg\" class=\"attachment-thumbnail size-thumbnail\" alt=\"\" \/><\/a>\n\t\t\t\t<\/dt><\/dl><dl class='gallery-item'>\n\t\t\t\t<dt class='gallery-icon portrait'>\n\t\t\t\t\t<a class=\"rollover rollover-zoom dt-pswp-item\" title=\"OLYMPUS DIGITAL CAMERA\" data-dt-img-description=\"\" data-large_image_width=\"753\" data-large_image_height=\"1155\"href='https:\/\/www.radiopiu.net\/wordpress\/wp-content\/uploads\/2020\/11\/PA282095.jpg'><img loading=\"lazy\" decoding=\"async\" width=\"150\" height=\"150\" src=\"https:\/\/www.radiopiu.net\/wordpress\/wp-content\/uploads\/2020\/11\/PA282095-150x150.jpg\" class=\"attachment-thumbnail size-thumbnail\" alt=\"\" \/><\/a>\n\t\t\t\t<\/dt><\/dl><dl class='gallery-item'>\n\t\t\t\t<dt class='gallery-icon landscape'>\n\t\t\t\t\t<a class=\"rollover rollover-zoom dt-pswp-item\" title=\"IMG-20201111-WA0014\" data-dt-img-description=\"\" data-large_image_width=\"1600\" data-large_image_height=\"1200\"href='https:\/\/www.radiopiu.net\/wordpress\/wp-content\/uploads\/2020\/11\/IMG-20201111-WA0014.jpg'><img loading=\"lazy\" decoding=\"async\" width=\"150\" height=\"150\" src=\"https:\/\/www.radiopiu.net\/wordpress\/wp-content\/uploads\/2020\/11\/IMG-20201111-WA0014-150x150.jpg\" class=\"attachment-thumbnail size-thumbnail\" alt=\"\" \/><\/a>\n\t\t\t\t<\/dt><\/dl><br style=\"clear: both\" \/>\n\t\t\t<\/div>\n\n<p>Con questa iniziativa il Centro Diurno \u201cVia Medaglie d&#8217;Oro\u201d si prefigge anche di dare visibilit\u00e0 ad alcune attivit\u00e0 che vengono svolte presso il Servizio all&#8217;intera comunit\u00e0 feltrina in cui esso \u00e8 inserito.<\/p>\n","protected":false},"excerpt":{"rendered":"<p>FELTRE\u00a0 Si chiama \u201cLa Via del Quadro\u201d ed \u00e8 un&#8217;iniziativa promossa dal Centro Diurno Via Medaglie d&#8217;Oro Ulss 1 Dolomiti. Si tratta di una mostra di quadri per le vie della citt\u00e0 di Feltre che intende valorizzare le opere realizzate dai giovani che frequentano il Centro. Sono dipinti che esprimono tutta la loro \u201cemotivit\u00e0 colorata\u201d,&hellip;<\/p>\n","protected":false},"author":4,"featured_media":173558,"comment_status":"closed","ping_status":"closed","sticky":false,"template":"","format":"standard","meta":{"_monsterinsights_skip_tracking":false,"_monsterinsights_sitenote_active":false,"_monsterinsights_sitenote_note":"","_monsterinsights_sitenote_category":0,"footnotes":""},"categories":[49],"tags":[],"class_list":["post-173557","post","type-post","status-publish","format-standard","has-post-thumbnail","hentry","category-news-18","category-49","description-off"],"img_url":"https:\/\/www.radiopiu.net\/wordpress\/wp-content\/uploads\/2020\/11\/IMG-20201111-WA0014.jpg","_links":{"self":[{"href":"https:\/\/www.radiopiu.net\/wordpress\/wp-json\/wp\/v2\/posts\/173557","targetHints":{"allow":["GET"]}}],"collection":[{"href":"https:\/\/www.radiopiu.net\/wordpress\/wp-json\/wp\/v2\/posts"}],"about":[{"href":"https:\/\/www.radiopiu.net\/wordpress\/wp-json\/wp\/v2\/types\/post"}],"author":[{"embeddable":true,"href":"https:\/\/www.radiopiu.net\/wordpress\/wp-json\/wp\/v2\/users\/4"}],"replies":[{"embeddable":true,"href":"https:\/\/www.radiopiu.net\/wordpress\/wp-json\/wp\/v2\/comments?post=173557"}],"version-history":[{"count":0,"href":"https:\/\/www.radiopiu.net\/wordpress\/wp-json\/wp\/v2\/posts\/173557\/revisions"}],"wp:featuredmedia":[{"embeddable":true,"href":"https:\/\/www.radiopiu.net\/wordpress\/wp-json\/wp\/v2\/media\/173558"}],"wp:attachment":[{"href":"https:\/\/www.radiopiu.net\/wordpress\/wp-json\/wp\/v2\/media?parent=173557"}],"wp:term":[{"taxonomy":"category","embeddable":true,"href":"https:\/\/www.radiopiu.net\/wordpress\/wp-json\/wp\/v2\/categories?post=173557"},{"taxonomy":"post_tag","embeddable":true,"href":"https:\/\/www.radiopiu.net\/wordpress\/wp-json\/wp\/v2\/tags?post=173557"}],"curies":[{"name":"wp","href":"https:\/\/api.w.org\/{rel}","templated":true}]}}