{"id":173567,"date":"2020-11-18T23:59:04","date_gmt":"2020-11-18T22:59:04","guid":{"rendered":"https:\/\/www.radiopiu.net\/wordpress\/?p=173567"},"modified":"2020-11-18T15:06:53","modified_gmt":"2020-11-18T14:06:53","slug":"giornata-mondiale-delle-claustrali-di-renato-bona","status":"publish","type":"post","link":"https:\/\/www.radiopiu.net\/wordpress\/giornata-mondiale-delle-claustrali-di-renato-bona\/","title":{"rendered":"GIORNATA MONDIALE DELLE CLAUSTRALI di RENATO BONA"},"content":{"rendered":"<p><strong>BELLUNO<\/strong> In concomitanza con la ricorrenza della \u201cPresentazione della Beata Vergine Maria (Madonna della Salute)\u201d si celebra sabato 21 la \u201cGiornata mondiale delle claustrali\u201d. Nell\u2019edizione 2019 della \u201cGiornata\u201d il vescovo di Belluno-Feltre, monsignor Renato Marangoni, che aveva presieduto la celebrazione eucaristica, all\u2019omelia aveva ricordato che il 21 novembre \u201ccade la memoria della Presentazione di Maria al Tempio, quella che la tradizione locale riconosce come \u2018Madonna della Salute\u2019: nella ricorrenza della dedicazione della chiesa di Santa Maria Nuova a Gerusalemme, le Chiese di Occidente celebrano insieme ai cristiani di Oriente la pi\u00f9 significativa \u2018dedicazione che Maria fece a Dio di se stessa, secondo la tradizione fin dall\u2019infanzia. E\u2019 il motivo per cui in questa giornata la Chiesa invita a pregare per le religiose di clausura, cio\u00e8 per coloro che hanno dedicato la vita alla lode di Dio e all\u2019intercessione per tutti gli uomini e per la Chiesa nella vita consacrata claustrale\u201d. Ricordato che \u201cnella nostra diocesi il segno della clausura si ha nella Certosa di Vedana, che da pochi mesi \u00e8 stata costituita come \u2018Monastero Nostra Signora del Santissimo Sacramento e Santissimi Marco e Bruno\u201d con la nomina da parte del Capitolo generale della Priora nella persona di madre Maris Stella di Ges\u00f9\u201d, il presule aveva cos\u00ec concluso: \u201cMaria, a cui oggi guardiamo in questa memoria della sua \u2018presentazione\u2019, \u00e8 a testimoniarci il \u2018vivere di Dio\u2019 che inonda di vita la carne della nostra umanit\u00e0: \u2018L\u2019anima mia magnifica il Signore e il mio spirito esulta in Dio mio salvatore\u2019. Nella nostra eucarestia, che anche esprime gratitudine e affetto a queste nostre sorelle \u2018oranti\u2019 vogliano rivolgerci a loro con le parole del profeta: \u2018Rallegrati, esulta, figlia di Sion, perch\u00e9, ecco, io vengo ad abitare in mezzo a te\u2019\u201d. Anche Papa Francesco aveva elogiato le suore claustrali con un appello all\u2019udienza generale ed un messaggio in cui aveva scritto che il mondo e la Chiesa hanno bisogno di loro. Nella celebrazione \u201cpro orantibus\u201d del 2018 &#8211; come riporta il sito ceinews.it &#8211; l\u2019Agenzia Sir aveva dedicato un approfondimento sulla \u201cGiornata\u201d istituita nel 1953 da Pio XII, intervistando suor Giuseppina Fragasso, vicepresidente del Segretariato assistenza monache (impegnato ad aiutare monache o monasteri in situazioni difficili in Italia e all\u2019estero, avendo istituito un fondo che ogni anno viene alimentato con i ricavi dei biglietti per il Natale e la Pasqua che le Congregazioni sono solite acquistare per spirito di solidariet\u00e0 malgrado le novit\u00e0 tecnologiche e le difficolt\u00e0 economiche) la quale aveva definito la celebrazione \u201cUn\u2019occasione di attenzione e di aiuto per le suore di clausura di tutto il mondo\u201d. Della Certosa di Vedana molto \u00e8 stato scritto da ricercatori e storici ed in questa circostanza ci limitiamo pertanto a riportare quanto \u00e8 sintetizzato nel sito dolomiti.it: \u201cFin dal 1155 esisteva l&#8217;Ospizio di San Marco di Vedana tramutato in Certosa nel 1456. Accresciuta del gran chiostro nel 1521, fu soppressa dalla Repubblica di Venezia del 1768 e successivamente recuperata dai certosini francesi. Fino al 1977 ha ospitato una comunit\u00e0 di monaci certosini mentre oggi ospita una comunit\u00e0 di monache di clausura\u2026. Sugli altari della Certosa troviamo due tele di Sebastiano Ricci, \u2018Il battesimo di Ges\u00f9\u2019 e \u2018Madonna col Bambino tra San Bruno e San Ugo\u2019, notevoli per freschezza e grazia di composizione. Pregevole il tabernacolo attribuito ad Andrea Brustolon. All&#8217;altare maggiore una tela di Francesco Frigimelica del 1610. La cappella delle reliquie, mirabilmente adorna, desta l&#8217;ammirazione dei visitatori. Il piccolo chiostro quattrocentesco con pozzo nel mezzo, \u00e8 armonioso per le proporzioni e assai grazioso nelle sue esili colonne. Ricordiamo che a Vedana nacque Girolamo Segato (1792-1837), viaggiatore, cartografo e naturalista famoso per aver scoperto un processo di pietrificazione dei tessuti corporei umani ed animali\u201d. Detto che con un servizio di Giovanni Zanon dell\u201911 giugno 2018, l\u2019emittente Telebelluno celebrava il ritorno nella Certosa di Vedana, comune di Sospirolo, in provincia di Belluno, delle Adoratrici perpetue del Santissimo Sacramento, dell\u2019Ordine Certosino, che abitano in clausura la imponente e preziosa struttura che fu consacrata nel 1619 (Wikipedia \u2013 ndr.), concludiamo con una curiosit\u00e0 proposta dalla stessa libera enciclopedia: \u201cAll\u2019interno del complesso della Certosa si trovano tre stanze, racchiuse in un appartamento chiamato \u2018vescovado\u2019: una residenza per ospiti illustri che volevano trascorrere un breve periodo di riflessione spirituale all\u2019interno della Certosa. Albino Luciani, che successivamente diventer\u00e0 papa, si ritir\u00f2 per un mese intero all\u2019interno della certosa per la stesura della documentazione per il sinodo diocesano di Belluno e Feltre\u201d.<\/p>\n\n\t\t\t<style type='text\/css'>\n\t\t\t\t#gallery-1 {\n\t\t\t\t\tmargin: auto;\n\t\t\t\t}\n\t\t\t\t#gallery-1 .gallery-item {\n\t\t\t\t\tfloat: left;\n\t\t\t\t\tmargin-top: 10px;\n\t\t\t\t\ttext-align: center;\n\t\t\t\t\twidth: 12%;\n\t\t\t\t}\n\t\t\t\t#gallery-1 img {\n\t\t\t\t\tborder: 2px solid #cfcfcf;\n\t\t\t\t}\n\t\t\t\t#gallery-1 .gallery-caption {\n\t\t\t\t\tmargin-left: 0;\n\t\t\t\t}\n\t\t\t\t\/* see gallery_shortcode() in wp-includes\/media.php *\/\n\t\t\t<\/style>\n\t\t<div id='gallery-1' class='dt-gallery-container gallery galleryid-173567 gallery-columns-8 gallery-size-thumbnail'><dl class='gallery-item'>\n\t\t\t\t<dt class='gallery-icon landscape'>\n\t\t\t\t\t<a class=\"rollover rollover-zoom dt-pswp-item\" title=\"126058607_198311075144585_6438792111549742581_n\" data-dt-img-description=\"\" data-large_image_width=\"978\" data-large_image_height=\"536\"href='https:\/\/www.radiopiu.net\/wordpress\/wp-content\/uploads\/2020\/11\/126058607_198311075144585_6438792111549742581_n.jpg'><img loading=\"lazy\" decoding=\"async\" width=\"150\" height=\"150\" src=\"https:\/\/www.radiopiu.net\/wordpress\/wp-content\/uploads\/2020\/11\/126058607_198311075144585_6438792111549742581_n-150x150.jpg\" class=\"attachment-thumbnail size-thumbnail\" alt=\"\" \/><\/a>\n\t\t\t\t<\/dt><\/dl><dl class='gallery-item'>\n\t\t\t\t<dt class='gallery-icon landscape'>\n\t\t\t\t\t<a class=\"rollover rollover-zoom dt-pswp-item\" title=\"126405324_380698746330982_5153043190292799460_n\" data-dt-img-description=\"\" data-large_image_width=\"259\" data-large_image_height=\"194\"href='https:\/\/www.radiopiu.net\/wordpress\/wp-content\/uploads\/2020\/11\/126405324_380698746330982_5153043190292799460_n.jpg'><img loading=\"lazy\" decoding=\"async\" width=\"150\" height=\"150\" src=\"https:\/\/www.radiopiu.net\/wordpress\/wp-content\/uploads\/2020\/11\/126405324_380698746330982_5153043190292799460_n-150x150.jpg\" class=\"attachment-thumbnail size-thumbnail\" alt=\"\" \/><\/a>\n\t\t\t\t<\/dt><\/dl><dl class='gallery-item'>\n\t\t\t\t<dt class='gallery-icon landscape'>\n\t\t\t\t\t<a class=\"rollover rollover-zoom dt-pswp-item\" title=\"125861544_864010721012014_9074512295921929110_n\" data-dt-img-description=\"\" data-large_image_width=\"765\" data-large_image_height=\"552\"href='https:\/\/www.radiopiu.net\/wordpress\/wp-content\/uploads\/2020\/11\/125861544_864010721012014_9074512295921929110_n.png'><img loading=\"lazy\" decoding=\"async\" width=\"150\" height=\"150\" src=\"https:\/\/www.radiopiu.net\/wordpress\/wp-content\/uploads\/2020\/11\/125861544_864010721012014_9074512295921929110_n-150x150.png\" class=\"attachment-thumbnail size-thumbnail\" alt=\"\" \/><\/a>\n\t\t\t\t<\/dt><\/dl><dl class='gallery-item'>\n\t\t\t\t<dt class='gallery-icon landscape'>\n\t\t\t\t\t<a class=\"rollover rollover-zoom dt-pswp-item\" title=\"125920681_364806044820919_1376718034965192147_n\" data-dt-img-description=\"\" data-large_image_width=\"2048\" data-large_image_height=\"1326\"href='https:\/\/www.radiopiu.net\/wordpress\/wp-content\/uploads\/2020\/11\/125920681_364806044820919_1376718034965192147_n.jpg'><img loading=\"lazy\" decoding=\"async\" width=\"150\" height=\"150\" src=\"https:\/\/www.radiopiu.net\/wordpress\/wp-content\/uploads\/2020\/11\/125920681_364806044820919_1376718034965192147_n-150x150.jpg\" class=\"attachment-thumbnail size-thumbnail\" alt=\"\" \/><\/a>\n\t\t\t\t<\/dt><\/dl><dl class='gallery-item'>\n\t\t\t\t<dt class='gallery-icon landscape'>\n\t\t\t\t\t<a class=\"rollover rollover-zoom dt-pswp-item\" title=\"125873171_715080235881368_4748345065621575134_n\" data-dt-img-description=\"\" data-large_image_width=\"2048\" data-large_image_height=\"823\"href='https:\/\/www.radiopiu.net\/wordpress\/wp-content\/uploads\/2020\/11\/125873171_715080235881368_4748345065621575134_n.jpg'><img loading=\"lazy\" decoding=\"async\" width=\"150\" height=\"150\" src=\"https:\/\/www.radiopiu.net\/wordpress\/wp-content\/uploads\/2020\/11\/125873171_715080235881368_4748345065621575134_n-150x150.jpg\" class=\"attachment-thumbnail size-thumbnail\" alt=\"\" \/><\/a>\n\t\t\t\t<\/dt><\/dl><dl class='gallery-item'>\n\t\t\t\t<dt class='gallery-icon portrait'>\n\t\t\t\t\t<a class=\"rollover rollover-zoom dt-pswp-item\" title=\"125866357_407226420461702_5383547562994845519_n\" data-dt-img-description=\"\" data-large_image_width=\"1478\" data-large_image_height=\"1554\"href='https:\/\/www.radiopiu.net\/wordpress\/wp-content\/uploads\/2020\/11\/125866357_407226420461702_5383547562994845519_n.jpg'><img loading=\"lazy\" decoding=\"async\" width=\"150\" height=\"150\" src=\"https:\/\/www.radiopiu.net\/wordpress\/wp-content\/uploads\/2020\/11\/125866357_407226420461702_5383547562994845519_n-150x150.jpg\" class=\"attachment-thumbnail size-thumbnail\" alt=\"\" \/><\/a>\n\t\t\t\t<\/dt><\/dl><dl class='gallery-item'>\n\t\t\t\t<dt class='gallery-icon landscape'>\n\t\t\t\t\t<a class=\"rollover rollover-zoom dt-pswp-item\" title=\"125876637_1293060577695636_6108939055020625418_n\" data-dt-img-description=\"\" data-large_image_width=\"990\" data-large_image_height=\"660\"href='https:\/\/www.radiopiu.net\/wordpress\/wp-content\/uploads\/2020\/11\/125876637_1293060577695636_6108939055020625418_n.jpg'><img loading=\"lazy\" decoding=\"async\" width=\"150\" height=\"150\" src=\"https:\/\/www.radiopiu.net\/wordpress\/wp-content\/uploads\/2020\/11\/125876637_1293060577695636_6108939055020625418_n-150x150.jpg\" class=\"attachment-thumbnail size-thumbnail\" alt=\"\" \/><\/a>\n\t\t\t\t<\/dt><\/dl><dl class='gallery-item'>\n\t\t\t\t<dt class='gallery-icon portrait'>\n\t\t\t\t\t<a class=\"rollover rollover-zoom dt-pswp-item\" title=\"126264056_178229950582680_5223891391115288512_n\" data-dt-img-description=\"\" data-large_image_width=\"182\" data-large_image_height=\"255\"href='https:\/\/www.radiopiu.net\/wordpress\/wp-content\/uploads\/2020\/11\/126264056_178229950582680_5223891391115288512_n.png'><img loading=\"lazy\" decoding=\"async\" width=\"150\" height=\"150\" src=\"https:\/\/www.radiopiu.net\/wordpress\/wp-content\/uploads\/2020\/11\/126264056_178229950582680_5223891391115288512_n-150x150.png\" class=\"attachment-thumbnail size-thumbnail\" alt=\"\" \/><\/a>\n\t\t\t\t<\/dt><\/dl><br style=\"clear: both\" \/>\n\t\t\t<\/div>\n\n<p>NELLE FOTO (Corriere delle Alpi Wikipedia): un gruppetto di suore a Vedana; panoramica della Certosa bellunese di Sospirolo; il vescovo Renato Marangoni alla \u201cgiornata delle claustrali\u201d del 2019; i fedeli che vi assistettero; la priora suor Maris Stella di Ges\u00f9; una fase della celebrazione; interno della Certosa; suor Giuseppina Fragasso, vice presidente del Segretariato assistenza monache.<\/p>\n","protected":false},"excerpt":{"rendered":"<p>BELLUNO In concomitanza con la ricorrenza della \u201cPresentazione della Beata Vergine Maria (Madonna della Salute)\u201d si celebra sabato 21 la \u201cGiornata mondiale delle claustrali\u201d. Nell\u2019edizione 2019 della \u201cGiornata\u201d il vescovo di Belluno-Feltre, monsignor Renato Marangoni, che aveva presieduto la celebrazione eucaristica, all\u2019omelia aveva ricordato che il 21 novembre \u201ccade la memoria della Presentazione di Maria&hellip;<\/p>\n","protected":false},"author":4,"featured_media":173572,"comment_status":"closed","ping_status":"closed","sticky":false,"template":"","format":"standard","meta":{"_monsterinsights_skip_tracking":false,"_monsterinsights_sitenote_active":false,"_monsterinsights_sitenote_note":"","_monsterinsights_sitenote_category":0,"footnotes":""},"categories":[49],"tags":[],"class_list":["post-173567","post","type-post","status-publish","format-standard","has-post-thumbnail","hentry","category-news-18","category-49","description-off"],"img_url":"https:\/\/www.radiopiu.net\/wordpress\/wp-content\/uploads\/2020\/11\/126405324_380698746330982_5153043190292799460_n.jpg","_links":{"self":[{"href":"https:\/\/www.radiopiu.net\/wordpress\/wp-json\/wp\/v2\/posts\/173567","targetHints":{"allow":["GET"]}}],"collection":[{"href":"https:\/\/www.radiopiu.net\/wordpress\/wp-json\/wp\/v2\/posts"}],"about":[{"href":"https:\/\/www.radiopiu.net\/wordpress\/wp-json\/wp\/v2\/types\/post"}],"author":[{"embeddable":true,"href":"https:\/\/www.radiopiu.net\/wordpress\/wp-json\/wp\/v2\/users\/4"}],"replies":[{"embeddable":true,"href":"https:\/\/www.radiopiu.net\/wordpress\/wp-json\/wp\/v2\/comments?post=173567"}],"version-history":[{"count":0,"href":"https:\/\/www.radiopiu.net\/wordpress\/wp-json\/wp\/v2\/posts\/173567\/revisions"}],"wp:featuredmedia":[{"embeddable":true,"href":"https:\/\/www.radiopiu.net\/wordpress\/wp-json\/wp\/v2\/media\/173572"}],"wp:attachment":[{"href":"https:\/\/www.radiopiu.net\/wordpress\/wp-json\/wp\/v2\/media?parent=173567"}],"wp:term":[{"taxonomy":"category","embeddable":true,"href":"https:\/\/www.radiopiu.net\/wordpress\/wp-json\/wp\/v2\/categories?post=173567"},{"taxonomy":"post_tag","embeddable":true,"href":"https:\/\/www.radiopiu.net\/wordpress\/wp-json\/wp\/v2\/tags?post=173567"}],"curies":[{"name":"wp","href":"https:\/\/api.w.org\/{rel}","templated":true}]}}