{"id":173618,"date":"2020-11-19T05:51:50","date_gmt":"2020-11-19T04:51:50","guid":{"rendered":"https:\/\/www.radiopiu.net\/wordpress\/?p=173618"},"modified":"2020-11-19T06:08:04","modified_gmt":"2020-11-19T05:08:04","slug":"trasporti-sanitari-e-covid-lulss-con-le-associazioni","status":"publish","type":"post","link":"https:\/\/www.radiopiu.net\/wordpress\/trasporti-sanitari-e-covid-lulss-con-le-associazioni\/","title":{"rendered":"Trasporti sanitari e COVID: l\u2019Ulss con le Associazioni"},"content":{"rendered":"<p><strong>BELLUNO<\/strong> Le Associazioni di volontariato sono parte fondamentale del sistema socio sanitario del nostro territorio. Con le Associazioni che si occupano di trasporti sanitari la sintonia deve essere massima: l\u2019Ulss Dolomiti conferma l\u2019impegno per potenziare la collaborazione. In merito all\u2019esposizione a rischi COVID correlati da parte di personale volontario, l\u2019Azienda ritiene di rassicurare le Associazioni:<\/p>\n<p><img loading=\"lazy\" decoding=\"async\" class=\"alignleft\" src=\"https:\/\/www.radiopiu.net\/wordpress\/wp-content\/uploads\/2020\/06\/download-36.jpg\" width=\"289\" height=\"158\" \/>Fin dalla \u201cprima ondata\u201d della pandemia la Centrale Operativa SUEM 118 ha scelto di <b>NON<\/b> impiegare, per la realizzazione di soccorsi e trasporti di pazienti positivi COVID o comunque con sintomi COVID-correlati, equipaggi appartenenti al mondo del volontariato. Considerata la percentuali di persone covid positive asintomatiche, non si pu\u00f2 tuttavia escludere, allo stato attuale, che qualche paziente soccorso per altri motivi risulti successivamente covid positivo. Al fine di garantire la maggiore tutela, con comunicazione della CO SUEM 118 del 29\/10\/2020 \u00e8 stato disposto che tutto il personale operante in autoambulanza a qualsiasi titolo, <b>indossi sempre una mascherina FFP2<\/b>, occhiali protettivi o visiera nonch\u00e9, come sempre, guanti monouso. La medesima disposizione prevede come anche il paziente debba indossare una mascherina chirurgica, e se non ne dispone, viene fornita dall&#8217;equipaggio intervenuto. Si ricordo, inoltre, come il personale volontario, per la sua stessa natura di soccorritore laico, <b>non compie sui pazienti alcun tipo di \u201cmanovra avanzata\u201d,<\/b> quale gestione delle vie aeree o aerosolterapia, che ovviamente lo esporrebbero a rischi di contaminazione da droplet. Tutto ci\u00f2 premesso, si pu\u00f2 solo confermare che eventuali pazienti COVID positivi soccorsi o trasportati da equipaggi di personale volontario che abbia applicato le semplici regole della disposizione citata, non sono da considerarsi quali \u201ccontatti ad alto rischio\u201d. Al fine di rendere ancora pi\u00f9 chiara tale disposizione, ed in sinergia con il Dipartimento di Prevenzione della AULSS1, \u00e8 stata emanata una Istruzione Operativa specifica, che oltre a ribadire quanto esposto sopra, prevede anche che una eventuale \u201cinfrazione\u201d della catena delle protezioni, e quindi un improbabile ma sempre possibile contatto ad alto rischio, venga segnalato ed in tal caso l\u2019equipaggio verr\u00e0 preso in carico dalla Direzione Medica che provveder\u00e0 ad una attenta valutazione dell\u2019evento, e lo seguir\u00e0 in tutte le procedure e gli screening che venissero eventualmente ritenuti necessari. In riferimento alle altre richieste della lettera inviata all\u2019Ulss dalle Associazioni Eva Alpago, Valbelluna emergenza, VOLA SEAS e Stella Alpina, si segnala che gi\u00e0 lo scorso settembre si era cercato di riprendere l\u2019attivit\u00e0 formativa a favore delle Associazioni ed Enti di Volontariato, e non solo per il rischio COVID ma pi\u00f9 in generale per tutti gli aspetti legati al soccorso, ma tale iniziativa si \u00e8 ben presto arenata con l\u2019arrivo della cosiddetta \u201cseconda ondata\u201d. Sar\u00e0 ripresa non appena possibile. Per quel che riguarda l\u2019eventuale sostegno psicologico, si ricorda che \u00e8 attivo un specifico servizio tramite la Psicologia Ospedaliera con al suo attivo numerosi interventi in diversi ambiti covid. Sar\u00e0 cura dell\u2019Azienda comunicare alle Associazioni i precisi contatti e i riferimenti. \u00abConfermo l\u2019impegno dell\u2019Azienda per migliorare la collaborazione con le Associazioni dei volontari dei trasporti in ambulanza per continuare a garantire un servizio utile e sicuro ai nostri assistiti\u00bb, commenta il Direttore Generale Adriano Rasi Caldogno, \u00abstiamo organizzando a stretto giro un incontro con le associazioni per approfondire le tematiche sollevate, nel consueto spirito di collaborazione e attenzione e per la sicurezza dei suoi operatori e dei volontari in ogni circostanza\u00bb.<\/p>\n","protected":false},"excerpt":{"rendered":"<p>BELLUNO Le Associazioni di volontariato sono parte fondamentale del sistema socio sanitario del nostro territorio. Con le Associazioni che si occupano di trasporti sanitari la sintonia deve essere massima: l\u2019Ulss Dolomiti conferma l\u2019impegno per potenziare la collaborazione. In merito all\u2019esposizione a rischi COVID correlati da parte di personale volontario, l\u2019Azienda ritiene di rassicurare le Associazioni:&hellip;<\/p>\n","protected":false},"author":4,"featured_media":147131,"comment_status":"closed","ping_status":"closed","sticky":false,"template":"","format":"standard","meta":{"_monsterinsights_skip_tracking":false,"_monsterinsights_sitenote_active":false,"_monsterinsights_sitenote_note":"","_monsterinsights_sitenote_category":0,"footnotes":""},"categories":[51,104,49],"tags":[],"class_list":["post-173618","post","type-post","status-publish","format-standard","has-post-thumbnail","hentry","category-evidenza-top","category-evidenza_3","category-news-18","category-51","category-104","category-49","description-off"],"img_url":"https:\/\/www.radiopiu.net\/wordpress\/wp-content\/uploads\/2020\/06\/download-36.jpg","_links":{"self":[{"href":"https:\/\/www.radiopiu.net\/wordpress\/wp-json\/wp\/v2\/posts\/173618","targetHints":{"allow":["GET"]}}],"collection":[{"href":"https:\/\/www.radiopiu.net\/wordpress\/wp-json\/wp\/v2\/posts"}],"about":[{"href":"https:\/\/www.radiopiu.net\/wordpress\/wp-json\/wp\/v2\/types\/post"}],"author":[{"embeddable":true,"href":"https:\/\/www.radiopiu.net\/wordpress\/wp-json\/wp\/v2\/users\/4"}],"replies":[{"embeddable":true,"href":"https:\/\/www.radiopiu.net\/wordpress\/wp-json\/wp\/v2\/comments?post=173618"}],"version-history":[{"count":0,"href":"https:\/\/www.radiopiu.net\/wordpress\/wp-json\/wp\/v2\/posts\/173618\/revisions"}],"wp:featuredmedia":[{"embeddable":true,"href":"https:\/\/www.radiopiu.net\/wordpress\/wp-json\/wp\/v2\/media\/147131"}],"wp:attachment":[{"href":"https:\/\/www.radiopiu.net\/wordpress\/wp-json\/wp\/v2\/media?parent=173618"}],"wp:term":[{"taxonomy":"category","embeddable":true,"href":"https:\/\/www.radiopiu.net\/wordpress\/wp-json\/wp\/v2\/categories?post=173618"},{"taxonomy":"post_tag","embeddable":true,"href":"https:\/\/www.radiopiu.net\/wordpress\/wp-json\/wp\/v2\/tags?post=173618"}],"curies":[{"name":"wp","href":"https:\/\/api.w.org\/{rel}","templated":true}]}}