{"id":173660,"date":"2020-11-20T13:38:34","date_gmt":"2020-11-20T12:38:34","guid":{"rendered":"https:\/\/www.radiopiu.net\/wordpress\/?p=173660"},"modified":"2020-11-20T13:38:22","modified_gmt":"2020-11-20T12:38:22","slug":"giornale-radiopiu-20-novembre-2020-direttore-mirko-mezzacasa","status":"publish","type":"post","link":"https:\/\/www.radiopiu.net\/wordpress\/giornale-radiopiu-20-novembre-2020-direttore-mirko-mezzacasa\/","title":{"rendered":"GIORNALE RADIOPIU 20 NOVEMBRE 2020 DIRETTORE MIRKO MEZZACASA"},"content":{"rendered":"<h3>PER<strong> RICEVERE QUESTO NOTIZIARIO DIRETTAMENTE SUL TUO CELLULARE ISCRIVITI AL CANALE TELEGRAM <\/strong><strong>\u201cRADIO PIU\u00a0 INFORMAZIONE&#8221;<\/strong><\/h3>\n<p><em>ATTENZIONE: LA NUOVA APP PER IOS-IPHONE<\/em><\/p>\n<div>\n<div><a href=\"https:\/\/apps.apple.com\/it\/app\/radio-pi%C3%B9-emittente-agordina\/id1515939845\">https:\/\/apps.apple.com\/it\/app\/radio-pi%C3%B9-emittente-agordina\/id1515939845<\/a><\/div>\n<\/div>\n<div><\/div>\n<div>\n<div dir=\"auto\"><em>ATTENZIONE: LA NUOVA APP RADIO\u00a0 PER ANDROID<\/em><\/div>\n<\/div>\n<p><a href=\"https:\/\/play.google.com\/store\/apps\/details?id=net.radiopiu.iniko\" target=\"_blank\" rel=\"noopener noreferrer\">https:\/\/play.google.com\/store\/apps\/details?id=net.radiopiu.iniko\u00a0\u00a0<\/a><\/p>\n<p>&nbsp;<\/p>\n<hr \/>\n<p>&nbsp;<\/p>\n<blockquote>\n<h3>L&#8217;AUTOCERTIFICAZIONE<\/h3>\n<\/blockquote>\n<p><a href=\"https:\/\/www.radiopiu.net\/wordpress\/wp-content\/uploads\/2020\/11\/modello_autodichiarazione_editabile_ottobre_2020.pdf\">PER SCARICARE L&#8217;AUTOCERTIFICAZIONE CLICCA QUI<\/a><\/p>\n<p>&nbsp;<\/p>\n<h1>DAL NOTIZIARIO DI LUNEDI<\/h1>\n<blockquote class=\"wp-embedded-content\" data-secret=\"LK2QOdWOyC\"><p><a href=\"https:\/\/www.radiopiu.net\/wordpress\/la-giunta-comunale-di-agordo-approva-la-partecipazione-al-bando-regionale-per-il-fondo-sociale-affitti-2020\/\">LA GIUNTA COMUNALE DI AGORDO APPROVA LA PARTECIPAZIONE AL BANDO REGIONALE PER IL FONDO SOCIALE AFFITTI 2020<\/a><\/p><\/blockquote>\n<p><iframe loading=\"lazy\" class=\"wp-embedded-content\" sandbox=\"allow-scripts\" security=\"restricted\" style=\"position: absolute; clip: rect(1px, 1px, 1px, 1px);\" title=\"&#8220;LA GIUNTA COMUNALE DI AGORDO APPROVA LA PARTECIPAZIONE AL BANDO REGIONALE PER IL FONDO SOCIALE AFFITTI 2020&#8221; &#8212; Radio Pi\u00f9\" src=\"https:\/\/www.radiopiu.net\/wordpress\/la-giunta-comunale-di-agordo-approva-la-partecipazione-al-bando-regionale-per-il-fondo-sociale-affitti-2020\/embed\/#?secret=LK2QOdWOyC\" data-secret=\"LK2QOdWOyC\" width=\"600\" height=\"338\" frameborder=\"0\" marginwidth=\"0\" marginheight=\"0\" scrolling=\"no\"><\/iframe><\/p>\n<p>&nbsp;<\/p>\n<hr \/>\n<p>&nbsp;<\/p>\n<blockquote>\n<h3><img loading=\"lazy\" decoding=\"async\" class=\"alignleft\" src=\"https:\/\/www.radiopiu.net\/wordpress\/wp-content\/uploads\/2018\/08\/ACQUA.jpeg\" width=\"222\" height=\"133\" \/>ACQUA INQUINATA A CENCENIGHE &#8211; PRA DI MEZZO<\/h3>\n<\/blockquote>\n<p><strong>CENCENIGHE<\/strong> Gestione Servizi Pubblici informa che a CENCENIGHE AGORDINO in LOCALITA&#8217; PRA&#8217; DI MEZZO, l&#8217;acqua erogata dall&#8217;acquedotto non \u00e8 potabile e pu\u00f2 essere usata per scopi alimentari SOLO PREVIA bollitura. GSP ha, comunque, gi\u00e0 adottato le necessarie misure per la disinfezione dell&#8217;acqua presente nei serbatoi e nella rete idrica con l&#8217;aggiunta di cloro.<\/p>\n<p>&nbsp;<\/p>\n<p>&nbsp;<\/p>\n<hr \/>\n<blockquote>\n<h3>SCALE MOBILI CHIUSE A BELLUNO<\/h3>\n<\/blockquote>\n<p><strong>Da oggi, le scale mobili che collegano il parcheggio di Lambioi con piazza Duomo verranno chiuse al pubblico tutte le sere alle 22.30, senza distinzioni.<\/strong><\/p>\n<p>&nbsp;<\/p>\n<hr \/>\n<p>&nbsp;<\/p>\n<blockquote>\n<h3>TAIBON Istituzione del divieto di accesso e di sosta su tutta la piazza San Cipriano oggetto di lavori di manutenzione straordinaria per il rifacimento del piano viabile danneggiato, lungo le intersezioni con via Aivata, via Paris Bordone e via\u00a0 Besarel, dal 12 novembre al 27 novembre, comunque fino al termine dei lavori.\u00a0 Resta possibile, in funzione delle varie aree di lavorazione, la temporanea istituzione di corridoi di accesso su parte della piazza da parte della ditta esecutrice dei lavori;<span style=\"color: #0000ff;\"> Le corse delle linee extraurbane della Dolomitibus ometteranno il transito alla fermata di San Cipriano transitando lungo la regionale 203 agordina. Le corse Villanova-Agordo effettueranno il percorso alternativo per Strapont omettendo la tratta per San Cipriano-Municipio. Verranno pertanto soppresse le fermate: San Cipriano, Napi, Piazza Municipio, saranno attivate quelle sul percorso per Strapont.<\/span><\/h3>\n<\/blockquote>\n<p>&nbsp;<\/p>\n<blockquote>\n<h3>CANALE D&#8217;AGORDO Divieto di transito al traffico veicolare, sul tratto di strada comunale dalla Piazza Papa Luciani all\u2019innesto di Via XX Agosto 1944 in entrambi i sensi di marcia , per lavori di allacciamento idrico e gas GPL dalle 7 alle\u00a0 17,\u00a0 da luned\u00ec 16 novembre a venerd\u00ec 20 novembre 2020, e comunque sino a termine dei lavori. Per lo stesso periodo temporale, \u00e8 istituito un senso unico alternato regolato da impianto semaforico in Via Tancon (dall\u2019altezza del civico n. 5) e Via Lotta (all\u2019altezza del civico n. 9), un senso unico in Via Lotta dal bivio di Via Roma fino al bivio di Via Mezzavilla. Inoltre nello stesso periodo temporale, \u00e8 istituito il divieto di transito ai veicoli pesanti(autobus turistici e camion) sul tratto di viabilit\u00e0 alternativa<\/h3>\n<\/blockquote>\n<p>&nbsp;<\/p>\n<hr \/>\n<p>&nbsp;<\/p>\n<p><a href=\"https:\/\/www.radiopiu.net\/wordpress\/giornale-radio-piu-14-10-direttore-mirko-mezzacasa\/entrata-agordo-300x225\/\" rel=\"attachment wp-att-11952\"><img loading=\"lazy\" decoding=\"async\" class=\" wp-image-11952 alignleft\" src=\"https:\/\/www.radiopiu.net\/wordpress\/wp-content\/uploads\/2015\/10\/Entrata-Agordo-300x225-300x225.jpg\" alt=\"\" width=\"192\" height=\"144\" \/><\/a>Il contagio si diffonde arriva anche nelle Rsa che fino ad oggi si erano salvate, da Auronzo a Santo Stefano dalla Val di Zoldo (primi due positivi), Lentiai (7 ospiti positivi e 5 dipendenti, 136 infettati nel Comune) e fino ad Agordo dove ci sarebbe il primo caso di positivit\u00e0 tra i dipendenti uno in particolare che da poco ha preso servizio e che \u00e8 gi\u00e0 in isolamento. Due positivit\u00e0 anche alla scuola materna di Cavarzano su un alunna e un&#8217;insegnante, due classi in quarantena sempre a Cavarazano alle medie. Segreteria chiusa al comprensivo di Longarone. In provincia oltre 4000 positivi, oltre 6000 da inizio epidemia, cio\u00e8 il 3,3% della popolazione. Nella seconda ondata il doppio dei contagi rispetto alla scorsa primavera. Anche ieri 216 nuovi infetti. Crescono gradualmente, ma lentamente, i ricoverati, un paziente in meno in terapia intensiva.<\/p>\n<blockquote>\n<h3>COVID IN PROVINCIA: SOSPESI I RICOVERI IN MEDICINA AD AGORDO. 167 RICOVERI NEGLI OSPEDALI BELLUNESI. 216 I NUOVI POSITIVI<\/h3>\n<\/blockquote>\n<p><strong><a href=\"https:\/\/www.radiopiu.net\/wordpress\/giornale-radiopiu-10-marzo-2020-direttore-mirko-mezzacasa\/covid-ulss\/\" rel=\"attachment wp-att-121260\"><img loading=\"lazy\" decoding=\"async\" class=\" wp-image-121260 alignleft\" src=\"https:\/\/www.radiopiu.net\/wordpress\/wp-content\/uploads\/2020\/03\/covid-ulss-300x225.jpg\" alt=\"\" width=\"258\" height=\"193\" srcset=\"https:\/\/www.radiopiu.net\/wordpress\/wp-content\/uploads\/2020\/03\/covid-ulss-300x225.jpg 300w, https:\/\/www.radiopiu.net\/wordpress\/wp-content\/uploads\/2020\/03\/covid-ulss-768x576.jpg 768w, https:\/\/www.radiopiu.net\/wordpress\/wp-content\/uploads\/2020\/03\/covid-ulss.jpg 800w\" sizes=\"auto, (max-width: 258px) 100vw, 258px\" \/><\/a>BELLUNO Sono stati temporaneamente sospesi i ricoveri alla Medicina di Agordo, sono stati riscontrati casi di positivit\u00e0, quindi come gi\u00e0 successo prima a Pieve di Cadore e successivamente a Feltre il reparto sar\u00e0 aperto non appena possibile.<\/strong><\/p>\n<p>Nelle ultime 24 ore non sono decedute persone covid positive negli ospedali dell\u2019Ulss Dolomiti. 216 i nuovi positivi in provincia per un totale di 6370 da inizio pandemia. All&#8217;Ospedale San Martino di Belluno sono ricoverate 64 persone in area non critica e 4 in terapia intensiva. Al Santa Maria del Prato di Feltre 36 in area non critica e 3 in terapia intensiva. Negli ospedali di comunit\u00e0 60 i soggetti ricoverati cos\u00ec suddivisi: Ad Agordo 12, ad Alano 5, ad Auronzo 14, a Belluno 14 e a Feltre 15. Sono stati attivati ulteriori 9 posti letto di Ospedale di Comunit\u00e0 a Belluno per pazienti covid positivi. Le degenze di Neurologia sono state trasferite al 4\u00b0 piano lato est piano del blocco chirurgico del San Martino.<\/p>\n<p>&nbsp;<\/p>\n<hr \/>\n<p>&nbsp;<\/p>\n<blockquote>\n<h3>CONDOMINIO LA CORTE E STAZIONE DOLOMITIBUS, IERI INTERVENTO DELLA POLIZIA CON TRE VOLANTI<\/h3>\n<\/blockquote>\n<p><strong><a href=\"https:\/\/www.radiopiu.net\/wordpress\/giornale-radiopiu-18-giugno-2020-direttore-mirko-mezzacasa\/e5f1ebd2-744d-4055-bc0b-055e47c27368\/\" rel=\"attachment wp-att-144902\"><img loading=\"lazy\" decoding=\"async\" class=\" wp-image-144902 alignleft\" src=\"https:\/\/www.radiopiu.net\/wordpress\/wp-content\/uploads\/2020\/06\/e5f1ebd2-744d-4055-bc0b-055e47c27368-300x225.jpg\" alt=\"\" width=\"197\" height=\"148\" srcset=\"https:\/\/www.radiopiu.net\/wordpress\/wp-content\/uploads\/2020\/06\/e5f1ebd2-744d-4055-bc0b-055e47c27368-300x225.jpg 300w, https:\/\/www.radiopiu.net\/wordpress\/wp-content\/uploads\/2020\/06\/e5f1ebd2-744d-4055-bc0b-055e47c27368-1024x768.jpg 1024w, https:\/\/www.radiopiu.net\/wordpress\/wp-content\/uploads\/2020\/06\/e5f1ebd2-744d-4055-bc0b-055e47c27368-768x576.jpg 768w, https:\/\/www.radiopiu.net\/wordpress\/wp-content\/uploads\/2020\/06\/e5f1ebd2-744d-4055-bc0b-055e47c27368-1536x1152.jpg 1536w, https:\/\/www.radiopiu.net\/wordpress\/wp-content\/uploads\/2020\/06\/e5f1ebd2-744d-4055-bc0b-055e47c27368.jpg 2048w\" sizes=\"auto, (max-width: 197px) 100vw, 197px\" \/><\/a>AGORDO<\/strong> Tre volanti della polizia in via Insurrezione, due persone portate in Questura, nell&#8217;ambito dei controlli anti assembramenti per il Covid-19. Una coppia di agordini,\u00a0 gi\u00e0 conosciuta agli uffici che avrebbe violato le normative previste dall&#8217;ultimo decreto Conte. La donna avrebbe dato in escandescenze, all&#8217;interno di uno dei negozi, dopo essersi sentita avvisare dalla commessa del fatto che solo un componente per nucleo familiare \u00e8 autorizzato a\u00a0 fare la spesa. Intanto, ci sono i numeri della Prefettura sui controlli di tutte le forze di polizia, nel periodo compreso fra il 3 maggio e ieri. Controllate 51 mila 825 persone, 220 sanzionate. Quattro le persone denunciate per l&#8217;ipotesi di reato di epidemia colposa, perch\u00e9 pur essendo positive e avendo quindi l&#8217;obbligo di rimanere in quarantena, sono state trovate in giro.\u00a0 Controllati 34 mila 202 esercizi commerciali. Venti quelli sanzionati, mentre non ci sono state denunce. In un caso, \u00e8 stata disposta la chiusura provvisoria, mentre per tre \u00e8 scattata la chiusura dell&#8217;attivit\u00e0.<\/p>\n<p>&nbsp;<\/p>\n<blockquote class=\"wp-embedded-content\" data-secret=\"JdEHbbsDPe\"><p><a href=\"https:\/\/www.radiopiu.net\/wordpress\/dalla-prefettura-di-belluno-il-monitoraggio-dei-controlli-16-22-novembre\/\">DALLA PREFETTURA DI BELLUNO IL MONITORAGGIO DEI CONTROLLI, 16-22 NOVEMBRE<\/a><\/p><\/blockquote>\n<p><iframe loading=\"lazy\" class=\"wp-embedded-content\" sandbox=\"allow-scripts\" security=\"restricted\" style=\"position: absolute; clip: rect(1px, 1px, 1px, 1px);\" title=\"&#8220;DALLA PREFETTURA DI BELLUNO IL MONITORAGGIO DEI CONTROLLI, 16-22 NOVEMBRE&#8221; &#8212; Radio Pi\u00f9\" src=\"https:\/\/www.radiopiu.net\/wordpress\/dalla-prefettura-di-belluno-il-monitoraggio-dei-controlli-16-22-novembre\/embed\/#?secret=JdEHbbsDPe\" data-secret=\"JdEHbbsDPe\" width=\"600\" height=\"338\" frameborder=\"0\" marginwidth=\"0\" marginheight=\"0\" scrolling=\"no\"><\/iframe><\/p>\n<p>&nbsp;<\/p>\n<hr \/>\n<p>&nbsp;<\/p>\n<p>&nbsp;<\/p>\n<blockquote>\n<h3>L&#8217;AMMINISTRAZIONE COMUNALE DI AGORDO RINGRAZIA LA POLIZIA PER LA CAMPAGNA DI SENSIBILIZZAZIONE &#8220;QUESTO NON E&#8217; AMORE&#8221;<\/h3>\n<\/blockquote>\n<p><strong><a href=\"https:\/\/www.radiopiu.net\/wordpress\/https-wp-me-p63lo7-j5k\/125523427_2461232407504126_2216156846550511043_o\/\" rel=\"attachment wp-att-173480\"><img loading=\"lazy\" decoding=\"async\" class=\"size-medium wp-image-173480 alignleft\" src=\"https:\/\/www.radiopiu.net\/wordpress\/wp-content\/uploads\/2020\/11\/125523427_2461232407504126_2216156846550511043_o-300x138.jpg\" alt=\"\" width=\"300\" height=\"138\" srcset=\"https:\/\/www.radiopiu.net\/wordpress\/wp-content\/uploads\/2020\/11\/125523427_2461232407504126_2216156846550511043_o-300x138.jpg 300w, https:\/\/www.radiopiu.net\/wordpress\/wp-content\/uploads\/2020\/11\/125523427_2461232407504126_2216156846550511043_o-1024x472.jpg 1024w, https:\/\/www.radiopiu.net\/wordpress\/wp-content\/uploads\/2020\/11\/125523427_2461232407504126_2216156846550511043_o-768x354.jpg 768w, https:\/\/www.radiopiu.net\/wordpress\/wp-content\/uploads\/2020\/11\/125523427_2461232407504126_2216156846550511043_o-1536x708.jpg 1536w, https:\/\/www.radiopiu.net\/wordpress\/wp-content\/uploads\/2020\/11\/125523427_2461232407504126_2216156846550511043_o.jpg 2040w\" sizes=\"auto, (max-width: 300px) 100vw, 300px\" \/><\/a>AGORDO\u00a0<\/strong>L&#8217;amministrazione comunale di Agordo ringrazia la Polizia e la Questura di Belluno per la presenza ad Agordo del camper dove \u00e8 stata presentata la campagna di sensibilizzazione Questo Non \u00e8 Amore&#8221; che tratta il tema della violenza sulle donne. Non solo, il Comune di Agordo ha voluto devolvere la cifra di 400 euro al Centro Anti Violenza Belluno Donna, circa 10 centesimi a cittadino.<\/p>\n<p><strong>L&#8217;ASSESSORE DEL COMUNE DI AGORDO CLAUDIO SITO<\/strong><\/p>\n<audio class=\"wp-audio-shortcode\" id=\"audio-173660-1\" preload=\"none\" style=\"width: 100%;\" controls=\"controls\"><source type=\"audio\/mpeg\" src=\"https:\/\/www.radiopiu.net\/wordpress\/wp-content\/uploads\/2020\/11\/CLAUDIO-SITO-POLIZIA-AGORDO.mp3?_=1\" \/><a href=\"https:\/\/www.radiopiu.net\/wordpress\/wp-content\/uploads\/2020\/11\/CLAUDIO-SITO-POLIZIA-AGORDO.mp3\">https:\/\/www.radiopiu.net\/wordpress\/wp-content\/uploads\/2020\/11\/CLAUDIO-SITO-POLIZIA-AGORDO.mp3<\/a><\/audio>\n<p>&nbsp;<\/p>\n<p>&nbsp;<\/p>\n<p>&nbsp;<\/p>\n<hr \/>\n<p>&nbsp;<\/p>\n<blockquote>\n<h3>SERRAI: VIA AL SECONDO STRALCIO DA 9 MILIONI DI EURO CON 7 IMPRESE LOCALI<\/h3>\n<\/blockquote>\n<p><strong>ROCCA PIETORE <\/strong>Un paese intero epicentro della tempesta Vaia dell&#8217;ottobre 2018, un sito, quello dei Serrai di Sottoguda divenuto subito simbolo del disastro. Da qui sono sempre stati lanciati segnali forti per la ripartenza, per la rinascita. Idee e progetti che ora si concretizzano con il secondo stralcio dei lavori. Un&#8217;opera dove sono stati stanziati 9 milioni di euro con 7 imprese locali al lavoro, anche per quanto riguarda la direzione lavori \u00a06 su 8\u00a0 sono bellunesi.<em> &#8220;Non si sono mai fermati i cantieri post Vaia nonostante il covid. Anche il luogo simbolo, i Serrai di Sottoguda, sono sempre stati attenzionati. Dopo il lungo e complesso lavoro di messa in sicurezza del sito, adesso finalmente partono i lavori del secondo stralcio. Nove milioni di euro per quello che pu\u00f2 essere definito il cantiere della rinascita&#8221;<\/em> commenta l&#8217;assessore regionale Gianpaolo Bottacin.<\/p>\n<p><b>IL SINDACO DI ROCCA PIETORE ANDREA DE BERNARDIN<\/b><\/p>\n<audio class=\"wp-audio-shortcode\" id=\"audio-173660-2\" preload=\"none\" style=\"width: 100%;\" controls=\"controls\"><source type=\"audio\/mpeg\" src=\"https:\/\/www.radiopiu.net\/wordpress\/wp-content\/uploads\/2020\/11\/DE-BERNARDIN-SERRAI.mp3?_=2\" \/><a href=\"https:\/\/www.radiopiu.net\/wordpress\/wp-content\/uploads\/2020\/11\/DE-BERNARDIN-SERRAI.mp3\">https:\/\/www.radiopiu.net\/wordpress\/wp-content\/uploads\/2020\/11\/DE-BERNARDIN-SERRAI.mp3<\/a><\/audio>\n<p>&nbsp;<\/p>\n<p><strong>LUCA ZAIA, PRESIDENTE DEL VENETO<\/strong><\/p>\n<audio class=\"wp-audio-shortcode\" id=\"audio-173660-3\" preload=\"none\" style=\"width: 100%;\" controls=\"controls\"><source type=\"audio\/mpeg\" src=\"https:\/\/www.radiopiu.net\/wordpress\/wp-content\/uploads\/2020\/11\/ZAIA-SERRAI.mp3?_=3\" \/><a href=\"https:\/\/www.radiopiu.net\/wordpress\/wp-content\/uploads\/2020\/11\/ZAIA-SERRAI.mp3\">https:\/\/www.radiopiu.net\/wordpress\/wp-content\/uploads\/2020\/11\/ZAIA-SERRAI.mp3<\/a><\/audio>\n<p>&nbsp;<\/p>\n<p><strong>L&#8217;INGEGNER GIANVITTORE VACCARI DI VENETO ACQUE<\/strong><\/p>\n<audio class=\"wp-audio-shortcode\" id=\"audio-173660-4\" preload=\"none\" style=\"width: 100%;\" controls=\"controls\"><source type=\"audio\/mpeg\" src=\"https:\/\/www.radiopiu.net\/wordpress\/wp-content\/uploads\/2020\/11\/VACCARI-SERRAI.mp3?_=4\" \/><a href=\"https:\/\/www.radiopiu.net\/wordpress\/wp-content\/uploads\/2020\/11\/VACCARI-SERRAI.mp3\">https:\/\/www.radiopiu.net\/wordpress\/wp-content\/uploads\/2020\/11\/VACCARI-SERRAI.mp3<\/a><\/audio>\n<p>&nbsp;<\/p>\n<p><strong>LA FOTOGALLERY DEI LAVORI<\/strong><\/p>\n\n\t\t\t<style type='text\/css'>\n\t\t\t\t#gallery-1 {\n\t\t\t\t\tmargin: auto;\n\t\t\t\t}\n\t\t\t\t#gallery-1 .gallery-item {\n\t\t\t\t\tfloat: left;\n\t\t\t\t\tmargin-top: 10px;\n\t\t\t\t\ttext-align: center;\n\t\t\t\t\twidth: 16%;\n\t\t\t\t}\n\t\t\t\t#gallery-1 img {\n\t\t\t\t\tborder: 2px solid #cfcfcf;\n\t\t\t\t}\n\t\t\t\t#gallery-1 .gallery-caption {\n\t\t\t\t\tmargin-left: 0;\n\t\t\t\t}\n\t\t\t\t\/* see gallery_shortcode() in wp-includes\/media.php *\/\n\t\t\t<\/style>\n\t\t<div id='gallery-1' class='dt-gallery-container gallery galleryid-173660 gallery-columns-6 gallery-size-thumbnail'><dl class='gallery-item'>\n\t\t\t\t<dt class='gallery-icon landscape'>\n\t\t\t\t\t<a class=\"rollover rollover-zoom dt-pswp-item\" title=\"47d39495-fe40-4a9d-a42a-dc11a89b78fe\" data-dt-img-description=\"\" data-large_image_width=\"1599\" data-large_image_height=\"1200\"href='https:\/\/www.radiopiu.net\/wordpress\/wp-content\/uploads\/2020\/11\/47d39495-fe40-4a9d-a42a-dc11a89b78fe.jpg'><img loading=\"lazy\" decoding=\"async\" width=\"150\" height=\"150\" src=\"https:\/\/www.radiopiu.net\/wordpress\/wp-content\/uploads\/2020\/11\/47d39495-fe40-4a9d-a42a-dc11a89b78fe-150x150.jpg\" class=\"attachment-thumbnail size-thumbnail\" alt=\"\" \/><\/a>\n\t\t\t\t<\/dt><\/dl><dl class='gallery-item'>\n\t\t\t\t<dt class='gallery-icon portrait'>\n\t\t\t\t\t<a class=\"rollover rollover-zoom dt-pswp-item\" title=\"60c445da-2c8a-42d9-a801-18fbbf6878b3\" data-dt-img-description=\"\" data-large_image_width=\"1200\" data-large_image_height=\"1599\"href='https:\/\/www.radiopiu.net\/wordpress\/wp-content\/uploads\/2020\/11\/60c445da-2c8a-42d9-a801-18fbbf6878b3.jpg'><img loading=\"lazy\" decoding=\"async\" width=\"150\" height=\"150\" src=\"https:\/\/www.radiopiu.net\/wordpress\/wp-content\/uploads\/2020\/11\/60c445da-2c8a-42d9-a801-18fbbf6878b3-150x150.jpg\" class=\"attachment-thumbnail size-thumbnail\" alt=\"\" \/><\/a>\n\t\t\t\t<\/dt><\/dl><dl class='gallery-item'>\n\t\t\t\t<dt class='gallery-icon landscape'>\n\t\t\t\t\t<a class=\"rollover rollover-zoom dt-pswp-item\" title=\"c6484bd8-7dc2-484c-a515-7379bf9f924c\" data-dt-img-description=\"\" data-large_image_width=\"1599\" data-large_image_height=\"1200\"href='https:\/\/www.radiopiu.net\/wordpress\/wp-content\/uploads\/2020\/11\/c6484bd8-7dc2-484c-a515-7379bf9f924c.jpg'><img loading=\"lazy\" decoding=\"async\" width=\"150\" height=\"150\" src=\"https:\/\/www.radiopiu.net\/wordpress\/wp-content\/uploads\/2020\/11\/c6484bd8-7dc2-484c-a515-7379bf9f924c-150x150.jpg\" class=\"attachment-thumbnail size-thumbnail\" alt=\"\" \/><\/a>\n\t\t\t\t<\/dt><\/dl><dl class='gallery-item'>\n\t\t\t\t<dt class='gallery-icon landscape'>\n\t\t\t\t\t<a class=\"rollover rollover-zoom dt-pswp-item\" title=\"14a3a905-b011-4c3a-a0cf-604702b39df9\" data-dt-img-description=\"\" data-large_image_width=\"1599\" data-large_image_height=\"1200\"href='https:\/\/www.radiopiu.net\/wordpress\/wp-content\/uploads\/2020\/11\/14a3a905-b011-4c3a-a0cf-604702b39df9.jpg'><img loading=\"lazy\" decoding=\"async\" width=\"150\" height=\"150\" src=\"https:\/\/www.radiopiu.net\/wordpress\/wp-content\/uploads\/2020\/11\/14a3a905-b011-4c3a-a0cf-604702b39df9-150x150.jpg\" class=\"attachment-thumbnail size-thumbnail\" alt=\"\" \/><\/a>\n\t\t\t\t<\/dt><\/dl><dl class='gallery-item'>\n\t\t\t\t<dt class='gallery-icon portrait'>\n\t\t\t\t\t<a class=\"rollover rollover-zoom dt-pswp-item\" title=\"5b378db0-0bcd-48e1-87b5-cb6261c406a6\" data-dt-img-description=\"\" data-large_image_width=\"1200\" data-large_image_height=\"1599\"href='https:\/\/www.radiopiu.net\/wordpress\/wp-content\/uploads\/2020\/11\/5b378db0-0bcd-48e1-87b5-cb6261c406a6.jpg'><img loading=\"lazy\" decoding=\"async\" width=\"150\" height=\"150\" src=\"https:\/\/www.radiopiu.net\/wordpress\/wp-content\/uploads\/2020\/11\/5b378db0-0bcd-48e1-87b5-cb6261c406a6-150x150.jpg\" class=\"attachment-thumbnail size-thumbnail\" alt=\"\" \/><\/a>\n\t\t\t\t<\/dt><\/dl><dl class='gallery-item'>\n\t\t\t\t<dt class='gallery-icon portrait'>\n\t\t\t\t\t<a class=\"rollover rollover-zoom dt-pswp-item\" title=\"76714bda-71c0-446e-a628-78eaeb88b489\" data-dt-img-description=\"\" data-large_image_width=\"1200\" data-large_image_height=\"1599\"href='https:\/\/www.radiopiu.net\/wordpress\/wp-content\/uploads\/2020\/11\/76714bda-71c0-446e-a628-78eaeb88b489.jpg'><img loading=\"lazy\" decoding=\"async\" width=\"150\" height=\"150\" src=\"https:\/\/www.radiopiu.net\/wordpress\/wp-content\/uploads\/2020\/11\/76714bda-71c0-446e-a628-78eaeb88b489-150x150.jpg\" class=\"attachment-thumbnail size-thumbnail\" alt=\"\" \/><\/a>\n\t\t\t\t<\/dt><\/dl><br style=\"clear: both\" \/><dl class='gallery-item'>\n\t\t\t\t<dt class='gallery-icon portrait'>\n\t\t\t\t\t<a class=\"rollover rollover-zoom dt-pswp-item\" title=\"e0428088-260a-4b90-8cea-68f0a88a5c98\" data-dt-img-description=\"\" data-large_image_width=\"1200\" data-large_image_height=\"1599\"href='https:\/\/www.radiopiu.net\/wordpress\/wp-content\/uploads\/2020\/11\/e0428088-260a-4b90-8cea-68f0a88a5c98.jpg'><img loading=\"lazy\" decoding=\"async\" width=\"150\" height=\"150\" src=\"https:\/\/www.radiopiu.net\/wordpress\/wp-content\/uploads\/2020\/11\/e0428088-260a-4b90-8cea-68f0a88a5c98-150x150.jpg\" class=\"attachment-thumbnail size-thumbnail\" alt=\"\" \/><\/a>\n\t\t\t\t<\/dt><\/dl><dl class='gallery-item'>\n\t\t\t\t<dt class='gallery-icon landscape'>\n\t\t\t\t\t<a class=\"rollover rollover-zoom dt-pswp-item\" title=\"14a3a905-b011-4c3a-a0cf-604702b39df9-1\" data-dt-img-description=\"\" data-large_image_width=\"1599\" data-large_image_height=\"1200\"href='https:\/\/www.radiopiu.net\/wordpress\/wp-content\/uploads\/2020\/11\/14a3a905-b011-4c3a-a0cf-604702b39df9-1.jpg'><img loading=\"lazy\" decoding=\"async\" width=\"150\" height=\"150\" src=\"https:\/\/www.radiopiu.net\/wordpress\/wp-content\/uploads\/2020\/11\/14a3a905-b011-4c3a-a0cf-604702b39df9-1-150x150.jpg\" class=\"attachment-thumbnail size-thumbnail\" alt=\"\" \/><\/a>\n\t\t\t\t<\/dt><\/dl><dl class='gallery-item'>\n\t\t\t\t<dt class='gallery-icon portrait'>\n\t\t\t\t\t<a class=\"rollover rollover-zoom dt-pswp-item\" title=\"f40491f8-cb1a-49a9-bee5-2eee2b4d5fa5\" data-dt-img-description=\"\" data-large_image_width=\"1200\" data-large_image_height=\"1599\"href='https:\/\/www.radiopiu.net\/wordpress\/wp-content\/uploads\/2020\/11\/f40491f8-cb1a-49a9-bee5-2eee2b4d5fa5.jpg'><img loading=\"lazy\" decoding=\"async\" width=\"150\" height=\"150\" src=\"https:\/\/www.radiopiu.net\/wordpress\/wp-content\/uploads\/2020\/11\/f40491f8-cb1a-49a9-bee5-2eee2b4d5fa5-150x150.jpg\" class=\"attachment-thumbnail size-thumbnail\" alt=\"\" \/><\/a>\n\t\t\t\t<\/dt><\/dl><dl class='gallery-item'>\n\t\t\t\t<dt class='gallery-icon portrait'>\n\t\t\t\t\t<a class=\"rollover rollover-zoom dt-pswp-item\" title=\"64f00d41-1d18-442d-b2b5-b05478e478fe\" data-dt-img-description=\"\" data-large_image_width=\"1200\" data-large_image_height=\"1599\"href='https:\/\/www.radiopiu.net\/wordpress\/wp-content\/uploads\/2020\/11\/64f00d41-1d18-442d-b2b5-b05478e478fe.jpg'><img loading=\"lazy\" decoding=\"async\" width=\"150\" height=\"150\" src=\"https:\/\/www.radiopiu.net\/wordpress\/wp-content\/uploads\/2020\/11\/64f00d41-1d18-442d-b2b5-b05478e478fe-150x150.jpg\" class=\"attachment-thumbnail size-thumbnail\" alt=\"\" \/><\/a>\n\t\t\t\t<\/dt><\/dl><dl class='gallery-item'>\n\t\t\t\t<dt class='gallery-icon landscape'>\n\t\t\t\t\t<a class=\"rollover rollover-zoom dt-pswp-item\" title=\"a1d4077a-80dc-4815-bb17-b50a706a906b\" data-dt-img-description=\"\" data-large_image_width=\"1599\" data-large_image_height=\"1200\"href='https:\/\/www.radiopiu.net\/wordpress\/wp-content\/uploads\/2020\/11\/a1d4077a-80dc-4815-bb17-b50a706a906b.jpg'><img loading=\"lazy\" decoding=\"async\" width=\"150\" height=\"150\" src=\"https:\/\/www.radiopiu.net\/wordpress\/wp-content\/uploads\/2020\/11\/a1d4077a-80dc-4815-bb17-b50a706a906b-150x150.jpg\" class=\"attachment-thumbnail size-thumbnail\" alt=\"\" \/><\/a>\n\t\t\t\t<\/dt><\/dl><dl class='gallery-item'>\n\t\t\t\t<dt class='gallery-icon portrait'>\n\t\t\t\t\t<a class=\"rollover rollover-zoom dt-pswp-item\" title=\"59ee2354-e578-4cd3-a7f6-3b345278016c\" data-dt-img-description=\"\" data-large_image_width=\"1200\" data-large_image_height=\"1599\"href='https:\/\/www.radiopiu.net\/wordpress\/wp-content\/uploads\/2020\/11\/59ee2354-e578-4cd3-a7f6-3b345278016c.jpg'><img loading=\"lazy\" decoding=\"async\" width=\"150\" height=\"150\" src=\"https:\/\/www.radiopiu.net\/wordpress\/wp-content\/uploads\/2020\/11\/59ee2354-e578-4cd3-a7f6-3b345278016c-150x150.jpg\" class=\"attachment-thumbnail size-thumbnail\" alt=\"\" \/><\/a>\n\t\t\t\t<\/dt><\/dl><br style=\"clear: both\" \/><dl class='gallery-item'>\n\t\t\t\t<dt class='gallery-icon landscape'>\n\t\t\t\t\t<a class=\"rollover rollover-zoom dt-pswp-item\" title=\"a98ae3c2-7fbd-495d-9929-ee70577262ba\" data-dt-img-description=\"\" data-large_image_width=\"1599\" data-large_image_height=\"1200\"href='https:\/\/www.radiopiu.net\/wordpress\/wp-content\/uploads\/2020\/11\/a98ae3c2-7fbd-495d-9929-ee70577262ba.jpg'><img loading=\"lazy\" decoding=\"async\" width=\"150\" height=\"150\" src=\"https:\/\/www.radiopiu.net\/wordpress\/wp-content\/uploads\/2020\/11\/a98ae3c2-7fbd-495d-9929-ee70577262ba-150x150.jpg\" class=\"attachment-thumbnail size-thumbnail\" alt=\"\" \/><\/a>\n\t\t\t\t<\/dt><\/dl><dl class='gallery-item'>\n\t\t\t\t<dt class='gallery-icon landscape'>\n\t\t\t\t\t<a class=\"rollover rollover-zoom dt-pswp-item\" title=\"d6f5e08d-5ffc-4c17-a2c1-836f2a0f9973\" data-dt-img-description=\"\" data-large_image_width=\"1599\" data-large_image_height=\"1200\"href='https:\/\/www.radiopiu.net\/wordpress\/wp-content\/uploads\/2020\/11\/d6f5e08d-5ffc-4c17-a2c1-836f2a0f9973.jpg'><img loading=\"lazy\" decoding=\"async\" width=\"150\" height=\"150\" src=\"https:\/\/www.radiopiu.net\/wordpress\/wp-content\/uploads\/2020\/11\/d6f5e08d-5ffc-4c17-a2c1-836f2a0f9973-150x150.jpg\" class=\"attachment-thumbnail size-thumbnail\" alt=\"\" \/><\/a>\n\t\t\t\t<\/dt><\/dl><dl class='gallery-item'>\n\t\t\t\t<dt class='gallery-icon portrait'>\n\t\t\t\t\t<a class=\"rollover rollover-zoom dt-pswp-item\" title=\"11f11d95-1b40-4195-965a-cea003dd00c9\" data-dt-img-description=\"\" data-large_image_width=\"1200\" data-large_image_height=\"1599\"href='https:\/\/www.radiopiu.net\/wordpress\/wp-content\/uploads\/2020\/11\/11f11d95-1b40-4195-965a-cea003dd00c9.jpg'><img loading=\"lazy\" decoding=\"async\" width=\"150\" height=\"150\" src=\"https:\/\/www.radiopiu.net\/wordpress\/wp-content\/uploads\/2020\/11\/11f11d95-1b40-4195-965a-cea003dd00c9-150x150.jpg\" class=\"attachment-thumbnail size-thumbnail\" alt=\"\" \/><\/a>\n\t\t\t\t<\/dt><\/dl><dl class='gallery-item'>\n\t\t\t\t<dt class='gallery-icon portrait'>\n\t\t\t\t\t<a class=\"rollover rollover-zoom dt-pswp-item\" title=\"e0b326ec-6b3b-47df-adea-9f8a81761aaf\" data-dt-img-description=\"\" data-large_image_width=\"1200\" data-large_image_height=\"1599\"href='https:\/\/www.radiopiu.net\/wordpress\/wp-content\/uploads\/2020\/11\/e0b326ec-6b3b-47df-adea-9f8a81761aaf.jpg'><img loading=\"lazy\" decoding=\"async\" width=\"150\" height=\"150\" src=\"https:\/\/www.radiopiu.net\/wordpress\/wp-content\/uploads\/2020\/11\/e0b326ec-6b3b-47df-adea-9f8a81761aaf-150x150.jpg\" class=\"attachment-thumbnail size-thumbnail\" alt=\"\" \/><\/a>\n\t\t\t\t<\/dt><\/dl><dl class='gallery-item'>\n\t\t\t\t<dt class='gallery-icon landscape'>\n\t\t\t\t\t<a class=\"rollover rollover-zoom dt-pswp-item\" title=\"b8b97ec3-3a0d-4fb4-bac6-2f031a337a07\" data-dt-img-description=\"\" data-large_image_width=\"1599\" data-large_image_height=\"1200\"href='https:\/\/www.radiopiu.net\/wordpress\/wp-content\/uploads\/2020\/11\/b8b97ec3-3a0d-4fb4-bac6-2f031a337a07.jpg'><img loading=\"lazy\" decoding=\"async\" width=\"150\" height=\"150\" src=\"https:\/\/www.radiopiu.net\/wordpress\/wp-content\/uploads\/2020\/11\/b8b97ec3-3a0d-4fb4-bac6-2f031a337a07-150x150.jpg\" class=\"attachment-thumbnail size-thumbnail\" alt=\"\" \/><\/a>\n\t\t\t\t<\/dt><\/dl><dl class='gallery-item'>\n\t\t\t\t<dt class='gallery-icon landscape'>\n\t\t\t\t\t<a class=\"rollover rollover-zoom dt-pswp-item\" title=\"d6f5e08d-5ffc-4c17-a2c1-836f2a0f9973-1\" data-dt-img-description=\"\" data-large_image_width=\"1599\" data-large_image_height=\"1200\"href='https:\/\/www.radiopiu.net\/wordpress\/wp-content\/uploads\/2020\/11\/d6f5e08d-5ffc-4c17-a2c1-836f2a0f9973-1.jpg'><img loading=\"lazy\" decoding=\"async\" width=\"150\" height=\"150\" src=\"https:\/\/www.radiopiu.net\/wordpress\/wp-content\/uploads\/2020\/11\/d6f5e08d-5ffc-4c17-a2c1-836f2a0f9973-1-150x150.jpg\" class=\"attachment-thumbnail size-thumbnail\" alt=\"\" \/><\/a>\n\t\t\t\t<\/dt><\/dl><br style=\"clear: both\" \/>\n\t\t\t<\/div>\n\n<p>&nbsp;<\/p>\n<hr \/>\n<p>&nbsp;<\/p>\n<blockquote>\n<h3>I CANTIERI APERTI A SAN TOMASO<\/h3>\n<\/blockquote>\n<p><strong>SAN TOMASO<\/strong><\/p>\n<p>di Gianni Santomaso<\/p>\n<audio class=\"wp-audio-shortcode\" id=\"audio-173660-5\" preload=\"none\" style=\"width: 100%;\" controls=\"controls\"><source type=\"audio\/mpeg\" src=\"https:\/\/www.radiopiu.net\/wordpress\/wp-content\/uploads\/2020\/11\/GIANNI-LAVORI-SAN-TOMASO.mp3?_=5\" \/><a href=\"https:\/\/www.radiopiu.net\/wordpress\/wp-content\/uploads\/2020\/11\/GIANNI-LAVORI-SAN-TOMASO.mp3\">https:\/\/www.radiopiu.net\/wordpress\/wp-content\/uploads\/2020\/11\/GIANNI-LAVORI-SAN-TOMASO.mp3<\/a><\/audio>\n<p>&nbsp;<\/p>\n\n\t\t\t<style type='text\/css'>\n\t\t\t\t#gallery-2 {\n\t\t\t\t\tmargin: auto;\n\t\t\t\t}\n\t\t\t\t#gallery-2 .gallery-item {\n\t\t\t\t\tfloat: left;\n\t\t\t\t\tmargin-top: 10px;\n\t\t\t\t\ttext-align: center;\n\t\t\t\t\twidth: 25%;\n\t\t\t\t}\n\t\t\t\t#gallery-2 img {\n\t\t\t\t\tborder: 2px solid #cfcfcf;\n\t\t\t\t}\n\t\t\t\t#gallery-2 .gallery-caption {\n\t\t\t\t\tmargin-left: 0;\n\t\t\t\t}\n\t\t\t\t\/* see gallery_shortcode() in wp-includes\/media.php *\/\n\t\t\t<\/style>\n\t\t<div id='gallery-2' class='dt-gallery-container gallery galleryid-173660 gallery-columns-4 gallery-size-thumbnail'><dl class='gallery-item'>\n\t\t\t\t<dt class='gallery-icon landscape'>\n\t\t\t\t\t<a class=\"rollover rollover-zoom dt-pswp-item\" title=\"73dc06bd-9b84-4227-a020-11f90d9656a4\" data-dt-img-description=\"\" data-large_image_width=\"1600\" data-large_image_height=\"1200\"href='https:\/\/www.radiopiu.net\/wordpress\/wp-content\/uploads\/2020\/11\/73dc06bd-9b84-4227-a020-11f90d9656a4.jpg'><img loading=\"lazy\" decoding=\"async\" width=\"150\" height=\"150\" src=\"https:\/\/www.radiopiu.net\/wordpress\/wp-content\/uploads\/2020\/11\/73dc06bd-9b84-4227-a020-11f90d9656a4-150x150.jpg\" class=\"attachment-thumbnail size-thumbnail\" alt=\"\" \/><\/a>\n\t\t\t\t<\/dt><\/dl><dl class='gallery-item'>\n\t\t\t\t<dt class='gallery-icon portrait'>\n\t\t\t\t\t<a class=\"rollover rollover-zoom dt-pswp-item\" title=\"00e1550f-011a-4f2a-93f0-1cad82bdfa3f\" data-dt-img-description=\"\" data-large_image_width=\"1200\" data-large_image_height=\"1600\"href='https:\/\/www.radiopiu.net\/wordpress\/wp-content\/uploads\/2020\/11\/00e1550f-011a-4f2a-93f0-1cad82bdfa3f.jpg'><img loading=\"lazy\" decoding=\"async\" width=\"150\" height=\"150\" src=\"https:\/\/www.radiopiu.net\/wordpress\/wp-content\/uploads\/2020\/11\/00e1550f-011a-4f2a-93f0-1cad82bdfa3f-150x150.jpg\" class=\"attachment-thumbnail size-thumbnail\" alt=\"\" \/><\/a>\n\t\t\t\t<\/dt><\/dl><dl class='gallery-item'>\n\t\t\t\t<dt class='gallery-icon landscape'>\n\t\t\t\t\t<a class=\"rollover rollover-zoom dt-pswp-item\" title=\"49790d2b-46ff-43a0-9a52-8dfed6ae9740\" data-dt-img-description=\"\" data-large_image_width=\"1600\" data-large_image_height=\"1200\"href='https:\/\/www.radiopiu.net\/wordpress\/wp-content\/uploads\/2020\/11\/49790d2b-46ff-43a0-9a52-8dfed6ae9740.jpg'><img loading=\"lazy\" decoding=\"async\" width=\"150\" height=\"150\" src=\"https:\/\/www.radiopiu.net\/wordpress\/wp-content\/uploads\/2020\/11\/49790d2b-46ff-43a0-9a52-8dfed6ae9740-150x150.jpg\" class=\"attachment-thumbnail size-thumbnail\" alt=\"\" \/><\/a>\n\t\t\t\t<\/dt><\/dl><dl class='gallery-item'>\n\t\t\t\t<dt class='gallery-icon landscape'>\n\t\t\t\t\t<a class=\"rollover rollover-zoom dt-pswp-item\" title=\"710fa748-4e5a-4309-b877-3648d216a9f0\" data-dt-img-description=\"\" data-large_image_width=\"1600\" data-large_image_height=\"1200\"href='https:\/\/www.radiopiu.net\/wordpress\/wp-content\/uploads\/2020\/11\/710fa748-4e5a-4309-b877-3648d216a9f0.jpg'><img loading=\"lazy\" decoding=\"async\" width=\"150\" height=\"150\" src=\"https:\/\/www.radiopiu.net\/wordpress\/wp-content\/uploads\/2020\/11\/710fa748-4e5a-4309-b877-3648d216a9f0-150x150.jpg\" class=\"attachment-thumbnail size-thumbnail\" alt=\"\" \/><\/a>\n\t\t\t\t<\/dt><\/dl><br style=\"clear: both\" \/><dl class='gallery-item'>\n\t\t\t\t<dt class='gallery-icon portrait'>\n\t\t\t\t\t<a class=\"rollover rollover-zoom dt-pswp-item\" title=\"25d5bf1e-3118-49e4-94fd-5db6a5f839f2\" data-dt-img-description=\"\" data-large_image_width=\"1200\" data-large_image_height=\"1600\"href='https:\/\/www.radiopiu.net\/wordpress\/wp-content\/uploads\/2020\/11\/25d5bf1e-3118-49e4-94fd-5db6a5f839f2.jpg'><img loading=\"lazy\" decoding=\"async\" width=\"150\" height=\"150\" src=\"https:\/\/www.radiopiu.net\/wordpress\/wp-content\/uploads\/2020\/11\/25d5bf1e-3118-49e4-94fd-5db6a5f839f2-150x150.jpg\" class=\"attachment-thumbnail size-thumbnail\" alt=\"\" \/><\/a>\n\t\t\t\t<\/dt><\/dl><dl class='gallery-item'>\n\t\t\t\t<dt class='gallery-icon portrait'>\n\t\t\t\t\t<a class=\"rollover rollover-zoom dt-pswp-item\" title=\"1fc047b1-4428-46ae-b6e9-10f6c50d1811\" data-dt-img-description=\"\" data-large_image_width=\"1200\" data-large_image_height=\"1600\"href='https:\/\/www.radiopiu.net\/wordpress\/wp-content\/uploads\/2020\/11\/1fc047b1-4428-46ae-b6e9-10f6c50d1811.jpg'><img loading=\"lazy\" decoding=\"async\" width=\"150\" height=\"150\" src=\"https:\/\/www.radiopiu.net\/wordpress\/wp-content\/uploads\/2020\/11\/1fc047b1-4428-46ae-b6e9-10f6c50d1811-150x150.jpg\" class=\"attachment-thumbnail size-thumbnail\" alt=\"\" \/><\/a>\n\t\t\t\t<\/dt><\/dl><dl class='gallery-item'>\n\t\t\t\t<dt class='gallery-icon landscape'>\n\t\t\t\t\t<a class=\"rollover rollover-zoom dt-pswp-item\" title=\"446d2132-a89d-4824-bfcb-885b3ef6e9fb\" data-dt-img-description=\"\" data-large_image_width=\"1600\" data-large_image_height=\"739\"href='https:\/\/www.radiopiu.net\/wordpress\/wp-content\/uploads\/2020\/11\/446d2132-a89d-4824-bfcb-885b3ef6e9fb.jpg'><img loading=\"lazy\" decoding=\"async\" width=\"150\" height=\"150\" src=\"https:\/\/www.radiopiu.net\/wordpress\/wp-content\/uploads\/2020\/11\/446d2132-a89d-4824-bfcb-885b3ef6e9fb-150x150.jpg\" class=\"attachment-thumbnail size-thumbnail\" alt=\"\" \/><\/a>\n\t\t\t\t<\/dt><\/dl><dl class='gallery-item'>\n\t\t\t\t<dt class='gallery-icon landscape'>\n\t\t\t\t\t<a class=\"rollover rollover-zoom dt-pswp-item\" title=\"72bcfcce-a4b1-4e98-905c-c0fef163fbcc\" data-dt-img-description=\"\" data-large_image_width=\"1024\" data-large_image_height=\"768\"href='https:\/\/www.radiopiu.net\/wordpress\/wp-content\/uploads\/2020\/11\/72bcfcce-a4b1-4e98-905c-c0fef163fbcc.jpg'><img loading=\"lazy\" decoding=\"async\" width=\"150\" height=\"150\" src=\"https:\/\/www.radiopiu.net\/wordpress\/wp-content\/uploads\/2020\/11\/72bcfcce-a4b1-4e98-905c-c0fef163fbcc-150x150.jpg\" class=\"attachment-thumbnail size-thumbnail\" alt=\"\" \/><\/a>\n\t\t\t\t<\/dt><\/dl><br style=\"clear: both\" \/>\n\t\t\t<\/div>\n\n<p>&nbsp;<\/p>\n<p>&nbsp;<\/p>\n<hr \/>\n<p>&nbsp;<\/p>\n<blockquote>\n<h2>INAUGURATA LA MONOROTAIA DI BOLOGNA, LE IDEE PER LA BELLUNO-AGORDO-BOLZANO<\/h2>\n<\/blockquote>\n<p><strong><a href=\"https:\/\/www.radiopiu.net\/wordpress\/inaugurata-la-monorotaia-di-bologna-le-idee-per-la-belluno-agordo-bolzano\/intamin-transportation-arch-fernando-de-simone-monorotaia-sopraelevata-300x188\/\" rel=\"attachment wp-att-173715\"><img loading=\"lazy\" decoding=\"async\" class=\" wp-image-173715 alignleft\" src=\"https:\/\/www.radiopiu.net\/wordpress\/wp-content\/uploads\/2020\/11\/^^^-Intamin-Transportation-arch.Fernando-De-Simone-Monorotaia-sopraelevata-300x188-1.jpg\" alt=\"\" width=\"184\" height=\"115\" \/><\/a>TAIBON<\/strong> A distanza di qualche mese (vedi servizi a seguire) riparliamo del progetto della monorotaia per il trasporto di persone o merci da Belluno a Bolzano passando per Agordo, zona industriale di Luxottica compresa. L&#8217;architetto con numerose specializzazioni in ambito trasporti, Fernando De Simone \u00e8 l&#8217;ospite dello speciale Reporter in onda su RADIO PIU&#8217; alle 9.30.<\/p>\n<p><strong>l&#8217;intervista di Mirko Mezzacasa<\/strong><\/p>\n<audio class=\"wp-audio-shortcode\" id=\"audio-173660-6\" preload=\"none\" style=\"width: 100%;\" controls=\"controls\"><source type=\"audio\/mpeg\" src=\"https:\/\/www.radiopiu.net\/wordpress\/wp-content\/uploads\/2020\/10\/FERNANDO-MONO-ROTAIA.mp3?_=6\" \/><a href=\"https:\/\/www.radiopiu.net\/wordpress\/wp-content\/uploads\/2020\/10\/FERNANDO-MONO-ROTAIA.mp3\">https:\/\/www.radiopiu.net\/wordpress\/wp-content\/uploads\/2020\/10\/FERNANDO-MONO-ROTAIA.mp3<\/a><\/audio>\n<p>&nbsp;<\/p>\n<h1>25 giugno 2020<\/h1>\n<blockquote class=\"wp-embedded-content\" data-secret=\"4wHM67cCH0\"><p><a href=\"https:\/\/www.radiopiu.net\/wordpress\/monorotaia-belluno\/\">MONOROTAIA: BELLUNO-BOLZANO-EUROPA, NON UN&#8217;ALTERNATIVA MA UN&#8217;OPPORTUNITA&#8217;<\/a><\/p><\/blockquote>\n<p><iframe loading=\"lazy\" class=\"wp-embedded-content\" sandbox=\"allow-scripts\" security=\"restricted\" style=\"position: absolute; clip: rect(1px, 1px, 1px, 1px);\" title=\"&#8220;MONOROTAIA: BELLUNO-BOLZANO-EUROPA, NON UN&#8217;ALTERNATIVA MA UN&#8217;OPPORTUNITA&#8217;&#8221; &#8212; Radio Pi\u00f9\" src=\"https:\/\/www.radiopiu.net\/wordpress\/monorotaia-belluno\/embed\/#?secret=4wHM67cCH0\" data-secret=\"4wHM67cCH0\" width=\"600\" height=\"338\" frameborder=\"0\" marginwidth=\"0\" marginheight=\"0\" scrolling=\"no\"><\/iframe><\/p>\n<h1>23 giugno 2020<\/h1>\n<blockquote class=\"wp-embedded-content\" data-secret=\"XaLoGscxAo\"><p><a href=\"https:\/\/www.radiopiu.net\/wordpress\/lidea-della-monorotaia-belluno-agordo-luxottica-alto-agordino-cortina\/\">L&#8217;IDEA DELLA MONOROTAIA BELLUNO, AGORDO LUXOTTICA, ALTO AGORDINO, CORTINA<\/a><\/p><\/blockquote>\n<p><iframe loading=\"lazy\" class=\"wp-embedded-content\" sandbox=\"allow-scripts\" security=\"restricted\" style=\"position: absolute; clip: rect(1px, 1px, 1px, 1px);\" title=\"&#8220;L&#8217;IDEA DELLA MONOROTAIA BELLUNO, AGORDO LUXOTTICA, ALTO AGORDINO, CORTINA&#8221; &#8212; Radio Pi\u00f9\" src=\"https:\/\/www.radiopiu.net\/wordpress\/lidea-della-monorotaia-belluno-agordo-luxottica-alto-agordino-cortina\/embed\/#?secret=XaLoGscxAo\" data-secret=\"XaLoGscxAo\" width=\"600\" height=\"338\" frameborder=\"0\" marginwidth=\"0\" marginheight=\"0\" scrolling=\"no\"><\/iframe><\/p>\n<h1><\/h1>\n<hr \/>\n<p>&nbsp;<\/p>\n<blockquote>\n<h3>ELETTRIFICAZIONE DELLA RETE FERROVIARIA NEL BELLUNESE, IL PARERE DI VIVAIO DOLOMITI<\/h3>\n<\/blockquote>\n<p><strong><a href=\"https:\/\/www.radiopiu.net\/wordpress\/per-vivaio-dolomiti-lenel-e-sulla-giusta-strada\/vivaio-dolomiti-2\/\" rel=\"attachment wp-att-53894\"><img loading=\"lazy\" decoding=\"async\" class=\" wp-image-53894 alignleft\" src=\"https:\/\/www.radiopiu.net\/wordpress\/wp-content\/uploads\/2018\/07\/VIVAIO-DOLOMITI.jpg\" alt=\"\" width=\"171\" height=\"141\" \/><\/a>BELLUNO<\/strong> In questi giorni ritorna alla ribalta della cronaca l&#8217;elettrificazione della rete ferroviaria, ecco il parere dell&#8217;associazione\u00a0 Vivaio Dolomiti <em>&#8220;Stiamo ancora aspettando una risposta da chi di dovere sui tempi di percorrenza delle tratte una volta terminati i lavori. Avevamo\u00a0 chiesto ancora a settembre lumi su eventuali tempi di percorrenza ancora maggiori, causa il peso dei treni elettrici non sostenibili dal vecchio binario, visti i raggi di curvatura esistenti.Da allora nessuna smentita \u00e8 arrivata, n\u00e8 da RFI n\u00e8 dalla Regione Veneto. Se questa pecca dovesse essere confermata, si parlerebbe di un&#8217;opera (l\u2019elettrificazione) inutile, superata e super costosa a carico dei cittadini, che con le loro tasse mantengono queste opere pubbliche. Sembra una follia comprare una Ferrari con soldi pubblici per farla correre su una mulattiera. Speriamo di essere smentiti al pi\u00f9 presto, ma visto il tempo trascorso siamo molto preoccupati di assistere all&#8217;ennesima presa in giro operata dal sistema politico romano nei confronti della popolazione bellunese&#8221;.\u00a0<\/em><\/p>\n<p>&nbsp;<\/p>\n<p>&nbsp;<\/p>\n<p>&nbsp;<\/p>\n<p>&nbsp;<\/p>\n<hr \/>\n<p>&nbsp;<\/p>\n<blockquote>\n<h3>LUXOTTICA: DEFINITO IL CALENDARIO FERIE PER GLI UFFICI<\/h3>\n<\/blockquote>\n<p><strong><a href=\"https:\/\/www.radiopiu.net\/wordpress\/le-nuove-insegne-di-luxottica-ad-agordo\/nuova-insegna-luxottica\/\" rel=\"attachment wp-att-113444\"><img loading=\"lazy\" decoding=\"async\" class=\"size-medium wp-image-113444 alignleft\" src=\"https:\/\/www.radiopiu.net\/wordpress\/wp-content\/uploads\/2020\/01\/NUOVA-INSEGNA-LUXOTTICA-300x225.jpg\" alt=\"\" width=\"300\" height=\"225\" srcset=\"https:\/\/www.radiopiu.net\/wordpress\/wp-content\/uploads\/2020\/01\/NUOVA-INSEGNA-LUXOTTICA-300x225.jpg 300w, https:\/\/www.radiopiu.net\/wordpress\/wp-content\/uploads\/2020\/01\/NUOVA-INSEGNA-LUXOTTICA-1024x768.jpg 1024w, https:\/\/www.radiopiu.net\/wordpress\/wp-content\/uploads\/2020\/01\/NUOVA-INSEGNA-LUXOTTICA-768x576.jpg 768w, https:\/\/www.radiopiu.net\/wordpress\/wp-content\/uploads\/2020\/01\/NUOVA-INSEGNA-LUXOTTICA-1536x1152.jpg 1536w, https:\/\/www.radiopiu.net\/wordpress\/wp-content\/uploads\/2020\/01\/NUOVA-INSEGNA-LUXOTTICA-2048x1536.jpg 2048w\" sizes=\"auto, (max-width: 300px) 100vw, 300px\" \/><\/a>AGORDO<\/strong> Luxottica ed RSU hanno da poco firmato il calendario ferie Natalizie per le maestranze degli uffici. Per le persone coinvolte l\u2019attivit\u00e0 lavorativa terminer\u00e0 il 23 dicembre 2020 e riprender\u00e0 luned\u00ec 4 gennaio 2021 utilizzando, come per la produzione, 5 giornate di ferie. altre aree saranno interessate dal calendario ferie a fruizione individuale poich\u00e9 necessitano di un presidio minimo. Gli Uffici che richiedono tale diversa distribuzione sono:\u00a0Global Business Service,\u00a0Customer Service Global Channels,\u00a0Risorse Umane,\u00a0Sistemi informativi,\u00a0Gestione Credito,\u00a0Commerciale Stars Italia. Infine, \u00e8 stato firmato un piano di straordinario incentivato per il Digital Assets Cogs per le giornate del 21 e 28 Novembre.\u00a0L\u2019attivit\u00e0 lavorativa, viste le esigenze aziendali, si svolger\u00e0 su entrambi i turni con orario 05:45-11:45 (turno mattina) e 12:15-18:15 (turno pomeriggio).<\/p>\n<p>&nbsp;<\/p>\n<hr \/>\n<blockquote>\n<h2><\/h2>\n<h2>DILLO A RADIO PIU&#8217;&#8230; GLI ALTRI SIAMO NOI<\/h2>\n<\/blockquote>\n<p>RICEVIAMO E VOLENTIERI PUBBLICHIAMO<\/p>\n<blockquote><p><em><img loading=\"lazy\" decoding=\"async\" class=\"alignleft\" src=\"https:\/\/www.radiopiu.net\/wordpress\/wp-content\/uploads\/2020\/11\/audience828584_1920.jpg\" width=\"283\" height=\"189\" \/>Chi scrive \u00e8 un&#8217;operaia di una grande Azienda locale che produce occhiali.Come tanti durante la Pandemia ho lavorato cercando di seguire le regole di sicurezza in tempo di Covid .Ci\u00f2 ha comportato fatica e cambiamento nella mia vita .Ma qualche piccolo sacrificio in questo momento \u00e8 necessario. Sento persone che si lamentano perch\u00e9 devono alzarsi presto la mattina ,lavorare la sera fino alle dieci,devono tenere la mascherina per otto ore, non possono incontrarsi con gli amici. E poi mamme che faticano a conciliare lavoro e famiglia,persone che hanno parenti in casa di riposo e non riescono pi\u00f9 ad abbracciarli.E familiari di malati oncologici preoccupati che non possano avere le cure necessarie.Senza parlare di quelli che si ammalano di Covid ,quelli che sono in quarantena, quelli che sono impauriti dalla gente ,quelli che negano che tutto ci\u00f2 che sta accadendo sia colpa di un virus.E chi non vuole saperne di rinunciare ad un aperitivo o una cena tra amici&#8230;Purtroppo ,finito il tempo degli arcobaleni e della solidariet\u00e0, vedo tanto egoismo e poca empatia. .Ma ogni tanto non ci farebbe male pensare che GLI ALTRI SIAMO NOI.Il futuro dipende dal rispetto che sapremo portarci reciprocamente ogni giorno .Rispetto per le opinioni altrui, rispetto per chi \u00e8 pi\u00f9 fragile ,rispetto per semplici regole che ci permetteranno di tornare ad una vita &#8220;normale&#8221; quanto prima.<\/em><\/p><\/blockquote>\n<p><em><strong>Simonetta<\/strong><\/em><\/p>\n<p>&nbsp;<\/p>\n<hr \/>\n<p>&nbsp;<\/p>\n<blockquote>\n<h3>PER SUPERARE LE POLEMICHE LA PROVINCIA RILANCIA IL TURISMO<\/h3>\n<\/blockquote>\n<p><strong><a href=\"https:\/\/www.radiopiu.net\/wordpress\/per-superare-le-polemiche-la-provincia-rilancia-il-turismo\/download-1007\/\" rel=\"attachment wp-att-173878\"><img loading=\"lazy\" decoding=\"async\" class=\" wp-image-173878 alignleft\" src=\"https:\/\/www.radiopiu.net\/wordpress\/wp-content\/uploads\/2020\/11\/download-17.jpg\" alt=\"\" width=\"150\" height=\"143\" \/><\/a>BELLUNO<\/strong> Un cambio di passo per spendere 5,5 milioni di euro dei fondi di confine. Il nuovo programma con Tom Buncle della <span style=\"font-kerning: none;\"> Yellow Railroad di Edimburgo-Scozia (foto) e Roberto Locatelli gi\u00e0 coordinatore della comunicazione di Trentino Turismo. <em>&#8220;Un team locale nascer\u00e0 attorno a loro&#8221;<\/em> spiega il consigliere provinciale Danilo De Toni. La DMO non scomparir\u00e0 dai radar.<\/span><\/p>\n<p><strong>di MORENO GIOLI<\/strong><\/p>\n<audio class=\"wp-audio-shortcode\" id=\"audio-173660-7\" preload=\"none\" style=\"width: 100%;\" controls=\"controls\"><source type=\"audio\/mpeg\" src=\"https:\/\/www.radiopiu.net\/wordpress\/wp-content\/uploads\/2020\/11\/gioli-moreno.mp3?_=7\" \/><a href=\"https:\/\/www.radiopiu.net\/wordpress\/wp-content\/uploads\/2020\/11\/gioli-moreno.mp3\">https:\/\/www.radiopiu.net\/wordpress\/wp-content\/uploads\/2020\/11\/gioli-moreno.mp3<\/a><\/audio>\n<p>&nbsp;<\/p>\n<p>&nbsp;<\/p>\n<hr \/>\n<p>&nbsp;<\/p>\n<blockquote>\n<h2>TAIBON AGORDINO: E ADESSO CHIUDE ANCHE L&#8217; ALIMENTARI DI MAURO COMINATO<\/h2>\n<\/blockquote>\n<p align=\"CENTER\"><span style=\"color: #000000;\"><span style=\"font-size: x-large;\"><i>Negozi di vicinato: ci risiamo!<\/i><\/span><\/span><\/p>\n<blockquote>\n<p style=\"text-align: left;\" align=\"CENTER\"><span style=\"color: #0000ff;\">di GIORGIO FONTANIVE<\/span><\/p>\n<\/blockquote>\n<p style=\"text-align: left;\" align=\"CENTER\"><strong>TAIBON <\/strong><span style=\"color: #000000;\"><span style=\"font-size: medium;\">\u00a0L\u2019involuzione di quella ricchezza che rende vivo un paese rappresentata dai negozi di vicinato, continua a perdere pezzi. Uno stillicidio che ha avuto l\u2019apice circa un anno fa con una serie di chiusure che hanno mutilato il tessuto commerciale anche di Taibon Agordino, un centro che pareva essere quasi immune da questo problema diffusosi piano piano in tutto il nostro comprensorio nell\u2019indifferenza pressoch\u00e9 totale: ineluttabile conseguenza della modernit\u00e0? Panificio, edicola-cartoleria, casalinghi (e un tempo ben tre macellerie): tutto chiuso; anche i bar sulla via della Valle di San Lucano hanno sub\u00ecto un ridimensionamento <\/span><span style=\"font-size: medium;\">(si parla in questi giorni anche della chiusura del Bar-Ristorante Col di Pra), <\/span><span style=\"font-size: medium;\">mentre hanno conservato dinamicit\u00e0 per ovvi motivi quelli sulla Regionale 203. Unica eccezione: la trasformazione del negozio di \u201cCasalinghi Soccol\u201d in rivendita di pane e prodotti alimentari base ma, anche bottiglieria\/enoteca con somministrazione bevande. Ed ecco che il prossimo sabato 28 novembre chiuder\u00e0 le serrande anche il negozio di alimentari di Mauro Cominato che ha maturato i ben\u00e8fici requisiti della sospirata quiescenza. Un negozio questo che, al momento contribuisce a svolgere un servizio sociale al paese, offrendo quanto \u00e8 giornalmente necessario per la tavola: e non solo pane e latte. Un riferimento che ha avuto un significativo incremento della frequentazione nel corso del <\/span><span style=\"font-size: medium;\"><i>lock down<\/i><\/span><span style=\"font-size: medium;\"> della scorsa primavera, concluso il periodo pi\u00f9 restrittivo, in parte nuovamente disatteso da una clientela \u201cobbligata\u201d dalle normative imposte per decreto.<\/span> <span style=\"font-size: medium;\">Mauro &#8211; fisico da pizzicagnolo e dalla grande espansivit\u00e0 &#8211; ha le qualit\u00e0 necessarie per compiacere alle richieste di signori e gentili signore ancora per vari anni ma, dall\u2019altro lato del bancone, vive questo momento come l\u2019ultimo mese del servizio militare di un tempo, quello di una <\/span><span style=\"font-size: medium;\"><i>naja<\/i><\/span><span style=\"font-size: medium;\"> di cui non si vedeva pi\u00f9 la fine. Anche questo \u00e8 un sintomo della fatica che insiste sugli addetti ai lavori in vari settori del comparto commerciale, spesso penalizzato da <\/span><span style=\"font-size: medium;\"><i>commi<\/i><\/span><span style=\"font-size: medium;\"> impossibili, scadenze inesorabili e normative che si scontrano con il buonsenso e con la mancanza di sensibilit\u00e0 di chi, a un incontro quotidiano ed un saluto personale, preferisce l\u2019anonimato della grande distribuzione. In vista di questa importante scelta, Mauro Cominato, unitamente alle sue cordiali collaboratrici, Nella, Silvia e Patrizia, ringrazia la sua clientela di Taibon e dintorni: soprattutto quella pi\u00f9 costante e vicina in questo lungo periodo di 17 anni, iniziato assieme alla figlia Silvia fin dal 2004.\u00a0<\/span><\/span><\/p>\n<p align=\"CENTER\"><a href=\"https:\/\/www.radiopiu.net\/wordpress\/giornale-radiopiu-20-novembre-2020-direttore-mirko-mezzacasa\/bottega-mauro-11-11-20-2-copia\/\" rel=\"attachment wp-att-173921\"><img loading=\"lazy\" decoding=\"async\" class=\"alignnone wp-image-173921 size-full\" src=\"https:\/\/www.radiopiu.net\/wordpress\/wp-content\/uploads\/2020\/11\/Bottega-Mauro-11-11-20-2-Copia.jpg\" alt=\"\" width=\"1024\" height=\"683\" srcset=\"https:\/\/www.radiopiu.net\/wordpress\/wp-content\/uploads\/2020\/11\/Bottega-Mauro-11-11-20-2-Copia.jpg 1024w, https:\/\/www.radiopiu.net\/wordpress\/wp-content\/uploads\/2020\/11\/Bottega-Mauro-11-11-20-2-Copia-300x200.jpg 300w, https:\/\/www.radiopiu.net\/wordpress\/wp-content\/uploads\/2020\/11\/Bottega-Mauro-11-11-20-2-Copia-768x512.jpg 768w\" sizes=\"auto, (max-width: 1024px) 100vw, 1024px\" \/><\/a><\/p>\n<p align=\"JUSTIFY\"><span style=\"color: #000000;\"><span style=\"font-size: medium;\"><b>Dida.- Foto ricordo nel negozio in Via Dante Alighieri n. 26 che riassume 60 anni di attivit\u00e0 in vista della prossima chiusura del 28 novembre. Da destra Gino Benvegn\u00f9 di anni 93 proprietario della struttura che avvi\u00f2 la bottega nel lontano 1962\u00a0 assieme alla consorte Nella Lena mancata lo scorso febbraio 2020\u00a0 , Mauro Cominato attuale gestore, la moglie Nella Soccol &#8211; sottolineando che \u00ab <\/b><\/span><span style=\"font-size: medium;\"><i><b>in questi 17 anni sono nate amicizie sincere e abbiamo condiviso con tanti clienti gioie e dolori che la vita ci d\u00e0 <\/b><\/i><\/span><span style=\"font-size: medium;\"><b>\u00bb &#8211; la figlia Silvia titolare dell\u2019attivit\u00e0 nel 2004 e l\u2019ultima collaboratrice Patrizia Garavana. Da tutto lo <\/b><\/span><span style=\"font-size: medium;\"><i><b>staff <\/b><\/i><\/span><span style=\"font-size: medium;\"><b>un cordiale saluto. Al momento \u00e8 peraltro in atto qualche intermediazione al fine di poter assicurare la continuit\u00e0 dell\u2019apertura del negozio in questo punto strategico, utile anche per le piccole necessit\u00e0 degli ospiti della vicina Casa di Soggiorno.<\/b><\/span><\/span><\/p>\n<p>&nbsp;<\/p>\n<p>&nbsp;<\/p>\n<hr \/>\n<blockquote>\n<h3><\/h3>\n<h3>STEFANO VALLETTA NUOVO PRIMARIO DI CHIRURGIA A PIEVE DI CADORE<\/h3>\n<\/blockquote>\n<p><strong><a href=\"https:\/\/www.radiopiu.net\/wordpress\/stefano-valletta-nuovo-primario-di-chirurgia-a-pieve-di-cadore\/stefano-valletta\/\" rel=\"attachment wp-att-173817\"><img loading=\"lazy\" decoding=\"async\" class=\"size-medium wp-image-173817 alignleft\" src=\"https:\/\/www.radiopiu.net\/wordpress\/wp-content\/uploads\/2020\/11\/STEFANO-VALLETTA-225x300.jpg\" alt=\"\" width=\"225\" height=\"300\" srcset=\"https:\/\/www.radiopiu.net\/wordpress\/wp-content\/uploads\/2020\/11\/STEFANO-VALLETTA-225x300.jpg 225w, https:\/\/www.radiopiu.net\/wordpress\/wp-content\/uploads\/2020\/11\/STEFANO-VALLETTA-768x1024.jpg 768w, https:\/\/www.radiopiu.net\/wordpress\/wp-content\/uploads\/2020\/11\/STEFANO-VALLETTA-1152x1536.jpg 1152w, https:\/\/www.radiopiu.net\/wordpress\/wp-content\/uploads\/2020\/11\/STEFANO-VALLETTA.jpg 1536w\" sizes=\"auto, (max-width: 225px) 100vw, 225px\" \/><\/a>BELLUNO\u00a0<\/strong>Stefano Valletta \u00e8 stato nominato direttore della Unit\u00e0 Operativa Complessa di Chirurgia di Pieve di Cadore. Dopo il pensionamento del dott. Bertone, la direzione aziendale ha conferito l\u2019incarico al dott. Valletta per proseguire nel presidio dell\u2019ospedale di Pieve di Cadore. Chirurgo di consolidata esperienza, bellunese, il dottor Valletta ha conseguito la laurea in Medicina e Chirurgia nel 1984 e la specializzazione in chirurgia nel 1989 all\u2019Universit\u00e0 degli studi di Verona. Dopo un primo periodo di servizio come assistente medico nell\u2019unit\u00e0 operativa di chirurgia del Santa Maria del Prato, il dottor Valletta ha proseguito la sua carriere nell\u2019unit\u00e0 operativa di chirurgia del San Martino del Belluno. Dal 2006 \u00e8 incardinato all\u2019ospedale di Pieve di Cadore dove si \u00e8 fatto apprezzare per le sue doti professionali ed umane. Dal 2017 ha un incarico di alta specializzazione come responsabile del Day Surgery del Pieve di Cadore. Ha al suo attivo un\u2019ampia formazione in ambito di chirurgia laparoscopica e mininvasiva fin dal 1991, con percorsi di studio anche negli USA, a Parigi, in Scozia e a Brussels. Significativa anche la sua formazione e la sua attivit\u00e0 in ambito senologico e di organizzazione dei day surgery. La Direzione augura al dott. Valletta buon lavoro e ringrazia il dott. Bertone per l\u2019attivit\u00e0 svolta in questi anni con dedizione. \u00ab<em>La tempestivit\u00e0 nel ricoprire l\u2019incarico di primariato a Pieve di cadore, dopo il pensionamento del dott. Bertone, denota la nostra attenzione all\u2019ospedale di Pieve<\/em>\u00bb, conclude il Direttore Generale Adriano Rasi Caldogno.<\/p>\n<p>&nbsp;<\/p>\n<p>&nbsp;<\/p>\n<hr \/>\n<p>&nbsp;<\/p>\n<blockquote>\n<h3>ULSS 1 DOLOMITI: 11 MEDICI PER L&#8217;USCA, NUOVE ASSUNZIONI, NOMINE DIRIGENTI E COLLEGIO SINDACALE<\/h3>\n<\/blockquote>\n<p><strong>BELLUNO<\/strong>\u00a0Nominati nuovi dirigenti in Ulss Dolomiti e assunti 4 medici dermatologi. Dopo la nomina della dirigente delle professioni sanitarie \u2013 area delle scienze infermieristiche ed ostetriche delle scorse settimane, conferita a Renata De Battista, \u00e8 stato nominato dirigente delle professioni sanitarie anche Adriano Santarossa. Nei scorsi mesi, come previsto da normativa, si sono espletati gli avvisi interni per il conferimento degli incarichi dei dirigenti di area amministrativa, in esito alle selezioni espletate da una commissione con componenti esterni. La dottoressa Cristina Bortoluzzi \u00e8 stata nominata direttore della UOC Gestione delle risorse umane e l\u2019ingegner Stefano Lazzari \u00e8 stato nominato direttore della UOC Servizi tecnici patrimoniali.\u00a0Inoltre, sempre nella seduta deliberativa, sono stati assunti 4 medici dermatologi (Alberto Previgliano, Evio Peschiutta, Jacopo Brozzi, Rosita Longo) in esito al concorso espletato da Azienda Zero e andranno a colmare una nota carenza di organico nella disciplina. Sono stati assunti 11 medici che andranno a formare le USCA (Unit\u00e0 Speciali Continuit\u00e0 Assistenziali) del distretto di Belluno. Le USCA si occupano, in particolare, della gestione dei pazienti affetti da COVID-19 che non necessitano di ricovero ospedaliero e sono attive 7 giorni su 7 dalle ore 8.00 alle ore 20.00. In esito all\u2019avviso pubblicato da Azienda Zero per la manifestazione di interesse per la formazione di elenchi di medici disponibili a prestare attivit\u00e0 assistenziale presso le USCA e rilevata la necessit\u00e0 di attivare le due previste USCA presso il Distretto di Belluno oltre a supportare l\u2019USCA gi\u00e0 attiva nel Distretto di Feltre, l\u2019Ulss Dolomiti ha raccolto le disponibilit\u00e0 dei medici in elenco e ha conferito un incarico agli 11 medici che hanno accettato. \u00c8 stato conferito l\u2019incarico di medico USCA a: Giovanni De Col, Daria Zuffi, Alessandro Ceschia, Giorgia Dal Zilio, Margherita Prior, Filippo Michele Fieramonte, Marco Agostini, Alberto Petterle, Margot Nerenzi, Carlotta Zarri e Marco Balducci. Intanto, il Distretto di Belluno ha attivato la sede operativa USCA che sar\u00e0 nello stabile di San Gervasio. E\u2019 stato nominato il nuovo collegio sindacale dell\u2019Ulss Dolomiti. Al Collegio sindacale <em>spettano funzioni di vigilanza sulla regolarit\u00e0 amministrativa e contabile;<\/em> <em>vigilanza sulla gestione economica, finanziaria e patrimoniale; esame e valutazione del bilancio di esercizio.\u00a0<\/em>I nuovi componenti sono: DALLA GASPERINA dott. Alfio designato dalla Regione del Veneto; LOFARO dott. Francesco designato dal MEF; DAL PAOS dott. Michele designato dal Ministero della Salute.<\/p>\n\n\t\t\t<style type='text\/css'>\n\t\t\t\t#gallery-3 {\n\t\t\t\t\tmargin: auto;\n\t\t\t\t}\n\t\t\t\t#gallery-3 .gallery-item {\n\t\t\t\t\tfloat: left;\n\t\t\t\t\tmargin-top: 10px;\n\t\t\t\t\ttext-align: center;\n\t\t\t\t\twidth: 50%;\n\t\t\t\t}\n\t\t\t\t#gallery-3 img {\n\t\t\t\t\tborder: 2px solid #cfcfcf;\n\t\t\t\t}\n\t\t\t\t#gallery-3 .gallery-caption {\n\t\t\t\t\tmargin-left: 0;\n\t\t\t\t}\n\t\t\t\t\/* see gallery_shortcode() in wp-includes\/media.php *\/\n\t\t\t<\/style>\n\t\t<div id='gallery-3' class='dt-gallery-container gallery galleryid-173660 gallery-columns-2 gallery-size-medium'><dl class='gallery-item'>\n\t\t\t\t<dt class='gallery-icon portrait'>\n\t\t\t\t\t<a class=\"rollover rollover-zoom dt-pswp-item\" title=\"de battista\" data-dt-img-description=\"\" data-large_image_width=\"1557\" data-large_image_height=\"2233\"href='https:\/\/www.radiopiu.net\/wordpress\/wp-content\/uploads\/2020\/11\/de-battista.jpg'><img loading=\"lazy\" decoding=\"async\" width=\"209\" height=\"300\" src=\"https:\/\/www.radiopiu.net\/wordpress\/wp-content\/uploads\/2020\/11\/de-battista-209x300.jpg\" class=\"attachment-medium size-medium\" alt=\"\" aria-describedby=\"gallery-3-173883\" srcset=\"https:\/\/www.radiopiu.net\/wordpress\/wp-content\/uploads\/2020\/11\/de-battista-209x300.jpg 209w, https:\/\/www.radiopiu.net\/wordpress\/wp-content\/uploads\/2020\/11\/de-battista-714x1024.jpg 714w, https:\/\/www.radiopiu.net\/wordpress\/wp-content\/uploads\/2020\/11\/de-battista-768x1101.jpg 768w, https:\/\/www.radiopiu.net\/wordpress\/wp-content\/uploads\/2020\/11\/de-battista-1071x1536.jpg 1071w, https:\/\/www.radiopiu.net\/wordpress\/wp-content\/uploads\/2020\/11\/de-battista-1428x2048.jpg 1428w, https:\/\/www.radiopiu.net\/wordpress\/wp-content\/uploads\/2020\/11\/de-battista.jpg 1557w\" sizes=\"auto, (max-width: 209px) 100vw, 209px\" \/><\/a>\n\t\t\t\t<\/dt>\n\t\t\t\t\t<dd class='wp-caption-text gallery-caption' id='gallery-3-173883'>\n\t\t\t\t\tRenata De Battista\n\t\t\t\t\t<\/dd><\/dl><dl class='gallery-item'>\n\t\t\t\t<dt class='gallery-icon portrait'>\n\t\t\t\t\t<a class=\"rollover rollover-zoom dt-pswp-item\" title=\"santarossa\" data-dt-img-description=\"\" data-large_image_width=\"768\" data-large_image_height=\"1024\"href='https:\/\/www.radiopiu.net\/wordpress\/wp-content\/uploads\/2020\/11\/santarossa.jpg'><img loading=\"lazy\" decoding=\"async\" width=\"225\" height=\"300\" src=\"https:\/\/www.radiopiu.net\/wordpress\/wp-content\/uploads\/2020\/11\/santarossa-225x300.jpg\" class=\"attachment-medium size-medium\" alt=\"\" aria-describedby=\"gallery-3-173884\" srcset=\"https:\/\/www.radiopiu.net\/wordpress\/wp-content\/uploads\/2020\/11\/santarossa-225x300.jpg 225w, https:\/\/www.radiopiu.net\/wordpress\/wp-content\/uploads\/2020\/11\/santarossa.jpg 768w\" sizes=\"auto, (max-width: 225px) 100vw, 225px\" \/><\/a>\n\t\t\t\t<\/dt>\n\t\t\t\t\t<dd class='wp-caption-text gallery-caption' id='gallery-3-173884'>\n\t\t\t\t\tAdriano Santarossa\n\t\t\t\t\t<\/dd><\/dl><br style=\"clear: both\" \/>\n\t\t\t<\/div>\n\n<p>&nbsp;<\/p>\n<p>&nbsp;<\/p>\n<p>&nbsp;<\/p>\n<hr \/>\n<blockquote>\n<blockquote>\n<h3><\/h3>\n<h3>LEGGE DI BILANCIO 2021, AUMENTO DELLE RISORSE PER LA MONTAGNA E LE PERIFERIE<\/h3>\n<\/blockquote>\n<p><em>Ora via all&#8217;iter parlamentare, difficilmente ci saranno spostamenti rispetto alla struttura fornita al Governo anche raccogliendo le sollecitazioni dei territori<\/em><\/p><\/blockquote>\n<div style=\"width: 848px;\" class=\"wp-video\"><video class=\"wp-video-shortcode\" id=\"video-173660-1\" width=\"848\" height=\"480\" preload=\"metadata\" controls=\"controls\"><source type=\"video\/mp4\" src=\"https:\/\/www.radiopiu.net\/wordpress\/wp-content\/uploads\/2020\/11\/WhatsApp-Video-2020-11-19-at-14.21.00.mp4?_=1\" \/><a href=\"https:\/\/www.radiopiu.net\/wordpress\/wp-content\/uploads\/2020\/11\/WhatsApp-Video-2020-11-19-at-14.21.00.mp4\">https:\/\/www.radiopiu.net\/wordpress\/wp-content\/uploads\/2020\/11\/WhatsApp-Video-2020-11-19-at-14.21.00.mp4<\/a><\/video><\/div>\n<blockquote><p><strong><a href=\"https:\/\/www.radiopiu.net\/wordpress\/speciale-feltre-fondi-di-confine-e-biblioteche-dal-gr-pomeriggio-di-radio-piu\/roger_de_menech_daticamera\/\" rel=\"attachment wp-att-49599\"><img loading=\"lazy\" decoding=\"async\" class=\" wp-image-49599 alignleft\" src=\"https:\/\/www.radiopiu.net\/wordpress\/wp-content\/uploads\/2018\/05\/Roger_De_Menech_daticamera.jpg\" alt=\"\" width=\"98\" height=\"135\" \/><\/a>ROMA<\/strong> Il testo della legge di bilancio per il 2021 \u00e8 arrivato in Commissione bilancio alla Camera. <em>\u00abL\u2019impianto della manovra \u00e8 costruito per ridurre le disuguaglianze sociali e territoriali\u00bb,<\/em> commenta il coordinatore dei deputati veneti del Partito democratico, Roger De Menech. Come ha ricordato il ministro Francesco Boccia, il governo ha inserito nella legge lo stanziamento di 4,6 miliardi di euro per alimentare il fondo di perequazione infrastrutturale, gi\u00e0 inserito nel collegato alla manovra con il disegno di legge sull&#8217;autonomia differenziata, per superare il divario non soltanto tra nord e sud ma tra aree interne e aree di montagna e aree metropolitane, tra aree pi\u00f9 sviluppate e aree in ritardo di sviluppo. <em>\u00abPer le zone di montagna, cos\u00ec come per le aree confinanti con le province e regioni autonome ci sono alcune conferme importanti. Non solo vengono confermate tutte le risorse gi\u00e0 previste in precedenza, ma in alcuni casi gli stanziamenti sono aumentati\u00bb, spiega De Menech. Il Fondo nazionale Montagna \u00e8 stato portato a 20 milioni di euro per il 2021 con altri 20 milioni previsti per l\u2019anno successivo. Nel biennio preso in considerazione inoltre, il fondo per i comuni confinanti con Friuli Venezia Giulia e Valle d\u2019Aosta arriva a 47,5 milioni di euro di cui 23,5 nel 2021 e 24 nel 2022.\u00a0 Sui questo fondo ci sono a disposizione anche le risorse del biennio 2018-2020 pi\u00f9 i residui precedenti, per un totale di 33 milioni, il che porta le risorse effettivamente disponibili nei prossimi due anni a 80,5 milioni di euro. Questi finanziamenti si sommano alle risorse aggiuntive stanziate per Regioni, Province e Comuni e previste dal titolo XII del testo di legge&#8221;.<\/em><\/p>\n<h3><\/h3>\n<h3><\/h3>\n<\/blockquote>\n<p>&nbsp;<\/p>\n<hr \/>\n<h3><\/h3>\n<p>&nbsp;<\/p>\n<blockquote><p>&nbsp;<\/p>\n<h3>POCA COSA VENTI MILIONI DI EURO AL FONDO NAZIONALE PER LA MONTAGNA<\/h3>\n<\/blockquote>\n<p><em>\u201cNon voglio scatenare guerre tra poveri, tanto pi\u00f9 in un momento particolarmente difficile per il nostro Paese, ma \u00e8 evidente che la Montagna rappresenta ancora una volta la cenerentola della situazione. E\u2019 vero, ci sono anche altri strumenti finanziari ed altri Fondi, ma quello che traspare e preoccupa \u00e8 ancora un volta l\u2019approccio al problema: la montagna \u00e8 e resta una questione marginale, politicamente poco rilevante o&#8230; interessante.\u00a0<\/em><\/p>\n<p><strong><a href=\"https:\/\/www.radiopiu.net\/wordpress\/giornale-radiopiu-05-gennaio-2019-direttore-mirko-mezzacasa\/download-479\/\" rel=\"attachment wp-att-71362\"><img loading=\"lazy\" decoding=\"async\" class=\" wp-image-71362 alignleft\" src=\"https:\/\/www.radiopiu.net\/wordpress\/wp-content\/uploads\/2019\/01\/download-2.jpg\" alt=\"\" width=\"99\" height=\"149\" \/><\/a>BELLUNO<\/strong> Cosa sono 20 milioni? Poco davvero. E\u2019 questo, in estrema sintesi, il primo giudizio che il coordinatore provinciale di Forza Italia, Dario Scopel, esprime riguardo ai contenuti della Legge di Bilancio, che si appresta ad affrontare il proprio iter parlamentare, in riferimento alle misure previste per la montagna, in particolare quella bellunese.<\/p>\n<p><strong>\u00a0<\/strong><\/p>\n<p><strong>DARIO SCOPEL, DALLA RASSEGNA STAMPA DELLE OTTO<\/strong><\/p>\n<audio class=\"wp-audio-shortcode\" id=\"audio-173660-8\" preload=\"none\" style=\"width: 100%;\" controls=\"controls\"><source type=\"audio\/mpeg\" src=\"https:\/\/www.radiopiu.net\/wordpress\/wp-content\/uploads\/2020\/11\/dario.mp3?_=8\" \/><a href=\"https:\/\/www.radiopiu.net\/wordpress\/wp-content\/uploads\/2020\/11\/dario.mp3\">https:\/\/www.radiopiu.net\/wordpress\/wp-content\/uploads\/2020\/11\/dario.mp3<\/a><\/audio>\n<p>&nbsp;<\/p>\n<p>Dal testo che approda alla Commissione Bilancio della Camera, si evince che il Fondo Nazionale per la Montagna sar\u00e0 dunque\u00a0 di 20 milioni di euro per il 2021 con identica dotazione per il 2022.\u00a0 Nella stessa Legge di Bilancio viene finanziato con 47,5 milioni per il prossimo biennio il fondo per i territori confinanti con il Friuli-Venezia Giulia e la Valle d\u2019Aosta. In questo caso la cifra vedr\u00e0 come beneficiari un numero evidentemente molto pi\u00f9 ristretto di Comuni e quindi ricadute per cittadini ed imprese ben pi\u00f9 efficaci rispetto al Fondo Nazionale Montagna, che dovr\u00e0 essere \u201cspalmato\u201d sull\u2019intero territorio nazionale\u201d. <em>\u201cIl confronto\u00a0 &#8211; insiste Scopel, diventa addirittura impietoso se allarghiamo lo sguardo ai 4,6 miliardi della dotazione prevista per il Fondo di perequazione infrastrutturale che sar\u00e0 destinato in gran parte, come noto, alle aree depresse del sud Italia\u201d.<\/em> Infine l&#8217;auspicio del coordinatore di Forza Italia, che in aula i parlamentari bellunesi sappiamo intervenire per dare un segnale concreto di inversione di tendenza<\/p>\n<p>&nbsp;<\/p>\n<p>&nbsp;<\/p>\n<hr \/>\n<p>&nbsp;<\/p>\n<blockquote>\n<h3>IERI LA GIORNATA DELLA FILOSOFIA, L&#8217;INTERVENTO DELLA MINISTRA LUCIA AZZOLINA<\/h3>\n<\/blockquote>\n<p><strong> <a href=\"https:\/\/www.radiopiu.net\/wordpress\/giornale-radiopiu-20-novembre-2020-direttore-mirko-mezzacasa\/126457542_894199181114881_2181616498001819004_o\/\" rel=\"attachment wp-att-173718\"><img loading=\"lazy\" decoding=\"async\" class=\" wp-image-173718 alignleft\" src=\"https:\/\/www.radiopiu.net\/wordpress\/wp-content\/uploads\/2020\/11\/126457542_894199181114881_2181616498001819004_o-300x300.jpg\" alt=\"\" width=\"190\" height=\"190\" srcset=\"https:\/\/www.radiopiu.net\/wordpress\/wp-content\/uploads\/2020\/11\/126457542_894199181114881_2181616498001819004_o-300x300.jpg 300w, https:\/\/www.radiopiu.net\/wordpress\/wp-content\/uploads\/2020\/11\/126457542_894199181114881_2181616498001819004_o-150x150.jpg 150w, https:\/\/www.radiopiu.net\/wordpress\/wp-content\/uploads\/2020\/11\/126457542_894199181114881_2181616498001819004_o.jpg 526w\" sizes=\"auto, (max-width: 190px) 100vw, 190px\" \/><\/a>ROMA\u00a0<\/strong><em> Ieri era la Giornata mondiale della filosofia. Confesso che questo appuntamento mi \u00e8 particolarmente caro, non solo perch\u00e9 sono laureata in Filosofia, disciplina che ho sempre amato, ma perch\u00e9 tutti i miei studi, come la mia vita, sono stati accompagnati costantemente dai principi, dalle teorie e dalle idee dei grandi pensatori.\u00a0 La filosofia, oltre a incoraggiare lo sviluppo del pensiero critico e indipendente, favorisce e sviluppa una migliore comprensione della complessit\u00e0 della vita, aiutandoci a cercare sempre risposte e a porci le giuste domande.\u00a0 Per questo dobbiamo avvicinare il pi\u00f9 possibile il linguaggio filosofico ai nostri ragazzi, renderlo familiare, piacevole, comprensibile.\u00a0 Ritengo che la filosofia sia una disciplina naturale, una di quelle che ci portiamo dentro e che vada, per questo, insegnata anche ai pi\u00f9 piccoli.\u00a0 Incoraggiare nelle studentesse e negli studenti il pensiero critico e l\u2019analisi \u00e8 un modo concreto per formare i professionisti di domani e creare una cittadinanza attiva e attenta ai cambiamenti.\u00a0 \u201cLa fonte che alimenta ogni ricerca metafisica \u00e8 la meraviglia che qualcosa in genere sia, anzich\u00e9 essere nulla\u201d. Diceva il filosofo tedesco Max Scheler. E noi vogliamo ragazzi curiosi di fronte al mondo, non certo indifferenti, incuranti e disinteressati.\u00a0 Mi piacerebbe che gli educatori, gli studiosi, i filosofi e le filosofe, che partecipano oggi a questa Giornata ci aiutassero a rendere i nostri giovani futuri tedofori di questo prezioso testimone che \u00e8 la filosofia.\u00a0<\/em><\/p>\n<p>&nbsp;<\/p>\n<p>&nbsp;<\/p>\n<p>&nbsp;<\/p>\n<hr \/>\n<p>&nbsp;<\/p>\n<blockquote>\n<h3>IERI LA PROTESTA DEI LAVORATORI DI ENEL E-DISTRIBUZIONE<\/h3>\n<\/blockquote>\n<p><strong>BELLUNO<\/strong> Ieri presidio ad Oderzo e Belluno via Simon da Cusighe con i lavoratori dell&#8217;Enel E Distribuzione, Beniamino Micheletto referente regionale Flae Cisl spiega i motivi dello stato di agitazione.<\/p>\n<p><strong>AUDIO<\/strong><\/p>\n<audio class=\"wp-audio-shortcode\" id=\"audio-173660-9\" preload=\"none\" style=\"width: 100%;\" controls=\"controls\"><source type=\"audio\/mpeg\" src=\"https:\/\/www.radiopiu.net\/wordpress\/wp-content\/uploads\/2020\/11\/MICHELETTO.mp3?_=9\" \/><a href=\"https:\/\/www.radiopiu.net\/wordpress\/wp-content\/uploads\/2020\/11\/MICHELETTO.mp3\">https:\/\/www.radiopiu.net\/wordpress\/wp-content\/uploads\/2020\/11\/MICHELETTO.mp3<\/a><\/audio>\n<p>&nbsp;<\/p>\n\n\t\t\t<style type='text\/css'>\n\t\t\t\t#gallery-4 {\n\t\t\t\t\tmargin: auto;\n\t\t\t\t}\n\t\t\t\t#gallery-4 .gallery-item {\n\t\t\t\t\tfloat: left;\n\t\t\t\t\tmargin-top: 10px;\n\t\t\t\t\ttext-align: center;\n\t\t\t\t\twidth: 50%;\n\t\t\t\t}\n\t\t\t\t#gallery-4 img {\n\t\t\t\t\tborder: 2px solid #cfcfcf;\n\t\t\t\t}\n\t\t\t\t#gallery-4 .gallery-caption {\n\t\t\t\t\tmargin-left: 0;\n\t\t\t\t}\n\t\t\t\t\/* see gallery_shortcode() in wp-includes\/media.php *\/\n\t\t\t<\/style>\n\t\t<div id='gallery-4' class='dt-gallery-container gallery galleryid-173660 gallery-columns-2 gallery-size-medium'><dl class='gallery-item'>\n\t\t\t\t<dt class='gallery-icon landscape'>\n\t\t\t\t\t<a class=\"rollover rollover-zoom dt-pswp-item\" title=\"2b874173-f0ec-470a-937c-80245c9d15b3\" data-dt-img-description=\"\" data-large_image_width=\"1600\" data-large_image_height=\"1200\"href='https:\/\/www.radiopiu.net\/wordpress\/wp-content\/uploads\/2020\/11\/2b874173-f0ec-470a-937c-80245c9d15b3.jpg'><img loading=\"lazy\" decoding=\"async\" width=\"300\" height=\"225\" src=\"https:\/\/www.radiopiu.net\/wordpress\/wp-content\/uploads\/2020\/11\/2b874173-f0ec-470a-937c-80245c9d15b3-300x225.jpg\" class=\"attachment-medium size-medium\" alt=\"\" srcset=\"https:\/\/www.radiopiu.net\/wordpress\/wp-content\/uploads\/2020\/11\/2b874173-f0ec-470a-937c-80245c9d15b3-300x225.jpg 300w, https:\/\/www.radiopiu.net\/wordpress\/wp-content\/uploads\/2020\/11\/2b874173-f0ec-470a-937c-80245c9d15b3-1024x768.jpg 1024w, https:\/\/www.radiopiu.net\/wordpress\/wp-content\/uploads\/2020\/11\/2b874173-f0ec-470a-937c-80245c9d15b3-768x576.jpg 768w, https:\/\/www.radiopiu.net\/wordpress\/wp-content\/uploads\/2020\/11\/2b874173-f0ec-470a-937c-80245c9d15b3-1536x1152.jpg 1536w, https:\/\/www.radiopiu.net\/wordpress\/wp-content\/uploads\/2020\/11\/2b874173-f0ec-470a-937c-80245c9d15b3.jpg 1600w\" sizes=\"auto, (max-width: 300px) 100vw, 300px\" \/><\/a>\n\t\t\t\t<\/dt><\/dl><dl class='gallery-item'>\n\t\t\t\t<dt class='gallery-icon landscape'>\n\t\t\t\t\t<a class=\"rollover rollover-zoom dt-pswp-item\" title=\"2e771f5d-8a1e-4d1e-9827-472f57be1317\" data-dt-img-description=\"\" data-large_image_width=\"1600\" data-large_image_height=\"1200\"href='https:\/\/www.radiopiu.net\/wordpress\/wp-content\/uploads\/2020\/11\/2e771f5d-8a1e-4d1e-9827-472f57be1317.jpg'><img loading=\"lazy\" decoding=\"async\" width=\"300\" height=\"225\" src=\"https:\/\/www.radiopiu.net\/wordpress\/wp-content\/uploads\/2020\/11\/2e771f5d-8a1e-4d1e-9827-472f57be1317-300x225.jpg\" class=\"attachment-medium size-medium\" alt=\"\" srcset=\"https:\/\/www.radiopiu.net\/wordpress\/wp-content\/uploads\/2020\/11\/2e771f5d-8a1e-4d1e-9827-472f57be1317-300x225.jpg 300w, https:\/\/www.radiopiu.net\/wordpress\/wp-content\/uploads\/2020\/11\/2e771f5d-8a1e-4d1e-9827-472f57be1317-1024x768.jpg 1024w, https:\/\/www.radiopiu.net\/wordpress\/wp-content\/uploads\/2020\/11\/2e771f5d-8a1e-4d1e-9827-472f57be1317-768x576.jpg 768w, https:\/\/www.radiopiu.net\/wordpress\/wp-content\/uploads\/2020\/11\/2e771f5d-8a1e-4d1e-9827-472f57be1317-1536x1152.jpg 1536w, https:\/\/www.radiopiu.net\/wordpress\/wp-content\/uploads\/2020\/11\/2e771f5d-8a1e-4d1e-9827-472f57be1317.jpg 1600w\" sizes=\"auto, (max-width: 300px) 100vw, 300px\" \/><\/a>\n\t\t\t\t<\/dt><\/dl><br style=\"clear: both\" \/>\n\t\t\t<\/div>\n\n<p>&nbsp;<\/p>\n<p>&nbsp;<\/p>\n<p>&nbsp;<\/p>\n<hr \/>\n<blockquote>\n<h3><\/h3>\n<h3>MASSARO E LA GIUNTA DECIDONO PER I MERCATI DI CASTION E CAVARZANO MA NON PER IL CENTRO<\/h3>\n<\/blockquote>\n<p><strong>DALLA RASSEGNA STAMPA DELLE OTTO, YUKI D&#8217;EMILIA\u00a0\u00a0<\/strong><\/p>\n<audio class=\"wp-audio-shortcode\" id=\"audio-173660-10\" preload=\"none\" style=\"width: 100%;\" controls=\"controls\"><source type=\"audio\/mpeg\" src=\"https:\/\/www.radiopiu.net\/wordpress\/wp-content\/uploads\/2020\/11\/yuki-1.mp3?_=10\" \/><a href=\"https:\/\/www.radiopiu.net\/wordpress\/wp-content\/uploads\/2020\/11\/yuki-1.mp3\">https:\/\/www.radiopiu.net\/wordpress\/wp-content\/uploads\/2020\/11\/yuki-1.mp3<\/a><\/audio>\n<p>&nbsp;<\/p>\n<p><strong><img loading=\"lazy\" decoding=\"async\" class=\"alignleft\" src=\"https:\/\/www.radiopiu.net\/wordpress\/wp-content\/uploads\/2020\/06\/WhatsApp-Image-2020-06-14-at-12.43.39.jpeg\" width=\"226\" height=\"170\" \/>BELLUNO<\/strong> Cavarzano, Castion, \u201cCampagna Amica\u201d al Piero Rossi e il banco dei fiori in Via Gabelli: questi i mercati che sabato torneranno in citt\u00e0, nel rispetto delle nuove regole per lo svolgimento di queste attivit\u00e0. Il Sindaco di Belluno, Jacopo Massaro, ha infatti firmato in mattinata l&#8217;ordinanza che consente il ritorno delle bancarelle in queste tre aree, dopo che dalla giornata di marted\u00ec erano gi\u00e0 tornati i banchi alimentari in Piazza del Mercato e in Piazza del Duomo. Le condizioni richieste per il regolare svolgimento dell&#8217;attivit\u00e0 ricalcano sostanzialmente quelle gi\u00e0 in vigore in primavera (anche se allora erano presenti anche restrizioni sulle categorie merceologiche che rendevano pi\u00f9 semplice il distanziamento): un unico varco di accesso separato da quello di uscita, distanza di almeno un metro tra i clienti e tra cliente e commerciante, messa a disposizione dei clienti di prodotti igienizzanti. Bisogner\u00e0 invece attendere ancora per il ritorno delle bancarelle in Piazza Piloni, Piazza dei Martiri e per quelle di piante e fiori in Piazza Duomo: la conformazione delle piazze, con numerosi accessi e la presenza di residenti, rende difficile la gestione del distanziamento e dei controlli.<\/p>\n<blockquote><p><em>La riapertura parziale dei mercati cittadini \u00e8 resa possibile anche dal supporto nei controlli che arriver\u00e0 dai volontari dell&#8217;Associazione Nazionale Alpini, ai quali vanno i ringraziamenti di tutta l&#8217;amministrazione per questo nuovo aiuto. Intanto il sindaco &#8211; referente Anci per il personale &#8211; chiede al Governo misure urgenti per potenziare i servizi di Polizia Locale.<\/em><\/p><\/blockquote>\n<p><iframe loading=\"lazy\" title=\"Massaro   ANCI   Assunzioni Polizia Locale\" width=\"1200\" height=\"675\" src=\"https:\/\/www.youtube.com\/embed\/2JrPA6Yp8_o?feature=oembed\" frameborder=\"0\" allow=\"accelerometer; autoplay; clipboard-write; encrypted-media; gyroscope; picture-in-picture\" allowfullscreen><\/iframe><\/p>\n<p>&nbsp;<\/p>\n<p>&nbsp;<\/p>\n<hr \/>\n<p>&nbsp;<\/p>\n<blockquote class=\"wp-embedded-content\" data-secret=\"dvh9jU6mNT\"><p><a href=\"https:\/\/www.radiopiu.net\/wordpress\/agg19\/\">CORONAVIRUS: AGGIORNAMENTO NAZIONALE 19 NOVEMBRE<\/a><\/p><\/blockquote>\n<p><iframe loading=\"lazy\" class=\"wp-embedded-content\" sandbox=\"allow-scripts\" security=\"restricted\" style=\"position: absolute; clip: rect(1px, 1px, 1px, 1px);\" title=\"&#8220;CORONAVIRUS: AGGIORNAMENTO NAZIONALE 19 NOVEMBRE&#8221; &#8212; Radio Pi\u00f9\" src=\"https:\/\/www.radiopiu.net\/wordpress\/agg19\/embed\/#?secret=dvh9jU6mNT\" data-secret=\"dvh9jU6mNT\" width=\"600\" height=\"338\" frameborder=\"0\" marginwidth=\"0\" marginheight=\"0\" scrolling=\"no\"><\/iframe><\/p>\n<p>&nbsp;<\/p>\n<hr \/>\n<p>&nbsp;<\/p>\n<blockquote class=\"wp-embedded-content\" data-secret=\"U2V5MHfGDA\"><p><a href=\"https:\/\/www.radiopiu.net\/wordpress\/in-24-ore-3866-nuovi-positivi-in-veneto-57-decessi-e-45-soggetti-in-piu-in-area-non-critica-in-calo-le-terapie-intensive-a-belluno-sono-216-le-nuove-positivita\/\">IN 24 ORE 3866 NUOVI POSITIVI IN VENETO. 57 DECESSI E 45 SOGGETTI IN PIU&#8217; IN AREA NON CRITICA. IN CALO LE TERAPIE INTENSIVE. A BELLUNO SONO 216 LE NUOVE POSITIVITA&#8217;<\/a><\/p><\/blockquote>\n<p><iframe loading=\"lazy\" class=\"wp-embedded-content\" sandbox=\"allow-scripts\" security=\"restricted\" style=\"position: absolute; clip: rect(1px, 1px, 1px, 1px);\" title=\"&#8220;IN 24 ORE 3866 NUOVI POSITIVI IN VENETO. 57 DECESSI E 45 SOGGETTI IN PIU&#8217; IN AREA NON CRITICA. IN CALO LE TERAPIE INTENSIVE. A BELLUNO SONO 216 LE NUOVE POSITIVITA&#8217;&#8221; &#8212; Radio Pi\u00f9\" src=\"https:\/\/www.radiopiu.net\/wordpress\/in-24-ore-3866-nuovi-positivi-in-veneto-57-decessi-e-45-soggetti-in-piu-in-area-non-critica-in-calo-le-terapie-intensive-a-belluno-sono-216-le-nuove-positivita\/embed\/#?secret=U2V5MHfGDA\" data-secret=\"U2V5MHfGDA\" width=\"600\" height=\"338\" frameborder=\"0\" marginwidth=\"0\" marginheight=\"0\" scrolling=\"no\"><\/iframe><\/p>\n<p>&nbsp;<\/p>\n<hr \/>\n<p>&nbsp;<\/p>\n<blockquote>\n<h3>I GRAFICI DI TIZIANO DE COL<\/h3>\n<\/blockquote>\n\n\t\t\t<style type='text\/css'>\n\t\t\t\t#gallery-5 {\n\t\t\t\t\tmargin: auto;\n\t\t\t\t}\n\t\t\t\t#gallery-5 .gallery-item {\n\t\t\t\t\tfloat: left;\n\t\t\t\t\tmargin-top: 10px;\n\t\t\t\t\ttext-align: center;\n\t\t\t\t\twidth: 25%;\n\t\t\t\t}\n\t\t\t\t#gallery-5 img {\n\t\t\t\t\tborder: 2px solid #cfcfcf;\n\t\t\t\t}\n\t\t\t\t#gallery-5 .gallery-caption {\n\t\t\t\t\tmargin-left: 0;\n\t\t\t\t}\n\t\t\t\t\/* see gallery_shortcode() in wp-includes\/media.php *\/\n\t\t\t<\/style>\n\t\t<div id='gallery-5' class='dt-gallery-container gallery galleryid-173660 gallery-columns-4 gallery-size-medium'><dl class='gallery-item'>\n\t\t\t\t<dt class='gallery-icon landscape'>\n\t\t\t\t\t<a class=\"rollover rollover-zoom dt-pswp-item\" title=\"d332fbce-2adf-47e5-8f51-2a4cc6ce296b\" data-dt-img-description=\"\" data-large_image_width=\"590\" data-large_image_height=\"354\"href='https:\/\/www.radiopiu.net\/wordpress\/wp-content\/uploads\/2020\/11\/d332fbce-2adf-47e5-8f51-2a4cc6ce296b.jpg'><img loading=\"lazy\" decoding=\"async\" width=\"300\" height=\"180\" src=\"https:\/\/www.radiopiu.net\/wordpress\/wp-content\/uploads\/2020\/11\/d332fbce-2adf-47e5-8f51-2a4cc6ce296b-300x180.jpg\" class=\"attachment-medium size-medium\" alt=\"\" srcset=\"https:\/\/www.radiopiu.net\/wordpress\/wp-content\/uploads\/2020\/11\/d332fbce-2adf-47e5-8f51-2a4cc6ce296b-300x180.jpg 300w, https:\/\/www.radiopiu.net\/wordpress\/wp-content\/uploads\/2020\/11\/d332fbce-2adf-47e5-8f51-2a4cc6ce296b.jpg 590w\" sizes=\"auto, (max-width: 300px) 100vw, 300px\" \/><\/a>\n\t\t\t\t<\/dt><\/dl><dl class='gallery-item'>\n\t\t\t\t<dt class='gallery-icon landscape'>\n\t\t\t\t\t<a class=\"rollover rollover-zoom dt-pswp-item\" title=\"61fb2d23-4700-440f-bb3d-5956217befdb\" data-dt-img-description=\"\" data-large_image_width=\"605\" data-large_image_height=\"354\"href='https:\/\/www.radiopiu.net\/wordpress\/wp-content\/uploads\/2020\/11\/61fb2d23-4700-440f-bb3d-5956217befdb.jpg'><img loading=\"lazy\" decoding=\"async\" width=\"300\" height=\"176\" src=\"https:\/\/www.radiopiu.net\/wordpress\/wp-content\/uploads\/2020\/11\/61fb2d23-4700-440f-bb3d-5956217befdb-300x176.jpg\" class=\"attachment-medium size-medium\" alt=\"\" srcset=\"https:\/\/www.radiopiu.net\/wordpress\/wp-content\/uploads\/2020\/11\/61fb2d23-4700-440f-bb3d-5956217befdb-300x176.jpg 300w, https:\/\/www.radiopiu.net\/wordpress\/wp-content\/uploads\/2020\/11\/61fb2d23-4700-440f-bb3d-5956217befdb.jpg 605w\" sizes=\"auto, (max-width: 300px) 100vw, 300px\" \/><\/a>\n\t\t\t\t<\/dt><\/dl><dl class='gallery-item'>\n\t\t\t\t<dt class='gallery-icon landscape'>\n\t\t\t\t\t<a class=\"rollover rollover-zoom dt-pswp-item\" title=\"68a4a5ba-f309-4bf3-9245-823dcaf7701c\" data-dt-img-description=\"\" data-large_image_width=\"949\" data-large_image_height=\"828\"href='https:\/\/www.radiopiu.net\/wordpress\/wp-content\/uploads\/2020\/11\/68a4a5ba-f309-4bf3-9245-823dcaf7701c.jpg'><img loading=\"lazy\" decoding=\"async\" width=\"300\" height=\"262\" src=\"https:\/\/www.radiopiu.net\/wordpress\/wp-content\/uploads\/2020\/11\/68a4a5ba-f309-4bf3-9245-823dcaf7701c-300x262.jpg\" class=\"attachment-medium size-medium\" alt=\"\" srcset=\"https:\/\/www.radiopiu.net\/wordpress\/wp-content\/uploads\/2020\/11\/68a4a5ba-f309-4bf3-9245-823dcaf7701c-300x262.jpg 300w, https:\/\/www.radiopiu.net\/wordpress\/wp-content\/uploads\/2020\/11\/68a4a5ba-f309-4bf3-9245-823dcaf7701c-768x670.jpg 768w, https:\/\/www.radiopiu.net\/wordpress\/wp-content\/uploads\/2020\/11\/68a4a5ba-f309-4bf3-9245-823dcaf7701c.jpg 949w\" sizes=\"auto, (max-width: 300px) 100vw, 300px\" \/><\/a>\n\t\t\t\t<\/dt><\/dl><dl class='gallery-item'>\n\t\t\t\t<dt class='gallery-icon landscape'>\n\t\t\t\t\t<a class=\"rollover rollover-zoom dt-pswp-item\" title=\"abc0734c-a120-4cfe-b218-7a8f6acb3a76\" data-dt-img-description=\"\" data-large_image_width=\"758\" data-large_image_height=\"663\"href='https:\/\/www.radiopiu.net\/wordpress\/wp-content\/uploads\/2020\/11\/abc0734c-a120-4cfe-b218-7a8f6acb3a76.jpg'><img loading=\"lazy\" decoding=\"async\" width=\"300\" height=\"262\" src=\"https:\/\/www.radiopiu.net\/wordpress\/wp-content\/uploads\/2020\/11\/abc0734c-a120-4cfe-b218-7a8f6acb3a76-300x262.jpg\" class=\"attachment-medium size-medium\" alt=\"\" srcset=\"https:\/\/www.radiopiu.net\/wordpress\/wp-content\/uploads\/2020\/11\/abc0734c-a120-4cfe-b218-7a8f6acb3a76-300x262.jpg 300w, https:\/\/www.radiopiu.net\/wordpress\/wp-content\/uploads\/2020\/11\/abc0734c-a120-4cfe-b218-7a8f6acb3a76.jpg 758w\" sizes=\"auto, (max-width: 300px) 100vw, 300px\" \/><\/a>\n\t\t\t\t<\/dt><\/dl><br style=\"clear: both\" \/>\n\t\t\t<\/div>\n\n<p>&nbsp;<\/p>\n<hr \/>\n<p>&nbsp;<\/p>\n<blockquote>\n<h3>TEMA DEL PUNTO STAMPA: I VACCINI. PARLA LA DOTTORESSA FRANCESCA RUSSO<\/h3>\n<\/blockquote>\n<p><a href=\"https:\/\/www.radiopiu.net\/wordpress\/tema-del-punto-stampa-i-vaccini-parla-la-dottoressa-francesca-russo\/download-1006\/\" rel=\"attachment wp-att-173786\"><img loading=\"lazy\" decoding=\"async\" class=\" wp-image-173786 alignleft\" src=\"https:\/\/www.radiopiu.net\/wordpress\/wp-content\/uploads\/2020\/11\/download-16.jpg\" alt=\"\" width=\"212\" height=\"159\" \/><\/a><strong>VENEZIA<\/strong> Ieri in conferenza stampa a Marghera \u00e8 intervenuta la dottoressa Francesca Russo, direttore regionale della Prevenzione. Ha focalizzato la sua attenzione sul tema dei vaccini contro il covid 19.<em> &#8220;Avremo tra la fine di questo anno e l&#8217;inizio del prossimo le prime consegne a livello nazionale e poi regionale. Non abbiamo ancora i numeri ma abbiamo rilevazioni del Ministero della Salute&#8221;<\/em>. Il Veneto \u00e8 pronto a mettere in magazzino i vaccini, cosa non facile perch\u00e9 richiedono temperature fino a 80 gradi sotto lo zero. Il Ministero dovrebbe inviare a breve il piano per la vaccinazione e il personale sanitario verr\u00e0 vaccinato con il siero della Pfizer. Sui vaccini antiinfluenzali \u00e8 una vera e propria ricerca e molto \u00a0difficile <em>&#8220;E&#8217; un problema che riguarda tutte le regioni &#8211; ha spiegato la dottoressa Russo &#8211;\u00a0 c&#8217;\u00e8 difficolt\u00e0 di approvvigionamento. Lo scorso anno avevamo chiesto 800.000 dosi, quest&#8217;anno 1.300.000 ovvero il 20 per cento in pi\u00f9 ma non \u00e8 arrivato, \u00e8 destinato alla Sanit\u00e0 Pubblica. Noi abbiamo agito molto presto, allargando il numero delle dosi, ma\u00a0abbiamo avuto richieste superiori rispetto alle nostre disponibilit\u00e0. Abbiamo richiesto 50mila dosi di vaccino in et\u00e0 pediatrica. Abbiamo per\u00f2 30mila dosi congelate da dare ai farmacisti\u00a0 anche se di norma lo acquistano privatamente. La consegna \u00e8 prevista per dicembre, sperando di poterne fornire anche di pi\u00f9 se il Governo ce le d\u00e0&#8221;<\/em><\/p>\n<p>&nbsp;<\/p>\n<p>&nbsp;<\/p>\n<p>&nbsp;<\/p>\n<hr \/>\n<blockquote>\n<h3><\/h3>\n<h3>OGGI LE DEFINIZIONE DELLE NUOVE FASCE, VENETO SEMPRE IN GIALLO? OLTRE 2500 PERSONE IN OSPEDALE<\/h3>\n<\/blockquote>\n<blockquote>\n<h2>LEGGI LA CONFERENZA STAMPA DI LUCA ZAIA<\/h2>\n<p><span style=\"color: #ffcc00;\"><strong>Ieri il confronto con il Governo, con una richiesta tecnica sui parametri. Siamo fiduciosi. Il Cts inoltra un documento per discutere i dubbi sul tampone rapido che deve essere supportato da evidenze scientifiche.\u00a0<\/strong><\/span><\/p><\/blockquote>\n<p>Dalla riunione di questa mattina viene fuori che c&#8217;\u00e8 tensione per i ricoveri con quasi 300 persone in terapia intensiva, quello che pi\u00f9 preoccupa \u00e8 l&#8217;area non critica con 2242 pazienti \u00e8 questa la vera pressione ospedaliera, ci sono anche i malati non covid. Sono pazienti problematici che hanno bisogno di cure e assistenza. Ieri l&#8217;ingegner Fattori ha chiarito la situazione dei dispositivi, ci sono ancora gare in corsa per acquistarli, ben venga per il magazzino. Nelle terapie intensive con 296 pazienti la vera differenza con la prima fase di marzo aprile: si sommano gli incidenti sul lavoro e incidenti stradali che non c&#8217;erano durante il lockdown. La curvva del covid-terapia intensiva cresce gradualmente ma senza preoccupare. Confermiamo che abbiamo 1000 terapie intensive, abbiamo letti, respiratori, monitori, diffusori, tutto quello che serve. Il piano prevede nelle dichiarazione la possibilit\u00e0 di allestirle entro 36 ore. <span style=\"color: #ff6600;\"><strong>SIAMO NEI GIORNI CRUCIALI DEI NUMERI, VENERDI SERA ARRIVA LA SENTENZA.OGGI GLI INDICATORI SONO ASSOLUTAMENTE CHIARI E CI FANNO SPERARE IN UN BUON ESITO, LA SITUAZIONE E&#8217; SOTTOCONTROLLO CON TASSI DI OCCUPAZIONE DI TERAPIA INTENSIVA CON I NUMERI PIU&#8217; BASSI, ABBIAMO TANTI FOCOLAI MA LA REGIONE E&#8217; GRANDE, ABBIAMO TANTI POSTIVI MA FACCIAMO TANTI TAMPONI.<\/strong><span style=\"color: #000000;\"> Richiamo gli anziani che vanno a fare la spesa alle 11, ma come? Vi abbiamo chiesto di andare al mattino presto riservandovi la fascia oraria per evitare rischi contagi. Dobbiamo darci una mano. Le prime due ore deve andare a fare la spesa chi ha pi\u00f9 di 60 anni. <\/span><\/span><\/p>\n<blockquote>\n<h3><strong>\u00abSe il tampone rapido deve retrocedere di categoria ce lo devono dire \u00a0non si tratta del problema di un ospedale o di una regione\u00bb<\/strong><\/h3>\n<\/blockquote>\n<p><span style=\"color: #ff6600;\"><span style=\"color: #000000;\"><strong>LE ULTIME DAL CTS REGIONALE, DUBBI SUL TAMPONE RAPIDO<\/strong>:\u00a0 ha mandato una nota dicendo se sia meglio fare i tamponi molecolari a chi \u00e8 in prima linea ogni 8 giorni, oppure un rapido ogni 4 giorni, sono stati avanzati dubbi sui test rapidi e la loro attendibilit\u00e0. Chiederemo il parere del Cts nazionale. Oggi la letteratura \u00e8 chiara sotto una certa carica virale funziona, certificata con grande affidabilit\u00e0. Siamo nel paese delle responsabilit\u00e0 davanti a dibattiti che degenerano. \u00a0Questo argomento sta diventando materia sindacale necessita il\u00a0 parere del Cts nazionale. Io\u00a0 mi farei un tampone rapido senza problemi, secondo la letteratura ha affidabilit\u00e0 alta, ma siccome \u00e8 stato fatto partire un dibattito, allora domandiamo il parere.<\/span><\/span><span style=\"color: #ff6600;\"><span style=\"color: #000000;\">\u00a0<\/span><\/span><\/p>\n<p><span style=\"color: #ff6600;\"><span style=\"color: #000000;\"><strong>IMPIANTI APERTI IL 4 DICEMBRE?<\/strong> Tifiamo perch\u00e8 venga tanta neve, serve il buon senso, vedremo giorno dopo giorno cosa succede. Dobbiamo avere un minimo di punto nave tra qualche giorno per capire l&#8217;evoluzione. Abbiamo capito che non durer\u00e0 ancora tanto questa fase di ascesa. La Francia che ci ha preceduto ha gi\u00e0 iniziato la fase decrescente, ci sono Regioni in Italia che danno qualche timido segnale, ma con i ricoveri ancora non ci siamo. Sul Natale ci vorrebbe la sfera della verit\u00e0. <strong>ANALISI SUI TANTI DECESSI RISPETTO AL RESTO DEL MOND<\/strong>O et\u00e0 media della popolazione\u00a0 incide sui decessi in Italia, dove l&#8217;et\u00e0 media \u00e8 alta,\u00a0 il 90% dei ricoverati ha pi\u00f9 di 70 anni sono i nostri tanti anziani. <strong>TEST RAPIDI<\/strong> via libera\u00a0 al test Lucera il mercato come previsto di muove.\u00a0 E&#8217; successo negli Usa, ma non arriver\u00e0 in Italia perch\u00e9 faranno man bassa e non arriveranno da noi. In Italia c&#8217;\u00e8 una legge che dice che tutto quello che \u00e8 autorizzato nei paesi del G7 non necessita di autorizzazione italiana, e gli Usa sono nel G7. Sui test fai da te veneti aspettiamo la validazione, se non ce la daranno\u00a0 butteremo via tutto, a costo zero. CURE DOMICILIARI I SATURIMETRI SONO ARRIVATI? Ne stiamo distribuendo, ne abbiamo trovato 10mila la gara per i 100mila non \u00e8 stata espletata. <strong>MEDICI DI BASE<\/strong>\u00a0 I medici di base continuano a seguire i loro pazienti, sono elemento fondamentale della partita. <strong>DENTISTI, FARMACISTI, VETERINARI?<\/strong> Sta andando avanti abbiamo chiesto le autorizzazioni per i veterinari, farmacisti e pediatri di libera scelta c&#8217;\u00e8 un tavolo in corso sui dentisti abbiamo fatto la richiesta a livello nazionale. Formiamo le categorie e diamo pi\u00f9 servizi ai cittadini. <strong>E SE NON VOGLIONO METTERE A RISCHIO L&#8217;AMBULATORIO CON QUELLO CHE E&#8217; COSTATO RIPULIRLO?<\/strong> Vanno a casa dei pazienti o allestiscono un drive in. <strong>L&#8217;ORDINANZA CHE SCADE SABATO?<\/strong> Resta intonsa, va in scadenza domenica-lunedi. Poi andremo a ripresentarla.<strong> Se ci mettono in altre aree ovviamente decade perch\u00e9 assorbita. SCONTRI CON IL GOVERNO? <\/strong>Ma se abbiamo sempre votato tutto? Siamo in democrazia ed \u00e8 giusto che ci sia data la possibilit\u00e0 di proporre.<strong>COVID HOTEL JESOLO DICE CHE LO HA SAPUTO DAI GIORNALI E AVEVA CHIESTO DI OSPITARE INFERMIERI E MEDICI<\/strong> Se dice questo faremo una verifica ci sono le mail. Se il signore di Jesolo non vuole fare ne troveremo un altro <strong>A BELLUNO CHIEDEVANO INFORMAZIONI A FEDERALBERGHI\u00a0 E SI SONO TROVATI IN LISTA E CI SONO ANCORA ASPETTI DA CHIARIRE.<\/strong><\/span><\/span><\/p>\n<p>&nbsp;<\/p>\n<p>&nbsp;<\/p>\n<p>https:\/\/www.facebook.com\/zaiaufficiale\/videos\/2819268758176764<\/p>\n<p>&nbsp;<\/p>\n<hr \/>\n<p>&nbsp;<\/p>\n<h1>QUESTIONE PEDAGGI PEDEMONTANA.<\/h1>\n<p>Ieri\u00a0 inaugurata la Pedemontana, ero in collegamento per l&#8217;inaugurazione del terzo tratto. Nella primavera del 2021 la quasi totalit\u00e0 sar\u00e0 aperta. Oltre 2 miliardi di investimento. <strong>C&#8217;E&#8217; UNA PROSPETTIVA DELLA RIDUZIONE DEI PEDAGGI? SONO CARI SUI TRATTI IN ESERCIZIO.Si pagano 18, 22 e 43 centesimi a chilometro.<\/strong> C&#8217;e&#8217; stata una bella analisi sui pedaggi, anche sta narrazione che la strata costa 11 miliardi, c&#8217;e&#8217; una concessione di 39 anni e dovr\u00e0 essere consegnata a regola d&#8217;arte e poi c&#8217;\u00e8 tutto il personale per la gestione. E&#8217; una struttura di 100 chilometri e 68 di raccordi.<strong> SE I PEDAGGI SONO BASSI E&#8217; UN INCENTIVO ALL&#8217;USO<\/strong> Vediamo cosa succeder\u00e0 negli anni, bisogna andare in esercizio per capire, i pedaggi sono incassati dalla Regione. <strong>NUOVO CASELLO MONTECCHIO?<\/strong> E&#8217; un&#8217;opera che volevamo realizzare ma non compete a noi, ma alla societ\u00e0 autostradale, spero per il 2022 che l&#8217;innesto venga fatto. L&#8217;opera oggi e&#8217; cantierata per l&#8217;88%<\/p>\n<p>&nbsp;<\/p>\n<p align=\"JUSTIFY\"><span style=\"font-size: large;\">La tariffa al chilometro per un\u2019autostrada serve a ripagare l\u2019investimento iniziale ed i costi di gestione e manutenzione ordinaria e straordinaria. <\/span><span style=\"font-size: large;\">La tariffa si abbatte fortemente nel momento in cui il costo iniziale di realizzazione dell\u2019opera viene ammortizzato, cio\u00e8 quando l\u2019investitore rientra della somma investita per la costruzione. Da quel momento la tariffa va a coprire solamente i costi di gestione e manutenzione. Ecco perch\u00e9 le autostrade pi\u00f9 datate hanno tariffe inferiori rispetto a quelle di nuovo impianto. <\/span><span style=\"font-size: large;\">La tariffa unitaria al chilometro, ad esempio per i mezzi leggeri, di Pedemontana Veneta, pari a 0,1683 euro\/km, non pu\u00f2 pertanto essere raffrontata con quella di A4 o con quella di A22, il cui costo di costruzione di entrambe \u00e8 gi\u00e0 stato ammortizzato, ma pu\u00f2 essere valutato rispetto ad alcune altre infrastrutture pedaggiate di recente apertura, come da tabella seguente:<\/span><\/p>\n<table border=\"1\" width=\"642\" cellspacing=\"0\" cellpadding=\"7\">\n<tbody>\n<tr valign=\"TOP\">\n<td width=\"325\"><span style=\"font-size: large;\">INFRASTRUTTURA<\/span><\/td>\n<td width=\"287\"><span style=\"font-size: large;\">TARIFFA UNITARIA EURO\/KM (mezzi leggeri e moto)<\/span><\/td>\n<\/tr>\n<tr valign=\"TOP\">\n<td width=\"325\"><span style=\"font-size: large;\">Pedemontana Veneta<\/span><\/td>\n<td width=\"287\"><span style=\"font-size: large;\">0,1683<\/span><\/td>\n<\/tr>\n<tr valign=\"TOP\">\n<td width=\"325\"><span style=\"font-size: large;\">A35 BREBEMI<\/span><\/td>\n<td width=\"287\"><span style=\"font-size: large;\">0,15266<\/span><\/td>\n<\/tr>\n<tr valign=\"TOP\">\n<td width=\"325\"><span style=\"font-size: large;\">Pedemontana Lombarda<\/span><\/td>\n<td width=\"287\"><span style=\"font-size: large;\">0,2244<\/span><\/td>\n<\/tr>\n<tr valign=\"TOP\">\n<td width=\"325\"><span style=\"font-size: large;\">Raccordo Autostradale Valle D\u2019Aosta Spa<\/span><\/td>\n<td width=\"287\"><span style=\"font-size: large;\">0,28297<\/span><\/td>\n<\/tr>\n<tr valign=\"TOP\">\n<td width=\"325\"><span style=\"font-size: large;\">Tangenziale esterna di Milano<\/span><\/td>\n<td width=\"287\"><span style=\"font-size: large;\">0,17062<\/span><\/td>\n<\/tr>\n<tr valign=\"TOP\">\n<td width=\"325\"><span style=\"font-size: large;\">Tangenziale di Napoli<\/span><\/td>\n<td width=\"287\"><span style=\"font-size: large;\">0,3862<\/span><\/td>\n<\/tr>\n<tr valign=\"TOP\">\n<td width=\"325\"><span style=\"font-size: large;\">S.A.V.<\/span><\/td>\n<td width=\"287\"><span style=\"font-size: large;\">0,16469<\/span><\/td>\n<\/tr>\n<\/tbody>\n<\/table>\n<p>&nbsp;<\/p>\n<p>&nbsp;<\/p>\n<p><span style=\"font-size: large;\">Come si nota, Pedemontana Veneta risulta del tutto in linea con la media delle nuove autostrade italiane. <\/span><span style=\"font-size: large;\">E\u2019 interessante inoltre poter rapportare le tariffe dell\u2019Italia con i valori del resto dei paesi europei. Il nostro paese si colloca su una media di 0,18 euro\/km, evidenziati in ascissa nel grafico sottostante, insieme a Croazia, Repubblica Ceca e Portogallo, tra valori medio\/bassi in confronto con la Svizzera, l\u2019Austria, la Spagna e l\u2019Ungheria, dove invece si hanno valori decisamente pi\u00f9 elevati.<\/span><\/p>\n<p>&nbsp;<\/p>\n<p>&nbsp;<\/p>\n<p>&nbsp;<\/p>\n<hr \/>\n<p>&nbsp;<\/p>\n<blockquote>\n<h3>SOSPENSIONE DELL&#8217;ATTIVITA&#8217; CHIRURGICA, IL PD CHIEDE LA LISTE DELLE PRIORITA&#8217;<\/h3>\n<\/blockquote>\n<p><strong><a href=\"https:\/\/www.radiopiu.net\/wordpress\/giornale-radiopiu-29-07-direttore-mirko-mezzacasa\/images_universita_pd_logo\/\" rel=\"attachment wp-att-22000\"><img loading=\"lazy\" decoding=\"async\" class=\" wp-image-22000 alignleft\" src=\"https:\/\/www.radiopiu.net\/wordpress\/wp-content\/uploads\/2016\/07\/images_Universita_pd_logo-300x212.jpg\" alt=\"\" width=\"211\" height=\"149\" \/><\/a>VENEZIA<\/strong>\u00a0 <em>\u201cSe l\u2019attivit\u00e0 chirurgica non urgente dev\u2019essere sospesa, \u00e8 bene sia fatta chiarezza: venga stilata una lista di priorit\u00e0, con disposizioni univoche, in modo che non ci siano lunghe attese per alcune patologie, non accollare ulteriori responsabilit\u00e0 al personale medico ed evitare che si ripetano le criticit\u00e0 della prima fase dell\u2019emergenza\u201d.<\/em> A chiederlo\u00a0 il PD, tramite un\u2019interrogazione sulla circolare della Regione indirizzata a tutte le Ulss sullo stop all\u2019attivit\u00e0 chirurgica programmata (fatta eccezione per le prestazioni oncologiche) e a quella ambulatoriale. <em>\u201cLa Regione intervenga per dare linee di priorit\u00e0 all\u2019interno delle attivit\u00e0 non sospese. Adesso abbiamo un piano di indirizzi troppo generico, che non \u00e8 un aiuto concreto per le direzioni aziendali e soprattutto per i professionisti in corsia e in ambulatorio, su cui rischia di ricadere la responsabilit\u00e0 delle scelte. \u00c8 un ulteriore carico di cui non hanno bisogno. \u00a0Dobbiamo evitare quanto accaduto la scorsa primavera con malati oncologici che necessitavano di posti letto nelle terapie intensive, ma reparti e relativo personale erano stati destinati esclusivamente ai pazienti Covid; in alcune strutture della provincia di Verona i tempi di attesa per accedere alle necessarie cure arrivavano addirittura a 70 giorni.\u00a0Ma ci sono anche attivit\u00e0 programmate di altri reparti, come la Cardiochirurgia, che non possono essere interrotte. Purtroppo a distanza di mesi si sta presentando una situazione analoga, senza che la Regione sia riuscita a trovare una soluzione adeguata\u201d.\u00a0<\/em><\/p>\n<p>&nbsp;<\/p>\n<p>&nbsp;<\/p>\n<p>&nbsp;<\/p>\n<hr \/>\n<p>&nbsp;<\/p>\n<blockquote>\n<h3>SLITTAMENTO BLOCCO AUTO EURO 4<\/h3>\n<\/blockquote>\n<p><strong><a href=\"https:\/\/www.radiopiu.net\/wordpress\/belluno-in-vigore-lordinanza-antismog-deroga-anche-per-chi-assiste-persone-in-isolamento-covid\/scarico-auto\/\" rel=\"attachment wp-att-164611\"><img loading=\"lazy\" decoding=\"async\" class=\"size-medium wp-image-164611 alignleft\" src=\"https:\/\/www.radiopiu.net\/wordpress\/wp-content\/uploads\/2020\/10\/SCARICO-AUTO-300x200.jpg\" alt=\"\" width=\"300\" height=\"200\" srcset=\"https:\/\/www.radiopiu.net\/wordpress\/wp-content\/uploads\/2020\/10\/SCARICO-AUTO-300x200.jpg 300w, https:\/\/www.radiopiu.net\/wordpress\/wp-content\/uploads\/2020\/10\/SCARICO-AUTO-1024x684.jpg 1024w, https:\/\/www.radiopiu.net\/wordpress\/wp-content\/uploads\/2020\/10\/SCARICO-AUTO-768x513.jpg 768w, https:\/\/www.radiopiu.net\/wordpress\/wp-content\/uploads\/2020\/10\/SCARICO-AUTO-1536x1026.jpg 1536w, https:\/\/www.radiopiu.net\/wordpress\/wp-content\/uploads\/2020\/10\/SCARICO-AUTO.jpg 1920w\" sizes=\"auto, (max-width: 300px) 100vw, 300px\" \/><\/a>VENEZIA<\/strong>\u00a0&#8220;<em>Accolgo con piacere la richiesta del comune di Verona di prorogare anche oltre il 1 gennaio 2021 lo slittamento del blocco delle auto Euro 4, tema che io avevo gi\u00e0 posto a livello regionale nella riunione del Comitato d&#8217;Indirizzo e Sorveglianza e proposta che poi ho anche\u00a0promosso in settembre in occasione del tavolo\u00a0del Bacino Padano<\/em>&#8220;. Sono le parole dell&#8217;assessore regionale all\u2019Ambiente Gianpaolo Bottacin in risposta al comune di Verona che invita a valutare questa possibilit\u00e0. &#8220;<em>Vista la particolare situazione in cui viviamo, e tutte le necessarie precauzioni nello spostarsi &#8211; dettaglia l&#8217;assessore -, ritengo che sia una decisione doverosa quella di rinviare a data successiva il ripristino del divieto di usare tali mezzi. Essendo peraltro una decisione da assumersi a livello statale, abbiamo\u00a0da tempo e ripetutamente sollecitato il ministro dell&#8217;Ambiente; l&#8217;ultima volta proprio stamani a cura del collega della Lombardia che coordina il tavolo,\u00a0peraltro ancora senza alcuno\u00a0riscontro&#8221;. &#8220;Auspico, quindi, che anche gli altri comuni capoluogo \u2013 conclude Bottacin &#8211; si accodino a questa iniziativa, che risulter\u00e0 certamente pi\u00f9 forte se ulteriormente condivisa<\/em>\u201d.<\/p>\n<p>&nbsp;<\/p>\n<p>&nbsp;<\/p>\n<hr \/>\n<p>&nbsp;<\/p>\n<blockquote>\n<h3>INFRASTRUTTURE E TRASPORTI. VICEPRESIDENTE DE BERTI IN COMMISSIONE: \u201cPUNTIAMO SULLA SICUREZZA: 30 MILIONI AL PATRIMONIO ESISTENTE, MANTENENDO UNO SGUARDO AL FUTURO\u201d<\/h3>\n<\/blockquote>\n<p><strong><a href=\"https:\/\/www.radiopiu.net\/wordpress\/il-punto-sui-trasporti-dellassessore-regionale-elisa-de-berti\/elisa-de-berti\/\" rel=\"attachment wp-att-141960\"><img loading=\"lazy\" decoding=\"async\" class=\"size-medium wp-image-141960 alignleft\" src=\"https:\/\/www.radiopiu.net\/wordpress\/wp-content\/uploads\/2020\/06\/ELISA-DE-BERTI-300x300.jpg\" alt=\"\" width=\"300\" height=\"300\" srcset=\"https:\/\/www.radiopiu.net\/wordpress\/wp-content\/uploads\/2020\/06\/ELISA-DE-BERTI-300x300.jpg 300w, https:\/\/www.radiopiu.net\/wordpress\/wp-content\/uploads\/2020\/06\/ELISA-DE-BERTI-150x150.jpg 150w, https:\/\/www.radiopiu.net\/wordpress\/wp-content\/uploads\/2020\/06\/ELISA-DE-BERTI-768x767.jpg 768w, https:\/\/www.radiopiu.net\/wordpress\/wp-content\/uploads\/2020\/06\/ELISA-DE-BERTI.jpg 960w\" sizes=\"auto, (max-width: 300px) 100vw, 300px\" \/><\/a>VENEZIA<\/strong>\u00a0\u201c<em>Prima di tutto puntiamo sulla sicurezza. Questa amministrazione regionale, infatti, non rinuncia ad uno sguardo al futuro senza per\u00f2 perdere di vista quello che \u00e8 il patrimonio esistente con tutta una serie di manutenzioni ordinarie e straordinarie che deve garantire. Ricordo che, prima ancora che si verificasse l\u2019incidente del ponte Morandi a Genova avevamo, come Regione Veneto, gi\u00e0 l\u2019anno precedente, stanziato nella legge di bilancio 15 milioni di euro da destinare a Veneto Strade per la manutenzione di ponti e di viadotti. Inoltre, proprio quest\u2019anno, con una variazione di bilancio, abbiamo reso disponibili ulteriori 12 milioni per il triennio, senza contare gli altri 3,8 milioni illustrati oggi in assestamento<\/em>\u201d. Con queste parole, la Vicepresidente della Regione Veneto, Elisa De Berti, ha aperto oggi, gioved\u00ec 19 novembre, in videoconferenza, i lavori della riunione della seconda Commissione del Consiglio regionale che aveva come obiettivo principale quello di fare il punto sulle risorse regionali destinate all\u2019assestamento del bilancio 2020, alle infrastrutture e ai trasporti. \u201c<em>Senza alcun dubbio \u2013 ha continuato la Vicepresidente regionale \u2013 si pu\u00f2 quindi affermare che la Regione Veneto ha stanziato ben oltre 30 milioni di euro, in cinque anni (2018-2022), a favore di Veneto Strade per la manutenzione straordinaria di ponti, viadotti e anche gallerie, cio\u00e8 per tutto il patrimonio infrastrutturale viario. Abbiamo stanziato inoltre, con questa legge di assestamento, per dare piena funzionalit\u00e0 alle attivit\u00e0 ordinarie della Societ\u00e0 altri 9 milioni euro, per arrivare ad un totale di 26 milioni per il 2020&#8243;<\/em>. \u00a0Sul fronte del TPL su \u201cferro\u201d, la Regione ha inoltre destinato alla societ\u00e0 Infrastrutture Venete, che gestisce la rete ferroviaria regionale, 2,8 milioni di euro per interventi di manutenzione della rete e di soppressione di passaggi a livello sulla linea Adria-Mestre.<\/p>\n<p>&nbsp;<\/p>\n<p>&nbsp;<\/p>\n<hr \/>\n<p>&nbsp;<\/p>\n<blockquote>\n<h3>PERCORSO CICLOPEDONALE CENTRO STORICO-SALCE, CONSIDERAZIONI DELLE LEGA NORD, SEZIONE CITTA&#8217; DI BELLUNO<\/h3>\n<\/blockquote>\n<p><strong><a href=\"https:\/\/www.radiopiu.net\/wordpress\/giornale-radio-piu-01-03-direttore-mirko-mezzacasa\/lega-nord-liga-veneto-salvini-elezioni-regionali-2015\/\" rel=\"attachment wp-att-17192\"><img loading=\"lazy\" decoding=\"async\" class=\" wp-image-17192 alignleft\" src=\"https:\/\/www.radiopiu.net\/wordpress\/wp-content\/uploads\/2016\/03\/lega-nord-liga-veneto-salvini-elezioni-regionali-2015-300x150.jpg\" alt=\"\" width=\"260\" height=\"130\" \/><\/a>BELLUNO<\/strong> I lavori di collegamento del percorso ciclopedonale che da Salce si avvia verso il centro storico stanno terminando, o comunque vedranno presto la fine per la gioia dei molti residenti e fruitori che, nella nostra realt\u00e0 cittadina virtuosa, prediligono mezzi alternativi all\u2019automobile. Questo \u00e8 sicuramente un fattore positivo per la nostra cittadinanza, un fattore che per\u00f2 nel 2020 non \u00e8 ancora sufficiente per una realt\u00e0 come Belluno che ricopre il ruolo di \u2018capoluogo di provincia\u2019. Anche nel caso preso in esame ancora una volta l\u2019Amministrazione guidata dal Sindaco Jacopo Massaro opta per l\u2019affiancamento dell\u2019asse ciclopedonale alle carreggiate della viabilit\u00e0 principale. Una scelta che come Lega \u00a0non condividiamo credendo invece che il Comune di Belluno debba, anche sulla spinta di quanto giunto in Consiglio Comunale su proposta delle associazioni andare oltre la semplice realizzazione di piste ciclabili ricavate ai margini delle strade e delle arterie urbane cittadine. Il nostro \u00e8 quindi un commento che vuole andare a spronare la giunta nel continuare su questa strada e poter fare meglio e soprattutto di pi\u00f9 aderendo magari, come gi\u00e0 capitato in molteplici comuni della nostra Regione, ai bandi regionali sulla mobilit\u00e0 sostenibile. Se infatti la mobilit\u00e0 di domani sar\u00e0 quella a basso impatto \u00e8 altrettanto vero che per rendere questo possibile serviranno infrastrutture adeguate e non semplici \u2018strisce d\u2019asfalto\u2019 dedicate a questo settore della mobilit\u00e0. L\u2019impressione \u00e8 ancora una volta che vi sia un\u2019assenza di un piano d\u2019assetto generale della mobilit\u00e0 urbana, leggera e pesante, che dovrebbe in questi mesi venire avanti col PAT sul quale per\u00f2 il timore \u00e8 la totale mancanza di un pensiero pi\u00f9 profondo alle spalle, capace di impostare la Belluno di domani, la Belluno dei nostri figli. La nostra visione \u00e8 quindi quella di una maggiore necessit\u00e0 di confronto con i quartieri, le frazioni ed i privati che operano nelle aree interessate dalle opere. Opere che devono osare e che debbano risultare all\u2019altezza dei flussi che il nostro comune, nodo della provincia, dovr\u00e0 affrontare da qui ai prossimi anni sia nell\u2019ottica della mobilit\u00e0 ordinaria che straordinaria senza dimenticare l\u2019impatto che il treno delle olimpiadi invernali 2026 di Milano-Cortina potrebbe condurre sulla stessa.<\/p>\n<p>&nbsp;<\/p>\n<hr \/>\n<p>&nbsp;<\/p>\n<blockquote>\n<h3>FIRMATO L\u2019ACCORDO TRA IL COMUNE DI FELTRE E L\u2019UNIVERSITA\u2019 CA\u2019 FOSCARI<\/h3>\n<p><em><a href=\"https:\/\/www.radiopiu.net\/wordpress\/firmato-laccordo-tra-il-comune-di-feltre-e-luniversita-ca-foscari\/e3cf46f1-7425-4e5c-b642-8ec93c2b4186\/\" rel=\"attachment wp-att-173759\"><img loading=\"lazy\" decoding=\"async\" class=\"wp-image-173759 alignleft\" src=\"https:\/\/www.radiopiu.net\/wordpress\/wp-content\/uploads\/2020\/11\/e3cf46f1-7425-4e5c-b642-8ec93c2b4186-300x225.jpg\" alt=\"\" width=\"176\" height=\"132\" srcset=\"https:\/\/www.radiopiu.net\/wordpress\/wp-content\/uploads\/2020\/11\/e3cf46f1-7425-4e5c-b642-8ec93c2b4186-300x225.jpg 300w, https:\/\/www.radiopiu.net\/wordpress\/wp-content\/uploads\/2020\/11\/e3cf46f1-7425-4e5c-b642-8ec93c2b4186-1024x768.jpg 1024w, https:\/\/www.radiopiu.net\/wordpress\/wp-content\/uploads\/2020\/11\/e3cf46f1-7425-4e5c-b642-8ec93c2b4186-768x576.jpg 768w, https:\/\/www.radiopiu.net\/wordpress\/wp-content\/uploads\/2020\/11\/e3cf46f1-7425-4e5c-b642-8ec93c2b4186-1536x1152.jpg 1536w, https:\/\/www.radiopiu.net\/wordpress\/wp-content\/uploads\/2020\/11\/e3cf46f1-7425-4e5c-b642-8ec93c2b4186.jpg 2016w\" sizes=\"auto, (max-width: 176px) 100vw, 176px\" \/><\/a>La convenzione prevede: ideare, programmare e realizzare iniziative didattiche e attivit\u00e0 sostitutive di stage e tirocinio;\u00a0 realizzare in collaborazione con il Comune di Feltre un progetto scientifico, che si concretizzer\u00e0 in un evento espositivo; attivare e cofinanziare un assegno di ricerca post-dottorato<\/em><\/p><\/blockquote>\n<p><strong>\u00a0DI MORENO GIOLI<\/strong><\/p>\n<audio class=\"wp-audio-shortcode\" id=\"audio-173660-11\" preload=\"none\" style=\"width: 100%;\" controls=\"controls\"><source type=\"audio\/mpeg\" src=\"https:\/\/www.radiopiu.net\/wordpress\/wp-content\/uploads\/2020\/11\/GIOLI-FELTRE.mp3?_=11\" \/><a href=\"https:\/\/www.radiopiu.net\/wordpress\/wp-content\/uploads\/2020\/11\/GIOLI-FELTRE.mp3\">https:\/\/www.radiopiu.net\/wordpress\/wp-content\/uploads\/2020\/11\/GIOLI-FELTRE.mp3<\/a><\/audio>\n<p>&nbsp;<\/p>\n<p><strong>L&#8217;ASSESSORE ALESSANDRO DAL BIANCO<\/strong><\/p>\n<audio class=\"wp-audio-shortcode\" id=\"audio-173660-12\" preload=\"none\" style=\"width: 100%;\" controls=\"controls\"><source type=\"audio\/mpeg\" src=\"https:\/\/www.radiopiu.net\/wordpress\/wp-content\/uploads\/2020\/11\/delbiando.mp3?_=12\" \/><a href=\"https:\/\/www.radiopiu.net\/wordpress\/wp-content\/uploads\/2020\/11\/delbiando.mp3\">https:\/\/www.radiopiu.net\/wordpress\/wp-content\/uploads\/2020\/11\/delbiando.mp3<\/a><\/audio>\n<p>&nbsp;<\/p>\n<hr \/>\n<p>&nbsp;<\/p>\n<div class=\"moz-text-html\" lang=\"x-unicode\">\n<div dir=\"ltr\">\n<div dir=\"ltr\">\n<div dir=\"ltr\">\n<div dir=\"ltr\">\n<blockquote>\n<h3><span style=\"color: #000000; font-family: Helvetica; font-size: large;\"><b>CONTRIBUTI PER LE ATTIVITA&#8217; PRODUTTIVE: EROGATI 60 MILA EURO.\u00a0<\/b><\/span><\/h3>\n<p><em><span style=\"color: #000000; font-family: Helvetica;\">Si \u00e8 ufficialmente insediata la Commissione attivit\u00e0 produttive del Comune di Ponte nelle Alpi. In un incontro con le categorie avvenuto online, i vertici dell&#8217;ex Osservatorio hanno focalizzato la loro attenzione sull\u2019erogazione dei contributi. La presidenza \u00e8 affidata al sindaco Paolo Vendramini, affiancato da un vice, Enrico Natalino Benko del gruppo di\u00a0 minoranza.\u00a0<\/span><\/em><\/p><\/blockquote>\n<p><strong><span style=\"color: #000000; font-family: Helvetica;\"><a href=\"https:\/\/www.radiopiu.net\/wordpress\/giornale-radiopiu-20-novembre-2020-direttore-mirko-mezzacasa\/commissione_attivit_produttive_ponte-1\/\" rel=\"attachment wp-att-173778\"><img loading=\"lazy\" decoding=\"async\" class=\" wp-image-173778 alignleft\" src=\"https:\/\/www.radiopiu.net\/wordpress\/wp-content\/uploads\/2020\/11\/Commissione_attivit_produttive_Ponte-1-300x216.jpg\" alt=\"\" width=\"170\" height=\"122\" srcset=\"https:\/\/www.radiopiu.net\/wordpress\/wp-content\/uploads\/2020\/11\/Commissione_attivit_produttive_Ponte-1-300x216.jpg 300w, https:\/\/www.radiopiu.net\/wordpress\/wp-content\/uploads\/2020\/11\/Commissione_attivit_produttive_Ponte-1-1024x736.jpg 1024w, https:\/\/www.radiopiu.net\/wordpress\/wp-content\/uploads\/2020\/11\/Commissione_attivit_produttive_Ponte-1-768x552.jpg 768w, https:\/\/www.radiopiu.net\/wordpress\/wp-content\/uploads\/2020\/11\/Commissione_attivit_produttive_Ponte-1.jpg 1534w\" sizes=\"auto, (max-width: 170px) 100vw, 170px\" \/><\/a>PONTE NELLE ALPI\u00a0 <\/span><\/strong><em><span style=\"color: #000000; font-family: Helvetica;\">\u00abLo stanziamento &#8211; spiega l\u2019assessore competente in materia, Andrea Pontello &#8211; verr\u00e0 erogato sotto forma di contributo a fondo perduto, commisurato alla quota fissa della Tari. E attraverso un meccanismo che verr\u00e0 deliberato in giunta. Meccanismo destinato a coinvolgere chi ha sub\u00ecto provvedimenti di chiusura e a riconoscere la quota fissa della Tari, fino a un importo cumulativo di 500 euro. Oltre quella cifra, si potr\u00e0 agire solo se rimarranno ancora disponibilit\u00e0\u00bb.\u00a0 <\/span><\/em><span style=\"color: #000000; font-family: Helvetica;\">Per il tessuto produttivo di Ponte nelle Alpi \u00e8 un provvedimento di rilievo: <em>\u00abNe siamo consapevoli, non risolver\u00e0 ogni problema &#8211; conclude Andrea Pontello &#8211; ma riteniamo sia comunque un importante segnale di attenzione nei confronti del territorio, in un momento delicato. Senza considerare la soddisfazione di avere una Commissione che, come nell\u2019intento del capogruppo Fulvio De Pasqual, dovr\u00e0 riunirsi anche prossimamente per pianificare il 2021. Non ci accontentiamo di semplici spot\u00bb.\u00a0<\/em><\/span><\/p>\n<\/div>\n<\/div>\n<\/div>\n<\/div>\n<\/div>\n<p>&nbsp;<\/p>\n<p>&nbsp;<\/p>\n<p>&nbsp;<\/p>\n<hr \/>\n<p>&nbsp;<\/p>\n<blockquote>\n<h3>A ZENICH DI RIVAMONTE SI FESTEGGIA LA BEATA VERGINE<\/h3>\n<\/blockquote>\n<p><strong><a href=\"https:\/\/www.radiopiu.net\/wordpress\/la-giunta-comunale-di-rivamonte-stanzia-100-mila-euro-per-lasfaltatura\/rivamonte-8\/\" rel=\"attachment wp-att-139538\"><img loading=\"lazy\" decoding=\"async\" class=\"size-medium wp-image-139538 alignleft\" src=\"https:\/\/www.radiopiu.net\/wordpress\/wp-content\/uploads\/2020\/05\/RIVAMONTE-300x140.jpg\" alt=\"\" width=\"300\" height=\"140\" srcset=\"https:\/\/www.radiopiu.net\/wordpress\/wp-content\/uploads\/2020\/05\/RIVAMONTE-300x140.jpg 300w, https:\/\/www.radiopiu.net\/wordpress\/wp-content\/uploads\/2020\/05\/RIVAMONTE-768x359.jpg 768w, https:\/\/www.radiopiu.net\/wordpress\/wp-content\/uploads\/2020\/05\/RIVAMONTE.jpg 1024w\" sizes=\"auto, (max-width: 300px) 100vw, 300px\" \/><\/a>RIVAMONTE<\/strong><\/p>\n<p>di Gianni Santomaso<\/p>\n<audio class=\"wp-audio-shortcode\" id=\"audio-173660-13\" preload=\"none\" style=\"width: 100%;\" controls=\"controls\"><source type=\"audio\/mpeg\" src=\"https:\/\/www.radiopiu.net\/wordpress\/wp-content\/uploads\/2020\/11\/GIANNI-ZENICH-BEATA-VERGINE.mp3?_=13\" \/><a href=\"https:\/\/www.radiopiu.net\/wordpress\/wp-content\/uploads\/2020\/11\/GIANNI-ZENICH-BEATA-VERGINE.mp3\">https:\/\/www.radiopiu.net\/wordpress\/wp-content\/uploads\/2020\/11\/GIANNI-ZENICH-BEATA-VERGINE.mp3<\/a><\/audio>\n<p>&nbsp;<\/p>\n<hr \/>\n<p>&nbsp;<\/p>\n<blockquote>\n<h3>MERCOLEDI&#8217; 25 NOVEMBRE IL CONSIGLIO COMUNALE A RIVAMONTE<\/h3>\n<\/blockquote>\n<p><strong>RIVAMONTE\u00a0<\/strong>Il sindaco di Rivamonte Giovanni Deon ha convocato il consiglio comunale per mercoled\u00ec 25 novembre alle 18:30. 6 i punti all&#8217;ordine del giorno: approvazione dei verbali della seduta precedente, ottava, nona decima e undicesima variazione al bilancio di previsione 2020\/2022 e il rinnovo della convenzione con la l&#8217;Unione Montana Agordina per il servizio SIRAP.<\/p>\n<p>&nbsp;<\/p>\n<hr \/>\n<p>&nbsp;<\/p>\n<p>&nbsp;<\/p>\n<h1><span style=\"color: #0000ff;\">IERI ALLA RADIO.<\/span><\/h1>\n<h2><span style=\"color: #ff0000;\">QUARTA PUNTATA, la formazione<\/span><\/h2>\n<p><strong><a href=\"https:\/\/www.radiopiu.net\/wordpress\/fantastiche-dolomiti-la-presentazione-con-claudio-canova\/download-1005\/\" rel=\"attachment wp-att-173700\"><img loading=\"lazy\" decoding=\"async\" class=\"wp-image-173700 alignleft\" src=\"https:\/\/www.radiopiu.net\/wordpress\/wp-content\/uploads\/2020\/11\/download-15-300x150.jpg\" alt=\"\" width=\"204\" height=\"102\" srcset=\"https:\/\/www.radiopiu.net\/wordpress\/wp-content\/uploads\/2020\/11\/download-15-300x150.jpg 300w, https:\/\/www.radiopiu.net\/wordpress\/wp-content\/uploads\/2020\/11\/download-15.jpg 317w\" sizes=\"auto, (max-width: 204px) 100vw, 204px\" \/><\/a><\/strong><\/p>\n<p>&nbsp;<\/p>\n<p><strong>OSPITE IL PRESIDENTE CLAUDIO CANOVA<\/strong><\/p>\n<audio class=\"wp-audio-shortcode\" id=\"audio-173660-14\" preload=\"none\" style=\"width: 100%;\" controls=\"controls\"><source type=\"audio\/mpeg\" src=\"https:\/\/www.radiopiu.net\/wordpress\/wp-content\/uploads\/2020\/11\/fantastiche-dolomiti-19-novembre.mp3?_=14\" \/><a href=\"https:\/\/www.radiopiu.net\/wordpress\/wp-content\/uploads\/2020\/11\/fantastiche-dolomiti-19-novembre.mp3\">https:\/\/www.radiopiu.net\/wordpress\/wp-content\/uploads\/2020\/11\/fantastiche-dolomiti-19-novembre.mp3<\/a><\/audio>\n<h2>LA RACCOLTA COMPLETA<\/h2>\n<blockquote class=\"wp-embedded-content\" data-secret=\"ZqmMepHczB\"><p><a href=\"https:\/\/www.radiopiu.net\/wordpress\/https-wp-me-p63lo7-gyg\/\">FANTASTICHE DOLOMITI: IL QUINDICINALE APPUNTAMENTO ALLA RADIO<\/a><\/p><\/blockquote>\n<p><iframe loading=\"lazy\" class=\"wp-embedded-content\" sandbox=\"allow-scripts\" security=\"restricted\" style=\"position: absolute; clip: rect(1px, 1px, 1px, 1px);\" title=\"&#8220;FANTASTICHE DOLOMITI: IL QUINDICINALE APPUNTAMENTO ALLA RADIO&#8221; &#8212; Radio Pi\u00f9\" src=\"https:\/\/www.radiopiu.net\/wordpress\/https-wp-me-p63lo7-gyg\/embed\/#?secret=ZqmMepHczB\" data-secret=\"ZqmMepHczB\" width=\"600\" height=\"338\" frameborder=\"0\" marginwidth=\"0\" marginheight=\"0\" scrolling=\"no\"><\/iframe><\/p>\n<p>&nbsp;<\/p>\n<hr \/>\n<p>&nbsp;<\/p>\n<p>&nbsp;<\/p>\n<blockquote class=\"wp-embedded-content\" data-secret=\"FDuObN1yft\"><p><a href=\"https:\/\/www.radiopiu.net\/wordpress\/20-pagine-di-storia-02-dicembre-17-dicembre-1995-di-mirko-mezzacasa\/\">20 PAGINE DI STORIA, 02 DICEMBRE-17 DICEMBRE 1995 di Mirko Mezzacasa<\/a><\/p><\/blockquote>\n<p><iframe loading=\"lazy\" class=\"wp-embedded-content\" sandbox=\"allow-scripts\" security=\"restricted\" style=\"position: absolute; clip: rect(1px, 1px, 1px, 1px);\" title=\"&#8220;20 PAGINE DI STORIA, 02 DICEMBRE-17 DICEMBRE 1995 di Mirko Mezzacasa&#8221; &#8212; Radio Pi\u00f9\" src=\"https:\/\/www.radiopiu.net\/wordpress\/20-pagine-di-storia-02-dicembre-17-dicembre-1995-di-mirko-mezzacasa\/embed\/#?secret=FDuObN1yft\" data-secret=\"FDuObN1yft\" width=\"600\" height=\"338\" frameborder=\"0\" marginwidth=\"0\" marginheight=\"0\" scrolling=\"no\"><\/iframe><\/p>\n<p>&nbsp;<\/p>\n<p>&nbsp;<\/p>\n<p>&nbsp;<\/p>\n<hr \/>\n<blockquote>\n<h3>SCUOLE FORMAZIONE PROFESSIONALE RISTORAZIONE E AUTOMOTIVE<\/h3>\n<\/blockquote>\n<p><strong>LONGARONE<\/strong> Sabato al centro di formazione Enaip le famiglie e gli allievi di terza media potranno conoscere l&#8217;organizzazione e le materie dei percorsi triennali di formazione a qulifica professionale di ristorazione e riparazione veicoli a motore visitando auel e laboratori. Informazioni allo 0437 770318<\/p>\n<p>&nbsp;<\/p>\n<blockquote>\n<h3><span style=\"color: #222222;\"><span style=\"font-family: Arial, sans-serif;\">SCUOLA APERTA AI LICEI GALILEI-TIZIANO<\/span><\/span><\/h3>\n<\/blockquote>\n<p><strong>BELLUNO<\/strong>\u00a0<span style=\"color: #222222;\"><span style=\"font-family: Arial, sans-serif;\">Sabato alle 15 si terr\u00e0 il primo incontro di Scuola aperta per i Licei Galilei-Tiziano. Dato il perdurare dell&#8217;emergenza sanitaria, gli incontri si terranno on-line. <\/span><\/span><span style=\"color: #222222;\"><span style=\"font-family: Arial, sans-serif;\">Sul sito della scuola (<\/span><\/span><span style=\"color: #0000ff;\"><u><a href=\"http:\/\/www.liceibelluno.edu.it\/\" target=\"_blank\" rel=\"noopener noreferrer\"><span style=\"color: #1155cc;\"><span style=\"font-family: Arial, sans-serif;\">www.liceibelluno.edu.it<\/span><\/span><\/a><\/u><\/span><span style=\"color: #222222;\"><span style=\"font-family: Arial, sans-serif;\">)\u00a0 \u00e8 gi\u00e0 attivo il link dedicato per iscriversi al primo incontro su Zoom e presenter\u00e0 i due indirizzi scientifici dell\u2019Istituto. Al raggiungimento dei cento iscritti il link verr\u00e0 temporaneamente chiuso e riattivato dopo quella data per l\u2019iscrizione all\u2019appuntamento successivo. <\/span><\/span><span style=\"color: #222222;\"><span style=\"font-family: Arial, sans-serif;\">Cinque gli appuntamenti programmati da qui a gennaio<\/span><\/span><\/p>\n<p>&nbsp;<\/p>\n<p>&nbsp;<\/p>\n<hr \/>\n<blockquote>\n<h3><\/h3>\n<\/blockquote>\n<p>&nbsp;<\/p>\n<h3>FIBROMIALGIA: CON UN APP ACCANTO E&#8217; PIU&#8217; SEMPLICE<\/h3>\n<p><strong><a href=\"https:\/\/www.radiopiu.net\/wordpress\/fibromialgia-con-un-app-accanto-e-piu-semplice\/immagine-social\/\" rel=\"attachment wp-att-173397\"><img loading=\"lazy\" decoding=\"async\" class=\" wp-image-173397 alignleft\" src=\"https:\/\/www.radiopiu.net\/wordpress\/wp-content\/uploads\/2020\/11\/Immagine-social-300x300.jpg\" alt=\"\" width=\"115\" height=\"115\" srcset=\"https:\/\/www.radiopiu.net\/wordpress\/wp-content\/uploads\/2020\/11\/Immagine-social-300x300.jpg 300w, https:\/\/www.radiopiu.net\/wordpress\/wp-content\/uploads\/2020\/11\/Immagine-social-150x150.jpg 150w, https:\/\/www.radiopiu.net\/wordpress\/wp-content\/uploads\/2020\/11\/Immagine-social-768x768.jpg 768w, https:\/\/www.radiopiu.net\/wordpress\/wp-content\/uploads\/2020\/11\/Immagine-social.jpg 960w\" sizes=\"auto, (max-width: 115px) 100vw, 115px\" \/><\/a><br \/>\n<\/strong><\/p>\n<p><strong>\u00a0<\/strong><\/p>\n<p>&nbsp;<\/p>\n<p><strong>IL PROMO IN ONDA ALLA RADIO\u00a0<\/strong><\/p>\n<audio class=\"wp-audio-shortcode\" id=\"audio-173660-15\" preload=\"none\" style=\"width: 100%;\" controls=\"controls\"><source type=\"audio\/mpeg\" src=\"https:\/\/www.radiopiu.net\/wordpress\/wp-content\/uploads\/2020\/11\/Vocale-FibroMiaApp.mp3?_=15\" \/><a href=\"https:\/\/www.radiopiu.net\/wordpress\/wp-content\/uploads\/2020\/11\/Vocale-FibroMiaApp.mp3\">https:\/\/www.radiopiu.net\/wordpress\/wp-content\/uploads\/2020\/11\/Vocale-FibroMiaApp.mp3<\/a><\/audio>\n<p>&nbsp;<\/p>\n<hr \/>\n<p>&nbsp;<\/p>\n<blockquote>\n<h3><b>UN NATALE SOLIDALE PER LE AZIENDE CON LE CESTE DI \u201cINSIEME SI PU<\/b><b>\u00d2<\/b><b>\u2026\u201d<\/b><\/h3>\n<\/blockquote>\n<p><a href=\"https:\/\/www.radiopiu.net\/wordpress\/giornale-radiopiu-14-novembre-2020-direttore-mirko-mezzacasa\/isp_ceste-solidali-natale\/\" rel=\"attachment wp-att-172574\"><img loading=\"lazy\" decoding=\"async\" class=\" wp-image-172574 alignleft\" src=\"https:\/\/www.radiopiu.net\/wordpress\/wp-content\/uploads\/2020\/11\/ISP_ceste-solidali-natale-300x300.jpeg\" alt=\"\" width=\"100\" height=\"100\" srcset=\"https:\/\/www.radiopiu.net\/wordpress\/wp-content\/uploads\/2020\/11\/ISP_ceste-solidali-natale-300x300.jpeg 300w, https:\/\/www.radiopiu.net\/wordpress\/wp-content\/uploads\/2020\/11\/ISP_ceste-solidali-natale-150x150.jpeg 150w, https:\/\/www.radiopiu.net\/wordpress\/wp-content\/uploads\/2020\/11\/ISP_ceste-solidali-natale.jpeg 716w\" sizes=\"auto, (max-width: 100px) 100vw, 100px\" \/><\/a><strong>BELLUNO <\/strong>\u201cInsieme si pu\u00f2\u2026\u201d non vuole fermare il proprio impegno verso i pi\u00f9 deboli, in particolare nei confronti dei bambini della Provincia di Belluno e in Uganda, le cui famiglie sono entrate in situazione di difficolt\u00e0 proprio per le conseguenze della pandemia. Per le aziende interessate a sostenere l\u2019iniziativa \u201cPerch\u00e9 nessun bambino resti escluso\u201d sono disponibili le ceste solidali di Natale, realizzate con prodotti artigianali o biologici provenienti dal\u00a0 territorio. Nella Provincia di Belluno, attraverso il progetto \u201cLa povert\u00e0 a casa nostra\u201d, l\u2019associazione nel 2020 ha sostenuto circa 200 nuclei familiari in difficolt\u00e0 socio-economica.\u00a0 Anche in Uganda la situazione \u00e8 drammatica. Il governo ugandese ha disposto la chiusura di quasi tutte le scuole nel marzo scorso, e ad oggi ha riaperto la frequenza solo per le ultime classi dei vari cicli di studi.<\/p>\n<blockquote><p>Per ricevere ulteriori informazioni o richiedere le ceste natalizie solidali di Insieme si pu\u00f2 basta contattare l\u2019associazione via mail all\u2019indirizzo info@365giorni.org oppure chiamare al numero 0437 291298 (dal luned\u00ec al venerd\u00ec ore 8-12.30 e 15-18 e il sabato mattina ore 9-12).<\/p><\/blockquote>\n<p>&nbsp;<\/p>\n<p>&nbsp;<\/p>\n<hr \/>\n<p>&nbsp;<\/p>\n<blockquote>\n<h3>10 CONSIGLI PER MIGLIORARE IL SONNO AI TEMPI DEL CORONAVIRUS<\/h3>\n<\/blockquote>\n<p align=\"JUSTIFY\"><span style=\"font-family: Calibri, serif;\"><a href=\"https:\/\/www.radiopiu.net\/wordpress\/ecco-i-test-fai-da-te-per-il-covid-parla-zaia\/giornata-del-sonno-350x260\/\" rel=\"attachment wp-att-173156\"><img loading=\"lazy\" decoding=\"async\" class=\" wp-image-173156 alignleft\" src=\"https:\/\/www.radiopiu.net\/wordpress\/wp-content\/uploads\/2020\/11\/giornata-del-sonno-350x260-1-300x223.jpg\" alt=\"\" width=\"77\" height=\"57\" srcset=\"https:\/\/www.radiopiu.net\/wordpress\/wp-content\/uploads\/2020\/11\/giornata-del-sonno-350x260-1-300x223.jpg 300w, https:\/\/www.radiopiu.net\/wordpress\/wp-content\/uploads\/2020\/11\/giornata-del-sonno-350x260-1.jpg 350w\" sizes=\"auto, (max-width: 77px) 100vw, 77px\" \/><\/a>1.\u00a0 PRENDI LE DISTANZE DA NOTIZIE CHE PARLANO DI CORONAVIRUS NELLE DUE ORE CHE PRECEDONO IL SONNO. <\/span><span style=\"font-family: Calibri, serif;\">2. ALZATI E VAI A DORMIRE ALLA STESSA ORA <\/span><span style=\"font-family: Calibri, serif;\">3. SCEGLI UN ORARIO PER ANDARE A DORMIRE IN CUI HAI EFFETTIVAMENTE SONNO <\/span><span style=\"font-family: Calibri, serif;\">4. USA LA CAMERA DA LETTO PER ATTIVITA\u2019 RILASSANTI CHE PRECEDONO L\u2019ADDORMENTAMENTO <\/span><span style=\"font-family: Calibri, serif;\">5. SCEGLI DEI RITUALI RASSERENANTI <\/span><span style=\"font-family: Calibri, serif;\">6. ELIMINA, se puoi, SONNELLINI DURANTE IL GIORNO <\/span><span style=\"font-family: Calibri, serif;\">7. EVITA LE SOSTANZE CHE ALTERANO IL SONNO: <\/span>\u25cb <span style=\"font-family: Calibri, serif;\">L\u2019USO DI ALCOLICI NELLE 2\/3 ORE CHE PRECEDONO IL SONNO <\/span>\u00a0<span style=\"font-family: Calibri, serif;\">LE SOSTANZE CONTENENTI CAFFEINA NELLE 6\/7 ORE CHE PRECEDONO IL SONNO <\/span>\u00a0<span style=\"font-family: Calibri, serif;\">IL FUMO NELLA MEZZ\u2019ORA CHE PRECEDE IL SONNO, <\/span><span style=\"font-family: Calibri, serif;\">GROSSE QUANTITA\u2019 DI ZUCCHERI <\/span><span style=\"font-family: Calibri, serif;\">8. PRATICA ATTIVITA\u2019 FISICA NEL TARDO POMERIGGIO <\/span><span style=\"font-family: Calibri, serif;\">9. RENDI PIU\u2019 CONFORTEVOLE LA TUA STANZA <\/span><span style=\"font-family: Calibri, serif;\">10. NON ALLARMARTI SE NON RIESCI A DORMIRE\u00a0 \u00a0\u00a0<\/span><\/p>\n<hr \/>\n<p>&nbsp;<\/p>\n<p>&nbsp;<\/p>\n<h2>CADORE \u201887\u201d DI GIORGIO LISE, LIBRO CHE DESCRIVE UNA GRANDE STORIA!<\/h2>\n<p><strong>di RENATO BONA<\/strong><\/p>\n<p><strong>BELLUNO<\/strong> Splendide immagini del soggiorno, delle celebrazioni, i discorsi e la cronaca dettagliata Prima di essere nominato vicario giudiziale impegnato anche nel Tribunale ecclesiastico triveneto e in vari altri compiti di rappresentanza diocesana e rettore del Seminario Gregoriano di Belluno, gi\u00e0 arcidiacono di Agordo e direttore del centro di spiritualit\u00e0 \u201cPapa Luciani\u201d di Col Cumano di Santa Giustina, in provincia di Belluno, era stato per anni il segretario del vescovo di Belluno-Feltre, monsignor Maffeo Ducoli. Proprio in quest\u2019ultima veste don Giorgio Lise, attualmente monsignore, aveva avuto l\u2019opportunit\u00e0 di essere in prima linea col presule nel proporre al pontefice Giovanni Paolo II, successore di Albino Luciani \u201cil papa bellunese del sorriso\u201d, di soggiornare per un breve periodo in Cadore, e quindi per seguire le varie tappe organizzative (\u201cassicuro che furono davvero tante\u2026\u201d), intese a portare Karol Wojtyla a trascorrere una vacanza estiva in quel di Lorenzago. Ricorda dunque con legittimo orgoglio il fatto che, pubblicando il volume \u201cCadore 87\u201d, la Diocesi avesse scelto proprio lui come curatore dell\u2019opera, con immagini del soggiorno, delle celebrazioni, i discorsi e la cronaca dettagliata di quei sei giorni davvero indimenticabili per tutti, e non solo per il fatto che quello che gi\u00e0 all\u2019epoca era un personaggio illustrissimo sia poi stato proclamato santo: Giovanni Paolo II. Sar\u00e0 anche per questa \u201cpartecipazione\u201d di Giorgio Lise a vicende storiche di tale portata che, nella ricorrenza dei 100 anni dalla nascita di Wojtyla, il paese comelicese di Costalta, che ha avuto il privilegio di due visite del Pontefice nel 1987 e 1991, ricordando le emozioni dei protagonisti, anziani e giovani, di quell\u2019 11 luglio (\u201cE\u2019 band\u00f6to sto d\u00ec\u201d), proponendo una messa nel bosco nella localit\u00e0 Varlonge, sul sentiero del Papa, domenica 12 luglio scorso, ha voluto che la celebrazione fosse presieduta proprio da don Giorgio che allora \u201cda segretario del vescovo Ducoli, accolse il Papa al ritorno da una escursione nei boschi del Monte Zovo e lo accompagn\u00f2 in canonica per il pranzo, attraversando prima i prati con i contadini increduli e commossi e poi le strade del paese tra la gente plaudente\u201d (come era scritto nel manifestino che annunciava la semplice ma toccante cerimonia religiosa &#8211; ndr.). E veniamo al libro (contiene splendide immagini concesse da: Arturo Mari dell\u2019 Osservatore Romano; Elio Ceolin di Fotoattualit\u00e0; del bellunese Giuseppe Zanfron e di Photo Charles; impaginazione a cura di Polaris; stampa della tipografia \u201cPiave\u201d di Belluno) che nell\u2019introduzione vede il vescovo Ducoli precisare che \u201cIl presente volume vuole essere un omaggio al Santo Padre che ha trascorso \u2018come uno di noi\u2019 qualche giorno tra le nostre montagne. Si \u00e8 soffermato con ragazzi e giovani, adulti e anziani: per tutti ha avuto una parola, un sorriso, un bacio; si \u00e8 interessato al lavoro di chi incontrava; ha camminato per sentieri battuti dalla gente comune, ha contemplato i paesaggi, i boschi, il sole, le rocce; ha ascoltato il canto degli uccelli, lo stormire delle fronde, il fruscio del vento, il mormorio dei torrenti, il fragore delle cascate; ha pregato in semplicit\u00e0 di frotte alle immagini sacre poste, di quando in quando, ad un crocicchio, su una roccia, sulla parete di una baita, dalla fede dei nostri Padri. Come uno di noi \u00e8 rimasto incantato di fronte allo stupendo scenario della Val passato tra le tombe di coloro che sono stati rapiti al nostro affetto nell\u2019immane tragedia del Vajont, per essi ha pregato, a tutti ha donato una parola di conforto e di speranza. Come uno di noi ha sentito il bisogno di esprimere riconoscenza e gratitudine; alla gente del Cadore, onorata, e forse ancora incredula di tanta attenzione e predilezione; alle autorit\u00e0 di ogni ordine e grado; ai sacerdoti e religiosi, ai Vescovi che lo hanno ospitato\u201d. In chiusura l\u2019auspicio che \u201cquesta documentazione sia un invito ad avvicinare la natura, come l\u2019ha fatto l\u2019illustre ospite, con rispetto, ammirazione, gratitudine a Dio \u2018Datore di ogni bene\u2019: e sia, altres\u00ec, una testimonianza dell\u2019emozionante, stupenda esperienza vissuta dalla nostra gente che, dall\u20198 al 14 luglio ha ospitato il Vicario di Cristo, circondandolo di affetto sincero e al tempo stesso di squisita delicatezza e devoto rispetto. Questo volume aiuter\u00e0 a rivivere, a perpetuare il ricordo di quei giorni di grazia e a tenere viva la speranza che l\u2019evento si possa ripetere!\u201d. Segue un distico in cui si legge: \u201cIl vescovo di Belluno-Feltre, mons. Maffeo Ducoli, alle ore 12 del 17 giugno 1987, convoca una conferenza stampa in curia a Belluno e mentre le campane della basilica cattedrale suonano a distesa, d\u00e0 l\u2019annuncio della seconda visita di Giovanni Paolo II alla terra bellunese\u201d. Lo fa con grande gioia precisando che \u201cil Pontefice celebrer\u00e0 domenica 12 luglio la messa in Val Visdende e quindi reciter\u00e0 l\u2019Angelus trasmesso dalla Rai in eurovisione, ed ha accolto l\u2019invito di intrattenersi con gli operatori forestali, che nella seconda domenica di luglio sono soliti celebrare la festa del loro patrono San Giovanni Gualberto, e ad essi si uniranno la popolazione delle nostre vallate e montagne, i villeggianti e i turisti\u201d. Perch\u00e9 \u201ccon la sua presenza, vuole manifestare stima per coloro che sono preposti alla tutela ecologica dei boschi e foreste, affetto per le genti di montagna, augurio a chi, dopo un anno di lavoro \u00e8 giunto fra noi per riposo e ricupero delle forze fisiche. A tutti rivolger\u00e0 una parola di incoraggiamento e di fede\u201d. Il riuscitissimo lavoro di monsignor Giorgio Lise si chiude con una lettera del Papa, del 29 luglio 1987, indirizzata al vescovo Ducoli per esprimergli riconoscenza per la fraterna accoglienza e le attenzioni riservategli. Giovanni Paolo II aggiunge: \u201cNei giorni della mia vacanza ho potuto ritemprare le forze camminando tra il verde degli alberi e dei prati e contemplando il meraviglioso spettacolo di quelle profonde vallate e di quelle celebri montagne; al tempo stesso ho potuto rilevare ed apprezzare la profonda religiosit\u00e0 delle care popolazioni del Cadore, che ringrazio per le tante manifestazioni di affetto e generosit\u00e0. Ho potuto, come desideravo, pregare, meditare, riposarmi. Il Signore ricompensi quanti hanno contribuito a rendere possibile e confortevole questo mio soggiorno\u2026 La Vergine Santissima, che abbiamo tanto pregato tra quelle vette scoscese e silenziose, aiuti sempre, conforti, illumini vostra eccellenza e quanti mi sono stati vicini in quei giorni indimenticabili, In pegno di copiosi favori celesti, le rinnovo con grande effusione di cuore la mia benedizione che estendo specialmente al Parroco (lo scomparso don Sesto Da Pr\u00e0 . ndr.) ed ai fedeli di Lorenzago\u201d.<\/p>\n\n\t\t\t<style type='text\/css'>\n\t\t\t\t#gallery-6 {\n\t\t\t\t\tmargin: auto;\n\t\t\t\t}\n\t\t\t\t#gallery-6 .gallery-item {\n\t\t\t\t\tfloat: left;\n\t\t\t\t\tmargin-top: 10px;\n\t\t\t\t\ttext-align: center;\n\t\t\t\t\twidth: 25%;\n\t\t\t\t}\n\t\t\t\t#gallery-6 img {\n\t\t\t\t\tborder: 2px solid #cfcfcf;\n\t\t\t\t}\n\t\t\t\t#gallery-6 .gallery-caption {\n\t\t\t\t\tmargin-left: 0;\n\t\t\t\t}\n\t\t\t\t\/* see gallery_shortcode() in wp-includes\/media.php *\/\n\t\t\t<\/style>\n\t\t<div id='gallery-6' class='dt-gallery-container gallery galleryid-173660 gallery-columns-4 gallery-size-thumbnail'><dl class='gallery-item'>\n\t\t\t\t<dt class='gallery-icon portrait'>\n\t\t\t\t\t<a class=\"rollover rollover-zoom dt-pswp-item\" title=\"126234549_370817677345379_2827144225213212565_n\" data-dt-img-description=\"\" data-large_image_width=\"1331\" data-large_image_height=\"2048\"href='https:\/\/www.radiopiu.net\/wordpress\/wp-content\/uploads\/2020\/11\/126234549_370817677345379_2827144225213212565_n-1.jpg'><img loading=\"lazy\" decoding=\"async\" width=\"150\" height=\"150\" src=\"https:\/\/www.radiopiu.net\/wordpress\/wp-content\/uploads\/2020\/11\/126234549_370817677345379_2827144225213212565_n-1-150x150.jpg\" class=\"attachment-thumbnail size-thumbnail\" alt=\"\" \/><\/a>\n\t\t\t\t<\/dt><\/dl><dl class='gallery-item'>\n\t\t\t\t<dt class='gallery-icon portrait'>\n\t\t\t\t\t<a class=\"rollover rollover-zoom dt-pswp-item\" title=\"126401180_397970274677651_8827837351716440711_n\" data-dt-img-description=\"\" data-large_image_width=\"1445\" data-large_image_height=\"2048\"href='https:\/\/www.radiopiu.net\/wordpress\/wp-content\/uploads\/2020\/11\/126401180_397970274677651_8827837351716440711_n.jpg'><img loading=\"lazy\" decoding=\"async\" width=\"150\" height=\"150\" src=\"https:\/\/www.radiopiu.net\/wordpress\/wp-content\/uploads\/2020\/11\/126401180_397970274677651_8827837351716440711_n-150x150.jpg\" class=\"attachment-thumbnail size-thumbnail\" alt=\"\" \/><\/a>\n\t\t\t\t<\/dt><\/dl><dl class='gallery-item'>\n\t\t\t\t<dt class='gallery-icon landscape'>\n\t\t\t\t\t<a class=\"rollover rollover-zoom dt-pswp-item\" title=\"126046739_3480575212018593_8834429382238381773_n\" data-dt-img-description=\"\" data-large_image_width=\"2048\" data-large_image_height=\"1409\"href='https:\/\/www.radiopiu.net\/wordpress\/wp-content\/uploads\/2020\/11\/126046739_3480575212018593_8834429382238381773_n.jpg'><img loading=\"lazy\" decoding=\"async\" width=\"150\" height=\"150\" src=\"https:\/\/www.radiopiu.net\/wordpress\/wp-content\/uploads\/2020\/11\/126046739_3480575212018593_8834429382238381773_n-150x150.jpg\" class=\"attachment-thumbnail size-thumbnail\" alt=\"\" \/><\/a>\n\t\t\t\t<\/dt><\/dl><dl class='gallery-item'>\n\t\t\t\t<dt class='gallery-icon landscape'>\n\t\t\t\t\t<a class=\"rollover rollover-zoom dt-pswp-item\" title=\"126164936_3751303601566893_5509893639794053362_n\" data-dt-img-description=\"\" data-large_image_width=\"2048\" data-large_image_height=\"1676\"href='https:\/\/www.radiopiu.net\/wordpress\/wp-content\/uploads\/2020\/11\/126164936_3751303601566893_5509893639794053362_n.jpg'><img loading=\"lazy\" decoding=\"async\" width=\"150\" height=\"150\" src=\"https:\/\/www.radiopiu.net\/wordpress\/wp-content\/uploads\/2020\/11\/126164936_3751303601566893_5509893639794053362_n-150x150.jpg\" class=\"attachment-thumbnail size-thumbnail\" alt=\"\" \/><\/a>\n\t\t\t\t<\/dt><\/dl><br style=\"clear: both\" \/><dl class='gallery-item'>\n\t\t\t\t<dt class='gallery-icon landscape'>\n\t\t\t\t\t<a class=\"rollover rollover-zoom dt-pswp-item\" title=\"126138214_714951902478996_4814012619756027644_n\" data-dt-img-description=\"\" data-large_image_width=\"2048\" data-large_image_height=\"1534\"href='https:\/\/www.radiopiu.net\/wordpress\/wp-content\/uploads\/2020\/11\/126138214_714951902478996_4814012619756027644_n.jpg'><img loading=\"lazy\" decoding=\"async\" width=\"150\" height=\"150\" src=\"https:\/\/www.radiopiu.net\/wordpress\/wp-content\/uploads\/2020\/11\/126138214_714951902478996_4814012619756027644_n-150x150.jpg\" class=\"attachment-thumbnail size-thumbnail\" alt=\"\" \/><\/a>\n\t\t\t\t<\/dt><\/dl><dl class='gallery-item'>\n\t\t\t\t<dt class='gallery-icon landscape'>\n\t\t\t\t\t<a class=\"rollover rollover-zoom dt-pswp-item\" title=\"126264540_367676180987281_4215735159834752787_n\" data-dt-img-description=\"\" data-large_image_width=\"2048\" data-large_image_height=\"1388\"href='https:\/\/www.radiopiu.net\/wordpress\/wp-content\/uploads\/2020\/11\/126264540_367676180987281_4215735159834752787_n.jpg'><img loading=\"lazy\" decoding=\"async\" width=\"150\" height=\"150\" src=\"https:\/\/www.radiopiu.net\/wordpress\/wp-content\/uploads\/2020\/11\/126264540_367676180987281_4215735159834752787_n-150x150.jpg\" class=\"attachment-thumbnail size-thumbnail\" alt=\"\" \/><\/a>\n\t\t\t\t<\/dt><\/dl><dl class='gallery-item'>\n\t\t\t\t<dt class='gallery-icon landscape'>\n\t\t\t\t\t<a class=\"rollover rollover-zoom dt-pswp-item\" title=\"126003578_371541400627676_519578454791795180_n\" data-dt-img-description=\"\" data-large_image_width=\"2048\" data-large_image_height=\"1736\"href='https:\/\/www.radiopiu.net\/wordpress\/wp-content\/uploads\/2020\/11\/126003578_371541400627676_519578454791795180_n.jpg'><img loading=\"lazy\" decoding=\"async\" width=\"150\" height=\"150\" src=\"https:\/\/www.radiopiu.net\/wordpress\/wp-content\/uploads\/2020\/11\/126003578_371541400627676_519578454791795180_n-150x150.jpg\" class=\"attachment-thumbnail size-thumbnail\" alt=\"\" \/><\/a>\n\t\t\t\t<\/dt><\/dl><dl class='gallery-item'>\n\t\t\t\t<dt class='gallery-icon landscape'>\n\t\t\t\t\t<a class=\"rollover rollover-zoom dt-pswp-item\" title=\"126139111_392952018519673_1051522117581234372_n\" data-dt-img-description=\"\" data-large_image_width=\"2048\" data-large_image_height=\"1525\"href='https:\/\/www.radiopiu.net\/wordpress\/wp-content\/uploads\/2020\/11\/126139111_392952018519673_1051522117581234372_n.jpg'><img loading=\"lazy\" decoding=\"async\" width=\"150\" height=\"150\" src=\"https:\/\/www.radiopiu.net\/wordpress\/wp-content\/uploads\/2020\/11\/126139111_392952018519673_1051522117581234372_n-150x150.jpg\" class=\"attachment-thumbnail size-thumbnail\" alt=\"\" \/><\/a>\n\t\t\t\t<\/dt><\/dl><br style=\"clear: both\" \/><dl class='gallery-item'>\n\t\t\t\t<dt class='gallery-icon landscape'>\n\t\t\t\t\t<a class=\"rollover rollover-zoom dt-pswp-item\" title=\"126177746_653678478646679_3089665250109820753_n\" data-dt-img-description=\"\" data-large_image_width=\"2048\" data-large_image_height=\"1418\"href='https:\/\/www.radiopiu.net\/wordpress\/wp-content\/uploads\/2020\/11\/126177746_653678478646679_3089665250109820753_n.jpg'><img loading=\"lazy\" decoding=\"async\" width=\"150\" height=\"150\" src=\"https:\/\/www.radiopiu.net\/wordpress\/wp-content\/uploads\/2020\/11\/126177746_653678478646679_3089665250109820753_n-150x150.jpg\" class=\"attachment-thumbnail size-thumbnail\" alt=\"\" \/><\/a>\n\t\t\t\t<\/dt><\/dl><dl class='gallery-item'>\n\t\t\t\t<dt class='gallery-icon landscape'>\n\t\t\t\t\t<a class=\"rollover rollover-zoom dt-pswp-item\" title=\"126232488_377841836865679_8684460727646310690_n\" data-dt-img-description=\"\" data-large_image_width=\"2048\" data-large_image_height=\"1717\"href='https:\/\/www.radiopiu.net\/wordpress\/wp-content\/uploads\/2020\/11\/126232488_377841836865679_8684460727646310690_n.jpg'><img loading=\"lazy\" decoding=\"async\" width=\"150\" height=\"150\" src=\"https:\/\/www.radiopiu.net\/wordpress\/wp-content\/uploads\/2020\/11\/126232488_377841836865679_8684460727646310690_n-150x150.jpg\" class=\"attachment-thumbnail size-thumbnail\" alt=\"\" \/><\/a>\n\t\t\t\t<\/dt><\/dl><dl class='gallery-item'>\n\t\t\t\t<dt class='gallery-icon portrait'>\n\t\t\t\t\t<a class=\"rollover rollover-zoom dt-pswp-item\" title=\"125977191_387385849361491_7638474613338564660_n\" data-dt-img-description=\"\" data-large_image_width=\"1471\" data-large_image_height=\"2048\"href='https:\/\/www.radiopiu.net\/wordpress\/wp-content\/uploads\/2020\/11\/125977191_387385849361491_7638474613338564660_n.jpg'><img loading=\"lazy\" decoding=\"async\" width=\"150\" height=\"150\" src=\"https:\/\/www.radiopiu.net\/wordpress\/wp-content\/uploads\/2020\/11\/125977191_387385849361491_7638474613338564660_n-150x150.jpg\" class=\"attachment-thumbnail size-thumbnail\" alt=\"\" \/><\/a>\n\t\t\t\t<\/dt><\/dl><dl class='gallery-item'>\n\t\t\t\t<dt class='gallery-icon landscape'>\n\t\t\t\t\t<a class=\"rollover rollover-zoom dt-pswp-item\" title=\"126354130_731596780789427_4180370137895681965_n\" data-dt-img-description=\"\" data-large_image_width=\"2048\" data-large_image_height=\"1586\"href='https:\/\/www.radiopiu.net\/wordpress\/wp-content\/uploads\/2020\/11\/126354130_731596780789427_4180370137895681965_n.jpg'><img loading=\"lazy\" decoding=\"async\" width=\"150\" height=\"150\" src=\"https:\/\/www.radiopiu.net\/wordpress\/wp-content\/uploads\/2020\/11\/126354130_731596780789427_4180370137895681965_n-150x150.jpg\" class=\"attachment-thumbnail size-thumbnail\" alt=\"\" \/><\/a>\n\t\t\t\t<\/dt><\/dl><br style=\"clear: both\" \/><dl class='gallery-item'>\n\t\t\t\t<dt class='gallery-icon portrait'>\n\t\t\t\t\t<a class=\"rollover rollover-zoom dt-pswp-item\" title=\"126279566_3474189782696740_808748768826412420_n\" data-dt-img-description=\"\" data-large_image_width=\"1493\" data-large_image_height=\"2048\"href='https:\/\/www.radiopiu.net\/wordpress\/wp-content\/uploads\/2020\/11\/126279566_3474189782696740_808748768826412420_n.jpg'><img loading=\"lazy\" decoding=\"async\" width=\"150\" height=\"150\" src=\"https:\/\/www.radiopiu.net\/wordpress\/wp-content\/uploads\/2020\/11\/126279566_3474189782696740_808748768826412420_n-150x150.jpg\" class=\"attachment-thumbnail size-thumbnail\" alt=\"\" \/><\/a>\n\t\t\t\t<\/dt><\/dl><dl class='gallery-item'>\n\t\t\t\t<dt class='gallery-icon landscape'>\n\t\t\t\t\t<a class=\"rollover rollover-zoom dt-pswp-item\" title=\"126259117_375294943581181_2602976265426636304_n\" data-dt-img-description=\"\" data-large_image_width=\"2048\" data-large_image_height=\"1527\"href='https:\/\/www.radiopiu.net\/wordpress\/wp-content\/uploads\/2020\/11\/126259117_375294943581181_2602976265426636304_n.jpg'><img loading=\"lazy\" decoding=\"async\" width=\"150\" height=\"150\" src=\"https:\/\/www.radiopiu.net\/wordpress\/wp-content\/uploads\/2020\/11\/126259117_375294943581181_2602976265426636304_n-150x150.jpg\" class=\"attachment-thumbnail size-thumbnail\" alt=\"\" \/><\/a>\n\t\t\t\t<\/dt><\/dl><dl class='gallery-item'>\n\t\t\t\t<dt class='gallery-icon landscape'>\n\t\t\t\t\t<a class=\"rollover rollover-zoom dt-pswp-item\" title=\"126126051_213915853433897_6848614809766944874_n\" data-dt-img-description=\"\" data-large_image_width=\"2048\" data-large_image_height=\"1531\"href='https:\/\/www.radiopiu.net\/wordpress\/wp-content\/uploads\/2020\/11\/126126051_213915853433897_6848614809766944874_n.jpg'><img loading=\"lazy\" decoding=\"async\" width=\"150\" height=\"150\" src=\"https:\/\/www.radiopiu.net\/wordpress\/wp-content\/uploads\/2020\/11\/126126051_213915853433897_6848614809766944874_n-150x150.jpg\" class=\"attachment-thumbnail size-thumbnail\" alt=\"\" \/><\/a>\n\t\t\t\t<\/dt><\/dl><dl class='gallery-item'>\n\t\t\t\t<dt class='gallery-icon landscape'>\n\t\t\t\t\t<a class=\"rollover rollover-zoom dt-pswp-item\" title=\"126401888_208628000618770_8689585086877317205_n\" data-dt-img-description=\"\" data-large_image_width=\"2048\" data-large_image_height=\"1658\"href='https:\/\/www.radiopiu.net\/wordpress\/wp-content\/uploads\/2020\/11\/126401888_208628000618770_8689585086877317205_n.jpg'><img loading=\"lazy\" decoding=\"async\" width=\"150\" height=\"150\" src=\"https:\/\/www.radiopiu.net\/wordpress\/wp-content\/uploads\/2020\/11\/126401888_208628000618770_8689585086877317205_n-150x150.jpg\" class=\"attachment-thumbnail size-thumbnail\" alt=\"\" \/><\/a>\n\t\t\t\t<\/dt><\/dl><br style=\"clear: both\" \/>\n\t\t\t<\/div>\n\n<p>NELLE FOTO: la copertina del libro \u201cCadore \u201897\u201d curato da monsignor Giorgio Lise; il vescovo Ducoli accoglie il Santo Padre in Val Visdende; assistito dal segretario don Giorgio, il presule rivolge il saluto di benvenuto a Giovanni Paolo II; il saluto del Pontefice alle migliaia di fedeli accorsi in Val Visdende; gioia ed entusiasmo della gente; altro scorcio del \u201cTempio di Dio, Inno al Creatore\u201d; i sindaci dei comuni colpiti dal Vajont rendono omaggio al Papa; la visita al cimitero di Fortogna dove riposano le vittime della catastrofe del 9 ottobre 1963; l\u2019abbraccio alla folla di Lorenzago; Wojtyla verso Passo Mauria e in sosta di ristoro in baita; sulle crode della terra bellunese; nel capannone per il pranzo con i forestali; anche i giovanissimi festeggiano il Papa; tra i boschi del verde Comelico; incontro con funzionari ed impiegati dei Servizi forestali regionali del Veneto.<\/p>\n<p>&nbsp;<\/p>\n<p>&nbsp;<\/p>\n<p>&nbsp;<\/p>\n<hr \/>\n<p><a href=\"https:\/\/www.radiopiu.net\/wordpress\/dt_gallery\/voltago-campioni-dellagordino-nella-16-comuni\/appuntamenti-4\/\" rel=\"attachment wp-att-61958\">\u00a0<\/a><\/p>\n<p><a href=\"https:\/\/www.radiopiu.net\/wordpress\/dt_gallery\/voltago-campioni-dellagordino-nella-16-comuni\/appuntamenti-4\/\" rel=\"attachment wp-att-61958\"><img loading=\"lazy\" decoding=\"async\" class=\"alignnone wp-image-61958 size-full\" src=\"https:\/\/www.radiopiu.net\/wordpress\/wp-content\/uploads\/2018\/09\/appuntamenti.jpeg\" alt=\"\" width=\"800\" height=\"100\" srcset=\"https:\/\/www.radiopiu.net\/wordpress\/wp-content\/uploads\/2018\/09\/appuntamenti.jpeg 800w, https:\/\/www.radiopiu.net\/wordpress\/wp-content\/uploads\/2018\/09\/appuntamenti-300x38.jpeg 300w, https:\/\/www.radiopiu.net\/wordpress\/wp-content\/uploads\/2018\/09\/appuntamenti-768x96.jpeg 768w\" sizes=\"auto, (max-width: 800px) 100vw, 800px\" \/><\/a><\/p>\n<p>&nbsp;<\/p>\n<p>&nbsp;<\/p>\n<blockquote>\n<h3><a href=\"https:\/\/www.radiopiu.net\/wordpress\/giornale-radiopiu-20-novembre-2020-direttore-mirko-mezzacasa\/img-20201118-wa0053\/\" rel=\"attachment wp-att-173777\"><img loading=\"lazy\" decoding=\"async\" class=\" wp-image-173777 alignleft\" src=\"https:\/\/www.radiopiu.net\/wordpress\/wp-content\/uploads\/2020\/11\/IMG-20201118-WA0053-300x251.jpg\" alt=\"\" width=\"131\" height=\"110\" srcset=\"https:\/\/www.radiopiu.net\/wordpress\/wp-content\/uploads\/2020\/11\/IMG-20201118-WA0053-300x251.jpg 300w, https:\/\/www.radiopiu.net\/wordpress\/wp-content\/uploads\/2020\/11\/IMG-20201118-WA0053-1024x858.jpg 1024w, https:\/\/www.radiopiu.net\/wordpress\/wp-content\/uploads\/2020\/11\/IMG-20201118-WA0053-768x644.jpg 768w, https:\/\/www.radiopiu.net\/wordpress\/wp-content\/uploads\/2020\/11\/IMG-20201118-WA0053-1536x1288.jpg 1536w, https:\/\/www.radiopiu.net\/wordpress\/wp-content\/uploads\/2020\/11\/IMG-20201118-WA0053.jpg 1880w\" sizes=\"auto, (max-width: 131px) 100vw, 131px\" \/><\/a>STOP RICOMINCIO DA ME<\/h3>\n<\/blockquote>\n<p><strong>ALPAGO\u00a0<\/strong> Mercoledi alle 20.30 in diretta dalla pagina facebook del Comune di Alpago in occasione della giornata mondiale contro la violenza sulle donne interverranno: Paola Pierobon pittrice e scrittrice di donne, autrice dell&#8217;icona simbolo della serata; Grazia Costa insegnate e attrice di poesie con racconti ed immagini. Moderatrice Laura Funes consigliere comunale alla cultura. In questa occasione i Municipi di Farra, Pieve e Puos saranno illuminati di rosso.<\/p>\n<p>&nbsp;<\/p>\n<p>&nbsp;<\/p>\n<p>&nbsp;<\/p>\n<hr \/>\n<p>&nbsp;<\/p>\n<blockquote>\n<h3>SPETTACOLI DI MISTERO ON LINE<\/h3>\n<\/blockquote>\n<p><strong>SOSPIROLO<\/strong>\u00a0 La Pro Loco \u201cMonti del Sole\u201d si sposta online per &#8220;Veneto, spettacoli di Mistero&#8221; proponendo due appuntamenti culturali. Il primo\u00a0 \u201cAspettando le Premiazioni del Concorso letterario Sospirolo tra leggende e misteri\u201d si terr\u00e0 domani alle 20,45 in streaming e aperto a tutti. Vi sar\u00e0 un excursus sui temi delle prime dieci edizioni del fortunato premio\u00a0 con lettura musicata di alcuni racconti finalisti delle scorse edizioni, sinora mai letti, a cura di Cristina Gianni e Davide De Bona. Alba Barattin si soffermer\u00e0 sui temi proposti agli amanti delle belle storie Si terr\u00e0 su Gotomeeting al link https:\/\/global.gotomeeting.com\/join\/386738405. Sabato 28 novembre grande attesa per il docufilm \u201cAcqua Viva. La forza del Mis, l&#8217;ingegno degli uomini\u201d alle 20.45 in streaming. Un film documentario, patrocinato dal Comune di Sospirolo, con la direzione artistica di Lorenzo Cassol, dedicato agli artigiani e alle imprese sorte sulle rive del torrente Mis e dei suoi affluenti per sfruttare la forza motrice delle sue acque; si pu\u00f2 prenotare con mail a proloco@sospirolo.net, 320 334 2082. Il link sar\u00e0 a breve disponibile su www.sospirolo.net. Evento in presenza\u00a0 \u201cLeggende a pranzo\u201d\u00a0 sabato 28 novembre alle 12.30 al Ristorante Bacchetti di Piz Camolino su prenotazione allo 0437 89159.<\/p>\n<p>&nbsp;<\/p>\n<p>&nbsp;<\/p>\n<p>&nbsp;<\/p>\n<div class=\"im_message_wrap clearfix\">\n<div class=\"im_content_message_wrap im_message_out\">\n<h2><span style=\"color: #ff0000;\">IERI ALLA RADIO\u00a0 IN VIVO VERSO 2020-21<\/span><\/h2>\n<p><strong>LA SESTA STAGIONE,\u00a0 DA UN&#8217;IDEA DI BRUNELLA MORO:\u00a0 In vivo verso ha l\u2019onore di presentare Federico Bez,Resy Bindella, Lu Paer ,Maria Villani e la voce dolce di Loredana Borghetto.<\/strong><\/p>\n<p><strong><span style=\"color: #0000ff;\">IN ONDA DAL LUNEDI AL VENERDI ALLE 7.10, 10.10, 18.50\u00a0<\/span><\/strong><\/p>\n<blockquote class=\"wp-embedded-content\" data-secret=\"X3AbViiPiE\"><p><a href=\"https:\/\/www.radiopiu.net\/wordpress\/ti-sento-di-maria-villani\/\">TI SENTO di MARIA VILLANI<\/a><\/p><\/blockquote>\n<p><iframe loading=\"lazy\" class=\"wp-embedded-content\" sandbox=\"allow-scripts\" security=\"restricted\" style=\"position: absolute; clip: rect(1px, 1px, 1px, 1px);\" title=\"&#8220;TI SENTO di MARIA VILLANI&#8221; &#8212; Radio Pi\u00f9\" src=\"https:\/\/www.radiopiu.net\/wordpress\/ti-sento-di-maria-villani\/embed\/#?secret=X3AbViiPiE\" data-secret=\"X3AbViiPiE\" width=\"600\" height=\"338\" frameborder=\"0\" marginwidth=\"0\" marginheight=\"0\" scrolling=\"no\"><\/iframe><\/p>\n<\/div>\n<\/div>\n<p><strong><span style=\"font-family: Verdana, sans-serif;\"><span style=\"font-size: medium;\">LA RACCOLTA COMPLETA, TUTTE LE COLLEZIONI<\/span><\/span><\/strong><\/p>\n<blockquote><p>&nbsp;<\/p><\/blockquote>\n<blockquote class=\"wp-embedded-content\" data-secret=\"0TUzEspg0R\"><p><a href=\"https:\/\/www.radiopiu.net\/wordpress\/in-vivo-verso\/\">In Vivo Verso<\/a><\/p><\/blockquote>\n<p><iframe loading=\"lazy\" class=\"wp-embedded-content\" sandbox=\"allow-scripts\" security=\"restricted\" style=\"position: absolute; clip: rect(1px, 1px, 1px, 1px);\" title=\"&#8220;In Vivo Verso&#8221; &#8212; Radio Pi\u00f9\" src=\"https:\/\/www.radiopiu.net\/wordpress\/in-vivo-verso\/embed\/#?secret=0TUzEspg0R\" data-secret=\"0TUzEspg0R\" width=\"600\" height=\"338\" frameborder=\"0\" marginwidth=\"0\" marginheight=\"0\" scrolling=\"no\"><\/iframe><\/p>\n<hr \/>\n<p>&nbsp;<\/p>\n<h2>007 IN CONDOTTA CON LA PROF. MARIA ROSA SALMAZO IL LUNEDI ALLE 10,30 E ALLE 19.00 LA DOMENICA ALLE 8 DEL MATTINO. NONA STAGIONE<\/h2>\n<h2>LA RACCOLTA COMPLETA<\/h2>\n<blockquote class=\"wp-embedded-content\" data-secret=\"LoGVzDHRRG\"><p><a href=\"https:\/\/www.radiopiu.net\/wordpress\/007incondotta-9\/\">007 in condotta<\/a><\/p><\/blockquote>\n<p><iframe loading=\"lazy\" class=\"wp-embedded-content\" sandbox=\"allow-scripts\" security=\"restricted\" style=\"position: absolute; clip: rect(1px, 1px, 1px, 1px);\" title=\"&#8220;007 in condotta&#8221; &#8212; Radio Pi\u00f9\" src=\"https:\/\/www.radiopiu.net\/wordpress\/007incondotta-9\/embed\/#?secret=LoGVzDHRRG\" data-secret=\"LoGVzDHRRG\" width=\"600\" height=\"338\" frameborder=\"0\" marginwidth=\"0\" marginheight=\"0\" scrolling=\"no\"><\/iframe><\/p>\n<p>&nbsp;<\/p>\n<hr \/>\n<p>&nbsp;<\/p>\n<blockquote>\n<h2>SALUTE E SOCIETA&#8217; IL LUNEDI ALLE 13.10 E ALLE 20.10, LA DOMENICA ALLE 10.30 A CURA DEL DOTTOR MARCO CARACCIOLO. QUINTA STAGIONE<\/h2>\n<\/blockquote>\n<h3>LA RACCOLTA COMPLETA<\/h3>\n<blockquote class=\"wp-embedded-content\" data-secret=\"h6Yq6jke9W\"><p><a href=\"https:\/\/www.radiopiu.net\/wordpress\/saluteesocieta\/\">Salute e Societ\u00e0<\/a><\/p><\/blockquote>\n<p><iframe loading=\"lazy\" class=\"wp-embedded-content\" sandbox=\"allow-scripts\" security=\"restricted\" style=\"position: absolute; clip: rect(1px, 1px, 1px, 1px);\" title=\"&#8220;Salute e Societ\u00e0&#8221; &#8212; Radio Pi\u00f9\" src=\"https:\/\/www.radiopiu.net\/wordpress\/saluteesocieta\/embed\/#?secret=h6Yq6jke9W\" data-secret=\"h6Yq6jke9W\" width=\"600\" height=\"338\" frameborder=\"0\" marginwidth=\"0\" marginheight=\"0\" scrolling=\"no\"><\/iframe><\/p>\n<hr \/>\n<blockquote>\n<h2><\/h2>\n<h2>FANTASTICHE DOLOMITI, NUOVA STAGIONE. APPUNTAMENTO QUINDICINALE IL GIOVEDI ALLE 10.30 E 1900<\/h2>\n<\/blockquote>\n<h1>LA RACCOLTA COMPLETA<\/h1>\n<blockquote class=\"wp-embedded-content\" data-secret=\"KAx6RnBcrU\"><p><a href=\"https:\/\/www.radiopiu.net\/wordpress\/fantastiche-dolomiti-la-presentazione-con-claudio-canova\/\">FANTASTICHE DOLOMITI: IL QUINDICINALE APPUNTAMENTO ALLA RADIO<\/a><\/p><\/blockquote>\n<p><iframe loading=\"lazy\" class=\"wp-embedded-content\" sandbox=\"allow-scripts\" security=\"restricted\" style=\"position: absolute; clip: rect(1px, 1px, 1px, 1px);\" title=\"&#8220;FANTASTICHE DOLOMITI: IL QUINDICINALE APPUNTAMENTO ALLA RADIO&#8221; &#8212; Radio Pi\u00f9\" src=\"https:\/\/www.radiopiu.net\/wordpress\/fantastiche-dolomiti-la-presentazione-con-claudio-canova\/embed\/#?secret=KAx6RnBcrU\" data-secret=\"KAx6RnBcrU\" width=\"600\" height=\"338\" frameborder=\"0\" marginwidth=\"0\" marginheight=\"0\" scrolling=\"no\"><\/iframe><\/p>\n<div class=\"mw-parser-output\">\n<p>&nbsp;<\/p>\n<\/div>\n<p>&nbsp;<\/p>\n<hr \/>\n<p>&nbsp;<\/p>\n<p>&nbsp;<\/p>\n<h2><span style=\"color: #808000;\">DUE MINUTI UN LIBRO\u00a0 TUTTI I GIORNI ALLA RADIO ALLE 9.30 E ALLE 18. QUINTA STAGIONE\u00a0<\/span><\/h2>\n<blockquote class=\"wp-embedded-content\" data-secret=\"qSSJn8YNEN\"><p><a href=\"https:\/\/www.radiopiu.net\/wordpress\/clean-tabula-rasa\/\">CLEAN. TABULA RASA<\/a><\/p><\/blockquote>\n<p><iframe loading=\"lazy\" class=\"wp-embedded-content\" sandbox=\"allow-scripts\" security=\"restricted\" style=\"position: absolute; clip: rect(1px, 1px, 1px, 1px);\" title=\"&#8220;CLEAN. TABULA RASA&#8221; &#8212; Radio Pi\u00f9\" src=\"https:\/\/www.radiopiu.net\/wordpress\/clean-tabula-rasa\/embed\/#?secret=qSSJn8YNEN\" data-secret=\"qSSJn8YNEN\" width=\"600\" height=\"338\" frameborder=\"0\" marginwidth=\"0\" marginheight=\"0\" scrolling=\"no\"><\/iframe><\/p>\n<h2>LA RACCOLTA COMPLETA<\/h2>\n<blockquote class=\"wp-embedded-content\" data-secret=\"hNgc9P6iJr\"><p><a href=\"https:\/\/www.radiopiu.net\/wordpress\/due-minuti-un-libro\/\">Due minuti un libro<\/a><\/p><\/blockquote>\n<p><iframe loading=\"lazy\" class=\"wp-embedded-content\" sandbox=\"allow-scripts\" security=\"restricted\" style=\"position: absolute; clip: rect(1px, 1px, 1px, 1px);\" title=\"&#8220;Due minuti un libro&#8221; &#8212; Radio Pi\u00f9\" src=\"https:\/\/www.radiopiu.net\/wordpress\/due-minuti-un-libro\/embed\/#?secret=hNgc9P6iJr\" data-secret=\"hNgc9P6iJr\" width=\"600\" height=\"338\" frameborder=\"0\" marginwidth=\"0\" marginheight=\"0\" scrolling=\"no\"><\/iframe><\/p>\n<p>&nbsp;<\/p>\n<hr \/>\n<p>&nbsp;<\/p>\n<p>&nbsp;<\/p>\n<blockquote>\n<h2><a href=\"https:\/\/www.radiopiu.net\/wordpress\/speciale-solidarieta-veneto\/solidarieta-veneto-3\/\" rel=\"attachment wp-att-134366\"><img loading=\"lazy\" decoding=\"async\" class=\"wp-image-134366 alignleft\" src=\"https:\/\/www.radiopiu.net\/wordpress\/wp-content\/uploads\/2020\/05\/solidariet\u00e0-veneto-300x210.jpg\" alt=\"\" width=\"179\" height=\"125\" srcset=\"https:\/\/www.radiopiu.net\/wordpress\/wp-content\/uploads\/2020\/05\/solidariet\u00e0-veneto-300x210.jpg 300w, https:\/\/www.radiopiu.net\/wordpress\/wp-content\/uploads\/2020\/05\/solidariet\u00e0-veneto-1024x717.jpg 1024w, https:\/\/www.radiopiu.net\/wordpress\/wp-content\/uploads\/2020\/05\/solidariet\u00e0-veneto-768x538.jpg 768w, https:\/\/www.radiopiu.net\/wordpress\/wp-content\/uploads\/2020\/05\/solidariet\u00e0-veneto.jpg 1373w\" sizes=\"auto, (max-width: 179px) 100vw, 179px\" \/><\/a>SOLIDARIETA&#8217; VENETO FONDO PENSIONE, IN ONDA IL PRIMO VENERDI DEL MESE ALLE 10.30 E ALLE 19.00 QUINTA STAGIONE<\/h2>\n<h2>LA RACCOLTA COMPLETA<\/h2>\n<\/blockquote>\n<blockquote class=\"wp-embedded-content\" data-secret=\"6oKPpcfQcR\"><p><a href=\"https:\/\/www.radiopiu.net\/wordpress\/solidarieta-veneto\/\">Solidariet\u00e0 Veneto<\/a><\/p><\/blockquote>\n<p><iframe loading=\"lazy\" class=\"wp-embedded-content\" sandbox=\"allow-scripts\" security=\"restricted\" style=\"position: absolute; clip: rect(1px, 1px, 1px, 1px);\" title=\"&#8220;Solidariet\u00e0 Veneto&#8221; &#8212; Radio Pi\u00f9\" src=\"https:\/\/www.radiopiu.net\/wordpress\/solidarieta-veneto\/embed\/#?secret=6oKPpcfQcR\" data-secret=\"6oKPpcfQcR\" width=\"600\" height=\"338\" frameborder=\"0\" marginwidth=\"0\" marginheight=\"0\" scrolling=\"no\"><\/iframe><\/p>\n<p>&nbsp;<\/p>\n<p>&nbsp;<\/p>\n<div>\n<p>&nbsp;<\/p>\n<hr \/>\n<p>&nbsp;<\/p>\n<div>\n<h2><span style=\"color: #33cccc;\">I RACCONTI DI PAOLO SOPPELSA il lunedi alle 9.30 e 18.30<\/span><\/h2>\n<h2><span style=\"color: #33cccc;\"><strong>LA RACCOLTA COMPLETA<\/strong><\/span><\/h2>\n<blockquote class=\"wp-embedded-content\" data-secret=\"mQWQcKtJZE\"><p><a href=\"https:\/\/www.radiopiu.net\/wordpress\/i-racconti-di-paolo-soppelsa\/\">I racconti di Paolo Soppelsa<\/a><\/p><\/blockquote>\n<p><iframe loading=\"lazy\" class=\"wp-embedded-content\" sandbox=\"allow-scripts\" security=\"restricted\" style=\"position: absolute; clip: rect(1px, 1px, 1px, 1px);\" title=\"&#8220;I racconti di Paolo Soppelsa&#8221; &#8212; Radio Pi\u00f9\" src=\"https:\/\/www.radiopiu.net\/wordpress\/i-racconti-di-paolo-soppelsa\/embed\/#?secret=mQWQcKtJZE\" data-secret=\"mQWQcKtJZE\" width=\"600\" height=\"338\" frameborder=\"0\" marginwidth=\"0\" marginheight=\"0\" scrolling=\"no\"><\/iframe><\/p>\n<\/div>\n<p>&nbsp;<\/p>\n<hr \/>\n<p>&nbsp;<\/p>\n<h2><strong>LE\u00a0 PUNTATE di Luisa Alchini di Leggermente Bellunesi, la domenica alle 11, il martedi alle 10.30 e alle 19.00\u00a0<\/strong><\/h2>\n<h1><span style=\"color: #000000;\">LA RACCOLTA COMPLETA<\/span><\/h1>\n<blockquote class=\"wp-embedded-content\" data-secret=\"5kkuhMh9T0\"><p><a href=\"https:\/\/www.radiopiu.net\/wordpress\/leggermente-20\/\">LEGGERmente&#8230;Bellunesi<\/a><\/p><\/blockquote>\n<p><iframe loading=\"lazy\" class=\"wp-embedded-content\" sandbox=\"allow-scripts\" security=\"restricted\" style=\"position: absolute; clip: rect(1px, 1px, 1px, 1px);\" title=\"&#8220;LEGGERmente&#8230;Bellunesi&#8221; &#8212; Radio Pi\u00f9\" src=\"https:\/\/www.radiopiu.net\/wordpress\/leggermente-20\/embed\/#?secret=5kkuhMh9T0\" data-secret=\"5kkuhMh9T0\" width=\"600\" height=\"338\" frameborder=\"0\" marginwidth=\"0\" marginheight=\"0\" scrolling=\"no\"><\/iframe><\/p>\n<hr \/>\n<p>&nbsp;<\/p>\n<blockquote>\n<h3>L&#8217;ALMANACCO LADINO CON L&#8217;ISTITUT CESA DE JAN QUINDICINALE APPUNTAMENTO. LA DOMENICA ALLE 9 IL LUNEDI ALE 8.35 IL MARTEDI ALLE 12.35 IL MERCOLEDI ALLE 18.35. SECONDA STAGIONE.<\/h3>\n<\/blockquote>\n<p><strong>LA RACCOLTA COMPLETA\u00a0<\/strong><\/p>\n<blockquote class=\"wp-embedded-content\" data-secret=\"SNsugENKQQ\"><p><a href=\"https:\/\/www.radiopiu.net\/wordpress\/almanacco-ladino\/\">Almanacco Ladino<\/a><\/p><\/blockquote>\n<p><iframe loading=\"lazy\" class=\"wp-embedded-content\" sandbox=\"allow-scripts\" security=\"restricted\" style=\"position: absolute; clip: rect(1px, 1px, 1px, 1px);\" title=\"&#8220;Almanacco Ladino&#8221; &#8212; Radio Pi\u00f9\" src=\"https:\/\/www.radiopiu.net\/wordpress\/almanacco-ladino\/embed\/#?secret=SNsugENKQQ\" data-secret=\"SNsugENKQQ\" width=\"600\" height=\"338\" frameborder=\"0\" marginwidth=\"0\" marginheight=\"0\" scrolling=\"no\"><\/iframe><\/p>\n<p>&nbsp;<\/p>\n<\/div>\n<hr \/>\n<div>\n<h2><span style=\"color: #000080;\"><a class=\"dt-pswp-item\" href=\"https:\/\/www.radiopiu.net\/wordpress\/wp-content\/uploads\/2020\/10\/pp.jpg\" data-dt-img-description=\"\" data-large_image_width=\"640\" data-large_image_height=\"640\"><img loading=\"lazy\" decoding=\"async\" class=\"wp-image-163678 alignleft\" src=\"https:\/\/www.radiopiu.net\/wordpress\/wp-content\/uploads\/2020\/10\/pp-300x300.jpg\" alt=\"\" width=\"106\" height=\"106\" srcset=\"https:\/\/www.radiopiu.net\/wordpress\/wp-content\/uploads\/2020\/10\/pp-300x300.jpg 300w, https:\/\/www.radiopiu.net\/wordpress\/wp-content\/uploads\/2020\/10\/pp-150x150.jpg 150w, https:\/\/www.radiopiu.net\/wordpress\/wp-content\/uploads\/2020\/10\/pp-125x125.jpg 125w, https:\/\/www.radiopiu.net\/wordpress\/wp-content\/uploads\/2020\/10\/pp-200x200.jpg 200w, https:\/\/www.radiopiu.net\/wordpress\/wp-content\/uploads\/2020\/10\/pp-80x80.jpg 80w, https:\/\/www.radiopiu.net\/wordpress\/wp-content\/uploads\/2020\/10\/pp-480x480.jpg 480w, https:\/\/www.radiopiu.net\/wordpress\/wp-content\/uploads\/2020\/10\/pp.jpg 640w\" sizes=\"auto, (max-width: 106px) 100vw, 106px\" \/><\/a> <\/span><\/h2>\n<h2><span style=\"color: #000080;\">DON CESARE, IL PENSIERO DEL GIORNO. ALLA RADIO ALLE 7 DEL MATTINO E ALLE 19.30 DELLA SERA.\u00a0\u00a0<\/span><\/h2>\n<\/div>\n<p>&nbsp;<\/p>\n<p>&nbsp;<\/p>\n<audio class=\"wp-audio-shortcode\" id=\"audio-173660-16\" preload=\"none\" style=\"width: 100%;\" controls=\"controls\"><source type=\"audio\/mpeg\" src=\"https:\/\/www.radiopiu.net\/wordpress\/wp-content\/uploads\/2020\/11\/CESARE-15.mp3?_=16\" \/><a href=\"https:\/\/www.radiopiu.net\/wordpress\/wp-content\/uploads\/2020\/11\/CESARE-15.mp3\">https:\/\/www.radiopiu.net\/wordpress\/wp-content\/uploads\/2020\/11\/CESARE-15.mp3<\/a><\/audio>\n<p>\u200b<\/p>\n<p>&nbsp;<\/p>\n<p>&nbsp;<\/p>\n<hr \/>\n<p>&nbsp;<\/p>\n<div>\n<p class=\"photoswipe-wrapper\"><a class=\"dt-pswp-item pspw-wrap-ready\" href=\"https:\/\/i0.wp.com\/www.radiopiu.net\/wordpress\/wp-content\/uploads\/2018\/09\/viabilita.jpeg?ssl=1\" data-dt-img-description=\"\" data-large_image_width=\"800\" data-large_image_height=\"100\"><img loading=\"lazy\" decoding=\"async\" class=\"aligncenter wp-image-61954 size-full\" src=\"https:\/\/i0.wp.com\/www.radiopiu.net\/wordpress\/wp-content\/uploads\/2018\/09\/viabilita.jpeg?resize=800%2C100&amp;ssl=1\" sizes=\"auto, (max-width: 800px) 100vw, 800px\" srcset=\"https:\/\/i0.wp.com\/www.radiopiu.net\/wordpress\/wp-content\/uploads\/2018\/09\/viabilita.jpeg?w=800&amp;ssl=1 800w, https:\/\/i0.wp.com\/www.radiopiu.net\/wordpress\/wp-content\/uploads\/2018\/09\/viabilita.jpeg?resize=300%2C38&amp;ssl=1 300w, https:\/\/i0.wp.com\/www.radiopiu.net\/wordpress\/wp-content\/uploads\/2018\/09\/viabilita.jpeg?resize=768%2C96&amp;ssl=1 768w\" alt=\"\" width=\"800\" height=\"100\" \/><\/a><\/p>\n<\/div>\n<p>&nbsp;<\/p>\n<p><strong>FELTRE PROVINCIALE 347 VILLAPAIERA:<\/strong> revoca ordinanza e ripristino viabilit\u00e0.<\/p>\n<p><strong>PRIMOLANO PROVINCIALE 50BIS:<\/strong> interdizione totale alla transitabilit\u00e0 a Primolano dalle 8 alle 12 e dalle 13 alle 17 nei giorni 23 e 24 novembre.<\/p>\n<p><strong>PONTESEI PROVINCIALE 251<\/strong>: oggi senso unico alternato dalle 8 alle 17.<\/p>\n<p><strong>PROVINCIALE 49 MISURINA CONFINE PROVINCIA DI BOLZANO<\/strong>: dal 20 novembre al 22 dicembre (festivi e prefestivi compresi) senso unico alternato con movieri o semafori<\/p>\n<p><strong>STRADA PROVINCIALE 347 DEL PASSO CEREDA E DURAN<\/strong>\u00a0tra Cibiana e Vanas, dal 18 al 24 novembre, compresi sabati e domeniche, possibili brevi interruzioni della durata massima di 15 minuti dalle 8 alle 17, negli altri orari senso unico alternato regolato da semaforo per messa in sicurezza versante a monte della strada<\/p>\n<p><strong>STRADA REGIONALE 48 DELLE DOLOMITI<\/strong> fino al 01 dicembre, dalle 8 alle 18, senso unico alternato regolato da impianto semaforico in localit\u00e0 Salesei di Sopra in comune di Livinallongo per esecuzione tombinatura<\/p>\n<p><strong>PROVINCIALE 35 DI LASTE<\/strong> fino al 20 novembre in localit\u00e0 Digonera di Rocca Pietore senso unico alternato regolato a vista per esecuzione indagini geognostiche<\/p>\n<p><strong>PROVINCIALE 3 VALLE IMPERINA<\/strong>:\u00a0 fino al 12 dicembre senso unico alternato (tutti i giorni nessuno escluso) in locailt\u00e0 Gona per messa in sicurezza della strada.<\/p>\n<p><strong>PROVINCIALE 48 DELLE DOLOMITI<\/strong> fino al 30 novembre (tutti i giorni nessuno escluso) senso unico alternato in localit\u00e0 Livin\u00e8 a Livinallongo del Col di Lana<\/p>\n<p><strong>PROVINCIALE 28 DELLE COSTE D\u2019ALPAGO<\/strong> chiusura totale al transito dalle 8 alle 17 fino al 21 novembre in localit\u00e0 Roncazza di Tambre per taglio ed esbosco piante<\/p>\n<p><strong>PROVINCIALE 25 PASSO VALLES_CAVERSON<\/strong>\u00a0 INTERRUZIONI fino a 15 minuti dalle 7.30 alle 12 e dalle 13 alle 17 fino\u00a0 al 20 novembre. Inoltre senso unico alternato regolato da movieri o semaforo per manutenzione sovrapasso pista da sci<\/p>\n<p><strong>REGIONALE 203 AGORDINA COLLAZ-LIVINALLONGO<\/strong>\u00a0 fino al 4 dicembre (sabato e festivi esclusi) senso unico alternato per singoli tratti di 150 metri<\/p>\n<p><strong>SR 203 AGORDINA<\/strong> fino al 20 novembre, brevi interruzioni al traffico di massimo 15 minuti in localit\u00e0 Collaz di Livinallongo dalle 7:30 alle 17:30 per taglio ed esbosco alberi a monte della strada<\/p>\n<p><strong>SR 203 AGORDINA<\/strong>\u00a0fino al 30 novembre, compresi sabato e domenica, \u00a0senso unico alternato regolato da semaforo in localit\u00e0 Sopra Sac di Alleghe per allestimento opere di difesa valanghiva<\/p>\n<p><strong>SP\u00a0423 LAGO DI SANTA CROCE_POIATTE_ALPAGO <\/strong>Fino al 12 dicembre (esclusi festivi e prefestivi) senso unico alternato con movieri o semaforo per esecuzione paramassi a monte della strada<\/p>\n<p><strong>SR 473 DI CROCE D\u2019AUNE\u00a0 <\/strong>fino \u00a0al 20 novembre, dalle 7:30 alle 17 esclusi sabati e domeniche, senso unico alternato regolato da semaforo in localit\u00e0 Croce D\u2019Aune di Pedavena per ripristino impianto di illuminazione pubblica<\/p>\n<p><strong>SP 422 DELL\u2019ALPAGO E DEL CANSIGLIO\u00a0<\/strong>fino al 30 novembre, esclusi sabato e domenica, senso unico alternato regolato da movieri tra Puos e Cornei per posa fibre ottiche<\/p>\n<p><strong>SR 48 DELLE DOLOMITI<\/strong>\u00a0fino al 30 novembre senso unico alternato regolato da impianto semaforico tra Arabba e Cernadoi per consolidamento ciglio stradale e sostituzione barriere di sicurezza<\/p>\n<p><strong>SR 48 DELLE DOLOMITI\u00a0<\/strong>tra i comuni di Livinallongo Del Col Di Lana e Cortina, senso unico alternato regolato da movieri fino\u00a0 al 20 novembre, sabato e domenica compresi, \u00a0per collegamento elettrodotto interrato e-distribuzione<\/p>\n<p><strong>PROVINCIALE 251\u00a0<\/strong> COLLE SANTA LUCIA Fino al 28 novembre senso unico (per asfaltature) compresi sabato e domenica (stessa situazione lungo la 203 agordina in localit\u00e0 Rucav\u00e0)<\/p>\n<p><strong>SP 3 DELLA VAL IMPERINA<\/strong> fino a revoca, senso unico alternato regolato a vista in localit\u00e0 Gona di Conedera di Rivamonte per cedimento della carreggiata stradale<\/p>\n<p><strong>SP 49 DI MISURINA <\/strong>fino al\u00a020 novembre, senso unico alternato regolato da impianto semaforico tra Misurina e il confine con la provincia di Bolzano per posa elettrodotto interrato<\/p>\n<p><strong>REGIONALE 203 AGORDINA<\/strong>\u00a0 Fino\u00a0 al 18 dicembre (esclusi festivi e prefestivi) senso unico alternato tra Peron e Candaten con movieri dalle 7.30 alle 9 e dalle 16.30 alle 18. Con semaforo negli altri orari<\/p>\n<p><strong>REGIONALE 203 AGORDINA<\/strong> Fino al 30 novembre (sabato e domenica esclusi) tra Candaten e La Stanga dalle 7.30 alle 9 e dalle 16.30 alle 18 con movieri e negli altri orari con semaforo, senso unico alternato.<\/p>\n<div>\n<p>&nbsp;<\/p>\n<hr \/>\n<p>&nbsp;<\/p>\n<p class=\"photoswipe-wrapper\"><a class=\"dt-pswp-item pspw-wrap-ready\" href=\"https:\/\/i0.wp.com\/www.radiopiu.net\/wordpress\/wp-content\/uploads\/2018\/09\/WhatsApp-Image-2018-09-20-at-16.04.06.jpeg?ssl=1\" data-dt-img-description=\"\" data-large_image_width=\"800\" data-large_image_height=\"100\"><img loading=\"lazy\" decoding=\"async\" class=\"aligncenter wp-image-61378 size-full jetpack-lazy-image jetpack-lazy-image--handled\" src=\"https:\/\/i0.wp.com\/www.radiopiu.net\/wordpress\/wp-content\/uploads\/2018\/09\/WhatsApp-Image-2018-09-20-at-16.04.06.jpeg?resize=800%2C100&amp;ssl=1\" sizes=\"auto, (max-width: 800px) 100vw, 800px\" srcset=\"https:\/\/i0.wp.com\/www.radiopiu.net\/wordpress\/wp-content\/uploads\/2018\/09\/WhatsApp-Image-2018-09-20-at-16.04.06.jpeg?w=800&amp;ssl=1 800w, https:\/\/i0.wp.com\/www.radiopiu.net\/wordpress\/wp-content\/uploads\/2018\/09\/WhatsApp-Image-2018-09-20-at-16.04.06.jpeg?resize=300%2C38&amp;ssl=1 300w, https:\/\/i0.wp.com\/www.radiopiu.net\/wordpress\/wp-content\/uploads\/2018\/09\/WhatsApp-Image-2018-09-20-at-16.04.06.jpeg?resize=768%2C96&amp;ssl=1 768w\" alt=\"\" width=\"800\" height=\"100\" data-lazy-loaded=\"1\" \/><\/a><\/p>\n<\/div>\n<p>&nbsp;<\/p>\n<p>&nbsp;<\/p>\n<div><b>Venerdi 20<\/b> <b>Tempo atteso: <\/b>Nottetempo residua nuvolosit\u00e0 ed esaurimento dei fenomeni. Al mattino inizialmente coperto per nubi medio-alte stratiformi, in allontanamento verso sud entro met\u00e0 mattinata a partire dalle Dolomiti. Al pomeriggio sole con cielo sereno e aria limpida ovunque. Rispetto a gioved\u00ec atmosfera molto pi\u00f9 ventosa e fredda in quota, (calo da 2\/3\u00b0C a -10\/-11\u00b0C a 3000 m e da 7\/8\u00b0C a -4\/-5\u00b0C a 2000 m in 24\/h). Nelle valli minore differenza termica grazie agli effetti mitiganti del Foehn.<br \/>\n<b>Precipitazioni: <\/b>Residui deboli fenomeni notturni (40\/60%) con qualche fiocchio di neve sopra i 1200\/1300 m su Dolomiti e 1400\/1500 m su Prealpi. Tra gioved\u00ec sera e venerd\u00ec notte sono previsti mediamente 2-5 mm tra Prealpi e Dolomiti meridionali, 5-10 mm sulle Dolomiti settentrionali con altrettanti cm di neve ventata attorno ai 2000 m, sotto tale quota gli apporti andranno scemando per contributo pioggia fino a ridursi a tracce di neve sui 1200\/1400 sulle Dolomiti e 1400\/1600 m sulle Prealpi. In giornata precipitazioni assenti (0%).<br \/>\n<b>Temperature: <\/b>In calo, pi\u00f9 marcato in quota, con minime osservate ovunque alla sera. La diminuzione sar\u00e0 minore nelle valli, addirittura si potr\u00e0 osservare degli aumenti nei settori interessati dal Foehn. Su Prealpi a 1500 m min -3\u00b0C max 0\u00b0C, a 2000 m min -6\u00b0C max -3\u00b0C. Su Dolomiti a 2000 m min -7\u00b0C max -4\u00b0C, a 3000 m min -10\u00b0C max -9\u00b0C.<br \/>\n<b>Venti: <\/b>Nelle valli generalmente moderati con improvvisi rinforzi per forti raffiche di Foehn; in quota tesi\/forti da nord; in graduale e lenta attenuazione nel pomeriggio\/sera, a 20-45 km\/h a 2000 m e 50-70 km\/h a 3000 m.<\/div>\n<hr \/>\n<p><b>Sabato 21<\/b> <b>Tempo atteso: <\/b>Stupende condizioni meteo con tempo ben soleggiato, cielo terso, aria limpida ed ottima visibilit\u00e0 su tutta la montagna veneta. L&#8217;insidia di effimere nebbie mattutine sar\u00e0 pressoch\u00e9 assente. Livelli termici notturni bassi; in giornata allorch\u00e9 il freddo si manterr\u00e0 nelle valli con inversione termica serale, l&#8217;atmosfera torner\u00e0 a essere meno gelida in quota.<br \/>\n<b>Precipitazioni: <\/b>Assenti (0%).<br \/>\n<b>Temperature: <\/b>Minime in generale calo con diffuse gelate notturne fino nei fondovalle prealpini; massime in calo nelle valli e in contenuta ripresa in quota. Su Prealpi a 1500 m min -4\u00b0C max 0\u00b0C, a 2000 m min -7\u00b0C max -1\u00b0C. Su Dolomiti a 2000 m min -8\u00b0C max -1\u00b0C, a 3000 m min -11\u00b0C max -2\u00b0C.<br \/>\n<b>Venti: <\/b>Nelle valli deboli\/moderati a regime di brezza; in quota moderati\/tesi da nord-est tra la notte ed il mattino, in lieve attenuazione al pomeriggio a 10-20 km\/h a 2000 m e 25-40 km\/h a 3000 m.<\/p>\n<hr \/>\n<p><b>Domenica 22<\/b>Tempo ben soleggiato con cielo sereno, aria limpida ed ottima visibilit\u00e0. Eventuali sottili nubi alte alla sera. L&#8217;insidia nebbia mattutina in alcune depressioni prealpina aumenter\u00e0 leggermente, ma sar\u00e0 limitata ai settori pi\u00f9 umidi. Temperature in generale rialzo, eccetto calo delle minime nei fondovalle prealpini, dove l&#8217;inversione termica crescer\u00e0. Venti deboli da nord in quota, a regime di brezza nelle valli.<\/p>\n<hr \/>\n<p><b>Lunedi 23<\/b>Al mattino Cielo perlopi\u00f9 coperto da nubi alte e medio-alte stratiformi. Al pomeriggio il cielo torner\u00e0 a essere sereno, rasserenamenti che si estenderanno a tutta la montagna veneta entro la sera. Temperature in ulteriore aumento in quota, anche se la copertura nuvolosa iniziale potrebbe limitare il rialzo diurno, specie nelle valli. Venti moderati dai quadranti occidentali in quota, a regime di brezza nelle valli. Previsore R.L.Th.<\/p>\n<p>&nbsp;<\/p>\n<hr \/>\n<p>&nbsp;<\/p>\n<p><a href=\"https:\/\/www.radiopiu.net\/wordpress\/giornale-radiopiu-15-settembre-2018-direttore-mirko-mezzacasa\/sport-7\/\" rel=\"attachment wp-att-60761\"><img loading=\"lazy\" decoding=\"async\" class=\"aligncenter wp-image-60761 size-full\" src=\"https:\/\/www.radiopiu.net\/wordpress\/wp-content\/uploads\/2018\/09\/sport.jpg\" alt=\"\" width=\"800\" height=\"100\" srcset=\"https:\/\/www.radiopiu.net\/wordpress\/wp-content\/uploads\/2018\/09\/sport.jpg 800w, https:\/\/www.radiopiu.net\/wordpress\/wp-content\/uploads\/2018\/09\/sport-300x38.jpg 300w, https:\/\/www.radiopiu.net\/wordpress\/wp-content\/uploads\/2018\/09\/sport-768x96.jpg 768w\" sizes=\"auto, (max-width: 800px) 100vw, 800px\" \/><\/a><\/p>\n<p>&nbsp;<\/p>\n<blockquote>\n<h3>UN CALENDARIO PER GLI ATLETI DEL GS LA PIAVE 2000<\/h3>\n<\/blockquote>\n<p><strong>BELLUNO\u00a0<\/strong>Acqua, roccia e gli atleti del Gs La Piave 2000 impegnati a riprodurre i gesti pi\u00f9 tradizionali dell\u2019atletica: la corsa, i salti, i lanci. I Cadini del Brenton, una delle meraviglie del Parco Nazionale delle Dolomiti Bellunesi, hanno fatto da scenario al calendario del 2021 realizzato dal Gs La Piave 2000 con un duplice obiettivo: autofinanziare la societ\u00e0, alle prese con una gestione dell\u2019attivit\u00e0 complicata dall\u2019emergenza sanitaria, e valorizzare le bellezze del territorio. Dodici pagine, una per mese, e altrettante fotografie, realizzate da Sergio Pivetta. Il calendario del 2021 era una delle iniziative che Il Gs La Piave aveva pensato per celebrare il ventesimo anno di attivit\u00e0 della societ\u00e0. Il Covid ha complicato tutto, ma l\u2019obiettivo alla fine \u00e8 stato comunque raggiunto. Ad impreziosire ulteriormente l\u2019opera, i disegni stilizzati di Raffaello Ducceschi, ex campione azzurro della marcia. Il calendario \u00e8 prodotto graficamente da Alessia Cibien<\/p>\n\n\t\t\t<style type='text\/css'>\n\t\t\t\t#gallery-7 {\n\t\t\t\t\tmargin: auto;\n\t\t\t\t}\n\t\t\t\t#gallery-7 .gallery-item {\n\t\t\t\t\tfloat: left;\n\t\t\t\t\tmargin-top: 10px;\n\t\t\t\t\ttext-align: center;\n\t\t\t\t\twidth: 25%;\n\t\t\t\t}\n\t\t\t\t#gallery-7 img {\n\t\t\t\t\tborder: 2px solid #cfcfcf;\n\t\t\t\t}\n\t\t\t\t#gallery-7 .gallery-caption {\n\t\t\t\t\tmargin-left: 0;\n\t\t\t\t}\n\t\t\t\t\/* see gallery_shortcode() in wp-includes\/media.php *\/\n\t\t\t<\/style>\n\t\t<div id='gallery-7' class='dt-gallery-container gallery galleryid-173660 gallery-columns-4 gallery-size-thumbnail'><dl class='gallery-item'>\n\t\t\t\t<dt class='gallery-icon portrait'>\n\t\t\t\t\t<a class=\"rollover rollover-zoom dt-pswp-item\" title=\"Cal_b_Maggio\" data-dt-img-description=\"\" data-large_image_width=\"731\" data-large_image_height=\"1024\"href='https:\/\/www.radiopiu.net\/wordpress\/wp-content\/uploads\/2020\/11\/Cal_b_Maggio.jpg'><img loading=\"lazy\" decoding=\"async\" width=\"150\" height=\"150\" src=\"https:\/\/www.radiopiu.net\/wordpress\/wp-content\/uploads\/2020\/11\/Cal_b_Maggio-150x150.jpg\" class=\"attachment-thumbnail size-thumbnail\" alt=\"\" \/><\/a>\n\t\t\t\t<\/dt><\/dl><dl class='gallery-item'>\n\t\t\t\t<dt class='gallery-icon portrait'>\n\t\t\t\t\t<a class=\"rollover rollover-zoom dt-pswp-item\" title=\"Cal_b_Dicembre\" data-dt-img-description=\"\" data-large_image_width=\"731\" data-large_image_height=\"1024\"href='https:\/\/www.radiopiu.net\/wordpress\/wp-content\/uploads\/2020\/11\/Cal_b_Dicembre.jpg'><img loading=\"lazy\" decoding=\"async\" width=\"150\" height=\"150\" src=\"https:\/\/www.radiopiu.net\/wordpress\/wp-content\/uploads\/2020\/11\/Cal_b_Dicembre-150x150.jpg\" class=\"attachment-thumbnail size-thumbnail\" alt=\"\" \/><\/a>\n\t\t\t\t<\/dt><\/dl><dl class='gallery-item'>\n\t\t\t\t<dt class='gallery-icon portrait'>\n\t\t\t\t\t<a class=\"rollover rollover-zoom dt-pswp-item\" title=\"Cal_b_Gennaio\" data-dt-img-description=\"\" data-large_image_width=\"731\" data-large_image_height=\"1024\"href='https:\/\/www.radiopiu.net\/wordpress\/wp-content\/uploads\/2020\/11\/Cal_b_Gennaio.jpg'><img loading=\"lazy\" decoding=\"async\" width=\"150\" height=\"150\" src=\"https:\/\/www.radiopiu.net\/wordpress\/wp-content\/uploads\/2020\/11\/Cal_b_Gennaio-150x150.jpg\" class=\"attachment-thumbnail size-thumbnail\" alt=\"\" \/><\/a>\n\t\t\t\t<\/dt><\/dl><dl class='gallery-item'>\n\t\t\t\t<dt class='gallery-icon portrait'>\n\t\t\t\t\t<a class=\"rollover rollover-zoom dt-pswp-item\" title=\"Cal_b_Novembre\" data-dt-img-description=\"\" data-large_image_width=\"731\" data-large_image_height=\"1024\"href='https:\/\/www.radiopiu.net\/wordpress\/wp-content\/uploads\/2020\/11\/Cal_b_Novembre.jpg'><img loading=\"lazy\" decoding=\"async\" width=\"150\" height=\"150\" src=\"https:\/\/www.radiopiu.net\/wordpress\/wp-content\/uploads\/2020\/11\/Cal_b_Novembre-150x150.jpg\" class=\"attachment-thumbnail size-thumbnail\" alt=\"\" \/><\/a>\n\t\t\t\t<\/dt><\/dl><br style=\"clear: both\" \/>\n\t\t\t<\/div>\n\n","protected":false},"excerpt":{"rendered":"<p>PER RICEVERE QUESTO NOTIZIARIO DIRETTAMENTE SUL TUO CELLULARE ISCRIVITI AL CANALE TELEGRAM \u201cRADIO PIU\u00a0 INFORMAZIONE&#8221; ATTENZIONE: LA NUOVA APP PER IOS-IPHONE https:\/\/apps.apple.com\/it\/app\/radio-pi%C3%B9-emittente-agordina\/id1515939845 ATTENZIONE: LA NUOVA APP RADIO\u00a0 PER ANDROID https:\/\/play.google.com\/store\/apps\/details?id=net.radiopiu.iniko\u00a0\u00a0 &nbsp; &nbsp; L&#8217;AUTOCERTIFICAZIONE PER SCARICARE L&#8217;AUTOCERTIFICAZIONE CLICCA QUI &nbsp; DAL NOTIZIARIO DI LUNEDI LA GIUNTA COMUNALE DI AGORDO APPROVA LA PARTECIPAZIONE AL BANDO REGIONALE PER&hellip;<\/p>\n","protected":false},"author":4,"featured_media":173892,"comment_status":"closed","ping_status":"closed","sticky":false,"template":"","format":"standard","meta":{"_monsterinsights_skip_tracking":false,"_monsterinsights_sitenote_active":false,"_monsterinsights_sitenote_note":"","_monsterinsights_sitenote_category":0,"footnotes":""},"categories":[1,51,86,49],"tags":[],"class_list":["post-173660","post","type-post","status-publish","format-standard","has-post-thumbnail","hentry","category-senza-categoria","category-evidenza-top","category-gr","category-news-18","category-1","category-51","category-86","category-49","description-off"],"img_url":"https:\/\/www.radiopiu.net\/wordpress\/wp-content\/uploads\/2020\/11\/1ceface0-ecce-420f-b43a-93abc1080830.jpg","_links":{"self":[{"href":"https:\/\/www.radiopiu.net\/wordpress\/wp-json\/wp\/v2\/posts\/173660","targetHints":{"allow":["GET"]}}],"collection":[{"href":"https:\/\/www.radiopiu.net\/wordpress\/wp-json\/wp\/v2\/posts"}],"about":[{"href":"https:\/\/www.radiopiu.net\/wordpress\/wp-json\/wp\/v2\/types\/post"}],"author":[{"embeddable":true,"href":"https:\/\/www.radiopiu.net\/wordpress\/wp-json\/wp\/v2\/users\/4"}],"replies":[{"embeddable":true,"href":"https:\/\/www.radiopiu.net\/wordpress\/wp-json\/wp\/v2\/comments?post=173660"}],"version-history":[{"count":0,"href":"https:\/\/www.radiopiu.net\/wordpress\/wp-json\/wp\/v2\/posts\/173660\/revisions"}],"wp:featuredmedia":[{"embeddable":true,"href":"https:\/\/www.radiopiu.net\/wordpress\/wp-json\/wp\/v2\/media\/173892"}],"wp:attachment":[{"href":"https:\/\/www.radiopiu.net\/wordpress\/wp-json\/wp\/v2\/media?parent=173660"}],"wp:term":[{"taxonomy":"category","embeddable":true,"href":"https:\/\/www.radiopiu.net\/wordpress\/wp-json\/wp\/v2\/categories?post=173660"},{"taxonomy":"post_tag","embeddable":true,"href":"https:\/\/www.radiopiu.net\/wordpress\/wp-json\/wp\/v2\/tags?post=173660"}],"curies":[{"name":"wp","href":"https:\/\/api.w.org\/{rel}","templated":true}]}}