{"id":173705,"date":"2020-11-20T05:54:16","date_gmt":"2020-11-20T04:54:16","guid":{"rendered":"https:\/\/www.radiopiu.net\/wordpress\/?p=173705"},"modified":"2020-11-20T06:07:25","modified_gmt":"2020-11-20T05:07:25","slug":"domani-le-definizione-delle-nuove-fasce-veneto-sempre-in-giallo-conferenza-stampa-del-presidente-luca-zaia","status":"publish","type":"post","link":"https:\/\/www.radiopiu.net\/wordpress\/domani-le-definizione-delle-nuove-fasce-veneto-sempre-in-giallo-conferenza-stampa-del-presidente-luca-zaia\/","title":{"rendered":"DOMANI LE DEFINIZIONE DELLE NUOVE FASCE, VENETO SEMPRE IN GIALLO? OLTRE 2500 PERSONE IN OSPEDALE"},"content":{"rendered":"<p><strong>VENEZIA<\/strong> Ormai quotidiano appuntamento, dal lunedi al sabato, con il punto stampa di Marghera con il Presidente Zaia e gli assessori Gianpaolo Bottacin e Manuela Lanzarin. Domani le nuove fasce, nulla fa presupporre il passaggio in zona arancione, ma alla fine decier\u00e0 un algoritmo basato su 21 parametri messi assieme come\u00a0 in un frullatore, per questo le sorprese potrebbero non mancare, ne sanno qualche cosa Emilia Romagna e Friuli fino a una settima fa in giallo<\/p>\n<p><strong>I NUMER<\/strong>I TAMPONI MOLECOLARI 2.624.768 (+17420) il comitato tecnico scientifico ha chiesto di provvedere a fare i molecolari in alternativa agli antigenici. TEST RAPIDI Test rapidi 29.712 fatti ieri, totale 688.104 POSITIVI 112.691 (+3753) questo numero di tamponi a marzo avrebbe portato a 10mila positivi non 3000. ISOLAMENTO 36.887 RICOVERATI 2242 (+50) TERAPIA INTENSIVA 296 (+5) DECESSI 3057 (+48) DIMESSI 6052 (+109)<\/p>\n<blockquote>\n<h2>LEGGI LA CONFERENZA STAMPA DI LUCA ZAIA<\/h2>\n<p><span style=\"color: #ffcc00;\"><strong>Oggi alle 16 il confronto con il Governo, con una richiesta tecnica sui parametri. Siamo fiduciosi. Il Cts inoltra un documento per discutere i dubbi sul tampone rapido che deve essere supportato da evidenze scientifiche.\u00a0<\/strong><\/span><\/p><\/blockquote>\n<p>Dalla riunione di questa mattina viene fuori che c&#8217;\u00e8 tensione per i ricoveri con quasi 300 persone in terapia intensiva, quello che pi\u00f9 preoccupa \u00e8 l&#8217;area non critica con 2242 pazienti \u00e8 questa la vera pressione ospedaliera, ci sono anche i malati non covid. Sono pazienti problematici che hanno bisogno di cure e assistenza. Ieri l&#8217;ingegner Fattori ha chiarito la situazione dei dispositivi, ci sono ancora gare in corsa per acquistarli, ben venga per il magazzino. Nelle terapie intensive con 296 pazienti la vera differenza con la prima fase di marzo aprile: si sommano gli incidenti sul lavoro e incidenti stradali che non c&#8217;erano durante il lockdown. La curvva del covid-terapia intensiva cresce gradualmente ma senza preoccupare. Confermiamo che abbiamo 1000 terapie intensive, abbiamo letti, respiratori, monitori, diffusori, tutto quello che serve. Il piano prevede nelle dichiarazione la possibilit\u00e0 di allestirle entro 36 ore. <span style=\"color: #ff6600;\"><strong>SIAMO NEI GIORNI CRUCIALI DEI NUMERI, VENERDI SERA ARRIVA LA SENTENZA.OGGI GLI INDICATORI SONO ASSOLUTAMENTE CHIARI E CI FANNO SPERARE IN UN BUON ESITO, LA SITUAZIONE E&#8217; SOTTOCONTROLLO CON TASSI DI OCCUPAZIONE DI TERAPIA INTENSIVA CON I NUMERI PIU&#8217; BASSI, ABBIAMO TANTI FOCOLAI MA LA REGIONE E&#8217; GRANDE, ABBIAMO TANTI POSTIVI MA FACCIAMO TANTI TAMPONI.<\/strong><span style=\"color: #000000;\"> Richiamo gli anziani che vanno a fare la spesa alle 11, ma come? Vi abbiamo chiesto di andare al mattino presto riservandovi la fascia oraria per evitare rischi contagi. Dobbiamo darci una mano. Le prime due ore deve andare a fare la spesa chi ha pi\u00f9 di 60 anni. <\/span><\/span><\/p>\n<blockquote>\n<h3><strong>\u00abSe il tampone rapido deve retrocedere di categoria ce lo devono dire \u00a0non si tratta del problema di un ospedale o di una regione\u00bb<\/strong><\/h3>\n<\/blockquote>\n<p><span style=\"color: #ff6600;\"><span style=\"color: #000000;\"><strong>LE ULTIME DAL CTS REGIONALE, DUBBI SUL TAMPONE RAPIDO<\/strong>:\u00a0 ha mandato una nota dicendo se sia meglio fare i tamponi molecolari a chi \u00e8 in prima linea ogni 8 giorni, oppure un rapido ogni 4 giorni, sono stati avanzati dubbi sui test rapidi e la loro attendibilit\u00e0. Chiederemo il parere del Cts nazionale. Oggi la letteratura \u00e8 chiara sotto una certa carica virale funziona, certificata con grande affidabilit\u00e0. Siamo nel paese delle responsabilit\u00e0 davanti a dibattiti che degenerano. \u00a0Questo argomento sta diventando materia sindacale necessita il\u00a0 parere del Cts nazionale. Io\u00a0 mi farei un tampone rapido senza problemi, secondo la letteratura ha affidabilit\u00e0 alta, ma siccome \u00e8 stato fatto partire un dibattito, allora domandiamo il parere.<\/span><\/span><span style=\"color: #ff6600;\"><span style=\"color: #000000;\">\u00a0<\/span><\/span><\/p>\n<p><span style=\"color: #ff6600;\"><span style=\"color: #000000;\"><strong>IMPIANTI APERTI IL 4 DICEMBRE?<\/strong> Tifiamo perch\u00e8 venga tanta neve, serve il buon senso, vedremo giorno dopo giorno cosa succede. Dobbiamo avere un minimo di punto nave tra qualche giorno per capire l&#8217;evoluzione. Abbiamo capito che non durer\u00e0 ancora tanto questa fase di ascesa. La Francia che ci ha preceduto ha gi\u00e0 iniziato la fase decrescente, ci sono Regioni in Italia che danno qualche timido segnale, ma con i ricoveri ancora non ci siamo. Sul Natale ci vorrebbe la sfera della verit\u00e0. <strong>ANALISI SUI TANTI DECESSI RISPETTO AL RESTO DEL MOND<\/strong>O et\u00e0 media della popolazione\u00a0 incide sui decessi in Italia, dove l&#8217;et\u00e0 media \u00e8 alta,\u00a0 il 90% dei ricoverati ha pi\u00f9 di 70 anni sono i nostri tanti anziani. <strong>TEST RAPIDI<\/strong> via libera\u00a0 al test Lucera il mercato come previsto di muove.\u00a0 E&#8217; successo negli Usa, ma non arriver\u00e0 in Italia perch\u00e9 faranno man bassa e non arriveranno da noi. In Italia c&#8217;\u00e8 una legge che dice che tutto quello che \u00e8 autorizzato nei paesi del G7 non necessita di autorizzazione italiana, e gli Usa sono nel G7. Sui test fai da te veneti aspettiamo la validazione, se non ce la daranno\u00a0 butteremo via tutto, a costo zero. CURE DOMICILIARI I SATURIMETRI SONO ARRIVATI? Ne stiamo distribuendo, ne abbiamo trovato 10mila la gara per i 100mila non \u00e8 stata espletata. <strong>MEDICI DI BASE<\/strong>\u00a0 I medici di base continuano a seguire i loro pazienti, sono elemento fondamentale della partita. <strong>DENTISTI, FARMACISTI, VETERINARI?<\/strong> Sta andando avanti abbiamo chiesto le autorizzazioni per i veterinari, farmacisti e pediatri di libera scelta c&#8217;\u00e8 un tavolo in corso sui dentisti abbiamo fatto la richiesta a livello nazionale. Formiamo le categorie e diamo pi\u00f9 servizi ai cittadini. <strong>E SE NON VOGLIONO METTERE A RISCHIO L&#8217;AMBULATORIO CON QUELLO CHE E&#8217; COSTATO RIPULIRLO?<\/strong> Vanno a casa dei pazienti o allestiscono un drive in. <strong>L&#8217;ORDINANZA CHE SCADE SABATO?<\/strong> Resta intonsa, va in scadenza domenica-lunedi. Poi andremo a ripresentarla.<strong> Se ci mettono in altre aree ovviamente decade perch\u00e9 assorbita. SCONTRI CON IL GOVERNO? <\/strong>Ma se abbiamo sempre votato tutto? Siamo in democrazia ed \u00e8 giusto che ci sia data la possibilit\u00e0 di proporre.<strong>COVID HOTEL JESOLO DICE CHE LO HA SAPUTO DAI GIORNALI E AVEVA CHIESTO DI OSPITARE INFERMIERI E MEDICI<\/strong> Se dice questo faremo una verifica ci sono le mail. Se il signore di Jesolo non vuole fare ne troveremo un altro <strong>A BELLUNO CHIEDEVANO INFORMAZIONI A FEDERALBERGHI\u00a0 E SI SONO TROVATI IN LISTA E CI SONO ANCORA ASPETTI DA CHIARIRE.<\/strong><\/span><\/span><\/p>\n<p><strong>FUORI SACCO<\/strong>: Oggi inaugurata la Pedemontana, ero in collegamento per l&#8217;inaugurazione del terzo tratto. Nella primavera del 2021 la quasi totalit\u00e0 sar\u00e0 aperta. Oltre 2 miliardi di investimento. <strong>C&#8217;E&#8217; UNA PROSPETTIVA DELLA RIDUZIONE DEI PEDAGGI? SONO CARI SUI TRATTI IN ESERCIZIO.Si pagano 18, 22 e 43 centesimi a chilometro.<\/strong> C&#8217;e&#8217; stata una bella analisi sui pedaggi, anche sta narrazione che la strata costa 11 miliardi, c&#8217;e&#8217; una concessione di 39 anni e dovr\u00e0 essere consegnata a regola d&#8217;arte e poi c&#8217;\u00e8 tutto il personale per la gestione. E&#8217; una struttura di 100 chilometri e 68 di raccordi.<strong> SE I PEDAGGI SONO BASSI E&#8217; UN INCENTIVO ALL&#8217;USO<\/strong> Vediamo cosa succeder\u00e0 negli anni, bisogna andare in esercizio per capire, i pedaggi sono incassati dalla Regione. <strong>NUOVO CASELLO MONTECCHIO?<\/strong> E&#8217; un&#8217;opera che volevamo realizzare ma non compete a noi, ma alla societ\u00e0 autostradale, spero per il 2022 che l&#8217;innesto venga fatto. L&#8217;opera oggi e&#8217; cantierata per l&#8217;88%<\/p>\n<p>https:\/\/www.facebook.com\/zaiaufficiale\/videos\/2819268758176764<\/p>\n<blockquote>\n<h3>TEMA DEL PUNTO STAMPA: I VACCINI. PARLA LA DOTTORESSA FRANCESCA RUSSO<\/h3>\n<\/blockquote>\n<p><a href=\"https:\/\/www.radiopiu.net\/wordpress\/tema-del-punto-stampa-i-vaccini-parla-la-dottoressa-francesca-russo\/download-1006\/\" rel=\"attachment wp-att-173786\"><img loading=\"lazy\" decoding=\"async\" class=\" wp-image-173786 alignleft\" src=\"https:\/\/www.radiopiu.net\/wordpress\/wp-content\/uploads\/2020\/11\/download-16.jpg\" alt=\"\" width=\"212\" height=\"159\" \/><\/a><strong>VENEZIA<\/strong> Oggi in conferenza stampa a Marghera \u00e8 intervenuta la dottoressa Francesca Russo, direttore regionale della Prevenzione. Ha focalizzato la sua attenzione sul tema dei vaccini contro il covid 19.<em> &#8220;Avremo tra la fine di questo anno e l&#8217;inizio del prossimo le prime consegne a livello nazionale e poi regionale. Non abbiamo ancora i numeri ma abbiamo rilevazioni del Ministero della Salute&#8221;<\/em>. Il Veneto \u00e8 pronto a mettere in magazzino i vaccini, cosa non facile perch\u00e9 richiedono temperature fino a 80 gradi sotto lo zero. Il Ministero dovrebbe inviare a breve il piano per la vaccinazione e il personale sanitario verr\u00e0 vaccinato con il siero della Pfizer. Sui vaccini antiinfluenzali \u00e8 una vera e propria ricerca e molto \u00a0difficile <em>&#8220;E&#8217; un problema che riguarda tutte le regioni &#8211; ha spiegato la dottoressa Russo &#8211;\u00a0 c&#8217;\u00e8 difficolt\u00e0 di approvvigionamento. Lo scorso anno avevamo chiesto 800.000 dosi, quest&#8217;anno 1.300.000 ovvero il 20 per cento in pi\u00f9 ma non \u00e8 arrivato, \u00e8 destinato alla Sanit\u00e0 Pubblica. Noi abbiamo agito molto presto, allargando il numero delle dosi, ma\u00a0abbiamo avuto richieste superiori rispetto alle nostre disponibilit\u00e0. Abbiamo richiesto 50mila dosi di vaccino in et\u00e0 pediatrica. Abbiamo per\u00f2 30mila dosi congelate da dare ai farmacisti\u00a0 anche se di norma lo acquistano privatamente. La consegna \u00e8 prevista per dicembre, sperando di poterne fornire anche di pi\u00f9 se il Governo ce le d\u00e0&#8221;<\/em><\/p>\n","protected":false},"excerpt":{"rendered":"<p>VENEZIA Ormai quotidiano appuntamento, dal lunedi al sabato, con il punto stampa di Marghera con il Presidente Zaia e gli assessori Gianpaolo Bottacin e Manuela Lanzarin. Domani le nuove fasce, nulla fa presupporre il passaggio in zona arancione, ma alla fine decier\u00e0 un algoritmo basato su 21 parametri messi assieme come\u00a0 in un frullatore, per&hellip;<\/p>\n","protected":false},"author":4,"featured_media":167458,"comment_status":"closed","ping_status":"closed","sticky":false,"template":"","format":"standard","meta":{"_monsterinsights_skip_tracking":false,"_monsterinsights_sitenote_active":false,"_monsterinsights_sitenote_note":"","_monsterinsights_sitenote_category":0,"footnotes":""},"categories":[51,49],"tags":[],"class_list":["post-173705","post","type-post","status-publish","format-standard","has-post-thumbnail","hentry","category-evidenza-top","category-news-18","category-51","category-49","description-off"],"img_url":"https:\/\/www.radiopiu.net\/wordpress\/wp-content\/uploads\/2020\/10\/ZAIA-CON-LANZARIN-BOTTACIN-ROSI-E-FATTORI.jpg","_links":{"self":[{"href":"https:\/\/www.radiopiu.net\/wordpress\/wp-json\/wp\/v2\/posts\/173705","targetHints":{"allow":["GET"]}}],"collection":[{"href":"https:\/\/www.radiopiu.net\/wordpress\/wp-json\/wp\/v2\/posts"}],"about":[{"href":"https:\/\/www.radiopiu.net\/wordpress\/wp-json\/wp\/v2\/types\/post"}],"author":[{"embeddable":true,"href":"https:\/\/www.radiopiu.net\/wordpress\/wp-json\/wp\/v2\/users\/4"}],"replies":[{"embeddable":true,"href":"https:\/\/www.radiopiu.net\/wordpress\/wp-json\/wp\/v2\/comments?post=173705"}],"version-history":[{"count":0,"href":"https:\/\/www.radiopiu.net\/wordpress\/wp-json\/wp\/v2\/posts\/173705\/revisions"}],"wp:featuredmedia":[{"embeddable":true,"href":"https:\/\/www.radiopiu.net\/wordpress\/wp-json\/wp\/v2\/media\/167458"}],"wp:attachment":[{"href":"https:\/\/www.radiopiu.net\/wordpress\/wp-json\/wp\/v2\/media?parent=173705"}],"wp:term":[{"taxonomy":"category","embeddable":true,"href":"https:\/\/www.radiopiu.net\/wordpress\/wp-json\/wp\/v2\/categories?post=173705"},{"taxonomy":"post_tag","embeddable":true,"href":"https:\/\/www.radiopiu.net\/wordpress\/wp-json\/wp\/v2\/tags?post=173705"}],"curies":[{"name":"wp","href":"https:\/\/api.w.org\/{rel}","templated":true}]}}