{"id":173785,"date":"2020-11-20T05:47:29","date_gmt":"2020-11-20T04:47:29","guid":{"rendered":"https:\/\/www.radiopiu.net\/wordpress\/?p=173785"},"modified":"2020-11-20T06:09:32","modified_gmt":"2020-11-20T05:09:32","slug":"tema-del-punto-stampa-i-vaccini-parla-la-dottoressa-francesca-russo","status":"publish","type":"post","link":"https:\/\/www.radiopiu.net\/wordpress\/tema-del-punto-stampa-i-vaccini-parla-la-dottoressa-francesca-russo\/","title":{"rendered":"TEMA DEL PUNTO STAMPA: I VACCINI. PARLA LA DOTTORESSA FRANCESCA RUSSO"},"content":{"rendered":"<div class=\"col-xs-1\">\n<div id=\"share_bar_wrapper\" class=\"top\">\n<div id=\"share_bar\">\n<p><a href=\"https:\/\/www.radiopiu.net\/wordpress\/tema-del-punto-stampa-i-vaccini-parla-la-dottoressa-francesca-russo\/download-1006\/\" rel=\"attachment wp-att-173786\"><img loading=\"lazy\" decoding=\"async\" class=\" wp-image-173786 alignleft\" src=\"https:\/\/www.radiopiu.net\/wordpress\/wp-content\/uploads\/2020\/11\/download-16.jpg\" alt=\"\" width=\"212\" height=\"159\" \/><\/a><strong>VENEZIA<\/strong> Oggi in conferenza stampa a Marghera \u00e8 intervenuta la dottoressa Francesca Russo, direttore regionale della Prevenzione. Ha focalizzato la sua attenzione sul tema dei vaccini contro il covid 19.<em> &#8220;Avremo tra la fine di questo anno e l&#8217;inizio del prossimo le prime consegne a livello nazionale e poi regionale. Non abbiamo ancora i numeri ma abbiamo rilevazioni del Ministero della Salute&#8221;<\/em>. Il Veneto \u00e8 pronto a mettere in magazzino i vaccini, cosa non facile perch\u00e9 richiedono temperature fino a 80 gradi sotto lo zero. Il Ministero dovrebbe inviare a breve il piano per la vaccinazione e il personale sanitario verr\u00e0 vaccinato con il siero della Pfizer. Sui vaccini antiinfluenzali \u00e8 una vera e propria ricerca e molto \u00a0difficile <em>&#8220;E&#8217; un problema che riguarda tutte le regioni &#8211; ha spiegato la dottoressa Russo &#8211;\u00a0 c&#8217;\u00e8 difficolt\u00e0 di approvvigionamento. Lo scorso anno avevamo chiesto 800.000 dosi, quest&#8217;anno 1.300.000 ovvero il 20 per cento in pi\u00f9 ma non \u00e8 arrivato, \u00e8 destinato alla Sanit\u00e0 Pubblica. Noi abbiamo agito molto presto, allargando il numero delle dosi, ma\u00a0abbiamo avuto richieste superiori rispetto alle nostre disponibilit\u00e0. Abbiamo richiesto 50mila dosi di vaccino in et\u00e0 pediatrica. Abbiamo per\u00f2 30mila dosi congelate da dare ai farmacisti\u00a0 anche se di norma lo acquistano privatamente. La consegna \u00e8 prevista per dicembre, sperando di poterne fornire anche di pi\u00f9 se il Governo ce le d\u00e0&#8221;<\/em><\/p>\n<\/div>\n<\/div>\n<\/div>\n","protected":false},"excerpt":{"rendered":"<p>VENEZIA Oggi in conferenza stampa a Marghera \u00e8 intervenuta la dottoressa Francesca Russo, direttore regionale della Prevenzione. Ha focalizzato la sua attenzione sul tema dei vaccini contro il covid 19. &#8220;Avremo tra la fine di questo anno e l&#8217;inizio del prossimo le prime consegne a livello nazionale e poi regionale. Non abbiamo ancora i numeri&hellip;<\/p>\n","protected":false},"author":4,"featured_media":173786,"comment_status":"closed","ping_status":"closed","sticky":false,"template":"","format":"standard","meta":{"_monsterinsights_skip_tracking":false,"_monsterinsights_sitenote_active":false,"_monsterinsights_sitenote_note":"","_monsterinsights_sitenote_category":0,"footnotes":""},"categories":[51,49],"tags":[],"class_list":["post-173785","post","type-post","status-publish","format-standard","has-post-thumbnail","hentry","category-evidenza-top","category-news-18","category-51","category-49","description-off"],"img_url":"https:\/\/www.radiopiu.net\/wordpress\/wp-content\/uploads\/2020\/11\/download-16.jpg","_links":{"self":[{"href":"https:\/\/www.radiopiu.net\/wordpress\/wp-json\/wp\/v2\/posts\/173785","targetHints":{"allow":["GET"]}}],"collection":[{"href":"https:\/\/www.radiopiu.net\/wordpress\/wp-json\/wp\/v2\/posts"}],"about":[{"href":"https:\/\/www.radiopiu.net\/wordpress\/wp-json\/wp\/v2\/types\/post"}],"author":[{"embeddable":true,"href":"https:\/\/www.radiopiu.net\/wordpress\/wp-json\/wp\/v2\/users\/4"}],"replies":[{"embeddable":true,"href":"https:\/\/www.radiopiu.net\/wordpress\/wp-json\/wp\/v2\/comments?post=173785"}],"version-history":[{"count":0,"href":"https:\/\/www.radiopiu.net\/wordpress\/wp-json\/wp\/v2\/posts\/173785\/revisions"}],"wp:featuredmedia":[{"embeddable":true,"href":"https:\/\/www.radiopiu.net\/wordpress\/wp-json\/wp\/v2\/media\/173786"}],"wp:attachment":[{"href":"https:\/\/www.radiopiu.net\/wordpress\/wp-json\/wp\/v2\/media?parent=173785"}],"wp:term":[{"taxonomy":"category","embeddable":true,"href":"https:\/\/www.radiopiu.net\/wordpress\/wp-json\/wp\/v2\/categories?post=173785"},{"taxonomy":"post_tag","embeddable":true,"href":"https:\/\/www.radiopiu.net\/wordpress\/wp-json\/wp\/v2\/tags?post=173785"}],"curies":[{"name":"wp","href":"https:\/\/api.w.org\/{rel}","templated":true}]}}