{"id":173837,"date":"2020-11-20T05:58:30","date_gmt":"2020-11-20T04:58:30","guid":{"rendered":"https:\/\/www.radiopiu.net\/wordpress\/?p=173837"},"modified":"2020-11-20T06:05:24","modified_gmt":"2020-11-20T05:05:24","slug":"luxottica-definito-il-calendario-ferie-per-gli-uffici","status":"publish","type":"post","link":"https:\/\/www.radiopiu.net\/wordpress\/luxottica-definito-il-calendario-ferie-per-gli-uffici\/","title":{"rendered":"LUXOTTICA: DEFINITO IL CALENDARIO FERIE PER GLI UFFICI"},"content":{"rendered":"<p><strong><a href=\"https:\/\/www.radiopiu.net\/wordpress\/le-nuove-insegne-di-luxottica-ad-agordo\/nuova-insegna-luxottica\/\" rel=\"attachment wp-att-113444\"><img loading=\"lazy\" decoding=\"async\" class=\"size-medium wp-image-113444 alignleft\" src=\"https:\/\/www.radiopiu.net\/wordpress\/wp-content\/uploads\/2020\/01\/NUOVA-INSEGNA-LUXOTTICA-300x225.jpg\" alt=\"\" width=\"300\" height=\"225\" srcset=\"https:\/\/www.radiopiu.net\/wordpress\/wp-content\/uploads\/2020\/01\/NUOVA-INSEGNA-LUXOTTICA-300x225.jpg 300w, https:\/\/www.radiopiu.net\/wordpress\/wp-content\/uploads\/2020\/01\/NUOVA-INSEGNA-LUXOTTICA-1024x768.jpg 1024w, https:\/\/www.radiopiu.net\/wordpress\/wp-content\/uploads\/2020\/01\/NUOVA-INSEGNA-LUXOTTICA-768x576.jpg 768w, https:\/\/www.radiopiu.net\/wordpress\/wp-content\/uploads\/2020\/01\/NUOVA-INSEGNA-LUXOTTICA-1536x1152.jpg 1536w, https:\/\/www.radiopiu.net\/wordpress\/wp-content\/uploads\/2020\/01\/NUOVA-INSEGNA-LUXOTTICA-2048x1536.jpg 2048w\" sizes=\"auto, (max-width: 300px) 100vw, 300px\" \/><\/a>AGORDO<\/strong> Luxottica ed RSU hanno da poco firmato il calendario ferie Natalizie per le maestranze degli uffici. Per le persone coinvolte l\u2019attivit\u00e0 lavorativa terminer\u00e0 il 23 dicembre 2020 e riprender\u00e0 luned\u00ec 4 gennaio 2021 utilizzando, come per la produzione, 5 giornate di ferie. altre aree saranno interessate dal calendario ferie a fruizione individuale poich\u00e9 necessitano di un presidio minimo. Gli Uffici che richiedono tale diversa distribuzione sono:\u00a0Global Business Service,\u00a0Customer Service Global Channels,\u00a0Risorse Umane,\u00a0Sistemi informativi,\u00a0Gestione Credito,\u00a0Commerciale Stars Italia. Infine, \u00e8 stato firmato un piano di straordinario incentivato per il Digital Assets Cogs per le giornate del 21 e 28 Novembre.\u00a0L\u2019attivit\u00e0 lavorativa, viste le esigenze aziendali, si svolger\u00e0 su entrambi i turni con orario 05:45-11:45 (turno mattina) e 12:15-18:15 (turno pomeriggio).<\/p>\n","protected":false},"excerpt":{"rendered":"<p>AGORDO Luxottica ed RSU hanno da poco firmato il calendario ferie Natalizie per le maestranze degli uffici. Per le persone coinvolte l\u2019attivit\u00e0 lavorativa terminer\u00e0 il 23 dicembre 2020 e riprender\u00e0 luned\u00ec 4 gennaio 2021 utilizzando, come per la produzione, 5 giornate di ferie. altre aree saranno interessate dal calendario ferie a fruizione individuale poich\u00e9 necessitano&hellip;<\/p>\n","protected":false},"author":4,"featured_media":113444,"comment_status":"closed","ping_status":"closed","sticky":false,"template":"","format":"standard","meta":{"_monsterinsights_skip_tracking":false,"_monsterinsights_sitenote_active":false,"_monsterinsights_sitenote_note":"","_monsterinsights_sitenote_category":0,"footnotes":""},"categories":[51,49],"tags":[],"class_list":["post-173837","post","type-post","status-publish","format-standard","has-post-thumbnail","hentry","category-evidenza-top","category-news-18","category-51","category-49","description-off"],"img_url":"https:\/\/www.radiopiu.net\/wordpress\/wp-content\/uploads\/2020\/01\/NUOVA-INSEGNA-LUXOTTICA-scaled.jpg","_links":{"self":[{"href":"https:\/\/www.radiopiu.net\/wordpress\/wp-json\/wp\/v2\/posts\/173837","targetHints":{"allow":["GET"]}}],"collection":[{"href":"https:\/\/www.radiopiu.net\/wordpress\/wp-json\/wp\/v2\/posts"}],"about":[{"href":"https:\/\/www.radiopiu.net\/wordpress\/wp-json\/wp\/v2\/types\/post"}],"author":[{"embeddable":true,"href":"https:\/\/www.radiopiu.net\/wordpress\/wp-json\/wp\/v2\/users\/4"}],"replies":[{"embeddable":true,"href":"https:\/\/www.radiopiu.net\/wordpress\/wp-json\/wp\/v2\/comments?post=173837"}],"version-history":[{"count":0,"href":"https:\/\/www.radiopiu.net\/wordpress\/wp-json\/wp\/v2\/posts\/173837\/revisions"}],"wp:featuredmedia":[{"embeddable":true,"href":"https:\/\/www.radiopiu.net\/wordpress\/wp-json\/wp\/v2\/media\/113444"}],"wp:attachment":[{"href":"https:\/\/www.radiopiu.net\/wordpress\/wp-json\/wp\/v2\/media?parent=173837"}],"wp:term":[{"taxonomy":"category","embeddable":true,"href":"https:\/\/www.radiopiu.net\/wordpress\/wp-json\/wp\/v2\/categories?post=173837"},{"taxonomy":"post_tag","embeddable":true,"href":"https:\/\/www.radiopiu.net\/wordpress\/wp-json\/wp\/v2\/tags?post=173837"}],"curies":[{"name":"wp","href":"https:\/\/api.w.org\/{rel}","templated":true}]}}