{"id":173868,"date":"2020-11-20T05:53:42","date_gmt":"2020-11-20T04:53:42","guid":{"rendered":"https:\/\/www.radiopiu.net\/wordpress\/?p=173868"},"modified":"2020-11-20T06:08:26","modified_gmt":"2020-11-20T05:08:26","slug":"dillo-a-radio-piu-gli-altri-siamo-noi","status":"publish","type":"post","link":"https:\/\/www.radiopiu.net\/wordpress\/dillo-a-radio-piu-gli-altri-siamo-noi\/","title":{"rendered":"DILLO A RADIO PIU&#8217;&#8230; GLI ALTRI SIAMO NOI"},"content":{"rendered":"<p>RICEVIAMO E VOLENTIERI PUBBLICHIAMO<\/p>\n<p>&nbsp;<\/p>\n<blockquote><p><em><img loading=\"lazy\" decoding=\"async\" class=\"alignleft\" src=\"https:\/\/www.radiopiu.net\/wordpress\/wp-content\/uploads\/2020\/11\/audience828584_1920.jpg\" width=\"283\" height=\"189\" \/>Chi scrive \u00e8 un&#8217;operaia di una grande Azienda locale che produce occhiali.Come tanti durante la Pandemia ho lavorato cercando di seguire le regole di sicurezza in tempo di Covid .Ci\u00f2 ha comportato fatica e cambiamento nella mia vita .Ma qualche piccolo sacrificio in questo momento \u00e8 necessario. Sento persone che si lamentano perch\u00e9 devono alzarsi presto la mattina ,lavorare la sera fino alle dieci,devono tenere la mascherina per otto ore, non possono incontrarsi con gli amici. E poi mamme che faticano a conciliare lavoro e famiglia,persone che hanno parenti in casa di riposo e non riescono pi\u00f9 ad abbracciarli.E familiari di malati oncologici preoccupati che non possano avere le cure necessarie.Senza parlare di quelli che si ammalano di Covid ,quelli che sono in quarantena, quelli che sono impauriti dalla gente ,quelli che negano che tutto ci\u00f2 che sta accadendo sia colpa di un virus.E chi non vuole saperne di rinunciare ad un aperitivo o una cena tra amici&#8230;Purtroppo ,finito il tempo degli arcobaleni e della solidariet\u00e0, vedo tanto egoismo e poca empatia. .Ma ogni tanto non ci farebbe male pensare che GLI ALTRI SIAMO NOI.Il futuro dipende dal rispetto che sapremo portarci reciprocamente ogni giorno .Rispetto per le opinioni altrui, rispetto per chi \u00e8 pi\u00f9 fragile ,rispetto per semplici regole che ci permetteranno di tornare ad una vita &#8220;normale&#8221; quanto prima.<\/em><\/p><\/blockquote>\n<p><em><strong>Simonetta<\/strong><\/em><\/p>\n","protected":false},"excerpt":{"rendered":"<p>RICEVIAMO E VOLENTIERI PUBBLICHIAMO &nbsp; Chi scrive \u00e8 un&#8217;operaia di una grande Azienda locale che produce occhiali.Come tanti durante la Pandemia ho lavorato cercando di seguire le regole di sicurezza in tempo di Covid .Ci\u00f2 ha comportato fatica e cambiamento nella mia vita .Ma qualche piccolo sacrificio in questo momento \u00e8 necessario. Sento persone che&hellip;<\/p>\n","protected":false},"author":4,"featured_media":173871,"comment_status":"closed","ping_status":"closed","sticky":false,"template":"","format":"standard","meta":{"_monsterinsights_skip_tracking":false,"_monsterinsights_sitenote_active":false,"_monsterinsights_sitenote_note":"","_monsterinsights_sitenote_category":0,"footnotes":""},"categories":[51,104,49],"tags":[],"class_list":["post-173868","post","type-post","status-publish","format-standard","has-post-thumbnail","hentry","category-evidenza-top","category-evidenza_3","category-news-18","category-51","category-104","category-49","description-off"],"img_url":"https:\/\/www.radiopiu.net\/wordpress\/wp-content\/uploads\/2020\/11\/audience828584_1920.jpg","_links":{"self":[{"href":"https:\/\/www.radiopiu.net\/wordpress\/wp-json\/wp\/v2\/posts\/173868","targetHints":{"allow":["GET"]}}],"collection":[{"href":"https:\/\/www.radiopiu.net\/wordpress\/wp-json\/wp\/v2\/posts"}],"about":[{"href":"https:\/\/www.radiopiu.net\/wordpress\/wp-json\/wp\/v2\/types\/post"}],"author":[{"embeddable":true,"href":"https:\/\/www.radiopiu.net\/wordpress\/wp-json\/wp\/v2\/users\/4"}],"replies":[{"embeddable":true,"href":"https:\/\/www.radiopiu.net\/wordpress\/wp-json\/wp\/v2\/comments?post=173868"}],"version-history":[{"count":0,"href":"https:\/\/www.radiopiu.net\/wordpress\/wp-json\/wp\/v2\/posts\/173868\/revisions"}],"wp:featuredmedia":[{"embeddable":true,"href":"https:\/\/www.radiopiu.net\/wordpress\/wp-json\/wp\/v2\/media\/173871"}],"wp:attachment":[{"href":"https:\/\/www.radiopiu.net\/wordpress\/wp-json\/wp\/v2\/media?parent=173868"}],"wp:term":[{"taxonomy":"category","embeddable":true,"href":"https:\/\/www.radiopiu.net\/wordpress\/wp-json\/wp\/v2\/categories?post=173868"},{"taxonomy":"post_tag","embeddable":true,"href":"https:\/\/www.radiopiu.net\/wordpress\/wp-json\/wp\/v2\/tags?post=173868"}],"curies":[{"name":"wp","href":"https:\/\/api.w.org\/{rel}","templated":true}]}}