{"id":173873,"date":"2020-11-20T05:46:45","date_gmt":"2020-11-20T04:46:45","guid":{"rendered":"https:\/\/www.radiopiu.net\/wordpress\/?p=173873"},"modified":"2020-11-20T06:12:27","modified_gmt":"2020-11-20T05:12:27","slug":"per-superare-le-polemiche-la-provincia-rilancia-il-turismo","status":"publish","type":"post","link":"https:\/\/www.radiopiu.net\/wordpress\/per-superare-le-polemiche-la-provincia-rilancia-il-turismo\/","title":{"rendered":"PER SUPERARE LE POLEMICHE LA PROVINCIA RILANCIA IL TURISMO"},"content":{"rendered":"<p><strong><a href=\"https:\/\/www.radiopiu.net\/wordpress\/per-superare-le-polemiche-la-provincia-rilancia-il-turismo\/download-1007\/\" rel=\"attachment wp-att-173878\"><img loading=\"lazy\" decoding=\"async\" class=\" wp-image-173878 alignleft\" src=\"https:\/\/www.radiopiu.net\/wordpress\/wp-content\/uploads\/2020\/11\/download-17.jpg\" alt=\"\" width=\"150\" height=\"143\" \/><\/a>BELLUNO<\/strong> Un cambio di passo per spendere 5,5 milioni di euro dei fondi di confine. Il nuovo programma con Tom Buncle della <span style=\"font-kerning: none;\"> Yellow Railroad di Edimburgo-Scozia (foto) e Roberto Locatelli gi\u00e0 coordinatore della comunicazione di Trentino Turismo. <em>&#8220;Un team locale nascer\u00e0 attorno a loro&#8221;<\/em> spiega il consigliere provinciale Danilo De Toni. La DMO non scomparir\u00e0 dai radar.<\/span><\/p>\n<p><strong>di MORENO GIOLI<\/strong><\/p>\n<audio class=\"wp-audio-shortcode\" id=\"audio-173873-1\" preload=\"none\" style=\"width: 100%;\" controls=\"controls\"><source type=\"audio\/mpeg\" src=\"https:\/\/www.radiopiu.net\/wordpress\/wp-content\/uploads\/2020\/11\/gioli-moreno.mp3?_=1\" \/><a href=\"https:\/\/www.radiopiu.net\/wordpress\/wp-content\/uploads\/2020\/11\/gioli-moreno.mp3\">https:\/\/www.radiopiu.net\/wordpress\/wp-content\/uploads\/2020\/11\/gioli-moreno.mp3<\/a><\/audio>\n","protected":false},"excerpt":{"rendered":"<p>BELLUNO Un cambio di passo per spendere 5,5 milioni di euro dei fondi di confine. Il nuovo programma con Tom Buncle della Yellow Railroad di Edimburgo-Scozia (foto) e Roberto Locatelli gi\u00e0 coordinatore della comunicazione di Trentino Turismo. &#8220;Un team locale nascer\u00e0 attorno a loro&#8221; spiega il consigliere provinciale Danilo De Toni. La DMO non scomparir\u00e0&hellip;<\/p>\n","protected":false},"author":4,"featured_media":173878,"comment_status":"closed","ping_status":"closed","sticky":false,"template":"","format":"standard","meta":{"_monsterinsights_skip_tracking":false,"_monsterinsights_sitenote_active":false,"_monsterinsights_sitenote_note":"","_monsterinsights_sitenote_category":0,"footnotes":""},"categories":[51,49],"tags":[],"class_list":["post-173873","post","type-post","status-publish","format-standard","has-post-thumbnail","hentry","category-evidenza-top","category-news-18","category-51","category-49","description-off"],"img_url":"https:\/\/www.radiopiu.net\/wordpress\/wp-content\/uploads\/2020\/11\/download-17.jpg","_links":{"self":[{"href":"https:\/\/www.radiopiu.net\/wordpress\/wp-json\/wp\/v2\/posts\/173873","targetHints":{"allow":["GET"]}}],"collection":[{"href":"https:\/\/www.radiopiu.net\/wordpress\/wp-json\/wp\/v2\/posts"}],"about":[{"href":"https:\/\/www.radiopiu.net\/wordpress\/wp-json\/wp\/v2\/types\/post"}],"author":[{"embeddable":true,"href":"https:\/\/www.radiopiu.net\/wordpress\/wp-json\/wp\/v2\/users\/4"}],"replies":[{"embeddable":true,"href":"https:\/\/www.radiopiu.net\/wordpress\/wp-json\/wp\/v2\/comments?post=173873"}],"version-history":[{"count":0,"href":"https:\/\/www.radiopiu.net\/wordpress\/wp-json\/wp\/v2\/posts\/173873\/revisions"}],"wp:featuredmedia":[{"embeddable":true,"href":"https:\/\/www.radiopiu.net\/wordpress\/wp-json\/wp\/v2\/media\/173878"}],"wp:attachment":[{"href":"https:\/\/www.radiopiu.net\/wordpress\/wp-json\/wp\/v2\/media?parent=173873"}],"wp:term":[{"taxonomy":"category","embeddable":true,"href":"https:\/\/www.radiopiu.net\/wordpress\/wp-json\/wp\/v2\/categories?post=173873"},{"taxonomy":"post_tag","embeddable":true,"href":"https:\/\/www.radiopiu.net\/wordpress\/wp-json\/wp\/v2\/tags?post=173873"}],"curies":[{"name":"wp","href":"https:\/\/api.w.org\/{rel}","templated":true}]}}