{"id":173881,"date":"2020-11-20T05:56:32","date_gmt":"2020-11-20T04:56:32","guid":{"rendered":"https:\/\/www.radiopiu.net\/wordpress\/?p=173881"},"modified":"2020-11-20T06:06:45","modified_gmt":"2020-11-20T05:06:45","slug":"covid-in-provincia-sospesi-i-ricoveri-in-medicina-ad-agordo-167-ricoveri-negli-ospedali-bellunesi-216-i-nuovi-positivi","status":"publish","type":"post","link":"https:\/\/www.radiopiu.net\/wordpress\/covid-in-provincia-sospesi-i-ricoveri-in-medicina-ad-agordo-167-ricoveri-negli-ospedali-bellunesi-216-i-nuovi-positivi\/","title":{"rendered":"COVID IN PROVINCIA: SOSPESI I RICOVERI IN MEDICINA AD AGORDO. 167 RICOVERI NEGLI OSPEDALI BELLUNESI. 216 I NUOVI POSITIVI"},"content":{"rendered":"<p><strong><a href=\"https:\/\/www.radiopiu.net\/wordpress\/giornale-radiopiu-10-marzo-2020-direttore-mirko-mezzacasa\/covid-ulss\/\" rel=\"attachment wp-att-121260\"><img loading=\"lazy\" decoding=\"async\" class=\" wp-image-121260 alignleft\" src=\"https:\/\/www.radiopiu.net\/wordpress\/wp-content\/uploads\/2020\/03\/covid-ulss-300x225.jpg\" alt=\"\" width=\"258\" height=\"193\" srcset=\"https:\/\/www.radiopiu.net\/wordpress\/wp-content\/uploads\/2020\/03\/covid-ulss-300x225.jpg 300w, https:\/\/www.radiopiu.net\/wordpress\/wp-content\/uploads\/2020\/03\/covid-ulss-768x576.jpg 768w, https:\/\/www.radiopiu.net\/wordpress\/wp-content\/uploads\/2020\/03\/covid-ulss.jpg 800w\" sizes=\"auto, (max-width: 258px) 100vw, 258px\" \/><\/a>BELLUNO Sono stati temporaneamente sospesi i ricoveri alla Medicina di Agordo, sono stati riscontrati casi di positivit\u00e0, quindi come gi\u00e0 successo prima a Pieve di Cadore e successivamente a Feltre il reparto sar\u00e0 aperto non appena possibile. <\/strong><\/p>\n<p>Nelle ultime 24 ore non sono decedute persone covid positive negli ospedali dell\u2019Ulss Dolomiti. 216 i nuovi positivi in provincia per un totale di 6370 da inizio pandemia. All&#8217;Ospedale San Martino di Belluno sono ricoverate 64 persone in area non critica e 4 in terapia intensiva. Al Santa Maria del Prato di Feltre 36 in area non critica e 3 in terapia intensiva. Negli ospedali di comunit\u00e0 60 i soggetti ricoverati cos\u00ec sddivisi: Ad Agordo 12, ad Alano 5, ad Auronzo 14, a Belluno 14 e a Feltre 15. Sono stati attivati ulteriori 9 posti letto di Ospedale di Comunit\u00e0 a Belluno per pazienti covid positivi. Le degenze di Neurologia sono state trasferite al 4\u00b0 piano lato est piano del blocco chirurgico del San Martino.<\/p>\n","protected":false},"excerpt":{"rendered":"<p>BELLUNO Sono stati temporaneamente sospesi i ricoveri alla Medicina di Agordo, sono stati riscontrati casi di positivit\u00e0, quindi come gi\u00e0 successo prima a Pieve di Cadore e successivamente a Feltre il reparto sar\u00e0 aperto non appena possibile. Nelle ultime 24 ore non sono decedute persone covid positive negli ospedali dell\u2019Ulss Dolomiti. 216 i nuovi positivi&hellip;<\/p>\n","protected":false},"author":4,"featured_media":121260,"comment_status":"closed","ping_status":"closed","sticky":false,"template":"","format":"standard","meta":{"_monsterinsights_skip_tracking":false,"_monsterinsights_sitenote_active":false,"_monsterinsights_sitenote_note":"","_monsterinsights_sitenote_category":0,"footnotes":""},"categories":[51,49],"tags":[],"class_list":["post-173881","post","type-post","status-publish","format-standard","has-post-thumbnail","hentry","category-evidenza-top","category-news-18","category-51","category-49","description-off"],"img_url":"https:\/\/www.radiopiu.net\/wordpress\/wp-content\/uploads\/2020\/03\/covid-ulss.jpg","_links":{"self":[{"href":"https:\/\/www.radiopiu.net\/wordpress\/wp-json\/wp\/v2\/posts\/173881","targetHints":{"allow":["GET"]}}],"collection":[{"href":"https:\/\/www.radiopiu.net\/wordpress\/wp-json\/wp\/v2\/posts"}],"about":[{"href":"https:\/\/www.radiopiu.net\/wordpress\/wp-json\/wp\/v2\/types\/post"}],"author":[{"embeddable":true,"href":"https:\/\/www.radiopiu.net\/wordpress\/wp-json\/wp\/v2\/users\/4"}],"replies":[{"embeddable":true,"href":"https:\/\/www.radiopiu.net\/wordpress\/wp-json\/wp\/v2\/comments?post=173881"}],"version-history":[{"count":0,"href":"https:\/\/www.radiopiu.net\/wordpress\/wp-json\/wp\/v2\/posts\/173881\/revisions"}],"wp:featuredmedia":[{"embeddable":true,"href":"https:\/\/www.radiopiu.net\/wordpress\/wp-json\/wp\/v2\/media\/121260"}],"wp:attachment":[{"href":"https:\/\/www.radiopiu.net\/wordpress\/wp-json\/wp\/v2\/media?parent=173881"}],"wp:term":[{"taxonomy":"category","embeddable":true,"href":"https:\/\/www.radiopiu.net\/wordpress\/wp-json\/wp\/v2\/categories?post=173881"},{"taxonomy":"post_tag","embeddable":true,"href":"https:\/\/www.radiopiu.net\/wordpress\/wp-json\/wp\/v2\/tags?post=173881"}],"curies":[{"name":"wp","href":"https:\/\/api.w.org\/{rel}","templated":true}]}}