{"id":173925,"date":"2020-11-20T05:27:13","date_gmt":"2020-11-20T04:27:13","guid":{"rendered":"https:\/\/www.radiopiu.net\/wordpress\/?p=173925"},"modified":"2020-11-20T09:18:08","modified_gmt":"2020-11-20T08:18:08","slug":"taibon-agordino-e-adesso-chiude-anche-gli-alimentari-di-mauro-cominato","status":"publish","type":"post","link":"https:\/\/www.radiopiu.net\/wordpress\/taibon-agordino-e-adesso-chiude-anche-gli-alimentari-di-mauro-cominato\/","title":{"rendered":"TAIBON AGORDINO: E ADESSO CHIUDE ANCHE  L&#8217;ALIMENTARI DI MAURO COMINATO"},"content":{"rendered":"<p align=\"CENTER\"><span style=\"color: #000000;\"><span style=\"font-size: x-large;\"><i>Negozi di vicinato: ci risiamo!<\/i><\/span><\/span><\/p>\n<blockquote>\n<p style=\"text-align: left;\" align=\"CENTER\">di GIORGIO FONTANIVE<\/p>\n<\/blockquote>\n<p style=\"text-align: left;\" align=\"CENTER\"><strong>TAIBON <\/strong><span style=\"color: #000000;\"><span style=\"font-size: medium;\">\u00a0L\u2019involuzione di quella ricchezza che rende vivo un paese rappresentata dai negozi di vicinato, continua a perdere pezzi. Uno stillicidio che ha avuto l\u2019apice circa un anno fa con una serie di chiusure che hanno mutilato il tessuto commerciale anche di Taibon Agordino, un centro che pareva essere quasi immune da questo problema diffusosi piano piano in tutto il nostro comprensorio nell\u2019indifferenza pressoch\u00e9 totale: ineluttabile conseguenza della modernit\u00e0? Panificio, edicola-cartoleria, casalinghi (e un tempo ben tre macellerie): tutto chiuso; anche i bar sulla via della Valle di San Lucano hanno sub\u00ecto un ridimensionamento <\/span><span style=\"font-size: medium;\">(si parla in questi giorni anche della chiusura del Bar-Ristorante Col di Pra), <\/span><span style=\"font-size: medium;\">mentre hanno conservato dinamicit\u00e0 per ovvi motivi quelli sulla Regionale 203. Unica eccezione: la trasformazione del negozio di \u201cCasalinghi Soccol\u201d in rivendita di pane e prodotti alimentari base ma, anche bottiglieria\/enoteca con somministrazione bevande. Ed ecco che il prossimo sabato 28 novembre chiuder\u00e0 le serrande anche il negozio di alimentari di Mauro Cominato che ha maturato i ben\u00e8fici requisiti della sospirata quiescenza. Un negozio questo che, al momento contribuisce a svolgere un servizio sociale al paese, offrendo quanto \u00e8 giornalmente necessario per la tavola: e non solo pane e latte. Un riferimento che ha avuto un significativo incremento della frequentazione nel corso del <\/span><span style=\"font-size: medium;\"><i>lock down<\/i><\/span><span style=\"font-size: medium;\"> della scorsa primavera, concluso il periodo pi\u00f9 restrittivo, in parte nuovamente disatteso da una clientela \u201cobbligata\u201d dalle normative imposte per decreto.<\/span> <span style=\"font-size: medium;\">Mauro &#8211; fisico da pizzicagnolo e dalla grande espansivit\u00e0 &#8211; ha le qualit\u00e0 necessarie per compiacere alle richieste di signori e gentili signore ancora per vari anni ma, dall\u2019altro lato del bancone, vive questo momento come l\u2019ultimo mese del servizio militare di un tempo, quello di una <\/span><span style=\"font-size: medium;\"><i>naja<\/i><\/span><span style=\"font-size: medium;\"> di cui non si vedeva pi\u00f9 la fine. Anche questo \u00e8 un sintomo della fatica che insiste sugli addetti ai lavori in vari settori del comparto commerciale, spesso penalizzato da <\/span><span style=\"font-size: medium;\"><i>commi<\/i><\/span><span style=\"font-size: medium;\"> impossibili, scadenze inesorabili e normative che si scontrano con il buonsenso e con la mancanza di sensibilit\u00e0 di chi, a un incontro quotidiano ed un saluto personale, preferisce l\u2019anonimato della grande distribuzione. In vista di questa importante scelta, Mauro Cominato, unitamente alle sue cordiali collaboratrici, Nella, Silvia e Patrizia, ringrazia la sua clientela di Taibon e dintorni: soprattutto quella pi\u00f9 costante e vicina in questo lungo periodo di 17 anni, iniziato assieme alla figlia Silvia fin dal 2004.\u00a0<\/span><\/span><\/p>\n<p align=\"CENTER\"><a href=\"https:\/\/www.radiopiu.net\/wordpress\/giornale-radiopiu-20-novembre-2020-direttore-mirko-mezzacasa\/bottega-mauro-11-11-20-2-copia\/\" rel=\"attachment wp-att-173921\"><img loading=\"lazy\" decoding=\"async\" class=\"alignnone wp-image-173921 size-full\" src=\"https:\/\/www.radiopiu.net\/wordpress\/wp-content\/uploads\/2020\/11\/Bottega-Mauro-11-11-20-2-Copia.jpg\" alt=\"\" width=\"1024\" height=\"683\" srcset=\"https:\/\/www.radiopiu.net\/wordpress\/wp-content\/uploads\/2020\/11\/Bottega-Mauro-11-11-20-2-Copia.jpg 1024w, https:\/\/www.radiopiu.net\/wordpress\/wp-content\/uploads\/2020\/11\/Bottega-Mauro-11-11-20-2-Copia-300x200.jpg 300w, https:\/\/www.radiopiu.net\/wordpress\/wp-content\/uploads\/2020\/11\/Bottega-Mauro-11-11-20-2-Copia-768x512.jpg 768w\" sizes=\"auto, (max-width: 1024px) 100vw, 1024px\" \/><\/a><\/p>\n<p align=\"JUSTIFY\"><span style=\"color: #000000;\"><span style=\"font-size: medium;\"><b>Dida.- Foto ricordo nel negozio in Via Dante Alighieri n. 26 che riassume 60 anni di attivit\u00e0 in vista della prossima chiusura del 28 novembre. Da destra Gino Benvegn\u00f9 di anni 93 proprietario della struttura che avvi\u00f2 la bottega nel lontano 1962\u00a0 assieme alla consorte Nella Lena mancata lo scorso febbraio 2020\u00a0 , Mauro Cominato attuale gestore, la moglie Nella Soccol &#8211; sottolineando che \u00ab <\/b><\/span><span style=\"font-size: medium;\"><i><b>in questi 17 anni sono nate amicizie sincere e abbiamo condiviso con tanti clienti gioie e dolori che la vita ci d\u00e0 <\/b><\/i><\/span><span style=\"font-size: medium;\"><b>\u00bb &#8211; la figlia Silvia titolare dell\u2019attivit\u00e0 nel 2004 e l\u2019ultima collaboratrice Patrizia Garavana. Da tutto lo <\/b><\/span><span style=\"font-size: medium;\"><i><b>staff <\/b><\/i><\/span><span style=\"font-size: medium;\"><b>un cordiale saluto. Al momento \u00e8 peraltro in atto qualche intermediazione al fine di poter assicurare la continuit\u00e0 dell\u2019apertura del negozio in questo punto strategico, utile anche per le piccole necessit\u00e0 degli ospiti della vicina Casa di Soggiorno.<\/b><\/span><\/span><\/p>\n<p>&nbsp;<\/p>\n","protected":false},"excerpt":{"rendered":"<p>Negozi di vicinato: ci risiamo! di GIORGIO FONTANIVE TAIBON \u00a0L\u2019involuzione di quella ricchezza che rende vivo un paese rappresentata dai negozi di vicinato, continua a perdere pezzi. Uno stillicidio che ha avuto l\u2019apice circa un anno fa con una serie di chiusure che hanno mutilato il tessuto commerciale anche di Taibon Agordino, un centro che&hellip;<\/p>\n","protected":false},"author":4,"featured_media":173921,"comment_status":"closed","ping_status":"closed","sticky":false,"template":"","format":"standard","meta":{"_monsterinsights_skip_tracking":false,"_monsterinsights_sitenote_active":false,"_monsterinsights_sitenote_note":"","_monsterinsights_sitenote_category":0,"footnotes":""},"categories":[51,49],"tags":[],"class_list":["post-173925","post","type-post","status-publish","format-standard","has-post-thumbnail","hentry","category-evidenza-top","category-news-18","category-51","category-49","description-off"],"img_url":"https:\/\/www.radiopiu.net\/wordpress\/wp-content\/uploads\/2020\/11\/Bottega-Mauro-11-11-20-2-Copia.jpg","_links":{"self":[{"href":"https:\/\/www.radiopiu.net\/wordpress\/wp-json\/wp\/v2\/posts\/173925","targetHints":{"allow":["GET"]}}],"collection":[{"href":"https:\/\/www.radiopiu.net\/wordpress\/wp-json\/wp\/v2\/posts"}],"about":[{"href":"https:\/\/www.radiopiu.net\/wordpress\/wp-json\/wp\/v2\/types\/post"}],"author":[{"embeddable":true,"href":"https:\/\/www.radiopiu.net\/wordpress\/wp-json\/wp\/v2\/users\/4"}],"replies":[{"embeddable":true,"href":"https:\/\/www.radiopiu.net\/wordpress\/wp-json\/wp\/v2\/comments?post=173925"}],"version-history":[{"count":0,"href":"https:\/\/www.radiopiu.net\/wordpress\/wp-json\/wp\/v2\/posts\/173925\/revisions"}],"wp:featuredmedia":[{"embeddable":true,"href":"https:\/\/www.radiopiu.net\/wordpress\/wp-json\/wp\/v2\/media\/173921"}],"wp:attachment":[{"href":"https:\/\/www.radiopiu.net\/wordpress\/wp-json\/wp\/v2\/media?parent=173925"}],"wp:term":[{"taxonomy":"category","embeddable":true,"href":"https:\/\/www.radiopiu.net\/wordpress\/wp-json\/wp\/v2\/categories?post=173925"},{"taxonomy":"post_tag","embeddable":true,"href":"https:\/\/www.radiopiu.net\/wordpress\/wp-json\/wp\/v2\/tags?post=173925"}],"curies":[{"name":"wp","href":"https:\/\/api.w.org\/{rel}","templated":true}]}}