{"id":173976,"date":"2020-11-20T10:59:04","date_gmt":"2020-11-20T09:59:04","guid":{"rendered":"https:\/\/www.radiopiu.net\/wordpress\/?p=173976"},"modified":"2020-11-20T10:59:04","modified_gmt":"2020-11-20T09:59:04","slug":"buoni-spesa-per-le-famiglie-del-territorio-vicini-a-chi-e-in-difficolta","status":"publish","type":"post","link":"https:\/\/www.radiopiu.net\/wordpress\/buoni-spesa-per-le-famiglie-del-territorio-vicini-a-chi-e-in-difficolta\/","title":{"rendered":"Buoni spesa per le famiglie del territorio: \u00abVicini a chi \u00e8 in difficolt\u00e0\u00bb"},"content":{"rendered":"<p><strong><span style=\"color: #000000; font-family: Helvetica;\"><a href=\"https:\/\/www.radiopiu.net\/wordpress\/buoni-spesa-per-le-famiglie-del-territorio-vicini-a-chi-e-in-difficolta\/lucia_da_rold\/\" rel=\"attachment wp-att-173977\"><img loading=\"lazy\" decoding=\"async\" class=\"size-medium wp-image-173977 alignleft\" src=\"https:\/\/www.radiopiu.net\/wordpress\/wp-content\/uploads\/2020\/11\/Lucia_Da_Rold-225x300.jpg\" alt=\"\" width=\"225\" height=\"300\" srcset=\"https:\/\/www.radiopiu.net\/wordpress\/wp-content\/uploads\/2020\/11\/Lucia_Da_Rold-225x300.jpg 225w, https:\/\/www.radiopiu.net\/wordpress\/wp-content\/uploads\/2020\/11\/Lucia_Da_Rold.jpg 600w\" sizes=\"auto, (max-width: 225px) 100vw, 225px\" \/><\/a><\/span>PONTE NELLE ALPI<\/strong> <span style=\"color: #000000; font-family: Helvetica;\">Come avvenuto in pieno lockdown, nei mesi di marzo e aprile, il Comune di Ponte nelle Alpi ha deciso di dare un aiuto ai nuclei familiari particolarmente colpiti dalla crisi: di carattere sanitario e, di riflesso, economico.\u00a0 <\/span><span style=\"color: #000000; font-family: Helvetica;\">Per questo, i vertici amministrativi hanno imboccato una strada gi\u00e0 praticata come quella dei buoni spesa: <em>\u00abAbbiamo messo a bilancio una somma che permetter\u00e0 di dare alle famiglie pi\u00f9 in difficolt\u00e0 dei buoni da spendere nei piccoli negozi di vicinato &#8211; afferma la vice sindaca Lucia Da Rold -. Con l&#8217;auspicio che a trarre giovamento da un simile provvedimento non siano solo le mamme e i pap\u00e0, ma anche le attivit\u00e0 commerciali\u00bb.<\/em>\u00a0<\/span><span style=\"color: #000000; font-family: Helvetica;\">Le domande per accedere a questa opportunit\u00e0 saranno pubblicate nei prossimi giorni, mentre i buoni spesa verranno distribuiti verso la met\u00e0 di dicembre: <em>\u00abSi tratta di un segno di riconoscimento e di vicinanza per chi sta vivendo un periodo complicato, nella speranza che possa trascorrere un Natale il pi\u00f9 sereno possibile\u00bb<\/em>.\u00a0<\/span><span style=\"color: #000000; font-family: Helvetica;\">La cifra \u00e8 orientata a soddisfare le richieste di una sessantina di famiglie:<em> \u00abIn un momento storico caratterizzato dall&#8217;emergenza sanitaria &#8211; conclude Lucia Da Rold &#8211; non vogliamo che nessuno si senta solo. E faremo il possibile per garantire la presenza del Comune\u00bb.<\/em>\u00a0<\/span><span style=\"color: #000000; font-family: Helvetica;\">Il sindaco Paolo Vendramini, infine, ringrazia<em> \u00abi commercianti locali per la collaborazione, le aziende che hanno promosso donazioni a favore di famiglie e persone in difficolt\u00e0, oltre all&#8217;opera della Protezione civile, degli Alpini e delle associazioni di volontariato a sostegno della comunit\u00e0\u00bb.<\/em><\/span><\/p>\n","protected":false},"excerpt":{"rendered":"<p>PONTE NELLE ALPI Come avvenuto in pieno lockdown, nei mesi di marzo e aprile, il Comune di Ponte nelle Alpi ha deciso di dare un aiuto ai nuclei familiari particolarmente colpiti dalla crisi: di carattere sanitario e, di riflesso, economico.\u00a0 Per questo, i vertici amministrativi hanno imboccato una strada gi\u00e0 praticata come quella dei buoni&hellip;<\/p>\n","protected":false},"author":4,"featured_media":173977,"comment_status":"closed","ping_status":"closed","sticky":false,"template":"","format":"standard","meta":{"_monsterinsights_skip_tracking":false,"_monsterinsights_sitenote_active":false,"_monsterinsights_sitenote_note":"","_monsterinsights_sitenote_category":0,"footnotes":""},"categories":[49],"tags":[],"class_list":["post-173976","post","type-post","status-publish","format-standard","has-post-thumbnail","hentry","category-news-18","category-49","description-off"],"img_url":"https:\/\/www.radiopiu.net\/wordpress\/wp-content\/uploads\/2020\/11\/Lucia_Da_Rold.jpg","_links":{"self":[{"href":"https:\/\/www.radiopiu.net\/wordpress\/wp-json\/wp\/v2\/posts\/173976","targetHints":{"allow":["GET"]}}],"collection":[{"href":"https:\/\/www.radiopiu.net\/wordpress\/wp-json\/wp\/v2\/posts"}],"about":[{"href":"https:\/\/www.radiopiu.net\/wordpress\/wp-json\/wp\/v2\/types\/post"}],"author":[{"embeddable":true,"href":"https:\/\/www.radiopiu.net\/wordpress\/wp-json\/wp\/v2\/users\/4"}],"replies":[{"embeddable":true,"href":"https:\/\/www.radiopiu.net\/wordpress\/wp-json\/wp\/v2\/comments?post=173976"}],"version-history":[{"count":0,"href":"https:\/\/www.radiopiu.net\/wordpress\/wp-json\/wp\/v2\/posts\/173976\/revisions"}],"wp:featuredmedia":[{"embeddable":true,"href":"https:\/\/www.radiopiu.net\/wordpress\/wp-json\/wp\/v2\/media\/173977"}],"wp:attachment":[{"href":"https:\/\/www.radiopiu.net\/wordpress\/wp-json\/wp\/v2\/media?parent=173976"}],"wp:term":[{"taxonomy":"category","embeddable":true,"href":"https:\/\/www.radiopiu.net\/wordpress\/wp-json\/wp\/v2\/categories?post=173976"},{"taxonomy":"post_tag","embeddable":true,"href":"https:\/\/www.radiopiu.net\/wordpress\/wp-json\/wp\/v2\/tags?post=173976"}],"curies":[{"name":"wp","href":"https:\/\/api.w.org\/{rel}","templated":true}]}}