{"id":174033,"date":"2020-11-20T15:08:20","date_gmt":"2020-11-20T14:08:20","guid":{"rendered":"https:\/\/www.radiopiu.net\/wordpress\/?p=174033"},"modified":"2020-11-20T15:08:21","modified_gmt":"2020-11-20T14:08:21","slug":"il-direttore-perbellini-fa-il-punto-sullattivita-dellunita-operativa","status":"publish","type":"post","link":"https:\/\/www.radiopiu.net\/wordpress\/il-direttore-perbellini-fa-il-punto-sullattivita-dellunita-operativa\/","title":{"rendered":"IL DIRETTORE PERBELLINI FA IL PUNTO SULL&#8217;ATTIVITA&#8217; DELL&#8217;UNITA&#8217; OPERATIVA"},"content":{"rendered":"<p><strong><a href=\"https:\/\/www.radiopiu.net\/wordpress\/il-direttore-perbellini-fa-il-punto-sullattivita-dellunita-operativa\/perbellini\/\" rel=\"attachment wp-att-174036\"><img loading=\"lazy\" decoding=\"async\" class=\"size-medium wp-image-174036 alignleft\" src=\"https:\/\/www.radiopiu.net\/wordpress\/wp-content\/uploads\/2020\/11\/perbellini-197x300.jpg\" alt=\"\" width=\"197\" height=\"300\" srcset=\"https:\/\/www.radiopiu.net\/wordpress\/wp-content\/uploads\/2020\/11\/perbellini-197x300.jpg 197w, https:\/\/www.radiopiu.net\/wordpress\/wp-content\/uploads\/2020\/11\/perbellini.jpg 577w\" sizes=\"auto, (max-width: 197px) 100vw, 197px\" \/><\/a>PIEVE DI CADORE<\/strong>\u00a0 <span style=\"font-family: Times New Roman, serif;\"><span lang=\"it-IT\">Il direttore della Medicina di Pieve di Cadore, Cristiano Perbellini, fa il punto sull\u2019attivit\u00e0 dell\u2019unit\u00e0 operativa\u00a0 <em>&#8220;<\/em><\/span><\/span><em><span style=\"font-family: Times New Roman, serif;\"><span lang=\"it-IT\">Abbiamo sofferto per la positivizzazione di personale e pazienti che ha portato alla sospensione temporanea dell\u2019attivit\u00e0 clinica per provvedere a sanificazione in toto dei locali. Abbiamo cercato di agire efficacemente su diversi fronti al fine di contenere i disagi per il personale e la collettivit\u00e0 e di ripartire in sicurezza. <\/span><\/span><\/em><span style=\"font-family: Times New Roman, serif;\"><span lang=\"it-IT\">Da alcuni giorni, con il rientro dall\u2019isolamento di parte del personale, \u00e8 stata ripresa l\u2019attivit\u00e0 clinica mantenendo attenta sorveglianza sui pazienti provenienti dal pronto soccorso. <\/span><\/span><span style=\"font-family: Times New Roman, serif;\"><span lang=\"it-IT\">L\u2019attivit\u00e0 ambulatoriale<\/span><\/span><span style=\"font-family: Times New Roman, serif;\"><span lang=\"it-IT\"> specialistica \u00e8 stata reimpostata con approccio orientato alla <\/span><\/span><span style=\"font-family: Times New Roman, serif;\"><span lang=\"it-IT\">telemedicina. <\/span><\/span><span style=\"font-family: Times New Roman, serif;\"><span lang=\"it-IT\">Prosegue l\u2019attivit\u00e0 ambulatoriale di supporto.\u00a0 <\/span><\/span><span style=\"font-family: Times New Roman, serif;\"><span lang=\"it-IT\">Con l\u2019imminente apertura <\/span><\/span><span style=\"font-family: Times New Roman, serif;\"><span lang=\"it-IT\">dell\u2019Ospedale di comunit\u00e0 per pazienti covid negativi<\/span><\/span><span style=\"font-family: Times New Roman, serif;\"><span lang=\"it-IT\"> (Covid-free) in seno all\u2019ospedale di Pieve, si apre poi la possibilit\u00e0 di dare continuit\u00e0 di cure al paziente post-acuto sul territorio ove ora predominano (per ovvi motivi) le strutture a prevalente valenza \u201cCovid\u201d necessarie a fronteggiare richiesta di contenitori per l\u2019incremento dei soggetti infettati. <em>&#8220;<\/em><\/span><\/span><em><span style=\"font-family: Times New Roman, serif;\"><span lang=\"it-IT\">In veste di geriatra mi sentirei di rinnovare l\u2019invito al ricorso alla mascherina protettiva, sanificazione delle mani e mantenimento delle distanze di sicurezza capisaldi per il controllo infettivo del momento. <\/span><\/span><span style=\"font-family: Times New Roman, serif;\"><span lang=\"it-IT\">Noi ci siamo<\/span><\/span><span style=\"font-family: Times New Roman, serif;\"><span lang=\"it-IT\"> e prosegue l\u2019attivit\u00e0 clinica a supporto della collettivit\u00e0, pur con le difficolt\u00e0 del momento che richiedono costante adattamento all\u2019evoluzione del quadro pandemico<\/span><\/span><span style=\"font-family: Times New Roman, serif;\"><span lang=\"it-IT\">\u00bb<\/span><\/span><\/em><span style=\"font-family: Times New Roman, serif;\"><span lang=\"it-IT\">, racconta Cristiano Perbellini.<\/span><\/span><\/p>\n","protected":false},"excerpt":{"rendered":"<p>PIEVE DI CADORE\u00a0 Il direttore della Medicina di Pieve di Cadore, Cristiano Perbellini, fa il punto sull\u2019attivit\u00e0 dell\u2019unit\u00e0 operativa\u00a0 &#8220;Abbiamo sofferto per la positivizzazione di personale e pazienti che ha portato alla sospensione temporanea dell\u2019attivit\u00e0 clinica per provvedere a sanificazione in toto dei locali. Abbiamo cercato di agire efficacemente su diversi fronti al fine di&hellip;<\/p>\n","protected":false},"author":4,"featured_media":174036,"comment_status":"closed","ping_status":"closed","sticky":false,"template":"","format":"standard","meta":{"_monsterinsights_skip_tracking":false,"_monsterinsights_sitenote_active":false,"_monsterinsights_sitenote_note":"","_monsterinsights_sitenote_category":0,"footnotes":""},"categories":[49],"tags":[],"class_list":["post-174033","post","type-post","status-publish","format-standard","has-post-thumbnail","hentry","category-news-18","category-49","description-off"],"img_url":"https:\/\/www.radiopiu.net\/wordpress\/wp-content\/uploads\/2020\/11\/perbellini.jpg","_links":{"self":[{"href":"https:\/\/www.radiopiu.net\/wordpress\/wp-json\/wp\/v2\/posts\/174033","targetHints":{"allow":["GET"]}}],"collection":[{"href":"https:\/\/www.radiopiu.net\/wordpress\/wp-json\/wp\/v2\/posts"}],"about":[{"href":"https:\/\/www.radiopiu.net\/wordpress\/wp-json\/wp\/v2\/types\/post"}],"author":[{"embeddable":true,"href":"https:\/\/www.radiopiu.net\/wordpress\/wp-json\/wp\/v2\/users\/4"}],"replies":[{"embeddable":true,"href":"https:\/\/www.radiopiu.net\/wordpress\/wp-json\/wp\/v2\/comments?post=174033"}],"version-history":[{"count":0,"href":"https:\/\/www.radiopiu.net\/wordpress\/wp-json\/wp\/v2\/posts\/174033\/revisions"}],"wp:featuredmedia":[{"embeddable":true,"href":"https:\/\/www.radiopiu.net\/wordpress\/wp-json\/wp\/v2\/media\/174036"}],"wp:attachment":[{"href":"https:\/\/www.radiopiu.net\/wordpress\/wp-json\/wp\/v2\/media?parent=174033"}],"wp:term":[{"taxonomy":"category","embeddable":true,"href":"https:\/\/www.radiopiu.net\/wordpress\/wp-json\/wp\/v2\/categories?post=174033"},{"taxonomy":"post_tag","embeddable":true,"href":"https:\/\/www.radiopiu.net\/wordpress\/wp-json\/wp\/v2\/tags?post=174033"}],"curies":[{"name":"wp","href":"https:\/\/api.w.org\/{rel}","templated":true}]}}