{"id":174121,"date":"2020-11-21T05:22:23","date_gmt":"2020-11-21T04:22:23","guid":{"rendered":"https:\/\/www.radiopiu.net\/wordpress\/?p=174121"},"modified":"2020-11-22T12:48:51","modified_gmt":"2020-11-22T11:48:51","slug":"covid-in-provincia-5-decessi-in-24-ore-245-nuovi-positivi-e-162-soggetti-ricoverati-negli-ospedali-bellunesi","status":"publish","type":"post","link":"https:\/\/www.radiopiu.net\/wordpress\/covid-in-provincia-5-decessi-in-24-ore-245-nuovi-positivi-e-162-soggetti-ricoverati-negli-ospedali-bellunesi\/","title":{"rendered":"COVID IN PROVINCIA: 5 DECESSI IN 24 ORE, 245 NUOVI POSITIVI E 162 SOGGETTI RICOVERATI NEGLI OSPEDALI BELLUNESI"},"content":{"rendered":"<p><strong><a href=\"https:\/\/www.radiopiu.net\/wordpress\/giornale-radiopiu-10-marzo-2020-direttore-mirko-mezzacasa\/covid-ulss\/\" rel=\"attachment wp-att-121260\"><img loading=\"lazy\" decoding=\"async\" class=\"size-medium wp-image-121260 alignleft\" src=\"https:\/\/www.radiopiu.net\/wordpress\/wp-content\/uploads\/2020\/03\/covid-ulss-300x225.jpg\" alt=\"\" width=\"300\" height=\"225\" srcset=\"https:\/\/www.radiopiu.net\/wordpress\/wp-content\/uploads\/2020\/03\/covid-ulss-300x225.jpg 300w, https:\/\/www.radiopiu.net\/wordpress\/wp-content\/uploads\/2020\/03\/covid-ulss-768x576.jpg 768w, https:\/\/www.radiopiu.net\/wordpress\/wp-content\/uploads\/2020\/03\/covid-ulss.jpg 800w\" sizes=\"auto, (max-width: 300px) 100vw, 300px\" \/><\/a>BELLUNO<\/strong>\u00a0Nelle ultime 24 ore sono decedute 5 persone covid positive: un uomo di 85 anni e un uomo di 78 anni ricoverati in Malattie Infettive a Belluno, una donna di 85 anni ricoverata in Geriatria a Belluno, un uomo di 81 anni ricoverato in Pneumologia covid a Feltre, un uomo di 75 anni ricoverato in Ospedale di Comunit\u00e0 ad Agordo. 245 i nuovi positivi nell&#8217;ultima giornata per un totale di 6962 casi da inizio pandemia. All&#8217;Ospedale San Martino di Belluno sono ricoverate 58 persone in area non critica e 6 in terapia intensiva. Al Santa Maria del Prato di Feltre 34 in area non critica e 4 in terapia intensiva. 60 i pazienti ricoverati negli ospedali di comunit\u00e0: 11 ad Agordo, 3 ad Alano, 14 ad Auronzo, 18 a Belluno e 14 a Feltre. Si precisa che i ricoveri alla Medicina di Agordo sono stati sospesi in seguito alla rilevazione di alcune positivit\u00e0 in pazienti riscontrate nei continui monitoraggi previsti dai protocolli. Nei controlli periodici nessun operatore sanitario \u00e8 risultato fino ad ora positivo. \u201c<em>I ricoveri sono stati sospesi e i paziente ricoverati verranno monitorati per 10 giorni con controlli seriati per escludere altre positivit\u00e0 .Trascorso questo periodo verr\u00e0 ripresa l&#8217;attivit\u00e0 di ricovero e verosimilmente l&#8217;area di &#8220;filtro&#8221; all&#8217;ingresso del paziente verr\u00e0 organizzato in ambiente completamente separato dai ricoveri ordinari.\u00a0<\/em><em>E&#8217; importante sottolineare che i pazienti quando hanno accesso al PS hanno percorsi differenziati a seconda che arrivino con sospetto di covid o \u00e8 per altri sintomi. . Questo per non scoraggiare i pazienti con sintomi rilevanti a presentarsi con ritardo all&#8217;attenzione dei sanitari per timore di contrarre l&#8217;infezione virale come purtroppo abbiamo constatato nelle ultime settimane.\u00a0<\/em><em>Ecco perch\u00e9 una precisa informazione su questi aspetti pu\u00f2 essere determinante per la salut<\/em>e\u201d, spiega il direttore della UOC Medicina di Agordo, Massimiliano Mosca.<\/p>\n","protected":false},"excerpt":{"rendered":"<p>BELLUNO\u00a0Nelle ultime 24 ore sono decedute 5 persone covid positive: un uomo di 85 anni e un uomo di 78 anni ricoverati in Malattie Infettive a Belluno, una donna di 85 anni ricoverata in Geriatria a Belluno, un uomo di 81 anni ricoverato in Pneumologia covid a Feltre, un uomo di 75 anni ricoverato in&hellip;<\/p>\n","protected":false},"author":4,"featured_media":121260,"comment_status":"closed","ping_status":"closed","sticky":false,"template":"","format":"standard","meta":{"_monsterinsights_skip_tracking":false,"_monsterinsights_sitenote_active":false,"_monsterinsights_sitenote_note":"","_monsterinsights_sitenote_category":0,"footnotes":""},"categories":[49],"tags":[],"class_list":["post-174121","post","type-post","status-publish","format-standard","has-post-thumbnail","hentry","category-news-18","category-49","description-off"],"img_url":"https:\/\/www.radiopiu.net\/wordpress\/wp-content\/uploads\/2020\/03\/covid-ulss.jpg","_links":{"self":[{"href":"https:\/\/www.radiopiu.net\/wordpress\/wp-json\/wp\/v2\/posts\/174121","targetHints":{"allow":["GET"]}}],"collection":[{"href":"https:\/\/www.radiopiu.net\/wordpress\/wp-json\/wp\/v2\/posts"}],"about":[{"href":"https:\/\/www.radiopiu.net\/wordpress\/wp-json\/wp\/v2\/types\/post"}],"author":[{"embeddable":true,"href":"https:\/\/www.radiopiu.net\/wordpress\/wp-json\/wp\/v2\/users\/4"}],"replies":[{"embeddable":true,"href":"https:\/\/www.radiopiu.net\/wordpress\/wp-json\/wp\/v2\/comments?post=174121"}],"version-history":[{"count":0,"href":"https:\/\/www.radiopiu.net\/wordpress\/wp-json\/wp\/v2\/posts\/174121\/revisions"}],"wp:featuredmedia":[{"embeddable":true,"href":"https:\/\/www.radiopiu.net\/wordpress\/wp-json\/wp\/v2\/media\/121260"}],"wp:attachment":[{"href":"https:\/\/www.radiopiu.net\/wordpress\/wp-json\/wp\/v2\/media?parent=174121"}],"wp:term":[{"taxonomy":"category","embeddable":true,"href":"https:\/\/www.radiopiu.net\/wordpress\/wp-json\/wp\/v2\/categories?post=174121"},{"taxonomy":"post_tag","embeddable":true,"href":"https:\/\/www.radiopiu.net\/wordpress\/wp-json\/wp\/v2\/tags?post=174121"}],"curies":[{"name":"wp","href":"https:\/\/api.w.org\/{rel}","templated":true}]}}