{"id":174128,"date":"2020-11-22T12:42:52","date_gmt":"2020-11-22T11:42:52","guid":{"rendered":"https:\/\/www.radiopiu.net\/wordpress\/?p=174128"},"modified":"2020-11-23T05:58:02","modified_gmt":"2020-11-23T04:58:02","slug":"giornale-radiopiu-22-novembre-2020-direttore-mirko-mezzacasa-2","status":"publish","type":"post","link":"https:\/\/www.radiopiu.net\/wordpress\/giornale-radiopiu-22-novembre-2020-direttore-mirko-mezzacasa-2\/","title":{"rendered":"GIORNALE RADIOPIU 22 NOVEMBRE 2020 DIRETTORE MIRKO MEZZACASA"},"content":{"rendered":"<h3>PER<strong> RICEVERE QUESTO NOTIZIARIO DIRETTAMENTE SUL TUO CELLULARE ISCRIVITI AL CANALE TELEGRAM <\/strong><strong>\u201cRADIO PIU\u00a0 INFORMAZIONE&#8221;<\/strong><\/h3>\n<p><em>ATTENZIONE: LA NUOVA APP PER IOS-IPHONE<\/em><\/p>\n<div>\n<div><a href=\"https:\/\/apps.apple.com\/it\/app\/radio-pi%C3%B9-emittente-agordina\/id1515939845\">https:\/\/apps.apple.com\/it\/app\/radio-pi%C3%B9-emittente-agordina\/id1515939845<\/a><\/div>\n<\/div>\n<div><\/div>\n<div>\n<div dir=\"auto\"><em>ATTENZIONE: LA NUOVA APP RADIO\u00a0 PER ANDROID<\/em><\/div>\n<\/div>\n<p><a href=\"https:\/\/play.google.com\/store\/apps\/details?id=net.radiopiu.iniko\" target=\"_blank\" rel=\"noopener noreferrer\">https:\/\/play.google.com\/store\/apps\/details?id=net.radiopiu.iniko\u00a0\u00a0<\/a><\/p>\n<p>&nbsp;<\/p>\n<hr \/>\n<p>&nbsp;<\/p>\n<h1 style=\"text-align: center;\"><em>PASSO PORDOI&#8230;LA PRIMA NEVE ARTIFICIALE<\/em><\/h1>\n<p>VIDEO CLAUDIO PRA<\/p>\n<div style=\"width: 1200px;\" class=\"wp-video\"><video class=\"wp-video-shortcode\" id=\"video-174128-1\" width=\"1200\" height=\"675\" preload=\"metadata\" controls=\"controls\"><source type=\"video\/mp4\" src=\"https:\/\/www.radiopiu.net\/wordpress\/wp-content\/uploads\/2020\/11\/PORDOI-NEVE-ARTIFICIALE.mp4?_=1\" \/><a href=\"https:\/\/www.radiopiu.net\/wordpress\/wp-content\/uploads\/2020\/11\/PORDOI-NEVE-ARTIFICIALE.mp4\">https:\/\/www.radiopiu.net\/wordpress\/wp-content\/uploads\/2020\/11\/PORDOI-NEVE-ARTIFICIALE.mp4<\/a><\/video><\/div>\n<p>&nbsp;<\/p>\n<h1>E &#8220;FUOCO ALLE POLVERI&#8221; ANCHE AL CENTRO FONDO DI FALCADE<\/h1>\n<h2><strong><span style=\"color: #0000ff;\"><a style=\"color: #0000ff;\" href=\"https:\/\/www.facebook.com\/centrofondo.falcade\/videos\/199707721649129\">CLICCA QUI\u00a0<\/a><\/span><\/strong><\/h2>\n<p>&nbsp;<\/p>\n<hr \/>\n<p>&nbsp;<\/p>\n<blockquote>\n<h3>L&#8217;AUTOCERTIFICAZIONE<\/h3>\n<\/blockquote>\n<p><a href=\"https:\/\/www.radiopiu.net\/wordpress\/wp-content\/uploads\/2020\/11\/modello_autodichiarazione_editabile_ottobre_2020.pdf\">PER SCARICARE L&#8217;AUTOCERTIFICAZIONE CLICCA QUI<\/a><\/p>\n<p>&nbsp;<\/p>\n<blockquote class=\"wp-embedded-content\" data-secret=\"t3ovFdk6mb\"><p><a href=\"https:\/\/www.radiopiu.net\/wordpress\/https-wp-me-p63lo7-jfe111\/\">DALLA PREFETTURA DI BELLUNO IL MONITORAGGIO DEI CONTROLLI, 16-22 NOVEMBRE<\/a><\/p><\/blockquote>\n<p><iframe loading=\"lazy\" class=\"wp-embedded-content\" sandbox=\"allow-scripts\" security=\"restricted\" style=\"position: absolute; clip: rect(1px, 1px, 1px, 1px);\" title=\"&#8220;DALLA PREFETTURA DI BELLUNO IL MONITORAGGIO DEI CONTROLLI, 16-22 NOVEMBRE&#8221; &#8212; Radio Pi\u00f9\" src=\"https:\/\/www.radiopiu.net\/wordpress\/https-wp-me-p63lo7-jfe111\/embed\/#?secret=t3ovFdk6mb\" data-secret=\"t3ovFdk6mb\" width=\"600\" height=\"338\" frameborder=\"0\" marginwidth=\"0\" marginheight=\"0\" scrolling=\"no\"><\/iframe><\/p>\n<p>&nbsp;<\/p>\n<hr \/>\n<p>&nbsp;<\/p>\n<blockquote>\n<h3><img loading=\"lazy\" decoding=\"async\" class=\"alignleft\" src=\"https:\/\/www.radiopiu.net\/wordpress\/wp-content\/uploads\/2018\/08\/ACQUA.jpeg\" width=\"222\" height=\"133\" \/>ACQUA INQUINATA A CENCENIGHE &#8211; PRA DI MEZZO<\/h3>\n<\/blockquote>\n<p><strong>CENCENIGHE<\/strong> Gestione Servizi Pubblici informa che a CENCENIGHE AGORDINO in LOCALITA&#8217; PRA&#8217; DI MEZZO, l&#8217;acqua erogata dall&#8217;acquedotto non \u00e8 potabile e pu\u00f2 essere usata per scopi alimentari SOLO PREVIA bollitura. GSP ha, comunque, gi\u00e0 adottato le necessarie misure per la disinfezione dell&#8217;acqua presente nei serbatoi e nella rete idrica con l&#8217;aggiunta di cloro.<\/p>\n<p>&nbsp;<\/p>\n<p>&nbsp;<\/p>\n<hr \/>\n<blockquote>\n<h3><\/h3>\n<h3>SCALE MOBILI CHIUSE A BELLUNO<\/h3>\n<\/blockquote>\n<p><strong>Le scale mobili che collegano il parcheggio di Lambioi con piazza Duomo verranno chiuse al pubblico tutte le sere alle 22.30, senza distinzioni.<\/strong><\/p>\n<p>&nbsp;<\/p>\n<p>&nbsp;<\/p>\n<hr \/>\n<p>&nbsp;<\/p>\n<blockquote>\n<h3>TAIBON Istituzione del divieto di accesso e di sosta su tutta la piazza San Cipriano oggetto di lavori di manutenzione straordinaria per il rifacimento del piano viabile danneggiato, lungo le intersezioni con via Aivata, via Paris Bordone e via\u00a0 Besarel, dal 12 novembre al 27 novembre, comunque fino al termine dei lavori.\u00a0 Resta possibile, in funzione delle varie aree di lavorazione, la temporanea istituzione di corridoi di accesso su parte della piazza da parte della ditta esecutrice dei lavori;<span style=\"color: #0000ff;\"> Le corse delle linee extraurbane della Dolomitibus ometteranno il transito alla fermata di San Cipriano transitando lungo la regionale 203 agordina. Le corse Villanova-Agordo effettueranno il percorso alternativo per Strapont omettendo la tratta per San Cipriano-Municipio. Verranno pertanto soppresse le fermate: San Cipriano, Napi, Piazza Municipio, saranno attivate quelle sul percorso per Strapont.<\/span><\/h3>\n<\/blockquote>\n<p>&nbsp;<\/p>\n<p>&nbsp;<\/p>\n<hr \/>\n<p>&nbsp;<\/p>\n<p>&nbsp;<\/p>\n<blockquote><p>&nbsp;<\/p><\/blockquote>\n<p><strong>TAIBON <\/strong>Da lunedi a ieri i positivi\u00a0 sono aumentati passando da 13 a 19 (+6), le persone in isolamneto da 12 a 15 (+3) <strong>ROCCA PIETORE<\/strong> . Situazione pressoch\u00e9 stazionaria negli ultimi giorni con 5 positivi e 6 in isolamento.<strong> SEREN DEL GRAPPA<\/strong> anche due parroci, Don Giuseppe\u00a0 e Don Alessandro sono risultati postivi al covid, loro stessi lo hanno comunicato loro stessi. <strong>VALLE DI CADORE<\/strong> Positivit\u00e0 in 4 classi su 5 &#8211; ha riferito via social il sindaco Marianna Hofer &#8211; oggi tamponi per tutti i bambini, mi auguro di non dover chiudere l&#8217;istituto. i positivi passano da 35 a 40 due persone in meno (20) in isolamento fiduciario.\u00a0<strong> SANTO STEFANO DI CADORE<\/strong> 92 positivi, 31 isolamento, sono 24 gli ospiti positivi in casa di riposo. AURONZO Il sindaco Tatiana Pais Becher annuncia un lieve miglioramento, i contagi sono scesi a 214, sono 63 le persone in isolamento. <strong>PEDAVENA<\/strong> 37 casi di persone positive al Covid<\/p>\n<p>&nbsp;<\/p>\n<blockquote>\n<h3>COVID IN PROVINCIA: UN DECESSO A BELLUNO, 238 NUOVI POSITIVI E 168 RICOVERATI NEGLI OSPEDALI DELLA PROVINCIA<\/h3>\n<\/blockquote>\n<p><strong><a href=\"https:\/\/www.radiopiu.net\/wordpress\/giornale-radiopiu-10-marzo-2020-direttore-mirko-mezzacasa\/covid-ulss\/\" rel=\"attachment wp-att-121260\"><img loading=\"lazy\" decoding=\"async\" class=\"size-medium wp-image-121260 alignleft\" src=\"https:\/\/www.radiopiu.net\/wordpress\/wp-content\/uploads\/2020\/03\/covid-ulss-300x225.jpg\" alt=\"\" width=\"300\" height=\"225\" srcset=\"https:\/\/www.radiopiu.net\/wordpress\/wp-content\/uploads\/2020\/03\/covid-ulss-300x225.jpg 300w, https:\/\/www.radiopiu.net\/wordpress\/wp-content\/uploads\/2020\/03\/covid-ulss-768x576.jpg 768w, https:\/\/www.radiopiu.net\/wordpress\/wp-content\/uploads\/2020\/03\/covid-ulss.jpg 800w\" sizes=\"auto, (max-width: 300px) 100vw, 300px\" \/><\/a>BELLUNO<\/strong>\u00a0Nelle ultime 24 ore \u00e8 deceduto un paziente covid positivo di 85 anni ricoverato in Geriatria covid a Belluno. 238 i nuovi positivi in Ulss 1 Dolomiti in un giorno (dato aggiornato alle 8 ULSS 1). All&#8217;Ospedale San Martino di Belluno 56 soggetti ricoverati in area non critica e 6 in terapia intensiva. 38 in area non critica e 5 in terapia intensiva all&#8217;Ospedale Santa Maria del Prato di Feltre. Negli ospedali di comunit\u00e0 della provincia sono 63 i pazienti ricoverati: 11 ad Agordo, 4 ad Alano 4, ad Auronzo 14, 20 a Belluno e 14 a Feltre.<\/p>\n<p><em><strong>I DATI AGGIORNATI DA AZIENDA ZERO IN PROVINCIA (ULTIME 24 ORE)<\/strong> POSITIVI DAL 21 FEBBRAIO\u00a0 7174 (+212)\u00a0 \u00a0ATTUALMENTE POSITIVI 4270 \u00a0(+137)<\/em><\/p>\n<p>&nbsp;<\/p>\n<p>&nbsp;<\/p>\n<p>&nbsp;<\/p>\n<p>&nbsp;<\/p>\n<p>&nbsp;<\/p>\n<p>&nbsp;<\/p>\n<p>&nbsp;<\/p>\n<hr \/>\n<p>&nbsp;<\/p>\n<p>&nbsp;<\/p>\n<blockquote><p><em>\u00a0Oltre 300 persone in terapia intensiva, a marzo nel momento del picco erano 356. La curva dei contaggi si \u00e8 leggermente abbassata ma non a Verona, VIcenza e Venezia con un&#8217;escalation dei ricoveri. Gli impiantisti puntano ad aprire la stagione l&#8217;8 dicembre con precise linee guida soprattutto sulla capienza degli impianti, in Veneto se rimane giallo non ci saranno confini, ma non oltre regione come ad esempio sconfinando in Alto Adige zona rossa.\u00a0 L&#8217;amara verit\u00e0: i ristori per la nostra gialla Regione non ci sono. Il Veneto ha imposto le restrizioni oltre DPCM ma ora ha deciso di non riconoscerne i ristori. Alle promesse si aggiunge la promessa del sottosegretario Baretta, ovvero un altro ristoro in arrivo che potrebbe non essere l&#8217;ultimo e all&#8217;interno potrebbe prevedere i ristori per le citt\u00e0 d&#8217;arte considerate comunque zone rosse.<\/em><\/p><\/blockquote>\n<p>&nbsp;<\/p>\n<p>&nbsp;<\/p>\n<hr \/>\n<p>&nbsp;<\/p>\n<blockquote>\n<h3>ALPINISTA IN GRAVI CONDIZIONI. VOLA PER 30 METRI, ELITRASPORTATO A TREVISO<\/h3>\n<\/blockquote>\n<p><strong><a href=\"https:\/\/www.radiopiu.net\/wordpress\/nel-2019-sono-stati-908-gli-interventi-del-soccorso-alpino-e-speleologico-in-calo-del-4-32\/salt_20190914_170959_414\/\" rel=\"attachment wp-att-129119\"><img loading=\"lazy\" decoding=\"async\" class=\"size-medium wp-image-129119 alignleft\" src=\"https:\/\/www.radiopiu.net\/wordpress\/wp-content\/uploads\/2020\/04\/salt_20190914_170959_414-300x225.jpg\" alt=\"\" width=\"300\" height=\"225\" srcset=\"https:\/\/www.radiopiu.net\/wordpress\/wp-content\/uploads\/2020\/04\/salt_20190914_170959_414-300x225.jpg 300w, https:\/\/www.radiopiu.net\/wordpress\/wp-content\/uploads\/2020\/04\/salt_20190914_170959_414-1024x768.jpg 1024w, https:\/\/www.radiopiu.net\/wordpress\/wp-content\/uploads\/2020\/04\/salt_20190914_170959_414-768x576.jpg 768w, https:\/\/www.radiopiu.net\/wordpress\/wp-content\/uploads\/2020\/04\/salt_20190914_170959_414.jpg 1240w\" sizes=\"auto, (max-width: 300px) 100vw, 300px\" \/><\/a>CORTINA\u00a0<\/strong>Sono molto gravi le condizioni di un giovane alpinista precipitato in un canale durante la scalata di Cima Ra Zesta, tra i Tondi di Faloria e Forcella Marcuoira. Gregor Gombac, 24 anni, di Cortina d&#8217;Ampezzo (BL), stava salendo, primo di cordata, con ramponi e piccozza assieme un amico lungo la parete del versante nord, una prima parte di salti di roccia e poi neve, quando \u00e8 volato, una trentina di metri pi\u00f9 in alto rispetto al compagno. La sua caduta ha strappato tutte le protezioni, compresa la sosta dove si trovava l&#8217;amico ed entrambi sono ruzzolati per diverse decine di metri. L&#8217;amico, che fortunatamente non aveva riportato grosse conseguenze, \u00e8 riuscito a dare l&#8217;allarme al 118 passate le 9 ed \u00e8 subito decollato l&#8217;elicottero del Suem di Pieve di Cadore. Individuato il luogo dell&#8217;incidente, con un verricello sono stati calati tecnico di elisoccorso e personale sanitario, che hanno subito prestato le prime cure urgenti al giovane, apparso subito in gravi condizioni e incosciente, mentre l&#8217;elicottero andava a imbarcare un soccorritore di Cortina in supporto alle operazioni. In contemporanea una squadra del Soccorso alpino e del Sagf di Cortina si \u00e8 portata al Passo Tre Croci per eventuali altre necessit\u00e0. L&#8217;infortunato, con sospetto politrauma, \u00e8 stato imbarellato e recuperato per essere trasportato prima al Passo, dove il medico ha potuto ulteriormente intervenire, e da l\u00ec all&#8217;ospedale di Treviso. Il compagno \u00e8 stato portato in ambulanza al Codivilla per le opportune verifiche .<\/p>\n<p>&nbsp;<\/p>\n<p>&nbsp;<\/p>\n<hr \/>\n<p>&nbsp;<\/p>\n<blockquote>\n<h3>LUXOTTICA: TROVATO L&#8217;ACCORDO PER LA BANCA ORE PARENTALE<\/h3>\n<\/blockquote>\n<p><strong><a href=\"https:\/\/www.radiopiu.net\/wordpress\/luxottica-agordo-il-calendario-ferie-di-natale\/maglia-luxottica\/\" rel=\"attachment wp-att-103580\"><img loading=\"lazy\" decoding=\"async\" class=\"size-medium wp-image-103580 alignleft\" src=\"https:\/\/www.radiopiu.net\/wordpress\/wp-content\/uploads\/2019\/10\/MAGLIA-LUXOTTICA-300x300.jpeg\" alt=\"\" width=\"300\" height=\"300\" srcset=\"https:\/\/www.radiopiu.net\/wordpress\/wp-content\/uploads\/2019\/10\/MAGLIA-LUXOTTICA-300x300.jpeg 300w, https:\/\/www.radiopiu.net\/wordpress\/wp-content\/uploads\/2019\/10\/MAGLIA-LUXOTTICA-150x150.jpeg 150w, https:\/\/www.radiopiu.net\/wordpress\/wp-content\/uploads\/2019\/10\/MAGLIA-LUXOTTICA-768x768.jpeg 768w, https:\/\/www.radiopiu.net\/wordpress\/wp-content\/uploads\/2019\/10\/MAGLIA-LUXOTTICA.jpeg 1024w\" sizes=\"auto, (max-width: 300px) 100vw, 300px\" \/><\/a>AGORDO<\/strong> I segretari provinciali di Filctem-CGIL, Femca-CISL e Uiltec-UIL, nelle persone di Denise Casanova, Nicola Brancher e Rosario Martines, e la dirigenza di Luxottica si sono incontrate venerd\u00ec scorso. Sul tavolo un&#8217;importante novit\u00e0 per i genitori con figli da 0 a 14 anni e i beneficiari della legge 104 (per se stessi o famigliari). Infatti \u00e8 stato firmato un accordo che riguarda una nuova iniziativa welfare. Si tratta della Banca Ore Parentali che garantir\u00e0 ai lavoratori con problemi famigliari 2 giornate lavorative, corrispondenti a 16 ore, da poter utilizzare entro il 31 gennaio 2021. Le ore in questione potranno essere usate anche singolarmente al bisogno e saranno pagate al 50% ma nel caso in cui i genitori siano entrambi dipendenti Luxottica solo uno potr\u00e0 farne uso. Le 16 ore sono disponibili per i lavoratori a tempo pieno mentre per i contratti part-time verranno riproporzionato in base alla percentuale del Part-Time specifico. La richiesta per l&#8217;utilizzo della banca ore parentale dovr\u00e0 essere fatta dal dipendente tramite il portale MyPersonalDesk. Sono esclusi dall&#8217;iniziativa welfare i Quadri e Dirigenti.<\/p>\n<p>&nbsp;<\/p>\n<p>&nbsp;<\/p>\n<p>&nbsp;<\/p>\n<p>&nbsp;<\/p>\n<p>&nbsp;<\/p>\n<p>&nbsp;<\/p>\n<p>&nbsp;<\/p>\n<p>&nbsp;<\/p>\n<hr \/>\n<p>&nbsp;<\/p>\n<blockquote>\n<h2>SOCIETA&#8217; SPORTIVE:\u00a0 DOMANDE DI CONTRIBUTO ENTRO IL 24 NOVEMBRE<\/h2>\n<\/blockquote>\n<p><strong>BELLUNO<\/strong>\u00a0 Per dare un aiuto alle associazioni e allo societ\u00e0 sportive messe in gravi difficolt\u00e0 dall&#8217;emergenza sanitaria, il Dipartimento per lo sport della Presidenza del Consiglio dei Ministri ha messo a loro disposizione dei contributi forfettari a fondo perduto. Si tratta di 1.600 euro una tantum che potranno essere erogati ad ogni associazione e societ\u00e0 che ne ha fatto richiesta e che \u00e8 stata ammessa al bando; i requisiti per l&#8217;accesso sono indicati nel testo dell&#8217;avviso leggibile all&#8217;indirizzo http:\/\/www.sport.governo.it\/media\/2357\/avviso_18-nov.pdf Le domande potranno essere presentate esclusivamente via Internet al sito https:\/\/www.sportgov.it\/fondo-perduto-novembre\/it\/home\/ e dovranno essere presentate entro le 16:00 di marted\u00ec 24 novembre. Se l\u2019ammontare delle richieste dovesse superare \u2013 o, al contrario, non raggiungere il totale delle risorse disponibili -, il Dipartimento per lo Sport potr\u00e0 operare una rimodulazione del contributo.<\/p>\n<blockquote>\n<h3><\/h3>\n<h3><\/h3>\n<\/blockquote>\n<hr \/>\n<p>&nbsp;<\/p>\n<blockquote class=\"wp-embedded-content\" data-secret=\"t2gXnHqd8s\"><p><a href=\"https:\/\/www.radiopiu.net\/wordpress\/agg21\/\">CORONAVIRUS: AGGIORNAMENTO NAZIONALE 21 NOVEMBRE<\/a><\/p><\/blockquote>\n<p><iframe loading=\"lazy\" class=\"wp-embedded-content\" sandbox=\"allow-scripts\" security=\"restricted\" style=\"position: absolute; clip: rect(1px, 1px, 1px, 1px);\" title=\"&#8220;CORONAVIRUS: AGGIORNAMENTO NAZIONALE 21 NOVEMBRE&#8221; &#8212; Radio Pi\u00f9\" src=\"https:\/\/www.radiopiu.net\/wordpress\/agg21\/embed\/#?secret=t2gXnHqd8s\" data-secret=\"t2gXnHqd8s\" width=\"600\" height=\"338\" frameborder=\"0\" marginwidth=\"0\" marginheight=\"0\" scrolling=\"no\"><\/iframe><\/p>\n<p>&nbsp;<\/p>\n<hr \/>\n<p>&nbsp;<\/p>\n<blockquote class=\"wp-embedded-content\" data-secret=\"tb1WpOpY8k\"><p><a href=\"https:\/\/www.radiopiu.net\/wordpress\/in-veneto-3442-nuovi-positivi-nelle-ultime-24-ore-42-decessi-in-aumento-i-ricoveri-in-area-non-critica-in-calo-nelle-terapie-intensive-a-belluno-sono-212-i-nuovi-positivi-della-giornata\/\">IN VENETO 3442 NUOVI POSITIVI NELLE ULTIME 24 ORE. 42 DECESSI, IN AUMENTO I RICOVERI IN AREA NON CRITICA, IN CALO NELLE TERAPIE INTENSIVE. A BELLUNO SONO 212 I NUOVI POSITIVI DELLA GIORNATA<\/a><\/p><\/blockquote>\n<p><iframe loading=\"lazy\" class=\"wp-embedded-content\" sandbox=\"allow-scripts\" security=\"restricted\" style=\"position: absolute; clip: rect(1px, 1px, 1px, 1px);\" title=\"&#8220;IN VENETO 3442 NUOVI POSITIVI NELLE ULTIME 24 ORE. 42 DECESSI, IN AUMENTO I RICOVERI IN AREA NON CRITICA, IN CALO NELLE TERAPIE INTENSIVE. A BELLUNO SONO 212 I NUOVI POSITIVI DELLA GIORNATA&#8221; &#8212; Radio Pi\u00f9\" src=\"https:\/\/www.radiopiu.net\/wordpress\/in-veneto-3442-nuovi-positivi-nelle-ultime-24-ore-42-decessi-in-aumento-i-ricoveri-in-area-non-critica-in-calo-nelle-terapie-intensive-a-belluno-sono-212-i-nuovi-positivi-della-giornata\/embed\/#?secret=tb1WpOpY8k\" data-secret=\"tb1WpOpY8k\" width=\"600\" height=\"338\" frameborder=\"0\" marginwidth=\"0\" marginheight=\"0\" scrolling=\"no\"><\/iframe><\/p>\n<p>&nbsp;<\/p>\n<hr \/>\n<p>&nbsp;<\/p>\n<blockquote>\n<h3>I GRAFICI DI TIZIANO DE COL<\/h3>\n<\/blockquote>\n\n\t\t\t<style type='text\/css'>\n\t\t\t\t#gallery-1 {\n\t\t\t\t\tmargin: auto;\n\t\t\t\t}\n\t\t\t\t#gallery-1 .gallery-item {\n\t\t\t\t\tfloat: left;\n\t\t\t\t\tmargin-top: 10px;\n\t\t\t\t\ttext-align: center;\n\t\t\t\t\twidth: 50%;\n\t\t\t\t}\n\t\t\t\t#gallery-1 img {\n\t\t\t\t\tborder: 2px solid #cfcfcf;\n\t\t\t\t}\n\t\t\t\t#gallery-1 .gallery-caption {\n\t\t\t\t\tmargin-left: 0;\n\t\t\t\t}\n\t\t\t\t\/* see gallery_shortcode() in wp-includes\/media.php *\/\n\t\t\t<\/style>\n\t\t<div id='gallery-1' class='dt-gallery-container gallery galleryid-174128 gallery-columns-2 gallery-size-medium'><dl class='gallery-item'>\n\t\t\t\t<dt class='gallery-icon landscape'>\n\t\t\t\t\t<a class=\"rollover rollover-zoom dt-pswp-item\" title=\"bc80641a-2916-4eb6-b8b4-edbc2b4063cd\" data-dt-img-description=\"\" data-large_image_width=\"667\" data-large_image_height=\"476\"href='https:\/\/www.radiopiu.net\/wordpress\/wp-content\/uploads\/2020\/11\/bc80641a-2916-4eb6-b8b4-edbc2b4063cd.jpg'><img loading=\"lazy\" decoding=\"async\" width=\"300\" height=\"214\" src=\"https:\/\/www.radiopiu.net\/wordpress\/wp-content\/uploads\/2020\/11\/bc80641a-2916-4eb6-b8b4-edbc2b4063cd-300x214.jpg\" class=\"attachment-medium size-medium\" alt=\"\" srcset=\"https:\/\/www.radiopiu.net\/wordpress\/wp-content\/uploads\/2020\/11\/bc80641a-2916-4eb6-b8b4-edbc2b4063cd-300x214.jpg 300w, https:\/\/www.radiopiu.net\/wordpress\/wp-content\/uploads\/2020\/11\/bc80641a-2916-4eb6-b8b4-edbc2b4063cd.jpg 667w\" sizes=\"auto, (max-width: 300px) 100vw, 300px\" \/><\/a>\n\t\t\t\t<\/dt><\/dl><dl class='gallery-item'>\n\t\t\t\t<dt class='gallery-icon landscape'>\n\t\t\t\t\t<a class=\"rollover rollover-zoom dt-pswp-item\" title=\"8cfbf8b1-b660-4072-8929-90b46ece903b\" data-dt-img-description=\"\" data-large_image_width=\"654\" data-large_image_height=\"375\"href='https:\/\/www.radiopiu.net\/wordpress\/wp-content\/uploads\/2020\/11\/8cfbf8b1-b660-4072-8929-90b46ece903b.jpg'><img loading=\"lazy\" decoding=\"async\" width=\"300\" height=\"172\" src=\"https:\/\/www.radiopiu.net\/wordpress\/wp-content\/uploads\/2020\/11\/8cfbf8b1-b660-4072-8929-90b46ece903b-300x172.jpg\" class=\"attachment-medium size-medium\" alt=\"\" srcset=\"https:\/\/www.radiopiu.net\/wordpress\/wp-content\/uploads\/2020\/11\/8cfbf8b1-b660-4072-8929-90b46ece903b-300x172.jpg 300w, https:\/\/www.radiopiu.net\/wordpress\/wp-content\/uploads\/2020\/11\/8cfbf8b1-b660-4072-8929-90b46ece903b.jpg 654w\" sizes=\"auto, (max-width: 300px) 100vw, 300px\" \/><\/a>\n\t\t\t\t<\/dt><\/dl><br style=\"clear: both\" \/>\n\t\t\t<\/div>\n\n<p>&nbsp;<\/p>\n<p>&nbsp;<\/p>\n<hr \/>\n<p>&nbsp;<\/p>\n<blockquote>\n<h2>LEGGI LA CONFERENZA STAMPA DI LUCA ZAIA: &#8220;Se invito De Luca per la prova del tampone? Che se ne stia in Campagna che ha gi\u00e0 tanto da fare&#8221;<\/h2>\n<\/blockquote>\n<p><em>&#8220;ci preoccupa\u00a0 l&#8217;area non critica, rappresenta la vera pressione ospedaliera, perch\u00e9 abbiamo anche i pazienti non CoviD. Terapie intensive: \u00a0pi\u00f9 di 800 allestite : in 36 ore ne mettiamo in funzione 1000 di queste 166 arrivano dalle semi-intensive.&#8221;.<\/em><\/p>\n<p>Siamo ancora area gialla, ma si scrive giallo e si deve vedere rosso, non siamo usciti da questo casino. Siamo ancora in zona gialla, succeda quel che succeda ma da un mese siamo qui a difenderci dal virus, non dagli attacchi del Ministero. Il livello di organizzazione \u00e8 una visione industriale. Se da un lato c&#8217;\u00e8 il mondo scientifico che eroga servizi dall&#8217;altro c&#8217;\u00e8 un&#8217;organizzazione metodica e puntuale. Le previsioni meteo ci dicono che sar\u00e0 bel tempo, evitate di far casino. L&#8217;ordinanza non si discute, alla fine non chiede sacrifici immani al cittadino, a chi chiude il negozio un po&#8217; di piu&#8217;, ma non bisogna andare a fare assembramennti. Dietro l&#8217;angolo c&#8217;\u00e8 la zona arancione e quindi rossa. La responsabilit\u00e0 \u00e8 nostra, di qui l&#8217;invito di metterci l&#8217;impegno di sette giorni fa sugli assembramenti. No ai centri storici, allo struscio, al mare, in montagna, al lago dove comunque c&#8217;\u00e8 assembramento. Non avrei mai pensato di dare questa indicazione nell&#8217;azione di Governo ma lo dobbiamo fare per uscire da questa situazione, per rispetto di chi soffre in ospedale e come segno di gratitudine a tutti gli operatori sanitari. Mentre noi stiamo passeggiando e facendo ammassamento dall&#8217;altra ci sono i pazienti complessi in ospedale. La verit\u00e0 \u00e8 che tutti abbiamo la preoccupazione che non si abbassi la guardia, l&#8217;ordinanza che scade domenica sera sar\u00e0 reiterata con piccoli aggiustamenti per agevolare il tema delle biblioteche per dare un bel segnale visto il coprifuoco e i ristoranti chiusi.Per noi non \u00e8 finita la battaglia. <strong>OSPEDALE<\/strong> Teniamo con le terapie intensive ma abbiamo secondo i parametri stabiliti dalla norma 1000 terapie intensive utili. IN 36 ore garantiamo le 1000 terapie checche&#8217; ne dicano nei salotti televisivi. Abbiamo tutto comprese le attrezzature. Le ultime saranno quelle delle sale operatorie. Se abbiamo 1000 terapie intensive piene avremo 8000 pazienti in ospedale costretti a curare solo covid. In Veneto \u00e8 pur vero che c&#8217;\u00e8 un segnale di gobbetta giusta verso il basso sui ricoveri, ma \u00e8 solo un segnale, perch\u00e9 si stabilizzi si deve consolidare. E&#8217; altrettanto vero che abbiamo tre realt\u00e0 Verona, Vicenza e\u00a0 Venezia che sono le uniche che non hanno l&#8217;uncino sulla curva che sono ancora con un trand crescente. Se non ci mettiamo pancia a terra a rispettiamo le regole si impennano di nuovo le curve. <strong>NATALE?<\/strong> Ci ingrasseremo tutti, mangeremo il panettone da soli, non si potr\u00e0 condividere con la tavolata. Mi auguro si possa tornare al Natale in famiglia, quello vero. <strong>VACCINI\u00a0<\/strong> Siamo pronti a collaborare anche con i privati, sar\u00e0 una mole di lavoro molto grande, con il vaccino Pfizer servono 80 gradi sotto lo zero per la conservazione, per altri bastano temperature ben pi\u00f9 basse. Servir\u00e0 una task force per i vaccini, migliaia e migliaia di medici. E immagino che ci saranno almeno 4 o 5 vaccini autorizzati. <strong>FARMACO KLEXANE FATTO PAGARE AL PAZIENTE 66 EURO?<\/strong> E&#8217; la prima volta che lo sento, lo verificheremo mi sembra strano che un paziente possa andare in farmacia e ordinare una terapia anti covid, mi risulta sia anti coagulante. <strong>REGIONI SOTTO CONTROLLO E GIA&#8217; UN FASCIA ARANCIONE, AVETE IN MENTE ALTRE MISURE PER NON DIVENTARE GRIGI COME DICE LEI?<\/strong> In quanto a regioni osservate speciale \u00e8 un monito importante a comportarsi bene. Rispetto alle misure oggi non sono in grado di dirle, se ce ne sono che possono di essere d&#8217;aiuto e non di impatto all&#8217;economia le adotteremo. <strong>AVETE NOTIZIE SUI RISTORI?<\/strong> No, ho letto ma non ho capito nulla. Telefoner\u00f2 a Boccia per avere chiarimenti. Non ho trovato nulla di esplicito ai ristori, ma \u00e8 pieno di riferimenti di legge quindi\u00a0 va studiato fino in fondo. <strong>PREVISIONE TEMPI VACCINI<\/strong> Per gennaio dovremo avere oltre 3 milioni di dosi per trattare oltre 1 milione e settecentomila persone (2 per ogni cittadino) dedicati a personale sanitario e categorie pi\u00f9 deboli, a rischio, case di riposo in primis. Poi sar\u00e0 un crescendo di disponibilit\u00e0 e avremo forse l&#8217;imbarazza della scelta con pi\u00f9 vaccini.<strong> ATTENZIONE ALLE TRUFFE<\/strong>\u00a0 C&#8217;\u00e8 chi chiama le famiglie. chiede quante persone in casa e vengono proposti i tamponi. attenzione perch\u00e9 \u00e8 tutto molto discutibile. Stiamo verificando. <strong>NOMINE<\/strong> I direttori generali scadono il 31 dicembre, se non ci saranno emergenze si va al rinnovo. Direttore generale della sanit\u00e0 l&#8217;avviso si chiude il 9 dicembre, anche per il Segretario. E&#8217; ovvio che aver fatto la legge di modifica stipendiale ci permette di aver un parteree pi\u00f9 ampio sui possibili candidati, prima l&#8217;inquadramento era poco appetibile rispetto agli stipendi. Se uno viene da fuori ha il tema dello spostamento, vitto e alloggio. <span style=\"color: #ff0000;\"><strong>OGGI IL DIRETTORE GENERALE CON IL PREMIO GUADAGNA 158.000 EURO, NON TUTTI POSSONO FARE IL DIRETTORE GENERALE CHE UN CITTADINO SI CHIEDE QUANTI SOLDI&#8230; MA SONO ATTIVITA&#8217; CHE RICHIEDONO IMPEGNO E RISCHIO, O LI SI REMUNERA O NON SI TROVANO.<\/strong> <span style=\"color: #000000;\">In<\/span><span style=\"color: #000000;\"> ogni modo ora andiamo avanti con la squadra che abbiamo ben preparata per combattere l&#8217;epidemia in corso. Un inserimento durante la crisi potrebbe diventare un detonatore. <strong>CREDEVAMO FOSSE AMICO DI DE LUCA MA IERI HA DETTO CHE SBAGLIA E NON SI FIDA TANTO<\/strong> Non ho visto. Se lo invito per una sperimentazione del tampone che contesta? Meglio che se ne stia in Campania che ha gi\u00e0 tanto da fare.\u00a0<\/span><\/span><\/p>\n<p>https:\/\/www.facebook.com\/zaiaufficiale\/videos\/193384405689622<\/p>\n<p>&nbsp;<\/p>\n<p>&nbsp;<\/p>\n<hr \/>\n<p>&nbsp;<\/p>\n<blockquote>\n<h3>LA CUCCHINI POTRA&#8217; USARE IL MAGAZZINO PER NOVE ANNI<\/h3>\n<\/blockquote>\n<p><a href=\"https:\/\/www.radiopiu.net\/wordpress\/la-cucchini-potra-usare-il-magazzino-per-nove-anni\/img-20201119-wa0027\/\" rel=\"attachment wp-att-174195\"><img loading=\"lazy\" decoding=\"async\" class=\" wp-image-174195 alignleft\" src=\"https:\/\/www.radiopiu.net\/wordpress\/wp-content\/uploads\/2020\/11\/IMG-20201119-WA0027-300x225.jpg\" alt=\"\" width=\"223\" height=\"167\" srcset=\"https:\/\/www.radiopiu.net\/wordpress\/wp-content\/uploads\/2020\/11\/IMG-20201119-WA0027-300x225.jpg 300w, https:\/\/www.radiopiu.net\/wordpress\/wp-content\/uploads\/2020\/11\/IMG-20201119-WA0027-1024x768.jpg 1024w, https:\/\/www.radiopiu.net\/wordpress\/wp-content\/uploads\/2020\/11\/IMG-20201119-WA0027-768x576.jpg 768w, https:\/\/www.radiopiu.net\/wordpress\/wp-content\/uploads\/2020\/11\/IMG-20201119-WA0027-1536x1152.jpg 1536w, https:\/\/www.radiopiu.net\/wordpress\/wp-content\/uploads\/2020\/11\/IMG-20201119-WA0027.jpg 1600w\" sizes=\"auto, (max-width: 223px) 100vw, 223px\" \/><\/a><strong>BELLUNO<\/strong> \u00c8 stata sottoscritta\u00a0 la convenzione tra Ulss 1 Dolomiti e associazione Cucchini per il magazzino ausili. Un comodato d\u2019uso per nove anni che garantir\u00e0 continuit\u00e0 nell\u2019operato dell\u2019associazione ed efficienza nell\u2019erogazione dei servizi di cure palliative. A gennaio 2018 Cucchini si era impegnata a realizzare a favore dell\u2019Ulss un immobile a uso magazzino all\u2019interno della propriet\u00e0 dell\u2019Azienda sanitaria. Una struttura progettata per la custodia e il ricovero degli ausili da destinare ai pazienti in assistenza domiciliare seguiti dai volontari della associazione. L\u2019immobile \u00e8 stato realizzato, all\u2019interno dell\u2019area ospedaliera, nei pressi dell\u2019hospice Casa Tua Due. In parte sar\u00e0 destinato al comodato d\u2019uso all\u2019Associazione e in parte rimarr\u00e0 nelle disponibilit\u00e0 dell\u2019Ulss per far fronte alle esigenze urgenti e necessarie dovute alla pandemia. <em>\u00abCon questo nuovo magazzino si arricchisce la possibilit\u00e0 di portare avanti le nostre attivit\u00e0 caratterizzanti &#8211; commenta il presidente della Cucchini, il professor Paolo Colleselli -. Servir\u00e0 per il ricovero degli ausili che i nostri volontari quotidianamente consegnano a domicilio alle persone ammalate. Sono tre le parti che compongono la struttura: una \u00e8 dedicata all\u2019arrivo del materiale utilizzato; un\u2019altra serve per lavare e disinfettare gli ausili, per renderli pronti a un nuovo utilizzo; infine c\u2019\u00e8 il magazzino vero e proprio. Il nuovo magazzino va a completare quella che \u00e8 a tutti gli effetti una \u201ccittadella sanitaria\u201d. Un forte ringraziamento va al benefattore Umberto Fiabane, che, assieme all\u2019importante contributo dell\u2019associazione, ha reso possibile la realizzazione dell\u2019opera, oltre alla disponibilit\u00e0 dell\u2019Azienda Ulss, con cui la collaborazione \u00e8 sempre stretta e proficua\u00bb<\/em><\/p>\n<p>&nbsp;<\/p>\n<p>&nbsp;<\/p>\n<hr \/>\n<p>&nbsp;<\/p>\n<blockquote>\n<h3>RETE DELLE FARMACIE VENETE PRONTE AI TAMPONI RAPIDI IN CONVENZIONE<\/h3>\n<\/blockquote>\n<p><strong><a href=\"https:\/\/www.radiopiu.net\/wordpress\/giornale-radiopiu-30-settembre-2020-direttore-mirko-mezzacasa\/andrea-bellon-presidente-federfarma-veneto-ok\/\" rel=\"attachment wp-att-163255\"><img loading=\"lazy\" decoding=\"async\" class=\"size-medium wp-image-163255 alignleft\" src=\"https:\/\/www.radiopiu.net\/wordpress\/wp-content\/uploads\/2020\/09\/Andrea-Bellon-presidente-Federfarma-Veneto-OK-225x300.jpg\" alt=\"\" width=\"225\" height=\"300\" srcset=\"https:\/\/www.radiopiu.net\/wordpress\/wp-content\/uploads\/2020\/09\/Andrea-Bellon-presidente-Federfarma-Veneto-OK-225x300.jpg 225w, https:\/\/www.radiopiu.net\/wordpress\/wp-content\/uploads\/2020\/09\/Andrea-Bellon-presidente-Federfarma-Veneto-OK-768x1024.jpg 768w, https:\/\/www.radiopiu.net\/wordpress\/wp-content\/uploads\/2020\/09\/Andrea-Bellon-presidente-Federfarma-Veneto-OK-360x480.jpg 360w, https:\/\/www.radiopiu.net\/wordpress\/wp-content\/uploads\/2020\/09\/Andrea-Bellon-presidente-Federfarma-Veneto-OK.jpg 848w\" sizes=\"auto, (max-width: 225px) 100vw, 225px\" \/><\/a>VENEZIA<\/strong>\u00a0Sono circa 500 le farmacie aderenti a Federfarma Veneto che hanno dato la propria disponibilit\u00e0 ad eseguire i test antigenici rapidi per la ricerca del virus SARS-CoV-2 presso le farmacie stesse o in strutture dedicate. Si tratta degli stessi tamponi, che stanno gi\u00e0 eseguendo presso i propri ambulatori i medici di medicina generale. Il 12 novembre l\u2019assessore alla Sanit\u00e0 della Regione Veneto Emanuela Lanzarin in un incontro con i rappresentanti delle farmacie territoriali aveva chiesto di fornire all\u2019amministrazione regionale il numero delle farmacie disposte ad intraprendere questa modalit\u00e0 diagnostica. \u00ab<em>Calcolata in questa prima ricognizione la nostra disponibilit\u00e0 che si aggira attorno al 40%, siamo ora in attesa che la Regione ci indichi il prosieguo dell\u2019iter \u2013 spiega Andrea Bellon presidente di Federfarma Veneto -. Giudico la risposta positiva da parte delle farmacie venete come un atteggiamento di grande responsabilit\u00e0 e senso civico perch\u00e9 si tratta di un servizio impegnativo a favore dell&#8217;intera collettivit\u00e0. I tamponi rapidi potranno essere eseguiti in regime convenzionato, quindi a carico della Regione Veneto, e sar\u00e0 la Regione stessa ad indicarci con quali modalit\u00e0 le farmacie verranno coinvolte nell\u2019attivit\u00e0 di screening, ferme restando le fondamentali condizioni di sicurezza che dovranno essere garantite agli utenti e a tutti gli operatori sanitari, farmacisti titolari e collaboratori di farmacia, attraverso un protocollo d&#8217;intesa.\u00a0<\/em><em>Le farmacie immediatamente, alla prima ondata di Covid, hanno operato per la sicurezza della popolazione che le ha subito riconosciute, anche nel picco pandemico, come siti sicuri nel pieno rispetto delle normative anticontagio, poli sanitari professionali, sempre aperti, con il valore aggiunto della familiarit\u00e0 dell\u2019ambiente. Tutto ci\u00f2 deve rimanere valido anche nella somministrazione dei tamponi rapidi ed \u00e8 per questo che, in ogni caso, saranno pratiche eseguite anche oltre l\u2019orario di apertura, in locali con accesso diverso da quello principale della farmacia. Ipotizzabile anche l\u2019allestimento di gazebi nonch\u00e9 di strutture dedicate al di fuori della farmacia stessa. Sempre per garantire il pi\u00f9 alto livello di performance, la procedura diagnostica, in grado di fornire l\u2019esito nel giro di qualche minuto, verr\u00e0 effettuata da personale infermieristico specializzato. Il progetto prevede che i pazienti accedano alla farmacia muniti di prescrizione del medico di medicina generale che avr\u00e0 valutato l\u2019opportunit\u00e0 di fare eseguire il test al soggetto interessato. Ribadisco quindi che l\u2019incoraggiante risposta ricevuta dalle farmacie del territorio suffraga la disponibilit\u00e0 della nostra rete di continuare a collaborare fattivamente con tutti gli altri operatori coinvolti anche in questo particolare momento di recrudescenza dell\u2019epidemia<\/em>\u00bb.<\/p>\n<p>&nbsp;<\/p>\n<hr \/>\n<p>&nbsp;<\/p>\n<p>&nbsp;<\/p>\n<blockquote>\n<h3>DALL&#8217; EX ZANUSSI AD OGGI, UN PRESENTE CREATO CON LE PASSATE LOTTE E MOBILITAZIONI SIMBOLO DELLA COMUNITA&#8217; UNITA<\/h3>\n<\/blockquote>\n<p><em><a href=\"https:\/\/www.radiopiu.net\/wordpress\/il-ritorno-al-lavoro-dei-licenzati-dai-cinesi\/schermata-2020-06-19-alle-18-09-19\/\" rel=\"attachment wp-att-145359\"><img loading=\"lazy\" decoding=\"async\" class=\"size-medium wp-image-145359 alignleft\" src=\"https:\/\/www.radiopiu.net\/wordpress\/wp-content\/uploads\/2020\/06\/Schermata-2020-06-19-alle-18.09.19-300x145.png\" alt=\"\" width=\"300\" height=\"145\" srcset=\"https:\/\/www.radiopiu.net\/wordpress\/wp-content\/uploads\/2020\/06\/Schermata-2020-06-19-alle-18.09.19-300x145.png 300w, https:\/\/www.radiopiu.net\/wordpress\/wp-content\/uploads\/2020\/06\/Schermata-2020-06-19-alle-18.09.19-1024x493.png 1024w, https:\/\/www.radiopiu.net\/wordpress\/wp-content\/uploads\/2020\/06\/Schermata-2020-06-19-alle-18.09.19-768x370.png 768w, https:\/\/www.radiopiu.net\/wordpress\/wp-content\/uploads\/2020\/06\/Schermata-2020-06-19-alle-18.09.19-1536x740.png 1536w, https:\/\/www.radiopiu.net\/wordpress\/wp-content\/uploads\/2020\/06\/Schermata-2020-06-19-alle-18.09.19.png 1652w\" sizes=\"auto, (max-width: 300px) 100vw, 300px\" \/><\/a>&#8220;Un anno fa migliaia di persone si radunarono ai cancelli dell&#8217;Acc ex Zanussi con partecipazione, orgoglio ei appartenenza, genorosit\u00e0 e condivisione: le parole d&#8217;ordine della manifestazione&#8221;.<\/em> Cos\u00ec il segretario gemerale della Fiom Cgil, Stefano Bona- che ricorda l&#8217;emozione e l&#8217;orgoglio nel vedere una comunit\u00e0 unita a civile difendere il lavoro come elemento centrale e fondativo del vivere.<em> &#8220;Oggi &#8211;\u00a0 dice Bona &#8211; possiamo dire, grazie al lavoro, alla generosit\u00e0 e al sacrificio di tutte le parti in causa di essere vicini ad una positiva soluzione&#8221;.<\/em> Acc \u00e8 al centro di un progetto\u00a0 sulla ricostituzione di un campione Nazionale del compressore facendo leva sull&#8217;articolo del decreto rilancio che da vita all&#8217;Acc e alla ex Embraco che sar\u00e0 lavoro a oltre 700 lavoratori e lavoratrice<em>. &#8220;A breve &#8211; dice Bona &#8211; la commissione europea dovr\u00e0 esprimersi in merito all&#8217;attivazione dei fondi necessari, siamo certi che ci sar\u00e0 una positiva attenzione per questo progetto di valorizzazione tecnica e di reshoring produttivo di una storica competenza continentale, evitando il rischio di uffici antitrust attardati su una vecchia concezione della concorrenza che guarda solo al versante della riduzione dei costi e non ai veri equilibri competitivi,. Decisioni urgente e necessarie alle quali guardiamo con attenzione, consapevoli e determinati nel sostenere, insieme alle lavoratrici e e lavoratori bellunesi e piemontesi che con le loro lotte e mobilitazioni hanno impedito la chiusura totale delle fabbriche, che non accetteremo soluzioni diverse da quelle ampiamente condivise nell&#8217;ultimo tavolo ministeriale del 12 novembre scorso&#8221;:\u00a0<\/em><\/p>\n<p>&nbsp;<\/p>\n<p>&nbsp;<\/p>\n<p>&nbsp;<\/p>\n<p>&nbsp;<\/p>\n<hr \/>\n<p>&nbsp;<\/p>\n<blockquote>\n<h3>INTIMIDAZIONI NAZIFASCISTE AL WEBINAR CGIL, SOLIDARIET\u00c0 DALLA CISL<\/h3>\n<\/blockquote>\n<p><strong>BELLUNO <\/strong>Solidariet\u00e0 della Cisl Belluno Treviso alla Cgil bellunese, vittima di intimidazioni di stampo nazifascista durante un webinar organizzato dallo Spi. \u201c<em>Offese e minacce inaccettabili &#8211; dichiara il Segretario generale della Cisl territoriale Massimiliano Paglini -, esprimiamo la nostra vicinanza ai colleghi e amici della Cgil, la difesa dei valori della democrazia e del diritto di espressione rimane il baluardo per tutte le organizzazioni sindacali. Le derive neofasciste a cui spesso si assiste in questo periodo anche nei nostri territori sono un segnale allarmante, a ricordarci che non dobbiamo mai abbassare la guardia nella difesa di ideali troppo spesso dati per scontato in questo Paese, come la libert\u00e0, la solidariet\u00e0, la pace e il diritto al lavoro<\/em>\u201d.<\/p>\n<p>&nbsp;<\/p>\n<p><strong>L&#8217;ARTICOLO PUBBLICATO SUL SITO DI RADIO PIU&#8217;<\/strong><\/p>\n<blockquote class=\"wp-embedded-content\" data-secret=\"wo6JgHocEK\"><p><a href=\"https:\/\/www.radiopiu.net\/wordpress\/intimidazioni-fasciste-ricevute-dallo-spi-cgil-nel-corso-di-una-videoconferenza\/\">INTIMIDAZIONI FASCISTE RICEVUTE DALLO SPI CGIL NEL CORSO DI UNA VIDEOCONFERENZA<\/a><\/p><\/blockquote>\n<p><iframe loading=\"lazy\" class=\"wp-embedded-content\" sandbox=\"allow-scripts\" security=\"restricted\" style=\"position: absolute; clip: rect(1px, 1px, 1px, 1px);\" title=\"&#8220;INTIMIDAZIONI FASCISTE RICEVUTE DALLO SPI CGIL NEL CORSO DI UNA VIDEOCONFERENZA&#8221; &#8212; Radio Pi\u00f9\" src=\"https:\/\/www.radiopiu.net\/wordpress\/intimidazioni-fasciste-ricevute-dallo-spi-cgil-nel-corso-di-una-videoconferenza\/embed\/#?secret=wo6JgHocEK\" data-secret=\"wo6JgHocEK\" width=\"600\" height=\"338\" frameborder=\"0\" marginwidth=\"0\" marginheight=\"0\" scrolling=\"no\"><\/iframe><\/p>\n<p>&nbsp;<\/p>\n<hr \/>\n<p>&nbsp;<\/p>\n<blockquote>\n<h3>GIORNATA INTERNAZIONALE CONTRO LA VIOLENZA SULLE DONNE. APPELLO DI FRATELLI D&#8217;ITALIA VENETO PER INIZIATIVE IN OGNI COMUNE<\/h3>\n<\/blockquote>\n<p><strong><a href=\"https:\/\/www.radiopiu.net\/wordpress\/giornata-internazionale-contro-la-violenza-sulle-donne-appello-di-fratelli-ditalia-veneto-per-iniziative-in-ogni-comune\/violenza-donne-2\/\" rel=\"attachment wp-att-174279\"><img loading=\"lazy\" decoding=\"async\" class=\"size-medium wp-image-174279 alignleft\" src=\"https:\/\/www.radiopiu.net\/wordpress\/wp-content\/uploads\/2020\/11\/VIOLENZA-DONNE-300x245.jpg\" alt=\"\" width=\"300\" height=\"245\" srcset=\"https:\/\/www.radiopiu.net\/wordpress\/wp-content\/uploads\/2020\/11\/VIOLENZA-DONNE-300x245.jpg 300w, https:\/\/www.radiopiu.net\/wordpress\/wp-content\/uploads\/2020\/11\/VIOLENZA-DONNE-1024x835.jpg 1024w, https:\/\/www.radiopiu.net\/wordpress\/wp-content\/uploads\/2020\/11\/VIOLENZA-DONNE-768x626.jpg 768w, https:\/\/www.radiopiu.net\/wordpress\/wp-content\/uploads\/2020\/11\/VIOLENZA-DONNE-1536x1252.jpg 1536w, https:\/\/www.radiopiu.net\/wordpress\/wp-content\/uploads\/2020\/11\/VIOLENZA-DONNE.jpg 1920w\" sizes=\"auto, (max-width: 300px) 100vw, 300px\" \/><\/a>VENEZIA<\/strong> Il 25 novembre ricorre la Giornata internazionale per l&#8217;eliminazione della violenza contro le donne, istituita dall&#8217;Assemblea generale delle Nazioni Unite nel 1999.\u00a0Per lanciare un segnale forte in questo difficile momento, il coordinamento veneto di Fratelli d&#8217;Italia, tramite le sue donne elette nei consigli comunali dei capoluoghi, lancia un appello affinch\u00e8 tutti i comuni adottino iniziative di sensibilizzazione. \u00a0Andr\u00e0 in discussione in consiglio comunale a Venezia la mozione che vede come prima firmataria Maika Canton, consigliere FdI: \u201c<em>Con questo documento, chiediamo al Governo che attivi dei tavoli istituzionali sulla tematica della violenza di genere e che snellisca l&#8217;iter dei risarcimenti agli orfani per famminicidio. L&#8217;emergenza da Coronavirus non deve farci dimenticare il dramma della violenza contro le donne, anzi: in questo periodo, per le note restrizioni, molte di loro sono costrette a stare chiuse in casa magari con i propri aguzzini, e questo aumenta i problemi<\/em>\u201d.\u00a0A sostenere la mozione ci sar\u00e0 anche l&#8217;assessore Francesca Zaccariotto: \u201c<em>Le amministratrici veneziane da tempo si impegnano per tenere alta l&#8217;attenzione sul tema, e il Comune di Venezia da anni \u00e8 in prima linea: gi\u00e0 dalla serata di ieri vengono illuminate di rosso le sedi istituzionali di Ca&#8217; Farsetti, di Ca&#8217; Collalto e della torre civica a Mestre, ma il nostro impegno non si esaurisce con il 25 novembre. Quello \u00e8 il giorno del ricordo, della sensibilizzazione, ma bisogna dare continuit\u00e0 per tutto l&#8217;anno per dare un messaggio forte alle donne di presenza delle istituzioni.. Noi lo facciamo coinvolgendo le associazioni, ma anche con i servizi di ascolto, i numeri telefonici e soprattutto con i percorsi di accompagnamento che vanno dalla segnalazione alla denuncia fino alla protezione della vittima<\/em>\u201d.\u00a0\u201c<em>Combattere la violenza contro le donne vuol dire anche salvare i bambini, gli adulti, padri e madri, del futuro\u201d: mette l&#8217;accento sulla centralit\u00e0 della famiglia Maria Fiore Adami, consigliere comunale a Verona e Presidente della Commissione Pari Opportunit\u00e0. \u201cSalvare una donna da una violenza oggi vuol dire avere una famiglia sana domani: sono ancora troppi i minori oggetto di violenza domestica, ma anche quelli che assistono ad atti di violenza dei padri contro le madri. C&#8217;\u00e8 il rischio che queste dinamiche vengano replicate da adulti, e che si cresca con un modello disfunzionale di famiglia. Dobbiamo rimettere al pi\u00f9 presto al centro dell&#8217;agenda politica la famiglia anche per fermare questo drammatico processo<\/em>\u201d.\u00a0A Padova, nel 2018, era stata approvata all&#8217;unanimit\u00e0 la mozione presentata da Elena Cappellini, capogruppo di Fratelli d&#8217;Italia, che impegnava la giunta a promuovere un corso di difesa personale per le donne: \u201c<em>Purtroppo, tra i danni dell&#8217;epidemia Covid dobbiamo registrare anche l&#8217;interruzione forzata di queste iniziative, che si sono rivelate un aiuto per la socialit\u00e0 e uno strumento di aggregazione per le vittime di violenza. Sono convinta che, nel rispetto degli obbiettivi della Giornata voluta dall&#8217;Onu, si possa lavorare molto sul piano della comunicazione: penso, ad esempio, ad un seminario promosso dalle istituzioni sui temi della legalit\u00e0 e della difesa personale<\/em>\u201d.<br \/>\n\u201c<em>Quello della lotta alla violenza contro le donne \u00e8 un tema particolarmente caro a Fratelli d&#8217;Italia<\/em>\u201d, sottolinea il coordinatore regionale Fdi, il senatore Luca De Carlo. \u201c<em>Questa iniziativa \u00e8 partita dalle donne del nostro partito, ed \u00e8 giusto che siano loro a condurla: siamo un partito guidato da una donna, l&#8217;unico a livello nazionale, e non possiamo non avere la difesa delle donne tra le nostre priorit\u00e0<\/em>\u201d.<\/p>\n<p>&nbsp;<\/p>\n<p>&nbsp;<\/p>\n<hr \/>\n<p>&nbsp;<\/p>\n<blockquote>\n<h3>PONTE NELLE ALPI S&#8217;ILLUMINA ANCHE IN TEMPI DI COVID<\/h3>\n<\/blockquote>\n<p><span style=\"color: #000000; font-family: Helvetica; font-size: large;\"><a href=\"https:\/\/www.radiopiu.net\/wordpress\/ponte-nelle-alpi-sillumina-anche-in-tempi-di-covid\/natale_ponte_nelle_alpi\/\" rel=\"attachment wp-att-174199\"><img loading=\"lazy\" decoding=\"async\" class=\"size-medium wp-image-174199 alignleft\" src=\"https:\/\/www.radiopiu.net\/wordpress\/wp-content\/uploads\/2020\/11\/Natale_Ponte_nelle_Alpi-300x181.jpg\" alt=\"\" width=\"300\" height=\"181\" srcset=\"https:\/\/www.radiopiu.net\/wordpress\/wp-content\/uploads\/2020\/11\/Natale_Ponte_nelle_Alpi-300x181.jpg 300w, https:\/\/www.radiopiu.net\/wordpress\/wp-content\/uploads\/2020\/11\/Natale_Ponte_nelle_Alpi-768x463.jpg 768w, https:\/\/www.radiopiu.net\/wordpress\/wp-content\/uploads\/2020\/11\/Natale_Ponte_nelle_Alpi.jpg 788w\" sizes=\"auto, (max-width: 300px) 100vw, 300px\" \/><\/a><\/span><span style=\"color: #000000; font-family: Helvetica;\"><strong>PONTE NELLE ALPI<\/strong> Sar\u00e0 un Natale diverso, nessun dubbio. Ma \u00e8 pur sempre Natale,\u00a0 il Comune\u00a0 ha tutte le intenzioni di celebrarlo a dovere. Purtroppo non attraverso il classico cartellone di eventi e appuntamenti, capaci di coinvolgere grandi e piccini: la pandemia non lo consente.\u00a0 <\/span><span style=\"color: #000000; font-family: Helvetica;\">Le idee, per\u00f2, non mancano. Al contrario, come testimonia la vice sindaca Lucia Da Rold: <em>\u00abPosizioneremo le luci lungo viale Dolomiti, mentre gli alberi addobbati campeggeranno sulla piazzetta davanti al condominio Monte Bianco. E, a proposito di piazzetta, provvederemo ad abbellire quella della poesia, nei pressi della biblioteca civica\u00bb.<\/em> \u00a0<\/span><span style=\"color: #000000; font-family: Helvetica;\">In questo percorso natalizio, il Comune allarga i confini della partecipazione e \u201cgioca di squadra\u201d: <em>\u00abAbbiamo inviato una lettera ai commercianti per invitarli, qualora ne avessero il desiderio, a decorare le vetrine con alberi a tema, fiocchi rossi e luci bianche. Tutto ci\u00f2 anche per dare un senso di unitariet\u00e0 e condivisione fra il tessuto commerciale, l&#8217;amministrazione e, in generale, il territorio con la sua comunit\u00e0. Mai, come adesso, c&#8217;\u00e8 bisogno di stare uniti\u00bb.\u00a0 <\/em><\/span><span style=\"color: #000000; font-family: Helvetica;\">Ma non \u00e8 finita qui, perch\u00e9 il Natale pontalpino strizza l&#8217;occhio anche alla sfera artistica: \u00ab\u00c8 emersa la disponibilit\u00e0 di affidare opere d&#8217;arte, dipinti e fotografie a una serie di negozi e di locali della zona. In questo modo, potrebbe nascere una mostra itinerante tra via Dolomiti e viale Cadore\u00bb.\u00a0\u00a0<\/span><\/p>\n<p>&nbsp;<\/p>\n<p>&nbsp;<\/p>\n<hr \/>\n<blockquote>\n<h3><\/h3>\n<h3>COMUNICAZIONE DEL SINDACO MAURO SOPPELSA. ACCESSO AGLI AMBULATORI<\/h3>\n<\/blockquote>\n<p><strong><a href=\"https:\/\/www.radiopiu.net\/wordpress\/cencenighe-mauro-soppelsa-candidato-a-sindaco-la-squadra-ce-contro-il-quorum-per-la-fine-del-commissariamento\/mauro-soppelsa-libero-professionista-perito-edile-56-anni\/\" rel=\"attachment wp-att-48070\"><img loading=\"lazy\" decoding=\"async\" class=\" wp-image-48070 alignleft\" src=\"https:\/\/www.radiopiu.net\/wordpress\/wp-content\/uploads\/2018\/05\/Mauro-Soppelsa-libero-professionista-perito-edile-56-anni-250x300.jpg\" alt=\"\" width=\"103\" height=\"124\" srcset=\"https:\/\/www.radiopiu.net\/wordpress\/wp-content\/uploads\/2018\/05\/Mauro-Soppelsa-libero-professionista-perito-edile-56-anni-250x300.jpg 250w, https:\/\/www.radiopiu.net\/wordpress\/wp-content\/uploads\/2018\/05\/Mauro-Soppelsa-libero-professionista-perito-edile-56-anni-768x920.jpg 768w, https:\/\/www.radiopiu.net\/wordpress\/wp-content\/uploads\/2018\/05\/Mauro-Soppelsa-libero-professionista-perito-edile-56-anni-855x1024.jpg 855w, https:\/\/www.radiopiu.net\/wordpress\/wp-content\/uploads\/2018\/05\/Mauro-Soppelsa-libero-professionista-perito-edile-56-anni.jpg 1852w\" sizes=\"auto, (max-width: 103px) 100vw, 103px\" \/><\/a><\/strong><\/p>\n<p>&nbsp;<\/p>\n<p>&nbsp;<\/p>\n<p><strong>CENCENIGHE<\/strong> Il sindaco invita al rispetto delle norme nell&#8217;impossibilit\u00e1 di recarsi negli ambulatori. Vale per Cencenighe ma anche per gli altri Comuni<\/p>\n<audio class=\"wp-audio-shortcode\" id=\"audio-174128-1\" preload=\"none\" style=\"width: 100%;\" controls=\"controls\"><source type=\"audio\/mpeg\" src=\"https:\/\/www.radiopiu.net\/wordpress\/wp-content\/uploads\/2020\/11\/MAURO-SOPPELSA-ACCESSO-AMBULATORI.mp3?_=1\" \/><a href=\"https:\/\/www.radiopiu.net\/wordpress\/wp-content\/uploads\/2020\/11\/MAURO-SOPPELSA-ACCESSO-AMBULATORI.mp3\">https:\/\/www.radiopiu.net\/wordpress\/wp-content\/uploads\/2020\/11\/MAURO-SOPPELSA-ACCESSO-AMBULATORI.mp3<\/a><\/audio>\n<p>&nbsp;<\/p>\n<p>&nbsp;<\/p>\n<hr \/>\n<p>&nbsp;<\/p>\n<blockquote>\n<h3>NEL PIANO ANNUALE ANCHE IL PROGETTO CORDE MOLE A GOSALDO<\/h3>\n<\/blockquote>\n<p><strong><a href=\"https:\/\/www.radiopiu.net\/wordpress\/nel-piano-annuale-anche-il-progetto-corde-mole-a-gosaldo\/download-1008\/\" rel=\"attachment wp-att-174210\"><img loading=\"lazy\" decoding=\"async\" class=\"size-full wp-image-174210 alignleft\" src=\"https:\/\/www.radiopiu.net\/wordpress\/wp-content\/uploads\/2020\/11\/download-18.jpg\" alt=\"\" width=\"299\" height=\"168\" \/><\/a>BELLUNO\u00a0<\/strong> <span style=\"font-size: 13pt;\">\u00c8 stato approvato il piano annuale 2021 di manutenzione straordinaria della rete stradale provinciale storica. Un piano da 9 interventi per un investimento complessivo di 1,1 milioni di euro (nella programmazione provinciale \u00e8 prevista una spesa di 3,3 milioni spalmata su tre annualit\u00e0). La Provincia lo trasmetter\u00e0 a Veneto Strade, gestore della viabilit\u00e0 provinciale, per avviare l\u2019esecuzione dei lavori gi\u00e0 nei primi mesi del prossimo anno. <\/span><em><span style=\"font-size: 13pt;\">\u00abIl piano 2021 prende in considerazione alcune criticit\u00e0 da sanare e guarda con particolare attenzione alle zone montane &#8211; spiega il consigliere provinciale delegato alle infrastrutture, Fabio Luchetta -. Nella lista del piano spicca l\u2019intervento di Corde Mole, a Gosaldo. Un problema che si era palesato subito dopo la tempesta Vaia e che andremo a risolvere con un investimento di quasi 500mila euro, a beneficio della comunit\u00e0 gosaldina e di tutti coloro che percorrono la Provinciale 3 della Valle Imperina, strada su cui siamo intervenuti anche di recente, nel tratto tra Agordo e Rivamonte\u00bb.\u00a0<\/span><\/em><\/p>\n<blockquote>\n<h3>AUDIO, IL CONSIGLIERE PROVINCIALE FABIO LUCHETTA<\/h3>\n<\/blockquote>\n<audio class=\"wp-audio-shortcode\" id=\"audio-174128-2\" preload=\"none\" style=\"width: 100%;\" controls=\"controls\"><source type=\"audio\/mpeg\" src=\"https:\/\/www.radiopiu.net\/wordpress\/wp-content\/uploads\/2020\/11\/LUCHETTA.mp3?_=2\" \/><a href=\"https:\/\/www.radiopiu.net\/wordpress\/wp-content\/uploads\/2020\/11\/LUCHETTA.mp3\">https:\/\/www.radiopiu.net\/wordpress\/wp-content\/uploads\/2020\/11\/LUCHETTA.mp3<\/a><\/audio>\n<p>&nbsp;<\/p>\n<p style=\"margin: 0px; font-style: normal; font-variant-caps: normal; font-weight: normal; font-stretch: normal; font-size: 11px; line-height: normal; font-family: 'Helvetica Neue'; color: #000000;\"><span style=\"font-size: 13pt;\">Altri interventi importanti riguarderanno la Sp 4 della Val Cantuna (Ponte nelle Alpi), dove sono previsti due lavori, e la Sp 35 di Laste (Rocca Pietore). Nel primo caso saranno sostituite le protezioni laterali di due ponti, per 244mila euro. Nel secondo caso, invece, i lavori saranno orientati al consolidamento della strada per vari tratti (178mila euro). Il piano 2021 tocca anche la Sp 7 in Val di Zoldo, dove \u00e8 necessaria una messa in sicurezza, e la Sp 6 di Danta, dove verr\u00e0 eseguito un consolidamento della carreggiata. Sulla Sp 12 \u201cPedemontana\u201d a San Gregorio saranno realizzati importanti lavori per allontanare l\u2019acqua di ruscellamento e sulla 30 a Santo Stefano sar\u00e0 realizzato un muro di controripa. A chiudere il piano 2021, lavori di manutenzione sulla Cantoniera Pezzecucco a Santo Stefano, oggi usata come autorimessa. <\/span><span style=\"font-size: 13pt;\">\u00abQuesto piano conferma la volont\u00e0 di intervenire nelle aree pi\u00f9 periferiche. La Provincia ritiene di vitale importanza garantire vivibilit\u00e0 e sicurezza alle \u201cterre alte\u201d &#8211; continua il consigliere Luchetta -. Le risorse a disposizione sono sempre scarse; ricordo che dal 2014 sono stati azzerati i trasferimenti statali per la viabilit\u00e0, che ammontavano a 15 milioni di euro l&#8217;anno. Nonostante ci\u00f2, grazie all\u2019impegno dell\u2019ufficio viabilit\u00e0 della Provincia e alla professionalit\u00e0 del gestore Veneto Strade, riusciamo a mettere in campo interventi importanti\u00bb.\u00a0<\/span><\/p>\n<p>&nbsp;<\/p>\n<p>&nbsp;<\/p>\n<hr \/>\n<blockquote>\n<h3><\/h3>\n<h2>DAL COMUNE DI BELLUNO, DOMANI\u00a0 POSSIBILI DISAGI INFORMATICI<\/h2>\n<\/blockquote>\n<p><strong>BELLUNO<\/strong> Nella giornata di oggi\u00a0 varie procedure informatiche in dotazione agli uffici comunali verranno trasferite dai server locali a un sistema \u201cin cloud\u201d: le operazioni si concluderanno nella serata, ma saranno necessari interventi sui singoli PC degli operatori che potrebbero provocare disagi ai cittadini nella mattinata di domani. La migrazione in cloud \u00e8 in linea col Piano Triennale per l&#8217;Informatica nella Pubblica Amministrazione e ha come obiettivo primario il miglioramento dei livelli di servizio e sicurezza informatica. <em>&#8220;Ci scusiamo quindi fin da adesso per gli eventuali problemi che si potranno verificare, certi che questo passaggio \u00e8 necessario per il corretto controllo dell&#8217;enorme mole di dati che quotidianamente gli uffici comunali gestiscono&#8221; <\/em>dice l&#8217;assessore Marco Bogo<em>.<\/em><\/p>\n<p>&nbsp;<\/p>\n<p>&nbsp;<\/p>\n<p>&nbsp;<\/p>\n<hr \/>\n<blockquote>\n<h3><\/h3>\n<h3>OGGI LA MESSA PER I CADUTI SUL LAVORO NELL&#8217;ARCIDIACONALE<\/h3>\n<\/blockquote>\n<p><strong><a href=\"https:\/\/www.radiopiu.net\/wordpress\/una-semplice\/a8a8cbd6-9ca3-4f14-9e6a-43069c08cd84\/\" rel=\"attachment wp-att-151434\"><img loading=\"lazy\" decoding=\"async\" class=\" wp-image-151434 alignleft\" src=\"https:\/\/www.radiopiu.net\/wordpress\/wp-content\/uploads\/2020\/07\/a8a8cbd6-9ca3-4f14-9e6a-43069c08cd84-300x225.jpg\" alt=\"\" width=\"215\" height=\"161\" srcset=\"https:\/\/www.radiopiu.net\/wordpress\/wp-content\/uploads\/2020\/07\/a8a8cbd6-9ca3-4f14-9e6a-43069c08cd84-300x225.jpg 300w, https:\/\/www.radiopiu.net\/wordpress\/wp-content\/uploads\/2020\/07\/a8a8cbd6-9ca3-4f14-9e6a-43069c08cd84-768x576.jpg 768w, https:\/\/www.radiopiu.net\/wordpress\/wp-content\/uploads\/2020\/07\/a8a8cbd6-9ca3-4f14-9e6a-43069c08cd84.jpg 960w\" sizes=\"auto, (max-width: 215px) 100vw, 215px\" \/><\/a><\/strong><\/p>\n<p><strong>AGORDO<\/strong> Anche quest&#8217;anno la Nuova Corale si \u00e8 fatta promotrice della celebrazione della Messa per i Caduti sul lavoro per oggi alle 18, nella Chiesa Arcidiaconale.\u00a0 E&#8217; il 38\u00b0 anno in cui si svolge questa celebrazione, che vuole unirsi nel dolore e nel ricordo dei propri cari ai familiari dei caduti, oltre che sottolineare l&#8217;importanza dei valori della vita e del lavoro e quindi della sicurezza nei luoghi di lavoro.<\/p>\n<p>Molto spesso infatti gli adempimenti in tal senso vengono considerati solo come degli inutili vincoli burocratici, mentre \u00e8 importante cercare di evitare tutto quello che \u00e8 prevenibile, diffondendo una cultura della sicurezza. Proprio per questo, vista la situazione di rischio relativa al Covid, la Messa non verr\u00e0 accompagnata dai canti della Nuova Corale, per evitare occasioni di contagio. Anche per questo si consiglia di unirsi spiritualmente nella preghiera anche dalle altre parrocchie dell&#8217;Agordino, ma senza venire fisicamente in Agordo.<\/p>\n<p>&nbsp;<\/p>\n<p>&nbsp;<\/p>\n<hr \/>\n<p>&nbsp;<\/p>\n<blockquote>\n<h3>LE PROPOSTE DI BOND PER SALVARE GLI ESERCENTI<\/h3>\n<\/blockquote>\n<p><strong>ROMA<\/strong>\u00a0<em> \u00abIl Natale con il lockdown soft rischia di essere una mazzata senza eguali per i commercianti. E gli italiani si sono gi\u00e0 orientati sugli acquisti online dopo il blocco delle attivit\u00e0 della primavera scorsa. Adesso servono misure straordinarie per invertire la tendenza e consentire agli esercenti di sopravvivere\u00bb.<\/em> Cos\u00ec in una nota il deputato di Forza Italia Dario Bond, sulla scorta di un\u2019iniziativa salva-negozi adottata in Francia. <em>\u00abI nostri vicini francesi hanno deciso di posticipare il black friday per le vendite su Amazon, giusto qualche giorno per consentire prima la riapertura dei negozi. Se non vogliamo una moria di attivit\u00e0 e il pullulare di serrande abbassate, dobbiamo fare qualcosa di simile. Anche perch\u00e9 altrimenti con gli acquisti natalizi andiamo ad arricchire i grandi distributori dell\u2019e-commerce e lasciamo morire di fame i piccoli commercianti. Se il governo vuole, pu\u00f2 dare una mano, soprattutto per quelle aree del Paese che oggi sono in zona rossa: trovi accordi con Amazon, per posticipare il black friday, o per annullarlo del tutto; e dia un incentivo a chi compra nei negozi da qui alle festivit\u00e0; un incentivo che potrebbe anche essere sotto forma di vantaggio fiscale. Una misura straordinaria necessaria in un momento altrettanto straordinario. Non sarebbe un regalo di Natale ai commercianti, ma un modo per alleviare le difficolt\u00e0 create dalla pandemia e uno strumento per garantire la transizione al post-Covid\u00bb.<\/em><\/p>\n<p>&nbsp;<\/p>\n<p>&nbsp;<\/p>\n<hr \/>\n<blockquote>\n<h2><\/h2>\n<h2>IL LAVORO FEMMINILE E IL GAP SALARIALE A BELLUNO E TREVISO<\/h2>\n<h1 align=\"left\"><strong style=\"font-size: 14px;\"><a href=\"https:\/\/www.radiopiu.net\/wordpress\/convocato-per-venerdi-13-novembre-il-consiglio-generale-chiamato-ad-eleggere-il-nuovo-segretario-generale-dopo-lingresso-di-cinzia-bonan-in-segreteria-regionale-ampia-convergenza-sul-nome-del\/schermata-2020-11-11-alle-12-25-13\/\" rel=\"attachment wp-att-172025\"><img loading=\"lazy\" decoding=\"async\" class=\" wp-image-172025 alignleft\" src=\"https:\/\/www.radiopiu.net\/wordpress\/wp-content\/uploads\/2020\/11\/Schermata-2020-11-11-alle-12.25.13-300x157.png\" alt=\"\" width=\"201\" height=\"105\" srcset=\"https:\/\/www.radiopiu.net\/wordpress\/wp-content\/uploads\/2020\/11\/Schermata-2020-11-11-alle-12.25.13-300x157.png 300w, https:\/\/www.radiopiu.net\/wordpress\/wp-content\/uploads\/2020\/11\/Schermata-2020-11-11-alle-12.25.13.png 594w\" sizes=\"auto, (max-width: 201px) 100vw, 201px\" \/><\/a><\/strong><\/h1>\n<\/blockquote>\n<p><strong>BELLUNO<\/strong>\u00a0 <span style=\"color: #000000; font-family: Helvetica;\">In occasione della Giornata internazionale per l\u2019eliminazione della violenza contro le donne 2020 &#8211; il 25 novembre &#8211; il Coordinamento Donne e delle Pari opportunit\u00e0 della Cisl Belluno Treviso, insieme alla Segreteria Ust Cisl Belluno Treviso, ha realizzato una ricerca che approfondisce la situazione del lavoro, dell\u2019occupazione e del reddito dei lavoratori e delle lavoratrici delle province di Treviso e Belluno.\u00a0<\/span><span style=\"color: #000000; font-family: Helvetica;\">Lo studio, dal titolo \u201cIl lavoro femminile e il gap salariale a Belluno e Treviso\u201d, sar\u00e0 presentato ai media <u>luned\u00ec 23 novembre alle ore 11.00 in videoconferenza. <\/u><\/span><span style=\"color: #000000; font-family: Helvetica;\">Interverranno il segretario generale della Cisl Belluno Treviso Massimiliano Paglini, la responsabile del Coordinamento Donne e delle Pari opportunit\u00e0 della Cisl Belluno Treviso Alessia Salvador e i ricercatori che hanno realizzato lo studio Stefano Dal Pra Caputo e Francesco Peron.<\/span><\/p>\n<p>&nbsp;<\/p>\n<hr \/>\n<p>&nbsp;<\/p>\n<p>&nbsp;<\/p>\n<blockquote>\n<h3>FP CGIL: IL 9 DICEMBRE LO SCIOPERO DEI LAVORATORI PUBBLICI<\/h3>\n<\/blockquote>\n<p><strong><a class=\"dt-pswp-item\" href=\"https:\/\/www.radiopiu.net\/wordpress\/wp-content\/uploads\/2020\/11\/74342663_1240568726146635_3509013457930289152_o.jpg\" data-dt-img-description=\"\" data-large_image_width=\"1024\" data-large_image_height=\"395\"><img loading=\"lazy\" decoding=\"async\" class=\"size-medium wp-image-174186 alignleft\" src=\"https:\/\/www.radiopiu.net\/wordpress\/wp-content\/uploads\/2020\/11\/74342663_1240568726146635_3509013457930289152_o-300x116.jpg\" alt=\"\" width=\"300\" height=\"116\" srcset=\"https:\/\/www.radiopiu.net\/wordpress\/wp-content\/uploads\/2020\/11\/74342663_1240568726146635_3509013457930289152_o-300x116.jpg 300w, https:\/\/www.radiopiu.net\/wordpress\/wp-content\/uploads\/2020\/11\/74342663_1240568726146635_3509013457930289152_o-768x296.jpg 768w, https:\/\/www.radiopiu.net\/wordpress\/wp-content\/uploads\/2020\/11\/74342663_1240568726146635_3509013457930289152_o.jpg 1024w\" sizes=\"auto, (max-width: 300px) 100vw, 300px\" \/><\/a><\/strong><\/p>\n<p>&nbsp;<\/p>\n<p><strong>ROMA<\/strong> Funzione Pubblica CGIL annuncia lo sciopero dei lavoratori pubblici per il 9 dicembre.<\/p>\n<p><strong>IVAN BERNINI, SEGRETARIO GENERALE FP CGIL VENETO<\/strong><\/p>\n<audio class=\"wp-audio-shortcode\" id=\"audio-174128-3\" preload=\"none\" style=\"width: 100%;\" controls=\"controls\"><source type=\"audio\/mpeg\" src=\"https:\/\/www.radiopiu.net\/wordpress\/wp-content\/uploads\/2020\/11\/IVAN-BERNINI-SEGRETARIO-GENERALE-FP-CGIL.mp3?_=3\" \/><a href=\"https:\/\/www.radiopiu.net\/wordpress\/wp-content\/uploads\/2020\/11\/IVAN-BERNINI-SEGRETARIO-GENERALE-FP-CGIL.mp3\">https:\/\/www.radiopiu.net\/wordpress\/wp-content\/uploads\/2020\/11\/IVAN-BERNINI-SEGRETARIO-GENERALE-FP-CGIL.mp3<\/a><\/audio>\n<p>&nbsp;<\/p>\n<hr \/>\n<p>&nbsp;<\/p>\n<blockquote>\n<h3><\/h3>\n<h3>COVID SECONDA ONDATA, 50 INTERVENTI DI SANIFICAZIONE AL MESE CON LA CADORE SOCIETA&#8217; COOPERATIVA<\/h3>\n<\/blockquote>\n<p>Quarantanove uscite nel mese di ottobre, gi\u00e0 26 a met\u00e0 novembre, una media di 50 interventi al mese nella prima e nella seconda ondata Covid: questi i numeri delle attivit\u00e0 contro il Covid-19 del settore Global Service della Cadore societ\u00e0 cooperativa sociale\u00a0 che da marzo vede impegnati una ventina dei suoi operatori in attivit\u00e0 di sanificazione Covid in tutto il territorio provinciale.\u00a0 Una ventina &#8211; sui 55 occupati nel settore Global Service \u2013 gli operatori dedicati a questa attivit\u00e0; tra di loro, anche alcuni appartenenti a categorie deboli o svantaggiate: l&#8217;obbiettivo principale della Cadore s.c.s. \u00e8 l\u2019inserimento lavorativo di persone svantaggiate, non solo per fornire a queste persone strumenti per superare la disabilit\u00e0 o lo svantaggio, ma anche per creare sostenibilit\u00e0 economica e sociale sul territorio. Questi operatori hanno cos\u00ec incrementato la loro formazione che, oltre all&#8217;utilizzo di strumentazioni e materiali, vede un corso dedicato al corretto uso dei dispositivi di protezione individuale: \u201cParliamo di tute, guanti, maschere protettive e altri accessori pi\u00f9 tecnici: bisogna saperli indossare correttamente, ma soprattutto bisogna essere particolarmente attenti al momento della svestizione e della conservazione di questi dispositivi. Per questo facciamo corsi dedicati a tutti gli operatori che agiscono in ambito Covid\u201d , sottolinea Querincig. <em>\u201cCon l&#8217;avvento della pandemia, il settore delle sanificazioni ha avuto un ruolo sempre pi\u00f9 importante, richiedendo un grande impegno da parte di tutta la struttura e di tutti i lavoratori. &#8211; conclude la presidente Alessandra Buzzo \u2013 Per questo non posso far altro che ringraziare tutti gli operatori per il loro straordinario lavoro e per la loro dedizione, che in un momento cos\u00ec delicato per la salute di tutti noi assumono un&#8217;importanza ancora maggiore\u201d.<\/em><\/p>\n\n\t\t\t<style type='text\/css'>\n\t\t\t\t#gallery-2 {\n\t\t\t\t\tmargin: auto;\n\t\t\t\t}\n\t\t\t\t#gallery-2 .gallery-item {\n\t\t\t\t\tfloat: left;\n\t\t\t\t\tmargin-top: 10px;\n\t\t\t\t\ttext-align: center;\n\t\t\t\t\twidth: 50%;\n\t\t\t\t}\n\t\t\t\t#gallery-2 img {\n\t\t\t\t\tborder: 2px solid #cfcfcf;\n\t\t\t\t}\n\t\t\t\t#gallery-2 .gallery-caption {\n\t\t\t\t\tmargin-left: 0;\n\t\t\t\t}\n\t\t\t\t\/* see gallery_shortcode() in wp-includes\/media.php *\/\n\t\t\t<\/style>\n\t\t<div id='gallery-2' class='dt-gallery-container gallery galleryid-174128 gallery-columns-2 gallery-size-medium'><dl class='gallery-item'>\n\t\t\t\t<dt class='gallery-icon portrait'>\n\t\t\t\t\t<a class=\"rollover rollover-zoom dt-pswp-item\" title=\"Cadore SCS - Sanificazioni 2\" data-dt-img-description=\"\" data-large_image_width=\"1200\" data-large_image_height=\"1600\"href='https:\/\/www.radiopiu.net\/wordpress\/wp-content\/uploads\/2020\/11\/Cadore-SCS-Sanificazioni-2.jpg'><img loading=\"lazy\" decoding=\"async\" width=\"225\" height=\"300\" src=\"https:\/\/www.radiopiu.net\/wordpress\/wp-content\/uploads\/2020\/11\/Cadore-SCS-Sanificazioni-2-225x300.jpg\" class=\"attachment-medium size-medium\" alt=\"\" srcset=\"https:\/\/www.radiopiu.net\/wordpress\/wp-content\/uploads\/2020\/11\/Cadore-SCS-Sanificazioni-2-225x300.jpg 225w, https:\/\/www.radiopiu.net\/wordpress\/wp-content\/uploads\/2020\/11\/Cadore-SCS-Sanificazioni-2-768x1024.jpg 768w, https:\/\/www.radiopiu.net\/wordpress\/wp-content\/uploads\/2020\/11\/Cadore-SCS-Sanificazioni-2-1152x1536.jpg 1152w, https:\/\/www.radiopiu.net\/wordpress\/wp-content\/uploads\/2020\/11\/Cadore-SCS-Sanificazioni-2.jpg 1200w\" sizes=\"auto, (max-width: 225px) 100vw, 225px\" \/><\/a>\n\t\t\t\t<\/dt><\/dl><dl class='gallery-item'>\n\t\t\t\t<dt class='gallery-icon portrait'>\n\t\t\t\t\t<a class=\"rollover rollover-zoom dt-pswp-item\" title=\"Cadore SCS - Sanificazioni 1\" data-dt-img-description=\"\" data-large_image_width=\"1391\" data-large_image_height=\"2560\"href='https:\/\/www.radiopiu.net\/wordpress\/wp-content\/uploads\/2020\/11\/Cadore-SCS-Sanificazioni-1-scaled.jpg'><img loading=\"lazy\" decoding=\"async\" width=\"163\" height=\"300\" src=\"https:\/\/www.radiopiu.net\/wordpress\/wp-content\/uploads\/2020\/11\/Cadore-SCS-Sanificazioni-1-163x300.jpg\" class=\"attachment-medium size-medium\" alt=\"\" srcset=\"https:\/\/www.radiopiu.net\/wordpress\/wp-content\/uploads\/2020\/11\/Cadore-SCS-Sanificazioni-1-163x300.jpg 163w, https:\/\/www.radiopiu.net\/wordpress\/wp-content\/uploads\/2020\/11\/Cadore-SCS-Sanificazioni-1-556x1024.jpg 556w, https:\/\/www.radiopiu.net\/wordpress\/wp-content\/uploads\/2020\/11\/Cadore-SCS-Sanificazioni-1-768x1413.jpg 768w, https:\/\/www.radiopiu.net\/wordpress\/wp-content\/uploads\/2020\/11\/Cadore-SCS-Sanificazioni-1-835x1536.jpg 835w, https:\/\/www.radiopiu.net\/wordpress\/wp-content\/uploads\/2020\/11\/Cadore-SCS-Sanificazioni-1-1113x2048.jpg 1113w, https:\/\/www.radiopiu.net\/wordpress\/wp-content\/uploads\/2020\/11\/Cadore-SCS-Sanificazioni-1-scaled.jpg 1391w\" sizes=\"auto, (max-width: 163px) 100vw, 163px\" \/><\/a>\n\t\t\t\t<\/dt><\/dl><br style=\"clear: both\" \/>\n\t\t\t<\/div>\n\n<p>&nbsp;<\/p>\n<p>&nbsp;<\/p>\n<hr \/>\n<h3><\/h3>\n<blockquote>\n<h3>GIORNATA NAZIONALE DEGLI ALBERI A FELTRE<\/h3>\n<\/blockquote>\n<p><strong>di Moreno Gioli<\/strong><\/p>\n<audio class=\"wp-audio-shortcode\" id=\"audio-174128-4\" preload=\"none\" style=\"width: 100%;\" controls=\"controls\"><source type=\"audio\/mpeg\" src=\"https:\/\/www.radiopiu.net\/wordpress\/wp-content\/uploads\/2020\/11\/GIOLI-ALBERI-FELTRE.mp3?_=4\" \/><a href=\"https:\/\/www.radiopiu.net\/wordpress\/wp-content\/uploads\/2020\/11\/GIOLI-ALBERI-FELTRE.mp3\">https:\/\/www.radiopiu.net\/wordpress\/wp-content\/uploads\/2020\/11\/GIOLI-ALBERI-FELTRE.mp3<\/a><\/audio>\n<p>&nbsp;<\/p>\n<p><strong><a href=\"https:\/\/www.radiopiu.net\/wordpress\/giornale-radiopiu-22-novembre-2020-direttore-mirko-mezzacasa-2\/0a20cef6-77e0-493d-9d56-00aaa3b63ab6\/\" rel=\"attachment wp-att-174251\"><img loading=\"lazy\" decoding=\"async\" class=\"size-medium wp-image-174251 alignleft\" src=\"https:\/\/www.radiopiu.net\/wordpress\/wp-content\/uploads\/2020\/11\/0a20cef6-77e0-493d-9d56-00aaa3b63ab6-300x169.jpg\" alt=\"\" width=\"300\" height=\"169\" srcset=\"https:\/\/www.radiopiu.net\/wordpress\/wp-content\/uploads\/2020\/11\/0a20cef6-77e0-493d-9d56-00aaa3b63ab6-300x169.jpg 300w, https:\/\/www.radiopiu.net\/wordpress\/wp-content\/uploads\/2020\/11\/0a20cef6-77e0-493d-9d56-00aaa3b63ab6-1024x576.jpg 1024w, https:\/\/www.radiopiu.net\/wordpress\/wp-content\/uploads\/2020\/11\/0a20cef6-77e0-493d-9d56-00aaa3b63ab6-768x432.jpg 768w, https:\/\/www.radiopiu.net\/wordpress\/wp-content\/uploads\/2020\/11\/0a20cef6-77e0-493d-9d56-00aaa3b63ab6-1536x864.jpg 1536w, https:\/\/www.radiopiu.net\/wordpress\/wp-content\/uploads\/2020\/11\/0a20cef6-77e0-493d-9d56-00aaa3b63ab6.jpg 1600w\" sizes=\"auto, (max-width: 300px) 100vw, 300px\" \/><\/a>FELTRE <\/strong>Feltre celebra la Giornata Nazionale degli Alberi con la messa a dimora delle prime 2.000 piante dell&#8217;impegnativo progetto di rigenerazione del patrimonio arboreo cittadino devastato dalla tempesta Vaia. L&#8217;iniziativa \u00e8 realizzata con la preziosa collaborazione con ETIFOR ed altri soggetti partner. Tra le piantine collocate in due aree del Bosco Drio Le Rive anche quelle che saranno &#8220;dedicate&#8221; a ciascuno dei nuovi nati nell&#8217;anno 2020. Quest&#8217;anno, per i noti motivi, non \u00e8 stato purtroppo possibile avere la presenza, come da tradizione, dei bambini, delle scolaresche e delle famiglie.<\/p>\n<p><strong>VALTER BONAN, ASSESSORE DEL COMUNE DI FELTRE<\/strong><\/p>\n<audio class=\"wp-audio-shortcode\" id=\"audio-174128-5\" preload=\"none\" style=\"width: 100%;\" controls=\"controls\"><source type=\"audio\/mpeg\" src=\"https:\/\/www.radiopiu.net\/wordpress\/wp-content\/uploads\/2020\/11\/Audio-Bonan-Giornata-Nazionale-degli-Alberi.mp3?_=5\" \/><a href=\"https:\/\/www.radiopiu.net\/wordpress\/wp-content\/uploads\/2020\/11\/Audio-Bonan-Giornata-Nazionale-degli-Alberi.mp3\">https:\/\/www.radiopiu.net\/wordpress\/wp-content\/uploads\/2020\/11\/Audio-Bonan-Giornata-Nazionale-degli-Alberi.mp3<\/a><\/audio>\n<p>&nbsp;<\/p>\n<hr \/>\n<p>&nbsp;<\/p>\n<p>&nbsp;<\/p>\n<blockquote>\n<h2>IL MUSLA RISPONDE ALLE OSSERVAZIONI DI LUIGI GUGLIELMI E LUISA MANFROI<\/h2>\n<\/blockquote>\n<p>&nbsp;<\/p>\n<p><strong>RADIO PIU&#8217;<\/strong> Riceviamo e volentieri pubblichiamo una lettera del MUSLA in seguito alle osservazioni di Luigi Guglielmi e Luisa Manfroi.<\/p>\n<p><strong>LA LETTERA<\/strong><\/p>\n<audio class=\"wp-audio-shortcode\" id=\"audio-174128-6\" preload=\"none\" style=\"width: 100%;\" controls=\"controls\"><source type=\"audio\/mpeg\" src=\"https:\/\/www.radiopiu.net\/wordpress\/wp-content\/uploads\/2020\/11\/MUSLA-RISPONDE.mp3?_=6\" \/><a href=\"https:\/\/www.radiopiu.net\/wordpress\/wp-content\/uploads\/2020\/11\/MUSLA-RISPONDE.mp3\">https:\/\/www.radiopiu.net\/wordpress\/wp-content\/uploads\/2020\/11\/MUSLA-RISPONDE.mp3<\/a><\/audio>\n<p>&nbsp;<\/p>\n<blockquote><p><em><a href=\"https:\/\/www.radiopiu.net\/wordpress\/musla-il-movimento-per-lunificazione-e-standardizzazione-linguistica-dellagordino\/schermata-2020-11-11-alle-10-35-52\/\" rel=\"attachment wp-att-172003\"><img loading=\"lazy\" decoding=\"async\" class=\"size-medium wp-image-172003 alignleft\" src=\"https:\/\/www.radiopiu.net\/wordpress\/wp-content\/uploads\/2020\/11\/Schermata-2020-11-11-alle-10.35.52-300x185.png\" alt=\"\" width=\"300\" height=\"185\" srcset=\"https:\/\/www.radiopiu.net\/wordpress\/wp-content\/uploads\/2020\/11\/Schermata-2020-11-11-alle-10.35.52-300x185.png 300w, https:\/\/www.radiopiu.net\/wordpress\/wp-content\/uploads\/2020\/11\/Schermata-2020-11-11-alle-10.35.52-1024x631.png 1024w, https:\/\/www.radiopiu.net\/wordpress\/wp-content\/uploads\/2020\/11\/Schermata-2020-11-11-alle-10.35.52-768x473.png 768w, https:\/\/www.radiopiu.net\/wordpress\/wp-content\/uploads\/2020\/11\/Schermata-2020-11-11-alle-10.35.52.png 1490w\" sizes=\"auto, (max-width: 300px) 100vw, 300px\" \/><\/a>A seguito dell\u2019articolo pubblicato sul Corriere delle Alpi il 12 novembre 2020 e delle rispettive reazioni dei giorni successivi all\u2019intervista di Gianni Santomaso, il MUSLA desidera rispondere pubblicamente alle gradite osservazioni di Luigi Guglielmi e Luisa Manfroi. Per ovvie esigenze giornalistiche, premettiamo, l\u2019articolo si era, in tale sede, dovuto attenere a lunghezze prestabilite e, visto che siamo desiderosi di non lasciar spazio a fraintendimenti, proviamo a chiarire quanto ci sembra esser stato poco chiaro. L\u2019intervista completa pu\u00f2 comunque essere rivista e riascoltata nella sua interezza sul sito di Radio Pi\u00f9. Vorremmo esordire ricordando come il dialogo sia uno dei capisaldi del nostro movimento, motivo per cui abbiamo davvero apprezzato i tempestivi interventi di quanti ci hanno risposto. Uno sguardo alle realt\u00e0 preesistenti e l\u2019integrazione di tali conoscenze nella nostra visione sono prerequisiti che davamo addirittura per scontati. In questo senso, il MUSLA \u00e8 estremamente attento alle proprie iniziative di sensibilizzazione, vedendo la grafia e la scuola come punta di un iceberg, il quale necessita di una base solida di consapevolezze e progetti legati in modo diretto alla gente. Proprio per questo, in questi mesi, abbiamo curato la comunicazione con persone impegnate culturalmente, con le Unioni ladine e gli istituti, non solo della vallata agordina, ma anche delle vallate limitrofe (Gardena, Fassa, Ampezzo). Abbiamo seguito con passione i lavori svolti nel passato e \u201cfatto nostra\u201d la letteratura relativa alle tematiche linguistico-culturali grazie ai lavori di Giovan Battista Pellegrini, Vito Pallabazzer, Gianbattista Rossi. Tentiamo, nel nostro lavoro, di integrare tali conoscenze con quelle pi\u00f9 prettamente accademiche e \u201cmoderne\u201d che sono proprie del nostro approccio, quali la ricerca scientifica concernente le questioni di politica e pianificazione linguistica, la didattica delle lingue minoritarie, gli studi socio-linguistici e via discorrendo. Diciamo questo perch\u00e9 forse Guglielmi \u00e8 stato portato fuori strada dal titolo della nostra intervista, la quale per motivi strettamente giornalistici, affermava che il MUSLA avesse \u201cun solo obiettivo\u201d e che questo puntasse a una grafia unificata. In realt\u00e0 l\u2019idea di insegnare la linguistica dei dialetti nelle scuole e creare un sussidiario formale \u00e8 perfettamente affine alla nostra posizione. Gi\u00e0 abbiamo lavorato a progetti di sensibilizzazione e di divulgazione scientifica della linguistica dei dialetti ladino-veneti, prima ancora di pensare ad una grafia. A tal proposito, si vedano le nostre pagine Facebook e Instagram (dove si trovano contenuti della tipologia che Guglielmi proponeva, etimologie, confronti dialettali e cos\u00ec via), una presentazione fatta a scuola che proponiamo e i nostri studi pubblicati. Ne consegue che le due attivit\u00e0 vadano dunque di pari passo: grafia e scuola sono l\u2019obiettivo finale passando per una politica bottom-up (cio\u00e8 che parte dal basso, dall\u2019ascolto e dalle competenze dei parlanti). Precisiamo inoltre che il manuale \u201cScrivere in Ladino\u201d dell\u2019Istituto Ladin de la Dolomites, citato da Guglielmi, rappresenta una serie di regole ortografiche atte a risolvere i principali dubbi fonetici del ladino bellunese, ma di fatto poi ad esempio un Alleghese scriver\u00e0 diversamente da un Lavallese, come un Comelicano da un Auronzano. Una grafia polinomica come la nostra GLAC (Grafia Ladina Agordina Comune) invece, che peraltro utilizza proprio quelle regole formali ideate dall\u2019Istituto, ambisce a scrivere ogni singolo dialetto agordino nello stesso modo e lasciare libert\u00e0 di lettura secondo la propria variante di paese, eliminando il superfluo e chiedendosi \u201ccome \u00e8 possibile rappresentare tutte le varianti esistenti in un\u2019unica grafia che sia comoda, coerente e intuitiva?\u201d \u00c8 peraltro l\u2019iter seguito dalle valli di Fassa e Badia, dal basco, dal catalano e moltissime altre realt\u00e0 (con molti dialetti ma uno standard scritto rappresentativo e ufficiale), la cui efficacia \u00e8 palpabile nella stabilit\u00e0 linguistica e la competenza che hanno oggi quelle comunit\u00e0, un tempo in difficolt\u00e0, nonch\u00e9 confermata dai dati scientifici e sociologici (vd. Survey Ladins, 2006). Alla domanda dunque \u201cche senso ha andare in cerca di una grafia unica per l\u2019Agordino?\u201d rispondiamo con le parole dell\u2019Institut d\u2019Estudis Catalans: \u201cL\u2019unificazione ortografica \u00e8 un fattore essenziale per il riconoscimento di una lingua come lingua della cultura\u201d. Dove le nostre posizioni probabilmente divergono \u00e8 l\u2019ideologia di base. Il MUSLA non si propone di \u201csalvare il nostro bel dialetto dalla morte\u201d o di ritagliarsi un\u2019ora alla settimana per insegnare ai ragazzi un\u2019entit\u00e0 linguistica folkloristica. Il MUSLA lavora per garantire il diritto dei cittadini alla lingua, per concretizzare un accesso democratico e moderno agli strumenti, a internet, a scritti ufficiali e mettere i parlanti di fronte alla possibilit\u00e0 di essere informati e poter scegliere, cosa che finora non \u00e8 successa. Il MUSLA vuol far vedere cosa si pu\u00f2 fare con una lingua, far aprire gli orizzonti, dare motivi di orgoglio, pensare in grande. Stimiamo i lavori proposti in passato dalla professoressa Manfroi e siamo consapevoli di come il CLIL, con il suo utilizzo trasversale e funzionale della lingua, sia la metodologia primaria di questo grande progetto. \u00c8 vero, s\u00ec, che l\u2019amore per la propria cultura e un forte sentimento identitario partono proprio dal nucleo famigliare (come MUSLA insisteremo nel far capire ai genitori l\u2019importanza vitale di parlare ai propri figli in agordino), ma siamo convinti che questo non sia sufficiente. Genitori che non sono stati scolarizzati a stretto contatto con la lingua locale raramente saranno in grado di trasmettere non solo un sapere linguistico ampio (la competenza di una parlata), ma anche il saper riflettere sulla lingua (la coscienza linguistica). Questo punto \u00e8 fondamentale anche per la scoperta e la trasmissione del lessico, per le quali non basta l\u2019educazione famigliare, ma \u00e8 fondamentale quella formale inserita nell\u2019ambiente scolastico. Crediamo infine che guardare all\u2019erba del vicino sia in questo caso pi\u00f9 che mai un buono spunto, imparare dagli errori passati, impegnarsi per trasmettere un prodotto culturale non solo come elemento di curiosit\u00e0 per chi viene da fuori, ma soprattutto a chi lo vive nella vita di ogni giorno costruendo gli strumenti necessari per una riflessione sulla realt\u00e0 linguistico-culturale dell\u2019Agordino. In questo senso, auspichiamo ulteriori proficue e serene discussioni con chi gradir\u00e0. L\u2019attivit\u00e0 del MUSLA non vuole essere una \u201cpassione di singoli\u201d, ma \u201cpatrimonio di tutti\u201d.<\/em><\/p>\n<p><em>Nicola Cassisi<\/em><\/p>\n<p><em>Beatrice Colcuc<\/em><\/p>\n<p><em>Davide Conedera<\/em><\/p><\/blockquote>\n<p>&nbsp;<\/p>\n<hr \/>\n<blockquote>\n<h3><\/h3>\n<h3>MERCOLEDI IN CONSIGLIO ANCHE LA RISTRUTTURAZIONE DEL PALAGHIACCIO<\/h3>\n<\/blockquote>\n<p><strong>ALLEGHE<\/strong> Mercoledi alle 20 consiglio comunale ad Alleghe, in Municipio. Questi i principali argomenti all&#8217;ordine del giorno: quota avanzo amministrazione 2019, variazione di bilancio, costituzione diritto di sottosuolo a favore della societ\u00e0 idroelettrica alpina per la realizzazione e l&#8217;esercizio di impianto idroelettrico, convenzione per la realizzazione del progetto strategico &#8220;ristrutturazione e valorizzazione del palaghiaccio&#8221;, nuovo regolamento polizia mortuaria, aggiornamento regolamento edilizio comunale.<\/p>\n<p>&nbsp;<\/p>\n<hr \/>\n<blockquote>\n<h3><\/h3>\n<h3>MERCOLEDI&#8217; 25 NOVEMBRE IL CONSIGLIO COMUNALE A RIVAMONTE<\/h3>\n<\/blockquote>\n<p><strong>RIVAMONTE\u00a0<\/strong>Il sindaco di Rivamonte Giovanni Deon ha convocato il consiglio comunale per mercoled\u00ec 25 novembre alle 18:30. 6 i punti all&#8217;ordine del giorno: approvazione dei verbali della seduta precedente, ottava, nona decima e undicesima variazione al bilancio di previsione 2020\/2022 e il rinnovo della convenzione con la l&#8217;Unione Montana Agordina per il servizio SIRAP.<\/p>\n<p>&nbsp;<\/p>\n<p>&nbsp;<\/p>\n<hr \/>\n<p>&nbsp;<\/p>\n<blockquote>\n<h3 style=\"text-align: left;\" align=\"CENTER\"><span style=\"font-family: Calibri, sans-serif;\"><b>24\u00b0 GIORNATA NAZIONALE DELLA COLLETTA ALIMENTARE: <\/b><\/span><b style=\"font-family: Calibri, sans-serif;\">QUEST\u2019ANNO LA SPESA SI FA CON LE CARD<\/b><\/h3>\n<\/blockquote>\n<p align=\"JUSTIFY\"><a href=\"https:\/\/www.radiopiu.net\/wordpress\/giornale-radiopiu-21-novembre-2020-direttore-mirko-mezzacasa\/colletta-alimentare-foto-2_volontario-2\/\" rel=\"attachment wp-att-174034\"><img loading=\"lazy\" decoding=\"async\" class=\" wp-image-174034 alignleft\" src=\"https:\/\/www.radiopiu.net\/wordpress\/wp-content\/uploads\/2020\/11\/Colletta-Alimentare-foto-2_volontario-2-300x200.jpg\" alt=\"\" width=\"212\" height=\"141\" srcset=\"https:\/\/www.radiopiu.net\/wordpress\/wp-content\/uploads\/2020\/11\/Colletta-Alimentare-foto-2_volontario-2-300x200.jpg 300w, https:\/\/www.radiopiu.net\/wordpress\/wp-content\/uploads\/2020\/11\/Colletta-Alimentare-foto-2_volontario-2-1024x683.jpg 1024w, https:\/\/www.radiopiu.net\/wordpress\/wp-content\/uploads\/2020\/11\/Colletta-Alimentare-foto-2_volontario-2-768x512.jpg 768w, https:\/\/www.radiopiu.net\/wordpress\/wp-content\/uploads\/2020\/11\/Colletta-Alimentare-foto-2_volontario-2.jpg 1179w\" sizes=\"auto, (max-width: 212px) 100vw, 212px\" \/><\/a>\u201c<span style=\"font-family: Calibri, sans-serif;\"><span style=\"font-size: small;\">Cambia la forma, non la sostanza\u201d della 24esima <\/span><\/span><span style=\"font-family: Calibri, sans-serif;\"><span style=\"font-size: small;\">Giornata Nazionale della Colletta Alimentare<\/span><\/span><span style=\"font-family: Calibri, sans-serif;\"><span style=\"font-size: small;\">: quest\u2019anno, <\/span><\/span><span style=\"font-family: Calibri, sans-serif;\"><span style=\"font-size: small;\">dal 21 novembre all\u20198 dicembre<\/span><\/span><span style=\"font-family: Calibri, sans-serif;\"><span style=\"font-size: small;\">, saranno disponibili presso le casse dei supermercati italiani delle \u201c<\/span><\/span><span style=\"font-family: Calibri, sans-serif;\"><span style=\"font-size: small;\">gift card\u201d da 2, 5 e 10 euro<\/span><\/span><span style=\"font-family: Calibri, sans-serif;\"><span style=\"font-size: small;\">. Al termine della Colletta, il valore complessivo di tutte le card sar\u00e0 convertito in prodotti alimentari non deperibili come pelati, legumi, alimenti per l\u2019infanzia, olio, pesce e carne in scatola e altri prodotti utili. Tutto sar\u00e0 consegnato alle sedi regionali del Banco Alimentare e distribuito, con le consuete modalit\u00e0, alle circa <\/span><\/span><span style=\"font-family: Calibri, sans-serif;\"><span style=\"font-size: small;\">8mila strutture caritative<\/span><\/span><span style=\"font-family: Calibri, sans-serif;\"><span style=\"font-size: small;\"> convenzionate che sostengono oltre <\/span><\/span><span style=\"font-family: Calibri, sans-serif;\"><span style=\"font-size: small;\">2.100.000 persone<\/span><\/span><span style=\"font-family: Calibri, sans-serif;\"><span style=\"font-size: small;\">. <\/span><\/span><span style=\"color: #000000;\"><span style=\"font-family: Calibri, sans-serif;\"><span style=\"font-size: small;\">Nel Veneto, negli ultimi 5 anni la Colletta Alimentare ha raccolto 3.333 tonnellate di prodotti alimentari, equivalenti a 6.666.764 pasti. Sono oltre 470 le strutture di carit\u00e0 sostenute dal Banco Alimentare del Veneto, con oltre 100.000 persone assistite.\u00a0 \u00a0 \u00a0<\/span><\/span><\/span><\/p>\n<blockquote>\n<p align=\"JUSTIFY\">\n<\/blockquote>\n<hr \/>\n<p>&nbsp;<\/p>\n<blockquote>\n<h3>AIUTI DI STATO: VANTAGGI A BANCHE E IMPRESE CHE AVEVANO OTTENUTO I PRESTITI PRIMA DEL COVID<\/h3>\n<\/blockquote>\n<p><a class=\"dt-pswp-item\" href=\"https:\/\/www.radiopiu.net\/wordpress\/wp-content\/uploads\/2020\/11\/Schermata-2020-11-21-alle-15.18.36.png\" data-dt-img-description=\"\" data-large_image_width=\"986\" data-large_image_height=\"564\"><img loading=\"lazy\" decoding=\"async\" class=\"alignleft size-medium wp-image-174261\" src=\"https:\/\/www.radiopiu.net\/wordpress\/wp-content\/uploads\/2020\/11\/Schermata-2020-11-21-alle-15.18.36-300x172.png\" alt=\"\" width=\"300\" height=\"172\" srcset=\"https:\/\/www.radiopiu.net\/wordpress\/wp-content\/uploads\/2020\/11\/Schermata-2020-11-21-alle-15.18.36-300x172.png 300w, https:\/\/www.radiopiu.net\/wordpress\/wp-content\/uploads\/2020\/11\/Schermata-2020-11-21-alle-15.18.36-768x439.png 768w, https:\/\/www.radiopiu.net\/wordpress\/wp-content\/uploads\/2020\/11\/Schermata-2020-11-21-alle-15.18.36.png 986w\" sizes=\"auto, (max-width: 300px) 100vw, 300px\" \/><\/a>E\u2019 verosimile ritenere che le risorse messe a disposizione dal \u201cCura Italia\u201d, dal \u201cdecreto Liquidit\u00e0\u201d e dal programma \u201cGaranzia Italia\u201d abbiano avvantaggiato soprattutto le banche e le imprese che comunque avevano gi\u00e0 ottenuto un prestito prima dell\u2019avvento del Covid. A questa ipotesi \u00e8 giunto l\u2019Ufficio studi della CGIA che dopo aver analizzato i dati degli impieghi erogati dagli istituti di credito alle aziende tra la fine di marzo \u2013 periodo in cui sono entrate in vigore le misure sopracitate &#8211; e lo scorso 30 settembre, ha \u201cricostruito\u201d una narrazione molto diversa da quella illustrata, in particolar modo, dal Governo Conte.<\/p>\n<p>Intendiamoci, tutto il sistema economico ha tratto beneficio dall\u2019applicazione di questi 3 provvedimenti, anche se non possiamo nasconderci che le risorse stanziate alle imprese colpite dal Covid sono state, fino a d\u2019ora, ancora insufficienti.<\/p>\n<p>Cosa \u00e8 successo in questi primi 6 mesi ? A fronte di un volume di 94,7 miliardi di euro di prestiti garantiti erogati dalla SACE alle grandi aziende e dal Fondo di garanzia alle Pmi, lo stock complessivo dei prestiti bancari alle imprese \u00e8 aumentato, invece, di soli 32,5 miliardi di euro. Dichiara il coordinatore dell\u2019Ufficio studi Paolo Zabeo:<\/p>\n<p><a class=\"dt-pswp-item\" href=\"https:\/\/www.radiopiu.net\/wordpress\/wp-content\/uploads\/2020\/11\/Schermata-2020-11-21-alle-15.17.42.png\" data-dt-img-description=\"\" data-large_image_width=\"1206\" data-large_image_height=\"694\"><img loading=\"lazy\" decoding=\"async\" class=\"alignleft size-medium wp-image-174260\" src=\"https:\/\/www.radiopiu.net\/wordpress\/wp-content\/uploads\/2020\/11\/Schermata-2020-11-21-alle-15.17.42-300x173.png\" alt=\"\" width=\"300\" height=\"173\" srcset=\"https:\/\/www.radiopiu.net\/wordpress\/wp-content\/uploads\/2020\/11\/Schermata-2020-11-21-alle-15.17.42-300x173.png 300w, https:\/\/www.radiopiu.net\/wordpress\/wp-content\/uploads\/2020\/11\/Schermata-2020-11-21-alle-15.17.42-1024x589.png 1024w, https:\/\/www.radiopiu.net\/wordpress\/wp-content\/uploads\/2020\/11\/Schermata-2020-11-21-alle-15.17.42-768x442.png 768w, https:\/\/www.radiopiu.net\/wordpress\/wp-content\/uploads\/2020\/11\/Schermata-2020-11-21-alle-15.17.42.png 1206w\" sizes=\"auto, (max-width: 300px) 100vw, 300px\" \/><\/a>\u201cCome mai solo un terzo delle garanzie messe a disposizione dallo Stato attraverso SACE e il Fondo di garanzia, che per legge dovevano coprire la quasi totalit\u00e0 degli impieghi erogati con questi strumenti, \u00e8 finito nelle tasche degli imprenditori ? I rimanenti due\/terzi, ovvero gli altri 62 miliardi, che fine hanno fatto ? Sono rimasti incagliati nei meandri delle burocrazie ministeriali o per caso sono finiti nei cavou degli istituti di credito ? Nulla di tutto ci\u00f2. Una parte delle nuove garanzie \u00e8 andata a colmare i cali fisiologici del credito in essere e nella sostituzione dei prestiti a breve con aumenti di quelli a medio-lungo termine. E\u2019 altres\u00ec possibile che il sistema bancario abbia usato una parte di questi miliardi anche per abbattere i propri rischi, sostituendo le garanzie legate ai prestiti che aveva erogato prima dell\u2019avvento di queste novit\u00e0 legislative. Una condotta che sicuramente ha favorito le banche, che cos\u00ec facendo hanno azzerato i rischi di incorrere in crediti deteriorati, e in parte anche le imprese, almeno quelle che prima di marzo avevano delle linee di credito aperte con gli istituti\u201d.<\/p>\n<p>Da alcuni mesi, comunque, la CGIA continua a denunciare che nonostante le misure anti-Covid messe a punto dal Governo Conte la difficolt\u00e0 di accedere al credito bancario da parte delle piccolissime aziende rischia di peggiorare dal 2021. Sottolinea il segretario della CGIA Renato Mason:<\/p>\n<p>\u201cDal prossimo 1\u00b0 gennaio, infatti, gli istituti di credito applicheranno le nuove regole europee sulla definizione di default. Queste novit\u00e0 stabiliscono criteri e modalit\u00e0 pi\u00f9 restrittive rispetto a quelli finora adottati. Altres\u00ec, \u00e8 previsto che le banche definiscano inadempiente colui che presenta un arretrato consecutivo da oltre 90 giorni, il cui importo risulti superiore sia ai 100 euro sia all\u20191 per cento del totale delle esposizioni verso il gruppo bancario. Se dovesse superare entrambe le soglie, scatter\u00e0 la segnalazione presso la Centrale Rischi della Banca d\u2019Italia che, automaticamente, bolliner\u00e0 l\u2019imprenditore come cattivo pagatore, impedendogli cos\u00ec di poter disporre per un determinato periodo di tempo dell\u2019aiuto di qualsiasi istituto di credito. Una situazione che rischia di interessare tantissime partite Iva che tradizionalmente sono a corto di liquidit\u00e0 e con grosse difficolt\u00e0, soprattutto in questo momento, a rispettare i piani di rientro dei propri debiti bancari\u201d.<\/p>\n<p>Questa nuova definizione di default, sicuramente spinger\u00e0 le banche a tenere un comportamento molto \u201cprudente\u201d nei confronti dei clienti. Con l\u2019abbassamento della soglia di sconfinamento, registreremo senz&#8217;altro una impennata dei crediti deteriorati. Per evitare gli effetti negativi degli Npl, infatti, Bruxelles ha imposto alle banche la svalutazione in 3 anni dei crediti a rischio non garantiti e in 7-9 anni per quelli con garanzia reali. E\u2019 evidente che l\u2019applicazione di queste misure indurr\u00e0 moltissimi istituti di credito ad adottare un atteggiamento di estrema cautela nell\u2019erogare i prestiti, per evitare di dover sostenere delle perdite in pochi anni. Insomma, per tantissime Pmi \u00e8 in arrivo una nuova stretta creditizia.<\/p>\n<p>In riferimento alle misure anti-Covid messe in campo dal Governo Conte che, segnaliamo, dovrebbero esaurirsi entro il prossimo 31 dicembre, l\u2019ipotesi dalla CGIA \u00e8 stata elaborata mettendo a confronto gli ultimi dati disponibili riferiti agli impieghi bancari alle imprese (al 30 settembre 2020), con quelli erogati dalle operazioni garantite da SACE e dal Fondo di garanzia per le Pmi.<\/p>\n<p>Va altres\u00ec sottolineato che le due strutture appena citate aggiornano, rispetto a SACE, con scadenze molto ravvicinate i propri dati. Attraverso \u201cGaranzia Italia\u201d, fino all\u201911 novembre scorso le domande presentate dalle grandi imprese sono state 896 e i volumi dei prestiti garantiti messi in campo da SACE hanno raggiunto i 16,6 miliardi di euro. Al 19 novembre, sempre di questo mese, presso il Fondo di Garanzia per le Pmi sono invece giunte 1.287.237 domande che hanno \u201cgenerato\u201d 106 miliardi di finanziamenti. Questi ultimi dati includono anche i mini prestiti fino a 30 mila euro che, invece, hanno registrato 991.721 domande, consentendo l\u2019 erogazione di 19,4 miliardi di finanziamenti.<\/p>\n<p>Va infine sottolineato che a partire dal marzo scorso, il nostro Paese \u00e8 al primo posto in Europa per la quantit\u00e0 di garanzie in rapporto al Pil messe a disposizione del sistema economico. Secondo gli ultimi dati aggiornati al 29 ottobre scorso dal think tank Bruegel, l\u2019Italia ha erogato il 32,1 per cento del Pil (vale a dire 570 miliardi di euro). Tra i principali paesi europei seguono la Germania (24,3 per cento del Pil), il Belgio (21,9 per cento), il Regno Unito (15,4 per cento), la Francia (14,2 per cento) e la Spagna (9,2 per cento).<\/p>\n<p>&nbsp;<\/p>\n<p>&nbsp;<\/p>\n<hr \/>\n<p>&nbsp;<\/p>\n<p><a href=\"https:\/\/www.radiopiu.net\/wordpress\/dt_gallery\/voltago-campioni-dellagordino-nella-16-comuni\/appuntamenti-4\/\" rel=\"attachment wp-att-61958\"><img loading=\"lazy\" decoding=\"async\" class=\"wp-image-61958 size-full aligncenter\" src=\"https:\/\/www.radiopiu.net\/wordpress\/wp-content\/uploads\/2018\/09\/appuntamenti.jpeg\" alt=\"\" width=\"800\" height=\"100\" srcset=\"https:\/\/www.radiopiu.net\/wordpress\/wp-content\/uploads\/2018\/09\/appuntamenti.jpeg 800w, https:\/\/www.radiopiu.net\/wordpress\/wp-content\/uploads\/2018\/09\/appuntamenti-300x38.jpeg 300w, https:\/\/www.radiopiu.net\/wordpress\/wp-content\/uploads\/2018\/09\/appuntamenti-768x96.jpeg 768w\" sizes=\"auto, (max-width: 800px) 100vw, 800px\" \/><\/a><\/p>\n<p>&nbsp;<\/p>\n<blockquote>\n<h3><a href=\"https:\/\/www.radiopiu.net\/wordpress\/giornale-radiopiu-22-novembre-2020-direttore-mirko-mezzacasa-2\/alberto_pagliarino\/\" rel=\"attachment wp-att-174240\"><img loading=\"lazy\" decoding=\"async\" class=\" wp-image-174240 alignleft\" src=\"https:\/\/www.radiopiu.net\/wordpress\/wp-content\/uploads\/2020\/11\/Alberto_Pagliarino-300x188.jpg\" alt=\"\" width=\"215\" height=\"135\" srcset=\"https:\/\/www.radiopiu.net\/wordpress\/wp-content\/uploads\/2020\/11\/Alberto_Pagliarino-300x188.jpg 300w, https:\/\/www.radiopiu.net\/wordpress\/wp-content\/uploads\/2020\/11\/Alberto_Pagliarino-1024x642.jpg 1024w, https:\/\/www.radiopiu.net\/wordpress\/wp-content\/uploads\/2020\/11\/Alberto_Pagliarino-768x482.jpg 768w, https:\/\/www.radiopiu.net\/wordpress\/wp-content\/uploads\/2020\/11\/Alberto_Pagliarino-1536x964.jpg 1536w, https:\/\/www.radiopiu.net\/wordpress\/wp-content\/uploads\/2020\/11\/Alberto_Pagliarino.jpg 1693w\" sizes=\"auto, (max-width: 215px) 100vw, 215px\" \/><\/a>TEATRO E AMBIENTE, SPETTACOLO CON L&#8217;APPOGGIO DEL COMUNE<\/h3>\n<\/blockquote>\n<p><strong>PONTE NELLE ALPI<\/strong> L<span style=\"color: #000000; font-family: Helvetica;\">\u2019assessorato all\u2019Ambiente del Comune di Ponte nelle Alpi ha deciso di aderire all\u2019invito dell\u2019attore Alberto Pagliarino\u00a0 e di appoggiare un evento che, in tempi di Covid e teatri chiusi, verr\u00e0 trasmesso in live streaming: la data: marted\u00ec 24 novembre (ore 18). \u00c8 necessaria la registrazione, gratuita, su Eventbrite (link: <\/span><a style=\"font-family: Helvetica;\" href=\"https:\/\/www.eventbrite.it\/e\/biglietti-blue-revolution-live-streaming-128511253619\">https:\/\/www.eventbrite.it\/e\/biglietti-blue-revolution-live-streaming-128511253619<\/a><span style=\"color: #000000; font-family: Helvetica;\">, oppure Google \u201cblue revolution eventbrite\u201d). <\/span><em><span style=\"color: #000000; font-family: Helvetica;\">\u00abLo spettacolo sviluppa la questione legata all&#8217;uso intensivo della plastica &#8211; osserva l\u2019assessore comunale Pierluigi Dal Borgo &#8211; e di come \u00e8 nata l&#8217;idea pervasiva di usare e gettare un materiale, che oltretutto \u00e8 parecchio durevole. In pi\u00f9, si concentra sulle conseguenze ambientali e apre a soluzioni che forse richiedono un po\u2019 di partecipazione personale e delle comunit\u00e0 locali\u00bb.\u00a0<\/span><\/em><\/p>\n<p>&nbsp;<\/p>\n<blockquote><p>&nbsp;<\/p>\n<blockquote>\n<h3><a href=\"https:\/\/www.radiopiu.net\/wordpress\/giornale-radiopiu-20-novembre-2020-direttore-mirko-mezzacasa\/img-20201118-wa0053\/\" rel=\"attachment wp-att-173777\"><img loading=\"lazy\" decoding=\"async\" class=\" wp-image-173777 alignleft\" src=\"https:\/\/www.radiopiu.net\/wordpress\/wp-content\/uploads\/2020\/11\/IMG-20201118-WA0053-300x251.jpg\" alt=\"\" width=\"131\" height=\"110\" srcset=\"https:\/\/www.radiopiu.net\/wordpress\/wp-content\/uploads\/2020\/11\/IMG-20201118-WA0053-300x251.jpg 300w, https:\/\/www.radiopiu.net\/wordpress\/wp-content\/uploads\/2020\/11\/IMG-20201118-WA0053-1024x858.jpg 1024w, https:\/\/www.radiopiu.net\/wordpress\/wp-content\/uploads\/2020\/11\/IMG-20201118-WA0053-768x644.jpg 768w, https:\/\/www.radiopiu.net\/wordpress\/wp-content\/uploads\/2020\/11\/IMG-20201118-WA0053-1536x1288.jpg 1536w, https:\/\/www.radiopiu.net\/wordpress\/wp-content\/uploads\/2020\/11\/IMG-20201118-WA0053.jpg 1880w\" sizes=\"auto, (max-width: 131px) 100vw, 131px\" \/><\/a>STOP RICOMINCIO DA ME<\/h3>\n<\/blockquote>\n<p><strong>ALPAGO\u00a0<\/strong> Mercoledi alle 20.30 in diretta dalla pagina facebook del Comune di Alpago in occasione della giornata mondiale contro la violenza sulle donne interverranno: Paola Pierobon pittrice e scrittrice di donne, autrice dell&#8217;icona simbolo della serata; Grazia Costa insegnate e attrice di poesie con racconti ed immagini. Moderatrice Laura Funes consigliere comunale alla cultura. In questa occasione i Municipi di Farra, Pieve e Puos saranno illuminati di rosso.<\/p>\n<p>&nbsp;<\/p><\/blockquote>\n<p>&nbsp;<\/p>\n<p>&nbsp;<\/p>\n<hr \/>\n<blockquote>\n<h3><\/h3>\n<h3><\/h3>\n<h2>LA RASSEGNA STAMPA DA L&#8217;AMICO DEL POPOLO, OSPITE VIGILIO COSTA<\/h2>\n<\/blockquote>\n<h2><span style=\"color: #ff0000;\"><a href=\"https:\/\/www.radiopiu.net\/wordpress\/https-wp-me-p63lo7-jjf\/tappi-300x200\/\" rel=\"attachment wp-att-174175\"><img loading=\"lazy\" decoding=\"async\" class=\"wp-image-174175 alignleft\" src=\"https:\/\/www.radiopiu.net\/wordpress\/wp-content\/uploads\/2020\/11\/tappi-300x200-1.jpg\" alt=\"\" width=\"155\" height=\"103\" \/><\/a><\/span><\/h2>\n<h2><span style=\"color: #ff0000;\">IERI ALLA RADIO<\/span><\/h2>\n<p><strong>DI GIANNI SANTOMASO<\/strong><\/p>\n<p><strong>AUDIO<\/strong><\/p>\n<audio class=\"wp-audio-shortcode\" id=\"audio-174128-7\" preload=\"none\" style=\"width: 100%;\" controls=\"controls\"><source type=\"audio\/mpeg\" src=\"https:\/\/www.radiopiu.net\/wordpress\/wp-content\/uploads\/2020\/11\/RASSEGNA-GIANNI-2.mp3?_=7\" \/><a href=\"https:\/\/www.radiopiu.net\/wordpress\/wp-content\/uploads\/2020\/11\/RASSEGNA-GIANNI-2.mp3\">https:\/\/www.radiopiu.net\/wordpress\/wp-content\/uploads\/2020\/11\/RASSEGNA-GIANNI-2.mp3<\/a><\/audio>\n<p>&nbsp;<\/p>\n<blockquote><p>&nbsp;<\/p><\/blockquote>\n<hr \/>\n<p>&nbsp;<\/p>\n<blockquote><p>&nbsp;<\/p><\/blockquote>\n<p>&nbsp;<\/p>\n<h3>FIBROMIALGIA: CON UN APP ACCANTO E&#8217; PIU&#8217; SEMPLICE<\/h3>\n<p><strong><a href=\"https:\/\/www.radiopiu.net\/wordpress\/fibromialgia-con-un-app-accanto-e-piu-semplice\/immagine-social\/\" rel=\"attachment wp-att-173397\"><img loading=\"lazy\" decoding=\"async\" class=\" wp-image-173397 alignleft\" src=\"https:\/\/www.radiopiu.net\/wordpress\/wp-content\/uploads\/2020\/11\/Immagine-social-300x300.jpg\" alt=\"\" width=\"115\" height=\"115\" srcset=\"https:\/\/www.radiopiu.net\/wordpress\/wp-content\/uploads\/2020\/11\/Immagine-social-300x300.jpg 300w, https:\/\/www.radiopiu.net\/wordpress\/wp-content\/uploads\/2020\/11\/Immagine-social-150x150.jpg 150w, https:\/\/www.radiopiu.net\/wordpress\/wp-content\/uploads\/2020\/11\/Immagine-social-768x768.jpg 768w, https:\/\/www.radiopiu.net\/wordpress\/wp-content\/uploads\/2020\/11\/Immagine-social.jpg 960w\" sizes=\"auto, (max-width: 115px) 100vw, 115px\" \/><\/a><br \/>\n<\/strong><\/p>\n<p><strong>\u00a0<\/strong><\/p>\n<p>&nbsp;<\/p>\n<p><strong>IL PROMO IN ONDA ALLA RADIO\u00a0<\/strong><\/p>\n<audio class=\"wp-audio-shortcode\" id=\"audio-174128-8\" preload=\"none\" style=\"width: 100%;\" controls=\"controls\"><source type=\"audio\/mpeg\" src=\"https:\/\/www.radiopiu.net\/wordpress\/wp-content\/uploads\/2020\/11\/Vocale-FibroMiaApp.mp3?_=8\" \/><a href=\"https:\/\/www.radiopiu.net\/wordpress\/wp-content\/uploads\/2020\/11\/Vocale-FibroMiaApp.mp3\">https:\/\/www.radiopiu.net\/wordpress\/wp-content\/uploads\/2020\/11\/Vocale-FibroMiaApp.mp3<\/a><\/audio>\n<p>&nbsp;<\/p>\n<hr \/>\n<p>&nbsp;<\/p>\n<p>&nbsp;<\/p>\n<blockquote>\n<h3>10 CONSIGLI PER MIGLIORARE IL SONNO AI TEMPI DEL CORONAVIRUS<\/h3>\n<\/blockquote>\n<p align=\"JUSTIFY\"><span style=\"font-family: Calibri, serif;\"><a href=\"https:\/\/www.radiopiu.net\/wordpress\/ecco-i-test-fai-da-te-per-il-covid-parla-zaia\/giornata-del-sonno-350x260\/\" rel=\"attachment wp-att-173156\"><img loading=\"lazy\" decoding=\"async\" class=\" wp-image-173156 alignleft\" src=\"https:\/\/www.radiopiu.net\/wordpress\/wp-content\/uploads\/2020\/11\/giornata-del-sonno-350x260-1-300x223.jpg\" alt=\"\" width=\"77\" height=\"57\" srcset=\"https:\/\/www.radiopiu.net\/wordpress\/wp-content\/uploads\/2020\/11\/giornata-del-sonno-350x260-1-300x223.jpg 300w, https:\/\/www.radiopiu.net\/wordpress\/wp-content\/uploads\/2020\/11\/giornata-del-sonno-350x260-1.jpg 350w\" sizes=\"auto, (max-width: 77px) 100vw, 77px\" \/><\/a>1.\u00a0 PRENDI LE DISTANZE DA NOTIZIE CHE PARLANO DI CORONAVIRUS NELLE DUE ORE CHE PRECEDONO IL SONNO. <\/span><span style=\"font-family: Calibri, serif;\">2. ALZATI E VAI A DORMIRE ALLA STESSA ORA <\/span><span style=\"font-family: Calibri, serif;\">3. SCEGLI UN ORARIO PER ANDARE A DORMIRE IN CUI HAI EFFETTIVAMENTE SONNO <\/span><span style=\"font-family: Calibri, serif;\">4. USA LA CAMERA DA LETTO PER ATTIVITA\u2019 RILASSANTI CHE PRECEDONO L\u2019ADDORMENTAMENTO <\/span><span style=\"font-family: Calibri, serif;\">5. SCEGLI DEI RITUALI RASSERENANTI <\/span><span style=\"font-family: Calibri, serif;\">6. ELIMINA, se puoi, SONNELLINI DURANTE IL GIORNO <\/span><span style=\"font-family: Calibri, serif;\">7. EVITA LE SOSTANZE CHE ALTERANO IL SONNO: <\/span>\u25cb <span style=\"font-family: Calibri, serif;\">L\u2019USO DI ALCOLICI NELLE 2\/3 ORE CHE PRECEDONO IL SONNO <\/span>\u00a0<span style=\"font-family: Calibri, serif;\">LE SOSTANZE CONTENENTI CAFFEINA NELLE 6\/7 ORE CHE PRECEDONO IL SONNO <\/span>\u00a0<span style=\"font-family: Calibri, serif;\">IL FUMO NELLA MEZZ\u2019ORA CHE PRECEDE IL SONNO, <\/span><span style=\"font-family: Calibri, serif;\">GROSSE QUANTITA\u2019 DI ZUCCHERI <\/span><span style=\"font-family: Calibri, serif;\">8. PRATICA ATTIVITA\u2019 FISICA NEL TARDO POMERIGGIO <\/span><span style=\"font-family: Calibri, serif;\">9. RENDI PIU\u2019 CONFORTEVOLE LA TUA STANZA <\/span><span style=\"font-family: Calibri, serif;\">10. NON ALLARMARTI SE NON RIESCI A DORMIRE\u00a0 \u00a0 \u00a0<\/span><\/p>\n<p align=\"JUSTIFY\"><span style=\"font-family: Calibri, serif;\">\u00a0<\/span><\/p>\n<p align=\"JUSTIFY\"><span style=\"font-family: Calibri, serif;\">\u00a0<\/span><\/p>\n<hr \/>\n<div class=\"im_message_wrap clearfix\">\n<div class=\"im_content_message_wrap im_message_out\">\n<p>&nbsp;<\/p>\n<h2><span style=\"color: #ff0000;\">IERI ALLA RADIO\u00a0 IN VIVO VERSO 2020-21<\/span><\/h2>\n<p><strong><span style=\"color: #0000ff;\">IN ONDA DAL LUNEDI AL VENERDI ALLE 7.10, 10.10, 18.50\u00a0<\/span><\/strong><\/p>\n<blockquote class=\"wp-embedded-content\" data-secret=\"n8ISYA9WQT\"><p><a href=\"https:\/\/www.radiopiu.net\/wordpress\/il-paese-dalle-porte-di-mattone\/\">IL PAESE DALLE PORTE DI MATTONE<\/a><\/p><\/blockquote>\n<p><iframe loading=\"lazy\" class=\"wp-embedded-content\" sandbox=\"allow-scripts\" security=\"restricted\" style=\"position: absolute; clip: rect(1px, 1px, 1px, 1px);\" title=\"&#8220;IL PAESE DALLE PORTE DI MATTONE&#8221; &#8212; Radio Pi\u00f9\" src=\"https:\/\/www.radiopiu.net\/wordpress\/il-paese-dalle-porte-di-mattone\/embed\/#?secret=n8ISYA9WQT\" data-secret=\"n8ISYA9WQT\" width=\"600\" height=\"338\" frameborder=\"0\" marginwidth=\"0\" marginheight=\"0\" scrolling=\"no\"><\/iframe><\/p>\n<\/div>\n<\/div>\n<h1><strong><span style=\"font-family: Verdana, sans-serif;\"><span style=\"font-size: medium;\">LA RACCOLTA COMPLETA, TUTTE LE COLLEZIONI<\/span><\/span><\/strong><\/h1>\n<blockquote class=\"wp-embedded-content\" data-secret=\"1MT1RMjVwa\"><p><a href=\"https:\/\/www.radiopiu.net\/wordpress\/in-vivo-verso\/\">In Vivo Verso<\/a><\/p><\/blockquote>\n<p><iframe loading=\"lazy\" class=\"wp-embedded-content\" sandbox=\"allow-scripts\" security=\"restricted\" style=\"position: absolute; clip: rect(1px, 1px, 1px, 1px);\" title=\"&#8220;In Vivo Verso&#8221; &#8212; Radio Pi\u00f9\" src=\"https:\/\/www.radiopiu.net\/wordpress\/in-vivo-verso\/embed\/#?secret=1MT1RMjVwa\" data-secret=\"1MT1RMjVwa\" width=\"600\" height=\"338\" frameborder=\"0\" marginwidth=\"0\" marginheight=\"0\" scrolling=\"no\"><\/iframe><\/p>\n<hr \/>\n<p>&nbsp;<\/p>\n<h2>007 IN CONDOTTA CON LA PROF. MARIA ROSA SALMAZO IL LUNEDI ALLE 10,30 E ALLE 19.00 LA DOMENICA ALLE 8 DEL MATTINO. NONA STAGIONE<\/h2>\n<h2>LA RACCOLTA COMPLETA<\/h2>\n<blockquote class=\"wp-embedded-content\" data-secret=\"ySWhwPM25b\"><p><a href=\"https:\/\/www.radiopiu.net\/wordpress\/007incondotta-9\/\">007 in condotta<\/a><\/p><\/blockquote>\n<p><iframe loading=\"lazy\" class=\"wp-embedded-content\" sandbox=\"allow-scripts\" security=\"restricted\" style=\"position: absolute; clip: rect(1px, 1px, 1px, 1px);\" title=\"&#8220;007 in condotta&#8221; &#8212; Radio Pi\u00f9\" src=\"https:\/\/www.radiopiu.net\/wordpress\/007incondotta-9\/embed\/#?secret=ySWhwPM25b\" data-secret=\"ySWhwPM25b\" width=\"600\" height=\"338\" frameborder=\"0\" marginwidth=\"0\" marginheight=\"0\" scrolling=\"no\"><\/iframe><\/p>\n<p>&nbsp;<\/p>\n<hr \/>\n<p>&nbsp;<\/p>\n<blockquote>\n<h2>SALUTE E SOCIETA&#8217; IL LUNEDI ALLE 13.10 E ALLE 20.10, LA DOMENICA ALLE 10.30 A CURA DEL DOTTOR MARCO CARACCIOLO. QUINTA STAGIONE<\/h2>\n<\/blockquote>\n<h3>LA RACCOLTA COMPLETA<\/h3>\n<blockquote class=\"wp-embedded-content\" data-secret=\"Dq3haHg4aL\"><p><a href=\"https:\/\/www.radiopiu.net\/wordpress\/saluteesocieta\/\">Salute e Societ\u00e0<\/a><\/p><\/blockquote>\n<p><iframe loading=\"lazy\" class=\"wp-embedded-content\" sandbox=\"allow-scripts\" security=\"restricted\" style=\"position: absolute; clip: rect(1px, 1px, 1px, 1px);\" title=\"&#8220;Salute e Societ\u00e0&#8221; &#8212; Radio Pi\u00f9\" src=\"https:\/\/www.radiopiu.net\/wordpress\/saluteesocieta\/embed\/#?secret=Dq3haHg4aL\" data-secret=\"Dq3haHg4aL\" width=\"600\" height=\"338\" frameborder=\"0\" marginwidth=\"0\" marginheight=\"0\" scrolling=\"no\"><\/iframe><\/p>\n<hr \/>\n<blockquote>\n<h2><\/h2>\n<h2>FANTASTICHE DOLOMITI, NUOVA STAGIONE. APPUNTAMENTO QUINDICINALE IL GIOVEDI ALLE 10.30 E 1900<\/h2>\n<\/blockquote>\n<h1>LA RACCOLTA COMPLETA<\/h1>\n<p>https:\/\/www.radiopiu.net\/wordpress\/fantastiche-dolomiti-la-presentazione-con-claudio-canova\/<\/p>\n<p>&nbsp;<\/p>\n<div class=\"mw-parser-output\">\n<p>&nbsp;<\/p>\n<\/div>\n<p>&nbsp;<\/p>\n<hr \/>\n<p>&nbsp;<\/p>\n<p>&nbsp;<\/p>\n<h2><span style=\"color: #808000;\">DUE MINUTI UN LIBRO\u00a0 TUTTI I GIORNI ALLA RADIO ALLE 9.30 E ALLE 18. QUINTA STAGIONE \u00a0<\/span><\/h2>\n<h2>LA RACCOLTA COMPLETA<\/h2>\n<blockquote class=\"wp-embedded-content\" data-secret=\"y9hVhvjmXG\"><p><a href=\"https:\/\/www.radiopiu.net\/wordpress\/due-minuti-un-libro\/\">Due minuti un libro<\/a><\/p><\/blockquote>\n<p><iframe loading=\"lazy\" class=\"wp-embedded-content\" sandbox=\"allow-scripts\" security=\"restricted\" style=\"position: absolute; clip: rect(1px, 1px, 1px, 1px);\" title=\"&#8220;Due minuti un libro&#8221; &#8212; Radio Pi\u00f9\" src=\"https:\/\/www.radiopiu.net\/wordpress\/due-minuti-un-libro\/embed\/#?secret=y9hVhvjmXG\" data-secret=\"y9hVhvjmXG\" width=\"600\" height=\"338\" frameborder=\"0\" marginwidth=\"0\" marginheight=\"0\" scrolling=\"no\"><\/iframe><\/p>\n<p>&nbsp;<\/p>\n<hr \/>\n<p>&nbsp;<\/p>\n<blockquote>\n<h2>CASSA SOLIDARIET\u00c0 LUXOTTICA &#8211; PUNTATA DEL 20 NOVEMBRE 2020<\/h2>\n<h2>RACCOLTA COMPLETA<\/h2>\n<\/blockquote>\n<blockquote class=\"wp-embedded-content\" data-secret=\"LarWKM33y0\"><p><a href=\"https:\/\/www.radiopiu.net\/wordpress\/cassa-solidarieta-luxottica-puntata-del-16-ottobre-2020\/\">CASSA SOLIDARIET\u00c0 LUXOTTICA &#8211; PUNTATA DEL 20 NOVEMBRE 2020<\/a><\/p><\/blockquote>\n<p><iframe loading=\"lazy\" class=\"wp-embedded-content\" sandbox=\"allow-scripts\" security=\"restricted\" style=\"position: absolute; clip: rect(1px, 1px, 1px, 1px);\" title=\"&#8220;CASSA SOLIDARIET\u00c0 LUXOTTICA &#8211; PUNTATA DEL 20 NOVEMBRE 2020&#8221; &#8212; Radio Pi\u00f9\" src=\"https:\/\/www.radiopiu.net\/wordpress\/cassa-solidarieta-luxottica-puntata-del-16-ottobre-2020\/embed\/#?secret=LarWKM33y0\" data-secret=\"LarWKM33y0\" width=\"600\" height=\"338\" frameborder=\"0\" marginwidth=\"0\" marginheight=\"0\" scrolling=\"no\"><\/iframe><\/p>\n<p>&nbsp;<\/p>\n<p>&nbsp;<\/p>\n<hr \/>\n<p>&nbsp;<\/p>\n<p>&nbsp;<\/p>\n<blockquote>\n<h2><a href=\"https:\/\/www.radiopiu.net\/wordpress\/speciale-solidarieta-veneto\/solidarieta-veneto-3\/\" rel=\"attachment wp-att-134366\"><img loading=\"lazy\" decoding=\"async\" class=\"wp-image-134366 alignleft\" src=\"https:\/\/www.radiopiu.net\/wordpress\/wp-content\/uploads\/2020\/05\/solidariet\u00e0-veneto-300x210.jpg\" alt=\"\" width=\"179\" height=\"125\" srcset=\"https:\/\/www.radiopiu.net\/wordpress\/wp-content\/uploads\/2020\/05\/solidariet\u00e0-veneto-300x210.jpg 300w, https:\/\/www.radiopiu.net\/wordpress\/wp-content\/uploads\/2020\/05\/solidariet\u00e0-veneto-1024x717.jpg 1024w, https:\/\/www.radiopiu.net\/wordpress\/wp-content\/uploads\/2020\/05\/solidariet\u00e0-veneto-768x538.jpg 768w, https:\/\/www.radiopiu.net\/wordpress\/wp-content\/uploads\/2020\/05\/solidariet\u00e0-veneto.jpg 1373w\" sizes=\"auto, (max-width: 179px) 100vw, 179px\" \/><\/a>SOLIDARIETA&#8217; VENETO FONDO PENSIONE, IN ONDA IL PRIMO VENERDI DEL MESE ALLE 10.30 E ALLE 19.00 QUINTA STAGIONE<\/h2>\n<h2>RACCOLTA COMPLETA<\/h2>\n<\/blockquote>\n<blockquote class=\"wp-embedded-content\" data-secret=\"ANuN0hghgl\"><p><a href=\"https:\/\/www.radiopiu.net\/wordpress\/solidarieta-veneto\/\">Solidariet\u00e0 Veneto<\/a><\/p><\/blockquote>\n<p><iframe loading=\"lazy\" class=\"wp-embedded-content\" sandbox=\"allow-scripts\" security=\"restricted\" style=\"position: absolute; clip: rect(1px, 1px, 1px, 1px);\" title=\"&#8220;Solidariet\u00e0 Veneto&#8221; &#8212; Radio Pi\u00f9\" src=\"https:\/\/www.radiopiu.net\/wordpress\/solidarieta-veneto\/embed\/#?secret=ANuN0hghgl\" data-secret=\"ANuN0hghgl\" width=\"600\" height=\"338\" frameborder=\"0\" marginwidth=\"0\" marginheight=\"0\" scrolling=\"no\"><\/iframe><\/p>\n<p>&nbsp;<\/p>\n<p>&nbsp;<\/p>\n<div>\n<p>&nbsp;<\/p>\n<hr \/>\n<p>&nbsp;<\/p>\n<div>\n<h2><span style=\"color: #33cccc;\">I RACCONTI DI PAOLO SOPPELSA il lunedi alle 9.30 e 18.30<\/span><\/h2>\n<h2><span style=\"color: #33cccc;\"><strong>RACCOLTA COMPLETA<\/strong><\/span><\/h2>\n<blockquote class=\"wp-embedded-content\" data-secret=\"Jntg9sUpyS\"><p><a href=\"https:\/\/www.radiopiu.net\/wordpress\/i-racconti-di-paolo-soppelsa\/\">I racconti di Paolo Soppelsa<\/a><\/p><\/blockquote>\n<p><iframe loading=\"lazy\" class=\"wp-embedded-content\" sandbox=\"allow-scripts\" security=\"restricted\" style=\"position: absolute; clip: rect(1px, 1px, 1px, 1px);\" title=\"&#8220;I racconti di Paolo Soppelsa&#8221; &#8212; Radio Pi\u00f9\" src=\"https:\/\/www.radiopiu.net\/wordpress\/i-racconti-di-paolo-soppelsa\/embed\/#?secret=Jntg9sUpyS\" data-secret=\"Jntg9sUpyS\" width=\"600\" height=\"338\" frameborder=\"0\" marginwidth=\"0\" marginheight=\"0\" scrolling=\"no\"><\/iframe><\/p>\n<\/div>\n<p>&nbsp;<\/p>\n<hr \/>\n<p>&nbsp;<\/p>\n<h2><strong>LE\u00a0 PUNTATE di Luisa Alchini di Leggermente Bellunesi, la domenica alle 11, il martedi alle 10.30 e alle 19.00\u00a0<\/strong><\/h2>\n<h1><span style=\"color: #000000;\">RACCOLTA COMPLETA<\/span><\/h1>\n<blockquote class=\"wp-embedded-content\" data-secret=\"sQoGa86iI7\"><p><a href=\"https:\/\/www.radiopiu.net\/wordpress\/leggermente-20\/\">LEGGERmente&#8230;Bellunesi<\/a><\/p><\/blockquote>\n<p><iframe loading=\"lazy\" class=\"wp-embedded-content\" sandbox=\"allow-scripts\" security=\"restricted\" style=\"position: absolute; clip: rect(1px, 1px, 1px, 1px);\" title=\"&#8220;LEGGERmente&#8230;Bellunesi&#8221; &#8212; Radio Pi\u00f9\" src=\"https:\/\/www.radiopiu.net\/wordpress\/leggermente-20\/embed\/#?secret=sQoGa86iI7\" data-secret=\"sQoGa86iI7\" width=\"600\" height=\"338\" frameborder=\"0\" marginwidth=\"0\" marginheight=\"0\" scrolling=\"no\"><\/iframe><\/p>\n<hr \/>\n<p>&nbsp;<\/p>\n<blockquote>\n<h3>L&#8217;ALMANACCO LADINO CON L&#8217;ISTITUT CESA DE JAN QUINDICINALE APPUNTAMENTO. LA DOMENICA ALLE 9 IL LUNEDI ALE 8.35 IL MARTEDI ALLE 12.35 IL MERCOLEDI ALLE 18.35. SECONDA STAGIONE.<\/h3>\n<\/blockquote>\n<p><strong>RACCOLTA COMPLETA\u00a0<\/strong><\/p>\n<blockquote class=\"wp-embedded-content\" data-secret=\"QTvCI8SKxf\"><p><a href=\"https:\/\/www.radiopiu.net\/wordpress\/almanacco-ladino\/\">Almanacco Ladino<\/a><\/p><\/blockquote>\n<p><iframe loading=\"lazy\" class=\"wp-embedded-content\" sandbox=\"allow-scripts\" security=\"restricted\" style=\"position: absolute; clip: rect(1px, 1px, 1px, 1px);\" title=\"&#8220;Almanacco Ladino&#8221; &#8212; Radio Pi\u00f9\" src=\"https:\/\/www.radiopiu.net\/wordpress\/almanacco-ladino\/embed\/#?secret=QTvCI8SKxf\" data-secret=\"QTvCI8SKxf\" width=\"600\" height=\"338\" frameborder=\"0\" marginwidth=\"0\" marginheight=\"0\" scrolling=\"no\"><\/iframe><\/p>\n<p>&nbsp;<\/p>\n<\/div>\n<hr \/>\n<div>\n<h2><span style=\"color: #000080;\"><a class=\"dt-pswp-item\" href=\"https:\/\/www.radiopiu.net\/wordpress\/wp-content\/uploads\/2020\/10\/pp.jpg\" data-dt-img-description=\"\" data-large_image_width=\"640\" data-large_image_height=\"640\"><img loading=\"lazy\" decoding=\"async\" class=\"wp-image-163678 alignleft\" src=\"https:\/\/www.radiopiu.net\/wordpress\/wp-content\/uploads\/2020\/10\/pp-300x300.jpg\" alt=\"\" width=\"106\" height=\"106\" srcset=\"https:\/\/www.radiopiu.net\/wordpress\/wp-content\/uploads\/2020\/10\/pp-300x300.jpg 300w, https:\/\/www.radiopiu.net\/wordpress\/wp-content\/uploads\/2020\/10\/pp-150x150.jpg 150w, https:\/\/www.radiopiu.net\/wordpress\/wp-content\/uploads\/2020\/10\/pp-125x125.jpg 125w, https:\/\/www.radiopiu.net\/wordpress\/wp-content\/uploads\/2020\/10\/pp-200x200.jpg 200w, https:\/\/www.radiopiu.net\/wordpress\/wp-content\/uploads\/2020\/10\/pp-80x80.jpg 80w, https:\/\/www.radiopiu.net\/wordpress\/wp-content\/uploads\/2020\/10\/pp-480x480.jpg 480w, https:\/\/www.radiopiu.net\/wordpress\/wp-content\/uploads\/2020\/10\/pp.jpg 640w\" sizes=\"auto, (max-width: 106px) 100vw, 106px\" \/><\/a> <\/span><\/h2>\n<h2><span style=\"color: #000080;\">DON CESARE, IL PENSIERO DEL GIORNO. ALLA RADIO ALLE 7 DEL MATTINO E ALLE 19.30 DELLA SERA.\u00a0\u00a0<\/span><\/h2>\n<\/div>\n<p>&nbsp;<\/p>\n<p>&nbsp;<\/p>\n<p>&nbsp;<\/p>\n<audio class=\"wp-audio-shortcode\" id=\"audio-174128-9\" preload=\"none\" style=\"width: 100%;\" controls=\"controls\"><source type=\"audio\/mpeg\" src=\"https:\/\/www.radiopiu.net\/wordpress\/wp-content\/uploads\/2020\/11\/CESARE-17.mp3?_=9\" \/><a href=\"https:\/\/www.radiopiu.net\/wordpress\/wp-content\/uploads\/2020\/11\/CESARE-17.mp3\">https:\/\/www.radiopiu.net\/wordpress\/wp-content\/uploads\/2020\/11\/CESARE-17.mp3<\/a><\/audio>\n<p>&nbsp;<\/p>\n<p>&nbsp;<\/p>\n<hr \/>\n<h2><\/h2>\n<h2><a href=\"https:\/\/www.radiopiu.net\/wordpress\/giornale-radio-piu-16-09-direttore-mirko-mezzacasa-ed-principale-grp-alle-12-30-e-alla-mezzanotte\/don_giorgio2\/\" rel=\"attachment wp-att-10391\"><img loading=\"lazy\" decoding=\"async\" class=\"size-full wp-image-10391 alignleft\" src=\"https:\/\/www.radiopiu.net\/wordpress\/wp-content\/uploads\/2015\/09\/don_giorgio2.jpg\" alt=\"\" width=\"216\" height=\"137\" \/><\/a><span style=\"color: #800080;\">DUE MINUTI PER TE, APPUNTAMENTO SETTIMANALE CON MONSIGNOR DON GIORGIO LISE<\/span><\/h2>\n<p>&nbsp;<\/p>\n<audio class=\"wp-audio-shortcode\" id=\"audio-174128-10\" preload=\"none\" style=\"width: 100%;\" controls=\"controls\"><source type=\"audio\/mpeg\" src=\"https:\/\/www.radiopiu.net\/wordpress\/wp-content\/uploads\/2020\/11\/DON-GIORGIO-LISE-21-NOV-2020.mp3?_=10\" \/><a href=\"https:\/\/www.radiopiu.net\/wordpress\/wp-content\/uploads\/2020\/11\/DON-GIORGIO-LISE-21-NOV-2020.mp3\">https:\/\/www.radiopiu.net\/wordpress\/wp-content\/uploads\/2020\/11\/DON-GIORGIO-LISE-21-NOV-2020.mp3<\/a><\/audio>\n<p>&nbsp;<\/p>\n<hr \/>\n<p>&nbsp;<\/p>\n<div>\n<p class=\"photoswipe-wrapper\"><a class=\"dt-pswp-item pspw-wrap-ready\" href=\"https:\/\/i0.wp.com\/www.radiopiu.net\/wordpress\/wp-content\/uploads\/2018\/09\/viabilita.jpeg?ssl=1\" data-dt-img-description=\"\" data-large_image_width=\"800\" data-large_image_height=\"100\"><img loading=\"lazy\" decoding=\"async\" class=\"aligncenter wp-image-61954 size-full\" src=\"https:\/\/i0.wp.com\/www.radiopiu.net\/wordpress\/wp-content\/uploads\/2018\/09\/viabilita.jpeg?resize=800%2C100&amp;ssl=1\" sizes=\"auto, (max-width: 800px) 100vw, 800px\" srcset=\"https:\/\/i0.wp.com\/www.radiopiu.net\/wordpress\/wp-content\/uploads\/2018\/09\/viabilita.jpeg?w=800&amp;ssl=1 800w, https:\/\/i0.wp.com\/www.radiopiu.net\/wordpress\/wp-content\/uploads\/2018\/09\/viabilita.jpeg?resize=300%2C38&amp;ssl=1 300w, https:\/\/i0.wp.com\/www.radiopiu.net\/wordpress\/wp-content\/uploads\/2018\/09\/viabilita.jpeg?resize=768%2C96&amp;ssl=1 768w\" alt=\"\" width=\"800\" height=\"100\" \/><\/a><\/p>\n<\/div>\n<p>&nbsp;<\/p>\n<p><strong>FELTRE PROVINCIALE 347 VILLAPAIERA:<\/strong> revoca ordinanza e ripristino viabilit\u00e0.<\/p>\n<p><strong>PRIMOLANO PROVINCIALE 50BIS:<\/strong> interdizione totale alla transitabilit\u00e0 a Primolano dalle 8 alle 12 e dalle 13 alle 17 nei giorni 23 e 24 novembre.<\/p>\n<p><strong>PROVINCIALE 49 MISURINA CONFINE PROVINCIA DI BOLZANO<\/strong>:\u00a0 fino al 22 dicembre (festivi e prefestivi compresi) senso unico alternato con movieri o semafori<\/p>\n<p><strong>STRADA PROVINCIALE 347 DEL PASSO CEREDA E DURAN<\/strong> tra Cibiana e Vanas, fino\u00a0 al 24 novembre, compresi sabati e domeniche, possibili brevi interruzioni della durata massima di 15 minuti dalle 8 alle 17, negli altri orari senso unico alternato regolato da semaforo per messa in sicurezza versante a monte della strada<\/p>\n<p><strong>STRADA REGIONALE 48 DELLE DOLOMITI<\/strong> fino al 01 dicembre, dalle 8 alle 18, senso unico alternato regolato da impianto semaforico in localit\u00e0 Salesei di Sopra in comune di Livinallongo per esecuzione tombinatura<\/p>\n<p><strong>PROVINCIALE 3 VALLE IMPERINA<\/strong>:\u00a0 fino al 12 dicembre senso unico alternato (tutti i giorni nessuno escluso) in locailt\u00e0 Gona per messa in sicurezza della strada.<\/p>\n<p><strong>PROVINCIALE 48 DELLE DOLOMITI<\/strong> fino al 30 novembre (tutti i giorni nessuno escluso) senso unico alternato in localit\u00e0 Livin\u00e8 a Livinallongo del Col di Lana<\/p>\n<p><strong>PROVINCIALE 28 DELLE COSTE D\u2019ALPAGO<\/strong> chiusura totale al transito dalle 8 alle 17 fino al 21 novembre in localit\u00e0 Roncazza di Tambre per taglio ed esbosco piante<\/p>\n<p><strong>PROVINCIALE 25 PASSO VALLES_CAVERSON<\/strong>\u00a0 INTERRUZIONI fino a 15 minuti dalle 7.30 alle 12 e dalle 13 alle 17 fino\u00a0 al 20 novembre. Inoltre senso unico alternato regolato da movieri o semaforo per manutenzione sovrapasso pista da sci<\/p>\n<p><strong>REGIONALE 203 AGORDINA COLLAZ-LIVINALLONGO<\/strong>\u00a0 fino al 4 dicembre (sabato e festivi esclusi) senso unico alternato per singoli tratti di 150 metri<\/p>\n<p><strong>SR 203 AGORDINA<\/strong>\u00a0fino al 30 novembre, compresi sabato e domenica, \u00a0senso unico alternato regolato da semaforo in localit\u00e0 Sopra Sac di Alleghe per allestimento opere di difesa valanghiva<\/p>\n<p><strong>SP\u00a0423 LAGO DI SANTA CROCE_POIATTE_ALPAGO <\/strong>Fino al 12 dicembre (esclusi festivi e prefestivi) senso unico alternato con movieri o semaforo per esecuzione paramassi a monte della strada<\/p>\n<p><strong>SP 422 DELL\u2019ALPAGO E DEL CANSIGLIO\u00a0<\/strong>fino al 30 novembre, esclusi sabato e domenica, senso unico alternato regolato da movieri tra Puos e Cornei per posa fibre ottiche<\/p>\n<p><strong>SR 48 DELLE DOLOMITI<\/strong>\u00a0fino al 30 novembre senso unico alternato regolato da impianto semaforico tra Arabba e Cernadoi per consolidamento ciglio stradale e sostituzione barriere di sicurezza<\/p>\n<p><strong>PROVINCIALE 251\u00a0<\/strong> COLLE SANTA LUCIA Fino al 28 novembre senso unico (per asfaltature) compresi sabato e domenica (stessa situazione lungo la 203 agordina in localit\u00e0 Rucav\u00e0)<\/p>\n<p><strong>SP 3 DELLA VAL IMPERINA<\/strong> fino a revoca, senso unico alternato regolato a vista in localit\u00e0 Gona di Conedera di Rivamonte per cedimento della carreggiata stradale<\/p>\n<p><strong>REGIONALE 203 AGORDINA<\/strong>\u00a0 Fino\u00a0 al 18 dicembre (esclusi festivi e prefestivi) senso unico alternato tra Peron e Candaten con movieri dalle 7.30 alle 9 e dalle 16.30 alle 18. Con semaforo negli altri orari<\/p>\n<p><strong>REGIONALE 203 AGORDINA<\/strong> Fino al 30 novembre (sabato e domenica esclusi) tra Candaten e La Stanga dalle 7.30 alle 9 e dalle 16.30 alle 18 con movieri e negli altri orari con semaforo, senso unico alternato.<\/p>\n<div>\n<p>&nbsp;<\/p>\n<hr \/>\n<p>&nbsp;<\/p>\n<p class=\"photoswipe-wrapper\"><a class=\"dt-pswp-item pspw-wrap-ready\" href=\"https:\/\/i0.wp.com\/www.radiopiu.net\/wordpress\/wp-content\/uploads\/2018\/09\/WhatsApp-Image-2018-09-20-at-16.04.06.jpeg?ssl=1\" data-dt-img-description=\"\" data-large_image_width=\"800\" data-large_image_height=\"100\"><img loading=\"lazy\" decoding=\"async\" class=\"aligncenter wp-image-61378 size-full jetpack-lazy-image jetpack-lazy-image--handled\" src=\"https:\/\/i0.wp.com\/www.radiopiu.net\/wordpress\/wp-content\/uploads\/2018\/09\/WhatsApp-Image-2018-09-20-at-16.04.06.jpeg?resize=800%2C100&amp;ssl=1\" sizes=\"auto, (max-width: 800px) 100vw, 800px\" srcset=\"https:\/\/i0.wp.com\/www.radiopiu.net\/wordpress\/wp-content\/uploads\/2018\/09\/WhatsApp-Image-2018-09-20-at-16.04.06.jpeg?w=800&amp;ssl=1 800w, https:\/\/i0.wp.com\/www.radiopiu.net\/wordpress\/wp-content\/uploads\/2018\/09\/WhatsApp-Image-2018-09-20-at-16.04.06.jpeg?resize=300%2C38&amp;ssl=1 300w, https:\/\/i0.wp.com\/www.radiopiu.net\/wordpress\/wp-content\/uploads\/2018\/09\/WhatsApp-Image-2018-09-20-at-16.04.06.jpeg?resize=768%2C96&amp;ssl=1 768w\" alt=\"\" width=\"800\" height=\"100\" data-lazy-loaded=\"1\" \/><\/a><\/p>\n<\/div>\n<p>&nbsp;<\/p>\n<p><center><b>Domenica 22<\/b><\/center><b>Tempo atteso: <\/b>Tempo da soleggiato a parzialmente soleggiato per transito di sottili nubi alte, pi\u00f9 presenti al pomeriggio\/sera. Aria limpida ed ottima visibilit\u00e0, ma durante le ore pi\u00f9 fredde in alcune depressioni prealpina qualche nebbia potrebbe formarsi, limitatamente ai settori pi\u00f9 umidi. All&#8217;alba far\u00e0 pi\u00f9 freddo nei fondovalle che non in alta quota, dove l&#8217;avvezione d&#8217;aria mite si far\u00e0 gi\u00e0 sentire. Di giorno forte contrasto termico nelle valli tra i settori assolati e quelli in ombra.<br \/>\n<b>Precipitazioni: <\/b>Assenti (0%).<br \/>\n<b>Temperature: <\/b>In generale rialzo, eccetto lieve calo delle minime nei fondovalle prealpini, dove l&#8217;inversione termica torner\u00e0 a crescere. Le gelate saranno ancora diffuse (-2\/-4\u00b0C in Valbelluna, -2\/-5\u00b0C a 1000\/1200 m, localmente anche fino a -6\/-7\u00b0C sugli altopiani prealpini alle stesse quote) Rispetto a sabato massime in aumento di 2\/3\u00b0C nelle valli e fino a 6\/8\u00b0C in pi\u00f9 in alta quota. Su Prealpi a 1500 m min 2\u00b0C max 6\u00b0C, a 2000 m min 0\u00b0C max 5\u00b0C. Su Dolomiti a 2000 m min -1\u00b0C max 5\u00b0C, a 3000 m min -2\u00b0C max 2\u00b0C.<br \/>\n<b>Venti: <\/b>Perlopi\u00f9 deboli a regime di brezza nelle valli, solo localmente e a tratti moderati; in quota deboli\/moderati da nord, a 5-10 km\/h a 2000 m e 10-20 km\/h a 3000 m.<\/p>\n<hr \/>\n<p><center><b>Lunedi 23<\/b><\/center><b>Tempo atteso: <\/b>Cielo perlopi\u00f9 velato da sottili nubi alte, a tratti coperto per l&#8217;infittirsi delle stesse. Il sole potr\u00e0 spesso filtrare, ma a tratti sar\u00e0 del tutto mascherato dalla copertura alta o medio-alta stratiforme. La notte sar\u00e0 ovunque meno fredda e in giornata sembra che il cuscinetto d&#8217;aria fredda si riduca ulteriormente nelle valli, favorendo il ritorno di una relativa mitezza.<br \/>\n<b>Precipitazioni: <\/b>Assenti (0%).<br \/>\n<b>Temperature: <\/b>Minime in aumento a tutte le quote, eccetto diminuzione serale sulle cime pi\u00f9 alte; massime in lieve calo in quota e pressoch\u00e9 stazionarie nelle valli rispetto a domenica. Su Prealpi a 1500 m min 4\u00b0C max 7\u00b0C, a 2000 m min 3\u00b0C max 4\u00b0C. Su Dolomiti a 2000 m min 2\u00b0C max 4\u00b0C, a 3000 m min -5\u00b0C max 1\u00b0C.<br \/>\n<b>Venti: <\/b>Perlopi\u00f9 deboli a regime di brezza nelle valli, solo localmente e a tratti moderati; in quota deboli\/moderati da nord-ovest, a 5-10 km\/h a 2000 m e 10-20 km\/h a 3000 m.<\/p>\n<hr \/>\n<p><center><b>Martedi 24<\/b><\/center>Stupende condizioni meteo con tempo ben soleggiato, cielo sereno e aria limpida su tutta la montagna veneta. Temperature in generale lieve calo, eccetto leggero aumento delle massime nelle valli pi\u00f9 assolate. Venti in quota deboli da nord-ovest al mattino e dai quadranti meridionali al pomeriggio, nelle valli perlopi\u00f9 deboli a regime di brezza.<\/p>\n<hr \/>\n<p><center><b>Mercoledi 25<\/b><\/center>Altra stupenda giornata tardo-autunnale su tutta la montagna veneta con sole, cielo sereno e aria limpida. Temperature in generale aumento, eccetto leggero calo delle minime nei fondovalle. Venti deboli\/moderati da sud sud-ovest in quota, perlopi\u00f9 deboli a regime di brezza nelle valli. Previsore R.L.Th.<\/p>\n<hr \/>\n<p>&nbsp;<\/p>\n<p>&nbsp;<\/p>\n<p>&nbsp;<\/p>\n","protected":false},"excerpt":{"rendered":"<p>PER RICEVERE QUESTO NOTIZIARIO DIRETTAMENTE SUL TUO CELLULARE ISCRIVITI AL CANALE TELEGRAM \u201cRADIO PIU\u00a0 INFORMAZIONE&#8221; ATTENZIONE: LA NUOVA APP PER IOS-IPHONE https:\/\/apps.apple.com\/it\/app\/radio-pi%C3%B9-emittente-agordina\/id1515939845 ATTENZIONE: LA NUOVA APP RADIO\u00a0 PER ANDROID https:\/\/play.google.com\/store\/apps\/details?id=net.radiopiu.iniko\u00a0\u00a0 &nbsp; &nbsp; PASSO PORDOI&#8230;LA PRIMA NEVE ARTIFICIALE VIDEO CLAUDIO PRA &nbsp; E &#8220;FUOCO ALLE POLVERI&#8221; ANCHE AL CENTRO FONDO DI FALCADE CLICCA QUI\u00a0 &nbsp; &nbsp;&hellip;<\/p>\n","protected":false},"author":4,"featured_media":174210,"comment_status":"closed","ping_status":"closed","sticky":false,"template":"","format":"standard","meta":{"_monsterinsights_skip_tracking":false,"_monsterinsights_sitenote_active":false,"_monsterinsights_sitenote_note":"","_monsterinsights_sitenote_category":0,"footnotes":""},"categories":[1,86,49],"tags":[],"class_list":["post-174128","post","type-post","status-publish","format-standard","has-post-thumbnail","hentry","category-senza-categoria","category-gr","category-news-18","category-1","category-86","category-49","description-off"],"img_url":"https:\/\/www.radiopiu.net\/wordpress\/wp-content\/uploads\/2020\/11\/download-18.jpg","_links":{"self":[{"href":"https:\/\/www.radiopiu.net\/wordpress\/wp-json\/wp\/v2\/posts\/174128","targetHints":{"allow":["GET"]}}],"collection":[{"href":"https:\/\/www.radiopiu.net\/wordpress\/wp-json\/wp\/v2\/posts"}],"about":[{"href":"https:\/\/www.radiopiu.net\/wordpress\/wp-json\/wp\/v2\/types\/post"}],"author":[{"embeddable":true,"href":"https:\/\/www.radiopiu.net\/wordpress\/wp-json\/wp\/v2\/users\/4"}],"replies":[{"embeddable":true,"href":"https:\/\/www.radiopiu.net\/wordpress\/wp-json\/wp\/v2\/comments?post=174128"}],"version-history":[{"count":0,"href":"https:\/\/www.radiopiu.net\/wordpress\/wp-json\/wp\/v2\/posts\/174128\/revisions"}],"wp:featuredmedia":[{"embeddable":true,"href":"https:\/\/www.radiopiu.net\/wordpress\/wp-json\/wp\/v2\/media\/174210"}],"wp:attachment":[{"href":"https:\/\/www.radiopiu.net\/wordpress\/wp-json\/wp\/v2\/media?parent=174128"}],"wp:term":[{"taxonomy":"category","embeddable":true,"href":"https:\/\/www.radiopiu.net\/wordpress\/wp-json\/wp\/v2\/categories?post=174128"},{"taxonomy":"post_tag","embeddable":true,"href":"https:\/\/www.radiopiu.net\/wordpress\/wp-json\/wp\/v2\/tags?post=174128"}],"curies":[{"name":"wp","href":"https:\/\/api.w.org\/{rel}","templated":true}]}}