{"id":174248,"date":"2020-11-22T07:00:44","date_gmt":"2020-11-22T06:00:44","guid":{"rendered":"https:\/\/www.radiopiu.net\/wordpress\/?p=174248"},"modified":"2020-11-22T08:18:43","modified_gmt":"2020-11-22T07:18:43","slug":"alpinista-in-gravi-condizioni-vola-per-30-metri-elitrasportato-a-treviso","status":"publish","type":"post","link":"https:\/\/www.radiopiu.net\/wordpress\/alpinista-in-gravi-condizioni-vola-per-30-metri-elitrasportato-a-treviso\/","title":{"rendered":"ALPINISTA IN GRAVI CONDIZIONI. VOLA PER 30 METRI, ELITRASPORTATO A TREVISO"},"content":{"rendered":"<p><strong><a href=\"https:\/\/www.radiopiu.net\/wordpress\/nel-2019-sono-stati-908-gli-interventi-del-soccorso-alpino-e-speleologico-in-calo-del-4-32\/salt_20190914_170959_414\/\" rel=\"attachment wp-att-129119\"><img loading=\"lazy\" decoding=\"async\" class=\"size-medium wp-image-129119 alignleft\" src=\"https:\/\/www.radiopiu.net\/wordpress\/wp-content\/uploads\/2020\/04\/salt_20190914_170959_414-300x225.jpg\" alt=\"\" width=\"300\" height=\"225\" srcset=\"https:\/\/www.radiopiu.net\/wordpress\/wp-content\/uploads\/2020\/04\/salt_20190914_170959_414-300x225.jpg 300w, https:\/\/www.radiopiu.net\/wordpress\/wp-content\/uploads\/2020\/04\/salt_20190914_170959_414-1024x768.jpg 1024w, https:\/\/www.radiopiu.net\/wordpress\/wp-content\/uploads\/2020\/04\/salt_20190914_170959_414-768x576.jpg 768w, https:\/\/www.radiopiu.net\/wordpress\/wp-content\/uploads\/2020\/04\/salt_20190914_170959_414.jpg 1240w\" sizes=\"auto, (max-width: 300px) 100vw, 300px\" \/><\/a>CORTINA\u00a0<\/strong>Sono molto gravi le condizioni di un giovane alpinista precipitato in un canale durante la scalata di Cima Ra Zesta, tra i Tondi di Faloria e Forcella Marcuoira. G.G., 24 anni, di Cortina d&#8217;Ampezzo (BL), stava salendo, primo di cordata, con ramponi e piccozza assieme un amico lungo la parete del versante nord, una prima parte di salti di roccia e poi neve, quando \u00e8 volato, una trentina di metri pi\u00f9 in alto rispetto al compagno. La sua caduta ha strappato tutte le protezioni, compresa la sosta dove si trovava l&#8217;amico ed entrambi sono ruzzolati per diverse decine di metri. L&#8217;amico, che fortunatamente non aveva riportato grosse conseguenze, \u00e8 riuscito a dare l&#8217;allarme al 118 passate le 9 ed \u00e8 subito decollato l&#8217;elicottero del Suem di Pieve di Cadore. Individuato il luogo dell&#8217;incidente, con un verricello sono stati calati tecnico di elisoccorso e personale sanitario, che hanno subito prestato le prime cure urgenti al giovane, apparso subito in gravi condizioni e incosciente, mentre l&#8217;elicottero andava a imbarcare un soccorritore di Cortina in supporto alle operazioni. In contemporanea una squadra del Soccorso alpino e del Sagf di Cortina si \u00e8 portata al Passo Tre Croci per eventuali altre necessit\u00e0. L&#8217;infortunato, con sospetto politrauma, \u00e8 stato imbarellato e recuperato per essere trasportato prima al Passo, dove il medico ha potuto ulteriormente intervenire, e da l\u00ec all&#8217;ospedale di Treviso. Il compagno \u00e8 stato portato in ambulanza al Codivilla per le opportune verifiche .<\/p>\n","protected":false},"excerpt":{"rendered":"<p>CORTINA\u00a0Sono molto gravi le condizioni di un giovane alpinista precipitato in un canale durante la scalata di Cima Ra Zesta, tra i Tondi di Faloria e Forcella Marcuoira. G.G., 24 anni, di Cortina d&#8217;Ampezzo (BL), stava salendo, primo di cordata, con ramponi e piccozza assieme un amico lungo la parete del versante nord, una prima&hellip;<\/p>\n","protected":false},"author":4,"featured_media":129119,"comment_status":"closed","ping_status":"closed","sticky":false,"template":"","format":"standard","meta":{"_monsterinsights_skip_tracking":false,"_monsterinsights_sitenote_active":false,"_monsterinsights_sitenote_note":"","_monsterinsights_sitenote_category":0,"footnotes":""},"categories":[51,104,49],"tags":[],"class_list":["post-174248","post","type-post","status-publish","format-standard","has-post-thumbnail","hentry","category-evidenza-top","category-evidenza_3","category-news-18","category-51","category-104","category-49","description-off"],"img_url":"https:\/\/www.radiopiu.net\/wordpress\/wp-content\/uploads\/2020\/04\/salt_20190914_170959_414.jpg","_links":{"self":[{"href":"https:\/\/www.radiopiu.net\/wordpress\/wp-json\/wp\/v2\/posts\/174248","targetHints":{"allow":["GET"]}}],"collection":[{"href":"https:\/\/www.radiopiu.net\/wordpress\/wp-json\/wp\/v2\/posts"}],"about":[{"href":"https:\/\/www.radiopiu.net\/wordpress\/wp-json\/wp\/v2\/types\/post"}],"author":[{"embeddable":true,"href":"https:\/\/www.radiopiu.net\/wordpress\/wp-json\/wp\/v2\/users\/4"}],"replies":[{"embeddable":true,"href":"https:\/\/www.radiopiu.net\/wordpress\/wp-json\/wp\/v2\/comments?post=174248"}],"version-history":[{"count":0,"href":"https:\/\/www.radiopiu.net\/wordpress\/wp-json\/wp\/v2\/posts\/174248\/revisions"}],"wp:featuredmedia":[{"embeddable":true,"href":"https:\/\/www.radiopiu.net\/wordpress\/wp-json\/wp\/v2\/media\/129119"}],"wp:attachment":[{"href":"https:\/\/www.radiopiu.net\/wordpress\/wp-json\/wp\/v2\/media?parent=174248"}],"wp:term":[{"taxonomy":"category","embeddable":true,"href":"https:\/\/www.radiopiu.net\/wordpress\/wp-json\/wp\/v2\/categories?post=174248"},{"taxonomy":"post_tag","embeddable":true,"href":"https:\/\/www.radiopiu.net\/wordpress\/wp-json\/wp\/v2\/tags?post=174248"}],"curies":[{"name":"wp","href":"https:\/\/api.w.org\/{rel}","templated":true}]}}