{"id":174256,"date":"2020-11-21T16:09:12","date_gmt":"2020-11-21T15:09:12","guid":{"rendered":"https:\/\/www.radiopiu.net\/wordpress\/?p=174256"},"modified":"2020-11-22T09:21:29","modified_gmt":"2020-11-22T08:21:29","slug":"rete-delle-farmacie-venete-pronte-ai-tamponi-rapidi-in-convenzione","status":"publish","type":"post","link":"https:\/\/www.radiopiu.net\/wordpress\/rete-delle-farmacie-venete-pronte-ai-tamponi-rapidi-in-convenzione\/","title":{"rendered":"RETE DELLE FARMACIE VENETE PRONTE AI TAMPONI RAPIDI IN CONVENZIONE"},"content":{"rendered":"<p><strong><a href=\"https:\/\/www.radiopiu.net\/wordpress\/giornale-radiopiu-30-settembre-2020-direttore-mirko-mezzacasa\/andrea-bellon-presidente-federfarma-veneto-ok\/\" rel=\"attachment wp-att-163255\"><img loading=\"lazy\" decoding=\"async\" class=\"size-medium wp-image-163255 alignleft\" src=\"https:\/\/www.radiopiu.net\/wordpress\/wp-content\/uploads\/2020\/09\/Andrea-Bellon-presidente-Federfarma-Veneto-OK-225x300.jpg\" alt=\"\" width=\"225\" height=\"300\" srcset=\"https:\/\/www.radiopiu.net\/wordpress\/wp-content\/uploads\/2020\/09\/Andrea-Bellon-presidente-Federfarma-Veneto-OK-225x300.jpg 225w, https:\/\/www.radiopiu.net\/wordpress\/wp-content\/uploads\/2020\/09\/Andrea-Bellon-presidente-Federfarma-Veneto-OK-768x1024.jpg 768w, https:\/\/www.radiopiu.net\/wordpress\/wp-content\/uploads\/2020\/09\/Andrea-Bellon-presidente-Federfarma-Veneto-OK-360x480.jpg 360w, https:\/\/www.radiopiu.net\/wordpress\/wp-content\/uploads\/2020\/09\/Andrea-Bellon-presidente-Federfarma-Veneto-OK.jpg 848w\" sizes=\"auto, (max-width: 225px) 100vw, 225px\" \/><\/a>VENEZIA<\/strong>\u00a0Sono circa 500 le farmacie aderenti a Federfarma Veneto che hanno dato la propria disponibilit\u00e0 ad eseguire i test antigenici rapidi per la ricerca del virus SARS-CoV-2 presso le farmacie stesse o in strutture dedicate. Si tratta degli stessi tamponi, che stanno gi\u00e0 eseguendo presso i propri ambulatori i medici di medicina generale. Il 12 novembre l\u2019assessore alla Sanit\u00e0 della Regione Veneto Emanuela Lanzarin in un incontro con i rappresentanti delle farmacie territoriali aveva chiesto di fornire all\u2019amministrazione regionale il numero delle farmacie disposte ad intraprendere questa modalit\u00e0 diagnostica. \u00ab<em>Calcolata in questa prima ricognizione la nostra disponibilit\u00e0 che si aggira attorno al 40%, siamo ora in attesa che la Regione ci indichi il prosieguo dell\u2019iter \u2013 spiega Andrea Bellon presidente di Federfarma Veneto -. Giudico la risposta positiva da parte delle farmacie venete come un atteggiamento di grande responsabilit\u00e0 e senso civico perch\u00e9 si tratta di un servizio impegnativo a favore dell&#8217;intera collettivit\u00e0. I tamponi rapidi potranno essere eseguiti in regime convenzionato, quindi a carico della Regione Veneto, e sar\u00e0 la Regione stessa ad indicarci con quali modalit\u00e0 le farmacie verranno coinvolte nell\u2019attivit\u00e0 di screening, ferme restando le fondamentali condizioni di sicurezza che dovranno essere garantite agli utenti e a tutti gli operatori sanitari, farmacisti titolari e collaboratori di farmacia, attraverso un protocollo d&#8217;intesa.\u00a0<\/em><em>Le farmacie immediatamente, alla prima ondata di Covid, hanno operato per la sicurezza della popolazione che le ha subito riconosciute, anche nel picco pandemico, come siti sicuri nel pieno rispetto delle normative anticontagio, poli sanitari professionali, sempre aperti, con il valore aggiunto della familiarit\u00e0 dell\u2019ambiente. Tutto ci\u00f2 deve rimanere valido anche nella somministrazione dei tamponi rapidi ed \u00e8 per questo che, in ogni caso, saranno pratiche eseguite anche oltre l\u2019orario di apertura, in locali con accesso diverso da quello principale della farmacia. Ipotizzabile anche l\u2019allestimento di gazebi nonch\u00e9 di strutture dedicate al di fuori della farmacia stessa. Sempre per garantire il pi\u00f9 alto livello di performance, la procedura diagnostica, in grado di fornire l\u2019esito nel giro di qualche minuto, verr\u00e0 effettuata da personale infermieristico specializzato. Il progetto prevede che i pazienti accedano alla farmacia muniti di prescrizione del medico di medicina generale che avr\u00e0 valutato l\u2019opportunit\u00e0 di fare eseguire il test al soggetto interessato. Ribadisco quindi che l\u2019incoraggiante risposta ricevuta dalle farmacie del territorio suffraga la disponibilit\u00e0 della nostra rete di continuare a collaborare fattivamente con tutti gli altri operatori coinvolti anche in questo particolare momento di recrudescenza dell\u2019epidemia<\/em>\u00bb.<\/p>\n","protected":false},"excerpt":{"rendered":"<p>VENEZIA\u00a0Sono circa 500 le farmacie aderenti a Federfarma Veneto che hanno dato la propria disponibilit\u00e0 ad eseguire i test antigenici rapidi per la ricerca del virus SARS-CoV-2 presso le farmacie stesse o in strutture dedicate. Si tratta degli stessi tamponi, che stanno gi\u00e0 eseguendo presso i propri ambulatori i medici di medicina generale. Il 12&hellip;<\/p>\n","protected":false},"author":4,"featured_media":174265,"comment_status":"closed","ping_status":"closed","sticky":false,"template":"","format":"standard","meta":{"_monsterinsights_skip_tracking":false,"_monsterinsights_sitenote_active":false,"_monsterinsights_sitenote_note":"","_monsterinsights_sitenote_category":0,"footnotes":""},"categories":[51,49],"tags":[],"class_list":["post-174256","post","type-post","status-publish","format-standard","has-post-thumbnail","hentry","category-evidenza-top","category-news-18","category-51","category-49","description-off"],"img_url":"https:\/\/www.radiopiu.net\/wordpress\/wp-content\/uploads\/2020\/11\/FEDERFARMA.png","_links":{"self":[{"href":"https:\/\/www.radiopiu.net\/wordpress\/wp-json\/wp\/v2\/posts\/174256","targetHints":{"allow":["GET"]}}],"collection":[{"href":"https:\/\/www.radiopiu.net\/wordpress\/wp-json\/wp\/v2\/posts"}],"about":[{"href":"https:\/\/www.radiopiu.net\/wordpress\/wp-json\/wp\/v2\/types\/post"}],"author":[{"embeddable":true,"href":"https:\/\/www.radiopiu.net\/wordpress\/wp-json\/wp\/v2\/users\/4"}],"replies":[{"embeddable":true,"href":"https:\/\/www.radiopiu.net\/wordpress\/wp-json\/wp\/v2\/comments?post=174256"}],"version-history":[{"count":0,"href":"https:\/\/www.radiopiu.net\/wordpress\/wp-json\/wp\/v2\/posts\/174256\/revisions"}],"wp:featuredmedia":[{"embeddable":true,"href":"https:\/\/www.radiopiu.net\/wordpress\/wp-json\/wp\/v2\/media\/174265"}],"wp:attachment":[{"href":"https:\/\/www.radiopiu.net\/wordpress\/wp-json\/wp\/v2\/media?parent=174256"}],"wp:term":[{"taxonomy":"category","embeddable":true,"href":"https:\/\/www.radiopiu.net\/wordpress\/wp-json\/wp\/v2\/categories?post=174256"},{"taxonomy":"post_tag","embeddable":true,"href":"https:\/\/www.radiopiu.net\/wordpress\/wp-json\/wp\/v2\/tags?post=174256"}],"curies":[{"name":"wp","href":"https:\/\/api.w.org\/{rel}","templated":true}]}}