{"id":174419,"date":"2020-11-24T05:55:31","date_gmt":"2020-11-24T04:55:31","guid":{"rendered":"https:\/\/www.radiopiu.net\/wordpress\/?p=174419"},"modified":"2020-11-24T09:38:05","modified_gmt":"2020-11-24T08:38:05","slug":"giornale-radiopiu-24-novembre-2020-direttore-mirko-mezzacasa","status":"publish","type":"post","link":"https:\/\/www.radiopiu.net\/wordpress\/giornale-radiopiu-24-novembre-2020-direttore-mirko-mezzacasa\/","title":{"rendered":"GIORNALE RADIOPIU 24 NOVEMBRE 2020 DIRETTORE MIRKO MEZZACASA"},"content":{"rendered":"<h3>PER<strong> RICEVERE QUESTO NOTIZIARIO DIRETTAMENTE SUL TUO CELLULARE ISCRIVITI AL CANALE TELEGRAM <\/strong><strong>\u201cRADIO PIU\u00a0 INFORMAZIONE&#8221;<\/strong><\/h3>\n<p><em>ATTENZIONE: LA NUOVA APP PER IOS-IPHONE<\/em><\/p>\n<div>\n<div><a href=\"https:\/\/apps.apple.com\/it\/app\/radio-pi%C3%B9-emittente-agordina\/id1515939845\">https:\/\/apps.apple.com\/it\/app\/radio-pi%C3%B9-emittente-agordina\/id1515939845<\/a><\/div>\n<\/div>\n<div><\/div>\n<div>\n<div dir=\"auto\"><em>ATTENZIONE: LA NUOVA APP RADIO\u00a0 PER ANDROID<\/em><\/div>\n<\/div>\n<p><a href=\"https:\/\/play.google.com\/store\/apps\/details?id=net.radiopiu.iniko\" target=\"_blank\" rel=\"noopener noreferrer\">https:\/\/play.google.com\/store\/apps\/details?id=net.radiopiu.iniko\u00a0\u00a0<\/a><\/p>\n<p>&nbsp;<\/p>\n<p>&nbsp;<\/p>\n<hr \/>\n<p>&nbsp;<\/p>\n<blockquote>\n<h2>MAPPA DEI CONTAGI, NESSUN COMUNE BELLUNESE LIBERO DAL VIRUS<\/h2>\n<p><img decoding=\"async\" src=\"https:\/\/www.radiopiu.net\/wordpress\/wp-content\/uploads\/2020\/11\/3d08816e-ccac-4257-bc20-3e72c4bdef53.jpg\" \/><\/p><\/blockquote>\n<p><strong>AGGIORNAMENTO 23 NOVEMBRE.\u00a0<\/strong> Anche Colle Santa Lucia conta i primi 2 contagi, 3 a Selva di Cadore, Agordo 51, Alleghe 16. Vicino ai 600 attualmente positivi Belluno citt\u00e0, 283 a Feltre, 225 a Feltre.<\/p>\n<h2><strong>TUTTI I PARTICOLARI NEL SITO DI FABIO DA ROLT<\/strong> <strong><span style=\"color: #0000ff;\"><a style=\"color: #0000ff;\" href=\"https:\/\/sites.google.com\/view\/coronavirusbelluno\/homepage\/dettaglio-comuni\">CLICCA QUI<\/a><\/span><\/strong><\/h2>\n<blockquote class=\"wp-embedded-content\" data-secret=\"CZmWahCIaF\"><p><a href=\"https:\/\/www.radiopiu.net\/wordpress\/covid-mappa-dei-contagi-comune-per-comune-dai-2-di-colle-santa-lucia-ai-599-di-belluno\/\">COVID, MAPPA DEI CONTAGI COMUNE PER COMUNE, DAI 2 DI COLLE SANTA LUCIA AI 599 DI BELLUNO<\/a><\/p><\/blockquote>\n<p><iframe loading=\"lazy\" class=\"wp-embedded-content\" sandbox=\"allow-scripts\" security=\"restricted\" style=\"position: absolute; clip: rect(1px, 1px, 1px, 1px);\" title=\"&#8220;COVID, MAPPA DEI CONTAGI COMUNE PER COMUNE, DAI 2 DI COLLE SANTA LUCIA AI 599 DI BELLUNO&#8221; &#8212; Radio Pi\u00f9\" src=\"https:\/\/www.radiopiu.net\/wordpress\/covid-mappa-dei-contagi-comune-per-comune-dai-2-di-colle-santa-lucia-ai-599-di-belluno\/embed\/#?secret=CZmWahCIaF\" data-secret=\"CZmWahCIaF\" width=\"600\" height=\"338\" frameborder=\"0\" marginwidth=\"0\" marginheight=\"0\" scrolling=\"no\"><\/iframe><\/p>\n<p>&nbsp;<\/p>\n<p>&nbsp;<\/p>\n<hr \/>\n<p>&nbsp;<\/p>\n<blockquote>\n<h3>PIU&#8217; RICOVERI OGGI CHE A MARZO, UN&#8217;ALTRA CLASSE IN QUARANTENA A LIMANA, LA MAPPA DEI CONTAGI CASI IN TUTTI I COMUNI BELLUNESI.\u00a0 NATALE IN PISTA? PER ORA CI SONO LE LINEE GUIDA.<\/h3>\n<\/blockquote>\n<p>E&#8217; allarme negli ospedali,\u00a0 quasi 2500 ricoverati in ospedale nel Veneto, superato il numero massimo della prima ondata, 310 in terapia intensiva e anche ieri pi\u00f9 di 2000 positivi e 76 morti per covid. Ieri c&#8217;\u00e8 stata comunque una frenata dei contagi ma preoccupa il padovano\u00a0 con 13.934\u00a0 attualmente positivi. Delle oltre 3000 vittime,\u00a0 2216\u00a0 i morti in ospedale, 698 nelle RSA e 142 a domicilio. Oggi la Regione presenter\u00e0 la nuova ordinanza, non sono previsti ulteriori divieti, solo qualche aggiustamento. In Provincia Auronzo (243 contagi) \u00e8 la zona sotto osservazione, monitorata da Ulss e Regione, potrebbero essere adottate ulteriori misure restrittive. In tutti i Comuni i contagi sono aumentati, nessuno \u00e8 libero dal virus, 2 casi anche a Colle Santa Lucia come a Zoppe&#8217; di Cadore, 51 ad Agordo, 599 Belluno (erano 474 sabato), 283 a Feltre, 225 a Cortina. Numerosi i casi nel Comelico: 105 a San Pietro, 149 a Santo Stefano e 95 in Comelico Superiore. A Limana altra classe in quarantena alle elementari e due sottoposte a tamponi per la positivit\u00e0 di due insegnanti. I genitori lamentano di non essere stati avvisati tempestivamente con i bambini rimasti in classe fino al pomeriggio. Settimila persone senza reddito, questo se l&#8217;industria del turismo non partir\u00e0 per Natale, se gli impianti rimarranno chiusi. Settmila persone legate alle vacanze sugli sci, collaboratori di alberghi, addetti al terziario, noleggiatori e via discorrendo che necessitano in ogni caso di essere ristorati, diritto sacrosanto. La discussione \u00e8 iniziata in contemporanea con le linee guida rese note ieri se agli impianti verr\u00e0 dato il via libera. Linee che prevedono la totale chiusura in zona rossa, nella altre obbligo di mascherina chirurgica, distanziamento anche nel nucleo famigliare, esenti i bambini sotto il metro e 25 centimetri di altezza. I gestori dovranno garantire i flussi, evitare le code. Tetto massimo di skipass, biglietti acquistati solo on line, capienza massima per i locali in quota, apres ski solo seduti. Capienza funivie 50%, seggiovie a pieno carico.\u00a0 Gli sciatori dovranno impegnarsi a segnalare eventuali sintomatologie.<\/p>\n<p>&nbsp;<\/p>\n<blockquote>\n<h3>4 DECESSI, 115 POSITIVI, SONO 14 I PAZIENTI IN TERAPIA INTENSIVA<\/h3>\n<\/blockquote>\n<p><strong>BELLUNO<\/strong> Quattro decessi per covid nelle ultime 24 ore:\u00a0un uomo di 82 anni ricoverato in Pneumologia a Belluno, una donna di anni 79 ricoverata in Rianimazione a Belluno, un uomo di anni 89 e una donna di 92 ricoverati in Pneumologia a Feltre.<\/p>\n<p><strong>SITUAZIONE ALLE 17 DA AZIENDA ZERO:<\/strong> \u00a0POSITIVI DEL 21 FEBBRAIO\u00a07408\u00a0(+113)\u00a0 \u00a0ATTUALMENTE POSITIVI\u00a04355 (+54)\u00a0DECEDUTI DAL 21 FEBBRAIO\u00a0216 (7)\u00a0 \u00a0NEGATIVIZZATI\u00a02837 (+52)<\/p>\n<p>OSPEDALE SAN MARTINO 64 PAZIENTI IN AREA NON CRITICA, 8 IN TERAPIA INTENSIVA, A FELTRE 45 PERSONE IN AREA NON CRITICA 6 IN TERAPIA INTENSIVA. OSPEDALI DI COMUNITA&#8217;: AGORDO 12, ALANO 5, AURONZO 12 BELLUNO 22 FELTRE 15.<\/p>\n<p>&nbsp;<\/p>\n<hr \/>\n<blockquote>\n<h3><\/h3>\n<h3>AGGIORNAMENTO CAMPAGNA VACCINAZIONE ANTINFLUENZALE 2020-21, PROSEGUIRA&#8217; FINO A TUTTO IL MESE DI DICEMBRE<\/h3>\n<\/blockquote>\n<p><strong>BELLUNO<\/strong> Il Dipartimento di Prevenzione della Ulss1 ha completato la vaccinazione dei soggetti tra 60 e 64 anni che hanno aderito all\u2019invito a vaccinarsi. Sono state somministrate 6.762 dosi di vaccino antinfluenzale nella fascia 60-64 anni, con una adesione del 50%. I Medici di Medicina Generale stanno vaccinando le persone di et\u00e0 pari o superiore a 65 anni (con vaccino trivalente adiuvato), i soggetti affetti da patologie croniche, le donne gravide, gli addetti ai servizi essenziali (con vaccino quadrivalente). Ad oggi sono state consegnate ai Medici di Medicina Generale 43.792 dosi di vaccino. La vaccinazione dei bambini da 6 mesi a 6 anni (fascia d\u2019et\u00e0 con previsione di offerta attiva gratuita) \u00e8 curata dai pediatri di libera scelta. Ad oggi sono state consegnate 2.400 dosi di vaccino. <em>\u00abLa campagna antinfluenzale 2020\/2021 costituisce una delle strategie preventive di affiancamento delle numerose attivit\u00e0 di contrasto dell\u2019epidemia Covid-19\u00bb, sottolinea Sandro Cinquetti, direttore del dipartimento di Prevenzione, \u00abi primi dati di adesione raccolti informalmente dai medici di famiglia attestano buoni risultati di questo importante intervento di immunizzazione attiva\u00bb.<\/em><\/p>\n<p>&nbsp;<\/p>\n<p>&nbsp;<\/p>\n<hr \/>\n<blockquote>\n<h3><\/h3>\n<h3>L&#8217;AUTOCERTIFICAZIONE<\/h3>\n<\/blockquote>\n<p><a href=\"https:\/\/www.radiopiu.net\/wordpress\/wp-content\/uploads\/2020\/11\/modello_autodichiarazione_editabile_ottobre_2020.pdf\">PER SCARICARE L&#8217;AUTOCERTIFICAZIONE CLICCA QUI<\/a><\/p>\n<p>&nbsp;<\/p>\n<p>&nbsp;<\/p>\n<hr \/>\n<p>&nbsp;<\/p>\n<p>&nbsp;<\/p>\n<blockquote>\n<h2>DUE ATTIVITA&#8217; SANZIONATE IN COMELICO<\/h2>\n<\/blockquote>\n<p>&nbsp;<\/p>\n<p><a href=\"https:\/\/www.radiopiu.net\/wordpress\/due-attivita-sanzionate-in-comelico\/ff410afc-8b0c-46c0-a4de-45a8768c3343\/\" rel=\"attachment wp-att-174603\"><img loading=\"lazy\" decoding=\"async\" class=\" wp-image-174603 alignleft\" src=\"https:\/\/www.radiopiu.net\/wordpress\/wp-content\/uploads\/2020\/11\/ff410afc-8b0c-46c0-a4de-45a8768c3343-300x192.jpg\" alt=\"\" width=\"194\" height=\"124\" srcset=\"https:\/\/www.radiopiu.net\/wordpress\/wp-content\/uploads\/2020\/11\/ff410afc-8b0c-46c0-a4de-45a8768c3343-300x192.jpg 300w, https:\/\/www.radiopiu.net\/wordpress\/wp-content\/uploads\/2020\/11\/ff410afc-8b0c-46c0-a4de-45a8768c3343-768x492.jpg 768w, https:\/\/www.radiopiu.net\/wordpress\/wp-content\/uploads\/2020\/11\/ff410afc-8b0c-46c0-a4de-45a8768c3343.jpg 1024w\" sizes=\"auto, (max-width: 194px) 100vw, 194px\" \/><\/a> Il fine settimana per i Carabinieri della Compagnia di Cortina d&#8217;Ampezzo con le stazioni di Auronzo, Santo Stefano e Vigo di Cadore.<\/p>\n<p><strong>COMELICO SUPERIORE<\/strong> A Dosoledo sanzione per i gestori del Bar\u00a0 aperto dopo la chiusura. All&#8217;interno\u00a0 9 persone di cui 2 senza mascherina. Sanzione ulteriore per il titolare d&#8217;esercizio per la mancanza delle indicazioni esterne sulle misure anticovid comprese quelle relative al numero massimo consentito di persone all interno. <strong>PADOLA<\/strong>\u00a0 Attivit\u00e0 sanzionata per non aver rispettato l&#8217;orario di chiusur, all&#8217;interno del Bar il cliente senza mascherina e per questo la sanzione \u00e8 stata doppia.<br \/>\nNella giornata di sabato sono state controllate 79 persone, 14 autovetture e 55 esercizi commerciali. Domenica controllate 68 persone 24 mezzi e 16 esercizi commerciali<\/p>\n<p>&nbsp;<\/p>\n<blockquote>\n<h3>30 MILITARI DELL&#8217;ARMA IN PIU&#8217; PER UNA MAGGIORE PREVENZIONE SUL TERRITORIO<\/h3>\n<\/blockquote>\n<p><a href=\"https:\/\/www.radiopiu.net\/wordpress\/30-militari-dellarma-in-piu-per-una-maggiore-prevenzione-sul-territorio\/5dcae149-c100-470f-a960-790117743b39\/\" rel=\"attachment wp-att-174622\"><img loading=\"lazy\" decoding=\"async\" class=\"wp-image-174622 alignleft\" src=\"https:\/\/www.radiopiu.net\/wordpress\/wp-content\/uploads\/2020\/11\/5dcae149-c100-470f-a960-790117743b39.jpg\" alt=\"\" width=\"291\" height=\"131\" srcset=\"https:\/\/www.radiopiu.net\/wordpress\/wp-content\/uploads\/2020\/11\/5dcae149-c100-470f-a960-790117743b39.jpg 1280w, https:\/\/www.radiopiu.net\/wordpress\/wp-content\/uploads\/2020\/11\/5dcae149-c100-470f-a960-790117743b39-300x135.jpg 300w, https:\/\/www.radiopiu.net\/wordpress\/wp-content\/uploads\/2020\/11\/5dcae149-c100-470f-a960-790117743b39-1024x461.jpg 1024w, https:\/\/www.radiopiu.net\/wordpress\/wp-content\/uploads\/2020\/11\/5dcae149-c100-470f-a960-790117743b39-768x346.jpg 768w\" sizes=\"auto, (max-width: 291px) 100vw, 291px\" \/><\/a><\/p>\n<p><strong>BELLUNO<\/strong>\u00a0 Importante iniezione di personale nelle fila dell&#8217;Arma bellunese. Prendono servizio in provincia 30 militari (6 marescialli e 24 carabinieri). Un innesto importante che consentir\u00e0 all&#8217;Arma di intensificare ulteriormente i servizi di prevenzione sul territorio ed offrire un aiuto maggiore al cittadino in questo difficile periodo sanitario. I militari sono stati dislocati nel\u00a0 Feltrino, Bellunese-Agordino, Cortina-Cadore. I marescialli affronteranno questa nuova esperienza dopo aver concluso il periodo addestrativo a Reggio Calabria. Sono stati ricevuti dal Comandante Provinciale, Tenente Colonello\u00a0 Francesco Rastelli. &#8211; Nella foto il maggiore Emanuela Ccervellera Comandante della Compagnia di Belluno<\/p>\n<p>&nbsp;<\/p>\n<p>&nbsp;<\/p>\n<p>&nbsp;<\/p>\n<p>&nbsp;<\/p>\n<hr \/>\n<p>&nbsp;<\/p>\n<p>&nbsp;<\/p>\n<blockquote>\n<h3><img loading=\"lazy\" decoding=\"async\" class=\"alignleft\" src=\"https:\/\/www.radiopiu.net\/wordpress\/wp-content\/uploads\/2018\/08\/ACQUA.jpeg\" width=\"222\" height=\"133\" \/>ACQUA INQUINATA A CENCENIGHE &#8211; PRA DI MEZZO<\/h3>\n<\/blockquote>\n<p><strong>CENCENIGHE<\/strong> Gestione Servizi Pubblici informa che a CENCENIGHE AGORDINO in LOCALITA&#8217; PRA&#8217; DI MEZZO, l&#8217;acqua erogata dall&#8217;acquedotto non \u00e8 potabile e pu\u00f2 essere usata per scopi alimentari SOLO PREVIA bollitura. GSP ha, comunque, gi\u00e0 adottato le necessarie misure per la disinfezione dell&#8217;acqua presente nei serbatoi e nella rete idrica con l&#8217;aggiunta di cloro.<\/p>\n<p>&nbsp;<\/p>\n<p>&nbsp;<\/p>\n<p>&nbsp;<\/p>\n<hr \/>\n<h3><\/h3>\n<blockquote>\n<h3>Gestione Servizi Pubblici informa che, per lavori alla rete idrica comunale, gioved\u00ec dalle 8 fino a FINE LAVORI verr\u00e0 sospesa l\u2019erogazione dell\u2019acqua a ROCCA PIETORE, nelle localit\u00e0 MALGA CIAPELA, SOTTOGUDA, SORAR\u00d9, BOSCO VERDE, ROCCA, COL DI ROCCA, PEZZ\u00c8, PALUE e PIAN. Il personale addetto operer\u00e0 per limitare il pi\u00f9 possibile i disagi alla popolazione<\/h3>\n<\/blockquote>\n<p>&nbsp;<\/p>\n<p>&nbsp;<\/p>\n<hr \/>\n<p>&nbsp;<\/p>\n<blockquote>\n<h3>SCALE MOBILI CHIUSE A BELLUNO<\/h3>\n<\/blockquote>\n<p><strong>Le scale mobili che collegano il parcheggio di Lambioi con piazza Duomo verranno chiuse al pubblico tutte le sere alle 22.30, senza distinzioni.<\/strong><\/p>\n<p>&nbsp;<\/p>\n<p>&nbsp;<\/p>\n<hr \/>\n<p>&nbsp;<\/p>\n<blockquote>\n<h3>TAIBON Istituzione del divieto di accesso e di sosta su tutta la piazza San Cipriano oggetto di lavori di manutenzione straordinaria per il rifacimento del piano viabile danneggiato, lungo le intersezioni con via Aivata, via Paris Bordone e via\u00a0 Besarel, dal 12 novembre al 27 novembre, comunque fino al termine dei lavori.\u00a0 Resta possibile, in funzione delle varie aree di lavorazione, la temporanea istituzione di corridoi di accesso su parte della piazza da parte della ditta esecutrice dei lavori;<span style=\"color: #0000ff;\"> Le corse delle linee extraurbane della Dolomitibus ometteranno il transito alla fermata di San Cipriano transitando lungo la regionale 203 agordina. Le corse Villanova-Agordo effettueranno il percorso alternativo per Strapont omettendo la tratta per San Cipriano-Municipio. Verranno pertanto soppresse le fermate: San Cipriano, Napi, Piazza Municipio, saranno attivate quelle sul percorso per Strapont.<\/span><\/h3>\n<\/blockquote>\n<p>&nbsp;<\/p>\n<p>&nbsp;<\/p>\n<hr \/>\n<p>&nbsp;<\/p>\n<blockquote>\n<h3>ARRESTATA PER POSSESSO ILLEGALE DI EROINA E METADONE, INDAGATO IL COMPAGNO<\/h3>\n<\/blockquote>\n<p><strong><a href=\"https:\/\/www.radiopiu.net\/wordpress\/arrestata-per-possesso-illegale-di-eroina-e-metadone-indagato-il-compagno\/foto-eroina-agordo\/\" rel=\"attachment wp-att-174531\"><img loading=\"lazy\" decoding=\"async\" class=\" wp-image-174531 alignleft\" src=\"https:\/\/www.radiopiu.net\/wordpress\/wp-content\/uploads\/2020\/11\/FOTO-EROINA-AGORDO-276x300.jpg\" alt=\"\" width=\"171\" height=\"186\" srcset=\"https:\/\/www.radiopiu.net\/wordpress\/wp-content\/uploads\/2020\/11\/FOTO-EROINA-AGORDO-276x300.jpg 276w, https:\/\/www.radiopiu.net\/wordpress\/wp-content\/uploads\/2020\/11\/FOTO-EROINA-AGORDO-942x1024.jpg 942w, https:\/\/www.radiopiu.net\/wordpress\/wp-content\/uploads\/2020\/11\/FOTO-EROINA-AGORDO-768x835.jpg 768w, https:\/\/www.radiopiu.net\/wordpress\/wp-content\/uploads\/2020\/11\/FOTO-EROINA-AGORDO-1412x1536.jpg 1412w, https:\/\/www.radiopiu.net\/wordpress\/wp-content\/uploads\/2020\/11\/FOTO-EROINA-AGORDO-1883x2048.jpg 1883w\" sizes=\"auto, (max-width: 171px) 100vw, 171px\" \/><\/a>AGORDO<\/strong> Una ragazza \u00e8 stata arrestata nei pressi del condomio la Corte (fermata Dolomitibus) di via Insurrezione recentemente anche teatro di una furiosa lite che ha portato a diverse denunce. Lo scorso 19 novembre il capoluogo di vallata \u00e8 infatti stato interessato da un attento controllo da parte degli uomini della Questura, \u00a0unitamente al Reparto Prevenzione Crimine di Padova, sotto il coordinamento del Commissario Capo dottor Farris, personale arrivato nell&#8217;Agordino con tre volanti. Un&#8217;attivit\u00e0 straordinaria di controllo del territorio contro furti e spaccio di sostanza stupefacenti. La ragazza durante l\u2019attivit\u00e0, accortasi della presenza degli operatori, ha cercato di allontanarsi con l&#8217;intenzione di eludere i controlli. Insofferente e turbata si \u00e8 rivolta agli operatori \u00a0con toni accesi e oltraggiosi rifiutandosi, inoltre, di farsi identificare.\u00a0 Allontanandosi\u00a0 di qualche metro\u00a0 gettava per terra alcuni piccoli involucri, per poi rialzarsi e continuare a inveire nei confronti degli operatori. La sostanza raccolta:\u00a0 18 bustine termosaldate contenenti presumibilmente stupefacente del tipo eroina. Da una pi\u00f9 specifica attivit\u00e0 di perquisizione, all\u2019interno della borsa, rinvenuti\u00a0 23 flaconi di metadone detenuti illegamente dalla stessa. Per questo \u00e8 scattato l&#8217;arresto, indagato anche il convivente \u00a0per resistenza a Pubblico Ufficiale.<\/p>\n<p>&nbsp;<\/p>\n<p>&nbsp;<\/p>\n<hr \/>\n<p>&nbsp;<\/p>\n<blockquote>\n<h3>UBRIACO SUI BINARI, TRENO BLOCCATO<\/h3>\n<\/blockquote>\n<p><strong>QUERO VAS<\/strong> Blocca il treno stazionando ubriaco sui binari con la mascherina sulla fronte. L&#8217;episodio domenica a Montebelluna dopo il coprifuoco (22).\u00a0 Un cittadino di origini marocchine di 31 anni residente a Quero Vas in evidente stato di ubriachezza ha bloccato il treno per 20 minuti, fino all&#8217;intervento dei carabinieri che lo hanno denunciarlo per una serie di reati: interruzione di pubblico servizio,\u00a0 sar\u00e0 anche sanzionato per non aver rispettato il Dpcm del 3 novembre e per essere in evidente stato di ubriachezza<\/p>\n<p>&nbsp;<\/p>\n<p>&nbsp;<\/p>\n<hr \/>\n<p>&nbsp;<\/p>\n<p>&nbsp;<\/p>\n<blockquote>\n<h3>\u00a0LA GALLERIA PERDE I PEZZI, COLPITA L&#8217;AUTO<\/h3>\n<\/blockquote>\n<p><strong>COMELICO\u00a0<\/strong> \u00a0Brutta avventura gioved\u00ec\u00a0 per Olivo Quattrer che mentre\u00a0 stava transitando per la galleria Comelico, da Santo Stefano ha visto incastrarsi sotto la vettura un pezzo di lamiera ricurva messa a protezione della volta. L&#8217;uomo ha perso il controllo della macchina, ma \u00e8\u00a0 riuscito a riportarla in carreggiata. L&#8217;incidente al km 84, sono intervenuti i Vigili del fuoco e gli\u00a0 incaricati dell&#8217;Anas<\/p>\n<blockquote><p>&nbsp;<\/p>\n<p>&nbsp;<\/p>\n<p>&nbsp;<\/p>\n<hr \/>\n<h3><a href=\"https:\/\/www.radiopiu.net\/wordpress\/ieri-sera-consiglio-comunale-ad-alleghe\/konica-minolta-digital-camera-29\/\" rel=\"attachment wp-att-53145\"><img loading=\"lazy\" decoding=\"async\" class=\"wp-image-53145 alignleft\" src=\"https:\/\/www.radiopiu.net\/wordpress\/wp-content\/uploads\/2018\/07\/stadio-alleghe-5-300x225.jpg\" alt=\"\" width=\"127\" height=\"95\" srcset=\"https:\/\/www.radiopiu.net\/wordpress\/wp-content\/uploads\/2018\/07\/stadio-alleghe-5-300x225.jpg 300w, https:\/\/www.radiopiu.net\/wordpress\/wp-content\/uploads\/2018\/07\/stadio-alleghe-5-768x576.jpg 768w, https:\/\/www.radiopiu.net\/wordpress\/wp-content\/uploads\/2018\/07\/stadio-alleghe-5.jpg 1024w\" sizes=\"auto, (max-width: 127px) 100vw, 127px\" \/><\/a>I GUADAGNI DALLA CENTRALINA SUL TORRENTE FIORENTINA<\/h3>\n<\/blockquote>\n<p><strong>ALLEGHE<\/strong> Domani alle 20 consiglio comunale ad Alleghe, in Municipio. Questi i principali argomenti all&#8217;ordine del giorno: costituzione diritto di sottosuolo a favore della societ\u00e0 idroelettrica alpina per la realizzazione e l&#8217;esercizio di impianto idroelettrico e convenzione per la realizzazione del progetto strategico &#8220;ristrutturazione e valorizzazione del palaghiaccio&#8221;<\/p>\n<p><strong>di GIANNI SANTOMASO<\/strong><\/p>\n<audio class=\"wp-audio-shortcode\" id=\"audio-174419-1\" preload=\"none\" style=\"width: 100%;\" controls=\"controls\"><source type=\"audio\/mpeg\" src=\"https:\/\/www.radiopiu.net\/wordpress\/wp-content\/uploads\/2020\/11\/consiglio-alleghe.mp3?_=1\" \/><a href=\"https:\/\/www.radiopiu.net\/wordpress\/wp-content\/uploads\/2020\/11\/consiglio-alleghe.mp3\">https:\/\/www.radiopiu.net\/wordpress\/wp-content\/uploads\/2020\/11\/consiglio-alleghe.mp3<\/a><\/audio>\n<p>&nbsp;<\/p>\n<p>&nbsp;<\/p>\n<p>&nbsp;<\/p>\n<p>&nbsp;<\/p>\n<hr \/>\n<p>&nbsp;<\/p>\n<p>&nbsp;<\/p>\n<blockquote>\n<h3><a href=\"https:\/\/www.radiopiu.net\/wordpress\/giornale-radiopiu-24-novembre-2020-direttore-mirko-mezzacasa\/download-1010\/\" rel=\"attachment wp-att-174680\"><img loading=\"lazy\" decoding=\"async\" class=\" wp-image-174680 alignleft\" src=\"https:\/\/www.radiopiu.net\/wordpress\/wp-content\/uploads\/2020\/11\/download-20-300x114.jpg\" alt=\"\" width=\"213\" height=\"81\" srcset=\"https:\/\/www.radiopiu.net\/wordpress\/wp-content\/uploads\/2020\/11\/download-20-300x114.jpg 300w, https:\/\/www.radiopiu.net\/wordpress\/wp-content\/uploads\/2020\/11\/download-20.jpg 364w\" sizes=\"auto, (max-width: 213px) 100vw, 213px\" \/><\/a>GLI AGORDINI DEL GAMBERO ROSSO<\/h3>\n<\/blockquote>\n<p>COMPLIMENTI ALLA FAMIGLIA TIBOLLA DEL RISTORANTE LE CODOLE DI CANALE D&#8217;AGORDO e DA AURELIO DI COLLE SANTA LUCIA DI NUOVO NELLA GUIDA DEL GAMBERO ROSSO CON ALTRI 13 RISTORANTI BELLUNESI: San Lorenzo (Puos),\u00a0 San Brite, Leone e Anna,\u00a0 Fraina e Tivoli (Cortina), Terracotta (Belluno), Panevin ed Enoteca contemporanea (Feltre), Capriolo (Vodo di Cadore), Solagna (Vas) Baita all&#8217;Arte (San Gregorio).<\/p>\n<p>&nbsp;<\/p>\n<p>&nbsp;<\/p>\n<hr \/>\n<p>&nbsp;<\/p>\n<blockquote>\n<h2>MARTINA GRIS ALLA PRESIDENZA DEL CONSORZIO DOLOMITI<\/h2>\n<\/blockquote>\n<p><strong><a href=\"https:\/\/www.radiopiu.net\/wordpress\/giornale-radiopiu-24-novembre-2020-direttore-mirko-mezzacasa\/martina-gris-1024x587\/\" rel=\"attachment wp-att-174684\"><img loading=\"lazy\" decoding=\"async\" class=\" wp-image-174684 alignleft\" src=\"https:\/\/www.radiopiu.net\/wordpress\/wp-content\/uploads\/2020\/11\/Martina-Gris-1024x587-1-300x172.jpg\" alt=\"\" width=\"256\" height=\"147\" srcset=\"https:\/\/www.radiopiu.net\/wordpress\/wp-content\/uploads\/2020\/11\/Martina-Gris-1024x587-1-300x172.jpg 300w, https:\/\/www.radiopiu.net\/wordpress\/wp-content\/uploads\/2020\/11\/Martina-Gris-1024x587-1-768x440.jpg 768w, https:\/\/www.radiopiu.net\/wordpress\/wp-content\/uploads\/2020\/11\/Martina-Gris-1024x587-1.jpg 1024w\" sizes=\"auto, (max-width: 256px) 100vw, 256px\" \/><\/a>FELTRE<\/strong>\u00a0 Dopo un breve periodo di inattivit\u00e0 rinnovata operativit\u00e0 al Consorzio Dolomiti, con la definizione del nuovo organigramma e il rinnovo della presidenza. Consiglieri in carica Ivano Tomasella, Michele De Toni, Renzo Minella, Silvano Dal Paos, Lionello Gorza, Gildo Trevisan, Sergio Pra, Luca Dal Poz, Roberta Alver\u00e0, Tiziana Munerin, Marco Mariani, Marzia Balestra, Giovanni Alver\u00e0, Giovanni Nobile, Sebastiano Costa. I nuovi consiglieri sono che entrano nel Cda del Consorzio Dolomiti sono Isabella Pilo, Andrea Dal Farra e Andrea Ferrazzi.A presiedere il consiglio di amministrazione dell&#8217;ente turistico \u00e8 stata quindi chiamata Martina Gris, gi\u00e0 vicepresidente, votata all&#8217;unanimit\u00e0 dall&#8217;assemblea dei soci svoltasi lo scorso 16 novembre. La neoeletta presidente del Consorzio Dolomiti si dichiara soddisfatta del suo nuovo ruolo in seno all&#8217;ente turistico e pronta a sostenere le future sfide che attendono il settore<\/p>\n<p>&nbsp;<\/p>\n<p>&nbsp;<\/p>\n<p>&nbsp;<\/p>\n<hr \/>\n<p>&nbsp;<\/p>\n<p>&nbsp;<\/p>\n<blockquote>\n<h3>LE DIFFICOLTA&#8217; DELLA DIDATTICA A DISTANZA, IL COMUNE METTE A DISPOSIZIONE GLI SPAZI<\/h3>\n<\/blockquote>\n<p><strong><a href=\"https:\/\/www.radiopiu.net\/wordpress\/giornale-radiopiu-27-febbraio-2020-direttore-mirko-mezzacasa\/didattica-online-2\/\" rel=\"attachment wp-att-119241\"><img loading=\"lazy\" decoding=\"async\" class=\"wp-image-119241 alignleft\" src=\"https:\/\/www.radiopiu.net\/wordpress\/wp-content\/uploads\/2020\/02\/Didattica-online-2-300x225.jpeg\" alt=\"\" width=\"143\" height=\"107\" srcset=\"https:\/\/www.radiopiu.net\/wordpress\/wp-content\/uploads\/2020\/02\/Didattica-online-2-300x225.jpeg 300w, https:\/\/www.radiopiu.net\/wordpress\/wp-content\/uploads\/2020\/02\/Didattica-online-2-1024x768.jpeg 1024w, https:\/\/www.radiopiu.net\/wordpress\/wp-content\/uploads\/2020\/02\/Didattica-online-2-768x576.jpeg 768w, https:\/\/www.radiopiu.net\/wordpress\/wp-content\/uploads\/2020\/02\/Didattica-online-2-1536x1152.jpeg 1536w, https:\/\/www.radiopiu.net\/wordpress\/wp-content\/uploads\/2020\/02\/Didattica-online-2.jpeg 1600w\" sizes=\"auto, (max-width: 143px) 100vw, 143px\" \/><\/a>BORGO VALBELLUNA<\/strong><\/p>\n<p><strong>DI DAMIANO TORMEN<\/strong><\/p>\n<audio class=\"wp-audio-shortcode\" id=\"audio-174419-2\" preload=\"none\" style=\"width: 100%;\" controls=\"controls\"><source type=\"audio\/mpeg\" src=\"https:\/\/www.radiopiu.net\/wordpress\/wp-content\/uploads\/2020\/11\/DAMIANO-4.mp3?_=2\" \/><a href=\"https:\/\/www.radiopiu.net\/wordpress\/wp-content\/uploads\/2020\/11\/DAMIANO-4.mp3\">https:\/\/www.radiopiu.net\/wordpress\/wp-content\/uploads\/2020\/11\/DAMIANO-4.mp3<\/a><\/audio>\n<p>&nbsp;<\/p>\n<p>&nbsp;<\/p>\n<hr \/>\n<p>&nbsp;<\/p>\n<p>&nbsp;<\/p>\n<h2>007 IN CONDOTTA CON LA PROF. MARIA ROSA SALMAZO IL LUNEDI ALLE 10,30 E ALLE 19.00 LA DOMENICA ALLE 8 DEL MATTINO. NONA STAGIONE<\/h2>\n<blockquote class=\"wp-embedded-content\" data-secret=\"c15OYPYIPJ\"><p><a href=\"https:\/\/www.radiopiu.net\/wordpress\/didattica-integrata-e-scelta-delle-scuole-superiori\/\">Didattica integrata e scelta delle scuole superiori<\/a><\/p><\/blockquote>\n<p><iframe loading=\"lazy\" class=\"wp-embedded-content\" sandbox=\"allow-scripts\" security=\"restricted\" style=\"position: absolute; clip: rect(1px, 1px, 1px, 1px);\" title=\"&#8220;Didattica integrata e scelta delle scuole superiori&#8221; &#8212; Radio Pi\u00f9\" src=\"https:\/\/www.radiopiu.net\/wordpress\/didattica-integrata-e-scelta-delle-scuole-superiori\/embed\/#?secret=c15OYPYIPJ\" data-secret=\"c15OYPYIPJ\" width=\"600\" height=\"338\" frameborder=\"0\" marginwidth=\"0\" marginheight=\"0\" scrolling=\"no\"><\/iframe><\/p>\n<p>&nbsp;<\/p>\n<p>&nbsp;<\/p>\n<hr \/>\n<p>&nbsp;<\/p>\n<p>&nbsp;<\/p>\n<p>&nbsp;<\/p>\n<blockquote class=\"wp-embedded-content\" data-secret=\"rHFHMWwzew\"><p><a href=\"https:\/\/www.radiopiu.net\/wordpress\/agg23\/\">CORONAVIRUS: AGGIORNAMENTO NAZIONALE 23 NOVEMBRE<\/a><\/p><\/blockquote>\n<p><iframe loading=\"lazy\" class=\"wp-embedded-content\" sandbox=\"allow-scripts\" security=\"restricted\" style=\"position: absolute; clip: rect(1px, 1px, 1px, 1px);\" title=\"&#8220;CORONAVIRUS: AGGIORNAMENTO NAZIONALE 23 NOVEMBRE&#8221; &#8212; Radio Pi\u00f9\" src=\"https:\/\/www.radiopiu.net\/wordpress\/agg23\/embed\/#?secret=rHFHMWwzew\" data-secret=\"rHFHMWwzew\" width=\"600\" height=\"338\" frameborder=\"0\" marginwidth=\"0\" marginheight=\"0\" scrolling=\"no\"><\/iframe><\/p>\n<p>&nbsp;<\/p>\n<blockquote class=\"wp-embedded-content\" data-secret=\"XWyUh8jWpb\"><p><a href=\"https:\/\/www.radiopiu.net\/wordpress\/in-veneto23\/\">76 DECESSI IN 24 ORE, OLTRE 2000 POSITIVI, 60 PAZIENTI IN PIU&#8217; IN AREA NON CRITICA, 17 NEGLI OSPEDALI DI COMUNITA&#8217;<\/a><\/p><\/blockquote>\n<p><iframe loading=\"lazy\" class=\"wp-embedded-content\" sandbox=\"allow-scripts\" security=\"restricted\" style=\"position: absolute; clip: rect(1px, 1px, 1px, 1px);\" title=\"&#8220;76 DECESSI IN 24 ORE, OLTRE 2000 POSITIVI, 60 PAZIENTI IN PIU&#8217; IN AREA NON CRITICA, 17 NEGLI OSPEDALI DI COMUNITA&#8217;&#8221; &#8212; Radio Pi\u00f9\" src=\"https:\/\/www.radiopiu.net\/wordpress\/in-veneto23\/embed\/#?secret=XWyUh8jWpb\" data-secret=\"XWyUh8jWpb\" width=\"600\" height=\"338\" frameborder=\"0\" marginwidth=\"0\" marginheight=\"0\" scrolling=\"no\"><\/iframe><\/p>\n<p>&nbsp;<\/p>\n<h2><strong>I GRAFICI DI TIZIANO DE COL<\/strong><\/h2>\n<p><a href=\"https:\/\/www.radiopiu.net\/wordpress\/giornale-radiopiu-24-novembre-2020-direttore-mirko-mezzacasa\/b7d19e17-34a0-403a-98e7-7b19db57f23f\/\" rel=\"attachment wp-att-174656\"><img loading=\"lazy\" decoding=\"async\" class=\"alignnone size-medium wp-image-174656\" src=\"https:\/\/www.radiopiu.net\/wordpress\/wp-content\/uploads\/2020\/11\/b7d19e17-34a0-403a-98e7-7b19db57f23f-300x184.jpg\" alt=\"\" width=\"300\" height=\"184\" srcset=\"https:\/\/www.radiopiu.net\/wordpress\/wp-content\/uploads\/2020\/11\/b7d19e17-34a0-403a-98e7-7b19db57f23f-300x184.jpg 300w, https:\/\/www.radiopiu.net\/wordpress\/wp-content\/uploads\/2020\/11\/b7d19e17-34a0-403a-98e7-7b19db57f23f.jpg 664w\" sizes=\"auto, (max-width: 300px) 100vw, 300px\" \/><\/a><a href=\"https:\/\/www.radiopiu.net\/wordpress\/giornale-radiopiu-24-novembre-2020-direttore-mirko-mezzacasa\/64c8203a-cfaa-4f76-af05-5fd0f855e275\/\" rel=\"attachment wp-att-174657\"><img loading=\"lazy\" decoding=\"async\" class=\"alignnone size-medium wp-image-174657\" src=\"https:\/\/www.radiopiu.net\/wordpress\/wp-content\/uploads\/2020\/11\/64c8203a-cfaa-4f76-af05-5fd0f855e275-300x192.jpg\" alt=\"\" width=\"300\" height=\"192\" srcset=\"https:\/\/www.radiopiu.net\/wordpress\/wp-content\/uploads\/2020\/11\/64c8203a-cfaa-4f76-af05-5fd0f855e275-300x192.jpg 300w, https:\/\/www.radiopiu.net\/wordpress\/wp-content\/uploads\/2020\/11\/64c8203a-cfaa-4f76-af05-5fd0f855e275.jpg 588w\" sizes=\"auto, (max-width: 300px) 100vw, 300px\" \/><\/a><a href=\"https:\/\/www.radiopiu.net\/wordpress\/giornale-radiopiu-24-novembre-2020-direttore-mirko-mezzacasa\/34437836-8cbe-4179-b3e2-63ea40070437\/\" rel=\"attachment wp-att-174658\"><img loading=\"lazy\" decoding=\"async\" class=\"alignnone size-medium wp-image-174658\" src=\"https:\/\/www.radiopiu.net\/wordpress\/wp-content\/uploads\/2020\/11\/34437836-8cbe-4179-b3e2-63ea40070437-300x187.jpg\" alt=\"\" width=\"300\" height=\"187\" srcset=\"https:\/\/www.radiopiu.net\/wordpress\/wp-content\/uploads\/2020\/11\/34437836-8cbe-4179-b3e2-63ea40070437-300x187.jpg 300w, https:\/\/www.radiopiu.net\/wordpress\/wp-content\/uploads\/2020\/11\/34437836-8cbe-4179-b3e2-63ea40070437.jpg 596w\" sizes=\"auto, (max-width: 300px) 100vw, 300px\" \/><\/a><\/p>\n<p>&nbsp;<\/p>\n<p>&nbsp;<\/p>\n<hr \/>\n<blockquote>\n<h2><\/h2>\n<p>&nbsp;<\/p>\n<h2>PREVISTA PER OGGI LA NUOVA ORDINANZA AGGIUSTATA NEL RISPETTO DI CHI LAVORA E DELLA SALUTE PUBBLICA, DA VENEZIA PARLA ZAIA &#8220;SCI: NECESSARIO IL COORDINAMENTO EUROPEO&#8221;<\/h2>\n<\/blockquote>\n<p><strong>VENEZIA<\/strong> In diretta dalla sala stampa della Protezione Civile a Marghera, il Presidente del Veneto Luca Zaia fa il punto su l&#8217;emergenza Covid-19.<\/p>\n<blockquote><p><strong><span style=\"color: #ff0000;\">Superato il numero massimo di\u00a0 ricoveri in area critica della prima ondata, meno pazienti in terapia intensiva (nella prima ondata erano 356). Non voglio far partire il dibattito sullo sci a Natale, per rispetto di chi il Natale lo far\u00e0 in ospedale:\u00a0 medici,\u00a0 pazienti e operatori. Il caso ristori? Non esiste, i ristori\u00a0 dovranno esserci.\u00a0<\/span><\/strong><\/p><\/blockquote>\n<p><strong>I NUMERI\u00a0 TAMPONI 2.638.000, 125.222\u00a0 positivi (+2540 nelle 24 ore), isolamento 37920 persone (-1131), RICOVERATI\u00a0 2395\u00a0 in area non critica (+67), 306 in terapia intensiva (+9). DECESSI 3258 (+37)<\/strong><\/p>\n<blockquote>\n<h2>LEGGI LA CONFERENZA STAMPA DI LUCA ZAIA<\/h2>\n<p><em>La Regione Veneto ha messo in posizione apicale i grandi professionisti perch\u00e9 \u00e8 l&#8217;unica Regione che non ha una commissione in conferenza delle Regioni. Figure importanti in ruoli importanti perch\u00e9 teniamo alla sanit\u00e0. \u00a0Abbiamo segnalazioni di clienti ai bar con mascherina abbassata a chiacchierare con gli amici. Stiamo ragionando sui tamponi alla popolazione, potrebbe riguardare alcune zone, ma abbiamo altri numeri\u00a0 rispetto all&#8217;Alto Adige. Nella valle dell&#8217;Agno abbiamo visto che esiste una diffusione del virus molto particolare e abbiamo valutato l&#8217;ipotesi di fare tamponamenti, cos\u00ec come Auronzo. Le linee guida per gli impianti di risalita vanno contro gli assembramenti, le code, non su chiusura di rifugi che saranno contingentati. <span style=\"color: #ff0000;\"><strong>SULLE PISTE DI SCI SI DECIDE IL 3 DICEMBRE (CON IL NUOVO DPCM)\u00a0 A POCHI GIORNI DAL PONTE DELL&#8217;IMMACOLATA.\u00a0<\/strong><\/span><\/em><\/p><\/blockquote>\n<p><strong>DATI SULLA MORTALITA&#8217;:\u00a0 <\/strong>3056 morti dal 21 febbraio al 17 novembre, deceduti in terapia intensiva 434 (14,2%), deceduti in area non critica 1719 (56%), deceduti in ospedale di comunit\u00e0 63 (2%) un morto su\u00a0 due classificato come covid \u00e8 morto in ospedale area non critica\u00a0 e non in terapia intensiva, 698 decessi pari al 23% nelle Rsa, infine\u00a0 142\u00a0 i decessi a domicilio (4,65%). <strong>DOMANI LA NUOVA ORDINANZA PER SCORAGGIARE GLI ASSEMBRAMENTI. <\/strong>\u00a0Domani presento la nuova ordinanza, \u00a0mette in fila tutti i provvedimenti nel rispetto di chi lavora e della salute pubblica.\u00a0 Stiamo pensando a misure compatibili con la vita, con il lavoro, ma che scoraggino gli assembramenti. Per quanto riguarda la scuola il Cts non ha mai dato il suo assenso sulle lezioni con strumento a fiato o cori, il Cts non si \u00e8 espresso pertanto \u00e8 inefficace. <strong>PERCHE&#8217; LA SITUAZIONE NEL BELLUNESE E&#8217; PEGGIORATA? <\/strong>Il Bellunese sta entrando in area 5\u00a0 con riferimento alla situazione ospedaliera. Avessimo modo di dialogare con virus potremmo avere risposte, ma non ci risponde. Tra l&#8217;altro \u00e8 un virus intelligente, vivo, molto contagioso perch\u00e9 non ammazza l&#8217;ospite e per questo molto pi\u00f9 indisioso con una mortalit\u00e0 bassa dello 0,2%. Gli altri virus durano poco perch\u00e8 ammazzano l&#8217;ospite.<strong> PROSPETTIVA DI ZONA ROSSA?<\/strong> Abbiamo sotto controllo Auronzo, giorno dopo giorno valutiamo i problemi. <strong>LA GUERRA CONTINUA<\/strong> Siamo nel pieno della battaglia, non esiste la parola fine, i ricoverati ci sono, abbiamo gi\u00e0 superato il massimo dei ricoverati che avevamo nella prima fase. Dalla zona gialla, temiamo che ci siano conseguenze, ricordo a tutti i cittadini che ci stiamo avvicinando ai ricoveri massimi delle terapie intensive, anche se in questa fase il virus ha portato meno persone in terapia intensiva rispetto ai ricoverati e soprattutto rispetto alla prima fase. <strong>PISTE DA SCI<\/strong> Sullo sport invernale serve un coordinamento europeo, chiudere Arabba o Cortina quando in Austria o Saint Moritz si scia, la situazione \u00e8 difficilmente giustificabile. Le linee guida escono da un&#8217;analisi seria con il Governo partendo dalla sicurezza dei cittadini ma anche di quella economica, una stagione senza sci con gli altri che sciano sar\u00e0 un suicidio anche per tutta l&#8217;economia correlata che permette la vita in montagna.\u00a0 Per le piste da sci approvate le linee guida per l&#8217;apertura delle piste, se decidessero a Roma di riaprire, noi\u00a0 siamo pronti.\u00a0 Il coordinamento sulle piste deve essere europeo, siamo nello stesso bacino epidemiologico. Prevediamo norme per evitare gli assembramenti, il controllo delle code, il contingentamento negli alberghi e soprattutto rifugi.\u00a0 <strong>NATALE SUGLI SCI?\u00a0<\/strong>Il covid ci ha insegnato che ogni giorno ha la sua pena, in 30 giorni pu\u00f2 accadere di tutto, che la curva scenda o s&#8217;impenni. Tifo perch\u00e9 si possa lavorare a Natale, chi lavora e sente questo dibattito lo definisce &#8220;lunare&#8221;. Nove domande su 10 non sono se gli operatori potranno lavorare ma se si potr\u00e0 andare in vacanza o nelle seconde case&#8230; c&#8217;\u00e8 un mondo concentrato su altro. Intanto abbiamo approvato le linee guida ma non sappiamo da quando. Se se ne va l&#8217;epifania e i ponti di Natale con gli impianti chiusi nel piatto rimarranno solo le ossa senza polpa e della stagione rimarr\u00e0 un mese, un mese e mezzo. <strong>RISTORI<\/strong> Ho chiesto il riconoscimento dei ristori per coloro che hanno adottato misure restrittive autonome come il Veneto l&#8217;Emilia ed altre Regioni in accordo con il Ministro della Salute. Conte aveva promesso che\u00a0 avrebbe provveduto con i ristori per chi avesse adottato misure pi\u00f9 restrittive come fatto dal Veneto che ha chiuso gli outlet (sulla dimenticanza del Governo che aveva pensato solo ai centri commerciali e grandi superfice di vendita tralasciando le altre strutture comunque simili a centri commerciali: outlet, ikea, parchi commerciali etc.\u00a0 ndr.) <strong>RISTORO PER GLI AMBULANTI PER EFFETTO ORDINANZA DEI SINDACI?<\/strong> A mio avviso dovrebbe essere riconosciuto se il principio giuridico che la restrizione \u00e8 un sacrificio per pochi per il bene della comunit\u00e0. Io ho firmato un&#8217;ordinanza e la porto avanti, siamo tra gentiluomini ma se serve andiamo in cerca di audio e video dove il Governo assicurava ristori sulle restrizioni prese a livello regionale. <strong>BIBLIOTECHE CI SARANNO NOVITA&#8217;<\/strong>? Ci stiamo lavorando, ci limita molto il tema della sanificazione. <strong>ANTI ASSEMBRAMENTI<\/strong>\u00a0 Bolzano fa i tamponi a tutti, incidenza dello 0,8%, se \u00e8 vero e se \u00e8 vero che il contagio si \u00e8 diffuso come confermano i ricoveri\u00a0 si capisce che il vero problema pur essendo pochi i contagi,\u00a0 c&#8217;\u00e8 qualche cosa che agevola la diffusione e quindi sono gli assembramenti. Ci sono anche tanti giovani ricoverati. La prima ondata \u00e8 stata gestita con il lockdown per due mesi abbondanti dove c&#8217;\u00e8 stata minima relazione sociale, oggi viviamo una fase di convivenza e il contagio si diffonde. <strong>LA<\/strong> <strong>TERZA ONDATA?<\/strong> Rispondo probabile, nessuna ha la sfera. La mia idea? Che avremo tutta una serie di montagne russe pi\u00f9 o meno importanti, dei momenti andr\u00e0 scemando e poi torner\u00e0 su. Non credo che la curva andr\u00e0 esaurendosi e basta. Il tema climatico della stagionalit\u00e0 cresce, l&#8217;influenza d&#8217;estate non si prende ci sar\u00e0 pur un motivo. <strong>TAMPONI A TAPPETO IN ALTO ADIGE MA ANCHE IN FRIULI E IN VENETO?<\/strong> In Veneto potrebbe accadere che si sia questa esigenza, ci sono realt\u00e0 che stiamo valutando, in Alto Adige hanno partecipato in 340mila, sono altri numeri. Noi siamo 5 milioni. Non \u00e8 comunque un&#8217;opzione da scartare. Lavoreremo sui cluster, sui focolai dove la diffusione del virus \u00e8 data dalla socialit\u00e0, dalla promiscuit\u00e0 come ad esempio Auronzo dove si creano i cluster, come stelle cadenti, come successo in Comelico ma sar\u00e0 importante studiarli. Questo \u00e8 successo anche nella isolata valle dell&#8217;Agno.<strong>GUERRA TRA POVERI, CHI SI OCCUPA DI SERVICE NELLO SPETTACOLO CHIEDE ATTENZIONE<\/strong> Tutto il mondo dello spettacolo, service, luci, discoteche etc.. \u00e8 stato pi\u00f9 volte segnalato. Siamo stati i primi ad aprire teatri e cinema. Se avessero lasciato scegliere alle Regioni sarebbe stato molto meglio. <strong>ZAIA V\/S CRISANTI<\/strong>\u00a0 Non rispondo a Crisanti. Mi spiace che una risposta mia venga venduta come la risposta al professore, io ho sempre detto che mi vaccino.<\/p>\n<p>&nbsp;<\/p>\n<p>https:\/\/www.facebook.com\/zaiaufficiale\/videos\/412262719808383\/<\/p>\n<p>&nbsp;<\/p>\n<p>&nbsp;<\/p>\n<hr \/>\n<p>&nbsp;<\/p>\n<p>&nbsp;<\/p>\n<blockquote class=\"wp-embedded-content\" data-secret=\"ex5pLA1fd9\"><p><a href=\"https:\/\/www.radiopiu.net\/wordpress\/le-linee-guida-per-gli-impianti-di-risalita-il-documento-completo\/\">LE LINEE GUIDA PER GLI IMPIANTI DI RISALITA. IL DOCUMENTO COMPLETO<\/a><\/p><\/blockquote>\n<p><iframe loading=\"lazy\" class=\"wp-embedded-content\" sandbox=\"allow-scripts\" security=\"restricted\" style=\"position: absolute; clip: rect(1px, 1px, 1px, 1px);\" title=\"&#8220;LE LINEE GUIDA PER GLI IMPIANTI DI RISALITA. IL DOCUMENTO COMPLETO&#8221; &#8212; Radio Pi\u00f9\" src=\"https:\/\/www.radiopiu.net\/wordpress\/le-linee-guida-per-gli-impianti-di-risalita-il-documento-completo\/embed\/#?secret=ex5pLA1fd9\" data-secret=\"ex5pLA1fd9\" width=\"600\" height=\"338\" frameborder=\"0\" marginwidth=\"0\" marginheight=\"0\" scrolling=\"no\"><\/iframe><\/p>\n<p>&nbsp;<\/p>\n<p>&nbsp;<\/p>\n<hr \/>\n<blockquote>\n<h3><\/h3>\n<h3>SOLDI VERI AL TURISMO BIANCO<\/h3>\n<\/blockquote>\n<p><strong>ROMA<\/strong><em> \u201cIl Governo sulle piste da sci intende mantenere la linea dura e lasciarle chiuse? E\u2019 una scelta discutibile, ne prendiamo atto &#8211; dice il Deputato di Forza Italia Dario Bond &#8211;\u00a0 Ma a questo punto non ci accontenteremo dei ristori. Si prendano i bilanci dei comprensori sciistici dello scorso anno e si confrontino con quelli dell\u2019anno in corso e si restituiscano le perdite effettive calcolate. Bene i ristori per i lavoratori dell\u2019indotto turistico, ma per chi deve reggere interi impianti di risalita e piste da sci, che sono la linfa dell\u2019intero turismo invernale bianco, i ristori non bastano. Servono soldi veri\u201d.<\/em><\/p>\n<p>&nbsp;<\/p>\n<p>&nbsp;<\/p>\n<p>&nbsp;<\/p>\n<hr \/>\n<blockquote>\n<h3><\/h3>\n<h3>REGIONE VENETO RAFFORZA SCREENING PER TUMORE ALLA CERVICE UTERINA E AL COLON-RETTO<\/h3>\n<\/blockquote>\n<p><strong><a href=\"https:\/\/www.radiopiu.net\/wordpress\/approvato-il-documento-per-le-aziende-sanitarie-dal-4-maggio-si-torna-alla-normalita\/manuela-lanzarin-3\/\" rel=\"attachment wp-att-133951\"><img loading=\"lazy\" decoding=\"async\" class=\"size-medium wp-image-133951 alignleft\" src=\"https:\/\/www.radiopiu.net\/wordpress\/wp-content\/uploads\/2020\/04\/MANUELA-LANZARIN-300x225.jpg\" alt=\"\" width=\"300\" height=\"225\" srcset=\"https:\/\/www.radiopiu.net\/wordpress\/wp-content\/uploads\/2020\/04\/MANUELA-LANZARIN-300x225.jpg 300w, https:\/\/www.radiopiu.net\/wordpress\/wp-content\/uploads\/2020\/04\/MANUELA-LANZARIN.jpg 639w\" sizes=\"auto, (max-width: 300px) 100vw, 300px\" \/><\/a>VENEZIA<\/strong>\u00a0Al termine di una serie di importanti approfondimenti effettuati da parte di gruppi di lavoro composti da scienziati e clinici, nella Regione Veneto entrano in vigore nuove procedure operative coordinate per l\u2019esecuzione dei programmi di screening oncologici per il carcinoma della cervice uterina e per il tumore del colon-retto. Le attivit\u00e0 di coordinamento regionale screening sono state assegnate all\u2019Unit\u00e0 Operativa Complessa Screening e Valutazione di Impatti Sanitario (VIS). Il tutto \u00e8 contenuto in una delibera, approvata dalla Giunta regionale su proposta dell\u2019Assessore alla Sanit\u00e0, Manuela Lanzarin. \u201c<em>La battaglia contro il Covid \u2013 dice la Lanzarin \u2013 \u00e8 durissima, ma non ci impedisce di lavorare su tutti gli altri fronti dell\u2019offerta di prevenzione e cure alla gente. La sanit\u00e0 veneta va avanti su un fronte di 360 gradi, e quello della prevenzione di questo tipo di tumori \u00e8 fondamentale. Le procedure che si applicano da qui in avanti sono quanto di pi\u00f9 approfondito possibile e puntano ad aumentare la lotta all\u2019insorgenza di tumori particolarmente temuti dalle donne o particolarmente subdoli come quello del cancro del colon-retto<\/em>\u201d. Vi si prevede, tra l\u2019altro, la vaccinazione anti papilloma virus (HPV) anche per le donne gi\u00e0 trattate per lesioni cervicali HPV correlate di grado elevato e l\u2019esecuzione dello screening per il carcinoma della cervice uterina in gravidanza. Significativa anche la scelta di eseguire il tatuaggio endoscopico delle lesioni del colon-retto o sospette tali, rilevate all\u2019esame di secondo livello o di follow up all\u2019interno del programma specifico di screening.<\/p>\n<p>&nbsp;<\/p>\n<p>&nbsp;<\/p>\n<p>&nbsp;<\/p>\n<p>&nbsp;<\/p>\n<hr \/>\n<p>&nbsp;<\/p>\n<blockquote>\n<h3>DIGITALE. D&#8217;INCA&#8217;: &#8220;IN VENETO OLTRE 5 MILIONI DI EURO PER IL VOUCHER CONNETTIVITA&#8217;<\/h3>\n<\/blockquote>\n<p><strong>ROMA<\/strong> <em>\u201cPer le famiglie e le imprese del Veneto il Governo ha messo a disposizione oltre 5 milioni di euro per potersi dotare di una connessione internet, di tablet o di computer grazie al voucher connettivit\u00e0: \u00e8 un\u2019occasione importante per chi, nella nostra regione, nella situazione legata all\u2019emergenza Covid, non pu\u00f2 permettersi una connessione internet o una adeguata strumentazione digitale\u201d. <\/em>Lo afferma Federico D\u2019Inc\u00e0, Ministro per i Rapporti con il Parlamento, riportando i dati sul voucher connettivit\u00e0 che prevede, sull\u2019intero territorio nazionale, per l&#8217;intera regione, 5 milioni di euro per potere dotare alle famiglie bisognose una connessione alla rete e strumentazioni digitali. Le richieste per i voucher possono essere fatte direttamente agli operatori accreditati.<\/p>\n<p>&nbsp;<\/p>\n<p>&nbsp;<\/p>\n<hr \/>\n<blockquote>\n<h3><\/h3>\n<h3>SOPRALLUOGO AL CANTIERE CHIESA DEI GESUITI<\/h3>\n<\/blockquote>\n<p><strong>BELLUNO<\/strong> L&#8217;assessore alla rigenerazione urbana Franco Frison \u00e8 stato in sopralluogo al cantiere della Chiesa oggetto di uno dei progetti di rigenerazione urbana che interessano il capoluogo.<\/p>\n<p><strong>AI MICROFONI DI RADIO PIU&#8217; L&#8217;ASSESORE FRISON<\/strong><\/p>\n<audio class=\"wp-audio-shortcode\" id=\"audio-174419-3\" preload=\"none\" style=\"width: 100%;\" controls=\"controls\"><source type=\"audio\/mpeg\" src=\"https:\/\/www.radiopiu.net\/wordpress\/wp-content\/uploads\/2020\/11\/Frison-Sopralluogo-chiesa-Gesuiti.mp3?_=3\" \/><a href=\"https:\/\/www.radiopiu.net\/wordpress\/wp-content\/uploads\/2020\/11\/Frison-Sopralluogo-chiesa-Gesuiti.mp3\">https:\/\/www.radiopiu.net\/wordpress\/wp-content\/uploads\/2020\/11\/Frison-Sopralluogo-chiesa-Gesuiti.mp3<\/a><\/audio>\n<p>&nbsp;<\/p>\n<p><strong>GALLERIA FOTOGRAFICA<\/strong><\/p>\n\n\t\t\t<style type='text\/css'>\n\t\t\t\t#gallery-1 {\n\t\t\t\t\tmargin: auto;\n\t\t\t\t}\n\t\t\t\t#gallery-1 .gallery-item {\n\t\t\t\t\tfloat: left;\n\t\t\t\t\tmargin-top: 10px;\n\t\t\t\t\ttext-align: center;\n\t\t\t\t\twidth: 33%;\n\t\t\t\t}\n\t\t\t\t#gallery-1 img {\n\t\t\t\t\tborder: 2px solid #cfcfcf;\n\t\t\t\t}\n\t\t\t\t#gallery-1 .gallery-caption {\n\t\t\t\t\tmargin-left: 0;\n\t\t\t\t}\n\t\t\t\t\/* see gallery_shortcode() in wp-includes\/media.php *\/\n\t\t\t<\/style>\n\t\t<div id='gallery-1' class='dt-gallery-container gallery galleryid-174419 gallery-columns-3 gallery-size-thumbnail'><dl class='gallery-item'>\n\t\t\t\t<dt class='gallery-icon landscape'>\n\t\t\t\t\t<a class=\"rollover rollover-zoom dt-pswp-item\" title=\"Salone piano superiore (1)\" data-dt-img-description=\"\" data-large_image_width=\"2560\" data-large_image_height=\"1707\"href='https:\/\/www.radiopiu.net\/wordpress\/wp-content\/uploads\/2020\/11\/Salone-piano-superiore-1-scaled.jpg'><img loading=\"lazy\" decoding=\"async\" width=\"150\" height=\"150\" src=\"https:\/\/www.radiopiu.net\/wordpress\/wp-content\/uploads\/2020\/11\/Salone-piano-superiore-1-150x150.jpg\" class=\"attachment-thumbnail size-thumbnail\" alt=\"\" aria-describedby=\"gallery-1-174588\" \/><\/a>\n\t\t\t\t<\/dt>\n\t\t\t\t\t<dd class='wp-caption-text gallery-caption' id='gallery-1-174588'>\n\t\t\t\t\tSalone piano superiore (1)\n\t\t\t\t\t<\/dd><\/dl><dl class='gallery-item'>\n\t\t\t\t<dt class='gallery-icon landscape'>\n\t\t\t\t\t<a class=\"rollover rollover-zoom dt-pswp-item\" title=\"Piano terra\" data-dt-img-description=\"\" data-large_image_width=\"2560\" data-large_image_height=\"1707\"href='https:\/\/www.radiopiu.net\/wordpress\/wp-content\/uploads\/2020\/11\/Piano-terra-scaled.jpg'><img loading=\"lazy\" decoding=\"async\" width=\"150\" height=\"150\" src=\"https:\/\/www.radiopiu.net\/wordpress\/wp-content\/uploads\/2020\/11\/Piano-terra-150x150.jpg\" class=\"attachment-thumbnail size-thumbnail\" alt=\"\" aria-describedby=\"gallery-1-174586\" \/><\/a>\n\t\t\t\t<\/dt>\n\t\t\t\t\t<dd class='wp-caption-text gallery-caption' id='gallery-1-174586'>\n\t\t\t\t\tPiano terra\n\t\t\t\t\t<\/dd><\/dl><dl class='gallery-item'>\n\t\t\t\t<dt class='gallery-icon landscape'>\n\t\t\t\t\t<a class=\"rollover rollover-zoom dt-pswp-item\" title=\"Sede scala monumentale (1)\" data-dt-img-description=\"\" data-large_image_width=\"2560\" data-large_image_height=\"1707\"href='https:\/\/www.radiopiu.net\/wordpress\/wp-content\/uploads\/2020\/11\/Sede-scala-monumentale-1-scaled.jpg'><img loading=\"lazy\" decoding=\"async\" width=\"150\" height=\"150\" src=\"https:\/\/www.radiopiu.net\/wordpress\/wp-content\/uploads\/2020\/11\/Sede-scala-monumentale-1-150x150.jpg\" class=\"attachment-thumbnail size-thumbnail\" alt=\"\" aria-describedby=\"gallery-1-174587\" \/><\/a>\n\t\t\t\t<\/dt>\n\t\t\t\t\t<dd class='wp-caption-text gallery-caption' id='gallery-1-174587'>\n\t\t\t\t\tSede scala monumentale (1)\n\t\t\t\t\t<\/dd><\/dl><br style=\"clear: both\" \/><dl class='gallery-item'>\n\t\t\t\t<dt class='gallery-icon portrait'>\n\t\t\t\t\t<a class=\"rollover rollover-zoom dt-pswp-item\" title=\"Ass. Frison e Architetto Francesca Bogo - Alle spalle la sede della scala di emergenza\" data-dt-img-description=\"\" data-large_image_width=\"1707\" data-large_image_height=\"2560\"href='https:\/\/www.radiopiu.net\/wordpress\/wp-content\/uploads\/2020\/11\/Ass.-Frison-e-Architetto-Francesca-Bogo-Alle-spalle-la-sede-della-scala-di-emergenza-scaled.jpg'><img loading=\"lazy\" decoding=\"async\" width=\"150\" height=\"150\" src=\"https:\/\/www.radiopiu.net\/wordpress\/wp-content\/uploads\/2020\/11\/Ass.-Frison-e-Architetto-Francesca-Bogo-Alle-spalle-la-sede-della-scala-di-emergenza-150x150.jpg\" class=\"attachment-thumbnail size-thumbnail\" alt=\"\" aria-describedby=\"gallery-1-174585\" \/><\/a>\n\t\t\t\t<\/dt>\n\t\t\t\t\t<dd class='wp-caption-text gallery-caption' id='gallery-1-174585'>\n\t\t\t\t\tAss. Frison e Architetto Francesca Bogo &#8211; Alle spalle la sede della scala di emergenza\n\t\t\t\t\t<\/dd><\/dl><dl class='gallery-item'>\n\t\t\t\t<dt class='gallery-icon landscape'>\n\t\t\t\t\t<a class=\"rollover rollover-zoom dt-pswp-item\" title=\"Salone piano superiore (2)\" data-dt-img-description=\"\" data-large_image_width=\"2560\" data-large_image_height=\"1707\"href='https:\/\/www.radiopiu.net\/wordpress\/wp-content\/uploads\/2020\/11\/Salone-piano-superiore-2-scaled.jpg'><img loading=\"lazy\" decoding=\"async\" width=\"150\" height=\"150\" src=\"https:\/\/www.radiopiu.net\/wordpress\/wp-content\/uploads\/2020\/11\/Salone-piano-superiore-2-150x150.jpg\" class=\"attachment-thumbnail size-thumbnail\" alt=\"\" aria-describedby=\"gallery-1-174581\" \/><\/a>\n\t\t\t\t<\/dt>\n\t\t\t\t\t<dd class='wp-caption-text gallery-caption' id='gallery-1-174581'>\n\t\t\t\t\tSalone piano superiore (2)\n\t\t\t\t\t<\/dd><\/dl><dl class='gallery-item'>\n\t\t\t\t<dt class='gallery-icon landscape'>\n\t\t\t\t\t<a class=\"rollover rollover-zoom dt-pswp-item\" title=\"Sede scala monumentale (3)\" data-dt-img-description=\"\" data-large_image_width=\"2560\" data-large_image_height=\"1707\"href='https:\/\/www.radiopiu.net\/wordpress\/wp-content\/uploads\/2020\/11\/Sede-scala-monumentale-3-scaled.jpg'><img loading=\"lazy\" decoding=\"async\" width=\"150\" height=\"150\" src=\"https:\/\/www.radiopiu.net\/wordpress\/wp-content\/uploads\/2020\/11\/Sede-scala-monumentale-3-150x150.jpg\" class=\"attachment-thumbnail size-thumbnail\" alt=\"\" aria-describedby=\"gallery-1-174582\" \/><\/a>\n\t\t\t\t<\/dt>\n\t\t\t\t\t<dd class='wp-caption-text gallery-caption' id='gallery-1-174582'>\n\t\t\t\t\tSede scala monumentale (3)\n\t\t\t\t\t<\/dd><\/dl><br style=\"clear: both\" \/>\n\t\t\t<\/div>\n\n<p>&nbsp;<\/p>\n<p>&nbsp;<\/p>\n<hr \/>\n<p>&nbsp;<\/p>\n<blockquote>\n<h3>OGGI IN PIAZZA DEI MARTIRI LA CONFERENZA STAMPA SU L&#8217;INIZIATIVA &#8220;QUESTO NON E&#8217; AMORE&#8221;<\/h3>\n<\/blockquote>\n<p><strong><a href=\"https:\/\/www.radiopiu.net\/wordpress\/questo-non-e-amore-la-campagna-della-polizia-di-stato-per-la-giornata-internazionale-della-violenza-sulle-donne\/camper-polizia\/\" rel=\"attachment wp-att-169296\"><img loading=\"lazy\" decoding=\"async\" class=\"size-medium wp-image-169296 alignleft\" src=\"https:\/\/www.radiopiu.net\/wordpress\/wp-content\/uploads\/2020\/10\/CAMPER-POLIZIA-300x225.jpg\" alt=\"\" width=\"300\" height=\"225\" srcset=\"https:\/\/www.radiopiu.net\/wordpress\/wp-content\/uploads\/2020\/10\/CAMPER-POLIZIA-300x225.jpg 300w, https:\/\/www.radiopiu.net\/wordpress\/wp-content\/uploads\/2020\/10\/CAMPER-POLIZIA-1024x768.jpg 1024w, https:\/\/www.radiopiu.net\/wordpress\/wp-content\/uploads\/2020\/10\/CAMPER-POLIZIA-768x576.jpg 768w, https:\/\/www.radiopiu.net\/wordpress\/wp-content\/uploads\/2020\/10\/CAMPER-POLIZIA-1536x1151.jpg 1536w, https:\/\/www.radiopiu.net\/wordpress\/wp-content\/uploads\/2020\/10\/CAMPER-POLIZIA.jpg 1593w\" sizes=\"auto, (max-width: 300px) 100vw, 300px\" \/><\/a>BELLUNO<\/strong>\u00a0Nel solco delle iniziative di prevenzione e contrasto alla violenza contro le donne che la Polizia di Stato realizza da diversi anni, e nell\u2019ottica di fornire ulteriore impulso ed efficacia all\u2019azione di prevenzione e contrasto gi\u00e0 in essere su tutto il territorio nazionale, la Questura di Belluno, anche quest\u2019anno, ha partecipato alla campagna di informazione e sensibilizzazione \u201cQuesto non \u00e8 amore\u201d. Infatti, durante il mese di novembre un\u2019equipe di operatori specializzati della Polizia di Stato, a bordo del camper opportunamente allestivo, \u00e8 stata presente in alcuni comuni della provincia al fine di illustrare la campagna di sensibilizzazione, dare informazioni e raccogliere testimonianze di chi spesso ha ancora esitazione a denunciare il fenomeno. A conclusione del progetto, in occasione della Giornata Internazionale per l\u2019eliminazione della violenza contro le donne del 25 novembre 2020, si terr\u00e0 una conferenza stampa che avr\u00e0 luogo a Belluno, in piazza dei Martiri oggi alle 11, dove sar\u00e0 illustrata l\u2019incidenza del fenomeno in provincia.<\/p>\n<p>&nbsp;<\/p>\n<p>&nbsp;<\/p>\n<p>&nbsp;<\/p>\n<p>&nbsp;<\/p>\n<hr \/>\n<p>&nbsp;<\/p>\n<blockquote>\n<h3>GIORNATA INTERNAZIONALE PER L&#8217;ELIMINAZIONE DELLA VIOLENZA CONTRO LE DONNE: FELTRE PROPONE \u201cCI SONO MURI CHE NON PROTEGGONO\u201d<\/h3>\n<\/blockquote>\n<p><strong><a href=\"https:\/\/www.radiopiu.net\/wordpress\/giornata-internazionale-per-leliminazione-della-violenza-contro-le-donne-feltre-propone-ci-sono-muri-che-non-proteggono\/locandina-ci-sono-muri-che-non-proteggono\/\" rel=\"attachment wp-att-174524\"><img loading=\"lazy\" decoding=\"async\" class=\" wp-image-174524 alignleft\" src=\"https:\/\/www.radiopiu.net\/wordpress\/wp-content\/uploads\/2020\/11\/Locandina-Ci-sono-muri-che-non-proteggono-213x300.png\" alt=\"\" width=\"273\" height=\"385\" srcset=\"https:\/\/www.radiopiu.net\/wordpress\/wp-content\/uploads\/2020\/11\/Locandina-Ci-sono-muri-che-non-proteggono-213x300.png 213w, https:\/\/www.radiopiu.net\/wordpress\/wp-content\/uploads\/2020\/11\/Locandina-Ci-sono-muri-che-non-proteggono.png 567w\" sizes=\"auto, (max-width: 273px) 100vw, 273px\" \/><\/a>FELTRE\u00a0<\/strong>\u201cCi sono muri che non proteggono\u201d: \u00e8 questo il titolo sotto il quale si raccolgono le manifestazioni promosse dall\u2019Amministrazione comunale di Feltre per mercoled\u00ec 25 novembre in occasione della Giornata internazionale per l&#8217;eliminazione della violenza contro le donne. L\u2019obiettivo \u00e8 quello di sensibilizzare sempre pi\u00f9 la cittadinanza ad un tema di tragica attualit\u00e0 e lanciare un forte messaggio contro li stereotipi di genere che permangono ancora nella nostra societ\u00e0 nei confronti delle donne. Il programma dell&#8217;iniziativa prevede: la realizzazione di un percorso lungo le mura storiche della Citt\u00e0, da Porta Imperiale fino a Porta Pusterla, con l&#8217;affissione di manifesti con riportate poesie, testi, racconti che riguardano la violenza domestica, sul lavoro, di genere e psicologica, in lingua italiana e in lingua straniera, e il posizionamento sul marciapiede di scarpe rosse, uno dei simboli della giornata. In caso di maltempo il percorso, visitabile per tutta la giornata dalle 09.30 alle 17.30, verr\u00e0 allestito all\u2019interno della Galleria Fratelli Angelini (ex Romita); la realizzazione di quattro stazioni di lettura: a rotazione, dalle \u00a09.30 alle 12.30 e dalle 15.00 alle 17.00 un membro della Commissione per le Pari Opportunit\u00e0 del Comune di Feltre o una persona che fa parte delle associazioni che collaborano all&#8217;iniziativa dar\u00e0 lettura di uno dei testi che sono stati posizionati sui lampioni; \u00a0l&#8217;invio ai Dirigenti scolastici delle Scuole Superiori di Feltre di un video e di alcuni testi relativi alla tematica in parola, da condividere con gli studenti, nelle modalit\u00e0 che riterranno pi\u00f9 opportune. L&#8217;iniziativa si avvale della collaborazione di numerose associazioni o enti: Commissione Pari Opportunit\u00e0, Koin\u00e8 Linguaggi Comuni, Gruppo Tutta colpa del Pennino, Donne Come Noi-Women Like Us, Coordinamento Rete Immigrazione, Consigliera provinciale di parit\u00e0. \u201c<em>Grazie anche alla fattiva collaborazione della nuova Commissione Pari Opportunit\u00e0 e di molte altre associazioni e soggetti partner, siamo riusciti ad allestire per la giornata di mercoled\u00ec 25 un programma davvero interessante e multiforme\u201d, commenta l\u2019assessore alle Pari Opportunit\u00e0 e alle Politiche Sociali del Comune di Feltre Giorgia Li Castri. \u201cIl nostro intento, prosegue l\u2019assessore, \u00e8 raggiungere \u2013 nonostante il periodo caratterizzato dalle limitazioni dovute alla pandemia &#8211; il maggior numero di persone possibili. Per questo abbiamo messa a punto un programma che si snoda lungo la citt\u00e0, ma vuole coinvolgere in maniera diretta anche le scuole e i nostri ragazzi, che devono sentirsi protagonisti di questa battaglia di civilt\u00e0 su cui ancora molti, anzi troppi, passi dobbiamo ancora fare<\/em>\u201d.<\/p>\n<p>&nbsp;<\/p>\n<p>&nbsp;<\/p>\n<p>&nbsp;<\/p>\n<hr \/>\n<p>&nbsp;<\/p>\n<blockquote>\n<h3>L&#8217;ADDESTRAMENTO ANCHE IN TEMPI DI COVID CON PRECISI ACCORGIMENTI<\/h3>\n<\/blockquote>\n<div class=\"nc684nl6\"><strong>ALLEGHE<\/strong>\u00a0 L&#8217;amore per il proprio impegno e la devozione verso la comunit\u00e0 non ferma i pompieri volontari di Caprile e Rocca Pietore che anche in questo fine settimana hanno portato a termine un buon addestramento. Per evitare ammassamenti o assembramenti, in considerazione dell&#8217;attuale periodo di pandemia, i vigili del fuoco si sono organizzati con due squadre in ambienti diversi. La prima: si \u00e8 addestrata sul teatro di un incidente stradale usando cuscini da sollevamento &#8221;wetter&#8221; e del gruppo taglio. La seconda: ha eseguito un&#8217; addestramento di calata su un pendio scosceso con l&#8217;ausilio di imbraghi e funi.<\/div>\n<div>\n\n\t\t\t<style type='text\/css'>\n\t\t\t\t#gallery-2 {\n\t\t\t\t\tmargin: auto;\n\t\t\t\t}\n\t\t\t\t#gallery-2 .gallery-item {\n\t\t\t\t\tfloat: left;\n\t\t\t\t\tmargin-top: 10px;\n\t\t\t\t\ttext-align: center;\n\t\t\t\t\twidth: 33%;\n\t\t\t\t}\n\t\t\t\t#gallery-2 img {\n\t\t\t\t\tborder: 2px solid #cfcfcf;\n\t\t\t\t}\n\t\t\t\t#gallery-2 .gallery-caption {\n\t\t\t\t\tmargin-left: 0;\n\t\t\t\t}\n\t\t\t\t\/* see gallery_shortcode() in wp-includes\/media.php *\/\n\t\t\t<\/style>\n\t\t<div id='gallery-2' class='dt-gallery-container gallery galleryid-174419 gallery-columns-3 gallery-size-thumbnail'><dl class='gallery-item'>\n\t\t\t\t<dt class='gallery-icon landscape'>\n\t\t\t\t\t<a class=\"rollover rollover-zoom dt-pswp-item\" title=\"126504875_1052836475144433_7374005944733656117_n\" data-dt-img-description=\"\" data-large_image_width=\"960\" data-large_image_height=\"720\"href='https:\/\/www.radiopiu.net\/wordpress\/wp-content\/uploads\/2020\/11\/126504875_1052836475144433_7374005944733656117_n.jpg'><img loading=\"lazy\" decoding=\"async\" width=\"150\" height=\"150\" src=\"https:\/\/www.radiopiu.net\/wordpress\/wp-content\/uploads\/2020\/11\/126504875_1052836475144433_7374005944733656117_n-150x150.jpg\" class=\"attachment-thumbnail size-thumbnail\" alt=\"\" \/><\/a>\n\t\t\t\t<\/dt><\/dl><dl class='gallery-item'>\n\t\t\t\t<dt class='gallery-icon portrait'>\n\t\t\t\t\t<a class=\"rollover rollover-zoom dt-pswp-item\" title=\"126445168_1052836638477750_641277459370556763_n\" data-dt-img-description=\"\" data-large_image_width=\"720\" data-large_image_height=\"960\"href='https:\/\/www.radiopiu.net\/wordpress\/wp-content\/uploads\/2020\/11\/126445168_1052836638477750_641277459370556763_n.jpg'><img loading=\"lazy\" decoding=\"async\" width=\"150\" height=\"150\" src=\"https:\/\/www.radiopiu.net\/wordpress\/wp-content\/uploads\/2020\/11\/126445168_1052836638477750_641277459370556763_n-150x150.jpg\" class=\"attachment-thumbnail size-thumbnail\" alt=\"\" \/><\/a>\n\t\t\t\t<\/dt><\/dl><dl class='gallery-item'>\n\t\t\t\t<dt class='gallery-icon landscape'>\n\t\t\t\t\t<a class=\"rollover rollover-zoom dt-pswp-item\" title=\"126440630_1052836538477760_7555072251176902343_n\" data-dt-img-description=\"\" data-large_image_width=\"960\" data-large_image_height=\"720\"href='https:\/\/www.radiopiu.net\/wordpress\/wp-content\/uploads\/2020\/11\/126440630_1052836538477760_7555072251176902343_n.jpg'><img loading=\"lazy\" decoding=\"async\" width=\"150\" height=\"150\" src=\"https:\/\/www.radiopiu.net\/wordpress\/wp-content\/uploads\/2020\/11\/126440630_1052836538477760_7555072251176902343_n-150x150.jpg\" class=\"attachment-thumbnail size-thumbnail\" alt=\"\" \/><\/a>\n\t\t\t\t<\/dt><\/dl><br style=\"clear: both\" \/>\n\t\t\t<\/div>\n\n<p>&nbsp;<\/p>\n<p>&nbsp;<\/p>\n<hr \/>\n<p>&nbsp;<\/p>\n<blockquote>\n<h3>IN LUXOTTICA DICEMBRE DI STRAORDINARI<\/h3>\n<\/blockquote>\n<p><strong>AGORDO<\/strong> Nello stabilimento di via Valcozzena \u00a0\u00e8 stato firmato dalle RSU\u00a0 e Azienda un piano di straordinari\u00a0 per il mese di dicembre, maestranze al lavoro al sabato dalle 6.45 alle 12.45.\u00a0 Una giornata lavorabile, splittata in due solo per i turnisti. Interessati due sabati il 5 e il 12 dicembre.<\/p>\n<p>&nbsp;<\/p>\n<hr \/>\n<p>&nbsp;<\/p>\n<p>&nbsp;<\/p>\n<p>&nbsp;<\/p>\n<blockquote>\n<h3><a href=\"https:\/\/www.radiopiu.net\/wordpress\/precarie-sottopagate-ma-piu-istruite-studio-della-cisl-belluno-treviso-sul-lavoro-femminile-e-il-gap-salariale-nelle-due-province\/alessia-salvador\/\" rel=\"attachment wp-att-174550\"><img loading=\"lazy\" decoding=\"async\" class=\" wp-image-174550 alignleft\" src=\"https:\/\/www.radiopiu.net\/wordpress\/wp-content\/uploads\/2020\/11\/Alessia-Salvador-300x191.jpg\" alt=\"\" width=\"179\" height=\"114\" srcset=\"https:\/\/www.radiopiu.net\/wordpress\/wp-content\/uploads\/2020\/11\/Alessia-Salvador-300x191.jpg 300w, https:\/\/www.radiopiu.net\/wordpress\/wp-content\/uploads\/2020\/11\/Alessia-Salvador-768x489.jpg 768w, https:\/\/www.radiopiu.net\/wordpress\/wp-content\/uploads\/2020\/11\/Alessia-Salvador.jpg 1005w\" sizes=\"auto, (max-width: 179px) 100vw, 179px\" \/><\/a>LE DONNE GUADAGNANO 1,50 euro IN MENO ALL&#8217;ORA RISPETTO AGLI UOMINI<\/h3>\n<\/blockquote>\n<p><strong>BELLUNO\u00a0<\/strong><\/p>\n<p><strong>DI Moreno Gioli<\/strong><\/p>\n<audio class=\"wp-audio-shortcode\" id=\"audio-174419-4\" preload=\"none\" style=\"width: 100%;\" controls=\"controls\"><source type=\"audio\/mpeg\" src=\"https:\/\/www.radiopiu.net\/wordpress\/wp-content\/uploads\/2020\/11\/MORENO-GIOLI-1.mp3?_=4\" \/><a href=\"https:\/\/www.radiopiu.net\/wordpress\/wp-content\/uploads\/2020\/11\/MORENO-GIOLI-1.mp3\">https:\/\/www.radiopiu.net\/wordpress\/wp-content\/uploads\/2020\/11\/MORENO-GIOLI-1.mp3<\/a><\/audio>\n<p>&nbsp;<\/p>\n<p>&nbsp;<\/p>\n<blockquote class=\"wp-embedded-content\" data-secret=\"ikW8yGiuq8\"><p><a href=\"https:\/\/www.radiopiu.net\/wordpress\/precarie-sottopagate-ma-piu-istruite-studio-della-cisl-belluno-treviso-sul-lavoro-femminile-e-il-gap-salariale-nelle-due-province\/\">PRECARIE, SOTTOPAGATE, MA PI\u00d9 ISTRUITE: STUDIO DELLA CISL BELLUNO TREVISO SUL LAVORO FEMMINILE E IL GAP SALARIALE NELLE DUE PROVINCE<\/a><\/p><\/blockquote>\n<p><iframe loading=\"lazy\" class=\"wp-embedded-content\" sandbox=\"allow-scripts\" security=\"restricted\" style=\"position: absolute; clip: rect(1px, 1px, 1px, 1px);\" title=\"&#8220;PRECARIE, SOTTOPAGATE, MA PI\u00d9 ISTRUITE: STUDIO DELLA CISL BELLUNO TREVISO SUL LAVORO FEMMINILE E IL GAP SALARIALE NELLE DUE PROVINCE&#8221; &#8212; Radio Pi\u00f9\" src=\"https:\/\/www.radiopiu.net\/wordpress\/precarie-sottopagate-ma-piu-istruite-studio-della-cisl-belluno-treviso-sul-lavoro-femminile-e-il-gap-salariale-nelle-due-province\/embed\/#?secret=ikW8yGiuq8\" data-secret=\"ikW8yGiuq8\" width=\"600\" height=\"338\" frameborder=\"0\" marginwidth=\"0\" marginheight=\"0\" scrolling=\"no\"><\/iframe><\/p>\n<p>&nbsp;<\/p>\n<hr \/>\n<\/div>\n<h3><\/h3>\n<blockquote>\n<h3>PAT DEL COMUNE DI SEDICO, L&#8217;APPROVAZIONE DEL CONSIGLIO PROVINCIALE<\/h3>\n<\/blockquote>\n<p><strong><a href=\"https:\/\/www.radiopiu.net\/wordpress\/giornale-radiopiu-11-settembre-2019-direttore-mirko-mezzacasa\/sedico16\/\" rel=\"attachment wp-att-98005\"><img loading=\"lazy\" decoding=\"async\" class=\" wp-image-98005 alignleft\" src=\"https:\/\/www.radiopiu.net\/wordpress\/wp-content\/uploads\/2019\/09\/sedico16-300x225.jpg\" alt=\"\" width=\"251\" height=\"188\" srcset=\"https:\/\/www.radiopiu.net\/wordpress\/wp-content\/uploads\/2019\/09\/sedico16-300x225.jpg 300w, https:\/\/www.radiopiu.net\/wordpress\/wp-content\/uploads\/2019\/09\/sedico16-768x576.jpg 768w, https:\/\/www.radiopiu.net\/wordpress\/wp-content\/uploads\/2019\/09\/sedico16-1024x768.jpg 1024w, https:\/\/www.radiopiu.net\/wordpress\/wp-content\/uploads\/2019\/09\/sedico16.jpg 1600w\" sizes=\"auto, (max-width: 251px) 100vw, 251px\" \/><\/a>BELLUNO<\/strong> Oggi approda in consiglio\u00a0 il PAT del Comune di Sedico. Un Piano di Assetto del Territorio che punta soprattutto sulla sicurezza idraulica, sulla tutela delle risorse naturali, sullo sviluppo sostenibile dell\u2019area industriale di valenza provinciale.\u00a0<em>\u00abLe principali strategie del PAT sono chiare &#8211; commenta il consigliere provinciale delegato, Paolo Vendramini -. Viene garantito un ottimale sviluppo dell\u2019area industriale, che \u00e8 strategica per l\u2019intera Valbelluna, e non solo. Al contempo, per\u00f2 viene assicurato anche il rispetto della tutela ambientale\u00bb. <\/em>Nel Comune di Sedico infatti insistono un\u2019area produttiva a valenza provinciale a destinazione mista e sei aree produttive a valenza comunale, per una superficie totale esistente di 1.364.082 metri quadrati. Il PAT prevede tre linee di sviluppo produttivo presso le zone industriali di Gresal, ex Conib e Bribano, per un totale di 43.261 metri quadrati, cui si somma l&#8217;ampliamento concesso tramite Accordo di Programma nel 2017 alla zona Luxottica (pari a 63.277 metri quadrati). Il piano, poi, riduce le aree produttive con lo stralcio di alcune zone D in residenziale. &#8220;Il Pat &#8211; sottolinea il consigliere Vendramini -. individua alcune previsioni infrastrutturali in coerenza con il Piano territoriale di coordinamento provinciale, che sono sintetizzabili nel potenziamento della rete viaria della Regionale 203 Agordina e della Statale 50, oltre che nella individuazione della viabilit\u00e0 provinciale del progetto Variante Destra Piave e Sp 2 e viene valorizzata la rete di percorsi ciclo-pedonali -&#8220;.<\/p>\n<blockquote><p>&nbsp;<\/p><\/blockquote>\n<p>&nbsp;<\/p>\n<hr \/>\n<blockquote>\n<h3><\/h3>\n<h3>LA DE LUCA ABBANDONA IL CONSIGLIO COMUNALE, ENTRA ZALTRON<\/h3>\n<\/blockquote>\n<p>&nbsp;<\/p>\n<div class=\"articlePlainText\"><strong><a href=\"https:\/\/www.radiopiu.net\/wordpress\/giornale-radiopiu-24-novembre-2020-direttore-mirko-mezzacasa\/download-1012\/\" rel=\"attachment wp-att-174691\"><img loading=\"lazy\" decoding=\"async\" class=\"size-full wp-image-174691 alignleft\" src=\"https:\/\/www.radiopiu.net\/wordpress\/wp-content\/uploads\/2020\/11\/download-22.jpg\" alt=\"\" width=\"200\" height=\"200\" srcset=\"https:\/\/www.radiopiu.net\/wordpress\/wp-content\/uploads\/2020\/11\/download-22.jpg 200w, https:\/\/www.radiopiu.net\/wordpress\/wp-content\/uploads\/2020\/11\/download-22-150x150.jpg 150w\" sizes=\"auto, (max-width: 200px) 100vw, 200px\" \/><\/a>AGORDO <\/strong>Zaltron al posto di De Luca. Il consiglio comunale di Agordo, convocato per gioved\u00ec alle 19 dal sindaco Roberto Chissal\u00e8 e inizier\u00e0 con questo avvicendamento nelle fila della minoranza. A seguire il consiglio approver\u00e0 delle variazioni al bilancio di previsione. Verr\u00e0 poi approvata la convenzione tra Comuni sotto i 5 mila abitanti per un piano dei fabbisogni e un progetto per la trasformazione digitale dei servizi ai cittadini. Il consiglio dar\u00e0 poi l&#8217;ok all&#8217;acquisizione al patrimonio comunale di due tratti stradali lungo l&#8217;ex sp 347 del passo Cereda e passo Duran e lungo la ex sr 203 Agordina. Infine verr\u00e0 approvata la variante al Prg in adeguamento alla legge regionale 14\/2007 per l&#8217;istituzione del registro comunale per i crediti edilizi.<\/div>\n<div><\/div>\n<p>di GIANNI SANTOMASO<\/p>\n<audio class=\"wp-audio-shortcode\" id=\"audio-174419-5\" preload=\"none\" style=\"width: 100%;\" controls=\"controls\"><source type=\"audio\/mpeg\" src=\"https:\/\/www.radiopiu.net\/wordpress\/wp-content\/uploads\/2020\/11\/gianni-zaltron.mp3?_=5\" \/><a href=\"https:\/\/www.radiopiu.net\/wordpress\/wp-content\/uploads\/2020\/11\/gianni-zaltron.mp3\">https:\/\/www.radiopiu.net\/wordpress\/wp-content\/uploads\/2020\/11\/gianni-zaltron.mp3<\/a><\/audio>\n<p>&nbsp;<\/p>\n<p>&nbsp;<\/p>\n<p>&nbsp;<\/p>\n<hr \/>\n<blockquote>\n<h3>DOMANI IL CONSIGLIO COMUNALE A RIVAMONTE<\/h3>\n<\/blockquote>\n<p><strong>RIVAMONTE\u00a0<\/strong>Il sindaco di Rivamonte Giovanni Deon ha convocato il consiglio comunale per domani alle 18:30. 6 i punti all&#8217;ordine del giorno: approvazione dei verbali della seduta precedente, ottava, nona decima e undicesima variazione al bilancio di previsione 2020\/2022 e il rinnovo della convenzione con la l&#8217;Unione Montana Agordina per il servizio SIRAP.<\/p>\n<p>&nbsp;<\/p>\n<p>&nbsp;<\/p>\n<hr \/>\n<p>&nbsp;<\/p>\n<blockquote>\n<h3>SABATO MATTINA CONSIGLIO COMUNALE A COLLE SANTA LUCIA<\/h3>\n<\/blockquote>\n<p><strong>COLLE SANTA LUCIA<\/strong> Il sindaco Paolo Frena ha convocato il consiglio comunale per sabato alle 8. 7 i punti all&#8217;ordine del giorno tra cui la settima e l&#8217;ottava variazione al bilancio di previsione 2020\/2022 e la nomina dei rappresentanti presso l&#8217;associazione &#8220;Colle Santa Lucia &#8211; Dolomiti&#8221;.<\/p>\n<p>&nbsp;<\/p>\n<p>&nbsp;<\/p>\n<hr \/>\n<p>&nbsp;<\/p>\n<blockquote>\n<h3>VENERDI&#8217; SERA IL CONSIGLIO COMUNALE A SAN TOMASO<\/h3>\n<\/blockquote>\n<p><strong>SAN TOMASO\u00a0<\/strong> Il sindaco di San Tomaso Moreno De Val ha convocato il consiglio comunale per venerd\u00ec alle 20. 5 i punti all&#8217;ordine del giorno. Tra questi l&#8217;elezione del consiglio comunale a seguito delle di missioni di un consigliere e il rinnovo della convenzione con l&#8217;Unione Montana Agordina riguardante il SIRAP<\/p>\n<p>&nbsp;<\/p>\n<hr \/>\n<p>&nbsp;<\/p>\n<blockquote>\n<h3>LUNEDI 30 IN MUNICIPIO A FALCADE CON IL SINDACO MICHELE COSTA<\/h3>\n<\/blockquote>\n<p><strong>FALCADE<\/strong> Lunedi 30 novembre alle 18 consiglio comunale in videoconferenza (anche sui canali di RADIO PIU). In discussione il prelievo dal fondo di riserva; bilancio consolidato; variazione al bilancio, regolamento delle entrate e approvazione convenzione tra i Comuni sotto i 5 mila abitanti, piano dei fabbisogno, progetto per la trasformazione digitale dei servizi al cittadino.<\/p>\n<p>&nbsp;<\/p>\n<hr \/>\n<p>&nbsp;<\/p>\n<blockquote>\n<h3 style=\"text-align: left;\" align=\"CENTER\"><span style=\"font-family: Calibri, sans-serif;\"><b>24\u00b0 GIORNATA NAZIONALE DELLA COLLETTA ALIMENTARE: <\/b><\/span><b style=\"font-family: Calibri, sans-serif;\">QUEST\u2019ANNO LA SPESA SI FA CON LE CARD<\/b><\/h3>\n<\/blockquote>\n<p align=\"JUSTIFY\"><a href=\"https:\/\/www.radiopiu.net\/wordpress\/giornale-radiopiu-21-novembre-2020-direttore-mirko-mezzacasa\/colletta-alimentare-foto-2_volontario-2\/\" rel=\"attachment wp-att-174034\"><img loading=\"lazy\" decoding=\"async\" class=\" wp-image-174034 alignleft\" src=\"https:\/\/www.radiopiu.net\/wordpress\/wp-content\/uploads\/2020\/11\/Colletta-Alimentare-foto-2_volontario-2-300x200.jpg\" alt=\"\" width=\"212\" height=\"141\" srcset=\"https:\/\/www.radiopiu.net\/wordpress\/wp-content\/uploads\/2020\/11\/Colletta-Alimentare-foto-2_volontario-2-300x200.jpg 300w, https:\/\/www.radiopiu.net\/wordpress\/wp-content\/uploads\/2020\/11\/Colletta-Alimentare-foto-2_volontario-2-1024x683.jpg 1024w, https:\/\/www.radiopiu.net\/wordpress\/wp-content\/uploads\/2020\/11\/Colletta-Alimentare-foto-2_volontario-2-768x512.jpg 768w, https:\/\/www.radiopiu.net\/wordpress\/wp-content\/uploads\/2020\/11\/Colletta-Alimentare-foto-2_volontario-2.jpg 1179w\" sizes=\"auto, (max-width: 212px) 100vw, 212px\" \/><\/a>\u201c<span style=\"font-family: Calibri, sans-serif;\"><span style=\"font-size: small;\">Cambia la forma, non la sostanza\u201d della 24esima <\/span><\/span><span style=\"font-family: Calibri, sans-serif;\"><span style=\"font-size: small;\">Giornata Nazionale della Colletta Alimentare<\/span><\/span><span style=\"font-family: Calibri, sans-serif;\"><span style=\"font-size: small;\">: quest\u2019anno, <\/span><\/span><span style=\"font-family: Calibri, sans-serif;\"><span style=\"font-size: small;\">dal 21 novembre all\u20198 dicembre<\/span><\/span><span style=\"font-family: Calibri, sans-serif;\"><span style=\"font-size: small;\">, saranno disponibili presso le casse dei supermercati italiani delle \u201c<\/span><\/span><span style=\"font-family: Calibri, sans-serif;\"><span style=\"font-size: small;\">gift card\u201d da 2, 5 e 10 euro<\/span><\/span><span style=\"font-family: Calibri, sans-serif;\"><span style=\"font-size: small;\">. Al termine della Colletta, il valore complessivo di tutte le card sar\u00e0 convertito in prodotti alimentari non deperibili come pelati, legumi, alimenti per l\u2019infanzia, olio, pesce e carne in scatola e altri prodotti utili. Tutto sar\u00e0 consegnato alle sedi regionali del Banco Alimentare e distribuito, con le consuete modalit\u00e0, alle circa <\/span><\/span><span style=\"font-family: Calibri, sans-serif;\"><span style=\"font-size: small;\">8mila strutture caritative<\/span><\/span><span style=\"font-family: Calibri, sans-serif;\"><span style=\"font-size: small;\"> convenzionate che sostengono oltre <\/span><\/span><span style=\"font-family: Calibri, sans-serif;\"><span style=\"font-size: small;\">2.100.000 persone<\/span><\/span><span style=\"font-family: Calibri, sans-serif;\"><span style=\"font-size: small;\">. <\/span><\/span><span style=\"color: #000000;\"><span style=\"font-family: Calibri, sans-serif;\"><span style=\"font-size: small;\">Nel Veneto, negli ultimi 5 anni la Colletta Alimentare ha raccolto 3.333 tonnellate di prodotti alimentari, equivalenti a 6.666.764 pasti. Sono oltre 470 le strutture di carit\u00e0 sostenute dal Banco Alimentare del Veneto, con oltre 100.000 persone assistite.\u00a0 \u00a0 \u00a0\u00a0<\/span><\/span><\/span><\/p>\n<hr \/>\n<blockquote>\n<h2 align=\"JUSTIFY\"><\/h2>\n<h2 align=\"JUSTIFY\"><\/h2>\n<h2 align=\"JUSTIFY\">DOLOMITI EMERGENCY CONTINUA A CRESCERE E RAGGIUNGE QUOTA 15.300 ISCRITTI<\/h2>\n<\/blockquote>\n<p align=\"JUSTIFY\"><strong><a href=\"https:\/\/www.radiopiu.net\/wordpress\/sopralluogo-al-cantiere-chiesa-dei-gesuiti\/dolomiti-emergency\/\" rel=\"attachment wp-att-174563\"><img loading=\"lazy\" decoding=\"async\" class=\" wp-image-174563 alignleft\" src=\"https:\/\/www.radiopiu.net\/wordpress\/wp-content\/uploads\/2020\/11\/Dolomiti-Emergency-300x225.jpg\" alt=\"\" width=\"213\" height=\"160\" srcset=\"https:\/\/www.radiopiu.net\/wordpress\/wp-content\/uploads\/2020\/11\/Dolomiti-Emergency-300x225.jpg 300w, https:\/\/www.radiopiu.net\/wordpress\/wp-content\/uploads\/2020\/11\/Dolomiti-Emergency-1024x768.jpg 1024w, https:\/\/www.radiopiu.net\/wordpress\/wp-content\/uploads\/2020\/11\/Dolomiti-Emergency-768x576.jpg 768w, https:\/\/www.radiopiu.net\/wordpress\/wp-content\/uploads\/2020\/11\/Dolomiti-Emergency-1536x1152.jpg 1536w, https:\/\/www.radiopiu.net\/wordpress\/wp-content\/uploads\/2020\/11\/Dolomiti-Emergency-2048x1536.jpg 2048w\" sizes=\"auto, (max-width: 213px) 100vw, 213px\" \/><\/a>BELLUNO\u00a0<\/strong>Oltre 3.000 nuovi iscritti solo negli ultimi mesi, progetti formativi che hanno coinvolto molti soggetti e un sito internet, a breve online, che \u00e8 stato rinnovato. Cos\u00ec come si rinnova l\u2019impegno nel sostenere le realt\u00e0 che, a vario titolo, sono impegnate nell\u2019assicurare la sicurezza di chi frequenta la montagna e non solo. Dolomiti Emergency continua a crescere. Lo ha evidenziato Laura Menegus, presidente della Onlus, nella recente assemblea. \u00ab<em>Si chiude un altro anno\u00bb, ha detto, \u00abe devo dire che sono molto soddisfatta, perch\u00e9 abbiamo ottenuto ottimi risultati nonostante la pandemia<\/em>\u00bb. Negli ultimi mesi hanno aderito a Dolomiti Emergency pi\u00f9 di 3.000 nuovi utenti, portando il numero complessivo di iscritti, in questo 2020, a 15.300. \u00abSenz\u2019altro un bel numero\u00bb, ha aggiunto Menegus, \u00abse consideriamo che siamo partiti 4 anni fa con 9.000 soci ordinari\u00bb.<\/p>\n<hr \/>\n<p>&nbsp;<\/p>\n<p>&nbsp;<\/p>\n<blockquote>\n<h2>LA MEDAGLIA PER LUCIO TOPATIGH<\/h2>\n<\/blockquote>\n<p><strong><a href=\"https:\/\/www.radiopiu.net\/wordpress\/la-medaglia-per-lucio-topatigh\/64654831_2478194398897749_4985539071590793216_n\/\" rel=\"attachment wp-att-174661\"><img loading=\"lazy\" decoding=\"async\" class=\" wp-image-174661 alignleft\" src=\"https:\/\/www.radiopiu.net\/wordpress\/wp-content\/uploads\/2020\/11\/64654831_2478194398897749_4985539071590793216_n-300x290.jpg\" alt=\"\" width=\"190\" height=\"184\" srcset=\"https:\/\/www.radiopiu.net\/wordpress\/wp-content\/uploads\/2020\/11\/64654831_2478194398897749_4985539071590793216_n-300x290.jpg 300w, https:\/\/www.radiopiu.net\/wordpress\/wp-content\/uploads\/2020\/11\/64654831_2478194398897749_4985539071590793216_n.jpg 526w\" sizes=\"auto, (max-width: 190px) 100vw, 190px\" \/><\/a>ASIAGO<\/strong> E chi lo dimentica il Lucio, il Topa, il &#8220;fornaro&#8221; quel ragazzone cresciuto sull&#8217;altopiano dove si \u00e8 forgiato il carattere ideale per giocare a hockey. Non c&#8217;era niente di peggio del doverlo incontrare sul ghiaccio, odiato con i colori della squadra avversaria, ma che tutti avrebbero voluto sulla loro panchina. Genio sicuramente, a tratti con quel giusto tocco di follia che fa grande un giocatore. Con Il Bolzano e con l&#8217;Asiago. Questo il\u00a0 Topa dei nostri ricordi. Abbiamo scelto una foto dal suo profilo facebook che pi\u00f9 ce lo ricorda, con l&#8217;amico Gino Pasqualotto, perch\u00e9 vederli assieme anche in fotografia fa ancora spettacolo, se poi si torna alle loro lame sul ghiaccio salgono pure i brividi. Abbiamo scelto di parlare di Lucio Topatigh di Gallio perch\u00e8 il Coni gli ha conferito la Medaglia d&#8217;Oro al Valore Atletico in riconoscimento dei meriti sportivi sia a livello nazionale che internazionale. Lettera vergata e complimenti direttamente da Giovanni Malag\u00f2. Bravo Lucio, orgoglioso di averti&#8230; commentato per tanti anni dentro e fuori dal ghiaccio.<\/p>\n<p><strong>mirko<\/strong><\/p>\n<p>&nbsp;<\/p>\n<p>&nbsp;<\/p>\n<p><a href=\"https:\/\/www.radiopiu.net\/wordpress\/dt_gallery\/voltago-campioni-dellagordino-nella-16-comuni\/appuntamenti-4\/\" rel=\"attachment wp-att-61958\"><img loading=\"lazy\" decoding=\"async\" class=\"wp-image-61958 size-full aligncenter\" src=\"https:\/\/www.radiopiu.net\/wordpress\/wp-content\/uploads\/2018\/09\/appuntamenti.jpeg\" alt=\"\" width=\"800\" height=\"100\" srcset=\"https:\/\/www.radiopiu.net\/wordpress\/wp-content\/uploads\/2018\/09\/appuntamenti.jpeg 800w, https:\/\/www.radiopiu.net\/wordpress\/wp-content\/uploads\/2018\/09\/appuntamenti-300x38.jpeg 300w, https:\/\/www.radiopiu.net\/wordpress\/wp-content\/uploads\/2018\/09\/appuntamenti-768x96.jpeg 768w\" sizes=\"auto, (max-width: 800px) 100vw, 800px\" \/>\u00a0<\/a><\/p>\n<p>&nbsp;<\/p>\n<blockquote>\n<h3><a href=\"https:\/\/www.radiopiu.net\/wordpress\/giornale-radiopiu-22-novembre-2020-direttore-mirko-mezzacasa-2\/alberto_pagliarino\/\" rel=\"attachment wp-att-174240\"><img loading=\"lazy\" decoding=\"async\" class=\" wp-image-174240 alignleft\" src=\"https:\/\/www.radiopiu.net\/wordpress\/wp-content\/uploads\/2020\/11\/Alberto_Pagliarino-300x188.jpg\" alt=\"\" width=\"215\" height=\"135\" srcset=\"https:\/\/www.radiopiu.net\/wordpress\/wp-content\/uploads\/2020\/11\/Alberto_Pagliarino-300x188.jpg 300w, https:\/\/www.radiopiu.net\/wordpress\/wp-content\/uploads\/2020\/11\/Alberto_Pagliarino-1024x642.jpg 1024w, https:\/\/www.radiopiu.net\/wordpress\/wp-content\/uploads\/2020\/11\/Alberto_Pagliarino-768x482.jpg 768w, https:\/\/www.radiopiu.net\/wordpress\/wp-content\/uploads\/2020\/11\/Alberto_Pagliarino-1536x964.jpg 1536w, https:\/\/www.radiopiu.net\/wordpress\/wp-content\/uploads\/2020\/11\/Alberto_Pagliarino.jpg 1693w\" sizes=\"auto, (max-width: 215px) 100vw, 215px\" \/><\/a>TEATRO E AMBIENTE, SPETTACOLO CON L&#8217;APPOGGIO DEL COMUNE<\/h3>\n<\/blockquote>\n<p><strong>PONTE NELLE ALPI<\/strong> L<span style=\"color: #000000; font-family: Helvetica;\">\u2019assessorato all\u2019Ambiente del Comune di Ponte nelle Alpi ha deciso di aderire all\u2019invito dell\u2019attore Alberto Pagliarino\u00a0 e di appoggiare un evento che, in tempi di Covid e teatri chiusi, verr\u00e0 trasmesso in live streaming: oggi alle 18. \u00c8 necessaria la registrazione, gratuita, su Eventbrite (link: <\/span><a style=\"font-family: Helvetica;\" href=\"https:\/\/www.eventbrite.it\/e\/biglietti-blue-revolution-live-streaming-128511253619\">https:\/\/www.eventbrite.it\/e\/biglietti-blue-revolution-live-streaming-128511253619<\/a><span style=\"color: #000000; font-family: Helvetica;\">, oppure Google \u201cblue revolution eventbrite\u201d). <\/span><em><span style=\"color: #000000; font-family: Helvetica;\">\u00abLo spettacolo sviluppa la questione legata all&#8217;uso intensivo della plastica &#8211; osserva l\u2019assessore comunale Pierluigi Dal Borgo &#8211; e di come \u00e8 nata l&#8217;idea pervasiva di usare e gettare un materiale, che oltretutto \u00e8 parecchio durevole. In pi\u00f9, si concentra sulle conseguenze ambientali e apre a soluzioni che forse richiedono un po\u2019 di partecipazione personale e delle comunit\u00e0 locali\u00bb.\u00a0<\/span><\/em><\/p>\n<p>&nbsp;<\/p>\n<blockquote><p>&nbsp;<\/p>\n<blockquote>\n<h3><a href=\"https:\/\/www.radiopiu.net\/wordpress\/giornale-radiopiu-20-novembre-2020-direttore-mirko-mezzacasa\/img-20201118-wa0053\/\" rel=\"attachment wp-att-173777\"><img loading=\"lazy\" decoding=\"async\" class=\" wp-image-173777 alignleft\" src=\"https:\/\/www.radiopiu.net\/wordpress\/wp-content\/uploads\/2020\/11\/IMG-20201118-WA0053-300x251.jpg\" alt=\"\" width=\"131\" height=\"110\" srcset=\"https:\/\/www.radiopiu.net\/wordpress\/wp-content\/uploads\/2020\/11\/IMG-20201118-WA0053-300x251.jpg 300w, https:\/\/www.radiopiu.net\/wordpress\/wp-content\/uploads\/2020\/11\/IMG-20201118-WA0053-1024x858.jpg 1024w, https:\/\/www.radiopiu.net\/wordpress\/wp-content\/uploads\/2020\/11\/IMG-20201118-WA0053-768x644.jpg 768w, https:\/\/www.radiopiu.net\/wordpress\/wp-content\/uploads\/2020\/11\/IMG-20201118-WA0053-1536x1288.jpg 1536w, https:\/\/www.radiopiu.net\/wordpress\/wp-content\/uploads\/2020\/11\/IMG-20201118-WA0053.jpg 1880w\" sizes=\"auto, (max-width: 131px) 100vw, 131px\" \/><\/a>STOP RICOMINCIO DA ME<\/h3>\n<\/blockquote>\n<p><strong>ALPAGO\u00a0<\/strong> Domani alle 20.30 in diretta dalla pagina facebook del Comune di Alpago in occasione della giornata mondiale contro la violenza sulle donne interverranno: Paola Pierobon pittrice e scrittrice di donne, autrice dell&#8217;icona simbolo della serata; Grazia Costa insegnate e attrice di poesie con racconti ed immagini. Moderatrice Laura Funes consigliere comunale alla cultura. In questa occasione i Municipi di Farra, Pieve e Puos saranno illuminati di rosso.<\/p>\n<p>&nbsp;<\/p><\/blockquote>\n<hr \/>\n<p>&nbsp;<\/p>\n<h3>FIBROMIALGIA: CON UN APP ACCANTO E&#8217; PIU&#8217; SEMPLICE<\/h3>\n<p><strong><a href=\"https:\/\/www.radiopiu.net\/wordpress\/fibromialgia-con-un-app-accanto-e-piu-semplice\/immagine-social\/\" rel=\"attachment wp-att-173397\"><img loading=\"lazy\" decoding=\"async\" class=\" wp-image-173397 alignleft\" src=\"https:\/\/www.radiopiu.net\/wordpress\/wp-content\/uploads\/2020\/11\/Immagine-social-300x300.jpg\" alt=\"\" width=\"115\" height=\"115\" srcset=\"https:\/\/www.radiopiu.net\/wordpress\/wp-content\/uploads\/2020\/11\/Immagine-social-300x300.jpg 300w, https:\/\/www.radiopiu.net\/wordpress\/wp-content\/uploads\/2020\/11\/Immagine-social-150x150.jpg 150w, https:\/\/www.radiopiu.net\/wordpress\/wp-content\/uploads\/2020\/11\/Immagine-social-768x768.jpg 768w, https:\/\/www.radiopiu.net\/wordpress\/wp-content\/uploads\/2020\/11\/Immagine-social.jpg 960w\" sizes=\"auto, (max-width: 115px) 100vw, 115px\" \/><\/a><br \/>\n<\/strong><\/p>\n<p><strong>\u00a0<\/strong><\/p>\n<p>&nbsp;<\/p>\n<p><strong>IL PROMO IN ONDA ALLA RADIO\u00a0<\/strong><\/p>\n<audio class=\"wp-audio-shortcode\" id=\"audio-174419-6\" preload=\"none\" style=\"width: 100%;\" controls=\"controls\"><source type=\"audio\/mpeg\" src=\"https:\/\/www.radiopiu.net\/wordpress\/wp-content\/uploads\/2020\/11\/Vocale-FibroMiaApp.mp3?_=6\" \/><a href=\"https:\/\/www.radiopiu.net\/wordpress\/wp-content\/uploads\/2020\/11\/Vocale-FibroMiaApp.mp3\">https:\/\/www.radiopiu.net\/wordpress\/wp-content\/uploads\/2020\/11\/Vocale-FibroMiaApp.mp3<\/a><\/audio>\n<p>&nbsp;<\/p>\n<hr \/>\n<p>&nbsp;<\/p>\n<p>&nbsp;<\/p>\n<blockquote>\n<h3>\u201cRICORDANDO. STORIA E IMMAGINI DEL COMUNE DI SEDICO\u201d CON IBRSC<\/h3>\n<\/blockquote>\n<p><strong>di RENATO BONA<\/strong><\/p>\n<p><strong>SEDICO\u00a0<\/strong> \u00a0Il benemerito Istituto bellunese di ricerche sociali e culturali, presieduto dall\u2019altrettanto benemerito prof. don Sergio Sacco, ha dato alle stampe nel marzo del 1986, con il contributo della Cassa di Risparmio di Verona, Vicenza e Belluno, della Regione e della Comunit\u00e0 montana bellunese, per i tipi della tipografia Piave (in copertina: Villa Rudio a Landris, disegno di Sandra Rossa Argenti) un bellissimo volume intitolato \u201cRicordando. Storia e immagini del Comune di Sedico\u201d, voluto dal Comune e dalla Biblioteca civica. Hanno validamente collaborato alla realizzazione dell\u2019opera (che \u00e8 dedicata allo scomparso assessore alla cultura e alla pubblica istruzione di Sedico, Rodolfo D\u2019Incau) Dolores Cortina e Farzia Taglietti, componenti del Comitato della Biblioteca. Nell\u2019introduzione, l\u2019allora sindaco Sergio De Cian ricordava che \u201cIl libro esce sulla scia del grande successo avuto dalla Mostra fotografica organizzata nel settembre del 1984 dalla Biblioteca\u201d, dopo che \u201cNel gennaio 1984 la Parrocchia di Sedico dava alle stampe gli appunti \u2018Sedico e la sua storia\u2019, ricerche storiche sul nostro paese ad opera della professoressa Laura Bentivoglio da poco tempo scomparsa\u201d. Va detto che in quella circostanza, lo stesso De Cian aveva espresso elogi e ringraziamenti agli autori di quella che era la prima ricerca storica sul Comune di Sedico ed aveva auspicato che quell\u2019iniziativa fosse raccolta da altri e si concretizzasse in ulteriori pubblicazioni. Invito raccolto dalla Biblioteca civica i cui responsabili, sempre per dirla con De Cian, \u201channo creato un fermento culturale di cui il nostro comune per la verit\u00e0 era da anni un po\u2019 carente\u201d. Ma poi si \u00e8 recuperato il tempo perduto anche con la mostra fotografica \u201cle cui immagini sono riprodotte per la massima parte in questo libro, a mio parere sono degli autentici capolavori; assai interessante \u00e8 pure lo studio storico che vi \u00e8 premesso\u201d. Il primo cittadino di Sedico concludeva affermando fra l\u2019altro che. \u201cIl contenuto del volume fa gioire ma d\u00e0 anche malinconia. Fa piacere perch\u00e9 offre scorci di vita ed immagini di tempi passati che sembrano tanto lontani; malinconia perch\u00e9 d\u00e0 certezza che il tempo passa inesorabilmente e su sta invecchiando; fa inoltre ricordare tante persone care che non ci sono pi\u00f9 come Rodolfo D\u2019Incau\u2026 che si prodig\u00f2 per dare alla nostra gente una biblioteca civica di tutto rispetto, e vi riusc\u00ec appieno. Infine un ringraziamento al Comitato della Biblioteca ed al suo presidente Gianni de Vecchi, il quale nella presentazione dell\u2019opera esprimeva a sua volta l\u2019auspicio che \u201ci nostri concittadini, in particolare i pi\u00f9 giovani, apprezzino questo libro e che l\u2019Amministrazione comunale lo metta a disposizione di tutte le scuole del Comune. Particolarmente soddisfatti saremo poi se la nostra fatica potr\u00e0 in qualche modo aiutare gli emigranti a mitigare la nostalgia verso il loro paese\u201d. Riservandoci di tornare, magari per tappe, su questo pregevole lavoro di quasi 350 pagine, in questa sede ci limitiamo a precisare che \u201cRicordando\u201d si articola in questi capitoli: \u201cBreve storia di Sedico\u201d a cura di Carla Conz; \u201cAspetti economici e culturali nel tessuto sociale di Sedico\u201d, du Gianni De Vecchi; \u201cIl fenomeno migratorio a Sedico\u201d, di Egidio Pasuch; \u201cAbiti e vestiario tra \u2018800 e \u2018900\u201d, di Anna Maria Claut; \u201c1561-1984: da 1530 abitanti a\u2026 quasi 8000\u201d, di Baldovino Sponga e Mirta Pasetto; \u201cVecchie immagini\u201d, con una serie di fotografie con relative diciture. E che i ringraziamenti per la collaborazione sono estesi a: Sergio De Cian, Amministrazione comunale di Sedico, Antonio Pagnussat, Enrico De Salvador, Bruno Patt, Biblioteca civica di Belluno, Albertina Padrin, Giuseppe Da Rold, Flavia Colcergnan, Teresa Ossi, Flavio Dal Pont, don Piero Bez, don Luciano Saviane, Livio Mares, Francesco Zoleo, Fortunato Pavei, centro di calcolo dello studio ing. Minella &amp; c.,tutti coloro che hanno messo a disposizione le foto per la riproduzione, le persone che si sono prestate per essere intervistate.<\/p>\n\n\t\t\t<style type='text\/css'>\n\t\t\t\t#gallery-3 {\n\t\t\t\t\tmargin: auto;\n\t\t\t\t}\n\t\t\t\t#gallery-3 .gallery-item {\n\t\t\t\t\tfloat: left;\n\t\t\t\t\tmargin-top: 10px;\n\t\t\t\t\ttext-align: center;\n\t\t\t\t\twidth: 12%;\n\t\t\t\t}\n\t\t\t\t#gallery-3 img {\n\t\t\t\t\tborder: 2px solid #cfcfcf;\n\t\t\t\t}\n\t\t\t\t#gallery-3 .gallery-caption {\n\t\t\t\t\tmargin-left: 0;\n\t\t\t\t}\n\t\t\t\t\/* see gallery_shortcode() in wp-includes\/media.php *\/\n\t\t\t<\/style>\n\t\t<div id='gallery-3' class='dt-gallery-container gallery galleryid-174419 gallery-columns-8 gallery-size-thumbnail'><dl class='gallery-item'>\n\t\t\t\t<dt class='gallery-icon portrait'>\n\t\t\t\t\t<a class=\"rollover rollover-zoom dt-pswp-item\" title=\"127218438_195964635440066_953448490130044536_n\" data-dt-img-description=\"\" data-large_image_width=\"1898\" data-large_image_height=\"2048\"href='https:\/\/www.radiopiu.net\/wordpress\/wp-content\/uploads\/2020\/11\/127218438_195964635440066_953448490130044536_n.jpg'><img loading=\"lazy\" decoding=\"async\" width=\"150\" height=\"150\" src=\"https:\/\/www.radiopiu.net\/wordpress\/wp-content\/uploads\/2020\/11\/127218438_195964635440066_953448490130044536_n-150x150.jpg\" class=\"attachment-thumbnail size-thumbnail\" alt=\"\" \/><\/a>\n\t\t\t\t<\/dt><\/dl><dl class='gallery-item'>\n\t\t\t\t<dt class='gallery-icon landscape'>\n\t\t\t\t\t<a class=\"rollover rollover-zoom dt-pswp-item\" title=\"127501209_672342376979872_4056023190276560128_n\" data-dt-img-description=\"\" data-large_image_width=\"2048\" data-large_image_height=\"1262\"href='https:\/\/www.radiopiu.net\/wordpress\/wp-content\/uploads\/2020\/11\/127501209_672342376979872_4056023190276560128_n.jpg'><img loading=\"lazy\" decoding=\"async\" width=\"150\" height=\"150\" src=\"https:\/\/www.radiopiu.net\/wordpress\/wp-content\/uploads\/2020\/11\/127501209_672342376979872_4056023190276560128_n-150x150.jpg\" class=\"attachment-thumbnail size-thumbnail\" alt=\"\" \/><\/a>\n\t\t\t\t<\/dt><\/dl><dl class='gallery-item'>\n\t\t\t\t<dt class='gallery-icon landscape'>\n\t\t\t\t\t<a class=\"rollover rollover-zoom dt-pswp-item\" title=\"127089655_1021608908322915_8445798218056584937_n\" data-dt-img-description=\"\" data-large_image_width=\"2048\" data-large_image_height=\"1256\"href='https:\/\/www.radiopiu.net\/wordpress\/wp-content\/uploads\/2020\/11\/127089655_1021608908322915_8445798218056584937_n.jpg'><img loading=\"lazy\" decoding=\"async\" width=\"150\" height=\"150\" src=\"https:\/\/www.radiopiu.net\/wordpress\/wp-content\/uploads\/2020\/11\/127089655_1021608908322915_8445798218056584937_n-150x150.jpg\" class=\"attachment-thumbnail size-thumbnail\" alt=\"\" \/><\/a>\n\t\t\t\t<\/dt><\/dl><dl class='gallery-item'>\n\t\t\t\t<dt class='gallery-icon landscape'>\n\t\t\t\t\t<a class=\"rollover rollover-zoom dt-pswp-item\" title=\"126926156_383681329613852_2879769794118210794_n\" data-dt-img-description=\"\" data-large_image_width=\"2048\" data-large_image_height=\"1286\"href='https:\/\/www.radiopiu.net\/wordpress\/wp-content\/uploads\/2020\/11\/126926156_383681329613852_2879769794118210794_n.jpg'><img loading=\"lazy\" decoding=\"async\" width=\"150\" height=\"150\" src=\"https:\/\/www.radiopiu.net\/wordpress\/wp-content\/uploads\/2020\/11\/126926156_383681329613852_2879769794118210794_n-150x150.jpg\" class=\"attachment-thumbnail size-thumbnail\" alt=\"\" \/><\/a>\n\t\t\t\t<\/dt><\/dl><dl class='gallery-item'>\n\t\t\t\t<dt class='gallery-icon landscape'>\n\t\t\t\t\t<a class=\"rollover rollover-zoom dt-pswp-item\" title=\"127089698_697222284256172_8341104218886967997_n\" data-dt-img-description=\"\" data-large_image_width=\"2048\" data-large_image_height=\"1230\"href='https:\/\/www.radiopiu.net\/wordpress\/wp-content\/uploads\/2020\/11\/127089698_697222284256172_8341104218886967997_n.jpg'><img loading=\"lazy\" decoding=\"async\" width=\"150\" height=\"150\" src=\"https:\/\/www.radiopiu.net\/wordpress\/wp-content\/uploads\/2020\/11\/127089698_697222284256172_8341104218886967997_n-150x150.jpg\" class=\"attachment-thumbnail size-thumbnail\" alt=\"\" \/><\/a>\n\t\t\t\t<\/dt><\/dl><dl class='gallery-item'>\n\t\t\t\t<dt class='gallery-icon landscape'>\n\t\t\t\t\t<a class=\"rollover rollover-zoom dt-pswp-item\" title=\"127080923_2735114753371311_6318290519675548343_n\" data-dt-img-description=\"\" data-large_image_width=\"2048\" data-large_image_height=\"1666\"href='https:\/\/www.radiopiu.net\/wordpress\/wp-content\/uploads\/2020\/11\/127080923_2735114753371311_6318290519675548343_n.jpg'><img loading=\"lazy\" decoding=\"async\" width=\"150\" height=\"150\" src=\"https:\/\/www.radiopiu.net\/wordpress\/wp-content\/uploads\/2020\/11\/127080923_2735114753371311_6318290519675548343_n-150x150.jpg\" class=\"attachment-thumbnail size-thumbnail\" alt=\"\" \/><\/a>\n\t\t\t\t<\/dt><\/dl><dl class='gallery-item'>\n\t\t\t\t<dt class='gallery-icon landscape'>\n\t\t\t\t\t<a class=\"rollover rollover-zoom dt-pswp-item\" title=\"126956977_155826309560419_2595517291310184053_n\" data-dt-img-description=\"\" data-large_image_width=\"2048\" data-large_image_height=\"1439\"href='https:\/\/www.radiopiu.net\/wordpress\/wp-content\/uploads\/2020\/11\/126956977_155826309560419_2595517291310184053_n.jpg'><img loading=\"lazy\" decoding=\"async\" width=\"150\" height=\"150\" src=\"https:\/\/www.radiopiu.net\/wordpress\/wp-content\/uploads\/2020\/11\/126956977_155826309560419_2595517291310184053_n-150x150.jpg\" class=\"attachment-thumbnail size-thumbnail\" alt=\"\" \/><\/a>\n\t\t\t\t<\/dt><\/dl><dl class='gallery-item'>\n\t\t\t\t<dt class='gallery-icon landscape'>\n\t\t\t\t\t<a class=\"rollover rollover-zoom dt-pswp-item\" title=\"126896553_729547847914375_2531272255913020868_n\" data-dt-img-description=\"\" data-large_image_width=\"2048\" data-large_image_height=\"1512\"href='https:\/\/www.radiopiu.net\/wordpress\/wp-content\/uploads\/2020\/11\/126896553_729547847914375_2531272255913020868_n.jpg'><img loading=\"lazy\" decoding=\"async\" width=\"150\" height=\"150\" src=\"https:\/\/www.radiopiu.net\/wordpress\/wp-content\/uploads\/2020\/11\/126896553_729547847914375_2531272255913020868_n-150x150.jpg\" class=\"attachment-thumbnail size-thumbnail\" alt=\"\" \/><\/a>\n\t\t\t\t<\/dt><\/dl><br style=\"clear: both\" \/><dl class='gallery-item'>\n\t\t\t\t<dt class='gallery-icon landscape'>\n\t\t\t\t\t<a class=\"rollover rollover-zoom dt-pswp-item\" title=\"127243804_2763508260636008_1620363061588265620_n\" data-dt-img-description=\"\" data-large_image_width=\"2048\" data-large_image_height=\"1409\"href='https:\/\/www.radiopiu.net\/wordpress\/wp-content\/uploads\/2020\/11\/127243804_2763508260636008_1620363061588265620_n.jpg'><img loading=\"lazy\" decoding=\"async\" width=\"150\" height=\"150\" src=\"https:\/\/www.radiopiu.net\/wordpress\/wp-content\/uploads\/2020\/11\/127243804_2763508260636008_1620363061588265620_n-150x150.jpg\" class=\"attachment-thumbnail size-thumbnail\" alt=\"\" \/><\/a>\n\t\t\t\t<\/dt><\/dl><dl class='gallery-item'>\n\t\t\t\t<dt class='gallery-icon landscape'>\n\t\t\t\t\t<a class=\"rollover rollover-zoom dt-pswp-item\" title=\"126848341_2802653170023675_2436360759365703906_n\" data-dt-img-description=\"\" data-large_image_width=\"2048\" data-large_image_height=\"1229\"href='https:\/\/www.radiopiu.net\/wordpress\/wp-content\/uploads\/2020\/11\/126848341_2802653170023675_2436360759365703906_n.jpg'><img loading=\"lazy\" decoding=\"async\" width=\"150\" height=\"150\" src=\"https:\/\/www.radiopiu.net\/wordpress\/wp-content\/uploads\/2020\/11\/126848341_2802653170023675_2436360759365703906_n-150x150.jpg\" class=\"attachment-thumbnail size-thumbnail\" alt=\"\" \/><\/a>\n\t\t\t\t<\/dt><\/dl><dl class='gallery-item'>\n\t\t\t\t<dt class='gallery-icon landscape'>\n\t\t\t\t\t<a class=\"rollover rollover-zoom dt-pswp-item\" title=\"126861845_1025758814514250_9195867715457177391_n\" data-dt-img-description=\"\" data-large_image_width=\"2048\" data-large_image_height=\"1489\"href='https:\/\/www.radiopiu.net\/wordpress\/wp-content\/uploads\/2020\/11\/126861845_1025758814514250_9195867715457177391_n.jpg'><img loading=\"lazy\" decoding=\"async\" width=\"150\" height=\"150\" src=\"https:\/\/www.radiopiu.net\/wordpress\/wp-content\/uploads\/2020\/11\/126861845_1025758814514250_9195867715457177391_n-150x150.jpg\" class=\"attachment-thumbnail size-thumbnail\" alt=\"\" \/><\/a>\n\t\t\t\t<\/dt><\/dl><dl class='gallery-item'>\n\t\t\t\t<dt class='gallery-icon landscape'>\n\t\t\t\t\t<a class=\"rollover rollover-zoom dt-pswp-item\" title=\"127186552_1000572250465743_6518655552163807460_n\" data-dt-img-description=\"\" data-large_image_width=\"2048\" data-large_image_height=\"1743\"href='https:\/\/www.radiopiu.net\/wordpress\/wp-content\/uploads\/2020\/11\/127186552_1000572250465743_6518655552163807460_n.jpg'><img loading=\"lazy\" decoding=\"async\" width=\"150\" height=\"150\" src=\"https:\/\/www.radiopiu.net\/wordpress\/wp-content\/uploads\/2020\/11\/127186552_1000572250465743_6518655552163807460_n-150x150.jpg\" class=\"attachment-thumbnail size-thumbnail\" alt=\"\" \/><\/a>\n\t\t\t\t<\/dt><\/dl><dl class='gallery-item'>\n\t\t\t\t<dt class='gallery-icon landscape'>\n\t\t\t\t\t<a class=\"rollover rollover-zoom dt-pswp-item\" title=\"126808900_676876783017433_4806601769312178304_n\" data-dt-img-description=\"\" data-large_image_width=\"2048\" data-large_image_height=\"1578\"href='https:\/\/www.radiopiu.net\/wordpress\/wp-content\/uploads\/2020\/11\/126808900_676876783017433_4806601769312178304_n.jpg'><img loading=\"lazy\" decoding=\"async\" width=\"150\" height=\"150\" src=\"https:\/\/www.radiopiu.net\/wordpress\/wp-content\/uploads\/2020\/11\/126808900_676876783017433_4806601769312178304_n-150x150.jpg\" class=\"attachment-thumbnail size-thumbnail\" alt=\"\" \/><\/a>\n\t\t\t\t<\/dt><\/dl><dl class='gallery-item'>\n\t\t\t\t<dt class='gallery-icon portrait'>\n\t\t\t\t\t<a class=\"rollover rollover-zoom dt-pswp-item\" title=\"127049426_836125450534394_3912645542243221193_n\" data-dt-img-description=\"\" data-large_image_width=\"1409\" data-large_image_height=\"2048\"href='https:\/\/www.radiopiu.net\/wordpress\/wp-content\/uploads\/2020\/11\/127049426_836125450534394_3912645542243221193_n.jpg'><img loading=\"lazy\" decoding=\"async\" width=\"150\" height=\"150\" src=\"https:\/\/www.radiopiu.net\/wordpress\/wp-content\/uploads\/2020\/11\/127049426_836125450534394_3912645542243221193_n-150x150.jpg\" class=\"attachment-thumbnail size-thumbnail\" alt=\"\" \/><\/a>\n\t\t\t\t<\/dt><\/dl><dl class='gallery-item'>\n\t\t\t\t<dt class='gallery-icon landscape'>\n\t\t\t\t\t<a class=\"rollover rollover-zoom dt-pswp-item\" title=\"126869495_284235386355841_272671385867506569_n\" data-dt-img-description=\"\" data-large_image_width=\"2048\" data-large_image_height=\"1491\"href='https:\/\/www.radiopiu.net\/wordpress\/wp-content\/uploads\/2020\/11\/126869495_284235386355841_272671385867506569_n.jpg'><img loading=\"lazy\" decoding=\"async\" width=\"150\" height=\"150\" src=\"https:\/\/www.radiopiu.net\/wordpress\/wp-content\/uploads\/2020\/11\/126869495_284235386355841_272671385867506569_n-150x150.jpg\" class=\"attachment-thumbnail size-thumbnail\" alt=\"\" \/><\/a>\n\t\t\t\t<\/dt><\/dl><dl class='gallery-item'>\n\t\t\t\t<dt class='gallery-icon landscape'>\n\t\t\t\t\t<a class=\"rollover rollover-zoom dt-pswp-item\" title=\"126816862_406025087426075_3859635126311702497_n\" data-dt-img-description=\"\" data-large_image_width=\"2048\" data-large_image_height=\"1197\"href='https:\/\/www.radiopiu.net\/wordpress\/wp-content\/uploads\/2020\/11\/126816862_406025087426075_3859635126311702497_n.jpg'><img loading=\"lazy\" decoding=\"async\" width=\"150\" height=\"150\" src=\"https:\/\/www.radiopiu.net\/wordpress\/wp-content\/uploads\/2020\/11\/126816862_406025087426075_3859635126311702497_n-150x150.jpg\" class=\"attachment-thumbnail size-thumbnail\" alt=\"\" \/><\/a>\n\t\t\t\t<\/dt><\/dl><br style=\"clear: both\" \/>\n\t\t\t<\/div>\n\n<p>&nbsp;<\/p>\n<p>NELLE FOTO (riproduzioni dal libro \u201cRicordando dell\u2019Ibrsc): la copertina del volume; la Societ\u00e0 Operaia di Sedico subito dopo la guerra 1915-18, in gita con una delle prime corriere della ditta Buzzatti di Bribano; piazza di Sedico; Palazzo De Bertoldi a Libano (appartenente probabilmente alla famiglia dei Liban ricordata nei \u201crotoli\u201d del Consiglio dei Nobili di Belluno nel 1378), l\u2019edificio \u00e8 stato acquistato dal Comune ed \u00e8 in via di restauro; vecchie case di Barp demolite per lasciar posto alla strada; la chiesa parrocchiale di Sedico, vecchia di oltre 200 anni, venne demolita nel 1955; mons. Luigi Fiori ed il fratello mons. Angelo, maestranze e operai posano per la foto ricordo del colmo della nuova chiesa di Sedico; immagine del 1954: il paese si \u00e8 sviluppato a macchia d\u2019olio nel centro e a nastro lungo le principali via di comunicazione; Mas di Sedico; ponte ferroviario e stradale sul Cordevole dopo Bribano: fu distrutto dagli austriaci il 31 ottobre 1918; ponte di San Felice costruito dove anticamente esisteva un traghetto; una vecchia immagine con il panorama di Bribano; Villa Patt: la Societ\u00e0 Grandi Alberghi la adib\u00ec a Grand Hotel nel periodo 1905-1920; ponte di corde sul Cordevole; si viaggiava anche\u2026 cos\u00ec; reduci bribanesi della guerra italo-turca del 1911-12.<\/p>\n<p align=\"JUSTIFY\"><span style=\"font-family: Calibri, serif;\">\u00a0<\/span><\/p>\n<p align=\"JUSTIFY\"><span style=\"font-family: Calibri, serif;\">\u00a0<\/span><\/p>\n<p align=\"JUSTIFY\"><span style=\"font-family: Calibri, serif;\">\u00a0<\/span><\/p>\n<hr \/>\n<div class=\"im_message_wrap clearfix\">\n<div class=\"im_content_message_wrap im_message_out\">\n<p>&nbsp;<\/p>\n<h2><span style=\"color: #ff0000;\">IERI ALLA RADIO\u00a0 IN VIVO VERSO 2020-21<\/span><\/h2>\n<p><strong><span style=\"color: #0000ff;\">IN ONDA DAL LUNEDI AL VENERDI ALLE 7.10, 10.10, 18.50\u00a0<\/span><\/strong><\/p>\n<blockquote class=\"wp-embedded-content\" data-secret=\"xa9dE1k82N\"><p><a href=\"https:\/\/www.radiopiu.net\/wordpress\/senza-paura-di-cinzia-tanzini\/\">SENZA PAURA di CINZIA TANZINI<\/a><\/p><\/blockquote>\n<p><iframe loading=\"lazy\" class=\"wp-embedded-content\" sandbox=\"allow-scripts\" security=\"restricted\" style=\"position: absolute; clip: rect(1px, 1px, 1px, 1px);\" title=\"&#8220;SENZA PAURA di CINZIA TANZINI&#8221; &#8212; Radio Pi\u00f9\" src=\"https:\/\/www.radiopiu.net\/wordpress\/senza-paura-di-cinzia-tanzini\/embed\/#?secret=xa9dE1k82N\" data-secret=\"xa9dE1k82N\" width=\"600\" height=\"338\" frameborder=\"0\" marginwidth=\"0\" marginheight=\"0\" scrolling=\"no\"><\/iframe><\/p>\n<\/div>\n<\/div>\n<h1><strong><span style=\"font-family: Verdana, sans-serif;\"><span style=\"font-size: medium;\">LA RACCOLTA COMPLETA, TUTTE LE COLLEZIONI<\/span><\/span><\/strong><\/h1>\n<blockquote class=\"wp-embedded-content\" data-secret=\"0Kxyi1iJ5v\"><p><a href=\"https:\/\/www.radiopiu.net\/wordpress\/in-vivo-verso\/\">In Vivo Verso<\/a><\/p><\/blockquote>\n<p><iframe loading=\"lazy\" class=\"wp-embedded-content\" sandbox=\"allow-scripts\" security=\"restricted\" style=\"position: absolute; clip: rect(1px, 1px, 1px, 1px);\" title=\"&#8220;In Vivo Verso&#8221; &#8212; Radio Pi\u00f9\" src=\"https:\/\/www.radiopiu.net\/wordpress\/in-vivo-verso\/embed\/#?secret=0Kxyi1iJ5v\" data-secret=\"0Kxyi1iJ5v\" width=\"600\" height=\"338\" frameborder=\"0\" marginwidth=\"0\" marginheight=\"0\" scrolling=\"no\"><\/iframe><\/p>\n<hr \/>\n<p>&nbsp;<\/p>\n<h2>007 IN CONDOTTA CON LA PROF. MARIA ROSA SALMAZO IL LUNEDI ALLE 10,30 E ALLE 19.00 LA DOMENICA ALLE 8 DEL MATTINO. NONA STAGIONE<\/h2>\n<h2>LA RACCOLTA COMPLETA<\/h2>\n<blockquote class=\"wp-embedded-content\" data-secret=\"DMNf3lt4dC\"><p><a href=\"https:\/\/www.radiopiu.net\/wordpress\/007incondotta-9\/\">007 in condotta<\/a><\/p><\/blockquote>\n<p><iframe loading=\"lazy\" class=\"wp-embedded-content\" sandbox=\"allow-scripts\" security=\"restricted\" style=\"position: absolute; clip: rect(1px, 1px, 1px, 1px);\" title=\"&#8220;007 in condotta&#8221; &#8212; Radio Pi\u00f9\" src=\"https:\/\/www.radiopiu.net\/wordpress\/007incondotta-9\/embed\/#?secret=DMNf3lt4dC\" data-secret=\"DMNf3lt4dC\" width=\"600\" height=\"338\" frameborder=\"0\" marginwidth=\"0\" marginheight=\"0\" scrolling=\"no\"><\/iframe><\/p>\n<p>&nbsp;<\/p>\n<hr \/>\n<p>&nbsp;<\/p>\n<blockquote>\n<h2>SALUTE E SOCIETA&#8217; IL LUNEDI ALLE 13.10 E ALLE 20.10, LA DOMENICA ALLE 10.30 A CURA DEL DOTTOR MARCO CARACCIOLO. QUINTA STAGIONE<\/h2>\n<\/blockquote>\n<blockquote class=\"wp-embedded-content\" data-secret=\"Nu7OLBZlWJ\"><p><a href=\"https:\/\/www.radiopiu.net\/wordpress\/le-terapie-car-t\/\">Le Terapie CAR-T<\/a><\/p><\/blockquote>\n<p><iframe loading=\"lazy\" class=\"wp-embedded-content\" sandbox=\"allow-scripts\" security=\"restricted\" style=\"position: absolute; clip: rect(1px, 1px, 1px, 1px);\" title=\"&#8220;Le Terapie CAR-T&#8221; &#8212; Radio Pi\u00f9\" src=\"https:\/\/www.radiopiu.net\/wordpress\/le-terapie-car-t\/embed\/#?secret=Nu7OLBZlWJ\" data-secret=\"Nu7OLBZlWJ\" width=\"600\" height=\"338\" frameborder=\"0\" marginwidth=\"0\" marginheight=\"0\" scrolling=\"no\"><\/iframe><\/p>\n<h3>LA RACCOLTA COMPLETA<\/h3>\n<blockquote class=\"wp-embedded-content\" data-secret=\"SHaDvPfleG\"><p><a href=\"https:\/\/www.radiopiu.net\/wordpress\/saluteesocieta\/\">Salute e Societ\u00e0<\/a><\/p><\/blockquote>\n<p><iframe loading=\"lazy\" class=\"wp-embedded-content\" sandbox=\"allow-scripts\" security=\"restricted\" style=\"position: absolute; clip: rect(1px, 1px, 1px, 1px);\" title=\"&#8220;Salute e Societ\u00e0&#8221; &#8212; Radio Pi\u00f9\" src=\"https:\/\/www.radiopiu.net\/wordpress\/saluteesocieta\/embed\/#?secret=SHaDvPfleG\" data-secret=\"SHaDvPfleG\" width=\"600\" height=\"338\" frameborder=\"0\" marginwidth=\"0\" marginheight=\"0\" scrolling=\"no\"><\/iframe><\/p>\n<hr \/>\n<blockquote>\n<h2><\/h2>\n<h2>FANTASTICHE DOLOMITI, NUOVA STAGIONE. APPUNTAMENTO QUINDICINALE IL GIOVEDI ALLE 10.30 E 1900<\/h2>\n<\/blockquote>\n<h1>LA RACCOLTA COMPLETA<\/h1>\n<blockquote class=\"wp-embedded-content\" data-secret=\"MH956NnbmX\"><p><a href=\"https:\/\/www.radiopiu.net\/wordpress\/https-wp-me-p63lo7-gyg\/\">FANTASTICHE DOLOMITI: IL QUINDICINALE APPUNTAMENTO ALLA RADIO<\/a><\/p><\/blockquote>\n<p><iframe loading=\"lazy\" class=\"wp-embedded-content\" sandbox=\"allow-scripts\" security=\"restricted\" style=\"position: absolute; clip: rect(1px, 1px, 1px, 1px);\" title=\"&#8220;FANTASTICHE DOLOMITI: IL QUINDICINALE APPUNTAMENTO ALLA RADIO&#8221; &#8212; Radio Pi\u00f9\" src=\"https:\/\/www.radiopiu.net\/wordpress\/https-wp-me-p63lo7-gyg\/embed\/#?secret=MH956NnbmX\" data-secret=\"MH956NnbmX\" width=\"600\" height=\"338\" frameborder=\"0\" marginwidth=\"0\" marginheight=\"0\" scrolling=\"no\"><\/iframe><\/p>\n<div class=\"mw-parser-output\">\n<p>&nbsp;<\/p>\n<\/div>\n<p>&nbsp;<\/p>\n<hr \/>\n<p>&nbsp;<\/p>\n<p>&nbsp;<\/p>\n<h2><span style=\"color: #808000;\">DUE MINUTI UN LIBRO\u00a0 TUTTI I GIORNI ALLA RADIO ALLE 9.30 E ALLE 18. QUINTA STAGIONE \u00a0<\/span><\/h2>\n<blockquote class=\"wp-embedded-content\" data-secret=\"EwHiZ5YjJk\"><p><a href=\"https:\/\/www.radiopiu.net\/wordpress\/storia-di-un-cane-e-delluomo-a-cui-ha-cambiato-la-vita\/\">STORIA DI UN CANE E DELL&#8217;UOMO A CUI HA CAMBIATO LA VITA<\/a><\/p><\/blockquote>\n<p><iframe loading=\"lazy\" class=\"wp-embedded-content\" sandbox=\"allow-scripts\" security=\"restricted\" style=\"position: absolute; clip: rect(1px, 1px, 1px, 1px);\" title=\"&#8220;STORIA DI UN CANE E DELL&#8217;UOMO A CUI HA CAMBIATO LA VITA&#8221; &#8212; Radio Pi\u00f9\" src=\"https:\/\/www.radiopiu.net\/wordpress\/storia-di-un-cane-e-delluomo-a-cui-ha-cambiato-la-vita\/embed\/#?secret=EwHiZ5YjJk\" data-secret=\"EwHiZ5YjJk\" width=\"600\" height=\"338\" frameborder=\"0\" marginwidth=\"0\" marginheight=\"0\" scrolling=\"no\"><\/iframe><\/p>\n<h2>LA RACCOLTA COMPLETA<\/h2>\n<blockquote class=\"wp-embedded-content\" data-secret=\"JG9nJLYDTW\"><p><a href=\"https:\/\/www.radiopiu.net\/wordpress\/due-minuti-un-libro\/\">Due minuti un libro<\/a><\/p><\/blockquote>\n<p><iframe loading=\"lazy\" class=\"wp-embedded-content\" sandbox=\"allow-scripts\" security=\"restricted\" style=\"position: absolute; clip: rect(1px, 1px, 1px, 1px);\" title=\"&#8220;Due minuti un libro&#8221; &#8212; Radio Pi\u00f9\" src=\"https:\/\/www.radiopiu.net\/wordpress\/due-minuti-un-libro\/embed\/#?secret=JG9nJLYDTW\" data-secret=\"JG9nJLYDTW\" width=\"600\" height=\"338\" frameborder=\"0\" marginwidth=\"0\" marginheight=\"0\" scrolling=\"no\"><\/iframe><\/p>\n<p>&nbsp;<\/p>\n<hr \/>\n<p>&nbsp;<\/p>\n<blockquote>\n<h2>CASSA SOLIDARIET\u00c0 LUXOTTICA &#8211; PUNTATA DEL 20 NOVEMBRE 2020<\/h2>\n<h2>RACCOLTA COMPLETA<\/h2>\n<\/blockquote>\n<blockquote class=\"wp-embedded-content\" data-secret=\"sLBxNQnZRl\"><p><a href=\"https:\/\/www.radiopiu.net\/wordpress\/cassa-solidarieta-luxottica-puntata-del-16-ottobre-2020\/\">CASSA SOLIDARIET\u00c0 LUXOTTICA &#8211; PUNTATA DEL 20 NOVEMBRE 2020<\/a><\/p><\/blockquote>\n<p><iframe loading=\"lazy\" class=\"wp-embedded-content\" sandbox=\"allow-scripts\" security=\"restricted\" style=\"position: absolute; clip: rect(1px, 1px, 1px, 1px);\" title=\"&#8220;CASSA SOLIDARIET\u00c0 LUXOTTICA &#8211; PUNTATA DEL 20 NOVEMBRE 2020&#8221; &#8212; Radio Pi\u00f9\" src=\"https:\/\/www.radiopiu.net\/wordpress\/cassa-solidarieta-luxottica-puntata-del-16-ottobre-2020\/embed\/#?secret=sLBxNQnZRl\" data-secret=\"sLBxNQnZRl\" width=\"600\" height=\"338\" frameborder=\"0\" marginwidth=\"0\" marginheight=\"0\" scrolling=\"no\"><\/iframe><\/p>\n<p>&nbsp;<\/p>\n<p>&nbsp;<\/p>\n<hr \/>\n<p>&nbsp;<\/p>\n<p>&nbsp;<\/p>\n<blockquote>\n<h2><a href=\"https:\/\/www.radiopiu.net\/wordpress\/speciale-solidarieta-veneto\/solidarieta-veneto-3\/\" rel=\"attachment wp-att-134366\"><img loading=\"lazy\" decoding=\"async\" class=\"wp-image-134366 alignleft\" src=\"https:\/\/www.radiopiu.net\/wordpress\/wp-content\/uploads\/2020\/05\/solidariet\u00e0-veneto-300x210.jpg\" alt=\"\" width=\"179\" height=\"125\" srcset=\"https:\/\/www.radiopiu.net\/wordpress\/wp-content\/uploads\/2020\/05\/solidariet\u00e0-veneto-300x210.jpg 300w, https:\/\/www.radiopiu.net\/wordpress\/wp-content\/uploads\/2020\/05\/solidariet\u00e0-veneto-1024x717.jpg 1024w, https:\/\/www.radiopiu.net\/wordpress\/wp-content\/uploads\/2020\/05\/solidariet\u00e0-veneto-768x538.jpg 768w, https:\/\/www.radiopiu.net\/wordpress\/wp-content\/uploads\/2020\/05\/solidariet\u00e0-veneto.jpg 1373w\" sizes=\"auto, (max-width: 179px) 100vw, 179px\" \/><\/a>SOLIDARIETA&#8217; VENETO FONDO PENSIONE, IN ONDA IL PRIMO VENERDI DEL MESE ALLE 10.30 E ALLE 19.00 QUINTA STAGIONE<\/h2>\n<h2>RACCOLTA COMPLETA<\/h2>\n<\/blockquote>\n<blockquote class=\"wp-embedded-content\" data-secret=\"LnywRgBZo1\"><p><a href=\"https:\/\/www.radiopiu.net\/wordpress\/solidarieta-veneto\/\">Solidariet\u00e0 Veneto<\/a><\/p><\/blockquote>\n<p><iframe loading=\"lazy\" class=\"wp-embedded-content\" sandbox=\"allow-scripts\" security=\"restricted\" style=\"position: absolute; clip: rect(1px, 1px, 1px, 1px);\" title=\"&#8220;Solidariet\u00e0 Veneto&#8221; &#8212; Radio Pi\u00f9\" src=\"https:\/\/www.radiopiu.net\/wordpress\/solidarieta-veneto\/embed\/#?secret=LnywRgBZo1\" data-secret=\"LnywRgBZo1\" width=\"600\" height=\"338\" frameborder=\"0\" marginwidth=\"0\" marginheight=\"0\" scrolling=\"no\"><\/iframe><\/p>\n<p>&nbsp;<\/p>\n<p>&nbsp;<\/p>\n<div>\n<p>&nbsp;<\/p>\n<hr \/>\n<p>&nbsp;<\/p>\n<div>\n<h2><span style=\"color: #33cccc;\">I RACCONTI DI PAOLO SOPPELSA il lunedi alle 9.30 e 18.30<\/span><\/h2>\n<h2><span style=\"color: #33cccc;\"><strong>RACCOLTA COMPLETA<\/strong><\/span><\/h2>\n<p><strong>POMERIGGIO DI NOVEMBRE<\/strong><\/p>\n<p><em><strong>AUDIO<\/strong><\/em><\/p>\n<audio class=\"wp-audio-shortcode\" id=\"audio-174419-7\" preload=\"none\" style=\"width: 100%;\" controls=\"controls\"><source type=\"audio\/mpeg\" src=\"https:\/\/www.radiopiu.net\/wordpress\/wp-content\/uploads\/2020\/11\/PAOLO-SOPPELSA-POMERIGGIO-DI-NOVEMBRE.mp3?_=7\" \/><a href=\"https:\/\/www.radiopiu.net\/wordpress\/wp-content\/uploads\/2020\/11\/PAOLO-SOPPELSA-POMERIGGIO-DI-NOVEMBRE.mp3\">https:\/\/www.radiopiu.net\/wordpress\/wp-content\/uploads\/2020\/11\/PAOLO-SOPPELSA-POMERIGGIO-DI-NOVEMBRE.mp3<\/a><\/audio>\n<p>&nbsp;<\/p>\n<p><a href=\"https:\/\/www.radiopiu.net\/wordpress\/i-racconti-di-paolo-soppelsa-cinquantesima-puntata\/6e0d21c9-1202-4da5-b164-98542b718ae8\/\" rel=\"attachment wp-att-174373\"><img loading=\"lazy\" decoding=\"async\" class=\"size-medium wp-image-174373 alignleft\" src=\"https:\/\/www.radiopiu.net\/wordpress\/wp-content\/uploads\/2020\/11\/6e0d21c9-1202-4da5-b164-98542b718ae8-300x225.jpg\" alt=\"\" width=\"300\" height=\"225\" srcset=\"https:\/\/www.radiopiu.net\/wordpress\/wp-content\/uploads\/2020\/11\/6e0d21c9-1202-4da5-b164-98542b718ae8-300x225.jpg 300w, https:\/\/www.radiopiu.net\/wordpress\/wp-content\/uploads\/2020\/11\/6e0d21c9-1202-4da5-b164-98542b718ae8-1024x768.jpg 1024w, https:\/\/www.radiopiu.net\/wordpress\/wp-content\/uploads\/2020\/11\/6e0d21c9-1202-4da5-b164-98542b718ae8-768x576.jpg 768w, https:\/\/www.radiopiu.net\/wordpress\/wp-content\/uploads\/2020\/11\/6e0d21c9-1202-4da5-b164-98542b718ae8.jpg 1080w\" sizes=\"auto, (max-width: 300px) 100vw, 300px\" \/><\/a>Un&#8217;atmosfera di novembre inoltrato, grigia e pesante, accompagnava i miei passi verso la stazione di Belluno. Caprile-Agordo-Falcade, cos\u00ec recitava la tabella posta alla base del parabrezza dell&#8217; Iveco 370 blu che mi attendeva nella piazzola, circondata da neve ghiacciata sporca di fango e gasolio. La porta anteriore era aperta e salii per attendere la partenza al caldo. L&#8217;autista aveva la divisa blu con la cravatta viola, i baffi neri ed un&#8217;aria assorta, quasi assente. Nemmeno mi guard\u00f2 quando obliterai il biglietto e mi sedetti nel primo posto quasi accanto a lui. Nel frattempo arrivarono alla spicciolata tre o quattro persone che si sedettero a met\u00e0 della corriera e si misero a parlare a bassa voce. La stazione aveva un&#8217;aria stanca, qualcuno si dirigeva verso il centro e l&#8217;autista sembrava fissare il vuoto. Poi riemerse di colpo da chiss\u00e0 quali pensieri, guard\u00f2 l&#8217;orologio e gir\u00f2 la chiave. La corriera prese vita con un leggero scossone, si chiusero le porte e partimmo dal piazzale incrostato di neve nera. Lungo il rettilineo di Mares si potevano vedere solo le prime file di case a fianco della strada. Il resto era nebbia e parole a bassa voce provenienti dai posti a met\u00e0 corriera. L&#8217;autista era ritornato nel suo mondo di imperscrutabili pensieri, aveva acceso i fari ed il cruscotto si era illuminato di una malinconica luce verdolina. Guidava sicuro l&#8217;enigmatico autista, veloce quasi come pap\u00e0 lungo le curve dei Casoni. Al Mas ci fermammo nei pressi del ponte ma nessuno attendeva la corriera per Falcade. Ripartimmo subito ed in breve ci inoltrammo fra le montagne coperte di nuvole grigie. C&#8217;era neve sporca a bordo strada e bianca sui prati di Candaten. Superato il ponte del Torner il pomeriggio si fece quasi sera, la luce verdolina del cruscotto era ancora pi\u00f9 malinconica ed ora i fari illuminavano per davvero l&#8217;asfalto della Riva dei Castei. Poco prima della Cantoniera l&#8217;autista riemerse un&#8217;altra volta dai suoi pensieri e lo sguardo si fece attento. Uno scalare di marcia, una lunga frenata e due curve sbracciando sul volante con maestria. L&#8217;imponente ponte era superato e riprendemmo velocit\u00e0 accelerando decisi quasi come pap\u00e0 al volante della Ritmo grigia come le nuvole di novembre. Stazione di Agordo, poi Taibon San Cipriano e s\u00f9 verso Listolade e Cencenighe. La corriera accost\u00f2 di fianco all&#8217;albergo Stella, scesi che era quasi buio e sicuramente avevo sbagliato qualcosa, ovvero la coincidenza con la corriera per San Tomaso. Che chiss\u00e0 quando sarebbe passata di l\u00e0. Passai davanti a casa che aveva gli scuri chiusi, salii &#8220;su par i Coi&#8221; e sbucai sulla Provinciale. Era bello guardare Cencenighe dall&#8217;alto: lampioni e finestre illuminate, rari fanali di auto sulla 203 e camini che fumavano nella luce della sera che scendeva fra il Pelsa e Cima Pape. Un p\u00f2 meno bello era ci\u00f2 che mi attendeva dopo la &#8220;curva delle crepe&#8221;. Strada in leggera salita sempre pi\u00f9 buia sovrastata da &#8220;l&#8217;Anime&#8221; e dal &#8220;Campanil dele Moneghe&#8221;. E fra Anime e Moneghe non c&#8217;era tanto da scherzare, solo da accelerare il passo puntando il tornante di Fontanelle. Ansia sottile, sguardo sull&#8217;asfalto nero come la notte ormai arrivata, respiro affannoso e passo di quasi corsa. Al tornante di Fontanelle non presi lo &#8220;scurton&#8221; che mi aveva insegnato la nonna. Era ripido, ricoperto di neve ghiacciata e non era il caso di avventurarsi nel buio. Presi lo &#8220;scurton&#8221; successivo, quello che saliva tra i &#8220;fagher&#8221; e saltava il secondo tornante. Il Pelsa era ormai addormentato nell&#8217;inverno che lass\u00f9 era gi\u00e0 arrivato. Vestito di neve mostrava il suo profilo nella notte appena iniziata. Lontane all&#8217;orizzonte, le luci di Avoscan e del Masar\u00e9 regalavano una grande pace. Poi finestre umide di condensa illuminate da lampadine stanche come quel pomeriggio di novembre inoltrato. Le scarpe bagnate di neve ed il caldo della cucina. Linoleum beige dei pavimenti, perline della &#8220;stua&#8221;, fornel rovente e &#8220;son riv\u00e0&#8221;. Una semplice cena, le notizie del Tg1 e poi la notte sul fornel &#8220;incuzign\u00e0&#8221; sotto il piumone. Aldil\u00e0 dei vetri notte nera, la Stella del Pelsa e neve bianca di quasi inverno\u2026Magiche Dolomiti!!<\/p>\n<h1>LA RACCOLTA COMPLETA<\/h1>\n<blockquote class=\"wp-embedded-content\" data-secret=\"jqnsqmXEBC\"><p><a href=\"https:\/\/www.radiopiu.net\/wordpress\/i-racconti-di-paolo-soppelsa\/\">I racconti di Paolo Soppelsa<\/a><\/p><\/blockquote>\n<p><iframe loading=\"lazy\" class=\"wp-embedded-content\" sandbox=\"allow-scripts\" security=\"restricted\" style=\"position: absolute; clip: rect(1px, 1px, 1px, 1px);\" title=\"&#8220;I racconti di Paolo Soppelsa&#8221; &#8212; Radio Pi\u00f9\" src=\"https:\/\/www.radiopiu.net\/wordpress\/i-racconti-di-paolo-soppelsa\/embed\/#?secret=jqnsqmXEBC\" data-secret=\"jqnsqmXEBC\" width=\"600\" height=\"338\" frameborder=\"0\" marginwidth=\"0\" marginheight=\"0\" scrolling=\"no\"><\/iframe><\/p>\n<\/div>\n<p>&nbsp;<\/p>\n<hr \/>\n<p>&nbsp;<\/p>\n<h2><strong>LE\u00a0 PUNTATE di Luisa Alchini di Leggermente Bellunesi, la domenica alle 11, il martedi alle 10.30 e alle 19.00<br \/>\nOGGI: <span class=\"d2edcug0 hpfvmrgz qv66sw1b c1et5uql rrkovp55 a8c37x1j keod5gw0 nxhoafnm aigsh9s9 d3f4x2em fe6kdd0r mau55g9w c8b282yb iv3no6db jq4qci2q a3bd9o3v knj5qynh oo9gr5id hzawbc8m\" dir=\"auto\" style=\"color: #0000ff;\">ottava puntata nel ricordo del compianto Don Stefano Pontil attraverso la pubblicazione del 2017 in occasione dell&#8217;adunanza CAI a La Marol, nel comune di Rivamonte Agordino<\/span><\/strong><\/h2>\n<h1><span style=\"color: #000000;\">RACCOLTA COMPLETA<\/span><\/h1>\n<blockquote class=\"wp-embedded-content\" data-secret=\"Lgq6HR4RIZ\"><p><a href=\"https:\/\/www.radiopiu.net\/wordpress\/leggermente-20\/\">LEGGERmente&#8230;Bellunesi<\/a><\/p><\/blockquote>\n<p><iframe loading=\"lazy\" class=\"wp-embedded-content\" sandbox=\"allow-scripts\" security=\"restricted\" style=\"position: absolute; clip: rect(1px, 1px, 1px, 1px);\" title=\"&#8220;LEGGERmente&#8230;Bellunesi&#8221; &#8212; Radio Pi\u00f9\" src=\"https:\/\/www.radiopiu.net\/wordpress\/leggermente-20\/embed\/#?secret=Lgq6HR4RIZ\" data-secret=\"Lgq6HR4RIZ\" width=\"600\" height=\"338\" frameborder=\"0\" marginwidth=\"0\" marginheight=\"0\" scrolling=\"no\"><\/iframe><\/p>\n<hr \/>\n<p>&nbsp;<\/p>\n<blockquote>\n<h3>L&#8217;ALMANACCO LADINO CON L&#8217;ISTITUT CESA DE JAN QUINDICINALE APPUNTAMENTO. LA DOMENICA ALLE 9 IL LUNEDI ALLE 8.35 IL MARTEDI ALLE 12.35 IL MERCOLEDI ALLE 18.35. SECONDA STAGIONE.<\/h3>\n<\/blockquote>\n<h3>LA PUNTATA DELLA SETTIMANA<\/h3>\n<audio class=\"wp-audio-shortcode\" id=\"audio-174419-8\" preload=\"none\" style=\"width: 100%;\" controls=\"controls\"><source type=\"audio\/mpeg\" src=\"https:\/\/www.radiopiu.net\/wordpress\/wp-content\/uploads\/2020\/11\/46\u00b0-Almanacco-Ladino_Fodom.mp3?_=8\" \/><a href=\"https:\/\/www.radiopiu.net\/wordpress\/wp-content\/uploads\/2020\/11\/46\u00b0-Almanacco-Ladino_Fodom.mp3\">https:\/\/www.radiopiu.net\/wordpress\/wp-content\/uploads\/2020\/11\/46\u00b0-Almanacco-Ladino_Fodom.mp3<\/a><\/audio>\n<p>&nbsp;<\/p>\n<p><strong>RACCOLTA COMPLETA\u00a0<\/strong><\/p>\n<blockquote class=\"wp-embedded-content\" data-secret=\"VxrLF11DcR\"><p><a href=\"https:\/\/www.radiopiu.net\/wordpress\/almanacco-ladino\/\">Almanacco Ladino<\/a><\/p><\/blockquote>\n<p><iframe loading=\"lazy\" class=\"wp-embedded-content\" sandbox=\"allow-scripts\" security=\"restricted\" style=\"position: absolute; clip: rect(1px, 1px, 1px, 1px);\" title=\"&#8220;Almanacco Ladino&#8221; &#8212; Radio Pi\u00f9\" src=\"https:\/\/www.radiopiu.net\/wordpress\/almanacco-ladino\/embed\/#?secret=VxrLF11DcR\" data-secret=\"VxrLF11DcR\" width=\"600\" height=\"338\" frameborder=\"0\" marginwidth=\"0\" marginheight=\"0\" scrolling=\"no\"><\/iframe><\/p>\n<p>&nbsp;<\/p>\n<\/div>\n<hr \/>\n<div>\n<h2><span style=\"color: #000080;\"><a class=\"dt-pswp-item\" href=\"https:\/\/www.radiopiu.net\/wordpress\/wp-content\/uploads\/2020\/10\/pp.jpg\" data-dt-img-description=\"\" data-large_image_width=\"640\" data-large_image_height=\"640\"><img loading=\"lazy\" decoding=\"async\" class=\"wp-image-163678 alignleft\" src=\"https:\/\/www.radiopiu.net\/wordpress\/wp-content\/uploads\/2020\/10\/pp-300x300.jpg\" alt=\"\" width=\"106\" height=\"106\" srcset=\"https:\/\/www.radiopiu.net\/wordpress\/wp-content\/uploads\/2020\/10\/pp-300x300.jpg 300w, https:\/\/www.radiopiu.net\/wordpress\/wp-content\/uploads\/2020\/10\/pp-150x150.jpg 150w, https:\/\/www.radiopiu.net\/wordpress\/wp-content\/uploads\/2020\/10\/pp-125x125.jpg 125w, https:\/\/www.radiopiu.net\/wordpress\/wp-content\/uploads\/2020\/10\/pp-200x200.jpg 200w, https:\/\/www.radiopiu.net\/wordpress\/wp-content\/uploads\/2020\/10\/pp-80x80.jpg 80w, https:\/\/www.radiopiu.net\/wordpress\/wp-content\/uploads\/2020\/10\/pp-480x480.jpg 480w, https:\/\/www.radiopiu.net\/wordpress\/wp-content\/uploads\/2020\/10\/pp.jpg 640w\" sizes=\"auto, (max-width: 106px) 100vw, 106px\" \/><\/a> <\/span><\/h2>\n<h2><span style=\"color: #000080;\">DON CESARE, IL PENSIERO DEL GIORNO. ALLA RADIO ALLE 7 DEL MATTINO E ALLE 19.30 DELLA SERA.\u00a0\u00a0<\/span><\/h2>\n<\/div>\n<p>&nbsp;<\/p>\n<p>&nbsp;<\/p>\n<audio class=\"wp-audio-shortcode\" id=\"audio-174419-9\" preload=\"none\" style=\"width: 100%;\" controls=\"controls\"><source type=\"audio\/mpeg\" src=\"https:\/\/www.radiopiu.net\/wordpress\/wp-content\/uploads\/2020\/11\/CESARE-19.mp3?_=9\" \/><a href=\"https:\/\/www.radiopiu.net\/wordpress\/wp-content\/uploads\/2020\/11\/CESARE-19.mp3\">https:\/\/www.radiopiu.net\/wordpress\/wp-content\/uploads\/2020\/11\/CESARE-19.mp3<\/a><\/audio>\n<p>&nbsp;<\/p>\n<p>&nbsp;<\/p>\n<p>&nbsp;<\/p>\n<hr \/>\n<p>&nbsp;<\/p>\n<div>\n<p class=\"photoswipe-wrapper\"><a class=\"dt-pswp-item pspw-wrap-ready\" href=\"https:\/\/i0.wp.com\/www.radiopiu.net\/wordpress\/wp-content\/uploads\/2018\/09\/viabilita.jpeg?ssl=1\" data-dt-img-description=\"\" data-large_image_width=\"800\" data-large_image_height=\"100\"><img loading=\"lazy\" decoding=\"async\" class=\"aligncenter wp-image-61954 size-full\" src=\"https:\/\/i0.wp.com\/www.radiopiu.net\/wordpress\/wp-content\/uploads\/2018\/09\/viabilita.jpeg?resize=800%2C100&amp;ssl=1\" sizes=\"auto, (max-width: 800px) 100vw, 800px\" srcset=\"https:\/\/i0.wp.com\/www.radiopiu.net\/wordpress\/wp-content\/uploads\/2018\/09\/viabilita.jpeg?w=800&amp;ssl=1 800w, https:\/\/i0.wp.com\/www.radiopiu.net\/wordpress\/wp-content\/uploads\/2018\/09\/viabilita.jpeg?resize=300%2C38&amp;ssl=1 300w, https:\/\/i0.wp.com\/www.radiopiu.net\/wordpress\/wp-content\/uploads\/2018\/09\/viabilita.jpeg?resize=768%2C96&amp;ssl=1 768w\" alt=\"\" width=\"800\" height=\"100\" \/><\/a><\/p>\n<\/div>\n<p>&nbsp;<\/p>\n<p><strong>FELTRE PROVINCIALE 347 VILLAPAIERA:<\/strong> revoca ordinanza e ripristino viabilit\u00e0.<\/p>\n<p><strong>PRIMOLANO PROVINCIALE 50BIS:<\/strong> interdizione totale alla transitabilit\u00e0 a Primolano dalle 8 alle 12 e dalle 13 alle 17 nei giorni 23 e 24 novembre.<\/p>\n<p><strong>PROVINCIALE 49 MISURINA CONFINE PROVINCIA DI BOLZANO<\/strong>:\u00a0 fino al 22 dicembre (festivi e prefestivi compresi) senso unico alternato con movieri o semafori<\/p>\n<p><strong>STRADA PROVINCIALE 347 DEL PASSO CEREDA E DURAN<\/strong> tra Cibiana e Vanas, fino\u00a0 al 24 novembre, compresi sabati e domeniche, possibili brevi interruzioni della durata massima di 15 minuti dalle 8 alle 17, negli altri orari senso unico alternato regolato da semaforo per messa in sicurezza versante a monte della strada<\/p>\n<p><strong>STRADA REGIONALE 48 DELLE DOLOMITI<\/strong> fino al 01 dicembre, dalle 8 alle 18, senso unico alternato regolato da impianto semaforico in localit\u00e0 Salesei di Sopra in comune di Livinallongo per esecuzione tombinatura<\/p>\n<p><strong>PROVINCIALE 3 VALLE IMPERINA<\/strong>:\u00a0 fino al 12 dicembre senso unico alternato (tutti i giorni nessuno escluso) in locailt\u00e0 Gona per messa in sicurezza della strada.<\/p>\n<p><strong>PROVINCIALE 48 DELLE DOLOMITI<\/strong> fino al 30 novembre (tutti i giorni nessuno escluso) senso unico alternato in localit\u00e0 Livin\u00e8 a Livinallongo del Col di Lana<\/p>\n<p><strong>REGIONALE 203 AGORDINA COLLAZ-LIVINALLONGO<\/strong>\u00a0 fino al 4 dicembre (sabato e festivi esclusi) senso unico alternato per singoli tratti di 150 metri<\/p>\n<p><strong>SR 203 AGORDINA<\/strong>\u00a0fino al 30 novembre, compresi sabato e domenica, \u00a0senso unico alternato regolato da semaforo in localit\u00e0 Sopra Sac di Alleghe per allestimento opere di difesa valanghiva<\/p>\n<p><strong>SP\u00a0423 LAGO DI SANTA CROCE_POIATTE_ALPAGO <\/strong>Fino al 12 dicembre (esclusi festivi e prefestivi) senso unico alternato con movieri o semaforo per esecuzione paramassi a monte della strada<\/p>\n<p><strong>SP 422 DELL\u2019ALPAGO E DEL CANSIGLIO\u00a0<\/strong>fino al 30 novembre, esclusi sabato e domenica, senso unico alternato regolato da movieri tra Puos e Cornei per posa fibre ottiche<\/p>\n<p><strong>SR 48 DELLE DOLOMITI<\/strong>\u00a0fino al 30 novembre senso unico alternato regolato da impianto semaforico tra Arabba e Cernadoi per consolidamento ciglio stradale e sostituzione barriere di sicurezza<\/p>\n<p><strong>PROVINCIALE 251\u00a0<\/strong> COLLE SANTA LUCIA Fino al 28 novembre senso unico (per asfaltature) compresi sabato e domenica (stessa situazione lungo la 203 agordina in localit\u00e0 Rucav\u00e0)<\/p>\n<p><strong>SP 3 DELLA VAL IMPERINA<\/strong> fino a revoca, senso unico alternato regolato a vista in localit\u00e0 Gona di Conedera di Rivamonte per cedimento della carreggiata stradale<\/p>\n<p><strong>REGIONALE 203 AGORDINA<\/strong>\u00a0 Fino\u00a0 al 18 dicembre (esclusi festivi e prefestivi) senso unico alternato tra Peron e Candaten con movieri dalle 7.30 alle 9 e dalle 16.30 alle 18. Con semaforo negli altri orari<\/p>\n<p><strong>REGIONALE 203 AGORDINA<\/strong> Fino al 30 novembre (sabato e domenica esclusi) tra Candaten e La Stanga dalle 7.30 alle 9 e dalle 16.30 alle 18 con movieri e negli altri orari con semaforo, senso unico alternato.<\/p>\n<div>\n<p>&nbsp;<\/p>\n<hr \/>\n<p>&nbsp;<\/p>\n<p class=\"photoswipe-wrapper\"><a class=\"dt-pswp-item pspw-wrap-ready\" href=\"https:\/\/i0.wp.com\/www.radiopiu.net\/wordpress\/wp-content\/uploads\/2018\/09\/WhatsApp-Image-2018-09-20-at-16.04.06.jpeg?ssl=1\" data-dt-img-description=\"\" data-large_image_width=\"800\" data-large_image_height=\"100\"><img loading=\"lazy\" decoding=\"async\" class=\"aligncenter wp-image-61378 size-full jetpack-lazy-image jetpack-lazy-image--handled\" src=\"https:\/\/i0.wp.com\/www.radiopiu.net\/wordpress\/wp-content\/uploads\/2018\/09\/WhatsApp-Image-2018-09-20-at-16.04.06.jpeg?resize=800%2C100&amp;ssl=1\" sizes=\"auto, (max-width: 800px) 100vw, 800px\" srcset=\"https:\/\/i0.wp.com\/www.radiopiu.net\/wordpress\/wp-content\/uploads\/2018\/09\/WhatsApp-Image-2018-09-20-at-16.04.06.jpeg?w=800&amp;ssl=1 800w, https:\/\/i0.wp.com\/www.radiopiu.net\/wordpress\/wp-content\/uploads\/2018\/09\/WhatsApp-Image-2018-09-20-at-16.04.06.jpeg?resize=300%2C38&amp;ssl=1 300w, https:\/\/i0.wp.com\/www.radiopiu.net\/wordpress\/wp-content\/uploads\/2018\/09\/WhatsApp-Image-2018-09-20-at-16.04.06.jpeg?resize=768%2C96&amp;ssl=1 768w\" alt=\"\" width=\"800\" height=\"100\" data-lazy-loaded=\"1\" \/><\/a><\/p>\n<\/div>\n<p>&nbsp;<\/p>\n<p><center><b>Martedi 24<\/b><\/center><b>Tempo atteso:\u00a0<\/b>Stupende condizioni meteo con tempo ben soleggiato, cielo sereno e aria limpida su tutta la montagna veneta. Livelli termici di nuovo pi\u00f9 bassi nelle ore pi\u00f9 fredde per maggiore irraggiamento notturno, mentre il generoso soleggiamento mitigher\u00e0 lievemente l&#8217;atmosfera nelle valli pi\u00f9 assolate, almeno nelle ore centrali del giorno, cosa che non avverr\u00e0 nei settori in ombra.<br \/>\n<b>Precipitazioni:\u00a0<\/b>Assenti (0%).<br \/>\n<b>Temperature:\u00a0<\/b>In generale diminuzione, specie le minime, con diffuse gelate fin nei fondovalle prealpini (-2\/-4\u00b0C in Valbelluna, -3\/-6\u00b0C a 1000\/1200 m, anche pi\u00f9 basse sugli altopiani prealpini alle stesse quote). Atmosfera ovunque pi\u00f9 fresca in giornata, anche nelle valli pi\u00f9 assolate e, nonostante la forte escursione termica giornaliera, i valori massimi non potranno controbilanciare il freddo notturno, rimanendo comunque bassi con 8\/9\u00b0C nelle valli prealpine e 4\/7\u00b0C a 1000\/1200 m, soltanto -1\/2\u00b0C nei settori in ombra alle stesse quote. Su Prealpi a 1500 m min 0\u00b0C max 4\u00b0C, a 2000 m min -1\u00b0C max 2\u00b0C. Su Dolomiti a 2000 m min -2\u00b0C max 2\u00b0C, a 3000 m min -5\u00b0C max -2\u00b0C.<br \/>\n<b>Venti:\u00a0<\/b>Perlopi\u00f9 deboli a regime di brezza nelle valli, solo localmente e a tratti moderati; in quota deboli da nord-ovest al mattino e da sud-est al pomeriggio, a 5-10 km\/h sia a 2000 m che a 3000 m.<\/p>\n<hr \/>\n<p><center><b>Mercoledi 25<\/b><\/center><b>Tempo atteso:\u00a0<\/b>Stupenda giornata tardo-autunnale su tutta la montagna veneta con tempo ben soleggiato, cielo sereno e aria limpida. Notte fredda, specie nelle valli, in giornata forte contrasto termico tra i settori valligiani assolati e quelli in ombra.<br \/>\n<b>Precipitazioni:\u00a0<\/b>Assenti (0%)<br \/>\n<b>Temperature:\u00a0<\/b>In quota in generale lieve aumento; nelle valli dolomitiche minime pressoch\u00e9 stazionarie e in leggero calo nei fondovalle prealpini, con lieve inversione termica all&#8217;alba, massime senza notevoli variazioni, salvo qualche locale aumento. Su Prealpi a 1500 m min 3\u00b0C max 6\u00b0C, a 2000 m min 1\u00b0C max 4\u00b0C. Su Dolomiti a 2000 m min 0\u00b0C max 3\u00b0C, a 3000 m min -3\u00b0C max -1\u00b0C.<br \/>\n<b>Venti:\u00a0<\/b>Perlopi\u00f9 deboli a regime di brezza nelle valli, localmente e a tratti moderati nei consueti settori prealpini; in quota deboli\/moderati da sud sud-est al mattino e da sud al pomeriggio, a 5-15 km\/h a 2000 m e 15-25 km\/h a 3000 m.<\/p>\n<hr \/>\n<p><center><b>Giovedi 26<\/b><\/center>Giornata tardo-autunnale di tempo stabile e perlopi\u00f9 soleggiato, nonostante il temporanea transito di banchi di nubi alte o medio-alte. Temperature in generale lieve calo, eccetto locale rialzo delle minime in alcune valli prealpine qualora fossero interessate da qualche annuvolamento notturno (riduzione dell&#8217;irraggiamento). Venti perlopi\u00f9 deboli da sud-ovest in quota, a tratti moderati ma solo sulle vette pi\u00f9 alte; perlopi\u00f9 deboli a regime di brezza nelle valli, localmente e a tratti moderati nei consueti settori prealpini.<\/p>\n<hr \/>\n<p><center><b>Venerdi 27<\/b><\/center>Altra stupenda giornata tardo-autunnale su tutta la montagna veneta con sole, cielo sereno, aria limpida ed ottima visibilit\u00e0. Non escluso qualche velatura del cielo a partire dalle Prealpi nel tardo pomeriggio\/sera. Temperature in generale contenuto calo con diffuse gelate notturne; forte escursione termica giornaliera nelle valli pi\u00f9 assolate. Venti deboli\/moderati da sud sud-ovest in quota, perlopi\u00f9 deboli a regime di brezza nelle valli, localmente e a tratti moderati nei consueti settori prealpini. Previsore R.L.Th.<\/p>\n","protected":false},"excerpt":{"rendered":"<p>PER RICEVERE QUESTO NOTIZIARIO DIRETTAMENTE SUL TUO CELLULARE ISCRIVITI AL CANALE TELEGRAM \u201cRADIO PIU\u00a0 INFORMAZIONE&#8221; ATTENZIONE: LA NUOVA APP PER IOS-IPHONE https:\/\/apps.apple.com\/it\/app\/radio-pi%C3%B9-emittente-agordina\/id1515939845 ATTENZIONE: LA NUOVA APP RADIO\u00a0 PER ANDROID https:\/\/play.google.com\/store\/apps\/details?id=net.radiopiu.iniko\u00a0\u00a0 &nbsp; &nbsp; &nbsp; MAPPA DEI CONTAGI, NESSUN COMUNE BELLUNESE LIBERO DAL VIRUS AGGIORNAMENTO 23 NOVEMBRE.\u00a0 Anche Colle Santa Lucia conta i primi 2 contagi, 3&hellip;<\/p>\n","protected":false},"author":4,"featured_media":174685,"comment_status":"closed","ping_status":"closed","sticky":false,"template":"","format":"standard","meta":{"_monsterinsights_skip_tracking":false,"_monsterinsights_sitenote_active":false,"_monsterinsights_sitenote_note":"","_monsterinsights_sitenote_category":0,"footnotes":""},"categories":[1,51,86,49],"tags":[],"class_list":["post-174419","post","type-post","status-publish","format-standard","has-post-thumbnail","hentry","category-senza-categoria","category-evidenza-top","category-gr","category-news-18","category-1","category-51","category-86","category-49","description-off"],"img_url":"https:\/\/www.radiopiu.net\/wordpress\/wp-content\/uploads\/2020\/11\/3d08816e-ccac-4257-bc20-3e72c4bdef53.jpg","_links":{"self":[{"href":"https:\/\/www.radiopiu.net\/wordpress\/wp-json\/wp\/v2\/posts\/174419","targetHints":{"allow":["GET"]}}],"collection":[{"href":"https:\/\/www.radiopiu.net\/wordpress\/wp-json\/wp\/v2\/posts"}],"about":[{"href":"https:\/\/www.radiopiu.net\/wordpress\/wp-json\/wp\/v2\/types\/post"}],"author":[{"embeddable":true,"href":"https:\/\/www.radiopiu.net\/wordpress\/wp-json\/wp\/v2\/users\/4"}],"replies":[{"embeddable":true,"href":"https:\/\/www.radiopiu.net\/wordpress\/wp-json\/wp\/v2\/comments?post=174419"}],"version-history":[{"count":0,"href":"https:\/\/www.radiopiu.net\/wordpress\/wp-json\/wp\/v2\/posts\/174419\/revisions"}],"wp:featuredmedia":[{"embeddable":true,"href":"https:\/\/www.radiopiu.net\/wordpress\/wp-json\/wp\/v2\/media\/174685"}],"wp:attachment":[{"href":"https:\/\/www.radiopiu.net\/wordpress\/wp-json\/wp\/v2\/media?parent=174419"}],"wp:term":[{"taxonomy":"category","embeddable":true,"href":"https:\/\/www.radiopiu.net\/wordpress\/wp-json\/wp\/v2\/categories?post=174419"},{"taxonomy":"post_tag","embeddable":true,"href":"https:\/\/www.radiopiu.net\/wordpress\/wp-json\/wp\/v2\/tags?post=174419"}],"curies":[{"name":"wp","href":"https:\/\/api.w.org\/{rel}","templated":true}]}}