{"id":174497,"date":"2020-11-23T10:15:16","date_gmt":"2020-11-23T09:15:16","guid":{"rendered":"https:\/\/www.radiopiu.net\/wordpress\/?p=174497"},"modified":"2020-11-23T10:15:16","modified_gmt":"2020-11-23T09:15:16","slug":"domani-in-piazza-dei-martiri-la-conferenza-stampa-su-liniziativa-questo-non-e-amore","status":"publish","type":"post","link":"https:\/\/www.radiopiu.net\/wordpress\/domani-in-piazza-dei-martiri-la-conferenza-stampa-su-liniziativa-questo-non-e-amore\/","title":{"rendered":"DOMANI IN PIAZZA DEI MARTIRI LA CONFERENZA STAMPA SU L&#8217;INIZIATIVA &#8220;QUESTO NON E&#8217; AMORE&#8221;"},"content":{"rendered":"<p><strong><a href=\"https:\/\/www.radiopiu.net\/wordpress\/questo-non-e-amore-la-campagna-della-polizia-di-stato-per-la-giornata-internazionale-della-violenza-sulle-donne\/camper-polizia\/\" rel=\"attachment wp-att-169296\"><img loading=\"lazy\" decoding=\"async\" class=\"size-medium wp-image-169296 alignleft\" src=\"https:\/\/www.radiopiu.net\/wordpress\/wp-content\/uploads\/2020\/10\/CAMPER-POLIZIA-300x225.jpg\" alt=\"\" width=\"300\" height=\"225\" srcset=\"https:\/\/www.radiopiu.net\/wordpress\/wp-content\/uploads\/2020\/10\/CAMPER-POLIZIA-300x225.jpg 300w, https:\/\/www.radiopiu.net\/wordpress\/wp-content\/uploads\/2020\/10\/CAMPER-POLIZIA-1024x768.jpg 1024w, https:\/\/www.radiopiu.net\/wordpress\/wp-content\/uploads\/2020\/10\/CAMPER-POLIZIA-768x576.jpg 768w, https:\/\/www.radiopiu.net\/wordpress\/wp-content\/uploads\/2020\/10\/CAMPER-POLIZIA-1536x1151.jpg 1536w, https:\/\/www.radiopiu.net\/wordpress\/wp-content\/uploads\/2020\/10\/CAMPER-POLIZIA.jpg 1593w\" sizes=\"auto, (max-width: 300px) 100vw, 300px\" \/><\/a>BELLUNO<\/strong>\u00a0Nel solco delle iniziative di prevenzione e contrasto alla violenza contro le donne che la Polizia di Stato realizza da diversi anni, e nell\u2019ottica di fornire ulteriore impulso ed efficacia all\u2019azione di prevenzione e contrasto gi\u00e0 in essere su tutto il territorio nazionale, la Questura di Belluno, anche quest\u2019anno, ha partecipato alla campagna di informazione e sensibilizzazione \u201cQuesto non \u00e8 amore\u201d. Infatti, durante il mese di novembre un\u2019equipe di operatori specializzati della Polizia di Stato, a bordo del camper opportunamente allestivo, \u00e8 stata presente in alcuni comuni della provincia al fine di illustrare la campagna di sensibilizzazione, dare informazioni e raccogliere testimonianze di chi spesso ha ancora esitazione a denunciare il fenomeno. A conclusione del progetto, in occasione della Giornata Internazionale per l\u2019eliminazione della violenza contro le donne del 25 novembre 2020, si terr\u00e0 una conferenza stampa che avr\u00e0 luogo a Belluno, in piazza dei Martiri domani alle 11, dove sar\u00e0 illustrata l\u2019incidenza del fenomeno in provincia.<\/p>\n","protected":false},"excerpt":{"rendered":"<p>BELLUNO\u00a0Nel solco delle iniziative di prevenzione e contrasto alla violenza contro le donne che la Polizia di Stato realizza da diversi anni, e nell\u2019ottica di fornire ulteriore impulso ed efficacia all\u2019azione di prevenzione e contrasto gi\u00e0 in essere su tutto il territorio nazionale, la Questura di Belluno, anche quest\u2019anno, ha partecipato alla campagna di informazione&hellip;<\/p>\n","protected":false},"author":4,"featured_media":169296,"comment_status":"closed","ping_status":"closed","sticky":false,"template":"","format":"standard","meta":{"_monsterinsights_skip_tracking":false,"_monsterinsights_sitenote_active":false,"_monsterinsights_sitenote_note":"","_monsterinsights_sitenote_category":0,"footnotes":""},"categories":[49],"tags":[],"class_list":["post-174497","post","type-post","status-publish","format-standard","has-post-thumbnail","hentry","category-news-18","category-49","description-off"],"img_url":"https:\/\/www.radiopiu.net\/wordpress\/wp-content\/uploads\/2020\/10\/CAMPER-POLIZIA.jpg","_links":{"self":[{"href":"https:\/\/www.radiopiu.net\/wordpress\/wp-json\/wp\/v2\/posts\/174497","targetHints":{"allow":["GET"]}}],"collection":[{"href":"https:\/\/www.radiopiu.net\/wordpress\/wp-json\/wp\/v2\/posts"}],"about":[{"href":"https:\/\/www.radiopiu.net\/wordpress\/wp-json\/wp\/v2\/types\/post"}],"author":[{"embeddable":true,"href":"https:\/\/www.radiopiu.net\/wordpress\/wp-json\/wp\/v2\/users\/4"}],"replies":[{"embeddable":true,"href":"https:\/\/www.radiopiu.net\/wordpress\/wp-json\/wp\/v2\/comments?post=174497"}],"version-history":[{"count":0,"href":"https:\/\/www.radiopiu.net\/wordpress\/wp-json\/wp\/v2\/posts\/174497\/revisions"}],"wp:featuredmedia":[{"embeddable":true,"href":"https:\/\/www.radiopiu.net\/wordpress\/wp-json\/wp\/v2\/media\/169296"}],"wp:attachment":[{"href":"https:\/\/www.radiopiu.net\/wordpress\/wp-json\/wp\/v2\/media?parent=174497"}],"wp:term":[{"taxonomy":"category","embeddable":true,"href":"https:\/\/www.radiopiu.net\/wordpress\/wp-json\/wp\/v2\/categories?post=174497"},{"taxonomy":"post_tag","embeddable":true,"href":"https:\/\/www.radiopiu.net\/wordpress\/wp-json\/wp\/v2\/tags?post=174497"}],"curies":[{"name":"wp","href":"https:\/\/api.w.org\/{rel}","templated":true}]}}