{"id":174523,"date":"2020-11-23T11:15:59","date_gmt":"2020-11-23T10:15:59","guid":{"rendered":"https:\/\/www.radiopiu.net\/wordpress\/?p=174523"},"modified":"2020-11-23T11:16:00","modified_gmt":"2020-11-23T10:16:00","slug":"giornata-internazionale-per-leliminazione-della-violenza-contro-le-donne-feltre-propone-ci-sono-muri-che-non-proteggono","status":"publish","type":"post","link":"https:\/\/www.radiopiu.net\/wordpress\/giornata-internazionale-per-leliminazione-della-violenza-contro-le-donne-feltre-propone-ci-sono-muri-che-non-proteggono\/","title":{"rendered":"GIORNATA INTERNAZIONALE PER L&#8217;ELIMINAZIONE DELLA VIOLENZA CONTRO LE DONNE: FELTRE PROPONE \u201cCI SONO MURI CHE NON PROTEGGONO\u201d"},"content":{"rendered":"<p><strong><a href=\"https:\/\/www.radiopiu.net\/wordpress\/giornata-internazionale-per-leliminazione-della-violenza-contro-le-donne-feltre-propone-ci-sono-muri-che-non-proteggono\/locandina-ci-sono-muri-che-non-proteggono\/\" rel=\"attachment wp-att-174524\"><img loading=\"lazy\" decoding=\"async\" class=\" wp-image-174524 alignleft\" src=\"https:\/\/www.radiopiu.net\/wordpress\/wp-content\/uploads\/2020\/11\/Locandina-Ci-sono-muri-che-non-proteggono-213x300.png\" alt=\"\" width=\"273\" height=\"385\" srcset=\"https:\/\/www.radiopiu.net\/wordpress\/wp-content\/uploads\/2020\/11\/Locandina-Ci-sono-muri-che-non-proteggono-213x300.png 213w, https:\/\/www.radiopiu.net\/wordpress\/wp-content\/uploads\/2020\/11\/Locandina-Ci-sono-muri-che-non-proteggono.png 567w\" sizes=\"auto, (max-width: 273px) 100vw, 273px\" \/><\/a>FELTRE\u00a0<\/strong>\u201cCi sono muri che non proteggono\u201d: \u00e8 questo il titolo sotto il quale si raccolgono le manifestazioni promosse dall\u2019Amministrazione comunale di Feltre per mercoled\u00ec 25 novembre in occasione della Giornata internazionale per l&#8217;eliminazione della violenza contro le donne. L\u2019obiettivo \u00e8 quello di sensibilizzare sempre pi\u00f9 la cittadinanza ad un tema di tragica attualit\u00e0 e lanciare un forte messaggio contro li stereotipi di genere che permangono ancora nella nostra societ\u00e0 nei confronti delle donne. Il programma dell&#8217;iniziativa prevede: la realizzazione di un percorso lungo le mura storiche della Citt\u00e0, da Porta Imperiale fino a Porta Pusterla, con l&#8217;affissione di manifesti con riportate poesie, testi, racconti che riguardano la violenza domestica, sul lavoro, di genere e psicologica, in lingua italiana e in lingua straniera, e il posizionamento sul marciapiede di scarpe rosse, uno dei simboli della giornata. In caso di maltempo il percorso, visitabile per tutta la giornata dalle 09.30 alle 17.30, verr\u00e0 allestito all\u2019interno della Galleria Fratelli Angelini (ex Romita); la realizzazione di quattro stazioni di lettura: a rotazione, dalle ore 9.30 alle ore 12.30 e dalle ore 15.00 alle ore 17.00 un membro della Commissione per le Pari Opportunit\u00e0 del Comune di Feltre o una persona che fa parte delle associazioni che collaborano all&#8217;iniziativa dar\u00e0 lettura di uno dei testi che sono stati posizionati sui lampioni; \u00a0l&#8217;invio ai Dirigenti scolastici delle Scuole Superiori di Feltre di un video e di alcuni testi relativi alla tematica in parola, da condividere con gli studenti, nelle modalit\u00e0 che riterranno pi\u00f9 opportune. L&#8217;iniziativa si avvale della collaborazione di numerose associazioni o enti: Commissione Pari Opportunit\u00e0, Koin\u00e8 Linguaggi Comuni, Gruppo Tutta colpa del Pennino, Donne Come Noi-Women Like Us, Coordinamento Rete Immigrazione, Consigliera provinciale di parit\u00e0. \u201c<em>Grazie anche alla fattiva collaborazione della nuova Commissione Pari Opportunit\u00e0 e di molte altre associazioni e soggetti partner, siamo riusciti ad allestire per la giornata di mercoled\u00ec 25 un programma davvero interessante e multiforme\u201d, commenta l\u2019assessore alle Pari Opportunit\u00e0 e alle Politiche Sociali del Comune di Feltre Giorgia Li Castri. \u201cIl nostro intento, prosegue l\u2019assessore, \u00e8 raggiungere \u2013 nonostante il periodo caratterizzato dalle limitazioni dovute alla pandemia &#8211; il maggior numero di persone possibili. Per questo abbiamo messa a punto un programma che si snoda lungo la citt\u00e0, ma vuole coinvolgere in maniera diretta anche le scuole e i nostri ragazzi, che devono sentirsi protagonisti di questa battaglia di civilt\u00e0 su cui ancora molti, anzi troppi, passi dobbiamo ancora fare<\/em>\u201d.<\/p>\n","protected":false},"excerpt":{"rendered":"<p>FELTRE\u00a0\u201cCi sono muri che non proteggono\u201d: \u00e8 questo il titolo sotto il quale si raccolgono le manifestazioni promosse dall\u2019Amministrazione comunale di Feltre per mercoled\u00ec 25 novembre in occasione della Giornata internazionale per l&#8217;eliminazione della violenza contro le donne. L\u2019obiettivo \u00e8 quello di sensibilizzare sempre pi\u00f9 la cittadinanza ad un tema di tragica attualit\u00e0 e lanciare&hellip;<\/p>\n","protected":false},"author":4,"featured_media":174524,"comment_status":"closed","ping_status":"closed","sticky":false,"template":"","format":"standard","meta":{"_monsterinsights_skip_tracking":false,"_monsterinsights_sitenote_active":false,"_monsterinsights_sitenote_note":"","_monsterinsights_sitenote_category":0,"footnotes":""},"categories":[49],"tags":[],"class_list":["post-174523","post","type-post","status-publish","format-standard","has-post-thumbnail","hentry","category-news-18","category-49","description-off"],"img_url":"https:\/\/www.radiopiu.net\/wordpress\/wp-content\/uploads\/2020\/11\/Locandina-Ci-sono-muri-che-non-proteggono.png","_links":{"self":[{"href":"https:\/\/www.radiopiu.net\/wordpress\/wp-json\/wp\/v2\/posts\/174523","targetHints":{"allow":["GET"]}}],"collection":[{"href":"https:\/\/www.radiopiu.net\/wordpress\/wp-json\/wp\/v2\/posts"}],"about":[{"href":"https:\/\/www.radiopiu.net\/wordpress\/wp-json\/wp\/v2\/types\/post"}],"author":[{"embeddable":true,"href":"https:\/\/www.radiopiu.net\/wordpress\/wp-json\/wp\/v2\/users\/4"}],"replies":[{"embeddable":true,"href":"https:\/\/www.radiopiu.net\/wordpress\/wp-json\/wp\/v2\/comments?post=174523"}],"version-history":[{"count":0,"href":"https:\/\/www.radiopiu.net\/wordpress\/wp-json\/wp\/v2\/posts\/174523\/revisions"}],"wp:featuredmedia":[{"embeddable":true,"href":"https:\/\/www.radiopiu.net\/wordpress\/wp-json\/wp\/v2\/media\/174524"}],"wp:attachment":[{"href":"https:\/\/www.radiopiu.net\/wordpress\/wp-json\/wp\/v2\/media?parent=174523"}],"wp:term":[{"taxonomy":"category","embeddable":true,"href":"https:\/\/www.radiopiu.net\/wordpress\/wp-json\/wp\/v2\/categories?post=174523"},{"taxonomy":"post_tag","embeddable":true,"href":"https:\/\/www.radiopiu.net\/wordpress\/wp-json\/wp\/v2\/tags?post=174523"}],"curies":[{"name":"wp","href":"https:\/\/api.w.org\/{rel}","templated":true}]}}