{"id":174670,"date":"2020-11-25T05:50:05","date_gmt":"2020-11-25T04:50:05","guid":{"rendered":"https:\/\/www.radiopiu.net\/wordpress\/?p=174670"},"modified":"2020-11-25T09:50:32","modified_gmt":"2020-11-25T08:50:32","slug":"giornale-radiopiu-25-novembre-2020-direttore-mirko-mezzacasa","status":"publish","type":"post","link":"https:\/\/www.radiopiu.net\/wordpress\/giornale-radiopiu-25-novembre-2020-direttore-mirko-mezzacasa\/","title":{"rendered":"GIORNALE RADIOPIU 25 NOVEMBRE 2020 DIRETTORE MIRKO MEZZACASA"},"content":{"rendered":"<h3>PER<strong> RICEVERE QUESTO NOTIZIARIO DIRETTAMENTE SUL TUO CELLULARE ISCRIVITI AL CANALE TELEGRAM <\/strong><strong>\u201cRADIO PIU\u00a0 INFORMAZIONE&#8221;<\/strong><\/h3>\n<p><em>ATTENZIONE: LA NUOVA APP PER IOS-IPHONE<\/em><\/p>\n<div>\n<div><a href=\"https:\/\/apps.apple.com\/it\/app\/radio-pi%C3%B9-emittente-agordina\/id1515939845\">https:\/\/apps.apple.com\/it\/app\/radio-pi%C3%B9-emittente-agordina\/id1515939845<\/a><\/div>\n<\/div>\n<div><\/div>\n<div>\n<div dir=\"auto\"><em>ATTENZIONE: LA NUOVA APP RADIO\u00a0 PER ANDROID<\/em><\/div>\n<\/div>\n<p><a href=\"https:\/\/play.google.com\/store\/apps\/details?id=net.radiopiu.iniko\" target=\"_blank\" rel=\"noopener noreferrer\">https:\/\/play.google.com\/store\/apps\/details?id=net.radiopiu.iniko\u00a0\u00a0<\/a><\/p>\n<p>&nbsp;<\/p>\n<hr \/>\n<h1><\/h1>\n<p>Altre 91 croci in Regione, in un solo giorno con il totale dei decessi a 3400. Ieri il numero dei guariti ha superato quello dei contagiati (605 la differenza), 16 i ricoveri in terapia intensiva (totale a ieri 326), continuano a salire anche i ricoveri in area non critica (+47). Verona ha il maggiore numero di casi 14.111, Belluno 4448.\u00a0 In provincia sono oltre 200 i positivi tra sanitari, infermieri e Oss, i contagi rispetto alla prima ondata sono raddoppiati. I sindacati insorgono e denunciano lo stato di stanchezza dei lavoratori. Ad Agordo attivati altri 10 posti covid in Medicina. L&#8217;ulteriore mazzata ai possessori di partita iva: rafforzata la stretta su negozi e ristoranti, tutte le attivit\u00e0 centri commerciali compresi dovranno indicare il numero di ingressi, fino a 40 metri quadrati un solo cliente, 12 nei centri commerciali di 250 metri quadrati e uno ogni 30 metri quadrati per le superfici maggiori. Menu&#8217; solo digitale, massimo 4 persone per tavolo nei ristoranti. Tassativamente proibito ogni tipo di buffet. Sanzioni fino a 4000 euro per clienti e gestori. I Pediatri da oggi faranno i tamponi come i medici di famiglia.<\/p>\n<p><span style=\"color: #ff0000;\">SITUAZIONE EPIDEMIOLOGICA<\/span>: In una settimana a <strong>Taibon\u00a0<\/strong> i casi di contagio sono raddoppiati: 28 i positivi, 12 le persone in isolamento. Ad <strong>Arsie<\/strong> 22 positivi (1 ricoverato) A <strong>Valle di Cadore<\/strong> 37 positivi (-3) 24 isolamenti (+4) a <strong>Belluno<\/strong> positivo un docente di laboratorio all&#8217;Istituto Segato.<\/p>\n<blockquote>\n<h3>ULSS DOLOMITI: 2 DECESSI, 197 POSITIVI E 197 RICOVERATI<\/h3>\n<\/blockquote>\n<p><strong>BELLUNO <\/strong><span style=\"font-size: medium;\">Nelle ultime 24 ore sono decedute 2 persone covid positive: <\/span><span style=\"color: #222222;\"><span style=\"font-size: medium;\">una donna di 74 anni ricoverata in Pneumologia a Feltre, una donna di 79 anni ricoverata in Geriatria a Belluno.<\/span><\/span><\/p>\n<p><strong>POSITIVI<\/strong> 24 ORE: 197<\/p>\n<p><strong>I NUMERI DI AZIENDA ZERO:<\/strong> POSITIVI DEL 21 FEBBRAIO <span style=\"color: #0000ff;\">7628 (+220)<\/span>\u00a0 \u00a0ATTUALMENTE POSITIVI <span style=\"color: #0000ff;\">4448 (+93)<\/span>\u00a0DECEDUTI DAL 21 FEBBRAIO <span style=\"color: #0000ff;\">219 (+2)<\/span>\u00a0 \u00a0NEGATIVIZZATI <span style=\"color: #0000ff;\">2961 (+124)\u00a0 <\/span><\/p>\n<p><strong>RICOVERI:<\/strong> Belluno 71, 8 in terapia intensiva; Feltre 46, 7 in terapia intensiva. OSPEDALI DI COMUNITA&#8217; Agordo 11, Alano 5, Auronzo 12, Belluno 22, Feltre 15.<\/p>\n<p><span style=\"color: #c0504d;\"><span style=\"font-size: medium;\"><b>ASPETTI ORGANIZZATIVI <\/b><\/span><\/span><span style=\"color: #c0504d;\"><span style=\"font-size: medium;\"><b>Ospedale di Agordo <\/b><\/span><\/span><span style=\"font-size: medium;\">Sono stati attivati 10 posti letto per pazienti covid positivi alla Medicina.\u00a0\u00a0<\/span><\/p>\n<p>&nbsp;<\/p>\n<p><a href=\"https:\/\/www.radiopiu.net\/wordpress\/giornale-radiopiu-25-novembre-2020-direttore-mirko-mezzacasa\/safe_image-12\/\" rel=\"attachment wp-att-174869\"><img loading=\"lazy\" decoding=\"async\" class=\"wp-image-174869 size-full aligncenter\" src=\"https:\/\/www.radiopiu.net\/wordpress\/wp-content\/uploads\/2020\/11\/safe_image-2.jpg\" alt=\"\" width=\"500\" height=\"260\" srcset=\"https:\/\/www.radiopiu.net\/wordpress\/wp-content\/uploads\/2020\/11\/safe_image-2.jpg 500w, https:\/\/www.radiopiu.net\/wordpress\/wp-content\/uploads\/2020\/11\/safe_image-2-300x156.jpg 300w\" sizes=\"auto, (max-width: 500px) 100vw, 500px\" \/><\/a><\/p>\n<h1>108 DIPENDENTI DELL&#8217;ULSS IN QUARANTENA, PREOCCUPAZIONE IN CORSIA.<\/h1>\n<p><strong><span style=\"color: #ff0000;\">di GIANLUIGI DELLA GIACOMA, CGIL FUNZIONE PUBBLICA<\/span><\/strong><\/p>\n<audio class=\"wp-audio-shortcode\" id=\"audio-174670-1\" preload=\"none\" style=\"width: 100%;\" controls=\"controls\"><source type=\"audio\/mpeg\" src=\"https:\/\/www.radiopiu.net\/wordpress\/wp-content\/uploads\/2020\/11\/gianluigi.mp3?_=1\" \/><a href=\"https:\/\/www.radiopiu.net\/wordpress\/wp-content\/uploads\/2020\/11\/gianluigi.mp3\">https:\/\/www.radiopiu.net\/wordpress\/wp-content\/uploads\/2020\/11\/gianluigi.mp3<\/a><\/audio>\n<div class=\"kvgmc6g5 cxmmr5t8 oygrvhab hcukyx3x c1et5uql ii04i59q\">\n<div dir=\"auto\">Emergenza <a class=\"oajrlxb2 g5ia77u1 qu0x051f esr5mh6w e9989ue4 r7d6kgcz rq0escxv nhd2j8a9 nc684nl6 p7hjln8o kvgmc6g5 cxmmr5t8 oygrvhab hcukyx3x jb3vyjys rz4wbd8a qt6c0cv9 a8nywdso i1ao9s8h esuyzwwr f1sip0of lzcic4wl q66pz984 gpro0wi8 b1v8xokw\" tabindex=\"0\" role=\"link\" href=\"https:\/\/www.facebook.com\/hashtag\/covid19?__eep__=6&amp;__cft__[0]=AZXB_n4IZKfOxC8k8psxVCBvAraRj1xGJH78ugRe2nDRuZ5RplLDStLEFVg-prvBgUdB5GYK16iiiA2wYBZLzw-y82ehrJtskgEO9PfmKOL6TTm44AyY5AW1NTsLwpR-9KXD94oJBjBpEPLw_EcN9TFg&amp;__tn__=*NK-R\">#COVID19<\/a> <span class=\"pq6dq46d tbxw36s4 knj5qynh kvgmc6g5 ditlmg2l oygrvhab nvdbi5me sf5mxxl7 gl3lb2sf hhz5lgdu\"><img loading=\"lazy\" decoding=\"async\" src=\"https:\/\/static.xx.fbcdn.net\/images\/emoji.php\/v9\/t6e\/1\/16\/1f534.png\" alt=\"\" width=\"16\" height=\"16\" \/><\/span> Evitiamo di ricadere negli stessi errori o sottovalutazioni del passato, <span class=\"pq6dq46d tbxw36s4 knj5qynh kvgmc6g5 ditlmg2l oygrvhab nvdbi5me sf5mxxl7 gl3lb2sf hhz5lgdu\"><img loading=\"lazy\" decoding=\"async\" src=\"https:\/\/static.xx.fbcdn.net\/images\/emoji.php\/v9\/t77\/1\/16\/203c.png\" alt=\"&#x203c;&#xfe0f;\" width=\"16\" height=\"16\" \/><\/span> Oltre 5.000 infermieri stanno partecipando al concorso Azienda Zero: assumiamoli!<\/div>\n<\/div>\n<p>&nbsp;<\/p>\n<p>&nbsp;<\/p>\n<hr \/>\n<h1 class=\"entry-title\"><strong><span style=\"color: #ff6600;\">\u00a0\u00a0<\/span><\/strong><\/h1>\n<blockquote>\n<h1>AD UMIN BRUCIA UN&#8217;ABITAZIONE, DANNI INGENTI, UNA FAMIGLIA SENZA CASA<\/h1>\n<\/blockquote>\n<p><strong>FELTRE<\/strong> Dispiegamento di uomini e mezzi nel pomeriggio alle 17 in localit\u00e0 Umin. Vigili del Fuoco in massa\u00a0 per spegnere le fiamme che hanno interessato l&#8217;abitazione dei coniugi Lara Nard e\u00a0 Demis Giordano (di propriet\u00e0 della famiglia Cecchin). L&#8217;edificio, seriamente danneggiato \u00e8 risultato inagibile. Proprietari e familiari illesi perch\u00e9 sono riusciti a mettersi in salvo, in casa c&#8217;era la mamma con i quattro figli dai 5 ai 13 anni,\u00a0 momentaneamente sono alloggiati a in casa di partenti. Per i rilievi di legge sono intervenuti i Carabinieri.\u00a0 I vigili del fuoco sono arrivati dal locale distaccamento, da Belluno e con i volontari di Feltre, basso feltrino e Belluno con 3 autopompe, 2 autobotti, un\u2019autoscala, un carro aria, 4 mezzi di supporto e 25 operatori, sono riusciti a circoscrivere le fiamme, evitando il coinvolgimento di tutto il caseggiato. Bruciato tutto il tetto e il piano sottostante dell\u2019abitazione dove sono divampate le fiamme, danneggiata la propriet\u00e0 attigua. Proseguite per tutta la notte le operazioni di completo raffreddamento e bonifica. Le cause dell\u2019incendio sono al vaglio dei tecnici dei vigili del fuoco che stanno valutando tutte le ipotesi sulla scorta anche delle testimonianze, quella di un vicino di casa in particolare, l&#8217;uomo \u00e8 intervenuto per primo e che ha raccontato di uno scoppio che ha preceduto le fiamme, forse causato\u00a0 da una bombola del gas.<\/p>\n\n\t\t\t<style type='text\/css'>\n\t\t\t\t#gallery-1 {\n\t\t\t\t\tmargin: auto;\n\t\t\t\t}\n\t\t\t\t#gallery-1 .gallery-item {\n\t\t\t\t\tfloat: left;\n\t\t\t\t\tmargin-top: 10px;\n\t\t\t\t\ttext-align: center;\n\t\t\t\t\twidth: 25%;\n\t\t\t\t}\n\t\t\t\t#gallery-1 img {\n\t\t\t\t\tborder: 2px solid #cfcfcf;\n\t\t\t\t}\n\t\t\t\t#gallery-1 .gallery-caption {\n\t\t\t\t\tmargin-left: 0;\n\t\t\t\t}\n\t\t\t\t\/* see gallery_shortcode() in wp-includes\/media.php *\/\n\t\t\t<\/style>\n\t\t<div id='gallery-1' class='dt-gallery-container gallery galleryid-174670 gallery-columns-4 gallery-size-thumbnail'><dl class='gallery-item'>\n\t\t\t\t<dt class='gallery-icon landscape'>\n\t\t\t\t\t<a class=\"rollover rollover-zoom dt-pswp-item\" title=\"5ddd9d8b-a681-4565-a125-65108b7a9982\" data-dt-img-description=\"\" data-large_image_width=\"1280\" data-large_image_height=\"960\"href='https:\/\/www.radiopiu.net\/wordpress\/wp-content\/uploads\/2020\/11\/5ddd9d8b-a681-4565-a125-65108b7a9982.jpg'><img loading=\"lazy\" decoding=\"async\" width=\"150\" height=\"150\" src=\"https:\/\/www.radiopiu.net\/wordpress\/wp-content\/uploads\/2020\/11\/5ddd9d8b-a681-4565-a125-65108b7a9982-150x150.jpg\" class=\"attachment-thumbnail size-thumbnail\" alt=\"\" \/><\/a>\n\t\t\t\t<\/dt><\/dl><dl class='gallery-item'>\n\t\t\t\t<dt class='gallery-icon landscape'>\n\t\t\t\t\t<a class=\"rollover rollover-zoom dt-pswp-item\" title=\"db3c85c2-d524-47db-b84e-6b5b12410188\" data-dt-img-description=\"\" data-large_image_width=\"960\" data-large_image_height=\"528\"href='https:\/\/www.radiopiu.net\/wordpress\/wp-content\/uploads\/2020\/11\/db3c85c2-d524-47db-b84e-6b5b12410188.jpg'><img loading=\"lazy\" decoding=\"async\" width=\"150\" height=\"150\" src=\"https:\/\/www.radiopiu.net\/wordpress\/wp-content\/uploads\/2020\/11\/db3c85c2-d524-47db-b84e-6b5b12410188-150x150.jpg\" class=\"attachment-thumbnail size-thumbnail\" alt=\"\" \/><\/a>\n\t\t\t\t<\/dt><\/dl><dl class='gallery-item'>\n\t\t\t\t<dt class='gallery-icon landscape'>\n\t\t\t\t\t<a class=\"rollover rollover-zoom dt-pswp-item\" title=\"3941e9d3-8081-4239-b705-6ec9a27458e5\" data-dt-img-description=\"\" data-large_image_width=\"720\" data-large_image_height=\"496\"href='https:\/\/www.radiopiu.net\/wordpress\/wp-content\/uploads\/2020\/11\/3941e9d3-8081-4239-b705-6ec9a27458e5.jpg'><img loading=\"lazy\" decoding=\"async\" width=\"150\" height=\"150\" src=\"https:\/\/www.radiopiu.net\/wordpress\/wp-content\/uploads\/2020\/11\/3941e9d3-8081-4239-b705-6ec9a27458e5-150x150.jpg\" class=\"attachment-thumbnail size-thumbnail\" alt=\"\" \/><\/a>\n\t\t\t\t<\/dt><\/dl><dl class='gallery-item'>\n\t\t\t\t<dt class='gallery-icon landscape'>\n\t\t\t\t\t<a class=\"rollover rollover-zoom dt-pswp-item\" title=\"4bc3824c-37d1-48f5-8d93-4359f013d4fa\" data-dt-img-description=\"\" data-large_image_width=\"1280\" data-large_image_height=\"960\"href='https:\/\/www.radiopiu.net\/wordpress\/wp-content\/uploads\/2020\/11\/4bc3824c-37d1-48f5-8d93-4359f013d4fa.jpg'><img loading=\"lazy\" decoding=\"async\" width=\"150\" height=\"150\" src=\"https:\/\/www.radiopiu.net\/wordpress\/wp-content\/uploads\/2020\/11\/4bc3824c-37d1-48f5-8d93-4359f013d4fa-150x150.jpg\" class=\"attachment-thumbnail size-thumbnail\" alt=\"\" \/><\/a>\n\t\t\t\t<\/dt><\/dl><br style=\"clear: both\" \/>\n\t\t\t<\/div>\n\n<div style=\"width: 1200px;\" class=\"wp-video\"><video class=\"wp-video-shortcode\" id=\"video-174670-1\" width=\"1200\" height=\"675\" preload=\"metadata\" controls=\"controls\"><source type=\"video\/mp4\" src=\"https:\/\/www.radiopiu.net\/wordpress\/wp-content\/uploads\/2020\/11\/WhatsApp-Video-2020-11-24-at-22.27.15.mp4?_=1\" \/><a href=\"https:\/\/www.radiopiu.net\/wordpress\/wp-content\/uploads\/2020\/11\/WhatsApp-Video-2020-11-24-at-22.27.15.mp4\">https:\/\/www.radiopiu.net\/wordpress\/wp-content\/uploads\/2020\/11\/WhatsApp-Video-2020-11-24-at-22.27.15.mp4<\/a><\/video><\/div>\n<p>&nbsp;<\/p>\n<p>&nbsp;<\/p>\n<hr \/>\n<p>&nbsp;<\/p>\n<blockquote>\n<h3>CALCIO CADORINO IN LUTTO, E&#8217; MORTO A 64 ANNI ANTONIO RUZZA<\/h3>\n<\/blockquote>\n<div class=\"kvgmc6g5 cxmmr5t8 oygrvhab hcukyx3x c1et5uql ii04i59q\">\n<div dir=\"auto\"><a href=\"https:\/\/www.radiopiu.net\/wordpress\/giornale-radiopiu-25-novembre-2020-direttore-mirko-mezzacasa\/127033099_2794920440784222_2090675983218861068_n\/\" rel=\"attachment wp-att-174885\"><img loading=\"lazy\" decoding=\"async\" class=\"size-medium wp-image-174885 alignleft\" src=\"https:\/\/www.radiopiu.net\/wordpress\/wp-content\/uploads\/2020\/11\/127033099_2794920440784222_2090675983218861068_n-249x300.jpg\" alt=\"\" width=\"249\" height=\"300\" srcset=\"https:\/\/www.radiopiu.net\/wordpress\/wp-content\/uploads\/2020\/11\/127033099_2794920440784222_2090675983218861068_n-249x300.jpg 249w, https:\/\/www.radiopiu.net\/wordpress\/wp-content\/uploads\/2020\/11\/127033099_2794920440784222_2090675983218861068_n.jpg 526w\" sizes=\"auto, (max-width: 249px) 100vw, 249px\" \/><\/a><strong>DOMEGGE DI CADORE<\/strong>L&#8217;FC CADORE 1918 la sua squadra aveva\u00a0 sperato tutti fine alla fine che Toni riuscisse a vincere la battaglia contro il covid, invece\u00a0 ieri si \u00e8 spento lo\u00a0 storico dirigente Antonio Ruzza. Su facebook la societ\u00e0 lascia un toccante ricordo:<\/div>\n<div dir=\"auto\"><em>Visto da tutti noi e dall\u2019ambiente sportivo provinciale e regionale come una persona di grande spessore umano, ha contribuito in modo fondamentale alla crescita di questa societ\u00e0 calcistica Cadorina. <\/em><em>Ricordato da coloro che lo hanno conosciuto per la sua disponibilit\u00e0, lealt\u00e0 e capacit\u00e0 di riuscire a distendere gli animi nelle situazioni pi\u00f9 tese con un sorriso. Toni, rappresentava al meglio, con il suo spirito, il vero significato dello sport, una grave perdita non solo per la F.C.D.1919 CADORE ma per l\u2019intero movimento calcistico locale. <\/em><em>Era un dirigente che non amava apparire in prima linea, ma dedicava il suo tempo e il suo impegno dietro le quinte per mettere la propria squadra nelle condizioni di raggiungere i migliori risultati e presentarsi nel migliore dei modi nelle partite ufficiali.<\/em><\/div>\n<\/div>\n<div class=\"o9v6fnle cxmmr5t8 oygrvhab hcukyx3x c1et5uql ii04i59q\">\n<div dir=\"auto\">Alla famiglia Ruzza vanno le pi\u00f9 sentite condoglianze e siamo sicuri che la passione e lo spirito di Antonio Ruzza continueranno ad aleggiare nella societ\u00e0 insieme al ricordo del suo sorriso.<\/div>\n<\/div>\n<blockquote><p>&nbsp;<\/p><\/blockquote>\n<p>&nbsp;<\/p>\n<p>&nbsp;<\/p>\n<hr \/>\n<blockquote>\n<h2><a href=\"https:\/\/www.radiopiu.net\/wordpress\/giornale-radiopiu-25-novembre-2020-direttore-mirko-mezzacasa\/127280200_174241881008119_939941078052920206_n\/\" rel=\"attachment wp-att-174882\"><img loading=\"lazy\" decoding=\"async\" class=\"size-medium wp-image-174882 alignleft\" src=\"https:\/\/www.radiopiu.net\/wordpress\/wp-content\/uploads\/2020\/11\/127280200_174241881008119_939941078052920206_n-150x300.jpg\" alt=\"\" width=\"150\" height=\"300\" srcset=\"https:\/\/www.radiopiu.net\/wordpress\/wp-content\/uploads\/2020\/11\/127280200_174241881008119_939941078052920206_n-150x300.jpg 150w, https:\/\/www.radiopiu.net\/wordpress\/wp-content\/uploads\/2020\/11\/127280200_174241881008119_939941078052920206_n.jpg 280w\" sizes=\"auto, (max-width: 150px) 100vw, 150px\" \/><\/a>FRONTALE CON UN CAMION, GRAVE UN AUTOMOBILISTA<\/h2>\n<\/blockquote>\n<p>&nbsp;<\/p>\n<p><strong>FELTRE<\/strong> L&#8217;automobilista rimasto ferito nel grave incidente lungo la feltrina da ieri sera \u00e8 in ospedale in prognosi riservata ma non in pericolo di vita.\u00a0 Lo scontro frontale con un autoarticolato\u00a0 alle 19. P.B., 31 anni, padovano di Piove di Sacco, era alla guida di una Audi Q3 con la quale viaggiava verso Feltre, l&#8217;autoarticolato condotto da S.B., 33 anni, residente in Romania. L&#8217;audi aveva iniziato una manovra di sorpasso, andando per\u00f2 a urtare frontalmente con il mezzo pesante.\u00a0 Quando vigili del fuoco e sanitari l&#8217;hanno estratto dall&#8217;auto l&#8217;uomo era cosciente. La Feltrina \u00e8 rimasta per ore completamente chiusa tra Le Croci e la Chiusa di Anz\u00f9, con deviazione sulla Sinistra Piave. \u00c8 stato necessario l&#8217;intervento di una autogr\u00f9 pesante per spostare l&#8217;autoarticolato, perch\u00e9 l&#8217;urto con la macchina ha danneggiato gli organi di manovra della motrice, bloccandola sul posto.<\/p>\n<p>&nbsp;<\/p>\n<p>&nbsp;<\/p>\n<p>&nbsp;<\/p>\n<p>&nbsp;<\/p>\n<p>&nbsp;<\/p>\n<hr \/>\n<h1 class=\"entry-title\"><strong><span style=\"color: #ff6600;\">\u00a0<\/span><\/strong><\/h1>\n<h1 class=\"entry-title\"><strong><span style=\"color: #ff6600;\">25 NOVEMBRE \u2013 GIORNATA INTERNAZIONALE PER L\u2019ELIMINAZIONE DELLA VIOLENZA CONTRO LE DONNE<\/span><\/strong><\/h1>\n<blockquote>\n<h3>DAL CONSIGLIO PROVINCIALE, PAOLO VENDRAMINI<\/h3>\n<\/blockquote>\n<audio class=\"wp-audio-shortcode\" id=\"audio-174670-2\" preload=\"none\" style=\"width: 100%;\" controls=\"controls\"><source type=\"audio\/mpeg\" src=\"https:\/\/www.radiopiu.net\/wordpress\/wp-content\/uploads\/2020\/11\/vendramini.mp3?_=2\" \/><a href=\"https:\/\/www.radiopiu.net\/wordpress\/wp-content\/uploads\/2020\/11\/vendramini.mp3\">https:\/\/www.radiopiu.net\/wordpress\/wp-content\/uploads\/2020\/11\/vendramini.mp3<\/a><\/audio>\n<p>&nbsp;<\/p>\n<p>&nbsp;<\/p>\n<blockquote>\n<h3><strong>FELTRE<\/strong>\u00a0 Alle\u00a0 11.30 presso Porta Imperiale si terr\u00e0 un momento istituzionale alla presenza dell&#8217;Assessore alle Pari Opportunit\u00e0 Giorgia Li Castri e della Presidente della Commissione Pari Opportunit\u00e0 Patrizia Maria Milani. Flavia Monego, consigliera provinciale di parit\u00e0, parteciper\u00e0 alla manifestazione <em>&#8220;Il ruolo della donna nel mondo del lavoro \u00e8 sempre pi\u00f9 difficile&#8221;<\/em><\/h3>\n<\/blockquote>\n<p><strong>AUDIO FLAVIA MONEGO<\/strong><\/p>\n<audio class=\"wp-audio-shortcode\" id=\"audio-174670-3\" preload=\"none\" style=\"width: 100%;\" controls=\"controls\"><source type=\"audio\/mpeg\" src=\"https:\/\/www.radiopiu.net\/wordpress\/wp-content\/uploads\/2020\/11\/FLAVIA.mp3?_=3\" \/><a href=\"https:\/\/www.radiopiu.net\/wordpress\/wp-content\/uploads\/2020\/11\/FLAVIA.mp3\">https:\/\/www.radiopiu.net\/wordpress\/wp-content\/uploads\/2020\/11\/FLAVIA.mp3<\/a><\/audio>\n<p>&nbsp;<\/p>\n<blockquote>\n<h1><strong><span style=\"color: #ff6600;\">TEATRO ILLUMINATO E SPETTACOLO GRATUITO<\/span><\/strong><\/h1>\n<\/blockquote>\n<p><strong>BELLUNO<\/strong>\u00a0 In occasione delle Giornata internazionale contro la violenza sulle donne il Comune di Belluno questa sera illuminer\u00e0 \u00a0di arancione il teatro comunale, a ricordare l&#8217;iniziativa dell&#8217; ente delle Nazioni Unite per l\u2019uguaglianza di genere, \u201cOrange the world\u201d. Inoltre, per tutta la giornata sar\u00e0 disponibile sul sito istituzionale del Comune un link che permetter\u00e0 di assistere online allo spettacolo teatrale \u201cTi amo da morirne\u201d,\u00a0 di Mena Vasellino che racconta la storia di un femminicidio. La visione della rappresentazione per i cittadini sar\u00e0 gratuita.<\/p>\n<p>&nbsp;<\/p>\n<blockquote>\n<h1><strong><span style=\"color: #ff6600;\">STOP RICOMINCIO DA ME<\/span><\/strong><\/h1>\n<\/blockquote>\n<p><strong>ALPAGO <\/strong>Oggi<strong> a<\/strong>lle 20.30 in diretta dalla pagina facebook del Comune di Alpago interverranno: Paola Pierobon pittrice e scrittrice di donne, autrice dell&#8217;icona simbolo della serata; Grazia Costa insegnate e attrice di poesie con racconti ed immagini. Moderatrice Laura Funes consigliere comunale alla cultura. In questa occasione i Municipi di Farra, Pieve e Puos saranno illuminati di rosso.<\/p>\n<p>&nbsp;<\/p>\n<blockquote>\n<h1><strong><span style=\"color: #ff6600;\">VIOLENZA SULLE DONNE. BERTON: &#8220;IL COVID HA PEGGIORATO LA SITUAZIONE&#8221;<\/span><\/strong><\/h1>\n<\/blockquote>\n<p><strong>BELLUNO<\/strong> Fragilit\u00e0 economica, aumento dei carichi familiari e assistenziali: il lockdown e la pandemia hanno peggiorato la qualit\u00e0 della vita di tantissime donne, spesso aumentando i fenomeni di violenza. Mondo delle Istituzioni, societ\u00e0 civile, imprese devono intervenire massicciamente per evitare che le cose peggiorino. Il cambiamento \u00e8 soprattutto culturale e non possiamo permetterci passi indietro a causa del virus\u201d. A dirlo, in occasione della Giornata mondiale contro la violenza sulle donne, \u00e8 Lorraine Berton, presidente di Confindustria Belluno Dolomiti. \u201cQuesti mesi durissimi \u2013 sotto molti punti di vista \u2013 sono stati gestiti da donne che si sono dovute sdoppiare nella vita privata e nel lavoro, spesso impossibilitate a chiedere aiuto. Soprattutto le donne pi\u00f9 fragili si sono trovate disarmate e sole: nei loro confronti dobbiamo tutti responsabilizzarci, ognuno per la propria parte\u201d.\u00a0 Quanto ai fenomeni di violenza, Berton rinnova l\u2019appello pi\u00f9 volte formulato anche in passato: \u201cAlle vittime di violenza dico di denunciare sempre e a chi \u00e8 a conoscenza di situazioni di questo tipo di non girarsi dall\u2019altra parte. Il silenzio \u00e8 il primo complice di questo fenomeno subdolo e ancora strisciante, che si nutre di retaggi culturali e machismo da quattro soldi\u201d.<\/p>\n<p>&nbsp;<\/p>\n<blockquote>\n<h1><strong><span style=\"color: #ff6600;\">PIU&#8217; RISORSE E IN TEMPI RAPIDI PER I CENTRI E CASE RIFUGIO<\/span><\/strong><\/h1>\n<\/blockquote>\n<p><strong>VENEZIA<\/strong> <em>\u201cPer contrastare efficacemente la violenza di genere servono maggiori finanziamenti a centri antiviolenza e case rifugio e, soprattutto, devono arrivare in tempi brevi. Purtroppo non \u00e8 cos\u00ec: basti pensare che non sono stati completamente liquidati dalle Regioni i fondi del biennio 2015-2016, per quelli del 2019 siamo fermi al 10% e per il 2020 il Dipartimento pari opportunit\u00e0 del Governo deve sempre emanare il decreto per la ripartizione dei 28 milioni previsti&#8221;<\/em> \u00c8 quanto affermano in una nota i consiglieri regionali del Partito Democratico commentando i dati contenuti nel monitoraggio di Action Aid. <em>\u201cNel 2020 femminicidi e maltrattamenti sono aumentati a causa della convivenza forzata tra vittime e carnefici. Solo nei mesi del lockdown le telefonate al numero verde 1522 sono state 15.280, con un incremento del 119% rispetto allo stesso periodo del 2019. Numeri probabilmente sottodimensionati perch\u00e9 \u00e8 difficile chiedere aiuto quando la maggior parte degli episodi avvengono in ambito familiare\u201d.\u00a0\u00a0<\/em><\/p>\n<p>&nbsp;<\/p>\n<p>&nbsp;<\/p>\n<blockquote>\n<h1><span style=\"color: #ff6600;\">DUE INIZIATIVE CON L&#8217;ARMA DEI CARABINIERI<\/span><\/h1>\n<\/blockquote>\n<blockquote>\n<h1><span style=\"font-size: 14px; font-weight: normal;\"><img loading=\"lazy\" decoding=\"async\" class=\"alignleft\" src=\"https:\/\/www.radiopiu.net\/wordpress\/wp-content\/uploads\/2020\/11\/giornata-contro-violenze-seulle-donne.jpg\" width=\"203\" height=\"139\" \/>Oggi avr\u00e0 inizio la campagna internazionale Orange the world. L&#8217;Arma parteciper\u00e0 all&#8217;iniziativa illuminando la facciata della Caserma di Viale Europa sede del Comando Provinciale dei Carabinieri.\u00a0 All&#8217;interno \u00e8 stata realizzata una stanza &#8220;Tutta per se&#8221; locale idoneo all&#8217;ascolto protetto delle vittime. In serata accensione del fascio di luce con il comandante provinciale e Nadia Della Vecchia di Soroptimist. <\/span><\/h1>\n<h1><span style=\"font-size: 14px; font-weight: normal;\">Altra iniziativa: la locandina &#8220;rialziamoci insieme&#8221; messaggio di fiducia, vicinanza e speranza per tutte le donne che si sono dovute piegare o che sono &#8220;Cadute&#8221; sotto i colpi fisici e morali dell&#8217;uomo malvagio ma che assieme all&#8217;Arma e alle altre istituzioni possono rialzarsi e tornare alla vita di prima. La locandina \u00e8 stata realizzata con il contributo del Maggiore Emanuela Cervellera, comandante della Compagnia di Belluno e dalla fotografa feltrina Eleonora Emmi.<\/span><\/h1>\n<\/blockquote>\n<p><strong>I DATI DEI CARABNIERI<\/strong> DAL 1 GENNAIO 2020: MALTRATTAMENTI 70, LESIONI PERSONALI 45, PORNOGRAFIA MINORILE E DETENZIONE MATERIALE 2 VIOLENZA SESSUALE 14, ATTI SESSUALI CON MINORENNE 4, ATTI PERSECUTORI 38, DIFFUSIONE IMMAGINI E VIDEO SESSUALMENTE ESPLICITI 2, PROSTITUZIONE 1, ALTRI 39, <strong>TOTALE 215.<\/strong><\/p>\n<p><strong>MISURE CAUTELARI:<\/strong> ARRESTI DOMICILIARI 3, ARRESTI 1, LIBERTA&#8217; VIGILATA 1, DIVIETO DI AVVICINAMENTO E COMUNICAZIONE 9, OBBLIGO DI FIRMA 1,<strong> TOTALE 15<\/strong>.<\/p>\n<a href=\"https:\/\/www.radiopiu.net\/wordpress\/wp-content\/uploads\/2020\/11\/volantino-25-novembre-BL.pdf\" class=\"pdfemb-viewer\" style=\"\" data-width=\"max\" data-height=\"max\" data-toolbar=\"top\" data-toolbar-fixed=\"on\">volantino 25 novembre BL<\/a>\n<p>&nbsp;<\/p>\n<p>&nbsp;<\/p>\n<p>&nbsp;<\/p>\n<blockquote>\n<h1><strong><span style=\"color: #ff6600;\">CONFERENZA STAMPA DELLA POLIZIA IN PIAZZA DEI MARTIRI: SI PARLA DELLA VIOLENZA SULLE DONNE<\/span><\/strong><\/h1>\n<p>&nbsp;<\/p><\/blockquote>\n<p><strong><a href=\"https:\/\/www.radiopiu.net\/wordpress\/conferenza-stampa-della-polizia-in-piazza-dei-martiri-si-parla-della-violenza-sulle-donne\/990b0c95-7818-47e3-acc2-9c12146d0fa4\/\" rel=\"attachment wp-att-174776\"><img loading=\"lazy\" decoding=\"async\" class=\"size-medium wp-image-174776 alignleft\" src=\"https:\/\/www.radiopiu.net\/wordpress\/wp-content\/uploads\/2020\/11\/990b0c95-7818-47e3-acc2-9c12146d0fa4-300x138.jpg\" alt=\"\" width=\"300\" height=\"138\" srcset=\"https:\/\/www.radiopiu.net\/wordpress\/wp-content\/uploads\/2020\/11\/990b0c95-7818-47e3-acc2-9c12146d0fa4-300x138.jpg 300w, https:\/\/www.radiopiu.net\/wordpress\/wp-content\/uploads\/2020\/11\/990b0c95-7818-47e3-acc2-9c12146d0fa4-1024x472.jpg 1024w, https:\/\/www.radiopiu.net\/wordpress\/wp-content\/uploads\/2020\/11\/990b0c95-7818-47e3-acc2-9c12146d0fa4-768x354.jpg 768w, https:\/\/www.radiopiu.net\/wordpress\/wp-content\/uploads\/2020\/11\/990b0c95-7818-47e3-acc2-9c12146d0fa4-1536x708.jpg 1536w, https:\/\/www.radiopiu.net\/wordpress\/wp-content\/uploads\/2020\/11\/990b0c95-7818-47e3-acc2-9c12146d0fa4.jpg 1600w\" sizes=\"auto, (max-width: 300px) 100vw, 300px\" \/><\/a>BELLUNO<\/strong><\/p>\n<p>di Moreno Gioli<\/p>\n<audio class=\"wp-audio-shortcode\" id=\"audio-174670-4\" preload=\"none\" style=\"width: 100%;\" controls=\"controls\"><source type=\"audio\/mpeg\" src=\"https:\/\/www.radiopiu.net\/wordpress\/wp-content\/uploads\/2020\/11\/GIOLI-BILANCIO-SQUADRA-MOBILE.mp3?_=4\" \/><a href=\"https:\/\/www.radiopiu.net\/wordpress\/wp-content\/uploads\/2020\/11\/GIOLI-BILANCIO-SQUADRA-MOBILE.mp3\">https:\/\/www.radiopiu.net\/wordpress\/wp-content\/uploads\/2020\/11\/GIOLI-BILANCIO-SQUADRA-MOBILE.mp3<\/a><\/audio>\n<p>&nbsp;<\/p>\n<p><b>MARCO DELL&#8217;ARTE, DIRIGENTE SQUADRA ANTICRIMINE DELLA QUESTURA<\/b><\/p>\n<audio class=\"wp-audio-shortcode\" id=\"audio-174670-5\" preload=\"none\" style=\"width: 100%;\" controls=\"controls\"><source type=\"audio\/mpeg\" src=\"https:\/\/www.radiopiu.net\/wordpress\/wp-content\/uploads\/2020\/11\/MARCO-DELLARTE-ANTICRIMINE.mp3?_=5\" \/><a href=\"https:\/\/www.radiopiu.net\/wordpress\/wp-content\/uploads\/2020\/11\/MARCO-DELLARTE-ANTICRIMINE.mp3\">https:\/\/www.radiopiu.net\/wordpress\/wp-content\/uploads\/2020\/11\/MARCO-DELLARTE-ANTICRIMINE.mp3<\/a><\/audio>\n<p>&nbsp;<\/p>\n<p><b>JACOPO BALLARIN, DIRIGENTE SQUADRA MOBILE<\/b><\/p>\n<audio class=\"wp-audio-shortcode\" id=\"audio-174670-6\" preload=\"none\" style=\"width: 100%;\" controls=\"controls\"><source type=\"audio\/mpeg\" src=\"https:\/\/www.radiopiu.net\/wordpress\/wp-content\/uploads\/2020\/11\/JACOPO-BALLARIN-SQUADRA-MOBILE.mp3?_=6\" \/><a href=\"https:\/\/www.radiopiu.net\/wordpress\/wp-content\/uploads\/2020\/11\/JACOPO-BALLARIN-SQUADRA-MOBILE.mp3\">https:\/\/www.radiopiu.net\/wordpress\/wp-content\/uploads\/2020\/11\/JACOPO-BALLARIN-SQUADRA-MOBILE.mp3<\/a><\/audio>\n<p>&nbsp;<\/p>\n<p>&nbsp;<\/p>\n<p>&nbsp;<\/p>\n<p>&nbsp;<\/p>\n<hr \/>\n<p>&nbsp;<\/p>\n<blockquote>\n<h3>L&#8217;AUTOCERTIFICAZIONE<\/h3>\n<\/blockquote>\n<p><a href=\"https:\/\/www.radiopiu.net\/wordpress\/wp-content\/uploads\/2020\/11\/modello_autodichiarazione_editabile_ottobre_2020.pdf\">PER SCARICARE L&#8217;AUTOCERTIFICAZIONE CLICCA QUI\u00a0<\/a><\/p>\n<p>&nbsp;<\/p>\n<p>&nbsp;<\/p>\n<blockquote class=\"wp-embedded-content\" data-secret=\"i2ruwQwG8l\"><p><a href=\"https:\/\/www.radiopiu.net\/wordpress\/pref-23-nov\/\">DALLA PREFETTURA DI BELLUNO IL MONITORAGGIO DEI CONTROLLI, 16-22 NOVEMBRE<\/a><\/p><\/blockquote>\n<p><iframe loading=\"lazy\" class=\"wp-embedded-content\" sandbox=\"allow-scripts\" security=\"restricted\" style=\"position: absolute; clip: rect(1px, 1px, 1px, 1px);\" title=\"&#8220;DALLA PREFETTURA DI BELLUNO IL MONITORAGGIO DEI CONTROLLI, 16-22 NOVEMBRE&#8221; &#8212; Radio Pi\u00f9\" src=\"https:\/\/www.radiopiu.net\/wordpress\/pref-23-nov\/embed\/#?secret=i2ruwQwG8l\" data-secret=\"i2ruwQwG8l\" width=\"600\" height=\"338\" frameborder=\"0\" marginwidth=\"0\" marginheight=\"0\" scrolling=\"no\"><\/iframe><\/p>\n<p>&nbsp;<\/p>\n<p>&nbsp;<\/p>\n<hr \/>\n<p>&nbsp;<\/p>\n<blockquote>\n<h3><img loading=\"lazy\" decoding=\"async\" class=\"alignleft\" src=\"https:\/\/www.radiopiu.net\/wordpress\/wp-content\/uploads\/2018\/08\/ACQUA.jpeg\" width=\"222\" height=\"133\" \/>ACQUA INQUINATA A CENCENIGHE &#8211; PRA DI MEZZO<\/h3>\n<\/blockquote>\n<p><strong>CENCENIGHE<\/strong> Gestione Servizi Pubblici informa che a CENCENIGHE AGORDINO in LOCALITA&#8217; PRA&#8217; DI MEZZO, l&#8217;acqua erogata dall&#8217;acquedotto non \u00e8 potabile e pu\u00f2 essere usata per scopi alimentari SOLO PREVIA bollitura. GSP ha, comunque, gi\u00e0 adottato le necessarie misure per la disinfezione dell&#8217;acqua presente nei serbatoi e nella rete idrica con l&#8217;aggiunta di cloro.<\/p>\n<p>&nbsp;<\/p>\n<p>&nbsp;<\/p>\n<hr \/>\n<h3><\/h3>\n<blockquote>\n<h3>Gestione Servizi Pubblici informa che, per lavori alla rete idrica comunale, domani dalle 8 fino a FINE LAVORI verr\u00e0 sospesa l\u2019erogazione dell\u2019acqua a ROCCA PIETORE, nelle localit\u00e0 MALGA CIAPELA, SOTTOGUDA, SORAR\u00d9, BOSCO VERDE, ROCCA, COL DI ROCCA, PEZZ\u00c8, PALUE e PIAN. Il personale addetto operer\u00e0 per limitare il pi\u00f9 possibile i disagi alla popolazione<\/h3>\n<\/blockquote>\n<p>&nbsp;<\/p>\n<p>&nbsp;<\/p>\n<hr \/>\n<p>&nbsp;<\/p>\n<blockquote>\n<h3>SCALE MOBILI CHIUSE A BELLUNO<\/h3>\n<\/blockquote>\n<p><strong>Le scale mobili che collegano il parcheggio di Lambioi con piazza Duomo verranno chiuse al pubblico tutte le sere alle 22.30, senza distinzioni.<\/strong><\/p>\n<p>&nbsp;<\/p>\n<p>&nbsp;<\/p>\n<hr \/>\n<p>&nbsp;<\/p>\n<blockquote>\n<h3>TAIBON Istituzione del divieto di accesso e di sosta su tutta la piazza San Cipriano oggetto di lavori di manutenzione straordinaria per il rifacimento del piano viabile danneggiato, lungo le intersezioni con via Aivata, via Paris Bordone e via\u00a0 Besarel, dal 12 novembre al 27 novembre, comunque fino al termine dei lavori.\u00a0 Resta possibile, in funzione delle varie aree di lavorazione, la temporanea istituzione di corridoi di accesso su parte della piazza da parte della ditta esecutrice dei lavori;<span style=\"color: #0000ff;\"> Le corse delle linee extraurbane della Dolomitibus ometteranno il transito alla fermata di San Cipriano transitando lungo la regionale 203 agordina. Le corse Villanova-Agordo effettueranno il percorso alternativo per Strapont omettendo la tratta per San Cipriano-Municipio. Verranno pertanto soppresse le fermate: San Cipriano, Napi, Piazza Municipio, saranno attivate quelle sul percorso per Strapont.<\/span><\/h3>\n<\/blockquote>\n<p><strong>AGORDO<\/strong> \u00a0chiusura della strada silvo-pastorale Farenzena &#8211; Don, da oggi\u00a0 al 15 dicembre 2020 e comunque fino a fine lavori, con\u00a0riapertura del tratto interessato nelle giornate di sabato e domenica ed eventuali festivi\u00a0infrasettimanali,\u00a0per consentire l\u2019esecuzione dei lavori di esbosco.<\/p>\n<p>&nbsp;<\/p>\n<p>&nbsp;<\/p>\n<hr \/>\n<p>&nbsp;<\/p>\n<blockquote>\n<h2>SPECIALE AREE INTERNE SEI ANNI DOPO, DI GIANNI SANTOMASO<\/h2>\n<\/blockquote>\n<p>&nbsp;<\/p>\n<p><strong><a href=\"https:\/\/www.radiopiu.net\/wordpress\/giornale-radiopiu-05-dicembre-2018-direttore-mirko-mezzacasa\/whatsapp-image-2018-12-05-at-04-50-34\/\" rel=\"attachment wp-att-68346\"><img loading=\"lazy\" decoding=\"async\" class=\"wp-image-68346 alignleft\" src=\"https:\/\/www.radiopiu.net\/wordpress\/wp-content\/uploads\/2018\/12\/WhatsApp-Image-2018-12-05-at-04.50.34-300x225.jpeg\" alt=\"\" width=\"160\" height=\"120\" srcset=\"https:\/\/www.radiopiu.net\/wordpress\/wp-content\/uploads\/2018\/12\/WhatsApp-Image-2018-12-05-at-04.50.34-300x225.jpeg 300w, https:\/\/www.radiopiu.net\/wordpress\/wp-content\/uploads\/2018\/12\/WhatsApp-Image-2018-12-05-at-04.50.34-768x576.jpeg 768w, https:\/\/www.radiopiu.net\/wordpress\/wp-content\/uploads\/2018\/12\/WhatsApp-Image-2018-12-05-at-04.50.34-1024x768.jpeg 1024w, https:\/\/www.radiopiu.net\/wordpress\/wp-content\/uploads\/2018\/12\/WhatsApp-Image-2018-12-05-at-04.50.34.jpeg 1599w\" sizes=\"auto, (max-width: 160px) 100vw, 160px\" \/><\/a><\/strong><\/p>\n<p><strong>AGORDO<\/strong><\/p>\n<p><strong>DI GIANNI SANTOMASO<\/strong><\/p>\n<audio class=\"wp-audio-shortcode\" id=\"audio-174670-7\" preload=\"none\" style=\"width: 100%;\" controls=\"controls\"><source type=\"audio\/mpeg\" src=\"https:\/\/www.radiopiu.net\/wordpress\/wp-content\/uploads\/2020\/11\/gianni-speciale-aree.mp3?_=7\" \/><a href=\"https:\/\/www.radiopiu.net\/wordpress\/wp-content\/uploads\/2020\/11\/gianni-speciale-aree.mp3\">https:\/\/www.radiopiu.net\/wordpress\/wp-content\/uploads\/2020\/11\/gianni-speciale-aree.mp3<\/a><\/audio>\n<p>&nbsp;<\/p>\n<hr \/>\n<p>&nbsp;<\/p>\n<p>&nbsp;<\/p>\n<blockquote>\n<h3>UNA GRANDE E INATTESA ATTENZIONE PER LA MONTAGNA. BUSSONE (UNCEM): &#8220;MI AUGURO CHE SIA LA STESSA DI TUTTI, POLITICI E IMPRESE, SULLE ISTANZE PER LA LEGGE DI BILANCIO E PER IL RECOVERY FUND&#8230;&#8221;<\/h3>\n<\/blockquote>\n<p><strong><a href=\"https:\/\/www.radiopiu.net\/wordpress\/giornale-radiopiu-06-novembre-2020-direttore-mirko-mezzacasa\/logouncem_no_scritta-wdtr\/\" rel=\"attachment wp-att-170846\"><img loading=\"lazy\" decoding=\"async\" class=\"size-medium wp-image-170846 alignleft\" src=\"https:\/\/www.radiopiu.net\/wordpress\/wp-content\/uploads\/2020\/11\/logoUNCEM_no_scritta-wdtr-300x300.jpg\" alt=\"\" width=\"300\" height=\"300\" srcset=\"https:\/\/www.radiopiu.net\/wordpress\/wp-content\/uploads\/2020\/11\/logoUNCEM_no_scritta-wdtr-300x300.jpg 300w, https:\/\/www.radiopiu.net\/wordpress\/wp-content\/uploads\/2020\/11\/logoUNCEM_no_scritta-wdtr-150x150.jpg 150w, https:\/\/www.radiopiu.net\/wordpress\/wp-content\/uploads\/2020\/11\/logoUNCEM_no_scritta-wdtr.jpg 640w\" sizes=\"auto, (max-width: 300px) 100vw, 300px\" \/><\/a>ROMA<\/strong><em> &#8220;Nelle ultime ore ho registrato una grande, inattesa, fortissima attenzione per la montagna e la sua economia. Della neve e dell&#8217;indotto. Attenzione per le montagne che presentano istanze al Governo, per i territori con imprese e forza lavoro da valorizzare. \u00c8 positivo si parli di montagna. Ma sarebbe importante che la stessa attenzione, anche da parte di chi la montagna la vede solo in una settimana bianca o in una gita della domenica&#8221;<\/em> Lo afferma Marco Bussone, Presidente Uncem ricordando che le istanze Uncem partono da una fiscalit\u00e0 differenziata e peculiare per imprese ed esercizi commerciali del territorio, da un potenziamento delle reti e delle infrastrutture tecnologiche, da uno sviluppo di nuovi servizi scolastici, sanitari, di trasporto che le comunit\u00e0 chiedono. <em>&#8220;Auspico &#8211; conclude Bussone &#8211;\u00a0 la stessa attenzione di tutti, oggi e sempre, sulle proposte dei territori per legge di bilancio e piano nazionale ripresa e resilienza. E se qualcuno vuole definirla &#8216;lobby della montagna&#8217;, lo faccia sostenendo fino in fondo le proposte e le istanze delle Autonomie locali e delle comunit\u00e0 che vivono e tengono in vita i territori&#8221;.\u00a0<\/em><\/p>\n<p>&nbsp;<\/p>\n<blockquote>\n<h3>BANDA ULTRALARGA, BUSSONE (UNCEM): &#8220;PIENA CONDIVISIONE AL MESSAGGIO DEL GOVERNO PER ACCELERARE LA REALIZZAZIONE DELLA RETE UNICA<\/h3>\n<\/blockquote>\n<p><em>&#8220;Per dare al Paese strumenti volti a superare il digital divide, servono visione e strategia. Piena condivisione del messaggio dei Ministri Gualtieri e Patuanelli indirizzato agli azionisti di Open Fiber per accelerare il percorso di realizzazione della rete unica. Uncem ripete da tempo e anche oggi che la rete italiana per la trasmissione dati deve essere rafforzata in tutto il Paese, con urgenza e che i Comuni montani hanno bisogno oggi della rete a banda ultralarga e non possono attendere il miglior momento di mercato per liquidare le partecipazioni. Senza per\u00f2 duplicazioni. Perch\u00e9 il rischio \u00e8 che in alcune aree si posino nel giro di qualche mese o pochi anni, pi\u00f9 reti parallele di fibra, di soggetti diversi. Ma anche, sul fronte opposto, che troppe aree restino scoperte. La rete unica \u00e8 una priorit\u00e0 del Paese per evitare questa polarizzazione. I Sindaci sono arrabbiati e anche quando iniziano i lavori, c&#8217;\u00e8 il rischio che poi i &#8216;pacchetti di fibra&#8217; non vengano commercializzati al dettaglio, che la rete resti spenta. Si acceleri quindi come indica oggi il Governo verso la &#8216;rete unica&#8217;. Uncem lo dice\u00a0 da luglio 2020, quando l&#8217;ipotesi \u00e8 stata fatta, analizzata e benedetta dalla politica. Uncem lo riafferma ora&#8221;.\u00a0\u00a0<\/em><\/p>\n<p>&nbsp;<\/p>\n<p>&nbsp;<\/p>\n<hr \/>\n<p>&nbsp;<\/p>\n<blockquote>\n<h3>PROVINCIA, MONDO DELLA SCUOLA E DOLOMITIBUS AL LAVORO PER DEFINIRE GLI SCENARI DEL TRASPORTO PUBBLICO DA GENNAIO<\/h3>\n<\/blockquote>\n<p><strong><a href=\"https:\/\/www.radiopiu.net\/wordpress\/cade-con-la-mountain-bike-e-si-ferisce-al-collo\/80c303ed-9a2e-49f0-8b20-3dd5e061bbf3\/\" rel=\"attachment wp-att-145520\"><img loading=\"lazy\" decoding=\"async\" class=\"size-medium wp-image-145520 alignleft\" src=\"https:\/\/www.radiopiu.net\/wordpress\/wp-content\/uploads\/2020\/06\/80c303ed-9a2e-49f0-8b20-3dd5e061bbf3-300x225.jpg\" alt=\"\" width=\"300\" height=\"225\" srcset=\"https:\/\/www.radiopiu.net\/wordpress\/wp-content\/uploads\/2020\/06\/80c303ed-9a2e-49f0-8b20-3dd5e061bbf3-300x225.jpg 300w, https:\/\/www.radiopiu.net\/wordpress\/wp-content\/uploads\/2020\/06\/80c303ed-9a2e-49f0-8b20-3dd5e061bbf3-1024x768.jpg 1024w, https:\/\/www.radiopiu.net\/wordpress\/wp-content\/uploads\/2020\/06\/80c303ed-9a2e-49f0-8b20-3dd5e061bbf3-768x576.jpg 768w, https:\/\/www.radiopiu.net\/wordpress\/wp-content\/uploads\/2020\/06\/80c303ed-9a2e-49f0-8b20-3dd5e061bbf3.jpg 1280w\" sizes=\"auto, (max-width: 300px) 100vw, 300px\" \/><\/a>BELLUNO\u00a0<\/strong>Si \u00e8 riunito il tavolo trasporti, convocato dalla Provincia per fare il punto della situazione e per delineare gli scenari futuri, che si apriranno dopo il 3 dicembre, con la possibilit\u00e0 di un graduale ritorno alla didattica in presenza. \u00ab<em>L\u2019obiettivo \u00e8 quello di predisporre alcuni quadri ipotetici, per farci trovare pronti gi\u00e0 nelle prossime settimane e attivare i servizi che saranno richiesti dalle nuove disposizioni dopo il 3 dicembre&#8221;<\/em> &#8211; sottolinea il presidente della Provincia, Roberto Padrin <em>. <\/em>\u00a0Il tavolo &#8211; con la partecipazione del consigliere provinciale delegato alla viabilit\u00e0 Dario Scopel, Dolomitibus, sindacati, categorie e scuola &#8211; \u00e8 partito dall\u2019analisi della situazione attuale, che vede una sostanziale tenuta del sistema abbonamenti per quanto riguarda gli studenti (-13% a ottobre rispetto al 2019), mentre registra un calo pi\u00f9 pesante per i lavoratori (-32%). L\u2019introduzione della didattica a distanza al 100% per le scuole superiori con l\u2019ultimo Dpcm ha fatto crollare i flussi di utenza, con diminuzioni variabili sulle diverse linee, anche dell\u201980% e oltre. I monitoraggi effettuati da Dolomitibus rilevano un passaggio dal 50% al 4% di passeggeri tra ottobre e novembre in Valbelluna-Destra Piave; dal 55% all\u20198% in Valbelluna-Sinistra Piave. La zona del Feltrino \u00e8 passata dal 55% al 9% di utenza, l\u2019Agordino mediamente dal 53% all\u20198%, mentre i flussi del Cadore sono calati dal 43% al 15%. \u00ab<em>Numeri preoccupanti &#8211; ha detto l\u2019amministratore delegato di Dolomitibus, Natalia Ranza -. Ma stiamo gi\u00e0 lavorando per tenere in equilibrio servizio ed esigenze dell\u2019utenza, soprattutto quella scolastica\u00a0 che al momento \u00e8 quasi azzerata per effetto della didattica a distanza alle scuole superiori. Abbiamo delineato un protocollo per il rientro graduale a scuola dopo le vacanze di Natale. Prevediamo un mix tra il 50% di didattica a distanza a partire da gennaio e il 50% in presenza, combinato con una capienza massima dei pullman al 50%&#8221;. <\/em><\/p>\n<p>&nbsp;<\/p>\n<hr \/>\n<p>&nbsp;<\/p>\n<blockquote>\n<h3>CALALZO, BANDO PER LE ASSOCIAZIONI SPORTIVE. A DISPOSIZIONE 15MILA EURO. DE CARLO: \u201cRICONOSCIAMO IL VALORE DELLO SPORT PER I NOSTRI RAGAZZI\u201d<\/h3>\n<\/blockquote>\n<p><strong><a href=\"https:\/\/www.radiopiu.net\/wordpress\/giornale-radiopiu-19-maggio-2020-direttore-mirko-mezzacasa\/luca-de-carlo-8\/\" rel=\"attachment wp-att-138787\"><img loading=\"lazy\" decoding=\"async\" class=\"size-full wp-image-138787 alignleft\" src=\"https:\/\/www.radiopiu.net\/wordpress\/wp-content\/uploads\/2020\/05\/Luca-De-Carlo.jpg\" alt=\"\" width=\"165\" height=\"228\" \/><\/a>CALALZO DI CADORE <\/strong>\u00c8 stato approvato dalla giunta del Comune di Calalzo di Cadore il bando che mette a disposizione delle associazioni e societ\u00e0 sportive del territorio 15mila euro per superare le difficolt\u00e0 legate a questo lungo periodo di emergenza Covid.\u00a0Chiari e semplici i requisiti per accedere: svolgere attivit\u00e0 sportiva con ragazzi tra i 5 e i 18 anni, avere sede in uno dei comuni dell&#8217;Unione Montana Centro Cadore e avere tra i tesserati ragazzi di Calalzo oppure svolgere attivit\u00e0 nel territorio calaltino.\u00a0La somma complessiva messa a disposizione per il bando \u00e8 di 15mila euro, che verr\u00e0 ripartita uniformemente tra tutte le realt\u00e0 che avranno visto accettata la propria domanda.\u00a0La domanda \u2013 il modulo sar\u00e0 reso disponibile a breve sul sito del Comune \u2013 dovr\u00e0 essere presentata per posta, a mano presso l&#8217;Ufficio Protocollo, via mail tradizionale o via PEC entro le ore 12.00 dell&#8217;11 dicembre 2020, cos\u00ec da consentire l&#8217;erogazione dell&#8217;intero contributo entro fine anno.<\/p>\n<p><strong>IL SINDACO DI CALALZO LUCA DE CARLO<\/strong><\/p>\n<audio class=\"wp-audio-shortcode\" id=\"audio-174670-8\" preload=\"none\" style=\"width: 100%;\" controls=\"controls\"><source type=\"audio\/mpeg\" src=\"https:\/\/www.radiopiu.net\/wordpress\/wp-content\/uploads\/2020\/11\/DE-CARLO-BANDO-SPORT.mp3?_=8\" \/><a href=\"https:\/\/www.radiopiu.net\/wordpress\/wp-content\/uploads\/2020\/11\/DE-CARLO-BANDO-SPORT.mp3\">https:\/\/www.radiopiu.net\/wordpress\/wp-content\/uploads\/2020\/11\/DE-CARLO-BANDO-SPORT.mp3<\/a><\/audio>\n<p>&nbsp;<\/p>\n<p>&nbsp;<\/p>\n<hr \/>\n<p>&nbsp;<\/p>\n<blockquote>\n<h3>\u201cPREMIO NAZIONALE DONNA DELL\u2019ANNO\u201d TRA LE FINALISTE ANCHE UNA BELLUNESE<\/h3>\n<\/blockquote>\n<p><a href=\"https:\/\/www.radiopiu.net\/wordpress\/progetto-family-con-il-secondo-bando-si-allarga-la-platea-degli-aderenti\/family-nicoletto\/\" rel=\"attachment wp-att-96205\"><img loading=\"lazy\" decoding=\"async\" class=\"size-medium wp-image-96205 alignleft\" src=\"https:\/\/www.radiopiu.net\/wordpress\/wp-content\/uploads\/2019\/08\/FAMILY-NICOLETTO-300x171.jpg\" alt=\"\" width=\"300\" height=\"171\" srcset=\"https:\/\/www.radiopiu.net\/wordpress\/wp-content\/uploads\/2019\/08\/FAMILY-NICOLETTO-300x171.jpg 300w, https:\/\/www.radiopiu.net\/wordpress\/wp-content\/uploads\/2019\/08\/FAMILY-NICOLETTO-768x439.jpg 768w, https:\/\/www.radiopiu.net\/wordpress\/wp-content\/uploads\/2019\/08\/FAMILY-NICOLETTO-1024x585.jpg 1024w, https:\/\/www.radiopiu.net\/wordpress\/wp-content\/uploads\/2019\/08\/FAMILY-NICOLETTO.jpg 1892w\" sizes=\"auto, (max-width: 300px) 100vw, 300px\" \/><\/a>Successo di partecipazione alla\u00a0terza edizione del \u201cPremio Donna dell\u2019anno 2020\u201d, il concorso ideato dell\u2019associazione trevigiana Innovation Future School, con l\u2019obiettivo di incentivare e sostenere personalit\u00e0 femminili di spicco\u00a0che con intuito e coraggio si sono distinte per essere le promotrici di iniziative che abbiano una particolare ricaduta sociale in ambito sia locale che nazionale. \u201cAnche quest\u2019anno sono arrivate centinaia di candidature \u2013 racconta orgoglioso Gianpaolo Pezzato, presidente di Innovation Future School \u2013 segno dell\u2019entusiasmo e della voglia di contribuire con le loro grandi idee al miglioramento del nostro paese. Sono convinto che il futuro sia rosa\u201d.\u00a0Le 15 finaliste del premio accuratamente selezionate dalla giuria di esperti arrivano da tutta Italia, da Nord a Sud,\u00a0hanno esperienze di vita e professionali tra le pi\u00f9 varie, dall\u2019architetto alla regista, dall\u2019artista alla sociologa, dall\u2019insegnante fino alla ricercatrice e l\u2019imprenditrice, solo per citarne alcune, tra queste la sociologa bellunese Debora Nicoletto. Alla prima classificata del Premio Donna dell\u2019Anno 2020 andr\u00e0 un premio in denaro di 700 euro da destinare a sostegno della causa o iniziativa per la quale \u00e8 stato riconosciuto il premio. A discrezione del Comitato Scientifico potranno essere inoltre assegnati riconoscimenti speciali alle finaliste ritenute particolarmente meritevoli.\u00a0Il premio sar\u00e0 consegnato nella cerimonia di premiazione in diretta Facebook sabato 12 dicembre dalle ore 11 alle ore 13\u00a0nell\u2019ambito della giornata dedicata al tema \u201cDonne &amp; Societ\u00e0: nuovi ruoli e nuovi spazi\u201d.\u00a0Debora Nicoletto,\u00a0Sociologa e giornalista pubblicista bellunese, si occupa di politiche giovanili e familiari in ambito regionale e nazionale. \u00c8 stata docente e consulente per l\u2019Universit\u00e0 di Trento, di Padova e per lo IULM di Milano. Ha ideato il progetto Strike! Giovani che cambiano le cose, \u00e8 referente dei Piani Giovani della Provincia di Trento e in questa coordinatrice dei Distretti Famiglia. Dopo l\u2019esperienza di assessorato al Comune di Feltre, ha ideato lo spazio culturale Dolomiti Hub gestito dall\u2019impresa sociale Dolomiti Lab.<\/p>\n<p>&nbsp;<\/p>\n<p>&nbsp;<\/p>\n<hr \/>\n<p>&nbsp;<\/p>\n<blockquote class=\"wp-embedded-content\" data-secret=\"cIIBTLDn6q\"><p><a href=\"https:\/\/www.radiopiu.net\/wordpress\/agg24\/\">CORONAVIRUS: AGGIORNAMENTO NAZIONALE 24 NOVEMBRE<\/a><\/p><\/blockquote>\n<p><iframe loading=\"lazy\" class=\"wp-embedded-content\" sandbox=\"allow-scripts\" security=\"restricted\" style=\"position: absolute; clip: rect(1px, 1px, 1px, 1px);\" title=\"&#8220;CORONAVIRUS: AGGIORNAMENTO NAZIONALE 24 NOVEMBRE&#8221; &#8212; Radio Pi\u00f9\" src=\"https:\/\/www.radiopiu.net\/wordpress\/agg24\/embed\/#?secret=cIIBTLDn6q\" data-secret=\"cIIBTLDn6q\" width=\"600\" height=\"338\" frameborder=\"0\" marginwidth=\"0\" marginheight=\"0\" scrolling=\"no\"><\/iframe><\/p>\n<p>&nbsp;<\/p>\n<blockquote class=\"wp-embedded-content\" data-secret=\"WaLe3NStgN\"><p><a href=\"https:\/\/www.radiopiu.net\/wordpress\/in-veneto23\/\">91 MORTI IN 24 ORE, 2275 NUOVI CASI DI POSITIVI MA 605 ATTUALMENTE POSITIVI IN MENO +16 IN TERAPIA INTENSIVA<\/a><\/p><\/blockquote>\n<p><iframe loading=\"lazy\" class=\"wp-embedded-content\" sandbox=\"allow-scripts\" security=\"restricted\" style=\"position: absolute; clip: rect(1px, 1px, 1px, 1px);\" title=\"&#8220;91 MORTI IN 24 ORE, 2275 NUOVI CASI DI POSITIVI MA 605 ATTUALMENTE POSITIVI IN MENO +16 IN TERAPIA INTENSIVA&#8221; &#8212; Radio Pi\u00f9\" src=\"https:\/\/www.radiopiu.net\/wordpress\/in-veneto23\/embed\/#?secret=WaLe3NStgN\" data-secret=\"WaLe3NStgN\" width=\"600\" height=\"338\" frameborder=\"0\" marginwidth=\"0\" marginheight=\"0\" scrolling=\"no\"><\/iframe><\/p>\n<h2>I GRAFICI DI TIZIANO DE COL<\/h2>\n<p><a href=\"https:\/\/www.radiopiu.net\/wordpress\/giornale-radiopiu-25-novembre-2020-direttore-mirko-mezzacasa\/ac434da3-49bf-42d6-a6b6-b7651bf3897a\/\" rel=\"attachment wp-att-174845\"><img loading=\"lazy\" decoding=\"async\" class=\"alignnone size-medium wp-image-174845\" src=\"https:\/\/www.radiopiu.net\/wordpress\/wp-content\/uploads\/2020\/11\/ac434da3-49bf-42d6-a6b6-b7651bf3897a-300x183.jpg\" alt=\"\" width=\"300\" height=\"183\" srcset=\"https:\/\/www.radiopiu.net\/wordpress\/wp-content\/uploads\/2020\/11\/ac434da3-49bf-42d6-a6b6-b7651bf3897a-300x183.jpg 300w, https:\/\/www.radiopiu.net\/wordpress\/wp-content\/uploads\/2020\/11\/ac434da3-49bf-42d6-a6b6-b7651bf3897a.jpg 641w\" sizes=\"auto, (max-width: 300px) 100vw, 300px\" \/><\/a><a href=\"https:\/\/www.radiopiu.net\/wordpress\/giornale-radiopiu-25-novembre-2020-direttore-mirko-mezzacasa\/9878c48e-0485-49f2-af08-801182471152\/\" rel=\"attachment wp-att-174844\"><img loading=\"lazy\" decoding=\"async\" class=\"alignnone size-medium wp-image-174844\" src=\"https:\/\/www.radiopiu.net\/wordpress\/wp-content\/uploads\/2020\/11\/9878c48e-0485-49f2-af08-801182471152-300x194.jpg\" alt=\"\" width=\"300\" height=\"194\" srcset=\"https:\/\/www.radiopiu.net\/wordpress\/wp-content\/uploads\/2020\/11\/9878c48e-0485-49f2-af08-801182471152-300x194.jpg 300w, https:\/\/www.radiopiu.net\/wordpress\/wp-content\/uploads\/2020\/11\/9878c48e-0485-49f2-af08-801182471152.jpg 605w\" sizes=\"auto, (max-width: 300px) 100vw, 300px\" \/><\/a><a href=\"https:\/\/www.radiopiu.net\/wordpress\/giornale-radiopiu-25-novembre-2020-direttore-mirko-mezzacasa\/83ba07fe-f3d0-4dcd-afc2-94f2ac9895f9\/\" rel=\"attachment wp-att-174843\"><img loading=\"lazy\" decoding=\"async\" class=\"alignnone size-medium wp-image-174843\" src=\"https:\/\/www.radiopiu.net\/wordpress\/wp-content\/uploads\/2020\/11\/83ba07fe-f3d0-4dcd-afc2-94f2ac9895f9-300x172.jpg\" alt=\"\" width=\"300\" height=\"172\" srcset=\"https:\/\/www.radiopiu.net\/wordpress\/wp-content\/uploads\/2020\/11\/83ba07fe-f3d0-4dcd-afc2-94f2ac9895f9-300x172.jpg 300w, https:\/\/www.radiopiu.net\/wordpress\/wp-content\/uploads\/2020\/11\/83ba07fe-f3d0-4dcd-afc2-94f2ac9895f9.jpg 654w\" sizes=\"auto, (max-width: 300px) 100vw, 300px\" \/><\/a><\/p>\n<p>&nbsp;<\/p>\n<hr \/>\n<p>&nbsp;<\/p>\n<p>&nbsp;<\/p>\n<blockquote>\n<h2>LA NUOVA ORDINANZA IN VIGORE DA DOMANI, DOMENICA TUTTO CHIUSO, BUFFET VIETATI E GESTORI DEI LOCALI RESPONSABILI ANCHE DELLE CODE.<\/h2>\n<\/blockquote>\n<blockquote>\n<h2>LEGGI LA CONFERENZA STAMPA DI LUCA ZAIA<\/h2>\n<p>Quasi 2800 persone ricoverate, sentiamo la pressione sugli ospedali,\u00a0 abbiamo dovuto restringere i servizi ospedalieri ordinari in alcuni comuni.\u00a0 Degenze ordinarie circa 8mila in questo momento.\u00a0 Andiamo il meno possibile a fare la spesa\u00a0 e portiamo sempre la mascherina anche dopo aver consumato nei bar.<span style=\"color: #ff0000;\"> La nuova ordinanza fino al 4 dicembre: buffet vietati, negozi contingentati, distanza nello sport 2 metri, il gestore del negozio \u00e8 responsabile anche delle code di attesa. POTRA&#8217; ESSERE DISPOSTA LA CHIUSURA DEI NEGOZI IMMEDIATA FINO A 5 MA ANCHE FINO A 30 GIORNI.\u00a0 Pediatri e medici di base diventano ufficiali di sanit\u00e0 pubblica per il Covid potranno anche prescrivere la quarantena con valore ai fini Inps.\u00a0<\/span><\/p><\/blockquote>\n<p>La nuova ordinanza in linea con le precedenti, \u00e8 stata studiata soprattutto nell&#8217;ottica di eliminare gli assembramenti. Se ci sar\u00e0 un calo di Rt potremo intervenire con un minimo allentamento. Sui Ristori nessuna risposta.<br \/>\n<strong>ORDINANZA<\/strong> Uso corretto della mascherina al di fuori dell&#8217;abitazione eccetto bambini fino a 6 anni o nell&#8217;attivit\u00e0 sportiva, o disabili. <strong>ATTIVITA&#8217; SPORTIVA<\/strong> Presso parchi pubblici, aree verdi, rurali periferiche, distanza almeno 2 metri per attivit\u00e0 sportiva, per le passeggiate sufficiente il metro, no nei centri storici, o creare affollamento nelle zone dello struscio, nelle localit\u00e0 turistiche al mare e montagna. <strong>ACCESSO ESERCIZI DI VENDITA<\/strong> Consentito a una persona per nucleo famigliari, eccezioni per portatori di disabilit\u00e0. <strong>DIVIETO COMMERCIO-MERCATO ALL&#8217;APERTO SE NON NEI COMUNI DOVE SIA ADOTTATO UN APPOSITO PIANO CON PRECISE CONDIZIONI MINIMALI.\u00a0 <\/strong>Nei negozi Le prime due ore del mattino\u00a0 sono invece riservate gli over 65. <strong>BAR<\/strong> Dalle 15 solo seduti. <strong>ALIMENTI E BEVANDE<\/strong>\u00a0 I Ristoranti devono rispettare le linee guida del DPCM assicurando menu&#8217; su supporto digitale o usa e getta cartaceo. <strong>BUFFET<\/strong> Nessuna forma n\u00e8 colazione, pranzo, cena o spuntini, tutto dedicato e sanificato sul tavolo. Distanza almeno 1 metro, ogni tavolo non piu&#8217; di 4 soggetti non conviventi e spostamenti tutti con la mascherina. Divieto di consumo alimenti e bevande all&#8217;aperto. <strong>CLIENTI NEGLI ESERCIZI COMMERCIALI<\/strong>: fino ai 40 metri quadrati 1 cliente; fino a 250 metri quadrati 1 ogni 20 metri quadrati; sopra i 250 metri quadrati, 1 cliente ogni 30 metri quadrati. <strong>NELLE CODE DI ATTESA<\/strong> Rispettare il distanziamento di un metro e risponde il gestore obbligato ad appore all&#8217;ingresso degli esercizi commerciali appositi strumenti che indichino il numero massimo di clienti consentito e garantisce costantemente con contapersone o vigilanza,\u00a0 il rispetto della norma. <strong>IL GESTORE DEL CENTRO COMMERCIALE DEVE GARANTIRE LA CAPIENZA MASSIMA, CIOE&#8217; LA SOMMATORIA DELLA CAPIENZA DEI SINGOLI NEGOZI. <\/strong>Raccomandata la consegna a domicilio.<strong> TUTTE LE ATTIVITA&#8217; SONO CHIUSE LA DOMENICA<\/strong> Eccetto farmacie, parafarmacie, alimentari. MEDICI DI BASE\u00a0 Era in scadenza quindi abbiamo dovuto ripresentarla includendo l&#8217;accordo con i pediatri di libera scelta. Pediatra e medico di base diventano ufficilai di sanit\u00e0 pubblica per il Covid.<\/p>\n<h2><span style=\"color: #ff0000;\">DOMANDE<\/span><\/h2>\n<p><strong>SONO REGOLE CERVELLOTICHE, COME FARLE RISPETTARE? LA GENTE SEGNALA CHE MANCANO I CONTROLLI<\/strong> E&#8217; un intervento disfattista, da prendere e andarmene via. se il concetto \u00e8 tanto la gente non rispetta le regole.. noi stiamo parlando di sanit\u00e0 pubblica. Diciamo quante persone devono entrare in negozio non \u00e8 cervellotico basta fare una divisione e mettere fuori un cartello. Che alternative abbiamo? Cervellotica, il dimensionato ormai lo si fa per tutto.<\/p>\n<p><strong>RISTORI, PARE DI CAPIRE CHE SIA DA SPERARE IN UN ALTRO DECRETO<\/strong> Al momento non ho notizie non avendo avuto incontri con il Governo. Giuridicamente la teoria adottata non sta in piedi, le restrizioni regionali di intesa con il Ministro sulla Salute non hanno diritto a ristori? Non erano queste le promesse iniziali.<\/p>\n<p><strong>MONDIALI CORTINA?\u00a0<\/strong> Bisognerebbe chiederlo quando mi hanno detto che non capivo nulla per aver ipotizzato il rinvio di un anno. Pensate a quelli che volevano fare le elezioni ad ottobre. Di certo se a febbraio saremo in queste condizioni sar\u00e0 un mondiale con poco pubblico a porte chiuse.<\/p>\n<p><strong>APERTURA IMPIANTI IL GOVERNO PARE SIA PER IL NON APRIRLI <\/strong>\u00a0Sto cercando di evitare la contrapposizione, prima di tutto viene la sanit\u00e0. Non abbiamo ancora capito gli intendimenti del CTS se sar\u00e0 chiusura ci dovranno essere 1 i ristori 2 che i paesi confinanti non aprano gli impianti, perch\u00e9 alcuni confini sono solo virtuali.<\/p>\n<p>&nbsp;<\/p>\n<p>&nbsp;<\/p>\n<p>https:\/\/www.facebook.com\/zaiaufficiale\/videos\/235463024585287<\/p>\n<p>&nbsp;<\/p>\n<p>&nbsp;<\/p>\n<hr \/>\n<p>&nbsp;<\/p>\n<p>&nbsp;<\/p>\n<blockquote>\n<h3>UN NATALE CON LE PISTE CHIUSE: COLPO DI GRAZIA SULL&#8217;ECONOMIA MONTANA<\/h3>\n<\/blockquote>\n<p><em><a href=\"https:\/\/www.radiopiu.net\/wordpress\/un-natale-con-le-piste-chiuse-colpo-di-grazia-sulleconomia-montana\/thumbnail\/\" rel=\"attachment wp-att-174795\"><img loading=\"lazy\" decoding=\"async\" class=\"size-medium wp-image-174795 alignleft\" src=\"https:\/\/www.radiopiu.net\/wordpress\/wp-content\/uploads\/2020\/11\/thumbnail-250x300.png\" alt=\"\" width=\"250\" height=\"300\" srcset=\"https:\/\/www.radiopiu.net\/wordpress\/wp-content\/uploads\/2020\/11\/thumbnail-250x300.png 250w, https:\/\/www.radiopiu.net\/wordpress\/wp-content\/uploads\/2020\/11\/thumbnail.png 288w\" sizes=\"auto, (max-width: 250px) 100vw, 250px\" \/><\/a>\u201cSiamo fortemente preoccupati per la linea rigorista adottata in queste ore dal Governo\u201d<\/em> dichiarano la Presidente di Federturismo Confindustria Marina Lalli e la Presidente di Anef Associazione Nazionale Esercenti Impianti a Fune, Valeria Ghezzi (foto) che &#8211; proprio alla vigilia dell\u2019inaugurazione della stagione invernale e nonostante i rigidi protocolli di sicurezza adottati da tutti gli operatori &#8211; vedono imposta la chiusura degli impianti sciistici. <em><strong>\u201c<\/strong>Il fatturato del turismo invernale &#8211; dichiara Lalli &#8211; sfiora i dieci miliardi di euro, di cui un terzo delle entrate si realizza proprio nel periodo compreso tra l\u2019Immacolata e l\u2019Epifania. La filiera che vive dell\u2019industria della neve \u00e8 lunghissima e comprende hotel, ristoranti, trasporti, scuole di sci che con la chiusura delle piste proprio nel momento di loro massima attivit\u00e0 rischiano di vedere bruciati fino a tre miliardi di euro&#8221;.<\/em>\u00a0Le aziende funiviarie presenti in Italia sono oltre 400, con 1500 impianti di risalita (di diversa tipologia). Gli impianti sono serviti da circa 3.200 km di piste (lunghezza lineare), che per il 72% sono dotate di innevamento programmato che richiede oltre 100 milioni di euro: all\u2019inizio della stagione invernale le societ\u00e0 impianti hanno sostenuto ormai il 70% dei propri costi per aprire in sicurezza (di trasporto e gestione e non solo sicurezza Covid). Il comparto montagna, nel solo arco alpino, offre lavoro a oltre 120mila persone (la maggior parte delle quali con contratti stagionali). La chiusura sarebbe drammatica per gli impianti e, a catena, tutte le attivit\u00e0\/strutture collegate: hotel, rifugi, ristoranti, attivit\u00e0 commerciali, maestri di sci, noleggi. <em>\u201cAbbiamo pronte \u2013 prosegue Ghezzi &#8211; tutte le procedure per evitare le code alle casse per l\u2019acquisto degli skipass, agevoleremo il pi\u00f9 possibile l\u2019acquisto dei biglietti e degli abbonamenti online. Faremo poi girare gli impianti alla massima velocit\u00e0 prevista, per far salire le persone pi\u00f9 rapidamente e limitare ancora di pi\u00f9 le code all\u2019ingresso\u201d.\u00a0 <\/em>Fondamentale poi ricordare che svolgere attivit\u00e0 sportiva all&#8217;aperto ha degli indubbi effetti positivi sulla salute del corpo e della mente. Se vissuto con responsabilit\u00e0, lo sci \u00e8 uno degli sport pi\u00f9 sicuri da questo punto di vista: individuale, distanziato,\u00a0all&#8217;aria aperta,\u00a0con naso e bocca spesso coperti.<\/p>\n<p>&nbsp;<\/p>\n<p>&nbsp;<\/p>\n<hr \/>\n<p>&nbsp;<\/p>\n<blockquote>\n<h3>SENZA LO SCI LA MONTAGNA MUORE, IL GOVERNO LO SA?<\/h3>\n<\/blockquote>\n<p><strong>ROMA<\/strong> <em>\u00abLe linee guida predisposte da Regioni e impiantisti sono ragionevoli e tengono conto di misure di sicurezza stringenti. L\u2019obiettivo \u00e8 quello di aprire le ski aree e garantire al massimo le norme anti contagio. E il governo che fa? Studia il modo di tenere lo sci fermo. Se la decisione andr\u00e0 in questo senso, il governo dovr\u00e0 studiare anche il modo di risollevare la montagna dalla moria di imprese e dalla miseria a cui condanner\u00e0 migliaia di lavoratori e di famiglie\u00bb.<\/em> \u00c8 quanto afferma il deputato di Forza Italia Dario Bond, alla luce delle indicazioni che escono da Palazzo Chigi, dove pare essere allo studio un\u2019iniziativa per prevenire le vacanze sulla neve. <em>&#8220;Conte e i suoi sanno che la montagna vive di stagione invernale? Neanche a fronte del pieno rispetto delle misure di sicurezza che gli impiantisti e le Regioni si sono dati \u00e8 possibile pensare a qualcosa di diverso dalla chiusura totale? Il lockdown degli impianti comporter\u00e0 la morte delle localit\u00e0 montane. Spero che il governo ne sia consapevole e stia gi\u00e0 studiando il modo di garantire un dopo. Da parte mia, sostegno massimo agli impiantisti: ho anche presentato una serie di emendamenti che vanno nella direzione delle richieste avanzate dalle ski aree, sempre nel rispetto delle misure anti Covid\u00bb.<\/em><\/p>\n<p>&nbsp;<\/p>\n<hr \/>\n<p>&nbsp;<\/p>\n<blockquote>\n<h3>OLIMPIADI 2026. ZAIA, \u201cLA SQUADRA MILANO-CORTINA AL LAVORO PER APPROVARE IL PIANO DI MKTG<\/h3>\n<\/blockquote>\n<p><strong><a href=\"https:\/\/www.radiopiu.net\/wordpress\/giornale-radiopiu-15-07-direttore-mirko-mezzacasa\/preolimpicoitalia-640x360\/\" rel=\"attachment wp-att-21553\"><img loading=\"lazy\" decoding=\"async\" class=\" wp-image-21553 alignleft\" src=\"https:\/\/www.radiopiu.net\/wordpress\/wp-content\/uploads\/2016\/07\/Preolimpicoitalia-640x360-300x169.jpg\" alt=\"\" width=\"257\" height=\"145\" \/><\/a>VENEZIA<\/strong>\u00a0 La squadra di Milano-Cortina\u00a0 ha approvato il marketing plan, il documento iniziale della Fondazione che racchiude le politiche di marketing e di funzionamento &#8211; spiega il Governatore del Veneto -. Ogni anno il Business Plan verr\u00e0 rivisto per proiettarsi verso il 2026, prossimo traguardo del lavoro nato con la candidatura di Cortina e Milano come sede dei Giochi Olimpici e Paralimpici\u201d. <em>\u201cSicuramente non sono momenti felici per lo sci, tant\u2019\u00e8 che in tempi non sospetti avevo chiesto la proroga di un anno dei Mondiali di sci di Cortina per l\u2019incertezza che stiamo vivendo. Vorrei scongiurare l\u2019ipotesi di ospitare un evento di tale portata senza pubblico &#8211; continua Zaia -. L\u2019aspetto mediatico \u00e8 uno degli elementi che contribuiscono a fare la differenza, non solo in termini di promozione turistica ma anche nei confronti dei poderosi investimenti realizzati nelle Dolomiti venete, affinch\u00e9 possano essere ammortizzati e trasferire la loro valenza anche sulle Olimpiadi.\u00a0 L\u2019appello che faccio \u00e8 avere un DPCM pensato ad hoc perch\u00e9 non siano dei Mondiali a porte chiuse, avendo comunque sempre un occhio di riguardo alla difesa della salute pubblica\u201d.<\/em><\/p>\n<p>&nbsp;<\/p>\n<hr \/>\n<blockquote>\n<h3><\/h3>\n<h3>IL COMUNE AVVIA LA COSTITUZIONE DEL POLO ZERO-SEI ANNI<\/h3>\n<\/blockquote>\n<p><strong><a href=\"https:\/\/www.radiopiu.net\/wordpress\/il-comune-avvia-la-costituzione-del-polo-zero-sei-anni\/29362fd6-70b9-48bf-b579-01733473835e\/\" rel=\"attachment wp-att-174819\"><img loading=\"lazy\" decoding=\"async\" class=\"size-medium wp-image-174819 alignleft\" src=\"https:\/\/www.radiopiu.net\/wordpress\/wp-content\/uploads\/2020\/11\/29362fd6-70b9-48bf-b579-01733473835e-300x195.jpg\" alt=\"\" width=\"300\" height=\"195\" srcset=\"https:\/\/www.radiopiu.net\/wordpress\/wp-content\/uploads\/2020\/11\/29362fd6-70b9-48bf-b579-01733473835e-300x195.jpg 300w, https:\/\/www.radiopiu.net\/wordpress\/wp-content\/uploads\/2020\/11\/29362fd6-70b9-48bf-b579-01733473835e-1024x666.jpg 1024w, https:\/\/www.radiopiu.net\/wordpress\/wp-content\/uploads\/2020\/11\/29362fd6-70b9-48bf-b579-01733473835e-768x499.jpg 768w, https:\/\/www.radiopiu.net\/wordpress\/wp-content\/uploads\/2020\/11\/29362fd6-70b9-48bf-b579-01733473835e-1536x999.jpg 1536w, https:\/\/www.radiopiu.net\/wordpress\/wp-content\/uploads\/2020\/11\/29362fd6-70b9-48bf-b579-01733473835e.jpg 2035w\" sizes=\"auto, (max-width: 300px) 100vw, 300px\" \/><\/a>FELTRE<\/strong> Il Comune di Feltre e l&#8217;IPAB \u201cAsilo Infantile Giovan Battista Sanguinazzi\u201d hanno avviato un progetto che mira alla gestione integrata di servizi all&#8217;infanzia per operare una ristrutturazione organizzativa complessiva; obiettivo la realizzazione di un progetto educativo innovativo per bambini e bambine dalla nascita ai sei anni, detto anche \u201cPolo 0\/6\u201d. Il \u201cPolo 0\/6\u201d \u00e8 pensato come un laboratorio permanente di ricerca, innovazione e apertura al territorio per offrire ai bambini, alle bambine e alle loro famiglie un\u2019esperienza formativa in cui siano integrate la riflessione teorica e le pratiche educativo &#8211; didattiche d\u2019eccellenza che caratterizzano il nido e la scuola dell&#8217;infanzia. Il Comune si avvarr\u00e0 del progetto formativo dell&#8217;Universit\u00e0 di Padova, coordinato dalla professoressa Daniela Lucangeli, Ordinario di Psicologia dell&#8217;educazione e dello Sviluppo presso la stessa universit\u00e0 e dalla dottoressa Patrizia Granata. Le proposte formative si articoleranno principalmente in tre percorsi: un convegno, un progetto formativo rivolto a tutto il personale dipendente dell&#8217;asilo nido e un progetto formativo individualizzato per ognuna delle 10 educatrici dell&#8217;asilo nido.<\/p>\n<p><strong>L&#8217;ASSESSORE ALESSANDRO DEL BIANCO<\/strong><\/p>\n<audio class=\"wp-audio-shortcode\" id=\"audio-174670-9\" preload=\"none\" style=\"width: 100%;\" controls=\"controls\"><source type=\"audio\/mpeg\" src=\"https:\/\/www.radiopiu.net\/wordpress\/wp-content\/uploads\/2020\/11\/feltre.mp3?_=9\" \/><a href=\"https:\/\/www.radiopiu.net\/wordpress\/wp-content\/uploads\/2020\/11\/feltre.mp3\">https:\/\/www.radiopiu.net\/wordpress\/wp-content\/uploads\/2020\/11\/feltre.mp3<\/a><\/audio>\n<p>&nbsp;<\/p>\n<p>&nbsp;<\/p>\n<hr \/>\n<blockquote>\n<h3><\/h3>\n<h3>COME FUNZIONA UN COMUNE? CORSO GRATUITO PROMOSSO DA ANCI GIOVANI VENETO<\/h3>\n<\/blockquote>\n<p><strong>BELLUNO<\/strong>\u00a0 Come funziona un comune, qual \u00e8 il ruolo di ANCI?\u00a0 Cinque lezioni, da gioved\u00ec 26 novembre a marted\u00ec 15 dicembre, tutte dalle 18.00 alle 19.30, indirizzate agli amministratori under 35 della regione, ma aperte a chiunque voglia conoscere meglio il funzionamento dell&#8217;amministrazione pubblica: l&#8217;iscrizione \u00e8 completamente gratuita e per partecipare \u00e8 sufficiente registrarsi nell&#8217;apposita sezione del sito www.anciveneto.org. Parler\u00e0 bellunese la prima lezione, con la presenza del Sindaco di Belluno, Jacopo Massaro, che, assieme al segretario comunale di Legnago Maurizio Lucca, spiegher\u00e0 il ruolo degli amministratori locali, come funziona un comune e le attivit\u00e0 di ANCI. A moderare la serata, con il coordinatore regionale di ANCI Giovani Roberto Bazzarello ci sar\u00e0 anche l&#8217;assessora del Comune di Belluno e vice-coordinatrice di ANCI Giovani Veneto Yuki d&#8217;Emilia.<\/p>\n<p>&nbsp;<\/p>\n<p>&nbsp;<\/p>\n<hr \/>\n<blockquote>\n<h3><\/h3>\n<h3>I GUADAGNI DALLA CENTRALINA SUL TORRENTE FIORENTINA<\/h3>\n<\/blockquote>\n<p><strong>ALLEGHE<\/strong> Oggi alle 20 consiglio comunale ad Alleghe, in Municipio. Questi i principali argomenti all&#8217;ordine del giorno: costituzione diritto di sottosuolo a favore della societ\u00e0 idroelettrica alpina per la realizzazione e l&#8217;esercizio di impianto idroelettrico e convenzione per la realizzazione del progetto strategico &#8220;ristrutturazione e valorizzazione del palaghiaccio&#8221;<\/p>\n<p><strong>di GIANNI SANTOMASO<\/strong><\/p>\n<audio class=\"wp-audio-shortcode\" id=\"audio-174670-10\" preload=\"none\" style=\"width: 100%;\" controls=\"controls\"><source type=\"audio\/mpeg\" src=\"https:\/\/www.radiopiu.net\/wordpress\/wp-content\/uploads\/2020\/11\/consiglio-alleghe.mp3?_=10\" \/><a href=\"https:\/\/www.radiopiu.net\/wordpress\/wp-content\/uploads\/2020\/11\/consiglio-alleghe.mp3\">https:\/\/www.radiopiu.net\/wordpress\/wp-content\/uploads\/2020\/11\/consiglio-alleghe.mp3<\/a><\/audio>\n<p>&nbsp;<\/p>\n<hr \/>\n<p>&nbsp;<\/p>\n<blockquote>\n<h3>OGGI IL CONSIGLIO COMUNALE A RIVAMONTE<\/h3>\n<\/blockquote>\n<p><strong>RIVAMONTE\u00a0<\/strong>Il sindaco di Rivamonte Giovanni Deon ha convocato il consiglio comunale per oggi alle 18:30. 6 i punti all&#8217;ordine del giorno: approvazione dei verbali della seduta precedente, ottava, nona decima e undicesima variazione al bilancio di previsione 2020\/2022 e il rinnovo della convenzione con la l&#8217;Unione Montana Agordina per il servizio SIRAP.<\/p>\n<p>&nbsp;<\/p>\n<p>&nbsp;<\/p>\n<hr \/>\n<p>&nbsp;<\/p>\n<blockquote>\n<h3>LA DE LUCA ABBANDONA IL CONSIGLIO COMUNALE, ENTRA ZALTRON<\/h3>\n<\/blockquote>\n<div class=\"articlePlainText\"><strong><a href=\"https:\/\/www.radiopiu.net\/wordpress\/giornale-radiopiu-24-novembre-2020-direttore-mirko-mezzacasa\/download-1012\/\" rel=\"attachment wp-att-174691\"><img loading=\"lazy\" decoding=\"async\" class=\"size-full wp-image-174691 alignleft\" src=\"https:\/\/www.radiopiu.net\/wordpress\/wp-content\/uploads\/2020\/11\/download-22.jpg\" alt=\"\" width=\"200\" height=\"200\" srcset=\"https:\/\/www.radiopiu.net\/wordpress\/wp-content\/uploads\/2020\/11\/download-22.jpg 200w, https:\/\/www.radiopiu.net\/wordpress\/wp-content\/uploads\/2020\/11\/download-22-150x150.jpg 150w\" sizes=\"auto, (max-width: 200px) 100vw, 200px\" \/><\/a>AGORDO <\/strong>Zaltron al posto di De Luca. Il consiglio comunale di Agordo, convocato per domani alle 19 dal sindaco Roberto Chissal\u00e8 e inizier\u00e0 con questo avvicendamento nelle fila della minoranza. A seguire il consiglio approver\u00e0 delle variazioni al bilancio di previsione. Verr\u00e0 poi approvata la convenzione tra Comuni sotto i 5 mila abitanti per un piano dei fabbisogni e un progetto per la trasformazione digitale dei servizi ai cittadini. Il consiglio dar\u00e0 poi l&#8217;ok all&#8217;acquisizione al patrimonio comunale di due tratti stradali lungo l&#8217;ex sp 347 del passo Cereda e passo Duran e lungo la ex sr 203 Agordina. Infine verr\u00e0 approvata la variante al Prg in adeguamento alla legge regionale 14\/2007 per l&#8217;istituzione del registro comunale per i crediti edilizi.<\/div>\n<div><\/div>\n<p>di GIANNI SANTOMASO<\/p>\n<audio class=\"wp-audio-shortcode\" id=\"audio-174670-11\" preload=\"none\" style=\"width: 100%;\" controls=\"controls\"><source type=\"audio\/mpeg\" src=\"https:\/\/www.radiopiu.net\/wordpress\/wp-content\/uploads\/2020\/11\/gianni-zaltron.mp3?_=11\" \/><a href=\"https:\/\/www.radiopiu.net\/wordpress\/wp-content\/uploads\/2020\/11\/gianni-zaltron.mp3\">https:\/\/www.radiopiu.net\/wordpress\/wp-content\/uploads\/2020\/11\/gianni-zaltron.mp3<\/a><\/audio>\n<p>&nbsp;<\/p>\n<hr \/>\n<p>&nbsp;<\/p>\n<blockquote>\n<h3>SABATO MATTINA\u00a0 DA VARIAZIONI AL BILANCIO<\/h3>\n<\/blockquote>\n<p><strong>COLLE SANTA LUCIA<\/strong> Il sindaco Paolo Frena ha convocato il consiglio comunale per sabato alle 8. 7 i punti all&#8217;ordine del giorno tra cui la settima e l&#8217;ottava variazione al bilancio di previsione 2020\/2022 e la nomina dei rappresentanti presso l&#8217;associazione &#8220;Colle Santa Lucia &#8211; Dolomiti&#8221;.<\/p>\n<p>&nbsp;<\/p>\n<p>&nbsp;<\/p>\n<hr \/>\n<p>&nbsp;<\/p>\n<blockquote>\n<h3>A GOSALDO LA PRIMA VARIAZIONE DI BILANCIO PER DA ZANCHE<\/h3>\n<\/blockquote>\n<p><strong>GOSALDO<\/strong> Il sindaco di Gosaldo Stefano Da Zanche ha convocato il consiglio comunale per venerd\u00ec alle 18. 8 i punti all&#8217;ordine del giorno tra cui la variazione al bilancio 2020\/2022, l&#8217;approvazione della convenzione con l&#8217;Unione Montana Agordina per il SIRAP e il progetto della trasformazione dei servizi ai cittadini in digitale<\/p>\n<p>&nbsp;<\/p>\n<p>&nbsp;<\/p>\n<hr \/>\n<p>&nbsp;<\/p>\n<blockquote>\n<h3>A TAIBON IL VOLONTARIATO NELLA PUBBLICA UTILITA&#8217;<\/h3>\n<\/blockquote>\n<p><strong>TAIBON <\/strong>Consiglio comunale a Taibon convocato dal sindaco\u00a0SIlvia Tormen venerd\u00ec sera alle 20. 10 i punti su cui discutere, tra questi una variazione al bilancio, l&#8217;approvazione del regolamento per l&#8217;utilizzo di volontari per scopi di pubblica utilit\u00e0 e il progetto della trasformazione dei servizi ai cittadini in digitale.<\/p>\n<p>&nbsp;<\/p>\n<p>&nbsp;<\/p>\n<hr \/>\n<p>&nbsp;<\/p>\n<blockquote>\n<h3>VENERDI&#8217;\u00a0 A SAN TOMASO LA SURROGA DEL CONSIGLIERE USCENTE<\/h3>\n<\/blockquote>\n<p><strong>SAN TOMASO\u00a0<\/strong> Il sindaco di San Tomaso Moreno De Val ha convocato il consiglio comunale per venerd\u00ec alle 20. 5 i punti all&#8217;ordine del giorno. Dimissioni di un consigliere e relativa surroga,\u00a0 rinnovo della convenzione con l&#8217;Unione Montana Agordina\u00a0 sul SIRAP<\/p>\n<p>&nbsp;<\/p>\n<hr \/>\n<p>&nbsp;<\/p>\n<blockquote>\n<h3>CONSIGLIO COMUNALE DA &#8220;BORGO PIU&#8217; BELLO D&#8217;ITALIA&#8221;<\/h3>\n<\/blockquote>\n<p><strong>ROCCA PIETORE<\/strong> Il sindaco di Rocca Pietore Andrea De Bernardin ha convocato il consiglio comunale per luned\u00ec alle 17. Cinque i punti da discutere. Ottava, nona e decima variazione al bilancio e l&#8217;assegnazione dei fondi derivanti dal ricoveri found per la valorizzazione economica, sociale e turistica dei borghi pi\u00f9 belli d&#8217;Italia.<\/p>\n<p>&nbsp;<\/p>\n<p>&nbsp;<\/p>\n<hr \/>\n<p>&nbsp;<\/p>\n<blockquote>\n<h3>\u00a0A FALCADE\u00a0 IN DISCUSSIONE ANCHE IL REGOLAMENTO DELLE ENTRATE<\/h3>\n<\/blockquote>\n<p><strong>FALCADE<\/strong> Lunedi 30 novembre alle 18 consiglio comunale in videoconferenza (anche sui canali di RADIO PIU). In discussione il prelievo dal fondo di riserva; bilancio consolidato; variazione al bilancio, regolamento delle entrate e approvazione convenzione tra i Comuni sotto i 5 mila abitanti, piano dei fabbisogno, progetto per la trasformazione digitale dei servizi al cittadino.<\/p>\n<p>&nbsp;<\/p>\n<hr \/>\n<p>&nbsp;<\/p>\n<blockquote>\n<h3 style=\"text-align: left;\" align=\"CENTER\"><span style=\"font-family: Calibri, sans-serif;\"><b>24\u00b0 GIORNATA NAZIONALE DELLA COLLETTA ALIMENTARE: <\/b><\/span><b style=\"font-family: Calibri, sans-serif;\">QUEST\u2019ANNO LA SPESA SI FA CON LE CARD<\/b><\/h3>\n<\/blockquote>\n<p align=\"JUSTIFY\"><a href=\"https:\/\/www.radiopiu.net\/wordpress\/giornale-radiopiu-21-novembre-2020-direttore-mirko-mezzacasa\/colletta-alimentare-foto-2_volontario-2\/\" rel=\"attachment wp-att-174034\"><img loading=\"lazy\" decoding=\"async\" class=\" wp-image-174034 alignleft\" src=\"https:\/\/www.radiopiu.net\/wordpress\/wp-content\/uploads\/2020\/11\/Colletta-Alimentare-foto-2_volontario-2-300x200.jpg\" alt=\"\" width=\"212\" height=\"141\" srcset=\"https:\/\/www.radiopiu.net\/wordpress\/wp-content\/uploads\/2020\/11\/Colletta-Alimentare-foto-2_volontario-2-300x200.jpg 300w, https:\/\/www.radiopiu.net\/wordpress\/wp-content\/uploads\/2020\/11\/Colletta-Alimentare-foto-2_volontario-2-1024x683.jpg 1024w, https:\/\/www.radiopiu.net\/wordpress\/wp-content\/uploads\/2020\/11\/Colletta-Alimentare-foto-2_volontario-2-768x512.jpg 768w, https:\/\/www.radiopiu.net\/wordpress\/wp-content\/uploads\/2020\/11\/Colletta-Alimentare-foto-2_volontario-2.jpg 1179w\" sizes=\"auto, (max-width: 212px) 100vw, 212px\" \/><\/a>\u201c<span style=\"font-family: Calibri, sans-serif;\"><span style=\"font-size: small;\">Cambia la forma, non la sostanza\u201d della 24esima <\/span><\/span><span style=\"font-family: Calibri, sans-serif;\"><span style=\"font-size: small;\">Giornata Nazionale della Colletta Alimentare<\/span><\/span><span style=\"font-family: Calibri, sans-serif;\"><span style=\"font-size: small;\">: quest\u2019anno, <\/span><\/span><span style=\"font-family: Calibri, sans-serif;\"><span style=\"font-size: small;\">dal 21 novembre all\u20198 dicembre<\/span><\/span><span style=\"font-family: Calibri, sans-serif;\"><span style=\"font-size: small;\">, saranno disponibili presso le casse dei supermercati italiani delle \u201c<\/span><\/span><span style=\"font-family: Calibri, sans-serif;\"><span style=\"font-size: small;\">gift card\u201d da 2, 5 e 10 euro<\/span><\/span><span style=\"font-family: Calibri, sans-serif;\"><span style=\"font-size: small;\">. Al termine della Colletta, il valore complessivo di tutte le card sar\u00e0 convertito in prodotti alimentari non deperibili come pelati, legumi, alimenti per l\u2019infanzia, olio, pesce e carne in scatola e altri prodotti utili. Tutto sar\u00e0 consegnato alle sedi regionali del Banco Alimentare e distribuito, con le consuete modalit\u00e0, alle circa <\/span><\/span><span style=\"font-family: Calibri, sans-serif;\"><span style=\"font-size: small;\">8mila strutture caritative<\/span><\/span><span style=\"font-family: Calibri, sans-serif;\"><span style=\"font-size: small;\"> convenzionate che sostengono oltre <\/span><\/span><span style=\"font-family: Calibri, sans-serif;\"><span style=\"font-size: small;\">2.100.000 persone<\/span><\/span><span style=\"font-family: Calibri, sans-serif;\"><span style=\"font-size: small;\">. <\/span><\/span><span style=\"color: #000000;\"><span style=\"font-family: Calibri, sans-serif;\"><span style=\"font-size: small;\">Nel Veneto, negli ultimi 5 anni la Colletta Alimentare ha raccolto 3.333 tonnellate di prodotti alimentari, equivalenti a 6.666.764 pasti. Sono oltre 470 le strutture di carit\u00e0 sostenute dal Banco Alimentare del Veneto, con oltre 100.000 persone assistite.\u00a0 \u00a0 \u00a0 \u00a0<\/span><\/span><\/span><\/p>\n<hr \/>\n<p>&nbsp;<\/p>\n<blockquote>\n<h2>\u201cGENTE VIVA\u201d DI GIUSEPPE DE VECCHI CON RICORDI DI UN PAESE SCOMPARSO di RENATO BONA<\/h2>\n<h3><em>Il libro di Giuseppe De Vecchi edito nel decennale della catastrofe del Vajont del 9 ottobre 1963<\/em><\/h3>\n<\/blockquote>\n<p><strong>LONGARONE\u00a0<\/strong> Se, come \u00e8 vero, i semiologi definiscono l\u2019icona anche come \u201cmessaggio affidato all\u2019immagine\u201d allora mi pare calzante questa parola con la serie di \u201cimmagini\u201d che lo scomparso (nel settembre del 2009) maestro longaronese Giuseppe De Vecchi &#8211; gi\u00e0 sindaco e insignito del \u201cPremio Longarone\u201d il 9 ottobre 2000 a ricordo del sincero attaccamento al paese e l&#8217;intelligente e generoso impegno per la comunit\u00e0, oltre che per la produzione letteraria &#8211; ci ha proposto nel settembre 1973 con il libro \u201cGente viva. Ricordi di un paese scomparso\u201d, Tarantola editore Belluno, stampa tipografia Piave; in copertina: l\u2019immagine dell\u2019\u201dAntica casetta del sacrestano\u201d. Mi sembra proprio in sintonia con me l\u2019ex sindaco di Longarone, prof. Gioacchino Bratti il quale, il 9 ottobre 1973, nel decennale della sciagura del Vajont presentando il lavoro di De Vecchi lo ringraziava cos\u00ec: \u201cE\u2019 l\u2019omaggio migliore che potevi fare ai tuoi, ai nostri scomparsi nel Vajont a dieci anni dalla catastrofe\u201d. Un racconto, quello di De Vecchi &#8211; sempre per dirla con Bratti &#8211; proposto semplicemente, familiarmente in pagine vive e spontanee scritte col cuore: luoghi, bozzetti, figure della Longarone che non c\u2019\u00e8 pi\u00f9. Una Longarone piena di vita, del colore, del sapore delle cose semplici e belle, e soprattutto fatta di persone, ognuna di esse ricca e particolare di una sua umanit\u00e0. Anche se \u201cle immagini, pur vivaci e briose, appaiono sempre velate da un senso di turbamento e di mestizia: \u00e8 il ricordo di un mondo scomparso improvvisamente e brutalmente\u201d. Pagine dunque \u201cche si leggono con commozione e che fanno bene, destinate non solo ai superstiti del luogo o a quanti conoscevano e amavano il paese e la sua gente, ma a tutti: a tutti quelli che amano sentir raccontare dei valori umili e buoni della vita\u201d. \u201cUn anno fa come stasera\u201d \u00e8 il primo dei ventisette capitoli del libro (gli altri: \u201cLongarone, paese di morti\u201d, \u201cL\u2019uomo che non sa\u201d, \u201cUna chiesa \u2013 Una fabbrica\u201d, \u201cDai, Bepi, facciamo un giretto per Longarone\u201d, \u201cRicordo del dottor Trevisan\u201d, \u201cMamma Catina\u201d, \u201cI figli del sindaco\u201d, \u201cSale e lievito\u201d, \u201cCrisantemi\u201d, \u201cHo misericordia di questo popolo\u201d, \u201cIl cappellano\u201d, \u201cIl sagrestano\u201d, \u201cLe maestre dell\u2019asilo infantile\u201d, \u201cCa\u2019 Savio, frazione di Longarone presso Venezia\u201d, \u201cNei secoli fedeli, fedeli sino alla morte\u201d, \u201cI Vigili del fuoco. Piccolo posto \u2013 grande cuore\u201d, \u201cLa Banda musicale\u201d, \u201cCantori di chiesa\u201d, \u201cLe campane de Longaron\u201d, \u201cMe comare Rosina\u201d, \u201cLe due sorelle\u201d, \u201cLa Rinascente\u201d, \u201cUn angolo del paese\u201d, \u201cIl natio paese\u201d, \u201cMemo e Paolino\u201d, \u201cIl battaglio\u201d) ed \u00e8 decisamente toccante la narrazione di De Vecchi il quale, elencata una serie di persone e di situazioni nelle ore della vigilia della tragedia, scrive: \u201c\u2026 Arriva il sindaco e salta la cena per vedere la partita di calcio (Milan-Real Madrid \u2013 ndr.) , sono le 10,22\u2026 Cos\u00ec come ogni sera, il paese tranquillo, con poca gente sveglia, e tanti vecchi, donne e bambini a letto. Il vento ricomincia a soffiare e scende dal nord. Il paese d\u00e0 l\u2019ultimo respiro e non lo sa\u2026 D\u2019improvviso una montagna di rocce e terra, che da tempo scendeva a valle lentamente, scivola con velocit\u00e0 accelerata nel lago a ridosso della diga. L\u2019acqua immota e scura, spinta da una forza inimmaginabile contro la grossa tegola dello sbarramento, si innalza verticale verso il cielo. Al sinistro bagliore dell\u2019alta tensione, scoccata dai cavi spezzati, diviene biancastra e lucente, piomba subito al di l\u00e0 della diga per una larghezza di oltre cento metri nella forra profonda a imbuto, comprime in modo spaventoso l\u2019aria come in una orrenda gigantesca siringa e la schizza verso Longarone. L\u2019abitato \u00e8 scrollato e sbriciolato in un attimo dallo strapotente proiettile d\u2019aria compressa che si schianta contro il fianco del monte Zucco. Un gemito immenso di spavento e di dolore sala dal paese in una grande nube di polvere turbinante. L\u2019acqua stretta nella valle, sotto il peso della rimanente massa che cade dal cielo rintronante, prende velocit\u00e0 e trova il vuoto davanti a s\u00e9 e, al termine dell\u2019angusto baratro, si apre come una gigantesca mano, raspa la roccia fino all\u2019osso, stringe il cumulo di macerie e di corpi, stritola tutto, li trascina d\u2019impeto nelle valli del Piave e del Ma\u00e8, quindi si riapre nel vasto greto e gorgoglia verso il mare. Per alcuni istanti la grande acqua, violentemente divisa in correnti e ondate cozzanti, rimane alta nelle valli, a forma di croce. Pochi minuti, forse solo tre, centottanta colpi di immenso massacro. Ritorna il silenzio. Dalla nube che lentamente dirada appare la sottilissima falce della luna, allora sorgente, sospesa sul deserto di morte: Longarone non esiste pi\u00f9\u2026\u201d. NELLE<\/p>\n\n\t\t\t<style type='text\/css'>\n\t\t\t\t#gallery-2 {\n\t\t\t\t\tmargin: auto;\n\t\t\t\t}\n\t\t\t\t#gallery-2 .gallery-item {\n\t\t\t\t\tfloat: left;\n\t\t\t\t\tmargin-top: 10px;\n\t\t\t\t\ttext-align: center;\n\t\t\t\t\twidth: 20%;\n\t\t\t\t}\n\t\t\t\t#gallery-2 img {\n\t\t\t\t\tborder: 2px solid #cfcfcf;\n\t\t\t\t}\n\t\t\t\t#gallery-2 .gallery-caption {\n\t\t\t\t\tmargin-left: 0;\n\t\t\t\t}\n\t\t\t\t\/* see gallery_shortcode() in wp-includes\/media.php *\/\n\t\t\t<\/style>\n\t\t<div id='gallery-2' class='dt-gallery-container gallery galleryid-174670 gallery-columns-5 gallery-size-thumbnail'><dl class='gallery-item'>\n\t\t\t\t<dt class='gallery-icon portrait'>\n\t\t\t\t\t<a class=\"rollover rollover-zoom dt-pswp-item\" title=\"117444478_415455499437083_6269766762062201904_n\" data-dt-img-description=\"\" data-large_image_width=\"233\" data-large_image_height=\"314\"href='https:\/\/www.radiopiu.net\/wordpress\/wp-content\/uploads\/2020\/11\/117444478_415455499437083_6269766762062201904_n.jpg'><img loading=\"lazy\" decoding=\"async\" width=\"150\" height=\"150\" src=\"https:\/\/www.radiopiu.net\/wordpress\/wp-content\/uploads\/2020\/11\/117444478_415455499437083_6269766762062201904_n-150x150.jpg\" class=\"attachment-thumbnail size-thumbnail\" alt=\"\" \/><\/a>\n\t\t\t\t<\/dt><\/dl><dl class='gallery-item'>\n\t\t\t\t<dt class='gallery-icon portrait'>\n\t\t\t\t\t<a class=\"rollover rollover-zoom dt-pswp-item\" title=\"127243738_215107523349757_2809152163577552779_n\" data-dt-img-description=\"\" data-large_image_width=\"1445\" data-large_image_height=\"2048\"href='https:\/\/www.radiopiu.net\/wordpress\/wp-content\/uploads\/2020\/11\/127243738_215107523349757_2809152163577552779_n.jpg'><img loading=\"lazy\" decoding=\"async\" width=\"150\" height=\"150\" src=\"https:\/\/www.radiopiu.net\/wordpress\/wp-content\/uploads\/2020\/11\/127243738_215107523349757_2809152163577552779_n-150x150.jpg\" class=\"attachment-thumbnail size-thumbnail\" alt=\"\" \/><\/a>\n\t\t\t\t<\/dt><\/dl><dl class='gallery-item'>\n\t\t\t\t<dt class='gallery-icon landscape'>\n\t\t\t\t\t<a class=\"rollover rollover-zoom dt-pswp-item\" title=\"127217026_197098251915799_1202844421755928774_n\" data-dt-img-description=\"\" data-large_image_width=\"2048\" data-large_image_height=\"1364\"href='https:\/\/www.radiopiu.net\/wordpress\/wp-content\/uploads\/2020\/11\/127217026_197098251915799_1202844421755928774_n.jpg'><img loading=\"lazy\" decoding=\"async\" width=\"150\" height=\"150\" src=\"https:\/\/www.radiopiu.net\/wordpress\/wp-content\/uploads\/2020\/11\/127217026_197098251915799_1202844421755928774_n-150x150.jpg\" class=\"attachment-thumbnail size-thumbnail\" alt=\"\" \/><\/a>\n\t\t\t\t<\/dt><\/dl><dl class='gallery-item'>\n\t\t\t\t<dt class='gallery-icon landscape'>\n\t\t\t\t\t<a class=\"rollover rollover-zoom dt-pswp-item\" title=\"127281993_3294071697371301_7199003536093565284_n\" data-dt-img-description=\"\" data-large_image_width=\"2048\" data-large_image_height=\"1536\"href='https:\/\/www.radiopiu.net\/wordpress\/wp-content\/uploads\/2020\/11\/127281993_3294071697371301_7199003536093565284_n.jpg'><img loading=\"lazy\" decoding=\"async\" width=\"150\" height=\"150\" src=\"https:\/\/www.radiopiu.net\/wordpress\/wp-content\/uploads\/2020\/11\/127281993_3294071697371301_7199003536093565284_n-150x150.jpg\" class=\"attachment-thumbnail size-thumbnail\" alt=\"\" \/><\/a>\n\t\t\t\t<\/dt><\/dl><dl class='gallery-item'>\n\t\t\t\t<dt class='gallery-icon landscape'>\n\t\t\t\t\t<a class=\"rollover rollover-zoom dt-pswp-item\" title=\"127021876_2561528260638804_2599639075177100043_n\" data-dt-img-description=\"\" data-large_image_width=\"2048\" data-large_image_height=\"1522\"href='https:\/\/www.radiopiu.net\/wordpress\/wp-content\/uploads\/2020\/11\/127021876_2561528260638804_2599639075177100043_n.jpg'><img loading=\"lazy\" decoding=\"async\" width=\"150\" height=\"150\" src=\"https:\/\/www.radiopiu.net\/wordpress\/wp-content\/uploads\/2020\/11\/127021876_2561528260638804_2599639075177100043_n-150x150.jpg\" class=\"attachment-thumbnail size-thumbnail\" alt=\"\" \/><\/a>\n\t\t\t\t<\/dt><\/dl><br style=\"clear: both\" \/><dl class='gallery-item'>\n\t\t\t\t<dt class='gallery-icon landscape'>\n\t\t\t\t\t<a class=\"rollover rollover-zoom dt-pswp-item\" title=\"127012214_1048140772315534_7392656184477412772_n\" data-dt-img-description=\"\" data-large_image_width=\"2048\" data-large_image_height=\"1584\"href='https:\/\/www.radiopiu.net\/wordpress\/wp-content\/uploads\/2020\/11\/127012214_1048140772315534_7392656184477412772_n.jpg'><img loading=\"lazy\" decoding=\"async\" width=\"150\" height=\"150\" src=\"https:\/\/www.radiopiu.net\/wordpress\/wp-content\/uploads\/2020\/11\/127012214_1048140772315534_7392656184477412772_n-150x150.jpg\" class=\"attachment-thumbnail size-thumbnail\" alt=\"\" \/><\/a>\n\t\t\t\t<\/dt><\/dl><dl class='gallery-item'>\n\t\t\t\t<dt class='gallery-icon landscape'>\n\t\t\t\t\t<a class=\"rollover rollover-zoom dt-pswp-item\" title=\"127209795_401037720941692_3305705179080107091_n\" data-dt-img-description=\"\" data-large_image_width=\"2048\" data-large_image_height=\"1566\"href='https:\/\/www.radiopiu.net\/wordpress\/wp-content\/uploads\/2020\/11\/127209795_401037720941692_3305705179080107091_n.jpg'><img loading=\"lazy\" decoding=\"async\" width=\"150\" height=\"150\" src=\"https:\/\/www.radiopiu.net\/wordpress\/wp-content\/uploads\/2020\/11\/127209795_401037720941692_3305705179080107091_n-150x150.jpg\" class=\"attachment-thumbnail size-thumbnail\" alt=\"\" \/><\/a>\n\t\t\t\t<\/dt><\/dl><dl class='gallery-item'>\n\t\t\t\t<dt class='gallery-icon landscape'>\n\t\t\t\t\t<a class=\"rollover rollover-zoom dt-pswp-item\" title=\"127531009_286068652815483_6935262105605817730_n\" data-dt-img-description=\"\" data-large_image_width=\"2048\" data-large_image_height=\"1455\"href='https:\/\/www.radiopiu.net\/wordpress\/wp-content\/uploads\/2020\/11\/127531009_286068652815483_6935262105605817730_n.jpg'><img loading=\"lazy\" decoding=\"async\" width=\"150\" height=\"150\" src=\"https:\/\/www.radiopiu.net\/wordpress\/wp-content\/uploads\/2020\/11\/127531009_286068652815483_6935262105605817730_n-150x150.jpg\" class=\"attachment-thumbnail size-thumbnail\" alt=\"\" \/><\/a>\n\t\t\t\t<\/dt><\/dl><dl class='gallery-item'>\n\t\t\t\t<dt class='gallery-icon landscape'>\n\t\t\t\t\t<a class=\"rollover rollover-zoom dt-pswp-item\" title=\"127149764_2431033610375711_3875474587109446466_n\" data-dt-img-description=\"\" data-large_image_width=\"2048\" data-large_image_height=\"1601\"href='https:\/\/www.radiopiu.net\/wordpress\/wp-content\/uploads\/2020\/11\/127149764_2431033610375711_3875474587109446466_n.jpg'><img loading=\"lazy\" decoding=\"async\" width=\"150\" height=\"150\" src=\"https:\/\/www.radiopiu.net\/wordpress\/wp-content\/uploads\/2020\/11\/127149764_2431033610375711_3875474587109446466_n-150x150.jpg\" class=\"attachment-thumbnail size-thumbnail\" alt=\"\" \/><\/a>\n\t\t\t\t<\/dt><\/dl><dl class='gallery-item'>\n\t\t\t\t<dt class='gallery-icon portrait'>\n\t\t\t\t\t<a class=\"rollover rollover-zoom dt-pswp-item\" title=\"127027048_397917401565908_5236127999203842717_n\" data-dt-img-description=\"\" data-large_image_width=\"1454\" data-large_image_height=\"2048\"href='https:\/\/www.radiopiu.net\/wordpress\/wp-content\/uploads\/2020\/11\/127027048_397917401565908_5236127999203842717_n.jpg'><img loading=\"lazy\" decoding=\"async\" width=\"150\" height=\"150\" src=\"https:\/\/www.radiopiu.net\/wordpress\/wp-content\/uploads\/2020\/11\/127027048_397917401565908_5236127999203842717_n-150x150.jpg\" class=\"attachment-thumbnail size-thumbnail\" alt=\"\" \/><\/a>\n\t\t\t\t<\/dt><\/dl><br style=\"clear: both\" \/>\n\t\t\t<\/div>\n\n<p>&nbsp;<\/p>\n<p>FOTO (De Vecchi,Google e riproduzioni dal libro \u201cGente Viva\u201d): la copertina del libro di Giuseppe De Vecchi; l\u2019autore del volume edito da Tarantola; \u201cPirago sotto la neve\u201d quadro di Theodoro De Bona con \u201c\u2026 il povero debolissimo campanile della chiesetta di Pirago\u201d; \u201c\u2026 e nel 1950 il cartonificio cominci\u00f2 a vivere\u2026\u201d; nell\u2019immagine del 1912: la famiglia De Bona; \u201c\u2026 il bianco, altissimo campanile\u2026: il vecchio corpo dei Pompieri del lontano 1911; i componenti di un coro che nel 1912 si fece ritrarre e che ora \u00e8 un documento\u2026; benedizione delle nuove campane che sostituirono quelle fuse nel 1912 dagli invasori; immagine del 1923; antico volume di cartapecora conservato nella canonica di<\/p>\n<blockquote><p>&nbsp;<\/p><\/blockquote>\n<p>&nbsp;<\/p>\n<h3>FIBROMIALGIA: CON UN APP ACCANTO E&#8217; PIU&#8217; SEMPLICE<\/h3>\n<p><strong><a href=\"https:\/\/www.radiopiu.net\/wordpress\/fibromialgia-con-un-app-accanto-e-piu-semplice\/immagine-social\/\" rel=\"attachment wp-att-173397\"><img loading=\"lazy\" decoding=\"async\" class=\" wp-image-173397 alignleft\" src=\"https:\/\/www.radiopiu.net\/wordpress\/wp-content\/uploads\/2020\/11\/Immagine-social-300x300.jpg\" alt=\"\" width=\"115\" height=\"115\" srcset=\"https:\/\/www.radiopiu.net\/wordpress\/wp-content\/uploads\/2020\/11\/Immagine-social-300x300.jpg 300w, https:\/\/www.radiopiu.net\/wordpress\/wp-content\/uploads\/2020\/11\/Immagine-social-150x150.jpg 150w, https:\/\/www.radiopiu.net\/wordpress\/wp-content\/uploads\/2020\/11\/Immagine-social-768x768.jpg 768w, https:\/\/www.radiopiu.net\/wordpress\/wp-content\/uploads\/2020\/11\/Immagine-social.jpg 960w\" sizes=\"auto, (max-width: 115px) 100vw, 115px\" \/><\/a><br \/>\n<\/strong><\/p>\n<p><strong>\u00a0<\/strong><\/p>\n<p>&nbsp;<\/p>\n<p><strong>IL PROMO IN ONDA ALLA RADIO\u00a0<\/strong><\/p>\n<audio class=\"wp-audio-shortcode\" id=\"audio-174670-12\" preload=\"none\" style=\"width: 100%;\" controls=\"controls\"><source type=\"audio\/mpeg\" src=\"https:\/\/www.radiopiu.net\/wordpress\/wp-content\/uploads\/2020\/11\/Vocale-FibroMiaApp.mp3?_=12\" \/><a href=\"https:\/\/www.radiopiu.net\/wordpress\/wp-content\/uploads\/2020\/11\/Vocale-FibroMiaApp.mp3\">https:\/\/www.radiopiu.net\/wordpress\/wp-content\/uploads\/2020\/11\/Vocale-FibroMiaApp.mp3<\/a><\/audio>\n<p>&nbsp;<\/p>\n<p>&nbsp;<\/p>\n<hr \/>\n<p>&nbsp;<\/p>\n<h2><span style=\"color: #ff0000;\">IERI ALLA RADIO<\/span><\/h2>\n<h2><strong><a href=\"https:\/\/www.radiopiu.net\/wordpress\/presto-arriva-san-nicolo-a-livinallongo-del-col-di-lana-ma-questanno-sara-tecnologico\/san-nicolo\/\" rel=\"attachment wp-att-174722\"><img loading=\"lazy\" decoding=\"async\" class=\"size-medium wp-image-174722 alignright\" src=\"https:\/\/www.radiopiu.net\/wordpress\/wp-content\/uploads\/2020\/11\/SAN-NICOLO-225x300.jpg\" alt=\"\" width=\"225\" height=\"300\" srcset=\"https:\/\/www.radiopiu.net\/wordpress\/wp-content\/uploads\/2020\/11\/SAN-NICOLO-225x300.jpg 225w, https:\/\/www.radiopiu.net\/wordpress\/wp-content\/uploads\/2020\/11\/SAN-NICOLO-768x1024.jpg 768w, https:\/\/www.radiopiu.net\/wordpress\/wp-content\/uploads\/2020\/11\/SAN-NICOLO-1152x1536.jpg 1152w, https:\/\/www.radiopiu.net\/wordpress\/wp-content\/uploads\/2020\/11\/SAN-NICOLO.jpg 1440w\" sizes=\"auto, (max-width: 225px) 100vw, 225px\" \/><\/a><\/strong><span style=\"color: #ff6600;\">PRESTO ARRIVA SAN NICOLO&#8217; A LIVINALLONGO DEL COL DI LANA&#8230;MA QUEST&#8217;ANNO SARA&#8217; TECNOLOGICO<\/span><\/h2>\n<p><strong>di Claudio Fontanive<\/strong><\/p>\n<p>OSPITI: Simona Crepaz e Alessandra Pezzei<\/p>\n<audio class=\"wp-audio-shortcode\" id=\"audio-174670-13\" preload=\"none\" style=\"width: 100%;\" controls=\"controls\"><source type=\"audio\/mpeg\" src=\"https:\/\/www.radiopiu.net\/wordpress\/wp-content\/uploads\/2020\/11\/san-nicolo-livinallongo-scade-28-novembre-1.mp3?_=13\" \/><a href=\"https:\/\/www.radiopiu.net\/wordpress\/wp-content\/uploads\/2020\/11\/san-nicolo-livinallongo-scade-28-novembre-1.mp3\">https:\/\/www.radiopiu.net\/wordpress\/wp-content\/uploads\/2020\/11\/san-nicolo-livinallongo-scade-28-novembre-1.mp3<\/a><\/audio>\n<p>&nbsp;<\/p>\n<hr \/>\n<p>&nbsp;<\/p>\n<div class=\"im_message_wrap clearfix\">\n<div class=\"im_content_message_wrap im_message_out\">\n<h2><span style=\"color: #ff0000;\">IERI ALLA RADIO\u00a0 IN VIVO VERSO 2020-21<\/span><\/h2>\n<p><strong><span style=\"color: #0000ff;\">IN ONDA DAL LUNEDI AL VENERDI ALLE 7.10, 10.10, 18.50\u00a0<\/span><\/strong><\/p>\n<blockquote class=\"wp-embedded-content\" data-secret=\"gZmKmrYIlh\"><p><a href=\"https:\/\/www.radiopiu.net\/wordpress\/periodi-di-doriana-puglisi\/\">PERIODI di DORIANA PUGLISI<\/a><\/p><\/blockquote>\n<p><iframe loading=\"lazy\" class=\"wp-embedded-content\" sandbox=\"allow-scripts\" security=\"restricted\" style=\"position: absolute; clip: rect(1px, 1px, 1px, 1px);\" title=\"&#8220;PERIODI di DORIANA PUGLISI&#8221; &#8212; Radio Pi\u00f9\" src=\"https:\/\/www.radiopiu.net\/wordpress\/periodi-di-doriana-puglisi\/embed\/#?secret=gZmKmrYIlh\" data-secret=\"gZmKmrYIlh\" width=\"600\" height=\"338\" frameborder=\"0\" marginwidth=\"0\" marginheight=\"0\" scrolling=\"no\"><\/iframe><\/p>\n<\/div>\n<\/div>\n<h1><strong><span style=\"font-family: Verdana, sans-serif;\"><span style=\"font-size: medium;\">LA RACCOLTA COMPLETA, TUTTE LE COLLEZIONI<\/span><\/span><\/strong><\/h1>\n<blockquote class=\"wp-embedded-content\" data-secret=\"w14W2GlOR0\"><p><a href=\"https:\/\/www.radiopiu.net\/wordpress\/in-vivo-verso\/\">In Vivo Verso<\/a><\/p><\/blockquote>\n<p><iframe loading=\"lazy\" class=\"wp-embedded-content\" sandbox=\"allow-scripts\" security=\"restricted\" style=\"position: absolute; clip: rect(1px, 1px, 1px, 1px);\" title=\"&#8220;In Vivo Verso&#8221; &#8212; Radio Pi\u00f9\" src=\"https:\/\/www.radiopiu.net\/wordpress\/in-vivo-verso\/embed\/#?secret=w14W2GlOR0\" data-secret=\"w14W2GlOR0\" width=\"600\" height=\"338\" frameborder=\"0\" marginwidth=\"0\" marginheight=\"0\" scrolling=\"no\"><\/iframe><\/p>\n<hr \/>\n<p>&nbsp;<\/p>\n<h2>007 IN CONDOTTA CON LA PROF. MARIA ROSA SALMAZO IL LUNEDI ALLE 10,30 E ALLE 19.00 LA DOMENICA ALLE 8 DEL MATTINO. NONA STAGIONE<\/h2>\n<h2>LA RACCOLTA COMPLETA<\/h2>\n<blockquote class=\"wp-embedded-content\" data-secret=\"kexPLt3DQV\"><p><a href=\"https:\/\/www.radiopiu.net\/wordpress\/007incondotta-9\/\">007 in condotta<\/a><\/p><\/blockquote>\n<p><iframe loading=\"lazy\" class=\"wp-embedded-content\" sandbox=\"allow-scripts\" security=\"restricted\" style=\"position: absolute; clip: rect(1px, 1px, 1px, 1px);\" title=\"&#8220;007 in condotta&#8221; &#8212; Radio Pi\u00f9\" src=\"https:\/\/www.radiopiu.net\/wordpress\/007incondotta-9\/embed\/#?secret=kexPLt3DQV\" data-secret=\"kexPLt3DQV\" width=\"600\" height=\"338\" frameborder=\"0\" marginwidth=\"0\" marginheight=\"0\" scrolling=\"no\"><\/iframe><\/p>\n<p>&nbsp;<\/p>\n<hr \/>\n<p>&nbsp;<\/p>\n<blockquote>\n<h2>SALUTE E SOCIETA&#8217; IL LUNEDI ALLE 13.10 E ALLE 20.10, LA DOMENICA ALLE 10.30 A CURA DEL DOTTOR MARCO CARACCIOLO. QUINTA STAGIONE<\/h2>\n<\/blockquote>\n<h3>LA RACCOLTA COMPLETA<\/h3>\n<blockquote class=\"wp-embedded-content\" data-secret=\"EMjRBzmT8m\"><p><a href=\"https:\/\/www.radiopiu.net\/wordpress\/saluteesocieta\/\">Salute e Societ\u00e0<\/a><\/p><\/blockquote>\n<p><iframe loading=\"lazy\" class=\"wp-embedded-content\" sandbox=\"allow-scripts\" security=\"restricted\" style=\"position: absolute; clip: rect(1px, 1px, 1px, 1px);\" title=\"&#8220;Salute e Societ\u00e0&#8221; &#8212; Radio Pi\u00f9\" src=\"https:\/\/www.radiopiu.net\/wordpress\/saluteesocieta\/embed\/#?secret=EMjRBzmT8m\" data-secret=\"EMjRBzmT8m\" width=\"600\" height=\"338\" frameborder=\"0\" marginwidth=\"0\" marginheight=\"0\" scrolling=\"no\"><\/iframe><\/p>\n<hr \/>\n<blockquote>\n<h2><\/h2>\n<h2>FANTASTICHE DOLOMITI, NUOVA STAGIONE. APPUNTAMENTO QUINDICINALE IL GIOVEDI ALLE 10.30 E 1900<\/h2>\n<\/blockquote>\n<h1>LA RACCOLTA COMPLETA<\/h1>\n<blockquote class=\"wp-embedded-content\" data-secret=\"f2cP7TWk0m\"><p><a href=\"https:\/\/www.radiopiu.net\/wordpress\/https-wp-me-p63lo7-gyg\/\">FANTASTICHE DOLOMITI: IL QUINDICINALE APPUNTAMENTO ALLA RADIO<\/a><\/p><\/blockquote>\n<p><iframe loading=\"lazy\" class=\"wp-embedded-content\" sandbox=\"allow-scripts\" security=\"restricted\" style=\"position: absolute; clip: rect(1px, 1px, 1px, 1px);\" title=\"&#8220;FANTASTICHE DOLOMITI: IL QUINDICINALE APPUNTAMENTO ALLA RADIO&#8221; &#8212; Radio Pi\u00f9\" src=\"https:\/\/www.radiopiu.net\/wordpress\/https-wp-me-p63lo7-gyg\/embed\/#?secret=f2cP7TWk0m\" data-secret=\"f2cP7TWk0m\" width=\"600\" height=\"338\" frameborder=\"0\" marginwidth=\"0\" marginheight=\"0\" scrolling=\"no\"><\/iframe><\/p>\n<div class=\"mw-parser-output\">\n<p>&nbsp;<\/p>\n<\/div>\n<p>&nbsp;<\/p>\n<hr \/>\n<p>&nbsp;<\/p>\n<p>&nbsp;<\/p>\n<h2><span style=\"color: #808000;\">DUE MINUTI UN LIBRO\u00a0 TUTTI I GIORNI ALLA RADIO ALLE 9.30 E ALLE 18. QUINTA STAGIONE \u00a0<\/span><\/h2>\n<blockquote class=\"wp-embedded-content\" data-secret=\"PkBfjcNBWt\"><p><a href=\"https:\/\/www.radiopiu.net\/wordpress\/proprio-come-te\/\">PROPRIO COME TE<\/a><\/p><\/blockquote>\n<p><iframe loading=\"lazy\" class=\"wp-embedded-content\" sandbox=\"allow-scripts\" security=\"restricted\" style=\"position: absolute; clip: rect(1px, 1px, 1px, 1px);\" title=\"&#8220;PROPRIO COME TE&#8221; &#8212; Radio Pi\u00f9\" src=\"https:\/\/www.radiopiu.net\/wordpress\/proprio-come-te\/embed\/#?secret=PkBfjcNBWt\" data-secret=\"PkBfjcNBWt\" width=\"600\" height=\"338\" frameborder=\"0\" marginwidth=\"0\" marginheight=\"0\" scrolling=\"no\"><\/iframe><\/p>\n<h2>LA RACCOLTA COMPLETA<\/h2>\n<blockquote class=\"wp-embedded-content\" data-secret=\"EZJzYU9pdw\"><p><a href=\"https:\/\/www.radiopiu.net\/wordpress\/due-minuti-un-libro\/\">Due minuti un libro<\/a><\/p><\/blockquote>\n<p><iframe loading=\"lazy\" class=\"wp-embedded-content\" sandbox=\"allow-scripts\" security=\"restricted\" style=\"position: absolute; clip: rect(1px, 1px, 1px, 1px);\" title=\"&#8220;Due minuti un libro&#8221; &#8212; Radio Pi\u00f9\" src=\"https:\/\/www.radiopiu.net\/wordpress\/due-minuti-un-libro\/embed\/#?secret=EZJzYU9pdw\" data-secret=\"EZJzYU9pdw\" width=\"600\" height=\"338\" frameborder=\"0\" marginwidth=\"0\" marginheight=\"0\" scrolling=\"no\"><\/iframe><\/p>\n<p>&nbsp;<\/p>\n<hr \/>\n<p>&nbsp;<\/p>\n<blockquote>\n<h2>CASSA SOLIDARIET\u00c0 LUXOTTICA &#8211; PUNTATA DEL 20 NOVEMBRE 2020<\/h2>\n<h2>RACCOLTA COMPLETA<\/h2>\n<\/blockquote>\n<blockquote class=\"wp-embedded-content\" data-secret=\"HNRRgplF2J\"><p><a href=\"https:\/\/www.radiopiu.net\/wordpress\/cassa-solidarieta-luxottica-puntata-del-16-ottobre-2020\/\">CASSA SOLIDARIET\u00c0 LUXOTTICA &#8211; PUNTATA DEL 20 NOVEMBRE 2020<\/a><\/p><\/blockquote>\n<p><iframe loading=\"lazy\" class=\"wp-embedded-content\" sandbox=\"allow-scripts\" security=\"restricted\" style=\"position: absolute; clip: rect(1px, 1px, 1px, 1px);\" title=\"&#8220;CASSA SOLIDARIET\u00c0 LUXOTTICA &#8211; PUNTATA DEL 20 NOVEMBRE 2020&#8221; &#8212; Radio Pi\u00f9\" src=\"https:\/\/www.radiopiu.net\/wordpress\/cassa-solidarieta-luxottica-puntata-del-16-ottobre-2020\/embed\/#?secret=HNRRgplF2J\" data-secret=\"HNRRgplF2J\" width=\"600\" height=\"338\" frameborder=\"0\" marginwidth=\"0\" marginheight=\"0\" scrolling=\"no\"><\/iframe><\/p>\n<p>&nbsp;<\/p>\n<p>&nbsp;<\/p>\n<hr \/>\n<p>&nbsp;<\/p>\n<p>&nbsp;<\/p>\n<blockquote>\n<h2><a href=\"https:\/\/www.radiopiu.net\/wordpress\/speciale-solidarieta-veneto\/solidarieta-veneto-3\/\" rel=\"attachment wp-att-134366\"><img loading=\"lazy\" decoding=\"async\" class=\"wp-image-134366 alignleft\" src=\"https:\/\/www.radiopiu.net\/wordpress\/wp-content\/uploads\/2020\/05\/solidariet\u00e0-veneto-300x210.jpg\" alt=\"\" width=\"179\" height=\"125\" srcset=\"https:\/\/www.radiopiu.net\/wordpress\/wp-content\/uploads\/2020\/05\/solidariet\u00e0-veneto-300x210.jpg 300w, https:\/\/www.radiopiu.net\/wordpress\/wp-content\/uploads\/2020\/05\/solidariet\u00e0-veneto-1024x717.jpg 1024w, https:\/\/www.radiopiu.net\/wordpress\/wp-content\/uploads\/2020\/05\/solidariet\u00e0-veneto-768x538.jpg 768w, https:\/\/www.radiopiu.net\/wordpress\/wp-content\/uploads\/2020\/05\/solidariet\u00e0-veneto.jpg 1373w\" sizes=\"auto, (max-width: 179px) 100vw, 179px\" \/><\/a>SOLIDARIETA&#8217; VENETO FONDO PENSIONE, IN ONDA IL PRIMO VENERDI DEL MESE ALLE 10.30 E ALLE 19.00 QUINTA STAGIONE<\/h2>\n<h2>RACCOLTA COMPLETA<\/h2>\n<\/blockquote>\n<blockquote class=\"wp-embedded-content\" data-secret=\"MEEdeWqy5U\"><p><a href=\"https:\/\/www.radiopiu.net\/wordpress\/solidarieta-veneto\/\">Solidariet\u00e0 Veneto<\/a><\/p><\/blockquote>\n<p><iframe loading=\"lazy\" class=\"wp-embedded-content\" sandbox=\"allow-scripts\" security=\"restricted\" style=\"position: absolute; clip: rect(1px, 1px, 1px, 1px);\" title=\"&#8220;Solidariet\u00e0 Veneto&#8221; &#8212; Radio Pi\u00f9\" src=\"https:\/\/www.radiopiu.net\/wordpress\/solidarieta-veneto\/embed\/#?secret=MEEdeWqy5U\" data-secret=\"MEEdeWqy5U\" width=\"600\" height=\"338\" frameborder=\"0\" marginwidth=\"0\" marginheight=\"0\" scrolling=\"no\"><\/iframe><\/p>\n<p>&nbsp;<\/p>\n<p>&nbsp;<\/p>\n<div>\n<p>&nbsp;<\/p>\n<hr \/>\n<p>&nbsp;<\/p>\n<div>\n<h2><span style=\"color: #33cccc;\">I RACCONTI DI PAOLO SOPPELSA il lunedi alle 9.30 e 18.30<\/span><\/h2>\n<h2><span style=\"color: #33cccc;\"><strong>RACCOLTA COMPLETA<\/strong><\/span><\/h2>\n<blockquote class=\"wp-embedded-content\" data-secret=\"5TfMxIKvaB\"><p><a href=\"https:\/\/www.radiopiu.net\/wordpress\/i-racconti-di-paolo-soppelsa\/\">I racconti di Paolo Soppelsa<\/a><\/p><\/blockquote>\n<p><iframe loading=\"lazy\" class=\"wp-embedded-content\" sandbox=\"allow-scripts\" security=\"restricted\" style=\"position: absolute; clip: rect(1px, 1px, 1px, 1px);\" title=\"&#8220;I racconti di Paolo Soppelsa&#8221; &#8212; Radio Pi\u00f9\" src=\"https:\/\/www.radiopiu.net\/wordpress\/i-racconti-di-paolo-soppelsa\/embed\/#?secret=5TfMxIKvaB\" data-secret=\"5TfMxIKvaB\" width=\"600\" height=\"338\" frameborder=\"0\" marginwidth=\"0\" marginheight=\"0\" scrolling=\"no\"><\/iframe><\/p>\n<\/div>\n<p>&nbsp;<\/p>\n<hr \/>\n<p>&nbsp;<\/p>\n<h2><strong>LE\u00a0 PUNTATE di Luisa Alchini di Leggermente Bellunesi, la domenica alle 11, il martedi alle 10.30 e alle 19.00<br \/>\nOGGI: <span class=\"d2edcug0 hpfvmrgz qv66sw1b c1et5uql rrkovp55 a8c37x1j keod5gw0 nxhoafnm aigsh9s9 d3f4x2em fe6kdd0r mau55g9w c8b282yb iv3no6db jq4qci2q a3bd9o3v knj5qynh oo9gr5id hzawbc8m\" dir=\"auto\" style=\"color: #0000ff;\">ottava puntata nel ricordo del compianto Don Stefano Pontil attraverso la pubblicazione del 2017 in occasione dell&#8217;adunanza CAI a La Marol, nel comune di Rivamonte Agordino<\/span><\/strong><\/h2>\n<p><a href=\"https:\/\/www.radiopiu.net\/wordpress\/giornale-radiopiu-24-novembre-2020-direttore-mirko-mezzacasa\/126793518_1528802647307797_2024275084726312927_o\/\" rel=\"attachment wp-att-174700\"><img loading=\"lazy\" decoding=\"async\" class=\"size-medium wp-image-174700 alignleft\" src=\"https:\/\/www.radiopiu.net\/wordpress\/wp-content\/uploads\/2020\/11\/126793518_1528802647307797_2024275084726312927_o-201x300.jpg\" alt=\"\" width=\"201\" height=\"300\" srcset=\"https:\/\/www.radiopiu.net\/wordpress\/wp-content\/uploads\/2020\/11\/126793518_1528802647307797_2024275084726312927_o-201x300.jpg 201w, https:\/\/www.radiopiu.net\/wordpress\/wp-content\/uploads\/2020\/11\/126793518_1528802647307797_2024275084726312927_o.jpg 401w\" sizes=\"auto, (max-width: 201px) 100vw, 201px\" \/><\/a><\/p>\n<p>&nbsp;<\/p>\n<p>&nbsp;<\/p>\n<p>&nbsp;<\/p>\n<p>Nell\u2019ottava puntata di marted\u00ec 24 novembre 2020 ricordiamo il compianto Don Stefano Pontil attraverso la pubblicazione del 2017 in occasione dell\u2019adunanza CAI a La Marol, nel comune di Rivamonte Agordino.<\/p>\n<audio class=\"wp-audio-shortcode\" id=\"audio-174670-14\" preload=\"none\" style=\"width: 100%;\" controls=\"controls\"><source type=\"audio\/mpeg\" src=\"https:\/\/www.radiopiu.net\/wordpress\/wp-content\/uploads\/2020\/11\/8leggermenteadunanza2017lamarol.mp3?_=14\" \/><a href=\"https:\/\/www.radiopiu.net\/wordpress\/wp-content\/uploads\/2020\/11\/8leggermenteadunanza2017lamarol.mp3\">https:\/\/www.radiopiu.net\/wordpress\/wp-content\/uploads\/2020\/11\/8leggermenteadunanza2017lamarol.mp3<\/a><\/audio>\n<h1><span style=\"color: #000000;\">RACCOLTA COMPLETA<\/span><\/h1>\n<blockquote class=\"wp-embedded-content\" data-secret=\"fJTKZ9hndM\"><p><a href=\"https:\/\/www.radiopiu.net\/wordpress\/leggermente-20\/\">LEGGERmente&#8230;Bellunesi<\/a><\/p><\/blockquote>\n<p><iframe loading=\"lazy\" class=\"wp-embedded-content\" sandbox=\"allow-scripts\" security=\"restricted\" style=\"position: absolute; clip: rect(1px, 1px, 1px, 1px);\" title=\"&#8220;LEGGERmente&#8230;Bellunesi&#8221; &#8212; Radio Pi\u00f9\" src=\"https:\/\/www.radiopiu.net\/wordpress\/leggermente-20\/embed\/#?secret=fJTKZ9hndM\" data-secret=\"fJTKZ9hndM\" width=\"600\" height=\"338\" frameborder=\"0\" marginwidth=\"0\" marginheight=\"0\" scrolling=\"no\"><\/iframe><\/p>\n<hr \/>\n<p>&nbsp;<\/p>\n<blockquote>\n<h3>L&#8217;ALMANACCO LADINO CON L&#8217;ISTITUT CESA DE JAN QUINDICINALE APPUNTAMENTO. LA DOMENICA ALLE 9 IL LUNEDI ALLE 8.35 IL MARTEDI ALLE 12.35 IL MERCOLEDI ALLE 18.35. SECONDA STAGIONE.<\/h3>\n<\/blockquote>\n<h3>LA PUNTATA DELLA SETTIMANA<\/h3>\n<audio class=\"wp-audio-shortcode\" id=\"audio-174670-15\" preload=\"none\" style=\"width: 100%;\" controls=\"controls\"><source type=\"audio\/mpeg\" src=\"https:\/\/www.radiopiu.net\/wordpress\/wp-content\/uploads\/2020\/11\/46\u00b0-Almanacco-Ladino_Fodom.mp3?_=15\" \/><a href=\"https:\/\/www.radiopiu.net\/wordpress\/wp-content\/uploads\/2020\/11\/46\u00b0-Almanacco-Ladino_Fodom.mp3\">https:\/\/www.radiopiu.net\/wordpress\/wp-content\/uploads\/2020\/11\/46\u00b0-Almanacco-Ladino_Fodom.mp3<\/a><\/audio>\n<p>&nbsp;<\/p>\n<p><strong>RACCOLTA COMPLETA\u00a0<\/strong><\/p>\n<blockquote class=\"wp-embedded-content\" data-secret=\"5jyVDOxS0y\"><p><a href=\"https:\/\/www.radiopiu.net\/wordpress\/almanacco-ladino\/\">Almanacco Ladino<\/a><\/p><\/blockquote>\n<p><iframe loading=\"lazy\" class=\"wp-embedded-content\" sandbox=\"allow-scripts\" security=\"restricted\" style=\"position: absolute; clip: rect(1px, 1px, 1px, 1px);\" title=\"&#8220;Almanacco Ladino&#8221; &#8212; Radio Pi\u00f9\" src=\"https:\/\/www.radiopiu.net\/wordpress\/almanacco-ladino\/embed\/#?secret=5jyVDOxS0y\" data-secret=\"5jyVDOxS0y\" width=\"600\" height=\"338\" frameborder=\"0\" marginwidth=\"0\" marginheight=\"0\" scrolling=\"no\"><\/iframe><\/p>\n<p>&nbsp;<\/p>\n<\/div>\n<hr \/>\n<div>\n<h2><span style=\"color: #000080;\"><a class=\"dt-pswp-item\" href=\"https:\/\/www.radiopiu.net\/wordpress\/wp-content\/uploads\/2020\/10\/pp.jpg\" data-dt-img-description=\"\" data-large_image_width=\"640\" data-large_image_height=\"640\"><img loading=\"lazy\" decoding=\"async\" class=\"wp-image-163678 alignleft\" src=\"https:\/\/www.radiopiu.net\/wordpress\/wp-content\/uploads\/2020\/10\/pp-300x300.jpg\" alt=\"\" width=\"106\" height=\"106\" srcset=\"https:\/\/www.radiopiu.net\/wordpress\/wp-content\/uploads\/2020\/10\/pp-300x300.jpg 300w, https:\/\/www.radiopiu.net\/wordpress\/wp-content\/uploads\/2020\/10\/pp-150x150.jpg 150w, https:\/\/www.radiopiu.net\/wordpress\/wp-content\/uploads\/2020\/10\/pp-125x125.jpg 125w, https:\/\/www.radiopiu.net\/wordpress\/wp-content\/uploads\/2020\/10\/pp-200x200.jpg 200w, https:\/\/www.radiopiu.net\/wordpress\/wp-content\/uploads\/2020\/10\/pp-80x80.jpg 80w, https:\/\/www.radiopiu.net\/wordpress\/wp-content\/uploads\/2020\/10\/pp-480x480.jpg 480w, https:\/\/www.radiopiu.net\/wordpress\/wp-content\/uploads\/2020\/10\/pp.jpg 640w\" sizes=\"auto, (max-width: 106px) 100vw, 106px\" \/><\/a> <\/span><\/h2>\n<h2><span style=\"color: #000080;\">DON CESARE, IL PENSIERO DEL GIORNO. ALLA RADIO ALLE 7 DEL MATTINO E ALLE 19.30 DELLA SERA.\u00a0\u00a0<\/span><\/h2>\n<\/div>\n<p>&nbsp;<\/p>\n<audio class=\"wp-audio-shortcode\" id=\"audio-174670-16\" preload=\"none\" style=\"width: 100%;\" controls=\"controls\"><source type=\"audio\/mpeg\" src=\"https:\/\/www.radiopiu.net\/wordpress\/wp-content\/uploads\/2020\/11\/CESARE-20.mp3?_=16\" \/><a href=\"https:\/\/www.radiopiu.net\/wordpress\/wp-content\/uploads\/2020\/11\/CESARE-20.mp3\">https:\/\/www.radiopiu.net\/wordpress\/wp-content\/uploads\/2020\/11\/CESARE-20.mp3<\/a><\/audio>\n<p>&nbsp;<\/p>\n<hr \/>\n<p>&nbsp;<\/p>\n<div>\n<p class=\"photoswipe-wrapper\"><a class=\"dt-pswp-item pspw-wrap-ready\" href=\"https:\/\/i0.wp.com\/www.radiopiu.net\/wordpress\/wp-content\/uploads\/2018\/09\/viabilita.jpeg?ssl=1\" data-dt-img-description=\"\" data-large_image_width=\"800\" data-large_image_height=\"100\"><img loading=\"lazy\" decoding=\"async\" class=\"aligncenter wp-image-61954 size-full\" src=\"https:\/\/i0.wp.com\/www.radiopiu.net\/wordpress\/wp-content\/uploads\/2018\/09\/viabilita.jpeg?resize=800%2C100&amp;ssl=1\" sizes=\"auto, (max-width: 800px) 100vw, 800px\" srcset=\"https:\/\/i0.wp.com\/www.radiopiu.net\/wordpress\/wp-content\/uploads\/2018\/09\/viabilita.jpeg?w=800&amp;ssl=1 800w, https:\/\/i0.wp.com\/www.radiopiu.net\/wordpress\/wp-content\/uploads\/2018\/09\/viabilita.jpeg?resize=300%2C38&amp;ssl=1 300w, https:\/\/i0.wp.com\/www.radiopiu.net\/wordpress\/wp-content\/uploads\/2018\/09\/viabilita.jpeg?resize=768%2C96&amp;ssl=1 768w\" alt=\"\" width=\"800\" height=\"100\" \/><\/a><\/p>\n<\/div>\n<p>&nbsp;<\/p>\n<p><strong>PRIMOLANO PROVINCIALE 50BIS:<\/strong> interdizione totale alla transitabilit\u00e0 a Primolano dalle 8 alle 12 e dalle 13 alle 17 nei giorni 23 e 24 novembre.<\/p>\n<p><strong>PROVINCIALE 49 MISURINA CONFINE PROVINCIA DI BOLZANO<\/strong>:\u00a0 fino al 22 dicembre (festivi e prefestivi compresi) senso unico alternato con movieri o semafori<\/p>\n<p><strong>STRADA REGIONALE 48 DELLE DOLOMITI<\/strong> fino al 01 dicembre, dalle 8 alle 18, senso unico alternato regolato da impianto semaforico in localit\u00e0 Salesei di Sopra in comune di Livinallongo per esecuzione tombinatura<\/p>\n<p><strong>PROVINCIALE 3 VALLE IMPERINA<\/strong>:\u00a0 fino al 12 dicembre senso unico alternato (tutti i giorni nessuno escluso) in locailt\u00e0 Gona per messa in sicurezza della strada.<\/p>\n<p><strong>PROVINCIALE 48 DELLE DOLOMITI<\/strong> fino al 30 novembre (tutti i giorni nessuno escluso) senso unico alternato in localit\u00e0 Livin\u00e8 a Livinallongo del Col di Lana<\/p>\n<p><strong>REGIONALE 203 AGORDINA COLLAZ-LIVINALLONGO<\/strong>\u00a0 fino al 4 dicembre (sabato e festivi esclusi) senso unico alternato per singoli tratti di 150 metri<\/p>\n<p><strong>SR 203 AGORDINA<\/strong>\u00a0fino al 30 novembre, compresi sabato e domenica, \u00a0senso unico alternato regolato da semaforo in localit\u00e0 Sopra Sac di Alleghe per allestimento opere di difesa valanghiva<\/p>\n<p><strong>SP\u00a0423 LAGO DI SANTA CROCE_POIATTE_ALPAGO <\/strong>Fino al 12 dicembre (esclusi festivi e prefestivi) senso unico alternato con movieri o semaforo per esecuzione paramassi a monte della strada<\/p>\n<p><strong>SP 422 DELL\u2019ALPAGO E DEL CANSIGLIO\u00a0<\/strong>fino al 30 novembre, esclusi sabato e domenica, senso unico alternato regolato da movieri tra Puos e Cornei per posa fibre ottiche<\/p>\n<p><strong>SR 48 DELLE DOLOMITI<\/strong>\u00a0fino al 30 novembre senso unico alternato regolato da impianto semaforico tra Arabba e Cernadoi per consolidamento ciglio stradale e sostituzione barriere di sicurezza<\/p>\n<p><strong>PROVINCIALE 251\u00a0<\/strong> COLLE SANTA LUCIA Fino al 28 novembre senso unico (per asfaltature) compresi sabato e domenica (stessa situazione lungo la 203 agordina in localit\u00e0 Rucav\u00e0)<\/p>\n<p><strong>SP 3 DELLA VAL IMPERINA<\/strong> fino a revoca, senso unico alternato regolato a vista in localit\u00e0 Gona di Conedera di Rivamonte per cedimento della carreggiata stradale<\/p>\n<p><strong>REGIONALE 203 AGORDINA<\/strong>\u00a0 Fino\u00a0 al 18 dicembre (esclusi festivi e prefestivi) senso unico alternato tra Peron e Candaten con movieri dalle 7.30 alle 9 e dalle 16.30 alle 18. Con semaforo negli altri orari<\/p>\n<p><strong>REGIONALE 203 AGORDINA<\/strong> Fino al 30 novembre (sabato e domenica esclusi) tra Candaten e La Stanga dalle 7.30 alle 9 e dalle 16.30 alle 18 con movieri e negli altri orari con semaforo, senso unico alternato.<\/p>\n<div>\n<p>&nbsp;<\/p>\n<hr \/>\n<p>&nbsp;<\/p>\n<p class=\"photoswipe-wrapper\"><a class=\"dt-pswp-item pspw-wrap-ready\" href=\"https:\/\/i0.wp.com\/www.radiopiu.net\/wordpress\/wp-content\/uploads\/2018\/09\/WhatsApp-Image-2018-09-20-at-16.04.06.jpeg?ssl=1\" data-dt-img-description=\"\" data-large_image_width=\"800\" data-large_image_height=\"100\"><img loading=\"lazy\" decoding=\"async\" class=\"aligncenter wp-image-61378 size-full jetpack-lazy-image jetpack-lazy-image--handled\" src=\"https:\/\/i0.wp.com\/www.radiopiu.net\/wordpress\/wp-content\/uploads\/2018\/09\/WhatsApp-Image-2018-09-20-at-16.04.06.jpeg?resize=800%2C100&amp;ssl=1\" sizes=\"auto, (max-width: 800px) 100vw, 800px\" srcset=\"https:\/\/i0.wp.com\/www.radiopiu.net\/wordpress\/wp-content\/uploads\/2018\/09\/WhatsApp-Image-2018-09-20-at-16.04.06.jpeg?w=800&amp;ssl=1 800w, https:\/\/i0.wp.com\/www.radiopiu.net\/wordpress\/wp-content\/uploads\/2018\/09\/WhatsApp-Image-2018-09-20-at-16.04.06.jpeg?resize=300%2C38&amp;ssl=1 300w, https:\/\/i0.wp.com\/www.radiopiu.net\/wordpress\/wp-content\/uploads\/2018\/09\/WhatsApp-Image-2018-09-20-at-16.04.06.jpeg?resize=768%2C96&amp;ssl=1 768w\" alt=\"\" width=\"800\" height=\"100\" data-lazy-loaded=\"1\" \/><\/a><\/p>\n<\/div>\n<p>&nbsp;<\/p>\n<p><center><b>Mercoledi 25<\/b><\/center><b>Tempo atteso:\u00a0<\/b>Stupenda giornata tardo-autunnale su tutta la montagna veneta con tempo ben soleggiato, cielo sereno, aria limpida e ottima visibilit\u00e0. Notte fredda, specie nelle valli, in giornata forte contrasto termico tra i settori valligiani assolati e quelli in ombra.<br \/>\n<b>Precipitazioni:\u00a0<\/b>Assenti (0%)<br \/>\n<b>Temperature:\u00a0<\/b>In quota in generale lieve aumento. Nelle valli minime pressoch\u00e9 stazionarie, salvo leggero calo delle suddette nei fondovalle prealpini, assieme a una contenuta inversione termica; massime stazionarie o in leggero aumento: 9\/10\u00b0C nei fondovalle prealpini e 6\/8\u00b0C a 1000\/1200 m, assai meno nei settori in ombra. Su Prealpi a 1500 m min 4\u00b0C max 7\u00b0C, a 2000 m min 2\u00b0C max 5\u00b0C. Su Dolomiti a 2000 m min 1\u00b0C max 5\u00b0C, a 3000 m min -3\u00b0C max -1\u00b0C.<br \/>\n<b>Venti:\u00a0<\/b>Perlopi\u00f9 deboli a regime di brezza nelle valli, localmente e a tratti moderati nei consueti settori prealpini; in quota deboli\/moderati da sud sud-est al mattino e da sud al pomeriggio, a 5-15 km\/h a 2000 m e 15-25 km\/h a 3000 m.<\/p>\n<hr \/>\n<p><center><b>Giovedi 26<\/b><\/center><b>Tempo atteso:\u00a0<\/b>Tempo stabile e perlopi\u00f9 soleggiato, nonostante il temporaneo transito di banchi di nubi alte o medio-alte nel corso della mattinata. Persiste l&#8217;inversione termica notturna nella maggiore parte delle valli, assieme a un forte contrasto termico tra i settori pi\u00f9 assolati e quelli in ombra.<br \/>\n<b>Precipitazioni:\u00a0<\/b>Assenti (0%)<br \/>\n<b>Temperature:\u00a0<\/b>In quota in lieve calo sia le minime che le massime; nelle valli senza notevoli variazioni, eccetto locale rialzo delle minime in alcune valli prealpine qualora fossero interessate da annuvolamenti notturni (minore irraggiamento). Su Prealpi a 1500 m min 3\u00b0C max 6\u00b0C, a 2000 m min 1\u00b0C max 4\u00b0C. Su Dolomiti a 2000 m min 0\u00b0C max 4\u00b0C, a 3000 m min -4\u00b0C max -3\u00b0C.<br \/>\n<b>Venti:\u00a0<\/b>Perlopi\u00f9 deboli a regime di brezza nelle valli, localmente e a tratti moderati nei consueti settori prealpini; in quota deboli da sud-ovest, a tratti moderati sulle vette pi\u00f9 alte, a 5-10 km\/h a 2000 m e 10-20 km\/h a 3000 m.<\/p>\n<hr \/>\n<p><center><b>Venerdi 27<\/b><\/center>Altra stupenda giornata tardo-autunnale su tutta la montagna veneta con sole, cielo sereno, aria limpida ed ottima visibilit\u00e0. Temperature pressoch\u00e9 stazionarie, salvo lieve diminuzione delle minime nei fondovalle. Mantenimento dell&#8217;inversione termica con diffuse gelate notturne a bassa quota; forte contrasto termico diurno tra le valli in ombra e quelle pi\u00f9 assolate. Venti deboli\/moderati da sud sud-ovest in quota, perlopi\u00f9 deboli a regime di brezza nelle valli, localmente e a tratti moderati nei consueti settori prealpini.<\/p>\n<hr \/>\n<p><center><b>Sabato 28<\/b><\/center>Sulle Dolomiti sole e passaggi di nubi alte in grado di velare temporaneamente il cielo; sulle Prealpi maggiore presenza di nubi alte e probabili foschie nei fondovalle. Temperature minime in ripresa per minore irraggiamento notturno e massime in lieve calo, anche per parziale deficit di soleggiamento. Venti deboli di direzione variabile nelle valli, deboli\/moderati da est sud-est in quota. Previsore R.L.Th.<\/p>\n","protected":false},"excerpt":{"rendered":"<p>PER RICEVERE QUESTO NOTIZIARIO DIRETTAMENTE SUL TUO CELLULARE ISCRIVITI AL CANALE TELEGRAM \u201cRADIO PIU\u00a0 INFORMAZIONE&#8221; ATTENZIONE: LA NUOVA APP PER IOS-IPHONE https:\/\/apps.apple.com\/it\/app\/radio-pi%C3%B9-emittente-agordina\/id1515939845 ATTENZIONE: LA NUOVA APP RADIO\u00a0 PER ANDROID https:\/\/play.google.com\/store\/apps\/details?id=net.radiopiu.iniko\u00a0\u00a0 &nbsp; Altre 91 croci in Regione, in un solo giorno con il totale dei decessi a 3400. Ieri il numero dei guariti ha superato quello&hellip;<\/p>\n","protected":false},"author":4,"featured_media":174855,"comment_status":"closed","ping_status":"closed","sticky":false,"template":"","format":"standard","meta":{"_monsterinsights_skip_tracking":false,"_monsterinsights_sitenote_active":false,"_monsterinsights_sitenote_note":"","_monsterinsights_sitenote_category":0,"footnotes":""},"categories":[1,51,86,49],"tags":[],"class_list":["post-174670","post","type-post","status-publish","format-standard","has-post-thumbnail","hentry","category-senza-categoria","category-evidenza-top","category-gr","category-news-18","category-1","category-51","category-86","category-49","description-off"],"img_url":"https:\/\/www.radiopiu.net\/wordpress\/wp-content\/uploads\/2020\/11\/5ddd9d8b-a681-4565-a125-65108b7a9982.jpg","_links":{"self":[{"href":"https:\/\/www.radiopiu.net\/wordpress\/wp-json\/wp\/v2\/posts\/174670","targetHints":{"allow":["GET"]}}],"collection":[{"href":"https:\/\/www.radiopiu.net\/wordpress\/wp-json\/wp\/v2\/posts"}],"about":[{"href":"https:\/\/www.radiopiu.net\/wordpress\/wp-json\/wp\/v2\/types\/post"}],"author":[{"embeddable":true,"href":"https:\/\/www.radiopiu.net\/wordpress\/wp-json\/wp\/v2\/users\/4"}],"replies":[{"embeddable":true,"href":"https:\/\/www.radiopiu.net\/wordpress\/wp-json\/wp\/v2\/comments?post=174670"}],"version-history":[{"count":0,"href":"https:\/\/www.radiopiu.net\/wordpress\/wp-json\/wp\/v2\/posts\/174670\/revisions"}],"wp:featuredmedia":[{"embeddable":true,"href":"https:\/\/www.radiopiu.net\/wordpress\/wp-json\/wp\/v2\/media\/174855"}],"wp:attachment":[{"href":"https:\/\/www.radiopiu.net\/wordpress\/wp-json\/wp\/v2\/media?parent=174670"}],"wp:term":[{"taxonomy":"category","embeddable":true,"href":"https:\/\/www.radiopiu.net\/wordpress\/wp-json\/wp\/v2\/categories?post=174670"},{"taxonomy":"post_tag","embeddable":true,"href":"https:\/\/www.radiopiu.net\/wordpress\/wp-json\/wp\/v2\/tags?post=174670"}],"curies":[{"name":"wp","href":"https:\/\/api.w.org\/{rel}","templated":true}]}}