{"id":174794,"date":"2020-11-24T13:42:45","date_gmt":"2020-11-24T12:42:45","guid":{"rendered":"https:\/\/www.radiopiu.net\/wordpress\/?p=174794"},"modified":"2020-11-25T01:29:40","modified_gmt":"2020-11-25T00:29:40","slug":"un-natale-con-le-piste-chiuse-colpo-di-grazia-sulleconomia-montana","status":"publish","type":"post","link":"https:\/\/www.radiopiu.net\/wordpress\/un-natale-con-le-piste-chiuse-colpo-di-grazia-sulleconomia-montana\/","title":{"rendered":"UN NATALE CON LE PISTE CHIUSE: COLPO DI GRAZIA SULL&#8217;ECONOMIA MONTANA"},"content":{"rendered":"<p><em><a href=\"https:\/\/www.radiopiu.net\/wordpress\/un-natale-con-le-piste-chiuse-colpo-di-grazia-sulleconomia-montana\/thumbnail\/\" rel=\"attachment wp-att-174795\"><img loading=\"lazy\" decoding=\"async\" class=\"size-medium wp-image-174795 alignleft\" src=\"https:\/\/www.radiopiu.net\/wordpress\/wp-content\/uploads\/2020\/11\/thumbnail-250x300.png\" alt=\"\" width=\"250\" height=\"300\" srcset=\"https:\/\/www.radiopiu.net\/wordpress\/wp-content\/uploads\/2020\/11\/thumbnail-250x300.png 250w, https:\/\/www.radiopiu.net\/wordpress\/wp-content\/uploads\/2020\/11\/thumbnail.png 288w\" sizes=\"auto, (max-width: 250px) 100vw, 250px\" \/><\/a>\u201cSiamo fortemente preoccupati per la linea rigorista adottata in queste ore dal Governo\u201d<\/em> dichiarano la Presidente di Federturismo Confindustria Marina Lalli e la Presidente di Anef Associazione Nazionale Esercenti Impianti a Fune, Valeria Ghezzi (foto) che &#8211; proprio alla vigilia dell\u2019inaugurazione della stagione invernale e nonostante i rigidi protocolli di sicurezza adottati da tutti gli operatori &#8211; vedono imposta la chiusura degli impianti sciistici. <em><strong>\u201c<\/strong>Il fatturato del turismo invernale &#8211; dichiara Lalli &#8211; sfiora i dieci miliardi di euro, di cui un terzo delle entrate si realizza proprio nel periodo compreso tra l\u2019Immacolata e l\u2019Epifania. La filiera che vive dell\u2019industria della neve \u00e8 lunghissima e comprende hotel, ristoranti, trasporti, scuole di sci che con la chiusura delle piste proprio nel momento di loro massima attivit\u00e0 rischiano di vedere bruciati fino a tre miliardi di euro&#8221;.<\/em>\u00a0Le aziende funiviarie presenti in Italia sono oltre 400, con 1500 impianti di risalita (di diversa tipologia). Gli impianti sono serviti da circa 3.200 km di piste (lunghezza lineare), che per il 72% sono dotate di innevamento programmato che richiede oltre 100 milioni di euro: all\u2019inizio della stagione invernale le societ\u00e0 impianti hanno sostenuto ormai il 70% dei propri costi per aprire in sicurezza (di trasporto e gestione e non solo sicurezza Covid). Il comparto montagna, nel solo arco alpino, offre lavoro a oltre 120mila persone (la maggior parte delle quali con contratti stagionali). La chiusura sarebbe drammatica per gli impianti e, a catena, tutte le attivit\u00e0\/strutture collegate: hotel, rifugi, ristoranti, attivit\u00e0 commerciali, maestri di sci, noleggi. <em>\u201cAbbiamo pronte \u2013 prosegue Ghezzi &#8211; tutte le procedure per evitare le code alle casse per l\u2019acquisto degli skipass, agevoleremo il pi\u00f9 possibile l\u2019acquisto dei biglietti e degli abbonamenti online. Faremo poi girare gli impianti alla massima velocit\u00e0 prevista, per far salire le persone pi\u00f9 rapidamente e limitare ancora di pi\u00f9 le code all\u2019ingresso\u201d.\u00a0 <\/em>Fondamentale poi ricordare che svolgere attivit\u00e0 sportiva all&#8217;aperto ha degli indubbi effetti positivi sulla salute del corpo e della mente. Se vissuto con responsabilit\u00e0, lo sci \u00e8 uno degli sport pi\u00f9 sicuri da questo punto di vista: individuale, distanziato,\u00a0all&#8217;aria aperta,\u00a0con naso e bocca spesso coperti.<\/p>\n","protected":false},"excerpt":{"rendered":"<p>\u201cSiamo fortemente preoccupati per la linea rigorista adottata in queste ore dal Governo\u201d dichiarano la Presidente di Federturismo Confindustria Marina Lalli e la Presidente di Anef Associazione Nazionale Esercenti Impianti a Fune, Valeria Ghezzi (foto) che &#8211; proprio alla vigilia dell\u2019inaugurazione della stagione invernale e nonostante i rigidi protocolli di sicurezza adottati da tutti gli&hellip;<\/p>\n","protected":false},"author":4,"featured_media":174795,"comment_status":"closed","ping_status":"closed","sticky":false,"template":"","format":"standard","meta":{"_monsterinsights_skip_tracking":false,"_monsterinsights_sitenote_active":false,"_monsterinsights_sitenote_note":"","_monsterinsights_sitenote_category":0,"footnotes":""},"categories":[51,49],"tags":[],"class_list":["post-174794","post","type-post","status-publish","format-standard","has-post-thumbnail","hentry","category-evidenza-top","category-news-18","category-51","category-49","description-off"],"img_url":"https:\/\/www.radiopiu.net\/wordpress\/wp-content\/uploads\/2020\/11\/thumbnail.png","_links":{"self":[{"href":"https:\/\/www.radiopiu.net\/wordpress\/wp-json\/wp\/v2\/posts\/174794","targetHints":{"allow":["GET"]}}],"collection":[{"href":"https:\/\/www.radiopiu.net\/wordpress\/wp-json\/wp\/v2\/posts"}],"about":[{"href":"https:\/\/www.radiopiu.net\/wordpress\/wp-json\/wp\/v2\/types\/post"}],"author":[{"embeddable":true,"href":"https:\/\/www.radiopiu.net\/wordpress\/wp-json\/wp\/v2\/users\/4"}],"replies":[{"embeddable":true,"href":"https:\/\/www.radiopiu.net\/wordpress\/wp-json\/wp\/v2\/comments?post=174794"}],"version-history":[{"count":0,"href":"https:\/\/www.radiopiu.net\/wordpress\/wp-json\/wp\/v2\/posts\/174794\/revisions"}],"wp:featuredmedia":[{"embeddable":true,"href":"https:\/\/www.radiopiu.net\/wordpress\/wp-json\/wp\/v2\/media\/174795"}],"wp:attachment":[{"href":"https:\/\/www.radiopiu.net\/wordpress\/wp-json\/wp\/v2\/media?parent=174794"}],"wp:term":[{"taxonomy":"category","embeddable":true,"href":"https:\/\/www.radiopiu.net\/wordpress\/wp-json\/wp\/v2\/categories?post=174794"},{"taxonomy":"post_tag","embeddable":true,"href":"https:\/\/www.radiopiu.net\/wordpress\/wp-json\/wp\/v2\/tags?post=174794"}],"curies":[{"name":"wp","href":"https:\/\/api.w.org\/{rel}","templated":true}]}}