{"id":174853,"date":"2020-11-26T05:40:37","date_gmt":"2020-11-26T04:40:37","guid":{"rendered":"https:\/\/www.radiopiu.net\/wordpress\/?p=174853"},"modified":"2020-11-26T13:19:12","modified_gmt":"2020-11-26T12:19:12","slug":"giornale-radiopiu-26-novembre-2020-direttore-mirko-mezzacasa","status":"publish","type":"post","link":"https:\/\/www.radiopiu.net\/wordpress\/giornale-radiopiu-26-novembre-2020-direttore-mirko-mezzacasa\/","title":{"rendered":"GIORNALE RADIOPIU 26 NOVEMBRE 2020 DIRETTORE MIRKO MEZZACASA"},"content":{"rendered":"<h3><a href=\"https:\/\/www.radiopiu.net\/wordpress\/giornale-radiopiu-26-novembre-2020-direttore-mirko-mezzacasa\/diego-maradona-3232967_960_720\/\" rel=\"attachment wp-att-175077\"><img loading=\"lazy\" decoding=\"async\" class=\"wp-image-175077 alignleft\" src=\"https:\/\/www.radiopiu.net\/wordpress\/wp-content\/uploads\/2020\/11\/diego-maradona-3232967_960_720-287x300.jpg\" alt=\"\" width=\"124\" height=\"130\" srcset=\"https:\/\/www.radiopiu.net\/wordpress\/wp-content\/uploads\/2020\/11\/diego-maradona-3232967_960_720-287x300.jpg 287w, https:\/\/www.radiopiu.net\/wordpress\/wp-content\/uploads\/2020\/11\/diego-maradona-3232967_960_720.jpg 689w\" sizes=\"auto, (max-width: 124px) 100vw, 124px\" \/><\/a>PER<strong> RICEVERE QUESTO NOTIZIARIO DIRETTAMENTE SUL TUO CELLULARE ISCRIVITI AL CANALE TELEGRAM <\/strong><strong>\u201cRADIO PIU\u00a0 INFORMAZIONE&#8221;<\/strong><\/h3>\n<p>&nbsp;<\/p>\n<h1>ADIOS ETERNO PIBE DE ORO<\/h1>\n<p>&nbsp;<\/p>\n<audio class=\"wp-audio-shortcode\" id=\"audio-174853-1\" preload=\"none\" style=\"width: 100%;\" controls=\"controls\"><source type=\"audio\/mpeg\" src=\"https:\/\/www.radiopiu.net\/wordpress\/wp-content\/uploads\/2020\/11\/mara.mp3?_=1\" \/><a href=\"https:\/\/www.radiopiu.net\/wordpress\/wp-content\/uploads\/2020\/11\/mara.mp3\">https:\/\/www.radiopiu.net\/wordpress\/wp-content\/uploads\/2020\/11\/mara.mp3<\/a><\/audio>\n<p>&nbsp;<\/p>\n<p>foto copertina Pixabay<\/p>\n<p><em>ATTENZIONE: LA NUOVA APP PER IOS-IPHONE<\/em><\/p>\n<div>\n<div><a href=\"https:\/\/apps.apple.com\/it\/app\/radio-pi%C3%B9-emittente-agordina\/id1515939845\">https:\/\/apps.apple.com\/it\/app\/radio-pi%C3%B9-emittente-agordina\/id1515939845<\/a><\/div>\n<\/div>\n<div><\/div>\n<div>\n<div dir=\"auto\"><em>ATTENZIONE: LA NUOVA APP RADIO\u00a0 PER ANDROID<\/em><\/div>\n<\/div>\n<p><a href=\"https:\/\/play.google.com\/store\/apps\/details?id=net.radiopiu.iniko\" target=\"_blank\" rel=\"noopener noreferrer\">https:\/\/play.google.com\/store\/apps\/details?id=net.radiopiu.iniko\u00a0\u00a0<\/a><\/p>\n<p>&nbsp;<\/p>\n<hr \/>\n<p>&nbsp;<\/p>\n<blockquote>\n<h3>RISALGONO I CONTAGI, IN VENETO OSPEDALI COVID SARANNO GARANTITE SOLO LE URGENZE. ALLERTA ALMENO FINO AD APRILE.<\/h3>\n<\/blockquote>\n<p>I contagi salgono ancora, ieri in Regione 3781 casi, 68 i morti, oltre 74mila i positivi. Nella settimana appena trascorsa la percentuale dei positivi sui tamponi fatti (103mila) \u00e8 di quasi il 33 per cento. In una settimana i contagi sono per\u00f2 scesi a 20 mila contro i 21 mila di quindici giorni fa.<em>&#8220;Fino ad aprile non la sfangheremo&#8221;<\/em> ha detto ieri Zaia in conferenza stampa<em> &#8220;Andremo sulle montagne russe convivendo con il virus sperando nel vaccino e nella bella stagione&#8221;.<\/em> Dalla Regione una contestazione al Governo circa la riapertura delle scuole ipotizzata per il 9 dicembre <em>&#8220;Noi in Veneto &#8211; ha detto Zaia &#8211; ragioniamo su un ritorno alla normalit\u00e0 per il 7 gennaio&#8221;.<\/em><\/p>\n<p>Ospedali: \u00e8 emergenza, il Veneto \u00e8 entrato nella fase 5 del piano sanitario. In ospedale i letti per i malati di covid, garantite solo le urgenze. Sanitari a corto di ossigeno, 835 denunce sul lavoro per infortunio da covid in Regione. Ieri i chiarimenti all&#8217;ordinanza regionale, la responsabilit\u00e0 dei controlli non ricade su baristi e negozianti. Impianti e sci, uno stop che porter\u00e0 ad una perdita di 20 miliardi di euro. Nei negozi oltre i 40 metri quadrati di superficie potr\u00e0 entrare un cliente ogni 20 metri quadrati.<\/p>\n<p>In provincia\u00a0 la sanit\u00e0 entra in fascia 5 con la totale sospensione degli interventi programmati il territorio di <strong>Auronzo<\/strong> controllato speciale, domenica 1250 persone saranno sottoposte a tampone. Anche in<strong> Alpago<\/strong> \u00e8 allarme rosso con 151 positivi e 80 persone in quarantena, 45 postiivi a <strong>Chies,<\/strong> 9 in quarantena e 5 ricoverati. Sale a 30 il numero di positivi a <strong>Taibon<\/strong>, 13 isolati. A <strong>Belluno<\/strong> altri 3 ospiti positivi alla Gaggia Lante per un totale di 21 casi, eseguiti i tamponi molecolari su 28 dipendenti. Alla casa di riposo di <strong>Pieve di Cadore<\/strong> i positivi sono 65 (trenta in meno rispetto a settembre).<\/p>\n<p>&nbsp;<\/p>\n<blockquote>\n<h2>MUORE UN UOMO DI 65 ANNI, 161 POSITIVI IN PIU&#8217; NELLE ULTIME 24 ORE, SUPERATI I 200 RICOVERI,\u00a0 DOMENICA AD AURONZO SCREENING PER 1250 PERSONE<\/h2>\n<\/blockquote>\n<p><strong>BELLUNO Anche ieri purtroppo la lunga lista dei decessi si allunga, a Belluno \u00e8 deceduto un uomo di 65 anni, era ricoverato in geriatria covid\u00a0\u00a0<\/strong><\/p>\n<p><strong>POSITIVI NELLE ULTIME 24 ORE<\/strong>: 162 alle 8 di questa mattina<\/p>\n<p><strong>AZIENDA ZERO, ORE 17: \u00a0<\/strong>POSITIVI DAL 21 FEBBRAIO 7814 (+186)\u00a0 \u00a0ATTUALMENTE POSITIVI 4474 (+26) DECEDUTI DAL 21 FEBBRAIO 222 (+1)\u00a0 \u00a0NEGATIVIZZATI 3118 (+157)<\/p>\n<p><strong>RICOVERI OSPEDALIERI (201) <\/strong>: San Martino Belluno\u00a0 60 in area non critica, 8\u00a0 in terapia intensiva. Santa Maria del Prato di Feltre 47 in area non critica 7 in terapia intensiva, Agordo Medicina 5. Ospedali di Comunit\u00e0: Agordo 12, Belluno 22, Feltre 15 , Auronzo 10 , Alano 6.<\/p>\n<p>&nbsp;<\/p>\n<blockquote>\n<h3>DOMENICA SCREENING AD AURONZO<\/h3>\n<\/blockquote>\n<p>Domenica ad Auronzo, si svolger\u00e0 uno screening per la ricerca del Sars-Cov-2 tra le classi di et\u00e0 pi\u00f9 colpite delle positivit\u00e0 nel territorio. Il Comune di Auronzo \u00e8 stato interessato, a partire dall\u2019ultima settimana di ottobre, da un crescente numero di casi positivi che ha coinvolto la casa di riposo, le scuole del territorio e quote significative della popolazione generale. Pur con un quadro epidemiologico ancora in fase evolutiva, dati provvisori sembrerebbero indicare che la fiammata epidemica si avvii verso la fase conclusiva. Questo screening di popolazione sar\u00e0 condotto a favore di tutte le persone di et\u00e0 compresa tra 41 e 65 anni, circa 1.250. Non devono presentarsi al drive-in persone non appartenente alle classi di nascita sopra indicate e i soggetti gi\u00e0 risultati positivi al COVID o sottoposti a misure di quarantena. Per favorire un accesso ordinato al covid point drive-in appositamente installato e attivo dalle dalle 9.30 alle 13.00 in localit\u00e0 Taiarezze<\/p>\n<p>&nbsp;<\/p>\n<p>&nbsp;<\/p>\n<hr \/>\n<blockquote>\n<h2><span style=\"color: #ff6600;\"><strong>IERI 25 NOVEMBRE LA GIORNATA PER L&#8217;ELIMINAZIONE DELLA VIOLENZA SULLE DONNE<\/strong><\/span><\/h2>\n<\/blockquote>\n<p><strong>IL VIDEO DELLA POLIZIA DI STATO <\/strong><\/p>\n<div style=\"width: 1200px;\" class=\"wp-video\"><video class=\"wp-video-shortcode\" id=\"video-174853-1\" width=\"1200\" height=\"675\" preload=\"metadata\" controls=\"controls\"><source type=\"video\/mp4\" src=\"https:\/\/www.radiopiu.net\/wordpress\/wp-content\/uploads\/2020\/11\/POLIZIA-DONNE.mp4?_=1\" \/><a href=\"https:\/\/www.radiopiu.net\/wordpress\/wp-content\/uploads\/2020\/11\/POLIZIA-DONNE.mp4\">https:\/\/www.radiopiu.net\/wordpress\/wp-content\/uploads\/2020\/11\/POLIZIA-DONNE.mp4<\/a><\/video><\/div>\n<p><strong>A CURA DELL&#8217;ARMA DEI CARABINIERI<\/strong> Per dire No alla violenza sulle donne, contatta una delle oltre 4.500 Stazioni Carabinieri. Filmato: &#8220;Piccole cose di valore non quantificabile&#8221;, scritto e diretto da Paolo Genovese e Luca Miniero.<\/p>\n<p><iframe loading=\"lazy\" title=\"Giornata internazionale per l&#039;eliminazione della violenza contro le donne\" width=\"1200\" height=\"675\" src=\"https:\/\/www.youtube.com\/embed\/HbrUx4zZLIg?feature=oembed\" frameborder=\"0\" allow=\"accelerometer; autoplay; clipboard-write; encrypted-media; gyroscope; picture-in-picture\" allowfullscreen><\/iframe><\/p>\n<p>&nbsp;<\/p>\n<p>&nbsp;<\/p>\n<blockquote>\n<h2><span style=\"color: #ff6600;\"><strong>L&#8217;ARANCIO AL COMANDO CARABINIERI DI BELLUNO<\/strong><\/span><\/h2>\n<\/blockquote>\n<p>Ieri ha avuto inizio la campagna internazionale Orange the world. L\u2019Arma partecipa all\u2019iniziativa illuminando la facciata della Caserma di Viale Europa sede del Comando Provinciale dei Carabinieri.\u00a0 All\u2019interno \u00e8 stata realizzata una stanza \u201cTutta per se\u201d locale idoneo all\u2019ascolto protetto delle vittime. In serata accensione del fascio di luce con il comandante provinciale e Nadia Della Vecchia di Soroptimist.<\/p>\n\n\t\t\t<style type='text\/css'>\n\t\t\t\t#gallery-1 {\n\t\t\t\t\tmargin: auto;\n\t\t\t\t}\n\t\t\t\t#gallery-1 .gallery-item {\n\t\t\t\t\tfloat: left;\n\t\t\t\t\tmargin-top: 10px;\n\t\t\t\t\ttext-align: center;\n\t\t\t\t\twidth: 33%;\n\t\t\t\t}\n\t\t\t\t#gallery-1 img {\n\t\t\t\t\tborder: 2px solid #cfcfcf;\n\t\t\t\t}\n\t\t\t\t#gallery-1 .gallery-caption {\n\t\t\t\t\tmargin-left: 0;\n\t\t\t\t}\n\t\t\t\t\/* see gallery_shortcode() in wp-includes\/media.php *\/\n\t\t\t<\/style>\n\t\t<div id='gallery-1' class='dt-gallery-container gallery galleryid-174853 gallery-columns-3 gallery-size-thumbnail'><dl class='gallery-item'>\n\t\t\t\t<dt class='gallery-icon landscape'>\n\t\t\t\t\t<a class=\"rollover rollover-zoom dt-pswp-item\" title=\"4d80652c-eb89-4a42-bf76-34a564667cb6\" data-dt-img-description=\"\" data-large_image_width=\"320\" data-large_image_height=\"212\"href='https:\/\/www.radiopiu.net\/wordpress\/wp-content\/uploads\/2020\/11\/4d80652c-eb89-4a42-bf76-34a564667cb6.jpg'><img loading=\"lazy\" decoding=\"async\" width=\"150\" height=\"150\" src=\"https:\/\/www.radiopiu.net\/wordpress\/wp-content\/uploads\/2020\/11\/4d80652c-eb89-4a42-bf76-34a564667cb6-150x150.jpg\" class=\"attachment-thumbnail size-thumbnail\" alt=\"\" \/><\/a>\n\t\t\t\t<\/dt><\/dl><dl class='gallery-item'>\n\t\t\t\t<dt class='gallery-icon landscape'>\n\t\t\t\t\t<a class=\"rollover rollover-zoom dt-pswp-item\" title=\"0e9add58-d669-4ab1-9a1e-52e8136a0994\" data-dt-img-description=\"\" data-large_image_width=\"320\" data-large_image_height=\"212\"href='https:\/\/www.radiopiu.net\/wordpress\/wp-content\/uploads\/2020\/11\/0e9add58-d669-4ab1-9a1e-52e8136a0994.jpg'><img loading=\"lazy\" decoding=\"async\" width=\"150\" height=\"150\" src=\"https:\/\/www.radiopiu.net\/wordpress\/wp-content\/uploads\/2020\/11\/0e9add58-d669-4ab1-9a1e-52e8136a0994-150x150.jpg\" class=\"attachment-thumbnail size-thumbnail\" alt=\"\" \/><\/a>\n\t\t\t\t<\/dt><\/dl><dl class='gallery-item'>\n\t\t\t\t<dt class='gallery-icon landscape'>\n\t\t\t\t\t<a class=\"rollover rollover-zoom dt-pswp-item\" title=\"d18ca0fe-a8b1-439c-be58-7b30cf2e9466\" data-dt-img-description=\"\" data-large_image_width=\"320\" data-large_image_height=\"212\"href='https:\/\/www.radiopiu.net\/wordpress\/wp-content\/uploads\/2020\/11\/d18ca0fe-a8b1-439c-be58-7b30cf2e9466.jpg'><img loading=\"lazy\" decoding=\"async\" width=\"150\" height=\"150\" src=\"https:\/\/www.radiopiu.net\/wordpress\/wp-content\/uploads\/2020\/11\/d18ca0fe-a8b1-439c-be58-7b30cf2e9466-150x150.jpg\" class=\"attachment-thumbnail size-thumbnail\" alt=\"\" \/><\/a>\n\t\t\t\t<\/dt><\/dl><br style=\"clear: both\" \/>\n\t\t\t<\/div>\n\n<p>\u200b<\/p>\n<p>&nbsp;<\/p>\n<blockquote>\n<h2><span style=\"color: #ff6600;\">QUESTO NON E&#8217; AMORE, A TAI E CORTINA\u00a0\u00a0<\/span><\/h2>\n<p>&nbsp;<\/p><\/blockquote>\n\n\t\t\t<style type='text\/css'>\n\t\t\t\t#gallery-2 {\n\t\t\t\t\tmargin: auto;\n\t\t\t\t}\n\t\t\t\t#gallery-2 .gallery-item {\n\t\t\t\t\tfloat: left;\n\t\t\t\t\tmargin-top: 10px;\n\t\t\t\t\ttext-align: center;\n\t\t\t\t\twidth: 50%;\n\t\t\t\t}\n\t\t\t\t#gallery-2 img {\n\t\t\t\t\tborder: 2px solid #cfcfcf;\n\t\t\t\t}\n\t\t\t\t#gallery-2 .gallery-caption {\n\t\t\t\t\tmargin-left: 0;\n\t\t\t\t}\n\t\t\t\t\/* see gallery_shortcode() in wp-includes\/media.php *\/\n\t\t\t<\/style>\n\t\t<div id='gallery-2' class='dt-gallery-container gallery galleryid-174853 gallery-columns-2 gallery-size-medium'><dl class='gallery-item'>\n\t\t\t\t<dt class='gallery-icon portrait'>\n\t\t\t\t\t<a class=\"rollover rollover-zoom dt-pswp-item\" title=\"5f6632ac-4039-4028-bf0e-65f055d84dfd\" data-dt-img-description=\"\" data-large_image_width=\"1200\" data-large_image_height=\"1600\"href='https:\/\/www.radiopiu.net\/wordpress\/wp-content\/uploads\/2020\/11\/5f6632ac-4039-4028-bf0e-65f055d84dfd.jpg'><img loading=\"lazy\" decoding=\"async\" width=\"225\" height=\"300\" src=\"https:\/\/www.radiopiu.net\/wordpress\/wp-content\/uploads\/2020\/11\/5f6632ac-4039-4028-bf0e-65f055d84dfd-225x300.jpg\" class=\"attachment-medium size-medium\" alt=\"\" srcset=\"https:\/\/www.radiopiu.net\/wordpress\/wp-content\/uploads\/2020\/11\/5f6632ac-4039-4028-bf0e-65f055d84dfd-225x300.jpg 225w, https:\/\/www.radiopiu.net\/wordpress\/wp-content\/uploads\/2020\/11\/5f6632ac-4039-4028-bf0e-65f055d84dfd-768x1024.jpg 768w, https:\/\/www.radiopiu.net\/wordpress\/wp-content\/uploads\/2020\/11\/5f6632ac-4039-4028-bf0e-65f055d84dfd-1152x1536.jpg 1152w, https:\/\/www.radiopiu.net\/wordpress\/wp-content\/uploads\/2020\/11\/5f6632ac-4039-4028-bf0e-65f055d84dfd.jpg 1200w\" sizes=\"auto, (max-width: 225px) 100vw, 225px\" \/><\/a>\n\t\t\t\t<\/dt><\/dl><dl class='gallery-item'>\n\t\t\t\t<dt class='gallery-icon landscape'>\n\t\t\t\t\t<a class=\"rollover rollover-zoom dt-pswp-item\" title=\"1a438d75-d1b9-4718-9a46-38895d283076\" data-dt-img-description=\"\" data-large_image_width=\"1600\" data-large_image_height=\"737\"href='https:\/\/www.radiopiu.net\/wordpress\/wp-content\/uploads\/2020\/11\/1a438d75-d1b9-4718-9a46-38895d283076.jpg'><img loading=\"lazy\" decoding=\"async\" width=\"300\" height=\"138\" src=\"https:\/\/www.radiopiu.net\/wordpress\/wp-content\/uploads\/2020\/11\/1a438d75-d1b9-4718-9a46-38895d283076-300x138.jpg\" class=\"attachment-medium size-medium\" alt=\"\" srcset=\"https:\/\/www.radiopiu.net\/wordpress\/wp-content\/uploads\/2020\/11\/1a438d75-d1b9-4718-9a46-38895d283076-300x138.jpg 300w, https:\/\/www.radiopiu.net\/wordpress\/wp-content\/uploads\/2020\/11\/1a438d75-d1b9-4718-9a46-38895d283076-1024x472.jpg 1024w, https:\/\/www.radiopiu.net\/wordpress\/wp-content\/uploads\/2020\/11\/1a438d75-d1b9-4718-9a46-38895d283076-768x354.jpg 768w, https:\/\/www.radiopiu.net\/wordpress\/wp-content\/uploads\/2020\/11\/1a438d75-d1b9-4718-9a46-38895d283076-1536x708.jpg 1536w, https:\/\/www.radiopiu.net\/wordpress\/wp-content\/uploads\/2020\/11\/1a438d75-d1b9-4718-9a46-38895d283076.jpg 1600w\" sizes=\"auto, (max-width: 300px) 100vw, 300px\" \/><\/a>\n\t\t\t\t<\/dt><\/dl><br style=\"clear: both\" \/>\n\t\t\t<\/div>\n\n<p>\u200b<\/p>\n<blockquote>\n<h3><\/h3>\n<h3><span style=\"color: #ff6600;\"><strong>BORGO VALBELLUNA &#8211; L\u2019IMPEGNO DELL\u2019AUSER CONTRO LA VIOLENZA SULLE DONNE.<\/strong><\/span><\/h3>\n<h3><a href=\"https:\/\/www.radiopiu.net\/wordpress\/giornale-radiopiu-26-novembre-2020-direttore-mirko-mezzacasa\/panchina-rossa-trichiana-inaugurazione\/\" rel=\"attachment wp-att-175031\"><img loading=\"lazy\" decoding=\"async\" class=\"wp-image-175031 aligncenter\" src=\"https:\/\/www.radiopiu.net\/wordpress\/wp-content\/uploads\/2020\/11\/Panchina-Rossa-Trichiana-inaugurazione-300x168.jpg\" alt=\"\" width=\"344\" height=\"194\" srcset=\"https:\/\/www.radiopiu.net\/wordpress\/wp-content\/uploads\/2020\/11\/Panchina-Rossa-Trichiana-inaugurazione-300x168.jpg 300w, https:\/\/www.radiopiu.net\/wordpress\/wp-content\/uploads\/2020\/11\/Panchina-Rossa-Trichiana-inaugurazione-1024x575.jpg 1024w, https:\/\/www.radiopiu.net\/wordpress\/wp-content\/uploads\/2020\/11\/Panchina-Rossa-Trichiana-inaugurazione-768x431.jpg 768w, https:\/\/www.radiopiu.net\/wordpress\/wp-content\/uploads\/2020\/11\/Panchina-Rossa-Trichiana-inaugurazione-1536x862.jpg 1536w, https:\/\/www.radiopiu.net\/wordpress\/wp-content\/uploads\/2020\/11\/Panchina-Rossa-Trichiana-inaugurazione.jpg 1600w\" sizes=\"auto, (max-width: 344px) 100vw, 344px\" \/><\/a><\/h3>\n<\/blockquote>\n<p><strong>BORGO VALBELLUNA<\/strong>\u00a0 Il Circolo di Mel\u00a0 ha voluto che la Panchina Rossa trovasse posto a Trichiana. Il luogo, all\u2019ombra di alti sempreverdi del parco Lotto<em> \u201cNon basta certo una giornata per ricordare efferati delitti, molestie o vessazioni d\u2019ogni genere \u2013 ha detto la presidente del Circolo Verena Dall\u2019Omo aprendo la breve cerimonia \u2013 ma per l\u2019Auser \u00e8 un momento significativo nell\u2019attivit\u00e0 propria e costante di sensibilizzazione sul problema nel rispetto dei valori associativi, in sinergia con le Istituzioni pubbliche, i rapporti intergenerazionali, il rinnovo delle comunit\u00e0 locali come realt\u00e0 solidali, aperte, plurali e inclusive\u201d.<\/em> Il sindaco di Borgo Valbelluna, Stefano Cesa, ha rimarcato la necessit\u00e0 di sempre maggiore sensibilizzazione sul problema, da allargare ad ogni componente sociale e ad ogni et\u00e0, soprattutto giovanile, per aumentare e creare una coscienza diffusa, segno di rispetto per la persona in senso lato e in particolare nei confronti delle donne che vivono situazioni difficili.<\/p>\n<p>&nbsp;<\/p>\n<p>&nbsp;<\/p>\n<p>&nbsp;<\/p>\n<hr \/>\n<p>&nbsp;<\/p>\n<blockquote>\n<h3>L&#8217;AUTOCERTIFICAZIONE<\/h3>\n<\/blockquote>\n<p>&nbsp;<\/p>\n<p><a href=\"https:\/\/www.radiopiu.net\/wordpress\/wp-content\/uploads\/2020\/11\/modello_autodichiarazione_editabile_ottobre_2020.pdf\">PER SCARICARE L&#8217;AUTOCERTIFICAZIONE CLICCA QUI<\/a><\/p>\n<p>&nbsp;<\/p>\n<blockquote class=\"wp-embedded-content\" data-secret=\"Ix9ZmwaCS4\"><p><a href=\"https:\/\/www.radiopiu.net\/wordpress\/pref-24-nov\/\">DALLA PREFETTURA DI BELLUNO IL MONITORAGGIO DEI CONTROLLI, 23-29 NOVEMBRE<\/a><\/p><\/blockquote>\n<p><iframe loading=\"lazy\" class=\"wp-embedded-content\" sandbox=\"allow-scripts\" security=\"restricted\" style=\"position: absolute; clip: rect(1px, 1px, 1px, 1px);\" title=\"&#8220;DALLA PREFETTURA DI BELLUNO IL MONITORAGGIO DEI CONTROLLI, 23-29 NOVEMBRE&#8221; &#8212; Radio Pi\u00f9\" src=\"https:\/\/www.radiopiu.net\/wordpress\/pref-24-nov\/embed\/#?secret=Ix9ZmwaCS4\" data-secret=\"Ix9ZmwaCS4\" width=\"600\" height=\"338\" frameborder=\"0\" marginwidth=\"0\" marginheight=\"0\" scrolling=\"no\"><\/iframe><\/p>\n<p>&nbsp;<\/p>\n<p>&nbsp;<\/p>\n<hr \/>\n<p>&nbsp;<\/p>\n<blockquote>\n<h3><\/h3>\n<h1><span style=\"color: #ff0000;\"><strong>CENCENIGHE<\/strong> \u00a0 in LOCALITA\u2019 PRA\u2019 DI MEZZO, l\u2019acqua erogata dall\u2019acquedotto \u00e8 di nuovo potabile<\/span><\/h1>\n<\/blockquote>\n<p>&nbsp;<\/p>\n<p>&nbsp;<\/p>\n<hr \/>\n<h3><\/h3>\n<blockquote>\n<h3>Gestione Servizi Pubblici informa che, per lavori alla rete idrica comunale, oggi dalle 8 fino a FINE LAVORI verr\u00e0 sospesa l\u2019erogazione dell\u2019acqua a ROCCA PIETORE, nelle localit\u00e0 MALGA CIAPELA, SOTTOGUDA, SORAR\u00d9, BOSCO VERDE, ROCCA, COL DI ROCCA, PEZZ\u00c8, PALUE e PIAN. Il personale addetto operer\u00e0 per limitare il pi\u00f9 possibile i disagi alla popolazione<\/h3>\n<\/blockquote>\n<p>&nbsp;<\/p>\n<p>&nbsp;<\/p>\n<hr \/>\n<p>&nbsp;<\/p>\n<blockquote>\n<h3>SCALE MOBILI CHIUSE A BELLUNO<\/h3>\n<\/blockquote>\n<p><strong>Le scale mobili che collegano il parcheggio di Lambioi con piazza Duomo verranno chiuse al pubblico tutte le sere alle 22.30, senza distinzioni.<\/strong><\/p>\n<p>&nbsp;<\/p>\n<p>&nbsp;<\/p>\n<hr \/>\n<p>&nbsp;<\/p>\n<blockquote>\n<h3>TAIBON Istituzione del divieto di accesso e di sosta su tutta la piazza San Cipriano oggetto di lavori di manutenzione straordinaria per il rifacimento del piano viabile danneggiato, lungo le intersezioni con via Aivata, via Paris Bordone e via\u00a0 Besarel, dal 12 novembre al 27 novembre, comunque fino al termine dei lavori.\u00a0 Resta possibile, in funzione delle varie aree di lavorazione, la temporanea istituzione di corridoi di accesso su parte della piazza da parte della ditta esecutrice dei lavori;<span style=\"color: #0000ff;\"> Le corse delle linee extraurbane della Dolomitibus ometteranno il transito alla fermata di San Cipriano transitando lungo la regionale 203 agordina. Le corse Villanova-Agordo effettueranno il percorso alternativo per Strapont omettendo la tratta per San Cipriano-Municipio. Verranno pertanto soppresse le fermate: San Cipriano, Napi, Piazza Municipio, saranno attivate quelle sul percorso per Strapont.<\/span><\/h3>\n<\/blockquote>\n<p><strong>AGORDO<\/strong> \u00a0chiusura della strada silvo-pastorale Farenzena &#8211; Don, fino \u00a0al 15 dicembre 2020 e comunque fino a fine lavori, con\u00a0riapertura del tratto interessato nelle giornate di sabato e domenica ed eventuali festivi\u00a0infrasettimanali,\u00a0per consentire l\u2019esecuzione dei lavori di esbosco.<\/p>\n<p>&nbsp;<\/p>\n<p>&nbsp;<\/p>\n<hr \/>\n<p>&nbsp;<\/p>\n<p>&nbsp;<\/p>\n<div class=\"page-title-head hgroup\">\n<blockquote>\n<h3 class=\"entry-title\">IL COMMESSO DALLA MANO VELOCE, DENUNCIATO IN STATO DI LIBERTA\u2019<\/h3>\n<\/blockquote>\n<\/div>\n<div class=\"page-title-breadcrumbs\"><\/div>\n<div>\n<p><strong><a href=\"https:\/\/www.radiopiu.net\/wordpress\/il-commesso-dalla-mano-veloce-denunciato-in-stato-di-liberta\/a69eac2a-91e9-4d18-9be8-19dbd6eedd31\/\" rel=\"attachment wp-att-174937\"><img loading=\"lazy\" decoding=\"async\" class=\" wp-image-174937 alignleft\" src=\"https:\/\/www.radiopiu.net\/wordpress\/wp-content\/uploads\/2020\/11\/a69eac2a-91e9-4d18-9be8-19dbd6eedd31-225x300.jpg\" sizes=\"auto, (max-width: 225px) 100vw, 225px\" srcset=\"https:\/\/www.radiopiu.net\/wordpress\/wp-content\/uploads\/2020\/11\/a69eac2a-91e9-4d18-9be8-19dbd6eedd31-225x300.jpg 225w, https:\/\/www.radiopiu.net\/wordpress\/wp-content\/uploads\/2020\/11\/a69eac2a-91e9-4d18-9be8-19dbd6eedd31.jpg 240w\" alt=\"\" width=\"175\" height=\"233\" \/><\/a><\/strong><\/p>\n<p><strong>SEDICO<\/strong> Da tempo le mani le usava non solo per servire la merce e incassare il denaro, ma anche per riporlo nelle sue tasche anzich\u00e9 nel budget aziendale. I Carabinieri di Sedico hanno avviato le indagini e infine lo hanno denunciato per appropriazione indebita aggravata e continuata. Nei guai uno dei dipendenti\u00a0 della\u00a0 \u201cMARES ORTOFRUTTA\u201d\u00a0 di Sedico. L\u2019uomo da almeno un anno si sarebbe appropriato costantemente di parte dell\u2019incasso giornaliero per una somma stimata di circa 18mila euro. I proprietari si erano accorti dei consistenti ammanchi e con fiducia hanno bussato alla porta dei Carabinieri, questi attraverso alcune attivit\u00e0 specifiche hanno scoperto le modalit\u00e0 di appropriazione del denaro. Avuta la certezza delle condotte illecite gli uomini dell\u2019Arma sono intervenuti ed\u00a0 a seguito di perquisizione domiciliare hanno verificato la presenza di 4000 euro provento di illecito.<\/p>\n<\/div>\n<p>&nbsp;<\/p>\n<hr \/>\n<div class=\"kvgmc6g5 cxmmr5t8 oygrvhab hcukyx3x c1et5uql ii04i59q\"><\/div>\n<div><\/div>\n<div>\n<div>\n<div class=\"\" dir=\"auto\">\n<div class=\"\" dir=\"auto\">\n<div class=\"ecm0bbzt hv4rvrfc ihqw7lf3 dati1w0a\" data-ad-comet-preview=\"message\" data-ad-preview=\"message\">\n<div class=\"j83agx80 cbu4d94t ew0dbk1b irj2b8pg\">\n<div class=\"qzhwtbm6 knvmm38d\">\n<div>\n<div>\n<blockquote>\n<h3><a href=\"https:\/\/www.radiopiu.net\/wordpress\/trema-cencenighe-lo-registra-il-simografo\/f6a10397-2c8e-46b1-b927-d9a3a744e46f\/\" rel=\"attachment wp-att-175073\"><img loading=\"lazy\" decoding=\"async\" class=\" wp-image-175073 alignleft\" src=\"https:\/\/www.radiopiu.net\/wordpress\/wp-content\/uploads\/2020\/11\/f6a10397-2c8e-46b1-b927-d9a3a744e46f-300x229.jpg\" alt=\"\" width=\"191\" height=\"146\" srcset=\"https:\/\/www.radiopiu.net\/wordpress\/wp-content\/uploads\/2020\/11\/f6a10397-2c8e-46b1-b927-d9a3a744e46f-300x229.jpg 300w, https:\/\/www.radiopiu.net\/wordpress\/wp-content\/uploads\/2020\/11\/f6a10397-2c8e-46b1-b927-d9a3a744e46f-1024x782.jpg 1024w, https:\/\/www.radiopiu.net\/wordpress\/wp-content\/uploads\/2020\/11\/f6a10397-2c8e-46b1-b927-d9a3a744e46f-768x586.jpg 768w, https:\/\/www.radiopiu.net\/wordpress\/wp-content\/uploads\/2020\/11\/f6a10397-2c8e-46b1-b927-d9a3a744e46f.jpg 1184w\" sizes=\"auto, (max-width: 191px) 100vw, 191px\" \/><\/a>TREMA CENCENIGHE, LO REGISTRA IL SIMOGRAFO<\/h3>\n<\/blockquote>\n<p><strong>CENCENIGHE<\/strong> Sulla pagina facebook Sei di Cencenighe Se nessun commento, nemmeno in redazione sono arrivate segnalazioni. Evidente che la scossa \u00e8 stata rilevata&#8230;dai sismografi. La terra ha tremato alle 10.26, magnitudo 1,6 a 3 chilometri a est di Cencenighe a una profondit\u00e0 di 11 chilometri.Terremoto localizzato dalla sala sismica INGV di Roma<\/p>\n<\/div>\n<div><\/div>\n<div><\/div>\n<div>\n<hr \/>\n<\/div>\n<div class=\"ecm0bbzt hv4rvrfc ihqw7lf3 dati1w0a\" data-ad-comet-preview=\"message\" data-ad-preview=\"message\">\n<div class=\"j83agx80 cbu4d94t ew0dbk1b irj2b8pg\">\n<div class=\"qzhwtbm6 knvmm38d\">\n<div><\/div>\n<div><\/div>\n<blockquote>\n<h3>POMPIERI A SAN GREGORIO PER LA CANNA FUMARIA<\/h3>\n<\/blockquote>\n<div><\/div>\n<div><strong>SAN GREGORIO <\/strong>I vigili del fuoco del Comando di Belluno sono intervenuti ieri pomeriggio nella frazione di Roncoi, sulla strada che porta al rifugio Casera Ere per un principio d&#8217;incendio ad una canna fumaria di un&#8217;abitazione. Non \u00e8 stato segnalato alcun danno materiale, al di l\u00e0 del comignolo bruciacchiato<\/div>\n<\/div>\n<\/div>\n<\/div>\n<\/div>\n<div><\/div>\n<div><\/div>\n<div>\n<hr \/>\n<\/div>\n<h3><\/h3>\n<blockquote>\n<h3>INCIDENTE SULLA FELTRINA SEMPRE GRAVE L&#8217;AUTOMOBILISTA PADOVANO<\/h3>\n<\/blockquote>\n<\/div>\n<\/div>\n<\/div>\n<div><\/div>\n<div><strong>FELTRE<\/strong> \u00c8 ancora ricoverato in Rianimazione l&#8217;automobilista di Piove di Sacco ferito mercoled\u00ec sera nell&#8217;incidente\u00a0 lungo la Feltrina. P.B., 31anni era a bordo dell&#8217; Audi Q3 finita contro un auto articolato durante un sorpasso.\u00a0 Le sue condizioni non sono state comunque considerate tali da metterlo in pericolo di vita.<\/div>\n<div class=\"ecm0bbzt hv4rvrfc ihqw7lf3 dati1w0a\" data-ad-comet-preview=\"message\" data-ad-preview=\"message\">\n<div class=\"j83agx80 cbu4d94t ew0dbk1b irj2b8pg\">\n<div class=\"qzhwtbm6 knvmm38d\">\n<div><\/div>\n<div><\/div>\n<div><\/div>\n<p>&nbsp;<\/p>\n<\/div>\n<\/div>\n<\/div>\n<\/div>\n<\/div>\n<\/div>\n<hr \/>\n<p>&nbsp;<\/p>\n<blockquote>\n<h3>IL LUPO\u00a0 A CANEVOI<\/h3>\n<\/blockquote>\n<p><strong>BELLUNO<\/strong> Ha colpito il branco in pieno centro abitato. Sbranate due pecore di Dionisio De Vettor che gi\u00e0 ha contato i danni a gennaio con altre pecore sbranate. I lupi sono entrati in azione\u00a0 nella notte tra marted\u00ec e mercoled\u00ec eludendo il doppio recinto a nulla sono serviti i due cani in giardino.<\/p>\n<p>&nbsp;<\/p>\n<p>&nbsp;<\/p>\n<hr \/>\n<p>&nbsp;<\/p>\n<blockquote>\n<h3>VIGILI DEL FUOCO IMPEGNATI ANCHE IERI AD UMIN, RACCOLTA FONDI PER LA FAMIGLIA RIMASTA SENZA CASA<\/h3>\n<\/blockquote>\n<p><strong>FELTRE<\/strong> Sono proseguite ieri per tutto il giorno le operazioni di bonifica dei vigili del fuoco dell\u2019incendio abitazione divampato martedi pomeriggio. Le squadre accorse dal locale distaccamento, dalla centrale e con l\u2019apporto dei volontari di Feltre, basso feltrino e Belluno, sono riuscite a contenere e circoscrivere l\u2019incendio alla sola abitazione dove sono divampate le fiamme, evitando il coinvolgimento delle strutture attigue solo parzialmente coinvolte dal rogo. In corso anche le verifiche tecniche dei vigili del fuoco per determinare le cause del violento rogo, che ha completamente distrutto l\u2019abitazione di una famiglia ora ospitata da partenti<\/p>\n\n\t\t\t<style type='text\/css'>\n\t\t\t\t#gallery-3 {\n\t\t\t\t\tmargin: auto;\n\t\t\t\t}\n\t\t\t\t#gallery-3 .gallery-item {\n\t\t\t\t\tfloat: left;\n\t\t\t\t\tmargin-top: 10px;\n\t\t\t\t\ttext-align: center;\n\t\t\t\t\twidth: 25%;\n\t\t\t\t}\n\t\t\t\t#gallery-3 img {\n\t\t\t\t\tborder: 2px solid #cfcfcf;\n\t\t\t\t}\n\t\t\t\t#gallery-3 .gallery-caption {\n\t\t\t\t\tmargin-left: 0;\n\t\t\t\t}\n\t\t\t\t\/* see gallery_shortcode() in wp-includes\/media.php *\/\n\t\t\t<\/style>\n\t\t<div id='gallery-3' class='dt-gallery-container gallery galleryid-174853 gallery-columns-4 gallery-size-thumbnail'><dl class='gallery-item'>\n\t\t\t\t<dt class='gallery-icon landscape'>\n\t\t\t\t\t<a class=\"rollover rollover-zoom dt-pswp-item\" title=\"29bfd272-58e7-42bd-a676-324547d3e3c0\" data-dt-img-description=\"\" data-large_image_width=\"1395\" data-large_image_height=\"777\"href='https:\/\/www.radiopiu.net\/wordpress\/wp-content\/uploads\/2020\/11\/29bfd272-58e7-42bd-a676-324547d3e3c0.jpg'><img loading=\"lazy\" decoding=\"async\" width=\"150\" height=\"150\" src=\"https:\/\/www.radiopiu.net\/wordpress\/wp-content\/uploads\/2020\/11\/29bfd272-58e7-42bd-a676-324547d3e3c0-150x150.jpg\" class=\"attachment-thumbnail size-thumbnail\" alt=\"\" \/><\/a>\n\t\t\t\t<\/dt><\/dl><dl class='gallery-item'>\n\t\t\t\t<dt class='gallery-icon landscape'>\n\t\t\t\t\t<a class=\"rollover rollover-zoom dt-pswp-item\" title=\"9d83900d-ac81-46d0-8779-9bc65ce2416c\" data-dt-img-description=\"\" data-large_image_width=\"1356\" data-large_image_height=\"777\"href='https:\/\/www.radiopiu.net\/wordpress\/wp-content\/uploads\/2020\/11\/9d83900d-ac81-46d0-8779-9bc65ce2416c.jpg'><img loading=\"lazy\" decoding=\"async\" width=\"150\" height=\"150\" src=\"https:\/\/www.radiopiu.net\/wordpress\/wp-content\/uploads\/2020\/11\/9d83900d-ac81-46d0-8779-9bc65ce2416c-150x150.jpg\" class=\"attachment-thumbnail size-thumbnail\" alt=\"\" \/><\/a>\n\t\t\t\t<\/dt><\/dl><dl class='gallery-item'>\n\t\t\t\t<dt class='gallery-icon landscape'>\n\t\t\t\t\t<a class=\"rollover rollover-zoom dt-pswp-item\" title=\"a3b11cc0-6c0b-449e-8272-30ffbddf0146\" data-dt-img-description=\"\" data-large_image_width=\"1350\" data-large_image_height=\"777\"href='https:\/\/www.radiopiu.net\/wordpress\/wp-content\/uploads\/2020\/11\/a3b11cc0-6c0b-449e-8272-30ffbddf0146.jpg'><img loading=\"lazy\" decoding=\"async\" width=\"150\" height=\"150\" src=\"https:\/\/www.radiopiu.net\/wordpress\/wp-content\/uploads\/2020\/11\/a3b11cc0-6c0b-449e-8272-30ffbddf0146-150x150.jpg\" class=\"attachment-thumbnail size-thumbnail\" alt=\"\" \/><\/a>\n\t\t\t\t<\/dt><\/dl><dl class='gallery-item'>\n\t\t\t\t<dt class='gallery-icon landscape'>\n\t\t\t\t\t<a class=\"rollover rollover-zoom dt-pswp-item\" title=\"6a7c13e0-9a88-4c47-b923-d8309c88db34\" data-dt-img-description=\"\" data-large_image_width=\"1185\" data-large_image_height=\"777\"href='https:\/\/www.radiopiu.net\/wordpress\/wp-content\/uploads\/2020\/11\/6a7c13e0-9a88-4c47-b923-d8309c88db34.jpg'><img loading=\"lazy\" decoding=\"async\" width=\"150\" height=\"150\" src=\"https:\/\/www.radiopiu.net\/wordpress\/wp-content\/uploads\/2020\/11\/6a7c13e0-9a88-4c47-b923-d8309c88db34-150x150.jpg\" class=\"attachment-thumbnail size-thumbnail\" alt=\"\" \/><\/a>\n\t\t\t\t<\/dt><\/dl><br style=\"clear: both\" \/>\n\t\t\t<\/div>\n\n<p>&nbsp;<\/p>\n<p>&nbsp;<\/p>\n<div class=\"dati1w0a hv4rvrfc osnr6wyh\">\n<div class=\"btwxx1t3 j83agx80 cwj9ozl2\">\n<div class=\"j83agx80 cbu4d94t ew0dbk1b irj2b8pg\">\n<div class=\"qzhwtbm6 knvmm38d\">\n<div class=\"nc684nl6\" style=\"text-align: left;\">\n<blockquote>\n<h2>INCENDIO A UMIN, ATTIVATE LE MISURE DI SOSTEGNO AL NUCLEO FAMIGLIARE<\/h2>\n<\/blockquote>\n<p>&nbsp;<\/p>\n<p><strong><img loading=\"lazy\" decoding=\"async\" class=\"alignleft\" src=\"https:\/\/www.radiopiu.net\/wordpress\/wp-content\/uploads\/2020\/11\/29bfd272-58e7-42bd-a676-324547d3e3c0.jpg\" width=\"291\" height=\"162\" \/>FELTRE<\/strong> <span style=\"font-size: large;\">A seguito dell\u2019incendio che ha gravemente danneggiato un\u2019abitazione l\u2019Amministrazione ha prontamente attivato i Servizi Sociali presso l\u2019Azienda Feltrina per i Servizi alla Persona, al fine di provvedere alle necessit\u00e0 pi\u00f9 urgenti. <\/span><span style=\"font-size: large;\">Nella giornata di oggi le persone interessate sono state accolte in un appartamento idoneo. <\/span><span style=\"font-size: large;\">Contemporaneamente, anche alla luce della disponibilit\u00e0 di numerosi cittadini ed associazioni, che hanno contattato il Comune per chiedere come poter intervenire, l\u2019Amministrazione ha valutato di dar corso ad una sottoscrizione pubblica. Chi volesse pu\u00f2 aderire attraverso bonifico sul<\/span><\/p>\n<blockquote>\n<h3><span style=\"font-size: large;\">C\/C n. 771 <\/span><span style=\"font-size: large;\">intestato a: Azienda Feltrina per i Servizi alla Persona \u2013 Alimentiamo la solidariet\u00e0 <\/span><span style=\"font-size: large;\">Presso: Banca Prealpi Sanbiagio \u2013 Filiale di Feltre <\/span><span style=\"font-size: large;\">IBAN: IT 30 O 08904 61110 026000000771 <\/span><span style=\"font-size: large;\">con causale: \u201cEmergenza Umin\u201d.<\/span><\/h3>\n<\/blockquote>\n<p align=\"JUSTIFY\"><span style=\"font-size: large;\">Il sindaco Perenzin:<em> \u201cRingrazio tutti i cittadini, i gruppi e le associazioni che, a vario titolo e in vario modo, in queste ore hanno manifestato la loro grande solidariet\u00e0 e si sono gi\u00e0 mossi a sostegno delle persone cos\u00ec duramente colpite dall\u2019incendio di ieri. Il Comune, in collaborazione con altri enti, \u00e8 al lavoro per garantire loro tutti i sostegni necessari; invito i cittadini che volessero dare il loro aiuto a fare riferimento ai Servizi Sociali presso l\u2019Azienda Feltrina, nell\u2019ottica di coordinare al meglio tutti gli interventi nell\u2019interesse della famiglia, anche relativamente ad altre azioni (donazioni di materiali, vestiario etc.)\u201d.<\/em><\/span><\/p>\n<\/div>\n<\/div>\n<\/div>\n<\/div>\n<\/div>\n<\/div>\n<p>&nbsp;<\/p>\n<p>&nbsp;<\/p>\n<hr \/>\n<p>&nbsp;<\/p>\n<blockquote>\n<h2>IN FASE DI CONCLUSIONE I LAVORI A PERENCINA E PIAN DI ALLEGHE<\/h2>\n<\/blockquote>\n<blockquote><p><em>A Pian finalmente sar\u00e0 garantito il transito ai mezzi di soccorso. Cantiere da 170 mila euro per un miglior accesso alla frazione<\/em><\/p><\/blockquote>\n<p><strong>BELLUNO<\/strong> Sono in fase conclusiva i due cantieri di messa in sicurezza che riguardano il Comune di Alleghe. Due interventi che la Provincia ha avviato in somma urgenza a seguito degli episodi di maltempo di agosto e ottobre, quando alcune criticit\u00e0 emerse dalla tempesta Vaia si erano aggravate, rendendo necessario l\u2019avvio dei lavori. Il primo intervento, ultimato da pochi giorni, \u00e8 stato effettuato in localit\u00e0 Perencina, dove \u00e8 stato consolidato un tratto della strada di collegamento alla frazione. Il progetto ha previsto l\u2019utilizzo di particolari reti \u201ca ombrello\u201d, in modo da consolidare un dissesto che minacciava la viabilit\u00e0. Il costo complessivo si aggira sui 30mila euro. Ben pi\u00f9 consistente il secondo intervento, in localit\u00e0 Pian, dove un tratto di strada &#8211; l\u2019unica di accesso alla borgata &#8211; aveva ceduto per circa 50 metri. Un problema che si era manifestato gi\u00e0 all\u2019indomani di Vaia e aveva richiesto un monitoraggio costante. Le piogge di fine agosto e di ottobre hanno accentuato le criticit\u00e0, rendendo impraticabile met\u00e0 carreggiata. Il progetto ha previsto l\u2019installazione di micropali da 10 metri e la realizzazione di un cordolo in cemento armato per bloccare il dissesto. A completare i lavori, gi\u00e0 in questi giorni, l\u2019asfaltatura finale della strada. \u00abUn cantiere da 170mila euro che assicura l\u2019accesso alla frazione e garantisce vivibilit\u00e0 ai residenti &#8211; continua il consigliere Bortoluzzi -. \u00c8 sempre questo lo spirito con cui portiamo avanti questo genere di interventi, finalizzati a tamponare il pi\u00f9 possibile frane e dissesti, che purtroppo sono tantissimi, e contrastare in maniera concreta lo spopolamento della montagna. Nonostante le note carenze di personale, grazie alla professionalit\u00e0 degli uffici e del dirigente Piero Zanchetta tornato dalla pensione, anche nel 2020 la Provincia \u00e8 riuscita a mandare avanti i lavori.<\/p>\n<p>IL CONSIGLIERE PROVINCIALE MASSIMO BORTOLUZZI<\/p>\n<audio class=\"wp-audio-shortcode\" id=\"audio-174853-2\" preload=\"none\" style=\"width: 100%;\" controls=\"controls\"><source type=\"audio\/mpeg\" src=\"https:\/\/www.radiopiu.net\/wordpress\/wp-content\/uploads\/2020\/11\/MASSIMO.mp3?_=2\" \/><a href=\"https:\/\/www.radiopiu.net\/wordpress\/wp-content\/uploads\/2020\/11\/MASSIMO.mp3\">https:\/\/www.radiopiu.net\/wordpress\/wp-content\/uploads\/2020\/11\/MASSIMO.mp3<\/a><\/audio>\n<p>&nbsp;<\/p>\n\n\t\t\t<style type='text\/css'>\n\t\t\t\t#gallery-4 {\n\t\t\t\t\tmargin: auto;\n\t\t\t\t}\n\t\t\t\t#gallery-4 .gallery-item {\n\t\t\t\t\tfloat: left;\n\t\t\t\t\tmargin-top: 10px;\n\t\t\t\t\ttext-align: center;\n\t\t\t\t\twidth: 33%;\n\t\t\t\t}\n\t\t\t\t#gallery-4 img {\n\t\t\t\t\tborder: 2px solid #cfcfcf;\n\t\t\t\t}\n\t\t\t\t#gallery-4 .gallery-caption {\n\t\t\t\t\tmargin-left: 0;\n\t\t\t\t}\n\t\t\t\t\/* see gallery_shortcode() in wp-includes\/media.php *\/\n\t\t\t<\/style>\n\t\t<div id='gallery-4' class='dt-gallery-container gallery galleryid-174853 gallery-columns-3 gallery-size-thumbnail'><dl class='gallery-item'>\n\t\t\t\t<dt class='gallery-icon landscape'>\n\t\t\t\t\t<a class=\"rollover rollover-zoom dt-pswp-item\" title=\"PHOTO-2020-11-25-13-08-39\" data-dt-img-description=\"\" data-large_image_width=\"1024\" data-large_image_height=\"768\"href='https:\/\/www.radiopiu.net\/wordpress\/wp-content\/uploads\/2020\/11\/PHOTO-2020-11-25-13-08-39.jpg'><img loading=\"lazy\" decoding=\"async\" width=\"150\" height=\"150\" src=\"https:\/\/www.radiopiu.net\/wordpress\/wp-content\/uploads\/2020\/11\/PHOTO-2020-11-25-13-08-39-150x150.jpg\" class=\"attachment-thumbnail size-thumbnail\" alt=\"\" \/><\/a>\n\t\t\t\t<\/dt><\/dl><dl class='gallery-item'>\n\t\t\t\t<dt class='gallery-icon landscape'>\n\t\t\t\t\t<a class=\"rollover rollover-zoom dt-pswp-item\" title=\"PHOTO-2020-11-25-13-08-39-1\" data-dt-img-description=\"\" data-large_image_width=\"1024\" data-large_image_height=\"576\"href='https:\/\/www.radiopiu.net\/wordpress\/wp-content\/uploads\/2020\/11\/PHOTO-2020-11-25-13-08-39-1.jpg'><img loading=\"lazy\" decoding=\"async\" width=\"150\" height=\"150\" src=\"https:\/\/www.radiopiu.net\/wordpress\/wp-content\/uploads\/2020\/11\/PHOTO-2020-11-25-13-08-39-1-150x150.jpg\" class=\"attachment-thumbnail size-thumbnail\" alt=\"\" \/><\/a>\n\t\t\t\t<\/dt><\/dl><dl class='gallery-item'>\n\t\t\t\t<dt class='gallery-icon landscape'>\n\t\t\t\t\t<a class=\"rollover rollover-zoom dt-pswp-item\" title=\"PHOTO-2020-11-25-13-08-39-2\" data-dt-img-description=\"\" data-large_image_width=\"1024\" data-large_image_height=\"576\"href='https:\/\/www.radiopiu.net\/wordpress\/wp-content\/uploads\/2020\/11\/PHOTO-2020-11-25-13-08-39-2.jpg'><img loading=\"lazy\" decoding=\"async\" width=\"150\" height=\"150\" src=\"https:\/\/www.radiopiu.net\/wordpress\/wp-content\/uploads\/2020\/11\/PHOTO-2020-11-25-13-08-39-2-150x150.jpg\" class=\"attachment-thumbnail size-thumbnail\" alt=\"\" \/><\/a>\n\t\t\t\t<\/dt><\/dl><br style=\"clear: both\" \/>\n\t\t\t<\/div>\n\n<p>&nbsp;<\/p>\n<hr \/>\n<p>&nbsp;<\/p>\n<p>&nbsp;<\/p>\n<blockquote>\n<h2>SPECIALE AREE INTERNE SEI ANNI DOPO &#8211; SECONDA PARTE &#8211;<\/h2>\n<\/blockquote>\n<p>&nbsp;<\/p>\n<h2><span style=\"color: #0000ff;\"><strong>SECONDA PARTE, DI GIANNI SANTOMASO<\/strong><\/span><\/h2>\n<h2><span style=\"color: #0000ff;\"><strong>AUDIO<\/strong><\/span><\/h2>\n<audio class=\"wp-audio-shortcode\" id=\"audio-174853-3\" preload=\"none\" style=\"width: 100%;\" controls=\"controls\"><source type=\"audio\/mpeg\" src=\"https:\/\/www.radiopiu.net\/wordpress\/wp-content\/uploads\/2020\/11\/GIANNI-AREE2.mp3?_=3\" \/><a href=\"https:\/\/www.radiopiu.net\/wordpress\/wp-content\/uploads\/2020\/11\/GIANNI-AREE2.mp3\">https:\/\/www.radiopiu.net\/wordpress\/wp-content\/uploads\/2020\/11\/GIANNI-AREE2.mp3<\/a><\/audio>\n<p>&nbsp;<\/p>\n<p>&nbsp;<\/p>\n<h2><span style=\"color: #ff0000;\">PRIMA PARTE, IERI ALLA RADIO\u00a0<\/span><\/h2>\n<p><strong><a href=\"https:\/\/www.radiopiu.net\/wordpress\/giornale-radiopiu-05-dicembre-2018-direttore-mirko-mezzacasa\/whatsapp-image-2018-12-05-at-04-50-34\/\" rel=\"attachment wp-att-68346\"><img loading=\"lazy\" decoding=\"async\" class=\"wp-image-68346 alignleft\" src=\"https:\/\/www.radiopiu.net\/wordpress\/wp-content\/uploads\/2018\/12\/WhatsApp-Image-2018-12-05-at-04.50.34-300x225.jpeg\" alt=\"\" width=\"160\" height=\"120\" srcset=\"https:\/\/www.radiopiu.net\/wordpress\/wp-content\/uploads\/2018\/12\/WhatsApp-Image-2018-12-05-at-04.50.34-300x225.jpeg 300w, https:\/\/www.radiopiu.net\/wordpress\/wp-content\/uploads\/2018\/12\/WhatsApp-Image-2018-12-05-at-04.50.34-768x576.jpeg 768w, https:\/\/www.radiopiu.net\/wordpress\/wp-content\/uploads\/2018\/12\/WhatsApp-Image-2018-12-05-at-04.50.34-1024x768.jpeg 1024w, https:\/\/www.radiopiu.net\/wordpress\/wp-content\/uploads\/2018\/12\/WhatsApp-Image-2018-12-05-at-04.50.34.jpeg 1599w\" sizes=\"auto, (max-width: 160px) 100vw, 160px\" \/><\/a><\/strong><\/p>\n<p><strong>AGORDO<\/strong><\/p>\n<p><strong>DI GIANNI SANTOMASO<\/strong><\/p>\n<audio class=\"wp-audio-shortcode\" id=\"audio-174853-4\" preload=\"none\" style=\"width: 100%;\" controls=\"controls\"><source type=\"audio\/mpeg\" src=\"https:\/\/www.radiopiu.net\/wordpress\/wp-content\/uploads\/2020\/11\/gianni-speciale-aree.mp3?_=4\" \/><a href=\"https:\/\/www.radiopiu.net\/wordpress\/wp-content\/uploads\/2020\/11\/gianni-speciale-aree.mp3\">https:\/\/www.radiopiu.net\/wordpress\/wp-content\/uploads\/2020\/11\/gianni-speciale-aree.mp3<\/a><\/audio>\n<p>&nbsp;<\/p>\n<p>&nbsp;<\/p>\n<div class=\"page-title-head hgroup\"><\/div>\n<div>\n<div class=\"\" dir=\"auto\">\n<div class=\"\" dir=\"auto\">\n<div class=\"ecm0bbzt hv4rvrfc ihqw7lf3 dati1w0a\" data-ad-comet-preview=\"message\" data-ad-preview=\"message\">\n<div class=\"j83agx80 cbu4d94t ew0dbk1b irj2b8pg\">\n<div class=\"qzhwtbm6 knvmm38d\">\n<div><\/div>\n<div>\n<hr \/>\n<\/div>\n<div><\/div>\n<blockquote>\n<h2>SABATO A BELLUNO RIAPRONO TUTTI I MERCATI<\/h2>\n<\/blockquote>\n<\/div>\n<\/div>\n<div><\/div>\n<div>\n<p><strong><img decoding=\"async\" class=\"alignleft\" src=\"https:\/\/www.radiopiu.net\/wordpress\/wp-content\/uploads\/2020\/11\/download-24.jpg\" \/>BELLUNO<\/strong> Il Sindaco di Belluno, Jacopo Massaro, ha firmato oggi l&#8217;ordinanza che consentir\u00e0 nella giornata di sabato la riapertura di tutti i mercati cittadini. Dopo la prima ripartenza parziale della scorsa settimana, quindi, con l&#8217;ordinanza di oggi si potr\u00e0 tornare a una piena attivit\u00e0 per i mercati all&#8217;aperto. I posteggi saranno maggiormente distanziati rispetto a quanto avveniva in precedenza, e spetter\u00e0 al singolo commerciante perimetrare o delimitare il proprio spazio e individuare il percorso di accesso e di uscita dalla propria bancarella.<\/p>\n<p align=\"LEFT\">L&#8217;ASSESSORE YUKI D&#8217;EMILIA<\/p>\n<audio class=\"wp-audio-shortcode\" id=\"audio-174853-5\" preload=\"none\" style=\"width: 100%;\" controls=\"controls\"><source type=\"audio\/mpeg\" src=\"https:\/\/www.radiopiu.net\/wordpress\/wp-content\/uploads\/2020\/11\/dEmilia-Riapertura-tutti-i-mercati.mp3?_=5\" \/><a href=\"https:\/\/www.radiopiu.net\/wordpress\/wp-content\/uploads\/2020\/11\/dEmilia-Riapertura-tutti-i-mercati.mp3\">https:\/\/www.radiopiu.net\/wordpress\/wp-content\/uploads\/2020\/11\/dEmilia-Riapertura-tutti-i-mercati.mp3<\/a><\/audio>\n<hr \/>\n<\/div>\n<\/div>\n<\/div>\n<\/div>\n<p>&nbsp;<\/p>\n<p>&nbsp;<\/p>\n<blockquote>\n<h2>CONTRIBUTI PER TUTTI, IL PREMIO DEL COMUNE<\/h2>\n<\/blockquote>\n<p><strong><a href=\"https:\/\/www.radiopiu.net\/wordpress\/giornale-radiopiu-10-luglio-2018-direttore-mirko-mezzacasa\/cesio\/\" rel=\"attachment wp-att-53558\"><img loading=\"lazy\" decoding=\"async\" class=\" wp-image-53558 alignleft\" src=\"https:\/\/www.radiopiu.net\/wordpress\/wp-content\/uploads\/2018\/07\/CESIO-300x120.jpg\" alt=\"\" width=\"235\" height=\"94\" srcset=\"https:\/\/www.radiopiu.net\/wordpress\/wp-content\/uploads\/2018\/07\/CESIO-300x120.jpg 300w, https:\/\/www.radiopiu.net\/wordpress\/wp-content\/uploads\/2018\/07\/CESIO.jpg 354w\" sizes=\"auto, (max-width: 235px) 100vw, 235px\" \/><\/a>CESIOMAGGIORE\u00a0<\/strong><\/p>\n<p><strong>DI DAMIANO TORMEN<\/strong><\/p>\n<audio class=\"wp-audio-shortcode\" id=\"audio-174853-6\" preload=\"none\" style=\"width: 100%;\" controls=\"controls\"><source type=\"audio\/mpeg\" src=\"https:\/\/www.radiopiu.net\/wordpress\/wp-content\/uploads\/2020\/11\/DAMIANO-CESIO.mp3?_=6\" \/><a href=\"https:\/\/www.radiopiu.net\/wordpress\/wp-content\/uploads\/2020\/11\/DAMIANO-CESIO.mp3\">https:\/\/www.radiopiu.net\/wordpress\/wp-content\/uploads\/2020\/11\/DAMIANO-CESIO.mp3<\/a><\/audio>\n<div class=\"dati1w0a f10w8fjw hv4rvrfc pybr56ya\">\n<div class=\"kbf60n1y btwxx1t3 j83agx80 cwj9ozl2\">\n<div class=\"buofh1pr\">\n<div class=\"j83agx80 cbu4d94t ew0dbk1b irj2b8pg\">\n<div class=\"qzhwtbm6 knvmm38d\">\n<div class=\"jq4qci2q ekzkrbhg a3bd9o3v\">\n<div dir=\"ltr\"><\/div>\n<\/div>\n<\/div>\n<\/div>\n<\/div>\n<\/div>\n<\/div>\n<p>&nbsp;<\/p>\n<\/div>\n<hr \/>\n<p>&nbsp;<\/p>\n<p>&nbsp;<\/p>\n<blockquote class=\"wp-embedded-content\" data-secret=\"GCl4fhJYjZ\"><p><a href=\"https:\/\/www.radiopiu.net\/wordpress\/agg25\/\">CORONAVIRUS: AGGIORNAMENTO NAZIONALE 25 NOVEMBRE<\/a><\/p><\/blockquote>\n<p><iframe loading=\"lazy\" class=\"wp-embedded-content\" sandbox=\"allow-scripts\" security=\"restricted\" style=\"position: absolute; clip: rect(1px, 1px, 1px, 1px);\" title=\"&#8220;CORONAVIRUS: AGGIORNAMENTO NAZIONALE 25 NOVEMBRE&#8221; &#8212; Radio Pi\u00f9\" src=\"https:\/\/www.radiopiu.net\/wordpress\/agg25\/embed\/#?secret=GCl4fhJYjZ\" data-secret=\"GCl4fhJYjZ\" width=\"600\" height=\"338\" frameborder=\"0\" marginwidth=\"0\" marginheight=\"0\" scrolling=\"no\"><\/iframe><\/p>\n<p>&nbsp;<\/p>\n<blockquote class=\"wp-embedded-content\" data-secret=\"rk9t60t6pN\"><p><a href=\"https:\/\/www.radiopiu.net\/wordpress\/in-veneto25\/\">68 VITTIME NELLE 24 ORE, SETTE PAZIENTI IN MENO IN TERAPIA INTENSIVA, 74 RICOVERATI IN AREA NON CRITICA<\/a><\/p><\/blockquote>\n<p><iframe loading=\"lazy\" class=\"wp-embedded-content\" sandbox=\"allow-scripts\" security=\"restricted\" style=\"position: absolute; clip: rect(1px, 1px, 1px, 1px);\" title=\"&#8220;68 VITTIME NELLE 24 ORE, SETTE PAZIENTI IN MENO IN TERAPIA INTENSIVA, 74 RICOVERATI IN AREA NON CRITICA&#8221; &#8212; Radio Pi\u00f9\" src=\"https:\/\/www.radiopiu.net\/wordpress\/in-veneto25\/embed\/#?secret=rk9t60t6pN\" data-secret=\"rk9t60t6pN\" width=\"600\" height=\"338\" frameborder=\"0\" marginwidth=\"0\" marginheight=\"0\" scrolling=\"no\"><\/iframe><\/p>\n<p>&nbsp;<\/p>\n<h2>I GRAFICI DI TIZIANO DE COL<\/h2>\n<p><a href=\"https:\/\/www.radiopiu.net\/wordpress\/giornale-radiopiu-26-novembre-2020-direttore-mirko-mezzacasa\/4436eaa6-1ca6-4a5e-bb1b-c0973c4524c4\/\" rel=\"attachment wp-att-175058\"><img loading=\"lazy\" decoding=\"async\" class=\"alignnone wp-image-175058\" src=\"https:\/\/www.radiopiu.net\/wordpress\/wp-content\/uploads\/2020\/11\/4436eaa6-1ca6-4a5e-bb1b-c0973c4524c4-300x198.jpg\" alt=\"\" width=\"262\" height=\"173\" srcset=\"https:\/\/www.radiopiu.net\/wordpress\/wp-content\/uploads\/2020\/11\/4436eaa6-1ca6-4a5e-bb1b-c0973c4524c4-300x198.jpg 300w, https:\/\/www.radiopiu.net\/wordpress\/wp-content\/uploads\/2020\/11\/4436eaa6-1ca6-4a5e-bb1b-c0973c4524c4-768x507.jpg 768w, https:\/\/www.radiopiu.net\/wordpress\/wp-content\/uploads\/2020\/11\/4436eaa6-1ca6-4a5e-bb1b-c0973c4524c4.jpg 857w\" sizes=\"auto, (max-width: 262px) 100vw, 262px\" \/><\/a><a href=\"https:\/\/www.radiopiu.net\/wordpress\/giornale-radiopiu-26-novembre-2020-direttore-mirko-mezzacasa\/c993a6f5-ecb9-4a6d-b315-4255bcc9c15a\/\" rel=\"attachment wp-att-175059\"><img loading=\"lazy\" decoding=\"async\" class=\"alignnone size-medium wp-image-175059\" src=\"https:\/\/www.radiopiu.net\/wordpress\/wp-content\/uploads\/2020\/11\/c993a6f5-ecb9-4a6d-b315-4255bcc9c15a-300x177.jpg\" alt=\"\" width=\"300\" height=\"177\" srcset=\"https:\/\/www.radiopiu.net\/wordpress\/wp-content\/uploads\/2020\/11\/c993a6f5-ecb9-4a6d-b315-4255bcc9c15a-300x177.jpg 300w, https:\/\/www.radiopiu.net\/wordpress\/wp-content\/uploads\/2020\/11\/c993a6f5-ecb9-4a6d-b315-4255bcc9c15a.jpg 668w\" sizes=\"auto, (max-width: 300px) 100vw, 300px\" \/><\/a><a href=\"https:\/\/www.radiopiu.net\/wordpress\/giornale-radiopiu-26-novembre-2020-direttore-mirko-mezzacasa\/6b327b89-848a-4933-ae0f-8eb178510753\/\" rel=\"attachment wp-att-175060\"><img loading=\"lazy\" decoding=\"async\" class=\"alignnone size-medium wp-image-175060\" src=\"https:\/\/www.radiopiu.net\/wordpress\/wp-content\/uploads\/2020\/11\/6b327b89-848a-4933-ae0f-8eb178510753-300x171.jpg\" alt=\"\" width=\"300\" height=\"171\" srcset=\"https:\/\/www.radiopiu.net\/wordpress\/wp-content\/uploads\/2020\/11\/6b327b89-848a-4933-ae0f-8eb178510753-300x171.jpg 300w, https:\/\/www.radiopiu.net\/wordpress\/wp-content\/uploads\/2020\/11\/6b327b89-848a-4933-ae0f-8eb178510753.jpg 640w\" sizes=\"auto, (max-width: 300px) 100vw, 300px\" \/><\/a><\/p>\n<p>&nbsp;<\/p>\n<hr \/>\n<blockquote>\n<h3><\/h3>\n<h3>VENETO IN FASE 5 DEL PIANO SANITARIO, PRESSIONE SUGLI OSPEDALI CON 2800 POSTI LETTO OCCUPATI. DA MARGHERA LUCA ZAIA<\/h3>\n<\/blockquote>\n<p><strong>VENEZIA<\/strong> Aggiornamento covid19, le ultime notizia dal Presidente Zaia, e assessori Bottacin e Lanzarin.<\/p>\n<p><strong>I NUMERI tamponi 2.714.000,\u00a0 \u00a0837947 test rapidi 30 mila nelle ultime 24 ore, 127.416 positivi (+2660),\u00a0 45.687 in isolamento (+7000),\u00a0 2529 (+77) ricoverati in area non critica,\u00a0 324 (+4) in terapia intensiva per un totale di quasi 2800 persone ricoverate pi\u00f9 della prima fase in minor numero le terapie intensive,\u00a0 3429 (+76) i decessi<\/strong><\/p>\n<p><span style=\"color: #ff0000;\"><strong>IN SALA UNA SEDIA ROSSA PER RICORDARE LE VITTIME DEL FEMMINICIDIO: 3174 donne hanno attivato i percorsi dei centri antiviolenza nel 2019 e il numero di accessi di casi sono stati nel 2019 ben 7127<\/strong><\/span><\/p>\n<h2 style=\"text-align: center;\">LEGGI LA CONFERENZA STAMPA DI LUCA ZAIA<\/h2>\n<p><em>N\u00e9 noi, n\u00e9 giornalisti e virologi, hanno mai visto una pandemia,\u00a0 siamo in una guerra. Problema impianti: scompaiono i cittadini dalla montagna senza la sua economia turistica. Belluno ha 1000 persone ogni anno che se ne vanno. Non buttiamo via la nostra montagna invernale, mettiamo in sicurezza. Se si decide di chiudere ci vuole certezza sui ristori. Nei negozi: \u00a0un cliente ogni 20 metri quadrati per tutte le strutture di vendita razionalizzando la misura, esclusi dalla conta i dipendenti.<\/em><\/p>\n<p><strong>LA REGIONE E&#8217; IN FASE 5 DEL PIANO SANITARIO<\/strong> &#8211; da 2500 a 6000 pazienti ricoverati-<strong> Belluno<\/strong> in fascia 5 con i ricoveri ancora in crescita, terapie intensive in fase 4, <strong>Padova<\/strong> in fase 4 con i ricoveri e anche terapie intensive <strong>Treviso<\/strong> fase 5 ricoveri 4 terapie intensive <strong>Venezia<\/strong> quasi sulla quinta fascia con i ricoveri,\u00a0 4 terapie intensive, <strong>Vicenza<\/strong> fase 5 ben inoltrata con i ricoveri\u00a0 e 4 terapie intensive <strong>Verona<\/strong> sta entrando in fase 5, terapia intensiva ancora in fase 4\u00a0<strong> Rovigo<\/strong> debutta in fase 4 lasciando la fase 3\u00a0 ed \u00e8 in fase 3 con le terapie intensive e trand in calo\u00a0<strong>INCONTRO CON BOCCIA<\/strong> chiesto dalle Regioni per parlare del futuro Dpcm per capire quali siano le volont\u00e0 del Governo e discutere la partita della neve, della montagna invernale. Facciamo la figura della periferia, dei dimenticati, se pensiamo agli annunci di apertura di Austria e Svizzera. Prima di tutto viene la salute, ma l&#8217;economia della montagna \u00e8 importante. Dobbiamo mettere in sicurezza questo servizio che ha solo due problemi, assembramento e trasporto ma solo nelle cabine chiuse. I rifugi conoscono le regole come i ristoranti che in citt\u00e0 rimangono aperti fino alle 18, non vedo differenze. Le vere due partite sono l&#8217;assembramento e le cabinovie e noi abbiamo gi\u00e0 fatto le nostre proposte con le linee guida, con un po&#8217; di impegno si riesce ad andare avanti. Se si decide di chiudere che\u00a0 arrivino subito i ristori e per fare i calcoli non ci vuole molto col fatturato dello scorso anno e le spese risparmiate ad inizio stagione <strong>NON C&#8217;E&#8217; CERTEZZA DEL RISTORO<\/strong> altrimenti gli operatori sarebbero anche pronti a chiudere. <strong>NELL&#8217;ORDINANZA (scade il 4 dicembre):\u00a0 NUMERI DI CLIENTI NEI NEGOZI SONO ESCLUSI GLI OPERATORI <\/strong>Fino a 40 metri quadrati una persona, cos\u00ec come dai dettami del DPCM di aprile; abbiamo deciso in seconda istanza nella FAQ che tutte le strutture con pi\u00f9 di 40 metri quadri hanno la possibilit\u00e0 di far entrare un cliente ogni 20 metri quadrati, esclusi i lavoratori dell&#8217;azienda.<strong> I GESTORI NON SONO RESPONSABILI DI QUELLO CHE SUCCEDE FUORI DAGLI ESERCIZI COMMERCIALI IN AREA PUBBLICA SOTTO IL CONTROLLO DELLE AUTORITA&#8217;. IL GESTORE DEVE FARE IL POSSIBILE SULLA SUA PROPIETA&#8217; PER EVITARE ASSEMBRAMENTI CON CARTELLI O\u00a0 FACENDO SENTIRE E VEDERE.\u00a0 <\/strong>E&#8217; un percorso da fare assieme, c&#8217;\u00e8 chi non vuole regole, c&#8217;\u00e8 chi vorrebbe il lockdown, c&#8217;\u00e8 chi si organizza con molta attenzione, la perfezione non esiste e la comunit\u00e0 deve darsi una mano. Siamo in guerra, e finitela di dire che la gente era anziana e sarebbe morta comunque, ci vuole rispetto per la vita e soprattutto per le persone e coloro che fanno di tutto per salvarle queste vite. Diciamo con orgoglio che abbiamo mandato a casa centenari guariti, vecchi che hanno fatto grande la nostra comunit\u00e0 e se qualcuno dice il contrario ha sbagliato comunit\u00e0.<strong><br \/>\n<\/strong><\/p>\n<h2>DOMANDE<\/h2>\n<p><strong>IN UN CENTRO COMMERCIALE IL NUOVO PARAMETRO VALE SOLO PER IL NEGOZIO NON PER LA PARTE COMUNE.<\/strong> La hall non si calcola ma i gestori dei centri commerciali devono evitare gli assembramenti che le parti comuni non si trasformino in piazza. Stiamo valutando di allentare ma temiamo si creino fonti di assembramento.<\/p>\n<p><strong>GESTORI IMPIANTI MANCANO I RISTORI ALTRIMENTI CI RIPENSEREBBERO<\/strong> Bastava partire dal fatturato, garantire la cassa integrazione con il blocco dei licenziamenti, bastava provvedere e ristorare sul fatturato reale e li finiva. I ristori promessi sono arrivati? Qualcuno dice di si altri no, il vero tema \u00e8 che gli operatori hanno un livello di fiducia pieno di punti di domanda e questo non aiuta. Regioni virtuose come la nostra con ordinanza mirate si ritrovano oggi senza ristori, \u00e8 difficile.<\/p>\n<p><strong>ALTRE INDICAZIONI OLTRE ALLA MONTAGNA?<\/strong> Il Dpcm lo scrive il Governo, io aggiungo un tema cio\u00e8 quello della scuola del 9 dicembre. Spero che qualcuno si degni di dirci qualche cosa ci sono anche i trasporti da organizzare. Vorremmo capire cosa accade il\u00a0 prossimo 3 dicembre con il nuovo Dpcm. Non possiamo attendere le notizie\u00a0 dalla conferenza stampa o dalla diretta Facebook\u00bb.<\/p>\n<p><strong>PROTOCOLLO PER LE CURE A DOMICILIO<\/strong> Noi abbiamo il nostro, siamo stati i primi a farlo e mutuato a livello nazionale. Noi abbiamo introdotto anche il tema dei saturimetri, dell&#8217;ossigeno terapia.<\/p>\n<p><strong>SPERIMENTAZIONE FAI DA TE?<\/strong> Stiamo attendendo l&#8217;okey del comitato tecnico della Ulss di Vicenza, spero venga dato il via libera per iniziare con tutte le norme. In questa fase abbiamo i pazienti e possiamo farla velocemente la sperimentazione, spero di chiuderla nel giro di 10 giorni. Ci sono altre aziende che si sono fatte vive con i test fai da te<\/p>\n<p><strong>IL TRACCIAMENTO E&#8217; FONDAMENTALE\u00a0<\/strong> Siamo sul pezzo ma parliamo di grandi numeri, il tracciamento \u00e8 alla base di tutti i ragionamenti. Il tema del tracciamento parte dal senso civico di tutti noi, le persone per bene si fanno il test fai da te, chiamano il medico e rimangono in casa e non servirebbe tracciare nulla. Alla fine nelle riunioni, nei ristoranti, ci sar\u00e0 il test finche&#8217; non ci sar\u00e0 il vaccino.<\/p>\n<p><strong>DATI DI OGGI TREVISO SOLO 10 POSITIVI<\/strong> Sicuramente un problema di carico. L\u2019incremento dei negativizzati di oggi uscir\u00e0 nel report delle 17.00.<\/p>\n<p><strong>SE LA PANDEMIA CONTINUA<\/strong> La stagione non porta beneficio essendo virus influenzale per il quale non siamo attrezzati con anticorpi e vaccino e la variante ci mette in difficolt\u00e0. Fino ad aprile non ce la sfangheremo ma saremo tra montagne russe, poi diventer\u00e0 familiare gestire i flussi, poi la speranza del vaccino e della buona stagione&#8230;un grande obiettivo sarebbe avere tutti vaccinati (volontariamente d&#8217;intende) entro il 2021.<\/p>\n<p><strong>IL COMPORTAMENTO DI UN GESTORE DI UN NEGOZIO?<\/strong> Di un buon padre di famiglia, nessuna legittimazione dall&#8217;estromettersi dalla partita.<\/p>\n<p><strong>CASE DI RIPOSO<\/strong>\u00a0 E&#8217; il nostro pensiero, luogo ideale per il virus. C&#8217;\u00e8 un tema di socialit\u00e0 negato che non \u00e8 irrilevante.<\/p>\n<p><strong>CASO AURONZO<\/strong> Dobbiamo capire cosa sta succedendo, sto suggerendo da giorni una campagna tamponi, se serve si faranno micro zone rosse come fatto in Comelico. Abbiamo chiesto si prendano le misure.<\/p>\n<p><strong>ANCHE SABATO CHIUSE LE MEDIE STRUTTURE DI VENDITA\u00a0<\/strong> E&#8217; anche un metodo per capire se funziona. E&#8217; un test nulla accade a caso ma ad oggi non possiamo impegnarci per nulla.<\/p>\n<p>&nbsp;<\/p>\n<p>&nbsp;<\/p>\n<p>https:\/\/www.facebook.com\/zaiaufficiale\/videos\/2868630353382079<\/p>\n<p>&nbsp;<\/p>\n<hr \/>\n<p>&nbsp;<\/p>\n<blockquote>\n<h2>ORDINANZA, TUTTI I CHIARIMENTI<\/h2>\n<\/blockquote>\n<p><strong>1) Nel calcolo delle persone che possono essere presenti negli esercizi commerciali sono conteggiati anche gli operatori dell\u2019esercizio? <\/strong>No, si conteggiano solo i clienti. <strong>2) Negli esercizi commerciali, la vigilanza sull\u2019accesso deve essere svolta da una persona appositamente dedicata e riservata? <\/strong>Assolutamente no. La previsione \u00e8 volta esclusivamente a far in modo che ci sia sempre un responsabile del controllo, che pu\u00f2 ben essere, ad esempio, anche il titolare o altro dipendente dell\u2019esercizio, che la pu\u00f2 svolgere dall\u2019interno mentre lavora se le dimensioni e la struttura del negozio lo consentono. In sostanza, il gestore o chi opera all\u2019interno \u00e8 chiamato a verificare che il numero dei clienti all\u2019interno sia in linea con le previsioni anticovid. Si ricorda che il limite di un cliente per i primi 40 mq \u00e8 stabilito dai dpcm fin da aprile. <strong>3) I gestori di esercizi commerciali rispondono per qualsiasi assembramento che si crei davanti ai negozi? <\/strong>No. Occorre ricordare che quasi sempre ci si trova su area pubblica, sulla quale gli esercenti non possono intervenire. Di certo, il gestore che fa il possibile, sulla sua propriet\u00e0, per evitare le violazioni all\u2019esterno del negozio (es. utilizzando cartelli o avvisi), non risponde se la gente non rispetta le sue indicazioni. <strong>4) Nei centri o parchi commerciali si computa la superficie comune da cui si accede alle varie strutture di vendita interne per determinare il numero massimo di clienti che possono entrare? <\/strong>No, si computa solo la superficie commerciale di vendita e quindi quella dei negozi. Possono essere collocati all\u2019esterno del centro commerciale cartelli o visualizzatori del limite massimo di presenze derivante semplicemente dalla somma delle superfici di\u00a0 endita di ciascun esercizio, senza contare le parti comuni. <strong>5) \u00c8 possibile lo svolgimento di attivit\u00e0 benefiche con banchetti davanti a chiese, nelle piazze, ecc.? <\/strong>Si. Non si tratta di attivit\u00e0 commerciale ma di eventi in forma statica. E\u2019 importante che non si formino assembramenti e che siano rigorosamente rispettati gli obblighi di uso della mascherina e di distanziamento. <strong>6) E\u2019 possibile svolgere le attivit\u00e0 di tirocinio o di stage, previste da progetti formativi regionali, in presenza presso le imprese ospitanti, qualora le disposizioni aziendali lo consentano? <\/strong>No. Le attivit\u00e0 formative presenti nell&#8217;ambito dell&#8217;offerta formativa regionale rientrano tra quelle per le quali il DPCM 3\/11\/2020 (lettera s, punto 9, art. 1) ha disposto la sospensione nella modalit\u00e0 in presenza. Tra queste attivit\u00e0 sospese rientrano gli stage e i tirocini curricolari ed extracurriculari. Evidentemente la disposizione normativa mira alla salvaguardia della salute identificandola come prioritaria rispetto alla formazione in presenza che si realizza in azienda attraverso le diverse esperienze (stage, tirocinio ecc.) anche qualora l&#8217;attivit\u00e0 aziendale proceda regolarmente, nel rispetto dei protocolli di sicurezza. <strong>7) I servizi alla persona (es. parrucchieri) sono soggetti ai limiti di presenza dell\u2019ordinanza n. 156? <\/strong>No. L\u2019ordinanza si riferisce agli esercizi commerciali. <strong>8) Si possono fare camminate in gruppi di nordicwalking? <\/strong>S\u00ec, anche con transito tra pi\u00f9 comuni, purch\u00e8 non si attraversino i centri storici e i luoghi affollati. Occorre, inoltre, che il gruppo rispetti rigorosamente il distanziamento di m. 2 previsto per l\u2019attivit\u00e0 sportiva e siano utilizzate le mascherine<\/p>\n<p>&nbsp;<\/p>\n<p>&nbsp;<\/p>\n<hr \/>\n<p>&nbsp;<\/p>\n<p>&nbsp;<\/p>\n<blockquote>\n<h3>LA SALUTE NON SI DISCUTE MA NO ALLA CONCORRENZA SLEALE E INTERNAZIONALE FRA VICINE REGIONI EUROPEE<\/h3>\n<\/blockquote>\n<p><strong><a href=\"https:\/\/www.radiopiu.net\/wordpress\/inizio-di-stagione-con-grandi-novita-per-larea-sciistica-arabba-marmolada\/arabba-funivie\/\" rel=\"attachment wp-att-164647\"><img loading=\"lazy\" decoding=\"async\" class=\"size-medium wp-image-164647 alignleft\" src=\"https:\/\/www.radiopiu.net\/wordpress\/wp-content\/uploads\/2020\/10\/ARABBA-FUNIVIE-300x123.jpg\" alt=\"\" width=\"300\" height=\"123\" srcset=\"https:\/\/www.radiopiu.net\/wordpress\/wp-content\/uploads\/2020\/10\/ARABBA-FUNIVIE-300x123.jpg 300w, https:\/\/www.radiopiu.net\/wordpress\/wp-content\/uploads\/2020\/10\/ARABBA-FUNIVIE-1024x419.jpg 1024w, https:\/\/www.radiopiu.net\/wordpress\/wp-content\/uploads\/2020\/10\/ARABBA-FUNIVIE-768x314.jpg 768w, https:\/\/www.radiopiu.net\/wordpress\/wp-content\/uploads\/2020\/10\/ARABBA-FUNIVIE.jpg 1046w\" sizes=\"auto, (max-width: 300px) 100vw, 300px\" \/><\/a>BELLUNO<\/strong>\u00a0<em> Gli impianti di risalita sono il cuore pulsante dell\u2019economia turistica della montagna: \u00e8 quindi fondamentale che il Governo trovi insieme agli operatori la soluzione migliore per superare questa fase di emergenza<\/em>\u00bb. \u00c8 quanto afferma il Presidente di Confindustria Veneto Enrico Carraro, in merito alla discussione sull\u2019apertura o chiusura degli impianti sciistici a Natale. <em>E\u2019 poi fondamentale evitare che le regioni alpine dei vicini paesi europei tengano aperto, aggravando la situazione facendo concorrenza sleale. Sappiamo gi\u00e0 che l\u2019Austria, ad esempio, non chiuder\u00e0 a meno che non si trovi un accordo \u201ceconomico\u201d soddisfacente a livello di Unione Europea&#8221;<\/em>. Sull&#8217;argomento interviene di nuovo anche Lorrain Berton Presidente di Confindustria Belluno Dolomiti.<em> &#8220;E\u2019 indispensabile agire subito per individuare possibili interventi cos\u00ec come definiti da ANEF: la parziale compensazione delle riduzioni di fatturato &#8211; da calcolare sui mesi di effettiva chiusura o di limitazione dell&#8217;attivit\u00e0; la moratoria sui mutui e sui\u00a0 leasing; la riduzione del cuneo fiscale (costo del lavoro) in caso di apertura in condizioni di limitata attivit\u00e0 (blocco dei turisti stranieri, limitazione agli spostamenti tra regioni dei turisti italiani, ecc.); la sospensione o riduzione degli adempimenti fiscali; la garanzia del trattamento di cassa Integrazione per i lavoratori fissi e l\u2019introduzione di ammortizzatori sociali e di misure di sostegno al reddito per i lavoratori stagionali&#8221;.<\/em><\/p>\n<p>&nbsp;<\/p>\n<p>&nbsp;<\/p>\n<p>&nbsp;<\/p>\n<p>&nbsp;<\/p>\n<p>&nbsp;<\/p>\n<div>\n<hr \/>\n<\/div>\n<p>&nbsp;<\/p>\n<blockquote>\n<h3>TURISMO. SENZA SCI DANNI PER ALMENO 20 MILIARDI DI EURO. GLI ASSESSORI DELLE REGIONI ALPINE CHIEDONO UN INCONTRO AL MINISTRO GUALTIERI.<\/h3>\n<\/blockquote>\n<p><strong><a href=\"https:\/\/www.radiopiu.net\/wordpress\/giornale-radiopiu-13-ottobre-2020-direttore-mirko-mezzacasa\/sappade_falcade\/\" rel=\"attachment wp-att-165915\"><img loading=\"lazy\" decoding=\"async\" class=\"size-medium wp-image-165915 alignleft\" src=\"https:\/\/www.radiopiu.net\/wordpress\/wp-content\/uploads\/2020\/10\/Sappade_Falcade-300x146.jpg\" alt=\"\" width=\"300\" height=\"146\" srcset=\"https:\/\/www.radiopiu.net\/wordpress\/wp-content\/uploads\/2020\/10\/Sappade_Falcade-300x146.jpg 300w, https:\/\/www.radiopiu.net\/wordpress\/wp-content\/uploads\/2020\/10\/Sappade_Falcade-1024x498.jpg 1024w, https:\/\/www.radiopiu.net\/wordpress\/wp-content\/uploads\/2020\/10\/Sappade_Falcade-768x374.jpg 768w, https:\/\/www.radiopiu.net\/wordpress\/wp-content\/uploads\/2020\/10\/Sappade_Falcade.jpg 1200w\" sizes=\"auto, (max-width: 300px) 100vw, 300px\" \/><\/a>VENEZIA\u00a0<\/strong> Una perdita di indotto pari a 20 miliardi \u2013 una cifra vicina all\u20191% del PIL nazionale \u2013, questo il danno che la montagna legata all\u2019industria dello sci sar\u00e0 costretta a subire senza l\u2019avvio della stagione invernale. In questi ultimi giorni si sono ripetuti i messaggi di esponenti del Governo e virologi che affermano come si possa tranquillamente fare a meno della settimana bianca e dello sci, uno svago che non \u00e8 indispensabile. Con questa nota, tuttavia, Piemonte, Valle d\u2019Aosta, Lombardia, Provincia di Bolzano, Provincia di Trento, Veneto e Friuli Venezia Giulia intendono rimarcare al Governo la pericolosit\u00e0 di queste affermazioni. <em>\u201cNon \u00e8 corretto parlare di \u201csolo sci\u201d, attorno alla stagione invernale abbiamo intere economie di montagna e alcune centinaia di migliaia di posti di lavoro perlopi\u00f9 stagionali\u201d &#8211; dichiarano congiuntamente gli Assessori &#8211; \u201cinfatti agli impiantisti bisogna aggiungere i noleggi, le scuole di sci, i ristoranti, i rifugi, gli alberghi, i bar, i negozi e tutte le altre attivit\u00e0 economiche legate, dall\u2019artigianato alla filiera alimentare, senza dimenticare il settore dei trasporti privati, dei servizi, della moda, dei carburanti e cos\u00ec via\u201d. <\/em>Tutte le Regioni alpine hanno calcolato in 20 miliardi l\u2019indotto diretto della stagione invernale; \u00e8 evidente che quest\u2019economia caratterizza fortemente molte valli delle nostre Alpi, ma vale lo stesso anche per gli Appennini. <em>\u201cSenza l\u2019apporto della stagione invernale per la montagna \u00e8 il disastro totale. Chiudere durante le festivit\u00e0 natalizie significherebbe pregiudicare irrimediabilmente l\u2019intera stagione, molti non aprirebbero nemmeno pi\u00f9. Per questo motivo lanciamo un appello al Ministro dell\u2019economia Roberto Gualtieri affinch\u00e9 ci possa incontrare ed ascoltare. Il trasporto di persone sugli impianti a fune deve essere considerato alla pari di altri mezzi di trasporto, come bus e treni. Noi siamo pronti al confronto con il Governo per evitare rischi collegati alle festivit\u00e0, e siamo sicuri che \u00e8 possibile gestire la questione.<\/em>Lo dicono gli assessori delle Regioni alpine<\/p>\n<p>&nbsp;<\/p>\n<p>&nbsp;<\/p>\n<p>&nbsp;<\/p>\n<hr \/>\n<p>&nbsp;<\/p>\n<blockquote>\n<h3>\u00a0\u00abIL GOVERNO TENTA DI DISTRUGGERE IL TERZO SETTORE. MI OPPORR\u00d2 CON TUTTE LE FORZE\u00bb<\/h3>\n<\/blockquote>\n<p><strong><a href=\"https:\/\/www.radiopiu.net\/wordpress\/giornale-radiopiu-20-maggio-2020-direttore-mirko-mezzacasa\/dario-bond-11\/\" rel=\"attachment wp-att-138833\"><img loading=\"lazy\" decoding=\"async\" class=\"size-full wp-image-138833 alignleft\" src=\"https:\/\/www.radiopiu.net\/wordpress\/wp-content\/uploads\/2020\/05\/Dario-Bond.jpg\" alt=\"\" width=\"165\" height=\"228\" \/><\/a>ROMA\u00a0<\/strong>\u00ab<em>Nella bozza della Legge di Bilancio c\u2019\u00e8 una bruttissima notizia per le organizzazioni di volontariato. L\u2019articolo 108 prevede l\u2019assoggettamento al regime commerciale delle attivit\u00e0 di migliaia di associazioni no profit ed enti che svolgono attivit\u00e0 fondamentali per la cittadinanza. Un\u2019assurdit\u00e0 che rischia di cancellare buona parte del Terzo Settore<\/em>\u00bb. Cos\u00ec in una nota il deputato di Forza Italia Dario Bond. \u00abI<em>l governo non si rende conto della gravit\u00e0 di questo provvedimento. Di fatto sta equiparando piccole associazioni che mandano avanti attivit\u00e0 volontarie a favore della comunit\u00e0 al regime Iva della dimensione commerciale. La novit\u00e0 non impone alle associazioni di pagare l\u2019imposta, ma obbliga ad aprire la partita Iva, con tutti i costi a carico. Significa avviare la contabilit\u00e0 e magari avere a disposizione dei consulenti. E mascherano il tutto da adeguamento a una norma europea di 14 anni fa, di cui francamente si poteva fare a meno\u00bb<\/em>. \u00ab<em>Mi opporr\u00f2 a questo adeguamento<\/em>\u00bb conclude Dario Bond. \u00ab<em>Ho gi\u00e0 presentato due emendamenti e non mi fermer\u00f2, perch\u00e9 questo potrebbe essere un colpo mortale per tutto il sistema del volontariato<\/em>\u00bb.<\/p>\n<p>&nbsp;<\/p>\n<p>&nbsp;<\/p>\n<hr \/>\n<p>&nbsp;<\/p>\n<blockquote>\n<h3>\u00a0\u00abSCONGIURIAMO LA CONCORRENZA SLEALE TRA STATI. CONTE INTERVENGA NELLE SEDI EUROPEE\u00bb<\/h3>\n<\/blockquote>\n<p><strong><a href=\"https:\/\/www.radiopiu.net\/wordpress\/giornale-radiopiu-20-febbraio-2020-direttore-mirko-mezzacasa\/ic-feltre-monte-avena-sci-19-2-20-2\/\" rel=\"attachment wp-att-118209\"><img loading=\"lazy\" decoding=\"async\" class=\"size-medium wp-image-118209 alignleft\" src=\"https:\/\/www.radiopiu.net\/wordpress\/wp-content\/uploads\/2020\/02\/IC-FELTRE-Monte-Avena-Sci-19-2-20-2-300x225.jpg\" alt=\"\" width=\"300\" height=\"225\" srcset=\"https:\/\/www.radiopiu.net\/wordpress\/wp-content\/uploads\/2020\/02\/IC-FELTRE-Monte-Avena-Sci-19-2-20-2-300x225.jpg 300w, https:\/\/www.radiopiu.net\/wordpress\/wp-content\/uploads\/2020\/02\/IC-FELTRE-Monte-Avena-Sci-19-2-20-2-768x575.jpg 768w, https:\/\/www.radiopiu.net\/wordpress\/wp-content\/uploads\/2020\/02\/IC-FELTRE-Monte-Avena-Sci-19-2-20-2.jpg 1024w\" sizes=\"auto, (max-width: 300px) 100vw, 300px\" \/><\/a>ROMA\u00a0<\/strong>\u00ab<em>Lo sci e gli sport invernali generano un indotto che vale il 12% del Pil prodotto dal turismo italiano. Il fatturato totale supera gli 11 milioni di euro. Parliamo di cifre perch\u00e9 forse diventa pi\u00f9 chiara la dimensione del problema<\/em>\u00bb. \u00c8 quanto afferma il deputato di Forza Italia Dario Bond, che sulla scorta di un\u2019interrogazione alla commissione europea di Antonio Tajani, chiede al governo italiano di farsi promotore di una richiesta nelle sedi europee: \u00ab<em>Scongiuriamo la concorrenza sleale. Non avrebbe senso che le piste e gli impianti funzionassero in Austria, mentre in Italia resta tutto chiuso\u00bb. \u00abTajani chiede alla commissione europea se intende avviare una verifica e una valutazione delle diverse misure prese dagli Stati membri. E se intende predisporre linee guida e chiare regole comuni per non danneggiare le imprese e salvaguardare cos\u00ec l\u2019importante settore economico degli sport invernali. Da parte mia chiedo che il governo si attivi e moduli le proprie scelte condividendo il percorso con gli altri Paesi. In modo che non siamo noi gli unici a pagare le conseguenze di una chiusura disposta solo dall\u2019Italia, mentre nel resto d\u2019Europa si scia<\/em>\u00bb.<\/p>\n<p>&nbsp;<\/p>\n<hr \/>\n<p>&nbsp;<\/p>\n<blockquote>\n<h3 align=\"JUSTIFY\"><span style=\"font-size: medium;\"><b>UN DISEGNO DI LEGGE PER INNOVARE LA DISCIPLINA DELL\u2019AGRITURISMO E DELLE ATTIVIT\u00c0 TURISTICHE CONNESSE ALL\u2019AGRICOLTURA<\/b><\/span><\/h3>\n<\/blockquote>\n<p align=\"JUSTIFY\">\u00a0<strong>VENEZIA<\/strong>\u00a0 L<span style=\"font-size: medium;\">a Giunta veneta ha approvato un disegno di legge che integra e modifica la normativa regionale che disciplina le attivit\u00e0 turistiche connesse al settore primario. <\/span><span style=\"font-size: medium;\">L\u2019obiettivo aggiornare e attualizzare la legge regionale in materia di agriturismo, pescaturismo, ittiturismo, turismo rurale, fattorie didattiche, cio\u00e8 di quella ricca e multiforme offerta turistica veneta collegata all\u2019agricoltura. Oggi gli agriturismi in Veneto sono circa 1.450 e pi\u00f9 del 65 per cento di questi dispone di servizi ricettivi.<\/span> <span style=\"font-size: medium;\">Gi\u00e0 prima del tragico manifestarsi del Covid era evidente il trend di crescita del settore ricettivo agrituristico \u2013 con un aumento del 5,8% rispetto all\u2019anno precedente. Gli stessi operatori hanno chiesto di innovare la legislazione in materia, al fine di concretizzare le potenzialit\u00e0 di sviluppo delle attivit\u00e0, sia ampliando la gamma dei servizi che compongono l\u2019offerta, sia per chiarire alcuni aspetti amministrativi dopo il trasferimento delle competenze delle Province in materia di turismo e agriturismo alla Regione e ai Comuni. <\/span><span style=\"font-size: medium;\">\u00c8 stata prevista una semplificazione amministrativa per gli agriturismi che intendono svolgere anche le attivit\u00e0 di turismo rurale; le stesse attivit\u00e0 di turismo rurale sono state suddivise in tre aree tematiche le cui attivit\u00e0 \u201cconnesse con l\u2019azienda agricola\u201d verranno definite in apposito provvedimento. <\/span><span style=\"font-size: medium;\">Per la ristorazione \u00e8 stata aumentata la quota dei prodotti di qualit\u00e0 e del territorio. <\/span><span style=\"font-size: medium;\">Per le fattorie didattiche sono stati meglio esplicitati gli obiettivi specifici di questa tipologia di attivit\u00e0<\/span><\/p>\n<p>&nbsp;<\/p>\n<hr \/>\n<p>&nbsp;<\/p>\n<p>&nbsp;<\/p>\n<blockquote>\n<h3>PROROGA DEL PIANO FAUNISTICO VENATORIO, &#8220;EMENDAMENTO PER TUTELARE I DIRITTI DEI PROPRIETARI DEI TERRENI&#8221;<\/h3>\n<\/blockquote>\n<p><strong><a href=\"https:\/\/www.radiopiu.net\/wordpress\/ricorso-al-tar-contro-il-calendario-venatorio-i-ricorrenti-rinunciano-alla-discussione\/cacciatore\/\" rel=\"attachment wp-att-162181\"><img loading=\"lazy\" decoding=\"async\" class=\"size-medium wp-image-162181 alignleft\" src=\"https:\/\/www.radiopiu.net\/wordpress\/wp-content\/uploads\/2020\/09\/CACCIATORE-300x190.jpg\" alt=\"\" width=\"300\" height=\"190\" srcset=\"https:\/\/www.radiopiu.net\/wordpress\/wp-content\/uploads\/2020\/09\/CACCIATORE-300x190.jpg 300w, https:\/\/www.radiopiu.net\/wordpress\/wp-content\/uploads\/2020\/09\/CACCIATORE-1024x650.jpg 1024w, https:\/\/www.radiopiu.net\/wordpress\/wp-content\/uploads\/2020\/09\/CACCIATORE-768x488.jpg 768w, https:\/\/www.radiopiu.net\/wordpress\/wp-content\/uploads\/2020\/09\/CACCIATORE-1536x975.jpg 1536w, https:\/\/www.radiopiu.net\/wordpress\/wp-content\/uploads\/2020\/09\/CACCIATORE-640x406.jpg 640w, https:\/\/www.radiopiu.net\/wordpress\/wp-content\/uploads\/2020\/09\/CACCIATORE.jpg 1920w\" sizes=\"auto, (max-width: 300px) 100vw, 300px\" \/><\/a>VENEZIA<\/strong> <span style=\"font-size: large;\"><em>\u201cLa proroga del Piano faunistico venatorio garantisce i diritti delle \u2018doppiette\u2019, ma non quelli dei proprietari dei terreni dove si caccia. Per questo oggi abbiamo depositato un emendamento a loro tutela: non devono esserci cittadini di serie A e di serie B\u201d.<\/em> A dirlo \u00e8\u00a0il consigliere del Partito Democratico Andrea Zanoni, a proposito dell\u2019ennesima proroga del Piano, che approder\u00e0 in aula domani. <\/span><span style=\"font-size: large;\">In Italia l\u2019articolo 842 del Codice civile permette a terzi di cacciare in terreni privati anche senza l\u2019autorizzazione dei proprietari. Tuttavia sia la legge nazionale 157\/1992 che quella regionale, la 50\/1993, consentono a questi proprietari di ottenere il divieto di caccia, facendo richiesta entro 30 giorni dall\u2019approvazione di un nuovo piano faunistico-venatorio, che per\u00f2 in Veneto manca ormai dal 2007. <em>&#8220;Sono quindi 13 anni che, a causa della proroga, questo diritto viene negato; un lasso di tempo inaccettabile. Abbiamo cos\u00ec proposto che ci sia comunque la possibilit\u00e0 di chiedere lo stop all\u2019attivit\u00e0 venatoria nei propri fondi, per ripristinare una situazione di normalit\u00e0\u201d, spiega Zanoni, illustrando l\u2019emendamento.<\/em> <em>Se si proroga un provvedimento per tutelare i diritti degli uni, crediamo sia giusto difendere anche i diritti degli altri&#8221;<\/em>.\u00a0<\/span><\/p>\n<p>&nbsp;<\/p>\n<p>&nbsp;<\/p>\n<p>&nbsp;<\/p>\n<hr \/>\n<p>&nbsp;<\/p>\n<blockquote>\n<h3>DAL CENTRO DIURNO LA VIA DEL QUADRO<\/h3>\n<\/blockquote>\n<p><strong>FELTRE<\/strong> <span style=\"font-family: Times New Roman, serif;\"><span style=\"font-size: medium;\"><span style=\"font-family: Calibri, serif;\">Si chiama \u201cLa Via del Quadro\u201d ed \u00e8 un&#8217;iniziativa promossa dal Centro Diurno Via Medaglie d&#8217;Oro Ulss 1 Dolomiti. Si tratta di una mostra di quadri per le vie della citt\u00e0 di Feltre che intende valorizzare le opere realizzate dai giovani che frequentano il Centro. <\/span><\/span><\/span><span style=\"font-family: Times New Roman, serif;\"><span style=\"font-size: medium;\"><span style=\"font-family: Calibri, serif;\">Sono dipinti che esprimono tutta la loro \u201cemotivit\u00e0 colorata\u201d, a volte con tinte tenui e pennellate delicate, spesso con una vera e propria esplosione di colori accostati tra loro con scelte singolari e assolutamente personali. <\/span><\/span><\/span><span style=\"font-family: Times New Roman, serif;\"><span style=\"font-size: medium;\"><span style=\"font-family: Calibri, serif;\">Ognuno con il proprio tratto, la propria spontaneit\u00e0 e la propria personalit\u00e0. <\/span><\/span><\/span><span style=\"font-family: Times New Roman, serif;\"><span style=\"font-size: medium;\"><span style=\"font-family: Calibri, serif;\">Alcuni di questi lavori sono stati realizzati dai ragazzi anche nelle proprie case durante il lungo periodo del \u201clockdown\u201d di questa primavera per l&#8217;emergenza Covid-19, sostenuti a distanza dagli operatori che hanno procurato loro supporti e materiali. <\/span><\/span><\/span><span style=\"font-family: Times New Roman, serif;\"><span style=\"font-size: medium;\"><span style=\"font-family: Calibri, serif;\">Alcuni negozi hanno gi\u00e0 aderito all\u2019iniziativa, esponendo nelle proprie vetrine i lavori dei ragazzi, <\/span><span style=\"font-family: Calibri, serif;\">contribuendo a gratificare sia i \u201cpittori\u201d che le loro famiglie, con la speranza che anche in questa occasione tali opere riscuotano lo stesso successo e gli stessi apprezzamenti, cos\u00ec come in altre mostre realizzate dal Centro Diurno nel passato.<\/span><\/span><\/span><\/p>\n\n\t\t\t<style type='text\/css'>\n\t\t\t\t#gallery-5 {\n\t\t\t\t\tmargin: auto;\n\t\t\t\t}\n\t\t\t\t#gallery-5 .gallery-item {\n\t\t\t\t\tfloat: left;\n\t\t\t\t\tmargin-top: 10px;\n\t\t\t\t\ttext-align: center;\n\t\t\t\t\twidth: 20%;\n\t\t\t\t}\n\t\t\t\t#gallery-5 img {\n\t\t\t\t\tborder: 2px solid #cfcfcf;\n\t\t\t\t}\n\t\t\t\t#gallery-5 .gallery-caption {\n\t\t\t\t\tmargin-left: 0;\n\t\t\t\t}\n\t\t\t\t\/* see gallery_shortcode() in wp-includes\/media.php *\/\n\t\t\t<\/style>\n\t\t<div id='gallery-5' class='dt-gallery-container gallery galleryid-174853 gallery-columns-5 gallery-size-thumbnail'><dl class='gallery-item'>\n\t\t\t\t<dt class='gallery-icon portrait'>\n\t\t\t\t\t<a class=\"rollover rollover-zoom dt-pswp-item\" title=\"manifesto\" data-dt-img-description=\"\" data-large_image_width=\"1406\" data-large_image_height=\"2015\"href='https:\/\/www.radiopiu.net\/wordpress\/wp-content\/uploads\/2020\/11\/manifesto-1.jpg'><img loading=\"lazy\" decoding=\"async\" width=\"150\" height=\"150\" src=\"https:\/\/www.radiopiu.net\/wordpress\/wp-content\/uploads\/2020\/11\/manifesto-1-150x150.jpg\" class=\"attachment-thumbnail size-thumbnail\" alt=\"\" \/><\/a>\n\t\t\t\t<\/dt><\/dl><dl class='gallery-item'>\n\t\t\t\t<dt class='gallery-icon landscape'>\n\t\t\t\t\t<a class=\"rollover rollover-zoom dt-pswp-item\" title=\"IMG-20201111-WA0014\" data-dt-img-description=\"\" data-large_image_width=\"1600\" data-large_image_height=\"1200\"href='https:\/\/www.radiopiu.net\/wordpress\/wp-content\/uploads\/2020\/11\/IMG-20201111-WA0014-1.jpg'><img loading=\"lazy\" decoding=\"async\" width=\"150\" height=\"150\" src=\"https:\/\/www.radiopiu.net\/wordpress\/wp-content\/uploads\/2020\/11\/IMG-20201111-WA0014-1-150x150.jpg\" class=\"attachment-thumbnail size-thumbnail\" alt=\"\" \/><\/a>\n\t\t\t\t<\/dt><\/dl><dl class='gallery-item'>\n\t\t\t\t<dt class='gallery-icon landscape'>\n\t\t\t\t\t<a class=\"rollover rollover-zoom dt-pswp-item\" title=\"OLYMPUS DIGITAL CAMERA\" data-dt-img-description=\"\" data-large_image_width=\"1109\" data-large_image_height=\"571\"href='https:\/\/www.radiopiu.net\/wordpress\/wp-content\/uploads\/2020\/11\/PA272139-1.jpg'><img loading=\"lazy\" decoding=\"async\" width=\"150\" height=\"150\" src=\"https:\/\/www.radiopiu.net\/wordpress\/wp-content\/uploads\/2020\/11\/PA272139-1-150x150.jpg\" class=\"attachment-thumbnail size-thumbnail\" alt=\"\" \/><\/a>\n\t\t\t\t<\/dt><\/dl><dl class='gallery-item'>\n\t\t\t\t<dt class='gallery-icon portrait'>\n\t\t\t\t\t<a class=\"rollover rollover-zoom dt-pswp-item\" title=\"IMG20201030103239\" data-dt-img-description=\"\" data-large_image_width=\"1500\" data-large_image_height=\"2000\"href='https:\/\/www.radiopiu.net\/wordpress\/wp-content\/uploads\/2020\/11\/IMG20201030103239-1.jpg'><img loading=\"lazy\" decoding=\"async\" width=\"150\" height=\"150\" src=\"https:\/\/www.radiopiu.net\/wordpress\/wp-content\/uploads\/2020\/11\/IMG20201030103239-1-150x150.jpg\" class=\"attachment-thumbnail size-thumbnail\" alt=\"\" \/><\/a>\n\t\t\t\t<\/dt><\/dl><dl class='gallery-item'>\n\t\t\t\t<dt class='gallery-icon portrait'>\n\t\t\t\t\t<a class=\"rollover rollover-zoom dt-pswp-item\" title=\"OLYMPUS DIGITAL CAMERA\" data-dt-img-description=\"\" data-large_image_width=\"753\" data-large_image_height=\"1155\"href='https:\/\/www.radiopiu.net\/wordpress\/wp-content\/uploads\/2020\/11\/PA282095-1.jpg'><img loading=\"lazy\" decoding=\"async\" width=\"150\" height=\"150\" src=\"https:\/\/www.radiopiu.net\/wordpress\/wp-content\/uploads\/2020\/11\/PA282095-1-150x150.jpg\" class=\"attachment-thumbnail size-thumbnail\" alt=\"\" \/><\/a>\n\t\t\t\t<\/dt><\/dl><br style=\"clear: both\" \/>\n\t\t\t<\/div>\n\n<p>&nbsp;<\/p>\n<p>&nbsp;<\/p>\n<hr \/>\n<blockquote>\n<h3><\/h3>\n<h3>VIOLENZA SULLE DONNE: DOMANI IL CONVEGNO A PONTE NELLE ALPI<\/h3>\n<\/blockquote>\n<p><strong><a href=\"https:\/\/www.radiopiu.net\/wordpress\/giornale-radiopiu-26-novembre-2020-direttore-mirko-mezzacasa\/locandina_convegno\/\" rel=\"attachment wp-att-174919\"><img loading=\"lazy\" decoding=\"async\" class=\"size-medium wp-image-174919 alignleft\" src=\"https:\/\/www.radiopiu.net\/wordpress\/wp-content\/uploads\/2020\/11\/Locandina_convegno-212x300.jpg\" alt=\"\" width=\"212\" height=\"300\" srcset=\"https:\/\/www.radiopiu.net\/wordpress\/wp-content\/uploads\/2020\/11\/Locandina_convegno-212x300.jpg 212w, https:\/\/www.radiopiu.net\/wordpress\/wp-content\/uploads\/2020\/11\/Locandina_convegno-724x1024.jpg 724w, https:\/\/www.radiopiu.net\/wordpress\/wp-content\/uploads\/2020\/11\/Locandina_convegno-768x1086.jpg 768w, https:\/\/www.radiopiu.net\/wordpress\/wp-content\/uploads\/2020\/11\/Locandina_convegno-1086x1536.jpg 1086w, https:\/\/www.radiopiu.net\/wordpress\/wp-content\/uploads\/2020\/11\/Locandina_convegno.jpg 1240w\" sizes=\"auto, (max-width: 212px) 100vw, 212px\" \/><\/a>PONTE NELLE ALPI\u00a0 <\/strong>Un c<span style=\"color: #000000; font-family: Helvetica;\">onvegno, organizzato dal Comune di Ponte nelle Alpi con la partecipazione del Centro Antiviolenza BellunoDonna, la Biblioteca civica e la Commissione Pari opportunit\u00e0: si intitola \u201cDuemilaventi e la violenza contro le donne: una questione aperta\u201d.\u00a0 Sar\u00e0 online, in diretta streaming su Youtube (canale comunePNA). <\/span><span style=\"color: #000000; font-family: Helvetica;\">L&#8217;appuntamento \u00e8 per domani, alle 20.30: in questa occasione, grazie al Centro Antiviolenza, verranno messi in luce i dati, ma anche le analisi su un fenomeno purtroppo ancora diffuso anche su scala provinciale.\u00a0<\/span><span style=\"color: #000000; font-family: Helvetica;\">La relatrice \u00e8 Anna Cubattoli (presidente di BellunoDonna), mentre al convegno interverranno pure il sindaco Paolo Vendramini, Flavia Monego (consigliera di Parit\u00e0 provinciale) e Sabrina Dassi\u00e8 (consigliera alle Pari opportunit\u00e0 del Comune di Ponte nelle Alpi). <\/span><span style=\"color: #000000; font-family: Helvetica;\">\u00a0Con la stessa Anna Cubattoli, inoltre, il Comune sta pensando di dare continuit\u00e0 agli incontri dedicati alla prevenzione e al contrasto della violenza di genere, nel 2021. E di sviluppare nuove iniziative. <\/span><span style=\"color: #000000; font-family: Helvetica;\">Nel frattempo, spazio all&#8217;approfondimento di domani. E anche al video dedicato alla campagna \u201cduemilaventima#laviolenzanonsiferma\u201d: il filmato \u00e8 composto da una decina di volantini digitali che descrivono le varie tipologie di violenza domestica a cui tante donne, ancora oggi, sono sottoposte.\u00a0<\/span><span style=\"color: #000000; font-family: Helvetica;\">Lo stesso video sar\u00e0 pubblicato sui canali social del Comune e sul terminale nell&#8217;atrio d&#8217;ingresso del municipio. Inoltre, \u00e8 stato chiesto ad alcune attivit\u00e0 locali, dotate di un monitor, di aderire alla campagna trasmettendo per alcuni giorni il filmato.\u00a0<\/span><\/p>\n<p>&nbsp;<\/p>\n<p>&nbsp;<\/p>\n<hr \/>\n<p>&nbsp;<\/p>\n<blockquote>\n<h3>\u201cVOGLIAMO PARLARCI?\u201d: AL VIA UNO SPORTELLO DI ASCOLTO PER GENITORI DI RAGAZZI CON DISTURBI DELL\u2019APPRENDIMENTO<\/h3>\n<\/blockquote>\n<p><strong><a href=\"https:\/\/www.radiopiu.net\/wordpress\/omaggi-a-feltre-dallalto\/94e3b68b-d386-4f94-8aa8-30105c25932b\/\" rel=\"attachment wp-att-145789\"><img loading=\"lazy\" decoding=\"async\" class=\"size-medium wp-image-145789 alignleft\" src=\"https:\/\/www.radiopiu.net\/wordpress\/wp-content\/uploads\/2020\/06\/94e3b68b-d386-4f94-8aa8-30105c25932b-300x225.jpg\" alt=\"\" width=\"300\" height=\"225\" srcset=\"https:\/\/www.radiopiu.net\/wordpress\/wp-content\/uploads\/2020\/06\/94e3b68b-d386-4f94-8aa8-30105c25932b-300x225.jpg 300w, https:\/\/www.radiopiu.net\/wordpress\/wp-content\/uploads\/2020\/06\/94e3b68b-d386-4f94-8aa8-30105c25932b-768x576.jpg 768w, https:\/\/www.radiopiu.net\/wordpress\/wp-content\/uploads\/2020\/06\/94e3b68b-d386-4f94-8aa8-30105c25932b.jpg 960w\" sizes=\"auto, (max-width: 300px) 100vw, 300px\" \/><\/a>FELTRE\u00a0<\/strong>Sar\u00e0 attivo dal 1 dicembre prossimo <i>\u201cVogliamo parlarci?\u201d<\/i>, uno sportello d\u2019ascolto (esclusivamente) per genitori di ragazzi con disturbi dell\u2019apprendimento (DSA \u2013 BES) che frequentano le scuole medie e sono residenti nei Comuni di Feltre, Borgo Valbelluna, Arsi\u00e8, Cesiomaggiore, Fonzaso, Lamon, Pedavena, Santa Giustina, Unione Setteville. Lo sportello \u00e8 completamente gratuito. Nel giorno e orario concordato con la segreteria di <i>Gianburrasca Onlus, <\/i>che gestisce il servizio<i>,<\/i> i genitori potranno confrontarsi online, per un massimo di 3 appuntamenti da mezz\u2019ora ciascuno, con il Dott. Uberto Zuccardi Merli, Direttore Scientifico di questa Associazione specializzata proprio nell\u2019affrontare i disturbi dell\u2019apprendimento nell\u2019et\u00e0 evolutiva.\u00a0 Lo sportello \u00e8 gratuito, ma i posti sono limitati. La partecipazione sar\u00e0 dunque in ordine cronologico di richiesta fino ad esaurimento disponibilit\u00e0. Per iscriversi \u00e8 necessario inviare una mail a info@gianburrasca.org.<\/p>\n<p>&nbsp;<\/p>\n<p>&nbsp;<\/p>\n<hr \/>\n<p>&nbsp;<\/p>\n<blockquote>\n<h3>LA DE LUCA ABBANDONA IL CONSIGLIO COMUNALE, ENTRA ZALTRON<\/h3>\n<\/blockquote>\n<div class=\"articlePlainText\"><strong><a href=\"https:\/\/www.radiopiu.net\/wordpress\/giornale-radiopiu-24-novembre-2020-direttore-mirko-mezzacasa\/download-1012\/\" rel=\"attachment wp-att-174691\"><img loading=\"lazy\" decoding=\"async\" class=\"size-full wp-image-174691 alignleft\" src=\"https:\/\/www.radiopiu.net\/wordpress\/wp-content\/uploads\/2020\/11\/download-22.jpg\" alt=\"\" width=\"200\" height=\"200\" srcset=\"https:\/\/www.radiopiu.net\/wordpress\/wp-content\/uploads\/2020\/11\/download-22.jpg 200w, https:\/\/www.radiopiu.net\/wordpress\/wp-content\/uploads\/2020\/11\/download-22-150x150.jpg 150w\" sizes=\"auto, (max-width: 200px) 100vw, 200px\" \/><\/a>AGORDO <\/strong>Zaltron al posto di De Luca. Il consiglio comunale di Agordo, convocato per oggi alle 19 dal sindaco Roberto Chissal\u00e8 e inizier\u00e0 con questo avvicendamento nelle fila della minoranza. A seguire il consiglio approver\u00e0 delle variazioni al bilancio di previsione. Verr\u00e0 poi approvata la convenzione tra Comuni sotto i 5 mila abitanti per un piano dei fabbisogni e un progetto per la trasformazione digitale dei servizi ai cittadini. Il consiglio dar\u00e0 poi l&#8217;ok all&#8217;acquisizione al patrimonio comunale di due tratti stradali lungo l&#8217;ex sp 347 del passo Cereda e passo Duran e lungo la ex sr 203 Agordina. Infine verr\u00e0 approvata la variante al Prg in adeguamento alla legge regionale 14\/2007 per l&#8217;istituzione del registro comunale per i crediti edilizi.<\/div>\n<div><\/div>\n<p><strong>di GIANNI SANTOMASO<\/strong><\/p>\n<audio class=\"wp-audio-shortcode\" id=\"audio-174853-7\" preload=\"none\" style=\"width: 100%;\" controls=\"controls\"><source type=\"audio\/mpeg\" src=\"https:\/\/www.radiopiu.net\/wordpress\/wp-content\/uploads\/2020\/11\/gianni-zaltron.mp3?_=7\" \/><a href=\"https:\/\/www.radiopiu.net\/wordpress\/wp-content\/uploads\/2020\/11\/gianni-zaltron.mp3\">https:\/\/www.radiopiu.net\/wordpress\/wp-content\/uploads\/2020\/11\/gianni-zaltron.mp3<\/a><\/audio>\n<p>&nbsp;<\/p>\n<hr \/>\n<p>&nbsp;<\/p>\n<blockquote>\n<h3><\/h3>\n<h3>SABATO MATTINA\u00a0 DA VARIAZIONI AL BILANCIO<\/h3>\n<\/blockquote>\n<p><strong>COLLE SANTA LUCIA<\/strong> Il sindaco Paolo Frena ha convocato il consiglio comunale per sabato alle 8. 7 i punti all&#8217;ordine del giorno tra cui la settima e l&#8217;ottava variazione al bilancio di previsione 2020\/2022 e la nomina dei rappresentanti presso l&#8217;associazione &#8220;Colle Santa Lucia &#8211; Dolomiti&#8221;.<\/p>\n<p>&nbsp;<\/p>\n<p>&nbsp;<\/p>\n<hr \/>\n<p>&nbsp;<\/p>\n<blockquote>\n<h3>A CANALE IL CONSIGLIO COMUNALE SABATO ALLE 11<\/h3>\n<\/blockquote>\n<p><strong>CANALE D&#8217;AGORDO<\/strong> Il sindaco di Canale D&#8217;Agordo Flavio Colecegnan ha convocato il consiglio comunale per sabato mattina alle 11. 5 i punti da discutere tra cui la variazione al bilancio, il rinnovo della convenzione con l&#8217;Unione Montana Agordina\u00a0 sul SIRAP e il progetto della trasformazione dei servizi ai cittadini in digitale<\/p>\n<p>&nbsp;<\/p>\n<p>&nbsp;<\/p>\n<hr \/>\n<p>&nbsp;<\/p>\n<blockquote>\n<h3>A GOSALDO LA PRIMA VARIAZIONE DI BILANCIO PER DA ZANCHE<\/h3>\n<\/blockquote>\n<p><strong>GOSALDO<\/strong> Il sindaco di Gosaldo Stefano Da Zanche ha convocato il consiglio comunale per domani alle 18. 8 i punti all&#8217;ordine del giorno tra cui la variazione al bilancio 2020\/2022, l&#8217;approvazione della convenzione con l&#8217;Unione Montana Agordina per il SIRAP e il progetto della trasformazione dei servizi ai cittadini in digitale<\/p>\n<p>&nbsp;<\/p>\n<p>&nbsp;<\/p>\n<hr \/>\n<p>&nbsp;<\/p>\n<blockquote>\n<h3>A TAIBON IL VOLONTARIATO NELLA PUBBLICA UTILITA&#8217;<\/h3>\n<\/blockquote>\n<p><strong>TAIBON <\/strong>Consiglio comunale a Taibon convocato dal sindaco\u00a0SIlvia Tormen domani sera alle 20. 10 i punti su cui discutere, tra questi una variazione al bilancio, l&#8217;approvazione del regolamento per l&#8217;utilizzo di volontari per scopi di pubblica utilit\u00e0 e il progetto della trasformazione dei servizi ai cittadini in digitale.<\/p>\n<p>&nbsp;<\/p>\n<p>&nbsp;<\/p>\n<hr \/>\n<p>&nbsp;<\/p>\n<blockquote>\n<h3>DOMANI \u00a0A SAN TOMASO LA SURROGA DEL CONSIGLIERE USCENTE<\/h3>\n<\/blockquote>\n<p><strong>SAN TOMASO\u00a0<\/strong> Il sindaco di San Tomaso Moreno De Val ha convocato il consiglio comunale per domani alle 20. 5 i punti all&#8217;ordine del giorno. Dimissioni di un consigliere e relativa surroga,\u00a0 rinnovo della convenzione con l&#8217;Unione Montana Agordina\u00a0 sul SIRAP<\/p>\n<p>&nbsp;<\/p>\n<hr \/>\n<p>&nbsp;<\/p>\n<blockquote>\n<h3>CONSIGLIO COMUNALE DA &#8220;BORGO PIU&#8217; BELLO D&#8217;ITALIA&#8221;<\/h3>\n<\/blockquote>\n<p><strong>ROCCA PIETORE<\/strong> Il sindaco di Rocca Pietore Andrea De Bernardin ha convocato il consiglio comunale per luned\u00ec alle 17. Cinque i punti da discutere. Ottava, nona e decima variazione al bilancio e l&#8217;assegnazione dei fondi derivanti dal ricoveri found per la valorizzazione economica, sociale e turistica dei borghi pi\u00f9 belli d&#8217;Italia.<\/p>\n<p>&nbsp;<\/p>\n<p>&nbsp;<\/p>\n<hr \/>\n<p>&nbsp;<\/p>\n<blockquote>\n<h3>LUNEDI&#8217; IL CONSIGLIO COMUNALE A LIVINALLONGO<\/h3>\n<\/blockquote>\n<p><strong>LIVINALLONGO<\/strong> Il sindaco di Livinallongo Leandro Grones ha convocato il consiglio comunale per luned\u00ec alle 17. Tra i punti in discussione la decima variazione al bilancio, il nuovo regolamento del Museo Etnografico Ladino Fodom, alienazione terreni comunali in localit\u00e0 Livin\u00e8 e le risposte a due interrogazioni riguardanti la casa di riposo Villa San Giuseppe.<\/p>\n<p>&nbsp;<\/p>\n<p>&nbsp;<\/p>\n<hr \/>\n<p>&nbsp;<\/p>\n<blockquote>\n<h3>\u00a0A FALCADE\u00a0 IN DISCUSSIONE ANCHE IL REGOLAMENTO DELLE ENTRATE<\/h3>\n<\/blockquote>\n<p><strong>FALCADE<\/strong> Lunedi 30 novembre alle 18 consiglio comunale in videoconferenza (anche sui canali di RADIO PIU). In discussione il prelievo dal fondo di riserva; bilancio consolidato; variazione al bilancio, regolamento delle entrate e approvazione convenzione tra i Comuni sotto i 5 mila abitanti, piano dei fabbisogno, progetto per la trasformazione digitale dei servizi al cittadino.<\/p>\n<p>&nbsp;<\/p>\n<hr \/>\n<p>&nbsp;<\/p>\n<blockquote>\n<h3>CONSIGLIO DELL&#8217;UNIONE MONTANA AGORDINA IN VIDEOCONFERENZA LUNEDI&#8217; SERA<\/h3>\n<\/blockquote>\n<p><strong>AGORDO<\/strong> Il presidente dell&#8217;Unione Montana Agordina Michele Costa ha convocato, in videoconferenza, il consiglio per luned\u00ec sera alle 20. In programma la presa d&#8217;atto dei nuovi rappresentati dei comuni di Colle Santa Lucia, Gosaldo e Voltago dopo l&#8217;ultima tornata elettorale, una variazione al bilancio e il rinnovo della convenzione SIRAP con i comuni.<\/p>\n<p>&nbsp;<\/p>\n<p>&nbsp;<\/p>\n<hr \/>\n<p>&nbsp;<\/p>\n<blockquote>\n<h3>SAN NICOLO\u2019 ARRIVA SABATO 5 DICEMBRE A LONGARONE<\/h3>\n<\/blockquote>\n<p><strong>LONGARONE <\/strong>L\u2019Amministrazione Comunale, unitamente all\u2019Associazione Pro Loco di Longarone, vuole regalare un momento di spensieratezza ai pi\u00f9 piccini.\u00a0 Sabato, dalle 15 alle 17, l\u2019anfiteatro della chiesa di Longarone accoglier\u00e0 San Nicol\u00f2 che, aiutato dai suoi preziosi amici, far\u00e0 una pausa dal suo peregrinare per la consegna dei regali e si intratterr\u00e0 coi bimbi e i loro genitori. Nel rispetto della normativa vigente, l\u2019accesso all\u2019anfiteatro della chiesa avverr\u00e0 a piccoli gruppi, in modo da poter mantenere le distanze tra i nuclei famigliari. Ciascun gruppo si intratterr\u00e0 per circa 15 minuti. Ricordiamo che i bambini possono da subito scrivere le loro letterine a San Nicol\u00f2 e imbucarle nella cassetta che sar\u00e0 posizionata sotto il portico della sede della Pro Loco.\u00a0 Se un bambino desidera parlare direttamente con San Nicol\u00f2, lo pu\u00f2 chiamare al numero: 377.1944359 nelle giornate di gioved\u00ec 3 e venerd\u00ec 4 dicembre, dalle 18.30 alle 20.<\/p>\n<p>&nbsp;<\/p>\n<p>&nbsp;<\/p>\n<hr \/>\n<p>&nbsp;<\/p>\n<blockquote>\n<h3>ACQUAVIVIA, IL DOCU-FILM SU GLI ARTIGIANI DEL MIS<\/h3>\n<\/blockquote>\n<p><strong><a href=\"https:\/\/www.radiopiu.net\/wordpress\/giornale-radiopiu-26-novembre-2020-direttore-mirko-mezzacasa\/schermata-2020-10-21-alle-12-21-35\/\" rel=\"attachment wp-att-174929\"><img loading=\"lazy\" decoding=\"async\" class=\"size-medium wp-image-174929 alignleft\" src=\"https:\/\/www.radiopiu.net\/wordpress\/wp-content\/uploads\/2020\/11\/Schermata-2020-10-21-alle-12.21.35-300x169.jpg\" alt=\"\" width=\"300\" height=\"169\" srcset=\"https:\/\/www.radiopiu.net\/wordpress\/wp-content\/uploads\/2020\/11\/Schermata-2020-10-21-alle-12.21.35-300x169.jpg 300w, https:\/\/www.radiopiu.net\/wordpress\/wp-content\/uploads\/2020\/11\/Schermata-2020-10-21-alle-12.21.35-1024x576.jpg 1024w, https:\/\/www.radiopiu.net\/wordpress\/wp-content\/uploads\/2020\/11\/Schermata-2020-10-21-alle-12.21.35-768x432.jpg 768w, https:\/\/www.radiopiu.net\/wordpress\/wp-content\/uploads\/2020\/11\/Schermata-2020-10-21-alle-12.21.35.jpg 1323w\" sizes=\"auto, (max-width: 300px) 100vw, 300px\" \/><\/a>SOSPIROLO<\/strong>\u00a0Nell\u2019ambito della rassegna \u201cVeneto, Spettacoli di Mistero\u201d la Pro loco \u201cMonti del Sole\u201d di Sospirolo, con il patrocinio del Comune di Sospirolo, propone l\u2019inedito docufilm dal titolo \u201cAcqua Viva. La forza del Mis, l&#8217;ingegno degli uomini\u201d per la direzione artistica di Lorenzo Cassol. Sar\u00e0 visibile a tutti sabato alle 20.45 a partire dal sito\u00a0<a href=\"http:\/\/www.sospirolo.net\/\" target=\"_blank\" rel=\"noopener noreferrer\">www.sospirolo.net<\/a>. Esso \u00e8 dedicato agli artigiani e alle imprese sorte sulle rive del torrente Mis e dei suoi affluenti per sfruttare la forza motrice delle acque.\u00a0 \u00c8 stato realizzato anche un dvd che raccoglie, oltre al film, il diario delle riprese, l\u2019intervista (2003) al fabbro di Piz Alvio Brancaleone, \u201cStorie di Piz\u201d tratte dal bollettino parrocchiale di Gron e una cartina con l\u2019ubicazione delle attivit\u00e0 artigianali. Il dvd pu\u00f2 essere prenotato a <a>proloco@sospirolo.net<\/a>; 320 3342082.<\/p>\n<p>&nbsp;<\/p>\n<p>&nbsp;<\/p>\n<hr \/>\n<p>&nbsp;<\/p>\n<blockquote>\n<h3 style=\"text-align: left;\" align=\"CENTER\"><span style=\"font-family: Calibri, sans-serif;\"><b>24\u00b0 GIORNATA NAZIONALE DELLA COLLETTA ALIMENTARE: <\/b><\/span><b style=\"font-family: Calibri, sans-serif;\">QUEST\u2019ANNO LA SPESA SI FA CON LE CARD<\/b><\/h3>\n<\/blockquote>\n<p align=\"JUSTIFY\"><a href=\"https:\/\/www.radiopiu.net\/wordpress\/giornale-radiopiu-21-novembre-2020-direttore-mirko-mezzacasa\/colletta-alimentare-foto-2_volontario-2\/\" rel=\"attachment wp-att-174034\"><img loading=\"lazy\" decoding=\"async\" class=\" wp-image-174034 alignleft\" src=\"https:\/\/www.radiopiu.net\/wordpress\/wp-content\/uploads\/2020\/11\/Colletta-Alimentare-foto-2_volontario-2-300x200.jpg\" alt=\"\" width=\"212\" height=\"141\" srcset=\"https:\/\/www.radiopiu.net\/wordpress\/wp-content\/uploads\/2020\/11\/Colletta-Alimentare-foto-2_volontario-2-300x200.jpg 300w, https:\/\/www.radiopiu.net\/wordpress\/wp-content\/uploads\/2020\/11\/Colletta-Alimentare-foto-2_volontario-2-1024x683.jpg 1024w, https:\/\/www.radiopiu.net\/wordpress\/wp-content\/uploads\/2020\/11\/Colletta-Alimentare-foto-2_volontario-2-768x512.jpg 768w, https:\/\/www.radiopiu.net\/wordpress\/wp-content\/uploads\/2020\/11\/Colletta-Alimentare-foto-2_volontario-2.jpg 1179w\" sizes=\"auto, (max-width: 212px) 100vw, 212px\" \/><\/a>\u201c<span style=\"font-family: Calibri, sans-serif;\"><span style=\"font-size: small;\">Cambia la forma, non la sostanza\u201d della 24esima <\/span><\/span><span style=\"font-family: Calibri, sans-serif;\"><span style=\"font-size: small;\">Giornata Nazionale della Colletta Alimentare<\/span><\/span><span style=\"font-family: Calibri, sans-serif;\"><span style=\"font-size: small;\">: quest\u2019anno, <\/span><\/span><span style=\"font-family: Calibri, sans-serif;\"><span style=\"font-size: small;\">dal 21 novembre all\u20198 dicembre<\/span><\/span><span style=\"font-family: Calibri, sans-serif;\"><span style=\"font-size: small;\">, saranno disponibili presso le casse dei supermercati italiani delle \u201c<\/span><\/span><span style=\"font-family: Calibri, sans-serif;\"><span style=\"font-size: small;\">gift card\u201d da 2, 5 e 10 euro<\/span><\/span><span style=\"font-family: Calibri, sans-serif;\"><span style=\"font-size: small;\">. Al termine della Colletta, il valore complessivo di tutte le card sar\u00e0 convertito in prodotti alimentari non deperibili come pelati, legumi, alimenti per l\u2019infanzia, olio, pesce e carne in scatola e altri prodotti utili. Tutto sar\u00e0 consegnato alle sedi regionali del Banco Alimentare e distribuito, con le consuete modalit\u00e0, alle circa <\/span><\/span><span style=\"font-family: Calibri, sans-serif;\"><span style=\"font-size: small;\">8mila strutture caritative<\/span><\/span><span style=\"font-family: Calibri, sans-serif;\"><span style=\"font-size: small;\"> convenzionate che sostengono oltre <\/span><\/span><span style=\"font-family: Calibri, sans-serif;\"><span style=\"font-size: small;\">2.100.000 persone<\/span><\/span><span style=\"font-family: Calibri, sans-serif;\"><span style=\"font-size: small;\">. <\/span><\/span><span style=\"color: #000000;\"><span style=\"font-family: Calibri, sans-serif;\"><span style=\"font-size: small;\">Nel Veneto, negli ultimi 5 anni la Colletta Alimentare ha raccolto 3.333 tonnellate di prodotti alimentari, equivalenti a 6.666.764 pasti. Sono oltre 470 le strutture di carit\u00e0 sostenute dal Banco Alimentare del Veneto, con oltre 100.000 persone assistite.\u00a0 \u00a0 \u00a0 \u00a0 \u00a0\u00a0<\/span><\/span><\/span><\/p>\n<hr \/>\n<blockquote>\n<h3><\/h3>\n<h3><span style=\"font-family: Calibri, sans-serif;\"><span style=\"color: #222222;\"><span style=\"font-family: Arial, sans-serif;\">SCUOLA APERTA AI LICEI GALILEI-TIZIANO<\/span><\/span><\/span><\/h3>\n<\/blockquote>\n<p><span style=\"font-family: Calibri, sans-serif;\"><span style=\"color: #222222;\"><span style=\"font-family: Arial, sans-serif;\"><strong>BELLUNO<\/strong> S<\/span><\/span><span style=\"color: #222222;\"><span style=\"font-family: Arial, sans-serif;\">econdo dei cinque incontri di Scuola aperta per i Licei Galilei-Tiziano. La scorsa settimana sono stati presentati gli indirizzi scientifici dell\u2019Istituto ed ora \u00e8 la volta del Liceo Classico, <\/span><\/span><\/span><span style=\"font-family: Calibri, sans-serif;\"><span style=\"color: #222222;\"><span style=\"font-family: Arial, sans-serif;\">\u00a0gli incontri si terranno sabato alle 15 e sabato 16 gennaio sempre alle 15. <\/span><\/span><span style=\"color: #222222;\"><span style=\"font-family: Arial, sans-serif;\">Per il Liceo Galilei (indirizzi Scientifico ordinario e Scientifico opzione scienze applicate) venerd\u00ec 11 dicembre alle\u00a0 17 e sabato 9 gennaio alle 15.\u00a0<\/span><\/span><\/span><\/p>\n<p>&nbsp;<\/p>\n<p>&nbsp;<\/p>\n<p>&nbsp;<\/p>\n<hr \/>\n<h3><\/h3>\n<h3>FIBROMIALGIA: CON UN APP ACCANTO E&#8217; PIU&#8217; SEMPLICE<\/h3>\n<p><strong><a href=\"https:\/\/www.radiopiu.net\/wordpress\/fibromialgia-con-un-app-accanto-e-piu-semplice\/immagine-social\/\" rel=\"attachment wp-att-173397\"><img loading=\"lazy\" decoding=\"async\" class=\" wp-image-173397 alignleft\" src=\"https:\/\/www.radiopiu.net\/wordpress\/wp-content\/uploads\/2020\/11\/Immagine-social-300x300.jpg\" alt=\"\" width=\"115\" height=\"115\" srcset=\"https:\/\/www.radiopiu.net\/wordpress\/wp-content\/uploads\/2020\/11\/Immagine-social-300x300.jpg 300w, https:\/\/www.radiopiu.net\/wordpress\/wp-content\/uploads\/2020\/11\/Immagine-social-150x150.jpg 150w, https:\/\/www.radiopiu.net\/wordpress\/wp-content\/uploads\/2020\/11\/Immagine-social-768x768.jpg 768w, https:\/\/www.radiopiu.net\/wordpress\/wp-content\/uploads\/2020\/11\/Immagine-social.jpg 960w\" sizes=\"auto, (max-width: 115px) 100vw, 115px\" \/><\/a><br \/>\n<\/strong><\/p>\n<p><strong>\u00a0<\/strong><\/p>\n<p>&nbsp;<\/p>\n<p><strong>IL PROMO IN ONDA ALLA RADIO\u00a0<\/strong><\/p>\n<audio class=\"wp-audio-shortcode\" id=\"audio-174853-8\" preload=\"none\" style=\"width: 100%;\" controls=\"controls\"><source type=\"audio\/mpeg\" src=\"https:\/\/www.radiopiu.net\/wordpress\/wp-content\/uploads\/2020\/11\/Vocale-FibroMiaApp.mp3?_=8\" \/><a href=\"https:\/\/www.radiopiu.net\/wordpress\/wp-content\/uploads\/2020\/11\/Vocale-FibroMiaApp.mp3\">https:\/\/www.radiopiu.net\/wordpress\/wp-content\/uploads\/2020\/11\/Vocale-FibroMiaApp.mp3<\/a><\/audio>\n<p>&nbsp;<\/p>\n<p>&nbsp;<\/p>\n<hr \/>\n<p>&nbsp;<\/p>\n<h2><span style=\"color: #ff0000;\">IERI ALLA RADIO<\/span><\/h2>\n<h2><a href=\"https:\/\/www.radiopiu.net\/wordpress\/femca-cisl-domande-e-risposte-sullaccordo-luxottica\/femca-cisl\/\" rel=\"attachment wp-att-127312\"><img loading=\"lazy\" decoding=\"async\" class=\"size-full wp-image-127312 alignleft\" src=\"https:\/\/www.radiopiu.net\/wordpress\/wp-content\/uploads\/2020\/04\/FEMCA-CISL.png\" alt=\"\" width=\"225\" height=\"225\" srcset=\"https:\/\/www.radiopiu.net\/wordpress\/wp-content\/uploads\/2020\/04\/FEMCA-CISL.png 225w, https:\/\/www.radiopiu.net\/wordpress\/wp-content\/uploads\/2020\/04\/FEMCA-CISL-150x150.png 150w\" sizes=\"auto, (max-width: 225px) 100vw, 225px\" \/><\/a><span style=\"color: #008000;\">CISL LA VOCE DEI LAVORATORI &#8211; PUNTATA DEL 25 NOVEMBRE 2020<\/span><\/h2>\n<p>con Paolo Chissal\u00e8, FEMCA CISL Luxottica di Agordo<\/p>\n<audio class=\"wp-audio-shortcode\" id=\"audio-174853-9\" preload=\"none\" style=\"width: 100%;\" controls=\"controls\"><source type=\"audio\/mpeg\" src=\"https:\/\/www.radiopiu.net\/wordpress\/wp-content\/uploads\/2020\/11\/CISL-1.mp3?_=9\" \/><a href=\"https:\/\/www.radiopiu.net\/wordpress\/wp-content\/uploads\/2020\/11\/CISL-1.mp3\">https:\/\/www.radiopiu.net\/wordpress\/wp-content\/uploads\/2020\/11\/CISL-1.mp3<\/a><\/audio>\n<p>&nbsp;<\/p>\n<p>&nbsp;<\/p>\n<hr \/>\n<p>&nbsp;<\/p>\n<p>&nbsp;<\/p>\n<h2>JACOPO ODOARDI, MEDICO FELTRINO FRA GLI STUDIOSI DELLA \u201cPELLARINA\u201d di RENATO BONA<\/h2>\n<blockquote>\n<h2>la figura del medico feltrino Odoardi che studi\u00f2 la pellagra<\/h2>\n<\/blockquote>\n<p><strong>BELLUNO\u00a0<\/strong>Pellagra, nel Bellunese nota anche come \u201cpellarina\u201d. E\u2019 la malattia che colpisce chi si ciba quasi esclusivamente di polenta, come i braccianti dei campi, tanto da riconoscere il connubio pellagra-miseria e vedersi appioppare il nome di &#8220;male della miseria rurale&#8221;. Facendo ricerche telematiche e consultando varie altre fonti, abbiamo appreso che se ne occup\u00f2, nel Settecento, il medico feltrino Jacopo Odoardi al quale, non a caso, la citt\u00e0 di Feltre ha dedicato una piazzetta. Vediamo dunque di conoscere il personaggio. Jacopo venne alla luce a Feltre nel 1725 &#8211; si pu\u00f2 leggere nel prezioso libro \u201c90 profili di personaggi poco noti di una provincia da scoprire\u201d, di Paolo Conte e Marco Perale, edito da L\u2019Amico del Popolo nel 1999 e stampato dalla bellunese Tipografia Piave &#8211; in una famiglia di origine padovana che da tempo aveva una farmacia in via Mezzaterra\u201d. Ancora: \u201cPoco sappiamo degli anni della formazione scolastica avvenuta nella citt\u00e0 natale, formazione che comunque gli permise di iscriversi alla facolt\u00e0 di medicina a Padova. In questo ateneo, tra i docenti ebbe anche il professore Antonio Pujati che era stato medico primario a Feltre negli anni 1743-1754. Nella citt\u00e0 universitaria frequent\u00f2 gli ambienti scientifici e letterari divenendo noto al punto che nel 1746 fu associato alla locale Accademia dei \u2018Ricoverati\u2019. Ottenuta la laurea, Jacopo riprese la via di casa e, risiedendo a Feltre, si diede alla medicina pratica e ad altre ricerche. Ad esempio si interess\u00f2 delle malattie del bestiame, di geologia e botanica del territorio feltrino, di toponomastica&#8230; Negli anni 1755, \u201958, \u201963 pubblica raccolte di rime edite per matrimoni o commiati di personaggi importanti\u201d. E siamo al 1765 quando, vinto il concorso a primario, si trasfer\u00ec a Belluno con la moglie Rosa Alpago Novello la quale gli dette i due figli Lorenzo e Giuseppe. Evidentemente stimato, fu ammesso nell\u2019Accademia degli Anistamici i cui soci presentavano pubblicamente le loro ricerche poi date alle stampe. Il nostro lo fece nel 1764 quando parl\u00f2 su: \u201cDel rivivere che talor fanno gli annegati\u201d e in seguito \u201cDelle macchie del feto dette comunemente voglie\u201d e, nel 1772, \u201cDella cura di una Squinanzia (mal di gola) maligna del bestiame, del Cancro volante e del Vaiolo\u201d. Cinque anni prima aveva dato alle stampe a Venezia \u201cDe\u2019 corpi marini che nel feltrese distretto si trovano\u201d, dedicata ai fossili del luogo, pubblicazione che evidenziava come stesse sempre pi\u00f9 orientandosi verso la medicina veterinaria \u201cche muoveva i primi passi dopo che il medico francese Claude Bourgelat aveva fondato a Lione la prima scuola. Tramite lo stampatore bellunese Tissi, Odoardi annunci\u00f2 che avrebbe tradotto in italiano le opere del collega che le aveva stampate a Parigi nel 1769. Il 18 luglio del 1776 ad una seduta degli Anistamici, tenne una relazione sul tema: \u201cD\u2019una specie particolare di scorbuto\u201d cio\u00e8 sulla pellagra, relazione che, dedicata a Pujati al quale riconobbe il merito di avere iniziato lo studio della pellagra quando era a Feltre, e descrivendo la storia, spiegava come si manifestassero i sintomi, esaminandone le cause e proponendo i rimedi. Il 15 aprile 1784 &#8211; \u00e8 scritto in \u201c90 Profili\u201d &#8211; \u201cchiuse a Belluno la sua vita operosa consegnando alla storia della medicina scoperte e scritti importanti\u201d. Il primo medico italiano che descrive la malattia \u00e8 Francesco Frapolli, dell&#8217;ospedale Maggiore di Milano, nell&#8217;opuscolo &#8220;Animadversiones in morbum vulgo pellagram&#8221; edito a Milano, 1771. Ma se ne interessa anche l\u2019arte se \u00e8 vero che nel 1799 Goya (Francisco Jos\u00e9 de Goya y Lucientes) pubblica una serie di acquaforti chiamate &#8220;Los Caprichos&#8221;, la n.12 \u00e8 &#8220;A caza de dientes&#8221;. Mentre la Biblioteca civica di Belluno nel sito m.facebook.com ricorda che se ne occup\u00f2 anche un altro medico bellunese, infatti annota: \u201cLa raccolta ottobrina del grano assicurava al contadino la farina gialla, necessaria per preparare la polenta. Cucinata sul lar\u00ecn e servita ogni giorno due tre volte in tavola, la polenta era l\u2019alimento base in campagna. Purtroppo l\u2019esagerato uso del grano a scopo alimentare, in una dieta rurale povera di carne e priva delle necessarie proteine, favor\u00ec lo sviluppo della pellagra, la malattia della miseria che portava negli esiti finali anche alla demenza. Quanti poveri bellunesi finirono nel manicomio veneziano di S. Servolo a causa della pellagra, nonostante gli studi nel \u2018700 di Jacopo Odoardi e a fine \u2018800 di Luigi Alpago Novello! A importare il granoturco dal trevigiano fu, nel \u2018500, Odorico Piloni, padre dello storico Giorgio, ma a distribuire le sementi ai coloni provvide, nel secolo successivo, Benedetto Miari. Presto il grano soppiant\u00f2 il frumento diventando la principale fonte di sostentamento. Le sue radici profonde impoverivano il suolo, e dunque, scrive Antonio Bazolle, la pianta del mais \u2018conserv\u00f2 sempre la sua qualit\u00e0 di straniera perch\u00e9 essa qui non prospera e non produce, anzi non cresce n\u00e9 vive se non \u00e8 bene lavorata, o bene concimata\u2019. Bisognava preparare e concimare con cura il terreno: solo cos\u00ec nel 1880, dai campi ben ingrassati si potevano ricavare fino a 26 ettolitri di grano per ettaro, contro una media generale di circa 19\u201d.<\/p>\n\n\t\t\t<style type='text\/css'>\n\t\t\t\t#gallery-6 {\n\t\t\t\t\tmargin: auto;\n\t\t\t\t}\n\t\t\t\t#gallery-6 .gallery-item {\n\t\t\t\t\tfloat: left;\n\t\t\t\t\tmargin-top: 10px;\n\t\t\t\t\ttext-align: center;\n\t\t\t\t\twidth: 20%;\n\t\t\t\t}\n\t\t\t\t#gallery-6 img {\n\t\t\t\t\tborder: 2px solid #cfcfcf;\n\t\t\t\t}\n\t\t\t\t#gallery-6 .gallery-caption {\n\t\t\t\t\tmargin-left: 0;\n\t\t\t\t}\n\t\t\t\t\/* see gallery_shortcode() in wp-includes\/media.php *\/\n\t\t\t<\/style>\n\t\t<div id='gallery-6' class='dt-gallery-container gallery galleryid-174853 gallery-columns-5 gallery-size-thumbnail'><dl class='gallery-item'>\n\t\t\t\t<dt class='gallery-icon portrait'>\n\t\t\t\t\t<a class=\"rollover\" href='https:\/\/www.radiopiu.net\/wordpress\/jacopo-odoardi-medico-feltrino-fra-gli-studiosi-della-pellarina-di-renato-bona\/127541577_192424029153083_6320291798944614692_n\/'><img loading=\"lazy\" decoding=\"async\" width=\"150\" height=\"150\" src=\"https:\/\/www.radiopiu.net\/wordpress\/wp-content\/uploads\/2020\/11\/127541577_192424029153083_6320291798944614692_n-150x150.jpg\" class=\"attachment-thumbnail size-thumbnail\" alt=\"\" \/><\/a>\n\t\t\t\t<\/dt><\/dl><dl class='gallery-item'>\n\t\t\t\t<dt class='gallery-icon portrait'>\n\t\t\t\t\t<a class=\"rollover\" href='https:\/\/www.radiopiu.net\/wordpress\/jacopo-odoardi-medico-feltrino-fra-gli-studiosi-della-pellarina-di-renato-bona\/127271779_762455721007370_517600389070468140_n\/'><img loading=\"lazy\" decoding=\"async\" width=\"128\" height=\"150\" src=\"https:\/\/www.radiopiu.net\/wordpress\/wp-content\/uploads\/2020\/11\/127271779_762455721007370_517600389070468140_n-128x150.jpg\" class=\"attachment-thumbnail size-thumbnail\" alt=\"\" \/><\/a>\n\t\t\t\t<\/dt><\/dl><dl class='gallery-item'>\n\t\t\t\t<dt class='gallery-icon portrait'>\n\t\t\t\t\t<a class=\"rollover\" href='https:\/\/www.radiopiu.net\/wordpress\/jacopo-odoardi-medico-feltrino-fra-gli-studiosi-della-pellarina-di-renato-bona\/127243136_655399015128400_5562979657214363625_n\/'><img loading=\"lazy\" decoding=\"async\" width=\"150\" height=\"150\" src=\"https:\/\/www.radiopiu.net\/wordpress\/wp-content\/uploads\/2020\/11\/127243136_655399015128400_5562979657214363625_n-150x150.jpg\" class=\"attachment-thumbnail size-thumbnail\" alt=\"\" \/><\/a>\n\t\t\t\t<\/dt><\/dl><dl class='gallery-item'>\n\t\t\t\t<dt class='gallery-icon landscape'>\n\t\t\t\t\t<a class=\"rollover\" href='https:\/\/www.radiopiu.net\/wordpress\/jacopo-odoardi-medico-feltrino-fra-gli-studiosi-della-pellarina-di-renato-bona\/127657686_385655889415819_4363269396199488879_n\/'><img loading=\"lazy\" decoding=\"async\" width=\"150\" height=\"150\" src=\"https:\/\/www.radiopiu.net\/wordpress\/wp-content\/uploads\/2020\/11\/127657686_385655889415819_4363269396199488879_n-150x150.jpg\" class=\"attachment-thumbnail size-thumbnail\" alt=\"\" \/><\/a>\n\t\t\t\t<\/dt><\/dl><dl class='gallery-item'>\n\t\t\t\t<dt class='gallery-icon portrait'>\n\t\t\t\t\t<a class=\"rollover\" href='https:\/\/www.radiopiu.net\/wordpress\/jacopo-odoardi-medico-feltrino-fra-gli-studiosi-della-pellarina-di-renato-bona\/127223134_140674447418938_5790054962722675696_n\/'><img loading=\"lazy\" decoding=\"async\" width=\"150\" height=\"150\" src=\"https:\/\/www.radiopiu.net\/wordpress\/wp-content\/uploads\/2020\/11\/127223134_140674447418938_5790054962722675696_n-150x150.jpg\" class=\"attachment-thumbnail size-thumbnail\" alt=\"\" \/><\/a>\n\t\t\t\t<\/dt><\/dl><br style=\"clear: both\" \/>\n\t\t\t<\/div>\n\n<p>NELLE FOTO (riproduzione dal libro \u201c90 profili\u201d; Rete comuni italiani, Google, Libreria Piani): il frontespizio dell\u2019opera pi\u00f9 nota di Jacopo Odoardi; la piazzetta che gli \u00e8 stata intitolata a Feltre; una delle opere di Goya sulle conseguenze della pellagra; la copertina di una risposta del medico feltrino ad un collega; \u201cRiflessioni\u201d di Odoardi.<\/p>\n<p>&nbsp;<\/p>\n<p>&nbsp;<\/p>\n<p>&nbsp;<\/p>\n<hr \/>\n<p>&nbsp;<\/p>\n<div class=\"im_message_wrap clearfix\">\n<div class=\"im_content_message_wrap im_message_out\">\n<h2><span style=\"color: #ff0000;\">IERI ALLA RADIO\u00a0 IN VIVO VERSO 2020-21<\/span><\/h2>\n<p><strong><span style=\"color: #0000ff;\">IN ONDA DAL LUNEDI AL VENERDI ALLE 7.10, 10.10, 18.50\u00a0<\/span><\/strong><\/p>\n<blockquote class=\"wp-embedded-content\" data-secret=\"rfaku3eBsC\"><p><a href=\"https:\/\/www.radiopiu.net\/wordpress\/brindisi-di-sonia-pampanin\/\">BRINDISI di SONIA PAMPANIN<\/a><\/p><\/blockquote>\n<p><iframe loading=\"lazy\" class=\"wp-embedded-content\" sandbox=\"allow-scripts\" security=\"restricted\" style=\"position: absolute; clip: rect(1px, 1px, 1px, 1px);\" title=\"&#8220;BRINDISI di SONIA PAMPANIN&#8221; &#8212; Radio Pi\u00f9\" src=\"https:\/\/www.radiopiu.net\/wordpress\/brindisi-di-sonia-pampanin\/embed\/#?secret=rfaku3eBsC\" data-secret=\"rfaku3eBsC\" width=\"600\" height=\"338\" frameborder=\"0\" marginwidth=\"0\" marginheight=\"0\" scrolling=\"no\"><\/iframe><\/p>\n<\/div>\n<\/div>\n<h1><strong><span style=\"font-family: Verdana, sans-serif;\"><span style=\"font-size: medium;\">LA RACCOLTA COMPLETA, TUTTE LE COLLEZIONI<\/span><\/span><\/strong><\/h1>\n<blockquote class=\"wp-embedded-content\" data-secret=\"EwRJx3DnUZ\"><p><a href=\"https:\/\/www.radiopiu.net\/wordpress\/in-vivo-verso\/\">In Vivo Verso<\/a><\/p><\/blockquote>\n<p><iframe loading=\"lazy\" class=\"wp-embedded-content\" sandbox=\"allow-scripts\" security=\"restricted\" style=\"position: absolute; clip: rect(1px, 1px, 1px, 1px);\" title=\"&#8220;In Vivo Verso&#8221; &#8212; Radio Pi\u00f9\" src=\"https:\/\/www.radiopiu.net\/wordpress\/in-vivo-verso\/embed\/#?secret=EwRJx3DnUZ\" data-secret=\"EwRJx3DnUZ\" width=\"600\" height=\"338\" frameborder=\"0\" marginwidth=\"0\" marginheight=\"0\" scrolling=\"no\"><\/iframe><\/p>\n<hr \/>\n<p>&nbsp;<\/p>\n<h2>007 IN CONDOTTA CON LA PROF. MARIA ROSA SALMAZO IL LUNEDI ALLE 10,30 E ALLE 19.00 LA DOMENICA ALLE 8 DEL MATTINO. NONA STAGIONE<\/h2>\n<h2>LA RACCOLTA COMPLETA<\/h2>\n<blockquote class=\"wp-embedded-content\" data-secret=\"YK5VLgYqhH\"><p><a href=\"https:\/\/www.radiopiu.net\/wordpress\/007incondotta-9\/\">007 in condotta<\/a><\/p><\/blockquote>\n<p><iframe loading=\"lazy\" class=\"wp-embedded-content\" sandbox=\"allow-scripts\" security=\"restricted\" style=\"position: absolute; clip: rect(1px, 1px, 1px, 1px);\" title=\"&#8220;007 in condotta&#8221; &#8212; Radio Pi\u00f9\" src=\"https:\/\/www.radiopiu.net\/wordpress\/007incondotta-9\/embed\/#?secret=YK5VLgYqhH\" data-secret=\"YK5VLgYqhH\" width=\"600\" height=\"338\" frameborder=\"0\" marginwidth=\"0\" marginheight=\"0\" scrolling=\"no\"><\/iframe><\/p>\n<p>&nbsp;<\/p>\n<hr \/>\n<p>&nbsp;<\/p>\n<blockquote>\n<h2>SALUTE E SOCIETA&#8217; IL LUNEDI ALLE 13.10 E ALLE 20.10, LA DOMENICA ALLE 10.30 A CURA DEL DOTTOR MARCO CARACCIOLO. QUINTA STAGIONE<\/h2>\n<\/blockquote>\n<h3>LA RACCOLTA COMPLETA<\/h3>\n<blockquote class=\"wp-embedded-content\" data-secret=\"xuxmpFsVSt\"><p><a href=\"https:\/\/www.radiopiu.net\/wordpress\/saluteesocieta\/\">Salute e Societ\u00e0<\/a><\/p><\/blockquote>\n<p><iframe loading=\"lazy\" class=\"wp-embedded-content\" sandbox=\"allow-scripts\" security=\"restricted\" style=\"position: absolute; clip: rect(1px, 1px, 1px, 1px);\" title=\"&#8220;Salute e Societ\u00e0&#8221; &#8212; Radio Pi\u00f9\" src=\"https:\/\/www.radiopiu.net\/wordpress\/saluteesocieta\/embed\/#?secret=xuxmpFsVSt\" data-secret=\"xuxmpFsVSt\" width=\"600\" height=\"338\" frameborder=\"0\" marginwidth=\"0\" marginheight=\"0\" scrolling=\"no\"><\/iframe><\/p>\n<hr \/>\n<blockquote>\n<h2><\/h2>\n<h2>FANTASTICHE DOLOMITI, NUOVA STAGIONE. APPUNTAMENTO QUINDICINALE IL GIOVEDI ALLE 10.30 E 1900<\/h2>\n<\/blockquote>\n<h1>LA RACCOLTA COMPLETA<\/h1>\n<blockquote class=\"wp-embedded-content\" data-secret=\"rR8iH6hAv7\"><p><a href=\"https:\/\/www.radiopiu.net\/wordpress\/https-wp-me-p63lo7-gyg\/\">FANTASTICHE DOLOMITI: IL QUINDICINALE APPUNTAMENTO ALLA RADIO<\/a><\/p><\/blockquote>\n<p><iframe loading=\"lazy\" class=\"wp-embedded-content\" sandbox=\"allow-scripts\" security=\"restricted\" style=\"position: absolute; clip: rect(1px, 1px, 1px, 1px);\" title=\"&#8220;FANTASTICHE DOLOMITI: IL QUINDICINALE APPUNTAMENTO ALLA RADIO&#8221; &#8212; Radio Pi\u00f9\" src=\"https:\/\/www.radiopiu.net\/wordpress\/https-wp-me-p63lo7-gyg\/embed\/#?secret=rR8iH6hAv7\" data-secret=\"rR8iH6hAv7\" width=\"600\" height=\"338\" frameborder=\"0\" marginwidth=\"0\" marginheight=\"0\" scrolling=\"no\"><\/iframe><\/p>\n<div class=\"mw-parser-output\">\n<p>&nbsp;<\/p>\n<\/div>\n<p>&nbsp;<\/p>\n<hr \/>\n<p>&nbsp;<\/p>\n<p>&nbsp;<\/p>\n<h2><span style=\"color: #808000;\">DUE MINUTI UN LIBRO\u00a0 TUTTI I GIORNI ALLA RADIO ALLE 9.30 E ALLE 18. QUINTA STAGIONE \u00a0<\/span><\/h2>\n<blockquote class=\"wp-embedded-content\" data-secret=\"OAkzjgVUNH\"><p><a href=\"https:\/\/www.radiopiu.net\/wordpress\/il-cuore-di-frankenstein\/\">IL CUORE DI FRANKENSTEIN<\/a><\/p><\/blockquote>\n<p><iframe loading=\"lazy\" class=\"wp-embedded-content\" sandbox=\"allow-scripts\" security=\"restricted\" style=\"position: absolute; clip: rect(1px, 1px, 1px, 1px);\" title=\"&#8220;IL CUORE DI FRANKENSTEIN&#8221; &#8212; Radio Pi\u00f9\" src=\"https:\/\/www.radiopiu.net\/wordpress\/il-cuore-di-frankenstein\/embed\/#?secret=OAkzjgVUNH\" data-secret=\"OAkzjgVUNH\" width=\"600\" height=\"338\" frameborder=\"0\" marginwidth=\"0\" marginheight=\"0\" scrolling=\"no\"><\/iframe><\/p>\n<h2>LA RACCOLTA COMPLETA<\/h2>\n<blockquote class=\"wp-embedded-content\" data-secret=\"ekDlJe3Glp\"><p><a href=\"https:\/\/www.radiopiu.net\/wordpress\/due-minuti-un-libro\/\">Due minuti un libro<\/a><\/p><\/blockquote>\n<p><iframe loading=\"lazy\" class=\"wp-embedded-content\" sandbox=\"allow-scripts\" security=\"restricted\" style=\"position: absolute; clip: rect(1px, 1px, 1px, 1px);\" title=\"&#8220;Due minuti un libro&#8221; &#8212; Radio Pi\u00f9\" src=\"https:\/\/www.radiopiu.net\/wordpress\/due-minuti-un-libro\/embed\/#?secret=ekDlJe3Glp\" data-secret=\"ekDlJe3Glp\" width=\"600\" height=\"338\" frameborder=\"0\" marginwidth=\"0\" marginheight=\"0\" scrolling=\"no\"><\/iframe><\/p>\n<p>&nbsp;<\/p>\n<hr \/>\n<p>&nbsp;<\/p>\n<blockquote>\n<h2>CASSA SOLIDARIET\u00c0 LUXOTTICA &#8211; PUNTATA DEL 20 NOVEMBRE 2020<\/h2>\n<h2>RACCOLTA COMPLETA<\/h2>\n<\/blockquote>\n<blockquote class=\"wp-embedded-content\" data-secret=\"jsXr8Zi5li\"><p><a href=\"https:\/\/www.radiopiu.net\/wordpress\/cassa-solidarieta-luxottica-puntata-del-16-ottobre-2020\/\">CASSA SOLIDARIET\u00c0 LUXOTTICA &#8211; PUNTATA DEL 20 NOVEMBRE 2020<\/a><\/p><\/blockquote>\n<p><iframe loading=\"lazy\" class=\"wp-embedded-content\" sandbox=\"allow-scripts\" security=\"restricted\" style=\"position: absolute; clip: rect(1px, 1px, 1px, 1px);\" title=\"&#8220;CASSA SOLIDARIET\u00c0 LUXOTTICA &#8211; PUNTATA DEL 20 NOVEMBRE 2020&#8221; &#8212; Radio Pi\u00f9\" src=\"https:\/\/www.radiopiu.net\/wordpress\/cassa-solidarieta-luxottica-puntata-del-16-ottobre-2020\/embed\/#?secret=jsXr8Zi5li\" data-secret=\"jsXr8Zi5li\" width=\"600\" height=\"338\" frameborder=\"0\" marginwidth=\"0\" marginheight=\"0\" scrolling=\"no\"><\/iframe><\/p>\n<p>&nbsp;<\/p>\n<p>&nbsp;<\/p>\n<hr \/>\n<p>&nbsp;<\/p>\n<p>&nbsp;<\/p>\n<blockquote>\n<h2><a href=\"https:\/\/www.radiopiu.net\/wordpress\/speciale-solidarieta-veneto\/solidarieta-veneto-3\/\" rel=\"attachment wp-att-134366\"><img loading=\"lazy\" decoding=\"async\" class=\"wp-image-134366 alignleft\" src=\"https:\/\/www.radiopiu.net\/wordpress\/wp-content\/uploads\/2020\/05\/solidariet\u00e0-veneto-300x210.jpg\" alt=\"\" width=\"179\" height=\"125\" srcset=\"https:\/\/www.radiopiu.net\/wordpress\/wp-content\/uploads\/2020\/05\/solidariet\u00e0-veneto-300x210.jpg 300w, https:\/\/www.radiopiu.net\/wordpress\/wp-content\/uploads\/2020\/05\/solidariet\u00e0-veneto-1024x717.jpg 1024w, https:\/\/www.radiopiu.net\/wordpress\/wp-content\/uploads\/2020\/05\/solidariet\u00e0-veneto-768x538.jpg 768w, https:\/\/www.radiopiu.net\/wordpress\/wp-content\/uploads\/2020\/05\/solidariet\u00e0-veneto.jpg 1373w\" sizes=\"auto, (max-width: 179px) 100vw, 179px\" \/><\/a>SOLIDARIETA&#8217; VENETO FONDO PENSIONE, IN ONDA IL PRIMO VENERDI DEL MESE ALLE 10.30 E ALLE 19.00 QUINTA STAGIONE<\/h2>\n<h2>RACCOLTA COMPLETA<\/h2>\n<\/blockquote>\n<blockquote class=\"wp-embedded-content\" data-secret=\"lQ6amU417x\"><p><a href=\"https:\/\/www.radiopiu.net\/wordpress\/solidarieta-veneto\/\">Solidariet\u00e0 Veneto<\/a><\/p><\/blockquote>\n<p><iframe loading=\"lazy\" class=\"wp-embedded-content\" sandbox=\"allow-scripts\" security=\"restricted\" style=\"position: absolute; clip: rect(1px, 1px, 1px, 1px);\" title=\"&#8220;Solidariet\u00e0 Veneto&#8221; &#8212; Radio Pi\u00f9\" src=\"https:\/\/www.radiopiu.net\/wordpress\/solidarieta-veneto\/embed\/#?secret=lQ6amU417x\" data-secret=\"lQ6amU417x\" width=\"600\" height=\"338\" frameborder=\"0\" marginwidth=\"0\" marginheight=\"0\" scrolling=\"no\"><\/iframe><\/p>\n<p>&nbsp;<\/p>\n<p>&nbsp;<\/p>\n<div>\n<p>&nbsp;<\/p>\n<hr \/>\n<p>&nbsp;<\/p>\n<div>\n<h2><span style=\"color: #33cccc;\">I RACCONTI DI PAOLO SOPPELSA il lunedi alle 9.30 e 18.30<\/span><\/h2>\n<h2><span style=\"color: #33cccc;\"><strong>RACCOLTA COMPLETA<\/strong><\/span><\/h2>\n<blockquote class=\"wp-embedded-content\" data-secret=\"qJDVBzaDsB\"><p><a href=\"https:\/\/www.radiopiu.net\/wordpress\/i-racconti-di-paolo-soppelsa\/\">I racconti di Paolo Soppelsa<\/a><\/p><\/blockquote>\n<p><iframe loading=\"lazy\" class=\"wp-embedded-content\" sandbox=\"allow-scripts\" security=\"restricted\" style=\"position: absolute; clip: rect(1px, 1px, 1px, 1px);\" title=\"&#8220;I racconti di Paolo Soppelsa&#8221; &#8212; Radio Pi\u00f9\" src=\"https:\/\/www.radiopiu.net\/wordpress\/i-racconti-di-paolo-soppelsa\/embed\/#?secret=qJDVBzaDsB\" data-secret=\"qJDVBzaDsB\" width=\"600\" height=\"338\" frameborder=\"0\" marginwidth=\"0\" marginheight=\"0\" scrolling=\"no\"><\/iframe><\/p>\n<\/div>\n<p>&nbsp;<\/p>\n<hr \/>\n<p>&nbsp;<\/p>\n<h2><strong>LE\u00a0 PUNTATE di Luisa Alchini di Leggermente Bellunesi, la domenica alle 11, il martedi alle 10.30 e alle 19.00<br \/>\nOGGI: <span class=\"d2edcug0 hpfvmrgz qv66sw1b c1et5uql rrkovp55 a8c37x1j keod5gw0 nxhoafnm aigsh9s9 d3f4x2em fe6kdd0r mau55g9w c8b282yb iv3no6db jq4qci2q a3bd9o3v knj5qynh oo9gr5id hzawbc8m\" dir=\"auto\" style=\"color: #0000ff;\">ottava puntata nel ricordo del compianto Don Stefano Pontil attraverso la pubblicazione del 2017 in occasione dell&#8217;adunanza CAI a La Marol, nel comune di Rivamonte Agordino<\/span><\/strong><\/h2>\n<p><a href=\"https:\/\/www.radiopiu.net\/wordpress\/giornale-radiopiu-24-novembre-2020-direttore-mirko-mezzacasa\/126793518_1528802647307797_2024275084726312927_o\/\" rel=\"attachment wp-att-174700\"><img loading=\"lazy\" decoding=\"async\" class=\"size-medium wp-image-174700 alignleft\" src=\"https:\/\/www.radiopiu.net\/wordpress\/wp-content\/uploads\/2020\/11\/126793518_1528802647307797_2024275084726312927_o-201x300.jpg\" alt=\"\" width=\"201\" height=\"300\" srcset=\"https:\/\/www.radiopiu.net\/wordpress\/wp-content\/uploads\/2020\/11\/126793518_1528802647307797_2024275084726312927_o-201x300.jpg 201w, https:\/\/www.radiopiu.net\/wordpress\/wp-content\/uploads\/2020\/11\/126793518_1528802647307797_2024275084726312927_o.jpg 401w\" sizes=\"auto, (max-width: 201px) 100vw, 201px\" \/><\/a><\/p>\n<p>&nbsp;<\/p>\n<p>&nbsp;<\/p>\n<p>&nbsp;<\/p>\n<p>&nbsp;<\/p>\n<p>&nbsp;<\/p>\n<p>Nell\u2019ottava puntata di marted\u00ec 24 novembre 2020 ricordiamo il compianto Don Stefano Pontil attraverso la pubblicazione del 2017 in occasione dell\u2019adunanza CAI a La Marol, nel comune di Rivamonte Agordino.<\/p>\n<audio class=\"wp-audio-shortcode\" id=\"audio-174853-10\" preload=\"none\" style=\"width: 100%;\" controls=\"controls\"><source type=\"audio\/mpeg\" src=\"https:\/\/www.radiopiu.net\/wordpress\/wp-content\/uploads\/2020\/11\/8leggermenteadunanza2017lamarol.mp3?_=10\" \/><a href=\"https:\/\/www.radiopiu.net\/wordpress\/wp-content\/uploads\/2020\/11\/8leggermenteadunanza2017lamarol.mp3\">https:\/\/www.radiopiu.net\/wordpress\/wp-content\/uploads\/2020\/11\/8leggermenteadunanza2017lamarol.mp3<\/a><\/audio>\n<h1><span style=\"color: #000000;\">RACCOLTA COMPLETA<\/span><\/h1>\n<blockquote class=\"wp-embedded-content\" data-secret=\"bDFT6gKq3T\"><p><a href=\"https:\/\/www.radiopiu.net\/wordpress\/leggermente-20\/\">LEGGERmente&#8230;Bellunesi<\/a><\/p><\/blockquote>\n<p><iframe loading=\"lazy\" class=\"wp-embedded-content\" sandbox=\"allow-scripts\" security=\"restricted\" style=\"position: absolute; clip: rect(1px, 1px, 1px, 1px);\" title=\"&#8220;LEGGERmente&#8230;Bellunesi&#8221; &#8212; Radio Pi\u00f9\" src=\"https:\/\/www.radiopiu.net\/wordpress\/leggermente-20\/embed\/#?secret=bDFT6gKq3T\" data-secret=\"bDFT6gKq3T\" width=\"600\" height=\"338\" frameborder=\"0\" marginwidth=\"0\" marginheight=\"0\" scrolling=\"no\"><\/iframe><\/p>\n<hr \/>\n<p>&nbsp;<\/p>\n<blockquote>\n<h3>L&#8217;ALMANACCO LADINO CON L&#8217;ISTITUT CESA DE JAN QUINDICINALE APPUNTAMENTO. LA DOMENICA ALLE 9 IL LUNEDI ALLE 8.35 IL MARTEDI ALLE 12.35 IL MERCOLEDI ALLE 18.35. SECONDA STAGIONE.<\/h3>\n<\/blockquote>\n<h3>LA PUNTATA DELLA SETTIMANA<\/h3>\n<audio class=\"wp-audio-shortcode\" id=\"audio-174853-11\" preload=\"none\" style=\"width: 100%;\" controls=\"controls\"><source type=\"audio\/mpeg\" src=\"https:\/\/www.radiopiu.net\/wordpress\/wp-content\/uploads\/2020\/11\/46\u00b0-Almanacco-Ladino_Fodom.mp3?_=11\" \/><a href=\"https:\/\/www.radiopiu.net\/wordpress\/wp-content\/uploads\/2020\/11\/46\u00b0-Almanacco-Ladino_Fodom.mp3\">https:\/\/www.radiopiu.net\/wordpress\/wp-content\/uploads\/2020\/11\/46\u00b0-Almanacco-Ladino_Fodom.mp3<\/a><\/audio>\n<p>&nbsp;<\/p>\n<p><strong>RACCOLTA COMPLETA\u00a0<\/strong><\/p>\n<blockquote class=\"wp-embedded-content\" data-secret=\"yHWifvACJ7\"><p><a href=\"https:\/\/www.radiopiu.net\/wordpress\/almanacco-ladino\/\">Almanacco Ladino<\/a><\/p><\/blockquote>\n<p><iframe loading=\"lazy\" class=\"wp-embedded-content\" sandbox=\"allow-scripts\" security=\"restricted\" style=\"position: absolute; clip: rect(1px, 1px, 1px, 1px);\" title=\"&#8220;Almanacco Ladino&#8221; &#8212; Radio Pi\u00f9\" src=\"https:\/\/www.radiopiu.net\/wordpress\/almanacco-ladino\/embed\/#?secret=yHWifvACJ7\" data-secret=\"yHWifvACJ7\" width=\"600\" height=\"338\" frameborder=\"0\" marginwidth=\"0\" marginheight=\"0\" scrolling=\"no\"><\/iframe><\/p>\n<p>&nbsp;<\/p>\n<\/div>\n<hr \/>\n<div>\n<h2><span style=\"color: #000080;\"><a class=\"dt-pswp-item\" href=\"https:\/\/www.radiopiu.net\/wordpress\/wp-content\/uploads\/2020\/10\/pp.jpg\" data-dt-img-description=\"\" data-large_image_width=\"640\" data-large_image_height=\"640\"><img loading=\"lazy\" decoding=\"async\" class=\"wp-image-163678 alignleft\" src=\"https:\/\/www.radiopiu.net\/wordpress\/wp-content\/uploads\/2020\/10\/pp-300x300.jpg\" alt=\"\" width=\"106\" height=\"106\" srcset=\"https:\/\/www.radiopiu.net\/wordpress\/wp-content\/uploads\/2020\/10\/pp-300x300.jpg 300w, https:\/\/www.radiopiu.net\/wordpress\/wp-content\/uploads\/2020\/10\/pp-150x150.jpg 150w, https:\/\/www.radiopiu.net\/wordpress\/wp-content\/uploads\/2020\/10\/pp-125x125.jpg 125w, https:\/\/www.radiopiu.net\/wordpress\/wp-content\/uploads\/2020\/10\/pp-200x200.jpg 200w, https:\/\/www.radiopiu.net\/wordpress\/wp-content\/uploads\/2020\/10\/pp-80x80.jpg 80w, https:\/\/www.radiopiu.net\/wordpress\/wp-content\/uploads\/2020\/10\/pp-480x480.jpg 480w, https:\/\/www.radiopiu.net\/wordpress\/wp-content\/uploads\/2020\/10\/pp.jpg 640w\" sizes=\"auto, (max-width: 106px) 100vw, 106px\" \/><\/a> <\/span><\/h2>\n<h2><span style=\"color: #000080;\">DON CESARE, IL PENSIERO DEL GIORNO. ALLA RADIO ALLE 7 DEL MATTINO E ALLE 19.30 DELLA SERA.\u00a0\u00a0<\/span><\/h2>\n<\/div>\n<p>&nbsp;<\/p>\n<p>&nbsp;<\/p>\n<audio class=\"wp-audio-shortcode\" id=\"audio-174853-12\" preload=\"none\" style=\"width: 100%;\" controls=\"controls\"><source type=\"audio\/mpeg\" src=\"https:\/\/www.radiopiu.net\/wordpress\/wp-content\/uploads\/2020\/11\/CESARE-21.mp3?_=12\" \/><a href=\"https:\/\/www.radiopiu.net\/wordpress\/wp-content\/uploads\/2020\/11\/CESARE-21.mp3\">https:\/\/www.radiopiu.net\/wordpress\/wp-content\/uploads\/2020\/11\/CESARE-21.mp3<\/a><\/audio>\n<p>&nbsp;<\/p>\n<p>&nbsp;<\/p>\n<p>&nbsp;<\/p>\n<hr \/>\n<p>&nbsp;<\/p>\n<div>\n<p class=\"photoswipe-wrapper\"><a class=\"dt-pswp-item pspw-wrap-ready\" href=\"https:\/\/i0.wp.com\/www.radiopiu.net\/wordpress\/wp-content\/uploads\/2018\/09\/viabilita.jpeg?ssl=1\" data-dt-img-description=\"\" data-large_image_width=\"800\" data-large_image_height=\"100\"><img loading=\"lazy\" decoding=\"async\" class=\"aligncenter wp-image-61954 size-full\" src=\"https:\/\/i0.wp.com\/www.radiopiu.net\/wordpress\/wp-content\/uploads\/2018\/09\/viabilita.jpeg?resize=800%2C100&amp;ssl=1\" sizes=\"auto, (max-width: 800px) 100vw, 800px\" srcset=\"https:\/\/i0.wp.com\/www.radiopiu.net\/wordpress\/wp-content\/uploads\/2018\/09\/viabilita.jpeg?w=800&amp;ssl=1 800w, https:\/\/i0.wp.com\/www.radiopiu.net\/wordpress\/wp-content\/uploads\/2018\/09\/viabilita.jpeg?resize=300%2C38&amp;ssl=1 300w, https:\/\/i0.wp.com\/www.radiopiu.net\/wordpress\/wp-content\/uploads\/2018\/09\/viabilita.jpeg?resize=768%2C96&amp;ssl=1 768w\" alt=\"\" width=\"800\" height=\"100\" \/><\/a><\/p>\n<\/div>\n<p>&nbsp;<\/p>\n<p>&nbsp;<\/p>\n<p><strong>PROVINCIALE 49 MISURINA CONFINE PROVINCIA DI BOLZANO<\/strong>:\u00a0 fino al 22 dicembre (festivi e prefestivi compresi) senso unico alternato con movieri o semafori<\/p>\n<p><strong>STRADA REGIONALE 48 DELLE DOLOMITI<\/strong> fino al 01 dicembre, dalle 8 alle 18, senso unico alternato regolato da impianto semaforico in localit\u00e0 Salesei di Sopra in comune di Livinallongo per esecuzione tombinatura<\/p>\n<p><strong>PROVINCIALE 3 VALLE IMPERINA<\/strong>:\u00a0 fino al 12 dicembre senso unico alternato (tutti i giorni nessuno escluso) in locailt\u00e0 Gona per messa in sicurezza della strada.<\/p>\n<p><strong>PROVINCIALE 48 DELLE DOLOMITI<\/strong> fino al 30 novembre (tutti i giorni nessuno escluso) senso unico alternato in localit\u00e0 Livin\u00e8 a Livinallongo del Col di Lana<\/p>\n<p><strong>REGIONALE 203 AGORDINA COLLAZ-LIVINALLONGO<\/strong>\u00a0 fino al 4 dicembre (sabato e festivi esclusi) senso unico alternato per singoli tratti di 150 metri<\/p>\n<p><strong>SR 203 AGORDINA<\/strong>\u00a0fino al 30 novembre, compresi sabato e domenica, \u00a0senso unico alternato regolato da semaforo in localit\u00e0 Sopra Sac di Alleghe per allestimento opere di difesa valanghiva<\/p>\n<p><strong>SP\u00a0423 LAGO DI SANTA CROCE_POIATTE_ALPAGO <\/strong>Fino al 12 dicembre (esclusi festivi e prefestivi) senso unico alternato con movieri o semaforo per esecuzione paramassi a monte della strada<\/p>\n<p><strong>SP 422 DELL\u2019ALPAGO E DEL CANSIGLIO\u00a0<\/strong>fino al 30 novembre, esclusi sabato e domenica, senso unico alternato regolato da movieri tra Puos e Cornei per posa fibre ottiche<\/p>\n<p><strong>SR 48 DELLE DOLOMITI<\/strong>\u00a0fino al 30 novembre senso unico alternato regolato da impianto semaforico tra Arabba e Cernadoi per consolidamento ciglio stradale e sostituzione barriere di sicurezza<\/p>\n<p><strong>PROVINCIALE 251\u00a0<\/strong> COLLE SANTA LUCIA Fino al 28 novembre senso unico (per asfaltature) compresi sabato e domenica (stessa situazione lungo la 203 agordina in localit\u00e0 Rucav\u00e0)<\/p>\n<p><strong>SP 3 DELLA VAL IMPERINA<\/strong> fino a revoca, senso unico alternato regolato a vista in localit\u00e0 Gona di Conedera di Rivamonte per cedimento della carreggiata stradale<\/p>\n<p><strong>REGIONALE 203 AGORDINA<\/strong>\u00a0 Fino\u00a0 al 18 dicembre (esclusi festivi e prefestivi) senso unico alternato tra Peron e Candaten con movieri dalle 7.30 alle 9 e dalle 16.30 alle 18. Con semaforo negli altri orari<\/p>\n<p><strong>REGIONALE 203 AGORDINA<\/strong> Fino al 30 novembre (sabato e domenica esclusi) tra Candaten e La Stanga dalle 7.30 alle 9 e dalle 16.30 alle 18 con movieri e negli altri orari con semaforo, senso unico alternato.<\/p>\n<div>\n<p>&nbsp;<\/p>\n<hr \/>\n<p>&nbsp;<\/p>\n<p class=\"photoswipe-wrapper\"><a class=\"dt-pswp-item pspw-wrap-ready\" href=\"https:\/\/i0.wp.com\/www.radiopiu.net\/wordpress\/wp-content\/uploads\/2018\/09\/WhatsApp-Image-2018-09-20-at-16.04.06.jpeg?ssl=1\" data-dt-img-description=\"\" data-large_image_width=\"800\" data-large_image_height=\"100\"><img loading=\"lazy\" decoding=\"async\" class=\"aligncenter wp-image-61378 size-full jetpack-lazy-image jetpack-lazy-image--handled\" src=\"https:\/\/i0.wp.com\/www.radiopiu.net\/wordpress\/wp-content\/uploads\/2018\/09\/WhatsApp-Image-2018-09-20-at-16.04.06.jpeg?resize=800%2C100&amp;ssl=1\" sizes=\"auto, (max-width: 800px) 100vw, 800px\" srcset=\"https:\/\/i0.wp.com\/www.radiopiu.net\/wordpress\/wp-content\/uploads\/2018\/09\/WhatsApp-Image-2018-09-20-at-16.04.06.jpeg?w=800&amp;ssl=1 800w, https:\/\/i0.wp.com\/www.radiopiu.net\/wordpress\/wp-content\/uploads\/2018\/09\/WhatsApp-Image-2018-09-20-at-16.04.06.jpeg?resize=300%2C38&amp;ssl=1 300w, https:\/\/i0.wp.com\/www.radiopiu.net\/wordpress\/wp-content\/uploads\/2018\/09\/WhatsApp-Image-2018-09-20-at-16.04.06.jpeg?resize=768%2C96&amp;ssl=1 768w\" alt=\"\" width=\"800\" height=\"100\" data-lazy-loaded=\"1\" \/><\/a><\/p>\n<\/div>\n<p>&nbsp;<\/p>\n<p><center><b>Giovedi 26<\/b><\/center><b>Tempo atteso:\u00a0<\/b>Persiste il tempo tardo-autunnale molto stabile e ben soleggiato, nonostante il temporaneo transito di banchi di nubi alte in mattinata. Aria limpida ed ottima visibilit\u00e0 ovunque. Persiste l&#8217;inversione termica notturna in molte valli, anche se un po&#8217; attenuata rispetto a mercoled\u00ec mattina, assieme a un forte contrasto termico diurno tra i settori pi\u00f9 assolati e quelli in ombra.<br \/>\n<b>Precipitazioni:\u00a0<\/b>Assenti (0%)<br \/>\n<b>Temperature:\u00a0<\/b>In generale lieve calo rispetto a mercoled\u00ec. Sono previste punte di 8\/9\u00b0C nei fondovalle prealpini e di 4\/7\u00b0C a 1000\/1200 m, assai meno nei settori in ombra (-1\/2\u00b0C). Su Prealpi a 1500 m min 3\u00b0C max 6\u00b0C, a 2000 m min 1\u00b0C max 4\u00b0C. Su Dolomiti a 2000 m min 0\u00b0C max 4\u00b0C, a 3000 m min -4\u00b0C max -3\u00b0C.<br \/>\n<b>Venti:\u00a0<\/b>Perlopi\u00f9 deboli a regime di brezza nelle valli, localmente e a tratti moderati nei consueti settori prealpini; in quota deboli da sud, a tratti moderati sulle vette pi\u00f9 alte, a 5-10 km\/h a 2000 m e 10-20 km\/h a 3000 m.<\/p>\n<hr \/>\n<p><center><b>Venerdi 27<\/b><\/center><b>Tempo atteso:\u00a0<\/b>Altra stupenda giornata tardo-autunnale su tutta la montagna veneta con sole, cielo sereno, aria limpida ed ottima visibilit\u00e0. Persistenza dell&#8217;inversione termica nei fondovalle, specie in Valbelluna all&#8217;alba e, come nei giorni precedenti, forte contrasto termico diurno tra le valli in ombra e quelle pi\u00f9 assolate.<br \/>\n<b>Precipitazioni:\u00a0<\/b>Assenti (0%).<br \/>\n<b>Temperature:\u00a0<\/b>Pressoch\u00e9 stazionarie sulle cime pi\u00f9 alte e in lieve diminuzione sotto i 2200\/2000, calo di circa 1\/2\u00b0C rispetto a gioved\u00ec per infiltrazioni d&#8217;aria un po&#8217; pi\u00f9 fresca nei bassi strati. Contenuta inversione termica con diffuse gelate notturne fino nei fondovalle prealpini. Su Prealpi a 1500 m min 1\u00b0C max 4\u00b0C, a 2000 m min 0\u00b0C max 2\u00b0C. Su Dolomiti a 2000 m min -1\u00b0C max 2\u00b0C, a 3000 m min -4\u00b0C max -3\u00b0C.<br \/>\n<b>Venti:\u00a0<\/b>Perlopi\u00f9 deboli a regime di brezza nelle valli, localmente e a tratti moderati nei consueti settori prealpini; in quota deboli\/moderati da sud-ovest, a 5-10 km\/h a 2000 m e 15-25 km\/h a 3000 m.<\/p>\n<hr \/>\n<p><center><b>Sabato 28<\/b><\/center>Sulle Dolomiti sole, cielo sereno, aria tersa ed ottima visibilit\u00e0; condizioni quasi simili sulle Prealpi, ma con rischio di qualche foschia o nebbia notturna, assieme a qualche banco di nubi basse, specie a ridosso della pedemontana. Temperature pressoch\u00e9 stazionarie rispetto a venerd\u00ec, salvo variazioni di carattere locale, specie sulla fascia prealpina. Venti deboli a regime di brezza nelle valli, localmente e a tratti moderati nei consueti settori prealpini, deboli\/moderati da nord in quota.<\/p>\n<hr \/>\n<p><center><b>Domenica 29<\/b><\/center>Persistono le ottime condizioni meteo su gran parte della montagna veneta con sole, cielo sereno e aria tersa. Non esclusa l&#8217;eventualit\u00e0 di nebbie o di nubi basse in alcuni fondovalle durante le ore pi\u00f9 fredde, in diradamento in giornata. Temperature in lieve diminuzione alle quote medio-alte e in aumento nei fondovalle prealpini. Venti deboli a regime di brezza nelle valli, localmente e a tratti moderati nei consueti settori prealpini; deboli\/moderati settentrionali in quota. Previsore R.L.Th.<\/p>\n","protected":false},"excerpt":{"rendered":"<p>PER RICEVERE QUESTO NOTIZIARIO DIRETTAMENTE SUL TUO CELLULARE ISCRIVITI AL CANALE TELEGRAM \u201cRADIO PIU\u00a0 INFORMAZIONE&#8221; &nbsp; ADIOS ETERNO PIBE DE ORO &nbsp; &nbsp; foto copertina Pixabay ATTENZIONE: LA NUOVA APP PER IOS-IPHONE https:\/\/apps.apple.com\/it\/app\/radio-pi%C3%B9-emittente-agordina\/id1515939845 ATTENZIONE: LA NUOVA APP RADIO\u00a0 PER ANDROID https:\/\/play.google.com\/store\/apps\/details?id=net.radiopiu.iniko\u00a0\u00a0 &nbsp; &nbsp; RISALGONO I CONTAGI, IN VENETO OSPEDALI COVID SARANNO GARANTITE SOLO LE URGENZE.&hellip;<\/p>\n","protected":false},"author":4,"featured_media":175077,"comment_status":"closed","ping_status":"closed","sticky":false,"template":"","format":"standard","meta":{"_monsterinsights_skip_tracking":false,"_monsterinsights_sitenote_active":false,"_monsterinsights_sitenote_note":"","_monsterinsights_sitenote_category":0,"footnotes":""},"categories":[1,51,86,49],"tags":[],"class_list":["post-174853","post","type-post","status-publish","format-standard","has-post-thumbnail","hentry","category-senza-categoria","category-evidenza-top","category-gr","category-news-18","category-1","category-51","category-86","category-49","description-off"],"img_url":"https:\/\/www.radiopiu.net\/wordpress\/wp-content\/uploads\/2020\/11\/diego-maradona-3232967_960_720.jpg","_links":{"self":[{"href":"https:\/\/www.radiopiu.net\/wordpress\/wp-json\/wp\/v2\/posts\/174853","targetHints":{"allow":["GET"]}}],"collection":[{"href":"https:\/\/www.radiopiu.net\/wordpress\/wp-json\/wp\/v2\/posts"}],"about":[{"href":"https:\/\/www.radiopiu.net\/wordpress\/wp-json\/wp\/v2\/types\/post"}],"author":[{"embeddable":true,"href":"https:\/\/www.radiopiu.net\/wordpress\/wp-json\/wp\/v2\/users\/4"}],"replies":[{"embeddable":true,"href":"https:\/\/www.radiopiu.net\/wordpress\/wp-json\/wp\/v2\/comments?post=174853"}],"version-history":[{"count":0,"href":"https:\/\/www.radiopiu.net\/wordpress\/wp-json\/wp\/v2\/posts\/174853\/revisions"}],"wp:featuredmedia":[{"embeddable":true,"href":"https:\/\/www.radiopiu.net\/wordpress\/wp-json\/wp\/v2\/media\/175077"}],"wp:attachment":[{"href":"https:\/\/www.radiopiu.net\/wordpress\/wp-json\/wp\/v2\/media?parent=174853"}],"wp:term":[{"taxonomy":"category","embeddable":true,"href":"https:\/\/www.radiopiu.net\/wordpress\/wp-json\/wp\/v2\/categories?post=174853"},{"taxonomy":"post_tag","embeddable":true,"href":"https:\/\/www.radiopiu.net\/wordpress\/wp-json\/wp\/v2\/tags?post=174853"}],"curies":[{"name":"wp","href":"https:\/\/api.w.org\/{rel}","templated":true}]}}