{"id":174874,"date":"2020-11-24T23:58:27","date_gmt":"2020-11-24T22:58:27","guid":{"rendered":"https:\/\/www.radiopiu.net\/wordpress\/?p=174874"},"modified":"2020-11-25T01:24:50","modified_gmt":"2020-11-25T00:24:50","slug":"25-novembre-giornata-internazionale-per-leliminazione-della-violenza-contro-le-donne","status":"publish","type":"post","link":"https:\/\/www.radiopiu.net\/wordpress\/25-novembre-giornata-internazionale-per-leliminazione-della-violenza-contro-le-donne\/","title":{"rendered":"25 NOVEMBRE \u2013 GIORNATA INTERNAZIONALE PER L\u2019ELIMINAZIONE DELLA VIOLENZA CONTRO LE DONNE"},"content":{"rendered":"<blockquote>\n<h3>DAL CONSIGLIO PROVINCIALE, PAOLO VENDRAMINI<\/h3>\n<\/blockquote>\n<audio class=\"wp-audio-shortcode\" id=\"audio-174874-1\" preload=\"none\" style=\"width: 100%;\" controls=\"controls\"><source type=\"audio\/mpeg\" src=\"https:\/\/www.radiopiu.net\/wordpress\/wp-content\/uploads\/2020\/11\/vendramini.mp3?_=1\" \/><a href=\"https:\/\/www.radiopiu.net\/wordpress\/wp-content\/uploads\/2020\/11\/vendramini.mp3\">https:\/\/www.radiopiu.net\/wordpress\/wp-content\/uploads\/2020\/11\/vendramini.mp3<\/a><\/audio>\n<p>&nbsp;<\/p>\n<blockquote>\n<h3><strong>FELTRE<\/strong>\u00a0 Alle\u00a0 11.30 presso Porta Imperiale si terr\u00e0 un momento istituzionale alla presenza dell&#8217;Assessore alle Pari Opportunit\u00e0 Giorgia Li Castri e della Presidente della Commissione Pari Opportunit\u00e0 Patrizia Maria Milani. Flavia Monego, consigliera provinciale di parit\u00e0, parteciper\u00e0 alla manifestazione <em>&#8220;Il ruolo della donna nel mondo del lavoro \u00e8 sempre pi\u00f9 difficile&#8221;<\/em><\/h3>\n<\/blockquote>\n<p><strong>AUDIO FLAVIA MONEGO<\/strong><\/p>\n<audio class=\"wp-audio-shortcode\" id=\"audio-174874-2\" preload=\"none\" style=\"width: 100%;\" controls=\"controls\"><source type=\"audio\/mpeg\" src=\"https:\/\/www.radiopiu.net\/wordpress\/wp-content\/uploads\/2020\/11\/FLAVIA.mp3?_=2\" \/><a href=\"https:\/\/www.radiopiu.net\/wordpress\/wp-content\/uploads\/2020\/11\/FLAVIA.mp3\">https:\/\/www.radiopiu.net\/wordpress\/wp-content\/uploads\/2020\/11\/FLAVIA.mp3<\/a><\/audio>\n<p>&nbsp;<\/p>\n<blockquote>\n<h1><strong><span style=\"color: #ff6600;\">TEATRO ILLUMINATO E SPETTACOLO GRATUITO<\/span><\/strong><\/h1>\n<\/blockquote>\n<p><strong>BELLUNO<\/strong>\u00a0 In occasione delle Giornata internazionale contro la violenza sulle donne il Comune di Belluno questa sera illuminer\u00e0 \u00a0di arancione il teatro comunale, a ricordare l&#8217;iniziativa dell&#8217; ente delle Nazioni Unite per l\u2019uguaglianza di genere, \u201cOrange the world\u201d. Inoltre, per tutta la giornata di domani sar\u00e0 disponibile sul sito istituzionale del Comune un link che permetter\u00e0 di assistere online allo spettacolo teatrale \u201cTi amo da morirne\u201d,\u00a0 di Mena Vasellino che racconta la storia di un femminicidio. La visione della rappresentazione per i cittadini sar\u00e0 gratuita.<\/p>\n<p>&nbsp;<\/p>\n<blockquote>\n<h1><strong><span style=\"color: #ff6600;\">STOP RICOMINCIO DA ME<\/span><\/strong><\/h1>\n<\/blockquote>\n<p><strong>ALPAGO <\/strong>Oggi<strong> a<\/strong>lle 20.30 in diretta dalla pagina facebook del Comune di Alpago interverranno: Paola Pierobon pittrice e scrittrice di donne, autrice dell&#8217;icona simbolo della serata; Grazia Costa insegnate e attrice di poesie con racconti ed immagini. Moderatrice Laura Funes consigliere comunale alla cultura. In questa occasione i Municipi di Farra, Pieve e Puos saranno illuminati di rosso.<\/p>\n<p>&nbsp;<\/p>\n<blockquote>\n<h1><strong><span style=\"color: #ff6600;\">VIOLENZA SULLE DONNE. BERTON: &#8220;IL COVID HA PEGGIORATO LA SITUAZIONE&#8221;<\/span><\/strong><\/h1>\n<\/blockquote>\n<p><strong>BELLUNO<\/strong> Fragilit\u00e0 economica, aumento dei carichi familiari e assistenziali: il lockdown e la pandemia hanno peggiorato la qualit\u00e0 della vita di tantissime donne, spesso aumentando i fenomeni di violenza. Mondo delle Istituzioni, societ\u00e0 civile, imprese devono intervenire massicciamente per evitare che le cose peggiorino. Il cambiamento \u00e8 soprattutto culturale e non possiamo permetterci passi indietro a causa del virus\u201d. A dirlo, in occasione della Giornata mondiale contro la violenza sulle donne, \u00e8 Lorraine Berton, presidente di Confindustria Belluno Dolomiti. \u201cQuesti mesi durissimi \u2013 sotto molti punti di vista \u2013 sono stati gestiti da donne che si sono dovute sdoppiare nella vita privata e nel lavoro, spesso impossibilitate a chiedere aiuto. Soprattutto le donne pi\u00f9 fragili si sono trovate disarmate e sole: nei loro confronti dobbiamo tutti responsabilizzarci, ognuno per la propria parte\u201d.\u00a0 Quanto ai fenomeni di violenza, Berton rinnova l\u2019appello pi\u00f9 volte formulato anche in passato: \u201cAlle vittime di violenza dico di denunciare sempre e a chi \u00e8 a conoscenza di situazioni di questo tipo di non girarsi dall\u2019altra parte. Il silenzio \u00e8 il primo complice di questo fenomeno subdolo e ancora strisciante, che si nutre di retaggi culturali e machismo da quattro soldi\u201d.<\/p>\n<p>&nbsp;<\/p>\n<blockquote>\n<h1><strong><span style=\"color: #ff6600;\">PIU&#8217; RISORSE E IN TEMPI RAPIDI PER I CENTRI E CASE RIFUGIO<\/span><\/strong><\/h1>\n<\/blockquote>\n<p><strong>VENEZIA<\/strong> <em>\u201cPer contrastare efficacemente la violenza di genere servono maggiori finanziamenti a centri antiviolenza e case rifugio e, soprattutto, devono arrivare in tempi brevi. Purtroppo non \u00e8 cos\u00ec: basti pensare che non sono stati completamente liquidati dalle Regioni i fondi del biennio 2015-2016, per quelli del 2019 siamo fermi al 10% e per il 2020 il Dipartimento pari opportunit\u00e0 del Governo deve sempre emanare il decreto per la ripartizione dei 28 milioni previsti&#8221;<\/em> \u00c8 quanto affermano in una nota i consiglieri regionali del Partito Democratico commentando i dati contenuti nel monitoraggio di Action Aid. <em>\u201cNel 2020 femminicidi e maltrattamenti sono aumentati a causa della convivenza forzata tra vittime e carnefici. Solo nei mesi del lockdown le telefonate al numero verde 1522 sono state 15.280, con un incremento del 119% rispetto allo stesso periodo del 2019. Numeri probabilmente sottodimensionati perch\u00e9 \u00e8 difficile chiedere aiuto quando la maggior parte degli episodi avvengono in ambito familiare\u201d.\u00a0\u00a0<\/em><\/p>\n<p>&nbsp;<\/p>\n<p>&nbsp;<\/p>\n<blockquote>\n<h1><span style=\"color: #ff6600;\">DUE INIZIATIVE CON L&#8217;ARMA DEI CARABINIERI<\/span><\/h1>\n<\/blockquote>\n<blockquote>\n<h1><span style=\"font-size: 14px; font-weight: normal;\"><img loading=\"lazy\" decoding=\"async\" class=\"alignleft\" src=\"https:\/\/www.radiopiu.net\/wordpress\/wp-content\/uploads\/2020\/11\/giornata-contro-violenze-seulle-donne.jpg\" width=\"203\" height=\"139\" \/>Oggi avr\u00e0 inizio la campagna internazionale Orange the world. L&#8217;Arma parteciper\u00e0 all&#8217;iniziativa illuminando la facciata della Caserma di Viale Europa sede del Comando Provinciale dei Carabinieri.\u00a0 All&#8217;interno \u00e8 stata realizzata una stanza &#8220;Tutta per se&#8221; locale idoneo all&#8217;ascolto protetto delle vittime. In serata accensione del fascio di luce con il comandante provinciale e Nadia Della Vecchia di Soroptimist. Altra iniziativa: la locandina &#8220;rialziamoci insieme&#8221; messaggio di fiducia, vicinanza e speranza per tutte le donne che si sono dovute piegare o che sono &#8220;cadute&#8221; sotto i colpi fisici e morali dell&#8217;uomo malvagio ma che assieme all&#8217;Arma e alle altre istituzioni possono rialzarsi e tornare alla vita di prima. La locandina \u00e8 stata realizzata anche con il contributo del Maggiore Emanuela Cervellera, comandante della Compagnia di Belluno e dalla fotografa feltrina Eleonora Emmi.<\/span><\/h1>\n<\/blockquote>\n<p>I DATI DEI CARABIERI DAL 1 GENNAIO 2020: MALTRATTAMENTI 70, LESIONI PERSONALI 45, PORNOGRAFIA MINORILE E DETENZIONE MATERIALE 2 VIOLENZA SESSUALE 14, ATTI SESSUALI CON MINORENNE 4, ATTI PERSECUTORI 38, DIFFUSIONE IMMAGINI E VIDEO SESSUALMENTE ESPLICITI 2, PROSTITUZIONE 1, ALTRI 39, TOTALE 215.<\/p>\n<p>MISURE CAUTELARI: ARRESTI DOMICILIARI 3, ARRESTI 1, LIBERTA&#8217; VIGILATA 1, DIVIETO DI AVVICINAMENTO E COMUNICAZIONE 9, OBBLIGO DI FIRMA 1, TOTALE 15.<\/p>\n<a href=\"https:\/\/www.radiopiu.net\/wordpress\/wp-content\/uploads\/2020\/11\/volantino-25-novembre-BL.pdf\" class=\"pdfemb-viewer\" style=\"\" data-width=\"max\" data-height=\"max\" data-toolbar=\"top\" data-toolbar-fixed=\"on\">volantino 25 novembre BL<\/a>\n<p>&nbsp;<\/p>\n<p>&nbsp;<\/p>\n<p>&nbsp;<\/p>\n<blockquote>\n<h1><strong><span style=\"color: #ff6600;\">CONFERENZA STAMPA DELLA POLIZIA IN PIAZZA DEI MARTIRI: SI PARLA DELLA VIOLENZA SULLE DONNE<\/span><\/strong><\/h1>\n<p>&nbsp;<\/p><\/blockquote>\n<p><strong><a href=\"https:\/\/www.radiopiu.net\/wordpress\/conferenza-stampa-della-polizia-in-piazza-dei-martiri-si-parla-della-violenza-sulle-donne\/990b0c95-7818-47e3-acc2-9c12146d0fa4\/\" rel=\"attachment wp-att-174776\"><img loading=\"lazy\" decoding=\"async\" class=\"size-medium wp-image-174776 alignleft\" src=\"https:\/\/www.radiopiu.net\/wordpress\/wp-content\/uploads\/2020\/11\/990b0c95-7818-47e3-acc2-9c12146d0fa4-300x138.jpg\" alt=\"\" width=\"300\" height=\"138\" srcset=\"https:\/\/www.radiopiu.net\/wordpress\/wp-content\/uploads\/2020\/11\/990b0c95-7818-47e3-acc2-9c12146d0fa4-300x138.jpg 300w, https:\/\/www.radiopiu.net\/wordpress\/wp-content\/uploads\/2020\/11\/990b0c95-7818-47e3-acc2-9c12146d0fa4-1024x472.jpg 1024w, https:\/\/www.radiopiu.net\/wordpress\/wp-content\/uploads\/2020\/11\/990b0c95-7818-47e3-acc2-9c12146d0fa4-768x354.jpg 768w, https:\/\/www.radiopiu.net\/wordpress\/wp-content\/uploads\/2020\/11\/990b0c95-7818-47e3-acc2-9c12146d0fa4-1536x708.jpg 1536w, https:\/\/www.radiopiu.net\/wordpress\/wp-content\/uploads\/2020\/11\/990b0c95-7818-47e3-acc2-9c12146d0fa4.jpg 1600w\" sizes=\"auto, (max-width: 300px) 100vw, 300px\" \/><\/a>BELLUNO<\/strong><\/p>\n<p>di Moreno Gioli<\/p>\n<audio class=\"wp-audio-shortcode\" id=\"audio-174874-3\" preload=\"none\" style=\"width: 100%;\" controls=\"controls\"><source type=\"audio\/mpeg\" src=\"https:\/\/www.radiopiu.net\/wordpress\/wp-content\/uploads\/2020\/11\/GIOLI-BILANCIO-SQUADRA-MOBILE.mp3?_=3\" \/><a href=\"https:\/\/www.radiopiu.net\/wordpress\/wp-content\/uploads\/2020\/11\/GIOLI-BILANCIO-SQUADRA-MOBILE.mp3\">https:\/\/www.radiopiu.net\/wordpress\/wp-content\/uploads\/2020\/11\/GIOLI-BILANCIO-SQUADRA-MOBILE.mp3<\/a><\/audio>\n<p>&nbsp;<\/p>\n<p><b>MARCO DELL&#8217;ARTE, DIRIGENTE SQUADRA ANTICRIMINE DELLA QUESTURA<\/b><\/p>\n<audio class=\"wp-audio-shortcode\" id=\"audio-174874-4\" preload=\"none\" style=\"width: 100%;\" controls=\"controls\"><source type=\"audio\/mpeg\" src=\"https:\/\/www.radiopiu.net\/wordpress\/wp-content\/uploads\/2020\/11\/MARCO-DELLARTE-ANTICRIMINE.mp3?_=4\" \/><a href=\"https:\/\/www.radiopiu.net\/wordpress\/wp-content\/uploads\/2020\/11\/MARCO-DELLARTE-ANTICRIMINE.mp3\">https:\/\/www.radiopiu.net\/wordpress\/wp-content\/uploads\/2020\/11\/MARCO-DELLARTE-ANTICRIMINE.mp3<\/a><\/audio>\n<p>&nbsp;<\/p>\n<p><b>JACOPO BALLARIN, DIRIGENTE SQUADRA MOBILE<\/b><\/p>\n<audio class=\"wp-audio-shortcode\" id=\"audio-174874-5\" preload=\"none\" style=\"width: 100%;\" controls=\"controls\"><source type=\"audio\/mpeg\" src=\"https:\/\/www.radiopiu.net\/wordpress\/wp-content\/uploads\/2020\/11\/JACOPO-BALLARIN-SQUADRA-MOBILE.mp3?_=5\" \/><a href=\"https:\/\/www.radiopiu.net\/wordpress\/wp-content\/uploads\/2020\/11\/JACOPO-BALLARIN-SQUADRA-MOBILE.mp3\">https:\/\/www.radiopiu.net\/wordpress\/wp-content\/uploads\/2020\/11\/JACOPO-BALLARIN-SQUADRA-MOBILE.mp3<\/a><\/audio>\n<p>&nbsp;<\/p>\n<p>&nbsp;<\/p>\n","protected":false},"excerpt":{"rendered":"<p>DAL CONSIGLIO PROVINCIALE, PAOLO VENDRAMINI &nbsp; FELTRE\u00a0 Alle\u00a0 11.30 presso Porta Imperiale si terr\u00e0 un momento istituzionale alla presenza dell&#8217;Assessore alle Pari Opportunit\u00e0 Giorgia Li Castri e della Presidente della Commissione Pari Opportunit\u00e0 Patrizia Maria Milani. Flavia Monego, consigliera provinciale di parit\u00e0, parteciper\u00e0 alla manifestazione &#8220;Il ruolo della donna nel mondo del lavoro \u00e8 sempre&hellip;<\/p>\n","protected":false},"author":4,"featured_media":174832,"comment_status":"closed","ping_status":"closed","sticky":false,"template":"","format":"standard","meta":{"_monsterinsights_skip_tracking":false,"_monsterinsights_sitenote_active":false,"_monsterinsights_sitenote_note":"","_monsterinsights_sitenote_category":0,"footnotes":""},"categories":[51,49],"tags":[],"class_list":["post-174874","post","type-post","status-publish","format-standard","has-post-thumbnail","hentry","category-evidenza-top","category-news-18","category-51","category-49","description-off"],"img_url":"https:\/\/www.radiopiu.net\/wordpress\/wp-content\/uploads\/2020\/11\/giornata-contro-violenze-seulle-donne.jpg","_links":{"self":[{"href":"https:\/\/www.radiopiu.net\/wordpress\/wp-json\/wp\/v2\/posts\/174874","targetHints":{"allow":["GET"]}}],"collection":[{"href":"https:\/\/www.radiopiu.net\/wordpress\/wp-json\/wp\/v2\/posts"}],"about":[{"href":"https:\/\/www.radiopiu.net\/wordpress\/wp-json\/wp\/v2\/types\/post"}],"author":[{"embeddable":true,"href":"https:\/\/www.radiopiu.net\/wordpress\/wp-json\/wp\/v2\/users\/4"}],"replies":[{"embeddable":true,"href":"https:\/\/www.radiopiu.net\/wordpress\/wp-json\/wp\/v2\/comments?post=174874"}],"version-history":[{"count":0,"href":"https:\/\/www.radiopiu.net\/wordpress\/wp-json\/wp\/v2\/posts\/174874\/revisions"}],"wp:featuredmedia":[{"embeddable":true,"href":"https:\/\/www.radiopiu.net\/wordpress\/wp-json\/wp\/v2\/media\/174832"}],"wp:attachment":[{"href":"https:\/\/www.radiopiu.net\/wordpress\/wp-json\/wp\/v2\/media?parent=174874"}],"wp:term":[{"taxonomy":"category","embeddable":true,"href":"https:\/\/www.radiopiu.net\/wordpress\/wp-json\/wp\/v2\/categories?post=174874"},{"taxonomy":"post_tag","embeddable":true,"href":"https:\/\/www.radiopiu.net\/wordpress\/wp-json\/wp\/v2\/tags?post=174874"}],"curies":[{"name":"wp","href":"https:\/\/api.w.org\/{rel}","templated":true}]}}