{"id":174941,"date":"2020-11-25T12:17:46","date_gmt":"2020-11-25T11:17:46","guid":{"rendered":"https:\/\/www.radiopiu.net\/wordpress\/?p=174941"},"modified":"2020-11-25T15:01:04","modified_gmt":"2020-11-25T14:01:04","slug":"ancora-al-lavoro-ad-umin","status":"publish","type":"post","link":"https:\/\/www.radiopiu.net\/wordpress\/ancora-al-lavoro-ad-umin\/","title":{"rendered":"VIGILI DEL FUOCO ANCORA AL LAVORO AD UMIN, foto e video"},"content":{"rendered":"<p><strong>FELTRE<\/strong> Sono proseguite ieri per tutto il giorno le operazioni di bonifica dei vigili del fuoco dell\u2019incendio abitazione divampato martedi pomeriggio. Le squadre accorse dal locale distaccamento, dalla centrale e con l\u2019apporto dei volontari di Feltre, basso feltrino e Belluno, sono riuscite a contenere e circoscrivere l\u2019incendio alla sola abitazione dove sono divampate le fiamme, evitando il coinvolgimento delle strutture attigue solo parzialmente coinvolte dal rogo. In corso anche le verifiche tecniche dei vigili del fuoco per determinare le cause del violento rogo, che ha completamente distrutto l\u2019abitazione di una famiglia ora ospitata da partenti<\/p>\n\n\t\t\t<style type='text\/css'>\n\t\t\t\t#gallery-1 {\n\t\t\t\t\tmargin: auto;\n\t\t\t\t}\n\t\t\t\t#gallery-1 .gallery-item {\n\t\t\t\t\tfloat: left;\n\t\t\t\t\tmargin-top: 10px;\n\t\t\t\t\ttext-align: center;\n\t\t\t\t\twidth: 50%;\n\t\t\t\t}\n\t\t\t\t#gallery-1 img {\n\t\t\t\t\tborder: 2px solid #cfcfcf;\n\t\t\t\t}\n\t\t\t\t#gallery-1 .gallery-caption {\n\t\t\t\t\tmargin-left: 0;\n\t\t\t\t}\n\t\t\t\t\/* see gallery_shortcode() in wp-includes\/media.php *\/\n\t\t\t<\/style>\n\t\t<div id='gallery-1' class='dt-gallery-container gallery galleryid-174941 gallery-columns-2 gallery-size-medium'><dl class='gallery-item'>\n\t\t\t\t<dt class='gallery-icon landscape'>\n\t\t\t\t\t<a class=\"rollover rollover-zoom dt-pswp-item\" title=\"29bfd272-58e7-42bd-a676-324547d3e3c0\" data-dt-img-description=\"\" data-large_image_width=\"1395\" data-large_image_height=\"777\"href='https:\/\/www.radiopiu.net\/wordpress\/wp-content\/uploads\/2020\/11\/29bfd272-58e7-42bd-a676-324547d3e3c0.jpg'><img loading=\"lazy\" decoding=\"async\" width=\"300\" height=\"167\" src=\"https:\/\/www.radiopiu.net\/wordpress\/wp-content\/uploads\/2020\/11\/29bfd272-58e7-42bd-a676-324547d3e3c0-300x167.jpg\" class=\"attachment-medium size-medium\" alt=\"\" srcset=\"https:\/\/www.radiopiu.net\/wordpress\/wp-content\/uploads\/2020\/11\/29bfd272-58e7-42bd-a676-324547d3e3c0-300x167.jpg 300w, https:\/\/www.radiopiu.net\/wordpress\/wp-content\/uploads\/2020\/11\/29bfd272-58e7-42bd-a676-324547d3e3c0-1024x570.jpg 1024w, https:\/\/www.radiopiu.net\/wordpress\/wp-content\/uploads\/2020\/11\/29bfd272-58e7-42bd-a676-324547d3e3c0-768x428.jpg 768w, https:\/\/www.radiopiu.net\/wordpress\/wp-content\/uploads\/2020\/11\/29bfd272-58e7-42bd-a676-324547d3e3c0.jpg 1395w\" sizes=\"auto, (max-width: 300px) 100vw, 300px\" \/><\/a>\n\t\t\t\t<\/dt><\/dl><dl class='gallery-item'>\n\t\t\t\t<dt class='gallery-icon landscape'>\n\t\t\t\t\t<a class=\"rollover rollover-zoom dt-pswp-item\" title=\"9d83900d-ac81-46d0-8779-9bc65ce2416c\" data-dt-img-description=\"\" data-large_image_width=\"1356\" data-large_image_height=\"777\"href='https:\/\/www.radiopiu.net\/wordpress\/wp-content\/uploads\/2020\/11\/9d83900d-ac81-46d0-8779-9bc65ce2416c.jpg'><img loading=\"lazy\" decoding=\"async\" width=\"300\" height=\"172\" src=\"https:\/\/www.radiopiu.net\/wordpress\/wp-content\/uploads\/2020\/11\/9d83900d-ac81-46d0-8779-9bc65ce2416c-300x172.jpg\" class=\"attachment-medium size-medium\" alt=\"\" srcset=\"https:\/\/www.radiopiu.net\/wordpress\/wp-content\/uploads\/2020\/11\/9d83900d-ac81-46d0-8779-9bc65ce2416c-300x172.jpg 300w, https:\/\/www.radiopiu.net\/wordpress\/wp-content\/uploads\/2020\/11\/9d83900d-ac81-46d0-8779-9bc65ce2416c-1024x587.jpg 1024w, https:\/\/www.radiopiu.net\/wordpress\/wp-content\/uploads\/2020\/11\/9d83900d-ac81-46d0-8779-9bc65ce2416c-768x440.jpg 768w, https:\/\/www.radiopiu.net\/wordpress\/wp-content\/uploads\/2020\/11\/9d83900d-ac81-46d0-8779-9bc65ce2416c.jpg 1356w\" sizes=\"auto, (max-width: 300px) 100vw, 300px\" \/><\/a>\n\t\t\t\t<\/dt><\/dl><br style=\"clear: both\" \/><dl class='gallery-item'>\n\t\t\t\t<dt class='gallery-icon landscape'>\n\t\t\t\t\t<a class=\"rollover rollover-zoom dt-pswp-item\" title=\"a3b11cc0-6c0b-449e-8272-30ffbddf0146\" data-dt-img-description=\"\" data-large_image_width=\"1350\" data-large_image_height=\"777\"href='https:\/\/www.radiopiu.net\/wordpress\/wp-content\/uploads\/2020\/11\/a3b11cc0-6c0b-449e-8272-30ffbddf0146.jpg'><img loading=\"lazy\" decoding=\"async\" width=\"300\" height=\"173\" src=\"https:\/\/www.radiopiu.net\/wordpress\/wp-content\/uploads\/2020\/11\/a3b11cc0-6c0b-449e-8272-30ffbddf0146-300x173.jpg\" class=\"attachment-medium size-medium\" alt=\"\" srcset=\"https:\/\/www.radiopiu.net\/wordpress\/wp-content\/uploads\/2020\/11\/a3b11cc0-6c0b-449e-8272-30ffbddf0146-300x173.jpg 300w, https:\/\/www.radiopiu.net\/wordpress\/wp-content\/uploads\/2020\/11\/a3b11cc0-6c0b-449e-8272-30ffbddf0146-1024x589.jpg 1024w, https:\/\/www.radiopiu.net\/wordpress\/wp-content\/uploads\/2020\/11\/a3b11cc0-6c0b-449e-8272-30ffbddf0146-768x442.jpg 768w, https:\/\/www.radiopiu.net\/wordpress\/wp-content\/uploads\/2020\/11\/a3b11cc0-6c0b-449e-8272-30ffbddf0146.jpg 1350w\" sizes=\"auto, (max-width: 300px) 100vw, 300px\" \/><\/a>\n\t\t\t\t<\/dt><\/dl><dl class='gallery-item'>\n\t\t\t\t<dt class='gallery-icon landscape'>\n\t\t\t\t\t<a class=\"rollover rollover-zoom dt-pswp-item\" title=\"6a7c13e0-9a88-4c47-b923-d8309c88db34\" data-dt-img-description=\"\" data-large_image_width=\"1185\" data-large_image_height=\"777\"href='https:\/\/www.radiopiu.net\/wordpress\/wp-content\/uploads\/2020\/11\/6a7c13e0-9a88-4c47-b923-d8309c88db34.jpg'><img loading=\"lazy\" decoding=\"async\" width=\"300\" height=\"197\" src=\"https:\/\/www.radiopiu.net\/wordpress\/wp-content\/uploads\/2020\/11\/6a7c13e0-9a88-4c47-b923-d8309c88db34-300x197.jpg\" class=\"attachment-medium size-medium\" alt=\"\" srcset=\"https:\/\/www.radiopiu.net\/wordpress\/wp-content\/uploads\/2020\/11\/6a7c13e0-9a88-4c47-b923-d8309c88db34-300x197.jpg 300w, https:\/\/www.radiopiu.net\/wordpress\/wp-content\/uploads\/2020\/11\/6a7c13e0-9a88-4c47-b923-d8309c88db34-1024x671.jpg 1024w, https:\/\/www.radiopiu.net\/wordpress\/wp-content\/uploads\/2020\/11\/6a7c13e0-9a88-4c47-b923-d8309c88db34-768x504.jpg 768w, https:\/\/www.radiopiu.net\/wordpress\/wp-content\/uploads\/2020\/11\/6a7c13e0-9a88-4c47-b923-d8309c88db34.jpg 1185w\" sizes=\"auto, (max-width: 300px) 100vw, 300px\" \/><\/a>\n\t\t\t\t<\/dt><\/dl><br style=\"clear: both\" \/>\n\t\t\t<\/div>\n\n<p>&nbsp;<\/p>\n<div class=\"dati1w0a hv4rvrfc osnr6wyh\">\n<div class=\"btwxx1t3 j83agx80 cwj9ozl2\">\n<div class=\"j83agx80 cbu4d94t ew0dbk1b irj2b8pg\">\n<div class=\"qzhwtbm6 knvmm38d\">\n<div class=\"nc684nl6\" style=\"text-align: left;\"><strong><a href=\"https:\/\/www.radiopiu.net\/wordpress\/ancora-al-lavoro-ad-umin\/127242088_2691365514459418_2725214686363645256_o\/\" rel=\"attachment wp-att-174954\"><img loading=\"lazy\" decoding=\"async\" class=\"size-medium wp-image-174954 alignleft\" src=\"https:\/\/www.radiopiu.net\/wordpress\/wp-content\/uploads\/2020\/11\/127242088_2691365514459418_2725214686363645256_o-300x99.jpg\" alt=\"\" width=\"300\" height=\"99\" srcset=\"https:\/\/www.radiopiu.net\/wordpress\/wp-content\/uploads\/2020\/11\/127242088_2691365514459418_2725214686363645256_o-300x99.jpg 300w, https:\/\/www.radiopiu.net\/wordpress\/wp-content\/uploads\/2020\/11\/127242088_2691365514459418_2725214686363645256_o.jpg 600w\" sizes=\"auto, (max-width: 300px) 100vw, 300px\" \/><\/a>Carmen Stella <\/strong>E&#8217; stata completamente distrutta dalle fiamme l&#8217;abitazione di una famiglia. Una mamma con 4 figli (14-12 -7-5) ha perso tutto, la casa \u00e8 bruciata totalmente. Facciamo il possibile per aiutare. Iban per donazioni (detraibili) <strong>ITO2K0890461110026000002054<\/strong> Intestato a La terra trema il cuore no Onlus Causale: donazione incendio casa Umin fraz. di Feltre (BL)<\/div>\n<\/div>\n<\/div>\n<\/div>\n<\/div>\n<div class=\"\" dir=\"auto\">\n<div class=\"\" dir=\"auto\">\n<div class=\"ecm0bbzt hv4rvrfc ihqw7lf3 dati1w0a\" data-ad-comet-preview=\"message\" data-ad-preview=\"message\">\n<div class=\"j83agx80 cbu4d94t ew0dbk1b irj2b8pg\">\n<div class=\"qzhwtbm6 knvmm38d\">\n<div class=\"kvgmc6g5 cxmmr5t8 oygrvhab hcukyx3x c1et5uql ii04i59q\"><\/div>\n<\/div>\n<\/div>\n<\/div>\n<\/div>\n<\/div>\n<div class=\"dati1w0a f10w8fjw hv4rvrfc pybr56ya\">\n<div class=\"kbf60n1y btwxx1t3 j83agx80 cwj9ozl2\">\n<div class=\"buofh1pr\">\n<div class=\"j83agx80 cbu4d94t ew0dbk1b irj2b8pg\">\n<div class=\"qzhwtbm6 knvmm38d\">\n<div class=\"jq4qci2q ekzkrbhg a3bd9o3v\">\n<div dir=\"ltr\">\n<blockquote>\n<div class=\"nc684nl6\"><\/div>\n<\/blockquote>\n<\/div>\n<div>\n<div style=\"width: 640px;\" class=\"wp-video\"><video class=\"wp-video-shortcode\" id=\"video-174941-1\" width=\"640\" height=\"352\" preload=\"metadata\" controls=\"controls\"><source type=\"video\/mp4\" src=\"https:\/\/www.radiopiu.net\/wordpress\/wp-content\/uploads\/2020\/11\/WhatsApp-Video-2020-11-25-at-12.13.55.mp4?_=1\" \/><a href=\"https:\/\/www.radiopiu.net\/wordpress\/wp-content\/uploads\/2020\/11\/WhatsApp-Video-2020-11-25-at-12.13.55.mp4\">https:\/\/www.radiopiu.net\/wordpress\/wp-content\/uploads\/2020\/11\/WhatsApp-Video-2020-11-25-at-12.13.55.mp4<\/a><\/video><\/div>\n<p>&nbsp;<\/p>\n<p>&nbsp;<\/p>\n<blockquote>\n<h1>ROGO DEVASTA L&#8217;ABITAZIONE DI FAMIGLIA: INAGIBILE<\/h1>\n<\/blockquote>\n<p>&nbsp;<\/p>\n<p><strong>FELTRE<\/strong> Dispiegamento di uomini e mezzi nel pomeriggio alle 17 in localit\u00e0 Umin. Vigili del Fuoco in massa\u00a0 per spegnere le fiamme che hanno interessato l&#8217;abitazione dei coniugi Lara Nard e\u00a0 Demis Giordano (di propriet\u00e0 della famiglia Cecchin). L&#8217;edificio, seriamente danneggiato \u00e8 risultato inagibile. Proprietari e familiari illesi perch\u00e9 sono riusciti a mettersi in salvo, in casa c&#8217;era la mamma con i quattro figli dai 5 ai 13 anni,\u00a0 momentaneamente sono alloggiati a in casa di partenti. Per i rilievi di legge sono intervenuti i Carabinieri.\u00a0 I vigili del fuoco sono arrivati dal locale distaccamento, da Belluno e con i volontari di Feltre, basso feltrino e Belluno con 3 autopompe, 2 autobotti, un\u2019autoscala, un carro aria, 4 mezzi di supporto e 25 operatori, sono riusciti a circoscrivere le fiamme, evitando il coinvolgimento di tutto il caseggiato. Bruciato tutto il tetto e il piano sottostante dell\u2019abitazione dove sono divampate le fiamme, danneggiata la propriet\u00e0 attigua. Proseguite per tutta la notte le operazioni di completo raffreddamento e bonifica. Le cause dell\u2019incendio sono al vaglio dei tecnici dei vigili del fuoco che stanno valutando tutte le ipotesi sulla scorta anche delle testimonianze, quella di un vicino di casa in particolare, l&#8217;uomo \u00e8 intervenuto per primo e che ha raccontato di uno scoppio che ha preceduto le fiamme, forse causato\u00a0 da una bombola del gas.<\/p>\n<p>&nbsp;<\/p>\n<div class=\"dati1w0a f10w8fjw hv4rvrfc pybr56ya\">\n<div class=\"kbf60n1y btwxx1t3 j83agx80 cwj9ozl2\">\n<div class=\"buofh1pr\">\n<div class=\"j83agx80 cbu4d94t ew0dbk1b irj2b8pg\">\n<div class=\"qzhwtbm6 knvmm38d\">\n<div class=\"jq4qci2q ekzkrbhg a3bd9o3v\">\n<div dir=\"ltr\">\n<div class=\"nc684nl6\"><a class=\"oajrlxb2 g5ia77u1 qu0x051f esr5mh6w e9989ue4 r7d6kgcz rq0escxv nhd2j8a9 nc684nl6 p7hjln8o kvgmc6g5 cxmmr5t8 oygrvhab hcukyx3x jb3vyjys rz4wbd8a qt6c0cv9 a8nywdso i1ao9s8h esuyzwwr f1sip0of lzcic4wl oo9gr5id gpro0wi8 lrazzd5p\" tabindex=\"0\" role=\"link\" href=\"https:\/\/www.facebook.com\/luca.di.feltre44?__cft__[0]=AZWMOk7md8fhYe2QmtAJnPwVKm0Nb61gwuW8nrSZbWMjF5Yhn50990LUWzDjfF-HKN9mHSF2Mrf39GTaRwxeKbTDUdz9gcGj0509dUSZ0O968_IcZtMlh5SzPePryj-bn3rQhCUGSBoAAX--XG7x8X6eSOWjgJ4V0R91SQzjikxjI2JItnhoNemTdUye-sj3stk&amp;__tn__=-UC%2CP-y-R\">Luca Di Feltre<\/a> <a class=\"oajrlxb2 g5ia77u1 qu0x051f esr5mh6w e9989ue4 r7d6kgcz rq0escxv nhd2j8a9 nc684nl6 p7hjln8o kvgmc6g5 cxmmr5t8 oygrvhab hcukyx3x jb3vyjys rz4wbd8a qt6c0cv9 a8nywdso i1ao9s8h esuyzwwr f1sip0of lzcic4wl oo9gr5id gpro0wi8 lrazzd5p\" tabindex=\"0\" role=\"link\" href=\"https:\/\/www.facebook.com\/groups\/201622996704234\/?__cft__[0]=AZWMOk7md8fhYe2QmtAJnPwVKm0Nb61gwuW8nrSZbWMjF5Yhn50990LUWzDjfF-HKN9mHSF2Mrf39GTaRwxeKbTDUdz9gcGj0509dUSZ0O968_IcZtMlh5SzPePryj-bn3rQhCUGSBoAAX--XG7x8X6eSOWjgJ4V0R91SQzjikxjI2JItnhoNemTdUye-sj3stk&amp;__tn__=-UC%2CP-y-R\">Sei De Feltre Se&#8230;<\/a>\u00a0 \u00a0Per la Famiglia dell&#8217;incendio divampato ieri sera ad Umin: \u00c8 una famiglia che ha veramente bisogno. Il bar di Villabruna,davanti alla chiesa si \u00e8 offerto di fare il punto di raccolta. Se qualcuno vuole pu\u00f2 portare li anche vestiti per una bambina di 5 anni, uno di 7, e 2 ragazze di 14 e 15 anni&#8230;.Per la famiglia dell&#8217;incendio a Umin<\/div>\n<div><\/div>\n<\/div>\n<\/div>\n<\/div>\n<\/div>\n<\/div>\n<\/div>\n<\/div>\n\n\t\t\t<style type='text\/css'>\n\t\t\t\t#gallery-2 {\n\t\t\t\t\tmargin: auto;\n\t\t\t\t}\n\t\t\t\t#gallery-2 .gallery-item {\n\t\t\t\t\tfloat: left;\n\t\t\t\t\tmargin-top: 10px;\n\t\t\t\t\ttext-align: center;\n\t\t\t\t\twidth: 25%;\n\t\t\t\t}\n\t\t\t\t#gallery-2 img {\n\t\t\t\t\tborder: 2px solid #cfcfcf;\n\t\t\t\t}\n\t\t\t\t#gallery-2 .gallery-caption {\n\t\t\t\t\tmargin-left: 0;\n\t\t\t\t}\n\t\t\t\t\/* see gallery_shortcode() in wp-includes\/media.php *\/\n\t\t\t<\/style>\n\t\t<div id='gallery-2' class='dt-gallery-container gallery galleryid-174941 gallery-columns-4 gallery-size-thumbnail'><dl class='gallery-item'>\n\t\t\t\t<dt class='gallery-icon landscape'>\n\t\t\t\t\t<a class=\"rollover rollover-zoom dt-pswp-item\" title=\"5ddd9d8b-a681-4565-a125-65108b7a9982\" data-dt-img-description=\"\" data-large_image_width=\"1280\" data-large_image_height=\"960\"href='https:\/\/www.radiopiu.net\/wordpress\/wp-content\/uploads\/2020\/11\/5ddd9d8b-a681-4565-a125-65108b7a9982.jpg'><img loading=\"lazy\" decoding=\"async\" width=\"150\" height=\"150\" src=\"https:\/\/www.radiopiu.net\/wordpress\/wp-content\/uploads\/2020\/11\/5ddd9d8b-a681-4565-a125-65108b7a9982-150x150.jpg\" class=\"attachment-thumbnail size-thumbnail\" alt=\"\" \/><\/a>\n\t\t\t\t<\/dt><\/dl><dl class='gallery-item'>\n\t\t\t\t<dt class='gallery-icon landscape'>\n\t\t\t\t\t<a class=\"rollover rollover-zoom dt-pswp-item\" title=\"db3c85c2-d524-47db-b84e-6b5b12410188\" data-dt-img-description=\"\" data-large_image_width=\"960\" data-large_image_height=\"528\"href='https:\/\/www.radiopiu.net\/wordpress\/wp-content\/uploads\/2020\/11\/db3c85c2-d524-47db-b84e-6b5b12410188.jpg'><img loading=\"lazy\" decoding=\"async\" width=\"150\" height=\"150\" src=\"https:\/\/www.radiopiu.net\/wordpress\/wp-content\/uploads\/2020\/11\/db3c85c2-d524-47db-b84e-6b5b12410188-150x150.jpg\" class=\"attachment-thumbnail size-thumbnail\" alt=\"\" \/><\/a>\n\t\t\t\t<\/dt><\/dl><dl class='gallery-item'>\n\t\t\t\t<dt class='gallery-icon landscape'>\n\t\t\t\t\t<a class=\"rollover rollover-zoom dt-pswp-item\" title=\"3941e9d3-8081-4239-b705-6ec9a27458e5\" data-dt-img-description=\"\" data-large_image_width=\"720\" data-large_image_height=\"496\"href='https:\/\/www.radiopiu.net\/wordpress\/wp-content\/uploads\/2020\/11\/3941e9d3-8081-4239-b705-6ec9a27458e5.jpg'><img loading=\"lazy\" decoding=\"async\" width=\"150\" height=\"150\" src=\"https:\/\/www.radiopiu.net\/wordpress\/wp-content\/uploads\/2020\/11\/3941e9d3-8081-4239-b705-6ec9a27458e5-150x150.jpg\" class=\"attachment-thumbnail size-thumbnail\" alt=\"\" \/><\/a>\n\t\t\t\t<\/dt><\/dl><dl class='gallery-item'>\n\t\t\t\t<dt class='gallery-icon landscape'>\n\t\t\t\t\t<a class=\"rollover rollover-zoom dt-pswp-item\" title=\"4bc3824c-37d1-48f5-8d93-4359f013d4fa\" data-dt-img-description=\"\" data-large_image_width=\"1280\" data-large_image_height=\"960\"href='https:\/\/www.radiopiu.net\/wordpress\/wp-content\/uploads\/2020\/11\/4bc3824c-37d1-48f5-8d93-4359f013d4fa.jpg'><img loading=\"lazy\" decoding=\"async\" width=\"150\" height=\"150\" src=\"https:\/\/www.radiopiu.net\/wordpress\/wp-content\/uploads\/2020\/11\/4bc3824c-37d1-48f5-8d93-4359f013d4fa-150x150.jpg\" class=\"attachment-thumbnail size-thumbnail\" alt=\"\" \/><\/a>\n\t\t\t\t<\/dt><\/dl><br style=\"clear: both\" \/>\n\t\t\t<\/div>\n\n<div style=\"width: 1200px;\" class=\"wp-video\"><video class=\"wp-video-shortcode\" id=\"video-174941-2\" width=\"1200\" height=\"675\" preload=\"metadata\" controls=\"controls\"><source type=\"video\/mp4\" src=\"https:\/\/www.radiopiu.net\/wordpress\/wp-content\/uploads\/2020\/11\/WhatsApp-Video-2020-11-24-at-22.27.15.mp4?_=2\" \/><a href=\"https:\/\/www.radiopiu.net\/wordpress\/wp-content\/uploads\/2020\/11\/WhatsApp-Video-2020-11-24-at-22.27.15.mp4\">https:\/\/www.radiopiu.net\/wordpress\/wp-content\/uploads\/2020\/11\/WhatsApp-Video-2020-11-24-at-22.27.15.mp4<\/a><\/video><\/div>\n<p>&nbsp;<\/p>\n<\/div>\n<\/div>\n<\/div>\n<\/div>\n<\/div>\n<\/div>\n<\/div>\n","protected":false},"excerpt":{"rendered":"<p>FELTRE Sono proseguite ieri per tutto il giorno le operazioni di bonifica dei vigili del fuoco dell\u2019incendio abitazione divampato martedi pomeriggio. Le squadre accorse dal locale distaccamento, dalla centrale e con l\u2019apporto dei volontari di Feltre, basso feltrino e Belluno, sono riuscite a contenere e circoscrivere l\u2019incendio alla sola abitazione dove sono divampate le fiamme,&hellip;<\/p>\n","protected":false},"author":4,"featured_media":174954,"comment_status":"closed","ping_status":"closed","sticky":false,"template":"","format":"standard","meta":{"_monsterinsights_skip_tracking":false,"_monsterinsights_sitenote_active":false,"_monsterinsights_sitenote_note":"","_monsterinsights_sitenote_category":0,"footnotes":""},"categories":[104,49],"tags":[],"class_list":["post-174941","post","type-post","status-publish","format-standard","has-post-thumbnail","hentry","category-evidenza_3","category-news-18","category-104","category-49","description-off"],"img_url":"https:\/\/www.radiopiu.net\/wordpress\/wp-content\/uploads\/2020\/11\/127242088_2691365514459418_2725214686363645256_o.jpg","_links":{"self":[{"href":"https:\/\/www.radiopiu.net\/wordpress\/wp-json\/wp\/v2\/posts\/174941","targetHints":{"allow":["GET"]}}],"collection":[{"href":"https:\/\/www.radiopiu.net\/wordpress\/wp-json\/wp\/v2\/posts"}],"about":[{"href":"https:\/\/www.radiopiu.net\/wordpress\/wp-json\/wp\/v2\/types\/post"}],"author":[{"embeddable":true,"href":"https:\/\/www.radiopiu.net\/wordpress\/wp-json\/wp\/v2\/users\/4"}],"replies":[{"embeddable":true,"href":"https:\/\/www.radiopiu.net\/wordpress\/wp-json\/wp\/v2\/comments?post=174941"}],"version-history":[{"count":0,"href":"https:\/\/www.radiopiu.net\/wordpress\/wp-json\/wp\/v2\/posts\/174941\/revisions"}],"wp:featuredmedia":[{"embeddable":true,"href":"https:\/\/www.radiopiu.net\/wordpress\/wp-json\/wp\/v2\/media\/174954"}],"wp:attachment":[{"href":"https:\/\/www.radiopiu.net\/wordpress\/wp-json\/wp\/v2\/media?parent=174941"}],"wp:term":[{"taxonomy":"category","embeddable":true,"href":"https:\/\/www.radiopiu.net\/wordpress\/wp-json\/wp\/v2\/categories?post=174941"},{"taxonomy":"post_tag","embeddable":true,"href":"https:\/\/www.radiopiu.net\/wordpress\/wp-json\/wp\/v2\/tags?post=174941"}],"curies":[{"name":"wp","href":"https:\/\/api.w.org\/{rel}","templated":true}]}}