{"id":174998,"date":"2020-11-26T05:30:49","date_gmt":"2020-11-26T04:30:49","guid":{"rendered":"https:\/\/www.radiopiu.net\/wordpress\/?p=174998"},"modified":"2020-11-26T05:50:29","modified_gmt":"2020-11-26T04:50:29","slug":"conclusione-i-lavori-a-perencina-e-pian-di-alleghe","status":"publish","type":"post","link":"https:\/\/www.radiopiu.net\/wordpress\/conclusione-i-lavori-a-perencina-e-pian-di-alleghe\/","title":{"rendered":"IN FASE DI CONCLUSIONE I LAVORI A PERENCINA E PIAN DI ALLEGHE"},"content":{"rendered":"<blockquote><p><em>A Pian finalmente sar\u00e0 garantito il transito ai mezzi di soccorso. Cantiere da 170 mila euro per un miglior accesso alla frazione<\/em><\/p><\/blockquote>\n<p><strong>BELLUNO<\/strong> Sono in fase conclusiva i due cantieri di messa in sicurezza che riguardano il Comune di Alleghe. Due interventi che la Provincia ha avviato in somma urgenza a seguito degli episodi di maltempo di agosto e ottobre, quando alcune criticit\u00e0 emerse dalla tempesta Vaia si erano aggravate, rendendo necessario l\u2019avvio dei lavori. Il primo intervento, ultimato da pochi giorni, \u00e8 stato effettuato in localit\u00e0 Perencina, dove \u00e8 stato consolidato un tratto della strada di collegamento alla frazione. Il progetto ha previsto l\u2019utilizzo di particolari reti \u201ca ombrello\u201d, in modo da consolidare un dissesto che minacciava la viabilit\u00e0. Il costo complessivo si aggira sui 30mila euro. Ben pi\u00f9 consistente il secondo intervento, in localit\u00e0 Pian, dove un tratto di strada &#8211; l\u2019unica di accesso alla borgata &#8211; aveva ceduto per circa 50 metri. Un problema che si era manifestato gi\u00e0 all\u2019indomani di Vaia e aveva richiesto un monitoraggio costante. Le piogge di fine agosto e di ottobre hanno accentuato le criticit\u00e0, rendendo impraticabile met\u00e0 carreggiata. Il progetto ha previsto l\u2019installazione di micropali da 10 metri e la realizzazione di un cordolo in cemento armato per bloccare il dissesto. A completare i lavori, gi\u00e0 in questi giorni, l\u2019asfaltatura finale della strada. \u00abUn cantiere da 170mila euro che assicura l\u2019accesso alla frazione e garantisce vivibilit\u00e0 ai residenti &#8211; continua il consigliere Bortoluzzi -. \u00c8 sempre questo lo spirito con cui portiamo avanti questo genere di interventi, finalizzati a tamponare il pi\u00f9 possibile frane e dissesti, che purtroppo sono tantissimi, e contrastare in maniera concreta lo spopolamento della montagna. Nonostante le note carenze di personale, grazie alla professionalit\u00e0 degli uffici e del dirigente Piero Zanchetta tornato dalla pensione, anche nel 2020 la Provincia \u00e8 riuscita a mandare avanti i lavori.<\/p>\n<p>IL CONSIGLIERE PROVINCIALE MASSIMO BORTOLUZZI<\/p>\n<audio class=\"wp-audio-shortcode\" id=\"audio-174998-1\" preload=\"none\" style=\"width: 100%;\" controls=\"controls\"><source type=\"audio\/mpeg\" src=\"https:\/\/www.radiopiu.net\/wordpress\/wp-content\/uploads\/2020\/11\/MASSIMO.mp3?_=1\" \/><a href=\"https:\/\/www.radiopiu.net\/wordpress\/wp-content\/uploads\/2020\/11\/MASSIMO.mp3\">https:\/\/www.radiopiu.net\/wordpress\/wp-content\/uploads\/2020\/11\/MASSIMO.mp3<\/a><\/audio>\n<p>&nbsp;<\/p>\n\n\t\t\t<style type='text\/css'>\n\t\t\t\t#gallery-1 {\n\t\t\t\t\tmargin: auto;\n\t\t\t\t}\n\t\t\t\t#gallery-1 .gallery-item {\n\t\t\t\t\tfloat: left;\n\t\t\t\t\tmargin-top: 10px;\n\t\t\t\t\ttext-align: center;\n\t\t\t\t\twidth: 33%;\n\t\t\t\t}\n\t\t\t\t#gallery-1 img {\n\t\t\t\t\tborder: 2px solid #cfcfcf;\n\t\t\t\t}\n\t\t\t\t#gallery-1 .gallery-caption {\n\t\t\t\t\tmargin-left: 0;\n\t\t\t\t}\n\t\t\t\t\/* see gallery_shortcode() in wp-includes\/media.php *\/\n\t\t\t<\/style>\n\t\t<div id='gallery-1' class='dt-gallery-container gallery galleryid-174998 gallery-columns-3 gallery-size-thumbnail'><dl class='gallery-item'>\n\t\t\t\t<dt class='gallery-icon landscape'>\n\t\t\t\t\t<a class=\"rollover rollover-zoom dt-pswp-item\" title=\"PHOTO-2020-11-25-13-08-39\" data-dt-img-description=\"\" data-large_image_width=\"1024\" data-large_image_height=\"768\"href='https:\/\/www.radiopiu.net\/wordpress\/wp-content\/uploads\/2020\/11\/PHOTO-2020-11-25-13-08-39.jpg'><img loading=\"lazy\" decoding=\"async\" width=\"150\" height=\"150\" src=\"https:\/\/www.radiopiu.net\/wordpress\/wp-content\/uploads\/2020\/11\/PHOTO-2020-11-25-13-08-39-150x150.jpg\" class=\"attachment-thumbnail size-thumbnail\" alt=\"\" \/><\/a>\n\t\t\t\t<\/dt><\/dl><dl class='gallery-item'>\n\t\t\t\t<dt class='gallery-icon landscape'>\n\t\t\t\t\t<a class=\"rollover rollover-zoom dt-pswp-item\" title=\"PHOTO-2020-11-25-13-08-39-1\" data-dt-img-description=\"\" data-large_image_width=\"1024\" data-large_image_height=\"576\"href='https:\/\/www.radiopiu.net\/wordpress\/wp-content\/uploads\/2020\/11\/PHOTO-2020-11-25-13-08-39-1.jpg'><img loading=\"lazy\" decoding=\"async\" width=\"150\" height=\"150\" src=\"https:\/\/www.radiopiu.net\/wordpress\/wp-content\/uploads\/2020\/11\/PHOTO-2020-11-25-13-08-39-1-150x150.jpg\" class=\"attachment-thumbnail size-thumbnail\" alt=\"\" \/><\/a>\n\t\t\t\t<\/dt><\/dl><dl class='gallery-item'>\n\t\t\t\t<dt class='gallery-icon landscape'>\n\t\t\t\t\t<a class=\"rollover rollover-zoom dt-pswp-item\" title=\"PHOTO-2020-11-25-13-08-39-2\" data-dt-img-description=\"\" data-large_image_width=\"1024\" data-large_image_height=\"576\"href='https:\/\/www.radiopiu.net\/wordpress\/wp-content\/uploads\/2020\/11\/PHOTO-2020-11-25-13-08-39-2.jpg'><img loading=\"lazy\" decoding=\"async\" width=\"150\" height=\"150\" src=\"https:\/\/www.radiopiu.net\/wordpress\/wp-content\/uploads\/2020\/11\/PHOTO-2020-11-25-13-08-39-2-150x150.jpg\" class=\"attachment-thumbnail size-thumbnail\" alt=\"\" \/><\/a>\n\t\t\t\t<\/dt><\/dl><br style=\"clear: both\" \/>\n\t\t\t<\/div>\n\n","protected":false},"excerpt":{"rendered":"<p>A Pian finalmente sar\u00e0 garantito il transito ai mezzi di soccorso. Cantiere da 170 mila euro per un miglior accesso alla frazione BELLUNO Sono in fase conclusiva i due cantieri di messa in sicurezza che riguardano il Comune di Alleghe. Due interventi che la Provincia ha avviato in somma urgenza a seguito degli episodi di&hellip;<\/p>\n","protected":false},"author":4,"featured_media":175000,"comment_status":"closed","ping_status":"closed","sticky":false,"template":"","format":"standard","meta":{"_monsterinsights_skip_tracking":false,"_monsterinsights_sitenote_active":false,"_monsterinsights_sitenote_note":"","_monsterinsights_sitenote_category":0,"footnotes":""},"categories":[51,49],"tags":[],"class_list":["post-174998","post","type-post","status-publish","format-standard","has-post-thumbnail","hentry","category-evidenza-top","category-news-18","category-51","category-49","description-off"],"img_url":"https:\/\/www.radiopiu.net\/wordpress\/wp-content\/uploads\/2020\/11\/PHOTO-2020-11-25-13-08-39-1.jpg","_links":{"self":[{"href":"https:\/\/www.radiopiu.net\/wordpress\/wp-json\/wp\/v2\/posts\/174998","targetHints":{"allow":["GET"]}}],"collection":[{"href":"https:\/\/www.radiopiu.net\/wordpress\/wp-json\/wp\/v2\/posts"}],"about":[{"href":"https:\/\/www.radiopiu.net\/wordpress\/wp-json\/wp\/v2\/types\/post"}],"author":[{"embeddable":true,"href":"https:\/\/www.radiopiu.net\/wordpress\/wp-json\/wp\/v2\/users\/4"}],"replies":[{"embeddable":true,"href":"https:\/\/www.radiopiu.net\/wordpress\/wp-json\/wp\/v2\/comments?post=174998"}],"version-history":[{"count":0,"href":"https:\/\/www.radiopiu.net\/wordpress\/wp-json\/wp\/v2\/posts\/174998\/revisions"}],"wp:featuredmedia":[{"embeddable":true,"href":"https:\/\/www.radiopiu.net\/wordpress\/wp-json\/wp\/v2\/media\/175000"}],"wp:attachment":[{"href":"https:\/\/www.radiopiu.net\/wordpress\/wp-json\/wp\/v2\/media?parent=174998"}],"wp:term":[{"taxonomy":"category","embeddable":true,"href":"https:\/\/www.radiopiu.net\/wordpress\/wp-json\/wp\/v2\/categories?post=174998"},{"taxonomy":"post_tag","embeddable":true,"href":"https:\/\/www.radiopiu.net\/wordpress\/wp-json\/wp\/v2\/tags?post=174998"}],"curies":[{"name":"wp","href":"https:\/\/api.w.org\/{rel}","templated":true}]}}