{"id":175009,"date":"2020-11-26T09:55:19","date_gmt":"2020-11-26T08:55:19","guid":{"rendered":"https:\/\/www.radiopiu.net\/wordpress\/?p=175009"},"modified":"2020-11-26T09:55:50","modified_gmt":"2020-11-26T08:55:50","slug":"ordinanza-in-vigore-da-oggi-tutti-i-chiarimenti","status":"publish","type":"post","link":"https:\/\/www.radiopiu.net\/wordpress\/ordinanza-in-vigore-da-oggi-tutti-i-chiarimenti\/","title":{"rendered":"ORDINANZA IN VIGORE DA OGGI, TUTTI I CHIARIMENTI"},"content":{"rendered":"<p><strong>1) Nel calcolo delle persone che possono essere presenti negli esercizi commerciali sono conteggiati anche gli operatori dell\u2019esercizio?<\/strong><br \/>\nNo, si conteggiano solo i clienti.<\/p>\n<p><strong>2) Negli esercizi commerciali, la vigilanza sull\u2019accesso deve essere svolta da una persona appositamente dedicata e riservata?<\/strong><br \/>\nAssolutamente no. La previsione \u00e8 volta esclusivamente a far in modo che ci sia sempre un responsabile del controllo, che pu\u00f2 ben essere, ad esempio, anche il titolare o altro dipendente dell\u2019esercizio, che la pu\u00f2 svolgere dall\u2019interno mentre lavora se le dimensioni e la struttura del negozio lo consentono. In sostanza, il gestore o chi opera all\u2019interno \u00e8 chiamato a verificare che il numero dei clienti all\u2019interno sia in linea con le previsioni anticovid. Si ricorda che il limite di un cliente per i primi 40 mq \u00e8 stabilito dai dpcm fin da aprile.<\/p>\n<p><strong>3) I gestori di esercizi commerciali rispondono per qualsiasi assembramento che si crei davanti ai negozi?<\/strong><br \/>\nNo. Occorre ricordare che quasi sempre ci si trova su area pubblica, sulla quale gli esercenti non possono intervenire. Di certo, il gestore che fa il possibile, sulla sua propriet\u00e0, per evitare le violazioni all\u2019esterno del negozio (es. utilizzando cartelli o avvisi), non risponde se la gente non rispetta le sue indicazioni.<\/p>\n<p><strong>4) Nei centri o parchi commerciali si computa la superficie comune da cui si accede alle varie strutture di vendita interne per determinare il numero massimo di clienti che possono entrare?<\/strong><br \/>\nNo, si computa solo la superficie commerciale di vendita e quindi quella dei negozi. Possono essere collocati all\u2019esterno del centro commerciale cartelli o visualizzatori del limite massimo di presenze derivante semplicemente dalla somma delle superfici di\u00a0 endita di ciascun esercizio, senza contare le parti comuni.<\/p>\n<p><strong>5) \u00c8 possibile lo svolgimento di attivit\u00e0 benefiche con banchetti davanti a chiese, nelle piazze, ecc.?<\/strong><br \/>\nSi. Non si tratta di attivit\u00e0 commerciale ma di eventi in forma statica. E\u2019 importante che non si formino assembramenti e che siano rigorosamente rispettati gli obblighi di uso della mascherina e di distanziamento.<\/p>\n<p><strong>6) E\u2019 possibile svolgere le attivit\u00e0 di tirocinio o di stage, previste da progetti formativi regionali, in presenza presso le imprese ospitanti, qualora le disposizioni aziendali lo consentano?<\/strong><br \/>\nNo. Le attivit\u00e0 formative presenti nell&#8217;ambito dell&#8217;offerta formativa regionale rientrano tra quelle per le quali il DPCM 3\/11\/2020 (lettera s, punto 9, art. 1) ha disposto la sospensione nella modalit\u00e0 in presenza. Tra queste attivit\u00e0 sospese rientrano gli stage e i tirocini curricolari ed extracurriculari. Evidentemente la disposizione normativa mira alla salvaguardia della salute identificandola come prioritaria rispetto alla formazione in presenza che si realizza in azienda attraverso le diverse esperienze (stage, tirocinio ecc.) anche qualora l&#8217;attivit\u00e0 aziendale proceda regolarmente, nel rispetto dei protocolli di sicurezza.<\/p>\n<p><strong>7) I servizi alla persona (es. parrucchieri) sono soggetti ai limiti di presenza dell\u2019ordinanza n. 156?<\/strong><br \/>\nNo. L\u2019ordinanza si riferisce agli esercizi commerciali.<\/p>\n<p><strong>8) Si possono fare camminate in gruppi di nordicwalking?<\/strong><br \/>\nS\u00ec, anche con transito tra pi\u00f9 comuni, purch\u00e8 non si attraversino i centri storici e i luoghi affollati. Occorre, inoltre, che il gruppo rispetti rigorosamente il distanziamento di m. 2 previsto per l\u2019attivit\u00e0 sportiva e siano utilizzate le mascherine<\/p>\n","protected":false},"excerpt":{"rendered":"<p>1) Nel calcolo delle persone che possono essere presenti negli esercizi commerciali sono conteggiati anche gli operatori dell\u2019esercizio? No, si conteggiano solo i clienti. 2) Negli esercizi commerciali, la vigilanza sull\u2019accesso deve essere svolta da una persona appositamente dedicata e riservata? Assolutamente no. La previsione \u00e8 volta esclusivamente a far in modo che ci sia&hellip;<\/p>\n","protected":false},"author":4,"featured_media":121793,"comment_status":"closed","ping_status":"closed","sticky":false,"template":"","format":"standard","meta":{"_monsterinsights_skip_tracking":false,"_monsterinsights_sitenote_active":false,"_monsterinsights_sitenote_note":"","_monsterinsights_sitenote_category":0,"footnotes":""},"categories":[51,49],"tags":[],"class_list":["post-175009","post","type-post","status-publish","format-standard","has-post-thumbnail","hentry","category-evidenza-top","category-news-18","category-51","category-49","description-off"],"img_url":"https:\/\/www.radiopiu.net\/wordpress\/wp-content\/uploads\/2020\/03\/covid-importante.jpg","_links":{"self":[{"href":"https:\/\/www.radiopiu.net\/wordpress\/wp-json\/wp\/v2\/posts\/175009","targetHints":{"allow":["GET"]}}],"collection":[{"href":"https:\/\/www.radiopiu.net\/wordpress\/wp-json\/wp\/v2\/posts"}],"about":[{"href":"https:\/\/www.radiopiu.net\/wordpress\/wp-json\/wp\/v2\/types\/post"}],"author":[{"embeddable":true,"href":"https:\/\/www.radiopiu.net\/wordpress\/wp-json\/wp\/v2\/users\/4"}],"replies":[{"embeddable":true,"href":"https:\/\/www.radiopiu.net\/wordpress\/wp-json\/wp\/v2\/comments?post=175009"}],"version-history":[{"count":0,"href":"https:\/\/www.radiopiu.net\/wordpress\/wp-json\/wp\/v2\/posts\/175009\/revisions"}],"wp:featuredmedia":[{"embeddable":true,"href":"https:\/\/www.radiopiu.net\/wordpress\/wp-json\/wp\/v2\/media\/121793"}],"wp:attachment":[{"href":"https:\/\/www.radiopiu.net\/wordpress\/wp-json\/wp\/v2\/media?parent=175009"}],"wp:term":[{"taxonomy":"category","embeddable":true,"href":"https:\/\/www.radiopiu.net\/wordpress\/wp-json\/wp\/v2\/categories?post=175009"},{"taxonomy":"post_tag","embeddable":true,"href":"https:\/\/www.radiopiu.net\/wordpress\/wp-json\/wp\/v2\/tags?post=175009"}],"curies":[{"name":"wp","href":"https:\/\/api.w.org\/{rel}","templated":true}]}}