{"id":175021,"date":"2020-11-26T05:36:26","date_gmt":"2020-11-26T04:36:26","guid":{"rendered":"https:\/\/www.radiopiu.net\/wordpress\/?p=175021"},"modified":"2020-11-26T05:48:30","modified_gmt":"2020-11-26T04:48:30","slug":"incendio-a-umin-attivate-le-misure-di-sostegno-al-nucleo-famigliare","status":"publish","type":"post","link":"https:\/\/www.radiopiu.net\/wordpress\/incendio-a-umin-attivate-le-misure-di-sostegno-al-nucleo-famigliare\/","title":{"rendered":"INCENDIO A UMIN, ATTIVATE LE MISURE DI SOSTEGNO AL NUCLEO FAMIGLIARE"},"content":{"rendered":"<p><strong>FELTRE<\/strong> <span style=\"font-size: large;\">A seguito dell\u2019incendio che ha gravemente danneggiato un\u2019abitazione l\u2019Amministrazione ha prontamente attivato i Servizi Sociali presso l\u2019Azienda Feltrina per i Servizi alla Persona, al fine di provvedere alle necessit\u00e0 pi\u00f9 urgenti. <\/span><span style=\"font-size: large;\">Nella giornata di oggi le persone interessate sono state accolte in un appartamento idoneo. <\/span><span style=\"font-size: large;\">Contemporaneamente, anche alla luce della disponibilit\u00e0 di numerosi cittadini ed associazioni, che hanno contattato il Comune per chiedere come poter intervenire, l\u2019Amministrazione ha valutato di dar corso ad una sottoscrizione pubblica. Chi volesse pu\u00f2 aderire attraverso bonifico sul<\/span><\/p>\n<blockquote>\n<h3><span style=\"font-size: large;\">C\/C n. 771 <\/span><span style=\"font-size: large;\">intestato a: Azienda Feltrina per i Servizi alla Persona \u2013 Alimentiamo la solidariet\u00e0 <\/span><span style=\"font-size: large;\">Presso: Banca Prealpi Sanbiagio \u2013 Filiale di Feltre <\/span><span style=\"font-size: large;\">IBAN: IT 30 O 08904 61110 026000000771 <\/span><span style=\"font-size: large;\">con causale: \u201cEmergenza Umin\u201d.<\/span><\/h3>\n<\/blockquote>\n<p align=\"JUSTIFY\"><span style=\"font-size: large;\">Il sindaco Perenzin:<em> \u201cRingrazio tutti i cittadini, i gruppi e le associazioni che, a vario titolo e in vario modo, in queste ore hanno manifestato la loro grande solidariet\u00e0 e si sono gi\u00e0 mossi a sostegno delle persone cos\u00ec duramente colpite dall\u2019incendio di ieri. Il Comune, in collaborazione con altri enti, \u00e8 al lavoro per garantire loro tutti i sostegni necessari; invito i cittadini che volessero dare il loro aiuto a fare riferimento ai Servizi Sociali presso l\u2019Azienda Feltrina, nell\u2019ottica di coordinare al meglio tutti gli interventi nell\u2019interesse della famiglia, anche relativamente ad altre azioni (donazioni di materiali, vestiario etc.)\u201d.<\/em><\/span><\/p>\n<p align=\"JUSTIFY\">\n","protected":false},"excerpt":{"rendered":"<p>FELTRE A seguito dell\u2019incendio che ha gravemente danneggiato un\u2019abitazione l\u2019Amministrazione ha prontamente attivato i Servizi Sociali presso l\u2019Azienda Feltrina per i Servizi alla Persona, al fine di provvedere alle necessit\u00e0 pi\u00f9 urgenti. Nella giornata di oggi le persone interessate sono state accolte in un appartamento idoneo. Contemporaneamente, anche alla luce della disponibilit\u00e0 di numerosi cittadini&hellip;<\/p>\n","protected":false},"author":4,"featured_media":174943,"comment_status":"closed","ping_status":"closed","sticky":false,"template":"","format":"standard","meta":{"_monsterinsights_skip_tracking":false,"_monsterinsights_sitenote_active":false,"_monsterinsights_sitenote_note":"","_monsterinsights_sitenote_category":0,"footnotes":""},"categories":[51,104,49],"tags":[],"class_list":["post-175021","post","type-post","status-publish","format-standard","has-post-thumbnail","hentry","category-evidenza-top","category-evidenza_3","category-news-18","category-51","category-104","category-49","description-off"],"img_url":"https:\/\/www.radiopiu.net\/wordpress\/wp-content\/uploads\/2020\/11\/29bfd272-58e7-42bd-a676-324547d3e3c0.jpg","_links":{"self":[{"href":"https:\/\/www.radiopiu.net\/wordpress\/wp-json\/wp\/v2\/posts\/175021","targetHints":{"allow":["GET"]}}],"collection":[{"href":"https:\/\/www.radiopiu.net\/wordpress\/wp-json\/wp\/v2\/posts"}],"about":[{"href":"https:\/\/www.radiopiu.net\/wordpress\/wp-json\/wp\/v2\/types\/post"}],"author":[{"embeddable":true,"href":"https:\/\/www.radiopiu.net\/wordpress\/wp-json\/wp\/v2\/users\/4"}],"replies":[{"embeddable":true,"href":"https:\/\/www.radiopiu.net\/wordpress\/wp-json\/wp\/v2\/comments?post=175021"}],"version-history":[{"count":0,"href":"https:\/\/www.radiopiu.net\/wordpress\/wp-json\/wp\/v2\/posts\/175021\/revisions"}],"wp:featuredmedia":[{"embeddable":true,"href":"https:\/\/www.radiopiu.net\/wordpress\/wp-json\/wp\/v2\/media\/174943"}],"wp:attachment":[{"href":"https:\/\/www.radiopiu.net\/wordpress\/wp-json\/wp\/v2\/media?parent=175021"}],"wp:term":[{"taxonomy":"category","embeddable":true,"href":"https:\/\/www.radiopiu.net\/wordpress\/wp-json\/wp\/v2\/categories?post=175021"},{"taxonomy":"post_tag","embeddable":true,"href":"https:\/\/www.radiopiu.net\/wordpress\/wp-json\/wp\/v2\/tags?post=175021"}],"curies":[{"name":"wp","href":"https:\/\/api.w.org\/{rel}","templated":true}]}}