{"id":175142,"date":"2020-11-27T05:44:43","date_gmt":"2020-11-27T04:44:43","guid":{"rendered":"https:\/\/www.radiopiu.net\/wordpress\/?p=175142"},"modified":"2020-11-27T06:00:09","modified_gmt":"2020-11-27T05:00:09","slug":"punto-stampa-di-luca-zaia-presidente-del-veneto","status":"publish","type":"post","link":"https:\/\/www.radiopiu.net\/wordpress\/punto-stampa-di-luca-zaia-presidente-del-veneto\/","title":{"rendered":"PERSONALE INFERMIERISTICO INVITATO NELLE CASE DI RIPOSO A 35 EURO L&#8217;ORA, OLTRE L&#8217;ORARIO DI LAVORO.  GASPARIN NUOVO DIRETTORE GENERALE. IN DIRETTA DA VENEZIA: LUCA ZAIA &#8220;"},"content":{"rendered":"<p><strong>VENEZIA<\/strong> Punto stampa del 26 novembre da Marghera con il presidente Luca Zaia e gli assessori Gianpaolo Bottacin e Manuela Lanzarin.<\/p>\n<p><span style=\"color: #ff0000;\"><strong>I NUMERI\u00a0<\/strong> <\/span>Tamponi 2.734.036 (+19.146)\u00a0 Test Rapidi 878.756 (+40.809)\u00a0 Positivi 134.056 (+3.980)\u00a0 In isolamento 44.437 (-1.250) Ricoverati 2.579 (+50)\u00a0 \u00a0In terapia intensiva 323 (-2) Decessi 3501 (+72) DIMESSI 6.706 (+120)<\/p>\n<blockquote>\n<h2>LEGGI LA CONFERENZA STAMPA DI LUCA ZAIA<\/h2>\n<h2><em>Domani il verdetto sulle nuove colorazioni delle Regioni &#8220;Siamo una mosca bianca, anzi siamo una mosca gialla&#8221;<\/em><\/h2>\n<\/blockquote>\n<p><em>Stiamo ancora lavorando all&#8217;ordinanza, attendiamo i dati delle prossime ore per valutare come muoverci, se sbagliamo il timing facciamo disagi, abbiamo necessit\u00e0 di non riempire gli ospedali o finire in zona arancione. Domani \u00e8 il giorno delle nomination da Grande Fratello, come ogni venerdi sapremo come andr\u00e0 in Veneto dove i dati sono solidi anche per l&#8217;RT. La situazione \u00e8 sotto controllo. Abbiamo anche le terapia intensive, quelle previste per leggi e quelle in pi\u00f9 perch\u00e9 per noi basta se avanza. I medici di base stanno facendo un bel lavoro, c&#8217;\u00e8 un&#8217;altra adesione anche chi criticava si \u00e8 messo a far tamponi (a 38 euro a test pi\u00f9 spese infermieristiche). Il covid ha cambiato il mondo e la sanit\u00e0 \u00e8 di difficile programmazione, a Padova da 950 camici al mese si \u00e8 passati a 4500 al giorno.<\/em><\/p>\n<p>&nbsp;<\/p>\n<p><strong>CRESCE IL CONTAGIO<\/strong> Anche se di poco i numeri continuano a crescere pur tra non grandi stravolgimenti a parte il coprifuoco delle 2 e le forti limitazioni per Bar e Ristoranti che chiudono alle 18, ma non si pu\u00f2 dire che la nostra vita sia cambiata. I dati ci dicono che il contagio c&#8217;\u00e8 perch\u00e9 non c&#8217;\u00e8 attenzione, ci sono ancora segnalazioni di assembramenti nei negozi. Noi non possiamo fare gestioni della comunit\u00e0 con ordinanza e restrizioni, c&#8217;\u00e8 un punto oltre il quale mi rifiuto di andare. Invochiamo tutti la libert\u00e0 personale, il senso di responsabilit\u00e0 ma poi le notizie sono quelle di assembramenti e di dati che crescono. In sostanza abbiamo quasi 3000 persone in ospedale, la punta massima di persone in ospedale nella prima ondata era di 2.400. Vedo molte persone preoccupate dei servizi ospedalieri. Con 3000 persone covid significa 6 grandi ospedali. Non abbiamo lesinato sui posti letto. non abbiamo tagliato niente perch\u00e9 sono previsti per legge, una decreto 70 da rivedere cos\u00ec come la programmazione della formazione perch\u00e9 manca personale.<strong> INVITO AGLI INFERMIERI &#8220;EXTRA LAVORO&#8221;<\/strong> Ci sono 5000 infermieri \u00e8 vero, ma vengono da altre strutture, si copre la spalla e si scopre il piede perch\u00e9 la coperta \u00e8 corta. Rischiamo di svuotare tutte le case di riposo. I Direttori Generali stanno scrivendo che si da l&#8217;opportunit\u00e0 a tutti gli infermieri di poter extra orario di lavoro prestare opera presso le case di riposo con 35 euro all&#8217;ora. Ad esempio chi non lavora al sabato o termina il turno nel pomeriggio. <strong>ZONE ROSSE<\/strong> Oggi incontro con i sindaci di Valdagno per parlare di quella situazione che da indicatori, non prevede misure di chiusure ma \u00e8 giusto ci sia un incontro-confronto. Per Auronzo screening di massa domenica dalle 3 alle 13 per 1250 persone tra i 41 e i 75 anni. TERAPIE INTENSIVE NON FANTASMA Siamo partiti da 494 postazioni (21 febbraio) una nostra delibera di Giunta le ha portate a 825 posti, altri provvedimenti ci hanno permesso di arrivare a 877 e con decreti legge il numero target per il Veneto \u00e8 877, per essere pi\u00f9 sicuri le abbiamo portate a 1000. Sono 111 nei blocchi operatori e 176 nelle sub intensive. Per la legge ne abbiamo esattamente 123 in pi\u00f9. <strong>NOMINATO IL NUOVO SEGRETARIO DELLA PROGRAMMAZIONE<\/strong>\u00a0 Il Dottor Maurizio Gasparin<\/p>\n<h1>DOMANDE<\/h1>\n<p><strong> RIAPERTURA SCUOLE E<\/strong>\u00a0<strong>STAGIONE DELLO SCI C&#8217;E&#8217; CHI FA IL TIPO PERCHE&#8217; NON APRANO<\/strong> Non abbiamo nessuna notizia ufficiale, le notizie arrivano tramite la stampa. Ieri ho chiesto la convocazione ed \u00e8 prevista per le 16. Cercheremo di capire cosa diranno. Presupposti: prima la salute, se si chiude bisogna ristorare, se si chiude e si ristora bisogna evitare che gli altri aprano nell&#8217;Arco Alpino altrimenti facciamo la figura dei &#8220;pirla&#8221; davanti al mondo intero. Si pensi a chi va a sciare a Pramollo o altre realt\u00e0. Chiudere il Dolomiti Superski e in Austria e Slovenia si scia, cos\u00ec come in Svizzera, allora diventa difficoltoso e imbarazzante. Kurtz dice io chiuso solo se pagano i ristori. In Austria danno l&#8217;80% del fatturato, anche in Germania con percentuali diverse, in Italia avrebbero anche accettato percentuali minori per i minori costi variabili. Si \u00e8 invece fatto la scelta del bonus che non ha cambiato la vita. Oggi ci sono difficolt\u00e0 a parlare di restrizioni, nessuno ci crede pi\u00f9. <strong>IMPIANTI SCIISTICI UN ATTO PER TUTTO L&#8217;ARCO ALPINO, L&#8217;EUROPA DICE NO E GLI SVIZZERI INVITANO GLI ITALIANI.\u00a0<\/strong> E&#8217; un classico (come i corridoi estivi per la Croazia), noi abbiamo fatto le linee guida fatte non dalla politica ma dai servizi di prevenzione. Lo sci ha due punti nevralgici, ammassamento alla partenza e in cabinovia. Che differenza c&#8217;\u00e8 tra la coda al punto vendita commerciali o sulle piste di sci? Significa per entrambi che non rispettano le regole, cio\u00e8 le linee guida. La caduta dello sci \u00e8 la fine della montagna che apre le porte all&#8217;emigrazione dove lo spopolamento gira sulle 1000 persone all&#8217;anno che se ne vanno. <strong>APERTURA DELLE SCUOLE<\/strong> Quanto alla scuola se utilizziamo il tema della propriet\u00e0 transitiva: se chiuso la scuola chiudo le piste ma anche le attivit\u00e0 di diletto, c&#8217;\u00e8 una catena di ragionamenti. E&#8217; rischioso aprire il 9\u00a0 per chiudere subito dopo (il 23 per le vacanze di Natale), vale la pena rischiare per un flash pre natalizio? Concentriamoci per dopo l&#8217;epifania infezione permettendo. Io sono per la scuola in presenza. Spero che la scuola non diventi un totem di puntiglio politico, dobbiamo fare il bene della scuola, delle famiglie\u00a0 e per la salute dei ragazzi.<\/p>\n<p><b>PIANO A GRADINI PER GLI OSPEDALI <\/b>Stiamo lavorando non possiamo anticipare nulla. E&#8217; gi\u00e0 abbozzato, la quinta fase avr\u00e0 termini operativi per l&#8217;occupazione. La sfida \u00e8 non arrivare a 6000 posti letto per non mandare in tilt il sistema. Ci sar\u00e0 una stretta progressiva se aumentano i ricoveri. Se i cittadini non si mettono d&#8217;impegno il rischio di una lenta ma continua salita c&#8217;\u00e8.<\/p>\n<p><strong>IL 9 DICEMBRE O DOPO L&#8217;EPIFANIA LA SCUOLA TORNA IN PRESENZA E IL TRASPORTO?<\/strong>\u00a0 L&#8217;assessore De Berti si sta attrezzando, da sempre diciamo che uno dei limiti \u00e8 quello dei trasporti, ma che non passi l&#8217;idea che la scuola \u00e8 chiusa per colpa dei trasporti. Circa gli orari scaglionati di entrata e ingresso nelle classi tutte le scelte vengono fatte in linea con l&#8217;ufficio scolastico regionale. Nelle scuole la maggior parte delle infezioni sono primarie, le infezioni vengono dunque da fuori.<\/p>\n<p><strong>BARISTI E RISTORATORI FATICANO A FAR RISPETTARE LE REGOLE<\/strong> Per i ristoratori non \u00e8 cambiato nulla, al di l\u00e0 di questo \u00e8 stato chiarito che non c&#8217;\u00e8 responsabilit\u00e0 oggettiva del gestore, l&#8217;unica cosa \u00e8 chiamare la forza pubblica, se serve non ci sono altre soluzioni. Ma siamo arrivati ad un livello che i nostri esercenti devono fare lezioni di educazione civica e di come comportarsi e la vena negazionista aiuta.<\/p>\n<p>&nbsp;<\/p>\n<h2><span style=\"color: #ff0000;\">ASSESSORE GIANPAOLO BOTTACIN<\/span><\/h2>\n<p><strong>MODELLI:<\/strong> ci mettiamo sempre nelle condizioni possibili immaginabili, per questo prevediamo i 6000 posti letto, le 1000 terapie intensive, ovvero lo scenario peggiore che vorremmo fosse evitato, ma dipende dal comportamento degli utenti e dalla loro educazione ed educazione civica.<\/p>\n<p><strong>SE IL 23 NOVEMBRE E&#8217; STATO RAGGIUNTO IL PICCO IN VENETO?<\/strong> Avevamo previsto una crescita dei ricoveri fino alla fine del mese di novembre. Quasi tutte le regioni sono arancioni o rosse con ben altre restrizioni come ad esempio non uscire dal proprio comune, inoltre i bar e ristoranti sono chiusi 7 giorni su 7 anche in zone arancioni, \u00e8 chiaro che che maggiori restrizioni i dati sono diversi.<\/p>\n<p>&nbsp;<\/p>\n<h2><span style=\"color: #ff0000;\">L&#8217;ASSESSORE MANUELA LANZARIN<\/span><\/h2>\n<p>Dati prima fase vaccinazione anti covid. In questa prima fase il commissario Arcuri ci ha chiesto i numeri del personale sanitario (tutto dentro e fuori gli ospedali), poi le case di riposo (operatori e ospiti). Noi abbiamo aggiunto anche i numeri del resto del socio sanitario (operatori, personale e ospiti) di strutture minori, disabili, tossicodipendenti. Abbiamo chiesto i dispositivi di conservazione in capo a ogni singola azienda, tutti gli ospedali Hub hanno i sistemia meno 80 gradi per la conservazione. Totale 171.003 persone da vaccinare, numero che va raddoppiato perch\u00e9 il vaccino \u00e8 doppio, quindi siamo a oltre 342 mila.<\/p>\n<h2>PIANO VACCINAZIONI<\/h2>\n<a href=\"https:\/\/www.radiopiu.net\/wordpress\/wp-content\/uploads\/2020\/11\/ARCURI_Piano-distribuzione-vaccini-anti-COVID_RETTIFICA.pdf\" class=\"pdfemb-viewer\" style=\"\" data-width=\"max\" data-height=\"max\" data-toolbar=\"top\" data-toolbar-fixed=\"on\">ARCURI_Piano distribuzione vaccini anti-COVID_RETTIFICA<\/a>\n<p>&nbsp;<\/p>\n<p>https:\/\/www.facebook.com\/zaiaufficiale\/videos\/1087630308347558<\/p>\n","protected":false},"excerpt":{"rendered":"<p>VENEZIA Punto stampa del 26 novembre da Marghera con il presidente Luca Zaia e gli assessori Gianpaolo Bottacin e Manuela Lanzarin. I NUMERI\u00a0 Tamponi 2.734.036 (+19.146)\u00a0 Test Rapidi 878.756 (+40.809)\u00a0 Positivi 134.056 (+3.980)\u00a0 In isolamento 44.437 (-1.250) Ricoverati 2.579 (+50)\u00a0 \u00a0In terapia intensiva 323 (-2) Decessi 3501 (+72) DIMESSI 6.706 (+120) LEGGI LA CONFERENZA STAMPA&hellip;<\/p>\n","protected":false},"author":4,"featured_media":139388,"comment_status":"closed","ping_status":"closed","sticky":false,"template":"","format":"standard","meta":{"_monsterinsights_skip_tracking":false,"_monsterinsights_sitenote_active":false,"_monsterinsights_sitenote_note":"","_monsterinsights_sitenote_category":0,"footnotes":""},"categories":[51,49],"tags":[],"class_list":["post-175142","post","type-post","status-publish","format-standard","has-post-thumbnail","hentry","category-evidenza-top","category-news-18","category-51","category-49","description-off"],"img_url":"https:\/\/www.radiopiu.net\/wordpress\/wp-content\/uploads\/2020\/05\/ZAIA-1.jpg","_links":{"self":[{"href":"https:\/\/www.radiopiu.net\/wordpress\/wp-json\/wp\/v2\/posts\/175142","targetHints":{"allow":["GET"]}}],"collection":[{"href":"https:\/\/www.radiopiu.net\/wordpress\/wp-json\/wp\/v2\/posts"}],"about":[{"href":"https:\/\/www.radiopiu.net\/wordpress\/wp-json\/wp\/v2\/types\/post"}],"author":[{"embeddable":true,"href":"https:\/\/www.radiopiu.net\/wordpress\/wp-json\/wp\/v2\/users\/4"}],"replies":[{"embeddable":true,"href":"https:\/\/www.radiopiu.net\/wordpress\/wp-json\/wp\/v2\/comments?post=175142"}],"version-history":[{"count":0,"href":"https:\/\/www.radiopiu.net\/wordpress\/wp-json\/wp\/v2\/posts\/175142\/revisions"}],"wp:featuredmedia":[{"embeddable":true,"href":"https:\/\/www.radiopiu.net\/wordpress\/wp-json\/wp\/v2\/media\/139388"}],"wp:attachment":[{"href":"https:\/\/www.radiopiu.net\/wordpress\/wp-json\/wp\/v2\/media?parent=175142"}],"wp:term":[{"taxonomy":"category","embeddable":true,"href":"https:\/\/www.radiopiu.net\/wordpress\/wp-json\/wp\/v2\/categories?post=175142"},{"taxonomy":"post_tag","embeddable":true,"href":"https:\/\/www.radiopiu.net\/wordpress\/wp-json\/wp\/v2\/tags?post=175142"}],"curies":[{"name":"wp","href":"https:\/\/api.w.org\/{rel}","templated":true}]}}