{"id":175157,"date":"2020-11-26T12:07:48","date_gmt":"2020-11-26T11:07:48","guid":{"rendered":"https:\/\/www.radiopiu.net\/wordpress\/?p=175157"},"modified":"2020-11-26T12:07:49","modified_gmt":"2020-11-26T11:07:49","slug":"csv-belluno-celebra-in-4-tappe-la-giornata-internazionale-del-volontariato","status":"publish","type":"post","link":"https:\/\/www.radiopiu.net\/wordpress\/csv-belluno-celebra-in-4-tappe-la-giornata-internazionale-del-volontariato\/","title":{"rendered":"CSV BELLUNO CELEBRA IN 4 TAPPE LA GIORNATA INTERNAZIONALE DEL VOLONTARIATO"},"content":{"rendered":"<p><strong><a href=\"https:\/\/www.radiopiu.net\/wordpress\/csv-belluno-celebra-in-4-tappe-la-giornata-internazionale-del-volontariato\/cason-e-de-toffol\/\" rel=\"attachment wp-att-175158\"><img loading=\"lazy\" decoding=\"async\" class=\"size-medium wp-image-175158 alignleft\" src=\"https:\/\/www.radiopiu.net\/wordpress\/wp-content\/uploads\/2020\/11\/Cason-e-De-Toffol-300x225.jpg\" alt=\"\" width=\"300\" height=\"225\" srcset=\"https:\/\/www.radiopiu.net\/wordpress\/wp-content\/uploads\/2020\/11\/Cason-e-De-Toffol-300x225.jpg 300w, https:\/\/www.radiopiu.net\/wordpress\/wp-content\/uploads\/2020\/11\/Cason-e-De-Toffol-1024x768.jpg 1024w, https:\/\/www.radiopiu.net\/wordpress\/wp-content\/uploads\/2020\/11\/Cason-e-De-Toffol-768x576.jpg 768w, https:\/\/www.radiopiu.net\/wordpress\/wp-content\/uploads\/2020\/11\/Cason-e-De-Toffol-1536x1152.jpg 1536w, https:\/\/www.radiopiu.net\/wordpress\/wp-content\/uploads\/2020\/11\/Cason-e-De-Toffol-2048x1536.jpg 2048w\" sizes=\"auto, (max-width: 300px) 100vw, 300px\" \/><\/a>BELLUNO\u00a0<\/strong>Per celebrare la\u00a0Giornata internazionale del volontariato\u00a0(5 dicembre), Csv Belluno propone la rassegna \u201cTerzo settore: pianeti in movimento\u201d che si svilupper\u00e0 in quattro tappe a partire da mercoled\u00ec 2 dicembre fino alla sua conclusione con l\u2019atteso convegno di sabato 5. Tutti gli eventi si svolgeranno in modalit\u00e0 online, nel rispetto delle prescrizioni attuali. Il primo appuntamento accoglie un\u2019intervista radiofonica dedicata al servizio civile su Radio Abm, all\u2019interno del programma \u201cUna voce delle Dolomiti\u201d. Interverr\u00e0 Paolo Capraro del Csv Belluno e vi\u00a0 saranno testimonianze di chi ha svolto il servizio. L\u2019intervista andr\u00e0 in onda mercoled\u00ec 2 alle 11.30 e in replica alle 18, 23.30 e alle 03 di gioved\u00ec dal sito www.bellunesinelmondo.it\/radio-abm\/ , su Facebook o scaricando l\u2019app Radio Abm. \u201cCompetenze nel variegato mondo del volontariato\u201d \u00e8 invece il titolo dell\u2019incontro on-line in diretta dalla sede della Croce Bianca di Cortina d\u2019Ampezzo che si terr\u00e0 gioved\u00ec 3 alle 10.30. Accoglier\u00e0 la presentazione del percorso \u201cUna marcia in pi\u00f9\u201d con interventi di Paolo Capraro e Stefano Perale per il Csv Belluno e di Dorotea Postal e Simonetta Terzariol per Fss di Bolzano. Vi saranno le testimonianze dei nuovi tutor e la consegna degli attestati del percorso \u201cPortfolio\u201d. Nuova tappa venerd\u00ec 4 alle 18 con l\u2019evento on-line \u201cANG inRadio insieme\u201d in streaming sulla pagina Facebook del Csv. Vi sar\u00e0 la promozione del progetto \u201cANG in Radio #pi\u00f9diprima Belluno Solidarity on Air\u201d con moderatore Radio Pi\u00f9 e ospiti Radio #parolaigiovani Ros\u00e0 e Nicol\u00f2 Triacca di CsvNet. Interverr\u00e0 Lucia Abbinante, direttrice di Agenzia Nazionale per i Giovani. L\u2019evento conclusivo, sabato 5 dicembre alle 17.30, \u00e8 affidato al convegno on-line \u201cAlle radici della solidariet\u00e0\u201d, atteso dal mondo del Terzo settore bellunese, in quanto si forniranno una fotografia della situazione attuale e dati utili per l\u2019operato del volontariato in provincia. In tale occasione sar\u00e0 presentata la pubblicazione \u201cAlle radici della solidariet\u00e0. Indagine sul Terzo settore in provincia di Belluno\u201d (Isbrec, 2020) a cura di Diego Cason e Nicola De Toffol (Csv Belluno). Dopo la proiezione del docu-film del Laboratorio Inquadrati \u201cVolontari in emergenza. Testimonianze durante la pandemia\u201d, sar\u00e0 affidata al direttore Nevio Meneguz la presentazione della co-progettazione 2021 del Csv di Belluno. Per quest\u2019ultima tappa si richiede l\u2019iscrizione entro il 3 dicembre. Tutti gli eventi saranno raggiungibili liberamente a partire dalla home page del sito <a href=\"http:\/\/www.csvbelluno.it\/\">www.csvbelluno.it<\/a>, dalla quale sar\u00e0 possibile iscriversi anche all\u2019evento conclusivo.<\/p>\n","protected":false},"excerpt":{"rendered":"<p>BELLUNO\u00a0Per celebrare la\u00a0Giornata internazionale del volontariato\u00a0(5 dicembre), Csv Belluno propone la rassegna \u201cTerzo settore: pianeti in movimento\u201d che si svilupper\u00e0 in quattro tappe a partire da mercoled\u00ec 2 dicembre fino alla sua conclusione con l\u2019atteso convegno di sabato 5. Tutti gli eventi si svolgeranno in modalit\u00e0 online, nel rispetto delle prescrizioni attuali. Il primo appuntamento&hellip;<\/p>\n","protected":false},"author":4,"featured_media":175158,"comment_status":"closed","ping_status":"closed","sticky":false,"template":"","format":"standard","meta":{"_monsterinsights_skip_tracking":false,"_monsterinsights_sitenote_active":false,"_monsterinsights_sitenote_note":"","_monsterinsights_sitenote_category":0,"footnotes":""},"categories":[49],"tags":[],"class_list":["post-175157","post","type-post","status-publish","format-standard","has-post-thumbnail","hentry","category-news-18","category-49","description-off"],"img_url":"https:\/\/www.radiopiu.net\/wordpress\/wp-content\/uploads\/2020\/11\/Cason-e-De-Toffol-scaled.jpg","_links":{"self":[{"href":"https:\/\/www.radiopiu.net\/wordpress\/wp-json\/wp\/v2\/posts\/175157","targetHints":{"allow":["GET"]}}],"collection":[{"href":"https:\/\/www.radiopiu.net\/wordpress\/wp-json\/wp\/v2\/posts"}],"about":[{"href":"https:\/\/www.radiopiu.net\/wordpress\/wp-json\/wp\/v2\/types\/post"}],"author":[{"embeddable":true,"href":"https:\/\/www.radiopiu.net\/wordpress\/wp-json\/wp\/v2\/users\/4"}],"replies":[{"embeddable":true,"href":"https:\/\/www.radiopiu.net\/wordpress\/wp-json\/wp\/v2\/comments?post=175157"}],"version-history":[{"count":0,"href":"https:\/\/www.radiopiu.net\/wordpress\/wp-json\/wp\/v2\/posts\/175157\/revisions"}],"wp:featuredmedia":[{"embeddable":true,"href":"https:\/\/www.radiopiu.net\/wordpress\/wp-json\/wp\/v2\/media\/175158"}],"wp:attachment":[{"href":"https:\/\/www.radiopiu.net\/wordpress\/wp-json\/wp\/v2\/media?parent=175157"}],"wp:term":[{"taxonomy":"category","embeddable":true,"href":"https:\/\/www.radiopiu.net\/wordpress\/wp-json\/wp\/v2\/categories?post=175157"},{"taxonomy":"post_tag","embeddable":true,"href":"https:\/\/www.radiopiu.net\/wordpress\/wp-json\/wp\/v2\/tags?post=175157"}],"curies":[{"name":"wp","href":"https:\/\/api.w.org\/{rel}","templated":true}]}}