{"id":175245,"date":"2020-11-26T16:24:28","date_gmt":"2020-11-26T15:24:28","guid":{"rendered":"https:\/\/www.radiopiu.net\/wordpress\/?p=175245"},"modified":"2020-11-26T18:24:23","modified_gmt":"2020-11-26T17:24:23","slug":"salviamo-lo-sci-e-il-settore-invernale","status":"publish","type":"post","link":"https:\/\/www.radiopiu.net\/wordpress\/salviamo-lo-sci-e-il-settore-invernale\/","title":{"rendered":"SALVIAMO LO SCI E IL SETTORE INVERNALE"},"content":{"rendered":"<p><a href=\"https:\/\/www.radiopiu.net\/wordpress\/salviamo-lo-sci-e-il-settore-invernale\/fndxclvqptxokgc-800x450-nopad\/\" rel=\"attachment wp-att-175246\"><img loading=\"lazy\" decoding=\"async\" class=\"size-medium wp-image-175246 alignleft\" src=\"https:\/\/www.radiopiu.net\/wordpress\/wp-content\/uploads\/2020\/11\/FNdXCLvQPTXOkGC-800x450-noPad-300x169.jpg\" alt=\"\" width=\"300\" height=\"169\" srcset=\"https:\/\/www.radiopiu.net\/wordpress\/wp-content\/uploads\/2020\/11\/FNdXCLvQPTXOkGC-800x450-noPad-300x169.jpg 300w, https:\/\/www.radiopiu.net\/wordpress\/wp-content\/uploads\/2020\/11\/FNdXCLvQPTXOkGC-800x450-noPad-768x432.jpg 768w, https:\/\/www.radiopiu.net\/wordpress\/wp-content\/uploads\/2020\/11\/FNdXCLvQPTXOkGC-800x450-noPad.jpg 800w\" sizes=\"auto, (max-width: 300px) 100vw, 300px\" \/><\/a><strong>TAIBON<\/strong> Su change.org \u00e8 stata lanciata la petizione on line &#8220;salviamo lo sci e il settore invernale&#8221;, alle 16 del 26 novembre si contano ben 9.911 firme molto vicino al primo obiettivo di 10mila firmatari. Il messaggio scritto da Lorenzo Cassina diretta a Giuseppe Conte Presidente del Consiglio dei Ministri: <em>&#8220;Da mesi tutto il settore turistico nell&#8217;ambito neve sta lavorando in sinergia affinch\u00e9 si trovino le linee guida per la riapertura in sicurezza degli impianti di risalita e, a cascata, per la ripartenza dell&#8217;intera filiera. Lo sci non deve essere visto solamente come un divertimento dal momento che in Italia il turismo alpino bianco rappresenta l&#8217;11% del comparto nazionale e da lavoro a pi\u00f9 di 400.000 persone. Sarebbe un danno enorme e irreparabile, se il governo confermasse di non voler riaprire gli impianti per le feste natalizie. Questo \u00e8 un periodo che ha un peso fondamentale nel bilancio di tutto il settore turistico invernale.\u00a0 Lo sci \u00e8 per eccellenza lo sport individuale all&#8217;aria aperta. Inoltre considerando come ci si veste quando si va a sciare non \u00e8 davvero un problema di mascherine, perch\u00e9 gi\u00e0 ora si usano normalmente protezioni sulla bocca e sul viso. Sciando il problema di distanziamento non c\u2019\u00e8. Per prevenire le code agli impianti di risalita baster\u00e0 limitare gli accessi. Ci\u00f2, a differenza delle spiagge, \u00e8 attuabile facilmente grazie alla vendita online su prenotazione degli Skipass.\u00a0 Le baite potranno lavorare con il servizio take away evitando l&#8217;apr\u00e8s ski. Bar, ristoranti e hotel ridurranno i loro accessi compatibilmente con le misure di sicurezza. Il settore alpino, da sempre abituato ad affrontare grandi sfide, si mette in gioco un&#8217;altra volta per risolvere quest&#8217;ultima seguendo le regole e non sottovalutando la situazione di emergenza sanitaria odierna&#8221;.<\/em><\/p>\n<h2>PER FIRMARE LA PETIZIONE <strong><span style=\"color: #0000ff;\"><a style=\"color: #0000ff;\" href=\"https:\/\/www.change.org\/p\/giseppe-conte-salviamo-lo-sci-e-il-settore-invernale?recruiter=1066860793&amp;utm_source=share_petition&amp;utm_campaign=psf_combo_share_initial&amp;utm_medium=whatsapp&amp;utm_content=washarecopy_26020470_it-IT%3A2&amp;recruited_by_id=2e837ec0-71cf-11ea-80bc-87b509e14d73\">CLICCA QUI<\/a><\/span><\/strong><\/h2>\n<p>&nbsp;<\/p>\n","protected":false},"excerpt":{"rendered":"<p>TAIBON Su change.org \u00e8 stata lanciata la petizione on line &#8220;salviamo lo sci e il settore invernale&#8221;, alle 16 del 26 novembre si contano ben 9.911 firme molto vicino al primo obiettivo di 10mila firmatari. Il messaggio scritto da Lorenzo Cassina diretta a Giuseppe Conte Presidente del Consiglio dei Ministri: &#8220;Da mesi tutto il settore&hellip;<\/p>\n","protected":false},"author":4,"featured_media":175246,"comment_status":"closed","ping_status":"closed","sticky":false,"template":"","format":"standard","meta":{"_monsterinsights_skip_tracking":false,"_monsterinsights_sitenote_active":false,"_monsterinsights_sitenote_note":"","_monsterinsights_sitenote_category":0,"footnotes":""},"categories":[51,49],"tags":[],"class_list":["post-175245","post","type-post","status-publish","format-standard","has-post-thumbnail","hentry","category-evidenza-top","category-news-18","category-51","category-49","description-off"],"img_url":"https:\/\/www.radiopiu.net\/wordpress\/wp-content\/uploads\/2020\/11\/FNdXCLvQPTXOkGC-800x450-noPad.jpg","_links":{"self":[{"href":"https:\/\/www.radiopiu.net\/wordpress\/wp-json\/wp\/v2\/posts\/175245","targetHints":{"allow":["GET"]}}],"collection":[{"href":"https:\/\/www.radiopiu.net\/wordpress\/wp-json\/wp\/v2\/posts"}],"about":[{"href":"https:\/\/www.radiopiu.net\/wordpress\/wp-json\/wp\/v2\/types\/post"}],"author":[{"embeddable":true,"href":"https:\/\/www.radiopiu.net\/wordpress\/wp-json\/wp\/v2\/users\/4"}],"replies":[{"embeddable":true,"href":"https:\/\/www.radiopiu.net\/wordpress\/wp-json\/wp\/v2\/comments?post=175245"}],"version-history":[{"count":0,"href":"https:\/\/www.radiopiu.net\/wordpress\/wp-json\/wp\/v2\/posts\/175245\/revisions"}],"wp:featuredmedia":[{"embeddable":true,"href":"https:\/\/www.radiopiu.net\/wordpress\/wp-json\/wp\/v2\/media\/175246"}],"wp:attachment":[{"href":"https:\/\/www.radiopiu.net\/wordpress\/wp-json\/wp\/v2\/media?parent=175245"}],"wp:term":[{"taxonomy":"category","embeddable":true,"href":"https:\/\/www.radiopiu.net\/wordpress\/wp-json\/wp\/v2\/categories?post=175245"},{"taxonomy":"post_tag","embeddable":true,"href":"https:\/\/www.radiopiu.net\/wordpress\/wp-json\/wp\/v2\/tags?post=175245"}],"curies":[{"name":"wp","href":"https:\/\/api.w.org\/{rel}","templated":true}]}}