{"id":175249,"date":"2020-11-27T05:45:17","date_gmt":"2020-11-27T04:45:17","guid":{"rendered":"https:\/\/www.radiopiu.net\/wordpress\/?p=175249"},"modified":"2020-11-27T05:59:33","modified_gmt":"2020-11-27T04:59:33","slug":"altri-due-decessi-perde-la-vita-un-uomo-di-65-anni-a-belluno-di-81-a-feltre","status":"publish","type":"post","link":"https:\/\/www.radiopiu.net\/wordpress\/altri-due-decessi-perde-la-vita-un-uomo-di-65-anni-a-belluno-di-81-a-feltre\/","title":{"rendered":"ALTRI DUE DECESSI, PERDE LA VITA UN UOMO DI 65 ANNI A BELLUNO, DI 81 A FELTRE"},"content":{"rendered":"<p><strong>BELLUNO <\/strong><span style=\"font-size: medium;\">Nelle ultime 24 ore sono decedute due persone covid positive: un uomo di 65 anni ricoverato <\/span><span style=\"color: #222222;\"><span style=\"font-size: medium;\">in Pneumologia Covid a Belluno e <\/span><\/span><span style=\"font-size: medium;\">un uomo di 81 anni ricoverato <\/span><span style=\"color: #222222;\"><span style=\"font-size: medium;\">in Pneumologia Covid a Feltre.<\/span><\/span><\/p>\n<p><strong>POSITIVI<\/strong> 148 (alle 8 di questa mattina)<\/p>\n<p><strong>AZIENDA ZERO<\/strong> (alle 17) \u00a0POSITIVI DAL 21 FEBBRAIO\u00a07959 (+145)\u00a0 \u00a0ATTUALMENTE POSITIVI\u00a04512(+38)\u00a0DECEDUTI DAL 21 FEBBRAIO\u00a0224 (+2)\u00a0 \u00a0NEGATIVIZZATI\u00a03223<\/p>\n<p><strong>RICOVERATI (201)<\/strong>\u00a0BELLUNO 68, in terapia intensiva 8\u00a0 FELTRE 51 in terapia intensiva 7 , AGORDO 7, OSPEDALI DI COMUNITA&#8217; DI BELLUNO 16 , FELTRE 15, AGORDO 11, ALANO 6, AURONZO 12<\/p>\n<p>&nbsp;<\/p>\n<blockquote>\n<h3>SI ARRUOLANO DONATORI DI PLASMA IPPERIMMUNE<\/h3>\n<\/blockquote>\n<p><strong>BELLUNO<\/strong> Continua l&#8217;arruolamento per la donazione di plasma iperimmune dei pazienti convalescenti da\u00a0 covid19. Gi\u00e0 valutati 200 aspiranti donatori. Luned\u00ec 30 riprende la raccolta delle sacche. Sono arruolabili solo i nuovi pazienti guariti, perch\u00e9 il titolo anticorpale scende rapidamente e non permette quindi la raccolta di plasma iperimmune. I nuovi pazienti guariti da Covid che rispondo a determinati criteri sono invitati a contattare il Centro Trasfusionale allo 0437 516273 dal luned\u00ec al venerd\u00ec dalle 11 alle 13 o via mail \u00a0<a href=\"mailto:trasfusionale.bl@aulss1.veneto.it\"><span style=\"color: #0000ff;\"><span style=\"font-size: medium;\"><u><b>trasfusionale.bl@aulss1.veneto.it<\/b><\/u><\/span><\/span><\/a>\u00a0 per una valutazione circa la possibile donazione di plasma.<em> \u201cAd oggi abbiamo potuto valutare circa 200 aspiranti donatori &#8211; dice Ersilia Barbone direttore della medicina trasfusionale-\u00a0 e da luned\u00ec 30 novembre saremo in grado di iniziare la raccolta delle prime unit\u00e0 di questa fase. Nel ringraziare tutti coloro che hanno manifestato la loro disponibilit\u00e0 a donare, rinnovo l\u2019invito ai pazienti guariti che ritengono di essere idonei alla donazione a contattarci, per permetterci di continuare la raccolta di plasma iperimmune. \u201d<\/em><\/p>\n<p>&nbsp;<\/p>\n<blockquote>\n<h3>RINNOVO DEL PROTOCOLLO PER L&#8217;ASSISTENZA AI RESIDENTI IN PRIMIERO<\/h3>\n<\/blockquote>\n<p><strong>FELTRE\u00a0<\/strong> Approvato il protocollo d&#8217;intesa tra l&#8217;Azienda ULSS 1 Dolomiti e l&#8217;APSS di Trento per l\u2019assistenza ai residenti nella Comunit\u00e0 di Primiero fino al 2022. Oltre all\u2019assistenza sanitaria ospedaliera tout court il protocollo prevede alcune peculiarit\u00e0 organizzative come la gestione delle dimissione dei pazienti verso le RSA e\/o il domicilio e l\u2019organizzazione delle visite degli specialisti dell\u2019Ulss Dolomiti presso il poliambulatorio del Primiero oltre alle forme di coordinamento fra le direzione.<em> \u00abSi conferma il consolidato impegno con la cittadinanza del Primiero che ha come riferimento sanitario l\u2019ospedale di Feltre\u00bb, commenta il Direttore Generale Adriano rasi Caldogno, \u00abla sintonia e l\u2019ottima collaborazione con l\u2019APSS di Trento, nell\u2019alveo della Convenzione tra la Regione Veneto e la Provincia di Trento\u00bb.<\/em><\/p>\n<p>&nbsp;<\/p>\n<blockquote>\n<h3>NUOVE NOMINE E ASSUNZIONI<\/h3>\n<\/blockquote>\n<p><strong>BELLUNO\u00a0 \u00a0<\/strong>Sono stati assunti 4 medici nefrologi (Lara Cicciarella, Andrea Piola, Lucrezia Carlassara, Marco Pasqualetto). Sono stati affidati 3 incarichi libero professionali a infermieri che si sono resi disponibili (Anna Desideri, Jacopo Sacco Comis Dell\u2019Oste, Giuditta Zanatta) e che saranno impegnati nell\u2019ambito dell\u2019emergenza Covid. Il dott. Gianluca Romano \u00e8 stato nominato Direttore della Direzione Amministrativa territoriale e il dott. Marco Fachin Direttore dell\u2019Uoc Provveditorato, economato e gestione della logistica<\/p>\n<p>&nbsp;<\/p>\n<blockquote>\n<h3>LUIGINA TOLLOT NUOVO PRIMARIO DI OCULISTICA A BELLUNO<\/h3>\n<\/blockquote>\n<p><span style=\"font-size: medium;\"><b><a href=\"https:\/\/www.radiopiu.net\/wordpress\/altri-due-decessi-perde-la-vita-un-uomo-di-65-anni-a-belluno-di-81-a-feltre\/tollot\/\" rel=\"attachment wp-att-175261\"><img loading=\"lazy\" decoding=\"async\" class=\" wp-image-175261 alignleft\" src=\"https:\/\/www.radiopiu.net\/wordpress\/wp-content\/uploads\/2020\/11\/tollot-235x300.jpg\" alt=\"\" width=\"146\" height=\"186\" srcset=\"https:\/\/www.radiopiu.net\/wordpress\/wp-content\/uploads\/2020\/11\/tollot-235x300.jpg 235w, https:\/\/www.radiopiu.net\/wordpress\/wp-content\/uploads\/2020\/11\/tollot-768x982.jpg 768w, https:\/\/www.radiopiu.net\/wordpress\/wp-content\/uploads\/2020\/11\/tollot.jpg 801w\" sizes=\"auto, (max-width: 146px) 100vw, 146px\" \/><\/a><\/b><\/span><span style=\"font-size: medium;\"><strong>BELLUNO<\/strong> Luigina Tollot \u00e8 stata nominata direttore della Unit\u00e0 Operativa Complessa di Oculistica di Belluno. Dopo il pensionamento del dott. Sperti .O<\/span><span style=\"font-size: medium;\">culista di consolidata esperienza, bellunese, la dottoressa Luigina Tollot ha conseguito la laurea in Medicina e Chirurgia nel 1986 e la specializzazione in oftalmologia nel 1991 all\u2019Universit\u00e0 degli studi di Padova. <\/span><span style=\"font-size: medium;\">Ha iniziato la sua carriera all\u2019ospedale di Pieve di Cadore nel 1991, per poi proseguire la sua attivit\u00e0 all\u2019ospedale di Belluno dopo un passaggio all\u2019ospedale di Agordo. <\/span><span style=\"font-size: medium;\">Dal 2007 al 2015 \u00e8 stata responsabile dell\u2019Unit\u00e0 operativa semplice di day hospital dell\u2019oculistica di Belluno e dal 2015 ad oggi dell\u2019unit\u00e0 semplice Diagnosi e trattamento delle patologie retiniche. Si \u00e8 occupata, infatti, in particolare di diagnosi e trattamento delle patologie retiniche sviluppando un percorso diagnostico terapeutico assistenziale dedicato. <\/span><span style=\"font-size: medium;\">Ha al suo attivo un ampio volume di attivit\u00e0, una buona casistica di interventi in tutti gli ambiti della disciplina e una buona produzione scientifica.<\/span><\/p>\n<blockquote>\n<h3><span style=\"font-size: medium;\">Nel 2019, l\u2019Oculistica di Belluno ha garantito 242 ricoveri di cui 114 in day hospital e 19.400 prestazioni ambulatoriali.<\/span><\/h3>\n<\/blockquote>\n","protected":false},"excerpt":{"rendered":"<p>BELLUNO Nelle ultime 24 ore sono decedute due persone covid positive: un uomo di 65 anni ricoverato in Pneumologia Covid a Belluno e un uomo di 81 anni ricoverato in Pneumologia Covid a Feltre. POSITIVI 148 (alle 8 di questa mattina) AZIENDA ZERO (alle 17) \u00a0POSITIVI DAL 21 FEBBRAIO\u00a07959 (+145)\u00a0 \u00a0ATTUALMENTE POSITIVI\u00a04512(+38)\u00a0DECEDUTI DAL 21 FEBBRAIO\u00a0224&hellip;<\/p>\n","protected":false},"author":4,"featured_media":121260,"comment_status":"closed","ping_status":"closed","sticky":false,"template":"","format":"standard","meta":{"_monsterinsights_skip_tracking":false,"_monsterinsights_sitenote_active":false,"_monsterinsights_sitenote_note":"","_monsterinsights_sitenote_category":0,"footnotes":""},"categories":[51,49],"tags":[],"class_list":["post-175249","post","type-post","status-publish","format-standard","has-post-thumbnail","hentry","category-evidenza-top","category-news-18","category-51","category-49","description-off"],"img_url":"https:\/\/www.radiopiu.net\/wordpress\/wp-content\/uploads\/2020\/03\/covid-ulss.jpg","_links":{"self":[{"href":"https:\/\/www.radiopiu.net\/wordpress\/wp-json\/wp\/v2\/posts\/175249","targetHints":{"allow":["GET"]}}],"collection":[{"href":"https:\/\/www.radiopiu.net\/wordpress\/wp-json\/wp\/v2\/posts"}],"about":[{"href":"https:\/\/www.radiopiu.net\/wordpress\/wp-json\/wp\/v2\/types\/post"}],"author":[{"embeddable":true,"href":"https:\/\/www.radiopiu.net\/wordpress\/wp-json\/wp\/v2\/users\/4"}],"replies":[{"embeddable":true,"href":"https:\/\/www.radiopiu.net\/wordpress\/wp-json\/wp\/v2\/comments?post=175249"}],"version-history":[{"count":0,"href":"https:\/\/www.radiopiu.net\/wordpress\/wp-json\/wp\/v2\/posts\/175249\/revisions"}],"wp:featuredmedia":[{"embeddable":true,"href":"https:\/\/www.radiopiu.net\/wordpress\/wp-json\/wp\/v2\/media\/121260"}],"wp:attachment":[{"href":"https:\/\/www.radiopiu.net\/wordpress\/wp-json\/wp\/v2\/media?parent=175249"}],"wp:term":[{"taxonomy":"category","embeddable":true,"href":"https:\/\/www.radiopiu.net\/wordpress\/wp-json\/wp\/v2\/categories?post=175249"},{"taxonomy":"post_tag","embeddable":true,"href":"https:\/\/www.radiopiu.net\/wordpress\/wp-json\/wp\/v2\/tags?post=175249"}],"curies":[{"name":"wp","href":"https:\/\/api.w.org\/{rel}","templated":true}]}}