{"id":175302,"date":"2020-11-27T12:25:37","date_gmt":"2020-11-27T11:25:37","guid":{"rendered":"https:\/\/www.radiopiu.net\/wordpress\/?p=175302"},"modified":"2020-11-27T15:45:26","modified_gmt":"2020-11-27T14:45:26","slug":"puntostampa27","status":"publish","type":"post","link":"https:\/\/www.radiopiu.net\/wordpress\/puntostampa27\/","title":{"rendered":"SEGNO NEGATIVO SUI RICOVERI E TERAPIE INTENSIVE, FORSE L&#8217;APICE E&#8217; STATO RAGGIUNTO. SABATO TUTTI I NEGOZI APERTI ANCHE MEDIE E GRANDI SUPERFICI DI VENDITA &#8211; DA VENEZIA LUCA ZAIA"},"content":{"rendered":"<p><strong>VENEZIA<\/strong> Punto stampa da Marghera, aggiornamento covid19<\/p>\n<p><strong>I NUMERI<\/strong> POSITIVI 137.474 (+3418), RICOVERATI 2576 (-3) TERAPIE INTENSIVE 321 (-2) DECESSI 3561 (+60), DIMESSI 6849<\/p>\n<blockquote>\n<h2>LEGGI LA CONFERENZA STAMPA DI LUCA ZAIA<\/h2>\n<\/blockquote>\n<p><em>NUOVA ORDINANZA: NELLE GIORNATE PREFESTIVE LE MEDIE E GRANDI STRUTTURE DI VENDITA SONO APERTI,\u00a0 ESCLUSI GLI ESERCIZI COMMERCIALI NEI CENTRI COMMERCIALI CHIUSI PER DPCM. NEI GIORNI FESTIVI VIETATA OGNI TIPO DI VENDITA. LA CONFERMA: C&#8217;E&#8217; UN FONDO DA 250 MILIONI PER LE REGIONI CHE HANNO FATTO RESTRIZIONI. QUANDO FINIRA&#8217; IL COVID? &#8220;Hai miei colleghi ho chiesto di non prendere ferie fino a maggio&#8221;.<\/em><\/p>\n<p><span style=\"color: #ff6600;\"><strong>Oggi il giorno del verdetto, Veneto ancora in giallo? Secondo Zaia i numeri sono confortanti anche l&#8217;Rt calcolato dalla Regione che per rispetto del CTS non viene reso noto.<\/strong><\/span><\/p>\n<p>Vedendo i dati emerge che effettivamente c&#8217;\u00e8 un dato: siamo arrivati nella parte alta, da qualche giorno se \u00e8 vero che non calano i positivi \u00e8 altrettanto vero che ha raggiunto il plateau, la parte superiore della curva. Si mantiene costante l&#8217;incidenza dei positivi sui tamponi. Potemmo aver raggiunto l&#8217;apice dell&#8217;infezione, ma non abbiamo la certezza matematica. Ma i numeri ci fanno ben sperare. Abbiamo avuto anche una diminuzione di accesso al Pronto Soccorso anche per grande senso di responsabilit\u00e0 dei cittadini che vanno al Pronto Soccorso solo in caso di necessit\u00e0 e poi c&#8217;\u00e8 il gran lavoro dei medici di base che fanno da filtro.<br \/>\n<strong>Ieri riunione con gli esponenti del Governo,<\/strong> portate avanti le istanze note, capire che da qui al 3 dicembre c&#8217;\u00e8 uno spazio utile per creare un confronto serrato e costruttivo per arrivare al nuovo DPCM centrale e forse il pi\u00f9 determinante della storia del covid che tocca tutta la parte dell&#8217;inverno, che andr\u00e0 ad incrociare un periodo nel quale arriveranno i vaccini e servir\u00e0 forza lavoro per la pi\u00f9 grande vaccinazione della storia e si inserisce nel periodo in cui c&#8217;\u00e8 anche l&#8217;influenza. Ci sar\u00e0 da parlare anche di economia e sport invernali. <strong>SCIARE NON E&#8217; L&#8217;UNICA PREOCCUPAZIONE CHE ABBIAMO<\/strong> la preoccupazione \u00e8 per i lavoratori. Pare che una chiusura durante Natale ci potr\u00e0 essere ma non c&#8217;\u00e8 nulla ancora di definitivo. Sui ristori vogliamo capire se saranno confermati e quale sar\u00e0 il livello di coordinamento europeo. Oggi Svizzera e Austria sono aperti. La montagna ha un&#8217;economia molto diversificata e devono essere aiutati tutti, ma veramente tutti. Ci hanno garantito che si arriver\u00e0 alle chiusure solo con la certezza assoluta dei ristori. <strong>NON VOGLIAMO A TUTTI I COSTI ANDARE A SCIARE<\/strong> Parliamo di un comparto importante per l&#8217;economia, al di l\u00e0 dell&#8217;albergo e dell&#8217;impianto di risalita c&#8217;\u00e8 chi vive solo del lavoro stagionale. Avremo un sacco di gente che non sapranno come sbarcare il lunario e una provincia come Belluno che ha cososciuto l&#8217;emigrazione torner\u00e0 e riconoscere questa modalit\u00e0. C&#8217;\u00e8 un fondo di 250 milioni di euro dedicato a quelle pochissime regioni che hanno attivato restrizioni (Veneto, Emilia, Abruzzo.\u00a0 Piemonte e Lombardia solo in parte) condivise sulle quali possiamo intervenire autonomamente, con i colleghi andr\u00e0 suddiviso un budget che mi sembra molto risicato. <strong>ABBIAMO FATTO UN&#8217;ANALISI<\/strong> Il Dpcm prevede per tutt&#8217;Italia la chisura di Bar, Ristoranti alle 18 e coprifuoco alle 22, centri commerciali chiusi il sabato e la domenica. Noi per evitare la zona arancione abbiamo fatto la zona gialla plus, un&#8217;ordinanza aggiuntiva che non \u00e8 restrizione da zona arancione ma sta nel mezzo con la chiusura delle attivit\u00e0 commerciali la domenica e inoltre il sabato e la domenica oltre i centri commerciali chiudono anche i negozi di medie e grandi dimensioni (outlet, grandi magazzini, parchi commerciali etc.) non chiusi da DPCM. Poi abbiamo inserito gli spazi dei centri commerciali, 1 cliente ogni 20 metri quadrati, esposizione dei cartelli con la capienza e un minimo di gestione per evitare assembramenti senza mettere in capo responsabilit\u00e0 alla propriet\u00e0. <span style=\"color: #ff0000;\"><strong>Oggi presento un&#8217;ordinanza nella quale prevediamo che il sabato aprano tutti con le nuove regole della capienza. Domani quindi tutto aperto (eccetto centro commerciali chiusi per DPCM), la facciamo oggi perch\u00e9 volevamo prima vedere come andava con la capienza. Sono misure che le attivit\u00e0 commerciali, medie e grandi strutture potranno applicare anche al sabato come fanno in tutti gli altri giorni feriali.<\/strong><\/span><\/p>\n<h1>DOMANDE<\/h1>\n<p><strong>NON TEME CHE CON LE NUOVE APERTURA POSSA GENERARE ASSEMBRMENTI?<\/strong> Il vero tema \u00e8 un altro, il sabato con questi negozi chiusi (media e grande distribuzione) si riempiono i centri. Gli assembramenti aumentano la diffusione del virus,\u00a0 ma con le regole che abbiamo stabilito per la capienza \u00e8 una garanzia. Dispiace invece aver creato le migliori condizioni per gli anziani suggerendo di andare a fare la spesa al mattino presto, invece ci vanno a tutte le ore. Anche i giovani non ascoltano e vanno a fare la spesa nelle ore indicate invece per gli over 65. Noi siamo sommersi di richieste di lockdown che sia chiaro, se da un lato c&#8217;\u00e8 chi rivendica di poter aprire dall&#8217;altro c&#8217;\u00e8 mezzo mondo che chiede di chiudere tutto piuttosto che rischiare la vita.<\/p>\n<p><strong>RIAPERTURA SABATO COME DEVE ESSERE INTERPRATA FIDUCIA O VA MEGLIO CON CONTROLLI E SANZIONI?<\/strong> Il Veneto \u00e8 fatto di persone per bene \u00e8 un atto di responsabilit\u00e0. Pi\u00f9 rispettiamo le regole e meno guai abbiamo. Se rispettiamo le regole non servono ulteriori restrizioni.<\/p>\n<p><strong>CHIARITO IL GIALLO DEI 250 MILIONI PER LE REGIONI CHE HANNO IMPOSTO RESTRIZIONI<\/strong> Va a copertura delle ordinanze fatte fino ad ora.<\/p>\n<p><strong>DATI MONITORAGGIO STIAMO RAGGIUNGENDO IL PIANORO DELLA CURVA?<\/strong> L&#8217;altopiano che in Veneto va di moda. I dati di oggi mi fanno sperare che la zona gialla sia confermata. Ci siamo sempre interrogati e mossi sul piano di sanit\u00e0 pubblica. La piatta si sta creando sui contagi, si presume che prima o poi scenderanno, poi dovrebbero calare i ricoveri e per ultimi i morti.<\/p>\n<p><strong>E PER LO SCI DI FONDO CHE NON SI ACCEDE CON CABINOVIE?\u00a0<\/strong>Quindi sveliamo una nostra visione: se c&#8217;\u00e8 un assembramento in una cabinovia \u00e8 anche vero che non c&#8217;\u00e8 sullo sklift e in seggiovia. Montagna invernale \u00e8 anche senza impianti e faremo una battaglia per tenere aperto il pi\u00f9 possibile anche se non risolver\u00e0 i problemi della montagna.<\/p>\n<p><strong>SCUOLA<\/strong> Fondamentalmente la mia posizione \u00e8 chiara e condivisa dai colleghi, aprire il 9 dicembre per poi richiudere\u00a0 per le vacanze di Natale \u00e8 un errore. Ho proposto di evitare il totem del 9 ma fissiamo una data che sia plausibile e lavoriamo per un obiettivo fermo restando che i dati ci dicono che le infezioni scolastiche ce le abbiamo. Da noi zona gialla sono chiuse le superiori ma le infezioni scolastiche ci sono e lo vediamo anche dalle fasce d&#8217;et\u00e0.<\/p>\n<p><strong>PROSSIMO DPCM TERRA&#8217; CONTO DELLA CAMPAGNA DI VACCINAZIONE CHI LE FARA&#8217;?<\/strong> Sar\u00e0 una chiamata alle armi, la madre di tutte le operazioni, la pi\u00f9 grande campagna vaccinale mai fatta. Coloro che vorranno essere vaccinati lo vorranno subito. Dobbiamo creare campagne innovative e smart. Il primo drive-in tamponi \u00e8 stato fatto in Veneto, faremo una cosa simile.<\/p>\n<p><strong>INCONTRO STATO REGIONI COME LO VALUTA, ALTRI PRIMA DEL DPCM?<\/strong> Spero ci sar\u00e0 pi\u00f9 di un incontro perch\u00e8 la rincorsa si \u00e8 presa lunga, noi siamo pronti a presentare osservazioni e proposte. Riunione di ieri utile ma a livello di riscaldamento a bordo campo.<\/p>\n<p><strong>PUO&#8217; ESSERE DECISO IN CONFRONTO SERRATO?<\/strong> C&#8217;\u00e8 sempre una reale collaborazione, il DPCM lo scrive il Governo ma viene votato dalla conferenza delle Regioni. Sarebbe bello visto che c&#8217;\u00e8 il tempo affinarlo un po&#8217; di pi\u00f9 assieme alle Regioni perch\u00e9 noi siamo la parte operativa, rispetto a Roma abbiamo i pazienti sull&#8217;uscio di casa.<\/p>\n<p><strong>PIANO VACCINI COME LO VEDE?<\/strong> Si susseguono le riunioni con i tecnici con leale e piena collaborazione. Il Veneto \u00e8 pronto sia sul fronte dell&#8217;operativit\u00e0 che sulla catena del freddo (-80 gradi) qualora servisse per la conservazione. I 3 milioni e 400 mila dosi non sono per il Veneto ma nazionali anche se sono certo ne arriveranno tanti entro primavera.<\/p>\n<p><strong>VACCINO ANTI INFLUENZALE<\/strong> Ringrazio i farmacisti, hanno restituito 30.000 dosi che andranno a beneficio delle categorie che ne hanno pi\u00f9 bisogno.<\/p>\n<p>&nbsp;<\/p>\n<p><a href=\"https:\/\/www.facebook.com\/zaiaufficiale\/videos\/137752807780498\">https:\/\/www.facebook.com\/zaiaufficiale\/videos\/137752807780498<\/a><\/p>\n<p>&nbsp;<\/p>\n","protected":false},"excerpt":{"rendered":"<p>VENEZIA Punto stampa da Marghera, aggiornamento covid19 I NUMERI POSITIVI 137.474 (+3418), RICOVERATI 2576 (-3) TERAPIE INTENSIVE 321 (-2) DECESSI 3561 (+60), DIMESSI 6849 LEGGI LA CONFERENZA STAMPA DI LUCA ZAIA NUOVA ORDINANZA: NELLE GIORNATE PREFESTIVE LE MEDIE E GRANDI STRUTTURE DI VENDITA SONO APERTI,\u00a0 ESCLUSI GLI ESERCIZI COMMERCIALI NEI CENTRI COMMERCIALI CHIUSI PER DPCM.&hellip;<\/p>\n","protected":false},"author":4,"featured_media":175303,"comment_status":"closed","ping_status":"closed","sticky":false,"template":"","format":"standard","meta":{"_monsterinsights_skip_tracking":false,"_monsterinsights_sitenote_active":false,"_monsterinsights_sitenote_note":"","_monsterinsights_sitenote_category":0,"footnotes":""},"categories":[51,49],"tags":[],"class_list":["post-175302","post","type-post","status-publish","format-standard","has-post-thumbnail","hentry","category-evidenza-top","category-news-18","category-51","category-49","description-off"],"img_url":"https:\/\/www.radiopiu.net\/wordpress\/wp-content\/uploads\/2020\/11\/ZAIA-MASCHERINA-e1616680380412.png","_links":{"self":[{"href":"https:\/\/www.radiopiu.net\/wordpress\/wp-json\/wp\/v2\/posts\/175302","targetHints":{"allow":["GET"]}}],"collection":[{"href":"https:\/\/www.radiopiu.net\/wordpress\/wp-json\/wp\/v2\/posts"}],"about":[{"href":"https:\/\/www.radiopiu.net\/wordpress\/wp-json\/wp\/v2\/types\/post"}],"author":[{"embeddable":true,"href":"https:\/\/www.radiopiu.net\/wordpress\/wp-json\/wp\/v2\/users\/4"}],"replies":[{"embeddable":true,"href":"https:\/\/www.radiopiu.net\/wordpress\/wp-json\/wp\/v2\/comments?post=175302"}],"version-history":[{"count":0,"href":"https:\/\/www.radiopiu.net\/wordpress\/wp-json\/wp\/v2\/posts\/175302\/revisions"}],"wp:featuredmedia":[{"embeddable":true,"href":"https:\/\/www.radiopiu.net\/wordpress\/wp-json\/wp\/v2\/media\/175303"}],"wp:attachment":[{"href":"https:\/\/www.radiopiu.net\/wordpress\/wp-json\/wp\/v2\/media?parent=175302"}],"wp:term":[{"taxonomy":"category","embeddable":true,"href":"https:\/\/www.radiopiu.net\/wordpress\/wp-json\/wp\/v2\/categories?post=175302"},{"taxonomy":"post_tag","embeddable":true,"href":"https:\/\/www.radiopiu.net\/wordpress\/wp-json\/wp\/v2\/tags?post=175302"}],"curies":[{"name":"wp","href":"https:\/\/api.w.org\/{rel}","templated":true}]}}