{"id":175425,"date":"2020-11-27T23:59:47","date_gmt":"2020-11-27T22:59:47","guid":{"rendered":"https:\/\/www.radiopiu.net\/wordpress\/?p=175425"},"modified":"2020-11-27T16:04:25","modified_gmt":"2020-11-27T15:04:25","slug":"nuovo-bel-libro-sul-generale-diaz-lartefice-della-vittoria-del-1915-18-di-renato-bona","status":"publish","type":"post","link":"https:\/\/www.radiopiu.net\/wordpress\/nuovo-bel-libro-sul-generale-diaz-lartefice-della-vittoria-del-1915-18-di-renato-bona\/","title":{"rendered":"NUOVO BEL LIBRO SUL GENERALE DIAZ L\u2019ARTEFICE DELLA VITTORIA DEL 1915-18 di RENATO BONA"},"content":{"rendered":"<p><strong>BELLUNO<\/strong> All\u2019interno di Porta Dojona, nel cuore di Belluno, una grande lapide ricorda il successo italiano nella Grande Guerra del 1915-12 con il testo del \u201cBollettino della Vittoria\u201d firmato da Armando Diaz, un napoletano di lontani origini spagnole, che all\u2019et\u00e0 di 56 anni assunse la carica di capo di Stato Maggiore dell\u2019esercito italiano. Alla fine del conflitto mondiale venne nominato Duca della Vittoria; fu anche ministro della guerra e maresciallo d\u2019Italia; nato a Napoli il 5 dicembre 1861, spos\u00f2 Sarah De Rosa-Mirabelli nel 1895 ed ebbe due figli: Marcello ed Anna; mor\u00ec il 29 febbraio 11928 a Roma. Nell\u2019ultimo numero del bimestrale \u201cCorriere dell\u2019Unione\u201d edito dall\u2019Unione nazionale mutilati per servizio (ha la sede provinciale anche nella \u201cCitt\u00e0 del Piave\u201d, Belluno appunto, nella via Simon da Cusighe, ed \u00e8 presieduta da Mario Mazzei che ha ricevuto il testimone dallo \u201cstorico\u201d presidente Erminio De Conz) che lo invia agli associati, \u00e8 recensito il libro \u201cArmando Diaz, il Generale della Vittoria\u201d scritto dal tenente colonnello Antonio Grilletto e dallo storico Vincenzo Cuomo i quali sottolineano, fra l\u2019altro, che: \u201c\u2026 era amato dai soldati, affabile, attento alle esigenze dei militari\u201d ed \u201corganizz\u00f2 la resistenza sul fiume Piave e sul monte Grappa e seppe ricaricare le truppe di entusiasmo e di sano patriottismo guidandole alla vittoria dopo la sconfitta di Caporetto\u201d aggiungendo: \u201cPer portare nuova linfa nelle linee di combattimento, ricorse alla mobilitazione dei cosiddetti \u2018ragazzi del \u201899\u2019 e pot\u00e9 cos\u00ec avvalersi di ben 25 nuove divisioni\u2026\u201d. La prima guerra mondiale. A prescindere da quello pagato dai soldati, fu decisamente pesante il tributo del Bellunese, che aveva visto il 24 maggio 1915 il territorio provinciale divenire campo di battaglia e dove &#8211; lo ricordava il giornalista Roberto Bona (mio fratello &#8211; ndr.) in un servizio di anni fa sul Corriere delle Alpi &#8211; fino all\u2019ottobre 1917 si combatt\u00e9 la \u201cguerra per crode\u201d sulla linea che partendo da Passo Rolle attraverso il gruppo della Marmolada e del Cristallo giungeva al Peralba, ed il capoluogo, citt\u00e0 di immediata retrovia e, come il resto della provincia, per un anno occupata e vinta dal nemico. Queste le tragiche cifre che esponeva: \u201c3228 morti di fame, 1574 per mancanza di cure sanitarie, distrutta o perduta una grande ricchezza privata, una consistente fetta di popolazione (18,24 per cento i profughi nel capoluogo) che all\u2019occupazione nemica prefer\u00ec trovare scampo nella fuga\u201d. Ancora Bona a ricordare che \u201cLo scomparso Piero Rossi nel suo pregevole \u2018Belluno\u2019 edito per i tipi della Piave nel 1977, evidenziava in proposito che \u2018La difesa sul Grappa e sul Piave assunse, veramente, per tutto l\u2019esercito italiano ma soprattutto per i combattenti bellunesi e delle altre terre invase, un significato di guerra patriottica e per la sopravvivenza nazionale, cosciente e vissuto, il quale lascer\u00e0 una traccia profonda sul sentimento popolare\u2019 e quindi sottolineava che \u2018Esso pu\u00f2 spiegare anche il successo di certe strumentalizzazioni del patriottismo e dello spirito nazionale, ma \u00e8 anche alla base di quel movimento che vedr\u00e0 un giorno unite le coscienze della parte maggiore e migliore dei bellunesi, contro una nuova invasione straniera\u2019\u201d. Il 24 ottobre 1917, gli eserciti austro-tedeschi, sfondarono le linee italiane a Caporetto, catturando moltissimi soldati recuperando grandi quantit\u00e0 di armamenti e costringendo il nemico ad una disastrosa ritirata che appariva il preludio di un\u2019imminente capitolazione. Quella che sembrava la dissoluzione di un esercito allo sbando si tramut\u00f2, quasi per miracolo, in una incredibile rinascita. Infatti dopo la sostituzione del generale Cadorna con Armando Diaz, le rinvigorite truppe italiane fermarono definitivamente gli austro-tedeschi nella storica battaglia del Piave, ricacciandoli al di la del fiume. La scelta di Diaz si rivel\u00f2 dunque azzeccata: il nuovo comandante dimostr\u00f2 grande sensibilit\u00e0 ed attenzione per la condizione delle truppe, cui venne riservato, finalmente, un adeguato trattamento; decise anche di porre fine alla scriteriata tattica degli assalti frontali, serviti soltanto a distruggere il morale dei soldati, che si vedevano considerati, dagli alti comandi, come degli agnelli sacrificali. Schierati sulla linea del Piave, gli italiani, il 15 giugno 1918 nella cosiddetta \u201cbattaglia del solstizio\u201d, dopo aver respinto i numerosi assalti nemici, obbligarono le armate austro-tedesche, alla ritirata, come indicato, la sera del 23 giugno, dal generale Diaz nell\u2019annuncio di una vittoria (&#8220;Dal Montello al mare, il nemico, sconfitto e incalzato dalle nostre valorose truppe, ripassa in disordine il Piave&#8221;) che, di fatto, imped\u00ec l\u2019invasione e la conseguente sconfitta dell\u2019Italia; dopo la batosta subita, infatti, gli Imperi Centrali, esausti e distrutti nel morale, non furono pi\u00f9 in grado di assumere, sul fronte italiano, alcuna iniziativa. L\u2019onta, l\u2019umiliazione di Caporetto era stata, dunque, finalmente e definitivamente cancellata. Il trionfo ottenuto esalt\u00f2 il genio militare di Diaz, dimostratosi valido stratega in una battaglia costata la vita a 250 mila persone e che fra l\u2019altro mise in luce i nuovi reparti d\u2019assalto dell\u2019esercito italiano, gli &#8220;Arditi&#8221;, che contribuirono non poco, con le loro incursioni, a sconfiggere il nemico. Il Piave divenne, da allora, il simbolo dell\u2019estremo sacrificio in nome di una patria salvata dalla tenacia e dal coraggio di decine di migliaia di combattenti, tra cui spiccavano i &#8220;ragazzini&#8221; della classe del 1899 (tra i tanti anche l\u2019ex vescovo di Feltre e Belluno mons. Gioacchino Muccin), chiamati alle armi per riempire i paurosi vuoti causati da tre anni di massacri e mattanze. il generale Diaz ottenne, a Vittorio Veneto, la vittoria decisiva, che costrinse l\u2019imperatore d\u2019Austria-Ungheria Carlo I, succeduto, nel 1916, al defunto Francesco Giuseppe, a chiedere la resa, firmata il 4 novembre 1918 a Villa Giusti, presso Padova, dopo che anche una Germania allo sbando, stremata dal blocco navale e devastata da scioperi e da episodi di insubordinazione militare, si arrese; fu la fine di una guerra terrificante, atroce, che provoc\u00f2 la morte di 10 milioni di persone e che si concluse con la lacerazione del grande impero Austro-Ungarico e con la fine del reich di Guglielmo II, costretto ad abdicare in favore della nascita della debole repubblica di Weimar.<\/p>\n\n\t\t\t<style type='text\/css'>\n\t\t\t\t#gallery-1 {\n\t\t\t\t\tmargin: auto;\n\t\t\t\t}\n\t\t\t\t#gallery-1 .gallery-item {\n\t\t\t\t\tfloat: left;\n\t\t\t\t\tmargin-top: 10px;\n\t\t\t\t\ttext-align: center;\n\t\t\t\t\twidth: 20%;\n\t\t\t\t}\n\t\t\t\t#gallery-1 img {\n\t\t\t\t\tborder: 2px solid #cfcfcf;\n\t\t\t\t}\n\t\t\t\t#gallery-1 .gallery-caption {\n\t\t\t\t\tmargin-left: 0;\n\t\t\t\t}\n\t\t\t\t\/* see gallery_shortcode() in wp-includes\/media.php *\/\n\t\t\t<\/style>\n\t\t<div id='gallery-1' class='dt-gallery-container gallery galleryid-175425 gallery-columns-5 gallery-size-thumbnail'><dl class='gallery-item'>\n\t\t\t\t<dt class='gallery-icon portrait'>\n\t\t\t\t\t<a class=\"rollover rollover-zoom dt-pswp-item\" title=\"128049596_705041283740274_3987544167876978014_n\" data-dt-img-description=\"\" data-large_image_width=\"513\" data-large_image_height=\"752\"href='https:\/\/www.radiopiu.net\/wordpress\/wp-content\/uploads\/2020\/11\/128049596_705041283740274_3987544167876978014_n.jpg'><img loading=\"lazy\" decoding=\"async\" width=\"150\" height=\"150\" src=\"https:\/\/www.radiopiu.net\/wordpress\/wp-content\/uploads\/2020\/11\/128049596_705041283740274_3987544167876978014_n-150x150.jpg\" class=\"attachment-thumbnail size-thumbnail\" alt=\"\" \/><\/a>\n\t\t\t\t<\/dt><\/dl><dl class='gallery-item'>\n\t\t\t\t<dt class='gallery-icon portrait'>\n\t\t\t\t\t<a class=\"rollover rollover-zoom dt-pswp-item\" title=\"127576272_287518039337900_3839857270322981008_n\" data-dt-img-description=\"\" data-large_image_width=\"1536\" data-large_image_height=\"2048\"href='https:\/\/www.radiopiu.net\/wordpress\/wp-content\/uploads\/2020\/11\/127576272_287518039337900_3839857270322981008_n.jpg'><img loading=\"lazy\" decoding=\"async\" width=\"150\" height=\"150\" src=\"https:\/\/www.radiopiu.net\/wordpress\/wp-content\/uploads\/2020\/11\/127576272_287518039337900_3839857270322981008_n-150x150.jpg\" class=\"attachment-thumbnail size-thumbnail\" alt=\"\" \/><\/a>\n\t\t\t\t<\/dt><\/dl><dl class='gallery-item'>\n\t\t\t\t<dt class='gallery-icon portrait'>\n\t\t\t\t\t<a class=\"rollover rollover-zoom dt-pswp-item\" title=\"127554940_139395510918376_780651523919568683_n\" data-dt-img-description=\"\" data-large_image_width=\"1511\" data-large_image_height=\"2048\"href='https:\/\/www.radiopiu.net\/wordpress\/wp-content\/uploads\/2020\/11\/127554940_139395510918376_780651523919568683_n.jpg'><img loading=\"lazy\" decoding=\"async\" width=\"150\" height=\"150\" src=\"https:\/\/www.radiopiu.net\/wordpress\/wp-content\/uploads\/2020\/11\/127554940_139395510918376_780651523919568683_n-150x150.jpg\" class=\"attachment-thumbnail size-thumbnail\" alt=\"\" \/><\/a>\n\t\t\t\t<\/dt><\/dl><dl class='gallery-item'>\n\t\t\t\t<dt class='gallery-icon portrait'>\n\t\t\t\t\t<a class=\"rollover rollover-zoom dt-pswp-item\" title=\"127713379_299695647920733_5180130253311261102_n\" data-dt-img-description=\"\" data-large_image_width=\"1472\" data-large_image_height=\"2048\"href='https:\/\/www.radiopiu.net\/wordpress\/wp-content\/uploads\/2020\/11\/127713379_299695647920733_5180130253311261102_n.jpg'><img loading=\"lazy\" decoding=\"async\" width=\"150\" height=\"150\" src=\"https:\/\/www.radiopiu.net\/wordpress\/wp-content\/uploads\/2020\/11\/127713379_299695647920733_5180130253311261102_n-150x150.jpg\" class=\"attachment-thumbnail size-thumbnail\" alt=\"\" \/><\/a>\n\t\t\t\t<\/dt><\/dl><dl class='gallery-item'>\n\t\t\t\t<dt class='gallery-icon portrait'>\n\t\t\t\t\t<a class=\"rollover rollover-zoom dt-pswp-item\" title=\"127552320_884424395695074_1611337305517253243_n\" data-dt-img-description=\"\" data-large_image_width=\"1204\" data-large_image_height=\"1707\"href='https:\/\/www.radiopiu.net\/wordpress\/wp-content\/uploads\/2020\/11\/127552320_884424395695074_1611337305517253243_n.jpg'><img loading=\"lazy\" decoding=\"async\" width=\"150\" height=\"150\" src=\"https:\/\/www.radiopiu.net\/wordpress\/wp-content\/uploads\/2020\/11\/127552320_884424395695074_1611337305517253243_n-150x150.jpg\" class=\"attachment-thumbnail size-thumbnail\" alt=\"\" \/><\/a>\n\t\t\t\t<\/dt><\/dl><br style=\"clear: both\" \/><dl class='gallery-item'>\n\t\t\t\t<dt class='gallery-icon landscape'>\n\t\t\t\t\t<a class=\"rollover rollover-zoom dt-pswp-item\" title=\"128078802_190534775887581_5577256968310797962_n\" data-dt-img-description=\"\" data-large_image_width=\"306\" data-large_image_height=\"165\"href='https:\/\/www.radiopiu.net\/wordpress\/wp-content\/uploads\/2020\/11\/128078802_190534775887581_5577256968310797962_n.jpg'><img loading=\"lazy\" decoding=\"async\" width=\"150\" height=\"150\" src=\"https:\/\/www.radiopiu.net\/wordpress\/wp-content\/uploads\/2020\/11\/128078802_190534775887581_5577256968310797962_n-150x150.jpg\" class=\"attachment-thumbnail size-thumbnail\" alt=\"\" \/><\/a>\n\t\t\t\t<\/dt><\/dl><dl class='gallery-item'>\n\t\t\t\t<dt class='gallery-icon landscape'>\n\t\t\t\t\t<a class=\"rollover rollover-zoom dt-pswp-item\" title=\"127778961_753486785271212_3703870443914455607_n\" data-dt-img-description=\"\" data-large_image_width=\"600\" data-large_image_height=\"471\"href='https:\/\/www.radiopiu.net\/wordpress\/wp-content\/uploads\/2020\/11\/127778961_753486785271212_3703870443914455607_n.jpg'><img loading=\"lazy\" decoding=\"async\" width=\"150\" height=\"150\" src=\"https:\/\/www.radiopiu.net\/wordpress\/wp-content\/uploads\/2020\/11\/127778961_753486785271212_3703870443914455607_n-150x150.jpg\" class=\"attachment-thumbnail size-thumbnail\" alt=\"\" \/><\/a>\n\t\t\t\t<\/dt><\/dl><dl class='gallery-item'>\n\t\t\t\t<dt class='gallery-icon landscape'>\n\t\t\t\t\t<a class=\"rollover rollover-zoom dt-pswp-item\" title=\"128015227_395525435117499_6241861788946905969_n\" data-dt-img-description=\"\" data-large_image_width=\"593\" data-large_image_height=\"353\"href='https:\/\/www.radiopiu.net\/wordpress\/wp-content\/uploads\/2020\/11\/128015227_395525435117499_6241861788946905969_n.jpg'><img loading=\"lazy\" decoding=\"async\" width=\"150\" height=\"150\" src=\"https:\/\/www.radiopiu.net\/wordpress\/wp-content\/uploads\/2020\/11\/128015227_395525435117499_6241861788946905969_n-150x150.jpg\" class=\"attachment-thumbnail size-thumbnail\" alt=\"\" \/><\/a>\n\t\t\t\t<\/dt><\/dl><dl class='gallery-item'>\n\t\t\t\t<dt class='gallery-icon landscape'>\n\t\t\t\t\t<a class=\"rollover rollover-zoom dt-pswp-item\" title=\"127819056_1309899032680947_7760058375148907862_n\" data-dt-img-description=\"\" data-large_image_width=\"260\" data-large_image_height=\"208\"href='https:\/\/www.radiopiu.net\/wordpress\/wp-content\/uploads\/2020\/11\/127819056_1309899032680947_7760058375148907862_n.jpg'><img loading=\"lazy\" decoding=\"async\" width=\"150\" height=\"150\" src=\"https:\/\/www.radiopiu.net\/wordpress\/wp-content\/uploads\/2020\/11\/127819056_1309899032680947_7760058375148907862_n-150x150.jpg\" class=\"attachment-thumbnail size-thumbnail\" alt=\"\" \/><\/a>\n\t\t\t\t<\/dt><\/dl><dl class='gallery-item'>\n\t\t\t\t<dt class='gallery-icon portrait'>\n\t\t\t\t\t<a class=\"rollover rollover-zoom dt-pswp-item\" title=\"127588641_846868739449392_7611360692175179042_n\" data-dt-img-description=\"\" data-large_image_width=\"357\" data-large_image_height=\"541\"href='https:\/\/www.radiopiu.net\/wordpress\/wp-content\/uploads\/2020\/11\/127588641_846868739449392_7611360692175179042_n.jpg'><img loading=\"lazy\" decoding=\"async\" width=\"150\" height=\"150\" src=\"https:\/\/www.radiopiu.net\/wordpress\/wp-content\/uploads\/2020\/11\/127588641_846868739449392_7611360692175179042_n-150x150.jpg\" class=\"attachment-thumbnail size-thumbnail\" alt=\"\" \/><\/a>\n\t\t\t\t<\/dt><\/dl><br style=\"clear: both\" \/>\n\t\t\t<\/div>\n\n<p>NELLE FOTO Renato Bona, (Wikipedia, bimestrale Corriere dell\u2019Unione, Vesuvio live): il generale Armando Diaz; la grande lapide di Porta Dojona a Belluno con il Bollettino della Vittoria; copertina del libro di Grilletto-Cuomo; e quella della rivista dell\u2019Unms; il giornalista Roberto Bona; immagine della Grande Guerra; ancora il generale Diaz; il monumento che gli \u00e8 stato dedicato a Napoli; la tomba nella quale riposa a Santa Maria degli Angeli e dei Martiri a Roma; il vescovo di Feltre e Belluno mons. Gioacchino Muccin, \u201cragazzo del \u201899\u201d.<\/p>\n","protected":false},"excerpt":{"rendered":"<p>BELLUNO All\u2019interno di Porta Dojona, nel cuore di Belluno, una grande lapide ricorda il successo italiano nella Grande Guerra del 1915-12 con il testo del \u201cBollettino della Vittoria\u201d firmato da Armando Diaz, un napoletano di lontani origini spagnole, che all\u2019et\u00e0 di 56 anni assunse la carica di capo di Stato Maggiore dell\u2019esercito italiano. Alla fine&hellip;<\/p>\n","protected":false},"author":4,"featured_media":175428,"comment_status":"closed","ping_status":"closed","sticky":false,"template":"","format":"standard","meta":{"_monsterinsights_skip_tracking":false,"_monsterinsights_sitenote_active":false,"_monsterinsights_sitenote_note":"","_monsterinsights_sitenote_category":0,"footnotes":""},"categories":[49],"tags":[],"class_list":["post-175425","post","type-post","status-publish","format-standard","has-post-thumbnail","hentry","category-news-18","category-49","description-off"],"img_url":"https:\/\/www.radiopiu.net\/wordpress\/wp-content\/uploads\/2020\/11\/127554940_139395510918376_780651523919568683_n.jpg","_links":{"self":[{"href":"https:\/\/www.radiopiu.net\/wordpress\/wp-json\/wp\/v2\/posts\/175425","targetHints":{"allow":["GET"]}}],"collection":[{"href":"https:\/\/www.radiopiu.net\/wordpress\/wp-json\/wp\/v2\/posts"}],"about":[{"href":"https:\/\/www.radiopiu.net\/wordpress\/wp-json\/wp\/v2\/types\/post"}],"author":[{"embeddable":true,"href":"https:\/\/www.radiopiu.net\/wordpress\/wp-json\/wp\/v2\/users\/4"}],"replies":[{"embeddable":true,"href":"https:\/\/www.radiopiu.net\/wordpress\/wp-json\/wp\/v2\/comments?post=175425"}],"version-history":[{"count":0,"href":"https:\/\/www.radiopiu.net\/wordpress\/wp-json\/wp\/v2\/posts\/175425\/revisions"}],"wp:featuredmedia":[{"embeddable":true,"href":"https:\/\/www.radiopiu.net\/wordpress\/wp-json\/wp\/v2\/media\/175428"}],"wp:attachment":[{"href":"https:\/\/www.radiopiu.net\/wordpress\/wp-json\/wp\/v2\/media?parent=175425"}],"wp:term":[{"taxonomy":"category","embeddable":true,"href":"https:\/\/www.radiopiu.net\/wordpress\/wp-json\/wp\/v2\/categories?post=175425"},{"taxonomy":"post_tag","embeddable":true,"href":"https:\/\/www.radiopiu.net\/wordpress\/wp-json\/wp\/v2\/tags?post=175425"}],"curies":[{"name":"wp","href":"https:\/\/api.w.org\/{rel}","templated":true}]}}