{"id":175521,"date":"2020-11-29T07:21:03","date_gmt":"2020-11-29T06:21:03","guid":{"rendered":"https:\/\/www.radiopiu.net\/wordpress\/?p=175521"},"modified":"2020-11-29T07:37:07","modified_gmt":"2020-11-29T06:37:07","slug":"e-morto-natale-trevissoi-padre-della-holzer-belluno","status":"publish","type":"post","link":"https:\/\/www.radiopiu.net\/wordpress\/e-morto-natale-trevissoi-padre-della-holzer-belluno\/","title":{"rendered":"E&#8217; MORTO NATALE TREVISSOI, &#8220;PADRE&#8221; DELLA HOLZER-BELLUNO"},"content":{"rendered":"<p><strong><a href=\"https:\/\/www.radiopiu.net\/wordpress\/e-morto-natale-trevissoi-padre-della-holzer-belluno\/natale_trevissoi\/\" rel=\"attachment wp-att-175522\"><img loading=\"lazy\" decoding=\"async\" class=\"size-medium wp-image-175522 alignleft\" src=\"https:\/\/www.radiopiu.net\/wordpress\/wp-content\/uploads\/2020\/11\/natale_trevissoi-300x245.jpg\" alt=\"\" width=\"300\" height=\"245\" srcset=\"https:\/\/www.radiopiu.net\/wordpress\/wp-content\/uploads\/2020\/11\/natale_trevissoi-300x245.jpg 300w, https:\/\/www.radiopiu.net\/wordpress\/wp-content\/uploads\/2020\/11\/natale_trevissoi-768x628.jpg 768w, https:\/\/www.radiopiu.net\/wordpress\/wp-content\/uploads\/2020\/11\/natale_trevissoi.jpg 942w\" sizes=\"auto, (max-width: 300px) 100vw, 300px\" \/><\/a>BELLUNO <\/strong>Il Bellunese perde l\u2019anima e la mente dello stabilimento Holzer di Belluno. \u00c8 venuto a mancare, nella giornata di ieri a Firenze, all\u2019et\u00e0 di 95 anni l\u2019ing. Natale Trevissoi. \u00ab<em>La provincia di Belluno gli \u00e8 debitrice &#8211; le parole di Oscar De Bona, presidente dell\u2019Associazione Bellunesi nel Mondo &#8211; perch\u00e9 se in parte l\u2019emorragia dell\u2019emigrazione bellunese si \u00e8 arrestata lo dobbiamo proprio a lui<\/em>\u00bb. E proprio per le sue concrete azioni a favore dello sviluppo economico del territorio bellunese nel 2015 ricevette il premio internazionale \u201cBellunesi che onorano la provincia di Belluno in Italia e all\u2019estero\u201d; in quell\u2019occasione disse: \u00ab<em>Ho sempre avuto un bellissimo rapporto con i giovani perch\u00e9 sono il nostro futuro. Per questo motivo li invito a scoprire il mondo, a credere nei propri progetti e nelle proprie capacit\u00e0 adattandosi agli usi e costumi dei Paesi dove andranno. Certo ci vuole anche fortuna, ma a volte bisogna anche cercarla. I risultati arriveranno<\/em>\u00bb. Dopo gli studi svolti presso l\u2019ITI \u201cSegato\u201d e la conclusione della Seconda guerra mondiale emigr\u00f2 in Svizzera dove consegu\u00ec il diploma svizzero di ingegnere elettrotecnico svolgendo in seguito la sua attivit\u00e0 lavorativa nella ditta di produzione di materiali e macchinari elettrici Brown Boveri. L\u2019incontro con l\u2019ing. Walter Holzer, che possedeva stabilimenti per la produzione di componenti per elettrodomestici in Germania, gli permise di realizzare il suo progetto industriale in provincia di Belluno al fine di sollevarne l\u2019economia e fermare l\u2019esodo di molti bellunesi con la valigia in mano. Fu cos\u00ec che nacque lo stabilimento di Belluno con cinquanta pionieri formati nella casa madre di Baden, sotto la direzione tecnica di Natale Trevissoi che riprodusse in Italia il modello svizzero, costruito sui rapporti umani, sulla correttezza e sul rispetto delle competenze e degli impegni. Molti furono i bellunesi che poterono beneficiare di questa opportunit\u00e0 di lavoro nel mondo industriale. L\u2019azienda divenne Eaton, poi Siebe-Invensys fino alla sua parabola discendente che port\u00f2 Trevissoi a dare alle stampe il libro \u201cHolzer, Eaton, Invensys. A Belluno dal 1964. Cronistoria di una fabbrica raccontata da chi ne ha posto le basi\u201d. Da non dimenticare inoltre che \u00e8 stato uno dei fondatori della Famiglia ex emigranti \u201cPiave\u201d di Belluno. I funerali saranno celebrati nel Duomo del capoluogo bellunese sabato 5 dicembre alle ore 10.30.<\/p>\n","protected":false},"excerpt":{"rendered":"<p>BELLUNO Il Bellunese perde l\u2019anima e la mente dello stabilimento Holzer di Belluno. \u00c8 venuto a mancare, nella giornata di ieri a Firenze, all\u2019et\u00e0 di 95 anni l\u2019ing. Natale Trevissoi. \u00abLa provincia di Belluno gli \u00e8 debitrice &#8211; le parole di Oscar De Bona, presidente dell\u2019Associazione Bellunesi nel Mondo &#8211; perch\u00e9 se in parte l\u2019emorragia&hellip;<\/p>\n","protected":false},"author":4,"featured_media":175522,"comment_status":"closed","ping_status":"closed","sticky":false,"template":"","format":"standard","meta":{"_monsterinsights_skip_tracking":false,"_monsterinsights_sitenote_active":false,"_monsterinsights_sitenote_note":"","_monsterinsights_sitenote_category":0,"footnotes":""},"categories":[51,104,49],"tags":[],"class_list":["post-175521","post","type-post","status-publish","format-standard","has-post-thumbnail","hentry","category-evidenza-top","category-evidenza_3","category-news-18","category-51","category-104","category-49","description-off"],"img_url":"https:\/\/www.radiopiu.net\/wordpress\/wp-content\/uploads\/2020\/11\/natale_trevissoi.jpg","_links":{"self":[{"href":"https:\/\/www.radiopiu.net\/wordpress\/wp-json\/wp\/v2\/posts\/175521","targetHints":{"allow":["GET"]}}],"collection":[{"href":"https:\/\/www.radiopiu.net\/wordpress\/wp-json\/wp\/v2\/posts"}],"about":[{"href":"https:\/\/www.radiopiu.net\/wordpress\/wp-json\/wp\/v2\/types\/post"}],"author":[{"embeddable":true,"href":"https:\/\/www.radiopiu.net\/wordpress\/wp-json\/wp\/v2\/users\/4"}],"replies":[{"embeddable":true,"href":"https:\/\/www.radiopiu.net\/wordpress\/wp-json\/wp\/v2\/comments?post=175521"}],"version-history":[{"count":0,"href":"https:\/\/www.radiopiu.net\/wordpress\/wp-json\/wp\/v2\/posts\/175521\/revisions"}],"wp:featuredmedia":[{"embeddable":true,"href":"https:\/\/www.radiopiu.net\/wordpress\/wp-json\/wp\/v2\/media\/175522"}],"wp:attachment":[{"href":"https:\/\/www.radiopiu.net\/wordpress\/wp-json\/wp\/v2\/media?parent=175521"}],"wp:term":[{"taxonomy":"category","embeddable":true,"href":"https:\/\/www.radiopiu.net\/wordpress\/wp-json\/wp\/v2\/categories?post=175521"},{"taxonomy":"post_tag","embeddable":true,"href":"https:\/\/www.radiopiu.net\/wordpress\/wp-json\/wp\/v2\/tags?post=175521"}],"curies":[{"name":"wp","href":"https:\/\/api.w.org\/{rel}","templated":true}]}}