{"id":175525,"date":"2020-11-29T10:02:45","date_gmt":"2020-11-29T09:02:45","guid":{"rendered":"https:\/\/www.radiopiu.net\/wordpress\/?p=175525"},"modified":"2020-11-29T10:05:14","modified_gmt":"2020-11-29T09:05:14","slug":"giornale-radiopiu-29-novembre-2020-direttore-mirko-mezzacasa","status":"publish","type":"post","link":"https:\/\/www.radiopiu.net\/wordpress\/giornale-radiopiu-29-novembre-2020-direttore-mirko-mezzacasa\/","title":{"rendered":"GIORNALE RADIOPIU 29 NOVEMBRE 2020 DIRETTORE MIRKO MEZZACASA"},"content":{"rendered":"<h3>PER<strong> RICEVERE QUESTO NOTIZIARIO DIRETTAMENTE SUL TUO CELLULARE ISCRIVITI AL CANALE TELEGRAM <\/strong><strong>\u201cRADIO PIU\u00a0 INFORMAZIONE&#8221;<\/strong><\/h3>\n<p>&nbsp;<\/p>\n<p><em>ATTENZIONE: LA NUOVA APP PER IOS-IPHONE<\/em><\/p>\n<div>\n<div><a href=\"https:\/\/apps.apple.com\/it\/app\/radio-pi%C3%B9-emittente-agordina\/id1515939845\">https:\/\/apps.apple.com\/it\/app\/radio-pi%C3%B9-emittente-agordina\/id1515939845<\/a><\/div>\n<\/div>\n<div><\/div>\n<div>\n<div dir=\"auto\"><em>ATTENZIONE: LA NUOVA APP RADIO\u00a0 PER ANDROID<\/em><\/div>\n<\/div>\n<p><a href=\"https:\/\/play.google.com\/store\/apps\/details?id=net.radiopiu.iniko\" target=\"_blank\" rel=\"noopener noreferrer\">https:\/\/play.google.com\/store\/apps\/details?id=net.radiopiu.iniko\u00a0\u00a0\u00a0<\/a><\/p>\n<p>&nbsp;<\/p>\n<hr \/>\n<blockquote>\n<h2><\/h2>\n<h2>DIECI GIORNI FA: A CAMPON RITROVATA UNA MOTOSEGA<\/h2>\n<\/blockquote>\n<p><strong><a href=\"https:\/\/www.radiopiu.net\/wordpress\/dieci-giorni-fa-a-campon-ritrovata-una-motosega\/images-293\/\" rel=\"attachment wp-att-175657\"><img loading=\"lazy\" decoding=\"async\" class=\"wp-image-175657 alignleft\" src=\"https:\/\/www.radiopiu.net\/wordpress\/wp-content\/uploads\/2020\/11\/images-2.jpg\" alt=\"\" width=\"100\" height=\"100\" srcset=\"https:\/\/www.radiopiu.net\/wordpress\/wp-content\/uploads\/2020\/11\/images-2.jpg 225w, https:\/\/www.radiopiu.net\/wordpress\/wp-content\/uploads\/2020\/11\/images-2-150x150.jpg 150w\" sizes=\"auto, (max-width: 100px) 100vw, 100px\" \/><\/a>AGORDO<\/strong> I Carabinieri Forestali di Agordo informano di aver ritrovato una motosega di piccole dimensioni in localit\u00e0\u00a0 Don-Campon sopra Agordo, strada per Malga Framont.\u00a0 Contattare il\u00a0 3357264361. Oppure il mercoled\u00ec dalle 11 alle 12 presso il comando stazione di Agordo. (foto archivio)<\/p>\n<p>&nbsp;<\/p>\n<p>&nbsp;<\/p>\n<p>&nbsp;<\/p>\n<hr \/>\n<p>&nbsp;<\/p>\n<blockquote>\n<h2>AGORDO NATALE, CON LA PROLOCO LA CASETTA DI BABBO NATALE E CON I COMMERCIANTI LE LUMINARIE (FOTO Andrea Zanvettor e Marco da Ruos)<\/h2>\n<div class=\"kvgmc6g5 cxmmr5t8 oygrvhab hcukyx3x c1et5uql ii04i59q\">\n<div dir=\"auto\"><em>&#8220;Bambini, \u00e8 arrivata in piazza ad Agordo la casetta di Babbo Natale!\u00a0<\/em><\/div>\n<div dir=\"auto\"><em>Quest&#8217;anno il Babbo ha inviato anche una lettera per voi, passate a leggerla! Ringraziamo il comitato Vecia Popa per la casetta, Kaio Skavi per il trasporto, segheria Cont per la corteccia, Holzmede per il cippato, Lisa de Luca per la lettera&#8221;. <\/em><strong>Messaggio Ad Agordo Proloco<\/strong><\/div>\n<\/div>\n<\/blockquote>\n\n\t\t\t<style type='text\/css'>\n\t\t\t\t#gallery-1 {\n\t\t\t\t\tmargin: auto;\n\t\t\t\t}\n\t\t\t\t#gallery-1 .gallery-item {\n\t\t\t\t\tfloat: left;\n\t\t\t\t\tmargin-top: 10px;\n\t\t\t\t\ttext-align: center;\n\t\t\t\t\twidth: 33%;\n\t\t\t\t}\n\t\t\t\t#gallery-1 img {\n\t\t\t\t\tborder: 2px solid #cfcfcf;\n\t\t\t\t}\n\t\t\t\t#gallery-1 .gallery-caption {\n\t\t\t\t\tmargin-left: 0;\n\t\t\t\t}\n\t\t\t\t\/* see gallery_shortcode() in wp-includes\/media.php *\/\n\t\t\t<\/style>\n\t\t<div id='gallery-1' class='dt-gallery-container gallery galleryid-175525 gallery-columns-3 gallery-size-medium'><dl class='gallery-item'>\n\t\t\t\t<dt class='gallery-icon landscape'>\n\t\t\t\t\t<a class=\"rollover rollover-zoom dt-pswp-item\" title=\"127889061_10221130643767164_8398413394111546878_o\" data-dt-img-description=\"\" data-large_image_width=\"1080\" data-large_image_height=\"810\"href='https:\/\/www.radiopiu.net\/wordpress\/wp-content\/uploads\/2020\/11\/127889061_10221130643767164_8398413394111546878_o.jpg'><img loading=\"lazy\" decoding=\"async\" width=\"300\" height=\"225\" src=\"https:\/\/www.radiopiu.net\/wordpress\/wp-content\/uploads\/2020\/11\/127889061_10221130643767164_8398413394111546878_o-300x225.jpg\" class=\"attachment-medium size-medium\" alt=\"\" srcset=\"https:\/\/www.radiopiu.net\/wordpress\/wp-content\/uploads\/2020\/11\/127889061_10221130643767164_8398413394111546878_o-300x225.jpg 300w, https:\/\/www.radiopiu.net\/wordpress\/wp-content\/uploads\/2020\/11\/127889061_10221130643767164_8398413394111546878_o-1024x768.jpg 1024w, https:\/\/www.radiopiu.net\/wordpress\/wp-content\/uploads\/2020\/11\/127889061_10221130643767164_8398413394111546878_o-768x576.jpg 768w, https:\/\/www.radiopiu.net\/wordpress\/wp-content\/uploads\/2020\/11\/127889061_10221130643767164_8398413394111546878_o.jpg 1080w\" sizes=\"auto, (max-width: 300px) 100vw, 300px\" \/><\/a>\n\t\t\t\t<\/dt><\/dl><dl class='gallery-item'>\n\t\t\t\t<dt class='gallery-icon landscape'>\n\t\t\t\t\t<a class=\"rollover rollover-zoom dt-pswp-item\" title=\"128681729_795590844617637_4822394044360502264_n\" data-dt-img-description=\"\" data-large_image_width=\"960\" data-large_image_height=\"720\"href='https:\/\/www.radiopiu.net\/wordpress\/wp-content\/uploads\/2020\/11\/128681729_795590844617637_4822394044360502264_n.jpg'><img loading=\"lazy\" decoding=\"async\" width=\"300\" height=\"225\" src=\"https:\/\/www.radiopiu.net\/wordpress\/wp-content\/uploads\/2020\/11\/128681729_795590844617637_4822394044360502264_n-300x225.jpg\" class=\"attachment-medium size-medium\" alt=\"\" srcset=\"https:\/\/www.radiopiu.net\/wordpress\/wp-content\/uploads\/2020\/11\/128681729_795590844617637_4822394044360502264_n-300x225.jpg 300w, https:\/\/www.radiopiu.net\/wordpress\/wp-content\/uploads\/2020\/11\/128681729_795590844617637_4822394044360502264_n-768x576.jpg 768w, https:\/\/www.radiopiu.net\/wordpress\/wp-content\/uploads\/2020\/11\/128681729_795590844617637_4822394044360502264_n.jpg 960w\" sizes=\"auto, (max-width: 300px) 100vw, 300px\" \/><\/a>\n\t\t\t\t<\/dt><\/dl><dl class='gallery-item'>\n\t\t\t\t<dt class='gallery-icon landscape'>\n\t\t\t\t\t<a class=\"rollover rollover-zoom dt-pswp-item\" title=\"128396942_3374029262708067_1119556164094544363_n\" data-dt-img-description=\"\" data-large_image_width=\"727\" data-large_image_height=\"727\"href='https:\/\/www.radiopiu.net\/wordpress\/wp-content\/uploads\/2020\/11\/128396942_3374029262708067_1119556164094544363_n.jpg'><img loading=\"lazy\" decoding=\"async\" width=\"300\" height=\"300\" src=\"https:\/\/www.radiopiu.net\/wordpress\/wp-content\/uploads\/2020\/11\/128396942_3374029262708067_1119556164094544363_n-300x300.jpg\" class=\"attachment-medium size-medium\" alt=\"\" srcset=\"https:\/\/www.radiopiu.net\/wordpress\/wp-content\/uploads\/2020\/11\/128396942_3374029262708067_1119556164094544363_n-300x300.jpg 300w, https:\/\/www.radiopiu.net\/wordpress\/wp-content\/uploads\/2020\/11\/128396942_3374029262708067_1119556164094544363_n-150x150.jpg 150w, https:\/\/www.radiopiu.net\/wordpress\/wp-content\/uploads\/2020\/11\/128396942_3374029262708067_1119556164094544363_n.jpg 727w\" sizes=\"auto, (max-width: 300px) 100vw, 300px\" \/><\/a>\n\t\t\t\t<\/dt><\/dl><br style=\"clear: both\" \/>\n\t\t\t<\/div>\n\n<p>&nbsp;<\/p>\n<p>&nbsp;<\/p>\n<p>&nbsp;<\/p>\n<hr \/>\n<p>&nbsp;<\/p>\n<h3>L&#8217;AUTOCERTIFICAZIONE<\/h3>\n<p>&nbsp;<\/p>\n<p><a href=\"https:\/\/www.radiopiu.net\/wordpress\/wp-content\/uploads\/2020\/11\/modello_autodichiarazione_editabile_ottobre_2020.pdf\">PER SCARICARE L&#8217;AUTOCERTIFICAZIONE CLICCA QUI<\/a><\/p>\n<p>&nbsp;<\/p>\n<p>&nbsp;<\/p>\n<p>&nbsp;<\/p>\n<blockquote class=\"wp-embedded-content\" data-secret=\"ZGn7epm2wd\"><p><a href=\"https:\/\/www.radiopiu.net\/wordpress\/pref-28-nov\/\">DALLA PREFETTURA DI BELLUNO IL MONITORAGGIO DEI CONTROLLI, 23-29 NOVEMBRE<\/a><\/p><\/blockquote>\n<p><iframe loading=\"lazy\" class=\"wp-embedded-content\" sandbox=\"allow-scripts\" security=\"restricted\" style=\"position: absolute; clip: rect(1px, 1px, 1px, 1px);\" title=\"&#8220;DALLA PREFETTURA DI BELLUNO IL MONITORAGGIO DEI CONTROLLI, 23-29 NOVEMBRE&#8221; &#8212; Radio Pi\u00f9\" src=\"https:\/\/www.radiopiu.net\/wordpress\/pref-28-nov\/embed\/#?secret=ZGn7epm2wd\" data-secret=\"ZGn7epm2wd\" width=\"600\" height=\"338\" frameborder=\"0\" marginwidth=\"0\" marginheight=\"0\" scrolling=\"no\"><\/iframe><\/p>\n<p>&nbsp;<\/p>\n<p>&nbsp;<\/p>\n<hr \/>\n<p>&nbsp;<\/p>\n<blockquote>\n<h3><a class=\"dt-pswp-item\" href=\"https:\/\/www.radiopiu.net\/wordpress\/wp-content\/uploads\/2020\/10\/89df95df-bc78-41eb-9810-7e6d6561c222.jpg\" data-dt-img-description=\"\" data-large_image_width=\"1200\" data-large_image_height=\"1600\"><img loading=\"lazy\" decoding=\"async\" class=\"wp-image-175671 alignleft\" src=\"https:\/\/www.radiopiu.net\/wordpress\/wp-content\/uploads\/2020\/10\/89df95df-bc78-41eb-9810-7e6d6561c222-225x300.jpg\" alt=\"\" width=\"132\" height=\"176\" srcset=\"https:\/\/www.radiopiu.net\/wordpress\/wp-content\/uploads\/2020\/10\/89df95df-bc78-41eb-9810-7e6d6561c222-225x300.jpg 225w, https:\/\/www.radiopiu.net\/wordpress\/wp-content\/uploads\/2020\/10\/89df95df-bc78-41eb-9810-7e6d6561c222-768x1024.jpg 768w, https:\/\/www.radiopiu.net\/wordpress\/wp-content\/uploads\/2020\/10\/89df95df-bc78-41eb-9810-7e6d6561c222-1152x1536.jpg 1152w, https:\/\/www.radiopiu.net\/wordpress\/wp-content\/uploads\/2020\/10\/89df95df-bc78-41eb-9810-7e6d6561c222.jpg 1200w\" sizes=\"auto, (max-width: 132px) 100vw, 132px\" \/><\/a>A CENCENIGHE ACQUA DI NUOVO POTABILE<\/h3>\n<\/blockquote>\n<p>Gestione Servizi Pubblici informa che a CENCENIGHE AGORDINO in LOCALITA&#8217; PRADIMEZZO, l&#8217;acqua erogata dall&#8217;acquedotto \u00e8 di nuovo potabile e pu\u00f2 essere usata, quindi, per scopi alimentari.<\/p>\n<p>&nbsp;<\/p>\n<p>&nbsp;<\/p>\n<p>&nbsp;<\/p>\n<p>&nbsp;<\/p>\n<hr \/>\n<p>&nbsp;<\/p>\n<blockquote>\n<h3>SCALE MOBILI CHIUSE A BELLUNO<\/h3>\n<\/blockquote>\n<p><strong>Le scale mobili che collegano il parcheggio di Lambioi con piazza Duomo verranno chiuse al pubblico tutte le sere alle 22.30, senza distinzioni.<\/strong><\/p>\n<p>&nbsp;<\/p>\n<p>&nbsp;<\/p>\n<hr \/>\n<p>&nbsp;<\/p>\n<blockquote>\n<h3>SILVOPASTORALE FARENZENA &#8211; DON CHIUSA FINO AL 15 DICEMBRE<\/h3>\n<\/blockquote>\n<p><strong>AGORDO<\/strong> \u00a0chiusura della strada silvo-pastorale Farenzena &#8211; Don, fino \u00a0al 15 dicembre 2020 e comunque fino a fine lavori, con riapertura del tratto interessato nelle giornate di sabato e domenica ed eventuali festivi infrasettimanali, per consentire l\u2019esecuzione dei lavori di esbosco.<\/p>\n<p>&nbsp;<\/p>\n<hr \/>\n<p>&nbsp;<\/p>\n<blockquote>\n<h3>IN ITALIA SCENDE IL CONTAGIO, DILAGA IN VENETO, IERI 26 RICOVERATI IN AREA CRITICA, 4 IN TERAPIA INTENSIVA, OLTRE 3000 POSITIVI E QUASI 1500 CASI IN PIU&#8217; DI ATTUALMENTE POSITIVI. <em>&#8220;O si rispettano le regole o la zona arancione con la chiusura dei confini \u00e8 dietro l&#8217;angolo&#8221;<\/em> ha detto il Governatore Zaia.<\/h3>\n<\/blockquote>\n<p>In Italia scende l&#8217;indice di contagio ed anche i ricoverati, ieri 385 in meno con sintomi e 20 pazienti in meno in terapia intensiva, ma \u00e8 stata un&#8217;altra giornata caratterizzata da tante vittime, 686 in Italia, 49 in Veneto e 5 in provincia. Oltre 9000 contagi tra bambini e ragazzi nelle scuole, per il Presidente Zaia \u00e8 una follia riaprire prima di Natale (ora a Roma si ipotizza il 14 dicembre, meno di dieci giorni dopo di nuovo tutti a casa per le vacanze di Natale), il governatore punta il dito contro il black friday che ha affollato le piazze nelle stesse ore in cui da Roma si invitava la popolazione ad acquistare sotto casa e non per corrispondenza. Oggi ad <strong>Auronzo<\/strong> la campagna screening per 1200 persone tra le buone notizie, infatti calano i positivi da 243 a 156,\u00a0ad <strong>Arsi\u00e8<\/strong> 21 positivi e 12 in isolamento, a <strong>Cortina<\/strong>,\u00a0 i positivi sono passati da 104 a 88 (-16)., 31 le persone\u00a0 in quarantena\u00a0 (-9). A <strong>Valle di Cadore<\/strong> 33 contagiati (-1) e 19 isolati. Nella casa di riposo di<strong> Santo Stefano<\/strong>, intanto, dove un focolaio era scoppiato agli inizia di novembre, la situazione pare in via di miglioramento, 3 gli ospiti ricoverati, 7 le persone che non hanno mai preso il virus, 24 negativizzate.<\/p>\n<p>&nbsp;<\/p>\n<blockquote>\n<h3>COVID IN PROVIINCIA: 5 DECESSI, 196 NUOVI POSITIVI, SUPERATE LE 200 PERSONE RICOVERATE NEGLI OSPEDALI. DOMANI LO SCREENING AD AURONZO<\/h3>\n<\/blockquote>\n<p><strong><a href=\"https:\/\/www.radiopiu.net\/wordpress\/giornale-radiopiu-10-marzo-2020-direttore-mirko-mezzacasa\/covid-ulss\/\" rel=\"attachment wp-att-121260\"><img loading=\"lazy\" decoding=\"async\" class=\"size-medium wp-image-121260 alignleft\" src=\"https:\/\/www.radiopiu.net\/wordpress\/wp-content\/uploads\/2020\/03\/covid-ulss-300x225.jpg\" alt=\"\" width=\"300\" height=\"225\" srcset=\"https:\/\/www.radiopiu.net\/wordpress\/wp-content\/uploads\/2020\/03\/covid-ulss-300x225.jpg 300w, https:\/\/www.radiopiu.net\/wordpress\/wp-content\/uploads\/2020\/03\/covid-ulss-768x576.jpg 768w, https:\/\/www.radiopiu.net\/wordpress\/wp-content\/uploads\/2020\/03\/covid-ulss.jpg 800w\" sizes=\"auto, (max-width: 300px) 100vw, 300px\" \/><\/a>BELLUNO<\/strong> Ancora decessi nelle ultime 24 in Ulss 1 Dolomiti, 5 le persone morte: un uomo di 82 anni ricoverato in Ospedale di comunit\u00e0 a Belluno, una donna di 90 anni ricoverata in Geriatria a Belluno, un uomo di 86 anni ricoverato in pneumologia a Belluno, una donna di 68 anni ricoverata in Rianimazione a Belluno, un uomo di 80 anni ricoverato in Ospedale di Comunit\u00e0 a Belluno. 196 i nuovi positivi in provincia (dato aggiornato alle 8 fonte Ulss Dolomiti). Negli ospedali bellunesi questa la situazione: al San Martino di Belluno 64 ricoveri in area non critica e 7 in terapia intensiva, al Santa Maria Del Prato di Feltre 55 in area non critica e 4 in terapia intensiva, ad Agordo 7 soggetti in area non critica. Negli ospedali di comunit\u00e0: Agordo 11 pazienti, Alano 7, Auronzo 14, Belluno 19 e Feltre 15. Oggi ad Auronzo, si svolger\u00e0 uno screening per la ricerca del Sars-Cov-2 tra le classi di et\u00e0 pi\u00f9 colpite delle positivit\u00e0 nel territorio, organizzato dall\u2019Ulss Dolomiti in accordo con la Regione del Veneto e l\u2019Amministrazione Comunale di Auronzo. Questo screening di popolazione sar\u00e0 condotto a favore di tutte le persone di et\u00e0 compresa tra 41 e 65 anni (nati tra il 1 gennaio 1955 e il 31 dicembre 1979), circa 1.250 persone in anagrafe. Non devono presentarsi al drive-in persone non appartenente alle classi di nascita sopra indicate e i soggetti gi\u00e0 risultati positivi al COVID o sottoposti a misure di quarantena. Alla luce dei risultati dell\u2019indagine lo studio sar\u00e0 eventualmente esteso ad altre classi di nascita. Per favorire un accesso ordinato al covid point drive-in appositamente installato e attivo dalle 9.30 alle 13.00 di domenica 29 novembre 2020 in localit\u00e0 Taiarezze sar\u00e0 attivata la seguente operativit\u00e0: accesso in auto dei cittadini con mascherina indossata e tessera sanitaria elettronica a disposizione; esecuzione del tampone antigenico senza scendere dall\u2019auto; sosta post tampone per 10 minuti in un\u2019area dedicata; consegna del referto ed eventuale esecuzione del tampone molecolare ai soggetti positivi al tampone antigenico.<\/p>\n<p>&nbsp;<\/p>\n<p>&nbsp;<\/p>\n<hr \/>\n<p>&nbsp;<\/p>\n<blockquote>\n<h3>ARRESTATO UN MOLDAVO RESIDENTE A SEDICO<\/h3>\n<\/blockquote>\n<p><strong><img loading=\"lazy\" decoding=\"async\" class=\"alignleft\" src=\"https:\/\/www.radiopiu.net\/wordpress\/wp-content\/uploads\/2015\/11\/controllo-carabinieri.jpg\" width=\"123\" height=\"92\" \/>BELLUNO<\/strong> Da ieri sera Michail Burlac, 29 anni moldavo di origine ma residente a Sedico \u00e8 ospite del carcere di Baldenich. Lo hanno arrestato i Carabinieri di Pieve di Cadore di concerto con il Nucleo Investigativo di Belluno in esecuzione di un ordine emesso dalla Procura della Repubblica di Belluno. L&#8217;uomo dovr\u00e0 scontare 2 anni e 10 mesi per i reati di: rapina e lesioni per un episodio avvenuto a Valle di Cadore nel 2013<\/p>\n<p>&nbsp;<\/p>\n<p>&nbsp;<\/p>\n<p>&nbsp;<\/p>\n<hr \/>\n<p>&nbsp;<\/p>\n<blockquote>\n<h3>FESTA NEL LOCALE ALLE 22: CHIUSO<\/h3>\n<\/blockquote>\n<p><strong><a href=\"https:\/\/www.radiopiu.net\/wordpress\/festa-nel-locale-alle-22-chiuso\/cb962b19-158c-438f-b98d-8a92f1fe1b1a\/\" rel=\"attachment wp-att-175532\"><img loading=\"lazy\" decoding=\"async\" class=\"wp-image-175532 alignleft\" src=\"https:\/\/www.radiopiu.net\/wordpress\/wp-content\/uploads\/2020\/11\/cb962b19-158c-438f-b98d-8a92f1fe1b1a-300x225.jpg\" alt=\"\" width=\"183\" height=\"137\" srcset=\"https:\/\/www.radiopiu.net\/wordpress\/wp-content\/uploads\/2020\/11\/cb962b19-158c-438f-b98d-8a92f1fe1b1a-300x225.jpg 300w, https:\/\/www.radiopiu.net\/wordpress\/wp-content\/uploads\/2020\/11\/cb962b19-158c-438f-b98d-8a92f1fe1b1a.jpg 320w\" sizes=\"auto, (max-width: 183px) 100vw, 183px\" \/><\/a>FELTRE<\/strong> Nell&#8217;ambito dei controlli anticovid i Carabinieri di Feltre hanno sanzionato l&#8217;esercizio pubblico &#8220;El Travo&#8221; di Pedavena. I militari coordinati dal capitano Luca Innelli, infatti, hanno sorpreso avventori nel locale ancora aperto alle 22 della sera.<\/p>\n<p>Almeno otto persone alla vista dei militari si sono allontanate precipitosamente. Tre sono state fermate e confermavano che all&#8217;interno del locale era in corso una festa. Il titolare \u00e8 stato sanzionato, locale chiuso per 5 giorni. Sulle tre persone\u00a0 verifiche in corso visto che le 22 erano trascorse ed erano comunque fuori dalla propria abitazione nonostante il coprifuoco, ovviamente alle tre persone \u00e8 stato chiesta l&#8217;autocertificazione.<\/p>\n<p>&nbsp;<\/p>\n<p>&nbsp;<\/p>\n<hr \/>\n<p>&nbsp;<\/p>\n<div class=\"page-title-head hgroup\">\n<blockquote>\n<h3 class=\"entry-title\">USARE IL CALCIO PER PROTESTATE NON E\u2019 LEGALE, SOPRATTUTTO SE GIOCATO AD ALTA VOCE<\/h3>\n<\/blockquote>\n<\/div>\n<p><strong><a href=\"https:\/\/www.radiopiu.net\/wordpress\/continua-la-sanificazione-delle-strade-oggi-e-stata-la-volta-di-fonzaso-sovramonte-lamon-e-ponte-nelle-alpi\/lamon-4\/\" rel=\"attachment wp-att-128216\"><img loading=\"lazy\" decoding=\"async\" class=\" wp-image-128216 alignleft\" src=\"https:\/\/www.radiopiu.net\/wordpress\/wp-content\/uploads\/2020\/04\/Lamon-4-300x225.jpg\" sizes=\"auto, (max-width: 203px) 100vw, 203px\" srcset=\"https:\/\/www.radiopiu.net\/wordpress\/wp-content\/uploads\/2020\/04\/Lamon-4-300x225.jpg 300w, https:\/\/www.radiopiu.net\/wordpress\/wp-content\/uploads\/2020\/04\/Lamon-4-768x576.jpg 768w, https:\/\/www.radiopiu.net\/wordpress\/wp-content\/uploads\/2020\/04\/Lamon-4.jpg 1024w\" alt=\"\" width=\"203\" height=\"152\" \/><\/a>LAMON<\/strong>\u00a0Quei giovani di Lamon e dintorni che hanno deciso di organizzare una protesta tutta loro, pacifica ma decisamente rumorosa, si sono ritrovati nei guai con una denuncia all\u2019autorit\u00e0 giudiziaria per manifestazione abusiva e disturbo alle persone. A tirare i fili dell\u2019inchiesta i Carabinieri del paese che gi\u00e0 la scorsa estate avevano raccolto le proteste dei residenti sfociate in querela. I fatti risalgono alla scorsa estate, nel mese di luglio. Un gruppo di giovani, una decina, ha infatti inscenato una protesta singolare contro la mancata protrazione dell\u2019orario di apertura degli esercizi pubblici. Si sono ritrovati alcune sere in piazza e hanno iniziato a giocare a calcio, rumorosi incontri in piazza, in pieno centro. Non hanno nascosto nemmeno allora che lo facessero per protesta. Il calcio by night lamonese non ha riscosso le simpatie dei residenti che si sono rivolti ai Carabinieri. Oggi la denuncia per il gruppo di giovani.<\/p>\n<p>&nbsp;<\/p>\n<p>&nbsp;<\/p>\n<hr \/>\n<p>&nbsp;<\/p>\n<blockquote>\n<h3>MALORE A SAN MARTINO DI CASTROZZA, INTERVIENE IL SUEM DI PIEVE DI CADORE<\/h3>\n<\/blockquote>\n<p><strong><a href=\"https:\/\/www.radiopiu.net\/wordpress\/malore-a-san-martino-di-castrozza-interviene-il-suem-di-pieve-di-cadore\/salt_20201128_145339_948\/\" rel=\"attachment wp-att-175591\"><img loading=\"lazy\" decoding=\"async\" class=\"size-medium wp-image-175591 alignleft\" src=\"https:\/\/www.radiopiu.net\/wordpress\/wp-content\/uploads\/2020\/11\/salt_20201128_145339_948-300x225.jpg\" alt=\"\" width=\"300\" height=\"225\" srcset=\"https:\/\/www.radiopiu.net\/wordpress\/wp-content\/uploads\/2020\/11\/salt_20201128_145339_948-300x225.jpg 300w, https:\/\/www.radiopiu.net\/wordpress\/wp-content\/uploads\/2020\/11\/salt_20201128_145339_948-1024x768.jpg 1024w, https:\/\/www.radiopiu.net\/wordpress\/wp-content\/uploads\/2020\/11\/salt_20201128_145339_948-768x576.jpg 768w, https:\/\/www.radiopiu.net\/wordpress\/wp-content\/uploads\/2020\/11\/salt_20201128_145339_948-1536x1152.jpg 1536w, https:\/\/www.radiopiu.net\/wordpress\/wp-content\/uploads\/2020\/11\/salt_20201128_145339_948-2048x1536.jpg 2048w\" sizes=\"auto, (max-width: 300px) 100vw, 300px\" \/><\/a>SAN MARTINO DI CASTROZZA (TN)\u00a0<\/strong>Poco prima di mezzogiorno, su richiesta della Centrale di Trento, l&#8217;elicottero del Suem di Pieve di Cadore \u00e8 intervenuto sulla Cima dei Bureloni, dove, risalendo con ramponi e piccozza l&#8217;omonimo canale, un&#8217;alpinista era stata colta da malore. A dare l&#8217;allarme il compagno che, trovandosi pi\u00f9 alto rispetto a lei, a un certo punto si era reso conto che la donna, M.D., 54 anni, di Valeggio sul Mincio (VR), si era fermata perch\u00e9 si sentiva male. Individuato a circa 3mila metri di altitudine dove si trovavano i due dalla posizione inviata tramite Whatsapp, l&#8217;eliambulanza ha sbarcato il tecnico di elisoccorso con un verricello di 75 metri. L&#8217;alpinista \u00e8 stata issata a bordo e trasportata all&#8217;ospedale di Trento per le verifiche del caso.<\/p>\n<p>&nbsp;<\/p>\n<p>&nbsp;<\/p>\n<p>&nbsp;<\/p>\n<p>&nbsp;<\/p>\n<p>&nbsp;<\/p>\n<p>&nbsp;<\/p>\n<hr \/>\n<p>&nbsp;<\/p>\n<blockquote>\n<h3>EX MINERARIO IL PUNTO SUL CANTIERE CHE NON C&#8217;E&#8217;<\/h3>\n<\/blockquote>\n<p><strong><img loading=\"lazy\" decoding=\"async\" class=\"alignleft\" src=\"https:\/\/www.radiopiu.net\/wordpress\/wp-content\/uploads\/2020\/11\/download-26.jpg\" width=\"166\" height=\"124\" \/>AGORDO<\/strong> Sollecitato dal consigliere di minoranza Paolo Selva Moretti il vice sindaco, Giulio Favretti, ha aggiornato la situazione circa i lavori in via 5 maggio sede dell&#8217;ex Istituto Minerario Umberto Follador, Favretti ha anticipato che sarebbero ripresi alcuni lavori ma molto lentamente. Circa l&#8217;Ostello \u00e8 stata chiesta la variante al progetto.<\/p>\n<p><strong>GIULIO FAVRETTI<\/strong><\/p>\n<audio class=\"wp-audio-shortcode\" id=\"audio-175525-1\" preload=\"none\" style=\"width: 100%;\" controls=\"controls\"><source type=\"audio\/mpeg\" src=\"https:\/\/www.radiopiu.net\/wordpress\/wp-content\/uploads\/2020\/11\/FAVRETTI.mp3?_=1\" \/><a href=\"https:\/\/www.radiopiu.net\/wordpress\/wp-content\/uploads\/2020\/11\/FAVRETTI.mp3\">https:\/\/www.radiopiu.net\/wordpress\/wp-content\/uploads\/2020\/11\/FAVRETTI.mp3<\/a><\/audio>\n<p>&nbsp;<\/p>\n<hr \/>\n<p>&nbsp;<\/p>\n<blockquote>\n<h3>E&#8217; MORTO NATALE TREVISSOI, &#8220;PADRE&#8221; DELLA HOLZER-BELLUNO<\/h3>\n<\/blockquote>\n<p><strong><a href=\"https:\/\/www.radiopiu.net\/wordpress\/e-morto-natale-trevissoi-padre-della-holzer-belluno\/natale_trevissoi\/\" rel=\"attachment wp-att-175522\"><img loading=\"lazy\" decoding=\"async\" class=\"size-medium wp-image-175522 alignleft\" src=\"https:\/\/www.radiopiu.net\/wordpress\/wp-content\/uploads\/2020\/11\/natale_trevissoi-300x245.jpg\" alt=\"\" width=\"300\" height=\"245\" srcset=\"https:\/\/www.radiopiu.net\/wordpress\/wp-content\/uploads\/2020\/11\/natale_trevissoi-300x245.jpg 300w, https:\/\/www.radiopiu.net\/wordpress\/wp-content\/uploads\/2020\/11\/natale_trevissoi-768x628.jpg 768w, https:\/\/www.radiopiu.net\/wordpress\/wp-content\/uploads\/2020\/11\/natale_trevissoi.jpg 942w\" sizes=\"auto, (max-width: 300px) 100vw, 300px\" \/><\/a>BELLUNO <\/strong>Il Bellunese perde l\u2019anima e la mente dello stabilimento Holzer di Belluno. \u00c8 venuto a mancare, nella giornata di ieri a Firenze, all\u2019et\u00e0 di 95 anni l\u2019ing. Natale Trevissoi. \u00ab<em>La provincia di Belluno gli \u00e8 debitrice &#8211; le parole di Oscar De Bona, presidente dell\u2019Associazione Bellunesi nel Mondo &#8211; perch\u00e9 se in parte l\u2019emorragia dell\u2019emigrazione bellunese si \u00e8 arrestata lo dobbiamo proprio a lui<\/em>\u00bb. E proprio per le sue concrete azioni a favore dello sviluppo economico del territorio bellunese nel 2015 ricevette il premio internazionale \u201cBellunesi che onorano la provincia di Belluno in Italia e all\u2019estero\u201d; in quell\u2019occasione disse: \u00ab<em>Ho sempre avuto un bellissimo rapporto con i giovani perch\u00e9 sono il nostro futuro. Per questo motivo li invito a scoprire il mondo, a credere nei propri progetti e nelle proprie capacit\u00e0 adattandosi agli usi e costumi dei Paesi dove andranno. Certo ci vuole anche fortuna, ma a volte bisogna anche cercarla. I risultati arriveranno<\/em>\u00bb. Dopo gli studi svolti presso l\u2019ITI \u201cSegato\u201d e la conclusione della Seconda guerra mondiale emigr\u00f2 in Svizzera dove consegu\u00ec il diploma svizzero di ingegnere elettrotecnico svolgendo in seguito la sua attivit\u00e0 lavorativa nella ditta di produzione di materiali e macchinari elettrici Brown Boveri. L\u2019incontro con l\u2019ing. Walter Holzer, che possedeva stabilimenti per la produzione di componenti per elettrodomestici in Germania, gli permise di realizzare il suo progetto industriale in provincia di Belluno al fine di sollevarne l\u2019economia e fermare l\u2019esodo di molti bellunesi con la valigia in mano. Fu cos\u00ec che nacque lo stabilimento di Belluno con cinquanta pionieri formati nella casa madre di Baden, sotto la direzione tecnica di Natale Trevissoi che riprodusse in Italia il modello svizzero, costruito sui rapporti umani, sulla correttezza e sul rispetto delle competenze e degli impegni. Molti furono i bellunesi che poterono beneficiare di questa opportunit\u00e0 di lavoro nel mondo industriale. L\u2019azienda divenne Eaton, poi Siebe-Invensys fino alla sua parabola discendente che port\u00f2 Trevissoi a dare alle stampe il libro \u201cHolzer, Eaton, Invensys. A Belluno dal 1964. Cronistoria di una fabbrica raccontata da chi ne ha posto le basi\u201d. Da non dimenticare inoltre che \u00e8 stato uno dei fondatori della Famiglia ex emigranti \u201cPiave\u201d di Belluno. I funerali saranno celebrati nel Duomo del capoluogo bellunese sabato 5 dicembre alle ore 10.30.<\/p>\n<p>&nbsp;<\/p>\n<p>&nbsp;<\/p>\n<hr \/>\n<p>&nbsp;<\/p>\n<p>&nbsp;<\/p>\n<blockquote class=\"wp-embedded-content\" data-secret=\"UES60E8CkF\"><p><a href=\"https:\/\/www.radiopiu.net\/wordpress\/in-arrivo-tredicesime-piu-leggere-causa-covid-persi-300-milioni-rispetto-lanno-scorso\/\">IN ARRIVO TREDICESIME PIU\u2019 LEGGERE: CAUSA COVID, PERSI 300 MILIONI RISPETTO L\u2019ANNO SCORSO<\/a><\/p><\/blockquote>\n<p><iframe loading=\"lazy\" class=\"wp-embedded-content\" sandbox=\"allow-scripts\" security=\"restricted\" style=\"position: absolute; clip: rect(1px, 1px, 1px, 1px);\" title=\"&#8220;IN ARRIVO TREDICESIME PIU\u2019 LEGGERE: CAUSA COVID, PERSI 300 MILIONI RISPETTO L\u2019ANNO SCORSO&#8221; &#8212; Radio Pi\u00f9\" src=\"https:\/\/www.radiopiu.net\/wordpress\/in-arrivo-tredicesime-piu-leggere-causa-covid-persi-300-milioni-rispetto-lanno-scorso\/embed\/#?secret=UES60E8CkF\" data-secret=\"UES60E8CkF\" width=\"600\" height=\"338\" frameborder=\"0\" marginwidth=\"0\" marginheight=\"0\" scrolling=\"no\"><\/iframe><\/p>\n<p>&nbsp;<\/p>\n<p>&nbsp;<\/p>\n<hr \/>\n<blockquote class=\"wp-embedded-content\" data-secret=\"HQV4K0un5I\"><p><a href=\"https:\/\/www.radiopiu.net\/wordpress\/agg-nov-288\/\">CORONAVIRUS: AGGIORNAMENTO NAZIONALE 28 NOVEMBRE<\/a><\/p><\/blockquote>\n<p><iframe loading=\"lazy\" class=\"wp-embedded-content\" sandbox=\"allow-scripts\" security=\"restricted\" style=\"position: absolute; clip: rect(1px, 1px, 1px, 1px);\" title=\"&#8220;CORONAVIRUS: AGGIORNAMENTO NAZIONALE 28 NOVEMBRE&#8221; &#8212; Radio Pi\u00f9\" src=\"https:\/\/www.radiopiu.net\/wordpress\/agg-nov-288\/embed\/#?secret=HQV4K0un5I\" data-secret=\"HQV4K0un5I\" width=\"600\" height=\"338\" frameborder=\"0\" marginwidth=\"0\" marginheight=\"0\" scrolling=\"no\"><\/iframe><\/p>\n<p>&nbsp;<\/p>\n<hr \/>\n<p>&nbsp;<\/p>\n<blockquote class=\"wp-embedded-content\" data-secret=\"IAghFKpCgF\"><p><a href=\"https:\/\/www.radiopiu.net\/wordpress\/sono-3132-i-nuovi-positivi-in-veneto-nelle-ultime-24-ore-49-decessi-ricoveri-in-aumento-nonostante-91-dimessi-a-belluno-165-nuove-positivita\/\">SONO 3132 I NUOVI POSITIVI IN VENETO NELLE ULTIME 24 ORE. 49 DECESSI, RICOVERI IN AUMENTO NONOSTANTE 91 DIMESSI. A BELLUNO 165 NUOVE POSITIVITA&#8217;<\/a><\/p><\/blockquote>\n<p><iframe loading=\"lazy\" class=\"wp-embedded-content\" sandbox=\"allow-scripts\" security=\"restricted\" style=\"position: absolute; clip: rect(1px, 1px, 1px, 1px);\" title=\"&#8220;SONO 3132 I NUOVI POSITIVI IN VENETO NELLE ULTIME 24 ORE. 49 DECESSI, RICOVERI IN AUMENTO NONOSTANTE 91 DIMESSI. A BELLUNO 165 NUOVE POSITIVITA&#8217;&#8221; &#8212; Radio Pi\u00f9\" src=\"https:\/\/www.radiopiu.net\/wordpress\/sono-3132-i-nuovi-positivi-in-veneto-nelle-ultime-24-ore-49-decessi-ricoveri-in-aumento-nonostante-91-dimessi-a-belluno-165-nuove-positivita\/embed\/#?secret=IAghFKpCgF\" data-secret=\"IAghFKpCgF\" width=\"600\" height=\"338\" frameborder=\"0\" marginwidth=\"0\" marginheight=\"0\" scrolling=\"no\"><\/iframe><\/p>\n<p>&nbsp;<\/p>\n<hr \/>\n<p>&nbsp;<\/p>\n<blockquote>\n<h3>I GRAFICI DI TIZIANO DE COL<\/h3>\n<\/blockquote>\n\n\t\t\t<style type='text\/css'>\n\t\t\t\t#gallery-2 {\n\t\t\t\t\tmargin: auto;\n\t\t\t\t}\n\t\t\t\t#gallery-2 .gallery-item {\n\t\t\t\t\tfloat: left;\n\t\t\t\t\tmargin-top: 10px;\n\t\t\t\t\ttext-align: center;\n\t\t\t\t\twidth: 33%;\n\t\t\t\t}\n\t\t\t\t#gallery-2 img {\n\t\t\t\t\tborder: 2px solid #cfcfcf;\n\t\t\t\t}\n\t\t\t\t#gallery-2 .gallery-caption {\n\t\t\t\t\tmargin-left: 0;\n\t\t\t\t}\n\t\t\t\t\/* see gallery_shortcode() in wp-includes\/media.php *\/\n\t\t\t<\/style>\n\t\t<div id='gallery-2' class='dt-gallery-container gallery galleryid-175525 gallery-columns-3 gallery-size-medium'><dl class='gallery-item'>\n\t\t\t\t<dt class='gallery-icon landscape'>\n\t\t\t\t\t<a class=\"rollover rollover-zoom dt-pswp-item\" title=\"3d21c57f-f8d4-41e5-ae96-b91dded2f729\" data-dt-img-description=\"\" data-large_image_width=\"596\" data-large_image_height=\"356\"href='https:\/\/www.radiopiu.net\/wordpress\/wp-content\/uploads\/2020\/11\/3d21c57f-f8d4-41e5-ae96-b91dded2f729.jpg'><img loading=\"lazy\" decoding=\"async\" width=\"300\" height=\"179\" src=\"https:\/\/www.radiopiu.net\/wordpress\/wp-content\/uploads\/2020\/11\/3d21c57f-f8d4-41e5-ae96-b91dded2f729-300x179.jpg\" class=\"attachment-medium size-medium\" alt=\"\" srcset=\"https:\/\/www.radiopiu.net\/wordpress\/wp-content\/uploads\/2020\/11\/3d21c57f-f8d4-41e5-ae96-b91dded2f729-300x179.jpg 300w, https:\/\/www.radiopiu.net\/wordpress\/wp-content\/uploads\/2020\/11\/3d21c57f-f8d4-41e5-ae96-b91dded2f729.jpg 596w\" sizes=\"auto, (max-width: 300px) 100vw, 300px\" \/><\/a>\n\t\t\t\t<\/dt><\/dl><dl class='gallery-item'>\n\t\t\t\t<dt class='gallery-icon landscape'>\n\t\t\t\t\t<a class=\"rollover rollover-zoom dt-pswp-item\" title=\"95486c95-cb8d-4caa-bdea-988268c01232\" data-dt-img-description=\"\" data-large_image_width=\"976\" data-large_image_height=\"595\"href='https:\/\/www.radiopiu.net\/wordpress\/wp-content\/uploads\/2020\/11\/95486c95-cb8d-4caa-bdea-988268c01232.jpg'><img loading=\"lazy\" decoding=\"async\" width=\"300\" height=\"183\" src=\"https:\/\/www.radiopiu.net\/wordpress\/wp-content\/uploads\/2020\/11\/95486c95-cb8d-4caa-bdea-988268c01232-300x183.jpg\" class=\"attachment-medium size-medium\" alt=\"\" srcset=\"https:\/\/www.radiopiu.net\/wordpress\/wp-content\/uploads\/2020\/11\/95486c95-cb8d-4caa-bdea-988268c01232-300x183.jpg 300w, https:\/\/www.radiopiu.net\/wordpress\/wp-content\/uploads\/2020\/11\/95486c95-cb8d-4caa-bdea-988268c01232-768x468.jpg 768w, https:\/\/www.radiopiu.net\/wordpress\/wp-content\/uploads\/2020\/11\/95486c95-cb8d-4caa-bdea-988268c01232.jpg 976w\" sizes=\"auto, (max-width: 300px) 100vw, 300px\" \/><\/a>\n\t\t\t\t<\/dt><\/dl><dl class='gallery-item'>\n\t\t\t\t<dt class='gallery-icon landscape'>\n\t\t\t\t\t<a class=\"rollover rollover-zoom dt-pswp-item\" title=\"351f7333-3248-4a6b-8483-8234dbedf549\" data-dt-img-description=\"\" data-large_image_width=\"718\" data-large_image_height=\"469\"href='https:\/\/www.radiopiu.net\/wordpress\/wp-content\/uploads\/2020\/11\/351f7333-3248-4a6b-8483-8234dbedf549.jpg'><img loading=\"lazy\" decoding=\"async\" width=\"300\" height=\"196\" src=\"https:\/\/www.radiopiu.net\/wordpress\/wp-content\/uploads\/2020\/11\/351f7333-3248-4a6b-8483-8234dbedf549-300x196.jpg\" class=\"attachment-medium size-medium\" alt=\"\" srcset=\"https:\/\/www.radiopiu.net\/wordpress\/wp-content\/uploads\/2020\/11\/351f7333-3248-4a6b-8483-8234dbedf549-300x196.jpg 300w, https:\/\/www.radiopiu.net\/wordpress\/wp-content\/uploads\/2020\/11\/351f7333-3248-4a6b-8483-8234dbedf549.jpg 718w\" sizes=\"auto, (max-width: 300px) 100vw, 300px\" \/><\/a>\n\t\t\t\t<\/dt><\/dl><br style=\"clear: both\" \/>\n\t\t\t<\/div>\n\n<p>&nbsp;<\/p>\n<p>&nbsp;<\/p>\n<p>&nbsp;<\/p>\n<hr \/>\n<p>&nbsp;<\/p>\n<blockquote>\n<h2>LEGGI LA CONFERENZA STAMPA DI LUCA ZAIA<\/h2>\n<p><em>A chi preferiva la zona arancione ricordo che significa chiusura dei confini comunali. Siamo in fascia gialla serve responsabilit\u00e0 non come ieri con i black friday. Spero che nei prossimi giorni si possa dimostrare che stiamo controllando gli assembramenti. Non \u00e8 un atto di accusa ma \u00e8 giusto che chi ha compiti e responsabilit\u00e0 di governo deve dire le cose come stanno.\u00a0<\/em><\/p><\/blockquote>\n<p><strong>SI CRITICA IL BLACK FRIDAY PER GLI ASSEMBRAMENTI MA A LIVELLO NAZIONALE SI CHIEDE DI COMPERARE SOTTO CASA E NON PER CORRISPONDENZA.<\/strong><em> &#8220;E&#8217; ovvio che bisogna andare a comperare sotto casa e non per corrispondenza, ma si pu\u00f2 fare in orari diversi evitando il caos totale&#8221;.<\/em><\/p>\n<p>Abbiamo ragionevoli conferme di essere nella parte alta della curva, i numeri anche oggi sono contenuti. Ieri il black friday ha riempito i corsi cittadini. Abbiamo fatto questa battaglia non solo per restare in zona gialla ed evitare i confini comunali chiusi tanto per citare una restrizioni. La partita della nuova ordinananza si chiude mercoledi poi vedremo cosa succede. Siamo tutti responsabili nel governare la pandemia, \u00e8 un attimo finire in zona arancione se non si evitano gli assembramenti. Il passaggio di zona non dipende dalle terapie intensive o dai ricoveri, \u00e8 un di cui&#8230; i 21 parametri tengono presente in maniera importante dell&#8217;incidenza dei positivi sui tamponi datti, la sintomatologia dei positivi e quindi il grado di infezione, gli asintomatici, il contact tracing e la padronanza di governo della sanit\u00e0. Non siamo in zona gialla perch\u00e9 abbiamo gli ospedali con i letti, ma abbiamo l&#8217;obbligo di rispettare malati e operatori per il loro lavoro ciclopico con quasi 3000 ricoverati. A proposito di assembramenti ieri non c&#8217;\u00e8 stato un buon segnale, ma non abbiamo il ruolo di educatori o di quelli che devono imboccare l coperte la sera, ma di fare un percorso con i cittadini. Se nella prima fase avevamo paura di morire in questa seconda ci limitiamo a guardare chi soffre tra le mura dell&#8217;ospedale. Questa non \u00e8 una sfida solo delle istituzioni, ma del popolo. Le istituzioni da sole non vinceranno mai. <strong>LUNEDI NUOVO INCONTRO CON IL GOVERNO<\/strong> per parlare del nuovo DPCM, ma anche dei vaccini,\u00a0 sar\u00e0 un momento cruciale. Non serve uno stato di polizia dobbiamo investire sull&#8217;educazione civica della gente. <strong>SCUOLA E CONTAGIO\u00a0<\/strong> Vi do anche un dato chiarisce cosa \u00e8 successo da febbraio ad oggi: 9471 bimbi soggetti al covid 6624 tra i 7 e i 14 anni. In Veneto la classe d&#8217;et\u00e0 pi\u00f9 importante tra i positivi \u00e8 quella scolastica, fino a 14 anni. Non \u00e8 corretto negare che i focolai scolastici non esistono e il problema non sono i trasporti. Per questo non \u00e8 giusto aprire per 10 giorni il 9 dicembre, varebbe la pena fissare una data e lavorare per gestire i focolai nel giorno della riapertura<strong>. QUANDO VERRA&#8217; GENNAIO<\/strong> ci sar\u00e0\u00a0 la pi\u00f9 grande campagna di vaccinazione, l&#8217;influenza e il coronavirus Ci sono 3.000 persone che hanno bisogno di cure, se continua cos\u00ec dovremo smontare altri reparti, e penalizzare chi soffre di altre problematiche.<\/p>\n<h1><span style=\"color: #000000;\">DOMANDE<\/span><\/h1>\n<p>L&#8217;affermazione di ieri sulla rinuncia all&#8217;addizionale Irpef per 10 anni da parte della Regione Veneto per oltre 12 miliardi\u00a0 di tasse.\u00a0 <em>&#8220;Ho solo detto che se avessimo avuto il budget dell&#8217;addizionale avremmo avuto molte pi\u00f9 risorse da investire. Se qualcuno voleva pi\u00f9 tasse\u00a0 avrebbe dovuto dirlo in campagna elettorale, ma non l&#8217;ho sentito dire da nessuno&#8221;<\/em> \u00a0<strong>RIFLETTE SU UN CAMBIO DI LINEA PER LE TASSE?<\/strong> Ho semplicemente detto che ho tolto le tasse ai veneti, non mi sono pentito. La memoria \u00e8 breve e si dimentica che non abbiamo prelevato denaro dalle tasse dei veneti. Ci sono Regioni che danno contributi ma che fanno anche pagare le tasse, l&#8217;Irpef. Non sono certo dichiarazioni di pentimento. Se domani mattina applico l&#8217;irpef raccolgo 200 milioni di euro, poi continuo e poi do i contributi. <strong>UN SITO HA CALCOLATO IL COSTO UMANO NEGLI SCREENING E VISITE ONCOLOGICHE RINVIATE<\/strong> E&#8217; una questione che conosciamo. Noi dobbiamo ragionare come comunit\u00e0. Davanti a 3000 ricoverati che hanno la necessit\u00e0 di avere cure il sistema va in fibrillazione, qui e altrove. E&#8217; un film gi\u00e0 visto a marco tra l&#8217;altro con il lockdown c&#8217;erano meno incidenti e infortuni. Oggi abbiamo una richiesta sanitaria straordinaria, questo \u00e8 il sistema. Se avessimo 1000 medici e personale aggiuntivo avremo gi\u00e0 reclutato il reclutabile, ma il fondo del barile \u00e8 ormai stato raschiato. Una sanit\u00e0 perfetta ce l&#8217;abbiamo quando non ci sono 3000 pazienti problematici per un virus. <strong>PRESTAZIONI PROGRAMMATE SORPRESE, IL SINDACO CIMO CONDIVIDE L&#8217;IDEA MA TEME L&#8217;ALLUNGAMENTO DELLE LISTE D&#8217;ATTESA E PROPONE UNA DELOCALIZZAZIONE DELLE ATTIVITA&#8217; CON CLINICHE PRIVATE.<\/strong> La questione \u00e8 affrontabile ma abbiamo l&#8217;emergenza di mezzo, gli ospedali sono sotto pressione, stiamo pianificando tutto anche un progetto per le liste di attesa. Ma siamo in una fase acuta dove siamo coinvolti in toto sulla pandemia. I privati voglio ricordare non \u00e8 cos\u00ec importante, ci sono una cinquantina di posti in terapia intensiva ad esempio. Non sappiamo fino a quando rimarranno bloccate le prestazioni. <strong>POTEVATE LASCIARE LIBERTA&#8217; ALLA LIBERA PROFESSIONE<\/strong> Cos\u00ec avremo facilitato solo i facoltosi. Il professionista che non fa pi\u00f9 la libera professione fa per\u00f2 le visite istituzionali. <strong>AL PRONTO SOCCORSO CALANO I PAZIENTI COVID MA C&#8217;E&#8217; UN ALTO ACCESSO DI CODICI BIANCHI <\/strong>Dobbiamo fare appello ai cittadini di rivolgersi al proprio medico di base. <strong>I MAESTRI DI SCI DICONO CHE GLI ASSEMBRAMENTI IN MONTAGNA NON SONO PARAGONABILI A QUELLI IN CITTA&#8217;<\/strong> Hanno solo ragione e sar\u00e0 quello che dir\u00f2 in riunione. Se il tema \u00e8 no all&#8217;assembramento dovr\u00e0 essere no per tutti non solo per le piste da sci. Non stiamo difendendo il privilegio di chi ha i soldi per andare a sciare o gli interessi degli impiantisti, noi difendiamo coloro che lavorano a stagione sugli impianti, maestri di sci, camerieri, lavapitatti, donne delle pulizie negli alberghi&#8230;persone che vivono di un&#8217;economia che non si vede e vale 2,5 miliardi di euro nell&#8217;arco alpino che \u00e8 sopravvivenza <strong>VACCINI ANTINFLUENZALI, l&#8217;assessore Manuela Lanzarin:<\/strong> Non si trovano, non ci sono sul mercato.\u00a0 L&#8217;offerta oggi in Veneto: 30.000 dosi che le farmacie hanno restituito alla Regione e che saranno destinate ad anziani e persone in difficolt\u00e0, 50.000 nuove dosi spray per minori fino a 18 anni, 3.000 dosi acquistate sul mercato. <strong>IL SINDACO DI ARCADE CANCELLA IL PAN E VIN\u00a0<\/strong> Ha fatto bene. Io penso che quest&#8217;anno gli assembramenti vanno evitati e io sono un sostenitore del Pan e Vin, \u00e8 impensabile programmare eventi come questo con migliaia di persone, bimbi, anziani. Bene ha fatto il sindaco a cancellare il Pan e Vin e credo che molti lo imiteranno, se non lo rimarcher\u00e0 anche il DPCM<strong>. LUNEDI INCONTRO CON IL GOVERNO<\/strong> Anche martedi con la conferenza delle Regioni. <strong>STATE PENSANDO AD UNA CAMPAGNA DI SENSIBILIZZAZIONE ANTI ASSEMBRAMENTO?<\/strong> Lo si faccia a livello nazionale. Non fate passare le idee che stiamo allentando, le strutture che abbiamo riaperto oggi sono aperte anche nelle zone arancione e rossi e senza limite di metri quadri a clienti diversamente dall&#8217;ordinanza del Veneto. E&#8217; un sacrificio che abbiamo chiesto per evitare casini con gli ospedali e i confini ancora aperti.<strong> PUNTO SUI COVID HOTEL<\/strong> Nei prossimi giorni. <strong>IL NOSTRO RT E&#8217; IL PIU&#8217; ALTO IN ITALIA, SI ABBASSA LA GUARDIA IN FAMIGLIA<\/strong> La mascherina in casa va tolta solo quando non ci sono estranei. I conviventi non sono i parenti ma quelli con cui viviamo quotidianamente.<\/p>\n<h2>MANUELA LANZARIN<\/h2>\n<p><strong>Aumento delle rette nelle case di riposo, in una struttura 1,50 euro al giorno in pi\u00f9 da gennaio.<\/strong> <em>&#8220;Le rette sono decise dai Cda delle singole strutture, noi diamo una quota a seconda dei livelli o la quota alberghiera, in Veneto non c&#8217;\u00e8 un range tetto massimo. Abbiamo fatto 3 provvedimenti, l&#8217;ultimo da 12,8 milioni per andare incontro alle strutture per le maggiori spese in base ai posti letto. Ad agosto altre due delibere per aiutare le strutture con problemi di bilancio, abbiamo fatto anche la delibera della quota di accesso di 30 euro per calmierare le spese agli ospiti. Non so cosa sia successo in questa struttura. Noi abbiamo fatto la raccomandazione di evitare aumenti di qualsiasi tipo&#8221;.<\/em><\/p>\n<p>https:\/\/www.facebook.com\/zaiaufficiale\/videos\/390486418691728<\/p>\n<p>&nbsp;<\/p>\n<p>&nbsp;<\/p>\n<p style=\"text-align: center;\"><strong>VIDEO MESSAGGIO DALLA PROTEZIONE CIVILE<\/strong><\/p>\n<p>&nbsp;<\/p>\n<p>https:\/\/www.facebook.com\/zaiaufficiale\/videos\/376370896952729<\/p>\n<p>&nbsp;<\/p>\n<hr \/>\n<p>&nbsp;<\/p>\n<blockquote>\n<h3>COVID-19 TRA I BAMBINI: I DATI DELLA REGIONE VENETO SULLA FASCIA D&#8217;ETA&#8217; 0-14 ANNI<\/h3>\n<\/blockquote>\n<p><strong>VENEZIA<\/strong> Sono 9431 i casi totali di positivit\u00e0 in Veneto da inizio pandemia per quanto riguarda la fascia d&#8217;et\u00e0 0-14. In provincia di Belluno in totale sono 506 e gli attualmente positivi 214. Come si evince dalle tabelle che pubblichiamo, la fascia pi\u00f9 colpita \u00e8 quella tra i 7 e i 14 anni con una impennata dei casi nei mesi di ottobre e novembre.<\/p>\n<p><strong>LA TABELLA SUDDIVISA IN PROVINCIE E FASCE D&#8217;ETA&#8217; CON IL GRAFICO DEI CONTAGI DA INIZIO PANDEMIA<\/strong><\/p>\n<a href=\"https:\/\/www.radiopiu.net\/wordpress\/wp-content\/uploads\/2020\/11\/bambini.pdf\" class=\"pdfemb-viewer\" style=\"\" data-width=\"max\" data-height=\"max\" data-toolbar=\"top\" data-toolbar-fixed=\"on\">bambini<\/a>\n<p>&nbsp;<\/p>\n<p>&nbsp;<\/p>\n<hr \/>\n<p>&nbsp;<\/p>\n<blockquote>\n<h3>IL CONSIGLIO COMUNALE\u00a0 DI CANALE D&#8217;AGORDO PRESIEDUTO DA FLAVIO COLCERGNAN<\/h3>\n<\/blockquote>\n<p>&nbsp;<\/p>\n<p><strong>di GIANNI SANTOMASO<\/strong><\/p>\n<p>CANALE D&#8217;AGORDO\u00a0 Anche il Comune di Canale d&#8217;Agordo, come altri agordini, ha siglato una convenzione per ricevere dalla Regione e dall&#8217;Anci un aiuto per la digitalizzazione dei servizi ai cittadini. Se ne \u00e8 parlato nel consiglio di ieri, che ha visto anche la surroga del consigliere dimissionario Bruno Tancon con Manfredi De Bernardo nelle fila della maggioranza.. Anci Veneto, d&#8217;accordo con la Regione, ha voluto venire incontro ai Comuni sotto i 5mila abitanti per poter raggiungere tali obiettivi in quanto c&#8217;\u00e8 bisogno di competenze specifiche\u00bb.Il consiglio era iniziato con l&#8217;approvazione di una variazione al bilancio nella quale sono stati inseriti 40 mila euro di crediti Imu inviati dall&#8217;Uma. Aggiornate al ribasso le stime di introito dell&#8217;Irpef e aggiunti alcuni contributi e alcuni trasferimenti come quello del Miur (2019 e 2020) per l&#8217;asilo parrocchiale e del Bim per il museo Papa Luciani. &#8211;g.san.<\/p>\n<p>&nbsp;<\/p>\n<p><em><strong>ORDINE DEL GIORNO<\/strong><\/em> variazione al bilancio, il rinnovo della convenzione con l\u2019Unione Montana Agordina sul SIRAP e il progetto della trasformazione dei servizi ai cittadini in digitale<\/p>\n<p><span style=\"color: #ff0000;\"><strong>LA DIRETTA FACEBOOK DI RADIO PIU<\/strong><\/span><\/p>\n<p>https:\/\/www.facebook.com\/nicolo.bogo\/videos\/10217691494582768<\/p>\n<p>&nbsp;<\/p>\n<hr \/>\n<p>&nbsp;<\/p>\n<blockquote>\n<h3 class=\"p1\">EMENDAMENTO DEL PD RIPROPONE LA GESTIONE ROMANA DELL\u2019IDROELETTRICO. L\u2019ASSESSORE BOTTACIN: \u201cNUOVO VERGOGNOSO ATTACCO ALL\u2019AUTONOMIA DEL TERRITORIO\u201d<\/h3>\n<\/blockquote>\n<p class=\"p1\"><strong><a href=\"https:\/\/www.radiopiu.net\/wordpress\/in-cammino-sulla-strada-per-lorto-ripresa-dei-lavori-nei-piccoli-cantieri-edili-sindaci-volendo-riaprono-i-cimiteri-lassessore-gianpaolo-bottacin-spiega-lordinanza-delle-12-30\/bottacin-33\/\" rel=\"attachment wp-att-132784\"><img loading=\"lazy\" decoding=\"async\" class=\"size-medium wp-image-132784 alignleft\" src=\"https:\/\/www.radiopiu.net\/wordpress\/wp-content\/uploads\/2020\/04\/bottacin-1-300x200.jpg\" alt=\"\" width=\"300\" height=\"200\" srcset=\"https:\/\/www.radiopiu.net\/wordpress\/wp-content\/uploads\/2020\/04\/bottacin-1-300x200.jpg 300w, https:\/\/www.radiopiu.net\/wordpress\/wp-content\/uploads\/2020\/04\/bottacin-1.jpg 640w\" sizes=\"auto, (max-width: 300px) 100vw, 300px\" \/><\/a>VENEZIA<\/strong> \u201c<i>Quello che per qualche ora sembrava uno scampato pericolo, dopo che eravamo riusciti a far stralciare la cancellazione della gestione dell\u2019idroelettrico dal Disegno di legge di Bilancio statale, ora viene riproposto come emendamento alla Camera collegandolo a un altro Disegno di legge relativo alla Delegazione europea. Una cosa vergognosa<\/i>\u201d. Non usa mezzi termini l\u2019assessore alla Specificit\u00e0 di Belluno Gianpaolo Bottacin nel condannare questo nuovo tentativo di esproprio di una fondamentale partita per l\u2019autonomia del territorio. \u201c<i>Lo aveva gi\u00e0 annunciato l&#8217;onorevole Borghi del PD \u2013 sottolinea l\u2019assessore -, dopo il ritiro di quell\u2019emendamento sciagurato sull&#8217;idroelettrico, quando subito disse che lo avrebbero ripresentato perch\u00e9 la gestione dell&#8217;idroelettrico &#8220;deve essere centralizzata a Roma&#8221;. Per loro, a parole ma mai nei fatti sostenitori di facciata dell\u2019autonomia, quindi la legge che regala le centrali idroelettriche alle Regione e milioni di euro alle Province che ospitano le centrali idroelettriche va abolita<\/i>\u201d. \u201c<i>Da tanti anni in prima persona come amministratore, ma anche il mio partito, la Lega, combattiamo questa battaglia sacrosanta perch\u00e9 i territori che vedono sfruttata la loro acqua abbiano i necessari ristori; purtroppo in questo percorso abbiamo sempre avuto la strenua opposizione piddina<\/i>\u201d. \u201c<i>Una cosa assurda se pensiamo alle dichiarazioni degli ultimi vent\u2019anni dei vari esponenti locali del PD \u2013 conclude Bottacin -. Una cosa che evidenzia senza se e senza ma che il PD vuole togliere tutto dalle mani dei territori per portarlo a Roma. Annullando il risultato che la Lega aveva portato a casa. Su questo scandalo hanno gi\u00e0 preso posizione l&#8217;associazione dei piccoli comuni e moltissime province dell&#8217;arco alpino. Incredibilmente non capisco invece come sia possibile che in una provincia come la nostra tutto taccia. La provincia che pi\u00f9 di chiunque ha pagato il costo dell&#8217;idroelettrico anche in termini di vite umane con la tragedia del Vajont<\/i>\u201d.<\/p>\n<p>&nbsp;<\/p>\n<p>&nbsp;<\/p>\n<hr \/>\n<p>&nbsp;<\/p>\n<blockquote>\n<h3 class=\"p1\">CENTRALIZZAZIONE DELLE CONCESSIONI IDROELETTRICHE. DE CARLO: \u201cSTRATEGIA CONTRO IL TERRITORIO CHE ANNULLA OGNI FORMA DI RAPPRESENTANZA\u201d<\/h3>\n<\/blockquote>\n<p class=\"p1\"><strong><a href=\"https:\/\/www.radiopiu.net\/wordpress\/giornale-radiopiu-19-maggio-2020-direttore-mirko-mezzacasa\/luca-de-carlo-8\/\" rel=\"attachment wp-att-138787\"><img loading=\"lazy\" decoding=\"async\" class=\"size-full wp-image-138787 alignleft\" src=\"https:\/\/www.radiopiu.net\/wordpress\/wp-content\/uploads\/2020\/05\/Luca-De-Carlo.jpg\" alt=\"\" width=\"165\" height=\"228\" \/><\/a>ROMA<\/strong> \u201c<i>La proposta di centralizzazione delle concessioni idroelettriche avanzata dal Partito Democratico fa parte di una strategia contro il territorio che punta ad annullare ogni forma di rappresentanza e di autonomia<\/i>\u201d: il senatore e coordinatore veneto di Fratelli d&#8217;Italia Luca De Carlo si scaglia contro la riproposizione alla Camera dell&#8217;emendamento per portare tutta la gestione della partita idroelettrica a Roma, dopo il ritiro della stessa proposta al Senato. \u201c<i>In un&#8217;ottica federalista e autonomista, mi sarei aspettato che le concessioni e soprattutto le risorse venissero assegnate alle province, e non centralizzate; ma d&#8217;altronde parliamo di quel Partito Democratico che con la legge Delrio ha voluto uccidere le province, spogliandole di risorse e rappresentanza territoriale. Vorrei sapere anche cosa ne pensano i sostenitori bellunesi del PD e di Enrico Borghi, che ha rilanciato la questione e che quando \u00e8 venuto nella nostra provincia ha sempre trovato molti \u201csupporter\u201d ad accoglierlo\u201d, spiega De Carlo. \u201cEvidentemente, il federalismo \u00e8 valido solo quando governano loro: oggi che la maggior parte delle regioni \u00e8 governata dal centrodestra, cos\u00ec come lo sarebbe la nazione se tornassimo al voto, cercano di accentrare le risorse nel governo dove siedono. Evidentemente non basta che in questo periodo di emergenza le opposizioni costantemente e responsabilmente autorizzino gli scostamenti di bilancio, come non basta tagliare fuori le regioni dal confronto sull&#8217;utilizzo dei fondi europei del Recovery Fund: vogliono centralizzare tutto, in un&#8217;ottica pesantemente anti-autonomista<\/i>\u201d. \u201c<i>Questo \u00e8 l&#8217;ennesimo tassello in questa strategia di annullamento della rappresentanza territoriale che vede il Partito Democratico in linea con gli alleati di governo del Movimento 5 Stelle, simbolo per eccellenza dell&#8217;anti-politica, del populismo, del centralismo e dell&#8217;assistenzialismo\u201d, conclude De Carlo. \u201cFratelli d&#8217;Italia si opporr\u00e0 in tutti i modi a questa ennesima umiliazione per i territori, soprattutto quelli montani come Belluno dove questa decisione avr\u00e0 le ricadute pi\u00f9 pesanti e che quotidianamente lotta contro lo sfruttamento delle sue risorse naturali<\/i>\u201d.<\/p>\n<p>&nbsp;<\/p>\n<p>&nbsp;<\/p>\n<hr \/>\n<p>&nbsp;<\/p>\n<blockquote>\n<h3 class=\"p1\"><span class=\"s1\">IDROELETTRICO, BOND (FI): \u00abIL TENTATIVO DI ROMANIZZARE LE GRANDI CONCESSIONI \u00c8 SCANDALOSO. MI OPPORR\u00d2 SENZA SE E SENZA MA\u00bb<\/span><\/h3>\n<\/blockquote>\n<p class=\"p1\"><span class=\"s1\"><strong><a href=\"https:\/\/www.radiopiu.net\/wordpress\/giornale-radiopiu-16-luglio-2020-direttore-mirko-mezzacasa\/bond-roma-2\/\" rel=\"attachment wp-att-149602\"><img loading=\"lazy\" decoding=\"async\" class=\" wp-image-149602 alignleft\" src=\"https:\/\/www.radiopiu.net\/wordpress\/wp-content\/uploads\/2020\/07\/BOND-ROMA-300x300.jpg\" alt=\"\" width=\"255\" height=\"255\" srcset=\"https:\/\/www.radiopiu.net\/wordpress\/wp-content\/uploads\/2020\/07\/BOND-ROMA-300x300.jpg 300w, https:\/\/www.radiopiu.net\/wordpress\/wp-content\/uploads\/2020\/07\/BOND-ROMA-150x150.jpg 150w, https:\/\/www.radiopiu.net\/wordpress\/wp-content\/uploads\/2020\/07\/BOND-ROMA.jpg 640w\" sizes=\"auto, (max-width: 255px) 100vw, 255px\" \/><\/a>ROMA<\/strong> \u00ab<em>Chi vuole riproporre la centralizzazione della gestione idroelettrica fa il male della montagna. Il tentativo di espropriare i territori delle loro ricchezze, in questo caso l\u2019acqua, \u00e8 vergognoso e mi vedr\u00e0 sempre contrario<\/em>\u00bb. Cos\u00ec il deputato di Forza Italia Dario Bond, alla luce di un emendamento Pd alla legge di bilancio, che allunga le scadenze delle grandi concessioni e le riporta in capo allo Stato. <\/span><span class=\"s1\">\u00ab<em>Quella dell\u2019acqua \u00e8 una battaglia sacrosanta del territorio, che ha sempre visto depredate le sue ricchezze, fin dai tempi della Sade, e che paga da decenni la presenza di centrali e dighe impattanti, senza mai aver goduto particolari benefici. Da bellunese non posso che condannare il tentativo del Pd, e tornare a proporre una gestione territoriale delle grandi concessioni idroelettriche. Ancora una volta, per\u00f2, questa maggioranza a parole dice di voler aiutare i territori, ma poi nei fatti condanna la montagna, come sta facendo per la chiusura degli impianti di risalita, che mette il cappio attorno al collo alle localit\u00e0 sciistiche<\/em>\u00bb.<\/span><\/p>\n<p>&nbsp;<\/p>\n<p>&nbsp;<\/p>\n<p>&nbsp;<\/p>\n<p>&nbsp;<\/p>\n<p>&nbsp;<\/p>\n<p>&nbsp;<\/p>\n<p>&nbsp;<\/p>\n<hr \/>\n<p>&nbsp;<\/p>\n<blockquote>\n<h3>CENTRALIZZAZIONE DELLE CONCESSIONI IDROELETTRICHE \u00abIL GOVERNO PUNISCE LA MONTAGNA\u00bb<\/h3>\n<\/blockquote>\n<p><strong><a href=\"https:\/\/www.radiopiu.net\/wordpress\/giornale-radio-piu-21-12-direttore-mirko-mezzacasa\/bard\/\" rel=\"attachment wp-att-14147\"><img loading=\"lazy\" decoding=\"async\" class=\" wp-image-14147 alignleft\" src=\"https:\/\/www.radiopiu.net\/wordpress\/wp-content\/uploads\/2015\/12\/bard.jpg\" alt=\"\" width=\"197\" height=\"197\" \/><\/a>BELLUNO <\/strong>\u00abSi \u00e8 capito che questo governo ce l&#8217;ha con le regioni e con i territori periferici. Dopo il silenzio sull&#8217;autonomia, dopo i tentativi di riportare a Roma le competenze sulla sanit\u00e0, ora spunta un emendamento alla Camera per chiedere la centralizzazione delle concessioni idroelettriche. \u00c8 il chiaro segnale che si vuole punire i territori montani, dato che \u00e8 soprattutto l\u00ec che viene sfruttato il suolo e l&#8217;acqua per la produzione energetica\u00bb: il movimento Belluno Autonoma Regione Dolomiti critica duramente la proposta che ostacolerebbe la regionalizzazione delle concessioni delle grandi derivazioni idroelettriche. \u00ab<em>Da sempre, chiediamo che le concessioni, una volta scadute, passino alla Provincia di Belluno: &#8211; ricorda il presidente Andrea Bona \u2013 ora, stando a quello che leggiamo dalla stampa, non solo si vuole prorogare quelle gi\u00e0 scadute, ma si vuole centralizzare a Roma il tutto, triplicando anche il limite minimo della potenza. Tutto questo con la partecipazione di un partito che appena nel 2013 ha visto il suo premier Enrico Letta salire a Longarone per i 50 anni della tragedia del Vajont, simbolo anche dell&#8217;ipersfruttamento idroelettrico e del territorio al solo scopo di trarre profitto, e affermare la necessit\u00e0 di autonomia di questi territori. D&#8217;altronde, \u00e8 lo stesso partito del senatore Gianclaudio Bressa, che gi\u00e0 ha provato la mossa della centralizzazione con un emendamento alla legge di bilancio, dichiarato inammissibile dalla Commissione Bilancio; un provvedimento che comunque non sarebbe andato a toccare la terra dove ha scelto di andare a prendere voti, il Sud Tirolo<\/em>\u00bb. \u00ab<em>In pratica, &#8211; continua Bona &#8211; si vuole depredare di ulteriori risorse la montagna; dicano chiaramente che i nostri cittadini devono continuare a vedere sfruttato e consumato il proprio territorio solo per il guadagno altrui, che i montanari non hanno diritti, ma solo doveri. Noi non ci stiamo, e lanciamo un appello a tutti i parlamentari affinch\u00e9 blocchino questo nuovo scempio. Ci rivolgiamo per\u00f2 soprattutto ai bellunesi vicini al governo, il Ministro Federico D&#8217;Inc\u00e0 e il deputato Roger De Menech: non bastano i pochi soldi del Fondo per la montagna, o i Fondi dei Comuni Confinanti; serve dare ai bellunesi la possibilit\u00e0 di gestire le risorse che il territorio offre, prima fra queste l&#8217;acqua<\/em>\u00bb.<\/p>\n<p>&nbsp;<\/p>\n<p>&nbsp;<\/p>\n<hr \/>\n<p>&nbsp;<\/p>\n<blockquote>\n<h3>QUEL CUORE&#8230;SIMBOLO DI VITA, SALUTE E LAVORO<\/h3>\n<\/blockquote>\n<p><strong>ROCCA PIETORE<\/strong> Quel cuore lo hanno immaginato, pensato, &#8220;scritto&#8221; sulla neve e illuminato. Quando ha iniziato ad accendersi con il fumo verso il cielo stellato l&#8217;emozione era palpabile, per il significato di quel cuore simbolo di vita, salute e lavoro. Emoziona ancor di pi\u00f9 sapere che tra quelle persone c&#8217;era il maestro di sci, l&#8217;affittacamere, l&#8217;albergatore, il lavoratore stagionale con tutte le incognite legate ad una stagione che fatica a decollare. Quel cuore, quel fuoco, quelle lacrime emozionali portano ad un unico fine: sensibilizzare\u00a0 le persone, che in tempi come quelli che stiamo vivendo \u00e8 importante restare uniti e non pensare che se una cosa non tocca il &#8220;noi&#8221; non \u00e8 importante. Non a caso vita, salute e lavoro sono stati messi nell&#8217;ordine, perch\u00e9 prima di tutto c&#8217;\u00e8 la salute di tutti, a marzo gli impiantisti hanno chiuso di loro iniziativa prima ancora dell&#8217;uscita del DPCM nel pieno di una stagione che era iniziata con cifre da record e stava puntando alla primavera pasquale con numeri da capogiro.<\/p>\n\n\t\t\t<style type='text\/css'>\n\t\t\t\t#gallery-3 {\n\t\t\t\t\tmargin: auto;\n\t\t\t\t}\n\t\t\t\t#gallery-3 .gallery-item {\n\t\t\t\t\tfloat: left;\n\t\t\t\t\tmargin-top: 10px;\n\t\t\t\t\ttext-align: center;\n\t\t\t\t\twidth: 50%;\n\t\t\t\t}\n\t\t\t\t#gallery-3 img {\n\t\t\t\t\tborder: 2px solid #cfcfcf;\n\t\t\t\t}\n\t\t\t\t#gallery-3 .gallery-caption {\n\t\t\t\t\tmargin-left: 0;\n\t\t\t\t}\n\t\t\t\t\/* see gallery_shortcode() in wp-includes\/media.php *\/\n\t\t\t<\/style>\n\t\t<div id='gallery-3' class='dt-gallery-container gallery galleryid-175525 gallery-columns-2 gallery-size-medium'><dl class='gallery-item'>\n\t\t\t\t<dt class='gallery-icon landscape'>\n\t\t\t\t\t<a class=\"rollover rollover-zoom dt-pswp-item\" title=\"4f69b6c7-d4d8-4937-8f13-dbecece25299\" data-dt-img-description=\"\" data-large_image_width=\"1024\" data-large_image_height=\"768\"href='https:\/\/www.radiopiu.net\/wordpress\/wp-content\/uploads\/2020\/11\/4f69b6c7-d4d8-4937-8f13-dbecece25299.jpg'><img loading=\"lazy\" decoding=\"async\" width=\"300\" height=\"225\" src=\"https:\/\/www.radiopiu.net\/wordpress\/wp-content\/uploads\/2020\/11\/4f69b6c7-d4d8-4937-8f13-dbecece25299-300x225.jpg\" class=\"attachment-medium size-medium\" alt=\"\" srcset=\"https:\/\/www.radiopiu.net\/wordpress\/wp-content\/uploads\/2020\/11\/4f69b6c7-d4d8-4937-8f13-dbecece25299-300x225.jpg 300w, https:\/\/www.radiopiu.net\/wordpress\/wp-content\/uploads\/2020\/11\/4f69b6c7-d4d8-4937-8f13-dbecece25299-768x576.jpg 768w, https:\/\/www.radiopiu.net\/wordpress\/wp-content\/uploads\/2020\/11\/4f69b6c7-d4d8-4937-8f13-dbecece25299.jpg 1024w\" sizes=\"auto, (max-width: 300px) 100vw, 300px\" \/><\/a>\n\t\t\t\t<\/dt><\/dl><dl class='gallery-item'>\n\t\t\t\t<dt class='gallery-icon landscape'>\n\t\t\t\t\t<a class=\"rollover rollover-zoom dt-pswp-item\" title=\"ed5958ec-0333-4947-b085-38c3668d65c3\" data-dt-img-description=\"\" data-large_image_width=\"1024\" data-large_image_height=\"768\"href='https:\/\/www.radiopiu.net\/wordpress\/wp-content\/uploads\/2020\/11\/ed5958ec-0333-4947-b085-38c3668d65c3.jpg'><img loading=\"lazy\" decoding=\"async\" width=\"300\" height=\"225\" src=\"https:\/\/www.radiopiu.net\/wordpress\/wp-content\/uploads\/2020\/11\/ed5958ec-0333-4947-b085-38c3668d65c3-300x225.jpg\" class=\"attachment-medium size-medium\" alt=\"\" srcset=\"https:\/\/www.radiopiu.net\/wordpress\/wp-content\/uploads\/2020\/11\/ed5958ec-0333-4947-b085-38c3668d65c3-300x225.jpg 300w, https:\/\/www.radiopiu.net\/wordpress\/wp-content\/uploads\/2020\/11\/ed5958ec-0333-4947-b085-38c3668d65c3-768x576.jpg 768w, https:\/\/www.radiopiu.net\/wordpress\/wp-content\/uploads\/2020\/11\/ed5958ec-0333-4947-b085-38c3668d65c3.jpg 1024w\" sizes=\"auto, (max-width: 300px) 100vw, 300px\" \/><\/a>\n\t\t\t\t<\/dt><\/dl><br style=\"clear: both\" \/><dl class='gallery-item'>\n\t\t\t\t<dt class='gallery-icon landscape'>\n\t\t\t\t\t<a class=\"rollover rollover-zoom dt-pswp-item\" title=\"291e62f6-a293-4f52-b926-e682ebc6fea6\" data-dt-img-description=\"\" data-large_image_width=\"1024\" data-large_image_height=\"768\"href='https:\/\/www.radiopiu.net\/wordpress\/wp-content\/uploads\/2020\/11\/291e62f6-a293-4f52-b926-e682ebc6fea6.jpg'><img loading=\"lazy\" decoding=\"async\" width=\"300\" height=\"225\" src=\"https:\/\/www.radiopiu.net\/wordpress\/wp-content\/uploads\/2020\/11\/291e62f6-a293-4f52-b926-e682ebc6fea6-300x225.jpg\" class=\"attachment-medium size-medium\" alt=\"\" srcset=\"https:\/\/www.radiopiu.net\/wordpress\/wp-content\/uploads\/2020\/11\/291e62f6-a293-4f52-b926-e682ebc6fea6-300x225.jpg 300w, https:\/\/www.radiopiu.net\/wordpress\/wp-content\/uploads\/2020\/11\/291e62f6-a293-4f52-b926-e682ebc6fea6-768x576.jpg 768w, https:\/\/www.radiopiu.net\/wordpress\/wp-content\/uploads\/2020\/11\/291e62f6-a293-4f52-b926-e682ebc6fea6.jpg 1024w\" sizes=\"auto, (max-width: 300px) 100vw, 300px\" \/><\/a>\n\t\t\t\t<\/dt><\/dl><dl class='gallery-item'>\n\t\t\t\t<dt class='gallery-icon landscape'>\n\t\t\t\t\t<a class=\"rollover rollover-zoom dt-pswp-item\" title=\"28f2f4e7-351e-4dc1-a836-24f7cf4813bc\" data-dt-img-description=\"\" data-large_image_width=\"1024\" data-large_image_height=\"768\"href='https:\/\/www.radiopiu.net\/wordpress\/wp-content\/uploads\/2020\/11\/28f2f4e7-351e-4dc1-a836-24f7cf4813bc.jpg'><img loading=\"lazy\" decoding=\"async\" width=\"300\" height=\"225\" src=\"https:\/\/www.radiopiu.net\/wordpress\/wp-content\/uploads\/2020\/11\/28f2f4e7-351e-4dc1-a836-24f7cf4813bc-300x225.jpg\" class=\"attachment-medium size-medium\" alt=\"\" srcset=\"https:\/\/www.radiopiu.net\/wordpress\/wp-content\/uploads\/2020\/11\/28f2f4e7-351e-4dc1-a836-24f7cf4813bc-300x225.jpg 300w, https:\/\/www.radiopiu.net\/wordpress\/wp-content\/uploads\/2020\/11\/28f2f4e7-351e-4dc1-a836-24f7cf4813bc-768x576.jpg 768w, https:\/\/www.radiopiu.net\/wordpress\/wp-content\/uploads\/2020\/11\/28f2f4e7-351e-4dc1-a836-24f7cf4813bc.jpg 1024w\" sizes=\"auto, (max-width: 300px) 100vw, 300px\" \/><\/a>\n\t\t\t\t<\/dt><\/dl><br style=\"clear: both\" \/><dl class='gallery-item'>\n\t\t\t\t<dt class='gallery-icon landscape'>\n\t\t\t\t\t<a class=\"rollover rollover-zoom dt-pswp-item\" title=\"6c13b04d-dd52-472b-8f71-d7cf10c13e64\" data-dt-img-description=\"\" data-large_image_width=\"1600\" data-large_image_height=\"1200\"href='https:\/\/www.radiopiu.net\/wordpress\/wp-content\/uploads\/2020\/11\/6c13b04d-dd52-472b-8f71-d7cf10c13e64.jpg'><img loading=\"lazy\" decoding=\"async\" width=\"300\" height=\"225\" src=\"https:\/\/www.radiopiu.net\/wordpress\/wp-content\/uploads\/2020\/11\/6c13b04d-dd52-472b-8f71-d7cf10c13e64-300x225.jpg\" class=\"attachment-medium size-medium\" alt=\"\" srcset=\"https:\/\/www.radiopiu.net\/wordpress\/wp-content\/uploads\/2020\/11\/6c13b04d-dd52-472b-8f71-d7cf10c13e64-300x225.jpg 300w, https:\/\/www.radiopiu.net\/wordpress\/wp-content\/uploads\/2020\/11\/6c13b04d-dd52-472b-8f71-d7cf10c13e64-1024x768.jpg 1024w, https:\/\/www.radiopiu.net\/wordpress\/wp-content\/uploads\/2020\/11\/6c13b04d-dd52-472b-8f71-d7cf10c13e64-768x576.jpg 768w, https:\/\/www.radiopiu.net\/wordpress\/wp-content\/uploads\/2020\/11\/6c13b04d-dd52-472b-8f71-d7cf10c13e64-1536x1152.jpg 1536w, https:\/\/www.radiopiu.net\/wordpress\/wp-content\/uploads\/2020\/11\/6c13b04d-dd52-472b-8f71-d7cf10c13e64.jpg 1600w\" sizes=\"auto, (max-width: 300px) 100vw, 300px\" \/><\/a>\n\t\t\t\t<\/dt><\/dl><dl class='gallery-item'>\n\t\t\t\t<dt class='gallery-icon landscape'>\n\t\t\t\t\t<a class=\"rollover rollover-zoom dt-pswp-item\" title=\"732f44a7-1462-477b-8d6f-2f308180dd6a\" data-dt-img-description=\"\" data-large_image_width=\"1600\" data-large_image_height=\"1200\"href='https:\/\/www.radiopiu.net\/wordpress\/wp-content\/uploads\/2020\/11\/732f44a7-1462-477b-8d6f-2f308180dd6a.jpg'><img loading=\"lazy\" decoding=\"async\" width=\"300\" height=\"225\" src=\"https:\/\/www.radiopiu.net\/wordpress\/wp-content\/uploads\/2020\/11\/732f44a7-1462-477b-8d6f-2f308180dd6a-300x225.jpg\" class=\"attachment-medium size-medium\" alt=\"\" srcset=\"https:\/\/www.radiopiu.net\/wordpress\/wp-content\/uploads\/2020\/11\/732f44a7-1462-477b-8d6f-2f308180dd6a-300x225.jpg 300w, https:\/\/www.radiopiu.net\/wordpress\/wp-content\/uploads\/2020\/11\/732f44a7-1462-477b-8d6f-2f308180dd6a-1024x768.jpg 1024w, https:\/\/www.radiopiu.net\/wordpress\/wp-content\/uploads\/2020\/11\/732f44a7-1462-477b-8d6f-2f308180dd6a-768x576.jpg 768w, https:\/\/www.radiopiu.net\/wordpress\/wp-content\/uploads\/2020\/11\/732f44a7-1462-477b-8d6f-2f308180dd6a-1536x1152.jpg 1536w, https:\/\/www.radiopiu.net\/wordpress\/wp-content\/uploads\/2020\/11\/732f44a7-1462-477b-8d6f-2f308180dd6a.jpg 1600w\" sizes=\"auto, (max-width: 300px) 100vw, 300px\" \/><\/a>\n\t\t\t\t<\/dt><\/dl><br style=\"clear: both\" \/>\n\t\t\t<\/div>\n\n<p>&nbsp;<\/p>\n<hr \/>\n<p>&nbsp;<\/p>\n<blockquote>\n<h3>FELTRE: CONCLUSO IL PRIMO STRALCIO DEI LAVORI LUNGO LA PANORAMICA<\/h3>\n<\/blockquote>\n<p><strong>FELTRE <\/strong>Si \u00e8 concluso nei giorni scorsi il rimo stralcio dei lavori previsti lungo via Panoramica. Dopo il consolidamento del muro portante e la sostituzione del parapetto, sono stati completati gli interventi di messa in sicurezza e di pulizia dell\u2019intero tratto dalla rotatoria della stazione sino all\u2019incrocio con via Tortesen, ora pienamente fruibile anche dai pedoni, compresi i piccoli terrazzi panoramici che si affacciano sulla cittadella. I lavori, come gi\u00e0 anticipato, sono stati ora sospesi sia per le temperature oramai rigide che per evitare la sovrapposizione con il cantiere dell\u2019Altanon, al fine di non arrecare disagi alla circolazione dei veicoli.<\/p>\n<p><strong>L&#8217;ASSESSORE DEL COMUNE DI FELTRE ADIS ZATTA<\/strong><\/p>\n<audio class=\"wp-audio-shortcode\" id=\"audio-175525-2\" preload=\"none\" style=\"width: 100%;\" controls=\"controls\"><source type=\"audio\/mpeg\" src=\"https:\/\/www.radiopiu.net\/wordpress\/wp-content\/uploads\/2020\/11\/ZATTA-PANORAMICA.mp3?_=2\" \/><a href=\"https:\/\/www.radiopiu.net\/wordpress\/wp-content\/uploads\/2020\/11\/ZATTA-PANORAMICA.mp3\">https:\/\/www.radiopiu.net\/wordpress\/wp-content\/uploads\/2020\/11\/ZATTA-PANORAMICA.mp3<\/a><\/audio>\n<p>&nbsp;<\/p>\n\n\t\t\t<style type='text\/css'>\n\t\t\t\t#gallery-4 {\n\t\t\t\t\tmargin: auto;\n\t\t\t\t}\n\t\t\t\t#gallery-4 .gallery-item {\n\t\t\t\t\tfloat: left;\n\t\t\t\t\tmargin-top: 10px;\n\t\t\t\t\ttext-align: center;\n\t\t\t\t\twidth: 50%;\n\t\t\t\t}\n\t\t\t\t#gallery-4 img {\n\t\t\t\t\tborder: 2px solid #cfcfcf;\n\t\t\t\t}\n\t\t\t\t#gallery-4 .gallery-caption {\n\t\t\t\t\tmargin-left: 0;\n\t\t\t\t}\n\t\t\t\t\/* see gallery_shortcode() in wp-includes\/media.php *\/\n\t\t\t<\/style>\n\t\t<div id='gallery-4' class='dt-gallery-container gallery galleryid-175525 gallery-columns-2 gallery-size-medium'><dl class='gallery-item'>\n\t\t\t\t<dt class='gallery-icon landscape'>\n\t\t\t\t\t<a class=\"rollover rollover-zoom dt-pswp-item\" title=\"Via Panoramica muro di sostegno\" data-dt-img-description=\"\" data-large_image_width=\"2048\" data-large_image_height=\"1152\"href='https:\/\/www.radiopiu.net\/wordpress\/wp-content\/uploads\/2020\/11\/Via-Panoramica-muro-di-sostegno.jpg'><img loading=\"lazy\" decoding=\"async\" width=\"300\" height=\"169\" src=\"https:\/\/www.radiopiu.net\/wordpress\/wp-content\/uploads\/2020\/11\/Via-Panoramica-muro-di-sostegno-300x169.jpg\" class=\"attachment-medium size-medium\" alt=\"\" srcset=\"https:\/\/www.radiopiu.net\/wordpress\/wp-content\/uploads\/2020\/11\/Via-Panoramica-muro-di-sostegno-300x169.jpg 300w, https:\/\/www.radiopiu.net\/wordpress\/wp-content\/uploads\/2020\/11\/Via-Panoramica-muro-di-sostegno-1024x576.jpg 1024w, https:\/\/www.radiopiu.net\/wordpress\/wp-content\/uploads\/2020\/11\/Via-Panoramica-muro-di-sostegno-768x432.jpg 768w, https:\/\/www.radiopiu.net\/wordpress\/wp-content\/uploads\/2020\/11\/Via-Panoramica-muro-di-sostegno-1536x864.jpg 1536w, https:\/\/www.radiopiu.net\/wordpress\/wp-content\/uploads\/2020\/11\/Via-Panoramica-muro-di-sostegno.jpg 2048w\" sizes=\"auto, (max-width: 300px) 100vw, 300px\" \/><\/a>\n\t\t\t\t<\/dt><\/dl><dl class='gallery-item'>\n\t\t\t\t<dt class='gallery-icon landscape'>\n\t\t\t\t\t<a class=\"rollover rollover-zoom dt-pswp-item\" title=\"Via Panoramica\" data-dt-img-description=\"\" data-large_image_width=\"2048\" data-large_image_height=\"1152\"href='https:\/\/www.radiopiu.net\/wordpress\/wp-content\/uploads\/2020\/11\/Via-Panoramica.jpg'><img loading=\"lazy\" decoding=\"async\" width=\"300\" height=\"169\" src=\"https:\/\/www.radiopiu.net\/wordpress\/wp-content\/uploads\/2020\/11\/Via-Panoramica-300x169.jpg\" class=\"attachment-medium size-medium\" alt=\"\" srcset=\"https:\/\/www.radiopiu.net\/wordpress\/wp-content\/uploads\/2020\/11\/Via-Panoramica-300x169.jpg 300w, https:\/\/www.radiopiu.net\/wordpress\/wp-content\/uploads\/2020\/11\/Via-Panoramica-1024x576.jpg 1024w, https:\/\/www.radiopiu.net\/wordpress\/wp-content\/uploads\/2020\/11\/Via-Panoramica-768x432.jpg 768w, https:\/\/www.radiopiu.net\/wordpress\/wp-content\/uploads\/2020\/11\/Via-Panoramica-1536x864.jpg 1536w, https:\/\/www.radiopiu.net\/wordpress\/wp-content\/uploads\/2020\/11\/Via-Panoramica.jpg 2048w\" sizes=\"auto, (max-width: 300px) 100vw, 300px\" \/><\/a>\n\t\t\t\t<\/dt><\/dl><br style=\"clear: both\" \/>\n\t\t\t<\/div>\n\n<p>&nbsp;<\/p>\n<hr \/>\n<p>&nbsp;<\/p>\n<blockquote>\n<h3>\u201cCONVIVIAMO CONSAPEVOLMENTE CON IL COVID\u201d INCONTRI ONLINE SU EPIDEMIA E SPORT<\/h3>\n<\/blockquote>\n<p><strong><a href=\"https:\/\/www.radiopiu.net\/wordpress\/giornale-radio-piu-27-09-direttore-mirko-mezzacasa\/dote-sport-650x330\/\" rel=\"attachment wp-att-23613\"><img loading=\"lazy\" decoding=\"async\" class=\"size-medium wp-image-23613 alignleft\" src=\"https:\/\/www.radiopiu.net\/wordpress\/wp-content\/uploads\/2016\/09\/dote-sport-650x330-300x152.jpg\" alt=\"\" width=\"300\" height=\"152\" \/><\/a>BELLUNO <\/strong>Partir\u00e0 mercoled\u00ec 2 dicembre il ciclo di incontri \u201cConviviamo consapevolmente con il Covid\u201d promosso dal Comune di Belluno all&#8217;interno dell&#8217;iniziativa EticaMente Sport. Si tratta infatti di tre serata per informare e confrontarsi con le societ\u00e0 sportive, gli atleti e gli appassionati sul rapporto tra Covid e sport. Ospite della prima serata, mercoled\u00ec 2 dicembre alle 20.30, sar\u00e0 Giangiacomo Nicolini, pediatra e specialista in malattie infettive; tema dell&#8217;incontro sar\u00e0 \u201cIl Covid: conoscere l&#8217;avversario per giocare al meglio la partita\u201d. Toccher\u00e0 poi a Chiara Forlin, psicologa e psicoterapeuta, che nell&#8217;appuntamento di mercoled\u00ec 9 dicembre approfondir\u00e0 la questione \u201cI ruoli e la squadra: giochiamola insieme questa partita\u201d. Anche in questo caso, l&#8217;inizio dell&#8217;incontro \u00e8 previsto per le 20.30. Ultimo appuntamento con una professionista ad altissimi livelli nel campo sportivo nazionale: mercoled\u00ec 16 dicembre, sempre alle 20.30, spazio a Tiziana Lunardi, giovane fisioterapista bellunese che dopo un&#8217;esperienza in Inghilterra \u00e8 recentemente rientrata in Italia per lavorare nello staff della squadra Under 19 della Juventus di calcio femminile. Sar\u00e0 lei a illustrare come \u201cMantenersi in allenamento durante il Covid\u201d. Gli incontri verranno trasmessi in diretta streaming sulla piattaforma Zoom all&#8217;indirizzo <a href=\"https:\/\/tinyurl.com\/ConviviamoConIlCovid\">https:\/\/tinyurl.com\/ConviviamoConIlCovid<\/a> ; ulteriori informazioni potranno essere richieste all&#8217;Ufficio Sport del Comune di Belluno ( <a href=\"mailto:sport@comune.belluno.it\">sport@comune.belluno.it<\/a> ).<\/p>\n<p>&nbsp;<\/p>\n<p>&nbsp;<\/p>\n<hr \/>\n<p>&nbsp;<\/p>\n<blockquote>\n<h3>NUOVA PISTA DI ATLETICA AL POLISPORTIVO DI BELLUNO<\/h3>\n<\/blockquote>\n<p><strong><a href=\"https:\/\/www.radiopiu.net\/wordpress\/nuova-pista-di-atletica-al-polisportivo-di-belluno\/polisportivo-belluno\/\" rel=\"attachment wp-att-175597\"><img loading=\"lazy\" decoding=\"async\" class=\"size-medium wp-image-175597 alignleft\" src=\"https:\/\/www.radiopiu.net\/wordpress\/wp-content\/uploads\/2020\/11\/POLISPORTIVO-BELLUNO-300x225.jpg\" alt=\"\" width=\"300\" height=\"225\" srcset=\"https:\/\/www.radiopiu.net\/wordpress\/wp-content\/uploads\/2020\/11\/POLISPORTIVO-BELLUNO-300x225.jpg 300w, https:\/\/www.radiopiu.net\/wordpress\/wp-content\/uploads\/2020\/11\/POLISPORTIVO-BELLUNO-1024x768.jpg 1024w, https:\/\/www.radiopiu.net\/wordpress\/wp-content\/uploads\/2020\/11\/POLISPORTIVO-BELLUNO-768x576.jpg 768w, https:\/\/www.radiopiu.net\/wordpress\/wp-content\/uploads\/2020\/11\/POLISPORTIVO-BELLUNO-1536x1152.jpg 1536w, https:\/\/www.radiopiu.net\/wordpress\/wp-content\/uploads\/2020\/11\/POLISPORTIVO-BELLUNO.jpg 2048w\" sizes=\"auto, (max-width: 300px) 100vw, 300px\" \/><\/a>BELLUNO<\/strong><\/p>\n<h3>di Moreno Gioli<\/h3>\n<audio class=\"wp-audio-shortcode\" id=\"audio-175525-3\" preload=\"none\" style=\"width: 100%;\" controls=\"controls\"><source type=\"audio\/mpeg\" src=\"https:\/\/www.radiopiu.net\/wordpress\/wp-content\/uploads\/2020\/11\/GIOLI-PISTA-ATLETICA-BELLUNO.mp3?_=3\" \/><a href=\"https:\/\/www.radiopiu.net\/wordpress\/wp-content\/uploads\/2020\/11\/GIOLI-PISTA-ATLETICA-BELLUNO.mp3\">https:\/\/www.radiopiu.net\/wordpress\/wp-content\/uploads\/2020\/11\/GIOLI-PISTA-ATLETICA-BELLUNO.mp3<\/a><\/audio>\n<p>&nbsp;<\/p>\n<hr \/>\n<p>&nbsp;<\/p>\n<blockquote>\n<h3 class=\"p1\"><span class=\"s1\">PIANO FAUNISTICO-VENATORIO, ZANONI (PD): \u201cOTTAVA PROROGA DI UN PIANO ZOMBIE E I CITTADINI NON POTRANNO VIETARE LA CACCIA SUI PROPRI TERRENI, VERGOGNOSA LA BOCCIATURA DEL NOSTRO EMENDAMENTO\u201d<\/span><\/h3>\n<\/blockquote>\n<p class=\"p3\"><span class=\"s1\"><strong><a href=\"https:\/\/www.radiopiu.net\/wordpress\/giornale-radiopiu-del-29-novembre-2018-direttore-mirko-mezzacasa\/pd\/\" rel=\"attachment wp-att-67744\"><img loading=\"lazy\" decoding=\"async\" class=\"size-full wp-image-67744 alignleft\" src=\"https:\/\/www.radiopiu.net\/wordpress\/wp-content\/uploads\/2018\/11\/PD.png\" alt=\"\" width=\"226\" height=\"182\" \/><\/a>VENEZIA<\/strong> \u201c<em>A danno si aggiunge danno: non solo l\u2019ottava proroga di un Piano quinquennale scaduto nel 2012, ma i proprietari dei terreni non potranno chiedere il divieto di caccia all\u2019interno dei loro fondi. La bocciatura del mio emendamento \u00e8 una vergogna, uno schiaffo che non ha alcuna giustificazione. Se vengono garantiti solo i diritti di alcuni, non si chiamano diritti ma privilegi. E cos\u00ec avremo ancora cittadini di serie A e di serie B<\/em>\u201d. \u00c8 quanto afferma\u00a0Andrea Zanoni, consigliere del Partito Democratico, commentando il no dell\u2019assemblea di Palazzo Ferro Fini al suo emendamento (sottoscritto dall\u2019intera coalizione di centrosinistra) all\u2019interno del provvedimento che ha prorogato fino al 31 agosto 2021 l\u2019attuale Piano faunistico venatorio. \u201cEra una proposta di buon senso, dal 2007 chi ha un terreno non pu\u00f2 esercitare il diritto che gli d\u00e0 la legge nazionale e regionale, quello di chiedere lo stop della caccia in casa propria: ringrazino per questo il centrodestra del Veneto\u201d. A favore hanno votato Partito Democratico, Europa Verde, Veneto che Vogliamo, Arturo Lorenzoni e M5S, contrari Lega, Lista Zaia, Autonomia Veneta, Fratelli d\u2019Italia e Forza Italia: 10 contro 40.\u00a0 \u201c<em>Nel frattempo in Europa vengono vietati i pallini di caccia con piombo nelle zone umide con voto quasi plebiscitario; i nostri deputati a Bruxelles rappresentano i cittadini veneti molto meglio dei consiglieri regionali\u201d, sottolinea Zanoni. \u201cIn Italia, unica a livello europeo, l\u2019articolo 842 del Codice civile permette di cacciare in terreni privati anche senza l\u2019autorizzazione dei proprietari. Tuttavia sia la legge nazionale 157\/1992 che quella regionale, la 50\/1993, permettono a questi di chiedere lo stop, facendo richiesta entro 30 giorni dall\u2019approvazione del nuovo piano faunistico-venatorio. Se non c\u2019\u00e8 il Piano decade automaticamente il diritto. L\u2019emendamento voleva riportare una situazione di normalit\u00e0 e aprire la finestra dei 30 giorni anche con la legge proroga<\/em>\u201d. Il consigliere democratico in aula \u00e8 andato all\u2019attacco anche sulla proroga: \u201c<em>Non c\u2019\u00e8 alcuna motivazione valida, in Veneto la maggioranza \u00e8 sempre la stessa e aveva tutto il tempo per approvare il nuovo Piano, invece ha dimostrato una totale incapacit\u00e0 di gestire una materia cos\u00ec importante. Questo provvedimento \u00e8 nato grazie all\u2019assemblaggio dei vecchi Piani provinciali che hanno fotografato una realt\u00e0 del 2003-2004, approvato nel 2007, scaduto del 2012 dopo 5 anni di validit\u00e0, poI riesumato per otto volte: praticamente uno zombie. Ma quanto territorio \u00e8 stato consumato dalla cementificazione in quindici anni? Nel Piano vengono considerate \u2018cacciabili\u2019 tutta l\u2019area portata via dalla Valdastico Sud, cos\u00ec come gli 850 ettari sottratti dalla Superstrada Pedemontana Veneta. Nel frattempo abbiamo dovuto fare i conti con i cambiamenti climatici che hanno avuto conseguenze pesanti sulla fauna selvatica. Ma per la maggioranza non \u00e8 successo niente. Il Piano &#8211; prosegue Zanoni &#8211; non contempla specie \u2018nuove\u2019 come il lupo, l\u2019orso o la lince, mentre sono presenti altre specie che nel frattempo hanno subito riduzioni importantissime, considerate cacciabili dalla Regione e da proteggere secondo la Commissione Europea, l\u2019Ispra e dal ministero dell\u2019Ambiente. Prorogare per l\u2019ottava volta un documento del genere \u00e8 semplicemente indecente<\/em>\u201d.<\/span><\/p>\n<p>&nbsp;<\/p>\n<p>&nbsp;<\/p>\n<hr \/>\n<p>&nbsp;<\/p>\n<blockquote>\n<h3>CONSIGLIO COMUNALE DA &#8220;BORGO PIU&#8217; BELLO D&#8217;ITALIA&#8221;<\/h3>\n<\/blockquote>\n<p><strong>ROCCA PIETORE<\/strong> Il sindaco di Rocca Pietore Andrea De Bernardin ha convocato il consiglio comunale per domani alle 17. Cinque i punti da discutere. Ottava, nona e decima variazione al bilancio e l&#8217;assegnazione dei fondi derivanti dal ricoveri found per la valorizzazione economica, sociale e turistica dei borghi pi\u00f9 belli d&#8217;Italia.<\/p>\n<p>&nbsp;<\/p>\n<p>&nbsp;<\/p>\n<hr \/>\n<p>&nbsp;<\/p>\n<blockquote>\n<h3>DOMANI IL CONSIGLIO COMUNALE A LIVINALLONGO<\/h3>\n<\/blockquote>\n<p><strong>LIVINALLONGO<\/strong> Il sindaco di Livinallongo Leandro Grones ha convocato il consiglio comunale per domani alle 17. Tra i punti in discussione la decima variazione al bilancio, il nuovo regolamento del Museo Etnografico Ladino Fodom, alienazione terreni comunali in localit\u00e0 Livin\u00e8 e le risposte a due interrogazioni riguardanti la casa di riposo Villa San Giuseppe. Nel corso del consiglio comunale tre interrogazioni del gruppo Fodom Nosta Tiera, 1 centro protezione civile di Arabba, 2 approfondimento centro benessere di Arabba, 3 circa i motivi della condotta seguita durante il consiglio comunale.<\/p>\n<p>&nbsp;<\/p>\n<p>&nbsp;<\/p>\n<hr \/>\n<p>&nbsp;<\/p>\n<blockquote>\n<h3>VARIANTE AL PAT E VIDEOSORVEGLIANZA NEL CONSIGLIO DI CENCENIGHE<\/h3>\n<\/blockquote>\n<p><strong>CENCENIGHE <\/strong>Domani alle 20:30 in programma il consiglio comunale di Cencenighe. 7 i punti all&#8217;ordine del giorno tra cui una variazione al bilancio, il rinnovo del SIRAP con l&#8217;Unione Montana Agordina, una variante al PAT e il regolamento e disciplina \u00a0di videosorveglianza comunale<\/p>\n<p>&nbsp;<\/p>\n<p>&nbsp;<\/p>\n<hr \/>\n<p>&nbsp;<\/p>\n<blockquote>\n<h3>\u00a0A FALCADE\u00a0 IN DISCUSSIONE ANCHE IL REGOLAMENTO DELLE ENTRATE<\/h3>\n<\/blockquote>\n<p><strong>FALCADE<\/strong> Domani alle 18 consiglio comunale in videoconferenza (anche sui canali di RADIO PIU). In discussione il prelievo dal fondo di riserva; bilancio consolidato; variazione al bilancio, regolamento delle entrate e approvazione convenzione tra i Comuni sotto i 5 mila abitanti, piano dei fabbisogno, progetto per la trasformazione digitale dei servizi al cittadino.<\/p>\n<p>&nbsp;<\/p>\n<hr \/>\n<p>&nbsp;<\/p>\n<blockquote>\n<h3>CONSIGLIO DELL&#8217;UNIONE MONTANA AGORDINA IN VIDEOCONFERENZA DOMANI SERA<\/h3>\n<\/blockquote>\n<p><strong>AGORDO<\/strong> Il presidente dell&#8217;Unione Montana Agordina Michele Costa ha convocato, in videoconferenza, il consiglio per domani sera alle 20. In programma la presa d&#8217;atto dei nuovi rappresentati dei comuni di Colle Santa Lucia, Gosaldo e Voltago dopo l&#8217;ultima tornata elettorale, una variazione al bilancio e il rinnovo della convenzione SIRAP con i comuni.<\/p>\n<p>&nbsp;<\/p>\n<p>&nbsp;<\/p>\n<hr \/>\n<p>&nbsp;<\/p>\n<blockquote>\n<h3>SAN NICOLO\u2019 ARRIVA A LONGARONE<\/h3>\n<\/blockquote>\n<p><strong>LONGARONE <\/strong>L\u2019Amministrazione Comunale, unitamente all\u2019Associazione Pro Loco di Longarone, vuole regalare un momento di spensieratezza ai pi\u00f9 piccini.\u00a0 Sabato 5 dicembre, dalle 15 alle 17, l\u2019anfiteatro della chiesa di Longarone accoglier\u00e0 San Nicol\u00f2 che, aiutato dai suoi preziosi amici, far\u00e0 una pausa dal suo peregrinare per la consegna dei regali e si intratterr\u00e0 coi bimbi e i loro genitori. Nel rispetto della normativa vigente, l\u2019accesso all\u2019anfiteatro della chiesa avverr\u00e0 a piccoli gruppi, in modo da poter mantenere le distanze tra i nuclei famigliari. Ciascun gruppo si intratterr\u00e0 per circa 15 minuti. Ricordiamo che i bambini possono da subito scrivere le loro letterine a San Nicol\u00f2 e imbucarle nella cassetta che sar\u00e0 posizionata sotto il portico della sede della Pro Loco.\u00a0 Se un bambino desidera parlare direttamente con San Nicol\u00f2, lo pu\u00f2 chiamare al numero: 377.1944359 nelle giornate di gioved\u00ec 3 e venerd\u00ec 4 dicembre, dalle 18.30 alle 20.<\/p>\n<p>&nbsp;<\/p>\n<hr \/>\n<p>&nbsp;<\/p>\n<h2><span style=\"color: #ff0000;\">IERI ALLA RADIO<\/span><\/h2>\n<h2><span style=\"color: #800080;\">LA RASSEGNA STAMPA DA L&#8217;AMICO DEL POPOLO<\/span><\/h2>\n<p><a href=\"https:\/\/www.radiopiu.net\/wordpress\/?attachment_id=175519\" rel=\"attachment wp-att-175519\"><img loading=\"lazy\" decoding=\"async\" class=\"size-medium wp-image-175519 alignleft\" src=\"https:\/\/www.radiopiu.net\/wordpress\/wp-content\/uploads\/2020\/11\/Schermata-2020-11-28-alle-09.45.12-300x226.png\" alt=\"\" width=\"300\" height=\"226\" srcset=\"https:\/\/www.radiopiu.net\/wordpress\/wp-content\/uploads\/2020\/11\/Schermata-2020-11-28-alle-09.45.12-300x226.png 300w, https:\/\/www.radiopiu.net\/wordpress\/wp-content\/uploads\/2020\/11\/Schermata-2020-11-28-alle-09.45.12-768x578.png 768w, https:\/\/www.radiopiu.net\/wordpress\/wp-content\/uploads\/2020\/11\/Schermata-2020-11-28-alle-09.45.12.png 888w\" sizes=\"auto, (max-width: 300px) 100vw, 300px\" \/><\/a><strong>di Gianni Santomaso<\/strong><\/p>\n<h3>OSPITE: Marta Azzalini<\/h3>\n<audio class=\"wp-audio-shortcode\" id=\"audio-175525-4\" preload=\"none\" style=\"width: 100%;\" controls=\"controls\"><source type=\"audio\/mpeg\" src=\"https:\/\/www.radiopiu.net\/wordpress\/wp-content\/uploads\/2020\/11\/RASSEGNA-GIANNI-3.mp3?_=4\" \/><a href=\"https:\/\/www.radiopiu.net\/wordpress\/wp-content\/uploads\/2020\/11\/RASSEGNA-GIANNI-3.mp3\">https:\/\/www.radiopiu.net\/wordpress\/wp-content\/uploads\/2020\/11\/RASSEGNA-GIANNI-3.mp3<\/a><\/audio>\n<p>&nbsp;<\/p>\n<hr \/>\n<p>&nbsp;<\/p>\n<div class=\"im_message_wrap clearfix\">\n<div class=\"im_content_message_wrap im_message_out\">\n<h2><span style=\"color: #ff0000;\">IERI ALLA RADIO\u00a0 IN VIVO VERSO 2020-21<\/span><\/h2>\n<p><strong><span style=\"color: #0000ff;\">IN ONDA DAL LUNEDI AL VENERDI ALLE 7.10, 10.10, 18.50\u00a0<\/span><\/strong><\/p>\n<\/div>\n<\/div>\n<h1><strong><span style=\"font-family: Verdana, sans-serif;\"><span style=\"font-size: medium;\">LA RACCOLTA COMPLETA, TUTTE LE COLLEZIONI<\/span><\/span><\/strong><\/h1>\n<blockquote class=\"wp-embedded-content\" data-secret=\"20DrGAzjda\"><p><a href=\"https:\/\/www.radiopiu.net\/wordpress\/in-vivo-verso\/\">In Vivo Verso<\/a><\/p><\/blockquote>\n<p><iframe loading=\"lazy\" class=\"wp-embedded-content\" sandbox=\"allow-scripts\" security=\"restricted\" style=\"position: absolute; clip: rect(1px, 1px, 1px, 1px);\" title=\"&#8220;In Vivo Verso&#8221; &#8212; Radio Pi\u00f9\" src=\"https:\/\/www.radiopiu.net\/wordpress\/in-vivo-verso\/embed\/#?secret=20DrGAzjda\" data-secret=\"20DrGAzjda\" width=\"600\" height=\"338\" frameborder=\"0\" marginwidth=\"0\" marginheight=\"0\" scrolling=\"no\"><\/iframe><\/p>\n<hr \/>\n<p>&nbsp;<\/p>\n<h2>007 IN CONDOTTA CON LA PROF. MARIA ROSA SALMAZO IL LUNEDI ALLE 10,30 E ALLE 19.00 LA DOMENICA ALLE 8 DEL MATTINO. NONA STAGIONE<\/h2>\n<h2>LA RACCOLTA COMPLETA<\/h2>\n<blockquote class=\"wp-embedded-content\" data-secret=\"0wL8l7Iavc\"><p><a href=\"https:\/\/www.radiopiu.net\/wordpress\/007incondotta-9\/\">007 in condotta<\/a><\/p><\/blockquote>\n<p><iframe loading=\"lazy\" class=\"wp-embedded-content\" sandbox=\"allow-scripts\" security=\"restricted\" style=\"position: absolute; clip: rect(1px, 1px, 1px, 1px);\" title=\"&#8220;007 in condotta&#8221; &#8212; Radio Pi\u00f9\" src=\"https:\/\/www.radiopiu.net\/wordpress\/007incondotta-9\/embed\/#?secret=0wL8l7Iavc\" data-secret=\"0wL8l7Iavc\" width=\"600\" height=\"338\" frameborder=\"0\" marginwidth=\"0\" marginheight=\"0\" scrolling=\"no\"><\/iframe><\/p>\n<p>&nbsp;<\/p>\n<hr \/>\n<p>&nbsp;<\/p>\n<blockquote>\n<h2>SALUTE E SOCIETA&#8217; IL LUNEDI ALLE 13.10 E ALLE 20.10, LA DOMENICA ALLE 10.30 A CURA DEL DOTTOR MARCO CARACCIOLO. QUINTA STAGIONE<\/h2>\n<\/blockquote>\n<h3>LA RACCOLTA COMPLETA<\/h3>\n<blockquote class=\"wp-embedded-content\" data-secret=\"FSNOGITBid\"><p><a href=\"https:\/\/www.radiopiu.net\/wordpress\/saluteesocieta\/\">Salute e Societ\u00e0<\/a><\/p><\/blockquote>\n<p><iframe loading=\"lazy\" class=\"wp-embedded-content\" sandbox=\"allow-scripts\" security=\"restricted\" style=\"position: absolute; clip: rect(1px, 1px, 1px, 1px);\" title=\"&#8220;Salute e Societ\u00e0&#8221; &#8212; Radio Pi\u00f9\" src=\"https:\/\/www.radiopiu.net\/wordpress\/saluteesocieta\/embed\/#?secret=FSNOGITBid\" data-secret=\"FSNOGITBid\" width=\"600\" height=\"338\" frameborder=\"0\" marginwidth=\"0\" marginheight=\"0\" scrolling=\"no\"><\/iframe><\/p>\n<hr \/>\n<blockquote>\n<h2><\/h2>\n<h2>FANTASTICHE DOLOMITI, NUOVA STAGIONE. APPUNTAMENTO QUINDICINALE IL GIOVEDI ALLE 10.30 E 1900<\/h2>\n<\/blockquote>\n<h1>LA RACCOLTA COMPLETA<\/h1>\n<blockquote class=\"wp-embedded-content\" data-secret=\"NXJoK4FfZO\"><p><a href=\"https:\/\/www.radiopiu.net\/wordpress\/https-wp-me-p63lo7-gyg\/\">FANTASTICHE DOLOMITI: IL QUINDICINALE APPUNTAMENTO ALLA RADIO<\/a><\/p><\/blockquote>\n<p><iframe loading=\"lazy\" class=\"wp-embedded-content\" sandbox=\"allow-scripts\" security=\"restricted\" style=\"position: absolute; clip: rect(1px, 1px, 1px, 1px);\" title=\"&#8220;FANTASTICHE DOLOMITI: IL QUINDICINALE APPUNTAMENTO ALLA RADIO&#8221; &#8212; Radio Pi\u00f9\" src=\"https:\/\/www.radiopiu.net\/wordpress\/https-wp-me-p63lo7-gyg\/embed\/#?secret=NXJoK4FfZO\" data-secret=\"NXJoK4FfZO\" width=\"600\" height=\"338\" frameborder=\"0\" marginwidth=\"0\" marginheight=\"0\" scrolling=\"no\"><\/iframe><\/p>\n<div class=\"mw-parser-output\">\n<p>&nbsp;<\/p>\n<\/div>\n<p>&nbsp;<\/p>\n<hr \/>\n<p>&nbsp;<\/p>\n<p>&nbsp;<\/p>\n<h2><span style=\"color: #808000;\">DUE MINUTI UN LIBRO\u00a0 TUTTI I GIORNI ALLA RADIO ALLE 9.30 E ALLE 18. QUINTA STAGIONE\u00a0 \u00a0<\/span><\/h2>\n<blockquote class=\"wp-embedded-content\" data-secret=\"owrV8dXpQd\"><p><a href=\"https:\/\/www.radiopiu.net\/wordpress\/le-figlie-del-capitano\/\">LE FIGLIE DEL CAPITANO<\/a><\/p><\/blockquote>\n<p><iframe loading=\"lazy\" class=\"wp-embedded-content\" sandbox=\"allow-scripts\" security=\"restricted\" style=\"position: absolute; clip: rect(1px, 1px, 1px, 1px);\" title=\"&#8220;LE FIGLIE DEL CAPITANO&#8221; &#8212; Radio Pi\u00f9\" src=\"https:\/\/www.radiopiu.net\/wordpress\/le-figlie-del-capitano\/embed\/#?secret=owrV8dXpQd\" data-secret=\"owrV8dXpQd\" width=\"600\" height=\"338\" frameborder=\"0\" marginwidth=\"0\" marginheight=\"0\" scrolling=\"no\"><\/iframe><\/p>\n<h2>LA RACCOLTA COMPLETA<\/h2>\n<blockquote class=\"wp-embedded-content\" data-secret=\"v10yUD8rNG\"><p><a href=\"https:\/\/www.radiopiu.net\/wordpress\/due-minuti-un-libro\/\">Due minuti un libro<\/a><\/p><\/blockquote>\n<p><iframe loading=\"lazy\" class=\"wp-embedded-content\" sandbox=\"allow-scripts\" security=\"restricted\" style=\"position: absolute; clip: rect(1px, 1px, 1px, 1px);\" title=\"&#8220;Due minuti un libro&#8221; &#8212; Radio Pi\u00f9\" src=\"https:\/\/www.radiopiu.net\/wordpress\/due-minuti-un-libro\/embed\/#?secret=v10yUD8rNG\" data-secret=\"v10yUD8rNG\" width=\"600\" height=\"338\" frameborder=\"0\" marginwidth=\"0\" marginheight=\"0\" scrolling=\"no\"><\/iframe><\/p>\n<p>&nbsp;<\/p>\n<hr \/>\n<p>&nbsp;<\/p>\n<blockquote>\n<h2>CASSA SOLIDARIET\u00c0 LUXOTTICA &#8211; PUNTATA DEL 20 NOVEMBRE 2020<\/h2>\n<h2>RACCOLTA COMPLETA<\/h2>\n<\/blockquote>\n<blockquote class=\"wp-embedded-content\" data-secret=\"4rJ8cgsszh\"><p><a href=\"https:\/\/www.radiopiu.net\/wordpress\/cassa-solidarieta-luxottica-puntata-del-16-ottobre-2020\/\">CASSA SOLIDARIET\u00c0 LUXOTTICA &#8211; PUNTATA DEL 20 NOVEMBRE 2020<\/a><\/p><\/blockquote>\n<p><iframe loading=\"lazy\" class=\"wp-embedded-content\" sandbox=\"allow-scripts\" security=\"restricted\" style=\"position: absolute; clip: rect(1px, 1px, 1px, 1px);\" title=\"&#8220;CASSA SOLIDARIET\u00c0 LUXOTTICA &#8211; PUNTATA DEL 20 NOVEMBRE 2020&#8221; &#8212; Radio Pi\u00f9\" src=\"https:\/\/www.radiopiu.net\/wordpress\/cassa-solidarieta-luxottica-puntata-del-16-ottobre-2020\/embed\/#?secret=4rJ8cgsszh\" data-secret=\"4rJ8cgsszh\" width=\"600\" height=\"338\" frameborder=\"0\" marginwidth=\"0\" marginheight=\"0\" scrolling=\"no\"><\/iframe><\/p>\n<p>&nbsp;<\/p>\n<p>&nbsp;<\/p>\n<hr \/>\n<p>&nbsp;<\/p>\n<p>&nbsp;<\/p>\n<blockquote>\n<h2><a href=\"https:\/\/www.radiopiu.net\/wordpress\/speciale-solidarieta-veneto\/solidarieta-veneto-3\/\" rel=\"attachment wp-att-134366\"><img loading=\"lazy\" decoding=\"async\" class=\"wp-image-134366 alignleft\" src=\"https:\/\/www.radiopiu.net\/wordpress\/wp-content\/uploads\/2020\/05\/solidariet\u00e0-veneto-300x210.jpg\" alt=\"\" width=\"179\" height=\"125\" srcset=\"https:\/\/www.radiopiu.net\/wordpress\/wp-content\/uploads\/2020\/05\/solidariet\u00e0-veneto-300x210.jpg 300w, https:\/\/www.radiopiu.net\/wordpress\/wp-content\/uploads\/2020\/05\/solidariet\u00e0-veneto-1024x717.jpg 1024w, https:\/\/www.radiopiu.net\/wordpress\/wp-content\/uploads\/2020\/05\/solidariet\u00e0-veneto-768x538.jpg 768w, https:\/\/www.radiopiu.net\/wordpress\/wp-content\/uploads\/2020\/05\/solidariet\u00e0-veneto.jpg 1373w\" sizes=\"auto, (max-width: 179px) 100vw, 179px\" \/><\/a>SOLIDARIETA&#8217; VENETO FONDO PENSIONE, IN ONDA IL PRIMO VENERDI DEL MESE ALLE 10.30 E ALLE 19.00 QUINTA STAGIONE<\/h2>\n<h2>RACCOLTA COMPLETA<\/h2>\n<\/blockquote>\n<blockquote class=\"wp-embedded-content\" data-secret=\"eARBt7Zhmi\"><p><a href=\"https:\/\/www.radiopiu.net\/wordpress\/solidarieta-veneto\/\">Solidariet\u00e0 Veneto<\/a><\/p><\/blockquote>\n<p><iframe loading=\"lazy\" class=\"wp-embedded-content\" sandbox=\"allow-scripts\" security=\"restricted\" style=\"position: absolute; clip: rect(1px, 1px, 1px, 1px);\" title=\"&#8220;Solidariet\u00e0 Veneto&#8221; &#8212; Radio Pi\u00f9\" src=\"https:\/\/www.radiopiu.net\/wordpress\/solidarieta-veneto\/embed\/#?secret=eARBt7Zhmi\" data-secret=\"eARBt7Zhmi\" width=\"600\" height=\"338\" frameborder=\"0\" marginwidth=\"0\" marginheight=\"0\" scrolling=\"no\"><\/iframe><\/p>\n<p>&nbsp;<\/p>\n<p>&nbsp;<\/p>\n<div>\n<p>&nbsp;<\/p>\n<hr \/>\n<p>&nbsp;<\/p>\n<div>\n<h2><span style=\"color: #33cccc;\">I RACCONTI DI PAOLO SOPPELSA il lunedi alle 9.30 e 18.30<\/span><\/h2>\n<h2><span style=\"color: #33cccc;\"><strong>RACCOLTA COMPLETA<\/strong><\/span><\/h2>\n<blockquote class=\"wp-embedded-content\" data-secret=\"j7NaLpoyMY\"><p><a href=\"https:\/\/www.radiopiu.net\/wordpress\/i-racconti-di-paolo-soppelsa\/\">I racconti di Paolo Soppelsa<\/a><\/p><\/blockquote>\n<p><iframe loading=\"lazy\" class=\"wp-embedded-content\" sandbox=\"allow-scripts\" security=\"restricted\" style=\"position: absolute; clip: rect(1px, 1px, 1px, 1px);\" title=\"&#8220;I racconti di Paolo Soppelsa&#8221; &#8212; Radio Pi\u00f9\" src=\"https:\/\/www.radiopiu.net\/wordpress\/i-racconti-di-paolo-soppelsa\/embed\/#?secret=j7NaLpoyMY\" data-secret=\"j7NaLpoyMY\" width=\"600\" height=\"338\" frameborder=\"0\" marginwidth=\"0\" marginheight=\"0\" scrolling=\"no\"><\/iframe><\/p>\n<\/div>\n<p>&nbsp;<\/p>\n<hr \/>\n<p>&nbsp;<\/p>\n<h2><strong>LE\u00a0 PUNTATE di Luisa Alchini di Leggermente Bellunesi, la domenica alle 11, il martedi alle 10.30 e alle 19.00<br \/>\n<\/strong><\/h2>\n<h1><span style=\"color: #000000;\">RACCOLTA COMPLETA<\/span><\/h1>\n<blockquote class=\"wp-embedded-content\" data-secret=\"l7GW4Mw3Vh\"><p><a href=\"https:\/\/www.radiopiu.net\/wordpress\/leggermente-20\/\">LEGGERmente&#8230;Bellunesi<\/a><\/p><\/blockquote>\n<p><iframe loading=\"lazy\" class=\"wp-embedded-content\" sandbox=\"allow-scripts\" security=\"restricted\" style=\"position: absolute; clip: rect(1px, 1px, 1px, 1px);\" title=\"&#8220;LEGGERmente&#8230;Bellunesi&#8221; &#8212; Radio Pi\u00f9\" src=\"https:\/\/www.radiopiu.net\/wordpress\/leggermente-20\/embed\/#?secret=l7GW4Mw3Vh\" data-secret=\"l7GW4Mw3Vh\" width=\"600\" height=\"338\" frameborder=\"0\" marginwidth=\"0\" marginheight=\"0\" scrolling=\"no\"><\/iframe><\/p>\n<hr \/>\n<p>&nbsp;<\/p>\n<blockquote>\n<h3>L&#8217;ALMANACCO LADINO CON L&#8217;ISTITUT CESA DE JAN QUINDICINALE APPUNTAMENTO. LA DOMENICA ALLE 9 IL LUNEDI ALLE 8.35 IL MARTEDI ALLE 12.35 IL MERCOLEDI ALLE 18.35. SECONDA STAGIONE.<\/h3>\n<\/blockquote>\n<h3>LA PUNTATA DELLA SETTIMANA<\/h3>\n<audio class=\"wp-audio-shortcode\" id=\"audio-175525-5\" preload=\"none\" style=\"width: 100%;\" controls=\"controls\"><source type=\"audio\/mpeg\" src=\"https:\/\/www.radiopiu.net\/wordpress\/wp-content\/uploads\/2020\/11\/46\u00b0-Almanacco-Ladino_Fodom.mp3?_=5\" \/><a href=\"https:\/\/www.radiopiu.net\/wordpress\/wp-content\/uploads\/2020\/11\/46\u00b0-Almanacco-Ladino_Fodom.mp3\">https:\/\/www.radiopiu.net\/wordpress\/wp-content\/uploads\/2020\/11\/46\u00b0-Almanacco-Ladino_Fodom.mp3<\/a><\/audio>\n<p>&nbsp;<\/p>\n<p><strong>RACCOLTA COMPLETA\u00a0<\/strong><\/p>\n<blockquote class=\"wp-embedded-content\" data-secret=\"gsmbFM24Rp\"><p><a href=\"https:\/\/www.radiopiu.net\/wordpress\/almanacco-ladino\/\">Almanacco Ladino<\/a><\/p><\/blockquote>\n<p><iframe loading=\"lazy\" class=\"wp-embedded-content\" sandbox=\"allow-scripts\" security=\"restricted\" style=\"position: absolute; clip: rect(1px, 1px, 1px, 1px);\" title=\"&#8220;Almanacco Ladino&#8221; &#8212; Radio Pi\u00f9\" src=\"https:\/\/www.radiopiu.net\/wordpress\/almanacco-ladino\/embed\/#?secret=gsmbFM24Rp\" data-secret=\"gsmbFM24Rp\" width=\"600\" height=\"338\" frameborder=\"0\" marginwidth=\"0\" marginheight=\"0\" scrolling=\"no\"><\/iframe><\/p>\n<p>&nbsp;<\/p>\n<\/div>\n<hr \/>\n<div>\n<h2><span style=\"color: #000080;\"><a class=\"dt-pswp-item\" href=\"https:\/\/www.radiopiu.net\/wordpress\/wp-content\/uploads\/2020\/10\/pp.jpg\" data-dt-img-description=\"\" data-large_image_width=\"640\" data-large_image_height=\"640\"><img loading=\"lazy\" decoding=\"async\" class=\"wp-image-163678 alignleft\" src=\"https:\/\/www.radiopiu.net\/wordpress\/wp-content\/uploads\/2020\/10\/pp-300x300.jpg\" alt=\"\" width=\"106\" height=\"106\" srcset=\"https:\/\/www.radiopiu.net\/wordpress\/wp-content\/uploads\/2020\/10\/pp-300x300.jpg 300w, https:\/\/www.radiopiu.net\/wordpress\/wp-content\/uploads\/2020\/10\/pp-150x150.jpg 150w, https:\/\/www.radiopiu.net\/wordpress\/wp-content\/uploads\/2020\/10\/pp-125x125.jpg 125w, https:\/\/www.radiopiu.net\/wordpress\/wp-content\/uploads\/2020\/10\/pp-200x200.jpg 200w, https:\/\/www.radiopiu.net\/wordpress\/wp-content\/uploads\/2020\/10\/pp-80x80.jpg 80w, https:\/\/www.radiopiu.net\/wordpress\/wp-content\/uploads\/2020\/10\/pp-480x480.jpg 480w, https:\/\/www.radiopiu.net\/wordpress\/wp-content\/uploads\/2020\/10\/pp.jpg 640w\" sizes=\"auto, (max-width: 106px) 100vw, 106px\" \/><\/a> <\/span><\/h2>\n<h2><span style=\"color: #000080;\">DON CESARE, IL PENSIERO DEL GIORNO. ALLA RADIO ALLE 7 DEL MATTINO E ALLE 19.30 DELLA SERA.\u00a0\u00a0<\/span><\/h2>\n<\/div>\n<p>&nbsp;<\/p>\n<p>&nbsp;<\/p>\n<p>&nbsp;<\/p>\n<audio class=\"wp-audio-shortcode\" id=\"audio-175525-6\" preload=\"none\" style=\"width: 100%;\" controls=\"controls\"><source type=\"audio\/mpeg\" src=\"https:\/\/www.radiopiu.net\/wordpress\/wp-content\/uploads\/2020\/11\/cesare-4.mp3?_=6\" \/><a href=\"https:\/\/www.radiopiu.net\/wordpress\/wp-content\/uploads\/2020\/11\/cesare-4.mp3\">https:\/\/www.radiopiu.net\/wordpress\/wp-content\/uploads\/2020\/11\/cesare-4.mp3<\/a><\/audio>\n<p>&nbsp;<\/p>\n<p>&nbsp;<\/p>\n<hr \/>\n<p>&nbsp;<\/p>\n<p>&nbsp;<\/p>\n<blockquote>\n<h2><a href=\"https:\/\/www.radiopiu.net\/wordpress\/giornale-radio-piu-16-09-direttore-mirko-mezzacasa-ed-principale-grp-alle-12-30-e-alla-mezzanotte\/don_giorgio2\/\" rel=\"attachment wp-att-10391\"><img loading=\"lazy\" decoding=\"async\" class=\"size-full wp-image-10391 alignleft\" src=\"https:\/\/www.radiopiu.net\/wordpress\/wp-content\/uploads\/2015\/09\/don_giorgio2.jpg\" alt=\"\" width=\"216\" height=\"137\" \/><\/a>DUE MINUTI PER TE, SETTIMANALE PENSIERO DI MONSIGNOR GIORGIO LISE<\/h2>\n<\/blockquote>\n<audio class=\"wp-audio-shortcode\" id=\"audio-175525-7\" preload=\"none\" style=\"width: 100%;\" controls=\"controls\"><source type=\"audio\/mpeg\" src=\"https:\/\/www.radiopiu.net\/wordpress\/wp-content\/uploads\/2020\/11\/dom-giiorgio.mp3?_=7\" \/><a href=\"https:\/\/www.radiopiu.net\/wordpress\/wp-content\/uploads\/2020\/11\/dom-giiorgio.mp3\">https:\/\/www.radiopiu.net\/wordpress\/wp-content\/uploads\/2020\/11\/dom-giiorgio.mp3<\/a><\/audio>\n<p>&nbsp;<\/p>\n<p>&nbsp;<\/p>\n<hr \/>\n<p>&nbsp;<\/p>\n<div>\n<p class=\"photoswipe-wrapper\"><a class=\"dt-pswp-item pspw-wrap-ready\" href=\"https:\/\/i0.wp.com\/www.radiopiu.net\/wordpress\/wp-content\/uploads\/2018\/09\/viabilita.jpeg?ssl=1\" data-dt-img-description=\"\" data-large_image_width=\"800\" data-large_image_height=\"100\"><img loading=\"lazy\" decoding=\"async\" class=\"aligncenter wp-image-61954 size-full\" src=\"https:\/\/i0.wp.com\/www.radiopiu.net\/wordpress\/wp-content\/uploads\/2018\/09\/viabilita.jpeg?resize=800%2C100&amp;ssl=1\" sizes=\"auto, (max-width: 800px) 100vw, 800px\" srcset=\"https:\/\/i0.wp.com\/www.radiopiu.net\/wordpress\/wp-content\/uploads\/2018\/09\/viabilita.jpeg?w=800&amp;ssl=1 800w, https:\/\/i0.wp.com\/www.radiopiu.net\/wordpress\/wp-content\/uploads\/2018\/09\/viabilita.jpeg?resize=300%2C38&amp;ssl=1 300w, https:\/\/i0.wp.com\/www.radiopiu.net\/wordpress\/wp-content\/uploads\/2018\/09\/viabilita.jpeg?resize=768%2C96&amp;ssl=1 768w\" alt=\"\" width=\"800\" height=\"100\" \/><\/a><\/p>\n<\/div>\n<p>&nbsp;<\/p>\n<p>&nbsp;<\/p>\n<p><strong>PROVINCIALE 49 MISURINA CONFINE PROVINCIA DI BOLZANO<\/strong>:\u00a0 fino al 22 dicembre (festivi e prefestivi compresi) senso unico alternato con movieri o semafori<\/p>\n<p><strong>STRADA REGIONALE 48 DELLE DOLOMITI<\/strong> fino al 03 dicembre, dalle 8 alle 18, senso unico alternato regolato da impianto semaforico in localit\u00e0 Salesei di Sopra in comune di Livinallongo per esecuzione tombinatura<\/p>\n<p><strong>PROVINCIALE 3 VALLE IMPERINA<\/strong>:\u00a0 fino al 12 dicembre senso unico alternato (tutti i giorni nessuno escluso) in locailt\u00e0 Gona per messa in sicurezza della strada.<\/p>\n<p><strong>PROVINCIALE 48 DELLE DOLOMITI<\/strong> fino al 6 dicembre (tutti i giorni nessuno escluso) senso unico alternato in localit\u00e0 Livin\u00e8 a Livinallongo del Col di Lana<\/p>\n<p><strong>REGIONALE 203 AGORDINA COLLAZ-LIVINALLONGO<\/strong>\u00a0 fino al 4 dicembre (sabato e festivi esclusi) senso unico alternato per singoli tratti di 150 metri<\/p>\n<p><strong>SR 203 AGORDINA<\/strong>\u00a0fino al 30 novembre, compresi sabato e domenica, \u00a0senso unico alternato regolato da semaforo in localit\u00e0 Sopra Sac di Alleghe per allestimento opere di difesa valanghiva<\/p>\n<p><strong>SP\u00a0423 LAGO DI SANTA CROCE_POIATTE_ALPAGO <\/strong>Fino al 12 dicembre (esclusi festivi e prefestivi) senso unico alternato con movieri o semaforo per esecuzione paramassi a monte della strada<\/p>\n<p><strong>SP 422 DELL\u2019ALPAGO E DEL CANSIGLIO\u00a0<\/strong>fino al 30 novembre, esclusi sabato e domenica, senso unico alternato regolato da movieri tra Puos e Cornei per posa fibre ottiche<\/p>\n<p><strong>SR 48 DELLE DOLOMITI<\/strong>\u00a0fino al 30 novembre senso unico alternato regolato da impianto semaforico tra Arabba e Cernadoi per consolidamento ciglio stradale e sostituzione barriere di sicurezza<\/p>\n<p><strong>PROVINCIALE 251\u00a0<\/strong> COLLE SANTA LUCIA Fino al 28 novembre senso unico (per asfaltature) compresi sabato e domenica (stessa situazione lungo la 203 agordina in localit\u00e0 Rucav\u00e0)<\/p>\n<p><strong>SP 3 DELLA VAL IMPERINA<\/strong> fino a revoca, senso unico alternato regolato a vista in localit\u00e0 Gona di Conedera di Rivamonte per cedimento della carreggiata stradale<\/p>\n<p><strong>REGIONALE 203 AGORDINA<\/strong>\u00a0 Fino\u00a0 al 18 dicembre (esclusi festivi e prefestivi) senso unico alternato tra Peron e Candaten con movieri dalle 7.30 alle 9 e dalle 16.30 alle 18. Con semaforo negli altri orari<\/p>\n<p><strong>REGIONALE 203 AGORDINA<\/strong> Fino al 30 novembre (sabato e domenica esclusi) tra Candaten e La Stanga dalle 7.30 alle 9 e dalle 16.30 alle 18 con movieri e negli altri orari con semaforo, senso unico alternato.<\/p>\n<div>\n<p>&nbsp;<\/p>\n<hr \/>\n<p>&nbsp;<\/p>\n<p class=\"photoswipe-wrapper\"><a class=\"dt-pswp-item pspw-wrap-ready\" href=\"https:\/\/i0.wp.com\/www.radiopiu.net\/wordpress\/wp-content\/uploads\/2018\/09\/WhatsApp-Image-2018-09-20-at-16.04.06.jpeg?ssl=1\" data-dt-img-description=\"\" data-large_image_width=\"800\" data-large_image_height=\"100\"><img loading=\"lazy\" decoding=\"async\" class=\"aligncenter wp-image-61378 size-full jetpack-lazy-image jetpack-lazy-image--handled\" src=\"https:\/\/i0.wp.com\/www.radiopiu.net\/wordpress\/wp-content\/uploads\/2018\/09\/WhatsApp-Image-2018-09-20-at-16.04.06.jpeg?resize=800%2C100&amp;ssl=1\" sizes=\"auto, (max-width: 800px) 100vw, 800px\" srcset=\"https:\/\/i0.wp.com\/www.radiopiu.net\/wordpress\/wp-content\/uploads\/2018\/09\/WhatsApp-Image-2018-09-20-at-16.04.06.jpeg?w=800&amp;ssl=1 800w, https:\/\/i0.wp.com\/www.radiopiu.net\/wordpress\/wp-content\/uploads\/2018\/09\/WhatsApp-Image-2018-09-20-at-16.04.06.jpeg?resize=300%2C38&amp;ssl=1 300w, https:\/\/i0.wp.com\/www.radiopiu.net\/wordpress\/wp-content\/uploads\/2018\/09\/WhatsApp-Image-2018-09-20-at-16.04.06.jpeg?resize=768%2C96&amp;ssl=1 768w\" alt=\"\" width=\"800\" height=\"100\" data-lazy-loaded=\"1\" \/><\/a><\/p>\n<p>&nbsp;<\/p>\n<p><center><center><b>Domenica 29<\/b><\/center><b>Tempo atteso:\u00a0<\/b>Persistono le condizioni meteo favorevoli ad un elevato soleggiamento su gran parte della montagna veneta con sole, cielo sereno e aria tersa. Non esclusa la possibilit\u00e0 di locali e temporanee foschie o nebbie in alcuni tratti dei fondovalle prealpini durante le ore pi\u00f9 fredde, specie a ridosso della pedemontana, in veloce dissolvimento dopo l&#8217;alba.<br \/>\n<b>Precipitazioni:\u00a0<\/b>Assenti.<br \/>\n<b>Temperature:\u00a0<\/b>Generalmente stazionarie nelle valli, in lieve diminuzione in alta montagna, con lieve attenuazione dell&#8217;inversione termica. Su Prealpi a 1500 m min 0\u00b0C max 5\u00b0C, a 2000 m min -3\u00b0C max 3\u00b0C. Su Dolomiti a 2000 m min -2\u00b0C max 4\u00b0C, a 3000 m min -7\u00b0C max -2\u00b0C.<br \/>\n<b>Venti:\u00a0<\/b>Perlopi\u00f9 deboli a regime di brezza nelle valli; in quota deboli o moderati da nord, a 5-10 km\/h a 2000 m, a 10-20 km\/h a 3000 m.<\/center><\/p>\n<hr \/>\n<p><center><b>Lunedi 30<\/b><\/center><b>Tempo atteso:\u00a0<\/b>Persister\u00e0 l&#8217;ottimo soleggiamento su gran parte delle zone montane, con cielo sereno e aria tersa; temporanee foschie o qualche nebbia nottetempo nelle conche prealpine, un po&#8217; pi\u00f9 probabili e pi\u00f9 estese rispetto a domenica, in rapido dissolvimento dopo l&#8217;alba.<br \/>\n<b>Precipitazioni:\u00a0<\/b>Assenti.<br \/>\n<b>Temperature:\u00a0<\/b>In diminuzione a tutte le quote, con valori inferiori alla norma; attenuazione dell&#8217;inversione termica. Su Prealpi a 1500 m min -2\u00b0C max 2\u00b0C, a 2000 m min -3\u00b0C max 1\u00b0C. Su Dolomiti a 2000 m min -3\u00b0C max 2\u00b0C, a 3000 m min -7\u00b0C max -3\u00b0C.<br \/>\n<b>Venti:\u00a0<\/b>Venti deboli a regime di brezza nelle valli, deboli o moderati da nord-ovest in quota a 5-10 km\/h a 2000 m, a 10-20 km\/h a 3000 m..<\/p>\n<hr \/>\n<p><center><b>Martedi 1<\/b><\/center>Nella notte e fino al primo mattino generalmente sereno o poco nuvoloso con locali e temporanee riduzioni della visibilit\u00e0 nelle conche prealpine; tendenza ad un graduale aumento della nuvolosit\u00e0 nel corso della mattinata, dapprima per nubi alte poi per quelle stratiformi. Non si escludono delle deboli precipitazioni nevose oltre i 600-800 m nella seconda parte della giornata, ma con accumuli molto scarsi o assenti. Temperature senza notevoli variazioni nelle valli, in ulteriore diminuzione in quota, su valori inferiori alla norma, con scomparsa dell&#8217;inversione termica. Venti nelle valli generalmente deboli, moderati settentrionali in quota.<\/p>\n<hr \/>\n<p><center><b>Mercoledi 2<\/b><\/center>Giornata caratterizzata da tempo variabile, con cielo irregolarmente nuvoloso alternato a qualche parziale o temporanea schiarita. Non si escludono deboli precipitazioni sparse nel corso della giornata specie al mattino e verso sera con quota neve tra i 700 e i 1000 m; accumuli molto scarsi o assenti. Temperature minime in lieve o contenuto aumento, massime senza notevoli variazioni o in lieve calo. Rinforzo dei venti in quota da moderati a tesi da est nord-est. Previsore M.Padoan<\/p>\n<hr \/>\n<p>&nbsp;<\/p>\n<h3><a href=\"https:\/\/www.radiopiu.net\/wordpress\/giornale-radiopiu-15-settembre-2018-direttore-mirko-mezzacasa\/sport-7\/\" rel=\"attachment wp-att-60761\"><img loading=\"lazy\" decoding=\"async\" class=\"aligncenter wp-image-60761 size-full\" src=\"https:\/\/www.radiopiu.net\/wordpress\/wp-content\/uploads\/2018\/09\/sport.jpg\" alt=\"\" width=\"800\" height=\"100\" srcset=\"https:\/\/www.radiopiu.net\/wordpress\/wp-content\/uploads\/2018\/09\/sport.jpg 800w, https:\/\/www.radiopiu.net\/wordpress\/wp-content\/uploads\/2018\/09\/sport-300x38.jpg 300w, https:\/\/www.radiopiu.net\/wordpress\/wp-content\/uploads\/2018\/09\/sport-768x96.jpg 768w\" sizes=\"auto, (max-width: 800px) 100vw, 800px\" \/><\/a><\/h3>\n<h3><\/h3>\n<blockquote>\n<h3>IHL: VIDEOCONFERENZA IN VISTA DELLA RIPARTENZA DELLA STAGIONE. PRESTO LA COMUNICAZIONE UFFICIALE<\/h3>\n<\/blockquote>\n<p><strong><a href=\"https:\/\/www.radiopiu.net\/wordpress\/alleghe-hockey-dalla-ihl-allunder-13-passando-per-il-femminile\/hockey-bbb\/\" rel=\"attachment wp-att-70532\"><img loading=\"lazy\" decoding=\"async\" class=\"size-medium wp-image-70532 alignleft\" src=\"https:\/\/www.radiopiu.net\/wordpress\/wp-content\/uploads\/2018\/12\/HOCKEY-BBB-300x188.jpg\" alt=\"\" width=\"300\" height=\"188\" srcset=\"https:\/\/www.radiopiu.net\/wordpress\/wp-content\/uploads\/2018\/12\/HOCKEY-BBB-300x188.jpg 300w, https:\/\/www.radiopiu.net\/wordpress\/wp-content\/uploads\/2018\/12\/HOCKEY-BBB-768x480.jpg 768w, https:\/\/www.radiopiu.net\/wordpress\/wp-content\/uploads\/2018\/12\/HOCKEY-BBB-1024x640.jpg 1024w, https:\/\/www.radiopiu.net\/wordpress\/wp-content\/uploads\/2018\/12\/HOCKEY-BBB.jpg 1920w\" sizes=\"auto, (max-width: 300px) 100vw, 300px\" \/><\/a>ALLEGHE<\/strong> Sta per scadere il termine dello stop imposto all&#8217;Italian Hockey League. Dopo l&#8217;ultimo comunicato ufficiale, le squadre avevano deciso di sospendere le attivit\u00e0 fino al 3 dicembre. Mancano pochi giorni al previsto ritorno sul ghiaccio e le 10 formazioni della AIHG si sono incontrate di nuovo per stabilire se e come ripartire, anche in vista del nuovo DPCM previsto per le prossime ore. Nessuna novit\u00e0 \u00e8 trapelata dai responsabili al momento ma nelle prossime ore \u00e8 previsto un comunicato stampa unitario per informare tifosi e addetti ai lavori sulla prosecuzione della stagione hockeistica. Vedremo se fra qualche giorno l&#8217;Alleghe Hockey ritorner\u00e0 a calcare i ghiacci e con quali modalit\u00e0. Sicuramente la ripartenza della stagione sar\u00e0 in concomitanza con un un nuovo calendario da stilare. Con un mese di stop e tante partite da recuperare, un cambiamento al calendario sar\u00e0 inevitabile.<\/p>\n<\/div>\n","protected":false},"excerpt":{"rendered":"<p>PER RICEVERE QUESTO NOTIZIARIO DIRETTAMENTE SUL TUO CELLULARE ISCRIVITI AL CANALE TELEGRAM \u201cRADIO PIU\u00a0 INFORMAZIONE&#8221; &nbsp; ATTENZIONE: LA NUOVA APP PER IOS-IPHONE https:\/\/apps.apple.com\/it\/app\/radio-pi%C3%B9-emittente-agordina\/id1515939845 ATTENZIONE: LA NUOVA APP RADIO\u00a0 PER ANDROID https:\/\/play.google.com\/store\/apps\/details?id=net.radiopiu.iniko\u00a0\u00a0\u00a0 &nbsp; DIECI GIORNI FA: A CAMPON RITROVATA UNA MOTOSEGA AGORDO I Carabinieri Forestali di Agordo informano di aver ritrovato una motosega di piccole dimensioni&hellip;<\/p>\n","protected":false},"author":4,"featured_media":175629,"comment_status":"closed","ping_status":"closed","sticky":false,"template":"","format":"standard","meta":{"_monsterinsights_skip_tracking":false,"_monsterinsights_sitenote_active":false,"_monsterinsights_sitenote_note":"","_monsterinsights_sitenote_category":0,"footnotes":""},"categories":[1,51,86,49],"tags":[],"class_list":["post-175525","post","type-post","status-publish","format-standard","has-post-thumbnail","hentry","category-senza-categoria","category-evidenza-top","category-gr","category-news-18","category-1","category-51","category-86","category-49","description-off"],"img_url":"https:\/\/www.radiopiu.net\/wordpress\/wp-content\/uploads\/2020\/11\/291e62f6-a293-4f52-b926-e682ebc6fea6.jpg","_links":{"self":[{"href":"https:\/\/www.radiopiu.net\/wordpress\/wp-json\/wp\/v2\/posts\/175525","targetHints":{"allow":["GET"]}}],"collection":[{"href":"https:\/\/www.radiopiu.net\/wordpress\/wp-json\/wp\/v2\/posts"}],"about":[{"href":"https:\/\/www.radiopiu.net\/wordpress\/wp-json\/wp\/v2\/types\/post"}],"author":[{"embeddable":true,"href":"https:\/\/www.radiopiu.net\/wordpress\/wp-json\/wp\/v2\/users\/4"}],"replies":[{"embeddable":true,"href":"https:\/\/www.radiopiu.net\/wordpress\/wp-json\/wp\/v2\/comments?post=175525"}],"version-history":[{"count":0,"href":"https:\/\/www.radiopiu.net\/wordpress\/wp-json\/wp\/v2\/posts\/175525\/revisions"}],"wp:featuredmedia":[{"embeddable":true,"href":"https:\/\/www.radiopiu.net\/wordpress\/wp-json\/wp\/v2\/media\/175629"}],"wp:attachment":[{"href":"https:\/\/www.radiopiu.net\/wordpress\/wp-json\/wp\/v2\/media?parent=175525"}],"wp:term":[{"taxonomy":"category","embeddable":true,"href":"https:\/\/www.radiopiu.net\/wordpress\/wp-json\/wp\/v2\/categories?post=175525"},{"taxonomy":"post_tag","embeddable":true,"href":"https:\/\/www.radiopiu.net\/wordpress\/wp-json\/wp\/v2\/tags?post=175525"}],"curies":[{"name":"wp","href":"https:\/\/api.w.org\/{rel}","templated":true}]}}