{"id":175586,"date":"2020-11-28T13:56:47","date_gmt":"2020-11-28T12:56:47","guid":{"rendered":"https:\/\/www.radiopiu.net\/wordpress\/?p=175586"},"modified":"2020-11-28T13:56:47","modified_gmt":"2020-11-28T12:56:47","slug":"in-arrivo-tredicesime-piu-leggere-causa-covid-persi-300-milioni-rispetto-lanno-scorso","status":"publish","type":"post","link":"https:\/\/www.radiopiu.net\/wordpress\/in-arrivo-tredicesime-piu-leggere-causa-covid-persi-300-milioni-rispetto-lanno-scorso\/","title":{"rendered":"IN ARRIVO TREDICESIME PIU\u2019 LEGGERE: CAUSA COVID, PERSI 300 MILIONI RISPETTO L\u2019ANNO SCORSO"},"content":{"rendered":"<p><a class=\"dt-pswp-item\" href=\"https:\/\/www.radiopiu.net\/wordpress\/wp-content\/uploads\/2020\/11\/Schermata-2020-11-28-alle-13.55.11.png\" data-dt-img-description=\"\" data-large_image_width=\"1184\" data-large_image_height=\"380\"><img loading=\"lazy\" decoding=\"async\" class=\"alignleft size-medium wp-image-175588\" src=\"https:\/\/www.radiopiu.net\/wordpress\/wp-content\/uploads\/2020\/11\/Schermata-2020-11-28-alle-13.55.11-300x96.png\" alt=\"\" width=\"300\" height=\"96\" srcset=\"https:\/\/www.radiopiu.net\/wordpress\/wp-content\/uploads\/2020\/11\/Schermata-2020-11-28-alle-13.55.11-300x96.png 300w, https:\/\/www.radiopiu.net\/wordpress\/wp-content\/uploads\/2020\/11\/Schermata-2020-11-28-alle-13.55.11-1024x329.png 1024w, https:\/\/www.radiopiu.net\/wordpress\/wp-content\/uploads\/2020\/11\/Schermata-2020-11-28-alle-13.55.11-768x246.png 768w, https:\/\/www.radiopiu.net\/wordpress\/wp-content\/uploads\/2020\/11\/Schermata-2020-11-28-alle-13.55.11.png 1184w\" sizes=\"auto, (max-width: 300px) 100vw, 300px\" \/><\/a>Nei prossimi giorni sar\u00e0 la stragrande maggioranza dei pensionati a riceverla sul proprio conto corrente. Nel giro di qualche settimana verr\u00e0 poi erogata anche ai dipendenti privati e a quelli pubblici. Stiamo parlando della tredicesima mensilit\u00e0 che quest\u2019anno arriver\u00e0 nei portafogli di 2,9 milioni di veneti cos\u00ec suddivisi: a 1,2 milioni di pensionati e a quasi 1,7 milioni di dipendenti. L\u2019importo complessivo di queste gratifiche natalizie ammonter\u00e0 a 2,7 miliardi di euro, circa 300 milioni in meno rispetto alla somma pagata l\u2019anno scorso. A dirlo \u00e8 l\u2019Ufficio studi della CGIA. Afferma il coordinatore dell\u2019Ufficio studi Paolo Zabeo:<\/p>\n<p>\u201cIl Covid, purtroppo, ha alleggerito le tredicesime di tanti dipendenti del settore privato. Dall\u2019inizio dell\u2019emergenza, infatti, il ricorso alla cassa integrazione ha subito un\u2019impennata esponenziale. Questa situazione non ha consentito a tante persone di maturare il rateo mensile che definisce economicamente la gratifica, alleggerendone quindi l\u2019importo finale di circa 100 euro per ogni mese di indennit\u00e0 ricevuta. Con meno soldi a disposizione e tanta sfiducia che assilla le famiglie, gli acquisti di Natale rischiano di subire una contrazione fino al 20 per cento. Se l\u2019anno scorso la spesa complessiva nel Veneto \u00e8 stata di poco superiore a 1 miliardo di euro, quest\u2019anno potrebbe scendere attorno agli 800 milioni, una riduzione che rischia di penalizzare soprattutto le botteghe artigiane e i negozi di vicinato che faticano a reggere la concorrenza sempre pi\u00f9 spietata del commercio on line\u201d.<br \/>\nSe saranno circa 2,7 i miliardi di euro che attraverso la tredicesima arriveranno quest\u2019anno nelle tasche dei veneti, anche il fisco potr\u00e0 \u201cfesteggiare\u201d, visto che da questi pagamenti incasser\u00e0 ben 950 milioni di euro di ritenute Irpef (vedi Tab. 1).<\/p>\n<p><strong><a class=\"dt-pswp-item\" href=\"https:\/\/www.radiopiu.net\/wordpress\/wp-content\/uploads\/2020\/11\/Schermata-2020-11-28-alle-13.55.35.png\" data-dt-img-description=\"\" data-large_image_width=\"942\" data-large_image_height=\"1556\"><img loading=\"lazy\" decoding=\"async\" class=\"alignleft size-medium wp-image-175589\" src=\"https:\/\/www.radiopiu.net\/wordpress\/wp-content\/uploads\/2020\/11\/Schermata-2020-11-28-alle-13.55.35-182x300.png\" alt=\"\" width=\"182\" height=\"300\" srcset=\"https:\/\/www.radiopiu.net\/wordpress\/wp-content\/uploads\/2020\/11\/Schermata-2020-11-28-alle-13.55.35-182x300.png 182w, https:\/\/www.radiopiu.net\/wordpress\/wp-content\/uploads\/2020\/11\/Schermata-2020-11-28-alle-13.55.35-620x1024.png 620w, https:\/\/www.radiopiu.net\/wordpress\/wp-content\/uploads\/2020\/11\/Schermata-2020-11-28-alle-13.55.35-768x1269.png 768w, https:\/\/www.radiopiu.net\/wordpress\/wp-content\/uploads\/2020\/11\/Schermata-2020-11-28-alle-13.55.35-930x1536.png 930w, https:\/\/www.radiopiu.net\/wordpress\/wp-content\/uploads\/2020\/11\/Schermata-2020-11-28-alle-13.55.35.png 942w\" sizes=\"auto, (max-width: 182px) 100vw, 182px\" \/><\/a>Ormai siamo in deflazione<\/strong><br \/>\n\u201cCon l\u2019aumento dei risparmi privati e la caduta verticale dei consumi delle famiglie \u2013 segnala il Segretario Renato Mason &#8211; stiamo scivolando pericolosamente verso la deflazione. Dallo scorso mese di maggio, infatti, l\u2019indice dei prezzi al consumo \u00e8 pressocch\u00e9 negativo. La deflazione, ricordiamo, si manifesta attraverso una progressiva contrazione dei prezzi dei beni e dei servizi. Apparentemente la cosa pu\u00f2 sembrare positiva: se i prezzi scendono, i consumatori ci guadagnano. Nella realt\u00e0 le cose assumono una dimensione completamente diversa: nonostante i prezzi siano in calo, le famiglie non acquistano, poich\u00e9, a causa delle minori disponibilit\u00e0 economiche e delle aspettative negative, quel poco che viene venduto comporta, per i negozianti, margini di guadagno sempre pi\u00f9 contenuti. La merce invenduta innesca una situazione di difficolt\u00e0 per i commercianti, ma anche per le imprese manifatturiere che, a fronte delle mancate vendite, sono costrette a ridurre la produzione e in prospettiva anche l\u2019occupazione\u201d.<\/p>\n<p><strong>Lombardia, Lazio e Veneto le regioni pi\u00f9 interessate<\/strong><br \/>\nA livello territoriale la regione che presenta il pi\u00f9 alto numero di percettori della tredicesima mensilit\u00e0 \u00e8 la Lombardia: le persone interessate sono quasi 6,2 milioni. Seguono i 3 milioni e 287 mila residenti nel Lazio, i 2 milioni 956 mila domiciliati nel Veneto e i 2 milioni 821 mila presenti in Emilia Romagna. Le realt\u00e0 geografiche, invece, dove il numero dei beneficiari della gratifica natalizia \u00e8 pi\u00f9 contenuto sono il Friuli Venezia Giulia con 767 mila, il Trentino Alto Adige con 667 mila, l\u2019 Umbria con 532 mila persone, la Basilicata con 290 mila, in Molise con 160 mila e la Valle d\u2019Aosta con 77 mila (vedi Tab. 2).<\/p>\n<p><strong>Quando vengono pagate le tredicesime<\/strong><br \/>\nI pensionati, assieme al trattamento di dicembre, riceveranno la tredicesima marted\u00ec prossimo (1 dicembre). Da quest\u2019anno, causa Covid, per alcuni soggetti la mensilit\u00e0 aggiuntiva viene pagata in anticipo. Ai pensionati che non ricevono l\u2019accredito sul conto corrente, ad esempio, la gratifica natalizia \u00e8 stata corrisposta a partire da mercoled\u00ec scorso (25 novembre). Questa modalit\u00e0 \u00e8 stata decisa dall\u2019Inps e da Poste Italiane allo scopo di consentire a tutti i titolari delle prestazioni di recarsi presso gli uffici postali in piena sicurezza, nel rispetto delle misure di contenimento della diffusione del Coronavirus. Ai lavoratori dipendenti del settore privato il pagamento della mensilit\u00e0 aggiuntiva \u00e8 stabilito dal CCNL: tradizionalmente viene comunque erogata dal titolare dell\u2019impresa entro Natale. Ai dipendenti pubblici, infine, la tredicesima viene elaborata con il cedolino paga dell\u2019ultimo mese dell\u2019anno; abitualmente entrambi i versamenti vengono corrisposti attorno al 20 di dicembre.<\/p>\n","protected":false},"excerpt":{"rendered":"<p>Nei prossimi giorni sar\u00e0 la stragrande maggioranza dei pensionati a riceverla sul proprio conto corrente. Nel giro di qualche settimana verr\u00e0 poi erogata anche ai dipendenti privati e a quelli pubblici. Stiamo parlando della tredicesima mensilit\u00e0 che quest\u2019anno arriver\u00e0 nei portafogli di 2,9 milioni di veneti cos\u00ec suddivisi: a 1,2 milioni di pensionati e a&hellip;<\/p>\n","protected":false},"author":2,"featured_media":175587,"comment_status":"closed","ping_status":"closed","sticky":false,"template":"","format":"standard","meta":{"_monsterinsights_skip_tracking":false,"_monsterinsights_sitenote_active":false,"_monsterinsights_sitenote_note":"","_monsterinsights_sitenote_category":0,"footnotes":""},"categories":[49],"tags":[],"class_list":["post-175586","post","type-post","status-publish","format-standard","has-post-thumbnail","hentry","category-news-18","category-49","description-off"],"img_url":"https:\/\/www.radiopiu.net\/wordpress\/wp-content\/uploads\/2020\/11\/tasche.jpg","_links":{"self":[{"href":"https:\/\/www.radiopiu.net\/wordpress\/wp-json\/wp\/v2\/posts\/175586","targetHints":{"allow":["GET"]}}],"collection":[{"href":"https:\/\/www.radiopiu.net\/wordpress\/wp-json\/wp\/v2\/posts"}],"about":[{"href":"https:\/\/www.radiopiu.net\/wordpress\/wp-json\/wp\/v2\/types\/post"}],"author":[{"embeddable":true,"href":"https:\/\/www.radiopiu.net\/wordpress\/wp-json\/wp\/v2\/users\/2"}],"replies":[{"embeddable":true,"href":"https:\/\/www.radiopiu.net\/wordpress\/wp-json\/wp\/v2\/comments?post=175586"}],"version-history":[{"count":0,"href":"https:\/\/www.radiopiu.net\/wordpress\/wp-json\/wp\/v2\/posts\/175586\/revisions"}],"wp:featuredmedia":[{"embeddable":true,"href":"https:\/\/www.radiopiu.net\/wordpress\/wp-json\/wp\/v2\/media\/175587"}],"wp:attachment":[{"href":"https:\/\/www.radiopiu.net\/wordpress\/wp-json\/wp\/v2\/media?parent=175586"}],"wp:term":[{"taxonomy":"category","embeddable":true,"href":"https:\/\/www.radiopiu.net\/wordpress\/wp-json\/wp\/v2\/categories?post=175586"},{"taxonomy":"post_tag","embeddable":true,"href":"https:\/\/www.radiopiu.net\/wordpress\/wp-json\/wp\/v2\/tags?post=175586"}],"curies":[{"name":"wp","href":"https:\/\/api.w.org\/{rel}","templated":true}]}}