{"id":175722,"date":"2020-11-30T13:30:24","date_gmt":"2020-11-30T12:30:24","guid":{"rendered":"https:\/\/www.radiopiu.net\/wordpress\/?p=175722"},"modified":"2020-11-29T14:44:40","modified_gmt":"2020-11-29T13:44:40","slug":"i-racconti-di-paolo-soppelsa-cinquantunesima-puntata","status":"publish","type":"post","link":"https:\/\/www.radiopiu.net\/wordpress\/i-racconti-di-paolo-soppelsa-cinquantunesima-puntata\/","title":{"rendered":"I RACCONTI DI PAOLO SOPPELSA, CINQUANTUNESIMA PUNTATA"},"content":{"rendered":"<p><strong>CIAO MONTAGNE <\/strong><\/p>\n<p><em><strong>AUDIO<\/strong><\/em><\/p>\n<audio class=\"wp-audio-shortcode\" id=\"audio-175722-1\" preload=\"none\" style=\"width: 100%;\" controls=\"controls\"><source type=\"audio\/mpeg\" src=\"https:\/\/www.radiopiu.net\/wordpress\/wp-content\/uploads\/2020\/11\/PAOLO-SOPPELSA-CIAO-MONTAGNE.mp3?_=1\" \/><a href=\"https:\/\/www.radiopiu.net\/wordpress\/wp-content\/uploads\/2020\/11\/PAOLO-SOPPELSA-CIAO-MONTAGNE.mp3\">https:\/\/www.radiopiu.net\/wordpress\/wp-content\/uploads\/2020\/11\/PAOLO-SOPPELSA-CIAO-MONTAGNE.mp3<\/a><\/audio>\n<p>&nbsp;<\/p>\n<p><a href=\"https:\/\/www.radiopiu.net\/wordpress\/?attachment_id=175724\" rel=\"attachment wp-att-175724\"><img loading=\"lazy\" decoding=\"async\" class=\"size-medium wp-image-175724 alignleft\" src=\"https:\/\/www.radiopiu.net\/wordpress\/wp-content\/uploads\/2020\/11\/8a3b6b45-2550-4ab8-aeaf-1ad17542b8ab-300x225.jpg\" alt=\"\" width=\"300\" height=\"225\" srcset=\"https:\/\/www.radiopiu.net\/wordpress\/wp-content\/uploads\/2020\/11\/8a3b6b45-2550-4ab8-aeaf-1ad17542b8ab-300x225.jpg 300w, https:\/\/www.radiopiu.net\/wordpress\/wp-content\/uploads\/2020\/11\/8a3b6b45-2550-4ab8-aeaf-1ad17542b8ab-1024x768.jpg 1024w, https:\/\/www.radiopiu.net\/wordpress\/wp-content\/uploads\/2020\/11\/8a3b6b45-2550-4ab8-aeaf-1ad17542b8ab-768x576.jpg 768w, https:\/\/www.radiopiu.net\/wordpress\/wp-content\/uploads\/2020\/11\/8a3b6b45-2550-4ab8-aeaf-1ad17542b8ab-1536x1152.jpg 1536w, https:\/\/www.radiopiu.net\/wordpress\/wp-content\/uploads\/2020\/11\/8a3b6b45-2550-4ab8-aeaf-1ad17542b8ab.jpg 1600w\" sizes=\"auto, (max-width: 300px) 100vw, 300px\" \/><\/a>Il commiato domenicale dai monti ha dentro emozioni di sera imminente. Con il vento d&#8217;autunno che spira sulla Val Cordevole muovendo larici e pensieri. Ed \u00e8 in quei momenti di silenzio che nel complicato incastro della vita tutto ritorna al suo posto. Ricordi che si mescolano a presente e futuro mentre guardi il Pelsa immergersi nella sera. C&#8217;\u00e8 perfino la neve in alto, un p\u00f2 come un tempo quando, all&#8217;ora del tramonto, attendevo l&#8217;accendersi della luce della grande casa bianca di Colaz. C&#8217;erano i prati intorno a quell&#8217;enigma di casa silenziosa ed austera. Ora il bosco l&#8217;ha ingoiata, quasi a voler cancellare un passato che non si cancella. Ghisel \u00e8 ormai nell&#8217;ombra di un tardo pomeriggio di met\u00e0 novembre, ed ancora si rinnova l&#8217;antico mistero di quelle case battute dal vento. C&#8217;era trambusto di saluti e frusciare di &#8220;sportole&#8221; in quei commiati di allora. Raccomandazioni sempre uguali e &#8220;se vedon&#8221;. Con il calore della cucina economica che ancora riscaldava il corpo mentre accompagnavo pap\u00e0 &#8220;inte in te la val&#8221; a prendere la Ritmo. Poi era un accendersi di fanali e sentore &#8220;de menestra da dadi&#8221; imminente. Nei commiati moderni tutto ci\u00f2 non esiste pi\u00f9. Niente frusciare di &#8220;sportole&#8221; di naylon, niente ultimo sguardo verso quelle finestre illuminate dalle lampadine da 30 Watt. Niente &#8220;se vedon domenega&#8221;. Soltanto il silenzio di un autunno con la neve sulle cime. Ed in quei momenti le montagne mi riportano ancora una volta quelle voci che da troppo tempo sono diventate ricordi. Il correre della vita per qualche istante si ferma di fronte al Pelsa che si congeda dal giorno. E passato e presente si fondono regalando minuti di struggente delicatezza. Poi, come allora, ripercorro gli stessi passi, stavolta da solo. Ritorno ancora &#8220;inte in te la val&#8221; a prendere una macchina che, scherzi della vita, \u00e8 grigia proprio come la Ritmo. Un ultimo sguardo ai monti, poi salgo e metto in moto. Il piazzale oggi \u00e8 asfaltato e sono io a guidare. Non ci sono ragazzini sul sedile posteriore, non c&#8217;\u00e8 una moglie a fianco che trama di cucinare la &#8220;menestra da dadi&#8221;. Ci sono solo io con la mia libert\u00e0. A Cencenighe accendo un p\u00f2 il riscaldamento e metto un p\u00f2 di musica. Ormai i fari illuminano l&#8217;asfalto della 203 e mentre supero il ponte sul R\u00f9 da Cioit mi volto per un secondo per l&#8217;ultimo ciao alle mie montagne. Proprio come facevo allora\u2026Magiche Dolomiti!!<\/p>\n","protected":false},"excerpt":{"rendered":"<p>CIAO MONTAGNE AUDIO &nbsp; Il commiato domenicale dai monti ha dentro emozioni di sera imminente. Con il vento d&#8217;autunno che spira sulla Val Cordevole muovendo larici e pensieri. Ed \u00e8 in quei momenti di silenzio che nel complicato incastro della vita tutto ritorna al suo posto. Ricordi che si mescolano a presente e futuro mentre&hellip;<\/p>\n","protected":false},"author":4,"featured_media":175724,"comment_status":"closed","ping_status":"closed","sticky":false,"template":"","format":"standard","meta":{"_monsterinsights_skip_tracking":false,"_monsterinsights_sitenote_active":false,"_monsterinsights_sitenote_note":"","_monsterinsights_sitenote_category":0,"footnotes":""},"categories":[49,112],"tags":[],"class_list":["post-175722","post","type-post","status-publish","format-standard","has-post-thumbnail","hentry","category-news-18","category-racconti-soppelsa","category-49","category-112","description-off"],"img_url":"https:\/\/www.radiopiu.net\/wordpress\/wp-content\/uploads\/2020\/11\/8a3b6b45-2550-4ab8-aeaf-1ad17542b8ab.jpg","_links":{"self":[{"href":"https:\/\/www.radiopiu.net\/wordpress\/wp-json\/wp\/v2\/posts\/175722","targetHints":{"allow":["GET"]}}],"collection":[{"href":"https:\/\/www.radiopiu.net\/wordpress\/wp-json\/wp\/v2\/posts"}],"about":[{"href":"https:\/\/www.radiopiu.net\/wordpress\/wp-json\/wp\/v2\/types\/post"}],"author":[{"embeddable":true,"href":"https:\/\/www.radiopiu.net\/wordpress\/wp-json\/wp\/v2\/users\/4"}],"replies":[{"embeddable":true,"href":"https:\/\/www.radiopiu.net\/wordpress\/wp-json\/wp\/v2\/comments?post=175722"}],"version-history":[{"count":0,"href":"https:\/\/www.radiopiu.net\/wordpress\/wp-json\/wp\/v2\/posts\/175722\/revisions"}],"wp:featuredmedia":[{"embeddable":true,"href":"https:\/\/www.radiopiu.net\/wordpress\/wp-json\/wp\/v2\/media\/175724"}],"wp:attachment":[{"href":"https:\/\/www.radiopiu.net\/wordpress\/wp-json\/wp\/v2\/media?parent=175722"}],"wp:term":[{"taxonomy":"category","embeddable":true,"href":"https:\/\/www.radiopiu.net\/wordpress\/wp-json\/wp\/v2\/categories?post=175722"},{"taxonomy":"post_tag","embeddable":true,"href":"https:\/\/www.radiopiu.net\/wordpress\/wp-json\/wp\/v2\/tags?post=175722"}],"curies":[{"name":"wp","href":"https:\/\/api.w.org\/{rel}","templated":true}]}}