{"id":175737,"date":"2020-11-30T05:40:08","date_gmt":"2020-11-30T04:40:08","guid":{"rendered":"https:\/\/www.radiopiu.net\/wordpress\/?p=175737"},"modified":"2020-11-30T05:54:14","modified_gmt":"2020-11-30T04:54:14","slug":"giuseppe-dozzo-con-garibaldi-nel-cuore-il-personaggio-ricordato-da-pellegrinon","status":"publish","type":"post","link":"https:\/\/www.radiopiu.net\/wordpress\/giuseppe-dozzo-con-garibaldi-nel-cuore-il-personaggio-ricordato-da-pellegrinon\/","title":{"rendered":"GIUSEPPE DOZZO \u201cCON GARIBALDI NEL CUORE\u201d IL PERSONAGGIO RICORDATO DA PELLEGRINON"},"content":{"rendered":"<p><strong>di Renato Bona\u00a0<\/strong><\/p>\n<p>L\u2019impegnativa, di notevole qualit\u00e0, ed apprezzata pluriennale attivit\u00e0 editoriale del caro amico Bepi Pellegrinon ci ha regalato pubblicazioni sempre di grande interesse, sulle quali \u00e8 un autentico grande piacere soffermarsi. Per scoprire, apprendere, meditare su persone, luoghi e fatti in particolare della sua terra d\u2019origine ma non solo. Con queste premesse, abbiamo gi\u00e0 riferito in due occasioni, di \u201cQuando a Falcade la meridiana segnava il tempo\u201d, album d\u2019immagini edito nel 1982 dal Comune di Falcade (sindaco dell\u2019epoca Girolamo Serafini) col concorso di quella che all\u2019epoca era la Cassa di Risparmio di Verona, Vicenza e Belluno, in occasione della mostra fotografica \u201cFalcade com\u2019era \u2013 Estate 1982 e stampato dalla trevigiana litografia Antiga di Crocetta del Montello e dedicato dall\u2019autore \u201calla mia gente\u201d (con fotografie di Arturo Andreoletti, De Marchi, Eugenio Ganz, l\u2019Ispettore delle Poste di Vicenza e Belluno nel 1890 non meglio identificato, Giovanni Luciani, Giuseppe Pietrobelli, Vincenzo Piatti, Antonio Sanmarchi, Giovanni Battista Unterweger ed altri rimasti sconosciuti).<br \/>\nTorniamo ora su questo libro per riferire, sempre con Pellegrinon, di un autentico personaggio \u201cCon Garibaldi nel cuore\u201d (titolo del capitolo). Si tratta del garibaldino Giuseppe Dozzo che &#8211; lo spiega la didascalia che affianca la prima foto che \u00e8 stata selezionata, e datata 1918 \u2013 \u201cDall\u2019alto del suo \u2018monumento vivente\u2019 saluta le truppe italiane che liberano la Valle del Biois. Originario di Canizzano, un rione di Treviso, ove era nato nel 1841, aveva seguito l\u2019Eroe de i due mondi, partecipando, nel 1866, alla Battaglia di Monte Suello e alla presa del Forte dei Gligenti a Bezzecca\u201d.<br \/>\nLa seconda immagine proposta \u00e8 cos\u00ec commentata: \u201c1908. A Falcade, Dozzo era venuto come finanziere; si era trovato bene ed aveva deciso di stabilirvisi. Tipo curioso ed originale, il garibaldino suonava la fisarmonica, teneva spesso un gallo ammaestrato sulla spalla e girava con un sorcio imbalsamato sul berretto. Per questo era l\u2019idolo dei ragazzi che volentieri lo seguivano, soprattutto nella ricorrenza del 20 settembre quando per festeggiare l\u2019anniversario della presa di Porta Pia, saliva a S. Bastian dove, davanti alla Chiesa ed alla canonica cantava a squarciagola motivi della rivoluzione garibaldina\u201d.<br \/>\nEd eccoci alla terza fotografia: \u201c1914. Il garibaldino Dozzo in divisa con la moglie Uliana. Dapprima abitavano nella \u2018ciasa dei Terli\u2019 presso il Tabi\u00e0 dei Sandri, poi Dozzo acquist\u00f2 un\u2019abitazione poco sopra Col de Rif. Geniale e capace esercitava il mestiere di scalpellino-tagliapietra: molte delle lapidi del vecchio Cimitero di Falcade Alto sono opera sua. Quella dedicata alla moglie reca in altorilievo una porta socchiusa con la filosofica frase \u2018oggi a me, domani a te\u2019\u201d.<br \/>\nCos\u00ec la didascalia della quarta immagine: \u201c\u201d1916: Giuseppe Dozzo davanti al Tabi\u00e0 da Staol con il Comandante del Settore di S. Pellegrino Col. Peppino Garibaldi, nipote dell\u2019Eroe. Durante tutta la guerra fu concesso al garibaldino di usufruire gratuitamente del rancio militare\u201d.<br \/>\nL\u2019ultima foto delle cinque \u00e8 accompagnata da questa dicitura: \u201c1918-112 novembre. La Liberazione. Ragazzi di Falcade, guidati dal garibaldino Giuseppe Dozzo, recatisi alla Mora incontro alle truppe italiane. Si riconoscono: Annetta Serafini P\u00f2tola, Gelinda Ganz R\u00f3nz, Maria Girardi, Natalina Girardi, Caterina Murer Muss, Assunta Murer Muss, Sisto Serafini Duca, Lucia Serafini Schir\u00e0t, Scola Girolamo Lima, Elvira Ganz Vila, Albino Micheluzzi, Clara Micheluzzi Min\u00e8la, Ernesto Strim Z\u00e8gol, Arturo Serafini Comeli\u00e0n, Giulia Ganz dei Ceschi, Carmela Ganz dei Ceschi, Romolo Serafini Puza, il garibaldino Giuseppe Dozzo, Carmela Marcolin, Angelina Sechi Bel\u00f2ta, Lucia Ganz Broch\u00e9ta, Graziosa Murer dei Grandi, Bortolo Murer Col\u00e8t, Giuseppe Murer Col\u00e8t, Enrico Murer, Luigia Valt Mirola, Fritz Mattei, Giacometo Secchi Bel\u00f2t, Giacomo Serafini, Vittorio Strim Z\u00e8gol. Sulla finestra Ernesto Scola e Giulio Ganz\u201d.<br \/>\nVogliamo ricordare in chiusura che nella sua introduzione, Pellegrinon aveva concluso sostenendo che: \u201c\u2026 rivedere i luoghi, rivedere la gente, rivedere l\u2019ambiente, rivedere le situazioni che si sono verificate nel tempo addietro, non solo \u00e8 utile, ma porta a considerare con conforto che Falcade \u00e8 una terra giovane, \u00e8 una terra all\u2019inizio, \u00e8 una terra che potr\u00e0 certamente dimostrare la capacit\u00e0 ed il valore della propria gente e del proprio destino\u201d. E non a caso, dunque,\u201dQuando a Falcade la meridiana segnava il tempo\u201d lo ha, come detto, dedicato \u201calla mia gente\u201d!<br \/>\nResta da dire, succintamente, che Bepi Pellegrinon, alpinista accademico del Cai e storico dell\u2019alpinismo dolomitico, viene considerato &#8211; per dirla col sito <a href=\"https:\/\/l.facebook.com\/l.php?u=http%3A%2F%2Fzam.it%2Fbiografia%3Ffbclid%3DIwAR3ArlAexFQ926EdNj1b38wQsb8gG5prFgOnjpG4oJvpMAryloC5CUSPAwo&amp;h=AT3ncBG9IjHEVD7SOFMyrFA5mI9fq0tCkfQa1AH_LVClpaDWNqILuBmYAnkHPvWCnlKHlEixo235QjvdUJWrALuA_TrP1thiCF0Dbvu_akHBS4R22dlkSgIZUSjz6a_9e4q8DEsk\" target=\"_blank\" rel=\"nofollow noopener noreferrer\" data-lynx-mode=\"hover\">zam.it\/biografia<\/a> &#8211; una sorta di memoria storica delle Dolomiti, cui ha dedicato tutta la sua produzione letteraria\u201d. Si rammenta che ha fondato una piccola casa editrice, la Nuovi Sentieri, che si occupa di pubblicare opere soprattutto dedicate alle Dolomiti. Il nostro \u00e8 autore di opere letterarie che gli sono valse prestigiosi riconoscimenti.<\/p>\n\n\t\t\t<style type='text\/css'>\n\t\t\t\t#gallery-1 {\n\t\t\t\t\tmargin: auto;\n\t\t\t\t}\n\t\t\t\t#gallery-1 .gallery-item {\n\t\t\t\t\tfloat: left;\n\t\t\t\t\tmargin-top: 10px;\n\t\t\t\t\ttext-align: center;\n\t\t\t\t\twidth: 20%;\n\t\t\t\t}\n\t\t\t\t#gallery-1 img {\n\t\t\t\t\tborder: 2px solid #cfcfcf;\n\t\t\t\t}\n\t\t\t\t#gallery-1 .gallery-caption {\n\t\t\t\t\tmargin-left: 0;\n\t\t\t\t}\n\t\t\t\t\/* see gallery_shortcode() in wp-includes\/media.php *\/\n\t\t\t<\/style>\n\t\t<div id='gallery-1' class='dt-gallery-container gallery galleryid-175737 gallery-columns-5 gallery-size-thumbnail'><dl class='gallery-item'>\n\t\t\t\t<dt class='gallery-icon portrait'>\n\t\t\t\t\t<a class=\"rollover rollover-zoom dt-pswp-item\" title=\"128445482_162823255536253_8301971825798402371_n\" data-dt-img-description=\"\" data-large_image_width=\"1390\" data-large_image_height=\"2048\"href='https:\/\/www.radiopiu.net\/wordpress\/wp-content\/uploads\/2020\/11\/128445482_162823255536253_8301971825798402371_n-1.jpg'><img loading=\"lazy\" decoding=\"async\" width=\"150\" height=\"150\" src=\"https:\/\/www.radiopiu.net\/wordpress\/wp-content\/uploads\/2020\/11\/128445482_162823255536253_8301971825798402371_n-1-150x150.jpg\" class=\"attachment-thumbnail size-thumbnail\" alt=\"\" \/><\/a>\n\t\t\t\t<\/dt><\/dl><dl class='gallery-item'>\n\t\t\t\t<dt class='gallery-icon landscape'>\n\t\t\t\t\t<a class=\"rollover rollover-zoom dt-pswp-item\" title=\"128638607_1027970191035146_6904255396941993226_n\" data-dt-img-description=\"\" data-large_image_width=\"2048\" data-large_image_height=\"1302\"href='https:\/\/www.radiopiu.net\/wordpress\/wp-content\/uploads\/2020\/11\/128638607_1027970191035146_6904255396941993226_n.jpg'><img loading=\"lazy\" decoding=\"async\" width=\"150\" height=\"150\" src=\"https:\/\/www.radiopiu.net\/wordpress\/wp-content\/uploads\/2020\/11\/128638607_1027970191035146_6904255396941993226_n-150x150.jpg\" class=\"attachment-thumbnail size-thumbnail\" alt=\"\" \/><\/a>\n\t\t\t\t<\/dt><\/dl><dl class='gallery-item'>\n\t\t\t\t<dt class='gallery-icon portrait'>\n\t\t\t\t\t<a class=\"rollover rollover-zoom dt-pswp-item\" title=\"128512975_136480184613127_8436343485091985313_n\" data-dt-img-description=\"\" data-large_image_width=\"1416\" data-large_image_height=\"2048\"href='https:\/\/www.radiopiu.net\/wordpress\/wp-content\/uploads\/2020\/11\/128512975_136480184613127_8436343485091985313_n.jpg'><img loading=\"lazy\" decoding=\"async\" width=\"150\" height=\"150\" src=\"https:\/\/www.radiopiu.net\/wordpress\/wp-content\/uploads\/2020\/11\/128512975_136480184613127_8436343485091985313_n-150x150.jpg\" class=\"attachment-thumbnail size-thumbnail\" alt=\"\" \/><\/a>\n\t\t\t\t<\/dt><\/dl><dl class='gallery-item'>\n\t\t\t\t<dt class='gallery-icon portrait'>\n\t\t\t\t\t<a class=\"rollover rollover-zoom dt-pswp-item\" title=\"128360360_409051066804044_2426879620811048245_n\" data-dt-img-description=\"\" data-large_image_width=\"1374\" data-large_image_height=\"2048\"href='https:\/\/www.radiopiu.net\/wordpress\/wp-content\/uploads\/2020\/11\/128360360_409051066804044_2426879620811048245_n.jpg'><img loading=\"lazy\" decoding=\"async\" width=\"150\" height=\"150\" src=\"https:\/\/www.radiopiu.net\/wordpress\/wp-content\/uploads\/2020\/11\/128360360_409051066804044_2426879620811048245_n-150x150.jpg\" class=\"attachment-thumbnail size-thumbnail\" alt=\"\" \/><\/a>\n\t\t\t\t<\/dt><\/dl><dl class='gallery-item'>\n\t\t\t\t<dt class='gallery-icon landscape'>\n\t\t\t\t\t<a class=\"rollover rollover-zoom dt-pswp-item\" title=\"128804026_376234016988306_1332331808620892787_n\" data-dt-img-description=\"\" data-large_image_width=\"2048\" data-large_image_height=\"1348\"href='https:\/\/www.radiopiu.net\/wordpress\/wp-content\/uploads\/2020\/11\/128804026_376234016988306_1332331808620892787_n.jpg'><img loading=\"lazy\" decoding=\"async\" width=\"150\" height=\"150\" src=\"https:\/\/www.radiopiu.net\/wordpress\/wp-content\/uploads\/2020\/11\/128804026_376234016988306_1332331808620892787_n-150x150.jpg\" class=\"attachment-thumbnail size-thumbnail\" alt=\"\" \/><\/a>\n\t\t\t\t<\/dt><\/dl><br style=\"clear: both\" \/>\n\t\t\t<\/div>\n\n<p>&nbsp;<\/p>\n","protected":false},"excerpt":{"rendered":"<p>di Renato Bona\u00a0 L\u2019impegnativa, di notevole qualit\u00e0, ed apprezzata pluriennale attivit\u00e0 editoriale del caro amico Bepi Pellegrinon ci ha regalato pubblicazioni sempre di grande interesse, sulle quali \u00e8 un autentico grande piacere soffermarsi. Per scoprire, apprendere, meditare su persone, luoghi e fatti in particolare della sua terra d\u2019origine ma non solo. Con queste premesse, abbiamo&hellip;<\/p>\n","protected":false},"author":4,"featured_media":175738,"comment_status":"closed","ping_status":"closed","sticky":false,"template":"","format":"standard","meta":{"_monsterinsights_skip_tracking":false,"_monsterinsights_sitenote_active":false,"_monsterinsights_sitenote_note":"","_monsterinsights_sitenote_category":0,"footnotes":""},"categories":[49],"tags":[],"class_list":["post-175737","post","type-post","status-publish","format-standard","has-post-thumbnail","hentry","category-news-18","category-49","description-off"],"img_url":"https:\/\/www.radiopiu.net\/wordpress\/wp-content\/uploads\/2020\/11\/128445482_162823255536253_8301971825798402371_n.jpg","_links":{"self":[{"href":"https:\/\/www.radiopiu.net\/wordpress\/wp-json\/wp\/v2\/posts\/175737","targetHints":{"allow":["GET"]}}],"collection":[{"href":"https:\/\/www.radiopiu.net\/wordpress\/wp-json\/wp\/v2\/posts"}],"about":[{"href":"https:\/\/www.radiopiu.net\/wordpress\/wp-json\/wp\/v2\/types\/post"}],"author":[{"embeddable":true,"href":"https:\/\/www.radiopiu.net\/wordpress\/wp-json\/wp\/v2\/users\/4"}],"replies":[{"embeddable":true,"href":"https:\/\/www.radiopiu.net\/wordpress\/wp-json\/wp\/v2\/comments?post=175737"}],"version-history":[{"count":0,"href":"https:\/\/www.radiopiu.net\/wordpress\/wp-json\/wp\/v2\/posts\/175737\/revisions"}],"wp:featuredmedia":[{"embeddable":true,"href":"https:\/\/www.radiopiu.net\/wordpress\/wp-json\/wp\/v2\/media\/175738"}],"wp:attachment":[{"href":"https:\/\/www.radiopiu.net\/wordpress\/wp-json\/wp\/v2\/media?parent=175737"}],"wp:term":[{"taxonomy":"category","embeddable":true,"href":"https:\/\/www.radiopiu.net\/wordpress\/wp-json\/wp\/v2\/categories?post=175737"},{"taxonomy":"post_tag","embeddable":true,"href":"https:\/\/www.radiopiu.net\/wordpress\/wp-json\/wp\/v2\/tags?post=175737"}],"curies":[{"name":"wp","href":"https:\/\/api.w.org\/{rel}","templated":true}]}}